{"id":62035,"date":"2026-09-04T11:11:31","date_gmt":"2026-09-04T14:11:31","guid":{"rendered":"https:\/\/osepmendoza.com.ar\/web\/?p=62035"},"modified":"2026-09-04T11:11:31","modified_gmt":"2026-09-04T14:11:31","slug":"osep-palmira-celebro-la-semana-de-la-obstetricia-y-la-embarazada","status":"publish","type":"post","link":"https:\/\/osepmendoza.com.ar\/web\/osep-palmira-celebro-la-semana-de-la-obstetricia-y-la-embarazada\/","title":{"rendered":"OSEP Palmira celebr\u00f3 la Semana de la Obstetricia y la Embarazada"},"content":{"rendered":"<p align=\"justify\"><strong>Con un encuentro muy concurrido, el taller de Preparaci\u00f3n Integral para la Maternidad (PIM) de OSEP Palmira celebr\u00f3 la Semana en el marco del D\u00eda de la Obstetricia y la Embarazada, que se conmemora cada 31 de agosto en honor a San Ram\u00f3n Nonato. Del encuentro participaron embarazadas y j\u00f3venes madres, quienes compartieron sus testimonios y disfrutaron de una tarde de encuentro y celebraci\u00f3n.<\/strong><\/p>\n<p align=\"justify\">La jornada tuvo lugar esta semana en la Sede Territorial de Palmira, ubicada en 25 de Mayo 217, de General San Mart\u00edn, y cont\u00f3 con la participaci\u00f3n de la licenciada J\u00e9sica Carre\u00f1o y de todo el equipo que lleva adelante los encuentros.<\/p>\n<p align=\"justify\">En esta ocasi\u00f3n, el equipo de OSEP organiz\u00f3 distintas actividades de celebraci\u00f3n y espacios de intercambio de experiencias entre madres, embarazadas y familias que asisten o asistieron al espacio destinado al acompa\u00f1amiento durante el embarazo y el puerperio.<\/p>\n<p align=\"justify\">La actividad cont\u00f3 con una importante concurrencia de embarazadas y madres que han participado de las distintas clases y actividades. Durante el encuentro, recibieron recomendaciones y compartieron una merienda saludable. Adem\u00e1s, hubo entrega de obsequios y palabras de agradecimiento por parte del equipo del curso de preparto.<\/p>\n<p align=\"justify\">El Taller de Preparaci\u00f3n Integral para la Maternidad se lleva a cabo en forma gratuita todos los martes, a las 16, en la Subsede de OSEP Palmira.<\/p>\n<div id='gallery-1' class='gallery galleryid-62035 gallery-columns-2 gallery-size-full'><figure class='gallery-item'>\n\t\t\t<div class='gallery-icon landscape'>\n\t\t\t\t<a href='https:\/\/osepmendoza.com.ar\/web\/osep-palmira-celebro-la-semana-de-la-obstetricia-y-la-embarazada\/fotoa-55\/'><img loading=\"lazy\" decoding=\"async\" width=\"1212\" height=\"918\" src=\"https:\/\/osepmendoza.com.ar\/web\/wp-content\/uploads\/2026\/09\/fotoa-2.jpg\" class=\"attachment-full size-full\" alt=\"\" srcset=\"https:\/\/osepmendoza.com.ar\/web\/wp-content\/uploads\/2026\/09\/fotoa-2.jpg 1212w, https:\/\/osepmendoza.com.ar\/web\/wp-content\/uploads\/2026\/09\/fotoa-2-150x114.jpg 150w, https:\/\/osepmendoza.com.ar\/web\/wp-content\/uploads\/2026\/09\/fotoa-2-768x582.jpg 768w\" sizes=\"auto, (max-width: 1212px) 100vw, 1212px\" \/><\/a>\n\t\t\t<\/div><\/figure><figure class='gallery-item'>\n\t\t\t<div class='gallery-icon landscape'>\n\t\t\t\t<a href='https:\/\/osepmendoza.com.ar\/web\/osep-palmira-celebro-la-semana-de-la-obstetricia-y-la-embarazada\/fotob-51\/'><img loading=\"lazy\" decoding=\"async\" width=\"1280\" height=\"1100\" src=\"https:\/\/osepmendoza.com.ar\/web\/wp-content\/uploads\/2026\/09\/fotob-1.jpg\" class=\"attachment-full size-full\" alt=\"\" srcset=\"https:\/\/osepmendoza.com.ar\/web\/wp-content\/uploads\/2026\/09\/fotob-1.jpg 1280w, https:\/\/osepmendoza.com.ar\/web\/wp-content\/uploads\/2026\/09\/fotob-1-150x129.jpg 150w, https:\/\/osepmendoza.com.ar\/web\/wp-content\/uploads\/2026\/09\/fotob-1-768x660.jpg 768w\" sizes=\"auto, (max-width: 1280px) 100vw, 1280px\" \/><\/a>\n\t\t\t<\/div><\/figure><figure class='gallery-item'>\n\t\t\t<div class='gallery-icon portrait'>\n\t\t\t\t<a href='https:\/\/osepmendoza.com.ar\/web\/osep-palmira-celebro-la-semana-de-la-obstetricia-y-la-embarazada\/foto1-292\/'><img loading=\"lazy\" decoding=\"async\" width=\"720\" height=\"1280\" src=\"https:\/\/osepmendoza.com.ar\/web\/wp-content\/uploads\/2026\/09\/foto1-1.jpg\" class=\"attachment-full size-full\" alt=\"\" srcset=\"https:\/\/osepmendoza.com.ar\/web\/wp-content\/uploads\/2026\/09\/foto1-1.jpg 720w, https:\/\/osepmendoza.com.ar\/web\/wp-content\/uploads\/2026\/09\/foto1-1-84x150.jpg 84w\" sizes=\"auto, (max-width: 720px) 100vw, 720px\" \/><\/a>\n\t\t\t<\/div><\/figure><figure class='gallery-item'>\n\t\t\t<div class='gallery-icon portrait'>\n\t\t\t\t<a href='https:\/\/osepmendoza.com.ar\/web\/osep-palmira-celebro-la-semana-de-la-obstetricia-y-la-embarazada\/foto2-258\/'><img loading=\"lazy\" decoding=\"async\" width=\"720\" height=\"1280\" src=\"https:\/\/osepmendoza.com.ar\/web\/wp-content\/uploads\/2026\/09\/foto2-1.jpg\" class=\"attachment-full size-full\" alt=\"\" srcset=\"https:\/\/osepmendoza.com.ar\/web\/wp-content\/uploads\/2026\/09\/foto2-1.jpg 720w, https:\/\/osepmendoza.com.ar\/web\/wp-content\/uploads\/2026\/09\/foto2-1-84x150.jpg 84w\" sizes=\"auto, (max-width: 720px) 100vw, 720px\" \/><\/a>\n\t\t\t<\/div><\/figure><figure class='gallery-item'>\n\t\t\t<div class='gallery-icon portrait'>\n\t\t\t\t<a href='https:\/\/osepmendoza.com.ar\/web\/osep-palmira-celebro-la-semana-de-la-obstetricia-y-la-embarazada\/foto4-225\/'><img loading=\"lazy\" decoding=\"async\" width=\"720\" height=\"1280\" src=\"https:\/\/osepmendoza.com.ar\/web\/wp-content\/uploads\/2026\/09\/foto4-1.jpg\" class=\"attachment-full size-full\" alt=\"\" srcset=\"https:\/\/osepmendoza.com.ar\/web\/wp-content\/uploads\/2026\/09\/foto4-1.jpg 720w, https:\/\/osepmendoza.com.ar\/web\/wp-content\/uploads\/2026\/09\/foto4-1-84x150.jpg 84w\" sizes=\"auto, (max-width: 720px) 100vw, 720px\" \/><\/a>\n\t\t\t<\/div><\/figure><figure class='gallery-item'>\n\t\t\t<div class='gallery-icon portrait'>\n\t\t\t\t<a href='https:\/\/osepmendoza.com.ar\/web\/osep-palmira-celebro-la-semana-de-la-obstetricia-y-la-embarazada\/foto5-182\/'><img loading=\"lazy\" decoding=\"async\" width=\"720\" height=\"1280\" src=\"https:\/\/osepmendoza.com.ar\/web\/wp-content\/uploads\/2026\/09\/foto5-1.jpg\" class=\"attachment-full size-full\" alt=\"\" srcset=\"https:\/\/osepmendoza.com.ar\/web\/wp-content\/uploads\/2026\/09\/foto5-1.jpg 720w, https:\/\/osepmendoza.com.ar\/web\/wp-content\/uploads\/2026\/09\/foto5-1-84x150.jpg 84w\" sizes=\"auto, (max-width: 720px) 100vw, 720px\" \/><\/a>\n\t\t\t<\/div><\/figure><figure class='gallery-item'>\n\t\t\t<div class='gallery-icon portrait'>\n\t\t\t\t<a href='https:\/\/osepmendoza.com.ar\/web\/osep-palmira-celebro-la-semana-de-la-obstetricia-y-la-embarazada\/foto6-143\/'><img loading=\"lazy\" decoding=\"async\" width=\"720\" height=\"1280\" src=\"https:\/\/osepmendoza.com.ar\/web\/wp-content\/uploads\/2026\/09\/foto6-1.jpg\" class=\"attachment-full size-full\" alt=\"\" srcset=\"https:\/\/osepmendoza.com.ar\/web\/wp-content\/uploads\/2026\/09\/foto6-1.jpg 720w, https:\/\/osepmendoza.com.ar\/web\/wp-content\/uploads\/2026\/09\/foto6-1-84x150.jpg 84w\" sizes=\"auto, (max-width: 720px) 100vw, 720px\" \/><\/a>\n\t\t\t<\/div><\/figure><figure class='gallery-item'>\n\t\t\t<div class='gallery-icon portrait'>\n\t\t\t\t<a href='https:\/\/osepmendoza.com.ar\/web\/osep-palmira-celebro-la-semana-de-la-obstetricia-y-la-embarazada\/foto7-125\/'><img loading=\"lazy\" decoding=\"async\" width=\"720\" height=\"1280\" src=\"https:\/\/osepmendoza.com.ar\/web\/wp-content\/uploads\/2026\/09\/foto7-1.jpg\" class=\"attachment-full size-full\" alt=\"\" srcset=\"https:\/\/osepmendoza.com.ar\/web\/wp-content\/uploads\/2026\/09\/foto7-1.jpg 720w, https:\/\/osepmendoza.com.ar\/web\/wp-content\/uploads\/2026\/09\/foto7-1-84x150.jpg 84w\" sizes=\"auto, (max-width: 720px) 100vw, 720px\" \/><\/a>\n\t\t\t<\/div><\/figure><figure class='gallery-item'>\n\t\t\t<div class='gallery-icon portrait'>\n\t\t\t\t<a href='https:\/\/osepmendoza.com.ar\/web\/osep-palmira-celebro-la-semana-de-la-obstetricia-y-la-embarazada\/foto8-103\/'><img loading=\"lazy\" decoding=\"async\" width=\"720\" height=\"1280\" src=\"https:\/\/osepmendoza.com.ar\/web\/wp-content\/uploads\/2026\/09\/foto8-1.jpg\" class=\"attachment-full size-full\" alt=\"\" srcset=\"https:\/\/osepmendoza.com.ar\/web\/wp-content\/uploads\/2026\/09\/foto8-1.jpg 720w, https:\/\/osepmendoza.com.ar\/web\/wp-content\/uploads\/2026\/09\/foto8-1-84x150.jpg 84w\" sizes=\"auto, (max-width: 720px) 100vw, 720px\" \/><\/a>\n\t\t\t<\/div><\/figure><figure class='gallery-item'>\n\t\t\t<div class='gallery-icon portrait'>\n\t\t\t\t<a href='https:\/\/osepmendoza.com.ar\/web\/osep-palmira-celebro-la-semana-de-la-obstetricia-y-la-embarazada\/foto9-86\/'><img loading=\"lazy\" decoding=\"async\" width=\"689\" height=\"1280\" src=\"https:\/\/osepmendoza.com.ar\/web\/wp-content\/uploads\/2026\/09\/foto9-1.jpg\" class=\"attachment-full size-full\" alt=\"\" srcset=\"https:\/\/osepmendoza.com.ar\/web\/wp-content\/uploads\/2026\/09\/foto9-1.jpg 689w, https:\/\/osepmendoza.com.ar\/web\/wp-content\/uploads\/2026\/09\/foto9-1-81x150.jpg 81w\" sizes=\"auto, (max-width: 689px) 100vw, 689px\" \/><\/a>\n\t\t\t<\/div><\/figure><figure class='gallery-item'>\n\t\t\t<div class='gallery-icon landscape'>\n\t\t\t\t<a href='https:\/\/osepmendoza.com.ar\/web\/osep-palmira-celebro-la-semana-de-la-obstetricia-y-la-embarazada\/foto3-245\/'><img loading=\"lazy\" decoding=\"async\" width=\"1280\" height=\"720\" src=\"https:\/\/osepmendoza.com.ar\/web\/wp-content\/uploads\/2026\/09\/foto3-1.jpg\" class=\"attachment-full size-full\" alt=\"\" srcset=\"https:\/\/osepmendoza.com.ar\/web\/wp-content\/uploads\/2026\/09\/foto3-1.jpg 1280w, https:\/\/osepmendoza.com.ar\/web\/wp-content\/uploads\/2026\/09\/foto3-1-150x84.jpg 150w, https:\/\/osepmendoza.com.ar\/web\/wp-content\/uploads\/2026\/09\/foto3-1-768x432.jpg 768w, https:\/\/osepmendoza.com.ar\/web\/wp-content\/uploads\/2026\/09\/foto3-1-1200x675.jpg 1200w\" sizes=\"auto, (max-width: 1280px) 100vw, 1280px\" \/><\/a>\n\t\t\t<\/div><\/figure><figure class='gallery-item'>\n\t\t\t<div class='gallery-icon landscape'>\n\t\t\t\t<a href='https:\/\/osepmendoza.com.ar\/web\/osep-palmira-celebro-la-semana-de-la-obstetricia-y-la-embarazada\/fotoc-31\/'><img loading=\"lazy\" decoding=\"async\" width=\"1280\" height=\"916\" src=\"https:\/\/osepmendoza.com.ar\/web\/wp-content\/uploads\/2026\/09\/fotoc-1.jpg\" class=\"attachment-full size-full\" alt=\"\" srcset=\"https:\/\/osepmendoza.com.ar\/web\/wp-content\/uploads\/2026\/09\/fotoc-1.jpg 1280w, https:\/\/osepmendoza.com.ar\/web\/wp-content\/uploads\/2026\/09\/fotoc-1-150x107.jpg 150w, https:\/\/osepmendoza.com.ar\/web\/wp-content\/uploads\/2026\/09\/fotoc-1-768x550.jpg 768w\" sizes=\"auto, (max-width: 1280px) 100vw, 1280px\" \/><\/a>\n\t\t\t<\/div><\/figure>\n\t\t<\/div>\n\n<p align=\"justify\">\n","protected":false},"excerpt":{"rendered":"<p>Con un encuentro muy concurrido, el taller de Preparaci\u00f3n Integral&#8230;<\/p>\n","protected":false},"author":12,"featured_media":62036,"comment_status":"closed","ping_status":"open","sticky":false,"template":"","format":"standard","meta":{"_acf_changed":false,"inline_featured_image":false,"_exactmetrics_skip_tracking":false,"footnotes":"","_links_to":"","_links_to_target":""},"categories":[101],"tags":[2442,180,615,887,645,695],"class_list":["post-62035","post","type-post","status-publish","format-standard","has-post-thumbnail","hentry","category-noticias","tag-embarazada","tag-encuentro","tag-obstetricia","tag-palmira","tag-pim","tag-preparacion-integral-para-la-maternidad"],"acf":[],"yoast_head":"<!-- This site is optimized with the Yoast SEO plugin v28.4 - https:\/\/yoast.com\/product\/yoast-seo-wordpress\/ -->\n<title>OSEP Palmira celebr\u00f3 la Semana de la Obstetricia y la Embarazada - OSEP Mendoza<\/title>\n<meta name=\"robots\" content=\"index, follow, max-snippet:-1, max-image-preview:large, max-video-preview:-1\" \/>\n<link rel=\"canonical\" href=\"https:\/\/osepmendoza.com.ar\/web\/osep-palmira-celebro-la-semana-de-la-obstetricia-y-la-embarazada\/\" \/>\n<meta property=\"og:locale\" content=\"es_ES\" \/>\n<meta property=\"og:type\" content=\"article\" \/>\n<meta property=\"og:title\" content=\"OSEP Palmira celebr\u00f3 la Semana de la Obstetricia y la Embarazada - OSEP Mendoza\" \/>\n<meta property=\"og:description\" content=\"Con un encuentro muy concurrido, el taller de Preparaci\u00f3n Integral...\" \/>\n<meta property=\"og:url\" content=\"https:\/\/osepmendoza.com.ar\/web\/osep-palmira-celebro-la-semana-de-la-obstetricia-y-la-embarazada\/\" \/>\n<meta property=\"og:site_name\" content=\"OSEP Mendoza\" \/>\n<meta property=\"article:publisher\" content=\"https:\/\/www.facebook.com\/OSEP.MendozaArg\/\" \/>\n<meta property=\"article:published_time\" content=\"2026-09-04T14:11:31+00:00\" \/>\n<meta property=\"og:image\" content=\"https:\/\/osepmendoza.com.ar\/web\/wp-content\/uploads\/2026\/09\/foto0119.jpg\" \/>\n\t<meta property=\"og:image:width\" content=\"1200\" \/>\n\t<meta property=\"og:image:height\" content=\"438\" \/>\n\t<meta property=\"og:image:type\" content=\"image\/jpeg\" \/>\n<meta name=\"author\" content=\"Sebastian Fernandez\" \/>\n<meta name=\"twitter:card\" content=\"summary_large_image\" \/>\n<meta name=\"twitter:creator\" content=\"@OsepMza\" \/>\n<meta name=\"twitter:site\" content=\"@OsepMza\" \/>\n<meta name=\"twitter:label1\" content=\"Escrito por\" \/>\n\t<meta name=\"twitter:data1\" content=\"Sebastian Fernandez\" \/>\n\t<meta name=\"twitter:label2\" content=\"Tiempo de lectura\" \/>\n\t<meta name=\"twitter:data2\" content=\"2 minutos\" \/>\n<script type=\"application\/ld+json\" class=\"yoast-schema-graph\">{\"@context\":\"https:\\\/\\\/schema.org\",\"@graph\":[{\"@type\":\"Article\",\"@id\":\"https:\\\/\\\/osepmendoza.com.ar\\\/web\\\/osep-palmira-celebro-la-semana-de-la-obstetricia-y-la-embarazada\\\/#article\",\"isPartOf\":{\"@id\":\"https:\\\/\\\/osepmendoza.com.ar\\\/web\\\/osep-palmira-celebro-la-semana-de-la-obstetricia-y-la-embarazada\\\/\"},\"author\":{\"name\":\"Sebastian Fernandez\",\"@id\":\"https:\\\/\\\/osepmendoza.com.ar\\\/web\\\/#\\\/schema\\\/person\\\/90986df7128a51e32bb66102fc247eb2\"},\"headline\":\"OSEP Palmira celebr\u00f3 la Semana de la Obstetricia y la Embarazada\",\"datePublished\":\"2026-09-04T14:11:31+00:00\",\"mainEntityOfPage\":{\"@id\":\"https:\\\/\\\/osepmendoza.com.ar\\\/web\\\/osep-palmira-celebro-la-semana-de-la-obstetricia-y-la-embarazada\\\/\"},\"wordCount\":244,\"publisher\":{\"@id\":\"https:\\\/\\\/osepmendoza.com.ar\\\/web\\\/#organization\"},\"image\":{\"@id\":\"https:\\\/\\\/osepmendoza.com.ar\\\/web\\\/osep-palmira-celebro-la-semana-de-la-obstetricia-y-la-embarazada\\\/#primaryimage\"},\"thumbnailUrl\":\"https:\\\/\\\/osepmendoza.com.ar\\\/web\\\/wp-content\\\/uploads\\\/2026\\\/09\\\/foto0119.jpg\",\"keywords\":[\"embarazada\",\"encuentro\",\"obstetricia\",\"Palmira\",\"PIM\",\"preparaci\u00f3n integral para la maternidad\"],\"articleSection\":[\"Noticias\"],\"inLanguage\":\"es\"},{\"@type\":\"WebPage\",\"@id\":\"https:\\\/\\\/osepmendoza.com.ar\\\/web\\\/osep-palmira-celebro-la-semana-de-la-obstetricia-y-la-embarazada\\\/\",\"url\":\"https:\\\/\\\/osepmendoza.com.ar\\\/web\\\/osep-palmira-celebro-la-semana-de-la-obstetricia-y-la-embarazada\\\/\",\"name\":\"OSEP Palmira celebr\u00f3 la Semana de la Obstetricia y la Embarazada - OSEP Mendoza\",\"isPartOf\":{\"@id\":\"https:\\\/\\\/osepmendoza.com.ar\\\/web\\\/#website\"},\"primaryImageOfPage\":{\"@id\":\"https:\\\/\\\/osepmendoza.com.ar\\\/web\\\/osep-palmira-celebro-la-semana-de-la-obstetricia-y-la-embarazada\\\/#primaryimage\"},\"image\":{\"@id\":\"https:\\\/\\\/osepmendoza.com.ar\\\/web\\\/osep-palmira-celebro-la-semana-de-la-obstetricia-y-la-embarazada\\\/#primaryimage\"},\"thumbnailUrl\":\"https:\\\/\\\/osepmendoza.com.ar\\\/web\\\/wp-content\\\/uploads\\\/2026\\\/09\\\/foto0119.jpg\",\"datePublished\":\"2026-09-04T14:11:31+00:00\",\"breadcrumb\":{\"@id\":\"https:\\\/\\\/osepmendoza.com.ar\\\/web\\\/osep-palmira-celebro-la-semana-de-la-obstetricia-y-la-embarazada\\\/#breadcrumb\"},\"inLanguage\":\"es\",\"potentialAction\":[{\"@type\":\"ReadAction\",\"target\":[\"https:\\\/\\\/osepmendoza.com.ar\\\/web\\\/osep-palmira-celebro-la-semana-de-la-obstetricia-y-la-embarazada\\\/\"]}]},{\"@type\":\"ImageObject\",\"inLanguage\":\"es\",\"@id\":\"https:\\\/\\\/osepmendoza.com.ar\\\/web\\\/osep-palmira-celebro-la-semana-de-la-obstetricia-y-la-embarazada\\\/#primaryimage\",\"url\":\"https:\\\/\\\/osepmendoza.com.ar\\\/web\\\/wp-content\\\/uploads\\\/2026\\\/09\\\/foto0119.jpg\",\"contentUrl\":\"https:\\\/\\\/osepmendoza.com.ar\\\/web\\\/wp-content\\\/uploads\\\/2026\\\/09\\\/foto0119.jpg\",\"width\":1200,\"height\":438},{\"@type\":\"BreadcrumbList\",\"@id\":\"https:\\\/\\\/osepmendoza.com.ar\\\/web\\\/osep-palmira-celebro-la-semana-de-la-obstetricia-y-la-embarazada\\\/#breadcrumb\",\"itemListElement\":[{\"@type\":\"ListItem\",\"position\":1,\"name\":\"Portada\",\"item\":\"https:\\\/\\\/osepmendoza.com.ar\\\/web\\\/\"},{\"@type\":\"ListItem\",\"position\":2,\"name\":\"OSEP Palmira celebr\u00f3 la Semana de la Obstetricia y la Embarazada\"}]},{\"@type\":\"WebSite\",\"@id\":\"https:\\\/\\\/osepmendoza.com.ar\\\/web\\\/#website\",\"url\":\"https:\\\/\\\/osepmendoza.com.ar\\\/web\\\/\",\"name\":\"OSEP Mendoza\",\"description\":\"Obra Social de los Empleados P\u00fablicos de Mendoza\",\"publisher\":{\"@id\":\"https:\\\/\\\/osepmendoza.com.ar\\\/web\\\/#organization\"},\"potentialAction\":[{\"@type\":\"SearchAction\",\"target\":{\"@type\":\"EntryPoint\",\"urlTemplate\":\"https:\\\/\\\/osepmendoza.com.ar\\\/web\\\/?s={search_term_string}\"},\"query-input\":{\"@type\":\"PropertyValueSpecification\",\"valueRequired\":true,\"valueName\":\"search_term_string\"}}],\"inLanguage\":\"es\"},{\"@type\":\"Organization\",\"@id\":\"https:\\\/\\\/osepmendoza.com.ar\\\/web\\\/#organization\",\"name\":\"OSEP - Obra Social de Empleados P\u00fablicos de Mendoza\",\"url\":\"https:\\\/\\\/osepmendoza.com.ar\\\/web\\\/\",\"logo\":{\"@type\":\"ImageObject\",\"inLanguage\":\"es\",\"@id\":\"https:\\\/\\\/osepmendoza.com.ar\\\/web\\\/#\\\/schema\\\/logo\\\/image\\\/\",\"url\":\"https:\\\/\\\/osepmendoza.com.ar\\\/web\\\/wp-content\\\/uploads\\\/2020\\\/04\\\/lkTM9T9z.jpg\",\"contentUrl\":\"https:\\\/\\\/osepmendoza.com.ar\\\/web\\\/wp-content\\\/uploads\\\/2020\\\/04\\\/lkTM9T9z.jpg\",\"width\":334,\"height\":334,\"caption\":\"OSEP - Obra Social de Empleados P\u00fablicos de Mendoza\"},\"image\":{\"@id\":\"https:\\\/\\\/osepmendoza.com.ar\\\/web\\\/#\\\/schema\\\/logo\\\/image\\\/\"},\"sameAs\":[\"https:\\\/\\\/www.facebook.com\\\/OSEP.MendozaArg\\\/\",\"https:\\\/\\\/x.com\\\/OsepMza\",\"https:\\\/\\\/www.instagram.com\\\/osep.mendoza\\\/\",\"https:\\\/\\\/www.youtube.com\\\/user\\\/osepvideos\"]},{\"@type\":\"Person\",\"@id\":\"https:\\\/\\\/osepmendoza.com.ar\\\/web\\\/#\\\/schema\\\/person\\\/90986df7128a51e32bb66102fc247eb2\",\"name\":\"Sebastian Fernandez\",\"image\":{\"@type\":\"ImageObject\",\"inLanguage\":\"es\",\"@id\":\"https:\\\/\\\/secure.gravatar.com\\\/avatar\\\/cc42d53caabe846896e06ed8955a60e82b2b829babcb731f86f26c42378bcfec?s=96&d=mm&r=g\",\"url\":\"https:\\\/\\\/secure.gravatar.com\\\/avatar\\\/cc42d53caabe846896e06ed8955a60e82b2b829babcb731f86f26c42378bcfec?s=96&d=mm&r=g\",\"contentUrl\":\"https:\\\/\\\/secure.gravatar.com\\\/avatar\\\/cc42d53caabe846896e06ed8955a60e82b2b829babcb731f86f26c42378bcfec?s=96&d=mm&r=g\",\"caption\":\"Sebastian Fernandez\"},\"sameAs\":[\"http:\\\/\\\/osepmendoza.com.ar\\\/web\"]}]}<\/script>\n<!-- \/ Yoast SEO plugin. -->","yoast_head_json":{"title":"OSEP Palmira celebr\u00f3 la Semana de la Obstetricia y la Embarazada - OSEP Mendoza","robots":{"index":"index","follow":"follow","max-snippet":"max-snippet:-1","max-image-preview":"max-image-preview:large","max-video-preview":"max-video-preview:-1"},"canonical":"https:\/\/osepmendoza.com.ar\/web\/osep-palmira-celebro-la-semana-de-la-obstetricia-y-la-embarazada\/","og_locale":"es_ES","og_type":"article","og_title":"OSEP Palmira celebr\u00f3 la Semana de la Obstetricia y la Embarazada - OSEP Mendoza","og_description":"Con un encuentro muy concurrido, el taller de Preparaci\u00f3n Integral...","og_url":"https:\/\/osepmendoza.com.ar\/web\/osep-palmira-celebro-la-semana-de-la-obstetricia-y-la-embarazada\/","og_site_name":"OSEP Mendoza","article_publisher":"https:\/\/www.facebook.com\/OSEP.MendozaArg\/","article_published_time":"2026-09-04T14:11:31+00:00","og_image":[{"width":1200,"height":438,"url":"https:\/\/osepmendoza.com.ar\/web\/wp-content\/uploads\/2026\/09\/foto0119.jpg","type":"image\/jpeg"}],"author":"Sebastian Fernandez","twitter_card":"summary_large_image","twitter_creator":"@OsepMza","twitter_site":"@OsepMza","twitter_misc":{"Escrito por":"Sebastian Fernandez","Tiempo de lectura":"2 minutos"},"schema":{"@context":"https:\/\/schema.org","@graph":[{"@type":"Article","@id":"https:\/\/osepmendoza.com.ar\/web\/osep-palmira-celebro-la-semana-de-la-obstetricia-y-la-embarazada\/#article","isPartOf":{"@id":"https:\/\/osepmendoza.com.ar\/web\/osep-palmira-celebro-la-semana-de-la-obstetricia-y-la-embarazada\/"},"author":{"name":"Sebastian Fernandez","@id":"https:\/\/osepmendoza.com.ar\/web\/#\/schema\/person\/90986df7128a51e32bb66102fc247eb2"},"headline":"OSEP Palmira celebr\u00f3 la Semana de la Obstetricia y la Embarazada","datePublished":"2026-09-04T14:11:31+00:00","mainEntityOfPage":{"@id":"https:\/\/osepmendoza.com.ar\/web\/osep-palmira-celebro-la-semana-de-la-obstetricia-y-la-embarazada\/"},"wordCount":244,"publisher":{"@id":"https:\/\/osepmendoza.com.ar\/web\/#organization"},"image":{"@id":"https:\/\/osepmendoza.com.ar\/web\/osep-palmira-celebro-la-semana-de-la-obstetricia-y-la-embarazada\/#primaryimage"},"thumbnailUrl":"https:\/\/osepmendoza.com.ar\/web\/wp-content\/uploads\/2026\/09\/foto0119.jpg","keywords":["embarazada","encuentro","obstetricia","Palmira","PIM","preparaci\u00f3n integral para la maternidad"],"articleSection":["Noticias"],"inLanguage":"es"},{"@type":"WebPage","@id":"https:\/\/osepmendoza.com.ar\/web\/osep-palmira-celebro-la-semana-de-la-obstetricia-y-la-embarazada\/","url":"https:\/\/osepmendoza.com.ar\/web\/osep-palmira-celebro-la-semana-de-la-obstetricia-y-la-embarazada\/","name":"OSEP Palmira celebr\u00f3 la Semana de la Obstetricia y la Embarazada - OSEP Mendoza","isPartOf":{"@id":"https:\/\/osepmendoza.com.ar\/web\/#website"},"primaryImageOfPage":{"@id":"https:\/\/osepmendoza.com.ar\/web\/osep-palmira-celebro-la-semana-de-la-obstetricia-y-la-embarazada\/#primaryimage"},"image":{"@id":"https:\/\/osepmendoza.com.ar\/web\/osep-palmira-celebro-la-semana-de-la-obstetricia-y-la-embarazada\/#primaryimage"},"thumbnailUrl":"https:\/\/osepmendoza.com.ar\/web\/wp-content\/uploads\/2026\/09\/foto0119.jpg","datePublished":"2026-09-04T14:11:31+00:00","breadcrumb":{"@id":"https:\/\/osepmendoza.com.ar\/web\/osep-palmira-celebro-la-semana-de-la-obstetricia-y-la-embarazada\/#breadcrumb"},"inLanguage":"es","potentialAction":[{"@type":"ReadAction","target":["https:\/\/osepmendoza.com.ar\/web\/osep-palmira-celebro-la-semana-de-la-obstetricia-y-la-embarazada\/"]}]},{"@type":"ImageObject","inLanguage":"es","@id":"https:\/\/osepmendoza.com.ar\/web\/osep-palmira-celebro-la-semana-de-la-obstetricia-y-la-embarazada\/#primaryimage","url":"https:\/\/osepmendoza.com.ar\/web\/wp-content\/uploads\/2026\/09\/foto0119.jpg","contentUrl":"https:\/\/osepmendoza.com.ar\/web\/wp-content\/uploads\/2026\/09\/foto0119.jpg","width":1200,"height":438},{"@type":"BreadcrumbList","@id":"https:\/\/osepmendoza.com.ar\/web\/osep-palmira-celebro-la-semana-de-la-obstetricia-y-la-embarazada\/#breadcrumb","itemListElement":[{"@type":"ListItem","position":1,"name":"Portada","item":"https:\/\/osepmendoza.com.ar\/web\/"},{"@type":"ListItem","position":2,"name":"OSEP Palmira celebr\u00f3 la Semana de la Obstetricia y la Embarazada"}]},{"@type":"WebSite","@id":"https:\/\/osepmendoza.com.ar\/web\/#website","url":"https:\/\/osepmendoza.com.ar\/web\/","name":"OSEP Mendoza","description":"Obra Social de los Empleados P\u00fablicos de Mendoza","publisher":{"@id":"https:\/\/osepmendoza.com.ar\/web\/#organization"},"potentialAction":[{"@type":"SearchAction","target":{"@type":"EntryPoint","urlTemplate":"https:\/\/osepmendoza.com.ar\/web\/?s={search_term_string}"},"query-input":{"@type":"PropertyValueSpecification","valueRequired":true,"valueName":"search_term_string"}}],"inLanguage":"es"},{"@type":"Organization","@id":"https:\/\/osepmendoza.com.ar\/web\/#organization","name":"OSEP - Obra Social de Empleados P\u00fablicos de Mendoza","url":"https:\/\/osepmendoza.com.ar\/web\/","logo":{"@type":"ImageObject","inLanguage":"es","@id":"https:\/\/osepmendoza.com.ar\/web\/#\/schema\/logo\/image\/","url":"https:\/\/osepmendoza.com.ar\/web\/wp-content\/uploads\/2020\/04\/lkTM9T9z.jpg","contentUrl":"https:\/\/osepmendoza.com.ar\/web\/wp-content\/uploads\/2020\/04\/lkTM9T9z.jpg","width":334,"height":334,"caption":"OSEP - Obra Social de Empleados P\u00fablicos de Mendoza"},"image":{"@id":"https:\/\/osepmendoza.com.ar\/web\/#\/schema\/logo\/image\/"},"sameAs":["https:\/\/www.facebook.com\/OSEP.MendozaArg\/","https:\/\/x.com\/OsepMza","https:\/\/www.instagram.com\/osep.mendoza\/","https:\/\/www.youtube.com\/user\/osepvideos"]},{"@type":"Person","@id":"https:\/\/osepmendoza.com.ar\/web\/#\/schema\/person\/90986df7128a51e32bb66102fc247eb2","name":"Sebastian Fernandez","image":{"@type":"ImageObject","inLanguage":"es","@id":"https:\/\/secure.gravatar.com\/avatar\/cc42d53caabe846896e06ed8955a60e82b2b829babcb731f86f26c42378bcfec?s=96&d=mm&r=g","url":"https:\/\/secure.gravatar.com\/avatar\/cc42d53caabe846896e06ed8955a60e82b2b829babcb731f86f26c42378bcfec?s=96&d=mm&r=g","contentUrl":"https:\/\/secure.gravatar.com\/avatar\/cc42d53caabe846896e06ed8955a60e82b2b829babcb731f86f26c42378bcfec?s=96&d=mm&r=g","caption":"Sebastian Fernandez"},"sameAs":["http:\/\/osepmendoza.com.ar\/web"]}]}},"amp_enabled":true,"_links":{"self":[{"href":"https:\/\/osepmendoza.com.ar\/web\/wp-json\/wp\/v2\/posts\/62035","targetHints":{"allow":["GET"]}}],"collection":[{"href":"https:\/\/osepmendoza.com.ar\/web\/wp-json\/wp\/v2\/posts"}],"about":[{"href":"https:\/\/osepmendoza.com.ar\/web\/wp-json\/wp\/v2\/types\/post"}],"author":[{"embeddable":true,"href":"https:\/\/osepmendoza.com.ar\/web\/wp-json\/wp\/v2\/users\/12"}],"replies":[{"embeddable":true,"href":"https:\/\/osepmendoza.com.ar\/web\/wp-json\/wp\/v2\/comments?post=62035"}],"version-history":[{"count":2,"href":"https:\/\/osepmendoza.com.ar\/web\/wp-json\/wp\/v2\/posts\/62035\/revisions"}],"predecessor-version":[{"id":62050,"href":"https:\/\/osepmendoza.com.ar\/web\/wp-json\/wp\/v2\/posts\/62035\/revisions\/62050"}],"wp:featuredmedia":[{"embeddable":true,"href":"https:\/\/osepmendoza.com.ar\/web\/wp-json\/wp\/v2\/media\/62036"}],"wp:attachment":[{"href":"https:\/\/osepmendoza.com.ar\/web\/wp-json\/wp\/v2\/media?parent=62035"}],"wp:term":[{"taxonomy":"category","embeddable":true,"href":"https:\/\/osepmendoza.com.ar\/web\/wp-json\/wp\/v2\/categories?post=62035"},{"taxonomy":"post_tag","embeddable":true,"href":"https:\/\/osepmendoza.com.ar\/web\/wp-json\/wp\/v2\/tags?post=62035"}],"curies":[{"name":"wp","href":"https:\/\/api.w.org\/{rel}","templated":true}]}}