{"id":61962,"date":"2026-09-01T15:20:26","date_gmt":"2026-09-01T18:20:26","guid":{"rendered":"https:\/\/osepmendoza.com.ar\/web\/?p=61962"},"modified":"2026-09-01T15:20:43","modified_gmt":"2026-09-01T18:20:43","slug":"osep-avanza-con-los-simulacros-de-sismo-en-areas-administrativas-con-la-participacion-activa-de-los-afiliados","status":"publish","type":"post","link":"https:\/\/osepmendoza.com.ar\/web\/osep-avanza-con-los-simulacros-de-sismo-en-areas-administrativas-con-la-participacion-activa-de-los-afiliados\/","title":{"rendered":"OSEP avanza con los simulacros de sismo en \u00e1reas administrativas con la participaci\u00f3n activa de los afiliados"},"content":{"rendered":"<p><span style=\"font-family: Arial, sans-serif;\"><span style=\"font-size: medium;\"><b>En el marco del plan de prevenci\u00f3n de riesgos, la Obra Social continu\u00f3 hoy con las pr\u00e1cticas operativas en sectores estrat\u00e9gicos del Edificio Central. El cronograma proseguir\u00e1 de forma escalonada en hospitales, centros de atenci\u00f3n y Sedes de toda la provincia.<\/b><\/span><\/span><\/p>\n<p><span style=\"font-family: Arial, sans-serif;\"><span style=\"font-size: medium;\">Dando continuidad al cronograma de prevenci\u00f3n y seguridad coordinado por el Departamento de Higiene y Seguridad de OSEP, durante la jornada de hoy se realizaron exitosamente nuevos ejercicios de evacuaci\u00f3n parcial en dependencias clave de la Direcci\u00f3n General.<\/span><\/span><\/p>\n<p><span style=\"font-family: Arial, sans-serif;\"><span style=\"font-size: medium;\">En esta oportunidad, las actividades contaron con la participaci\u00f3n activa y coordinada del personal de los sectores de Ventanilla \u00danica, Planes Especiales, Abordaje Poblacional, Tesorer\u00eda, Reintegros e Infraestructura. Destacando tambi\u00e9n la participaci\u00f3n de los afiliados que se encontraban en las instalaciones.<\/span><\/span><\/p>\n<p><span style=\"font-family: Arial, sans-serif;\"><span style=\"font-size: medium;\">Gracias a la r\u00e1pida respuesta y excelente predisposici\u00f3n de todos los participantes, las pr\u00e1cticas permitieron evaluar en un escenario real los tiempos de respuesta, la fluidez en los recorridos hacia las zonas de seguridad y el cumplimiento de las v\u00edas de salida correspondientes en \u00e1reas de alta concurrencia diaria.<\/span><\/span><\/p>\n<h3 class=\"western\"><span style=\"font-family: Arial, sans-serif;\"><span style=\"font-size: medium;\">Extensi\u00f3n a efectores de salud y sedes territoriales<\/span><\/span><\/h3>\n<p><span style=\"font-family: Arial, sans-serif;\"><span style=\"font-size: medium;\">Desde el \u00e1rea de Higiene y Seguridad confirmaron que los ejercicios mantendr\u00e1n su din\u00e1mica progresiva a lo largo de las pr\u00f3ximas semanas, extendi\u00e9ndose a los hospitales de la obra social, centros m\u00e9dicos y sedes territoriales distribuidas en toda la provincia de Mendoza.<\/span><\/span><\/p>\n<p><span style=\"font-family: Arial, sans-serif;\"><span style=\"font-size: medium;\">El objetivo central es afianzar los protocolos ante emergencias, garantizar el conocimiento de los roles del personal brigadista y promover una cultura de la prevenci\u00f3n integral que resguarde tanto a los trabajadores de OSEP como a la comunidad de afiliados.<\/span><\/span><\/p>\n<p><span style=\"font-family: Arial, sans-serif;\"><span style=\"font-size: medium;\">Se recuerda a quienes concurran a las dependencias que, durante la ejecuci\u00f3n de estos ensayos, la atenci\u00f3n al p\u00fablico se interrumpe \u00fanicamente por unos pocos minutos para retomar las actividades habituales de manera inmediata.<\/span><\/span><\/p>\n<div id='gallery-1' class='gallery galleryid-61962 gallery-columns-2 gallery-size-full'><figure class='gallery-item'>\n\t\t\t<div class='gallery-icon portrait'>\n\t\t\t\t<a href='https:\/\/osepmendoza.com.ar\/web\/osep-avanza-con-los-simulacros-de-sismo-en-areas-administrativas-con-la-participacion-activa-de-los-afiliados\/whatsapp-image-2026-09-01-at-13-30-37\/'><img loading=\"lazy\" decoding=\"async\" width=\"1200\" height=\"1600\" src=\"https:\/\/osepmendoza.com.ar\/web\/wp-content\/uploads\/2026\/09\/WhatsApp-Image-2026-09-01-at-13.30.37.jpeg\" class=\"attachment-full size-full\" alt=\"\" srcset=\"https:\/\/osepmendoza.com.ar\/web\/wp-content\/uploads\/2026\/09\/WhatsApp-Image-2026-09-01-at-13.30.37.jpeg 1200w, https:\/\/osepmendoza.com.ar\/web\/wp-content\/uploads\/2026\/09\/WhatsApp-Image-2026-09-01-at-13.30.37-113x150.jpeg 113w, https:\/\/osepmendoza.com.ar\/web\/wp-content\/uploads\/2026\/09\/WhatsApp-Image-2026-09-01-at-13.30.37-768x1024.jpeg 768w, https:\/\/osepmendoza.com.ar\/web\/wp-content\/uploads\/2026\/09\/WhatsApp-Image-2026-09-01-at-13.30.37-1152x1536.jpeg 1152w\" sizes=\"auto, (max-width: 1200px) 100vw, 1200px\" \/><\/a>\n\t\t\t<\/div><\/figure><figure class='gallery-item'>\n\t\t\t<div class='gallery-icon portrait'>\n\t\t\t\t<a href='https:\/\/osepmendoza.com.ar\/web\/osep-avanza-con-los-simulacros-de-sismo-en-areas-administrativas-con-la-participacion-activa-de-los-afiliados\/whatsapp-image-2026-09-01-at-13-31-08\/'><img loading=\"lazy\" decoding=\"async\" width=\"1200\" height=\"1600\" src=\"https:\/\/osepmendoza.com.ar\/web\/wp-content\/uploads\/2026\/09\/WhatsApp-Image-2026-09-01-at-13.31.08.jpeg\" class=\"attachment-full size-full\" alt=\"\" srcset=\"https:\/\/osepmendoza.com.ar\/web\/wp-content\/uploads\/2026\/09\/WhatsApp-Image-2026-09-01-at-13.31.08.jpeg 1200w, https:\/\/osepmendoza.com.ar\/web\/wp-content\/uploads\/2026\/09\/WhatsApp-Image-2026-09-01-at-13.31.08-113x150.jpeg 113w, https:\/\/osepmendoza.com.ar\/web\/wp-content\/uploads\/2026\/09\/WhatsApp-Image-2026-09-01-at-13.31.08-768x1024.jpeg 768w, https:\/\/osepmendoza.com.ar\/web\/wp-content\/uploads\/2026\/09\/WhatsApp-Image-2026-09-01-at-13.31.08-1152x1536.jpeg 1152w\" sizes=\"auto, (max-width: 1200px) 100vw, 1200px\" \/><\/a>\n\t\t\t<\/div><\/figure><figure class='gallery-item'>\n\t\t\t<div class='gallery-icon portrait'>\n\t\t\t\t<a href='https:\/\/osepmendoza.com.ar\/web\/osep-avanza-con-los-simulacros-de-sismo-en-areas-administrativas-con-la-participacion-activa-de-los-afiliados\/whatsapp-image-2026-09-01-at-13-31-13\/'><img loading=\"lazy\" decoding=\"async\" width=\"1200\" height=\"1600\" src=\"https:\/\/osepmendoza.com.ar\/web\/wp-content\/uploads\/2026\/09\/WhatsApp-Image-2026-09-01-at-13.31.13.jpeg\" class=\"attachment-full size-full\" alt=\"\" srcset=\"https:\/\/osepmendoza.com.ar\/web\/wp-content\/uploads\/2026\/09\/WhatsApp-Image-2026-09-01-at-13.31.13.jpeg 1200w, https:\/\/osepmendoza.com.ar\/web\/wp-content\/uploads\/2026\/09\/WhatsApp-Image-2026-09-01-at-13.31.13-113x150.jpeg 113w, https:\/\/osepmendoza.com.ar\/web\/wp-content\/uploads\/2026\/09\/WhatsApp-Image-2026-09-01-at-13.31.13-768x1024.jpeg 768w, https:\/\/osepmendoza.com.ar\/web\/wp-content\/uploads\/2026\/09\/WhatsApp-Image-2026-09-01-at-13.31.13-1152x1536.jpeg 1152w\" sizes=\"auto, (max-width: 1200px) 100vw, 1200px\" \/><\/a>\n\t\t\t<\/div><\/figure><figure class='gallery-item'>\n\t\t\t<div class='gallery-icon portrait'>\n\t\t\t\t<a href='https:\/\/osepmendoza.com.ar\/web\/osep-avanza-con-los-simulacros-de-sismo-en-areas-administrativas-con-la-participacion-activa-de-los-afiliados\/whatsapp-image-2026-09-01-at-13-31-18\/'><img loading=\"lazy\" decoding=\"async\" width=\"1200\" height=\"1600\" src=\"https:\/\/osepmendoza.com.ar\/web\/wp-content\/uploads\/2026\/09\/WhatsApp-Image-2026-09-01-at-13.31.18.jpeg\" class=\"attachment-full size-full\" alt=\"\" srcset=\"https:\/\/osepmendoza.com.ar\/web\/wp-content\/uploads\/2026\/09\/WhatsApp-Image-2026-09-01-at-13.31.18.jpeg 1200w, https:\/\/osepmendoza.com.ar\/web\/wp-content\/uploads\/2026\/09\/WhatsApp-Image-2026-09-01-at-13.31.18-113x150.jpeg 113w, https:\/\/osepmendoza.com.ar\/web\/wp-content\/uploads\/2026\/09\/WhatsApp-Image-2026-09-01-at-13.31.18-768x1024.jpeg 768w, https:\/\/osepmendoza.com.ar\/web\/wp-content\/uploads\/2026\/09\/WhatsApp-Image-2026-09-01-at-13.31.18-1152x1536.jpeg 1152w\" sizes=\"auto, (max-width: 1200px) 100vw, 1200px\" \/><\/a>\n\t\t\t<\/div><\/figure><figure class='gallery-item'>\n\t\t\t<div class='gallery-icon portrait'>\n\t\t\t\t<a href='https:\/\/osepmendoza.com.ar\/web\/osep-avanza-con-los-simulacros-de-sismo-en-areas-administrativas-con-la-participacion-activa-de-los-afiliados\/whatsapp-image-2026-09-01-at-14-56-42-1-2\/'><img loading=\"lazy\" decoding=\"async\" width=\"655\" height=\"1600\" src=\"https:\/\/osepmendoza.com.ar\/web\/wp-content\/uploads\/2026\/09\/WhatsApp-Image-2026-09-01-at-14.56.42-1-1.jpeg\" class=\"attachment-full size-full\" alt=\"\" srcset=\"https:\/\/osepmendoza.com.ar\/web\/wp-content\/uploads\/2026\/09\/WhatsApp-Image-2026-09-01-at-14.56.42-1-1.jpeg 655w, https:\/\/osepmendoza.com.ar\/web\/wp-content\/uploads\/2026\/09\/WhatsApp-Image-2026-09-01-at-14.56.42-1-1-61x150.jpeg 61w, https:\/\/osepmendoza.com.ar\/web\/wp-content\/uploads\/2026\/09\/WhatsApp-Image-2026-09-01-at-14.56.42-1-1-629x1536.jpeg 629w\" sizes=\"auto, (max-width: 655px) 100vw, 655px\" \/><\/a>\n\t\t\t<\/div><\/figure><figure class='gallery-item'>\n\t\t\t<div class='gallery-icon portrait'>\n\t\t\t\t<a href='https:\/\/osepmendoza.com.ar\/web\/osep-avanza-con-los-simulacros-de-sismo-en-areas-administrativas-con-la-participacion-activa-de-los-afiliados\/whatsapp-image-2026-09-01-at-13-31-25\/'><img loading=\"lazy\" decoding=\"async\" width=\"1200\" height=\"1600\" src=\"https:\/\/osepmendoza.com.ar\/web\/wp-content\/uploads\/2026\/09\/WhatsApp-Image-2026-09-01-at-13.31.25.jpeg\" class=\"attachment-full size-full\" alt=\"\" srcset=\"https:\/\/osepmendoza.com.ar\/web\/wp-content\/uploads\/2026\/09\/WhatsApp-Image-2026-09-01-at-13.31.25.jpeg 1200w, https:\/\/osepmendoza.com.ar\/web\/wp-content\/uploads\/2026\/09\/WhatsApp-Image-2026-09-01-at-13.31.25-113x150.jpeg 113w, https:\/\/osepmendoza.com.ar\/web\/wp-content\/uploads\/2026\/09\/WhatsApp-Image-2026-09-01-at-13.31.25-768x1024.jpeg 768w, https:\/\/osepmendoza.com.ar\/web\/wp-content\/uploads\/2026\/09\/WhatsApp-Image-2026-09-01-at-13.31.25-1152x1536.jpeg 1152w\" sizes=\"auto, (max-width: 1200px) 100vw, 1200px\" \/><\/a>\n\t\t\t<\/div><\/figure><figure class='gallery-item'>\n\t\t\t<div class='gallery-icon portrait'>\n\t\t\t\t<a href='https:\/\/osepmendoza.com.ar\/web\/osep-avanza-con-los-simulacros-de-sismo-en-areas-administrativas-con-la-participacion-activa-de-los-afiliados\/whatsapp-image-2026-09-01-at-13-31-28\/'><img loading=\"lazy\" decoding=\"async\" width=\"1200\" height=\"1600\" src=\"https:\/\/osepmendoza.com.ar\/web\/wp-content\/uploads\/2026\/09\/WhatsApp-Image-2026-09-01-at-13.31.28.jpeg\" class=\"attachment-full size-full\" alt=\"\" srcset=\"https:\/\/osepmendoza.com.ar\/web\/wp-content\/uploads\/2026\/09\/WhatsApp-Image-2026-09-01-at-13.31.28.jpeg 1200w, https:\/\/osepmendoza.com.ar\/web\/wp-content\/uploads\/2026\/09\/WhatsApp-Image-2026-09-01-at-13.31.28-113x150.jpeg 113w, https:\/\/osepmendoza.com.ar\/web\/wp-content\/uploads\/2026\/09\/WhatsApp-Image-2026-09-01-at-13.31.28-768x1024.jpeg 768w, https:\/\/osepmendoza.com.ar\/web\/wp-content\/uploads\/2026\/09\/WhatsApp-Image-2026-09-01-at-13.31.28-1152x1536.jpeg 1152w\" sizes=\"auto, (max-width: 1200px) 100vw, 1200px\" \/><\/a>\n\t\t\t<\/div><\/figure><figure class='gallery-item'>\n\t\t\t<div class='gallery-icon portrait'>\n\t\t\t\t<a href='https:\/\/osepmendoza.com.ar\/web\/osep-avanza-con-los-simulacros-de-sismo-en-areas-administrativas-con-la-participacion-activa-de-los-afiliados\/whatsapp-image-2026-09-01-at-13-32-08\/'><img loading=\"lazy\" decoding=\"async\" width=\"1200\" height=\"1600\" src=\"https:\/\/osepmendoza.com.ar\/web\/wp-content\/uploads\/2026\/09\/WhatsApp-Image-2026-09-01-at-13.32.08.jpeg\" class=\"attachment-full size-full\" alt=\"\" srcset=\"https:\/\/osepmendoza.com.ar\/web\/wp-content\/uploads\/2026\/09\/WhatsApp-Image-2026-09-01-at-13.32.08.jpeg 1200w, https:\/\/osepmendoza.com.ar\/web\/wp-content\/uploads\/2026\/09\/WhatsApp-Image-2026-09-01-at-13.32.08-113x150.jpeg 113w, https:\/\/osepmendoza.com.ar\/web\/wp-content\/uploads\/2026\/09\/WhatsApp-Image-2026-09-01-at-13.32.08-768x1024.jpeg 768w, https:\/\/osepmendoza.com.ar\/web\/wp-content\/uploads\/2026\/09\/WhatsApp-Image-2026-09-01-at-13.32.08-1152x1536.jpeg 1152w\" sizes=\"auto, (max-width: 1200px) 100vw, 1200px\" \/><\/a>\n\t\t\t<\/div><\/figure><figure class='gallery-item'>\n\t\t\t<div class='gallery-icon portrait'>\n\t\t\t\t<a href='https:\/\/osepmendoza.com.ar\/web\/osep-avanza-con-los-simulacros-de-sismo-en-areas-administrativas-con-la-participacion-activa-de-los-afiliados\/whatsapp-image-2026-09-01-at-13-32-18\/'><img loading=\"lazy\" decoding=\"async\" width=\"1200\" height=\"1600\" src=\"https:\/\/osepmendoza.com.ar\/web\/wp-content\/uploads\/2026\/09\/WhatsApp-Image-2026-09-01-at-13.32.18.jpeg\" class=\"attachment-full size-full\" alt=\"\" srcset=\"https:\/\/osepmendoza.com.ar\/web\/wp-content\/uploads\/2026\/09\/WhatsApp-Image-2026-09-01-at-13.32.18.jpeg 1200w, https:\/\/osepmendoza.com.ar\/web\/wp-content\/uploads\/2026\/09\/WhatsApp-Image-2026-09-01-at-13.32.18-113x150.jpeg 113w, https:\/\/osepmendoza.com.ar\/web\/wp-content\/uploads\/2026\/09\/WhatsApp-Image-2026-09-01-at-13.32.18-768x1024.jpeg 768w, https:\/\/osepmendoza.com.ar\/web\/wp-content\/uploads\/2026\/09\/WhatsApp-Image-2026-09-01-at-13.32.18-1152x1536.jpeg 1152w\" sizes=\"auto, (max-width: 1200px) 100vw, 1200px\" \/><\/a>\n\t\t\t<\/div><\/figure><figure class='gallery-item'>\n\t\t\t<div class='gallery-icon portrait'>\n\t\t\t\t<a href='https:\/\/osepmendoza.com.ar\/web\/osep-avanza-con-los-simulacros-de-sismo-en-areas-administrativas-con-la-participacion-activa-de-los-afiliados\/whatsapp-image-2026-09-01-at-13-32-29\/'><img loading=\"lazy\" decoding=\"async\" width=\"1200\" height=\"1600\" src=\"https:\/\/osepmendoza.com.ar\/web\/wp-content\/uploads\/2026\/09\/WhatsApp-Image-2026-09-01-at-13.32.29.jpeg\" class=\"attachment-full size-full\" alt=\"\" srcset=\"https:\/\/osepmendoza.com.ar\/web\/wp-content\/uploads\/2026\/09\/WhatsApp-Image-2026-09-01-at-13.32.29.jpeg 1200w, https:\/\/osepmendoza.com.ar\/web\/wp-content\/uploads\/2026\/09\/WhatsApp-Image-2026-09-01-at-13.32.29-113x150.jpeg 113w, https:\/\/osepmendoza.com.ar\/web\/wp-content\/uploads\/2026\/09\/WhatsApp-Image-2026-09-01-at-13.32.29-768x1024.jpeg 768w, https:\/\/osepmendoza.com.ar\/web\/wp-content\/uploads\/2026\/09\/WhatsApp-Image-2026-09-01-at-13.32.29-1152x1536.jpeg 1152w\" sizes=\"auto, (max-width: 1200px) 100vw, 1200px\" \/><\/a>\n\t\t\t<\/div><\/figure><figure class='gallery-item'>\n\t\t\t<div class='gallery-icon portrait'>\n\t\t\t\t<a href='https:\/\/osepmendoza.com.ar\/web\/osep-avanza-con-los-simulacros-de-sismo-en-areas-administrativas-con-la-participacion-activa-de-los-afiliados\/whatsapp-image-2026-09-01-at-13-32-34\/'><img loading=\"lazy\" decoding=\"async\" width=\"1200\" height=\"1600\" src=\"https:\/\/osepmendoza.com.ar\/web\/wp-content\/uploads\/2026\/09\/WhatsApp-Image-2026-09-01-at-13.32.34.jpeg\" class=\"attachment-full size-full\" alt=\"\" srcset=\"https:\/\/osepmendoza.com.ar\/web\/wp-content\/uploads\/2026\/09\/WhatsApp-Image-2026-09-01-at-13.32.34.jpeg 1200w, https:\/\/osepmendoza.com.ar\/web\/wp-content\/uploads\/2026\/09\/WhatsApp-Image-2026-09-01-at-13.32.34-113x150.jpeg 113w, https:\/\/osepmendoza.com.ar\/web\/wp-content\/uploads\/2026\/09\/WhatsApp-Image-2026-09-01-at-13.32.34-768x1024.jpeg 768w, https:\/\/osepmendoza.com.ar\/web\/wp-content\/uploads\/2026\/09\/WhatsApp-Image-2026-09-01-at-13.32.34-1152x1536.jpeg 1152w\" sizes=\"auto, (max-width: 1200px) 100vw, 1200px\" \/><\/a>\n\t\t\t<\/div><\/figure><figure class='gallery-item'>\n\t\t\t<div class='gallery-icon portrait'>\n\t\t\t\t<a href='https:\/\/osepmendoza.com.ar\/web\/osep-avanza-con-los-simulacros-de-sismo-en-areas-administrativas-con-la-participacion-activa-de-los-afiliados\/whatsapp-image-2026-09-01-at-13-32-49\/'><img loading=\"lazy\" decoding=\"async\" width=\"1200\" height=\"1600\" src=\"https:\/\/osepmendoza.com.ar\/web\/wp-content\/uploads\/2026\/09\/WhatsApp-Image-2026-09-01-at-13.32.49.jpeg\" class=\"attachment-full size-full\" alt=\"\" srcset=\"https:\/\/osepmendoza.com.ar\/web\/wp-content\/uploads\/2026\/09\/WhatsApp-Image-2026-09-01-at-13.32.49.jpeg 1200w, https:\/\/osepmendoza.com.ar\/web\/wp-content\/uploads\/2026\/09\/WhatsApp-Image-2026-09-01-at-13.32.49-113x150.jpeg 113w, https:\/\/osepmendoza.com.ar\/web\/wp-content\/uploads\/2026\/09\/WhatsApp-Image-2026-09-01-at-13.32.49-768x1024.jpeg 768w, https:\/\/osepmendoza.com.ar\/web\/wp-content\/uploads\/2026\/09\/WhatsApp-Image-2026-09-01-at-13.32.49-1152x1536.jpeg 1152w\" sizes=\"auto, (max-width: 1200px) 100vw, 1200px\" \/><\/a>\n\t\t\t<\/div><\/figure><figure class='gallery-item'>\n\t\t\t<div class='gallery-icon portrait'>\n\t\t\t\t<a href='https:\/\/osepmendoza.com.ar\/web\/osep-avanza-con-los-simulacros-de-sismo-en-areas-administrativas-con-la-participacion-activa-de-los-afiliados\/whatsapp-image-2026-09-01-at-13-33-27\/'><img loading=\"lazy\" decoding=\"async\" width=\"1200\" height=\"1600\" src=\"https:\/\/osepmendoza.com.ar\/web\/wp-content\/uploads\/2026\/09\/WhatsApp-Image-2026-09-01-at-13.33.27.jpeg\" class=\"attachment-full size-full\" alt=\"\" srcset=\"https:\/\/osepmendoza.com.ar\/web\/wp-content\/uploads\/2026\/09\/WhatsApp-Image-2026-09-01-at-13.33.27.jpeg 1200w, https:\/\/osepmendoza.com.ar\/web\/wp-content\/uploads\/2026\/09\/WhatsApp-Image-2026-09-01-at-13.33.27-113x150.jpeg 113w, https:\/\/osepmendoza.com.ar\/web\/wp-content\/uploads\/2026\/09\/WhatsApp-Image-2026-09-01-at-13.33.27-768x1024.jpeg 768w, https:\/\/osepmendoza.com.ar\/web\/wp-content\/uploads\/2026\/09\/WhatsApp-Image-2026-09-01-at-13.33.27-1152x1536.jpeg 1152w\" sizes=\"auto, (max-width: 1200px) 100vw, 1200px\" \/><\/a>\n\t\t\t<\/div><\/figure><figure class='gallery-item'>\n\t\t\t<div class='gallery-icon landscape'>\n\t\t\t\t<a href='https:\/\/osepmendoza.com.ar\/web\/osep-avanza-con-los-simulacros-de-sismo-en-areas-administrativas-con-la-participacion-activa-de-los-afiliados\/whatsapp-image-2026-09-01-at-13-33-38\/'><img loading=\"lazy\" decoding=\"async\" width=\"1600\" height=\"1200\" src=\"https:\/\/osepmendoza.com.ar\/web\/wp-content\/uploads\/2026\/09\/WhatsApp-Image-2026-09-01-at-13.33.38.jpeg\" class=\"attachment-full size-full\" alt=\"\" srcset=\"https:\/\/osepmendoza.com.ar\/web\/wp-content\/uploads\/2026\/09\/WhatsApp-Image-2026-09-01-at-13.33.38.jpeg 1600w, https:\/\/osepmendoza.com.ar\/web\/wp-content\/uploads\/2026\/09\/WhatsApp-Image-2026-09-01-at-13.33.38-150x113.jpeg 150w, https:\/\/osepmendoza.com.ar\/web\/wp-content\/uploads\/2026\/09\/WhatsApp-Image-2026-09-01-at-13.33.38-768x576.jpeg 768w, https:\/\/osepmendoza.com.ar\/web\/wp-content\/uploads\/2026\/09\/WhatsApp-Image-2026-09-01-at-13.33.38-1536x1152.jpeg 1536w\" sizes=\"auto, (max-width: 1600px) 100vw, 1600px\" \/><\/a>\n\t\t\t<\/div><\/figure><figure class='gallery-item'>\n\t\t\t<div class='gallery-icon portrait'>\n\t\t\t\t<a href='https:\/\/osepmendoza.com.ar\/web\/osep-avanza-con-los-simulacros-de-sismo-en-areas-administrativas-con-la-participacion-activa-de-los-afiliados\/whatsapp-image-2026-09-01-at-13-33-50-1\/'><img loading=\"lazy\" decoding=\"async\" width=\"1200\" height=\"1600\" src=\"https:\/\/osepmendoza.com.ar\/web\/wp-content\/uploads\/2026\/09\/WhatsApp-Image-2026-09-01-at-13.33.50-1.jpeg\" class=\"attachment-full size-full\" alt=\"\" srcset=\"https:\/\/osepmendoza.com.ar\/web\/wp-content\/uploads\/2026\/09\/WhatsApp-Image-2026-09-01-at-13.33.50-1.jpeg 1200w, https:\/\/osepmendoza.com.ar\/web\/wp-content\/uploads\/2026\/09\/WhatsApp-Image-2026-09-01-at-13.33.50-1-113x150.jpeg 113w, https:\/\/osepmendoza.com.ar\/web\/wp-content\/uploads\/2026\/09\/WhatsApp-Image-2026-09-01-at-13.33.50-1-768x1024.jpeg 768w, https:\/\/osepmendoza.com.ar\/web\/wp-content\/uploads\/2026\/09\/WhatsApp-Image-2026-09-01-at-13.33.50-1-1152x1536.jpeg 1152w\" sizes=\"auto, (max-width: 1200px) 100vw, 1200px\" \/><\/a>\n\t\t\t<\/div><\/figure><figure class='gallery-item'>\n\t\t\t<div class='gallery-icon landscape'>\n\t\t\t\t<a href='https:\/\/osepmendoza.com.ar\/web\/osep-avanza-con-los-simulacros-de-sismo-en-areas-administrativas-con-la-participacion-activa-de-los-afiliados\/whatsapp-image-2026-09-01-at-13-34-02\/'><img loading=\"lazy\" decoding=\"async\" width=\"1600\" height=\"1200\" src=\"https:\/\/osepmendoza.com.ar\/web\/wp-content\/uploads\/2026\/09\/WhatsApp-Image-2026-09-01-at-13.34.02.jpeg\" class=\"attachment-full size-full\" alt=\"\" srcset=\"https:\/\/osepmendoza.com.ar\/web\/wp-content\/uploads\/2026\/09\/WhatsApp-Image-2026-09-01-at-13.34.02.jpeg 1600w, https:\/\/osepmendoza.com.ar\/web\/wp-content\/uploads\/2026\/09\/WhatsApp-Image-2026-09-01-at-13.34.02-150x113.jpeg 150w, https:\/\/osepmendoza.com.ar\/web\/wp-content\/uploads\/2026\/09\/WhatsApp-Image-2026-09-01-at-13.34.02-768x576.jpeg 768w, https:\/\/osepmendoza.com.ar\/web\/wp-content\/uploads\/2026\/09\/WhatsApp-Image-2026-09-01-at-13.34.02-1536x1152.jpeg 1536w\" sizes=\"auto, (max-width: 1600px) 100vw, 1600px\" \/><\/a>\n\t\t\t<\/div><\/figure><figure class='gallery-item'>\n\t\t\t<div class='gallery-icon portrait'>\n\t\t\t\t<a href='https:\/\/osepmendoza.com.ar\/web\/osep-avanza-con-los-simulacros-de-sismo-en-areas-administrativas-con-la-participacion-activa-de-los-afiliados\/whatsapp-image-2026-09-01-at-13-34-08-1\/'><img loading=\"lazy\" decoding=\"async\" width=\"1200\" height=\"1600\" src=\"https:\/\/osepmendoza.com.ar\/web\/wp-content\/uploads\/2026\/09\/WhatsApp-Image-2026-09-01-at-13.34.08-1.jpeg\" class=\"attachment-full size-full\" alt=\"\" srcset=\"https:\/\/osepmendoza.com.ar\/web\/wp-content\/uploads\/2026\/09\/WhatsApp-Image-2026-09-01-at-13.34.08-1.jpeg 1200w, https:\/\/osepmendoza.com.ar\/web\/wp-content\/uploads\/2026\/09\/WhatsApp-Image-2026-09-01-at-13.34.08-1-113x150.jpeg 113w, https:\/\/osepmendoza.com.ar\/web\/wp-content\/uploads\/2026\/09\/WhatsApp-Image-2026-09-01-at-13.34.08-1-768x1024.jpeg 768w, https:\/\/osepmendoza.com.ar\/web\/wp-content\/uploads\/2026\/09\/WhatsApp-Image-2026-09-01-at-13.34.08-1-1152x1536.jpeg 1152w\" sizes=\"auto, (max-width: 1200px) 100vw, 1200px\" \/><\/a>\n\t\t\t<\/div><\/figure>\n\t\t<\/div>\n\n<p>&nbsp;<\/p>\n","protected":false},"excerpt":{"rendered":"<p>En el marco del plan de prevenci\u00f3n de riesgos, la&#8230;<\/p>\n","protected":false},"author":11,"featured_media":62003,"comment_status":"closed","ping_status":"open","sticky":false,"template":"","format":"standard","meta":{"_acf_changed":false,"inline_featured_image":false,"_exactmetrics_skip_tracking":false,"footnotes":"","_links_to":"","_links_to_target":""},"categories":[1541],"tags":[759,112,113,2436],"class_list":["post-61962","post","type-post","status-publish","format-standard","has-post-thumbnail","hentry","category-osep","tag-afiliados","tag-osep","tag-prevencion","tag-sismo"],"acf":[],"yoast_head":"<!-- This site is optimized with the Yoast SEO plugin v28.4 - https:\/\/yoast.com\/product\/yoast-seo-wordpress\/ -->\n<title>OSEP avanza con los simulacros de sismo en \u00e1reas administrativas con la participaci\u00f3n activa de los afiliados - OSEP Mendoza<\/title>\n<meta name=\"robots\" content=\"index, follow, max-snippet:-1, max-image-preview:large, max-video-preview:-1\" \/>\n<link rel=\"canonical\" href=\"https:\/\/osepmendoza.com.ar\/web\/osep-avanza-con-los-simulacros-de-sismo-en-areas-administrativas-con-la-participacion-activa-de-los-afiliados\/\" \/>\n<meta property=\"og:locale\" content=\"es_ES\" \/>\n<meta property=\"og:type\" content=\"article\" \/>\n<meta property=\"og:title\" content=\"OSEP avanza con los simulacros de sismo en \u00e1reas administrativas con la participaci\u00f3n activa de los afiliados - OSEP Mendoza\" \/>\n<meta property=\"og:description\" content=\"En el marco del plan de prevenci\u00f3n de riesgos, la...\" \/>\n<meta property=\"og:url\" content=\"https:\/\/osepmendoza.com.ar\/web\/osep-avanza-con-los-simulacros-de-sismo-en-areas-administrativas-con-la-participacion-activa-de-los-afiliados\/\" \/>\n<meta property=\"og:site_name\" content=\"OSEP Mendoza\" \/>\n<meta property=\"article:publisher\" content=\"https:\/\/www.facebook.com\/OSEP.MendozaArg\/\" \/>\n<meta property=\"article:published_time\" content=\"2026-09-01T18:20:26+00:00\" \/>\n<meta property=\"article:modified_time\" content=\"2026-09-01T18:20:43+00:00\" \/>\n<meta property=\"og:image\" content=\"https:\/\/osepmendoza.com.ar\/web\/wp-content\/uploads\/2026\/09\/WhatsApp-Image-2026-09-01-at-13.34.02.jpg\" \/>\n\t<meta property=\"og:image:width\" content=\"1200\" \/>\n\t<meta property=\"og:image:height\" content=\"438\" \/>\n\t<meta property=\"og:image:type\" content=\"image\/jpeg\" \/>\n<meta name=\"author\" content=\"Ana Pereyra\" \/>\n<meta name=\"twitter:card\" content=\"summary_large_image\" \/>\n<meta name=\"twitter:creator\" content=\"@OsepMza\" \/>\n<meta name=\"twitter:site\" content=\"@OsepMza\" \/>\n<meta name=\"twitter:label1\" content=\"Escrito por\" \/>\n\t<meta name=\"twitter:data1\" content=\"Ana Pereyra\" \/>\n\t<meta name=\"twitter:label2\" content=\"Tiempo de lectura\" \/>\n\t<meta name=\"twitter:data2\" content=\"2 minutos\" \/>\n<script type=\"application\/ld+json\" class=\"yoast-schema-graph\">{\"@context\":\"https:\\\/\\\/schema.org\",\"@graph\":[{\"@type\":\"Article\",\"@id\":\"https:\\\/\\\/osepmendoza.com.ar\\\/web\\\/osep-avanza-con-los-simulacros-de-sismo-en-areas-administrativas-con-la-participacion-activa-de-los-afiliados\\\/#article\",\"isPartOf\":{\"@id\":\"https:\\\/\\\/osepmendoza.com.ar\\\/web\\\/osep-avanza-con-los-simulacros-de-sismo-en-areas-administrativas-con-la-participacion-activa-de-los-afiliados\\\/\"},\"author\":{\"name\":\"Ana Pereyra\",\"@id\":\"https:\\\/\\\/osepmendoza.com.ar\\\/web\\\/#\\\/schema\\\/person\\\/589af535ca62640386b991b5adb0b40a\"},\"headline\":\"OSEP avanza con los simulacros de sismo en \u00e1reas administrativas con la participaci\u00f3n activa de los afiliados\",\"datePublished\":\"2026-09-01T18:20:26+00:00\",\"dateModified\":\"2026-09-01T18:20:43+00:00\",\"mainEntityOfPage\":{\"@id\":\"https:\\\/\\\/osepmendoza.com.ar\\\/web\\\/osep-avanza-con-los-simulacros-de-sismo-en-areas-administrativas-con-la-participacion-activa-de-los-afiliados\\\/\"},\"wordCount\":342,\"publisher\":{\"@id\":\"https:\\\/\\\/osepmendoza.com.ar\\\/web\\\/#organization\"},\"image\":{\"@id\":\"https:\\\/\\\/osepmendoza.com.ar\\\/web\\\/osep-avanza-con-los-simulacros-de-sismo-en-areas-administrativas-con-la-participacion-activa-de-los-afiliados\\\/#primaryimage\"},\"thumbnailUrl\":\"https:\\\/\\\/osepmendoza.com.ar\\\/web\\\/wp-content\\\/uploads\\\/2026\\\/09\\\/WhatsApp-Image-2026-09-01-at-13.34.02.jpg\",\"keywords\":[\"afiliados\",\"osep\",\"prevenci\u00f3n\",\"sismo\"],\"articleSection\":[\"OSEP\"],\"inLanguage\":\"es\"},{\"@type\":\"WebPage\",\"@id\":\"https:\\\/\\\/osepmendoza.com.ar\\\/web\\\/osep-avanza-con-los-simulacros-de-sismo-en-areas-administrativas-con-la-participacion-activa-de-los-afiliados\\\/\",\"url\":\"https:\\\/\\\/osepmendoza.com.ar\\\/web\\\/osep-avanza-con-los-simulacros-de-sismo-en-areas-administrativas-con-la-participacion-activa-de-los-afiliados\\\/\",\"name\":\"OSEP avanza con los simulacros de sismo en \u00e1reas administrativas con la participaci\u00f3n activa de los afiliados - OSEP Mendoza\",\"isPartOf\":{\"@id\":\"https:\\\/\\\/osepmendoza.com.ar\\\/web\\\/#website\"},\"primaryImageOfPage\":{\"@id\":\"https:\\\/\\\/osepmendoza.com.ar\\\/web\\\/osep-avanza-con-los-simulacros-de-sismo-en-areas-administrativas-con-la-participacion-activa-de-los-afiliados\\\/#primaryimage\"},\"image\":{\"@id\":\"https:\\\/\\\/osepmendoza.com.ar\\\/web\\\/osep-avanza-con-los-simulacros-de-sismo-en-areas-administrativas-con-la-participacion-activa-de-los-afiliados\\\/#primaryimage\"},\"thumbnailUrl\":\"https:\\\/\\\/osepmendoza.com.ar\\\/web\\\/wp-content\\\/uploads\\\/2026\\\/09\\\/WhatsApp-Image-2026-09-01-at-13.34.02.jpg\",\"datePublished\":\"2026-09-01T18:20:26+00:00\",\"dateModified\":\"2026-09-01T18:20:43+00:00\",\"breadcrumb\":{\"@id\":\"https:\\\/\\\/osepmendoza.com.ar\\\/web\\\/osep-avanza-con-los-simulacros-de-sismo-en-areas-administrativas-con-la-participacion-activa-de-los-afiliados\\\/#breadcrumb\"},\"inLanguage\":\"es\",\"potentialAction\":[{\"@type\":\"ReadAction\",\"target\":[\"https:\\\/\\\/osepmendoza.com.ar\\\/web\\\/osep-avanza-con-los-simulacros-de-sismo-en-areas-administrativas-con-la-participacion-activa-de-los-afiliados\\\/\"]}]},{\"@type\":\"ImageObject\",\"inLanguage\":\"es\",\"@id\":\"https:\\\/\\\/osepmendoza.com.ar\\\/web\\\/osep-avanza-con-los-simulacros-de-sismo-en-areas-administrativas-con-la-participacion-activa-de-los-afiliados\\\/#primaryimage\",\"url\":\"https:\\\/\\\/osepmendoza.com.ar\\\/web\\\/wp-content\\\/uploads\\\/2026\\\/09\\\/WhatsApp-Image-2026-09-01-at-13.34.02.jpg\",\"contentUrl\":\"https:\\\/\\\/osepmendoza.com.ar\\\/web\\\/wp-content\\\/uploads\\\/2026\\\/09\\\/WhatsApp-Image-2026-09-01-at-13.34.02.jpg\",\"width\":1200,\"height\":438},{\"@type\":\"BreadcrumbList\",\"@id\":\"https:\\\/\\\/osepmendoza.com.ar\\\/web\\\/osep-avanza-con-los-simulacros-de-sismo-en-areas-administrativas-con-la-participacion-activa-de-los-afiliados\\\/#breadcrumb\",\"itemListElement\":[{\"@type\":\"ListItem\",\"position\":1,\"name\":\"Portada\",\"item\":\"https:\\\/\\\/osepmendoza.com.ar\\\/web\\\/\"},{\"@type\":\"ListItem\",\"position\":2,\"name\":\"OSEP avanza con los simulacros de sismo en \u00e1reas administrativas con la participaci\u00f3n activa de los afiliados\"}]},{\"@type\":\"WebSite\",\"@id\":\"https:\\\/\\\/osepmendoza.com.ar\\\/web\\\/#website\",\"url\":\"https:\\\/\\\/osepmendoza.com.ar\\\/web\\\/\",\"name\":\"OSEP Mendoza\",\"description\":\"Obra Social de los Empleados P\u00fablicos de Mendoza\",\"publisher\":{\"@id\":\"https:\\\/\\\/osepmendoza.com.ar\\\/web\\\/#organization\"},\"potentialAction\":[{\"@type\":\"SearchAction\",\"target\":{\"@type\":\"EntryPoint\",\"urlTemplate\":\"https:\\\/\\\/osepmendoza.com.ar\\\/web\\\/?s={search_term_string}\"},\"query-input\":{\"@type\":\"PropertyValueSpecification\",\"valueRequired\":true,\"valueName\":\"search_term_string\"}}],\"inLanguage\":\"es\"},{\"@type\":\"Organization\",\"@id\":\"https:\\\/\\\/osepmendoza.com.ar\\\/web\\\/#organization\",\"name\":\"OSEP - Obra Social de Empleados P\u00fablicos de Mendoza\",\"url\":\"https:\\\/\\\/osepmendoza.com.ar\\\/web\\\/\",\"logo\":{\"@type\":\"ImageObject\",\"inLanguage\":\"es\",\"@id\":\"https:\\\/\\\/osepmendoza.com.ar\\\/web\\\/#\\\/schema\\\/logo\\\/image\\\/\",\"url\":\"https:\\\/\\\/osepmendoza.com.ar\\\/web\\\/wp-content\\\/uploads\\\/2020\\\/04\\\/lkTM9T9z.jpg\",\"contentUrl\":\"https:\\\/\\\/osepmendoza.com.ar\\\/web\\\/wp-content\\\/uploads\\\/2020\\\/04\\\/lkTM9T9z.jpg\",\"width\":334,\"height\":334,\"caption\":\"OSEP - Obra Social de Empleados P\u00fablicos de Mendoza\"},\"image\":{\"@id\":\"https:\\\/\\\/osepmendoza.com.ar\\\/web\\\/#\\\/schema\\\/logo\\\/image\\\/\"},\"sameAs\":[\"https:\\\/\\\/www.facebook.com\\\/OSEP.MendozaArg\\\/\",\"https:\\\/\\\/x.com\\\/OsepMza\",\"https:\\\/\\\/www.instagram.com\\\/osep.mendoza\\\/\",\"https:\\\/\\\/www.youtube.com\\\/user\\\/osepvideos\"]},{\"@type\":\"Person\",\"@id\":\"https:\\\/\\\/osepmendoza.com.ar\\\/web\\\/#\\\/schema\\\/person\\\/589af535ca62640386b991b5adb0b40a\",\"name\":\"Ana Pereyra\",\"image\":{\"@type\":\"ImageObject\",\"inLanguage\":\"es\",\"@id\":\"https:\\\/\\\/secure.gravatar.com\\\/avatar\\\/3529dfb99a65d0433c0142c465656bf9d7ecfc80049608f1e685d8aeab2efa92?s=96&d=mm&r=g\",\"url\":\"https:\\\/\\\/secure.gravatar.com\\\/avatar\\\/3529dfb99a65d0433c0142c465656bf9d7ecfc80049608f1e685d8aeab2efa92?s=96&d=mm&r=g\",\"contentUrl\":\"https:\\\/\\\/secure.gravatar.com\\\/avatar\\\/3529dfb99a65d0433c0142c465656bf9d7ecfc80049608f1e685d8aeab2efa92?s=96&d=mm&r=g\",\"caption\":\"Ana Pereyra\"},\"sameAs\":[\"http:\\\/\\\/osepmendoza.com.ar\\\/web\"]}]}<\/script>\n<!-- \/ Yoast SEO plugin. -->","yoast_head_json":{"title":"OSEP avanza con los simulacros de sismo en \u00e1reas administrativas con la participaci\u00f3n activa de los afiliados - OSEP Mendoza","robots":{"index":"index","follow":"follow","max-snippet":"max-snippet:-1","max-image-preview":"max-image-preview:large","max-video-preview":"max-video-preview:-1"},"canonical":"https:\/\/osepmendoza.com.ar\/web\/osep-avanza-con-los-simulacros-de-sismo-en-areas-administrativas-con-la-participacion-activa-de-los-afiliados\/","og_locale":"es_ES","og_type":"article","og_title":"OSEP avanza con los simulacros de sismo en \u00e1reas administrativas con la participaci\u00f3n activa de los afiliados - OSEP Mendoza","og_description":"En el marco del plan de prevenci\u00f3n de riesgos, la...","og_url":"https:\/\/osepmendoza.com.ar\/web\/osep-avanza-con-los-simulacros-de-sismo-en-areas-administrativas-con-la-participacion-activa-de-los-afiliados\/","og_site_name":"OSEP Mendoza","article_publisher":"https:\/\/www.facebook.com\/OSEP.MendozaArg\/","article_published_time":"2026-09-01T18:20:26+00:00","article_modified_time":"2026-09-01T18:20:43+00:00","og_image":[{"width":1200,"height":438,"url":"https:\/\/osepmendoza.com.ar\/web\/wp-content\/uploads\/2026\/09\/WhatsApp-Image-2026-09-01-at-13.34.02.jpg","type":"image\/jpeg"}],"author":"Ana Pereyra","twitter_card":"summary_large_image","twitter_creator":"@OsepMza","twitter_site":"@OsepMza","twitter_misc":{"Escrito por":"Ana Pereyra","Tiempo de lectura":"2 minutos"},"schema":{"@context":"https:\/\/schema.org","@graph":[{"@type":"Article","@id":"https:\/\/osepmendoza.com.ar\/web\/osep-avanza-con-los-simulacros-de-sismo-en-areas-administrativas-con-la-participacion-activa-de-los-afiliados\/#article","isPartOf":{"@id":"https:\/\/osepmendoza.com.ar\/web\/osep-avanza-con-los-simulacros-de-sismo-en-areas-administrativas-con-la-participacion-activa-de-los-afiliados\/"},"author":{"name":"Ana Pereyra","@id":"https:\/\/osepmendoza.com.ar\/web\/#\/schema\/person\/589af535ca62640386b991b5adb0b40a"},"headline":"OSEP avanza con los simulacros de sismo en \u00e1reas administrativas con la participaci\u00f3n activa de los afiliados","datePublished":"2026-09-01T18:20:26+00:00","dateModified":"2026-09-01T18:20:43+00:00","mainEntityOfPage":{"@id":"https:\/\/osepmendoza.com.ar\/web\/osep-avanza-con-los-simulacros-de-sismo-en-areas-administrativas-con-la-participacion-activa-de-los-afiliados\/"},"wordCount":342,"publisher":{"@id":"https:\/\/osepmendoza.com.ar\/web\/#organization"},"image":{"@id":"https:\/\/osepmendoza.com.ar\/web\/osep-avanza-con-los-simulacros-de-sismo-en-areas-administrativas-con-la-participacion-activa-de-los-afiliados\/#primaryimage"},"thumbnailUrl":"https:\/\/osepmendoza.com.ar\/web\/wp-content\/uploads\/2026\/09\/WhatsApp-Image-2026-09-01-at-13.34.02.jpg","keywords":["afiliados","osep","prevenci\u00f3n","sismo"],"articleSection":["OSEP"],"inLanguage":"es"},{"@type":"WebPage","@id":"https:\/\/osepmendoza.com.ar\/web\/osep-avanza-con-los-simulacros-de-sismo-en-areas-administrativas-con-la-participacion-activa-de-los-afiliados\/","url":"https:\/\/osepmendoza.com.ar\/web\/osep-avanza-con-los-simulacros-de-sismo-en-areas-administrativas-con-la-participacion-activa-de-los-afiliados\/","name":"OSEP avanza con los simulacros de sismo en \u00e1reas administrativas con la participaci\u00f3n activa de los afiliados - OSEP Mendoza","isPartOf":{"@id":"https:\/\/osepmendoza.com.ar\/web\/#website"},"primaryImageOfPage":{"@id":"https:\/\/osepmendoza.com.ar\/web\/osep-avanza-con-los-simulacros-de-sismo-en-areas-administrativas-con-la-participacion-activa-de-los-afiliados\/#primaryimage"},"image":{"@id":"https:\/\/osepmendoza.com.ar\/web\/osep-avanza-con-los-simulacros-de-sismo-en-areas-administrativas-con-la-participacion-activa-de-los-afiliados\/#primaryimage"},"thumbnailUrl":"https:\/\/osepmendoza.com.ar\/web\/wp-content\/uploads\/2026\/09\/WhatsApp-Image-2026-09-01-at-13.34.02.jpg","datePublished":"2026-09-01T18:20:26+00:00","dateModified":"2026-09-01T18:20:43+00:00","breadcrumb":{"@id":"https:\/\/osepmendoza.com.ar\/web\/osep-avanza-con-los-simulacros-de-sismo-en-areas-administrativas-con-la-participacion-activa-de-los-afiliados\/#breadcrumb"},"inLanguage":"es","potentialAction":[{"@type":"ReadAction","target":["https:\/\/osepmendoza.com.ar\/web\/osep-avanza-con-los-simulacros-de-sismo-en-areas-administrativas-con-la-participacion-activa-de-los-afiliados\/"]}]},{"@type":"ImageObject","inLanguage":"es","@id":"https:\/\/osepmendoza.com.ar\/web\/osep-avanza-con-los-simulacros-de-sismo-en-areas-administrativas-con-la-participacion-activa-de-los-afiliados\/#primaryimage","url":"https:\/\/osepmendoza.com.ar\/web\/wp-content\/uploads\/2026\/09\/WhatsApp-Image-2026-09-01-at-13.34.02.jpg","contentUrl":"https:\/\/osepmendoza.com.ar\/web\/wp-content\/uploads\/2026\/09\/WhatsApp-Image-2026-09-01-at-13.34.02.jpg","width":1200,"height":438},{"@type":"BreadcrumbList","@id":"https:\/\/osepmendoza.com.ar\/web\/osep-avanza-con-los-simulacros-de-sismo-en-areas-administrativas-con-la-participacion-activa-de-los-afiliados\/#breadcrumb","itemListElement":[{"@type":"ListItem","position":1,"name":"Portada","item":"https:\/\/osepmendoza.com.ar\/web\/"},{"@type":"ListItem","position":2,"name":"OSEP avanza con los simulacros de sismo en \u00e1reas administrativas con la participaci\u00f3n activa de los afiliados"}]},{"@type":"WebSite","@id":"https:\/\/osepmendoza.com.ar\/web\/#website","url":"https:\/\/osepmendoza.com.ar\/web\/","name":"OSEP Mendoza","description":"Obra Social de los Empleados P\u00fablicos de Mendoza","publisher":{"@id":"https:\/\/osepmendoza.com.ar\/web\/#organization"},"potentialAction":[{"@type":"SearchAction","target":{"@type":"EntryPoint","urlTemplate":"https:\/\/osepmendoza.com.ar\/web\/?s={search_term_string}"},"query-input":{"@type":"PropertyValueSpecification","valueRequired":true,"valueName":"search_term_string"}}],"inLanguage":"es"},{"@type":"Organization","@id":"https:\/\/osepmendoza.com.ar\/web\/#organization","name":"OSEP - Obra Social de Empleados P\u00fablicos de Mendoza","url":"https:\/\/osepmendoza.com.ar\/web\/","logo":{"@type":"ImageObject","inLanguage":"es","@id":"https:\/\/osepmendoza.com.ar\/web\/#\/schema\/logo\/image\/","url":"https:\/\/osepmendoza.com.ar\/web\/wp-content\/uploads\/2020\/04\/lkTM9T9z.jpg","contentUrl":"https:\/\/osepmendoza.com.ar\/web\/wp-content\/uploads\/2020\/04\/lkTM9T9z.jpg","width":334,"height":334,"caption":"OSEP - Obra Social de Empleados P\u00fablicos de Mendoza"},"image":{"@id":"https:\/\/osepmendoza.com.ar\/web\/#\/schema\/logo\/image\/"},"sameAs":["https:\/\/www.facebook.com\/OSEP.MendozaArg\/","https:\/\/x.com\/OsepMza","https:\/\/www.instagram.com\/osep.mendoza\/","https:\/\/www.youtube.com\/user\/osepvideos"]},{"@type":"Person","@id":"https:\/\/osepmendoza.com.ar\/web\/#\/schema\/person\/589af535ca62640386b991b5adb0b40a","name":"Ana Pereyra","image":{"@type":"ImageObject","inLanguage":"es","@id":"https:\/\/secure.gravatar.com\/avatar\/3529dfb99a65d0433c0142c465656bf9d7ecfc80049608f1e685d8aeab2efa92?s=96&d=mm&r=g","url":"https:\/\/secure.gravatar.com\/avatar\/3529dfb99a65d0433c0142c465656bf9d7ecfc80049608f1e685d8aeab2efa92?s=96&d=mm&r=g","contentUrl":"https:\/\/secure.gravatar.com\/avatar\/3529dfb99a65d0433c0142c465656bf9d7ecfc80049608f1e685d8aeab2efa92?s=96&d=mm&r=g","caption":"Ana Pereyra"},"sameAs":["http:\/\/osepmendoza.com.ar\/web"]}]}},"amp_enabled":true,"_links":{"self":[{"href":"https:\/\/osepmendoza.com.ar\/web\/wp-json\/wp\/v2\/posts\/61962","targetHints":{"allow":["GET"]}}],"collection":[{"href":"https:\/\/osepmendoza.com.ar\/web\/wp-json\/wp\/v2\/posts"}],"about":[{"href":"https:\/\/osepmendoza.com.ar\/web\/wp-json\/wp\/v2\/types\/post"}],"author":[{"embeddable":true,"href":"https:\/\/osepmendoza.com.ar\/web\/wp-json\/wp\/v2\/users\/11"}],"replies":[{"embeddable":true,"href":"https:\/\/osepmendoza.com.ar\/web\/wp-json\/wp\/v2\/comments?post=61962"}],"version-history":[{"count":3,"href":"https:\/\/osepmendoza.com.ar\/web\/wp-json\/wp\/v2\/posts\/61962\/revisions"}],"predecessor-version":[{"id":62006,"href":"https:\/\/osepmendoza.com.ar\/web\/wp-json\/wp\/v2\/posts\/61962\/revisions\/62006"}],"wp:featuredmedia":[{"embeddable":true,"href":"https:\/\/osepmendoza.com.ar\/web\/wp-json\/wp\/v2\/media\/62003"}],"wp:attachment":[{"href":"https:\/\/osepmendoza.com.ar\/web\/wp-json\/wp\/v2\/media?parent=61962"}],"wp:term":[{"taxonomy":"category","embeddable":true,"href":"https:\/\/osepmendoza.com.ar\/web\/wp-json\/wp\/v2\/categories?post=61962"},{"taxonomy":"post_tag","embeddable":true,"href":"https:\/\/osepmendoza.com.ar\/web\/wp-json\/wp\/v2\/tags?post=61962"}],"curies":[{"name":"wp","href":"https:\/\/api.w.org\/{rel}","templated":true}]}}