{"id":61927,"date":"2026-08-31T15:58:07","date_gmt":"2026-08-31T18:58:07","guid":{"rendered":"https:\/\/osepmendoza.com.ar\/web\/?p=61927"},"modified":"2026-08-31T15:58:07","modified_gmt":"2026-08-31T18:58:07","slug":"osep-inicio-simulacros-de-evacuacion-para-fortalecer-la-seguridad-de-trabajadores-y-afiliados","status":"publish","type":"post","link":"https:\/\/osepmendoza.com.ar\/web\/osep-inicio-simulacros-de-evacuacion-para-fortalecer-la-seguridad-de-trabajadores-y-afiliados\/","title":{"rendered":"OSEP inici\u00f3 simulacros de evacuaci\u00f3n para fortalecer la seguridad de trabajadores y afiliados"},"content":{"rendered":"<p><span style=\"font-family: Arial, sans-serif;\"><span style=\"font-size: medium;\"><b>Con el objetivo de capacitar al personal y optimizar la respuesta ante posibles emergencias, la Obra Social de los Empleados P\u00fablicos (OSEP) dio comienzo a una serie de ejercicios de evacuaci\u00f3n en sus dependencias. Las pr\u00e1cticas se extender\u00e1n en las distintas Sedes de la provincia.<\/b><\/span><\/span><\/p>\n<p><span style=\"font-family: Arial, sans-serif;\"><span style=\"font-size: medium;\">En el marco del plan de prevenci\u00f3n y cumplimiento de las normativas vigentes, el Departamento de Higiene y Seguridad de OSEP puso en marcha pr\u00e1cticas de simulacro de evacuaci\u00f3n en el edificio de la Direcci\u00f3n General. Las jornadas continuar\u00e1n desarroll\u00e1ndose de manera progresiva en la Sede Central y en las distintas delegaciones de Mendoza.<\/span><\/span><\/p>\n<p><span style=\"font-family: Arial, sans-serif;\"><span style=\"font-size: medium;\">El licenciado Daniel Quintana, responsable del Departamento de Higiene y Seguridad de la instituci\u00f3n, destac\u00f3 la alta participaci\u00f3n y predisposici\u00f3n en estas primeras etapas: &#8220;Hemos comenzado con pr\u00e1cticas parciales en diferentes oficinas y la respuesta por parte del personal y las autoridades ha sido excelente. Dada la gran concurrencia de p\u00fablico y trabajadores que albergan nuestros edificios, es fundamental realizar este tipo de ejercicios para saber c\u00f3mo actuar ante una eventualidad&#8221;.<\/span><\/span><\/p>\n<p><span style=\"font-family: Arial, sans-serif;\"><span style=\"font-size: medium;\">Esta iniciativa responde a las recomendaciones y est\u00e1ndares fijados por el Cuartel de Bomberos y Defensa Civil, buscando garantizar espacios de atenci\u00f3n y trabajo m\u00e1s seguros para toda la comunidad de la obra social.<\/span><\/span><\/p>\n<h3 class=\"western\"><span style=\"font-family: Arial, sans-serif;\"><span style=\"font-size: medium;\">Trabajo conjunto con los afiliados<\/span><\/span><\/h3>\n<p><span style=\"font-family: Arial, sans-serif;\"><span style=\"font-size: medium;\">Dado que las actividades se realizan durante el horario de atenci\u00f3n, desde OSEP se solicita la colaboraci\u00f3n de los afiliados que se encuentren realizando tr\u00e1mites al momento de sonar las alarmas de ensayo.<\/span><\/span><\/p>\n<p><span style=\"font-family: Arial, sans-serif;\"><span style=\"font-size: medium;\">&#8220;Los simulacros tienen una duraci\u00f3n de solo unos minutos. Agradecemos enormemente la paciencia, la iniciativa y la colaboraci\u00f3n de cada afiliado que se suma a estas pr\u00e1cticas, ya que la seguridad la construimos entre todos&#8221;, concluy\u00f3 Quintana.<\/span><\/span><\/p>\n<p><span style=\"font-family: Arial, sans-serif;\"><span style=\"font-size: medium;\">Las pr\u00e1cticas continuar\u00e1n realiz\u00e1ndose de forma programada en las distintas dependencias administrativas y efectores de OSEP en la provincia.<\/span><\/span><\/p>\n<div id='gallery-1' class='gallery galleryid-61927 gallery-columns-2 gallery-size-full'><figure class='gallery-item'>\n\t\t\t<div class='gallery-icon portrait'>\n\t\t\t\t<a href='https:\/\/osepmendoza.com.ar\/web\/osep-inicio-simulacros-de-evacuacion-para-fortalecer-la-seguridad-de-trabajadores-y-afiliados\/whatsapp-image-2026-08-31-at-15-31-20\/'><img loading=\"lazy\" decoding=\"async\" width=\"1200\" height=\"1600\" src=\"https:\/\/osepmendoza.com.ar\/web\/wp-content\/uploads\/2026\/08\/WhatsApp-Image-2026-08-31-at-15.31.20.jpeg\" class=\"attachment-full size-full\" alt=\"\" srcset=\"https:\/\/osepmendoza.com.ar\/web\/wp-content\/uploads\/2026\/08\/WhatsApp-Image-2026-08-31-at-15.31.20.jpeg 1200w, https:\/\/osepmendoza.com.ar\/web\/wp-content\/uploads\/2026\/08\/WhatsApp-Image-2026-08-31-at-15.31.20-113x150.jpeg 113w, https:\/\/osepmendoza.com.ar\/web\/wp-content\/uploads\/2026\/08\/WhatsApp-Image-2026-08-31-at-15.31.20-768x1024.jpeg 768w, https:\/\/osepmendoza.com.ar\/web\/wp-content\/uploads\/2026\/08\/WhatsApp-Image-2026-08-31-at-15.31.20-1152x1536.jpeg 1152w\" sizes=\"auto, (max-width: 1200px) 100vw, 1200px\" \/><\/a>\n\t\t\t<\/div><\/figure><figure class='gallery-item'>\n\t\t\t<div class='gallery-icon landscape'>\n\t\t\t\t<a href='https:\/\/osepmendoza.com.ar\/web\/osep-inicio-simulacros-de-evacuacion-para-fortalecer-la-seguridad-de-trabajadores-y-afiliados\/whatsapp-image-2026-08-31-at-15-31-17\/'><img loading=\"lazy\" decoding=\"async\" width=\"1600\" height=\"1200\" src=\"https:\/\/osepmendoza.com.ar\/web\/wp-content\/uploads\/2026\/08\/WhatsApp-Image-2026-08-31-at-15.31.17.jpeg\" class=\"attachment-full size-full\" alt=\"\" srcset=\"https:\/\/osepmendoza.com.ar\/web\/wp-content\/uploads\/2026\/08\/WhatsApp-Image-2026-08-31-at-15.31.17.jpeg 1600w, https:\/\/osepmendoza.com.ar\/web\/wp-content\/uploads\/2026\/08\/WhatsApp-Image-2026-08-31-at-15.31.17-150x113.jpeg 150w, https:\/\/osepmendoza.com.ar\/web\/wp-content\/uploads\/2026\/08\/WhatsApp-Image-2026-08-31-at-15.31.17-768x576.jpeg 768w, https:\/\/osepmendoza.com.ar\/web\/wp-content\/uploads\/2026\/08\/WhatsApp-Image-2026-08-31-at-15.31.17-1536x1152.jpeg 1536w\" sizes=\"auto, (max-width: 1600px) 100vw, 1600px\" \/><\/a>\n\t\t\t<\/div><\/figure><figure class='gallery-item'>\n\t\t\t<div class='gallery-icon portrait'>\n\t\t\t\t<a href='https:\/\/osepmendoza.com.ar\/web\/osep-inicio-simulacros-de-evacuacion-para-fortalecer-la-seguridad-de-trabajadores-y-afiliados\/whatsapp-image-2026-08-31-at-15-31-15\/'><img loading=\"lazy\" decoding=\"async\" width=\"1200\" height=\"1600\" src=\"https:\/\/osepmendoza.com.ar\/web\/wp-content\/uploads\/2026\/08\/WhatsApp-Image-2026-08-31-at-15.31.15.jpeg\" class=\"attachment-full size-full\" alt=\"\" srcset=\"https:\/\/osepmendoza.com.ar\/web\/wp-content\/uploads\/2026\/08\/WhatsApp-Image-2026-08-31-at-15.31.15.jpeg 1200w, https:\/\/osepmendoza.com.ar\/web\/wp-content\/uploads\/2026\/08\/WhatsApp-Image-2026-08-31-at-15.31.15-113x150.jpeg 113w, https:\/\/osepmendoza.com.ar\/web\/wp-content\/uploads\/2026\/08\/WhatsApp-Image-2026-08-31-at-15.31.15-768x1024.jpeg 768w, https:\/\/osepmendoza.com.ar\/web\/wp-content\/uploads\/2026\/08\/WhatsApp-Image-2026-08-31-at-15.31.15-1152x1536.jpeg 1152w\" sizes=\"auto, (max-width: 1200px) 100vw, 1200px\" \/><\/a>\n\t\t\t<\/div><\/figure><figure class='gallery-item'>\n\t\t\t<div class='gallery-icon portrait'>\n\t\t\t\t<a href='https:\/\/osepmendoza.com.ar\/web\/osep-inicio-simulacros-de-evacuacion-para-fortalecer-la-seguridad-de-trabajadores-y-afiliados\/20260831_104853\/'><img loading=\"lazy\" decoding=\"async\" width=\"1920\" height=\"2560\" src=\"https:\/\/osepmendoza.com.ar\/web\/wp-content\/uploads\/2026\/08\/20260831_104853-scaled.jpg\" class=\"attachment-full size-full\" alt=\"\" srcset=\"https:\/\/osepmendoza.com.ar\/web\/wp-content\/uploads\/2026\/08\/20260831_104853-scaled.jpg 1920w, https:\/\/osepmendoza.com.ar\/web\/wp-content\/uploads\/2026\/08\/20260831_104853-113x150.jpg 113w, https:\/\/osepmendoza.com.ar\/web\/wp-content\/uploads\/2026\/08\/20260831_104853-768x1024.jpg 768w, https:\/\/osepmendoza.com.ar\/web\/wp-content\/uploads\/2026\/08\/20260831_104853-1152x1536.jpg 1152w, https:\/\/osepmendoza.com.ar\/web\/wp-content\/uploads\/2026\/08\/20260831_104853-1536x2048.jpg 1536w\" sizes=\"auto, (max-width: 1920px) 100vw, 1920px\" \/><\/a>\n\t\t\t<\/div><\/figure><figure class='gallery-item'>\n\t\t\t<div class='gallery-icon portrait'>\n\t\t\t\t<a href='https:\/\/osepmendoza.com.ar\/web\/osep-inicio-simulacros-de-evacuacion-para-fortalecer-la-seguridad-de-trabajadores-y-afiliados\/whatsapp-image-2026-08-31-at-15-31-14\/'><img loading=\"lazy\" decoding=\"async\" width=\"1200\" height=\"1600\" src=\"https:\/\/osepmendoza.com.ar\/web\/wp-content\/uploads\/2026\/08\/WhatsApp-Image-2026-08-31-at-15.31.14.jpeg\" class=\"attachment-full size-full\" alt=\"\" srcset=\"https:\/\/osepmendoza.com.ar\/web\/wp-content\/uploads\/2026\/08\/WhatsApp-Image-2026-08-31-at-15.31.14.jpeg 1200w, https:\/\/osepmendoza.com.ar\/web\/wp-content\/uploads\/2026\/08\/WhatsApp-Image-2026-08-31-at-15.31.14-113x150.jpeg 113w, https:\/\/osepmendoza.com.ar\/web\/wp-content\/uploads\/2026\/08\/WhatsApp-Image-2026-08-31-at-15.31.14-768x1024.jpeg 768w, https:\/\/osepmendoza.com.ar\/web\/wp-content\/uploads\/2026\/08\/WhatsApp-Image-2026-08-31-at-15.31.14-1152x1536.jpeg 1152w\" sizes=\"auto, (max-width: 1200px) 100vw, 1200px\" \/><\/a>\n\t\t\t<\/div><\/figure><figure class='gallery-item'>\n\t\t\t<div class='gallery-icon portrait'>\n\t\t\t\t<a href='https:\/\/osepmendoza.com.ar\/web\/osep-inicio-simulacros-de-evacuacion-para-fortalecer-la-seguridad-de-trabajadores-y-afiliados\/whatsapp-image-2026-08-31-at-15-31-13\/'><img loading=\"lazy\" decoding=\"async\" width=\"1200\" height=\"1600\" src=\"https:\/\/osepmendoza.com.ar\/web\/wp-content\/uploads\/2026\/08\/WhatsApp-Image-2026-08-31-at-15.31.13.jpeg\" class=\"attachment-full size-full\" alt=\"\" srcset=\"https:\/\/osepmendoza.com.ar\/web\/wp-content\/uploads\/2026\/08\/WhatsApp-Image-2026-08-31-at-15.31.13.jpeg 1200w, https:\/\/osepmendoza.com.ar\/web\/wp-content\/uploads\/2026\/08\/WhatsApp-Image-2026-08-31-at-15.31.13-113x150.jpeg 113w, https:\/\/osepmendoza.com.ar\/web\/wp-content\/uploads\/2026\/08\/WhatsApp-Image-2026-08-31-at-15.31.13-768x1024.jpeg 768w, https:\/\/osepmendoza.com.ar\/web\/wp-content\/uploads\/2026\/08\/WhatsApp-Image-2026-08-31-at-15.31.13-1152x1536.jpeg 1152w\" sizes=\"auto, (max-width: 1200px) 100vw, 1200px\" \/><\/a>\n\t\t\t<\/div><\/figure><figure class='gallery-item'>\n\t\t\t<div class='gallery-icon landscape'>\n\t\t\t\t<a href='https:\/\/osepmendoza.com.ar\/web\/osep-inicio-simulacros-de-evacuacion-para-fortalecer-la-seguridad-de-trabajadores-y-afiliados\/whatsapp-image-2026-08-31-at-15-31-13-1\/'><img loading=\"lazy\" decoding=\"async\" width=\"1600\" height=\"1200\" src=\"https:\/\/osepmendoza.com.ar\/web\/wp-content\/uploads\/2026\/08\/WhatsApp-Image-2026-08-31-at-15.31.13-1.jpeg\" class=\"attachment-full size-full\" alt=\"\" srcset=\"https:\/\/osepmendoza.com.ar\/web\/wp-content\/uploads\/2026\/08\/WhatsApp-Image-2026-08-31-at-15.31.13-1.jpeg 1600w, https:\/\/osepmendoza.com.ar\/web\/wp-content\/uploads\/2026\/08\/WhatsApp-Image-2026-08-31-at-15.31.13-1-150x113.jpeg 150w, https:\/\/osepmendoza.com.ar\/web\/wp-content\/uploads\/2026\/08\/WhatsApp-Image-2026-08-31-at-15.31.13-1-768x576.jpeg 768w, https:\/\/osepmendoza.com.ar\/web\/wp-content\/uploads\/2026\/08\/WhatsApp-Image-2026-08-31-at-15.31.13-1-1536x1152.jpeg 1536w\" sizes=\"auto, (max-width: 1600px) 100vw, 1600px\" \/><\/a>\n\t\t\t<\/div><\/figure><figure class='gallery-item'>\n\t\t\t<div class='gallery-icon portrait'>\n\t\t\t\t<a href='https:\/\/osepmendoza.com.ar\/web\/osep-inicio-simulacros-de-evacuacion-para-fortalecer-la-seguridad-de-trabajadores-y-afiliados\/whatsapp-image-2026-08-31-at-15-27-44\/'><img loading=\"lazy\" decoding=\"async\" width=\"1200\" height=\"1600\" src=\"https:\/\/osepmendoza.com.ar\/web\/wp-content\/uploads\/2026\/08\/WhatsApp-Image-2026-08-31-at-15.27.44.jpeg\" class=\"attachment-full size-full\" alt=\"\" srcset=\"https:\/\/osepmendoza.com.ar\/web\/wp-content\/uploads\/2026\/08\/WhatsApp-Image-2026-08-31-at-15.27.44.jpeg 1200w, https:\/\/osepmendoza.com.ar\/web\/wp-content\/uploads\/2026\/08\/WhatsApp-Image-2026-08-31-at-15.27.44-113x150.jpeg 113w, https:\/\/osepmendoza.com.ar\/web\/wp-content\/uploads\/2026\/08\/WhatsApp-Image-2026-08-31-at-15.27.44-768x1024.jpeg 768w, https:\/\/osepmendoza.com.ar\/web\/wp-content\/uploads\/2026\/08\/WhatsApp-Image-2026-08-31-at-15.27.44-1152x1536.jpeg 1152w\" sizes=\"auto, (max-width: 1200px) 100vw, 1200px\" \/><\/a>\n\t\t\t<\/div><\/figure><figure class='gallery-item'>\n\t\t\t<div class='gallery-icon portrait'>\n\t\t\t\t<a href='https:\/\/osepmendoza.com.ar\/web\/osep-inicio-simulacros-de-evacuacion-para-fortalecer-la-seguridad-de-trabajadores-y-afiliados\/20260831_110122\/'><img loading=\"lazy\" decoding=\"async\" width=\"1920\" height=\"2560\" src=\"https:\/\/osepmendoza.com.ar\/web\/wp-content\/uploads\/2026\/08\/20260831_110122-scaled.jpg\" class=\"attachment-full size-full\" alt=\"\" srcset=\"https:\/\/osepmendoza.com.ar\/web\/wp-content\/uploads\/2026\/08\/20260831_110122-scaled.jpg 1920w, https:\/\/osepmendoza.com.ar\/web\/wp-content\/uploads\/2026\/08\/20260831_110122-113x150.jpg 113w, https:\/\/osepmendoza.com.ar\/web\/wp-content\/uploads\/2026\/08\/20260831_110122-768x1024.jpg 768w, https:\/\/osepmendoza.com.ar\/web\/wp-content\/uploads\/2026\/08\/20260831_110122-1152x1536.jpg 1152w, https:\/\/osepmendoza.com.ar\/web\/wp-content\/uploads\/2026\/08\/20260831_110122-1536x2048.jpg 1536w\" sizes=\"auto, (max-width: 1920px) 100vw, 1920px\" \/><\/a>\n\t\t\t<\/div><\/figure><figure class='gallery-item'>\n\t\t\t<div class='gallery-icon portrait'>\n\t\t\t\t<a href='https:\/\/osepmendoza.com.ar\/web\/osep-inicio-simulacros-de-evacuacion-para-fortalecer-la-seguridad-de-trabajadores-y-afiliados\/20260831_110028\/'><img loading=\"lazy\" decoding=\"async\" width=\"1920\" height=\"2560\" src=\"https:\/\/osepmendoza.com.ar\/web\/wp-content\/uploads\/2026\/08\/20260831_110028-scaled.jpg\" class=\"attachment-full size-full\" alt=\"\" srcset=\"https:\/\/osepmendoza.com.ar\/web\/wp-content\/uploads\/2026\/08\/20260831_110028-scaled.jpg 1920w, https:\/\/osepmendoza.com.ar\/web\/wp-content\/uploads\/2026\/08\/20260831_110028-113x150.jpg 113w, https:\/\/osepmendoza.com.ar\/web\/wp-content\/uploads\/2026\/08\/20260831_110028-768x1024.jpg 768w, https:\/\/osepmendoza.com.ar\/web\/wp-content\/uploads\/2026\/08\/20260831_110028-1152x1536.jpg 1152w, https:\/\/osepmendoza.com.ar\/web\/wp-content\/uploads\/2026\/08\/20260831_110028-1536x2048.jpg 1536w\" sizes=\"auto, (max-width: 1920px) 100vw, 1920px\" \/><\/a>\n\t\t\t<\/div><\/figure><figure class='gallery-item'>\n\t\t\t<div class='gallery-icon portrait'>\n\t\t\t\t<a href='https:\/\/osepmendoza.com.ar\/web\/osep-inicio-simulacros-de-evacuacion-para-fortalecer-la-seguridad-de-trabajadores-y-afiliados\/whatsapp-image-2026-08-31-at-15-54-00\/'><img loading=\"lazy\" decoding=\"async\" width=\"1404\" height=\"1600\" src=\"https:\/\/osepmendoza.com.ar\/web\/wp-content\/uploads\/2026\/08\/WhatsApp-Image-2026-08-31-at-15.54.00.jpeg\" class=\"attachment-full size-full\" alt=\"\" srcset=\"https:\/\/osepmendoza.com.ar\/web\/wp-content\/uploads\/2026\/08\/WhatsApp-Image-2026-08-31-at-15.54.00.jpeg 1404w, https:\/\/osepmendoza.com.ar\/web\/wp-content\/uploads\/2026\/08\/WhatsApp-Image-2026-08-31-at-15.54.00-132x150.jpeg 132w, https:\/\/osepmendoza.com.ar\/web\/wp-content\/uploads\/2026\/08\/WhatsApp-Image-2026-08-31-at-15.54.00-768x875.jpeg 768w, https:\/\/osepmendoza.com.ar\/web\/wp-content\/uploads\/2026\/08\/WhatsApp-Image-2026-08-31-at-15.54.00-1348x1536.jpeg 1348w\" sizes=\"auto, (max-width: 1404px) 100vw, 1404px\" \/><\/a>\n\t\t\t<\/div><\/figure><figure class='gallery-item'>\n\t\t\t<div class='gallery-icon portrait'>\n\t\t\t\t<a href='https:\/\/osepmendoza.com.ar\/web\/osep-inicio-simulacros-de-evacuacion-para-fortalecer-la-seguridad-de-trabajadores-y-afiliados\/20260831_110002\/'><img loading=\"lazy\" decoding=\"async\" width=\"1920\" height=\"2560\" src=\"https:\/\/osepmendoza.com.ar\/web\/wp-content\/uploads\/2026\/08\/20260831_110002-scaled.jpg\" class=\"attachment-full size-full\" alt=\"\" srcset=\"https:\/\/osepmendoza.com.ar\/web\/wp-content\/uploads\/2026\/08\/20260831_110002-scaled.jpg 1920w, https:\/\/osepmendoza.com.ar\/web\/wp-content\/uploads\/2026\/08\/20260831_110002-113x150.jpg 113w, https:\/\/osepmendoza.com.ar\/web\/wp-content\/uploads\/2026\/08\/20260831_110002-768x1024.jpg 768w, https:\/\/osepmendoza.com.ar\/web\/wp-content\/uploads\/2026\/08\/20260831_110002-1152x1536.jpg 1152w, https:\/\/osepmendoza.com.ar\/web\/wp-content\/uploads\/2026\/08\/20260831_110002-1536x2048.jpg 1536w\" sizes=\"auto, (max-width: 1920px) 100vw, 1920px\" \/><\/a>\n\t\t\t<\/div><\/figure><figure class='gallery-item'>\n\t\t\t<div class='gallery-icon portrait'>\n\t\t\t\t<a href='https:\/\/osepmendoza.com.ar\/web\/osep-inicio-simulacros-de-evacuacion-para-fortalecer-la-seguridad-de-trabajadores-y-afiliados\/20260831_105940\/'><img loading=\"lazy\" decoding=\"async\" width=\"1920\" height=\"2560\" src=\"https:\/\/osepmendoza.com.ar\/web\/wp-content\/uploads\/2026\/08\/20260831_105940-scaled.jpg\" class=\"attachment-full size-full\" alt=\"\" srcset=\"https:\/\/osepmendoza.com.ar\/web\/wp-content\/uploads\/2026\/08\/20260831_105940-scaled.jpg 1920w, https:\/\/osepmendoza.com.ar\/web\/wp-content\/uploads\/2026\/08\/20260831_105940-113x150.jpg 113w, https:\/\/osepmendoza.com.ar\/web\/wp-content\/uploads\/2026\/08\/20260831_105940-768x1024.jpg 768w, https:\/\/osepmendoza.com.ar\/web\/wp-content\/uploads\/2026\/08\/20260831_105940-1152x1536.jpg 1152w, https:\/\/osepmendoza.com.ar\/web\/wp-content\/uploads\/2026\/08\/20260831_105940-1536x2048.jpg 1536w\" sizes=\"auto, (max-width: 1920px) 100vw, 1920px\" \/><\/a>\n\t\t\t<\/div><\/figure><figure class='gallery-item'>\n\t\t\t<div class='gallery-icon portrait'>\n\t\t\t\t<a href='https:\/\/osepmendoza.com.ar\/web\/osep-inicio-simulacros-de-evacuacion-para-fortalecer-la-seguridad-de-trabajadores-y-afiliados\/20260831_105828\/'><img loading=\"lazy\" decoding=\"async\" width=\"1920\" height=\"2560\" src=\"https:\/\/osepmendoza.com.ar\/web\/wp-content\/uploads\/2026\/08\/20260831_105828-scaled.jpg\" class=\"attachment-full size-full\" alt=\"\" srcset=\"https:\/\/osepmendoza.com.ar\/web\/wp-content\/uploads\/2026\/08\/20260831_105828-scaled.jpg 1920w, https:\/\/osepmendoza.com.ar\/web\/wp-content\/uploads\/2026\/08\/20260831_105828-113x150.jpg 113w, https:\/\/osepmendoza.com.ar\/web\/wp-content\/uploads\/2026\/08\/20260831_105828-768x1024.jpg 768w, https:\/\/osepmendoza.com.ar\/web\/wp-content\/uploads\/2026\/08\/20260831_105828-1152x1536.jpg 1152w, https:\/\/osepmendoza.com.ar\/web\/wp-content\/uploads\/2026\/08\/20260831_105828-1536x2048.jpg 1536w\" sizes=\"auto, (max-width: 1920px) 100vw, 1920px\" \/><\/a>\n\t\t\t<\/div><\/figure><figure class='gallery-item'>\n\t\t\t<div class='gallery-icon landscape'>\n\t\t\t\t<a href='https:\/\/osepmendoza.com.ar\/web\/osep-inicio-simulacros-de-evacuacion-para-fortalecer-la-seguridad-de-trabajadores-y-afiliados\/whatsapp-image-2026-08-31-at-15-52-40\/'><img loading=\"lazy\" decoding=\"async\" width=\"1600\" height=\"1024\" src=\"https:\/\/osepmendoza.com.ar\/web\/wp-content\/uploads\/2026\/08\/WhatsApp-Image-2026-08-31-at-15.52.40.jpeg\" class=\"attachment-full size-full\" alt=\"\" srcset=\"https:\/\/osepmendoza.com.ar\/web\/wp-content\/uploads\/2026\/08\/WhatsApp-Image-2026-08-31-at-15.52.40.jpeg 1600w, https:\/\/osepmendoza.com.ar\/web\/wp-content\/uploads\/2026\/08\/WhatsApp-Image-2026-08-31-at-15.52.40-150x96.jpeg 150w, https:\/\/osepmendoza.com.ar\/web\/wp-content\/uploads\/2026\/08\/WhatsApp-Image-2026-08-31-at-15.52.40-768x492.jpeg 768w, https:\/\/osepmendoza.com.ar\/web\/wp-content\/uploads\/2026\/08\/WhatsApp-Image-2026-08-31-at-15.52.40-1536x983.jpeg 1536w\" sizes=\"auto, (max-width: 1600px) 100vw, 1600px\" \/><\/a>\n\t\t\t<\/div><\/figure><figure class='gallery-item'>\n\t\t\t<div class='gallery-icon portrait'>\n\t\t\t\t<a href='https:\/\/osepmendoza.com.ar\/web\/osep-inicio-simulacros-de-evacuacion-para-fortalecer-la-seguridad-de-trabajadores-y-afiliados\/20260831_105701\/'><img loading=\"lazy\" decoding=\"async\" width=\"1920\" height=\"2560\" src=\"https:\/\/osepmendoza.com.ar\/web\/wp-content\/uploads\/2026\/08\/20260831_105701-scaled.jpg\" class=\"attachment-full size-full\" alt=\"\" srcset=\"https:\/\/osepmendoza.com.ar\/web\/wp-content\/uploads\/2026\/08\/20260831_105701-scaled.jpg 1920w, https:\/\/osepmendoza.com.ar\/web\/wp-content\/uploads\/2026\/08\/20260831_105701-113x150.jpg 113w, https:\/\/osepmendoza.com.ar\/web\/wp-content\/uploads\/2026\/08\/20260831_105701-768x1024.jpg 768w, https:\/\/osepmendoza.com.ar\/web\/wp-content\/uploads\/2026\/08\/20260831_105701-1152x1536.jpg 1152w, https:\/\/osepmendoza.com.ar\/web\/wp-content\/uploads\/2026\/08\/20260831_105701-1536x2048.jpg 1536w\" sizes=\"auto, (max-width: 1920px) 100vw, 1920px\" \/><\/a>\n\t\t\t<\/div><\/figure>\n\t\t<\/div>\n\n","protected":false},"excerpt":{"rendered":"<p>Con el objetivo de capacitar al personal y optimizar la&#8230;<\/p>\n","protected":false},"author":11,"featured_media":61944,"comment_status":"closed","ping_status":"open","sticky":false,"template":"","format":"standard","meta":{"_acf_changed":false,"inline_featured_image":false,"_exactmetrics_skip_tracking":false,"footnotes":"","_links_to":"","_links_to_target":""},"categories":[1541],"tags":[202,112,2062,2436],"class_list":["post-61927","post","type-post","status-publish","format-standard","has-post-thumbnail","hentry","category-osep","tag-capacitacion","tag-osep","tag-simulacro","tag-sismo"],"acf":[],"yoast_head":"<!-- This site is optimized with the Yoast SEO plugin v28.4 - https:\/\/yoast.com\/product\/yoast-seo-wordpress\/ -->\n<title>OSEP inici\u00f3 simulacros de evacuaci\u00f3n para fortalecer la seguridad de trabajadores y afiliados - OSEP Mendoza<\/title>\n<meta name=\"robots\" content=\"index, follow, max-snippet:-1, max-image-preview:large, max-video-preview:-1\" \/>\n<link rel=\"canonical\" href=\"https:\/\/osepmendoza.com.ar\/web\/osep-inicio-simulacros-de-evacuacion-para-fortalecer-la-seguridad-de-trabajadores-y-afiliados\/\" \/>\n<meta property=\"og:locale\" content=\"es_ES\" \/>\n<meta property=\"og:type\" content=\"article\" \/>\n<meta property=\"og:title\" content=\"OSEP inici\u00f3 simulacros de evacuaci\u00f3n para fortalecer la seguridad de trabajadores y afiliados - OSEP Mendoza\" \/>\n<meta property=\"og:description\" content=\"Con el objetivo de capacitar al personal y optimizar la...\" \/>\n<meta property=\"og:url\" content=\"https:\/\/osepmendoza.com.ar\/web\/osep-inicio-simulacros-de-evacuacion-para-fortalecer-la-seguridad-de-trabajadores-y-afiliados\/\" \/>\n<meta property=\"og:site_name\" content=\"OSEP Mendoza\" \/>\n<meta property=\"article:publisher\" content=\"https:\/\/www.facebook.com\/OSEP.MendozaArg\/\" \/>\n<meta property=\"article:published_time\" content=\"2026-08-31T18:58:07+00:00\" \/>\n<meta property=\"og:image\" content=\"https:\/\/osepmendoza.com.ar\/web\/wp-content\/uploads\/2026\/08\/portada.jpg\" \/>\n\t<meta property=\"og:image:width\" content=\"1200\" \/>\n\t<meta property=\"og:image:height\" content=\"438\" \/>\n\t<meta property=\"og:image:type\" content=\"image\/jpeg\" \/>\n<meta name=\"author\" content=\"Ana Pereyra\" \/>\n<meta name=\"twitter:card\" content=\"summary_large_image\" \/>\n<meta name=\"twitter:creator\" content=\"@OsepMza\" \/>\n<meta name=\"twitter:site\" content=\"@OsepMza\" \/>\n<meta name=\"twitter:label1\" content=\"Escrito por\" \/>\n\t<meta name=\"twitter:data1\" content=\"Ana Pereyra\" \/>\n\t<meta name=\"twitter:label2\" content=\"Tiempo de lectura\" \/>\n\t<meta name=\"twitter:data2\" content=\"2 minutos\" \/>\n<script type=\"application\/ld+json\" class=\"yoast-schema-graph\">{\"@context\":\"https:\\\/\\\/schema.org\",\"@graph\":[{\"@type\":\"Article\",\"@id\":\"https:\\\/\\\/osepmendoza.com.ar\\\/web\\\/osep-inicio-simulacros-de-evacuacion-para-fortalecer-la-seguridad-de-trabajadores-y-afiliados\\\/#article\",\"isPartOf\":{\"@id\":\"https:\\\/\\\/osepmendoza.com.ar\\\/web\\\/osep-inicio-simulacros-de-evacuacion-para-fortalecer-la-seguridad-de-trabajadores-y-afiliados\\\/\"},\"author\":{\"name\":\"Ana Pereyra\",\"@id\":\"https:\\\/\\\/osepmendoza.com.ar\\\/web\\\/#\\\/schema\\\/person\\\/589af535ca62640386b991b5adb0b40a\"},\"headline\":\"OSEP inici\u00f3 simulacros de evacuaci\u00f3n para fortalecer la seguridad de trabajadores y afiliados\",\"datePublished\":\"2026-08-31T18:58:07+00:00\",\"mainEntityOfPage\":{\"@id\":\"https:\\\/\\\/osepmendoza.com.ar\\\/web\\\/osep-inicio-simulacros-de-evacuacion-para-fortalecer-la-seguridad-de-trabajadores-y-afiliados\\\/\"},\"wordCount\":345,\"publisher\":{\"@id\":\"https:\\\/\\\/osepmendoza.com.ar\\\/web\\\/#organization\"},\"image\":{\"@id\":\"https:\\\/\\\/osepmendoza.com.ar\\\/web\\\/osep-inicio-simulacros-de-evacuacion-para-fortalecer-la-seguridad-de-trabajadores-y-afiliados\\\/#primaryimage\"},\"thumbnailUrl\":\"https:\\\/\\\/osepmendoza.com.ar\\\/web\\\/wp-content\\\/uploads\\\/2026\\\/08\\\/portada.jpg\",\"keywords\":[\"capacitaci\u00f3n\",\"osep\",\"simulacro\",\"sismo\"],\"articleSection\":[\"OSEP\"],\"inLanguage\":\"es\"},{\"@type\":\"WebPage\",\"@id\":\"https:\\\/\\\/osepmendoza.com.ar\\\/web\\\/osep-inicio-simulacros-de-evacuacion-para-fortalecer-la-seguridad-de-trabajadores-y-afiliados\\\/\",\"url\":\"https:\\\/\\\/osepmendoza.com.ar\\\/web\\\/osep-inicio-simulacros-de-evacuacion-para-fortalecer-la-seguridad-de-trabajadores-y-afiliados\\\/\",\"name\":\"OSEP inici\u00f3 simulacros de evacuaci\u00f3n para fortalecer la seguridad de trabajadores y afiliados - OSEP Mendoza\",\"isPartOf\":{\"@id\":\"https:\\\/\\\/osepmendoza.com.ar\\\/web\\\/#website\"},\"primaryImageOfPage\":{\"@id\":\"https:\\\/\\\/osepmendoza.com.ar\\\/web\\\/osep-inicio-simulacros-de-evacuacion-para-fortalecer-la-seguridad-de-trabajadores-y-afiliados\\\/#primaryimage\"},\"image\":{\"@id\":\"https:\\\/\\\/osepmendoza.com.ar\\\/web\\\/osep-inicio-simulacros-de-evacuacion-para-fortalecer-la-seguridad-de-trabajadores-y-afiliados\\\/#primaryimage\"},\"thumbnailUrl\":\"https:\\\/\\\/osepmendoza.com.ar\\\/web\\\/wp-content\\\/uploads\\\/2026\\\/08\\\/portada.jpg\",\"datePublished\":\"2026-08-31T18:58:07+00:00\",\"breadcrumb\":{\"@id\":\"https:\\\/\\\/osepmendoza.com.ar\\\/web\\\/osep-inicio-simulacros-de-evacuacion-para-fortalecer-la-seguridad-de-trabajadores-y-afiliados\\\/#breadcrumb\"},\"inLanguage\":\"es\",\"potentialAction\":[{\"@type\":\"ReadAction\",\"target\":[\"https:\\\/\\\/osepmendoza.com.ar\\\/web\\\/osep-inicio-simulacros-de-evacuacion-para-fortalecer-la-seguridad-de-trabajadores-y-afiliados\\\/\"]}]},{\"@type\":\"ImageObject\",\"inLanguage\":\"es\",\"@id\":\"https:\\\/\\\/osepmendoza.com.ar\\\/web\\\/osep-inicio-simulacros-de-evacuacion-para-fortalecer-la-seguridad-de-trabajadores-y-afiliados\\\/#primaryimage\",\"url\":\"https:\\\/\\\/osepmendoza.com.ar\\\/web\\\/wp-content\\\/uploads\\\/2026\\\/08\\\/portada.jpg\",\"contentUrl\":\"https:\\\/\\\/osepmendoza.com.ar\\\/web\\\/wp-content\\\/uploads\\\/2026\\\/08\\\/portada.jpg\",\"width\":1200,\"height\":438},{\"@type\":\"BreadcrumbList\",\"@id\":\"https:\\\/\\\/osepmendoza.com.ar\\\/web\\\/osep-inicio-simulacros-de-evacuacion-para-fortalecer-la-seguridad-de-trabajadores-y-afiliados\\\/#breadcrumb\",\"itemListElement\":[{\"@type\":\"ListItem\",\"position\":1,\"name\":\"Portada\",\"item\":\"https:\\\/\\\/osepmendoza.com.ar\\\/web\\\/\"},{\"@type\":\"ListItem\",\"position\":2,\"name\":\"OSEP inici\u00f3 simulacros de evacuaci\u00f3n para fortalecer la seguridad de trabajadores y afiliados\"}]},{\"@type\":\"WebSite\",\"@id\":\"https:\\\/\\\/osepmendoza.com.ar\\\/web\\\/#website\",\"url\":\"https:\\\/\\\/osepmendoza.com.ar\\\/web\\\/\",\"name\":\"OSEP Mendoza\",\"description\":\"Obra Social de los Empleados P\u00fablicos de Mendoza\",\"publisher\":{\"@id\":\"https:\\\/\\\/osepmendoza.com.ar\\\/web\\\/#organization\"},\"potentialAction\":[{\"@type\":\"SearchAction\",\"target\":{\"@type\":\"EntryPoint\",\"urlTemplate\":\"https:\\\/\\\/osepmendoza.com.ar\\\/web\\\/?s={search_term_string}\"},\"query-input\":{\"@type\":\"PropertyValueSpecification\",\"valueRequired\":true,\"valueName\":\"search_term_string\"}}],\"inLanguage\":\"es\"},{\"@type\":\"Organization\",\"@id\":\"https:\\\/\\\/osepmendoza.com.ar\\\/web\\\/#organization\",\"name\":\"OSEP - Obra Social de Empleados P\u00fablicos de Mendoza\",\"url\":\"https:\\\/\\\/osepmendoza.com.ar\\\/web\\\/\",\"logo\":{\"@type\":\"ImageObject\",\"inLanguage\":\"es\",\"@id\":\"https:\\\/\\\/osepmendoza.com.ar\\\/web\\\/#\\\/schema\\\/logo\\\/image\\\/\",\"url\":\"https:\\\/\\\/osepmendoza.com.ar\\\/web\\\/wp-content\\\/uploads\\\/2020\\\/04\\\/lkTM9T9z.jpg\",\"contentUrl\":\"https:\\\/\\\/osepmendoza.com.ar\\\/web\\\/wp-content\\\/uploads\\\/2020\\\/04\\\/lkTM9T9z.jpg\",\"width\":334,\"height\":334,\"caption\":\"OSEP - Obra Social de Empleados P\u00fablicos de Mendoza\"},\"image\":{\"@id\":\"https:\\\/\\\/osepmendoza.com.ar\\\/web\\\/#\\\/schema\\\/logo\\\/image\\\/\"},\"sameAs\":[\"https:\\\/\\\/www.facebook.com\\\/OSEP.MendozaArg\\\/\",\"https:\\\/\\\/x.com\\\/OsepMza\",\"https:\\\/\\\/www.instagram.com\\\/osep.mendoza\\\/\",\"https:\\\/\\\/www.youtube.com\\\/user\\\/osepvideos\"]},{\"@type\":\"Person\",\"@id\":\"https:\\\/\\\/osepmendoza.com.ar\\\/web\\\/#\\\/schema\\\/person\\\/589af535ca62640386b991b5adb0b40a\",\"name\":\"Ana Pereyra\",\"image\":{\"@type\":\"ImageObject\",\"inLanguage\":\"es\",\"@id\":\"https:\\\/\\\/secure.gravatar.com\\\/avatar\\\/3529dfb99a65d0433c0142c465656bf9d7ecfc80049608f1e685d8aeab2efa92?s=96&d=mm&r=g\",\"url\":\"https:\\\/\\\/secure.gravatar.com\\\/avatar\\\/3529dfb99a65d0433c0142c465656bf9d7ecfc80049608f1e685d8aeab2efa92?s=96&d=mm&r=g\",\"contentUrl\":\"https:\\\/\\\/secure.gravatar.com\\\/avatar\\\/3529dfb99a65d0433c0142c465656bf9d7ecfc80049608f1e685d8aeab2efa92?s=96&d=mm&r=g\",\"caption\":\"Ana Pereyra\"},\"sameAs\":[\"http:\\\/\\\/osepmendoza.com.ar\\\/web\"]}]}<\/script>\n<!-- \/ Yoast SEO plugin. -->","yoast_head_json":{"title":"OSEP inici\u00f3 simulacros de evacuaci\u00f3n para fortalecer la seguridad de trabajadores y afiliados - OSEP Mendoza","robots":{"index":"index","follow":"follow","max-snippet":"max-snippet:-1","max-image-preview":"max-image-preview:large","max-video-preview":"max-video-preview:-1"},"canonical":"https:\/\/osepmendoza.com.ar\/web\/osep-inicio-simulacros-de-evacuacion-para-fortalecer-la-seguridad-de-trabajadores-y-afiliados\/","og_locale":"es_ES","og_type":"article","og_title":"OSEP inici\u00f3 simulacros de evacuaci\u00f3n para fortalecer la seguridad de trabajadores y afiliados - OSEP Mendoza","og_description":"Con el objetivo de capacitar al personal y optimizar la...","og_url":"https:\/\/osepmendoza.com.ar\/web\/osep-inicio-simulacros-de-evacuacion-para-fortalecer-la-seguridad-de-trabajadores-y-afiliados\/","og_site_name":"OSEP Mendoza","article_publisher":"https:\/\/www.facebook.com\/OSEP.MendozaArg\/","article_published_time":"2026-08-31T18:58:07+00:00","og_image":[{"width":1200,"height":438,"url":"https:\/\/osepmendoza.com.ar\/web\/wp-content\/uploads\/2026\/08\/portada.jpg","type":"image\/jpeg"}],"author":"Ana Pereyra","twitter_card":"summary_large_image","twitter_creator":"@OsepMza","twitter_site":"@OsepMza","twitter_misc":{"Escrito por":"Ana Pereyra","Tiempo de lectura":"2 minutos"},"schema":{"@context":"https:\/\/schema.org","@graph":[{"@type":"Article","@id":"https:\/\/osepmendoza.com.ar\/web\/osep-inicio-simulacros-de-evacuacion-para-fortalecer-la-seguridad-de-trabajadores-y-afiliados\/#article","isPartOf":{"@id":"https:\/\/osepmendoza.com.ar\/web\/osep-inicio-simulacros-de-evacuacion-para-fortalecer-la-seguridad-de-trabajadores-y-afiliados\/"},"author":{"name":"Ana Pereyra","@id":"https:\/\/osepmendoza.com.ar\/web\/#\/schema\/person\/589af535ca62640386b991b5adb0b40a"},"headline":"OSEP inici\u00f3 simulacros de evacuaci\u00f3n para fortalecer la seguridad de trabajadores y afiliados","datePublished":"2026-08-31T18:58:07+00:00","mainEntityOfPage":{"@id":"https:\/\/osepmendoza.com.ar\/web\/osep-inicio-simulacros-de-evacuacion-para-fortalecer-la-seguridad-de-trabajadores-y-afiliados\/"},"wordCount":345,"publisher":{"@id":"https:\/\/osepmendoza.com.ar\/web\/#organization"},"image":{"@id":"https:\/\/osepmendoza.com.ar\/web\/osep-inicio-simulacros-de-evacuacion-para-fortalecer-la-seguridad-de-trabajadores-y-afiliados\/#primaryimage"},"thumbnailUrl":"https:\/\/osepmendoza.com.ar\/web\/wp-content\/uploads\/2026\/08\/portada.jpg","keywords":["capacitaci\u00f3n","osep","simulacro","sismo"],"articleSection":["OSEP"],"inLanguage":"es"},{"@type":"WebPage","@id":"https:\/\/osepmendoza.com.ar\/web\/osep-inicio-simulacros-de-evacuacion-para-fortalecer-la-seguridad-de-trabajadores-y-afiliados\/","url":"https:\/\/osepmendoza.com.ar\/web\/osep-inicio-simulacros-de-evacuacion-para-fortalecer-la-seguridad-de-trabajadores-y-afiliados\/","name":"OSEP inici\u00f3 simulacros de evacuaci\u00f3n para fortalecer la seguridad de trabajadores y afiliados - OSEP Mendoza","isPartOf":{"@id":"https:\/\/osepmendoza.com.ar\/web\/#website"},"primaryImageOfPage":{"@id":"https:\/\/osepmendoza.com.ar\/web\/osep-inicio-simulacros-de-evacuacion-para-fortalecer-la-seguridad-de-trabajadores-y-afiliados\/#primaryimage"},"image":{"@id":"https:\/\/osepmendoza.com.ar\/web\/osep-inicio-simulacros-de-evacuacion-para-fortalecer-la-seguridad-de-trabajadores-y-afiliados\/#primaryimage"},"thumbnailUrl":"https:\/\/osepmendoza.com.ar\/web\/wp-content\/uploads\/2026\/08\/portada.jpg","datePublished":"2026-08-31T18:58:07+00:00","breadcrumb":{"@id":"https:\/\/osepmendoza.com.ar\/web\/osep-inicio-simulacros-de-evacuacion-para-fortalecer-la-seguridad-de-trabajadores-y-afiliados\/#breadcrumb"},"inLanguage":"es","potentialAction":[{"@type":"ReadAction","target":["https:\/\/osepmendoza.com.ar\/web\/osep-inicio-simulacros-de-evacuacion-para-fortalecer-la-seguridad-de-trabajadores-y-afiliados\/"]}]},{"@type":"ImageObject","inLanguage":"es","@id":"https:\/\/osepmendoza.com.ar\/web\/osep-inicio-simulacros-de-evacuacion-para-fortalecer-la-seguridad-de-trabajadores-y-afiliados\/#primaryimage","url":"https:\/\/osepmendoza.com.ar\/web\/wp-content\/uploads\/2026\/08\/portada.jpg","contentUrl":"https:\/\/osepmendoza.com.ar\/web\/wp-content\/uploads\/2026\/08\/portada.jpg","width":1200,"height":438},{"@type":"BreadcrumbList","@id":"https:\/\/osepmendoza.com.ar\/web\/osep-inicio-simulacros-de-evacuacion-para-fortalecer-la-seguridad-de-trabajadores-y-afiliados\/#breadcrumb","itemListElement":[{"@type":"ListItem","position":1,"name":"Portada","item":"https:\/\/osepmendoza.com.ar\/web\/"},{"@type":"ListItem","position":2,"name":"OSEP inici\u00f3 simulacros de evacuaci\u00f3n para fortalecer la seguridad de trabajadores y afiliados"}]},{"@type":"WebSite","@id":"https:\/\/osepmendoza.com.ar\/web\/#website","url":"https:\/\/osepmendoza.com.ar\/web\/","name":"OSEP Mendoza","description":"Obra Social de los Empleados P\u00fablicos de Mendoza","publisher":{"@id":"https:\/\/osepmendoza.com.ar\/web\/#organization"},"potentialAction":[{"@type":"SearchAction","target":{"@type":"EntryPoint","urlTemplate":"https:\/\/osepmendoza.com.ar\/web\/?s={search_term_string}"},"query-input":{"@type":"PropertyValueSpecification","valueRequired":true,"valueName":"search_term_string"}}],"inLanguage":"es"},{"@type":"Organization","@id":"https:\/\/osepmendoza.com.ar\/web\/#organization","name":"OSEP - Obra Social de Empleados P\u00fablicos de Mendoza","url":"https:\/\/osepmendoza.com.ar\/web\/","logo":{"@type":"ImageObject","inLanguage":"es","@id":"https:\/\/osepmendoza.com.ar\/web\/#\/schema\/logo\/image\/","url":"https:\/\/osepmendoza.com.ar\/web\/wp-content\/uploads\/2020\/04\/lkTM9T9z.jpg","contentUrl":"https:\/\/osepmendoza.com.ar\/web\/wp-content\/uploads\/2020\/04\/lkTM9T9z.jpg","width":334,"height":334,"caption":"OSEP - Obra Social de Empleados P\u00fablicos de Mendoza"},"image":{"@id":"https:\/\/osepmendoza.com.ar\/web\/#\/schema\/logo\/image\/"},"sameAs":["https:\/\/www.facebook.com\/OSEP.MendozaArg\/","https:\/\/x.com\/OsepMza","https:\/\/www.instagram.com\/osep.mendoza\/","https:\/\/www.youtube.com\/user\/osepvideos"]},{"@type":"Person","@id":"https:\/\/osepmendoza.com.ar\/web\/#\/schema\/person\/589af535ca62640386b991b5adb0b40a","name":"Ana Pereyra","image":{"@type":"ImageObject","inLanguage":"es","@id":"https:\/\/secure.gravatar.com\/avatar\/3529dfb99a65d0433c0142c465656bf9d7ecfc80049608f1e685d8aeab2efa92?s=96&d=mm&r=g","url":"https:\/\/secure.gravatar.com\/avatar\/3529dfb99a65d0433c0142c465656bf9d7ecfc80049608f1e685d8aeab2efa92?s=96&d=mm&r=g","contentUrl":"https:\/\/secure.gravatar.com\/avatar\/3529dfb99a65d0433c0142c465656bf9d7ecfc80049608f1e685d8aeab2efa92?s=96&d=mm&r=g","caption":"Ana Pereyra"},"sameAs":["http:\/\/osepmendoza.com.ar\/web"]}]}},"amp_enabled":true,"_links":{"self":[{"href":"https:\/\/osepmendoza.com.ar\/web\/wp-json\/wp\/v2\/posts\/61927","targetHints":{"allow":["GET"]}}],"collection":[{"href":"https:\/\/osepmendoza.com.ar\/web\/wp-json\/wp\/v2\/posts"}],"about":[{"href":"https:\/\/osepmendoza.com.ar\/web\/wp-json\/wp\/v2\/types\/post"}],"author":[{"embeddable":true,"href":"https:\/\/osepmendoza.com.ar\/web\/wp-json\/wp\/v2\/users\/11"}],"replies":[{"embeddable":true,"href":"https:\/\/osepmendoza.com.ar\/web\/wp-json\/wp\/v2\/comments?post=61927"}],"version-history":[{"count":2,"href":"https:\/\/osepmendoza.com.ar\/web\/wp-json\/wp\/v2\/posts\/61927\/revisions"}],"predecessor-version":[{"id":61960,"href":"https:\/\/osepmendoza.com.ar\/web\/wp-json\/wp\/v2\/posts\/61927\/revisions\/61960"}],"wp:featuredmedia":[{"embeddable":true,"href":"https:\/\/osepmendoza.com.ar\/web\/wp-json\/wp\/v2\/media\/61944"}],"wp:attachment":[{"href":"https:\/\/osepmendoza.com.ar\/web\/wp-json\/wp\/v2\/media?parent=61927"}],"wp:term":[{"taxonomy":"category","embeddable":true,"href":"https:\/\/osepmendoza.com.ar\/web\/wp-json\/wp\/v2\/categories?post=61927"},{"taxonomy":"post_tag","embeddable":true,"href":"https:\/\/osepmendoza.com.ar\/web\/wp-json\/wp\/v2\/tags?post=61927"}],"curies":[{"name":"wp","href":"https:\/\/api.w.org\/{rel}","templated":true}]}}