{"id":60161,"date":"2026-03-13T17:27:25","date_gmt":"2026-03-13T20:27:25","guid":{"rendered":"https:\/\/osepmendoza.com.ar\/web\/?p=60161"},"modified":"2026-03-13T17:27:25","modified_gmt":"2026-03-13T20:27:25","slug":"otra-semana-con-la-obesidad-en-el-centro-de-la-agenda","status":"publish","type":"post","link":"https:\/\/osepmendoza.com.ar\/web\/otra-semana-con-la-obesidad-en-el-centro-de-la-agenda\/","title":{"rendered":"Otra semana con la obesidad en el centro de la agenda"},"content":{"rendered":"<p><strong>Luego de una positiva experiencia en La Paz, General Alvear, San Mart\u00edn, Tupungato y San Rafael, OSEP realiz\u00f3 nuevas actividades de concientizaci\u00f3n sobre obesidad. Esta semana fue el turno de Maip\u00fa, Bowen, Rivadavia y Carmensa. La pr\u00f3xima semana las jornadas continuar\u00e1n en Malarg\u00fce.<\/strong><\/p>\n<p>Los equipos interdisciplinarios de profesionales de la Obra Social llevaron adelante nuevas jornadas en el marco del 4 de marzo, fecha destinada a promover la concientizaci\u00f3n sobre la obesidad. Como cada a\u00f1o, las actividades han tenido una buena aceptaci\u00f3n y a\u00fan contin\u00faan desarroll\u00e1ndose.<\/p>\n<p>La obesidad es una condici\u00f3n caracterizada por un exceso de adiposidad y responde a causas multifactoriales. En este contexto, el Servicio de Nutrici\u00f3n y Alimentaci\u00f3n de OSEP se ha propuesto fortalecer el seguimiento de la obesidad cl\u00ednica, precl\u00ednica e infantil.<\/p>\n<p>El incremento de esta problem\u00e1tica representa actualmente una de las principales amenazas sanitarias a nivel global. Por ello, desde OSEP se realizan diversas actividades en los efectores propios de toda la provincia, con el objetivo de sumar acciones junto a los equipos de salud.<\/p>\n<p>Las actividades de esta semana comenzaron el lunes en la sede de Maip\u00fa. All\u00ed se conmemoraron el D\u00eda Internacional de la Mujer (8 de marzo) y el D\u00eda Mundial de la Obesidad (4 de marzo). El encuentro tuvo lugar en la vereda de Ozamis 211, donde se instalaron gazebos y se desarroll\u00f3 un circuito de salud integral en el que se abordaron temas como educaci\u00f3n en nutrici\u00f3n, salud mental y consejer\u00eda en controles ginecol\u00f3gicos anuales.<\/p>\n<p>Se trat\u00f3 de un evento muy importante, ya que estas actividades buscan empoderar a las mujeres en el cuidado de su cuerpo y fomentar la consulta anual como medida preventiva. Adem\u00e1s, se entregaron frutas, cremas y material informativo. Participaron las licenciadas Mariana Z\u00fa\u00f1iga, Sonia Francisconi y \u00c9rica Ponce.<\/p>\n<p>El mi\u00e9rcoles, las actividades se trasladaron a Bowen, donde vecinas y afiliadas participaron de un encuentro en el marco del Mes de la Obesidad y de la Mujer. La charla estuvo dirigida a mujeres y adultos mayores y fue coordinada por los licenciados Gisela Rocher y Mart\u00edn Gauvr\u00f3n, junto con la doctora Cecilia Carmona. Fue un encuentro informativo, recreativo y saludable.<\/p>\n<p>El jueves, la jornada continu\u00f3 en Rivadavia, donde un grupo de afiliados particip\u00f3 de un encuentro muy positivo. La licenciada Carina Montero brind\u00f3 una completa charla sobre el comer emocional; la licenciada Agustina Rubio disert\u00f3 sobre la importancia de la alimentaci\u00f3n y el profesor Gustavo Galleto propuso una rutina de actividad f\u00edsica. El encuentro cont\u00f3 con una amplia participaci\u00f3n e interacci\u00f3n.<\/p>\n<p>Por \u00faltimo, la semana culmin\u00f3 en Carmensa, General Alvear. La subsede de OSEP fue el punto de encuentro para celebrar el Mes de la Mujer y de la Obesidad, con una charla a cargo de la doctora Cecilia Carmona. La actividad despert\u00f3 un gran inter\u00e9s entre las asistentes, quienes asumieron el compromiso de continuar promoviendo la concientizaci\u00f3n y se llevaron una enriquecedora experiencia.<\/p>\n<p>Cabe destacar que estas actividades forman parte de una serie de encuentros que se vienen desarrollando en distintos departamentos de la provincia. La semana pasada tuvieron lugar en San Mart\u00edn, General Alvear, San Rafael, Tupungato y La Paz.<\/p>\n<p>La pr\u00f3xima semana las jornadas continuar\u00e1n en Malarg\u00fce. El mi\u00e9rcoles 18, a las 14.30, en la Plaza San Mart\u00edn, se realizar\u00e1 la actividad \u201cLos tesoros saludables\u201d, destinada a ni\u00f1os y ni\u00f1as de la Red Saludable y de la comunidad en general.<\/p>\n<div id='gallery-1' class='gallery galleryid-60161 gallery-columns-2 gallery-size-full'><figure class='gallery-item'>\n\t\t\t<div class='gallery-icon landscape'>\n\t\t\t\t<a href='https:\/\/osepmendoza.com.ar\/web\/otra-semana-con-la-obesidad-en-el-centro-de-la-agenda\/ima2-39\/'><img loading=\"lazy\" decoding=\"async\" width=\"1600\" height=\"1200\" src=\"https:\/\/osepmendoza.com.ar\/web\/wp-content\/uploads\/2026\/03\/ima2.jpeg\" class=\"attachment-full size-full\" alt=\"\" srcset=\"https:\/\/osepmendoza.com.ar\/web\/wp-content\/uploads\/2026\/03\/ima2.jpeg 1600w, https:\/\/osepmendoza.com.ar\/web\/wp-content\/uploads\/2026\/03\/ima2-150x113.jpeg 150w, https:\/\/osepmendoza.com.ar\/web\/wp-content\/uploads\/2026\/03\/ima2-768x576.jpeg 768w, https:\/\/osepmendoza.com.ar\/web\/wp-content\/uploads\/2026\/03\/ima2-1536x1152.jpeg 1536w\" sizes=\"auto, (max-width: 1600px) 100vw, 1600px\" \/><\/a>\n\t\t\t<\/div><\/figure><figure class='gallery-item'>\n\t\t\t<div class='gallery-icon landscape'>\n\t\t\t\t<a href='https:\/\/osepmendoza.com.ar\/web\/otra-semana-con-la-obesidad-en-el-centro-de-la-agenda\/ima3-34\/'><img loading=\"lazy\" decoding=\"async\" width=\"1600\" height=\"1200\" src=\"https:\/\/osepmendoza.com.ar\/web\/wp-content\/uploads\/2026\/03\/ima3.jpeg\" class=\"attachment-full size-full\" alt=\"\" srcset=\"https:\/\/osepmendoza.com.ar\/web\/wp-content\/uploads\/2026\/03\/ima3.jpeg 1600w, https:\/\/osepmendoza.com.ar\/web\/wp-content\/uploads\/2026\/03\/ima3-150x113.jpeg 150w, https:\/\/osepmendoza.com.ar\/web\/wp-content\/uploads\/2026\/03\/ima3-768x576.jpeg 768w, https:\/\/osepmendoza.com.ar\/web\/wp-content\/uploads\/2026\/03\/ima3-1536x1152.jpeg 1536w\" sizes=\"auto, (max-width: 1600px) 100vw, 1600px\" \/><\/a>\n\t\t\t<\/div><\/figure><figure class='gallery-item'>\n\t\t\t<div class='gallery-icon landscape'>\n\t\t\t\t<a href='https:\/\/osepmendoza.com.ar\/web\/otra-semana-con-la-obesidad-en-el-centro-de-la-agenda\/ima4-23\/'><img loading=\"lazy\" decoding=\"async\" width=\"1600\" height=\"900\" src=\"https:\/\/osepmendoza.com.ar\/web\/wp-content\/uploads\/2026\/03\/ima4.jpeg\" class=\"attachment-full size-full\" alt=\"\" srcset=\"https:\/\/osepmendoza.com.ar\/web\/wp-content\/uploads\/2026\/03\/ima4.jpeg 1600w, https:\/\/osepmendoza.com.ar\/web\/wp-content\/uploads\/2026\/03\/ima4-150x84.jpeg 150w, https:\/\/osepmendoza.com.ar\/web\/wp-content\/uploads\/2026\/03\/ima4-768x432.jpeg 768w, https:\/\/osepmendoza.com.ar\/web\/wp-content\/uploads\/2026\/03\/ima4-1536x864.jpeg 1536w, https:\/\/osepmendoza.com.ar\/web\/wp-content\/uploads\/2026\/03\/ima4-1200x675.jpeg 1200w\" sizes=\"auto, (max-width: 1600px) 100vw, 1600px\" \/><\/a>\n\t\t\t<\/div><\/figure><figure class='gallery-item'>\n\t\t\t<div class='gallery-icon landscape'>\n\t\t\t\t<a href='https:\/\/osepmendoza.com.ar\/web\/otra-semana-con-la-obesidad-en-el-centro-de-la-agenda\/ima5-20\/'><img loading=\"lazy\" decoding=\"async\" width=\"1600\" height=\"1200\" src=\"https:\/\/osepmendoza.com.ar\/web\/wp-content\/uploads\/2026\/03\/ima5.jpeg\" class=\"attachment-full size-full\" alt=\"\" srcset=\"https:\/\/osepmendoza.com.ar\/web\/wp-content\/uploads\/2026\/03\/ima5.jpeg 1600w, https:\/\/osepmendoza.com.ar\/web\/wp-content\/uploads\/2026\/03\/ima5-150x113.jpeg 150w, https:\/\/osepmendoza.com.ar\/web\/wp-content\/uploads\/2026\/03\/ima5-768x576.jpeg 768w, https:\/\/osepmendoza.com.ar\/web\/wp-content\/uploads\/2026\/03\/ima5-1536x1152.jpeg 1536w\" sizes=\"auto, (max-width: 1600px) 100vw, 1600px\" \/><\/a>\n\t\t\t<\/div><\/figure><figure class='gallery-item'>\n\t\t\t<div class='gallery-icon landscape'>\n\t\t\t\t<a href='https:\/\/osepmendoza.com.ar\/web\/otra-semana-con-la-obesidad-en-el-centro-de-la-agenda\/ima6-18\/'><img loading=\"lazy\" decoding=\"async\" width=\"1600\" height=\"1200\" src=\"https:\/\/osepmendoza.com.ar\/web\/wp-content\/uploads\/2026\/03\/ima6.jpeg\" class=\"attachment-full size-full\" alt=\"\" srcset=\"https:\/\/osepmendoza.com.ar\/web\/wp-content\/uploads\/2026\/03\/ima6.jpeg 1600w, https:\/\/osepmendoza.com.ar\/web\/wp-content\/uploads\/2026\/03\/ima6-150x113.jpeg 150w, https:\/\/osepmendoza.com.ar\/web\/wp-content\/uploads\/2026\/03\/ima6-768x576.jpeg 768w, https:\/\/osepmendoza.com.ar\/web\/wp-content\/uploads\/2026\/03\/ima6-1536x1152.jpeg 1536w\" sizes=\"auto, (max-width: 1600px) 100vw, 1600px\" \/><\/a>\n\t\t\t<\/div><\/figure><figure class='gallery-item'>\n\t\t\t<div class='gallery-icon landscape'>\n\t\t\t\t<a href='https:\/\/osepmendoza.com.ar\/web\/otra-semana-con-la-obesidad-en-el-centro-de-la-agenda\/ima7-16\/'><img loading=\"lazy\" decoding=\"async\" width=\"1600\" height=\"1200\" src=\"https:\/\/osepmendoza.com.ar\/web\/wp-content\/uploads\/2026\/03\/ima7.jpeg\" class=\"attachment-full size-full\" alt=\"\" srcset=\"https:\/\/osepmendoza.com.ar\/web\/wp-content\/uploads\/2026\/03\/ima7.jpeg 1600w, https:\/\/osepmendoza.com.ar\/web\/wp-content\/uploads\/2026\/03\/ima7-150x113.jpeg 150w, https:\/\/osepmendoza.com.ar\/web\/wp-content\/uploads\/2026\/03\/ima7-768x576.jpeg 768w, https:\/\/osepmendoza.com.ar\/web\/wp-content\/uploads\/2026\/03\/ima7-1536x1152.jpeg 1536w\" sizes=\"auto, (max-width: 1600px) 100vw, 1600px\" \/><\/a>\n\t\t\t<\/div><\/figure><figure class='gallery-item'>\n\t\t\t<div class='gallery-icon landscape'>\n\t\t\t\t<a href='https:\/\/osepmendoza.com.ar\/web\/otra-semana-con-la-obesidad-en-el-centro-de-la-agenda\/ima8-15\/'><img loading=\"lazy\" decoding=\"async\" width=\"1600\" height=\"1200\" src=\"https:\/\/osepmendoza.com.ar\/web\/wp-content\/uploads\/2026\/03\/ima8.jpeg\" class=\"attachment-full size-full\" alt=\"\" srcset=\"https:\/\/osepmendoza.com.ar\/web\/wp-content\/uploads\/2026\/03\/ima8.jpeg 1600w, https:\/\/osepmendoza.com.ar\/web\/wp-content\/uploads\/2026\/03\/ima8-150x113.jpeg 150w, https:\/\/osepmendoza.com.ar\/web\/wp-content\/uploads\/2026\/03\/ima8-768x576.jpeg 768w, https:\/\/osepmendoza.com.ar\/web\/wp-content\/uploads\/2026\/03\/ima8-1536x1152.jpeg 1536w\" sizes=\"auto, (max-width: 1600px) 100vw, 1600px\" \/><\/a>\n\t\t\t<\/div><\/figure><figure class='gallery-item'>\n\t\t\t<div class='gallery-icon landscape'>\n\t\t\t\t<a href='https:\/\/osepmendoza.com.ar\/web\/otra-semana-con-la-obesidad-en-el-centro-de-la-agenda\/ima9-13\/'><img loading=\"lazy\" decoding=\"async\" width=\"1600\" height=\"1200\" src=\"https:\/\/osepmendoza.com.ar\/web\/wp-content\/uploads\/2026\/03\/ima9.jpeg\" class=\"attachment-full size-full\" alt=\"\" srcset=\"https:\/\/osepmendoza.com.ar\/web\/wp-content\/uploads\/2026\/03\/ima9.jpeg 1600w, https:\/\/osepmendoza.com.ar\/web\/wp-content\/uploads\/2026\/03\/ima9-150x113.jpeg 150w, https:\/\/osepmendoza.com.ar\/web\/wp-content\/uploads\/2026\/03\/ima9-768x576.jpeg 768w, https:\/\/osepmendoza.com.ar\/web\/wp-content\/uploads\/2026\/03\/ima9-1536x1152.jpeg 1536w\" sizes=\"auto, (max-width: 1600px) 100vw, 1600px\" \/><\/a>\n\t\t\t<\/div><\/figure><figure class='gallery-item'>\n\t\t\t<div class='gallery-icon landscape'>\n\t\t\t\t<a href='https:\/\/osepmendoza.com.ar\/web\/otra-semana-con-la-obesidad-en-el-centro-de-la-agenda\/imaa-8\/'><img loading=\"lazy\" decoding=\"async\" width=\"1600\" height=\"1200\" src=\"https:\/\/osepmendoza.com.ar\/web\/wp-content\/uploads\/2026\/03\/imaa.jpeg\" class=\"attachment-full size-full\" alt=\"\" srcset=\"https:\/\/osepmendoza.com.ar\/web\/wp-content\/uploads\/2026\/03\/imaa.jpeg 1600w, https:\/\/osepmendoza.com.ar\/web\/wp-content\/uploads\/2026\/03\/imaa-150x113.jpeg 150w, https:\/\/osepmendoza.com.ar\/web\/wp-content\/uploads\/2026\/03\/imaa-768x576.jpeg 768w, https:\/\/osepmendoza.com.ar\/web\/wp-content\/uploads\/2026\/03\/imaa-1536x1152.jpeg 1536w\" sizes=\"auto, (max-width: 1600px) 100vw, 1600px\" \/><\/a>\n\t\t\t<\/div><\/figure><figure class='gallery-item'>\n\t\t\t<div class='gallery-icon landscape'>\n\t\t\t\t<a href='https:\/\/osepmendoza.com.ar\/web\/otra-semana-con-la-obesidad-en-el-centro-de-la-agenda\/imab-4\/'><img loading=\"lazy\" decoding=\"async\" width=\"1920\" height=\"1440\" src=\"https:\/\/osepmendoza.com.ar\/web\/wp-content\/uploads\/2026\/03\/imab.jpeg\" class=\"attachment-full size-full\" alt=\"\" srcset=\"https:\/\/osepmendoza.com.ar\/web\/wp-content\/uploads\/2026\/03\/imab.jpeg 1920w, https:\/\/osepmendoza.com.ar\/web\/wp-content\/uploads\/2026\/03\/imab-150x113.jpeg 150w, https:\/\/osepmendoza.com.ar\/web\/wp-content\/uploads\/2026\/03\/imab-768x576.jpeg 768w, https:\/\/osepmendoza.com.ar\/web\/wp-content\/uploads\/2026\/03\/imab-1536x1152.jpeg 1536w\" sizes=\"auto, (max-width: 1920px) 100vw, 1920px\" \/><\/a>\n\t\t\t<\/div><\/figure><figure class='gallery-item'>\n\t\t\t<div class='gallery-icon landscape'>\n\t\t\t\t<a href='https:\/\/osepmendoza.com.ar\/web\/otra-semana-con-la-obesidad-en-el-centro-de-la-agenda\/imae-3\/'><img loading=\"lazy\" decoding=\"async\" width=\"1600\" height=\"1200\" src=\"https:\/\/osepmendoza.com.ar\/web\/wp-content\/uploads\/2026\/03\/imae.jpeg\" class=\"attachment-full size-full\" alt=\"\" srcset=\"https:\/\/osepmendoza.com.ar\/web\/wp-content\/uploads\/2026\/03\/imae.jpeg 1600w, https:\/\/osepmendoza.com.ar\/web\/wp-content\/uploads\/2026\/03\/imae-150x113.jpeg 150w, https:\/\/osepmendoza.com.ar\/web\/wp-content\/uploads\/2026\/03\/imae-768x576.jpeg 768w, https:\/\/osepmendoza.com.ar\/web\/wp-content\/uploads\/2026\/03\/imae-1536x1152.jpeg 1536w\" sizes=\"auto, (max-width: 1600px) 100vw, 1600px\" \/><\/a>\n\t\t\t<\/div><\/figure><figure class='gallery-item'>\n\t\t\t<div class='gallery-icon landscape'>\n\t\t\t\t<a href='https:\/\/osepmendoza.com.ar\/web\/otra-semana-con-la-obesidad-en-el-centro-de-la-agenda\/imaf-3\/'><img loading=\"lazy\" decoding=\"async\" width=\"1280\" height=\"960\" src=\"https:\/\/osepmendoza.com.ar\/web\/wp-content\/uploads\/2026\/03\/imaf.jpeg\" class=\"attachment-full size-full\" alt=\"\" srcset=\"https:\/\/osepmendoza.com.ar\/web\/wp-content\/uploads\/2026\/03\/imaf.jpeg 1280w, https:\/\/osepmendoza.com.ar\/web\/wp-content\/uploads\/2026\/03\/imaf-150x113.jpeg 150w, https:\/\/osepmendoza.com.ar\/web\/wp-content\/uploads\/2026\/03\/imaf-768x576.jpeg 768w\" sizes=\"auto, (max-width: 1280px) 100vw, 1280px\" \/><\/a>\n\t\t\t<\/div><\/figure><figure class='gallery-item'>\n\t\t\t<div class='gallery-icon landscape'>\n\t\t\t\t<a href='https:\/\/osepmendoza.com.ar\/web\/otra-semana-con-la-obesidad-en-el-centro-de-la-agenda\/imah-3\/'><img loading=\"lazy\" decoding=\"async\" width=\"1600\" height=\"1204\" src=\"https:\/\/osepmendoza.com.ar\/web\/wp-content\/uploads\/2026\/03\/imah.jpeg\" class=\"attachment-full size-full\" alt=\"\" srcset=\"https:\/\/osepmendoza.com.ar\/web\/wp-content\/uploads\/2026\/03\/imah.jpeg 1600w, https:\/\/osepmendoza.com.ar\/web\/wp-content\/uploads\/2026\/03\/imah-150x113.jpeg 150w, https:\/\/osepmendoza.com.ar\/web\/wp-content\/uploads\/2026\/03\/imah-768x578.jpeg 768w, https:\/\/osepmendoza.com.ar\/web\/wp-content\/uploads\/2026\/03\/imah-1536x1156.jpeg 1536w\" sizes=\"auto, (max-width: 1600px) 100vw, 1600px\" \/><\/a>\n\t\t\t<\/div><\/figure><figure class='gallery-item'>\n\t\t\t<div class='gallery-icon landscape'>\n\t\t\t\t<a href='https:\/\/osepmendoza.com.ar\/web\/otra-semana-con-la-obesidad-en-el-centro-de-la-agenda\/imai\/'><img loading=\"lazy\" decoding=\"async\" width=\"1599\" height=\"1200\" src=\"https:\/\/osepmendoza.com.ar\/web\/wp-content\/uploads\/2026\/03\/imai.jpeg\" class=\"attachment-full size-full\" alt=\"\" srcset=\"https:\/\/osepmendoza.com.ar\/web\/wp-content\/uploads\/2026\/03\/imai.jpeg 1599w, https:\/\/osepmendoza.com.ar\/web\/wp-content\/uploads\/2026\/03\/imai-150x113.jpeg 150w, https:\/\/osepmendoza.com.ar\/web\/wp-content\/uploads\/2026\/03\/imai-768x576.jpeg 768w, https:\/\/osepmendoza.com.ar\/web\/wp-content\/uploads\/2026\/03\/imai-1536x1153.jpeg 1536w\" sizes=\"auto, (max-width: 1599px) 100vw, 1599px\" \/><\/a>\n\t\t\t<\/div><\/figure><figure class='gallery-item'>\n\t\t\t<div class='gallery-icon portrait'>\n\t\t\t\t<a href='https:\/\/osepmendoza.com.ar\/web\/otra-semana-con-la-obesidad-en-el-centro-de-la-agenda\/ima1-51\/'><img loading=\"lazy\" decoding=\"async\" width=\"1200\" height=\"1600\" src=\"https:\/\/osepmendoza.com.ar\/web\/wp-content\/uploads\/2026\/03\/ima1.jpeg\" class=\"attachment-full size-full\" alt=\"\" srcset=\"https:\/\/osepmendoza.com.ar\/web\/wp-content\/uploads\/2026\/03\/ima1.jpeg 1200w, https:\/\/osepmendoza.com.ar\/web\/wp-content\/uploads\/2026\/03\/ima1-113x150.jpeg 113w, https:\/\/osepmendoza.com.ar\/web\/wp-content\/uploads\/2026\/03\/ima1-768x1024.jpeg 768w, https:\/\/osepmendoza.com.ar\/web\/wp-content\/uploads\/2026\/03\/ima1-1152x1536.jpeg 1152w\" sizes=\"auto, (max-width: 1200px) 100vw, 1200px\" \/><\/a>\n\t\t\t<\/div><\/figure><figure class='gallery-item'>\n\t\t\t<div class='gallery-icon portrait'>\n\t\t\t\t<a href='https:\/\/osepmendoza.com.ar\/web\/otra-semana-con-la-obesidad-en-el-centro-de-la-agenda\/imac-3\/'><img loading=\"lazy\" decoding=\"async\" width=\"1200\" height=\"1600\" src=\"https:\/\/osepmendoza.com.ar\/web\/wp-content\/uploads\/2026\/03\/imac.jpeg\" class=\"attachment-full size-full\" alt=\"\" srcset=\"https:\/\/osepmendoza.com.ar\/web\/wp-content\/uploads\/2026\/03\/imac.jpeg 1200w, https:\/\/osepmendoza.com.ar\/web\/wp-content\/uploads\/2026\/03\/imac-113x150.jpeg 113w, https:\/\/osepmendoza.com.ar\/web\/wp-content\/uploads\/2026\/03\/imac-768x1024.jpeg 768w, https:\/\/osepmendoza.com.ar\/web\/wp-content\/uploads\/2026\/03\/imac-1152x1536.jpeg 1152w\" sizes=\"auto, (max-width: 1200px) 100vw, 1200px\" \/><\/a>\n\t\t\t<\/div><\/figure><figure class='gallery-item'>\n\t\t\t<div class='gallery-icon portrait'>\n\t\t\t\t<a href='https:\/\/osepmendoza.com.ar\/web\/otra-semana-con-la-obesidad-en-el-centro-de-la-agenda\/imad-4\/'><img loading=\"lazy\" decoding=\"async\" width=\"1200\" height=\"1600\" src=\"https:\/\/osepmendoza.com.ar\/web\/wp-content\/uploads\/2026\/03\/imad.jpeg\" class=\"attachment-full size-full\" alt=\"\" srcset=\"https:\/\/osepmendoza.com.ar\/web\/wp-content\/uploads\/2026\/03\/imad.jpeg 1200w, https:\/\/osepmendoza.com.ar\/web\/wp-content\/uploads\/2026\/03\/imad-113x150.jpeg 113w, https:\/\/osepmendoza.com.ar\/web\/wp-content\/uploads\/2026\/03\/imad-768x1024.jpeg 768w, https:\/\/osepmendoza.com.ar\/web\/wp-content\/uploads\/2026\/03\/imad-1152x1536.jpeg 1152w\" sizes=\"auto, (max-width: 1200px) 100vw, 1200px\" \/><\/a>\n\t\t\t<\/div><\/figure><figure class='gallery-item'>\n\t\t\t<div class='gallery-icon portrait'>\n\t\t\t\t<a href='https:\/\/osepmendoza.com.ar\/web\/otra-semana-con-la-obesidad-en-el-centro-de-la-agenda\/imag-3\/'><img loading=\"lazy\" decoding=\"async\" width=\"1204\" height=\"1600\" src=\"https:\/\/osepmendoza.com.ar\/web\/wp-content\/uploads\/2026\/03\/imag.jpeg\" class=\"attachment-full size-full\" alt=\"\" srcset=\"https:\/\/osepmendoza.com.ar\/web\/wp-content\/uploads\/2026\/03\/imag.jpeg 1204w, https:\/\/osepmendoza.com.ar\/web\/wp-content\/uploads\/2026\/03\/imag-113x150.jpeg 113w, https:\/\/osepmendoza.com.ar\/web\/wp-content\/uploads\/2026\/03\/imag-768x1021.jpeg 768w, https:\/\/osepmendoza.com.ar\/web\/wp-content\/uploads\/2026\/03\/imag-1156x1536.jpeg 1156w\" sizes=\"auto, (max-width: 1204px) 100vw, 1204px\" \/><\/a>\n\t\t\t<\/div><\/figure><figure class='gallery-item'>\n\t\t\t<div class='gallery-icon portrait'>\n\t\t\t\t<a href='https:\/\/osepmendoza.com.ar\/web\/otra-semana-con-la-obesidad-en-el-centro-de-la-agenda\/imaj\/'><img loading=\"lazy\" decoding=\"async\" width=\"1200\" height=\"1600\" src=\"https:\/\/osepmendoza.com.ar\/web\/wp-content\/uploads\/2026\/03\/imaj.jpeg\" class=\"attachment-full size-full\" alt=\"\" srcset=\"https:\/\/osepmendoza.com.ar\/web\/wp-content\/uploads\/2026\/03\/imaj.jpeg 1200w, https:\/\/osepmendoza.com.ar\/web\/wp-content\/uploads\/2026\/03\/imaj-113x150.jpeg 113w, https:\/\/osepmendoza.com.ar\/web\/wp-content\/uploads\/2026\/03\/imaj-768x1024.jpeg 768w, https:\/\/osepmendoza.com.ar\/web\/wp-content\/uploads\/2026\/03\/imaj-1152x1536.jpeg 1152w\" sizes=\"auto, (max-width: 1200px) 100vw, 1200px\" \/><\/a>\n\t\t\t<\/div><\/figure><figure class='gallery-item'>\n\t\t\t<div class='gallery-icon portrait'>\n\t\t\t\t<a href='https:\/\/osepmendoza.com.ar\/web\/otra-semana-con-la-obesidad-en-el-centro-de-la-agenda\/imak\/'><img loading=\"lazy\" decoding=\"async\" width=\"1200\" height=\"1600\" src=\"https:\/\/osepmendoza.com.ar\/web\/wp-content\/uploads\/2026\/03\/imak.jpeg\" class=\"attachment-full size-full\" alt=\"\" srcset=\"https:\/\/osepmendoza.com.ar\/web\/wp-content\/uploads\/2026\/03\/imak.jpeg 1200w, https:\/\/osepmendoza.com.ar\/web\/wp-content\/uploads\/2026\/03\/imak-113x150.jpeg 113w, https:\/\/osepmendoza.com.ar\/web\/wp-content\/uploads\/2026\/03\/imak-768x1024.jpeg 768w, https:\/\/osepmendoza.com.ar\/web\/wp-content\/uploads\/2026\/03\/imak-1152x1536.jpeg 1152w\" sizes=\"auto, (max-width: 1200px) 100vw, 1200px\" \/><\/a>\n\t\t\t<\/div><\/figure>\n\t\t<\/div>\n\n","protected":false},"excerpt":{"rendered":"<p>Luego de una positiva experiencia en La Paz, General Alvear,&#8230;<\/p>\n","protected":false},"author":12,"featured_media":60162,"comment_status":"closed","ping_status":"open","sticky":false,"template":"","format":"standard","meta":{"_acf_changed":false,"inline_featured_image":false,"_exactmetrics_skip_tracking":false,"_exactmetrics_sitenote_active":false,"_exactmetrics_sitenote_note":"","_exactmetrics_sitenote_category":0,"footnotes":"","_links_to":"","_links_to_target":""},"categories":[101],"tags":[225,187,735,117,226,121,1312,533,176],"class_list":["post-60161","post","type-post","status-publish","format-standard","has-post-thumbnail","hentry","category-noticias","tag-actividades","tag-alvear","tag-bowen","tag-carmensa","tag-maipu","tag-malargue","tag-mes","tag-obesidad","tag-rivadavia"],"acf":[],"yoast_head":"<!-- This site is optimized with the Yoast SEO plugin v27.5 - https:\/\/yoast.com\/product\/yoast-seo-wordpress\/ -->\n<title>Otra semana con la obesidad en el centro de la agenda - OSEP Mendoza<\/title>\n<meta name=\"robots\" content=\"index, follow, max-snippet:-1, max-image-preview:large, max-video-preview:-1\" \/>\n<link rel=\"canonical\" href=\"https:\/\/osepmendoza.com.ar\/web\/otra-semana-con-la-obesidad-en-el-centro-de-la-agenda\/\" \/>\n<meta property=\"og:locale\" content=\"es_ES\" \/>\n<meta property=\"og:type\" content=\"article\" \/>\n<meta property=\"og:title\" content=\"Otra semana con la obesidad en el centro de la agenda - OSEP Mendoza\" \/>\n<meta property=\"og:description\" content=\"Luego de una positiva experiencia en La Paz, General Alvear,...\" \/>\n<meta property=\"og:url\" content=\"https:\/\/osepmendoza.com.ar\/web\/otra-semana-con-la-obesidad-en-el-centro-de-la-agenda\/\" \/>\n<meta property=\"og:site_name\" content=\"OSEP Mendoza\" \/>\n<meta property=\"article:publisher\" content=\"https:\/\/www.facebook.com\/OSEP.MendozaArg\/\" \/>\n<meta property=\"article:published_time\" content=\"2026-03-13T20:27:25+00:00\" \/>\n<meta property=\"og:image\" content=\"https:\/\/osepmendoza.com.ar\/web\/wp-content\/uploads\/2026\/03\/ima0.jpg\" \/>\n\t<meta property=\"og:image:width\" content=\"1200\" \/>\n\t<meta property=\"og:image:height\" content=\"438\" \/>\n\t<meta property=\"og:image:type\" content=\"image\/jpeg\" \/>\n<meta name=\"author\" content=\"Sebastian Fernandez\" \/>\n<meta name=\"twitter:card\" content=\"summary_large_image\" \/>\n<meta name=\"twitter:creator\" content=\"@OsepMza\" \/>\n<meta name=\"twitter:site\" content=\"@OsepMza\" \/>\n<meta name=\"twitter:label1\" content=\"Escrito por\" \/>\n\t<meta name=\"twitter:data1\" content=\"Sebastian Fernandez\" \/>\n\t<meta name=\"twitter:label2\" content=\"Tiempo de lectura\" \/>\n\t<meta name=\"twitter:data2\" content=\"3 minutos\" \/>\n<script type=\"application\/ld+json\" class=\"yoast-schema-graph\">{\"@context\":\"https:\\\/\\\/schema.org\",\"@graph\":[{\"@type\":\"Article\",\"@id\":\"https:\\\/\\\/osepmendoza.com.ar\\\/web\\\/otra-semana-con-la-obesidad-en-el-centro-de-la-agenda\\\/#article\",\"isPartOf\":{\"@id\":\"https:\\\/\\\/osepmendoza.com.ar\\\/web\\\/otra-semana-con-la-obesidad-en-el-centro-de-la-agenda\\\/\"},\"author\":{\"name\":\"Sebastian Fernandez\",\"@id\":\"https:\\\/\\\/osepmendoza.com.ar\\\/web\\\/#\\\/schema\\\/person\\\/90986df7128a51e32bb66102fc247eb2\"},\"headline\":\"Otra semana con la obesidad en el centro de la agenda\",\"datePublished\":\"2026-03-13T20:27:25+00:00\",\"mainEntityOfPage\":{\"@id\":\"https:\\\/\\\/osepmendoza.com.ar\\\/web\\\/otra-semana-con-la-obesidad-en-el-centro-de-la-agenda\\\/\"},\"wordCount\":609,\"publisher\":{\"@id\":\"https:\\\/\\\/osepmendoza.com.ar\\\/web\\\/#organization\"},\"image\":{\"@id\":\"https:\\\/\\\/osepmendoza.com.ar\\\/web\\\/otra-semana-con-la-obesidad-en-el-centro-de-la-agenda\\\/#primaryimage\"},\"thumbnailUrl\":\"https:\\\/\\\/osepmendoza.com.ar\\\/web\\\/wp-content\\\/uploads\\\/2026\\\/03\\\/ima0.jpg\",\"keywords\":[\"actividades\",\"Alvear\",\"bowen\",\"Carmensa\",\"maipu\",\"malargue\",\"mes\",\"obesidad\",\"Rivadavia\"],\"articleSection\":[\"Noticias\"],\"inLanguage\":\"es\"},{\"@type\":\"WebPage\",\"@id\":\"https:\\\/\\\/osepmendoza.com.ar\\\/web\\\/otra-semana-con-la-obesidad-en-el-centro-de-la-agenda\\\/\",\"url\":\"https:\\\/\\\/osepmendoza.com.ar\\\/web\\\/otra-semana-con-la-obesidad-en-el-centro-de-la-agenda\\\/\",\"name\":\"Otra semana con la obesidad en el centro de la agenda - OSEP Mendoza\",\"isPartOf\":{\"@id\":\"https:\\\/\\\/osepmendoza.com.ar\\\/web\\\/#website\"},\"primaryImageOfPage\":{\"@id\":\"https:\\\/\\\/osepmendoza.com.ar\\\/web\\\/otra-semana-con-la-obesidad-en-el-centro-de-la-agenda\\\/#primaryimage\"},\"image\":{\"@id\":\"https:\\\/\\\/osepmendoza.com.ar\\\/web\\\/otra-semana-con-la-obesidad-en-el-centro-de-la-agenda\\\/#primaryimage\"},\"thumbnailUrl\":\"https:\\\/\\\/osepmendoza.com.ar\\\/web\\\/wp-content\\\/uploads\\\/2026\\\/03\\\/ima0.jpg\",\"datePublished\":\"2026-03-13T20:27:25+00:00\",\"breadcrumb\":{\"@id\":\"https:\\\/\\\/osepmendoza.com.ar\\\/web\\\/otra-semana-con-la-obesidad-en-el-centro-de-la-agenda\\\/#breadcrumb\"},\"inLanguage\":\"es\",\"potentialAction\":[{\"@type\":\"ReadAction\",\"target\":[\"https:\\\/\\\/osepmendoza.com.ar\\\/web\\\/otra-semana-con-la-obesidad-en-el-centro-de-la-agenda\\\/\"]}]},{\"@type\":\"ImageObject\",\"inLanguage\":\"es\",\"@id\":\"https:\\\/\\\/osepmendoza.com.ar\\\/web\\\/otra-semana-con-la-obesidad-en-el-centro-de-la-agenda\\\/#primaryimage\",\"url\":\"https:\\\/\\\/osepmendoza.com.ar\\\/web\\\/wp-content\\\/uploads\\\/2026\\\/03\\\/ima0.jpg\",\"contentUrl\":\"https:\\\/\\\/osepmendoza.com.ar\\\/web\\\/wp-content\\\/uploads\\\/2026\\\/03\\\/ima0.jpg\",\"width\":1200,\"height\":438},{\"@type\":\"BreadcrumbList\",\"@id\":\"https:\\\/\\\/osepmendoza.com.ar\\\/web\\\/otra-semana-con-la-obesidad-en-el-centro-de-la-agenda\\\/#breadcrumb\",\"itemListElement\":[{\"@type\":\"ListItem\",\"position\":1,\"name\":\"Portada\",\"item\":\"https:\\\/\\\/osepmendoza.com.ar\\\/web\\\/\"},{\"@type\":\"ListItem\",\"position\":2,\"name\":\"Otra semana con la obesidad en el centro de la agenda\"}]},{\"@type\":\"WebSite\",\"@id\":\"https:\\\/\\\/osepmendoza.com.ar\\\/web\\\/#website\",\"url\":\"https:\\\/\\\/osepmendoza.com.ar\\\/web\\\/\",\"name\":\"OSEP Mendoza\",\"description\":\"Obra Social de los Empleados P\u00fablicos de Mendoza\",\"publisher\":{\"@id\":\"https:\\\/\\\/osepmendoza.com.ar\\\/web\\\/#organization\"},\"potentialAction\":[{\"@type\":\"SearchAction\",\"target\":{\"@type\":\"EntryPoint\",\"urlTemplate\":\"https:\\\/\\\/osepmendoza.com.ar\\\/web\\\/?s={search_term_string}\"},\"query-input\":{\"@type\":\"PropertyValueSpecification\",\"valueRequired\":true,\"valueName\":\"search_term_string\"}}],\"inLanguage\":\"es\"},{\"@type\":\"Organization\",\"@id\":\"https:\\\/\\\/osepmendoza.com.ar\\\/web\\\/#organization\",\"name\":\"OSEP - Obra Social de Empleados P\u00fablicos de Mendoza\",\"url\":\"https:\\\/\\\/osepmendoza.com.ar\\\/web\\\/\",\"logo\":{\"@type\":\"ImageObject\",\"inLanguage\":\"es\",\"@id\":\"https:\\\/\\\/osepmendoza.com.ar\\\/web\\\/#\\\/schema\\\/logo\\\/image\\\/\",\"url\":\"https:\\\/\\\/osepmendoza.com.ar\\\/web\\\/wp-content\\\/uploads\\\/2020\\\/04\\\/lkTM9T9z.jpg\",\"contentUrl\":\"https:\\\/\\\/osepmendoza.com.ar\\\/web\\\/wp-content\\\/uploads\\\/2020\\\/04\\\/lkTM9T9z.jpg\",\"width\":334,\"height\":334,\"caption\":\"OSEP - Obra Social de Empleados P\u00fablicos de Mendoza\"},\"image\":{\"@id\":\"https:\\\/\\\/osepmendoza.com.ar\\\/web\\\/#\\\/schema\\\/logo\\\/image\\\/\"},\"sameAs\":[\"https:\\\/\\\/www.facebook.com\\\/OSEP.MendozaArg\\\/\",\"https:\\\/\\\/x.com\\\/OsepMza\",\"https:\\\/\\\/www.instagram.com\\\/osep.mendoza\\\/\",\"https:\\\/\\\/www.youtube.com\\\/user\\\/osepvideos\"]},{\"@type\":\"Person\",\"@id\":\"https:\\\/\\\/osepmendoza.com.ar\\\/web\\\/#\\\/schema\\\/person\\\/90986df7128a51e32bb66102fc247eb2\",\"name\":\"Sebastian Fernandez\",\"image\":{\"@type\":\"ImageObject\",\"inLanguage\":\"es\",\"@id\":\"https:\\\/\\\/secure.gravatar.com\\\/avatar\\\/cc42d53caabe846896e06ed8955a60e82b2b829babcb731f86f26c42378bcfec?s=96&d=mm&r=g\",\"url\":\"https:\\\/\\\/secure.gravatar.com\\\/avatar\\\/cc42d53caabe846896e06ed8955a60e82b2b829babcb731f86f26c42378bcfec?s=96&d=mm&r=g\",\"contentUrl\":\"https:\\\/\\\/secure.gravatar.com\\\/avatar\\\/cc42d53caabe846896e06ed8955a60e82b2b829babcb731f86f26c42378bcfec?s=96&d=mm&r=g\",\"caption\":\"Sebastian Fernandez\"},\"sameAs\":[\"http:\\\/\\\/osepmendoza.com.ar\\\/web\"]}]}<\/script>\n<!-- \/ Yoast SEO plugin. -->","yoast_head_json":{"title":"Otra semana con la obesidad en el centro de la agenda - OSEP Mendoza","robots":{"index":"index","follow":"follow","max-snippet":"max-snippet:-1","max-image-preview":"max-image-preview:large","max-video-preview":"max-video-preview:-1"},"canonical":"https:\/\/osepmendoza.com.ar\/web\/otra-semana-con-la-obesidad-en-el-centro-de-la-agenda\/","og_locale":"es_ES","og_type":"article","og_title":"Otra semana con la obesidad en el centro de la agenda - OSEP Mendoza","og_description":"Luego de una positiva experiencia en La Paz, General Alvear,...","og_url":"https:\/\/osepmendoza.com.ar\/web\/otra-semana-con-la-obesidad-en-el-centro-de-la-agenda\/","og_site_name":"OSEP Mendoza","article_publisher":"https:\/\/www.facebook.com\/OSEP.MendozaArg\/","article_published_time":"2026-03-13T20:27:25+00:00","og_image":[{"width":1200,"height":438,"url":"https:\/\/osepmendoza.com.ar\/web\/wp-content\/uploads\/2026\/03\/ima0.jpg","type":"image\/jpeg"}],"author":"Sebastian Fernandez","twitter_card":"summary_large_image","twitter_creator":"@OsepMza","twitter_site":"@OsepMza","twitter_misc":{"Escrito por":"Sebastian Fernandez","Tiempo de lectura":"3 minutos"},"schema":{"@context":"https:\/\/schema.org","@graph":[{"@type":"Article","@id":"https:\/\/osepmendoza.com.ar\/web\/otra-semana-con-la-obesidad-en-el-centro-de-la-agenda\/#article","isPartOf":{"@id":"https:\/\/osepmendoza.com.ar\/web\/otra-semana-con-la-obesidad-en-el-centro-de-la-agenda\/"},"author":{"name":"Sebastian Fernandez","@id":"https:\/\/osepmendoza.com.ar\/web\/#\/schema\/person\/90986df7128a51e32bb66102fc247eb2"},"headline":"Otra semana con la obesidad en el centro de la agenda","datePublished":"2026-03-13T20:27:25+00:00","mainEntityOfPage":{"@id":"https:\/\/osepmendoza.com.ar\/web\/otra-semana-con-la-obesidad-en-el-centro-de-la-agenda\/"},"wordCount":609,"publisher":{"@id":"https:\/\/osepmendoza.com.ar\/web\/#organization"},"image":{"@id":"https:\/\/osepmendoza.com.ar\/web\/otra-semana-con-la-obesidad-en-el-centro-de-la-agenda\/#primaryimage"},"thumbnailUrl":"https:\/\/osepmendoza.com.ar\/web\/wp-content\/uploads\/2026\/03\/ima0.jpg","keywords":["actividades","Alvear","bowen","Carmensa","maipu","malargue","mes","obesidad","Rivadavia"],"articleSection":["Noticias"],"inLanguage":"es"},{"@type":"WebPage","@id":"https:\/\/osepmendoza.com.ar\/web\/otra-semana-con-la-obesidad-en-el-centro-de-la-agenda\/","url":"https:\/\/osepmendoza.com.ar\/web\/otra-semana-con-la-obesidad-en-el-centro-de-la-agenda\/","name":"Otra semana con la obesidad en el centro de la agenda - OSEP Mendoza","isPartOf":{"@id":"https:\/\/osepmendoza.com.ar\/web\/#website"},"primaryImageOfPage":{"@id":"https:\/\/osepmendoza.com.ar\/web\/otra-semana-con-la-obesidad-en-el-centro-de-la-agenda\/#primaryimage"},"image":{"@id":"https:\/\/osepmendoza.com.ar\/web\/otra-semana-con-la-obesidad-en-el-centro-de-la-agenda\/#primaryimage"},"thumbnailUrl":"https:\/\/osepmendoza.com.ar\/web\/wp-content\/uploads\/2026\/03\/ima0.jpg","datePublished":"2026-03-13T20:27:25+00:00","breadcrumb":{"@id":"https:\/\/osepmendoza.com.ar\/web\/otra-semana-con-la-obesidad-en-el-centro-de-la-agenda\/#breadcrumb"},"inLanguage":"es","potentialAction":[{"@type":"ReadAction","target":["https:\/\/osepmendoza.com.ar\/web\/otra-semana-con-la-obesidad-en-el-centro-de-la-agenda\/"]}]},{"@type":"ImageObject","inLanguage":"es","@id":"https:\/\/osepmendoza.com.ar\/web\/otra-semana-con-la-obesidad-en-el-centro-de-la-agenda\/#primaryimage","url":"https:\/\/osepmendoza.com.ar\/web\/wp-content\/uploads\/2026\/03\/ima0.jpg","contentUrl":"https:\/\/osepmendoza.com.ar\/web\/wp-content\/uploads\/2026\/03\/ima0.jpg","width":1200,"height":438},{"@type":"BreadcrumbList","@id":"https:\/\/osepmendoza.com.ar\/web\/otra-semana-con-la-obesidad-en-el-centro-de-la-agenda\/#breadcrumb","itemListElement":[{"@type":"ListItem","position":1,"name":"Portada","item":"https:\/\/osepmendoza.com.ar\/web\/"},{"@type":"ListItem","position":2,"name":"Otra semana con la obesidad en el centro de la agenda"}]},{"@type":"WebSite","@id":"https:\/\/osepmendoza.com.ar\/web\/#website","url":"https:\/\/osepmendoza.com.ar\/web\/","name":"OSEP Mendoza","description":"Obra Social de los Empleados P\u00fablicos de Mendoza","publisher":{"@id":"https:\/\/osepmendoza.com.ar\/web\/#organization"},"potentialAction":[{"@type":"SearchAction","target":{"@type":"EntryPoint","urlTemplate":"https:\/\/osepmendoza.com.ar\/web\/?s={search_term_string}"},"query-input":{"@type":"PropertyValueSpecification","valueRequired":true,"valueName":"search_term_string"}}],"inLanguage":"es"},{"@type":"Organization","@id":"https:\/\/osepmendoza.com.ar\/web\/#organization","name":"OSEP - Obra Social de Empleados P\u00fablicos de Mendoza","url":"https:\/\/osepmendoza.com.ar\/web\/","logo":{"@type":"ImageObject","inLanguage":"es","@id":"https:\/\/osepmendoza.com.ar\/web\/#\/schema\/logo\/image\/","url":"https:\/\/osepmendoza.com.ar\/web\/wp-content\/uploads\/2020\/04\/lkTM9T9z.jpg","contentUrl":"https:\/\/osepmendoza.com.ar\/web\/wp-content\/uploads\/2020\/04\/lkTM9T9z.jpg","width":334,"height":334,"caption":"OSEP - Obra Social de Empleados P\u00fablicos de Mendoza"},"image":{"@id":"https:\/\/osepmendoza.com.ar\/web\/#\/schema\/logo\/image\/"},"sameAs":["https:\/\/www.facebook.com\/OSEP.MendozaArg\/","https:\/\/x.com\/OsepMza","https:\/\/www.instagram.com\/osep.mendoza\/","https:\/\/www.youtube.com\/user\/osepvideos"]},{"@type":"Person","@id":"https:\/\/osepmendoza.com.ar\/web\/#\/schema\/person\/90986df7128a51e32bb66102fc247eb2","name":"Sebastian Fernandez","image":{"@type":"ImageObject","inLanguage":"es","@id":"https:\/\/secure.gravatar.com\/avatar\/cc42d53caabe846896e06ed8955a60e82b2b829babcb731f86f26c42378bcfec?s=96&d=mm&r=g","url":"https:\/\/secure.gravatar.com\/avatar\/cc42d53caabe846896e06ed8955a60e82b2b829babcb731f86f26c42378bcfec?s=96&d=mm&r=g","contentUrl":"https:\/\/secure.gravatar.com\/avatar\/cc42d53caabe846896e06ed8955a60e82b2b829babcb731f86f26c42378bcfec?s=96&d=mm&r=g","caption":"Sebastian Fernandez"},"sameAs":["http:\/\/osepmendoza.com.ar\/web"]}]}},"amp_enabled":true,"_links":{"self":[{"href":"https:\/\/osepmendoza.com.ar\/web\/wp-json\/wp\/v2\/posts\/60161","targetHints":{"allow":["GET"]}}],"collection":[{"href":"https:\/\/osepmendoza.com.ar\/web\/wp-json\/wp\/v2\/posts"}],"about":[{"href":"https:\/\/osepmendoza.com.ar\/web\/wp-json\/wp\/v2\/types\/post"}],"author":[{"embeddable":true,"href":"https:\/\/osepmendoza.com.ar\/web\/wp-json\/wp\/v2\/users\/12"}],"replies":[{"embeddable":true,"href":"https:\/\/osepmendoza.com.ar\/web\/wp-json\/wp\/v2\/comments?post=60161"}],"version-history":[{"count":2,"href":"https:\/\/osepmendoza.com.ar\/web\/wp-json\/wp\/v2\/posts\/60161\/revisions"}],"predecessor-version":[{"id":60184,"href":"https:\/\/osepmendoza.com.ar\/web\/wp-json\/wp\/v2\/posts\/60161\/revisions\/60184"}],"wp:featuredmedia":[{"embeddable":true,"href":"https:\/\/osepmendoza.com.ar\/web\/wp-json\/wp\/v2\/media\/60162"}],"wp:attachment":[{"href":"https:\/\/osepmendoza.com.ar\/web\/wp-json\/wp\/v2\/media?parent=60161"}],"wp:term":[{"taxonomy":"category","embeddable":true,"href":"https:\/\/osepmendoza.com.ar\/web\/wp-json\/wp\/v2\/categories?post=60161"},{"taxonomy":"post_tag","embeddable":true,"href":"https:\/\/osepmendoza.com.ar\/web\/wp-json\/wp\/v2\/tags?post=60161"}],"curies":[{"name":"wp","href":"https:\/\/api.w.org\/{rel}","templated":true}]}}