{"id":60150,"date":"2026-03-13T17:03:27","date_gmt":"2026-03-13T20:03:27","guid":{"rendered":"https:\/\/osepmendoza.com.ar\/web\/?p=60150"},"modified":"2026-03-13T17:03:27","modified_gmt":"2026-03-13T20:03:27","slug":"san-rafael-osep-reconocio-a-mujeres-trabajadoras-del-sector-publico","status":"publish","type":"post","link":"https:\/\/osepmendoza.com.ar\/web\/san-rafael-osep-reconocio-a-mujeres-trabajadoras-del-sector-publico\/","title":{"rendered":"San Rafael: OSEP reconoci\u00f3 a mujeres trabajadoras del sector p\u00fablico"},"content":{"rendered":"<p><strong>En el marco de las actividades por el Mes de la Mujer, la Sede de OSEP en San Rafael realiz\u00f3 un acto de reconocimiento a mujeres afiliadas que se desempe\u00f1an en distintos \u00e1mbitos de la administraci\u00f3n p\u00fablica y del sistema de salud del departamento.<\/strong><\/p>\n<p>La actividad cont\u00f3 con la participaci\u00f3n del director general de OSEP, Carlos Funes, y de la gerenta de la sede territorial, Mar\u00eda Eugenia Morales, quienes encabezaron la entrega de reconocimientos.<\/p>\n<p>Durante el encuentro se destac\u00f3 el aporte de las trabajadoras en distintas \u00e1reas del Estado provincial y municipal, as\u00ed como su trayectoria en los \u00e1mbitos en los que se desempe\u00f1an.<\/p>\n<p>Las mujeres reconocidas pertenecen a diferentes instituciones p\u00fablicas del departamento, entre ellas la Municipalidad de San Rafael, la Direcci\u00f3n General de Escuelas, la Administraci\u00f3n Tributaria Mendoza, el Tribunal de Cuentas, Tribunales, el \u00c1rea Sanitaria, OSEP, el Registro Civil, Vialidad Provincial y la Polic\u00eda de Mendoza.<\/p>\n<p>Entre las personas reconocidas se encuentran:<\/p>\n<p>Marcela Franchese (Municipalidad de San Rafael)<\/p>\n<p>Amalia Sotelo<\/p>\n<p>Romina Cortes, Bel\u00e9n Losino, Mar\u00eda Bel\u00e9n Vargas y Rosa Gladys Villarruel (Direcci\u00f3n General de Escuelas)<\/p>\n<p>Cristina Fajardo (Pediatra)<\/p>\n<p>Daniela Teruel (ATM)<\/p>\n<p>Sandra M\u00e9ndez (Tribunal de Cuentas)<\/p>\n<p>Mariana Cecilia Carayol (Tribunales)<\/p>\n<p>Gladys Mar\u00edn (\u00c1rea Sanitaria)<\/p>\n<p>Nancy Gladys Toledano y Fanny Grana (OSEP)<\/p>\n<p>Beatriz Sarome (Registro Civil)<\/p>\n<p>Emilce Lozano (Vialidad Provincial)<\/p>\n<p>Valeria Gonz\u00e1lez V\u00e9lez (Polic\u00eda de Mendoza)<\/p>\n<p>In\u00e9s Rivas (locutora)<\/p>\n<p>El encuentro se realiz\u00f3 como parte de las acciones institucionales desarrolladas durante el Mes de la Mujer.<\/p>\n<div id='gallery-1' class='gallery galleryid-60150 gallery-columns-2 gallery-size-full'><figure class='gallery-item'>\n\t\t\t<div class='gallery-icon portrait'>\n\t\t\t\t<a href='https:\/\/osepmendoza.com.ar\/web\/san-rafael-osep-reconocio-a-mujeres-trabajadoras-del-sector-publico\/foto1-262\/'><img loading=\"lazy\" decoding=\"async\" width=\"1200\" height=\"1600\" src=\"https:\/\/osepmendoza.com.ar\/web\/wp-content\/uploads\/2026\/03\/foto1.jpeg\" class=\"attachment-full size-full\" alt=\"\" srcset=\"https:\/\/osepmendoza.com.ar\/web\/wp-content\/uploads\/2026\/03\/foto1.jpeg 1200w, https:\/\/osepmendoza.com.ar\/web\/wp-content\/uploads\/2026\/03\/foto1-113x150.jpeg 113w, https:\/\/osepmendoza.com.ar\/web\/wp-content\/uploads\/2026\/03\/foto1-768x1024.jpeg 768w, https:\/\/osepmendoza.com.ar\/web\/wp-content\/uploads\/2026\/03\/foto1-1152x1536.jpeg 1152w\" sizes=\"auto, (max-width: 1200px) 100vw, 1200px\" \/><\/a>\n\t\t\t<\/div><\/figure><figure class='gallery-item'>\n\t\t\t<div class='gallery-icon portrait'>\n\t\t\t\t<a href='https:\/\/osepmendoza.com.ar\/web\/san-rafael-osep-reconocio-a-mujeres-trabajadoras-del-sector-publico\/foto2-227\/'><img loading=\"lazy\" decoding=\"async\" width=\"1116\" height=\"1395\" src=\"https:\/\/osepmendoza.com.ar\/web\/wp-content\/uploads\/2026\/03\/foto2.jpeg\" class=\"attachment-full size-full\" alt=\"\" srcset=\"https:\/\/osepmendoza.com.ar\/web\/wp-content\/uploads\/2026\/03\/foto2.jpeg 1116w, https:\/\/osepmendoza.com.ar\/web\/wp-content\/uploads\/2026\/03\/foto2-120x150.jpeg 120w, https:\/\/osepmendoza.com.ar\/web\/wp-content\/uploads\/2026\/03\/foto2-768x960.jpeg 768w\" sizes=\"auto, (max-width: 1116px) 100vw, 1116px\" \/><\/a>\n\t\t\t<\/div><\/figure><figure class='gallery-item'>\n\t\t\t<div class='gallery-icon landscape'>\n\t\t\t\t<a href='https:\/\/osepmendoza.com.ar\/web\/san-rafael-osep-reconocio-a-mujeres-trabajadoras-del-sector-publico\/foto3-216\/'><img loading=\"lazy\" decoding=\"async\" width=\"1600\" height=\"1200\" src=\"https:\/\/osepmendoza.com.ar\/web\/wp-content\/uploads\/2026\/03\/foto3.jpeg\" class=\"attachment-full size-full\" alt=\"\" srcset=\"https:\/\/osepmendoza.com.ar\/web\/wp-content\/uploads\/2026\/03\/foto3.jpeg 1600w, https:\/\/osepmendoza.com.ar\/web\/wp-content\/uploads\/2026\/03\/foto3-150x113.jpeg 150w, https:\/\/osepmendoza.com.ar\/web\/wp-content\/uploads\/2026\/03\/foto3-768x576.jpeg 768w, https:\/\/osepmendoza.com.ar\/web\/wp-content\/uploads\/2026\/03\/foto3-1536x1152.jpeg 1536w\" sizes=\"auto, (max-width: 1600px) 100vw, 1600px\" \/><\/a>\n\t\t\t<\/div><\/figure><figure class='gallery-item'>\n\t\t\t<div class='gallery-icon landscape'>\n\t\t\t\t<a href='https:\/\/osepmendoza.com.ar\/web\/san-rafael-osep-reconocio-a-mujeres-trabajadoras-del-sector-publico\/foto4-195\/'><img loading=\"lazy\" decoding=\"async\" width=\"1600\" height=\"1200\" src=\"https:\/\/osepmendoza.com.ar\/web\/wp-content\/uploads\/2026\/03\/foto4.jpeg\" class=\"attachment-full size-full\" alt=\"\" srcset=\"https:\/\/osepmendoza.com.ar\/web\/wp-content\/uploads\/2026\/03\/foto4.jpeg 1600w, https:\/\/osepmendoza.com.ar\/web\/wp-content\/uploads\/2026\/03\/foto4-150x113.jpeg 150w, https:\/\/osepmendoza.com.ar\/web\/wp-content\/uploads\/2026\/03\/foto4-768x576.jpeg 768w, https:\/\/osepmendoza.com.ar\/web\/wp-content\/uploads\/2026\/03\/foto4-1536x1152.jpeg 1536w\" sizes=\"auto, (max-width: 1600px) 100vw, 1600px\" \/><\/a>\n\t\t\t<\/div><\/figure><figure class='gallery-item'>\n\t\t\t<div class='gallery-icon landscape'>\n\t\t\t\t<a href='https:\/\/osepmendoza.com.ar\/web\/san-rafael-osep-reconocio-a-mujeres-trabajadoras-del-sector-publico\/foto5-157\/'><img loading=\"lazy\" decoding=\"async\" width=\"1301\" height=\"1158\" src=\"https:\/\/osepmendoza.com.ar\/web\/wp-content\/uploads\/2026\/03\/foto5.jpeg\" class=\"attachment-full size-full\" alt=\"\" srcset=\"https:\/\/osepmendoza.com.ar\/web\/wp-content\/uploads\/2026\/03\/foto5.jpeg 1301w, https:\/\/osepmendoza.com.ar\/web\/wp-content\/uploads\/2026\/03\/foto5-150x134.jpeg 150w, https:\/\/osepmendoza.com.ar\/web\/wp-content\/uploads\/2026\/03\/foto5-768x684.jpeg 768w\" sizes=\"auto, (max-width: 1301px) 100vw, 1301px\" \/><\/a>\n\t\t\t<\/div><\/figure><figure class='gallery-item'>\n\t\t\t<div class='gallery-icon landscape'>\n\t\t\t\t<a href='https:\/\/osepmendoza.com.ar\/web\/san-rafael-osep-reconocio-a-mujeres-trabajadoras-del-sector-publico\/foto6-122\/'><img loading=\"lazy\" decoding=\"async\" width=\"1600\" height=\"1200\" src=\"https:\/\/osepmendoza.com.ar\/web\/wp-content\/uploads\/2026\/03\/foto6.jpeg\" class=\"attachment-full size-full\" alt=\"\" srcset=\"https:\/\/osepmendoza.com.ar\/web\/wp-content\/uploads\/2026\/03\/foto6.jpeg 1600w, https:\/\/osepmendoza.com.ar\/web\/wp-content\/uploads\/2026\/03\/foto6-150x113.jpeg 150w, https:\/\/osepmendoza.com.ar\/web\/wp-content\/uploads\/2026\/03\/foto6-768x576.jpeg 768w, https:\/\/osepmendoza.com.ar\/web\/wp-content\/uploads\/2026\/03\/foto6-1536x1152.jpeg 1536w\" sizes=\"auto, (max-width: 1600px) 100vw, 1600px\" \/><\/a>\n\t\t\t<\/div><\/figure><figure class='gallery-item'>\n\t\t\t<div class='gallery-icon landscape'>\n\t\t\t\t<a href='https:\/\/osepmendoza.com.ar\/web\/san-rafael-osep-reconocio-a-mujeres-trabajadoras-del-sector-publico\/foto7-109\/'><img loading=\"lazy\" decoding=\"async\" width=\"1600\" height=\"1200\" src=\"https:\/\/osepmendoza.com.ar\/web\/wp-content\/uploads\/2026\/03\/foto7.jpeg\" class=\"attachment-full size-full\" alt=\"\" srcset=\"https:\/\/osepmendoza.com.ar\/web\/wp-content\/uploads\/2026\/03\/foto7.jpeg 1600w, https:\/\/osepmendoza.com.ar\/web\/wp-content\/uploads\/2026\/03\/foto7-150x113.jpeg 150w, https:\/\/osepmendoza.com.ar\/web\/wp-content\/uploads\/2026\/03\/foto7-768x576.jpeg 768w, https:\/\/osepmendoza.com.ar\/web\/wp-content\/uploads\/2026\/03\/foto7-1536x1152.jpeg 1536w\" sizes=\"auto, (max-width: 1600px) 100vw, 1600px\" \/><\/a>\n\t\t\t<\/div><\/figure>\n\t\t<\/div>\n\n","protected":false},"excerpt":{"rendered":"<p>En el marco de las actividades por el Mes de&#8230;<\/p>\n","protected":false},"author":12,"featured_media":60151,"comment_status":"closed","ping_status":"open","sticky":false,"template":"","format":"standard","meta":{"_acf_changed":false,"inline_featured_image":false,"_exactmetrics_skip_tracking":false,"_exactmetrics_sitenote_active":false,"_exactmetrics_sitenote_note":"","_exactmetrics_sitenote_category":0,"footnotes":"","_links_to":"","_links_to_target":""},"categories":[101],"tags":[309,2373,328,149,231,2374],"class_list":["post-60150","post","type-post","status-publish","format-standard","has-post-thumbnail","hentry","category-noticias","tag-acto","tag-dia-de-la-mujer","tag-homenaje","tag-mujer","tag-san-rafael","tag-trabajadoras"],"acf":[],"yoast_head":"<!-- This site is optimized with the Yoast SEO plugin v27.5 - https:\/\/yoast.com\/product\/yoast-seo-wordpress\/ -->\n<title>San Rafael: OSEP reconoci\u00f3 a mujeres trabajadoras del sector p\u00fablico - OSEP Mendoza<\/title>\n<meta name=\"robots\" content=\"index, follow, max-snippet:-1, max-image-preview:large, max-video-preview:-1\" \/>\n<link rel=\"canonical\" href=\"https:\/\/osepmendoza.com.ar\/web\/san-rafael-osep-reconocio-a-mujeres-trabajadoras-del-sector-publico\/\" \/>\n<meta property=\"og:locale\" content=\"es_ES\" \/>\n<meta property=\"og:type\" content=\"article\" \/>\n<meta property=\"og:title\" content=\"San Rafael: OSEP reconoci\u00f3 a mujeres trabajadoras del sector p\u00fablico - OSEP Mendoza\" \/>\n<meta property=\"og:description\" content=\"En el marco de las actividades por el Mes de...\" \/>\n<meta property=\"og:url\" content=\"https:\/\/osepmendoza.com.ar\/web\/san-rafael-osep-reconocio-a-mujeres-trabajadoras-del-sector-publico\/\" \/>\n<meta property=\"og:site_name\" content=\"OSEP Mendoza\" \/>\n<meta property=\"article:publisher\" content=\"https:\/\/www.facebook.com\/OSEP.MendozaArg\/\" \/>\n<meta property=\"article:published_time\" content=\"2026-03-13T20:03:27+00:00\" \/>\n<meta property=\"og:image\" content=\"https:\/\/osepmendoza.com.ar\/web\/wp-content\/uploads\/2026\/03\/foto0-15.jpg\" \/>\n\t<meta property=\"og:image:width\" content=\"1200\" \/>\n\t<meta property=\"og:image:height\" content=\"438\" \/>\n\t<meta property=\"og:image:type\" content=\"image\/jpeg\" \/>\n<meta name=\"author\" content=\"Sebastian Fernandez\" \/>\n<meta name=\"twitter:card\" content=\"summary_large_image\" \/>\n<meta name=\"twitter:creator\" content=\"@OsepMza\" \/>\n<meta name=\"twitter:site\" content=\"@OsepMza\" \/>\n<meta name=\"twitter:label1\" content=\"Escrito por\" \/>\n\t<meta name=\"twitter:data1\" content=\"Sebastian Fernandez\" \/>\n\t<meta name=\"twitter:label2\" content=\"Tiempo de lectura\" \/>\n\t<meta name=\"twitter:data2\" content=\"2 minutos\" \/>\n<script type=\"application\/ld+json\" class=\"yoast-schema-graph\">{\"@context\":\"https:\\\/\\\/schema.org\",\"@graph\":[{\"@type\":\"Article\",\"@id\":\"https:\\\/\\\/osepmendoza.com.ar\\\/web\\\/san-rafael-osep-reconocio-a-mujeres-trabajadoras-del-sector-publico\\\/#article\",\"isPartOf\":{\"@id\":\"https:\\\/\\\/osepmendoza.com.ar\\\/web\\\/san-rafael-osep-reconocio-a-mujeres-trabajadoras-del-sector-publico\\\/\"},\"author\":{\"name\":\"Sebastian Fernandez\",\"@id\":\"https:\\\/\\\/osepmendoza.com.ar\\\/web\\\/#\\\/schema\\\/person\\\/90986df7128a51e32bb66102fc247eb2\"},\"headline\":\"San Rafael: OSEP reconoci\u00f3 a mujeres trabajadoras del sector p\u00fablico\",\"datePublished\":\"2026-03-13T20:03:27+00:00\",\"mainEntityOfPage\":{\"@id\":\"https:\\\/\\\/osepmendoza.com.ar\\\/web\\\/san-rafael-osep-reconocio-a-mujeres-trabajadoras-del-sector-publico\\\/\"},\"wordCount\":274,\"publisher\":{\"@id\":\"https:\\\/\\\/osepmendoza.com.ar\\\/web\\\/#organization\"},\"image\":{\"@id\":\"https:\\\/\\\/osepmendoza.com.ar\\\/web\\\/san-rafael-osep-reconocio-a-mujeres-trabajadoras-del-sector-publico\\\/#primaryimage\"},\"thumbnailUrl\":\"https:\\\/\\\/osepmendoza.com.ar\\\/web\\\/wp-content\\\/uploads\\\/2026\\\/03\\\/foto0-15.jpg\",\"keywords\":[\"acto\",\"d\u00eda de la mujer\",\"homenaje\",\"mujer\",\"san rafael\",\"trabajadoras\"],\"articleSection\":[\"Noticias\"],\"inLanguage\":\"es\"},{\"@type\":\"WebPage\",\"@id\":\"https:\\\/\\\/osepmendoza.com.ar\\\/web\\\/san-rafael-osep-reconocio-a-mujeres-trabajadoras-del-sector-publico\\\/\",\"url\":\"https:\\\/\\\/osepmendoza.com.ar\\\/web\\\/san-rafael-osep-reconocio-a-mujeres-trabajadoras-del-sector-publico\\\/\",\"name\":\"San Rafael: OSEP reconoci\u00f3 a mujeres trabajadoras del sector p\u00fablico - OSEP Mendoza\",\"isPartOf\":{\"@id\":\"https:\\\/\\\/osepmendoza.com.ar\\\/web\\\/#website\"},\"primaryImageOfPage\":{\"@id\":\"https:\\\/\\\/osepmendoza.com.ar\\\/web\\\/san-rafael-osep-reconocio-a-mujeres-trabajadoras-del-sector-publico\\\/#primaryimage\"},\"image\":{\"@id\":\"https:\\\/\\\/osepmendoza.com.ar\\\/web\\\/san-rafael-osep-reconocio-a-mujeres-trabajadoras-del-sector-publico\\\/#primaryimage\"},\"thumbnailUrl\":\"https:\\\/\\\/osepmendoza.com.ar\\\/web\\\/wp-content\\\/uploads\\\/2026\\\/03\\\/foto0-15.jpg\",\"datePublished\":\"2026-03-13T20:03:27+00:00\",\"breadcrumb\":{\"@id\":\"https:\\\/\\\/osepmendoza.com.ar\\\/web\\\/san-rafael-osep-reconocio-a-mujeres-trabajadoras-del-sector-publico\\\/#breadcrumb\"},\"inLanguage\":\"es\",\"potentialAction\":[{\"@type\":\"ReadAction\",\"target\":[\"https:\\\/\\\/osepmendoza.com.ar\\\/web\\\/san-rafael-osep-reconocio-a-mujeres-trabajadoras-del-sector-publico\\\/\"]}]},{\"@type\":\"ImageObject\",\"inLanguage\":\"es\",\"@id\":\"https:\\\/\\\/osepmendoza.com.ar\\\/web\\\/san-rafael-osep-reconocio-a-mujeres-trabajadoras-del-sector-publico\\\/#primaryimage\",\"url\":\"https:\\\/\\\/osepmendoza.com.ar\\\/web\\\/wp-content\\\/uploads\\\/2026\\\/03\\\/foto0-15.jpg\",\"contentUrl\":\"https:\\\/\\\/osepmendoza.com.ar\\\/web\\\/wp-content\\\/uploads\\\/2026\\\/03\\\/foto0-15.jpg\",\"width\":1200,\"height\":438},{\"@type\":\"BreadcrumbList\",\"@id\":\"https:\\\/\\\/osepmendoza.com.ar\\\/web\\\/san-rafael-osep-reconocio-a-mujeres-trabajadoras-del-sector-publico\\\/#breadcrumb\",\"itemListElement\":[{\"@type\":\"ListItem\",\"position\":1,\"name\":\"Portada\",\"item\":\"https:\\\/\\\/osepmendoza.com.ar\\\/web\\\/\"},{\"@type\":\"ListItem\",\"position\":2,\"name\":\"San Rafael: OSEP reconoci\u00f3 a mujeres trabajadoras del sector p\u00fablico\"}]},{\"@type\":\"WebSite\",\"@id\":\"https:\\\/\\\/osepmendoza.com.ar\\\/web\\\/#website\",\"url\":\"https:\\\/\\\/osepmendoza.com.ar\\\/web\\\/\",\"name\":\"OSEP Mendoza\",\"description\":\"Obra Social de los Empleados P\u00fablicos de Mendoza\",\"publisher\":{\"@id\":\"https:\\\/\\\/osepmendoza.com.ar\\\/web\\\/#organization\"},\"potentialAction\":[{\"@type\":\"SearchAction\",\"target\":{\"@type\":\"EntryPoint\",\"urlTemplate\":\"https:\\\/\\\/osepmendoza.com.ar\\\/web\\\/?s={search_term_string}\"},\"query-input\":{\"@type\":\"PropertyValueSpecification\",\"valueRequired\":true,\"valueName\":\"search_term_string\"}}],\"inLanguage\":\"es\"},{\"@type\":\"Organization\",\"@id\":\"https:\\\/\\\/osepmendoza.com.ar\\\/web\\\/#organization\",\"name\":\"OSEP - Obra Social de Empleados P\u00fablicos de Mendoza\",\"url\":\"https:\\\/\\\/osepmendoza.com.ar\\\/web\\\/\",\"logo\":{\"@type\":\"ImageObject\",\"inLanguage\":\"es\",\"@id\":\"https:\\\/\\\/osepmendoza.com.ar\\\/web\\\/#\\\/schema\\\/logo\\\/image\\\/\",\"url\":\"https:\\\/\\\/osepmendoza.com.ar\\\/web\\\/wp-content\\\/uploads\\\/2020\\\/04\\\/lkTM9T9z.jpg\",\"contentUrl\":\"https:\\\/\\\/osepmendoza.com.ar\\\/web\\\/wp-content\\\/uploads\\\/2020\\\/04\\\/lkTM9T9z.jpg\",\"width\":334,\"height\":334,\"caption\":\"OSEP - Obra Social de Empleados P\u00fablicos de Mendoza\"},\"image\":{\"@id\":\"https:\\\/\\\/osepmendoza.com.ar\\\/web\\\/#\\\/schema\\\/logo\\\/image\\\/\"},\"sameAs\":[\"https:\\\/\\\/www.facebook.com\\\/OSEP.MendozaArg\\\/\",\"https:\\\/\\\/x.com\\\/OsepMza\",\"https:\\\/\\\/www.instagram.com\\\/osep.mendoza\\\/\",\"https:\\\/\\\/www.youtube.com\\\/user\\\/osepvideos\"]},{\"@type\":\"Person\",\"@id\":\"https:\\\/\\\/osepmendoza.com.ar\\\/web\\\/#\\\/schema\\\/person\\\/90986df7128a51e32bb66102fc247eb2\",\"name\":\"Sebastian Fernandez\",\"image\":{\"@type\":\"ImageObject\",\"inLanguage\":\"es\",\"@id\":\"https:\\\/\\\/secure.gravatar.com\\\/avatar\\\/cc42d53caabe846896e06ed8955a60e82b2b829babcb731f86f26c42378bcfec?s=96&d=mm&r=g\",\"url\":\"https:\\\/\\\/secure.gravatar.com\\\/avatar\\\/cc42d53caabe846896e06ed8955a60e82b2b829babcb731f86f26c42378bcfec?s=96&d=mm&r=g\",\"contentUrl\":\"https:\\\/\\\/secure.gravatar.com\\\/avatar\\\/cc42d53caabe846896e06ed8955a60e82b2b829babcb731f86f26c42378bcfec?s=96&d=mm&r=g\",\"caption\":\"Sebastian Fernandez\"},\"sameAs\":[\"http:\\\/\\\/osepmendoza.com.ar\\\/web\"]}]}<\/script>\n<!-- \/ Yoast SEO plugin. -->","yoast_head_json":{"title":"San Rafael: OSEP reconoci\u00f3 a mujeres trabajadoras del sector p\u00fablico - OSEP Mendoza","robots":{"index":"index","follow":"follow","max-snippet":"max-snippet:-1","max-image-preview":"max-image-preview:large","max-video-preview":"max-video-preview:-1"},"canonical":"https:\/\/osepmendoza.com.ar\/web\/san-rafael-osep-reconocio-a-mujeres-trabajadoras-del-sector-publico\/","og_locale":"es_ES","og_type":"article","og_title":"San Rafael: OSEP reconoci\u00f3 a mujeres trabajadoras del sector p\u00fablico - OSEP Mendoza","og_description":"En el marco de las actividades por el Mes de...","og_url":"https:\/\/osepmendoza.com.ar\/web\/san-rafael-osep-reconocio-a-mujeres-trabajadoras-del-sector-publico\/","og_site_name":"OSEP Mendoza","article_publisher":"https:\/\/www.facebook.com\/OSEP.MendozaArg\/","article_published_time":"2026-03-13T20:03:27+00:00","og_image":[{"width":1200,"height":438,"url":"https:\/\/osepmendoza.com.ar\/web\/wp-content\/uploads\/2026\/03\/foto0-15.jpg","type":"image\/jpeg"}],"author":"Sebastian Fernandez","twitter_card":"summary_large_image","twitter_creator":"@OsepMza","twitter_site":"@OsepMza","twitter_misc":{"Escrito por":"Sebastian Fernandez","Tiempo de lectura":"2 minutos"},"schema":{"@context":"https:\/\/schema.org","@graph":[{"@type":"Article","@id":"https:\/\/osepmendoza.com.ar\/web\/san-rafael-osep-reconocio-a-mujeres-trabajadoras-del-sector-publico\/#article","isPartOf":{"@id":"https:\/\/osepmendoza.com.ar\/web\/san-rafael-osep-reconocio-a-mujeres-trabajadoras-del-sector-publico\/"},"author":{"name":"Sebastian Fernandez","@id":"https:\/\/osepmendoza.com.ar\/web\/#\/schema\/person\/90986df7128a51e32bb66102fc247eb2"},"headline":"San Rafael: OSEP reconoci\u00f3 a mujeres trabajadoras del sector p\u00fablico","datePublished":"2026-03-13T20:03:27+00:00","mainEntityOfPage":{"@id":"https:\/\/osepmendoza.com.ar\/web\/san-rafael-osep-reconocio-a-mujeres-trabajadoras-del-sector-publico\/"},"wordCount":274,"publisher":{"@id":"https:\/\/osepmendoza.com.ar\/web\/#organization"},"image":{"@id":"https:\/\/osepmendoza.com.ar\/web\/san-rafael-osep-reconocio-a-mujeres-trabajadoras-del-sector-publico\/#primaryimage"},"thumbnailUrl":"https:\/\/osepmendoza.com.ar\/web\/wp-content\/uploads\/2026\/03\/foto0-15.jpg","keywords":["acto","d\u00eda de la mujer","homenaje","mujer","san rafael","trabajadoras"],"articleSection":["Noticias"],"inLanguage":"es"},{"@type":"WebPage","@id":"https:\/\/osepmendoza.com.ar\/web\/san-rafael-osep-reconocio-a-mujeres-trabajadoras-del-sector-publico\/","url":"https:\/\/osepmendoza.com.ar\/web\/san-rafael-osep-reconocio-a-mujeres-trabajadoras-del-sector-publico\/","name":"San Rafael: OSEP reconoci\u00f3 a mujeres trabajadoras del sector p\u00fablico - OSEP Mendoza","isPartOf":{"@id":"https:\/\/osepmendoza.com.ar\/web\/#website"},"primaryImageOfPage":{"@id":"https:\/\/osepmendoza.com.ar\/web\/san-rafael-osep-reconocio-a-mujeres-trabajadoras-del-sector-publico\/#primaryimage"},"image":{"@id":"https:\/\/osepmendoza.com.ar\/web\/san-rafael-osep-reconocio-a-mujeres-trabajadoras-del-sector-publico\/#primaryimage"},"thumbnailUrl":"https:\/\/osepmendoza.com.ar\/web\/wp-content\/uploads\/2026\/03\/foto0-15.jpg","datePublished":"2026-03-13T20:03:27+00:00","breadcrumb":{"@id":"https:\/\/osepmendoza.com.ar\/web\/san-rafael-osep-reconocio-a-mujeres-trabajadoras-del-sector-publico\/#breadcrumb"},"inLanguage":"es","potentialAction":[{"@type":"ReadAction","target":["https:\/\/osepmendoza.com.ar\/web\/san-rafael-osep-reconocio-a-mujeres-trabajadoras-del-sector-publico\/"]}]},{"@type":"ImageObject","inLanguage":"es","@id":"https:\/\/osepmendoza.com.ar\/web\/san-rafael-osep-reconocio-a-mujeres-trabajadoras-del-sector-publico\/#primaryimage","url":"https:\/\/osepmendoza.com.ar\/web\/wp-content\/uploads\/2026\/03\/foto0-15.jpg","contentUrl":"https:\/\/osepmendoza.com.ar\/web\/wp-content\/uploads\/2026\/03\/foto0-15.jpg","width":1200,"height":438},{"@type":"BreadcrumbList","@id":"https:\/\/osepmendoza.com.ar\/web\/san-rafael-osep-reconocio-a-mujeres-trabajadoras-del-sector-publico\/#breadcrumb","itemListElement":[{"@type":"ListItem","position":1,"name":"Portada","item":"https:\/\/osepmendoza.com.ar\/web\/"},{"@type":"ListItem","position":2,"name":"San Rafael: OSEP reconoci\u00f3 a mujeres trabajadoras del sector p\u00fablico"}]},{"@type":"WebSite","@id":"https:\/\/osepmendoza.com.ar\/web\/#website","url":"https:\/\/osepmendoza.com.ar\/web\/","name":"OSEP Mendoza","description":"Obra Social de los Empleados P\u00fablicos de Mendoza","publisher":{"@id":"https:\/\/osepmendoza.com.ar\/web\/#organization"},"potentialAction":[{"@type":"SearchAction","target":{"@type":"EntryPoint","urlTemplate":"https:\/\/osepmendoza.com.ar\/web\/?s={search_term_string}"},"query-input":{"@type":"PropertyValueSpecification","valueRequired":true,"valueName":"search_term_string"}}],"inLanguage":"es"},{"@type":"Organization","@id":"https:\/\/osepmendoza.com.ar\/web\/#organization","name":"OSEP - Obra Social de Empleados P\u00fablicos de Mendoza","url":"https:\/\/osepmendoza.com.ar\/web\/","logo":{"@type":"ImageObject","inLanguage":"es","@id":"https:\/\/osepmendoza.com.ar\/web\/#\/schema\/logo\/image\/","url":"https:\/\/osepmendoza.com.ar\/web\/wp-content\/uploads\/2020\/04\/lkTM9T9z.jpg","contentUrl":"https:\/\/osepmendoza.com.ar\/web\/wp-content\/uploads\/2020\/04\/lkTM9T9z.jpg","width":334,"height":334,"caption":"OSEP - Obra Social de Empleados P\u00fablicos de Mendoza"},"image":{"@id":"https:\/\/osepmendoza.com.ar\/web\/#\/schema\/logo\/image\/"},"sameAs":["https:\/\/www.facebook.com\/OSEP.MendozaArg\/","https:\/\/x.com\/OsepMza","https:\/\/www.instagram.com\/osep.mendoza\/","https:\/\/www.youtube.com\/user\/osepvideos"]},{"@type":"Person","@id":"https:\/\/osepmendoza.com.ar\/web\/#\/schema\/person\/90986df7128a51e32bb66102fc247eb2","name":"Sebastian Fernandez","image":{"@type":"ImageObject","inLanguage":"es","@id":"https:\/\/secure.gravatar.com\/avatar\/cc42d53caabe846896e06ed8955a60e82b2b829babcb731f86f26c42378bcfec?s=96&d=mm&r=g","url":"https:\/\/secure.gravatar.com\/avatar\/cc42d53caabe846896e06ed8955a60e82b2b829babcb731f86f26c42378bcfec?s=96&d=mm&r=g","contentUrl":"https:\/\/secure.gravatar.com\/avatar\/cc42d53caabe846896e06ed8955a60e82b2b829babcb731f86f26c42378bcfec?s=96&d=mm&r=g","caption":"Sebastian Fernandez"},"sameAs":["http:\/\/osepmendoza.com.ar\/web"]}]}},"amp_enabled":true,"_links":{"self":[{"href":"https:\/\/osepmendoza.com.ar\/web\/wp-json\/wp\/v2\/posts\/60150","targetHints":{"allow":["GET"]}}],"collection":[{"href":"https:\/\/osepmendoza.com.ar\/web\/wp-json\/wp\/v2\/posts"}],"about":[{"href":"https:\/\/osepmendoza.com.ar\/web\/wp-json\/wp\/v2\/types\/post"}],"author":[{"embeddable":true,"href":"https:\/\/osepmendoza.com.ar\/web\/wp-json\/wp\/v2\/users\/12"}],"replies":[{"embeddable":true,"href":"https:\/\/osepmendoza.com.ar\/web\/wp-json\/wp\/v2\/comments?post=60150"}],"version-history":[{"count":2,"href":"https:\/\/osepmendoza.com.ar\/web\/wp-json\/wp\/v2\/posts\/60150\/revisions"}],"predecessor-version":[{"id":60160,"href":"https:\/\/osepmendoza.com.ar\/web\/wp-json\/wp\/v2\/posts\/60150\/revisions\/60160"}],"wp:featuredmedia":[{"embeddable":true,"href":"https:\/\/osepmendoza.com.ar\/web\/wp-json\/wp\/v2\/media\/60151"}],"wp:attachment":[{"href":"https:\/\/osepmendoza.com.ar\/web\/wp-json\/wp\/v2\/media?parent=60150"}],"wp:term":[{"taxonomy":"category","embeddable":true,"href":"https:\/\/osepmendoza.com.ar\/web\/wp-json\/wp\/v2\/categories?post=60150"},{"taxonomy":"post_tag","embeddable":true,"href":"https:\/\/osepmendoza.com.ar\/web\/wp-json\/wp\/v2\/tags?post=60150"}],"curies":[{"name":"wp","href":"https:\/\/api.w.org\/{rel}","templated":true}]}}