{"id":59686,"date":"2025-12-16T08:00:06","date_gmt":"2025-12-16T11:00:06","guid":{"rendered":"https:\/\/osepmendoza.com.ar\/web\/?p=59686"},"modified":"2025-12-16T14:59:55","modified_gmt":"2025-12-16T17:59:55","slug":"el-toque-de-campana-de-felipe-simbolo-de-superacion-y-amor-familiar-tras-vencer-el-cancer","status":"publish","type":"post","link":"https:\/\/osepmendoza.com.ar\/web\/el-toque-de-campana-de-felipe-simbolo-de-superacion-y-amor-familiar-tras-vencer-el-cancer\/","title":{"rendered":"El toque de campana de Felipe, s\u00edmbolo de superaci\u00f3n y amor familiar tras vencer el c\u00e1ncer"},"content":{"rendered":"<p><span style=\"font-family: Arial, sans-serif;\"><span style=\"font-size: medium;\">Un sonido reson\u00f3 en los pasillos, marcando el fin de una dura batalla y el comienzo de una nueva etapa: el toque de campana de Felipe Jofr\u00e9 Montemayor. Con apenas unos a\u00f1os, este peque\u00f1o guerrero recibi\u00f3 su alta oncol\u00f3gica tras vencer un hepatoblastoma grado 4, un momento que OSEP celebra como mucho m\u00e1s que un logro m\u00e9dico: es esperanza viva y el compromiso de la Obra Social con cada paciente y su familia.<\/span><\/span><\/p>\n<p><span style=\"font-family: Arial, sans-serif;\"><span style=\"font-size: medium;\">Felipe, hijo de Agustina Montemayor y Germ\u00e1n Jofr\u00e9, hab\u00eda sido diagnosticado con este tumor hep\u00e1tico, con met\u00e1stasis gangleonar, apenas 20 d\u00edas despu\u00e9s de celebrar su primer cumplea\u00f1os. Lo que sigui\u00f3 fue una lucha intensa, iniciada en el periodo m\u00e1s estricto de la cuarentena por Covid-19. <\/span><\/span><span style=\"font-family: Arial, sans-serif;\"><span style=\"font-size: medium;\">&#8220;Estamos muy emocionados por el alta de nuestro hijo y muy agradecidos a todo el personal de salud y a todos los que nos han acompa\u00f1ado en este largo trayecto de la recuperaci\u00f3n&#8221;, expresaron sus pap\u00e1s.<\/span><\/span><\/p>\n<h3 class=\"western\"><span style=\"font-family: Arial, sans-serif;\"><span style=\"font-size: medium;\">Un camino de lucha y solidaridad<\/span><\/span><\/h3>\n<p><span style=\"font-family: Arial, sans-serif;\"><span style=\"font-size: medium;\">La historia de Felipe es un testimonio de resiliencia y compromiso. El peque\u00f1o guerrero atraves\u00f3 parte del tratamiento por un c\u00e1ncer hep\u00e1tico en el Hospital Fleming y luego, debido a la reestructuraci\u00f3n por el Covid-19, fue derivado a otro centro de excelencia, el Hospital Notti. All\u00ed continu\u00f3 el tratamiento con resultados favorables, logrando achicar el tumor y llevarlo a la remisi\u00f3n.<\/span><\/span><\/p>\n<p><span style=\"font-family: Arial, sans-serif;\"><span style=\"font-size: medium;\">El Doctor Carlos Funes, Director General de OSEP, resalt\u00f3 el compromiso institucional y la labor de los equipos de salud &#8220;quiero agradecer a todo el Fleming siempre me enorgullece, siempre est\u00e1 a la altura de las circunstancias acompa\u00f1ando a los ni\u00f1os y sus familias\u201d, afirm\u00f3 el Doctor Funes, acompa\u00f1ado por los doctores Sergio Ben\u00edtez, Director de Atenci\u00f3n a la Salud de OSEP y Silvana Nadal, Subdirectora del Hospital Fleming.<\/span><\/span><\/p>\n<p><span style=\"font-family: Arial, sans-serif;\"><span style=\"font-size: medium;\">Adem\u00e1s estuvo la Fundaci\u00f3n Tras-pasar con su fundadora Mercedes Carri\u00f3n y sus colaboradores. Mercedes compart\u00edo una profunda reflexi\u00f3n sobre la lucha de estos padres: \u201chay diferentes formas de transitar estos momentos tan duros, esta familia entendi\u00f3 que m\u00e1s all\u00e1 de poder sacar a su hijo adelante y lucharon y luchan cada a\u00f1o realizando grandes campa\u00f1as para ayudar a aquellos que m\u00e1s lo necesitan.&#8221;<\/span><\/span><\/p>\n<p><span style=\"font-family: Arial, sans-serif;\"><span style=\"font-size: medium;\">Entre los asistentes a esta emotiva celebraci\u00f3n estaba todo la familia de Felipe; la Dra. Gisela Drago, Jefa del Servicio de Oncolog\u00eda Pedi\u00e1trica en el Hospital Notti y Mabel, impulsora de la iniciativa solidaria &#8220;Pulseras Amarillas&#8221;.<\/span><\/span><\/p>\n<p><span style=\"font-family: Arial, sans-serif;\"><span style=\"font-size: medium;\">El toque de campana es un momento emblem\u00e1tico, un s\u00edmbolo de esperanza para quienes est\u00e1n en tratamiento y de superaci\u00f3n para quien hoy, Felipe, recibi\u00f3 el alta m\u00e9dica.<\/span><\/span><\/p>\n<p><span style=\"font-family: Arial, sans-serif;\"><span style=\"font-size: medium;\">La jornada de celebraci\u00f3n cont\u00f3 tambi\u00e9n con la alegr\u00eda de Music\u00f3n y el payaso Armando Sopaipilla, artista socioterap\u00e9utico de OSEP, sumando un momento de esparcimiento tan necesario para los pacientes y sus familias.<\/span><\/span><\/p>\n<p><span style=\"font-family: Arial, sans-serif;\"><span style=\"font-size: medium;\">El alta oncol\u00f3gica de Felipe es la prueba de que la uni\u00f3n de la excelencia m\u00e9dica, el compromiso institucional y la solidaridad de la comunidad son la clave para transformar una dura batalla en una historia de esperanza y victoria.<\/span><\/span><\/p>\n<div id='gallery-1' class='gallery galleryid-59686 gallery-columns-2 gallery-size-full'><figure class='gallery-item'>\n\t\t\t<div class='gallery-icon landscape'>\n\t\t\t\t<a href='https:\/\/osepmendoza.com.ar\/web\/el-toque-de-campana-de-felipe-simbolo-de-superacion-y-amor-familiar-tras-vencer-el-cancer\/whatsapp-image-2025-12-15-at-15-32-57\/'><img loading=\"lazy\" decoding=\"async\" width=\"1280\" height=\"524\" src=\"https:\/\/osepmendoza.com.ar\/web\/wp-content\/uploads\/2025\/12\/WhatsApp-Image-2025-12-15-at-15.32.57.jpeg\" class=\"attachment-full size-full\" alt=\"\" srcset=\"https:\/\/osepmendoza.com.ar\/web\/wp-content\/uploads\/2025\/12\/WhatsApp-Image-2025-12-15-at-15.32.57.jpeg 1280w, https:\/\/osepmendoza.com.ar\/web\/wp-content\/uploads\/2025\/12\/WhatsApp-Image-2025-12-15-at-15.32.57-150x61.jpeg 150w, https:\/\/osepmendoza.com.ar\/web\/wp-content\/uploads\/2025\/12\/WhatsApp-Image-2025-12-15-at-15.32.57-768x314.jpeg 768w\" sizes=\"auto, (max-width: 1280px) 100vw, 1280px\" \/><\/a>\n\t\t\t<\/div><\/figure><figure class='gallery-item'>\n\t\t\t<div class='gallery-icon landscape'>\n\t\t\t\t<a href='https:\/\/osepmendoza.com.ar\/web\/el-toque-de-campana-de-felipe-simbolo-de-superacion-y-amor-familiar-tras-vencer-el-cancer\/whatsapp-image-2025-12-15-at-15-32-52\/'><img loading=\"lazy\" decoding=\"async\" width=\"1280\" height=\"524\" src=\"https:\/\/osepmendoza.com.ar\/web\/wp-content\/uploads\/2025\/12\/WhatsApp-Image-2025-12-15-at-15.32.52.jpeg\" class=\"attachment-full size-full\" alt=\"\" srcset=\"https:\/\/osepmendoza.com.ar\/web\/wp-content\/uploads\/2025\/12\/WhatsApp-Image-2025-12-15-at-15.32.52.jpeg 1280w, https:\/\/osepmendoza.com.ar\/web\/wp-content\/uploads\/2025\/12\/WhatsApp-Image-2025-12-15-at-15.32.52-150x61.jpeg 150w, https:\/\/osepmendoza.com.ar\/web\/wp-content\/uploads\/2025\/12\/WhatsApp-Image-2025-12-15-at-15.32.52-768x314.jpeg 768w\" sizes=\"auto, (max-width: 1280px) 100vw, 1280px\" \/><\/a>\n\t\t\t<\/div><\/figure><figure class='gallery-item'>\n\t\t\t<div class='gallery-icon landscape'>\n\t\t\t\t<a href='https:\/\/osepmendoza.com.ar\/web\/el-toque-de-campana-de-felipe-simbolo-de-superacion-y-amor-familiar-tras-vencer-el-cancer\/whatsapp-image-2025-12-15-at-15-33-04\/'><img loading=\"lazy\" decoding=\"async\" width=\"1280\" height=\"524\" src=\"https:\/\/osepmendoza.com.ar\/web\/wp-content\/uploads\/2025\/12\/WhatsApp-Image-2025-12-15-at-15.33.04.jpeg\" class=\"attachment-full size-full\" alt=\"\" srcset=\"https:\/\/osepmendoza.com.ar\/web\/wp-content\/uploads\/2025\/12\/WhatsApp-Image-2025-12-15-at-15.33.04.jpeg 1280w, https:\/\/osepmendoza.com.ar\/web\/wp-content\/uploads\/2025\/12\/WhatsApp-Image-2025-12-15-at-15.33.04-150x61.jpeg 150w, https:\/\/osepmendoza.com.ar\/web\/wp-content\/uploads\/2025\/12\/WhatsApp-Image-2025-12-15-at-15.33.04-768x314.jpeg 768w\" sizes=\"auto, (max-width: 1280px) 100vw, 1280px\" \/><\/a>\n\t\t\t<\/div><\/figure><figure class='gallery-item'>\n\t\t\t<div class='gallery-icon landscape'>\n\t\t\t\t<a href='https:\/\/osepmendoza.com.ar\/web\/el-toque-de-campana-de-felipe-simbolo-de-superacion-y-amor-familiar-tras-vencer-el-cancer\/whatsapp-image-2025-12-15-at-15-33-08-2\/'><img loading=\"lazy\" decoding=\"async\" width=\"1280\" height=\"524\" src=\"https:\/\/osepmendoza.com.ar\/web\/wp-content\/uploads\/2025\/12\/WhatsApp-Image-2025-12-15-at-15.33.08-2.jpeg\" class=\"attachment-full size-full\" alt=\"\" srcset=\"https:\/\/osepmendoza.com.ar\/web\/wp-content\/uploads\/2025\/12\/WhatsApp-Image-2025-12-15-at-15.33.08-2.jpeg 1280w, https:\/\/osepmendoza.com.ar\/web\/wp-content\/uploads\/2025\/12\/WhatsApp-Image-2025-12-15-at-15.33.08-2-150x61.jpeg 150w, https:\/\/osepmendoza.com.ar\/web\/wp-content\/uploads\/2025\/12\/WhatsApp-Image-2025-12-15-at-15.33.08-2-768x314.jpeg 768w\" sizes=\"auto, (max-width: 1280px) 100vw, 1280px\" \/><\/a>\n\t\t\t<\/div><\/figure><figure class='gallery-item'>\n\t\t\t<div class='gallery-icon landscape'>\n\t\t\t\t<a href='https:\/\/osepmendoza.com.ar\/web\/el-toque-de-campana-de-felipe-simbolo-de-superacion-y-amor-familiar-tras-vencer-el-cancer\/whatsapp-image-2025-12-15-at-15-33-06-1\/'><img loading=\"lazy\" decoding=\"async\" width=\"1280\" height=\"524\" src=\"https:\/\/osepmendoza.com.ar\/web\/wp-content\/uploads\/2025\/12\/WhatsApp-Image-2025-12-15-at-15.33.06-1.jpeg\" class=\"attachment-full size-full\" alt=\"\" srcset=\"https:\/\/osepmendoza.com.ar\/web\/wp-content\/uploads\/2025\/12\/WhatsApp-Image-2025-12-15-at-15.33.06-1.jpeg 1280w, https:\/\/osepmendoza.com.ar\/web\/wp-content\/uploads\/2025\/12\/WhatsApp-Image-2025-12-15-at-15.33.06-1-150x61.jpeg 150w, https:\/\/osepmendoza.com.ar\/web\/wp-content\/uploads\/2025\/12\/WhatsApp-Image-2025-12-15-at-15.33.06-1-768x314.jpeg 768w\" sizes=\"auto, (max-width: 1280px) 100vw, 1280px\" \/><\/a>\n\t\t\t<\/div><\/figure><figure class='gallery-item'>\n\t\t\t<div class='gallery-icon landscape'>\n\t\t\t\t<a href='https:\/\/osepmendoza.com.ar\/web\/el-toque-de-campana-de-felipe-simbolo-de-superacion-y-amor-familiar-tras-vencer-el-cancer\/whatsapp-image-2025-12-15-at-15-33-10-1\/'><img loading=\"lazy\" decoding=\"async\" width=\"1280\" height=\"524\" src=\"https:\/\/osepmendoza.com.ar\/web\/wp-content\/uploads\/2025\/12\/WhatsApp-Image-2025-12-15-at-15.33.10-1.jpeg\" class=\"attachment-full size-full\" alt=\"\" srcset=\"https:\/\/osepmendoza.com.ar\/web\/wp-content\/uploads\/2025\/12\/WhatsApp-Image-2025-12-15-at-15.33.10-1.jpeg 1280w, https:\/\/osepmendoza.com.ar\/web\/wp-content\/uploads\/2025\/12\/WhatsApp-Image-2025-12-15-at-15.33.10-1-150x61.jpeg 150w, https:\/\/osepmendoza.com.ar\/web\/wp-content\/uploads\/2025\/12\/WhatsApp-Image-2025-12-15-at-15.33.10-1-768x314.jpeg 768w\" sizes=\"auto, (max-width: 1280px) 100vw, 1280px\" \/><\/a>\n\t\t\t<\/div><\/figure><figure class='gallery-item'>\n\t\t\t<div class='gallery-icon landscape'>\n\t\t\t\t<a href='https:\/\/osepmendoza.com.ar\/web\/el-toque-de-campana-de-felipe-simbolo-de-superacion-y-amor-familiar-tras-vencer-el-cancer\/whatsapp-image-2025-12-15-at-15-33-06\/'><img loading=\"lazy\" decoding=\"async\" width=\"1280\" height=\"524\" src=\"https:\/\/osepmendoza.com.ar\/web\/wp-content\/uploads\/2025\/12\/WhatsApp-Image-2025-12-15-at-15.33.06.jpeg\" class=\"attachment-full size-full\" alt=\"\" srcset=\"https:\/\/osepmendoza.com.ar\/web\/wp-content\/uploads\/2025\/12\/WhatsApp-Image-2025-12-15-at-15.33.06.jpeg 1280w, https:\/\/osepmendoza.com.ar\/web\/wp-content\/uploads\/2025\/12\/WhatsApp-Image-2025-12-15-at-15.33.06-150x61.jpeg 150w, https:\/\/osepmendoza.com.ar\/web\/wp-content\/uploads\/2025\/12\/WhatsApp-Image-2025-12-15-at-15.33.06-768x314.jpeg 768w\" sizes=\"auto, (max-width: 1280px) 100vw, 1280px\" \/><\/a>\n\t\t\t<\/div><\/figure><figure class='gallery-item'>\n\t\t\t<div class='gallery-icon landscape'>\n\t\t\t\t<a href='https:\/\/osepmendoza.com.ar\/web\/el-toque-de-campana-de-felipe-simbolo-de-superacion-y-amor-familiar-tras-vencer-el-cancer\/whatsapp-image-2025-12-15-at-15-33-10-2\/'><img loading=\"lazy\" decoding=\"async\" width=\"1280\" height=\"524\" src=\"https:\/\/osepmendoza.com.ar\/web\/wp-content\/uploads\/2025\/12\/WhatsApp-Image-2025-12-15-at-15.33.10-2.jpeg\" class=\"attachment-full size-full\" alt=\"\" srcset=\"https:\/\/osepmendoza.com.ar\/web\/wp-content\/uploads\/2025\/12\/WhatsApp-Image-2025-12-15-at-15.33.10-2.jpeg 1280w, https:\/\/osepmendoza.com.ar\/web\/wp-content\/uploads\/2025\/12\/WhatsApp-Image-2025-12-15-at-15.33.10-2-150x61.jpeg 150w, https:\/\/osepmendoza.com.ar\/web\/wp-content\/uploads\/2025\/12\/WhatsApp-Image-2025-12-15-at-15.33.10-2-768x314.jpeg 768w\" sizes=\"auto, (max-width: 1280px) 100vw, 1280px\" \/><\/a>\n\t\t\t<\/div><\/figure><figure class='gallery-item'>\n\t\t\t<div class='gallery-icon landscape'>\n\t\t\t\t<a href='https:\/\/osepmendoza.com.ar\/web\/el-toque-de-campana-de-felipe-simbolo-de-superacion-y-amor-familiar-tras-vencer-el-cancer\/whatsapp-image-2025-12-15-at-15-33-10\/'><img loading=\"lazy\" decoding=\"async\" width=\"1280\" height=\"524\" src=\"https:\/\/osepmendoza.com.ar\/web\/wp-content\/uploads\/2025\/12\/WhatsApp-Image-2025-12-15-at-15.33.10.jpeg\" class=\"attachment-full size-full\" alt=\"\" srcset=\"https:\/\/osepmendoza.com.ar\/web\/wp-content\/uploads\/2025\/12\/WhatsApp-Image-2025-12-15-at-15.33.10.jpeg 1280w, https:\/\/osepmendoza.com.ar\/web\/wp-content\/uploads\/2025\/12\/WhatsApp-Image-2025-12-15-at-15.33.10-150x61.jpeg 150w, https:\/\/osepmendoza.com.ar\/web\/wp-content\/uploads\/2025\/12\/WhatsApp-Image-2025-12-15-at-15.33.10-768x314.jpeg 768w\" sizes=\"auto, (max-width: 1280px) 100vw, 1280px\" \/><\/a>\n\t\t\t<\/div><\/figure><figure class='gallery-item'>\n\t\t\t<div class='gallery-icon landscape'>\n\t\t\t\t<a href='https:\/\/osepmendoza.com.ar\/web\/el-toque-de-campana-de-felipe-simbolo-de-superacion-y-amor-familiar-tras-vencer-el-cancer\/whatsapp-image-2025-12-15-at-15-33-11\/'><img loading=\"lazy\" decoding=\"async\" width=\"1280\" height=\"524\" src=\"https:\/\/osepmendoza.com.ar\/web\/wp-content\/uploads\/2025\/12\/WhatsApp-Image-2025-12-15-at-15.33.11.jpeg\" class=\"attachment-full size-full\" alt=\"\" srcset=\"https:\/\/osepmendoza.com.ar\/web\/wp-content\/uploads\/2025\/12\/WhatsApp-Image-2025-12-15-at-15.33.11.jpeg 1280w, https:\/\/osepmendoza.com.ar\/web\/wp-content\/uploads\/2025\/12\/WhatsApp-Image-2025-12-15-at-15.33.11-150x61.jpeg 150w, https:\/\/osepmendoza.com.ar\/web\/wp-content\/uploads\/2025\/12\/WhatsApp-Image-2025-12-15-at-15.33.11-768x314.jpeg 768w\" sizes=\"auto, (max-width: 1280px) 100vw, 1280px\" \/><\/a>\n\t\t\t<\/div><\/figure><figure class='gallery-item'>\n\t\t\t<div class='gallery-icon landscape'>\n\t\t\t\t<a href='https:\/\/osepmendoza.com.ar\/web\/el-toque-de-campana-de-felipe-simbolo-de-superacion-y-amor-familiar-tras-vencer-el-cancer\/whatsapp-image-2025-12-15-at-15-33-12-1\/'><img loading=\"lazy\" decoding=\"async\" width=\"1280\" height=\"524\" src=\"https:\/\/osepmendoza.com.ar\/web\/wp-content\/uploads\/2025\/12\/WhatsApp-Image-2025-12-15-at-15.33.12-1.jpeg\" class=\"attachment-full size-full\" alt=\"\" srcset=\"https:\/\/osepmendoza.com.ar\/web\/wp-content\/uploads\/2025\/12\/WhatsApp-Image-2025-12-15-at-15.33.12-1.jpeg 1280w, https:\/\/osepmendoza.com.ar\/web\/wp-content\/uploads\/2025\/12\/WhatsApp-Image-2025-12-15-at-15.33.12-1-150x61.jpeg 150w, https:\/\/osepmendoza.com.ar\/web\/wp-content\/uploads\/2025\/12\/WhatsApp-Image-2025-12-15-at-15.33.12-1-768x314.jpeg 768w\" sizes=\"auto, (max-width: 1280px) 100vw, 1280px\" \/><\/a>\n\t\t\t<\/div><\/figure><figure class='gallery-item'>\n\t\t\t<div class='gallery-icon portrait'>\n\t\t\t\t<a href='https:\/\/osepmendoza.com.ar\/web\/el-toque-de-campana-de-felipe-simbolo-de-superacion-y-amor-familiar-tras-vencer-el-cancer\/whatsapp-image-2025-12-15-at-15-33-12\/'><img loading=\"lazy\" decoding=\"async\" width=\"524\" height=\"787\" src=\"https:\/\/osepmendoza.com.ar\/web\/wp-content\/uploads\/2025\/12\/WhatsApp-Image-2025-12-15-at-15.33.12-e1765907895837.jpeg\" class=\"attachment-full size-full\" alt=\"\" srcset=\"https:\/\/osepmendoza.com.ar\/web\/wp-content\/uploads\/2025\/12\/WhatsApp-Image-2025-12-15-at-15.33.12-e1765907895837.jpeg 524w, https:\/\/osepmendoza.com.ar\/web\/wp-content\/uploads\/2025\/12\/WhatsApp-Image-2025-12-15-at-15.33.12-e1765907895837-100x150.jpeg 100w\" sizes=\"auto, (max-width: 524px) 100vw, 524px\" \/><\/a>\n\t\t\t<\/div><\/figure><figure class='gallery-item'>\n\t\t\t<div class='gallery-icon portrait'>\n\t\t\t\t<a href='https:\/\/osepmendoza.com.ar\/web\/el-toque-de-campana-de-felipe-simbolo-de-superacion-y-amor-familiar-tras-vencer-el-cancer\/whatsapp-image-2025-12-15-at-15-33-00\/'><img loading=\"lazy\" decoding=\"async\" width=\"524\" height=\"790\" src=\"https:\/\/osepmendoza.com.ar\/web\/wp-content\/uploads\/2025\/12\/WhatsApp-Image-2025-12-15-at-15.33.00-e1765907937836.jpeg\" class=\"attachment-full size-full\" alt=\"\" srcset=\"https:\/\/osepmendoza.com.ar\/web\/wp-content\/uploads\/2025\/12\/WhatsApp-Image-2025-12-15-at-15.33.00-e1765907937836.jpeg 524w, https:\/\/osepmendoza.com.ar\/web\/wp-content\/uploads\/2025\/12\/WhatsApp-Image-2025-12-15-at-15.33.00-e1765907937836-99x150.jpeg 99w\" sizes=\"auto, (max-width: 524px) 100vw, 524px\" \/><\/a>\n\t\t\t<\/div><\/figure><figure class='gallery-item'>\n\t\t\t<div class='gallery-icon portrait'>\n\t\t\t\t<a href='https:\/\/osepmendoza.com.ar\/web\/el-toque-de-campana-de-felipe-simbolo-de-superacion-y-amor-familiar-tras-vencer-el-cancer\/whatsapp-image-2025-12-15-at-15-33-01-1\/'><img loading=\"lazy\" decoding=\"async\" width=\"524\" height=\"1280\" src=\"https:\/\/osepmendoza.com.ar\/web\/wp-content\/uploads\/2025\/12\/WhatsApp-Image-2025-12-15-at-15.33.01-1.jpeg\" class=\"attachment-full size-full\" alt=\"\" srcset=\"https:\/\/osepmendoza.com.ar\/web\/wp-content\/uploads\/2025\/12\/WhatsApp-Image-2025-12-15-at-15.33.01-1.jpeg 524w, https:\/\/osepmendoza.com.ar\/web\/wp-content\/uploads\/2025\/12\/WhatsApp-Image-2025-12-15-at-15.33.01-1-61x150.jpeg 61w\" sizes=\"auto, (max-width: 524px) 100vw, 524px\" \/><\/a>\n\t\t\t<\/div><\/figure><figure class='gallery-item'>\n\t\t\t<div class='gallery-icon portrait'>\n\t\t\t\t<a href='https:\/\/osepmendoza.com.ar\/web\/el-toque-de-campana-de-felipe-simbolo-de-superacion-y-amor-familiar-tras-vencer-el-cancer\/whatsapp-image-2025-12-15-at-15-33-06-2\/'><img loading=\"lazy\" decoding=\"async\" width=\"524\" height=\"1280\" src=\"https:\/\/osepmendoza.com.ar\/web\/wp-content\/uploads\/2025\/12\/WhatsApp-Image-2025-12-15-at-15.33.06-2.jpeg\" class=\"attachment-full size-full\" alt=\"\" srcset=\"https:\/\/osepmendoza.com.ar\/web\/wp-content\/uploads\/2025\/12\/WhatsApp-Image-2025-12-15-at-15.33.06-2.jpeg 524w, https:\/\/osepmendoza.com.ar\/web\/wp-content\/uploads\/2025\/12\/WhatsApp-Image-2025-12-15-at-15.33.06-2-61x150.jpeg 61w\" sizes=\"auto, (max-width: 524px) 100vw, 524px\" \/><\/a>\n\t\t\t<\/div><\/figure><figure class='gallery-item'>\n\t\t\t<div class='gallery-icon portrait'>\n\t\t\t\t<a href='https:\/\/osepmendoza.com.ar\/web\/el-toque-de-campana-de-felipe-simbolo-de-superacion-y-amor-familiar-tras-vencer-el-cancer\/whatsapp-image-2025-12-15-at-15-33-03\/'><img loading=\"lazy\" decoding=\"async\" width=\"524\" height=\"1280\" src=\"https:\/\/osepmendoza.com.ar\/web\/wp-content\/uploads\/2025\/12\/WhatsApp-Image-2025-12-15-at-15.33.03.jpeg\" class=\"attachment-full size-full\" alt=\"\" srcset=\"https:\/\/osepmendoza.com.ar\/web\/wp-content\/uploads\/2025\/12\/WhatsApp-Image-2025-12-15-at-15.33.03.jpeg 524w, https:\/\/osepmendoza.com.ar\/web\/wp-content\/uploads\/2025\/12\/WhatsApp-Image-2025-12-15-at-15.33.03-61x150.jpeg 61w\" sizes=\"auto, (max-width: 524px) 100vw, 524px\" \/><\/a>\n\t\t\t<\/div><\/figure>\n\t\t<\/div>\n\n","protected":false},"excerpt":{"rendered":"<p>Un sonido reson\u00f3 en los pasillos, marcando el fin de&#8230;<\/p>\n","protected":false},"author":11,"featured_media":59687,"comment_status":"closed","ping_status":"open","sticky":false,"template":"","format":"standard","meta":{"_acf_changed":false,"inline_featured_image":false,"_exactmetrics_skip_tracking":false,"_exactmetrics_sitenote_active":false,"_exactmetrics_sitenote_note":"","_exactmetrics_sitenote_category":0,"footnotes":"","_links_to":"","_links_to_target":""},"categories":[1541],"tags":[162,1426,2355,259,2356,1798],"class_list":["post-59686","post","type-post","status-publish","format-standard","has-post-thumbnail","hentry","category-osep","tag-cancer","tag-carlos-funes","tag-felipe","tag-fleming","tag-funes","tag-infantil"],"acf":[],"yoast_head":"<!-- This site is optimized with the Yoast SEO plugin v27.4 - https:\/\/yoast.com\/product\/yoast-seo-wordpress\/ -->\n<title>El toque de campana de Felipe, s\u00edmbolo de superaci\u00f3n y amor familiar tras vencer el c\u00e1ncer - OSEP Mendoza<\/title>\n<meta name=\"robots\" content=\"index, follow, max-snippet:-1, max-image-preview:large, max-video-preview:-1\" \/>\n<link rel=\"canonical\" href=\"https:\/\/osepmendoza.com.ar\/web\/el-toque-de-campana-de-felipe-simbolo-de-superacion-y-amor-familiar-tras-vencer-el-cancer\/\" \/>\n<meta property=\"og:locale\" content=\"es_ES\" \/>\n<meta property=\"og:type\" content=\"article\" \/>\n<meta property=\"og:title\" content=\"El toque de campana de Felipe, s\u00edmbolo de superaci\u00f3n y amor familiar tras vencer el c\u00e1ncer - OSEP Mendoza\" \/>\n<meta property=\"og:description\" content=\"Un sonido reson\u00f3 en los pasillos, marcando el fin de...\" \/>\n<meta property=\"og:url\" content=\"https:\/\/osepmendoza.com.ar\/web\/el-toque-de-campana-de-felipe-simbolo-de-superacion-y-amor-familiar-tras-vencer-el-cancer\/\" \/>\n<meta property=\"og:site_name\" content=\"OSEP Mendoza\" \/>\n<meta property=\"article:publisher\" content=\"https:\/\/www.facebook.com\/OSEP.MendozaArg\/\" \/>\n<meta property=\"article:published_time\" content=\"2025-12-16T11:00:06+00:00\" \/>\n<meta property=\"article:modified_time\" content=\"2025-12-16T17:59:55+00:00\" \/>\n<meta property=\"og:image\" content=\"https:\/\/osepmendoza.com.ar\/web\/wp-content\/uploads\/2025\/12\/portada-recortada.jpg\" \/>\n\t<meta property=\"og:image:width\" content=\"1200\" \/>\n\t<meta property=\"og:image:height\" content=\"438\" \/>\n\t<meta property=\"og:image:type\" content=\"image\/jpeg\" \/>\n<meta name=\"author\" content=\"Ana Pereyra\" \/>\n<meta name=\"twitter:card\" content=\"summary_large_image\" \/>\n<meta name=\"twitter:creator\" content=\"@OsepMza\" \/>\n<meta name=\"twitter:site\" content=\"@OsepMza\" \/>\n<meta name=\"twitter:label1\" content=\"Escrito por\" \/>\n\t<meta name=\"twitter:data1\" content=\"Ana Pereyra\" \/>\n\t<meta name=\"twitter:label2\" content=\"Tiempo de lectura\" \/>\n\t<meta name=\"twitter:data2\" content=\"3 minutos\" \/>\n<script type=\"application\/ld+json\" class=\"yoast-schema-graph\">{\"@context\":\"https:\\\/\\\/schema.org\",\"@graph\":[{\"@type\":\"Article\",\"@id\":\"https:\\\/\\\/osepmendoza.com.ar\\\/web\\\/el-toque-de-campana-de-felipe-simbolo-de-superacion-y-amor-familiar-tras-vencer-el-cancer\\\/#article\",\"isPartOf\":{\"@id\":\"https:\\\/\\\/osepmendoza.com.ar\\\/web\\\/el-toque-de-campana-de-felipe-simbolo-de-superacion-y-amor-familiar-tras-vencer-el-cancer\\\/\"},\"author\":{\"name\":\"Ana Pereyra\",\"@id\":\"https:\\\/\\\/osepmendoza.com.ar\\\/web\\\/#\\\/schema\\\/person\\\/589af535ca62640386b991b5adb0b40a\"},\"headline\":\"El toque de campana de Felipe, s\u00edmbolo de superaci\u00f3n y amor familiar tras vencer el c\u00e1ncer\",\"datePublished\":\"2025-12-16T11:00:06+00:00\",\"dateModified\":\"2025-12-16T17:59:55+00:00\",\"mainEntityOfPage\":{\"@id\":\"https:\\\/\\\/osepmendoza.com.ar\\\/web\\\/el-toque-de-campana-de-felipe-simbolo-de-superacion-y-amor-familiar-tras-vencer-el-cancer\\\/\"},\"wordCount\":563,\"publisher\":{\"@id\":\"https:\\\/\\\/osepmendoza.com.ar\\\/web\\\/#organization\"},\"image\":{\"@id\":\"https:\\\/\\\/osepmendoza.com.ar\\\/web\\\/el-toque-de-campana-de-felipe-simbolo-de-superacion-y-amor-familiar-tras-vencer-el-cancer\\\/#primaryimage\"},\"thumbnailUrl\":\"https:\\\/\\\/osepmendoza.com.ar\\\/web\\\/wp-content\\\/uploads\\\/2025\\\/12\\\/portada-recortada.jpg\",\"keywords\":[\"c\u00e1ncer\",\"Carlos Funes\",\"felipe\",\"fleming\",\"funes\",\"infantil\"],\"articleSection\":[\"OSEP\"],\"inLanguage\":\"es\"},{\"@type\":\"WebPage\",\"@id\":\"https:\\\/\\\/osepmendoza.com.ar\\\/web\\\/el-toque-de-campana-de-felipe-simbolo-de-superacion-y-amor-familiar-tras-vencer-el-cancer\\\/\",\"url\":\"https:\\\/\\\/osepmendoza.com.ar\\\/web\\\/el-toque-de-campana-de-felipe-simbolo-de-superacion-y-amor-familiar-tras-vencer-el-cancer\\\/\",\"name\":\"El toque de campana de Felipe, s\u00edmbolo de superaci\u00f3n y amor familiar tras vencer el c\u00e1ncer - OSEP Mendoza\",\"isPartOf\":{\"@id\":\"https:\\\/\\\/osepmendoza.com.ar\\\/web\\\/#website\"},\"primaryImageOfPage\":{\"@id\":\"https:\\\/\\\/osepmendoza.com.ar\\\/web\\\/el-toque-de-campana-de-felipe-simbolo-de-superacion-y-amor-familiar-tras-vencer-el-cancer\\\/#primaryimage\"},\"image\":{\"@id\":\"https:\\\/\\\/osepmendoza.com.ar\\\/web\\\/el-toque-de-campana-de-felipe-simbolo-de-superacion-y-amor-familiar-tras-vencer-el-cancer\\\/#primaryimage\"},\"thumbnailUrl\":\"https:\\\/\\\/osepmendoza.com.ar\\\/web\\\/wp-content\\\/uploads\\\/2025\\\/12\\\/portada-recortada.jpg\",\"datePublished\":\"2025-12-16T11:00:06+00:00\",\"dateModified\":\"2025-12-16T17:59:55+00:00\",\"breadcrumb\":{\"@id\":\"https:\\\/\\\/osepmendoza.com.ar\\\/web\\\/el-toque-de-campana-de-felipe-simbolo-de-superacion-y-amor-familiar-tras-vencer-el-cancer\\\/#breadcrumb\"},\"inLanguage\":\"es\",\"potentialAction\":[{\"@type\":\"ReadAction\",\"target\":[\"https:\\\/\\\/osepmendoza.com.ar\\\/web\\\/el-toque-de-campana-de-felipe-simbolo-de-superacion-y-amor-familiar-tras-vencer-el-cancer\\\/\"]}]},{\"@type\":\"ImageObject\",\"inLanguage\":\"es\",\"@id\":\"https:\\\/\\\/osepmendoza.com.ar\\\/web\\\/el-toque-de-campana-de-felipe-simbolo-de-superacion-y-amor-familiar-tras-vencer-el-cancer\\\/#primaryimage\",\"url\":\"https:\\\/\\\/osepmendoza.com.ar\\\/web\\\/wp-content\\\/uploads\\\/2025\\\/12\\\/portada-recortada.jpg\",\"contentUrl\":\"https:\\\/\\\/osepmendoza.com.ar\\\/web\\\/wp-content\\\/uploads\\\/2025\\\/12\\\/portada-recortada.jpg\",\"width\":1200,\"height\":438},{\"@type\":\"BreadcrumbList\",\"@id\":\"https:\\\/\\\/osepmendoza.com.ar\\\/web\\\/el-toque-de-campana-de-felipe-simbolo-de-superacion-y-amor-familiar-tras-vencer-el-cancer\\\/#breadcrumb\",\"itemListElement\":[{\"@type\":\"ListItem\",\"position\":1,\"name\":\"Portada\",\"item\":\"https:\\\/\\\/osepmendoza.com.ar\\\/web\\\/\"},{\"@type\":\"ListItem\",\"position\":2,\"name\":\"El toque de campana de Felipe, s\u00edmbolo de superaci\u00f3n y amor familiar tras vencer el c\u00e1ncer\"}]},{\"@type\":\"WebSite\",\"@id\":\"https:\\\/\\\/osepmendoza.com.ar\\\/web\\\/#website\",\"url\":\"https:\\\/\\\/osepmendoza.com.ar\\\/web\\\/\",\"name\":\"OSEP Mendoza\",\"description\":\"Obra Social de los Empleados P\u00fablicos de Mendoza\",\"publisher\":{\"@id\":\"https:\\\/\\\/osepmendoza.com.ar\\\/web\\\/#organization\"},\"potentialAction\":[{\"@type\":\"SearchAction\",\"target\":{\"@type\":\"EntryPoint\",\"urlTemplate\":\"https:\\\/\\\/osepmendoza.com.ar\\\/web\\\/?s={search_term_string}\"},\"query-input\":{\"@type\":\"PropertyValueSpecification\",\"valueRequired\":true,\"valueName\":\"search_term_string\"}}],\"inLanguage\":\"es\"},{\"@type\":\"Organization\",\"@id\":\"https:\\\/\\\/osepmendoza.com.ar\\\/web\\\/#organization\",\"name\":\"OSEP - Obra Social de Empleados P\u00fablicos de Mendoza\",\"url\":\"https:\\\/\\\/osepmendoza.com.ar\\\/web\\\/\",\"logo\":{\"@type\":\"ImageObject\",\"inLanguage\":\"es\",\"@id\":\"https:\\\/\\\/osepmendoza.com.ar\\\/web\\\/#\\\/schema\\\/logo\\\/image\\\/\",\"url\":\"https:\\\/\\\/osepmendoza.com.ar\\\/web\\\/wp-content\\\/uploads\\\/2020\\\/04\\\/lkTM9T9z.jpg\",\"contentUrl\":\"https:\\\/\\\/osepmendoza.com.ar\\\/web\\\/wp-content\\\/uploads\\\/2020\\\/04\\\/lkTM9T9z.jpg\",\"width\":334,\"height\":334,\"caption\":\"OSEP - Obra Social de Empleados P\u00fablicos de Mendoza\"},\"image\":{\"@id\":\"https:\\\/\\\/osepmendoza.com.ar\\\/web\\\/#\\\/schema\\\/logo\\\/image\\\/\"},\"sameAs\":[\"https:\\\/\\\/www.facebook.com\\\/OSEP.MendozaArg\\\/\",\"https:\\\/\\\/x.com\\\/OsepMza\",\"https:\\\/\\\/www.instagram.com\\\/osep.mendoza\\\/\",\"https:\\\/\\\/www.youtube.com\\\/user\\\/osepvideos\"]},{\"@type\":\"Person\",\"@id\":\"https:\\\/\\\/osepmendoza.com.ar\\\/web\\\/#\\\/schema\\\/person\\\/589af535ca62640386b991b5adb0b40a\",\"name\":\"Ana Pereyra\",\"image\":{\"@type\":\"ImageObject\",\"inLanguage\":\"es\",\"@id\":\"https:\\\/\\\/secure.gravatar.com\\\/avatar\\\/3529dfb99a65d0433c0142c465656bf9d7ecfc80049608f1e685d8aeab2efa92?s=96&d=mm&r=g\",\"url\":\"https:\\\/\\\/secure.gravatar.com\\\/avatar\\\/3529dfb99a65d0433c0142c465656bf9d7ecfc80049608f1e685d8aeab2efa92?s=96&d=mm&r=g\",\"contentUrl\":\"https:\\\/\\\/secure.gravatar.com\\\/avatar\\\/3529dfb99a65d0433c0142c465656bf9d7ecfc80049608f1e685d8aeab2efa92?s=96&d=mm&r=g\",\"caption\":\"Ana Pereyra\"},\"sameAs\":[\"http:\\\/\\\/osepmendoza.com.ar\\\/web\"]}]}<\/script>\n<!-- \/ Yoast SEO plugin. -->","yoast_head_json":{"title":"El toque de campana de Felipe, s\u00edmbolo de superaci\u00f3n y amor familiar tras vencer el c\u00e1ncer - OSEP Mendoza","robots":{"index":"index","follow":"follow","max-snippet":"max-snippet:-1","max-image-preview":"max-image-preview:large","max-video-preview":"max-video-preview:-1"},"canonical":"https:\/\/osepmendoza.com.ar\/web\/el-toque-de-campana-de-felipe-simbolo-de-superacion-y-amor-familiar-tras-vencer-el-cancer\/","og_locale":"es_ES","og_type":"article","og_title":"El toque de campana de Felipe, s\u00edmbolo de superaci\u00f3n y amor familiar tras vencer el c\u00e1ncer - OSEP Mendoza","og_description":"Un sonido reson\u00f3 en los pasillos, marcando el fin de...","og_url":"https:\/\/osepmendoza.com.ar\/web\/el-toque-de-campana-de-felipe-simbolo-de-superacion-y-amor-familiar-tras-vencer-el-cancer\/","og_site_name":"OSEP Mendoza","article_publisher":"https:\/\/www.facebook.com\/OSEP.MendozaArg\/","article_published_time":"2025-12-16T11:00:06+00:00","article_modified_time":"2025-12-16T17:59:55+00:00","og_image":[{"width":1200,"height":438,"url":"https:\/\/osepmendoza.com.ar\/web\/wp-content\/uploads\/2025\/12\/portada-recortada.jpg","type":"image\/jpeg"}],"author":"Ana Pereyra","twitter_card":"summary_large_image","twitter_creator":"@OsepMza","twitter_site":"@OsepMza","twitter_misc":{"Escrito por":"Ana Pereyra","Tiempo de lectura":"3 minutos"},"schema":{"@context":"https:\/\/schema.org","@graph":[{"@type":"Article","@id":"https:\/\/osepmendoza.com.ar\/web\/el-toque-de-campana-de-felipe-simbolo-de-superacion-y-amor-familiar-tras-vencer-el-cancer\/#article","isPartOf":{"@id":"https:\/\/osepmendoza.com.ar\/web\/el-toque-de-campana-de-felipe-simbolo-de-superacion-y-amor-familiar-tras-vencer-el-cancer\/"},"author":{"name":"Ana Pereyra","@id":"https:\/\/osepmendoza.com.ar\/web\/#\/schema\/person\/589af535ca62640386b991b5adb0b40a"},"headline":"El toque de campana de Felipe, s\u00edmbolo de superaci\u00f3n y amor familiar tras vencer el c\u00e1ncer","datePublished":"2025-12-16T11:00:06+00:00","dateModified":"2025-12-16T17:59:55+00:00","mainEntityOfPage":{"@id":"https:\/\/osepmendoza.com.ar\/web\/el-toque-de-campana-de-felipe-simbolo-de-superacion-y-amor-familiar-tras-vencer-el-cancer\/"},"wordCount":563,"publisher":{"@id":"https:\/\/osepmendoza.com.ar\/web\/#organization"},"image":{"@id":"https:\/\/osepmendoza.com.ar\/web\/el-toque-de-campana-de-felipe-simbolo-de-superacion-y-amor-familiar-tras-vencer-el-cancer\/#primaryimage"},"thumbnailUrl":"https:\/\/osepmendoza.com.ar\/web\/wp-content\/uploads\/2025\/12\/portada-recortada.jpg","keywords":["c\u00e1ncer","Carlos Funes","felipe","fleming","funes","infantil"],"articleSection":["OSEP"],"inLanguage":"es"},{"@type":"WebPage","@id":"https:\/\/osepmendoza.com.ar\/web\/el-toque-de-campana-de-felipe-simbolo-de-superacion-y-amor-familiar-tras-vencer-el-cancer\/","url":"https:\/\/osepmendoza.com.ar\/web\/el-toque-de-campana-de-felipe-simbolo-de-superacion-y-amor-familiar-tras-vencer-el-cancer\/","name":"El toque de campana de Felipe, s\u00edmbolo de superaci\u00f3n y amor familiar tras vencer el c\u00e1ncer - OSEP Mendoza","isPartOf":{"@id":"https:\/\/osepmendoza.com.ar\/web\/#website"},"primaryImageOfPage":{"@id":"https:\/\/osepmendoza.com.ar\/web\/el-toque-de-campana-de-felipe-simbolo-de-superacion-y-amor-familiar-tras-vencer-el-cancer\/#primaryimage"},"image":{"@id":"https:\/\/osepmendoza.com.ar\/web\/el-toque-de-campana-de-felipe-simbolo-de-superacion-y-amor-familiar-tras-vencer-el-cancer\/#primaryimage"},"thumbnailUrl":"https:\/\/osepmendoza.com.ar\/web\/wp-content\/uploads\/2025\/12\/portada-recortada.jpg","datePublished":"2025-12-16T11:00:06+00:00","dateModified":"2025-12-16T17:59:55+00:00","breadcrumb":{"@id":"https:\/\/osepmendoza.com.ar\/web\/el-toque-de-campana-de-felipe-simbolo-de-superacion-y-amor-familiar-tras-vencer-el-cancer\/#breadcrumb"},"inLanguage":"es","potentialAction":[{"@type":"ReadAction","target":["https:\/\/osepmendoza.com.ar\/web\/el-toque-de-campana-de-felipe-simbolo-de-superacion-y-amor-familiar-tras-vencer-el-cancer\/"]}]},{"@type":"ImageObject","inLanguage":"es","@id":"https:\/\/osepmendoza.com.ar\/web\/el-toque-de-campana-de-felipe-simbolo-de-superacion-y-amor-familiar-tras-vencer-el-cancer\/#primaryimage","url":"https:\/\/osepmendoza.com.ar\/web\/wp-content\/uploads\/2025\/12\/portada-recortada.jpg","contentUrl":"https:\/\/osepmendoza.com.ar\/web\/wp-content\/uploads\/2025\/12\/portada-recortada.jpg","width":1200,"height":438},{"@type":"BreadcrumbList","@id":"https:\/\/osepmendoza.com.ar\/web\/el-toque-de-campana-de-felipe-simbolo-de-superacion-y-amor-familiar-tras-vencer-el-cancer\/#breadcrumb","itemListElement":[{"@type":"ListItem","position":1,"name":"Portada","item":"https:\/\/osepmendoza.com.ar\/web\/"},{"@type":"ListItem","position":2,"name":"El toque de campana de Felipe, s\u00edmbolo de superaci\u00f3n y amor familiar tras vencer el c\u00e1ncer"}]},{"@type":"WebSite","@id":"https:\/\/osepmendoza.com.ar\/web\/#website","url":"https:\/\/osepmendoza.com.ar\/web\/","name":"OSEP Mendoza","description":"Obra Social de los Empleados P\u00fablicos de Mendoza","publisher":{"@id":"https:\/\/osepmendoza.com.ar\/web\/#organization"},"potentialAction":[{"@type":"SearchAction","target":{"@type":"EntryPoint","urlTemplate":"https:\/\/osepmendoza.com.ar\/web\/?s={search_term_string}"},"query-input":{"@type":"PropertyValueSpecification","valueRequired":true,"valueName":"search_term_string"}}],"inLanguage":"es"},{"@type":"Organization","@id":"https:\/\/osepmendoza.com.ar\/web\/#organization","name":"OSEP - Obra Social de Empleados P\u00fablicos de Mendoza","url":"https:\/\/osepmendoza.com.ar\/web\/","logo":{"@type":"ImageObject","inLanguage":"es","@id":"https:\/\/osepmendoza.com.ar\/web\/#\/schema\/logo\/image\/","url":"https:\/\/osepmendoza.com.ar\/web\/wp-content\/uploads\/2020\/04\/lkTM9T9z.jpg","contentUrl":"https:\/\/osepmendoza.com.ar\/web\/wp-content\/uploads\/2020\/04\/lkTM9T9z.jpg","width":334,"height":334,"caption":"OSEP - Obra Social de Empleados P\u00fablicos de Mendoza"},"image":{"@id":"https:\/\/osepmendoza.com.ar\/web\/#\/schema\/logo\/image\/"},"sameAs":["https:\/\/www.facebook.com\/OSEP.MendozaArg\/","https:\/\/x.com\/OsepMza","https:\/\/www.instagram.com\/osep.mendoza\/","https:\/\/www.youtube.com\/user\/osepvideos"]},{"@type":"Person","@id":"https:\/\/osepmendoza.com.ar\/web\/#\/schema\/person\/589af535ca62640386b991b5adb0b40a","name":"Ana Pereyra","image":{"@type":"ImageObject","inLanguage":"es","@id":"https:\/\/secure.gravatar.com\/avatar\/3529dfb99a65d0433c0142c465656bf9d7ecfc80049608f1e685d8aeab2efa92?s=96&d=mm&r=g","url":"https:\/\/secure.gravatar.com\/avatar\/3529dfb99a65d0433c0142c465656bf9d7ecfc80049608f1e685d8aeab2efa92?s=96&d=mm&r=g","contentUrl":"https:\/\/secure.gravatar.com\/avatar\/3529dfb99a65d0433c0142c465656bf9d7ecfc80049608f1e685d8aeab2efa92?s=96&d=mm&r=g","caption":"Ana Pereyra"},"sameAs":["http:\/\/osepmendoza.com.ar\/web"]}]}},"amp_enabled":true,"_links":{"self":[{"href":"https:\/\/osepmendoza.com.ar\/web\/wp-json\/wp\/v2\/posts\/59686","targetHints":{"allow":["GET"]}}],"collection":[{"href":"https:\/\/osepmendoza.com.ar\/web\/wp-json\/wp\/v2\/posts"}],"about":[{"href":"https:\/\/osepmendoza.com.ar\/web\/wp-json\/wp\/v2\/types\/post"}],"author":[{"embeddable":true,"href":"https:\/\/osepmendoza.com.ar\/web\/wp-json\/wp\/v2\/users\/11"}],"replies":[{"embeddable":true,"href":"https:\/\/osepmendoza.com.ar\/web\/wp-json\/wp\/v2\/comments?post=59686"}],"version-history":[{"count":3,"href":"https:\/\/osepmendoza.com.ar\/web\/wp-json\/wp\/v2\/posts\/59686\/revisions"}],"predecessor-version":[{"id":59714,"href":"https:\/\/osepmendoza.com.ar\/web\/wp-json\/wp\/v2\/posts\/59686\/revisions\/59714"}],"wp:featuredmedia":[{"embeddable":true,"href":"https:\/\/osepmendoza.com.ar\/web\/wp-json\/wp\/v2\/media\/59687"}],"wp:attachment":[{"href":"https:\/\/osepmendoza.com.ar\/web\/wp-json\/wp\/v2\/media?parent=59686"}],"wp:term":[{"taxonomy":"category","embeddable":true,"href":"https:\/\/osepmendoza.com.ar\/web\/wp-json\/wp\/v2\/categories?post=59686"},{"taxonomy":"post_tag","embeddable":true,"href":"https:\/\/osepmendoza.com.ar\/web\/wp-json\/wp\/v2\/tags?post=59686"}],"curies":[{"name":"wp","href":"https:\/\/api.w.org\/{rel}","templated":true}]}}