{"id":58645,"date":"2025-08-18T11:14:38","date_gmt":"2025-08-18T14:14:38","guid":{"rendered":"https:\/\/osepmendoza.com.ar\/web\/?p=58645"},"modified":"2025-08-18T15:40:10","modified_gmt":"2025-08-18T18:40:10","slug":"el-hospital-fleming-celebro-el-dia-de-la-ninez-con-alegria-y-sonrisas","status":"publish","type":"post","link":"https:\/\/osepmendoza.com.ar\/web\/el-hospital-fleming-celebro-el-dia-de-la-ninez-con-alegria-y-sonrisas\/","title":{"rendered":"El Hospital Fleming celebr\u00f3 el D\u00eda de la Ni\u00f1ez con alegr\u00eda y sonrisas"},"content":{"rendered":"<p><span style=\"font-family: Arial, sans-serif;\">El Hospital Fleming se llen\u00f3 de risas y alegr\u00eda en la celebraci\u00f3n del D\u00eda de la Ni\u00f1ez, con una emotiva jornada dedicada a los peque\u00f1os pacientes. El equipo de salud del Fleming comparti\u00f3 momentos de diversi\u00f3n y ternura con los ni\u00f1os internados y los que esperaban su atenci\u00f3n en el Servicio de <\/span><span style=\"font-family: Arial, sans-serif;\">Guardia.<\/span><\/p>\n<p><span style=\"font-family: Arial, sans-serif;\">La iniciativa transform\u00f3 las \u00e1reas del hospital en escenarios de juego y sorpresa. Cada juguete entregado fue mucho m\u00e1s que un simple obsequio: se convirti\u00f3 en un gesto de abrazo, amor y esperanza para los peque\u00f1os y sus familias, brindando un respiro y un motivo de alegr\u00eda en momentos dif\u00edciles.<\/span><\/p>\n<p><span style=\"font-family: Arial, sans-serif;\">Este d\u00eda tan especial fue un claro ejemplo de ternura y solidaridad, valores que guiaron cada actividad y cada interacci\u00f3n. La jornada fue posible gracias al incansable compromiso de todo el personal del Hospital Fleming, quienes trabajaron para crear un ambiente c\u00e1lido y festivo, incluso algunos se disfrazaron para acompa\u00f1ar la jornada junto a Music\u00f3n y al Mago Galuri.<\/span><\/p>\n<p><span style=\"font-family: Arial, sans-serif;\">Las doctoras Marina Michelan y Silvana Nadal, directivas del Fleming, estuvieron presentes, acompa\u00f1ando y celebrando junto a los ni\u00f1os y el equipo, destacando la importancia de estas acciones que no solo entregan un juguete, sino que tambi\u00e9n siembran esperanza y fortalecen el esp\u00edritu.<\/span><\/p>\n<div id='gallery-1' class='gallery galleryid-58645 gallery-columns-3 gallery-size-full'><figure class='gallery-item'>\n\t\t\t<div class='gallery-icon portrait'>\n\t\t\t\t<a href='https:\/\/osepmendoza.com.ar\/web\/el-hospital-fleming-celebro-el-dia-de-la-ninez-con-alegria-y-sonrisas\/whatsapp-image-2025-08-18-at-10-48-00\/'><img loading=\"lazy\" decoding=\"async\" width=\"200\" height=\"223\" src=\"https:\/\/osepmendoza.com.ar\/web\/wp-content\/uploads\/2025\/08\/WhatsApp-Image-2025-08-18-at-10.48.00-e1755526078302.jpeg\" class=\"attachment-full size-full\" alt=\"\" \/><\/a>\n\t\t\t<\/div><\/figure><figure class='gallery-item'>\n\t\t\t<div class='gallery-icon portrait'>\n\t\t\t\t<a href='https:\/\/osepmendoza.com.ar\/web\/el-hospital-fleming-celebro-el-dia-de-la-ninez-con-alegria-y-sonrisas\/whatsapp-image-2025-08-18-at-10-09-57\/'><img loading=\"lazy\" decoding=\"async\" width=\"900\" height=\"1600\" src=\"https:\/\/osepmendoza.com.ar\/web\/wp-content\/uploads\/2025\/08\/WhatsApp-Image-2025-08-18-at-10.09.57.jpeg\" class=\"attachment-full size-full\" alt=\"\" srcset=\"https:\/\/osepmendoza.com.ar\/web\/wp-content\/uploads\/2025\/08\/WhatsApp-Image-2025-08-18-at-10.09.57.jpeg 900w, https:\/\/osepmendoza.com.ar\/web\/wp-content\/uploads\/2025\/08\/WhatsApp-Image-2025-08-18-at-10.09.57-84x150.jpeg 84w, https:\/\/osepmendoza.com.ar\/web\/wp-content\/uploads\/2025\/08\/WhatsApp-Image-2025-08-18-at-10.09.57-768x1365.jpeg 768w, https:\/\/osepmendoza.com.ar\/web\/wp-content\/uploads\/2025\/08\/WhatsApp-Image-2025-08-18-at-10.09.57-864x1536.jpeg 864w\" sizes=\"auto, (max-width: 900px) 100vw, 900px\" \/><\/a>\n\t\t\t<\/div><\/figure><figure class='gallery-item'>\n\t\t\t<div class='gallery-icon portrait'>\n\t\t\t\t<a href='https:\/\/osepmendoza.com.ar\/web\/el-hospital-fleming-celebro-el-dia-de-la-ninez-con-alegria-y-sonrisas\/whatsapp-image-2025-08-18-at-10-09-57-2\/'><img loading=\"lazy\" decoding=\"async\" width=\"900\" height=\"1600\" src=\"https:\/\/osepmendoza.com.ar\/web\/wp-content\/uploads\/2025\/08\/WhatsApp-Image-2025-08-18-at-10.09.57-2.jpeg\" class=\"attachment-full size-full\" alt=\"\" srcset=\"https:\/\/osepmendoza.com.ar\/web\/wp-content\/uploads\/2025\/08\/WhatsApp-Image-2025-08-18-at-10.09.57-2.jpeg 900w, https:\/\/osepmendoza.com.ar\/web\/wp-content\/uploads\/2025\/08\/WhatsApp-Image-2025-08-18-at-10.09.57-2-84x150.jpeg 84w, https:\/\/osepmendoza.com.ar\/web\/wp-content\/uploads\/2025\/08\/WhatsApp-Image-2025-08-18-at-10.09.57-2-768x1365.jpeg 768w, https:\/\/osepmendoza.com.ar\/web\/wp-content\/uploads\/2025\/08\/WhatsApp-Image-2025-08-18-at-10.09.57-2-864x1536.jpeg 864w\" sizes=\"auto, (max-width: 900px) 100vw, 900px\" \/><\/a>\n\t\t\t<\/div><\/figure><figure class='gallery-item'>\n\t\t\t<div class='gallery-icon portrait'>\n\t\t\t\t<a href='https:\/\/osepmendoza.com.ar\/web\/el-hospital-fleming-celebro-el-dia-de-la-ninez-con-alegria-y-sonrisas\/whatsapp-image-2025-08-18-at-10-09-57-1\/'><img loading=\"lazy\" decoding=\"async\" width=\"900\" height=\"1600\" src=\"https:\/\/osepmendoza.com.ar\/web\/wp-content\/uploads\/2025\/08\/WhatsApp-Image-2025-08-18-at-10.09.57-1.jpeg\" class=\"attachment-full size-full\" alt=\"\" srcset=\"https:\/\/osepmendoza.com.ar\/web\/wp-content\/uploads\/2025\/08\/WhatsApp-Image-2025-08-18-at-10.09.57-1.jpeg 900w, https:\/\/osepmendoza.com.ar\/web\/wp-content\/uploads\/2025\/08\/WhatsApp-Image-2025-08-18-at-10.09.57-1-84x150.jpeg 84w, https:\/\/osepmendoza.com.ar\/web\/wp-content\/uploads\/2025\/08\/WhatsApp-Image-2025-08-18-at-10.09.57-1-768x1365.jpeg 768w, https:\/\/osepmendoza.com.ar\/web\/wp-content\/uploads\/2025\/08\/WhatsApp-Image-2025-08-18-at-10.09.57-1-864x1536.jpeg 864w\" sizes=\"auto, (max-width: 900px) 100vw, 900px\" \/><\/a>\n\t\t\t<\/div><\/figure><figure class='gallery-item'>\n\t\t\t<div class='gallery-icon portrait'>\n\t\t\t\t<a href='https:\/\/osepmendoza.com.ar\/web\/el-hospital-fleming-celebro-el-dia-de-la-ninez-con-alegria-y-sonrisas\/whatsapp-image-2025-08-18-at-10-09-56\/'><img loading=\"lazy\" decoding=\"async\" width=\"900\" height=\"1600\" src=\"https:\/\/osepmendoza.com.ar\/web\/wp-content\/uploads\/2025\/08\/WhatsApp-Image-2025-08-18-at-10.09.56.jpeg\" class=\"attachment-full size-full\" alt=\"\" srcset=\"https:\/\/osepmendoza.com.ar\/web\/wp-content\/uploads\/2025\/08\/WhatsApp-Image-2025-08-18-at-10.09.56.jpeg 900w, https:\/\/osepmendoza.com.ar\/web\/wp-content\/uploads\/2025\/08\/WhatsApp-Image-2025-08-18-at-10.09.56-84x150.jpeg 84w, https:\/\/osepmendoza.com.ar\/web\/wp-content\/uploads\/2025\/08\/WhatsApp-Image-2025-08-18-at-10.09.56-768x1365.jpeg 768w, https:\/\/osepmendoza.com.ar\/web\/wp-content\/uploads\/2025\/08\/WhatsApp-Image-2025-08-18-at-10.09.56-864x1536.jpeg 864w\" sizes=\"auto, (max-width: 900px) 100vw, 900px\" \/><\/a>\n\t\t\t<\/div><\/figure><figure class='gallery-item'>\n\t\t\t<div class='gallery-icon portrait'>\n\t\t\t\t<a href='https:\/\/osepmendoza.com.ar\/web\/el-hospital-fleming-celebro-el-dia-de-la-ninez-con-alegria-y-sonrisas\/whatsapp-image-2025-08-18-at-10-09-56-1\/'><img loading=\"lazy\" decoding=\"async\" width=\"900\" height=\"1600\" src=\"https:\/\/osepmendoza.com.ar\/web\/wp-content\/uploads\/2025\/08\/WhatsApp-Image-2025-08-18-at-10.09.56-1.jpeg\" class=\"attachment-full size-full\" alt=\"\" srcset=\"https:\/\/osepmendoza.com.ar\/web\/wp-content\/uploads\/2025\/08\/WhatsApp-Image-2025-08-18-at-10.09.56-1.jpeg 900w, https:\/\/osepmendoza.com.ar\/web\/wp-content\/uploads\/2025\/08\/WhatsApp-Image-2025-08-18-at-10.09.56-1-84x150.jpeg 84w, https:\/\/osepmendoza.com.ar\/web\/wp-content\/uploads\/2025\/08\/WhatsApp-Image-2025-08-18-at-10.09.56-1-768x1365.jpeg 768w, https:\/\/osepmendoza.com.ar\/web\/wp-content\/uploads\/2025\/08\/WhatsApp-Image-2025-08-18-at-10.09.56-1-864x1536.jpeg 864w\" sizes=\"auto, (max-width: 900px) 100vw, 900px\" \/><\/a>\n\t\t\t<\/div><\/figure><figure class='gallery-item'>\n\t\t\t<div class='gallery-icon portrait'>\n\t\t\t\t<a href='https:\/\/osepmendoza.com.ar\/web\/el-hospital-fleming-celebro-el-dia-de-la-ninez-con-alegria-y-sonrisas\/whatsapp-image-2025-08-18-at-10-09-55\/'><img loading=\"lazy\" decoding=\"async\" width=\"900\" height=\"1600\" src=\"https:\/\/osepmendoza.com.ar\/web\/wp-content\/uploads\/2025\/08\/WhatsApp-Image-2025-08-18-at-10.09.55.jpeg\" class=\"attachment-full size-full\" alt=\"\" srcset=\"https:\/\/osepmendoza.com.ar\/web\/wp-content\/uploads\/2025\/08\/WhatsApp-Image-2025-08-18-at-10.09.55.jpeg 900w, https:\/\/osepmendoza.com.ar\/web\/wp-content\/uploads\/2025\/08\/WhatsApp-Image-2025-08-18-at-10.09.55-84x150.jpeg 84w, https:\/\/osepmendoza.com.ar\/web\/wp-content\/uploads\/2025\/08\/WhatsApp-Image-2025-08-18-at-10.09.55-768x1365.jpeg 768w, https:\/\/osepmendoza.com.ar\/web\/wp-content\/uploads\/2025\/08\/WhatsApp-Image-2025-08-18-at-10.09.55-864x1536.jpeg 864w\" sizes=\"auto, (max-width: 900px) 100vw, 900px\" \/><\/a>\n\t\t\t<\/div><\/figure><figure class='gallery-item'>\n\t\t\t<div class='gallery-icon portrait'>\n\t\t\t\t<a href='https:\/\/osepmendoza.com.ar\/web\/el-hospital-fleming-celebro-el-dia-de-la-ninez-con-alegria-y-sonrisas\/whatsapp-image-2025-08-18-at-10-09-55-1\/'><img loading=\"lazy\" decoding=\"async\" width=\"900\" height=\"1600\" src=\"https:\/\/osepmendoza.com.ar\/web\/wp-content\/uploads\/2025\/08\/WhatsApp-Image-2025-08-18-at-10.09.55-1.jpeg\" class=\"attachment-full size-full\" alt=\"\" srcset=\"https:\/\/osepmendoza.com.ar\/web\/wp-content\/uploads\/2025\/08\/WhatsApp-Image-2025-08-18-at-10.09.55-1.jpeg 900w, https:\/\/osepmendoza.com.ar\/web\/wp-content\/uploads\/2025\/08\/WhatsApp-Image-2025-08-18-at-10.09.55-1-84x150.jpeg 84w, https:\/\/osepmendoza.com.ar\/web\/wp-content\/uploads\/2025\/08\/WhatsApp-Image-2025-08-18-at-10.09.55-1-768x1365.jpeg 768w, https:\/\/osepmendoza.com.ar\/web\/wp-content\/uploads\/2025\/08\/WhatsApp-Image-2025-08-18-at-10.09.55-1-864x1536.jpeg 864w\" sizes=\"auto, (max-width: 900px) 100vw, 900px\" \/><\/a>\n\t\t\t<\/div><\/figure><figure class='gallery-item'>\n\t\t\t<div class='gallery-icon portrait'>\n\t\t\t\t<a href='https:\/\/osepmendoza.com.ar\/web\/el-hospital-fleming-celebro-el-dia-de-la-ninez-con-alegria-y-sonrisas\/whatsapp-image-2025-08-18-at-09-54-17\/'><img loading=\"lazy\" decoding=\"async\" width=\"524\" height=\"1280\" src=\"https:\/\/osepmendoza.com.ar\/web\/wp-content\/uploads\/2025\/08\/WhatsApp-Image-2025-08-18-at-09.54.17.jpeg\" class=\"attachment-full size-full\" alt=\"\" srcset=\"https:\/\/osepmendoza.com.ar\/web\/wp-content\/uploads\/2025\/08\/WhatsApp-Image-2025-08-18-at-09.54.17.jpeg 524w, https:\/\/osepmendoza.com.ar\/web\/wp-content\/uploads\/2025\/08\/WhatsApp-Image-2025-08-18-at-09.54.17-61x150.jpeg 61w\" sizes=\"auto, (max-width: 524px) 100vw, 524px\" \/><\/a>\n\t\t\t<\/div><\/figure><figure class='gallery-item'>\n\t\t\t<div class='gallery-icon portrait'>\n\t\t\t\t<a href='https:\/\/osepmendoza.com.ar\/web\/el-hospital-fleming-celebro-el-dia-de-la-ninez-con-alegria-y-sonrisas\/whatsapp-image-2025-08-18-at-09-54-19-1\/'><img loading=\"lazy\" decoding=\"async\" width=\"524\" height=\"1280\" src=\"https:\/\/osepmendoza.com.ar\/web\/wp-content\/uploads\/2025\/08\/WhatsApp-Image-2025-08-18-at-09.54.19-1.jpeg\" class=\"attachment-full size-full\" alt=\"\" srcset=\"https:\/\/osepmendoza.com.ar\/web\/wp-content\/uploads\/2025\/08\/WhatsApp-Image-2025-08-18-at-09.54.19-1.jpeg 524w, https:\/\/osepmendoza.com.ar\/web\/wp-content\/uploads\/2025\/08\/WhatsApp-Image-2025-08-18-at-09.54.19-1-61x150.jpeg 61w\" sizes=\"auto, (max-width: 524px) 100vw, 524px\" \/><\/a>\n\t\t\t<\/div><\/figure><figure class='gallery-item'>\n\t\t\t<div class='gallery-icon portrait'>\n\t\t\t\t<a href='https:\/\/osepmendoza.com.ar\/web\/el-hospital-fleming-celebro-el-dia-de-la-ninez-con-alegria-y-sonrisas\/whatsapp-image-2025-08-18-at-09-54-19-3\/'><img loading=\"lazy\" decoding=\"async\" width=\"524\" height=\"1280\" src=\"https:\/\/osepmendoza.com.ar\/web\/wp-content\/uploads\/2025\/08\/WhatsApp-Image-2025-08-18-at-09.54.19-3.jpeg\" class=\"attachment-full size-full\" alt=\"\" srcset=\"https:\/\/osepmendoza.com.ar\/web\/wp-content\/uploads\/2025\/08\/WhatsApp-Image-2025-08-18-at-09.54.19-3.jpeg 524w, https:\/\/osepmendoza.com.ar\/web\/wp-content\/uploads\/2025\/08\/WhatsApp-Image-2025-08-18-at-09.54.19-3-61x150.jpeg 61w\" sizes=\"auto, (max-width: 524px) 100vw, 524px\" \/><\/a>\n\t\t\t<\/div><\/figure><figure class='gallery-item'>\n\t\t\t<div class='gallery-icon portrait'>\n\t\t\t\t<a href='https:\/\/osepmendoza.com.ar\/web\/el-hospital-fleming-celebro-el-dia-de-la-ninez-con-alegria-y-sonrisas\/whatsapp-image-2025-08-18-at-09-54-19\/'><img loading=\"lazy\" decoding=\"async\" width=\"524\" height=\"1280\" src=\"https:\/\/osepmendoza.com.ar\/web\/wp-content\/uploads\/2025\/08\/WhatsApp-Image-2025-08-18-at-09.54.19.jpeg\" class=\"attachment-full size-full\" alt=\"\" srcset=\"https:\/\/osepmendoza.com.ar\/web\/wp-content\/uploads\/2025\/08\/WhatsApp-Image-2025-08-18-at-09.54.19.jpeg 524w, https:\/\/osepmendoza.com.ar\/web\/wp-content\/uploads\/2025\/08\/WhatsApp-Image-2025-08-18-at-09.54.19-61x150.jpeg 61w\" sizes=\"auto, (max-width: 524px) 100vw, 524px\" \/><\/a>\n\t\t\t<\/div><\/figure><figure class='gallery-item'>\n\t\t\t<div class='gallery-icon portrait'>\n\t\t\t\t<a href='https:\/\/osepmendoza.com.ar\/web\/el-hospital-fleming-celebro-el-dia-de-la-ninez-con-alegria-y-sonrisas\/whatsapp-image-2025-08-18-at-09-54-20-2\/'><img loading=\"lazy\" decoding=\"async\" width=\"524\" height=\"1280\" src=\"https:\/\/osepmendoza.com.ar\/web\/wp-content\/uploads\/2025\/08\/WhatsApp-Image-2025-08-18-at-09.54.20-2.jpeg\" class=\"attachment-full size-full\" alt=\"\" srcset=\"https:\/\/osepmendoza.com.ar\/web\/wp-content\/uploads\/2025\/08\/WhatsApp-Image-2025-08-18-at-09.54.20-2.jpeg 524w, https:\/\/osepmendoza.com.ar\/web\/wp-content\/uploads\/2025\/08\/WhatsApp-Image-2025-08-18-at-09.54.20-2-61x150.jpeg 61w\" sizes=\"auto, (max-width: 524px) 100vw, 524px\" \/><\/a>\n\t\t\t<\/div><\/figure><figure class='gallery-item'>\n\t\t\t<div class='gallery-icon portrait'>\n\t\t\t\t<a href='https:\/\/osepmendoza.com.ar\/web\/el-hospital-fleming-celebro-el-dia-de-la-ninez-con-alegria-y-sonrisas\/whatsapp-image-2025-08-18-at-09-54-20\/'><img loading=\"lazy\" decoding=\"async\" width=\"524\" height=\"1280\" src=\"https:\/\/osepmendoza.com.ar\/web\/wp-content\/uploads\/2025\/08\/WhatsApp-Image-2025-08-18-at-09.54.20.jpeg\" class=\"attachment-full size-full\" alt=\"\" srcset=\"https:\/\/osepmendoza.com.ar\/web\/wp-content\/uploads\/2025\/08\/WhatsApp-Image-2025-08-18-at-09.54.20.jpeg 524w, https:\/\/osepmendoza.com.ar\/web\/wp-content\/uploads\/2025\/08\/WhatsApp-Image-2025-08-18-at-09.54.20-61x150.jpeg 61w\" sizes=\"auto, (max-width: 524px) 100vw, 524px\" \/><\/a>\n\t\t\t<\/div><\/figure><figure class='gallery-item'>\n\t\t\t<div class='gallery-icon portrait'>\n\t\t\t\t<a href='https:\/\/osepmendoza.com.ar\/web\/el-hospital-fleming-celebro-el-dia-de-la-ninez-con-alegria-y-sonrisas\/whatsapp-image-2025-08-18-at-10-05-28\/'><img loading=\"lazy\" decoding=\"async\" width=\"1074\" height=\"1600\" src=\"https:\/\/osepmendoza.com.ar\/web\/wp-content\/uploads\/2025\/08\/WhatsApp-Image-2025-08-18-at-10.05.28.jpeg\" class=\"attachment-full size-full\" alt=\"\" srcset=\"https:\/\/osepmendoza.com.ar\/web\/wp-content\/uploads\/2025\/08\/WhatsApp-Image-2025-08-18-at-10.05.28.jpeg 1074w, https:\/\/osepmendoza.com.ar\/web\/wp-content\/uploads\/2025\/08\/WhatsApp-Image-2025-08-18-at-10.05.28-101x150.jpeg 101w, https:\/\/osepmendoza.com.ar\/web\/wp-content\/uploads\/2025\/08\/WhatsApp-Image-2025-08-18-at-10.05.28-768x1144.jpeg 768w, https:\/\/osepmendoza.com.ar\/web\/wp-content\/uploads\/2025\/08\/WhatsApp-Image-2025-08-18-at-10.05.28-1031x1536.jpeg 1031w\" sizes=\"auto, (max-width: 1074px) 100vw, 1074px\" \/><\/a>\n\t\t\t<\/div><\/figure><figure class='gallery-item'>\n\t\t\t<div class='gallery-icon portrait'>\n\t\t\t\t<a href='https:\/\/osepmendoza.com.ar\/web\/el-hospital-fleming-celebro-el-dia-de-la-ninez-con-alegria-y-sonrisas\/whatsapp-image-2025-08-18-at-10-09-54-1\/'><img loading=\"lazy\" decoding=\"async\" width=\"960\" height=\"1280\" src=\"https:\/\/osepmendoza.com.ar\/web\/wp-content\/uploads\/2025\/08\/WhatsApp-Image-2025-08-18-at-10.09.54-1.jpeg\" class=\"attachment-full size-full\" alt=\"\" srcset=\"https:\/\/osepmendoza.com.ar\/web\/wp-content\/uploads\/2025\/08\/WhatsApp-Image-2025-08-18-at-10.09.54-1.jpeg 960w, https:\/\/osepmendoza.com.ar\/web\/wp-content\/uploads\/2025\/08\/WhatsApp-Image-2025-08-18-at-10.09.54-1-113x150.jpeg 113w, https:\/\/osepmendoza.com.ar\/web\/wp-content\/uploads\/2025\/08\/WhatsApp-Image-2025-08-18-at-10.09.54-1-768x1024.jpeg 768w\" sizes=\"auto, (max-width: 960px) 100vw, 960px\" \/><\/a>\n\t\t\t<\/div><\/figure><figure class='gallery-item'>\n\t\t\t<div class='gallery-icon portrait'>\n\t\t\t\t<a href='https:\/\/osepmendoza.com.ar\/web\/el-hospital-fleming-celebro-el-dia-de-la-ninez-con-alegria-y-sonrisas\/whatsapp-image-2025-08-18-at-09-54-17-2\/'><img loading=\"lazy\" decoding=\"async\" width=\"524\" height=\"1280\" src=\"https:\/\/osepmendoza.com.ar\/web\/wp-content\/uploads\/2025\/08\/WhatsApp-Image-2025-08-18-at-09.54.17-2.jpeg\" class=\"attachment-full size-full\" alt=\"\" srcset=\"https:\/\/osepmendoza.com.ar\/web\/wp-content\/uploads\/2025\/08\/WhatsApp-Image-2025-08-18-at-09.54.17-2.jpeg 524w, https:\/\/osepmendoza.com.ar\/web\/wp-content\/uploads\/2025\/08\/WhatsApp-Image-2025-08-18-at-09.54.17-2-61x150.jpeg 61w\" sizes=\"auto, (max-width: 524px) 100vw, 524px\" \/><\/a>\n\t\t\t<\/div><\/figure><figure class='gallery-item'>\n\t\t\t<div class='gallery-icon portrait'>\n\t\t\t\t<a href='https:\/\/osepmendoza.com.ar\/web\/el-hospital-fleming-celebro-el-dia-de-la-ninez-con-alegria-y-sonrisas\/whatsapp-image-2025-08-18-at-09-54-17-1\/'><img loading=\"lazy\" decoding=\"async\" width=\"524\" height=\"1280\" src=\"https:\/\/osepmendoza.com.ar\/web\/wp-content\/uploads\/2025\/08\/WhatsApp-Image-2025-08-18-at-09.54.17-1.jpeg\" class=\"attachment-full size-full\" alt=\"\" srcset=\"https:\/\/osepmendoza.com.ar\/web\/wp-content\/uploads\/2025\/08\/WhatsApp-Image-2025-08-18-at-09.54.17-1.jpeg 524w, https:\/\/osepmendoza.com.ar\/web\/wp-content\/uploads\/2025\/08\/WhatsApp-Image-2025-08-18-at-09.54.17-1-61x150.jpeg 61w\" sizes=\"auto, (max-width: 524px) 100vw, 524px\" \/><\/a>\n\t\t\t<\/div><\/figure><figure class='gallery-item'>\n\t\t\t<div class='gallery-icon portrait'>\n\t\t\t\t<a href='https:\/\/osepmendoza.com.ar\/web\/el-hospital-fleming-celebro-el-dia-de-la-ninez-con-alegria-y-sonrisas\/whatsapp-image-2025-08-18-at-09-54-16\/'><img loading=\"lazy\" decoding=\"async\" width=\"524\" height=\"1280\" src=\"https:\/\/osepmendoza.com.ar\/web\/wp-content\/uploads\/2025\/08\/WhatsApp-Image-2025-08-18-at-09.54.16.jpeg\" class=\"attachment-full size-full\" alt=\"\" srcset=\"https:\/\/osepmendoza.com.ar\/web\/wp-content\/uploads\/2025\/08\/WhatsApp-Image-2025-08-18-at-09.54.16.jpeg 524w, https:\/\/osepmendoza.com.ar\/web\/wp-content\/uploads\/2025\/08\/WhatsApp-Image-2025-08-18-at-09.54.16-61x150.jpeg 61w\" sizes=\"auto, (max-width: 524px) 100vw, 524px\" \/><\/a>\n\t\t\t<\/div><\/figure><figure class='gallery-item'>\n\t\t\t<div class='gallery-icon portrait'>\n\t\t\t\t<a href='https:\/\/osepmendoza.com.ar\/web\/el-hospital-fleming-celebro-el-dia-de-la-ninez-con-alegria-y-sonrisas\/whatsapp-image-2025-08-18-at-09-54-16-3\/'><img loading=\"lazy\" decoding=\"async\" width=\"524\" height=\"1280\" src=\"https:\/\/osepmendoza.com.ar\/web\/wp-content\/uploads\/2025\/08\/WhatsApp-Image-2025-08-18-at-09.54.16-3.jpeg\" class=\"attachment-full size-full\" alt=\"\" srcset=\"https:\/\/osepmendoza.com.ar\/web\/wp-content\/uploads\/2025\/08\/WhatsApp-Image-2025-08-18-at-09.54.16-3.jpeg 524w, https:\/\/osepmendoza.com.ar\/web\/wp-content\/uploads\/2025\/08\/WhatsApp-Image-2025-08-18-at-09.54.16-3-61x150.jpeg 61w\" sizes=\"auto, (max-width: 524px) 100vw, 524px\" \/><\/a>\n\t\t\t<\/div><\/figure><figure class='gallery-item'>\n\t\t\t<div class='gallery-icon portrait'>\n\t\t\t\t<a href='https:\/\/osepmendoza.com.ar\/web\/el-hospital-fleming-celebro-el-dia-de-la-ninez-con-alegria-y-sonrisas\/whatsapp-image-2025-08-18-at-09-54-15-3\/'><img loading=\"lazy\" decoding=\"async\" width=\"524\" height=\"1280\" src=\"https:\/\/osepmendoza.com.ar\/web\/wp-content\/uploads\/2025\/08\/WhatsApp-Image-2025-08-18-at-09.54.15-3.jpeg\" class=\"attachment-full size-full\" alt=\"\" srcset=\"https:\/\/osepmendoza.com.ar\/web\/wp-content\/uploads\/2025\/08\/WhatsApp-Image-2025-08-18-at-09.54.15-3.jpeg 524w, https:\/\/osepmendoza.com.ar\/web\/wp-content\/uploads\/2025\/08\/WhatsApp-Image-2025-08-18-at-09.54.15-3-61x150.jpeg 61w\" sizes=\"auto, (max-width: 524px) 100vw, 524px\" \/><\/a>\n\t\t\t<\/div><\/figure><figure class='gallery-item'>\n\t\t\t<div class='gallery-icon landscape'>\n\t\t\t\t<a href='https:\/\/osepmendoza.com.ar\/web\/el-hospital-fleming-celebro-el-dia-de-la-ninez-con-alegria-y-sonrisas\/whatsapp-image-2025-08-18-at-09-54-15-2\/'><img loading=\"lazy\" decoding=\"async\" width=\"1280\" height=\"524\" src=\"https:\/\/osepmendoza.com.ar\/web\/wp-content\/uploads\/2025\/08\/WhatsApp-Image-2025-08-18-at-09.54.15-2.jpeg\" class=\"attachment-full size-full\" alt=\"\" srcset=\"https:\/\/osepmendoza.com.ar\/web\/wp-content\/uploads\/2025\/08\/WhatsApp-Image-2025-08-18-at-09.54.15-2.jpeg 1280w, https:\/\/osepmendoza.com.ar\/web\/wp-content\/uploads\/2025\/08\/WhatsApp-Image-2025-08-18-at-09.54.15-2-150x61.jpeg 150w, https:\/\/osepmendoza.com.ar\/web\/wp-content\/uploads\/2025\/08\/WhatsApp-Image-2025-08-18-at-09.54.15-2-768x314.jpeg 768w\" sizes=\"auto, (max-width: 1280px) 100vw, 1280px\" \/><\/a>\n\t\t\t<\/div><\/figure><figure class='gallery-item'>\n\t\t\t<div class='gallery-icon portrait'>\n\t\t\t\t<a href='https:\/\/osepmendoza.com.ar\/web\/el-hospital-fleming-celebro-el-dia-de-la-ninez-con-alegria-y-sonrisas\/whatsapp-image-2025-08-18-at-09-54-15-1\/'><img loading=\"lazy\" decoding=\"async\" width=\"655\" height=\"1600\" src=\"https:\/\/osepmendoza.com.ar\/web\/wp-content\/uploads\/2025\/08\/WhatsApp-Image-2025-08-18-at-09.54.15-1.jpeg\" class=\"attachment-full size-full\" alt=\"\" srcset=\"https:\/\/osepmendoza.com.ar\/web\/wp-content\/uploads\/2025\/08\/WhatsApp-Image-2025-08-18-at-09.54.15-1.jpeg 655w, https:\/\/osepmendoza.com.ar\/web\/wp-content\/uploads\/2025\/08\/WhatsApp-Image-2025-08-18-at-09.54.15-1-61x150.jpeg 61w, https:\/\/osepmendoza.com.ar\/web\/wp-content\/uploads\/2025\/08\/WhatsApp-Image-2025-08-18-at-09.54.15-1-629x1536.jpeg 629w\" sizes=\"auto, (max-width: 655px) 100vw, 655px\" \/><\/a>\n\t\t\t<\/div><\/figure><figure class='gallery-item'>\n\t\t\t<div class='gallery-icon portrait'>\n\t\t\t\t<a href='https:\/\/osepmendoza.com.ar\/web\/el-hospital-fleming-celebro-el-dia-de-la-ninez-con-alegria-y-sonrisas\/whatsapp-image-2025-08-18-at-09-54-14\/'><img loading=\"lazy\" decoding=\"async\" width=\"524\" height=\"1280\" src=\"https:\/\/osepmendoza.com.ar\/web\/wp-content\/uploads\/2025\/08\/WhatsApp-Image-2025-08-18-at-09.54.14.jpeg\" class=\"attachment-full size-full\" alt=\"\" srcset=\"https:\/\/osepmendoza.com.ar\/web\/wp-content\/uploads\/2025\/08\/WhatsApp-Image-2025-08-18-at-09.54.14.jpeg 524w, https:\/\/osepmendoza.com.ar\/web\/wp-content\/uploads\/2025\/08\/WhatsApp-Image-2025-08-18-at-09.54.14-61x150.jpeg 61w\" sizes=\"auto, (max-width: 524px) 100vw, 524px\" \/><\/a>\n\t\t\t<\/div><\/figure><figure class='gallery-item'>\n\t\t\t<div class='gallery-icon portrait'>\n\t\t\t\t<a href='https:\/\/osepmendoza.com.ar\/web\/el-hospital-fleming-celebro-el-dia-de-la-ninez-con-alegria-y-sonrisas\/whatsapp-image-2025-08-18-at-09-54-14-3\/'><img loading=\"lazy\" decoding=\"async\" width=\"655\" height=\"1600\" src=\"https:\/\/osepmendoza.com.ar\/web\/wp-content\/uploads\/2025\/08\/WhatsApp-Image-2025-08-18-at-09.54.14-3.jpeg\" class=\"attachment-full size-full\" alt=\"\" srcset=\"https:\/\/osepmendoza.com.ar\/web\/wp-content\/uploads\/2025\/08\/WhatsApp-Image-2025-08-18-at-09.54.14-3.jpeg 655w, https:\/\/osepmendoza.com.ar\/web\/wp-content\/uploads\/2025\/08\/WhatsApp-Image-2025-08-18-at-09.54.14-3-61x150.jpeg 61w, https:\/\/osepmendoza.com.ar\/web\/wp-content\/uploads\/2025\/08\/WhatsApp-Image-2025-08-18-at-09.54.14-3-629x1536.jpeg 629w\" sizes=\"auto, (max-width: 655px) 100vw, 655px\" \/><\/a>\n\t\t\t<\/div><\/figure><figure class='gallery-item'>\n\t\t\t<div class='gallery-icon portrait'>\n\t\t\t\t<a href='https:\/\/osepmendoza.com.ar\/web\/el-hospital-fleming-celebro-el-dia-de-la-ninez-con-alegria-y-sonrisas\/whatsapp-image-2025-08-18-at-09-54-14-2\/'><img loading=\"lazy\" decoding=\"async\" width=\"524\" height=\"1280\" src=\"https:\/\/osepmendoza.com.ar\/web\/wp-content\/uploads\/2025\/08\/WhatsApp-Image-2025-08-18-at-09.54.14-2.jpeg\" class=\"attachment-full size-full\" alt=\"\" srcset=\"https:\/\/osepmendoza.com.ar\/web\/wp-content\/uploads\/2025\/08\/WhatsApp-Image-2025-08-18-at-09.54.14-2.jpeg 524w, https:\/\/osepmendoza.com.ar\/web\/wp-content\/uploads\/2025\/08\/WhatsApp-Image-2025-08-18-at-09.54.14-2-61x150.jpeg 61w\" sizes=\"auto, (max-width: 524px) 100vw, 524px\" \/><\/a>\n\t\t\t<\/div><\/figure><figure class='gallery-item'>\n\t\t\t<div class='gallery-icon portrait'>\n\t\t\t\t<a href='https:\/\/osepmendoza.com.ar\/web\/el-hospital-fleming-celebro-el-dia-de-la-ninez-con-alegria-y-sonrisas\/whatsapp-image-2025-08-18-at-09-54-14-1\/'><img loading=\"lazy\" decoding=\"async\" width=\"524\" height=\"1280\" src=\"https:\/\/osepmendoza.com.ar\/web\/wp-content\/uploads\/2025\/08\/WhatsApp-Image-2025-08-18-at-09.54.14-1.jpeg\" class=\"attachment-full size-full\" alt=\"\" srcset=\"https:\/\/osepmendoza.com.ar\/web\/wp-content\/uploads\/2025\/08\/WhatsApp-Image-2025-08-18-at-09.54.14-1.jpeg 524w, https:\/\/osepmendoza.com.ar\/web\/wp-content\/uploads\/2025\/08\/WhatsApp-Image-2025-08-18-at-09.54.14-1-61x150.jpeg 61w\" sizes=\"auto, (max-width: 524px) 100vw, 524px\" \/><\/a>\n\t\t\t<\/div><\/figure><figure class='gallery-item'>\n\t\t\t<div class='gallery-icon portrait'>\n\t\t\t\t<a href='https:\/\/osepmendoza.com.ar\/web\/el-hospital-fleming-celebro-el-dia-de-la-ninez-con-alegria-y-sonrisas\/whatsapp-image-2025-08-18-at-09-54-13\/'><img loading=\"lazy\" decoding=\"async\" width=\"524\" height=\"1280\" src=\"https:\/\/osepmendoza.com.ar\/web\/wp-content\/uploads\/2025\/08\/WhatsApp-Image-2025-08-18-at-09.54.13.jpeg\" class=\"attachment-full size-full\" alt=\"\" srcset=\"https:\/\/osepmendoza.com.ar\/web\/wp-content\/uploads\/2025\/08\/WhatsApp-Image-2025-08-18-at-09.54.13.jpeg 524w, https:\/\/osepmendoza.com.ar\/web\/wp-content\/uploads\/2025\/08\/WhatsApp-Image-2025-08-18-at-09.54.13-61x150.jpeg 61w\" sizes=\"auto, (max-width: 524px) 100vw, 524px\" \/><\/a>\n\t\t\t<\/div><\/figure><figure class='gallery-item'>\n\t\t\t<div class='gallery-icon portrait'>\n\t\t\t\t<a href='https:\/\/osepmendoza.com.ar\/web\/el-hospital-fleming-celebro-el-dia-de-la-ninez-con-alegria-y-sonrisas\/whatsapp-image-2025-08-18-at-09-54-13-3\/'><img loading=\"lazy\" decoding=\"async\" width=\"524\" height=\"1280\" src=\"https:\/\/osepmendoza.com.ar\/web\/wp-content\/uploads\/2025\/08\/WhatsApp-Image-2025-08-18-at-09.54.13-3.jpeg\" class=\"attachment-full size-full\" alt=\"\" srcset=\"https:\/\/osepmendoza.com.ar\/web\/wp-content\/uploads\/2025\/08\/WhatsApp-Image-2025-08-18-at-09.54.13-3.jpeg 524w, https:\/\/osepmendoza.com.ar\/web\/wp-content\/uploads\/2025\/08\/WhatsApp-Image-2025-08-18-at-09.54.13-3-61x150.jpeg 61w\" sizes=\"auto, (max-width: 524px) 100vw, 524px\" \/><\/a>\n\t\t\t<\/div><\/figure><figure class='gallery-item'>\n\t\t\t<div class='gallery-icon portrait'>\n\t\t\t\t<a href='https:\/\/osepmendoza.com.ar\/web\/el-hospital-fleming-celebro-el-dia-de-la-ninez-con-alegria-y-sonrisas\/whatsapp-image-2025-08-18-at-09-54-13-2\/'><img loading=\"lazy\" decoding=\"async\" width=\"524\" height=\"1280\" src=\"https:\/\/osepmendoza.com.ar\/web\/wp-content\/uploads\/2025\/08\/WhatsApp-Image-2025-08-18-at-09.54.13-2.jpeg\" class=\"attachment-full size-full\" alt=\"\" srcset=\"https:\/\/osepmendoza.com.ar\/web\/wp-content\/uploads\/2025\/08\/WhatsApp-Image-2025-08-18-at-09.54.13-2.jpeg 524w, https:\/\/osepmendoza.com.ar\/web\/wp-content\/uploads\/2025\/08\/WhatsApp-Image-2025-08-18-at-09.54.13-2-61x150.jpeg 61w\" sizes=\"auto, (max-width: 524px) 100vw, 524px\" \/><\/a>\n\t\t\t<\/div><\/figure><figure class='gallery-item'>\n\t\t\t<div class='gallery-icon portrait'>\n\t\t\t\t<a href='https:\/\/osepmendoza.com.ar\/web\/el-hospital-fleming-celebro-el-dia-de-la-ninez-con-alegria-y-sonrisas\/whatsapp-image-2025-08-18-at-09-54-13-1\/'><img loading=\"lazy\" decoding=\"async\" width=\"524\" height=\"1280\" src=\"https:\/\/osepmendoza.com.ar\/web\/wp-content\/uploads\/2025\/08\/WhatsApp-Image-2025-08-18-at-09.54.13-1.jpeg\" class=\"attachment-full size-full\" alt=\"\" srcset=\"https:\/\/osepmendoza.com.ar\/web\/wp-content\/uploads\/2025\/08\/WhatsApp-Image-2025-08-18-at-09.54.13-1.jpeg 524w, https:\/\/osepmendoza.com.ar\/web\/wp-content\/uploads\/2025\/08\/WhatsApp-Image-2025-08-18-at-09.54.13-1-61x150.jpeg 61w\" sizes=\"auto, (max-width: 524px) 100vw, 524px\" \/><\/a>\n\t\t\t<\/div><\/figure><figure class='gallery-item'>\n\t\t\t<div class='gallery-icon portrait'>\n\t\t\t\t<a href='https:\/\/osepmendoza.com.ar\/web\/el-hospital-fleming-celebro-el-dia-de-la-ninez-con-alegria-y-sonrisas\/whatsapp-image-2025-08-18-at-09-54-12\/'><img loading=\"lazy\" decoding=\"async\" width=\"655\" height=\"1600\" src=\"https:\/\/osepmendoza.com.ar\/web\/wp-content\/uploads\/2025\/08\/WhatsApp-Image-2025-08-18-at-09.54.12.jpeg\" class=\"attachment-full size-full\" alt=\"\" srcset=\"https:\/\/osepmendoza.com.ar\/web\/wp-content\/uploads\/2025\/08\/WhatsApp-Image-2025-08-18-at-09.54.12.jpeg 655w, https:\/\/osepmendoza.com.ar\/web\/wp-content\/uploads\/2025\/08\/WhatsApp-Image-2025-08-18-at-09.54.12-61x150.jpeg 61w, https:\/\/osepmendoza.com.ar\/web\/wp-content\/uploads\/2025\/08\/WhatsApp-Image-2025-08-18-at-09.54.12-629x1536.jpeg 629w\" sizes=\"auto, (max-width: 655px) 100vw, 655px\" \/><\/a>\n\t\t\t<\/div><\/figure><figure class='gallery-item'>\n\t\t\t<div class='gallery-icon portrait'>\n\t\t\t\t<a href='https:\/\/osepmendoza.com.ar\/web\/el-hospital-fleming-celebro-el-dia-de-la-ninez-con-alegria-y-sonrisas\/whatsapp-image-2025-08-18-at-09-54-12-2\/'><img loading=\"lazy\" decoding=\"async\" width=\"655\" height=\"1600\" src=\"https:\/\/osepmendoza.com.ar\/web\/wp-content\/uploads\/2025\/08\/WhatsApp-Image-2025-08-18-at-09.54.12-2.jpeg\" class=\"attachment-full size-full\" alt=\"\" srcset=\"https:\/\/osepmendoza.com.ar\/web\/wp-content\/uploads\/2025\/08\/WhatsApp-Image-2025-08-18-at-09.54.12-2.jpeg 655w, https:\/\/osepmendoza.com.ar\/web\/wp-content\/uploads\/2025\/08\/WhatsApp-Image-2025-08-18-at-09.54.12-2-61x150.jpeg 61w, https:\/\/osepmendoza.com.ar\/web\/wp-content\/uploads\/2025\/08\/WhatsApp-Image-2025-08-18-at-09.54.12-2-629x1536.jpeg 629w\" sizes=\"auto, (max-width: 655px) 100vw, 655px\" \/><\/a>\n\t\t\t<\/div><\/figure><figure class='gallery-item'>\n\t\t\t<div class='gallery-icon portrait'>\n\t\t\t\t<a href='https:\/\/osepmendoza.com.ar\/web\/el-hospital-fleming-celebro-el-dia-de-la-ninez-con-alegria-y-sonrisas\/whatsapp-image-2025-08-18-at-09-54-11\/'><img loading=\"lazy\" decoding=\"async\" width=\"655\" height=\"1600\" src=\"https:\/\/osepmendoza.com.ar\/web\/wp-content\/uploads\/2025\/08\/WhatsApp-Image-2025-08-18-at-09.54.11.jpeg\" class=\"attachment-full size-full\" alt=\"\" srcset=\"https:\/\/osepmendoza.com.ar\/web\/wp-content\/uploads\/2025\/08\/WhatsApp-Image-2025-08-18-at-09.54.11.jpeg 655w, https:\/\/osepmendoza.com.ar\/web\/wp-content\/uploads\/2025\/08\/WhatsApp-Image-2025-08-18-at-09.54.11-61x150.jpeg 61w, https:\/\/osepmendoza.com.ar\/web\/wp-content\/uploads\/2025\/08\/WhatsApp-Image-2025-08-18-at-09.54.11-629x1536.jpeg 629w\" sizes=\"auto, (max-width: 655px) 100vw, 655px\" \/><\/a>\n\t\t\t<\/div><\/figure><figure class='gallery-item'>\n\t\t\t<div class='gallery-icon portrait'>\n\t\t\t\t<a href='https:\/\/osepmendoza.com.ar\/web\/el-hospital-fleming-celebro-el-dia-de-la-ninez-con-alegria-y-sonrisas\/whatsapp-image-2025-08-18-at-09-54-10\/'><img loading=\"lazy\" decoding=\"async\" width=\"655\" height=\"1600\" src=\"https:\/\/osepmendoza.com.ar\/web\/wp-content\/uploads\/2025\/08\/WhatsApp-Image-2025-08-18-at-09.54.10.jpeg\" class=\"attachment-full size-full\" alt=\"\" srcset=\"https:\/\/osepmendoza.com.ar\/web\/wp-content\/uploads\/2025\/08\/WhatsApp-Image-2025-08-18-at-09.54.10.jpeg 655w, https:\/\/osepmendoza.com.ar\/web\/wp-content\/uploads\/2025\/08\/WhatsApp-Image-2025-08-18-at-09.54.10-61x150.jpeg 61w, https:\/\/osepmendoza.com.ar\/web\/wp-content\/uploads\/2025\/08\/WhatsApp-Image-2025-08-18-at-09.54.10-629x1536.jpeg 629w\" sizes=\"auto, (max-width: 655px) 100vw, 655px\" \/><\/a>\n\t\t\t<\/div><\/figure><figure class='gallery-item'>\n\t\t\t<div class='gallery-icon portrait'>\n\t\t\t\t<a href='https:\/\/osepmendoza.com.ar\/web\/el-hospital-fleming-celebro-el-dia-de-la-ninez-con-alegria-y-sonrisas\/whatsapp-image-2025-08-18-at-09-54-10-1\/'><img loading=\"lazy\" decoding=\"async\" width=\"655\" height=\"1600\" src=\"https:\/\/osepmendoza.com.ar\/web\/wp-content\/uploads\/2025\/08\/WhatsApp-Image-2025-08-18-at-09.54.10-1.jpeg\" class=\"attachment-full size-full\" alt=\"\" srcset=\"https:\/\/osepmendoza.com.ar\/web\/wp-content\/uploads\/2025\/08\/WhatsApp-Image-2025-08-18-at-09.54.10-1.jpeg 655w, https:\/\/osepmendoza.com.ar\/web\/wp-content\/uploads\/2025\/08\/WhatsApp-Image-2025-08-18-at-09.54.10-1-61x150.jpeg 61w, https:\/\/osepmendoza.com.ar\/web\/wp-content\/uploads\/2025\/08\/WhatsApp-Image-2025-08-18-at-09.54.10-1-629x1536.jpeg 629w\" sizes=\"auto, (max-width: 655px) 100vw, 655px\" \/><\/a>\n\t\t\t<\/div><\/figure><figure class='gallery-item'>\n\t\t\t<div class='gallery-icon landscape'>\n\t\t\t\t<a href='https:\/\/osepmendoza.com.ar\/web\/el-hospital-fleming-celebro-el-dia-de-la-ninez-con-alegria-y-sonrisas\/whatsapp-image-2025-08-18-at-10-09-54\/'><img loading=\"lazy\" decoding=\"async\" width=\"1600\" height=\"900\" src=\"https:\/\/osepmendoza.com.ar\/web\/wp-content\/uploads\/2025\/08\/WhatsApp-Image-2025-08-18-at-10.09.54.jpeg\" class=\"attachment-full size-full\" alt=\"\" srcset=\"https:\/\/osepmendoza.com.ar\/web\/wp-content\/uploads\/2025\/08\/WhatsApp-Image-2025-08-18-at-10.09.54.jpeg 1600w, https:\/\/osepmendoza.com.ar\/web\/wp-content\/uploads\/2025\/08\/WhatsApp-Image-2025-08-18-at-10.09.54-150x84.jpeg 150w, https:\/\/osepmendoza.com.ar\/web\/wp-content\/uploads\/2025\/08\/WhatsApp-Image-2025-08-18-at-10.09.54-768x432.jpeg 768w, https:\/\/osepmendoza.com.ar\/web\/wp-content\/uploads\/2025\/08\/WhatsApp-Image-2025-08-18-at-10.09.54-1536x864.jpeg 1536w, https:\/\/osepmendoza.com.ar\/web\/wp-content\/uploads\/2025\/08\/WhatsApp-Image-2025-08-18-at-10.09.54-1200x675.jpeg 1200w\" sizes=\"auto, (max-width: 1600px) 100vw, 1600px\" \/><\/a>\n\t\t\t<\/div><\/figure><figure class='gallery-item'>\n\t\t\t<div class='gallery-icon landscape'>\n\t\t\t\t<a href='https:\/\/osepmendoza.com.ar\/web\/el-hospital-fleming-celebro-el-dia-de-la-ninez-con-alegria-y-sonrisas\/mago-2\/'><img loading=\"lazy\" decoding=\"async\" width=\"1599\" height=\"1186\" src=\"https:\/\/osepmendoza.com.ar\/web\/wp-content\/uploads\/2025\/08\/mago-2.jpeg\" class=\"attachment-full size-full\" alt=\"\" srcset=\"https:\/\/osepmendoza.com.ar\/web\/wp-content\/uploads\/2025\/08\/mago-2.jpeg 1599w, https:\/\/osepmendoza.com.ar\/web\/wp-content\/uploads\/2025\/08\/mago-2-150x111.jpeg 150w, https:\/\/osepmendoza.com.ar\/web\/wp-content\/uploads\/2025\/08\/mago-2-768x570.jpeg 768w, https:\/\/osepmendoza.com.ar\/web\/wp-content\/uploads\/2025\/08\/mago-2-1536x1139.jpeg 1536w\" sizes=\"auto, (max-width: 1599px) 100vw, 1599px\" \/><\/a>\n\t\t\t<\/div><\/figure>\n\t\t<\/div>\n\n","protected":false},"excerpt":{"rendered":"<p>El Hospital Fleming se llen\u00f3 de risas y alegr\u00eda en&#8230;<\/p>\n","protected":false},"author":11,"featured_media":58676,"comment_status":"closed","ping_status":"open","sticky":false,"template":"","format":"standard","meta":{"_acf_changed":false,"inline_featured_image":false,"_exactmetrics_skip_tracking":false,"_exactmetrics_sitenote_active":false,"_exactmetrics_sitenote_note":"","_exactmetrics_sitenote_category":0,"footnotes":"","_links_to":"","_links_to_target":""},"categories":[1541],"tags":[758,259,2317,945],"class_list":["post-58645","post","type-post","status-publish","format-standard","has-post-thumbnail","hentry","category-osep","tag-dia","tag-fleming","tag-juquetes","tag-nino"],"acf":[],"yoast_head":"<!-- This site is optimized with the Yoast SEO plugin v27.4 - https:\/\/yoast.com\/product\/yoast-seo-wordpress\/ -->\n<title>El Hospital Fleming celebr\u00f3 el D\u00eda de la Ni\u00f1ez con alegr\u00eda y sonrisas - OSEP Mendoza<\/title>\n<meta name=\"robots\" content=\"index, follow, max-snippet:-1, max-image-preview:large, max-video-preview:-1\" \/>\n<link rel=\"canonical\" href=\"https:\/\/osepmendoza.com.ar\/web\/el-hospital-fleming-celebro-el-dia-de-la-ninez-con-alegria-y-sonrisas\/\" \/>\n<meta property=\"og:locale\" content=\"es_ES\" \/>\n<meta property=\"og:type\" content=\"article\" \/>\n<meta property=\"og:title\" content=\"El Hospital Fleming celebr\u00f3 el D\u00eda de la Ni\u00f1ez con alegr\u00eda y sonrisas - OSEP Mendoza\" \/>\n<meta property=\"og:description\" content=\"El Hospital Fleming se llen\u00f3 de risas y alegr\u00eda en...\" \/>\n<meta property=\"og:url\" content=\"https:\/\/osepmendoza.com.ar\/web\/el-hospital-fleming-celebro-el-dia-de-la-ninez-con-alegria-y-sonrisas\/\" \/>\n<meta property=\"og:site_name\" content=\"OSEP Mendoza\" \/>\n<meta property=\"article:publisher\" content=\"https:\/\/www.facebook.com\/OSEP.MendozaArg\/\" \/>\n<meta property=\"article:published_time\" content=\"2025-08-18T14:14:38+00:00\" \/>\n<meta property=\"article:modified_time\" content=\"2025-08-18T18:40:10+00:00\" \/>\n<meta property=\"og:image\" content=\"https:\/\/osepmendoza.com.ar\/web\/wp-content\/uploads\/2025\/08\/WhatsApp-Image-2025-08-18-at-10.09.54.jpeg\" \/>\n\t<meta property=\"og:image:width\" content=\"1600\" \/>\n\t<meta property=\"og:image:height\" content=\"900\" \/>\n\t<meta property=\"og:image:type\" content=\"image\/jpeg\" \/>\n<meta name=\"author\" content=\"Ana Pereyra\" \/>\n<meta name=\"twitter:card\" content=\"summary_large_image\" \/>\n<meta name=\"twitter:creator\" content=\"@OsepMza\" \/>\n<meta name=\"twitter:site\" content=\"@OsepMza\" \/>\n<meta name=\"twitter:label1\" content=\"Escrito por\" \/>\n\t<meta name=\"twitter:data1\" content=\"Ana Pereyra\" \/>\n\t<meta name=\"twitter:label2\" content=\"Tiempo de lectura\" \/>\n\t<meta name=\"twitter:data2\" content=\"2 minutos\" \/>\n<script type=\"application\/ld+json\" class=\"yoast-schema-graph\">{\"@context\":\"https:\\\/\\\/schema.org\",\"@graph\":[{\"@type\":\"Article\",\"@id\":\"https:\\\/\\\/osepmendoza.com.ar\\\/web\\\/el-hospital-fleming-celebro-el-dia-de-la-ninez-con-alegria-y-sonrisas\\\/#article\",\"isPartOf\":{\"@id\":\"https:\\\/\\\/osepmendoza.com.ar\\\/web\\\/el-hospital-fleming-celebro-el-dia-de-la-ninez-con-alegria-y-sonrisas\\\/\"},\"author\":{\"name\":\"Ana Pereyra\",\"@id\":\"https:\\\/\\\/osepmendoza.com.ar\\\/web\\\/#\\\/schema\\\/person\\\/589af535ca62640386b991b5adb0b40a\"},\"headline\":\"El Hospital Fleming celebr\u00f3 el D\u00eda de la Ni\u00f1ez con alegr\u00eda y sonrisas\",\"datePublished\":\"2025-08-18T14:14:38+00:00\",\"dateModified\":\"2025-08-18T18:40:10+00:00\",\"mainEntityOfPage\":{\"@id\":\"https:\\\/\\\/osepmendoza.com.ar\\\/web\\\/el-hospital-fleming-celebro-el-dia-de-la-ninez-con-alegria-y-sonrisas\\\/\"},\"wordCount\":246,\"publisher\":{\"@id\":\"https:\\\/\\\/osepmendoza.com.ar\\\/web\\\/#organization\"},\"image\":{\"@id\":\"https:\\\/\\\/osepmendoza.com.ar\\\/web\\\/el-hospital-fleming-celebro-el-dia-de-la-ninez-con-alegria-y-sonrisas\\\/#primaryimage\"},\"thumbnailUrl\":\"https:\\\/\\\/osepmendoza.com.ar\\\/web\\\/wp-content\\\/uploads\\\/2025\\\/08\\\/WhatsApp-Image-2025-08-18-at-10.09.54.jpeg\",\"keywords\":[\"d\u00eda\",\"fleming\",\"juquetes\",\"ni\u00f1o\"],\"articleSection\":[\"OSEP\"],\"inLanguage\":\"es\"},{\"@type\":\"WebPage\",\"@id\":\"https:\\\/\\\/osepmendoza.com.ar\\\/web\\\/el-hospital-fleming-celebro-el-dia-de-la-ninez-con-alegria-y-sonrisas\\\/\",\"url\":\"https:\\\/\\\/osepmendoza.com.ar\\\/web\\\/el-hospital-fleming-celebro-el-dia-de-la-ninez-con-alegria-y-sonrisas\\\/\",\"name\":\"El Hospital Fleming celebr\u00f3 el D\u00eda de la Ni\u00f1ez con alegr\u00eda y sonrisas - OSEP Mendoza\",\"isPartOf\":{\"@id\":\"https:\\\/\\\/osepmendoza.com.ar\\\/web\\\/#website\"},\"primaryImageOfPage\":{\"@id\":\"https:\\\/\\\/osepmendoza.com.ar\\\/web\\\/el-hospital-fleming-celebro-el-dia-de-la-ninez-con-alegria-y-sonrisas\\\/#primaryimage\"},\"image\":{\"@id\":\"https:\\\/\\\/osepmendoza.com.ar\\\/web\\\/el-hospital-fleming-celebro-el-dia-de-la-ninez-con-alegria-y-sonrisas\\\/#primaryimage\"},\"thumbnailUrl\":\"https:\\\/\\\/osepmendoza.com.ar\\\/web\\\/wp-content\\\/uploads\\\/2025\\\/08\\\/WhatsApp-Image-2025-08-18-at-10.09.54.jpeg\",\"datePublished\":\"2025-08-18T14:14:38+00:00\",\"dateModified\":\"2025-08-18T18:40:10+00:00\",\"breadcrumb\":{\"@id\":\"https:\\\/\\\/osepmendoza.com.ar\\\/web\\\/el-hospital-fleming-celebro-el-dia-de-la-ninez-con-alegria-y-sonrisas\\\/#breadcrumb\"},\"inLanguage\":\"es\",\"potentialAction\":[{\"@type\":\"ReadAction\",\"target\":[\"https:\\\/\\\/osepmendoza.com.ar\\\/web\\\/el-hospital-fleming-celebro-el-dia-de-la-ninez-con-alegria-y-sonrisas\\\/\"]}]},{\"@type\":\"ImageObject\",\"inLanguage\":\"es\",\"@id\":\"https:\\\/\\\/osepmendoza.com.ar\\\/web\\\/el-hospital-fleming-celebro-el-dia-de-la-ninez-con-alegria-y-sonrisas\\\/#primaryimage\",\"url\":\"https:\\\/\\\/osepmendoza.com.ar\\\/web\\\/wp-content\\\/uploads\\\/2025\\\/08\\\/WhatsApp-Image-2025-08-18-at-10.09.54.jpeg\",\"contentUrl\":\"https:\\\/\\\/osepmendoza.com.ar\\\/web\\\/wp-content\\\/uploads\\\/2025\\\/08\\\/WhatsApp-Image-2025-08-18-at-10.09.54.jpeg\",\"width\":1600,\"height\":900},{\"@type\":\"BreadcrumbList\",\"@id\":\"https:\\\/\\\/osepmendoza.com.ar\\\/web\\\/el-hospital-fleming-celebro-el-dia-de-la-ninez-con-alegria-y-sonrisas\\\/#breadcrumb\",\"itemListElement\":[{\"@type\":\"ListItem\",\"position\":1,\"name\":\"Portada\",\"item\":\"https:\\\/\\\/osepmendoza.com.ar\\\/web\\\/\"},{\"@type\":\"ListItem\",\"position\":2,\"name\":\"El Hospital Fleming celebr\u00f3 el D\u00eda de la Ni\u00f1ez con alegr\u00eda y sonrisas\"}]},{\"@type\":\"WebSite\",\"@id\":\"https:\\\/\\\/osepmendoza.com.ar\\\/web\\\/#website\",\"url\":\"https:\\\/\\\/osepmendoza.com.ar\\\/web\\\/\",\"name\":\"OSEP Mendoza\",\"description\":\"Obra Social de los Empleados P\u00fablicos de Mendoza\",\"publisher\":{\"@id\":\"https:\\\/\\\/osepmendoza.com.ar\\\/web\\\/#organization\"},\"potentialAction\":[{\"@type\":\"SearchAction\",\"target\":{\"@type\":\"EntryPoint\",\"urlTemplate\":\"https:\\\/\\\/osepmendoza.com.ar\\\/web\\\/?s={search_term_string}\"},\"query-input\":{\"@type\":\"PropertyValueSpecification\",\"valueRequired\":true,\"valueName\":\"search_term_string\"}}],\"inLanguage\":\"es\"},{\"@type\":\"Organization\",\"@id\":\"https:\\\/\\\/osepmendoza.com.ar\\\/web\\\/#organization\",\"name\":\"OSEP - Obra Social de Empleados P\u00fablicos de Mendoza\",\"url\":\"https:\\\/\\\/osepmendoza.com.ar\\\/web\\\/\",\"logo\":{\"@type\":\"ImageObject\",\"inLanguage\":\"es\",\"@id\":\"https:\\\/\\\/osepmendoza.com.ar\\\/web\\\/#\\\/schema\\\/logo\\\/image\\\/\",\"url\":\"https:\\\/\\\/osepmendoza.com.ar\\\/web\\\/wp-content\\\/uploads\\\/2020\\\/04\\\/lkTM9T9z.jpg\",\"contentUrl\":\"https:\\\/\\\/osepmendoza.com.ar\\\/web\\\/wp-content\\\/uploads\\\/2020\\\/04\\\/lkTM9T9z.jpg\",\"width\":334,\"height\":334,\"caption\":\"OSEP - Obra Social de Empleados P\u00fablicos de Mendoza\"},\"image\":{\"@id\":\"https:\\\/\\\/osepmendoza.com.ar\\\/web\\\/#\\\/schema\\\/logo\\\/image\\\/\"},\"sameAs\":[\"https:\\\/\\\/www.facebook.com\\\/OSEP.MendozaArg\\\/\",\"https:\\\/\\\/x.com\\\/OsepMza\",\"https:\\\/\\\/www.instagram.com\\\/osep.mendoza\\\/\",\"https:\\\/\\\/www.youtube.com\\\/user\\\/osepvideos\"]},{\"@type\":\"Person\",\"@id\":\"https:\\\/\\\/osepmendoza.com.ar\\\/web\\\/#\\\/schema\\\/person\\\/589af535ca62640386b991b5adb0b40a\",\"name\":\"Ana Pereyra\",\"image\":{\"@type\":\"ImageObject\",\"inLanguage\":\"es\",\"@id\":\"https:\\\/\\\/secure.gravatar.com\\\/avatar\\\/3529dfb99a65d0433c0142c465656bf9d7ecfc80049608f1e685d8aeab2efa92?s=96&d=mm&r=g\",\"url\":\"https:\\\/\\\/secure.gravatar.com\\\/avatar\\\/3529dfb99a65d0433c0142c465656bf9d7ecfc80049608f1e685d8aeab2efa92?s=96&d=mm&r=g\",\"contentUrl\":\"https:\\\/\\\/secure.gravatar.com\\\/avatar\\\/3529dfb99a65d0433c0142c465656bf9d7ecfc80049608f1e685d8aeab2efa92?s=96&d=mm&r=g\",\"caption\":\"Ana Pereyra\"},\"sameAs\":[\"http:\\\/\\\/osepmendoza.com.ar\\\/web\"]}]}<\/script>\n<!-- \/ Yoast SEO plugin. -->","yoast_head_json":{"title":"El Hospital Fleming celebr\u00f3 el D\u00eda de la Ni\u00f1ez con alegr\u00eda y sonrisas - OSEP Mendoza","robots":{"index":"index","follow":"follow","max-snippet":"max-snippet:-1","max-image-preview":"max-image-preview:large","max-video-preview":"max-video-preview:-1"},"canonical":"https:\/\/osepmendoza.com.ar\/web\/el-hospital-fleming-celebro-el-dia-de-la-ninez-con-alegria-y-sonrisas\/","og_locale":"es_ES","og_type":"article","og_title":"El Hospital Fleming celebr\u00f3 el D\u00eda de la Ni\u00f1ez con alegr\u00eda y sonrisas - OSEP Mendoza","og_description":"El Hospital Fleming se llen\u00f3 de risas y alegr\u00eda en...","og_url":"https:\/\/osepmendoza.com.ar\/web\/el-hospital-fleming-celebro-el-dia-de-la-ninez-con-alegria-y-sonrisas\/","og_site_name":"OSEP Mendoza","article_publisher":"https:\/\/www.facebook.com\/OSEP.MendozaArg\/","article_published_time":"2025-08-18T14:14:38+00:00","article_modified_time":"2025-08-18T18:40:10+00:00","og_image":[{"width":1600,"height":900,"url":"https:\/\/osepmendoza.com.ar\/web\/wp-content\/uploads\/2025\/08\/WhatsApp-Image-2025-08-18-at-10.09.54.jpeg","type":"image\/jpeg"}],"author":"Ana Pereyra","twitter_card":"summary_large_image","twitter_creator":"@OsepMza","twitter_site":"@OsepMza","twitter_misc":{"Escrito por":"Ana Pereyra","Tiempo de lectura":"2 minutos"},"schema":{"@context":"https:\/\/schema.org","@graph":[{"@type":"Article","@id":"https:\/\/osepmendoza.com.ar\/web\/el-hospital-fleming-celebro-el-dia-de-la-ninez-con-alegria-y-sonrisas\/#article","isPartOf":{"@id":"https:\/\/osepmendoza.com.ar\/web\/el-hospital-fleming-celebro-el-dia-de-la-ninez-con-alegria-y-sonrisas\/"},"author":{"name":"Ana Pereyra","@id":"https:\/\/osepmendoza.com.ar\/web\/#\/schema\/person\/589af535ca62640386b991b5adb0b40a"},"headline":"El Hospital Fleming celebr\u00f3 el D\u00eda de la Ni\u00f1ez con alegr\u00eda y sonrisas","datePublished":"2025-08-18T14:14:38+00:00","dateModified":"2025-08-18T18:40:10+00:00","mainEntityOfPage":{"@id":"https:\/\/osepmendoza.com.ar\/web\/el-hospital-fleming-celebro-el-dia-de-la-ninez-con-alegria-y-sonrisas\/"},"wordCount":246,"publisher":{"@id":"https:\/\/osepmendoza.com.ar\/web\/#organization"},"image":{"@id":"https:\/\/osepmendoza.com.ar\/web\/el-hospital-fleming-celebro-el-dia-de-la-ninez-con-alegria-y-sonrisas\/#primaryimage"},"thumbnailUrl":"https:\/\/osepmendoza.com.ar\/web\/wp-content\/uploads\/2025\/08\/WhatsApp-Image-2025-08-18-at-10.09.54.jpeg","keywords":["d\u00eda","fleming","juquetes","ni\u00f1o"],"articleSection":["OSEP"],"inLanguage":"es"},{"@type":"WebPage","@id":"https:\/\/osepmendoza.com.ar\/web\/el-hospital-fleming-celebro-el-dia-de-la-ninez-con-alegria-y-sonrisas\/","url":"https:\/\/osepmendoza.com.ar\/web\/el-hospital-fleming-celebro-el-dia-de-la-ninez-con-alegria-y-sonrisas\/","name":"El Hospital Fleming celebr\u00f3 el D\u00eda de la Ni\u00f1ez con alegr\u00eda y sonrisas - OSEP Mendoza","isPartOf":{"@id":"https:\/\/osepmendoza.com.ar\/web\/#website"},"primaryImageOfPage":{"@id":"https:\/\/osepmendoza.com.ar\/web\/el-hospital-fleming-celebro-el-dia-de-la-ninez-con-alegria-y-sonrisas\/#primaryimage"},"image":{"@id":"https:\/\/osepmendoza.com.ar\/web\/el-hospital-fleming-celebro-el-dia-de-la-ninez-con-alegria-y-sonrisas\/#primaryimage"},"thumbnailUrl":"https:\/\/osepmendoza.com.ar\/web\/wp-content\/uploads\/2025\/08\/WhatsApp-Image-2025-08-18-at-10.09.54.jpeg","datePublished":"2025-08-18T14:14:38+00:00","dateModified":"2025-08-18T18:40:10+00:00","breadcrumb":{"@id":"https:\/\/osepmendoza.com.ar\/web\/el-hospital-fleming-celebro-el-dia-de-la-ninez-con-alegria-y-sonrisas\/#breadcrumb"},"inLanguage":"es","potentialAction":[{"@type":"ReadAction","target":["https:\/\/osepmendoza.com.ar\/web\/el-hospital-fleming-celebro-el-dia-de-la-ninez-con-alegria-y-sonrisas\/"]}]},{"@type":"ImageObject","inLanguage":"es","@id":"https:\/\/osepmendoza.com.ar\/web\/el-hospital-fleming-celebro-el-dia-de-la-ninez-con-alegria-y-sonrisas\/#primaryimage","url":"https:\/\/osepmendoza.com.ar\/web\/wp-content\/uploads\/2025\/08\/WhatsApp-Image-2025-08-18-at-10.09.54.jpeg","contentUrl":"https:\/\/osepmendoza.com.ar\/web\/wp-content\/uploads\/2025\/08\/WhatsApp-Image-2025-08-18-at-10.09.54.jpeg","width":1600,"height":900},{"@type":"BreadcrumbList","@id":"https:\/\/osepmendoza.com.ar\/web\/el-hospital-fleming-celebro-el-dia-de-la-ninez-con-alegria-y-sonrisas\/#breadcrumb","itemListElement":[{"@type":"ListItem","position":1,"name":"Portada","item":"https:\/\/osepmendoza.com.ar\/web\/"},{"@type":"ListItem","position":2,"name":"El Hospital Fleming celebr\u00f3 el D\u00eda de la Ni\u00f1ez con alegr\u00eda y sonrisas"}]},{"@type":"WebSite","@id":"https:\/\/osepmendoza.com.ar\/web\/#website","url":"https:\/\/osepmendoza.com.ar\/web\/","name":"OSEP Mendoza","description":"Obra Social de los Empleados P\u00fablicos de Mendoza","publisher":{"@id":"https:\/\/osepmendoza.com.ar\/web\/#organization"},"potentialAction":[{"@type":"SearchAction","target":{"@type":"EntryPoint","urlTemplate":"https:\/\/osepmendoza.com.ar\/web\/?s={search_term_string}"},"query-input":{"@type":"PropertyValueSpecification","valueRequired":true,"valueName":"search_term_string"}}],"inLanguage":"es"},{"@type":"Organization","@id":"https:\/\/osepmendoza.com.ar\/web\/#organization","name":"OSEP - Obra Social de Empleados P\u00fablicos de Mendoza","url":"https:\/\/osepmendoza.com.ar\/web\/","logo":{"@type":"ImageObject","inLanguage":"es","@id":"https:\/\/osepmendoza.com.ar\/web\/#\/schema\/logo\/image\/","url":"https:\/\/osepmendoza.com.ar\/web\/wp-content\/uploads\/2020\/04\/lkTM9T9z.jpg","contentUrl":"https:\/\/osepmendoza.com.ar\/web\/wp-content\/uploads\/2020\/04\/lkTM9T9z.jpg","width":334,"height":334,"caption":"OSEP - Obra Social de Empleados P\u00fablicos de Mendoza"},"image":{"@id":"https:\/\/osepmendoza.com.ar\/web\/#\/schema\/logo\/image\/"},"sameAs":["https:\/\/www.facebook.com\/OSEP.MendozaArg\/","https:\/\/x.com\/OsepMza","https:\/\/www.instagram.com\/osep.mendoza\/","https:\/\/www.youtube.com\/user\/osepvideos"]},{"@type":"Person","@id":"https:\/\/osepmendoza.com.ar\/web\/#\/schema\/person\/589af535ca62640386b991b5adb0b40a","name":"Ana Pereyra","image":{"@type":"ImageObject","inLanguage":"es","@id":"https:\/\/secure.gravatar.com\/avatar\/3529dfb99a65d0433c0142c465656bf9d7ecfc80049608f1e685d8aeab2efa92?s=96&d=mm&r=g","url":"https:\/\/secure.gravatar.com\/avatar\/3529dfb99a65d0433c0142c465656bf9d7ecfc80049608f1e685d8aeab2efa92?s=96&d=mm&r=g","contentUrl":"https:\/\/secure.gravatar.com\/avatar\/3529dfb99a65d0433c0142c465656bf9d7ecfc80049608f1e685d8aeab2efa92?s=96&d=mm&r=g","caption":"Ana Pereyra"},"sameAs":["http:\/\/osepmendoza.com.ar\/web"]}]}},"amp_enabled":true,"_links":{"self":[{"href":"https:\/\/osepmendoza.com.ar\/web\/wp-json\/wp\/v2\/posts\/58645","targetHints":{"allow":["GET"]}}],"collection":[{"href":"https:\/\/osepmendoza.com.ar\/web\/wp-json\/wp\/v2\/posts"}],"about":[{"href":"https:\/\/osepmendoza.com.ar\/web\/wp-json\/wp\/v2\/types\/post"}],"author":[{"embeddable":true,"href":"https:\/\/osepmendoza.com.ar\/web\/wp-json\/wp\/v2\/users\/11"}],"replies":[{"embeddable":true,"href":"https:\/\/osepmendoza.com.ar\/web\/wp-json\/wp\/v2\/comments?post=58645"}],"version-history":[{"count":3,"href":"https:\/\/osepmendoza.com.ar\/web\/wp-json\/wp\/v2\/posts\/58645\/revisions"}],"predecessor-version":[{"id":58689,"href":"https:\/\/osepmendoza.com.ar\/web\/wp-json\/wp\/v2\/posts\/58645\/revisions\/58689"}],"wp:featuredmedia":[{"embeddable":true,"href":"https:\/\/osepmendoza.com.ar\/web\/wp-json\/wp\/v2\/media\/58676"}],"wp:attachment":[{"href":"https:\/\/osepmendoza.com.ar\/web\/wp-json\/wp\/v2\/media?parent=58645"}],"wp:term":[{"taxonomy":"category","embeddable":true,"href":"https:\/\/osepmendoza.com.ar\/web\/wp-json\/wp\/v2\/categories?post=58645"},{"taxonomy":"post_tag","embeddable":true,"href":"https:\/\/osepmendoza.com.ar\/web\/wp-json\/wp\/v2\/tags?post=58645"}],"curies":[{"name":"wp","href":"https:\/\/api.w.org\/{rel}","templated":true}]}}