{"id":58477,"date":"2025-07-31T11:59:57","date_gmt":"2025-07-31T14:59:57","guid":{"rendered":"https:\/\/osepmendoza.com.ar\/web\/?p=58477"},"modified":"2025-07-31T11:59:57","modified_gmt":"2025-07-31T14:59:57","slug":"elijamos-la-leche-materna-y-el-acompanamiento","status":"publish","type":"post","link":"https:\/\/osepmendoza.com.ar\/web\/elijamos-la-leche-materna-y-el-acompanamiento\/","title":{"rendered":"Elijamos la leche materna y el acompa\u00f1amiento"},"content":{"rendered":"<p class=\"western\"><span style=\"font-family: Arial, sans-serif;\">Con el objetivo de fortalecer el apoyo a la lactancia materna y asegurar un futuro m\u00e1s saludable para los reci\u00e9n nacidos, OSEP se prepara para una serie de iniciativas en el marco de la Semana de la Lactancia Materna, del 1 al 7 de agosto. La prioridad es clara: promover la lactancia materna y crear redes de apoyo sostenibles que acompa\u00f1en a las madres desde el embarazo.<\/span><\/p>\n<p class=\"western\"><span style=\"font-family: Arial, sans-serif;\"><b>Capacitaci\u00f3n al personal de Salud: un paso esencial<\/b><\/span><\/p>\n<p class=\"western\"><span style=\"font-family: Arial, sans-serif;\">Conscientes de la importancia de contar con profesionales actualizados y sensibles, se llevar\u00e1 a cabo una <strong>capacitaci\u00f3n<\/strong> y concientizaci\u00f3n para el personal de salud. El evento tendr\u00e1 lugar el <strong>lunes 4 de agosto<\/strong> a las <strong>11 horas<\/strong>, en el <strong>Sal\u00f3n de Usos M\u00faltiples del Hospital El Carmen<\/strong>. La charla estar\u00e1 a cargo del <strong>Doctor Gast\u00f3n Quiroga<\/strong>, neonat\u00f3logo, y ser\u00e1 coordinada por la Licenciada Fabiana Figueroa, Jefa de Enfermer\u00eda de Neonatolog\u00eda. Esta instancia busca dotar a los equipos de salud con las herramientas necesarias para brindar un acompa\u00f1amiento integral y especializado a las madres.<\/span><\/p>\n<p class=\"western\"><span style=\"font-family: Arial, sans-serif;\"><b>La hora de oro y el contacto piel a piel, claves fundamentales<\/b><\/span><\/p>\n<p class=\"western\"><span style=\"font-family: Arial, sans-serif;\">Uno de los pilares de esta campa\u00f1a es la promoci\u00f3n del contacto piel a piel (CoPAP) y la &#8220;hora de oro&#8221;. Esta pr\u00e1ctica, que implica que el reci\u00e9n nacido se prenda al pecho de su madre inmediatamente despu\u00e9s del nacimiento, es crucial para establecer un v\u00ednculo temprano y facilitar el inicio exitoso de la lactancia.<\/span><\/p>\n<p class=\"western\"><span style=\"font-family: Arial, sans-serif;\"><b>Construyendo un sistema de apoyo sostenible a la Lactancia Materna<\/b><\/span><\/p>\n<p class=\"western\"><span style=\"font-family: Arial, sans-serif;\">El proyecto central de estas iniciativas se enfoca en la creaci\u00f3n de un sistema de apoyo a la lactancia materna que sea sostenible y abarque a toda la sociedad. Sus acciones clave son:<\/span><\/p>\n<ul>\n<li style=\"list-style-type: none;\">\n<ul>\n<li><span style=\"font-family: Arial, sans-serif;\">Impulsar: generar acciones que conecten los diversos sistemas de apoyo a la lactancia, contribuyendo a un entorno m\u00e1s propicio.<\/span><\/li>\n<\/ul>\n<\/li>\n<\/ul>\n<ul>\n<li style=\"list-style-type: none;\">\n<ul>\n<li><span style=\"font-family: Arial, sans-serif;\">Informar: educar a la comunidad sobre su rol activo en la construcci\u00f3n de entornos favorables para la lactancia materna.<\/span><\/li>\n<\/ul>\n<\/li>\n<\/ul>\n<ul>\n<li style=\"list-style-type: none;\">\n<ul>\n<li><span style=\"font-family: Arial, sans-serif;\">Comprometerse: fomentar la colaboraci\u00f3n entre individuos y organizaciones para mejorar el respaldo a las madres lactantes.<\/span><\/li>\n<\/ul>\n<\/li>\n<\/ul>\n<ul>\n<li style=\"list-style-type: none;\">\n<ul>\n<li><span style=\"font-family: Arial, sans-serif;\">Consolidar: establecer el apoyo continuo a la lactancia materna como un componente vital para un entorno sostenible y saludable.<\/span><\/li>\n<\/ul>\n<\/li>\n<\/ul>\n<p class=\"western\"><span style=\"font-family: Arial, sans-serif;\">Un sistema de apoyo sostenible a la lactancia materna es un enfoque inclusivo que garantiza que cada madre tenga el respaldo, el entorno y los recursos necesarios para amamantar con \u00e9xito, desde la concepci\u00f3n hasta los primeros dos a\u00f1os de vida del ni\u00f1o y m\u00e1s all\u00e1. Este apoyo debe iniciar en el per\u00edodo prenatal, con trabajadores de la salud capacitados para ofrecer orientaci\u00f3n clara y especializada.<\/span><\/p>\n<p class=\"western\"><span style=\"font-family: Arial, sans-serif;\">Es fundamental construir un sistema que brinde apoyo continuo durante la internaci\u00f3n hospitalaria y, crucialmente, despu\u00e9s del alta. Las madres necesitan ayuda para superar los desaf\u00edos, ganar confianza y equilibrar la lactancia con el regreso al trabajo. Se busca desarrollar una cadena c\u00e1lida de apoyo a la lactancia materna basada en la continuidad, inclusi\u00f3n e integraci\u00f3n en todas las estructuras sociales.<\/span><\/p>\n<p class=\"western\"><span style=\"font-family: Arial, sans-serif;\"><b>Banco de Leche Humana <\/b><\/span><\/p>\n<p class=\"western\"><span style=\"font-family: Arial, sans-serif;\">En Argentina, los sistemas de apoyo sostenibles a la lactancia materna se materializan en diversas iniciativas. En Mendoza, el Banco de Leche Humana es un ejemplo destacado, contando con certificaci\u00f3n ISO. La Obra Social de Empleados P\u00fablicos a trav\u00e9s de su Centro de Lactancia y Recolecci\u00f3n N\u00ba 6, ubicado en el Hospital El Carmen, forma parte activa de esta red. En este centro, las madres pueden extraer su leche tanto para sus propios beb\u00e9s como para donar.<\/span><\/p>\n<p class=\"western\"><span style=\"font-family: Arial, sans-serif;\">El objetivo principal del Centro es alentar a las madres con beb\u00e9s internados en neonatolog\u00eda a extraer su leche, buscando que sus hijos se alimenten exclusivamente de leche materna. Adem\u00e1s, se promueve la donaci\u00f3n de leche por parte de todas las mujeres en etapa de amamantamiento. Este espacio est\u00e1 abierto a todas las mujeres que deseen donar su leche para ser enviada al Banco de Leche provincial, situado en el Hospital Lagomaggiore.<\/span><\/p>\n<p class=\"western\"><span style=\"font-family: Arial, sans-serif;\">Trabajando en red, el Banco de Leche env\u00eda leche pasteurizada para los beb\u00e9s prematuros que se encuentran en la Maternidad Virgen de la Misericordia, quienes requieren cuidados especiales. Desde el Centro Recolector N.\u00ba 6, se env\u00edan las donaciones de leche para su pasteurizaci\u00f3n. De esta manera, se fomenta una labor solidaria con todos los servicios de neonatolog\u00eda de Mendoza.<\/span><\/p>\n<p class=\"western\"><span style=\"font-family: Arial, sans-serif;\"><b>Beneficios invaluables de la leche humana<\/b><\/span><\/p>\n<p class=\"western\"><span style=\"font-family: Arial, sans-serif;\">La leche humana es el alimento primordial para los ni\u00f1os, especialmente para aquellos internados en neonatolog\u00eda con defensas bajas. Estos reci\u00e9n nacidos necesitan una protecci\u00f3n especial que solo la leche humana puede ofrecer, por lo que siempre se prioriza su consumo.<\/span><\/p>\n<p class=\"western\"><span style=\"font-family: Arial, sans-serif;\">M\u00faltiples beneficios que ofrece:<\/span><\/p>\n<ul>\n<li style=\"list-style-type: none;\">\n<ul>\n<li><span style=\"font-family: Arial, sans-serif;\">Reduce la morbilidad y la mortalidad.<\/span><\/li>\n<\/ul>\n<\/li>\n<\/ul>\n<ul>\n<li style=\"list-style-type: none;\">\n<ul>\n<li><span style=\"font-family: Arial, sans-serif;\">Disminuye la estancia hospitalaria.<\/span><\/li>\n<\/ul>\n<\/li>\n<\/ul>\n<ul>\n<li style=\"list-style-type: none;\">\n<ul>\n<li><span style=\"font-family: Arial, sans-serif;\">Evita la exposici\u00f3n a enfermedades infecciosas, como la enterocolitis necrosante.<\/span><\/li>\n<\/ul>\n<\/li>\n<\/ul>\n<ul>\n<li style=\"list-style-type: none;\">\n<ul>\n<li><span style=\"font-family: Arial, sans-serif;\">Desarrolla la inmunidad, algo que no ofrecen otros tipos de f\u00f3rmulas.<\/span><\/li>\n<\/ul>\n<\/li>\n<\/ul>\n","protected":false},"excerpt":{"rendered":"<p>Con el objetivo de fortalecer el apoyo a la lactancia&#8230;<\/p>\n","protected":false},"author":11,"featured_media":58478,"comment_status":"closed","ping_status":"open","sticky":false,"template":"","format":"standard","meta":{"_acf_changed":false,"inline_featured_image":false,"_exactmetrics_skip_tracking":false,"_exactmetrics_sitenote_active":false,"_exactmetrics_sitenote_note":"","_exactmetrics_sitenote_category":0,"footnotes":"","_links_to":"","_links_to_target":""},"categories":[1541],"tags":[146,177,130,852,131,1241,426,1242],"class_list":["post-58477","post","type-post","status-publish","format-standard","has-post-thumbnail","hentry","category-osep","tag-amamantar","tag-banco-de-leche","tag-bebe","tag-el-carmen","tag-lactancia","tag-leche","tag-mama","tag-materna"],"acf":[],"yoast_head":"<!-- This site is optimized with the Yoast SEO plugin v27.5 - https:\/\/yoast.com\/product\/yoast-seo-wordpress\/ -->\n<title>Elijamos la leche materna y el acompa\u00f1amiento - OSEP Mendoza<\/title>\n<meta name=\"robots\" content=\"index, follow, max-snippet:-1, max-image-preview:large, max-video-preview:-1\" \/>\n<link rel=\"canonical\" href=\"https:\/\/osepmendoza.com.ar\/web\/elijamos-la-leche-materna-y-el-acompanamiento\/\" \/>\n<meta property=\"og:locale\" content=\"es_ES\" \/>\n<meta property=\"og:type\" content=\"article\" \/>\n<meta property=\"og:title\" content=\"Elijamos la leche materna y el acompa\u00f1amiento - OSEP Mendoza\" \/>\n<meta property=\"og:description\" content=\"Con el objetivo de fortalecer el apoyo a la lactancia...\" \/>\n<meta property=\"og:url\" content=\"https:\/\/osepmendoza.com.ar\/web\/elijamos-la-leche-materna-y-el-acompanamiento\/\" \/>\n<meta property=\"og:site_name\" content=\"OSEP Mendoza\" \/>\n<meta property=\"article:publisher\" content=\"https:\/\/www.facebook.com\/OSEP.MendozaArg\/\" \/>\n<meta property=\"article:published_time\" content=\"2025-07-31T14:59:57+00:00\" \/>\n<meta property=\"og:image\" content=\"https:\/\/osepmendoza.com.ar\/web\/wp-content\/uploads\/2025\/07\/WhatsApp-Image-2025-07-31-at-11.03.40.jpeg\" \/>\n\t<meta property=\"og:image:width\" content=\"1200\" \/>\n\t<meta property=\"og:image:height\" content=\"438\" \/>\n\t<meta property=\"og:image:type\" content=\"image\/jpeg\" \/>\n<meta name=\"author\" content=\"Ana Pereyra\" \/>\n<meta name=\"twitter:card\" content=\"summary_large_image\" \/>\n<meta name=\"twitter:creator\" content=\"@OsepMza\" \/>\n<meta name=\"twitter:site\" content=\"@OsepMza\" \/>\n<meta name=\"twitter:label1\" content=\"Escrito por\" \/>\n\t<meta name=\"twitter:data1\" content=\"Ana Pereyra\" \/>\n\t<meta name=\"twitter:label2\" content=\"Tiempo de lectura\" \/>\n\t<meta name=\"twitter:data2\" content=\"4 minutos\" \/>\n<script type=\"application\/ld+json\" class=\"yoast-schema-graph\">{\"@context\":\"https:\\\/\\\/schema.org\",\"@graph\":[{\"@type\":\"Article\",\"@id\":\"https:\\\/\\\/osepmendoza.com.ar\\\/web\\\/elijamos-la-leche-materna-y-el-acompanamiento\\\/#article\",\"isPartOf\":{\"@id\":\"https:\\\/\\\/osepmendoza.com.ar\\\/web\\\/elijamos-la-leche-materna-y-el-acompanamiento\\\/\"},\"author\":{\"name\":\"Ana Pereyra\",\"@id\":\"https:\\\/\\\/osepmendoza.com.ar\\\/web\\\/#\\\/schema\\\/person\\\/589af535ca62640386b991b5adb0b40a\"},\"headline\":\"Elijamos la leche materna y el acompa\u00f1amiento\",\"datePublished\":\"2025-07-31T14:59:57+00:00\",\"mainEntityOfPage\":{\"@id\":\"https:\\\/\\\/osepmendoza.com.ar\\\/web\\\/elijamos-la-leche-materna-y-el-acompanamiento\\\/\"},\"wordCount\":830,\"publisher\":{\"@id\":\"https:\\\/\\\/osepmendoza.com.ar\\\/web\\\/#organization\"},\"image\":{\"@id\":\"https:\\\/\\\/osepmendoza.com.ar\\\/web\\\/elijamos-la-leche-materna-y-el-acompanamiento\\\/#primaryimage\"},\"thumbnailUrl\":\"https:\\\/\\\/osepmendoza.com.ar\\\/web\\\/wp-content\\\/uploads\\\/2025\\\/07\\\/WhatsApp-Image-2025-07-31-at-11.03.40.jpeg\",\"keywords\":[\"amamantar\",\"banco de leche\",\"beb\u00e9\",\"El Carmen\",\"lactancia\",\"leche\",\"mama\",\"materna\"],\"articleSection\":[\"OSEP\"],\"inLanguage\":\"es\"},{\"@type\":\"WebPage\",\"@id\":\"https:\\\/\\\/osepmendoza.com.ar\\\/web\\\/elijamos-la-leche-materna-y-el-acompanamiento\\\/\",\"url\":\"https:\\\/\\\/osepmendoza.com.ar\\\/web\\\/elijamos-la-leche-materna-y-el-acompanamiento\\\/\",\"name\":\"Elijamos la leche materna y el acompa\u00f1amiento - OSEP Mendoza\",\"isPartOf\":{\"@id\":\"https:\\\/\\\/osepmendoza.com.ar\\\/web\\\/#website\"},\"primaryImageOfPage\":{\"@id\":\"https:\\\/\\\/osepmendoza.com.ar\\\/web\\\/elijamos-la-leche-materna-y-el-acompanamiento\\\/#primaryimage\"},\"image\":{\"@id\":\"https:\\\/\\\/osepmendoza.com.ar\\\/web\\\/elijamos-la-leche-materna-y-el-acompanamiento\\\/#primaryimage\"},\"thumbnailUrl\":\"https:\\\/\\\/osepmendoza.com.ar\\\/web\\\/wp-content\\\/uploads\\\/2025\\\/07\\\/WhatsApp-Image-2025-07-31-at-11.03.40.jpeg\",\"datePublished\":\"2025-07-31T14:59:57+00:00\",\"breadcrumb\":{\"@id\":\"https:\\\/\\\/osepmendoza.com.ar\\\/web\\\/elijamos-la-leche-materna-y-el-acompanamiento\\\/#breadcrumb\"},\"inLanguage\":\"es\",\"potentialAction\":[{\"@type\":\"ReadAction\",\"target\":[\"https:\\\/\\\/osepmendoza.com.ar\\\/web\\\/elijamos-la-leche-materna-y-el-acompanamiento\\\/\"]}]},{\"@type\":\"ImageObject\",\"inLanguage\":\"es\",\"@id\":\"https:\\\/\\\/osepmendoza.com.ar\\\/web\\\/elijamos-la-leche-materna-y-el-acompanamiento\\\/#primaryimage\",\"url\":\"https:\\\/\\\/osepmendoza.com.ar\\\/web\\\/wp-content\\\/uploads\\\/2025\\\/07\\\/WhatsApp-Image-2025-07-31-at-11.03.40.jpeg\",\"contentUrl\":\"https:\\\/\\\/osepmendoza.com.ar\\\/web\\\/wp-content\\\/uploads\\\/2025\\\/07\\\/WhatsApp-Image-2025-07-31-at-11.03.40.jpeg\",\"width\":1200,\"height\":438},{\"@type\":\"BreadcrumbList\",\"@id\":\"https:\\\/\\\/osepmendoza.com.ar\\\/web\\\/elijamos-la-leche-materna-y-el-acompanamiento\\\/#breadcrumb\",\"itemListElement\":[{\"@type\":\"ListItem\",\"position\":1,\"name\":\"Portada\",\"item\":\"https:\\\/\\\/osepmendoza.com.ar\\\/web\\\/\"},{\"@type\":\"ListItem\",\"position\":2,\"name\":\"Elijamos la leche materna y el acompa\u00f1amiento\"}]},{\"@type\":\"WebSite\",\"@id\":\"https:\\\/\\\/osepmendoza.com.ar\\\/web\\\/#website\",\"url\":\"https:\\\/\\\/osepmendoza.com.ar\\\/web\\\/\",\"name\":\"OSEP Mendoza\",\"description\":\"Obra Social de los Empleados P\u00fablicos de Mendoza\",\"publisher\":{\"@id\":\"https:\\\/\\\/osepmendoza.com.ar\\\/web\\\/#organization\"},\"potentialAction\":[{\"@type\":\"SearchAction\",\"target\":{\"@type\":\"EntryPoint\",\"urlTemplate\":\"https:\\\/\\\/osepmendoza.com.ar\\\/web\\\/?s={search_term_string}\"},\"query-input\":{\"@type\":\"PropertyValueSpecification\",\"valueRequired\":true,\"valueName\":\"search_term_string\"}}],\"inLanguage\":\"es\"},{\"@type\":\"Organization\",\"@id\":\"https:\\\/\\\/osepmendoza.com.ar\\\/web\\\/#organization\",\"name\":\"OSEP - Obra Social de Empleados P\u00fablicos de Mendoza\",\"url\":\"https:\\\/\\\/osepmendoza.com.ar\\\/web\\\/\",\"logo\":{\"@type\":\"ImageObject\",\"inLanguage\":\"es\",\"@id\":\"https:\\\/\\\/osepmendoza.com.ar\\\/web\\\/#\\\/schema\\\/logo\\\/image\\\/\",\"url\":\"https:\\\/\\\/osepmendoza.com.ar\\\/web\\\/wp-content\\\/uploads\\\/2020\\\/04\\\/lkTM9T9z.jpg\",\"contentUrl\":\"https:\\\/\\\/osepmendoza.com.ar\\\/web\\\/wp-content\\\/uploads\\\/2020\\\/04\\\/lkTM9T9z.jpg\",\"width\":334,\"height\":334,\"caption\":\"OSEP - Obra Social de Empleados P\u00fablicos de Mendoza\"},\"image\":{\"@id\":\"https:\\\/\\\/osepmendoza.com.ar\\\/web\\\/#\\\/schema\\\/logo\\\/image\\\/\"},\"sameAs\":[\"https:\\\/\\\/www.facebook.com\\\/OSEP.MendozaArg\\\/\",\"https:\\\/\\\/x.com\\\/OsepMza\",\"https:\\\/\\\/www.instagram.com\\\/osep.mendoza\\\/\",\"https:\\\/\\\/www.youtube.com\\\/user\\\/osepvideos\"]},{\"@type\":\"Person\",\"@id\":\"https:\\\/\\\/osepmendoza.com.ar\\\/web\\\/#\\\/schema\\\/person\\\/589af535ca62640386b991b5adb0b40a\",\"name\":\"Ana Pereyra\",\"image\":{\"@type\":\"ImageObject\",\"inLanguage\":\"es\",\"@id\":\"https:\\\/\\\/secure.gravatar.com\\\/avatar\\\/3529dfb99a65d0433c0142c465656bf9d7ecfc80049608f1e685d8aeab2efa92?s=96&d=mm&r=g\",\"url\":\"https:\\\/\\\/secure.gravatar.com\\\/avatar\\\/3529dfb99a65d0433c0142c465656bf9d7ecfc80049608f1e685d8aeab2efa92?s=96&d=mm&r=g\",\"contentUrl\":\"https:\\\/\\\/secure.gravatar.com\\\/avatar\\\/3529dfb99a65d0433c0142c465656bf9d7ecfc80049608f1e685d8aeab2efa92?s=96&d=mm&r=g\",\"caption\":\"Ana Pereyra\"},\"sameAs\":[\"http:\\\/\\\/osepmendoza.com.ar\\\/web\"]}]}<\/script>\n<!-- \/ Yoast SEO plugin. -->","yoast_head_json":{"title":"Elijamos la leche materna y el acompa\u00f1amiento - OSEP Mendoza","robots":{"index":"index","follow":"follow","max-snippet":"max-snippet:-1","max-image-preview":"max-image-preview:large","max-video-preview":"max-video-preview:-1"},"canonical":"https:\/\/osepmendoza.com.ar\/web\/elijamos-la-leche-materna-y-el-acompanamiento\/","og_locale":"es_ES","og_type":"article","og_title":"Elijamos la leche materna y el acompa\u00f1amiento - OSEP Mendoza","og_description":"Con el objetivo de fortalecer el apoyo a la lactancia...","og_url":"https:\/\/osepmendoza.com.ar\/web\/elijamos-la-leche-materna-y-el-acompanamiento\/","og_site_name":"OSEP Mendoza","article_publisher":"https:\/\/www.facebook.com\/OSEP.MendozaArg\/","article_published_time":"2025-07-31T14:59:57+00:00","og_image":[{"width":1200,"height":438,"url":"https:\/\/osepmendoza.com.ar\/web\/wp-content\/uploads\/2025\/07\/WhatsApp-Image-2025-07-31-at-11.03.40.jpeg","type":"image\/jpeg"}],"author":"Ana Pereyra","twitter_card":"summary_large_image","twitter_creator":"@OsepMza","twitter_site":"@OsepMza","twitter_misc":{"Escrito por":"Ana Pereyra","Tiempo de lectura":"4 minutos"},"schema":{"@context":"https:\/\/schema.org","@graph":[{"@type":"Article","@id":"https:\/\/osepmendoza.com.ar\/web\/elijamos-la-leche-materna-y-el-acompanamiento\/#article","isPartOf":{"@id":"https:\/\/osepmendoza.com.ar\/web\/elijamos-la-leche-materna-y-el-acompanamiento\/"},"author":{"name":"Ana Pereyra","@id":"https:\/\/osepmendoza.com.ar\/web\/#\/schema\/person\/589af535ca62640386b991b5adb0b40a"},"headline":"Elijamos la leche materna y el acompa\u00f1amiento","datePublished":"2025-07-31T14:59:57+00:00","mainEntityOfPage":{"@id":"https:\/\/osepmendoza.com.ar\/web\/elijamos-la-leche-materna-y-el-acompanamiento\/"},"wordCount":830,"publisher":{"@id":"https:\/\/osepmendoza.com.ar\/web\/#organization"},"image":{"@id":"https:\/\/osepmendoza.com.ar\/web\/elijamos-la-leche-materna-y-el-acompanamiento\/#primaryimage"},"thumbnailUrl":"https:\/\/osepmendoza.com.ar\/web\/wp-content\/uploads\/2025\/07\/WhatsApp-Image-2025-07-31-at-11.03.40.jpeg","keywords":["amamantar","banco de leche","beb\u00e9","El Carmen","lactancia","leche","mama","materna"],"articleSection":["OSEP"],"inLanguage":"es"},{"@type":"WebPage","@id":"https:\/\/osepmendoza.com.ar\/web\/elijamos-la-leche-materna-y-el-acompanamiento\/","url":"https:\/\/osepmendoza.com.ar\/web\/elijamos-la-leche-materna-y-el-acompanamiento\/","name":"Elijamos la leche materna y el acompa\u00f1amiento - OSEP Mendoza","isPartOf":{"@id":"https:\/\/osepmendoza.com.ar\/web\/#website"},"primaryImageOfPage":{"@id":"https:\/\/osepmendoza.com.ar\/web\/elijamos-la-leche-materna-y-el-acompanamiento\/#primaryimage"},"image":{"@id":"https:\/\/osepmendoza.com.ar\/web\/elijamos-la-leche-materna-y-el-acompanamiento\/#primaryimage"},"thumbnailUrl":"https:\/\/osepmendoza.com.ar\/web\/wp-content\/uploads\/2025\/07\/WhatsApp-Image-2025-07-31-at-11.03.40.jpeg","datePublished":"2025-07-31T14:59:57+00:00","breadcrumb":{"@id":"https:\/\/osepmendoza.com.ar\/web\/elijamos-la-leche-materna-y-el-acompanamiento\/#breadcrumb"},"inLanguage":"es","potentialAction":[{"@type":"ReadAction","target":["https:\/\/osepmendoza.com.ar\/web\/elijamos-la-leche-materna-y-el-acompanamiento\/"]}]},{"@type":"ImageObject","inLanguage":"es","@id":"https:\/\/osepmendoza.com.ar\/web\/elijamos-la-leche-materna-y-el-acompanamiento\/#primaryimage","url":"https:\/\/osepmendoza.com.ar\/web\/wp-content\/uploads\/2025\/07\/WhatsApp-Image-2025-07-31-at-11.03.40.jpeg","contentUrl":"https:\/\/osepmendoza.com.ar\/web\/wp-content\/uploads\/2025\/07\/WhatsApp-Image-2025-07-31-at-11.03.40.jpeg","width":1200,"height":438},{"@type":"BreadcrumbList","@id":"https:\/\/osepmendoza.com.ar\/web\/elijamos-la-leche-materna-y-el-acompanamiento\/#breadcrumb","itemListElement":[{"@type":"ListItem","position":1,"name":"Portada","item":"https:\/\/osepmendoza.com.ar\/web\/"},{"@type":"ListItem","position":2,"name":"Elijamos la leche materna y el acompa\u00f1amiento"}]},{"@type":"WebSite","@id":"https:\/\/osepmendoza.com.ar\/web\/#website","url":"https:\/\/osepmendoza.com.ar\/web\/","name":"OSEP Mendoza","description":"Obra Social de los Empleados P\u00fablicos de Mendoza","publisher":{"@id":"https:\/\/osepmendoza.com.ar\/web\/#organization"},"potentialAction":[{"@type":"SearchAction","target":{"@type":"EntryPoint","urlTemplate":"https:\/\/osepmendoza.com.ar\/web\/?s={search_term_string}"},"query-input":{"@type":"PropertyValueSpecification","valueRequired":true,"valueName":"search_term_string"}}],"inLanguage":"es"},{"@type":"Organization","@id":"https:\/\/osepmendoza.com.ar\/web\/#organization","name":"OSEP - Obra Social de Empleados P\u00fablicos de Mendoza","url":"https:\/\/osepmendoza.com.ar\/web\/","logo":{"@type":"ImageObject","inLanguage":"es","@id":"https:\/\/osepmendoza.com.ar\/web\/#\/schema\/logo\/image\/","url":"https:\/\/osepmendoza.com.ar\/web\/wp-content\/uploads\/2020\/04\/lkTM9T9z.jpg","contentUrl":"https:\/\/osepmendoza.com.ar\/web\/wp-content\/uploads\/2020\/04\/lkTM9T9z.jpg","width":334,"height":334,"caption":"OSEP - Obra Social de Empleados P\u00fablicos de Mendoza"},"image":{"@id":"https:\/\/osepmendoza.com.ar\/web\/#\/schema\/logo\/image\/"},"sameAs":["https:\/\/www.facebook.com\/OSEP.MendozaArg\/","https:\/\/x.com\/OsepMza","https:\/\/www.instagram.com\/osep.mendoza\/","https:\/\/www.youtube.com\/user\/osepvideos"]},{"@type":"Person","@id":"https:\/\/osepmendoza.com.ar\/web\/#\/schema\/person\/589af535ca62640386b991b5adb0b40a","name":"Ana Pereyra","image":{"@type":"ImageObject","inLanguage":"es","@id":"https:\/\/secure.gravatar.com\/avatar\/3529dfb99a65d0433c0142c465656bf9d7ecfc80049608f1e685d8aeab2efa92?s=96&d=mm&r=g","url":"https:\/\/secure.gravatar.com\/avatar\/3529dfb99a65d0433c0142c465656bf9d7ecfc80049608f1e685d8aeab2efa92?s=96&d=mm&r=g","contentUrl":"https:\/\/secure.gravatar.com\/avatar\/3529dfb99a65d0433c0142c465656bf9d7ecfc80049608f1e685d8aeab2efa92?s=96&d=mm&r=g","caption":"Ana Pereyra"},"sameAs":["http:\/\/osepmendoza.com.ar\/web"]}]}},"amp_enabled":true,"_links":{"self":[{"href":"https:\/\/osepmendoza.com.ar\/web\/wp-json\/wp\/v2\/posts\/58477","targetHints":{"allow":["GET"]}}],"collection":[{"href":"https:\/\/osepmendoza.com.ar\/web\/wp-json\/wp\/v2\/posts"}],"about":[{"href":"https:\/\/osepmendoza.com.ar\/web\/wp-json\/wp\/v2\/types\/post"}],"author":[{"embeddable":true,"href":"https:\/\/osepmendoza.com.ar\/web\/wp-json\/wp\/v2\/users\/11"}],"replies":[{"embeddable":true,"href":"https:\/\/osepmendoza.com.ar\/web\/wp-json\/wp\/v2\/comments?post=58477"}],"version-history":[{"count":2,"href":"https:\/\/osepmendoza.com.ar\/web\/wp-json\/wp\/v2\/posts\/58477\/revisions"}],"predecessor-version":[{"id":58481,"href":"https:\/\/osepmendoza.com.ar\/web\/wp-json\/wp\/v2\/posts\/58477\/revisions\/58481"}],"wp:featuredmedia":[{"embeddable":true,"href":"https:\/\/osepmendoza.com.ar\/web\/wp-json\/wp\/v2\/media\/58478"}],"wp:attachment":[{"href":"https:\/\/osepmendoza.com.ar\/web\/wp-json\/wp\/v2\/media?parent=58477"}],"wp:term":[{"taxonomy":"category","embeddable":true,"href":"https:\/\/osepmendoza.com.ar\/web\/wp-json\/wp\/v2\/categories?post=58477"},{"taxonomy":"post_tag","embeddable":true,"href":"https:\/\/osepmendoza.com.ar\/web\/wp-json\/wp\/v2\/tags?post=58477"}],"curies":[{"name":"wp","href":"https:\/\/api.w.org\/{rel}","templated":true}]}}