{"id":58336,"date":"2025-07-04T15:47:28","date_gmt":"2025-07-04T18:47:28","guid":{"rendered":"https:\/\/osepmendoza.com.ar\/web\/?p=58336"},"modified":"2025-07-05T20:27:51","modified_gmt":"2025-07-05T23:27:51","slug":"osep-impulsa-la-donacion-de-sangre-con-la-ampliacion-de-sus-servicios-de-hemoterapia","status":"publish","type":"post","link":"https:\/\/osepmendoza.com.ar\/web\/osep-impulsa-la-donacion-de-sangre-con-la-ampliacion-de-sus-servicios-de-hemoterapia\/","title":{"rendered":"OSEP impulsa la donaci\u00f3n de sangre con la ampliaci\u00f3n de sus Servicios de Hemoterapia"},"content":{"rendered":"<p class=\"western\"><span style=\"font-family: Arial, sans-serif;\"><span style=\"font-size: medium;\">La Obra Social de Empleados P\u00fablicos <\/span><\/span><span style=\"font-family: Arial, sans-serif;\"><span style=\"font-size: medium;\">ampl\u00eda<\/span><\/span><span style=\"font-family: Arial, sans-serif;\"><span style=\"font-size: medium;\"> sus Servicios de Hemoterapia de los hospitales Fleming y El Carmen, optimizando la donaci\u00f3n de sangre y sus componentes. Ahora pod\u00e9s donar en cualquiera de los dos centros, y la sangre ser\u00e1 procesada y distribuida donde sea m\u00e1s necesaria, garantizando una atenci\u00f3n m\u00e1s eficiente para los pacientes.<\/span><\/span><\/p>\n<h3 class=\"western\"><span style=\"font-family: Arial, sans-serif;\"><span style=\"font-size: medium;\">Requisitos sencillos. Sumate a esta cadena de vida<\/span><\/span><\/h3>\n<p class=\"western\"><span style=\"font-family: Arial, sans-serif;\"><span style=\"font-size: medium;\">Convertirte en donante es un acto de generosidad que puede salvar vidas. Los <\/span><\/span><span style=\"font-family: Arial, sans-serif;\"><span style=\"font-size: medium;\"><b>requisitos<\/b><\/span><\/span><span style=\"font-family: Arial, sans-serif;\"><span style=\"font-size: medium;\"> son claros y sencillos:<\/span><\/span><\/p>\n<ul>\n<li style=\"list-style-type: none;\">\n<ul>\n<li><span style=\"font-size: medium; font-family: Arial, sans-serif;\">Tener entre 16 y 65 a\u00f1os.<\/span><\/li>\n<\/ul>\n<\/li>\n<\/ul>\n<ul>\n<li style=\"list-style-type: none;\">\n<ul>\n<li><span style=\"font-size: medium; font-family: Arial, sans-serif;\">Pesar 50 kg o m\u00e1s.<\/span><\/li>\n<\/ul>\n<\/li>\n<\/ul>\n<ul>\n<li style=\"list-style-type: none;\">\n<ul>\n<li><span style=\"font-size: medium; font-family: Arial, sans-serif;\">No tener enfermedades transmisibles por sangre.<\/span><\/li>\n<\/ul>\n<\/li>\n<\/ul>\n<ul>\n<li style=\"list-style-type: none;\">\n<ul>\n<li><span style=\"font-size: medium; font-family: Arial, sans-serif;\">No haberse realizado tatuajes ni piercings en los \u00faltimos 6 meses.<\/span><\/li>\n<\/ul>\n<\/li>\n<\/ul>\n<ul>\n<li style=\"list-style-type: none;\">\n<ul>\n<li><span style=\"font-size: medium; font-family: Arial, sans-serif;\">No consumir drogas endovenosas.<\/span><\/li>\n<\/ul>\n<\/li>\n<\/ul>\n<p class=\"western\"><span style=\"font-family: Arial, sans-serif;\"><span style=\"font-size: medium;\"><b>Al momento de donar, record\u00e1:<\/b><\/span><\/span><\/p>\n<ul>\n<li style=\"list-style-type: none;\">\n<ul>\n<li><span style=\"font-size: medium; font-family: Arial, sans-serif;\">No es necesario estar en ayunas.<\/span><\/li>\n<\/ul>\n<\/li>\n<\/ul>\n<ul>\n<li style=\"list-style-type: none;\">\n<ul>\n<li><span style=\"font-size: medium; font-family: Arial, sans-serif;\">Es recomendable beber previamente abundante l\u00edquido como mate, t\u00e9, caf\u00e9, jugos azucarados o gaseosa.<\/span><\/li>\n<\/ul>\n<\/li>\n<\/ul>\n<ul>\n<li style=\"list-style-type: none;\">\n<ul>\n<li><span style=\"font-size: medium; font-family: Arial, sans-serif;\">Llev\u00e1 siempre tu DNI.<\/span><\/li>\n<\/ul>\n<\/li>\n<\/ul>\n<h3 class=\"western\"><span style=\"font-family: Arial, sans-serif;\"><span style=\"font-size: medium;\">\u00bfD\u00f3nde y cu\u00e1ndo donar?<\/span><\/span><\/h3>\n<p class=\"western\"><span style=\"font-family: Arial, sans-serif;\"><span style=\"font-size: medium;\">Pod\u00e9s acercarte de forma voluntaria y espont\u00e1nea a los Servicios de Hemoterapia de OSEP:<\/span><\/span><\/p>\n<ul>\n<li style=\"list-style-type: none;\">\n<ul>\n<li><span style=\"font-family: Arial, sans-serif;\"><span style=\"font-size: medium;\"><b>Hemoterapia del Hospital Fleming:<\/b><\/span><\/span><span style=\"font-family: Arial, sans-serif;\"><span style=\"font-size: medium;\"> Col\u00f3n 485, Ciudad. Horario: de lunes a viernes, de 8 a 14 horas.<\/span><\/span><\/li>\n<\/ul>\n<\/li>\n<\/ul>\n<ul>\n<li style=\"list-style-type: none;\">\n<ul>\n<li><span style=\"font-family: Arial, sans-serif;\"><span style=\"font-size: medium;\"><b>Hemoterapia del Hospital El Carmen:<\/b><\/span><\/span><span style=\"font-family: Arial, sans-serif;\"><span style=\"font-size: medium;\"> Joaqu\u00edn V. Gonz\u00e1lez 245, Godoy Cruz. Horario: de lunes a viernes, de 8 a 13 horas y de 14 a 18 horas; s\u00e1bados, de 8 a 12 horas.<\/span><\/span><\/li>\n<\/ul>\n<\/li>\n<\/ul>\n<h3 class=\"western\"><span style=\"font-family: Arial, sans-serif;\"><span style=\"font-size: medium;\">Controles al momento de donar<\/span><\/span><\/h3>\n<p class=\"western\"><span style=\"font-family: Arial, sans-serif;\"><span style=\"font-size: medium;\">Para garantizar la seguridad del donante y del receptor, se realiza un procedimiento que dura aproximadamente 30 minutos:<\/span><\/span><\/p>\n<ol>\n<li><span style=\"font-family: Arial, sans-serif;\"><span style=\"font-size: medium;\"><b>Autoentrevista predonaci\u00f3n:<\/b><\/span><\/span><span style=\"font-family: Arial, sans-serif;\"><span style=\"font-size: medium;\"> Un cuestionario inicial para evaluar tu salud.<\/span><\/span><\/li>\n<li><span style=\"font-family: Arial, sans-serif;\"><span style=\"font-size: medium;\"><b>Par\u00e1metros cl\u00ednicos:<\/b><\/span><\/span><span style=\"font-family: Arial, sans-serif;\"><span style=\"font-size: medium;\"> Se toman y eval\u00faan tu hemoglobina, peso y temperatura.<\/span><\/span><\/li>\n<li><span style=\"font-family: Arial, sans-serif;\"><span style=\"font-size: medium;\"><b>Entrevista confidencial:<\/b><\/span><\/span><span style=\"font-family: Arial, sans-serif;\"><span style=\"font-size: medium;\"> Se realizan una serie de preguntas que califican tu aptitud como donante.<\/span><\/span><\/li>\n<\/ol>\n<p class=\"western\"><span style=\"font-family: Arial, sans-serif;\"><span style=\"font-size: medium;\"><b>Inscribite como donante de plaquetas o m\u00e9dula \u00f3sea<\/b><\/span><\/span><\/p>\n<p class=\"western\"><span style=\"font-family: Arial, sans-serif;\"><span style=\"font-size: medium;\">Adem\u00e1s de la donaci\u00f3n de sangre, ten\u00e9s la oportunidad de inscribirte como donante de plaquetas o de m\u00e9dula \u00f3sea. Este gesto es de vital importancia, especialmente para pacientes oncohematol\u00f3gicos, ya que encontrar un donante compatible puede ser un desaf\u00edo. Cuantos m\u00e1s inscriptos tengamos en el Registro Nacional de Donantes de M\u00e9dula, mayores ser\u00e1n las posibilidades de encontrar un donante compatible para quienes lo necesitan<\/span><\/span><span style=\"font-family: Arial, sans-serif;\"><span style=\"font-size: medium;\">.<\/span><\/span><\/p>\n<p class=\"western\"><span style=\"font-family: Arial, sans-serif;\"><span style=\"font-size: medium;\"><b>Donaci\u00f3n de plaquetas por af\u00e9resis: m\u00e1s eficiente y frecuente<\/b><\/span><\/span><\/p>\n<p class=\"western\"><span style=\"font-family: Arial, sans-serif;\"><span style=\"font-size: medium;\">La donaci\u00f3n de plaquetas se realiza con un equipamiento especializado denominado separador celular. Este m\u00e9todo permite una extracci\u00f3n de plaquetas m\u00e1s concentrada, reduciendo la necesidad de m\u00faltiples donantes. Con un solo procedimiento, se pueden obtener plaquetas para una o dos transfusiones, cuando antes se requer\u00edan hasta cinco o seis donantes.<\/span><\/span><\/p>\n<p class=\"western\"><span style=\"font-family: Arial, sans-serif;\"><span style=\"font-size: medium;\">El proceso es sencillo: la sangre se extrae por un brazo, se fracciona, se separan solo las plaquetas, y el resto de la sangre vuelve al donante. Esto no solo optimiza la cantidad de plaquetas obtenidas, sino que tambi\u00e9n permite una mayor frecuencia de donaci\u00f3n: \u00a1pod\u00e9s donar plaquetas hasta 24 veces al a\u00f1o, cada 15 d\u00edas! En contraste, la donaci\u00f3n de sangre total se limita a 3 veces al a\u00f1o para mujeres y 4 veces al a\u00f1o para hombres.<\/span><\/span><\/p>\n<h3 class=\"western\"><span style=\"font-family: Arial, sans-serif;\"><span style=\"font-size: medium;\">\u00bfPara qu\u00e9 se utilizan los componentes de la sangre?<\/span><\/span><\/h3>\n<ul>\n<li style=\"list-style-type: none;\">\n<ul>\n<li><span style=\"font-family: Arial, sans-serif;\"><span style=\"font-size: medium;\">Los <\/span><\/span><span style=\"font-family: Arial, sans-serif;\"><span style=\"font-size: medium;\"><b>gl\u00f3bulos rojos<\/b><\/span><\/span><span style=\"font-family: Arial, sans-serif;\"><span style=\"font-size: medium;\"> se utilizan principalmente para tratar distintas anemias.<\/span><\/span><\/li>\n<\/ul>\n<\/li>\n<\/ul>\n<ul>\n<li style=\"list-style-type: none;\">\n<ul>\n<li><span style=\"font-family: Arial, sans-serif;\"><span style=\"font-size: medium;\">Las <\/span><\/span><span style=\"font-family: Arial, sans-serif;\"><span style=\"font-size: medium;\"><b>plaquetas<\/b><\/span><\/span><span style=\"font-family: Arial, sans-serif;\"><span style=\"font-size: medium;\"> son esenciales en pacientes oncohematol\u00f3gicos, ya que son las c\u00e9lulas encargadas de la hemostasia y la coagulaci\u00f3n de la sangre.<\/span><\/span><\/li>\n<\/ul>\n<\/li>\n<\/ul>\n<ul>\n<li style=\"list-style-type: none;\">\n<ul>\n<li><span style=\"font-family: Arial, sans-serif;\"><span style=\"font-size: medium;\">Los <\/span><\/span><span style=\"font-family: Arial, sans-serif;\"><span style=\"font-size: medium;\"><b>trasplantes de m\u00e9dula \u00f3sea<\/b><\/span><\/span><span style=\"font-family: Arial, sans-serif;\"><span style=\"font-size: medium;\"> se realizan en patolog\u00edas oncohematol\u00f3gicas o hematol\u00f3gicas, ofreciendo una esperanza de vida a quienes padecen estas enfermedades.<\/span><\/span><\/li>\n<\/ul>\n<\/li>\n<\/ul>\n<p class=\"western\"><span style=\"font-family: Arial, sans-serif;\"><span style=\"font-size: medium;\">Tu donaci\u00f3n, en cualquiera de sus formas, es un eslab\u00f3n fundamental en la cadena de vida. \u00bfTe sum\u00e1s a este acto solidario?<\/span><\/span><\/p>\n","protected":false},"excerpt":{"rendered":"<p>La Obra Social de Empleados P\u00fablicos ampl\u00eda sus Servicios de&#8230;<\/p>\n","protected":false},"author":11,"featured_media":58340,"comment_status":"closed","ping_status":"open","sticky":false,"template":"","format":"standard","meta":{"_acf_changed":false,"inline_featured_image":false,"_exactmetrics_skip_tracking":false,"_exactmetrics_sitenote_active":false,"_exactmetrics_sitenote_note":"","_exactmetrics_sitenote_category":0,"footnotes":"","_links_to":"","_links_to_target":""},"categories":[1541],"tags":[349,852,259,748,212],"class_list":["post-58336","post","type-post","status-publish","format-standard","has-post-thumbnail","hentry","category-osep","tag-donacion","tag-el-carmen","tag-fleming","tag-plaquetas","tag-sangre"],"acf":[],"yoast_head":"<!-- This site is optimized with the Yoast SEO plugin v27.4 - https:\/\/yoast.com\/product\/yoast-seo-wordpress\/ -->\n<title>OSEP impulsa la donaci\u00f3n de sangre con la ampliaci\u00f3n de sus Servicios de Hemoterapia - OSEP Mendoza<\/title>\n<meta name=\"robots\" content=\"index, follow, max-snippet:-1, max-image-preview:large, max-video-preview:-1\" \/>\n<link rel=\"canonical\" href=\"https:\/\/osepmendoza.com.ar\/web\/osep-impulsa-la-donacion-de-sangre-con-la-ampliacion-de-sus-servicios-de-hemoterapia\/\" \/>\n<meta property=\"og:locale\" content=\"es_ES\" \/>\n<meta property=\"og:type\" content=\"article\" \/>\n<meta property=\"og:title\" content=\"OSEP impulsa la donaci\u00f3n de sangre con la ampliaci\u00f3n de sus Servicios de Hemoterapia - OSEP Mendoza\" \/>\n<meta property=\"og:description\" content=\"La Obra Social de Empleados P\u00fablicos ampl\u00eda sus Servicios de...\" \/>\n<meta property=\"og:url\" content=\"https:\/\/osepmendoza.com.ar\/web\/osep-impulsa-la-donacion-de-sangre-con-la-ampliacion-de-sus-servicios-de-hemoterapia\/\" \/>\n<meta property=\"og:site_name\" content=\"OSEP Mendoza\" \/>\n<meta property=\"article:publisher\" content=\"https:\/\/www.facebook.com\/OSEP.MendozaArg\/\" \/>\n<meta property=\"article:published_time\" content=\"2025-07-04T18:47:28+00:00\" \/>\n<meta property=\"article:modified_time\" content=\"2025-07-05T23:27:51+00:00\" \/>\n<meta property=\"og:image\" content=\"https:\/\/osepmendoza.com.ar\/web\/wp-content\/uploads\/2025\/07\/SANGRE-1.jpeg\" \/>\n\t<meta property=\"og:image:width\" content=\"1200\" \/>\n\t<meta property=\"og:image:height\" content=\"438\" \/>\n\t<meta property=\"og:image:type\" content=\"image\/jpeg\" \/>\n<meta name=\"author\" content=\"Ana Pereyra\" \/>\n<meta name=\"twitter:card\" content=\"summary_large_image\" \/>\n<meta name=\"twitter:creator\" content=\"@OsepMza\" \/>\n<meta name=\"twitter:site\" content=\"@OsepMza\" \/>\n<meta name=\"twitter:label1\" content=\"Escrito por\" \/>\n\t<meta name=\"twitter:data1\" content=\"Ana Pereyra\" \/>\n\t<meta name=\"twitter:label2\" content=\"Tiempo de lectura\" \/>\n\t<meta name=\"twitter:data2\" content=\"3 minutos\" \/>\n<script type=\"application\/ld+json\" class=\"yoast-schema-graph\">{\"@context\":\"https:\\\/\\\/schema.org\",\"@graph\":[{\"@type\":\"Article\",\"@id\":\"https:\\\/\\\/osepmendoza.com.ar\\\/web\\\/osep-impulsa-la-donacion-de-sangre-con-la-ampliacion-de-sus-servicios-de-hemoterapia\\\/#article\",\"isPartOf\":{\"@id\":\"https:\\\/\\\/osepmendoza.com.ar\\\/web\\\/osep-impulsa-la-donacion-de-sangre-con-la-ampliacion-de-sus-servicios-de-hemoterapia\\\/\"},\"author\":{\"name\":\"Ana Pereyra\",\"@id\":\"https:\\\/\\\/osepmendoza.com.ar\\\/web\\\/#\\\/schema\\\/person\\\/589af535ca62640386b991b5adb0b40a\"},\"headline\":\"OSEP impulsa la donaci\u00f3n de sangre con la ampliaci\u00f3n de sus Servicios de Hemoterapia\",\"datePublished\":\"2025-07-04T18:47:28+00:00\",\"dateModified\":\"2025-07-05T23:27:51+00:00\",\"mainEntityOfPage\":{\"@id\":\"https:\\\/\\\/osepmendoza.com.ar\\\/web\\\/osep-impulsa-la-donacion-de-sangre-con-la-ampliacion-de-sus-servicios-de-hemoterapia\\\/\"},\"wordCount\":618,\"publisher\":{\"@id\":\"https:\\\/\\\/osepmendoza.com.ar\\\/web\\\/#organization\"},\"image\":{\"@id\":\"https:\\\/\\\/osepmendoza.com.ar\\\/web\\\/osep-impulsa-la-donacion-de-sangre-con-la-ampliacion-de-sus-servicios-de-hemoterapia\\\/#primaryimage\"},\"thumbnailUrl\":\"https:\\\/\\\/osepmendoza.com.ar\\\/web\\\/wp-content\\\/uploads\\\/2025\\\/07\\\/SANGRE-1.jpeg\",\"keywords\":[\"donaci\u00f3n\",\"El Carmen\",\"fleming\",\"plaquetas\",\"sangre\"],\"articleSection\":[\"OSEP\"],\"inLanguage\":\"es\"},{\"@type\":\"WebPage\",\"@id\":\"https:\\\/\\\/osepmendoza.com.ar\\\/web\\\/osep-impulsa-la-donacion-de-sangre-con-la-ampliacion-de-sus-servicios-de-hemoterapia\\\/\",\"url\":\"https:\\\/\\\/osepmendoza.com.ar\\\/web\\\/osep-impulsa-la-donacion-de-sangre-con-la-ampliacion-de-sus-servicios-de-hemoterapia\\\/\",\"name\":\"OSEP impulsa la donaci\u00f3n de sangre con la ampliaci\u00f3n de sus Servicios de Hemoterapia - OSEP Mendoza\",\"isPartOf\":{\"@id\":\"https:\\\/\\\/osepmendoza.com.ar\\\/web\\\/#website\"},\"primaryImageOfPage\":{\"@id\":\"https:\\\/\\\/osepmendoza.com.ar\\\/web\\\/osep-impulsa-la-donacion-de-sangre-con-la-ampliacion-de-sus-servicios-de-hemoterapia\\\/#primaryimage\"},\"image\":{\"@id\":\"https:\\\/\\\/osepmendoza.com.ar\\\/web\\\/osep-impulsa-la-donacion-de-sangre-con-la-ampliacion-de-sus-servicios-de-hemoterapia\\\/#primaryimage\"},\"thumbnailUrl\":\"https:\\\/\\\/osepmendoza.com.ar\\\/web\\\/wp-content\\\/uploads\\\/2025\\\/07\\\/SANGRE-1.jpeg\",\"datePublished\":\"2025-07-04T18:47:28+00:00\",\"dateModified\":\"2025-07-05T23:27:51+00:00\",\"breadcrumb\":{\"@id\":\"https:\\\/\\\/osepmendoza.com.ar\\\/web\\\/osep-impulsa-la-donacion-de-sangre-con-la-ampliacion-de-sus-servicios-de-hemoterapia\\\/#breadcrumb\"},\"inLanguage\":\"es\",\"potentialAction\":[{\"@type\":\"ReadAction\",\"target\":[\"https:\\\/\\\/osepmendoza.com.ar\\\/web\\\/osep-impulsa-la-donacion-de-sangre-con-la-ampliacion-de-sus-servicios-de-hemoterapia\\\/\"]}]},{\"@type\":\"ImageObject\",\"inLanguage\":\"es\",\"@id\":\"https:\\\/\\\/osepmendoza.com.ar\\\/web\\\/osep-impulsa-la-donacion-de-sangre-con-la-ampliacion-de-sus-servicios-de-hemoterapia\\\/#primaryimage\",\"url\":\"https:\\\/\\\/osepmendoza.com.ar\\\/web\\\/wp-content\\\/uploads\\\/2025\\\/07\\\/SANGRE-1.jpeg\",\"contentUrl\":\"https:\\\/\\\/osepmendoza.com.ar\\\/web\\\/wp-content\\\/uploads\\\/2025\\\/07\\\/SANGRE-1.jpeg\",\"width\":1200,\"height\":438},{\"@type\":\"BreadcrumbList\",\"@id\":\"https:\\\/\\\/osepmendoza.com.ar\\\/web\\\/osep-impulsa-la-donacion-de-sangre-con-la-ampliacion-de-sus-servicios-de-hemoterapia\\\/#breadcrumb\",\"itemListElement\":[{\"@type\":\"ListItem\",\"position\":1,\"name\":\"Portada\",\"item\":\"https:\\\/\\\/osepmendoza.com.ar\\\/web\\\/\"},{\"@type\":\"ListItem\",\"position\":2,\"name\":\"OSEP impulsa la donaci\u00f3n de sangre con la ampliaci\u00f3n de sus Servicios de Hemoterapia\"}]},{\"@type\":\"WebSite\",\"@id\":\"https:\\\/\\\/osepmendoza.com.ar\\\/web\\\/#website\",\"url\":\"https:\\\/\\\/osepmendoza.com.ar\\\/web\\\/\",\"name\":\"OSEP Mendoza\",\"description\":\"Obra Social de los Empleados P\u00fablicos de Mendoza\",\"publisher\":{\"@id\":\"https:\\\/\\\/osepmendoza.com.ar\\\/web\\\/#organization\"},\"potentialAction\":[{\"@type\":\"SearchAction\",\"target\":{\"@type\":\"EntryPoint\",\"urlTemplate\":\"https:\\\/\\\/osepmendoza.com.ar\\\/web\\\/?s={search_term_string}\"},\"query-input\":{\"@type\":\"PropertyValueSpecification\",\"valueRequired\":true,\"valueName\":\"search_term_string\"}}],\"inLanguage\":\"es\"},{\"@type\":\"Organization\",\"@id\":\"https:\\\/\\\/osepmendoza.com.ar\\\/web\\\/#organization\",\"name\":\"OSEP - Obra Social de Empleados P\u00fablicos de Mendoza\",\"url\":\"https:\\\/\\\/osepmendoza.com.ar\\\/web\\\/\",\"logo\":{\"@type\":\"ImageObject\",\"inLanguage\":\"es\",\"@id\":\"https:\\\/\\\/osepmendoza.com.ar\\\/web\\\/#\\\/schema\\\/logo\\\/image\\\/\",\"url\":\"https:\\\/\\\/osepmendoza.com.ar\\\/web\\\/wp-content\\\/uploads\\\/2020\\\/04\\\/lkTM9T9z.jpg\",\"contentUrl\":\"https:\\\/\\\/osepmendoza.com.ar\\\/web\\\/wp-content\\\/uploads\\\/2020\\\/04\\\/lkTM9T9z.jpg\",\"width\":334,\"height\":334,\"caption\":\"OSEP - Obra Social de Empleados P\u00fablicos de Mendoza\"},\"image\":{\"@id\":\"https:\\\/\\\/osepmendoza.com.ar\\\/web\\\/#\\\/schema\\\/logo\\\/image\\\/\"},\"sameAs\":[\"https:\\\/\\\/www.facebook.com\\\/OSEP.MendozaArg\\\/\",\"https:\\\/\\\/x.com\\\/OsepMza\",\"https:\\\/\\\/www.instagram.com\\\/osep.mendoza\\\/\",\"https:\\\/\\\/www.youtube.com\\\/user\\\/osepvideos\"]},{\"@type\":\"Person\",\"@id\":\"https:\\\/\\\/osepmendoza.com.ar\\\/web\\\/#\\\/schema\\\/person\\\/589af535ca62640386b991b5adb0b40a\",\"name\":\"Ana Pereyra\",\"image\":{\"@type\":\"ImageObject\",\"inLanguage\":\"es\",\"@id\":\"https:\\\/\\\/secure.gravatar.com\\\/avatar\\\/3529dfb99a65d0433c0142c465656bf9d7ecfc80049608f1e685d8aeab2efa92?s=96&d=mm&r=g\",\"url\":\"https:\\\/\\\/secure.gravatar.com\\\/avatar\\\/3529dfb99a65d0433c0142c465656bf9d7ecfc80049608f1e685d8aeab2efa92?s=96&d=mm&r=g\",\"contentUrl\":\"https:\\\/\\\/secure.gravatar.com\\\/avatar\\\/3529dfb99a65d0433c0142c465656bf9d7ecfc80049608f1e685d8aeab2efa92?s=96&d=mm&r=g\",\"caption\":\"Ana Pereyra\"},\"sameAs\":[\"http:\\\/\\\/osepmendoza.com.ar\\\/web\"]}]}<\/script>\n<!-- \/ Yoast SEO plugin. -->","yoast_head_json":{"title":"OSEP impulsa la donaci\u00f3n de sangre con la ampliaci\u00f3n de sus Servicios de Hemoterapia - OSEP Mendoza","robots":{"index":"index","follow":"follow","max-snippet":"max-snippet:-1","max-image-preview":"max-image-preview:large","max-video-preview":"max-video-preview:-1"},"canonical":"https:\/\/osepmendoza.com.ar\/web\/osep-impulsa-la-donacion-de-sangre-con-la-ampliacion-de-sus-servicios-de-hemoterapia\/","og_locale":"es_ES","og_type":"article","og_title":"OSEP impulsa la donaci\u00f3n de sangre con la ampliaci\u00f3n de sus Servicios de Hemoterapia - OSEP Mendoza","og_description":"La Obra Social de Empleados P\u00fablicos ampl\u00eda sus Servicios de...","og_url":"https:\/\/osepmendoza.com.ar\/web\/osep-impulsa-la-donacion-de-sangre-con-la-ampliacion-de-sus-servicios-de-hemoterapia\/","og_site_name":"OSEP Mendoza","article_publisher":"https:\/\/www.facebook.com\/OSEP.MendozaArg\/","article_published_time":"2025-07-04T18:47:28+00:00","article_modified_time":"2025-07-05T23:27:51+00:00","og_image":[{"width":1200,"height":438,"url":"https:\/\/osepmendoza.com.ar\/web\/wp-content\/uploads\/2025\/07\/SANGRE-1.jpeg","type":"image\/jpeg"}],"author":"Ana Pereyra","twitter_card":"summary_large_image","twitter_creator":"@OsepMza","twitter_site":"@OsepMza","twitter_misc":{"Escrito por":"Ana Pereyra","Tiempo de lectura":"3 minutos"},"schema":{"@context":"https:\/\/schema.org","@graph":[{"@type":"Article","@id":"https:\/\/osepmendoza.com.ar\/web\/osep-impulsa-la-donacion-de-sangre-con-la-ampliacion-de-sus-servicios-de-hemoterapia\/#article","isPartOf":{"@id":"https:\/\/osepmendoza.com.ar\/web\/osep-impulsa-la-donacion-de-sangre-con-la-ampliacion-de-sus-servicios-de-hemoterapia\/"},"author":{"name":"Ana Pereyra","@id":"https:\/\/osepmendoza.com.ar\/web\/#\/schema\/person\/589af535ca62640386b991b5adb0b40a"},"headline":"OSEP impulsa la donaci\u00f3n de sangre con la ampliaci\u00f3n de sus Servicios de Hemoterapia","datePublished":"2025-07-04T18:47:28+00:00","dateModified":"2025-07-05T23:27:51+00:00","mainEntityOfPage":{"@id":"https:\/\/osepmendoza.com.ar\/web\/osep-impulsa-la-donacion-de-sangre-con-la-ampliacion-de-sus-servicios-de-hemoterapia\/"},"wordCount":618,"publisher":{"@id":"https:\/\/osepmendoza.com.ar\/web\/#organization"},"image":{"@id":"https:\/\/osepmendoza.com.ar\/web\/osep-impulsa-la-donacion-de-sangre-con-la-ampliacion-de-sus-servicios-de-hemoterapia\/#primaryimage"},"thumbnailUrl":"https:\/\/osepmendoza.com.ar\/web\/wp-content\/uploads\/2025\/07\/SANGRE-1.jpeg","keywords":["donaci\u00f3n","El Carmen","fleming","plaquetas","sangre"],"articleSection":["OSEP"],"inLanguage":"es"},{"@type":"WebPage","@id":"https:\/\/osepmendoza.com.ar\/web\/osep-impulsa-la-donacion-de-sangre-con-la-ampliacion-de-sus-servicios-de-hemoterapia\/","url":"https:\/\/osepmendoza.com.ar\/web\/osep-impulsa-la-donacion-de-sangre-con-la-ampliacion-de-sus-servicios-de-hemoterapia\/","name":"OSEP impulsa la donaci\u00f3n de sangre con la ampliaci\u00f3n de sus Servicios de Hemoterapia - OSEP Mendoza","isPartOf":{"@id":"https:\/\/osepmendoza.com.ar\/web\/#website"},"primaryImageOfPage":{"@id":"https:\/\/osepmendoza.com.ar\/web\/osep-impulsa-la-donacion-de-sangre-con-la-ampliacion-de-sus-servicios-de-hemoterapia\/#primaryimage"},"image":{"@id":"https:\/\/osepmendoza.com.ar\/web\/osep-impulsa-la-donacion-de-sangre-con-la-ampliacion-de-sus-servicios-de-hemoterapia\/#primaryimage"},"thumbnailUrl":"https:\/\/osepmendoza.com.ar\/web\/wp-content\/uploads\/2025\/07\/SANGRE-1.jpeg","datePublished":"2025-07-04T18:47:28+00:00","dateModified":"2025-07-05T23:27:51+00:00","breadcrumb":{"@id":"https:\/\/osepmendoza.com.ar\/web\/osep-impulsa-la-donacion-de-sangre-con-la-ampliacion-de-sus-servicios-de-hemoterapia\/#breadcrumb"},"inLanguage":"es","potentialAction":[{"@type":"ReadAction","target":["https:\/\/osepmendoza.com.ar\/web\/osep-impulsa-la-donacion-de-sangre-con-la-ampliacion-de-sus-servicios-de-hemoterapia\/"]}]},{"@type":"ImageObject","inLanguage":"es","@id":"https:\/\/osepmendoza.com.ar\/web\/osep-impulsa-la-donacion-de-sangre-con-la-ampliacion-de-sus-servicios-de-hemoterapia\/#primaryimage","url":"https:\/\/osepmendoza.com.ar\/web\/wp-content\/uploads\/2025\/07\/SANGRE-1.jpeg","contentUrl":"https:\/\/osepmendoza.com.ar\/web\/wp-content\/uploads\/2025\/07\/SANGRE-1.jpeg","width":1200,"height":438},{"@type":"BreadcrumbList","@id":"https:\/\/osepmendoza.com.ar\/web\/osep-impulsa-la-donacion-de-sangre-con-la-ampliacion-de-sus-servicios-de-hemoterapia\/#breadcrumb","itemListElement":[{"@type":"ListItem","position":1,"name":"Portada","item":"https:\/\/osepmendoza.com.ar\/web\/"},{"@type":"ListItem","position":2,"name":"OSEP impulsa la donaci\u00f3n de sangre con la ampliaci\u00f3n de sus Servicios de Hemoterapia"}]},{"@type":"WebSite","@id":"https:\/\/osepmendoza.com.ar\/web\/#website","url":"https:\/\/osepmendoza.com.ar\/web\/","name":"OSEP Mendoza","description":"Obra Social de los Empleados P\u00fablicos de Mendoza","publisher":{"@id":"https:\/\/osepmendoza.com.ar\/web\/#organization"},"potentialAction":[{"@type":"SearchAction","target":{"@type":"EntryPoint","urlTemplate":"https:\/\/osepmendoza.com.ar\/web\/?s={search_term_string}"},"query-input":{"@type":"PropertyValueSpecification","valueRequired":true,"valueName":"search_term_string"}}],"inLanguage":"es"},{"@type":"Organization","@id":"https:\/\/osepmendoza.com.ar\/web\/#organization","name":"OSEP - Obra Social de Empleados P\u00fablicos de Mendoza","url":"https:\/\/osepmendoza.com.ar\/web\/","logo":{"@type":"ImageObject","inLanguage":"es","@id":"https:\/\/osepmendoza.com.ar\/web\/#\/schema\/logo\/image\/","url":"https:\/\/osepmendoza.com.ar\/web\/wp-content\/uploads\/2020\/04\/lkTM9T9z.jpg","contentUrl":"https:\/\/osepmendoza.com.ar\/web\/wp-content\/uploads\/2020\/04\/lkTM9T9z.jpg","width":334,"height":334,"caption":"OSEP - Obra Social de Empleados P\u00fablicos de Mendoza"},"image":{"@id":"https:\/\/osepmendoza.com.ar\/web\/#\/schema\/logo\/image\/"},"sameAs":["https:\/\/www.facebook.com\/OSEP.MendozaArg\/","https:\/\/x.com\/OsepMza","https:\/\/www.instagram.com\/osep.mendoza\/","https:\/\/www.youtube.com\/user\/osepvideos"]},{"@type":"Person","@id":"https:\/\/osepmendoza.com.ar\/web\/#\/schema\/person\/589af535ca62640386b991b5adb0b40a","name":"Ana Pereyra","image":{"@type":"ImageObject","inLanguage":"es","@id":"https:\/\/secure.gravatar.com\/avatar\/3529dfb99a65d0433c0142c465656bf9d7ecfc80049608f1e685d8aeab2efa92?s=96&d=mm&r=g","url":"https:\/\/secure.gravatar.com\/avatar\/3529dfb99a65d0433c0142c465656bf9d7ecfc80049608f1e685d8aeab2efa92?s=96&d=mm&r=g","contentUrl":"https:\/\/secure.gravatar.com\/avatar\/3529dfb99a65d0433c0142c465656bf9d7ecfc80049608f1e685d8aeab2efa92?s=96&d=mm&r=g","caption":"Ana Pereyra"},"sameAs":["http:\/\/osepmendoza.com.ar\/web"]}]}},"amp_enabled":true,"_links":{"self":[{"href":"https:\/\/osepmendoza.com.ar\/web\/wp-json\/wp\/v2\/posts\/58336","targetHints":{"allow":["GET"]}}],"collection":[{"href":"https:\/\/osepmendoza.com.ar\/web\/wp-json\/wp\/v2\/posts"}],"about":[{"href":"https:\/\/osepmendoza.com.ar\/web\/wp-json\/wp\/v2\/types\/post"}],"author":[{"embeddable":true,"href":"https:\/\/osepmendoza.com.ar\/web\/wp-json\/wp\/v2\/users\/11"}],"replies":[{"embeddable":true,"href":"https:\/\/osepmendoza.com.ar\/web\/wp-json\/wp\/v2\/comments?post=58336"}],"version-history":[{"count":5,"href":"https:\/\/osepmendoza.com.ar\/web\/wp-json\/wp\/v2\/posts\/58336\/revisions"}],"predecessor-version":[{"id":58346,"href":"https:\/\/osepmendoza.com.ar\/web\/wp-json\/wp\/v2\/posts\/58336\/revisions\/58346"}],"wp:featuredmedia":[{"embeddable":true,"href":"https:\/\/osepmendoza.com.ar\/web\/wp-json\/wp\/v2\/media\/58340"}],"wp:attachment":[{"href":"https:\/\/osepmendoza.com.ar\/web\/wp-json\/wp\/v2\/media?parent=58336"}],"wp:term":[{"taxonomy":"category","embeddable":true,"href":"https:\/\/osepmendoza.com.ar\/web\/wp-json\/wp\/v2\/categories?post=58336"},{"taxonomy":"post_tag","embeddable":true,"href":"https:\/\/osepmendoza.com.ar\/web\/wp-json\/wp\/v2\/tags?post=58336"}],"curies":[{"name":"wp","href":"https:\/\/api.w.org\/{rel}","templated":true}]}}