{"id":57853,"date":"2025-05-13T14:50:51","date_gmt":"2025-05-13T17:50:51","guid":{"rendered":"https:\/\/osepmendoza.com.ar\/web\/?p=57853"},"modified":"2025-05-13T14:50:51","modified_gmt":"2025-05-13T17:50:51","slug":"un-dia-dedicado-a-los-derechos-de-los-ninos","status":"publish","type":"post","link":"https:\/\/osepmendoza.com.ar\/web\/un-dia-dedicado-a-los-derechos-de-los-ninos\/","title":{"rendered":"Un d\u00eda dedicado a los derechos de los ni\u00f1os"},"content":{"rendered":"<p class=\"western\"><span style=\"font-family: Arial, sans-serif;\">El Hospital Fleming se visti\u00f3 de alegr\u00eda para conmemorar el &#8220;D\u00eda de los Derechos del Ni\u00f1o y la Ni\u00f1a Hospitalizado&#8221; en un evento lleno de color y aprendizaje. Los peque\u00f1os pacientes fueron los protagonistas de una jornada especial donde, adem\u00e1s de recibir obsequios, tuvieron la oportunidad de conocer sus derechos de una manera l\u00fadica y divertida.<\/span><\/p>\n<p class=\"western\"><span style=\"font-family: Arial, sans-serif;\">La celebraci\u00f3n cont\u00f3 con la participaci\u00f3n especial de los doctores Music\u00f3n y Alexander, los animadores de Emergencias de Sonrisas, quienes contagiaron a todos con su m\u00fasica y alegr\u00eda. A trav\u00e9s de canciones y juegos, los ni\u00f1os aprendieron sobre sus derechos fundamentales durante su estad\u00eda en el hospital.<\/span><\/p>\n<p class=\"western\"><span style=\"font-family: Arial, sans-serif;\">Es crucial recordar que los ni\u00f1os y ni\u00f1as internados poseen derechos espec\u00edficos destinados a proteger su bienestar tanto f\u00edsico como emocional mientras se encuentran hospitalizados. Estos derechos tienen su fundamento en la <\/span><strong><span style=\"font-family: Arial, sans-serif;\">Convenci\u00f3n sobre los Derechos del Ni\u00f1o<\/span><\/strong><span style=\"font-family: Arial, sans-serif;\"> y en la legislaci\u00f3n nacional vigente.<\/span><\/p>\n<p class=\"western\"><span style=\"font-family: Arial, sans-serif;\">Durante la jornada, se destacaron de manera sencilla y directa los <\/span><strong><span style=\"font-family: Arial, sans-serif;\">Derechos de los Ni\u00f1os y Ni\u00f1as Hospitalizados<\/span><\/strong><span style=\"font-family: Arial, sans-serif;\">:<\/span><\/p>\n<ul>\n<li style=\"list-style-type: none;\">\n<ul>\n<li><span style=\"font-family: Arial, sans-serif;\">Tengo derecho a <\/span><strong><span style=\"font-family: Arial, sans-serif;\">estar con mis pap\u00e1s<\/span><\/strong><span style=\"font-family: Arial, sans-serif;\"> o con la persona que yo elija.<\/span><\/li>\n<\/ul>\n<\/li>\n<\/ul>\n<ul>\n<li style=\"list-style-type: none;\">\n<ul>\n<li><span style=\"font-family: Arial, sans-serif;\">Tengo derecho a <\/span><strong><span style=\"font-family: Arial, sans-serif;\">que me llamen por el nombre que me gusta<\/span><\/strong><span style=\"font-family: Arial, sans-serif;\">.<\/span><\/li>\n<\/ul>\n<\/li>\n<\/ul>\n<ul>\n<li style=\"list-style-type: none;\">\n<ul>\n<li><span style=\"font-family: Arial, sans-serif;\">Tengo derecho a <\/span><strong><span style=\"font-family: Arial, sans-serif;\">que me traten con cari\u00f1o<\/span><\/strong><span style=\"font-family: Arial, sans-serif;\">.<\/span><\/li>\n<\/ul>\n<\/li>\n<\/ul>\n<ul>\n<li style=\"list-style-type: none;\">\n<ul>\n<li><span style=\"font-family: Arial, sans-serif;\">Tengo derecho a <\/span><strong><span style=\"font-family: Arial, sans-serif;\">estar c\u00f3modo y tranquilo<\/span><\/strong><span style=\"font-family: Arial, sans-serif;\">.<\/span><\/li>\n<\/ul>\n<\/li>\n<\/ul>\n<ul>\n<li style=\"list-style-type: none;\">\n<ul>\n<li><span style=\"font-family: Arial, sans-serif;\">Tengo derecho a <\/span><strong><span style=\"font-family: Arial, sans-serif;\">preguntar sobre lo que me pasa y entender lo que me hacen<\/span><\/strong><span style=\"font-family: Arial, sans-serif;\">.<\/span><\/li>\n<\/ul>\n<\/li>\n<\/ul>\n<ul>\n<li style=\"list-style-type: none;\">\n<ul>\n<li><span style=\"font-family: Arial, sans-serif;\">Tengo derecho a <\/span><strong><span style=\"font-family: Arial, sans-serif;\">estar con otros ni\u00f1os<\/span><\/strong><span style=\"font-family: Arial, sans-serif;\"> (si puedo).<\/span><\/li>\n<\/ul>\n<\/li>\n<\/ul>\n<ul>\n<li style=\"list-style-type: none;\">\n<ul>\n<li><span style=\"font-family: Arial, sans-serif;\">Tengo derecho a <\/span><strong><span style=\"font-family: Arial, sans-serif;\">jugar y seguir aprendiendo<\/span><\/strong><span style=\"font-family: Arial, sans-serif;\">.<\/span><\/li>\n<\/ul>\n<\/li>\n<\/ul>\n<ul>\n<li style=\"list-style-type: none;\">\n<ul>\n<li><span style=\"font-family: Arial, sans-serif;\">Tengo derecho a <\/span><strong><span style=\"font-family: Arial, sans-serif;\">que no me hagan doler, si no es necesario<\/span><\/strong><span style=\"font-family: Arial, sans-serif;\">.<\/span><\/li>\n<\/ul>\n<\/li>\n<\/ul>\n<ul>\n<li style=\"list-style-type: none;\">\n<ul>\n<li><span style=\"font-family: Arial, sans-serif;\">Tengo derecho a <\/span><strong><span style=\"font-family: Arial, sans-serif;\">que me vuelvan a explicar si no entiendo \u00a1otra vez!<\/span><\/strong><\/li>\n<\/ul>\n<\/li>\n<\/ul>\n<ul>\n<li style=\"list-style-type: none;\">\n<ul>\n<li><span style=\"font-family: Arial, sans-serif;\">Tengo derecho a <\/span><strong><span style=\"font-family: Arial, sans-serif;\">entender qu\u00e9 les pasa a otros ni\u00f1os que est\u00e1n cerca<\/span><\/strong><span style=\"font-family: Arial, sans-serif;\">.<\/span><\/li>\n<\/ul>\n<\/li>\n<\/ul>\n<p class=\"western\"><span style=\"font-family: Arial, sans-serif;\">La importancia de que tanto los ni\u00f1os como sus familias conozcan estos derech<\/span><span style=\"font-family: Arial, sans-serif;\">os durante la hospitalizaci\u00f3n fue un punto central del evento. Se enfatiz\u00f3 q<\/span><span style=\"font-family: Arial, sans-serif;\">ue, en caso de sentir que alguno de estos derechos no se respeta, es fundamental comunicarlo al equipo de salud.<\/span><\/p>\n<p class=\"western\"><span style=\"font-family: Arial, sans-serif;\">El acto, organizado por los Servicios de Pediatr\u00eda y Hematolog\u00eda del hospital, cont\u00f3 con la presencia de las directivas del Fleming, doctoras Mariana Michelan y Silvana Nadal; el director del Aula Hospitalaria de la Escuela Ricardo Guti\u00e9rrez, Nicol\u00e1s Quintana; y las Coordinadoras Provinciales de educaci\u00f3n domiciliaria y hospitalaria, nivel secundario, de la Escuela Ra\u00fal Escalabrini Ortiz, Lorena Cuccurullo y Nora <\/span><span style=\"font-family: Arial, sans-serif;\">Lucero, quienes compartieron este emotivo momento con los ni\u00f1os y sus familia<\/span><span style=\"font-family: Arial, sans-serif;\">s.<\/span><\/p>\n<p class=\"western\"><span style=\"font-family: Arial, sans-serif;\">La jornada en el Hospital Fleming fue una celebraci\u00f3n de los derechos de los ni\u00f1os, <\/span><span style=\"font-family: Arial, sans-serif;\">uniendo aprendizaje, alegr\u00eda y el compromiso de asegurar su bienestar integr<\/span><span style=\"font-family: Arial, sans-serif;\">al durante su proceso de recuperaci\u00f3n.<\/span><\/p>\n<div id='gallery-1' class='gallery galleryid-57853 gallery-columns-2 gallery-size-full'><figure class='gallery-item'>\n\t\t\t<div class='gallery-icon portrait'>\n\t\t\t\t<a href='https:\/\/osepmendoza.com.ar\/web\/un-dia-dedicado-a-los-derechos-de-los-ninos\/whatsapp-image-2025-05-13-at-13-21-54\/'><img loading=\"lazy\" decoding=\"async\" width=\"758\" height=\"1600\" src=\"https:\/\/osepmendoza.com.ar\/web\/wp-content\/uploads\/2025\/05\/WhatsApp-Image-2025-05-13-at-13.21.54.jpeg\" class=\"attachment-full size-full\" alt=\"\" srcset=\"https:\/\/osepmendoza.com.ar\/web\/wp-content\/uploads\/2025\/05\/WhatsApp-Image-2025-05-13-at-13.21.54.jpeg 758w, https:\/\/osepmendoza.com.ar\/web\/wp-content\/uploads\/2025\/05\/WhatsApp-Image-2025-05-13-at-13.21.54-71x150.jpeg 71w, https:\/\/osepmendoza.com.ar\/web\/wp-content\/uploads\/2025\/05\/WhatsApp-Image-2025-05-13-at-13.21.54-728x1536.jpeg 728w\" sizes=\"auto, (max-width: 758px) 100vw, 758px\" \/><\/a>\n\t\t\t<\/div><\/figure><figure class='gallery-item'>\n\t\t\t<div class='gallery-icon portrait'>\n\t\t\t\t<a href='https:\/\/osepmendoza.com.ar\/web\/un-dia-dedicado-a-los-derechos-de-los-ninos\/whatsapp-image-2025-05-13-at-13-04-28\/'><img loading=\"lazy\" decoding=\"async\" width=\"960\" height=\"1280\" src=\"https:\/\/osepmendoza.com.ar\/web\/wp-content\/uploads\/2025\/05\/WhatsApp-Image-2025-05-13-at-13.04.28.jpeg\" class=\"attachment-full size-full\" alt=\"\" srcset=\"https:\/\/osepmendoza.com.ar\/web\/wp-content\/uploads\/2025\/05\/WhatsApp-Image-2025-05-13-at-13.04.28.jpeg 960w, https:\/\/osepmendoza.com.ar\/web\/wp-content\/uploads\/2025\/05\/WhatsApp-Image-2025-05-13-at-13.04.28-113x150.jpeg 113w, https:\/\/osepmendoza.com.ar\/web\/wp-content\/uploads\/2025\/05\/WhatsApp-Image-2025-05-13-at-13.04.28-768x1024.jpeg 768w\" sizes=\"auto, (max-width: 960px) 100vw, 960px\" \/><\/a>\n\t\t\t<\/div><\/figure><figure class='gallery-item'>\n\t\t\t<div class='gallery-icon portrait'>\n\t\t\t\t<a href='https:\/\/osepmendoza.com.ar\/web\/un-dia-dedicado-a-los-derechos-de-los-ninos\/whatsapp-image-2025-05-13-at-13-04-28-1\/'><img loading=\"lazy\" decoding=\"async\" width=\"960\" height=\"1280\" src=\"https:\/\/osepmendoza.com.ar\/web\/wp-content\/uploads\/2025\/05\/WhatsApp-Image-2025-05-13-at-13.04.28-1.jpeg\" class=\"attachment-full size-full\" alt=\"\" srcset=\"https:\/\/osepmendoza.com.ar\/web\/wp-content\/uploads\/2025\/05\/WhatsApp-Image-2025-05-13-at-13.04.28-1.jpeg 960w, https:\/\/osepmendoza.com.ar\/web\/wp-content\/uploads\/2025\/05\/WhatsApp-Image-2025-05-13-at-13.04.28-1-113x150.jpeg 113w, https:\/\/osepmendoza.com.ar\/web\/wp-content\/uploads\/2025\/05\/WhatsApp-Image-2025-05-13-at-13.04.28-1-768x1024.jpeg 768w\" sizes=\"auto, (max-width: 960px) 100vw, 960px\" \/><\/a>\n\t\t\t<\/div><\/figure><figure class='gallery-item'>\n\t\t\t<div class='gallery-icon landscape'>\n\t\t\t\t<a href='https:\/\/osepmendoza.com.ar\/web\/un-dia-dedicado-a-los-derechos-de-los-ninos\/whatsapp-image-2025-05-13-at-13-04-29\/'><img loading=\"lazy\" decoding=\"async\" width=\"1280\" height=\"960\" src=\"https:\/\/osepmendoza.com.ar\/web\/wp-content\/uploads\/2025\/05\/WhatsApp-Image-2025-05-13-at-13.04.29.jpeg\" class=\"attachment-full size-full\" alt=\"\" srcset=\"https:\/\/osepmendoza.com.ar\/web\/wp-content\/uploads\/2025\/05\/WhatsApp-Image-2025-05-13-at-13.04.29.jpeg 1280w, https:\/\/osepmendoza.com.ar\/web\/wp-content\/uploads\/2025\/05\/WhatsApp-Image-2025-05-13-at-13.04.29-150x113.jpeg 150w, https:\/\/osepmendoza.com.ar\/web\/wp-content\/uploads\/2025\/05\/WhatsApp-Image-2025-05-13-at-13.04.29-768x576.jpeg 768w\" sizes=\"auto, (max-width: 1280px) 100vw, 1280px\" \/><\/a>\n\t\t\t<\/div><\/figure><figure class='gallery-item'>\n\t\t\t<div class='gallery-icon portrait'>\n\t\t\t\t<a href='https:\/\/osepmendoza.com.ar\/web\/un-dia-dedicado-a-los-derechos-de-los-ninos\/whatsapp-image-2025-05-13-at-13-04-27-1\/'><img loading=\"lazy\" decoding=\"async\" width=\"960\" height=\"1280\" src=\"https:\/\/osepmendoza.com.ar\/web\/wp-content\/uploads\/2025\/05\/WhatsApp-Image-2025-05-13-at-13.04.27-1.jpeg\" class=\"attachment-full size-full\" alt=\"\" srcset=\"https:\/\/osepmendoza.com.ar\/web\/wp-content\/uploads\/2025\/05\/WhatsApp-Image-2025-05-13-at-13.04.27-1.jpeg 960w, https:\/\/osepmendoza.com.ar\/web\/wp-content\/uploads\/2025\/05\/WhatsApp-Image-2025-05-13-at-13.04.27-1-113x150.jpeg 113w, https:\/\/osepmendoza.com.ar\/web\/wp-content\/uploads\/2025\/05\/WhatsApp-Image-2025-05-13-at-13.04.27-1-768x1024.jpeg 768w\" sizes=\"auto, (max-width: 960px) 100vw, 960px\" \/><\/a>\n\t\t\t<\/div><\/figure><figure class='gallery-item'>\n\t\t\t<div class='gallery-icon portrait'>\n\t\t\t\t<a href='https:\/\/osepmendoza.com.ar\/web\/un-dia-dedicado-a-los-derechos-de-los-ninos\/whatsapp-image-2025-05-13-at-13-04-29-1\/'><img loading=\"lazy\" decoding=\"async\" width=\"960\" height=\"1280\" src=\"https:\/\/osepmendoza.com.ar\/web\/wp-content\/uploads\/2025\/05\/WhatsApp-Image-2025-05-13-at-13.04.29-1.jpeg\" class=\"attachment-full size-full\" alt=\"\" srcset=\"https:\/\/osepmendoza.com.ar\/web\/wp-content\/uploads\/2025\/05\/WhatsApp-Image-2025-05-13-at-13.04.29-1.jpeg 960w, https:\/\/osepmendoza.com.ar\/web\/wp-content\/uploads\/2025\/05\/WhatsApp-Image-2025-05-13-at-13.04.29-1-113x150.jpeg 113w, https:\/\/osepmendoza.com.ar\/web\/wp-content\/uploads\/2025\/05\/WhatsApp-Image-2025-05-13-at-13.04.29-1-768x1024.jpeg 768w\" sizes=\"auto, (max-width: 960px) 100vw, 960px\" \/><\/a>\n\t\t\t<\/div><\/figure><figure class='gallery-item'>\n\t\t\t<div class='gallery-icon portrait'>\n\t\t\t\t<a href='https:\/\/osepmendoza.com.ar\/web\/un-dia-dedicado-a-los-derechos-de-los-ninos\/whatsapp-image-2025-05-13-at-13-04-30\/'><img loading=\"lazy\" decoding=\"async\" width=\"960\" height=\"1280\" src=\"https:\/\/osepmendoza.com.ar\/web\/wp-content\/uploads\/2025\/05\/WhatsApp-Image-2025-05-13-at-13.04.30.jpeg\" class=\"attachment-full size-full\" alt=\"\" srcset=\"https:\/\/osepmendoza.com.ar\/web\/wp-content\/uploads\/2025\/05\/WhatsApp-Image-2025-05-13-at-13.04.30.jpeg 960w, https:\/\/osepmendoza.com.ar\/web\/wp-content\/uploads\/2025\/05\/WhatsApp-Image-2025-05-13-at-13.04.30-113x150.jpeg 113w, https:\/\/osepmendoza.com.ar\/web\/wp-content\/uploads\/2025\/05\/WhatsApp-Image-2025-05-13-at-13.04.30-768x1024.jpeg 768w\" sizes=\"auto, (max-width: 960px) 100vw, 960px\" \/><\/a>\n\t\t\t<\/div><\/figure><figure class='gallery-item'>\n\t\t\t<div class='gallery-icon portrait'>\n\t\t\t\t<a href='https:\/\/osepmendoza.com.ar\/web\/un-dia-dedicado-a-los-derechos-de-los-ninos\/whatsapp-image-2025-05-13-at-13-04-31-1\/'><img loading=\"lazy\" decoding=\"async\" width=\"960\" height=\"1280\" src=\"https:\/\/osepmendoza.com.ar\/web\/wp-content\/uploads\/2025\/05\/WhatsApp-Image-2025-05-13-at-13.04.31-1.jpeg\" class=\"attachment-full size-full\" alt=\"\" srcset=\"https:\/\/osepmendoza.com.ar\/web\/wp-content\/uploads\/2025\/05\/WhatsApp-Image-2025-05-13-at-13.04.31-1.jpeg 960w, https:\/\/osepmendoza.com.ar\/web\/wp-content\/uploads\/2025\/05\/WhatsApp-Image-2025-05-13-at-13.04.31-1-113x150.jpeg 113w, https:\/\/osepmendoza.com.ar\/web\/wp-content\/uploads\/2025\/05\/WhatsApp-Image-2025-05-13-at-13.04.31-1-768x1024.jpeg 768w\" sizes=\"auto, (max-width: 960px) 100vw, 960px\" \/><\/a>\n\t\t\t<\/div><\/figure><figure class='gallery-item'>\n\t\t\t<div class='gallery-icon landscape'>\n\t\t\t\t<a href='https:\/\/osepmendoza.com.ar\/web\/un-dia-dedicado-a-los-derechos-de-los-ninos\/whatsapp-image-2025-05-13-at-13-04-31\/'><img loading=\"lazy\" decoding=\"async\" width=\"1280\" height=\"960\" src=\"https:\/\/osepmendoza.com.ar\/web\/wp-content\/uploads\/2025\/05\/WhatsApp-Image-2025-05-13-at-13.04.31.jpeg\" class=\"attachment-full size-full\" alt=\"\" srcset=\"https:\/\/osepmendoza.com.ar\/web\/wp-content\/uploads\/2025\/05\/WhatsApp-Image-2025-05-13-at-13.04.31.jpeg 1280w, https:\/\/osepmendoza.com.ar\/web\/wp-content\/uploads\/2025\/05\/WhatsApp-Image-2025-05-13-at-13.04.31-150x113.jpeg 150w, https:\/\/osepmendoza.com.ar\/web\/wp-content\/uploads\/2025\/05\/WhatsApp-Image-2025-05-13-at-13.04.31-768x576.jpeg 768w\" sizes=\"auto, (max-width: 1280px) 100vw, 1280px\" \/><\/a>\n\t\t\t<\/div><\/figure><figure class='gallery-item'>\n\t\t\t<div class='gallery-icon portrait'>\n\t\t\t\t<a href='https:\/\/osepmendoza.com.ar\/web\/un-dia-dedicado-a-los-derechos-de-los-ninos\/whatsapp-image-2025-05-13-at-13-10-49\/'><img loading=\"lazy\" decoding=\"async\" width=\"524\" height=\"1280\" src=\"https:\/\/osepmendoza.com.ar\/web\/wp-content\/uploads\/2025\/05\/WhatsApp-Image-2025-05-13-at-13.10.49.jpeg\" class=\"attachment-full size-full\" alt=\"\" srcset=\"https:\/\/osepmendoza.com.ar\/web\/wp-content\/uploads\/2025\/05\/WhatsApp-Image-2025-05-13-at-13.10.49.jpeg 524w, https:\/\/osepmendoza.com.ar\/web\/wp-content\/uploads\/2025\/05\/WhatsApp-Image-2025-05-13-at-13.10.49-61x150.jpeg 61w\" sizes=\"auto, (max-width: 524px) 100vw, 524px\" \/><\/a>\n\t\t\t<\/div><\/figure><figure class='gallery-item'>\n\t\t\t<div class='gallery-icon portrait'>\n\t\t\t\t<a href='https:\/\/osepmendoza.com.ar\/web\/un-dia-dedicado-a-los-derechos-de-los-ninos\/whatsapp-image-2025-05-13-at-13-10-50-1\/'><img loading=\"lazy\" decoding=\"async\" width=\"524\" height=\"1280\" src=\"https:\/\/osepmendoza.com.ar\/web\/wp-content\/uploads\/2025\/05\/WhatsApp-Image-2025-05-13-at-13.10.50-1.jpeg\" class=\"attachment-full size-full\" alt=\"\" srcset=\"https:\/\/osepmendoza.com.ar\/web\/wp-content\/uploads\/2025\/05\/WhatsApp-Image-2025-05-13-at-13.10.50-1.jpeg 524w, https:\/\/osepmendoza.com.ar\/web\/wp-content\/uploads\/2025\/05\/WhatsApp-Image-2025-05-13-at-13.10.50-1-61x150.jpeg 61w\" sizes=\"auto, (max-width: 524px) 100vw, 524px\" \/><\/a>\n\t\t\t<\/div><\/figure><figure class='gallery-item'>\n\t\t\t<div class='gallery-icon portrait'>\n\t\t\t\t<a href='https:\/\/osepmendoza.com.ar\/web\/un-dia-dedicado-a-los-derechos-de-los-ninos\/whatsapp-image-2025-05-13-at-13-10-50\/'><img loading=\"lazy\" decoding=\"async\" width=\"524\" height=\"1280\" src=\"https:\/\/osepmendoza.com.ar\/web\/wp-content\/uploads\/2025\/05\/WhatsApp-Image-2025-05-13-at-13.10.50.jpeg\" class=\"attachment-full size-full\" alt=\"\" srcset=\"https:\/\/osepmendoza.com.ar\/web\/wp-content\/uploads\/2025\/05\/WhatsApp-Image-2025-05-13-at-13.10.50.jpeg 524w, https:\/\/osepmendoza.com.ar\/web\/wp-content\/uploads\/2025\/05\/WhatsApp-Image-2025-05-13-at-13.10.50-61x150.jpeg 61w\" sizes=\"auto, (max-width: 524px) 100vw, 524px\" \/><\/a>\n\t\t\t<\/div><\/figure><figure class='gallery-item'>\n\t\t\t<div class='gallery-icon landscape'>\n\t\t\t\t<a href='https:\/\/osepmendoza.com.ar\/web\/un-dia-dedicado-a-los-derechos-de-los-ninos\/whatsapp-image-2025-05-13-at-13-10-51-2\/'><img loading=\"lazy\" decoding=\"async\" width=\"1280\" height=\"524\" src=\"https:\/\/osepmendoza.com.ar\/web\/wp-content\/uploads\/2025\/05\/WhatsApp-Image-2025-05-13-at-13.10.51-2.jpeg\" class=\"attachment-full size-full\" alt=\"\" srcset=\"https:\/\/osepmendoza.com.ar\/web\/wp-content\/uploads\/2025\/05\/WhatsApp-Image-2025-05-13-at-13.10.51-2.jpeg 1280w, https:\/\/osepmendoza.com.ar\/web\/wp-content\/uploads\/2025\/05\/WhatsApp-Image-2025-05-13-at-13.10.51-2-150x61.jpeg 150w, https:\/\/osepmendoza.com.ar\/web\/wp-content\/uploads\/2025\/05\/WhatsApp-Image-2025-05-13-at-13.10.51-2-768x314.jpeg 768w\" sizes=\"auto, (max-width: 1280px) 100vw, 1280px\" \/><\/a>\n\t\t\t<\/div><\/figure><figure class='gallery-item'>\n\t\t\t<div class='gallery-icon landscape'>\n\t\t\t\t<a href='https:\/\/osepmendoza.com.ar\/web\/un-dia-dedicado-a-los-derechos-de-los-ninos\/whatsapp-image-2025-05-13-at-13-10-52\/'><img loading=\"lazy\" decoding=\"async\" width=\"1280\" height=\"524\" src=\"https:\/\/osepmendoza.com.ar\/web\/wp-content\/uploads\/2025\/05\/WhatsApp-Image-2025-05-13-at-13.10.52.jpeg\" class=\"attachment-full size-full\" alt=\"\" srcset=\"https:\/\/osepmendoza.com.ar\/web\/wp-content\/uploads\/2025\/05\/WhatsApp-Image-2025-05-13-at-13.10.52.jpeg 1280w, https:\/\/osepmendoza.com.ar\/web\/wp-content\/uploads\/2025\/05\/WhatsApp-Image-2025-05-13-at-13.10.52-150x61.jpeg 150w, https:\/\/osepmendoza.com.ar\/web\/wp-content\/uploads\/2025\/05\/WhatsApp-Image-2025-05-13-at-13.10.52-768x314.jpeg 768w\" sizes=\"auto, (max-width: 1280px) 100vw, 1280px\" \/><\/a>\n\t\t\t<\/div><\/figure><figure class='gallery-item'>\n\t\t\t<div class='gallery-icon portrait'>\n\t\t\t\t<a href='https:\/\/osepmendoza.com.ar\/web\/un-dia-dedicado-a-los-derechos-de-los-ninos\/whatsapp-image-2025-05-13-at-13-10-53\/'><img loading=\"lazy\" decoding=\"async\" width=\"524\" height=\"1280\" src=\"https:\/\/osepmendoza.com.ar\/web\/wp-content\/uploads\/2025\/05\/WhatsApp-Image-2025-05-13-at-13.10.53.jpeg\" class=\"attachment-full size-full\" alt=\"\" srcset=\"https:\/\/osepmendoza.com.ar\/web\/wp-content\/uploads\/2025\/05\/WhatsApp-Image-2025-05-13-at-13.10.53.jpeg 524w, https:\/\/osepmendoza.com.ar\/web\/wp-content\/uploads\/2025\/05\/WhatsApp-Image-2025-05-13-at-13.10.53-61x150.jpeg 61w\" sizes=\"auto, (max-width: 524px) 100vw, 524px\" \/><\/a>\n\t\t\t<\/div><\/figure><figure class='gallery-item'>\n\t\t\t<div class='gallery-icon portrait'>\n\t\t\t\t<a href='https:\/\/osepmendoza.com.ar\/web\/un-dia-dedicado-a-los-derechos-de-los-ninos\/whatsapp-image-2025-05-13-at-13-10-54-1\/'><img loading=\"lazy\" decoding=\"async\" width=\"524\" height=\"1280\" src=\"https:\/\/osepmendoza.com.ar\/web\/wp-content\/uploads\/2025\/05\/WhatsApp-Image-2025-05-13-at-13.10.54-1.jpeg\" class=\"attachment-full size-full\" alt=\"\" srcset=\"https:\/\/osepmendoza.com.ar\/web\/wp-content\/uploads\/2025\/05\/WhatsApp-Image-2025-05-13-at-13.10.54-1.jpeg 524w, https:\/\/osepmendoza.com.ar\/web\/wp-content\/uploads\/2025\/05\/WhatsApp-Image-2025-05-13-at-13.10.54-1-61x150.jpeg 61w\" sizes=\"auto, (max-width: 524px) 100vw, 524px\" \/><\/a>\n\t\t\t<\/div><\/figure><figure class='gallery-item'>\n\t\t\t<div class='gallery-icon portrait'>\n\t\t\t\t<a href='https:\/\/osepmendoza.com.ar\/web\/un-dia-dedicado-a-los-derechos-de-los-ninos\/whatsapp-image-2025-05-13-at-13-10-55-2\/'><img loading=\"lazy\" decoding=\"async\" width=\"524\" height=\"1280\" src=\"https:\/\/osepmendoza.com.ar\/web\/wp-content\/uploads\/2025\/05\/WhatsApp-Image-2025-05-13-at-13.10.55-2.jpeg\" class=\"attachment-full size-full\" alt=\"\" srcset=\"https:\/\/osepmendoza.com.ar\/web\/wp-content\/uploads\/2025\/05\/WhatsApp-Image-2025-05-13-at-13.10.55-2.jpeg 524w, https:\/\/osepmendoza.com.ar\/web\/wp-content\/uploads\/2025\/05\/WhatsApp-Image-2025-05-13-at-13.10.55-2-61x150.jpeg 61w\" sizes=\"auto, (max-width: 524px) 100vw, 524px\" \/><\/a>\n\t\t\t<\/div><\/figure><figure class='gallery-item'>\n\t\t\t<div class='gallery-icon landscape'>\n\t\t\t\t<a href='https:\/\/osepmendoza.com.ar\/web\/un-dia-dedicado-a-los-derechos-de-los-ninos\/whatsapp-image-2025-05-13-at-13-10-55\/'><img loading=\"lazy\" decoding=\"async\" width=\"1280\" height=\"524\" src=\"https:\/\/osepmendoza.com.ar\/web\/wp-content\/uploads\/2025\/05\/WhatsApp-Image-2025-05-13-at-13.10.55.jpeg\" class=\"attachment-full size-full\" alt=\"\" srcset=\"https:\/\/osepmendoza.com.ar\/web\/wp-content\/uploads\/2025\/05\/WhatsApp-Image-2025-05-13-at-13.10.55.jpeg 1280w, https:\/\/osepmendoza.com.ar\/web\/wp-content\/uploads\/2025\/05\/WhatsApp-Image-2025-05-13-at-13.10.55-150x61.jpeg 150w, https:\/\/osepmendoza.com.ar\/web\/wp-content\/uploads\/2025\/05\/WhatsApp-Image-2025-05-13-at-13.10.55-768x314.jpeg 768w\" sizes=\"auto, (max-width: 1280px) 100vw, 1280px\" \/><\/a>\n\t\t\t<\/div><\/figure><figure class='gallery-item'>\n\t\t\t<div class='gallery-icon landscape'>\n\t\t\t\t<a href='https:\/\/osepmendoza.com.ar\/web\/un-dia-dedicado-a-los-derechos-de-los-ninos\/whatsapp-image-2025-05-13-at-13-10-58\/'><img loading=\"lazy\" decoding=\"async\" width=\"1280\" height=\"524\" src=\"https:\/\/osepmendoza.com.ar\/web\/wp-content\/uploads\/2025\/05\/WhatsApp-Image-2025-05-13-at-13.10.58.jpeg\" class=\"attachment-full size-full\" alt=\"\" srcset=\"https:\/\/osepmendoza.com.ar\/web\/wp-content\/uploads\/2025\/05\/WhatsApp-Image-2025-05-13-at-13.10.58.jpeg 1280w, https:\/\/osepmendoza.com.ar\/web\/wp-content\/uploads\/2025\/05\/WhatsApp-Image-2025-05-13-at-13.10.58-150x61.jpeg 150w, https:\/\/osepmendoza.com.ar\/web\/wp-content\/uploads\/2025\/05\/WhatsApp-Image-2025-05-13-at-13.10.58-768x314.jpeg 768w\" sizes=\"auto, (max-width: 1280px) 100vw, 1280px\" \/><\/a>\n\t\t\t<\/div><\/figure><figure class='gallery-item'>\n\t\t\t<div class='gallery-icon landscape'>\n\t\t\t\t<a href='https:\/\/osepmendoza.com.ar\/web\/un-dia-dedicado-a-los-derechos-de-los-ninos\/whatsapp-image-2025-05-13-at-13-11-01-1\/'><img loading=\"lazy\" decoding=\"async\" width=\"1280\" height=\"524\" src=\"https:\/\/osepmendoza.com.ar\/web\/wp-content\/uploads\/2025\/05\/WhatsApp-Image-2025-05-13-at-13.11.01-1.jpeg\" class=\"attachment-full size-full\" alt=\"\" srcset=\"https:\/\/osepmendoza.com.ar\/web\/wp-content\/uploads\/2025\/05\/WhatsApp-Image-2025-05-13-at-13.11.01-1.jpeg 1280w, https:\/\/osepmendoza.com.ar\/web\/wp-content\/uploads\/2025\/05\/WhatsApp-Image-2025-05-13-at-13.11.01-1-150x61.jpeg 150w, https:\/\/osepmendoza.com.ar\/web\/wp-content\/uploads\/2025\/05\/WhatsApp-Image-2025-05-13-at-13.11.01-1-768x314.jpeg 768w\" sizes=\"auto, (max-width: 1280px) 100vw, 1280px\" \/><\/a>\n\t\t\t<\/div><\/figure>\n\t\t<\/div>\n\n","protected":false},"excerpt":{"rendered":"<p>El Hospital Fleming se visti\u00f3 de alegr\u00eda para conmemorar el&#8230;<\/p>\n","protected":false},"author":11,"featured_media":57881,"comment_status":"closed","ping_status":"open","sticky":false,"template":"","format":"standard","meta":{"_acf_changed":false,"inline_featured_image":false,"_exactmetrics_skip_tracking":false,"_exactmetrics_sitenote_active":false,"_exactmetrics_sitenote_note":"","_exactmetrics_sitenote_category":0,"footnotes":"","_links_to":"","_links_to_target":""},"categories":[1541],"tags":[491,259,256,1037,257],"class_list":["post-57853","post","type-post","status-publish","format-standard","has-post-thumbnail","hentry","category-osep","tag-derechos","tag-fleming","tag-hospital-fleming","tag-ninas","tag-ninos"],"acf":[],"yoast_head":"<!-- This site is optimized with the Yoast SEO plugin v27.4 - https:\/\/yoast.com\/product\/yoast-seo-wordpress\/ -->\n<title>Un d\u00eda dedicado a los derechos de los ni\u00f1os - OSEP Mendoza<\/title>\n<meta name=\"robots\" content=\"index, follow, max-snippet:-1, max-image-preview:large, max-video-preview:-1\" \/>\n<link rel=\"canonical\" href=\"https:\/\/osepmendoza.com.ar\/web\/un-dia-dedicado-a-los-derechos-de-los-ninos\/\" \/>\n<meta property=\"og:locale\" content=\"es_ES\" \/>\n<meta property=\"og:type\" content=\"article\" \/>\n<meta property=\"og:title\" content=\"Un d\u00eda dedicado a los derechos de los ni\u00f1os - OSEP Mendoza\" \/>\n<meta property=\"og:description\" content=\"El Hospital Fleming se visti\u00f3 de alegr\u00eda para conmemorar el...\" \/>\n<meta property=\"og:url\" content=\"https:\/\/osepmendoza.com.ar\/web\/un-dia-dedicado-a-los-derechos-de-los-ninos\/\" \/>\n<meta property=\"og:site_name\" content=\"OSEP Mendoza\" \/>\n<meta property=\"article:publisher\" content=\"https:\/\/www.facebook.com\/OSEP.MendozaArg\/\" \/>\n<meta property=\"article:published_time\" content=\"2025-05-13T17:50:51+00:00\" \/>\n<meta property=\"og:image\" content=\"https:\/\/osepmendoza.com.ar\/web\/wp-content\/uploads\/2025\/05\/WhatsApp-Image-2025-05-13-at-14.06.05.jpeg\" \/>\n\t<meta property=\"og:image:width\" content=\"1200\" \/>\n\t<meta property=\"og:image:height\" content=\"438\" \/>\n\t<meta property=\"og:image:type\" content=\"image\/jpeg\" \/>\n<meta name=\"author\" content=\"Ana Pereyra\" \/>\n<meta name=\"twitter:card\" content=\"summary_large_image\" \/>\n<meta name=\"twitter:creator\" content=\"@OsepMza\" \/>\n<meta name=\"twitter:site\" content=\"@OsepMza\" \/>\n<meta name=\"twitter:label1\" content=\"Escrito por\" \/>\n\t<meta name=\"twitter:data1\" content=\"Ana Pereyra\" \/>\n\t<meta name=\"twitter:label2\" content=\"Tiempo de lectura\" \/>\n\t<meta name=\"twitter:data2\" content=\"3 minutos\" \/>\n<script type=\"application\/ld+json\" class=\"yoast-schema-graph\">{\"@context\":\"https:\\\/\\\/schema.org\",\"@graph\":[{\"@type\":\"Article\",\"@id\":\"https:\\\/\\\/osepmendoza.com.ar\\\/web\\\/un-dia-dedicado-a-los-derechos-de-los-ninos\\\/#article\",\"isPartOf\":{\"@id\":\"https:\\\/\\\/osepmendoza.com.ar\\\/web\\\/un-dia-dedicado-a-los-derechos-de-los-ninos\\\/\"},\"author\":{\"name\":\"Ana Pereyra\",\"@id\":\"https:\\\/\\\/osepmendoza.com.ar\\\/web\\\/#\\\/schema\\\/person\\\/589af535ca62640386b991b5adb0b40a\"},\"headline\":\"Un d\u00eda dedicado a los derechos de los ni\u00f1os\",\"datePublished\":\"2025-05-13T17:50:51+00:00\",\"mainEntityOfPage\":{\"@id\":\"https:\\\/\\\/osepmendoza.com.ar\\\/web\\\/un-dia-dedicado-a-los-derechos-de-los-ninos\\\/\"},\"wordCount\":485,\"publisher\":{\"@id\":\"https:\\\/\\\/osepmendoza.com.ar\\\/web\\\/#organization\"},\"image\":{\"@id\":\"https:\\\/\\\/osepmendoza.com.ar\\\/web\\\/un-dia-dedicado-a-los-derechos-de-los-ninos\\\/#primaryimage\"},\"thumbnailUrl\":\"https:\\\/\\\/osepmendoza.com.ar\\\/web\\\/wp-content\\\/uploads\\\/2025\\\/05\\\/WhatsApp-Image-2025-05-13-at-14.06.05.jpeg\",\"keywords\":[\"Derechos\",\"fleming\",\"hospital fleming\",\"ni\u00f1as\",\"ni\u00f1os\"],\"articleSection\":[\"OSEP\"],\"inLanguage\":\"es\"},{\"@type\":\"WebPage\",\"@id\":\"https:\\\/\\\/osepmendoza.com.ar\\\/web\\\/un-dia-dedicado-a-los-derechos-de-los-ninos\\\/\",\"url\":\"https:\\\/\\\/osepmendoza.com.ar\\\/web\\\/un-dia-dedicado-a-los-derechos-de-los-ninos\\\/\",\"name\":\"Un d\u00eda dedicado a los derechos de los ni\u00f1os - OSEP Mendoza\",\"isPartOf\":{\"@id\":\"https:\\\/\\\/osepmendoza.com.ar\\\/web\\\/#website\"},\"primaryImageOfPage\":{\"@id\":\"https:\\\/\\\/osepmendoza.com.ar\\\/web\\\/un-dia-dedicado-a-los-derechos-de-los-ninos\\\/#primaryimage\"},\"image\":{\"@id\":\"https:\\\/\\\/osepmendoza.com.ar\\\/web\\\/un-dia-dedicado-a-los-derechos-de-los-ninos\\\/#primaryimage\"},\"thumbnailUrl\":\"https:\\\/\\\/osepmendoza.com.ar\\\/web\\\/wp-content\\\/uploads\\\/2025\\\/05\\\/WhatsApp-Image-2025-05-13-at-14.06.05.jpeg\",\"datePublished\":\"2025-05-13T17:50:51+00:00\",\"breadcrumb\":{\"@id\":\"https:\\\/\\\/osepmendoza.com.ar\\\/web\\\/un-dia-dedicado-a-los-derechos-de-los-ninos\\\/#breadcrumb\"},\"inLanguage\":\"es\",\"potentialAction\":[{\"@type\":\"ReadAction\",\"target\":[\"https:\\\/\\\/osepmendoza.com.ar\\\/web\\\/un-dia-dedicado-a-los-derechos-de-los-ninos\\\/\"]}]},{\"@type\":\"ImageObject\",\"inLanguage\":\"es\",\"@id\":\"https:\\\/\\\/osepmendoza.com.ar\\\/web\\\/un-dia-dedicado-a-los-derechos-de-los-ninos\\\/#primaryimage\",\"url\":\"https:\\\/\\\/osepmendoza.com.ar\\\/web\\\/wp-content\\\/uploads\\\/2025\\\/05\\\/WhatsApp-Image-2025-05-13-at-14.06.05.jpeg\",\"contentUrl\":\"https:\\\/\\\/osepmendoza.com.ar\\\/web\\\/wp-content\\\/uploads\\\/2025\\\/05\\\/WhatsApp-Image-2025-05-13-at-14.06.05.jpeg\",\"width\":1200,\"height\":438},{\"@type\":\"BreadcrumbList\",\"@id\":\"https:\\\/\\\/osepmendoza.com.ar\\\/web\\\/un-dia-dedicado-a-los-derechos-de-los-ninos\\\/#breadcrumb\",\"itemListElement\":[{\"@type\":\"ListItem\",\"position\":1,\"name\":\"Portada\",\"item\":\"https:\\\/\\\/osepmendoza.com.ar\\\/web\\\/\"},{\"@type\":\"ListItem\",\"position\":2,\"name\":\"Un d\u00eda dedicado a los derechos de los ni\u00f1os\"}]},{\"@type\":\"WebSite\",\"@id\":\"https:\\\/\\\/osepmendoza.com.ar\\\/web\\\/#website\",\"url\":\"https:\\\/\\\/osepmendoza.com.ar\\\/web\\\/\",\"name\":\"OSEP Mendoza\",\"description\":\"Obra Social de los Empleados P\u00fablicos de Mendoza\",\"publisher\":{\"@id\":\"https:\\\/\\\/osepmendoza.com.ar\\\/web\\\/#organization\"},\"potentialAction\":[{\"@type\":\"SearchAction\",\"target\":{\"@type\":\"EntryPoint\",\"urlTemplate\":\"https:\\\/\\\/osepmendoza.com.ar\\\/web\\\/?s={search_term_string}\"},\"query-input\":{\"@type\":\"PropertyValueSpecification\",\"valueRequired\":true,\"valueName\":\"search_term_string\"}}],\"inLanguage\":\"es\"},{\"@type\":\"Organization\",\"@id\":\"https:\\\/\\\/osepmendoza.com.ar\\\/web\\\/#organization\",\"name\":\"OSEP - Obra Social de Empleados P\u00fablicos de Mendoza\",\"url\":\"https:\\\/\\\/osepmendoza.com.ar\\\/web\\\/\",\"logo\":{\"@type\":\"ImageObject\",\"inLanguage\":\"es\",\"@id\":\"https:\\\/\\\/osepmendoza.com.ar\\\/web\\\/#\\\/schema\\\/logo\\\/image\\\/\",\"url\":\"https:\\\/\\\/osepmendoza.com.ar\\\/web\\\/wp-content\\\/uploads\\\/2020\\\/04\\\/lkTM9T9z.jpg\",\"contentUrl\":\"https:\\\/\\\/osepmendoza.com.ar\\\/web\\\/wp-content\\\/uploads\\\/2020\\\/04\\\/lkTM9T9z.jpg\",\"width\":334,\"height\":334,\"caption\":\"OSEP - Obra Social de Empleados P\u00fablicos de Mendoza\"},\"image\":{\"@id\":\"https:\\\/\\\/osepmendoza.com.ar\\\/web\\\/#\\\/schema\\\/logo\\\/image\\\/\"},\"sameAs\":[\"https:\\\/\\\/www.facebook.com\\\/OSEP.MendozaArg\\\/\",\"https:\\\/\\\/x.com\\\/OsepMza\",\"https:\\\/\\\/www.instagram.com\\\/osep.mendoza\\\/\",\"https:\\\/\\\/www.youtube.com\\\/user\\\/osepvideos\"]},{\"@type\":\"Person\",\"@id\":\"https:\\\/\\\/osepmendoza.com.ar\\\/web\\\/#\\\/schema\\\/person\\\/589af535ca62640386b991b5adb0b40a\",\"name\":\"Ana Pereyra\",\"image\":{\"@type\":\"ImageObject\",\"inLanguage\":\"es\",\"@id\":\"https:\\\/\\\/secure.gravatar.com\\\/avatar\\\/3529dfb99a65d0433c0142c465656bf9d7ecfc80049608f1e685d8aeab2efa92?s=96&d=mm&r=g\",\"url\":\"https:\\\/\\\/secure.gravatar.com\\\/avatar\\\/3529dfb99a65d0433c0142c465656bf9d7ecfc80049608f1e685d8aeab2efa92?s=96&d=mm&r=g\",\"contentUrl\":\"https:\\\/\\\/secure.gravatar.com\\\/avatar\\\/3529dfb99a65d0433c0142c465656bf9d7ecfc80049608f1e685d8aeab2efa92?s=96&d=mm&r=g\",\"caption\":\"Ana Pereyra\"},\"sameAs\":[\"http:\\\/\\\/osepmendoza.com.ar\\\/web\"]}]}<\/script>\n<!-- \/ Yoast SEO plugin. -->","yoast_head_json":{"title":"Un d\u00eda dedicado a los derechos de los ni\u00f1os - OSEP Mendoza","robots":{"index":"index","follow":"follow","max-snippet":"max-snippet:-1","max-image-preview":"max-image-preview:large","max-video-preview":"max-video-preview:-1"},"canonical":"https:\/\/osepmendoza.com.ar\/web\/un-dia-dedicado-a-los-derechos-de-los-ninos\/","og_locale":"es_ES","og_type":"article","og_title":"Un d\u00eda dedicado a los derechos de los ni\u00f1os - OSEP Mendoza","og_description":"El Hospital Fleming se visti\u00f3 de alegr\u00eda para conmemorar el...","og_url":"https:\/\/osepmendoza.com.ar\/web\/un-dia-dedicado-a-los-derechos-de-los-ninos\/","og_site_name":"OSEP Mendoza","article_publisher":"https:\/\/www.facebook.com\/OSEP.MendozaArg\/","article_published_time":"2025-05-13T17:50:51+00:00","og_image":[{"width":1200,"height":438,"url":"https:\/\/osepmendoza.com.ar\/web\/wp-content\/uploads\/2025\/05\/WhatsApp-Image-2025-05-13-at-14.06.05.jpeg","type":"image\/jpeg"}],"author":"Ana Pereyra","twitter_card":"summary_large_image","twitter_creator":"@OsepMza","twitter_site":"@OsepMza","twitter_misc":{"Escrito por":"Ana Pereyra","Tiempo de lectura":"3 minutos"},"schema":{"@context":"https:\/\/schema.org","@graph":[{"@type":"Article","@id":"https:\/\/osepmendoza.com.ar\/web\/un-dia-dedicado-a-los-derechos-de-los-ninos\/#article","isPartOf":{"@id":"https:\/\/osepmendoza.com.ar\/web\/un-dia-dedicado-a-los-derechos-de-los-ninos\/"},"author":{"name":"Ana Pereyra","@id":"https:\/\/osepmendoza.com.ar\/web\/#\/schema\/person\/589af535ca62640386b991b5adb0b40a"},"headline":"Un d\u00eda dedicado a los derechos de los ni\u00f1os","datePublished":"2025-05-13T17:50:51+00:00","mainEntityOfPage":{"@id":"https:\/\/osepmendoza.com.ar\/web\/un-dia-dedicado-a-los-derechos-de-los-ninos\/"},"wordCount":485,"publisher":{"@id":"https:\/\/osepmendoza.com.ar\/web\/#organization"},"image":{"@id":"https:\/\/osepmendoza.com.ar\/web\/un-dia-dedicado-a-los-derechos-de-los-ninos\/#primaryimage"},"thumbnailUrl":"https:\/\/osepmendoza.com.ar\/web\/wp-content\/uploads\/2025\/05\/WhatsApp-Image-2025-05-13-at-14.06.05.jpeg","keywords":["Derechos","fleming","hospital fleming","ni\u00f1as","ni\u00f1os"],"articleSection":["OSEP"],"inLanguage":"es"},{"@type":"WebPage","@id":"https:\/\/osepmendoza.com.ar\/web\/un-dia-dedicado-a-los-derechos-de-los-ninos\/","url":"https:\/\/osepmendoza.com.ar\/web\/un-dia-dedicado-a-los-derechos-de-los-ninos\/","name":"Un d\u00eda dedicado a los derechos de los ni\u00f1os - OSEP Mendoza","isPartOf":{"@id":"https:\/\/osepmendoza.com.ar\/web\/#website"},"primaryImageOfPage":{"@id":"https:\/\/osepmendoza.com.ar\/web\/un-dia-dedicado-a-los-derechos-de-los-ninos\/#primaryimage"},"image":{"@id":"https:\/\/osepmendoza.com.ar\/web\/un-dia-dedicado-a-los-derechos-de-los-ninos\/#primaryimage"},"thumbnailUrl":"https:\/\/osepmendoza.com.ar\/web\/wp-content\/uploads\/2025\/05\/WhatsApp-Image-2025-05-13-at-14.06.05.jpeg","datePublished":"2025-05-13T17:50:51+00:00","breadcrumb":{"@id":"https:\/\/osepmendoza.com.ar\/web\/un-dia-dedicado-a-los-derechos-de-los-ninos\/#breadcrumb"},"inLanguage":"es","potentialAction":[{"@type":"ReadAction","target":["https:\/\/osepmendoza.com.ar\/web\/un-dia-dedicado-a-los-derechos-de-los-ninos\/"]}]},{"@type":"ImageObject","inLanguage":"es","@id":"https:\/\/osepmendoza.com.ar\/web\/un-dia-dedicado-a-los-derechos-de-los-ninos\/#primaryimage","url":"https:\/\/osepmendoza.com.ar\/web\/wp-content\/uploads\/2025\/05\/WhatsApp-Image-2025-05-13-at-14.06.05.jpeg","contentUrl":"https:\/\/osepmendoza.com.ar\/web\/wp-content\/uploads\/2025\/05\/WhatsApp-Image-2025-05-13-at-14.06.05.jpeg","width":1200,"height":438},{"@type":"BreadcrumbList","@id":"https:\/\/osepmendoza.com.ar\/web\/un-dia-dedicado-a-los-derechos-de-los-ninos\/#breadcrumb","itemListElement":[{"@type":"ListItem","position":1,"name":"Portada","item":"https:\/\/osepmendoza.com.ar\/web\/"},{"@type":"ListItem","position":2,"name":"Un d\u00eda dedicado a los derechos de los ni\u00f1os"}]},{"@type":"WebSite","@id":"https:\/\/osepmendoza.com.ar\/web\/#website","url":"https:\/\/osepmendoza.com.ar\/web\/","name":"OSEP Mendoza","description":"Obra Social de los Empleados P\u00fablicos de Mendoza","publisher":{"@id":"https:\/\/osepmendoza.com.ar\/web\/#organization"},"potentialAction":[{"@type":"SearchAction","target":{"@type":"EntryPoint","urlTemplate":"https:\/\/osepmendoza.com.ar\/web\/?s={search_term_string}"},"query-input":{"@type":"PropertyValueSpecification","valueRequired":true,"valueName":"search_term_string"}}],"inLanguage":"es"},{"@type":"Organization","@id":"https:\/\/osepmendoza.com.ar\/web\/#organization","name":"OSEP - Obra Social de Empleados P\u00fablicos de Mendoza","url":"https:\/\/osepmendoza.com.ar\/web\/","logo":{"@type":"ImageObject","inLanguage":"es","@id":"https:\/\/osepmendoza.com.ar\/web\/#\/schema\/logo\/image\/","url":"https:\/\/osepmendoza.com.ar\/web\/wp-content\/uploads\/2020\/04\/lkTM9T9z.jpg","contentUrl":"https:\/\/osepmendoza.com.ar\/web\/wp-content\/uploads\/2020\/04\/lkTM9T9z.jpg","width":334,"height":334,"caption":"OSEP - Obra Social de Empleados P\u00fablicos de Mendoza"},"image":{"@id":"https:\/\/osepmendoza.com.ar\/web\/#\/schema\/logo\/image\/"},"sameAs":["https:\/\/www.facebook.com\/OSEP.MendozaArg\/","https:\/\/x.com\/OsepMza","https:\/\/www.instagram.com\/osep.mendoza\/","https:\/\/www.youtube.com\/user\/osepvideos"]},{"@type":"Person","@id":"https:\/\/osepmendoza.com.ar\/web\/#\/schema\/person\/589af535ca62640386b991b5adb0b40a","name":"Ana Pereyra","image":{"@type":"ImageObject","inLanguage":"es","@id":"https:\/\/secure.gravatar.com\/avatar\/3529dfb99a65d0433c0142c465656bf9d7ecfc80049608f1e685d8aeab2efa92?s=96&d=mm&r=g","url":"https:\/\/secure.gravatar.com\/avatar\/3529dfb99a65d0433c0142c465656bf9d7ecfc80049608f1e685d8aeab2efa92?s=96&d=mm&r=g","contentUrl":"https:\/\/secure.gravatar.com\/avatar\/3529dfb99a65d0433c0142c465656bf9d7ecfc80049608f1e685d8aeab2efa92?s=96&d=mm&r=g","caption":"Ana Pereyra"},"sameAs":["http:\/\/osepmendoza.com.ar\/web"]}]}},"amp_enabled":true,"_links":{"self":[{"href":"https:\/\/osepmendoza.com.ar\/web\/wp-json\/wp\/v2\/posts\/57853","targetHints":{"allow":["GET"]}}],"collection":[{"href":"https:\/\/osepmendoza.com.ar\/web\/wp-json\/wp\/v2\/posts"}],"about":[{"href":"https:\/\/osepmendoza.com.ar\/web\/wp-json\/wp\/v2\/types\/post"}],"author":[{"embeddable":true,"href":"https:\/\/osepmendoza.com.ar\/web\/wp-json\/wp\/v2\/users\/11"}],"replies":[{"embeddable":true,"href":"https:\/\/osepmendoza.com.ar\/web\/wp-json\/wp\/v2\/comments?post=57853"}],"version-history":[{"count":2,"href":"https:\/\/osepmendoza.com.ar\/web\/wp-json\/wp\/v2\/posts\/57853\/revisions"}],"predecessor-version":[{"id":57883,"href":"https:\/\/osepmendoza.com.ar\/web\/wp-json\/wp\/v2\/posts\/57853\/revisions\/57883"}],"wp:featuredmedia":[{"embeddable":true,"href":"https:\/\/osepmendoza.com.ar\/web\/wp-json\/wp\/v2\/media\/57881"}],"wp:attachment":[{"href":"https:\/\/osepmendoza.com.ar\/web\/wp-json\/wp\/v2\/media?parent=57853"}],"wp:term":[{"taxonomy":"category","embeddable":true,"href":"https:\/\/osepmendoza.com.ar\/web\/wp-json\/wp\/v2\/categories?post=57853"},{"taxonomy":"post_tag","embeddable":true,"href":"https:\/\/osepmendoza.com.ar\/web\/wp-json\/wp\/v2\/tags?post=57853"}],"curies":[{"name":"wp","href":"https:\/\/api.w.org\/{rel}","templated":true}]}}