{"id":57634,"date":"2025-04-10T16:15:01","date_gmt":"2025-04-10T19:15:01","guid":{"rendered":"https:\/\/osepmendoza.com.ar\/web\/?p=57634"},"modified":"2025-04-10T16:15:01","modified_gmt":"2025-04-10T19:15:01","slug":"osep-la-paz-incorporo-nuevos-equipos-de-kinesiologia","status":"publish","type":"post","link":"https:\/\/osepmendoza.com.ar\/web\/osep-la-paz-incorporo-nuevos-equipos-de-kinesiologia\/","title":{"rendered":"OSEP La Paz incorpor\u00f3 nuevos equipos de Kinesiolog\u00eda"},"content":{"rendered":"<p align=\"justify\"><strong>El Servicio de Kinesiolog\u00eda de OSEP La Paz ha incorporado aparatolog\u00eda de \u00faltima generaci\u00f3n para mejorar la atenci\u00f3n de sus pacientes. Entre los nuevos equipos se destacan un ultrasonido, un electroestimulador, una l\u00e1mpara kin\u00e9sica, un equipo de magnetoterapia y aparatos de gimnasio.<\/strong><\/p>\n<p align=\"justify\">Actualmente, el servicio funciona a pleno en la Sede Territorial de La Paz, situada en la esquina de Galigniana y Buenos Aires. Con esta incorporaci\u00f3n, los afiliados pueden acceder a distintas prestaciones, tanto con la licenciada Melisa Peri, quien atiende de lunes a jueves por la ma\u00f1ana; como con el licenciado Adolfo Ahumada, quien lo hace de lunes a viernes por la tarde.<\/p>\n<p align=\"justify\">Uno de los dispositivos adquiridos es un equipo de Ultrasonido Dual, que cuenta con doble frecuencia, con cabezales de 1 MHz y de 3 MHz, 25 programas, control autom\u00e1tico de temperatura y emisi\u00f3n continua o pulsada.<\/p>\n<p align=\"justify\">El electroestimulador permite realizar electroterapia con ondas rusas, cuadradas, combinadas y TENS. Adem\u00e1s, incluye ocho electrodos, uno facial y cuatro canales con programas predeterminados y opci\u00f3n de selecci\u00f3n manual.<\/p>\n<p align=\"justify\">Por su parte, la l\u00e1mpara kin\u00e9sica posee un bulbo infrarrojo de 200 y 500 W, mientras que el equipo de magnetoterapia incluye magneto, dos electrodos, un t\u00fanel, alta intensidad de hasta 200 Gauss por canal y 50 programas autom\u00e1ticos.<\/p>\n<p align=\"justify\">Con esta inversi\u00f3n, el Servicio de Kinesiolog\u00eda de OSEP ampl\u00eda su capacidad de atenci\u00f3n y variedad de tratamientos, beneficiando tanto a los afiliados del departamento de La Paz como a los de localidades vecinas, consolidando su presencia en un punto estrat\u00e9gico de la zona Este.<\/p>\n<p align=\"justify\">Los turnos pueden solicitarse de forma presencial o llamando al 0810 810 8537.<\/p>\n<div id='gallery-1' class='gallery galleryid-57634 gallery-columns-2 gallery-size-full'><figure class='gallery-item'>\n\t\t\t<div class='gallery-icon portrait'>\n\t\t\t\t<a href='https:\/\/osepmendoza.com.ar\/web\/osep-la-paz-incorporo-nuevos-equipos-de-kinesiologia\/lp1-2\/'><img loading=\"lazy\" decoding=\"async\" width=\"720\" height=\"1280\" src=\"https:\/\/osepmendoza.com.ar\/web\/wp-content\/uploads\/2025\/04\/LP1.jpg\" class=\"attachment-full size-full\" alt=\"\" srcset=\"https:\/\/osepmendoza.com.ar\/web\/wp-content\/uploads\/2025\/04\/LP1.jpg 720w, https:\/\/osepmendoza.com.ar\/web\/wp-content\/uploads\/2025\/04\/LP1-84x150.jpg 84w\" sizes=\"auto, (max-width: 720px) 100vw, 720px\" \/><\/a>\n\t\t\t<\/div><\/figure><figure class='gallery-item'>\n\t\t\t<div class='gallery-icon portrait'>\n\t\t\t\t<a href='https:\/\/osepmendoza.com.ar\/web\/osep-la-paz-incorporo-nuevos-equipos-de-kinesiologia\/lp2-2\/'><img loading=\"lazy\" decoding=\"async\" width=\"720\" height=\"1280\" src=\"https:\/\/osepmendoza.com.ar\/web\/wp-content\/uploads\/2025\/04\/LP2.jpg\" class=\"attachment-full size-full\" alt=\"\" srcset=\"https:\/\/osepmendoza.com.ar\/web\/wp-content\/uploads\/2025\/04\/LP2.jpg 720w, https:\/\/osepmendoza.com.ar\/web\/wp-content\/uploads\/2025\/04\/LP2-84x150.jpg 84w\" sizes=\"auto, (max-width: 720px) 100vw, 720px\" \/><\/a>\n\t\t\t<\/div><\/figure><figure class='gallery-item'>\n\t\t\t<div class='gallery-icon portrait'>\n\t\t\t\t<a href='https:\/\/osepmendoza.com.ar\/web\/osep-la-paz-incorporo-nuevos-equipos-de-kinesiologia\/lp3-2\/'><img loading=\"lazy\" decoding=\"async\" width=\"720\" height=\"1280\" src=\"https:\/\/osepmendoza.com.ar\/web\/wp-content\/uploads\/2025\/04\/LP3.jpg\" class=\"attachment-full size-full\" alt=\"\" srcset=\"https:\/\/osepmendoza.com.ar\/web\/wp-content\/uploads\/2025\/04\/LP3.jpg 720w, https:\/\/osepmendoza.com.ar\/web\/wp-content\/uploads\/2025\/04\/LP3-84x150.jpg 84w\" sizes=\"auto, (max-width: 720px) 100vw, 720px\" \/><\/a>\n\t\t\t<\/div><\/figure><figure class='gallery-item'>\n\t\t\t<div class='gallery-icon portrait'>\n\t\t\t\t<a href='https:\/\/osepmendoza.com.ar\/web\/osep-la-paz-incorporo-nuevos-equipos-de-kinesiologia\/lp4-2\/'><img loading=\"lazy\" decoding=\"async\" width=\"720\" height=\"1280\" src=\"https:\/\/osepmendoza.com.ar\/web\/wp-content\/uploads\/2025\/04\/LP4.jpg\" class=\"attachment-full size-full\" alt=\"\" srcset=\"https:\/\/osepmendoza.com.ar\/web\/wp-content\/uploads\/2025\/04\/LP4.jpg 720w, https:\/\/osepmendoza.com.ar\/web\/wp-content\/uploads\/2025\/04\/LP4-84x150.jpg 84w\" sizes=\"auto, (max-width: 720px) 100vw, 720px\" \/><\/a>\n\t\t\t<\/div><\/figure><figure class='gallery-item'>\n\t\t\t<div class='gallery-icon portrait'>\n\t\t\t\t<a href='https:\/\/osepmendoza.com.ar\/web\/osep-la-paz-incorporo-nuevos-equipos-de-kinesiologia\/lp5-2\/'><img loading=\"lazy\" decoding=\"async\" width=\"720\" height=\"1280\" src=\"https:\/\/osepmendoza.com.ar\/web\/wp-content\/uploads\/2025\/04\/LP5.jpg\" class=\"attachment-full size-full\" alt=\"\" srcset=\"https:\/\/osepmendoza.com.ar\/web\/wp-content\/uploads\/2025\/04\/LP5.jpg 720w, https:\/\/osepmendoza.com.ar\/web\/wp-content\/uploads\/2025\/04\/LP5-84x150.jpg 84w\" sizes=\"auto, (max-width: 720px) 100vw, 720px\" \/><\/a>\n\t\t\t<\/div><\/figure><figure class='gallery-item'>\n\t\t\t<div class='gallery-icon portrait'>\n\t\t\t\t<a href='https:\/\/osepmendoza.com.ar\/web\/osep-la-paz-incorporo-nuevos-equipos-de-kinesiologia\/lp7\/'><img loading=\"lazy\" decoding=\"async\" width=\"900\" height=\"1600\" src=\"https:\/\/osepmendoza.com.ar\/web\/wp-content\/uploads\/2025\/04\/LP7.jpg\" class=\"attachment-full size-full\" alt=\"\" srcset=\"https:\/\/osepmendoza.com.ar\/web\/wp-content\/uploads\/2025\/04\/LP7.jpg 900w, https:\/\/osepmendoza.com.ar\/web\/wp-content\/uploads\/2025\/04\/LP7-84x150.jpg 84w, https:\/\/osepmendoza.com.ar\/web\/wp-content\/uploads\/2025\/04\/LP7-768x1365.jpg 768w, https:\/\/osepmendoza.com.ar\/web\/wp-content\/uploads\/2025\/04\/LP7-864x1536.jpg 864w\" sizes=\"auto, (max-width: 900px) 100vw, 900px\" \/><\/a>\n\t\t\t<\/div><\/figure><figure class='gallery-item'>\n\t\t\t<div class='gallery-icon portrait'>\n\t\t\t\t<a href='https:\/\/osepmendoza.com.ar\/web\/osep-la-paz-incorporo-nuevos-equipos-de-kinesiologia\/lp8\/'><img loading=\"lazy\" decoding=\"async\" width=\"900\" height=\"1600\" src=\"https:\/\/osepmendoza.com.ar\/web\/wp-content\/uploads\/2025\/04\/LP8.jpg\" class=\"attachment-full size-full\" alt=\"\" srcset=\"https:\/\/osepmendoza.com.ar\/web\/wp-content\/uploads\/2025\/04\/LP8.jpg 900w, https:\/\/osepmendoza.com.ar\/web\/wp-content\/uploads\/2025\/04\/LP8-84x150.jpg 84w, https:\/\/osepmendoza.com.ar\/web\/wp-content\/uploads\/2025\/04\/LP8-768x1365.jpg 768w, https:\/\/osepmendoza.com.ar\/web\/wp-content\/uploads\/2025\/04\/LP8-864x1536.jpg 864w\" sizes=\"auto, (max-width: 900px) 100vw, 900px\" \/><\/a>\n\t\t\t<\/div><\/figure><figure class='gallery-item'>\n\t\t\t<div class='gallery-icon portrait'>\n\t\t\t\t<a href='https:\/\/osepmendoza.com.ar\/web\/osep-la-paz-incorporo-nuevos-equipos-de-kinesiologia\/lpb\/'><img loading=\"lazy\" decoding=\"async\" width=\"900\" height=\"1600\" src=\"https:\/\/osepmendoza.com.ar\/web\/wp-content\/uploads\/2025\/04\/LPb.jpg\" class=\"attachment-full size-full\" alt=\"\" srcset=\"https:\/\/osepmendoza.com.ar\/web\/wp-content\/uploads\/2025\/04\/LPb.jpg 900w, https:\/\/osepmendoza.com.ar\/web\/wp-content\/uploads\/2025\/04\/LPb-84x150.jpg 84w, https:\/\/osepmendoza.com.ar\/web\/wp-content\/uploads\/2025\/04\/LPb-768x1365.jpg 768w, https:\/\/osepmendoza.com.ar\/web\/wp-content\/uploads\/2025\/04\/LPb-864x1536.jpg 864w\" sizes=\"auto, (max-width: 900px) 100vw, 900px\" \/><\/a>\n\t\t\t<\/div><\/figure><figure class='gallery-item'>\n\t\t\t<div class='gallery-icon landscape'>\n\t\t\t\t<a href='https:\/\/osepmendoza.com.ar\/web\/osep-la-paz-incorporo-nuevos-equipos-de-kinesiologia\/lp6-2\/'><img loading=\"lazy\" decoding=\"async\" width=\"1600\" height=\"900\" src=\"https:\/\/osepmendoza.com.ar\/web\/wp-content\/uploads\/2025\/04\/LP6.jpg\" class=\"attachment-full size-full\" alt=\"\" srcset=\"https:\/\/osepmendoza.com.ar\/web\/wp-content\/uploads\/2025\/04\/LP6.jpg 1600w, https:\/\/osepmendoza.com.ar\/web\/wp-content\/uploads\/2025\/04\/LP6-150x84.jpg 150w, https:\/\/osepmendoza.com.ar\/web\/wp-content\/uploads\/2025\/04\/LP6-768x432.jpg 768w, https:\/\/osepmendoza.com.ar\/web\/wp-content\/uploads\/2025\/04\/LP6-1536x864.jpg 1536w, https:\/\/osepmendoza.com.ar\/web\/wp-content\/uploads\/2025\/04\/LP6-1200x675.jpg 1200w\" sizes=\"auto, (max-width: 1600px) 100vw, 1600px\" \/><\/a>\n\t\t\t<\/div><\/figure><figure class='gallery-item'>\n\t\t\t<div class='gallery-icon landscape'>\n\t\t\t\t<a href='https:\/\/osepmendoza.com.ar\/web\/osep-la-paz-incorporo-nuevos-equipos-de-kinesiologia\/lp9\/'><img loading=\"lazy\" decoding=\"async\" width=\"1600\" height=\"900\" src=\"https:\/\/osepmendoza.com.ar\/web\/wp-content\/uploads\/2025\/04\/LP9.jpg\" class=\"attachment-full size-full\" alt=\"\" srcset=\"https:\/\/osepmendoza.com.ar\/web\/wp-content\/uploads\/2025\/04\/LP9.jpg 1600w, https:\/\/osepmendoza.com.ar\/web\/wp-content\/uploads\/2025\/04\/LP9-150x84.jpg 150w, https:\/\/osepmendoza.com.ar\/web\/wp-content\/uploads\/2025\/04\/LP9-768x432.jpg 768w, https:\/\/osepmendoza.com.ar\/web\/wp-content\/uploads\/2025\/04\/LP9-1536x864.jpg 1536w, https:\/\/osepmendoza.com.ar\/web\/wp-content\/uploads\/2025\/04\/LP9-1200x675.jpg 1200w\" sizes=\"auto, (max-width: 1600px) 100vw, 1600px\" \/><\/a>\n\t\t\t<\/div><\/figure><figure class='gallery-item'>\n\t\t\t<div class='gallery-icon landscape'>\n\t\t\t\t<a href='https:\/\/osepmendoza.com.ar\/web\/osep-la-paz-incorporo-nuevos-equipos-de-kinesiologia\/lpa\/'><img loading=\"lazy\" decoding=\"async\" width=\"1600\" height=\"900\" src=\"https:\/\/osepmendoza.com.ar\/web\/wp-content\/uploads\/2025\/04\/LPa.jpg\" class=\"attachment-full size-full\" alt=\"\" srcset=\"https:\/\/osepmendoza.com.ar\/web\/wp-content\/uploads\/2025\/04\/LPa.jpg 1600w, https:\/\/osepmendoza.com.ar\/web\/wp-content\/uploads\/2025\/04\/LPa-150x84.jpg 150w, https:\/\/osepmendoza.com.ar\/web\/wp-content\/uploads\/2025\/04\/LPa-768x432.jpg 768w, https:\/\/osepmendoza.com.ar\/web\/wp-content\/uploads\/2025\/04\/LPa-1536x864.jpg 1536w, https:\/\/osepmendoza.com.ar\/web\/wp-content\/uploads\/2025\/04\/LPa-1200x675.jpg 1200w\" sizes=\"auto, (max-width: 1600px) 100vw, 1600px\" \/><\/a>\n\t\t\t<\/div><\/figure><figure class='gallery-item'>\n\t\t\t<div class='gallery-icon landscape'>\n\t\t\t\t<a href='https:\/\/osepmendoza.com.ar\/web\/osep-la-paz-incorporo-nuevos-equipos-de-kinesiologia\/lpc\/'><img loading=\"lazy\" decoding=\"async\" width=\"1600\" height=\"1226\" src=\"https:\/\/osepmendoza.com.ar\/web\/wp-content\/uploads\/2025\/04\/LPc.jpg\" class=\"attachment-full size-full\" alt=\"\" srcset=\"https:\/\/osepmendoza.com.ar\/web\/wp-content\/uploads\/2025\/04\/LPc.jpg 1600w, https:\/\/osepmendoza.com.ar\/web\/wp-content\/uploads\/2025\/04\/LPc-150x115.jpg 150w, https:\/\/osepmendoza.com.ar\/web\/wp-content\/uploads\/2025\/04\/LPc-768x588.jpg 768w, https:\/\/osepmendoza.com.ar\/web\/wp-content\/uploads\/2025\/04\/LPc-1536x1177.jpg 1536w\" sizes=\"auto, (max-width: 1600px) 100vw, 1600px\" \/><\/a>\n\t\t\t<\/div><\/figure>\n\t\t<\/div>\n\n<p align=\"justify\">\n","protected":false},"excerpt":{"rendered":"<p>El Servicio de Kinesiolog\u00eda de OSEP La Paz ha incorporado&#8230;<\/p>\n","protected":false},"author":12,"featured_media":57635,"comment_status":"closed","ping_status":"open","sticky":false,"template":"","format":"standard","meta":{"_acf_changed":false,"inline_featured_image":false,"_exactmetrics_skip_tracking":false,"_exactmetrics_sitenote_active":false,"_exactmetrics_sitenote_note":"","_exactmetrics_sitenote_category":0,"footnotes":"","_links_to":"","_links_to_target":""},"categories":[101],"tags":[406,583,252,235],"class_list":["post-57634","post","type-post","status-publish","format-standard","has-post-thumbnail","hentry","category-noticias","tag-aparatos","tag-kinesiologia","tag-la-paz","tag-servicios"],"acf":[],"yoast_head":"<!-- This site is optimized with the Yoast SEO plugin v27.5 - https:\/\/yoast.com\/product\/yoast-seo-wordpress\/ -->\n<title>OSEP La Paz incorpor\u00f3 nuevos equipos de Kinesiolog\u00eda - OSEP Mendoza<\/title>\n<meta name=\"robots\" content=\"index, follow, max-snippet:-1, max-image-preview:large, max-video-preview:-1\" \/>\n<link rel=\"canonical\" href=\"https:\/\/osepmendoza.com.ar\/web\/osep-la-paz-incorporo-nuevos-equipos-de-kinesiologia\/\" \/>\n<meta property=\"og:locale\" content=\"es_ES\" \/>\n<meta property=\"og:type\" content=\"article\" \/>\n<meta property=\"og:title\" content=\"OSEP La Paz incorpor\u00f3 nuevos equipos de Kinesiolog\u00eda - OSEP Mendoza\" \/>\n<meta property=\"og:description\" content=\"El Servicio de Kinesiolog\u00eda de OSEP La Paz ha incorporado...\" \/>\n<meta property=\"og:url\" content=\"https:\/\/osepmendoza.com.ar\/web\/osep-la-paz-incorporo-nuevos-equipos-de-kinesiologia\/\" \/>\n<meta property=\"og:site_name\" content=\"OSEP Mendoza\" \/>\n<meta property=\"article:publisher\" content=\"https:\/\/www.facebook.com\/OSEP.MendozaArg\/\" \/>\n<meta property=\"article:published_time\" content=\"2025-04-10T19:15:01+00:00\" \/>\n<meta property=\"og:image\" content=\"https:\/\/osepmendoza.com.ar\/web\/wp-content\/uploads\/2025\/04\/LP0.jpg\" \/>\n\t<meta property=\"og:image:width\" content=\"1200\" \/>\n\t<meta property=\"og:image:height\" content=\"438\" \/>\n\t<meta property=\"og:image:type\" content=\"image\/jpeg\" \/>\n<meta name=\"author\" content=\"Sebastian Fernandez\" \/>\n<meta name=\"twitter:card\" content=\"summary_large_image\" \/>\n<meta name=\"twitter:creator\" content=\"@OsepMza\" \/>\n<meta name=\"twitter:site\" content=\"@OsepMza\" \/>\n<meta name=\"twitter:label1\" content=\"Escrito por\" \/>\n\t<meta name=\"twitter:data1\" content=\"Sebastian Fernandez\" \/>\n\t<meta name=\"twitter:label2\" content=\"Tiempo de lectura\" \/>\n\t<meta name=\"twitter:data2\" content=\"2 minutos\" \/>\n<script type=\"application\/ld+json\" class=\"yoast-schema-graph\">{\"@context\":\"https:\\\/\\\/schema.org\",\"@graph\":[{\"@type\":\"Article\",\"@id\":\"https:\\\/\\\/osepmendoza.com.ar\\\/web\\\/osep-la-paz-incorporo-nuevos-equipos-de-kinesiologia\\\/#article\",\"isPartOf\":{\"@id\":\"https:\\\/\\\/osepmendoza.com.ar\\\/web\\\/osep-la-paz-incorporo-nuevos-equipos-de-kinesiologia\\\/\"},\"author\":{\"name\":\"Sebastian Fernandez\",\"@id\":\"https:\\\/\\\/osepmendoza.com.ar\\\/web\\\/#\\\/schema\\\/person\\\/90986df7128a51e32bb66102fc247eb2\"},\"headline\":\"OSEP La Paz incorpor\u00f3 nuevos equipos de Kinesiolog\u00eda\",\"datePublished\":\"2025-04-10T19:15:01+00:00\",\"mainEntityOfPage\":{\"@id\":\"https:\\\/\\\/osepmendoza.com.ar\\\/web\\\/osep-la-paz-incorporo-nuevos-equipos-de-kinesiologia\\\/\"},\"wordCount\":293,\"publisher\":{\"@id\":\"https:\\\/\\\/osepmendoza.com.ar\\\/web\\\/#organization\"},\"image\":{\"@id\":\"https:\\\/\\\/osepmendoza.com.ar\\\/web\\\/osep-la-paz-incorporo-nuevos-equipos-de-kinesiologia\\\/#primaryimage\"},\"thumbnailUrl\":\"https:\\\/\\\/osepmendoza.com.ar\\\/web\\\/wp-content\\\/uploads\\\/2025\\\/04\\\/LP0.jpg\",\"keywords\":[\"aparatos\",\"kinesiolog\u00eda\",\"la paz\",\"servicios\"],\"articleSection\":[\"Noticias\"],\"inLanguage\":\"es\"},{\"@type\":\"WebPage\",\"@id\":\"https:\\\/\\\/osepmendoza.com.ar\\\/web\\\/osep-la-paz-incorporo-nuevos-equipos-de-kinesiologia\\\/\",\"url\":\"https:\\\/\\\/osepmendoza.com.ar\\\/web\\\/osep-la-paz-incorporo-nuevos-equipos-de-kinesiologia\\\/\",\"name\":\"OSEP La Paz incorpor\u00f3 nuevos equipos de Kinesiolog\u00eda - OSEP Mendoza\",\"isPartOf\":{\"@id\":\"https:\\\/\\\/osepmendoza.com.ar\\\/web\\\/#website\"},\"primaryImageOfPage\":{\"@id\":\"https:\\\/\\\/osepmendoza.com.ar\\\/web\\\/osep-la-paz-incorporo-nuevos-equipos-de-kinesiologia\\\/#primaryimage\"},\"image\":{\"@id\":\"https:\\\/\\\/osepmendoza.com.ar\\\/web\\\/osep-la-paz-incorporo-nuevos-equipos-de-kinesiologia\\\/#primaryimage\"},\"thumbnailUrl\":\"https:\\\/\\\/osepmendoza.com.ar\\\/web\\\/wp-content\\\/uploads\\\/2025\\\/04\\\/LP0.jpg\",\"datePublished\":\"2025-04-10T19:15:01+00:00\",\"breadcrumb\":{\"@id\":\"https:\\\/\\\/osepmendoza.com.ar\\\/web\\\/osep-la-paz-incorporo-nuevos-equipos-de-kinesiologia\\\/#breadcrumb\"},\"inLanguage\":\"es\",\"potentialAction\":[{\"@type\":\"ReadAction\",\"target\":[\"https:\\\/\\\/osepmendoza.com.ar\\\/web\\\/osep-la-paz-incorporo-nuevos-equipos-de-kinesiologia\\\/\"]}]},{\"@type\":\"ImageObject\",\"inLanguage\":\"es\",\"@id\":\"https:\\\/\\\/osepmendoza.com.ar\\\/web\\\/osep-la-paz-incorporo-nuevos-equipos-de-kinesiologia\\\/#primaryimage\",\"url\":\"https:\\\/\\\/osepmendoza.com.ar\\\/web\\\/wp-content\\\/uploads\\\/2025\\\/04\\\/LP0.jpg\",\"contentUrl\":\"https:\\\/\\\/osepmendoza.com.ar\\\/web\\\/wp-content\\\/uploads\\\/2025\\\/04\\\/LP0.jpg\",\"width\":1200,\"height\":438},{\"@type\":\"BreadcrumbList\",\"@id\":\"https:\\\/\\\/osepmendoza.com.ar\\\/web\\\/osep-la-paz-incorporo-nuevos-equipos-de-kinesiologia\\\/#breadcrumb\",\"itemListElement\":[{\"@type\":\"ListItem\",\"position\":1,\"name\":\"Portada\",\"item\":\"https:\\\/\\\/osepmendoza.com.ar\\\/web\\\/\"},{\"@type\":\"ListItem\",\"position\":2,\"name\":\"OSEP La Paz incorpor\u00f3 nuevos equipos de Kinesiolog\u00eda\"}]},{\"@type\":\"WebSite\",\"@id\":\"https:\\\/\\\/osepmendoza.com.ar\\\/web\\\/#website\",\"url\":\"https:\\\/\\\/osepmendoza.com.ar\\\/web\\\/\",\"name\":\"OSEP Mendoza\",\"description\":\"Obra Social de los Empleados P\u00fablicos de Mendoza\",\"publisher\":{\"@id\":\"https:\\\/\\\/osepmendoza.com.ar\\\/web\\\/#organization\"},\"potentialAction\":[{\"@type\":\"SearchAction\",\"target\":{\"@type\":\"EntryPoint\",\"urlTemplate\":\"https:\\\/\\\/osepmendoza.com.ar\\\/web\\\/?s={search_term_string}\"},\"query-input\":{\"@type\":\"PropertyValueSpecification\",\"valueRequired\":true,\"valueName\":\"search_term_string\"}}],\"inLanguage\":\"es\"},{\"@type\":\"Organization\",\"@id\":\"https:\\\/\\\/osepmendoza.com.ar\\\/web\\\/#organization\",\"name\":\"OSEP - Obra Social de Empleados P\u00fablicos de Mendoza\",\"url\":\"https:\\\/\\\/osepmendoza.com.ar\\\/web\\\/\",\"logo\":{\"@type\":\"ImageObject\",\"inLanguage\":\"es\",\"@id\":\"https:\\\/\\\/osepmendoza.com.ar\\\/web\\\/#\\\/schema\\\/logo\\\/image\\\/\",\"url\":\"https:\\\/\\\/osepmendoza.com.ar\\\/web\\\/wp-content\\\/uploads\\\/2020\\\/04\\\/lkTM9T9z.jpg\",\"contentUrl\":\"https:\\\/\\\/osepmendoza.com.ar\\\/web\\\/wp-content\\\/uploads\\\/2020\\\/04\\\/lkTM9T9z.jpg\",\"width\":334,\"height\":334,\"caption\":\"OSEP - Obra Social de Empleados P\u00fablicos de Mendoza\"},\"image\":{\"@id\":\"https:\\\/\\\/osepmendoza.com.ar\\\/web\\\/#\\\/schema\\\/logo\\\/image\\\/\"},\"sameAs\":[\"https:\\\/\\\/www.facebook.com\\\/OSEP.MendozaArg\\\/\",\"https:\\\/\\\/x.com\\\/OsepMza\",\"https:\\\/\\\/www.instagram.com\\\/osep.mendoza\\\/\",\"https:\\\/\\\/www.youtube.com\\\/user\\\/osepvideos\"]},{\"@type\":\"Person\",\"@id\":\"https:\\\/\\\/osepmendoza.com.ar\\\/web\\\/#\\\/schema\\\/person\\\/90986df7128a51e32bb66102fc247eb2\",\"name\":\"Sebastian Fernandez\",\"image\":{\"@type\":\"ImageObject\",\"inLanguage\":\"es\",\"@id\":\"https:\\\/\\\/secure.gravatar.com\\\/avatar\\\/cc42d53caabe846896e06ed8955a60e82b2b829babcb731f86f26c42378bcfec?s=96&d=mm&r=g\",\"url\":\"https:\\\/\\\/secure.gravatar.com\\\/avatar\\\/cc42d53caabe846896e06ed8955a60e82b2b829babcb731f86f26c42378bcfec?s=96&d=mm&r=g\",\"contentUrl\":\"https:\\\/\\\/secure.gravatar.com\\\/avatar\\\/cc42d53caabe846896e06ed8955a60e82b2b829babcb731f86f26c42378bcfec?s=96&d=mm&r=g\",\"caption\":\"Sebastian Fernandez\"},\"sameAs\":[\"http:\\\/\\\/osepmendoza.com.ar\\\/web\"]}]}<\/script>\n<!-- \/ Yoast SEO plugin. -->","yoast_head_json":{"title":"OSEP La Paz incorpor\u00f3 nuevos equipos de Kinesiolog\u00eda - OSEP Mendoza","robots":{"index":"index","follow":"follow","max-snippet":"max-snippet:-1","max-image-preview":"max-image-preview:large","max-video-preview":"max-video-preview:-1"},"canonical":"https:\/\/osepmendoza.com.ar\/web\/osep-la-paz-incorporo-nuevos-equipos-de-kinesiologia\/","og_locale":"es_ES","og_type":"article","og_title":"OSEP La Paz incorpor\u00f3 nuevos equipos de Kinesiolog\u00eda - OSEP Mendoza","og_description":"El Servicio de Kinesiolog\u00eda de OSEP La Paz ha incorporado...","og_url":"https:\/\/osepmendoza.com.ar\/web\/osep-la-paz-incorporo-nuevos-equipos-de-kinesiologia\/","og_site_name":"OSEP Mendoza","article_publisher":"https:\/\/www.facebook.com\/OSEP.MendozaArg\/","article_published_time":"2025-04-10T19:15:01+00:00","og_image":[{"width":1200,"height":438,"url":"https:\/\/osepmendoza.com.ar\/web\/wp-content\/uploads\/2025\/04\/LP0.jpg","type":"image\/jpeg"}],"author":"Sebastian Fernandez","twitter_card":"summary_large_image","twitter_creator":"@OsepMza","twitter_site":"@OsepMza","twitter_misc":{"Escrito por":"Sebastian Fernandez","Tiempo de lectura":"2 minutos"},"schema":{"@context":"https:\/\/schema.org","@graph":[{"@type":"Article","@id":"https:\/\/osepmendoza.com.ar\/web\/osep-la-paz-incorporo-nuevos-equipos-de-kinesiologia\/#article","isPartOf":{"@id":"https:\/\/osepmendoza.com.ar\/web\/osep-la-paz-incorporo-nuevos-equipos-de-kinesiologia\/"},"author":{"name":"Sebastian Fernandez","@id":"https:\/\/osepmendoza.com.ar\/web\/#\/schema\/person\/90986df7128a51e32bb66102fc247eb2"},"headline":"OSEP La Paz incorpor\u00f3 nuevos equipos de Kinesiolog\u00eda","datePublished":"2025-04-10T19:15:01+00:00","mainEntityOfPage":{"@id":"https:\/\/osepmendoza.com.ar\/web\/osep-la-paz-incorporo-nuevos-equipos-de-kinesiologia\/"},"wordCount":293,"publisher":{"@id":"https:\/\/osepmendoza.com.ar\/web\/#organization"},"image":{"@id":"https:\/\/osepmendoza.com.ar\/web\/osep-la-paz-incorporo-nuevos-equipos-de-kinesiologia\/#primaryimage"},"thumbnailUrl":"https:\/\/osepmendoza.com.ar\/web\/wp-content\/uploads\/2025\/04\/LP0.jpg","keywords":["aparatos","kinesiolog\u00eda","la paz","servicios"],"articleSection":["Noticias"],"inLanguage":"es"},{"@type":"WebPage","@id":"https:\/\/osepmendoza.com.ar\/web\/osep-la-paz-incorporo-nuevos-equipos-de-kinesiologia\/","url":"https:\/\/osepmendoza.com.ar\/web\/osep-la-paz-incorporo-nuevos-equipos-de-kinesiologia\/","name":"OSEP La Paz incorpor\u00f3 nuevos equipos de Kinesiolog\u00eda - OSEP Mendoza","isPartOf":{"@id":"https:\/\/osepmendoza.com.ar\/web\/#website"},"primaryImageOfPage":{"@id":"https:\/\/osepmendoza.com.ar\/web\/osep-la-paz-incorporo-nuevos-equipos-de-kinesiologia\/#primaryimage"},"image":{"@id":"https:\/\/osepmendoza.com.ar\/web\/osep-la-paz-incorporo-nuevos-equipos-de-kinesiologia\/#primaryimage"},"thumbnailUrl":"https:\/\/osepmendoza.com.ar\/web\/wp-content\/uploads\/2025\/04\/LP0.jpg","datePublished":"2025-04-10T19:15:01+00:00","breadcrumb":{"@id":"https:\/\/osepmendoza.com.ar\/web\/osep-la-paz-incorporo-nuevos-equipos-de-kinesiologia\/#breadcrumb"},"inLanguage":"es","potentialAction":[{"@type":"ReadAction","target":["https:\/\/osepmendoza.com.ar\/web\/osep-la-paz-incorporo-nuevos-equipos-de-kinesiologia\/"]}]},{"@type":"ImageObject","inLanguage":"es","@id":"https:\/\/osepmendoza.com.ar\/web\/osep-la-paz-incorporo-nuevos-equipos-de-kinesiologia\/#primaryimage","url":"https:\/\/osepmendoza.com.ar\/web\/wp-content\/uploads\/2025\/04\/LP0.jpg","contentUrl":"https:\/\/osepmendoza.com.ar\/web\/wp-content\/uploads\/2025\/04\/LP0.jpg","width":1200,"height":438},{"@type":"BreadcrumbList","@id":"https:\/\/osepmendoza.com.ar\/web\/osep-la-paz-incorporo-nuevos-equipos-de-kinesiologia\/#breadcrumb","itemListElement":[{"@type":"ListItem","position":1,"name":"Portada","item":"https:\/\/osepmendoza.com.ar\/web\/"},{"@type":"ListItem","position":2,"name":"OSEP La Paz incorpor\u00f3 nuevos equipos de Kinesiolog\u00eda"}]},{"@type":"WebSite","@id":"https:\/\/osepmendoza.com.ar\/web\/#website","url":"https:\/\/osepmendoza.com.ar\/web\/","name":"OSEP Mendoza","description":"Obra Social de los Empleados P\u00fablicos de Mendoza","publisher":{"@id":"https:\/\/osepmendoza.com.ar\/web\/#organization"},"potentialAction":[{"@type":"SearchAction","target":{"@type":"EntryPoint","urlTemplate":"https:\/\/osepmendoza.com.ar\/web\/?s={search_term_string}"},"query-input":{"@type":"PropertyValueSpecification","valueRequired":true,"valueName":"search_term_string"}}],"inLanguage":"es"},{"@type":"Organization","@id":"https:\/\/osepmendoza.com.ar\/web\/#organization","name":"OSEP - Obra Social de Empleados P\u00fablicos de Mendoza","url":"https:\/\/osepmendoza.com.ar\/web\/","logo":{"@type":"ImageObject","inLanguage":"es","@id":"https:\/\/osepmendoza.com.ar\/web\/#\/schema\/logo\/image\/","url":"https:\/\/osepmendoza.com.ar\/web\/wp-content\/uploads\/2020\/04\/lkTM9T9z.jpg","contentUrl":"https:\/\/osepmendoza.com.ar\/web\/wp-content\/uploads\/2020\/04\/lkTM9T9z.jpg","width":334,"height":334,"caption":"OSEP - Obra Social de Empleados P\u00fablicos de Mendoza"},"image":{"@id":"https:\/\/osepmendoza.com.ar\/web\/#\/schema\/logo\/image\/"},"sameAs":["https:\/\/www.facebook.com\/OSEP.MendozaArg\/","https:\/\/x.com\/OsepMza","https:\/\/www.instagram.com\/osep.mendoza\/","https:\/\/www.youtube.com\/user\/osepvideos"]},{"@type":"Person","@id":"https:\/\/osepmendoza.com.ar\/web\/#\/schema\/person\/90986df7128a51e32bb66102fc247eb2","name":"Sebastian Fernandez","image":{"@type":"ImageObject","inLanguage":"es","@id":"https:\/\/secure.gravatar.com\/avatar\/cc42d53caabe846896e06ed8955a60e82b2b829babcb731f86f26c42378bcfec?s=96&d=mm&r=g","url":"https:\/\/secure.gravatar.com\/avatar\/cc42d53caabe846896e06ed8955a60e82b2b829babcb731f86f26c42378bcfec?s=96&d=mm&r=g","contentUrl":"https:\/\/secure.gravatar.com\/avatar\/cc42d53caabe846896e06ed8955a60e82b2b829babcb731f86f26c42378bcfec?s=96&d=mm&r=g","caption":"Sebastian Fernandez"},"sameAs":["http:\/\/osepmendoza.com.ar\/web"]}]}},"amp_enabled":true,"_links":{"self":[{"href":"https:\/\/osepmendoza.com.ar\/web\/wp-json\/wp\/v2\/posts\/57634","targetHints":{"allow":["GET"]}}],"collection":[{"href":"https:\/\/osepmendoza.com.ar\/web\/wp-json\/wp\/v2\/posts"}],"about":[{"href":"https:\/\/osepmendoza.com.ar\/web\/wp-json\/wp\/v2\/types\/post"}],"author":[{"embeddable":true,"href":"https:\/\/osepmendoza.com.ar\/web\/wp-json\/wp\/v2\/users\/12"}],"replies":[{"embeddable":true,"href":"https:\/\/osepmendoza.com.ar\/web\/wp-json\/wp\/v2\/comments?post=57634"}],"version-history":[{"count":2,"href":"https:\/\/osepmendoza.com.ar\/web\/wp-json\/wp\/v2\/posts\/57634\/revisions"}],"predecessor-version":[{"id":57649,"href":"https:\/\/osepmendoza.com.ar\/web\/wp-json\/wp\/v2\/posts\/57634\/revisions\/57649"}],"wp:featuredmedia":[{"embeddable":true,"href":"https:\/\/osepmendoza.com.ar\/web\/wp-json\/wp\/v2\/media\/57635"}],"wp:attachment":[{"href":"https:\/\/osepmendoza.com.ar\/web\/wp-json\/wp\/v2\/media?parent=57634"}],"wp:term":[{"taxonomy":"category","embeddable":true,"href":"https:\/\/osepmendoza.com.ar\/web\/wp-json\/wp\/v2\/categories?post=57634"},{"taxonomy":"post_tag","embeddable":true,"href":"https:\/\/osepmendoza.com.ar\/web\/wp-json\/wp\/v2\/tags?post=57634"}],"curies":[{"name":"wp","href":"https:\/\/api.w.org\/{rel}","templated":true}]}}