{"id":57517,"date":"2025-03-20T10:57:22","date_gmt":"2025-03-20T13:57:22","guid":{"rendered":"https:\/\/osepmendoza.com.ar\/web\/?p=57517"},"modified":"2025-03-20T10:57:22","modified_gmt":"2025-03-20T13:57:22","slug":"servicio-de-odontologia-preventiva-para-afiliados-de-osep","status":"publish","type":"post","link":"https:\/\/osepmendoza.com.ar\/web\/servicio-de-odontologia-preventiva-para-afiliados-de-osep\/","title":{"rendered":"Servicio de Odontolog\u00eda Preventiva para afiliados de OSEP"},"content":{"rendered":"<p><strong>El Centro Odontol\u00f3gico de la Obra Social cuenta con una atenci\u00f3n especial para promover la salud bucal y prevenir enfermedades. El objetivo es actuar antes de que se presente o agrave un problema, permitiendo reducir los costos de tratamientos as\u00ed como mejorar la calidad de vida y bienestar general.<\/strong><\/p>\n<p>Las enfermedades bucodentales afectan a gran parte de la poblaci\u00f3n, en las diferentes etapas de la vida, causando dolor, molestias, alteraciones est\u00e9ticas y funcionales. Seg\u00fan la OMS, la caries dental no tratada es la afecci\u00f3n mas frecuente a nivel mundial. En cuanto a patolog\u00eda de las enc\u00edas, se estima que aproximadamente el 60% de la poblaci\u00f3n padece de alguna de ellas.<\/p>\n<p>Estas enfermedades son el producto de diversos factores de riesgo, como el alto consumo de az\u00facar, tabaquismo e higiene deficiente y pueden prevenirse a trav\u00e9s de h\u00e1bitos y conductas saludables.<\/p>\n<p>A pesar de que la mayor\u00eda de las personas afirman lavarse los dientes y cuidar su salud dental, en muchos casos hay fallas por desconocimiento de la t\u00e9cnica o frecuencia del cepillado, as\u00ed como un alto consumo de azucares.<\/p>\n<p>El Gabinete Preventivo del Centro Odontol\u00f3gico OSEP busca promover la salud y evitar enfermedades, mediante la ense\u00f1anza individualizada de t\u00e9cnicas de higiene oral, asesoramiento diet\u00e9tico y la aplicaci\u00f3n de medidas preventivas espec\u00edficas.<\/p>\n<p>El Servicio est\u00e1 destinado a la poblaci\u00f3n en general, ni\u00f1os y adultos sanos o que ya hayan padecido estas enfermedades, especialmente a quienes van a comenzar tratamientos de ortodoncia o rehabilitaci\u00f3n, para lo cual es primordial mantener la salud de la boca.<\/p>\n<p>Los turnos para Odontolog\u00eda Preventiva se solicitan con ALMA, Asistente Virtual de OSEP, al WhatsApp 2612058800. En el men\u00fa principal se debe seleccionar la opci\u00f3n &gt;\u201cServicios M\u00e9dicos\u201d y luego las opciones &gt;\u201cM\u00e1s Servicios\u201d &gt;\u201cOdontolog\u00eda\u201d &gt;\u201cOdontolog\u00eda preventiva\u201d.<\/p>\n","protected":false},"excerpt":{"rendered":"<p>El Centro Odontol\u00f3gico de la Obra Social cuenta con una&#8230;<\/p>\n","protected":false},"author":6,"featured_media":57522,"comment_status":"closed","ping_status":"open","sticky":false,"template":"","format":"standard","meta":{"_acf_changed":false,"inline_featured_image":false,"_exactmetrics_skip_tracking":false,"_exactmetrics_sitenote_active":false,"_exactmetrics_sitenote_note":"","_exactmetrics_sitenote_category":0,"footnotes":"","_links_to":"","_links_to_target":""},"categories":[1286],"tags":[554,2247,265,353,110,112,2050,2246,104],"class_list":["post-57517","post","type-post","status-publish","format-standard","has-post-thumbnail","hentry","category-nota","tag-bucal","tag-caries","tag-centro-odontologico","tag-enfermedad","tag-odontologia","tag-osep","tag-periodontal","tag-preventiva","tag-salud"],"acf":[],"yoast_head":"<!-- This site is optimized with the Yoast SEO plugin v27.4 - https:\/\/yoast.com\/product\/yoast-seo-wordpress\/ -->\n<title>Servicio de Odontolog\u00eda Preventiva para afiliados de OSEP - OSEP Mendoza<\/title>\n<meta name=\"robots\" content=\"index, follow, max-snippet:-1, max-image-preview:large, max-video-preview:-1\" \/>\n<link rel=\"canonical\" href=\"https:\/\/osepmendoza.com.ar\/web\/servicio-de-odontologia-preventiva-para-afiliados-de-osep\/\" \/>\n<meta property=\"og:locale\" content=\"es_ES\" \/>\n<meta property=\"og:type\" content=\"article\" \/>\n<meta property=\"og:title\" content=\"Servicio de Odontolog\u00eda Preventiva para afiliados de OSEP - OSEP Mendoza\" \/>\n<meta property=\"og:description\" content=\"El Centro Odontol\u00f3gico de la Obra Social cuenta con una...\" \/>\n<meta property=\"og:url\" content=\"https:\/\/osepmendoza.com.ar\/web\/servicio-de-odontologia-preventiva-para-afiliados-de-osep\/\" \/>\n<meta property=\"og:site_name\" content=\"OSEP Mendoza\" \/>\n<meta property=\"article:publisher\" content=\"https:\/\/www.facebook.com\/OSEP.MendozaArg\/\" \/>\n<meta property=\"article:published_time\" content=\"2025-03-20T13:57:22+00:00\" \/>\n<meta property=\"og:image\" content=\"https:\/\/osepmendoza.com.ar\/web\/wp-content\/uploads\/2020\/04\/WhatsApp-Image-2025-03-20-at-10.52.18-AM.jpeg\" \/>\n\t<meta property=\"og:image:width\" content=\"1200\" \/>\n\t<meta property=\"og:image:height\" content=\"438\" \/>\n\t<meta property=\"og:image:type\" content=\"image\/jpeg\" \/>\n<meta name=\"author\" content=\"Emiliano Sandobal\" \/>\n<meta name=\"twitter:card\" content=\"summary_large_image\" \/>\n<meta name=\"twitter:creator\" content=\"@OsepMza\" \/>\n<meta name=\"twitter:site\" content=\"@OsepMza\" \/>\n<meta name=\"twitter:label1\" content=\"Escrito por\" \/>\n\t<meta name=\"twitter:data1\" content=\"Emiliano Sandobal\" \/>\n\t<meta name=\"twitter:label2\" content=\"Tiempo de lectura\" \/>\n\t<meta name=\"twitter:data2\" content=\"2 minutos\" \/>\n<script type=\"application\/ld+json\" class=\"yoast-schema-graph\">{\"@context\":\"https:\\\/\\\/schema.org\",\"@graph\":[{\"@type\":\"Article\",\"@id\":\"https:\\\/\\\/osepmendoza.com.ar\\\/web\\\/servicio-de-odontologia-preventiva-para-afiliados-de-osep\\\/#article\",\"isPartOf\":{\"@id\":\"https:\\\/\\\/osepmendoza.com.ar\\\/web\\\/servicio-de-odontologia-preventiva-para-afiliados-de-osep\\\/\"},\"author\":{\"name\":\"Emiliano Sandobal\",\"@id\":\"https:\\\/\\\/osepmendoza.com.ar\\\/web\\\/#\\\/schema\\\/person\\\/4e7a5e0118245838f9f783a763779211\"},\"headline\":\"Servicio de Odontolog\u00eda Preventiva para afiliados de OSEP\",\"datePublished\":\"2025-03-20T13:57:22+00:00\",\"mainEntityOfPage\":{\"@id\":\"https:\\\/\\\/osepmendoza.com.ar\\\/web\\\/servicio-de-odontologia-preventiva-para-afiliados-de-osep\\\/\"},\"wordCount\":329,\"publisher\":{\"@id\":\"https:\\\/\\\/osepmendoza.com.ar\\\/web\\\/#organization\"},\"image\":{\"@id\":\"https:\\\/\\\/osepmendoza.com.ar\\\/web\\\/servicio-de-odontologia-preventiva-para-afiliados-de-osep\\\/#primaryimage\"},\"thumbnailUrl\":\"https:\\\/\\\/osepmendoza.com.ar\\\/web\\\/wp-content\\\/uploads\\\/2020\\\/04\\\/WhatsApp-Image-2025-03-20-at-10.52.18-AM.jpeg\",\"keywords\":[\"bucal\",\"caries\",\"Centro Odontol\u00f3gico\",\"enfermedad\",\"odontologia\",\"osep\",\"periodontal\",\"preventiva\",\"salud\"],\"articleSection\":[\"Nota\"],\"inLanguage\":\"es\"},{\"@type\":\"WebPage\",\"@id\":\"https:\\\/\\\/osepmendoza.com.ar\\\/web\\\/servicio-de-odontologia-preventiva-para-afiliados-de-osep\\\/\",\"url\":\"https:\\\/\\\/osepmendoza.com.ar\\\/web\\\/servicio-de-odontologia-preventiva-para-afiliados-de-osep\\\/\",\"name\":\"Servicio de Odontolog\u00eda Preventiva para afiliados de OSEP - OSEP Mendoza\",\"isPartOf\":{\"@id\":\"https:\\\/\\\/osepmendoza.com.ar\\\/web\\\/#website\"},\"primaryImageOfPage\":{\"@id\":\"https:\\\/\\\/osepmendoza.com.ar\\\/web\\\/servicio-de-odontologia-preventiva-para-afiliados-de-osep\\\/#primaryimage\"},\"image\":{\"@id\":\"https:\\\/\\\/osepmendoza.com.ar\\\/web\\\/servicio-de-odontologia-preventiva-para-afiliados-de-osep\\\/#primaryimage\"},\"thumbnailUrl\":\"https:\\\/\\\/osepmendoza.com.ar\\\/web\\\/wp-content\\\/uploads\\\/2020\\\/04\\\/WhatsApp-Image-2025-03-20-at-10.52.18-AM.jpeg\",\"datePublished\":\"2025-03-20T13:57:22+00:00\",\"breadcrumb\":{\"@id\":\"https:\\\/\\\/osepmendoza.com.ar\\\/web\\\/servicio-de-odontologia-preventiva-para-afiliados-de-osep\\\/#breadcrumb\"},\"inLanguage\":\"es\",\"potentialAction\":[{\"@type\":\"ReadAction\",\"target\":[\"https:\\\/\\\/osepmendoza.com.ar\\\/web\\\/servicio-de-odontologia-preventiva-para-afiliados-de-osep\\\/\"]}]},{\"@type\":\"ImageObject\",\"inLanguage\":\"es\",\"@id\":\"https:\\\/\\\/osepmendoza.com.ar\\\/web\\\/servicio-de-odontologia-preventiva-para-afiliados-de-osep\\\/#primaryimage\",\"url\":\"https:\\\/\\\/osepmendoza.com.ar\\\/web\\\/wp-content\\\/uploads\\\/2020\\\/04\\\/WhatsApp-Image-2025-03-20-at-10.52.18-AM.jpeg\",\"contentUrl\":\"https:\\\/\\\/osepmendoza.com.ar\\\/web\\\/wp-content\\\/uploads\\\/2020\\\/04\\\/WhatsApp-Image-2025-03-20-at-10.52.18-AM.jpeg\",\"width\":1200,\"height\":438},{\"@type\":\"BreadcrumbList\",\"@id\":\"https:\\\/\\\/osepmendoza.com.ar\\\/web\\\/servicio-de-odontologia-preventiva-para-afiliados-de-osep\\\/#breadcrumb\",\"itemListElement\":[{\"@type\":\"ListItem\",\"position\":1,\"name\":\"Portada\",\"item\":\"https:\\\/\\\/osepmendoza.com.ar\\\/web\\\/\"},{\"@type\":\"ListItem\",\"position\":2,\"name\":\"Servicio de Odontolog\u00eda Preventiva para afiliados de OSEP\"}]},{\"@type\":\"WebSite\",\"@id\":\"https:\\\/\\\/osepmendoza.com.ar\\\/web\\\/#website\",\"url\":\"https:\\\/\\\/osepmendoza.com.ar\\\/web\\\/\",\"name\":\"OSEP Mendoza\",\"description\":\"Obra Social de los Empleados P\u00fablicos de Mendoza\",\"publisher\":{\"@id\":\"https:\\\/\\\/osepmendoza.com.ar\\\/web\\\/#organization\"},\"potentialAction\":[{\"@type\":\"SearchAction\",\"target\":{\"@type\":\"EntryPoint\",\"urlTemplate\":\"https:\\\/\\\/osepmendoza.com.ar\\\/web\\\/?s={search_term_string}\"},\"query-input\":{\"@type\":\"PropertyValueSpecification\",\"valueRequired\":true,\"valueName\":\"search_term_string\"}}],\"inLanguage\":\"es\"},{\"@type\":\"Organization\",\"@id\":\"https:\\\/\\\/osepmendoza.com.ar\\\/web\\\/#organization\",\"name\":\"OSEP - Obra Social de Empleados P\u00fablicos de Mendoza\",\"url\":\"https:\\\/\\\/osepmendoza.com.ar\\\/web\\\/\",\"logo\":{\"@type\":\"ImageObject\",\"inLanguage\":\"es\",\"@id\":\"https:\\\/\\\/osepmendoza.com.ar\\\/web\\\/#\\\/schema\\\/logo\\\/image\\\/\",\"url\":\"https:\\\/\\\/osepmendoza.com.ar\\\/web\\\/wp-content\\\/uploads\\\/2020\\\/04\\\/lkTM9T9z.jpg\",\"contentUrl\":\"https:\\\/\\\/osepmendoza.com.ar\\\/web\\\/wp-content\\\/uploads\\\/2020\\\/04\\\/lkTM9T9z.jpg\",\"width\":334,\"height\":334,\"caption\":\"OSEP - Obra Social de Empleados P\u00fablicos de Mendoza\"},\"image\":{\"@id\":\"https:\\\/\\\/osepmendoza.com.ar\\\/web\\\/#\\\/schema\\\/logo\\\/image\\\/\"},\"sameAs\":[\"https:\\\/\\\/www.facebook.com\\\/OSEP.MendozaArg\\\/\",\"https:\\\/\\\/x.com\\\/OsepMza\",\"https:\\\/\\\/www.instagram.com\\\/osep.mendoza\\\/\",\"https:\\\/\\\/www.youtube.com\\\/user\\\/osepvideos\"]},{\"@type\":\"Person\",\"@id\":\"https:\\\/\\\/osepmendoza.com.ar\\\/web\\\/#\\\/schema\\\/person\\\/4e7a5e0118245838f9f783a763779211\",\"name\":\"Emiliano Sandobal\",\"image\":{\"@type\":\"ImageObject\",\"inLanguage\":\"es\",\"@id\":\"https:\\\/\\\/secure.gravatar.com\\\/avatar\\\/d3b22a03e2853d7165313b51b54fbd33fb530becf0ffe6a70f96b195ca724512?s=96&d=mm&r=g\",\"url\":\"https:\\\/\\\/secure.gravatar.com\\\/avatar\\\/d3b22a03e2853d7165313b51b54fbd33fb530becf0ffe6a70f96b195ca724512?s=96&d=mm&r=g\",\"contentUrl\":\"https:\\\/\\\/secure.gravatar.com\\\/avatar\\\/d3b22a03e2853d7165313b51b54fbd33fb530becf0ffe6a70f96b195ca724512?s=96&d=mm&r=g\",\"caption\":\"Emiliano Sandobal\"},\"sameAs\":[\"http:\\\/\\\/osepmendoza.com.ar\\\/web\"]}]}<\/script>\n<!-- \/ Yoast SEO plugin. -->","yoast_head_json":{"title":"Servicio de Odontolog\u00eda Preventiva para afiliados de OSEP - OSEP Mendoza","robots":{"index":"index","follow":"follow","max-snippet":"max-snippet:-1","max-image-preview":"max-image-preview:large","max-video-preview":"max-video-preview:-1"},"canonical":"https:\/\/osepmendoza.com.ar\/web\/servicio-de-odontologia-preventiva-para-afiliados-de-osep\/","og_locale":"es_ES","og_type":"article","og_title":"Servicio de Odontolog\u00eda Preventiva para afiliados de OSEP - OSEP Mendoza","og_description":"El Centro Odontol\u00f3gico de la Obra Social cuenta con una...","og_url":"https:\/\/osepmendoza.com.ar\/web\/servicio-de-odontologia-preventiva-para-afiliados-de-osep\/","og_site_name":"OSEP Mendoza","article_publisher":"https:\/\/www.facebook.com\/OSEP.MendozaArg\/","article_published_time":"2025-03-20T13:57:22+00:00","og_image":[{"width":1200,"height":438,"url":"https:\/\/osepmendoza.com.ar\/web\/wp-content\/uploads\/2020\/04\/WhatsApp-Image-2025-03-20-at-10.52.18-AM.jpeg","type":"image\/jpeg"}],"author":"Emiliano Sandobal","twitter_card":"summary_large_image","twitter_creator":"@OsepMza","twitter_site":"@OsepMza","twitter_misc":{"Escrito por":"Emiliano Sandobal","Tiempo de lectura":"2 minutos"},"schema":{"@context":"https:\/\/schema.org","@graph":[{"@type":"Article","@id":"https:\/\/osepmendoza.com.ar\/web\/servicio-de-odontologia-preventiva-para-afiliados-de-osep\/#article","isPartOf":{"@id":"https:\/\/osepmendoza.com.ar\/web\/servicio-de-odontologia-preventiva-para-afiliados-de-osep\/"},"author":{"name":"Emiliano Sandobal","@id":"https:\/\/osepmendoza.com.ar\/web\/#\/schema\/person\/4e7a5e0118245838f9f783a763779211"},"headline":"Servicio de Odontolog\u00eda Preventiva para afiliados de OSEP","datePublished":"2025-03-20T13:57:22+00:00","mainEntityOfPage":{"@id":"https:\/\/osepmendoza.com.ar\/web\/servicio-de-odontologia-preventiva-para-afiliados-de-osep\/"},"wordCount":329,"publisher":{"@id":"https:\/\/osepmendoza.com.ar\/web\/#organization"},"image":{"@id":"https:\/\/osepmendoza.com.ar\/web\/servicio-de-odontologia-preventiva-para-afiliados-de-osep\/#primaryimage"},"thumbnailUrl":"https:\/\/osepmendoza.com.ar\/web\/wp-content\/uploads\/2020\/04\/WhatsApp-Image-2025-03-20-at-10.52.18-AM.jpeg","keywords":["bucal","caries","Centro Odontol\u00f3gico","enfermedad","odontologia","osep","periodontal","preventiva","salud"],"articleSection":["Nota"],"inLanguage":"es"},{"@type":"WebPage","@id":"https:\/\/osepmendoza.com.ar\/web\/servicio-de-odontologia-preventiva-para-afiliados-de-osep\/","url":"https:\/\/osepmendoza.com.ar\/web\/servicio-de-odontologia-preventiva-para-afiliados-de-osep\/","name":"Servicio de Odontolog\u00eda Preventiva para afiliados de OSEP - OSEP Mendoza","isPartOf":{"@id":"https:\/\/osepmendoza.com.ar\/web\/#website"},"primaryImageOfPage":{"@id":"https:\/\/osepmendoza.com.ar\/web\/servicio-de-odontologia-preventiva-para-afiliados-de-osep\/#primaryimage"},"image":{"@id":"https:\/\/osepmendoza.com.ar\/web\/servicio-de-odontologia-preventiva-para-afiliados-de-osep\/#primaryimage"},"thumbnailUrl":"https:\/\/osepmendoza.com.ar\/web\/wp-content\/uploads\/2020\/04\/WhatsApp-Image-2025-03-20-at-10.52.18-AM.jpeg","datePublished":"2025-03-20T13:57:22+00:00","breadcrumb":{"@id":"https:\/\/osepmendoza.com.ar\/web\/servicio-de-odontologia-preventiva-para-afiliados-de-osep\/#breadcrumb"},"inLanguage":"es","potentialAction":[{"@type":"ReadAction","target":["https:\/\/osepmendoza.com.ar\/web\/servicio-de-odontologia-preventiva-para-afiliados-de-osep\/"]}]},{"@type":"ImageObject","inLanguage":"es","@id":"https:\/\/osepmendoza.com.ar\/web\/servicio-de-odontologia-preventiva-para-afiliados-de-osep\/#primaryimage","url":"https:\/\/osepmendoza.com.ar\/web\/wp-content\/uploads\/2020\/04\/WhatsApp-Image-2025-03-20-at-10.52.18-AM.jpeg","contentUrl":"https:\/\/osepmendoza.com.ar\/web\/wp-content\/uploads\/2020\/04\/WhatsApp-Image-2025-03-20-at-10.52.18-AM.jpeg","width":1200,"height":438},{"@type":"BreadcrumbList","@id":"https:\/\/osepmendoza.com.ar\/web\/servicio-de-odontologia-preventiva-para-afiliados-de-osep\/#breadcrumb","itemListElement":[{"@type":"ListItem","position":1,"name":"Portada","item":"https:\/\/osepmendoza.com.ar\/web\/"},{"@type":"ListItem","position":2,"name":"Servicio de Odontolog\u00eda Preventiva para afiliados de OSEP"}]},{"@type":"WebSite","@id":"https:\/\/osepmendoza.com.ar\/web\/#website","url":"https:\/\/osepmendoza.com.ar\/web\/","name":"OSEP Mendoza","description":"Obra Social de los Empleados P\u00fablicos de Mendoza","publisher":{"@id":"https:\/\/osepmendoza.com.ar\/web\/#organization"},"potentialAction":[{"@type":"SearchAction","target":{"@type":"EntryPoint","urlTemplate":"https:\/\/osepmendoza.com.ar\/web\/?s={search_term_string}"},"query-input":{"@type":"PropertyValueSpecification","valueRequired":true,"valueName":"search_term_string"}}],"inLanguage":"es"},{"@type":"Organization","@id":"https:\/\/osepmendoza.com.ar\/web\/#organization","name":"OSEP - Obra Social de Empleados P\u00fablicos de Mendoza","url":"https:\/\/osepmendoza.com.ar\/web\/","logo":{"@type":"ImageObject","inLanguage":"es","@id":"https:\/\/osepmendoza.com.ar\/web\/#\/schema\/logo\/image\/","url":"https:\/\/osepmendoza.com.ar\/web\/wp-content\/uploads\/2020\/04\/lkTM9T9z.jpg","contentUrl":"https:\/\/osepmendoza.com.ar\/web\/wp-content\/uploads\/2020\/04\/lkTM9T9z.jpg","width":334,"height":334,"caption":"OSEP - Obra Social de Empleados P\u00fablicos de Mendoza"},"image":{"@id":"https:\/\/osepmendoza.com.ar\/web\/#\/schema\/logo\/image\/"},"sameAs":["https:\/\/www.facebook.com\/OSEP.MendozaArg\/","https:\/\/x.com\/OsepMza","https:\/\/www.instagram.com\/osep.mendoza\/","https:\/\/www.youtube.com\/user\/osepvideos"]},{"@type":"Person","@id":"https:\/\/osepmendoza.com.ar\/web\/#\/schema\/person\/4e7a5e0118245838f9f783a763779211","name":"Emiliano Sandobal","image":{"@type":"ImageObject","inLanguage":"es","@id":"https:\/\/secure.gravatar.com\/avatar\/d3b22a03e2853d7165313b51b54fbd33fb530becf0ffe6a70f96b195ca724512?s=96&d=mm&r=g","url":"https:\/\/secure.gravatar.com\/avatar\/d3b22a03e2853d7165313b51b54fbd33fb530becf0ffe6a70f96b195ca724512?s=96&d=mm&r=g","contentUrl":"https:\/\/secure.gravatar.com\/avatar\/d3b22a03e2853d7165313b51b54fbd33fb530becf0ffe6a70f96b195ca724512?s=96&d=mm&r=g","caption":"Emiliano Sandobal"},"sameAs":["http:\/\/osepmendoza.com.ar\/web"]}]}},"amp_enabled":true,"_links":{"self":[{"href":"https:\/\/osepmendoza.com.ar\/web\/wp-json\/wp\/v2\/posts\/57517","targetHints":{"allow":["GET"]}}],"collection":[{"href":"https:\/\/osepmendoza.com.ar\/web\/wp-json\/wp\/v2\/posts"}],"about":[{"href":"https:\/\/osepmendoza.com.ar\/web\/wp-json\/wp\/v2\/types\/post"}],"author":[{"embeddable":true,"href":"https:\/\/osepmendoza.com.ar\/web\/wp-json\/wp\/v2\/users\/6"}],"replies":[{"embeddable":true,"href":"https:\/\/osepmendoza.com.ar\/web\/wp-json\/wp\/v2\/comments?post=57517"}],"version-history":[{"count":1,"href":"https:\/\/osepmendoza.com.ar\/web\/wp-json\/wp\/v2\/posts\/57517\/revisions"}],"predecessor-version":[{"id":57518,"href":"https:\/\/osepmendoza.com.ar\/web\/wp-json\/wp\/v2\/posts\/57517\/revisions\/57518"}],"wp:featuredmedia":[{"embeddable":true,"href":"https:\/\/osepmendoza.com.ar\/web\/wp-json\/wp\/v2\/media\/57522"}],"wp:attachment":[{"href":"https:\/\/osepmendoza.com.ar\/web\/wp-json\/wp\/v2\/media?parent=57517"}],"wp:term":[{"taxonomy":"category","embeddable":true,"href":"https:\/\/osepmendoza.com.ar\/web\/wp-json\/wp\/v2\/categories?post=57517"},{"taxonomy":"post_tag","embeddable":true,"href":"https:\/\/osepmendoza.com.ar\/web\/wp-json\/wp\/v2\/tags?post=57517"}],"curies":[{"name":"wp","href":"https:\/\/api.w.org\/{rel}","templated":true}]}}