{"id":57316,"date":"2025-02-19T12:46:34","date_gmt":"2025-02-19T15:46:34","guid":{"rendered":"https:\/\/osepmendoza.com.ar\/web\/?p=57316"},"modified":"2025-02-19T14:47:28","modified_gmt":"2025-02-19T17:47:28","slug":"el-hospital-el-carmen-celebro-sus-125-anos-con-un-emotivo-acto","status":"publish","type":"post","link":"https:\/\/osepmendoza.com.ar\/web\/el-hospital-el-carmen-celebro-sus-125-anos-con-un-emotivo-acto\/","title":{"rendered":"El hospital El Carmen celebr\u00f3 sus 125 a\u00f1os con un emotivo acto"},"content":{"rendered":"<p><strong>Con la presencia de autoridades provinciales, del departamento de Godoy Cruz y de OSEP, se descubrieron placas conmemorativas en un nuevo aniversario del hospital m\u00e1s antiguo de Mendoza. Adem\u00e1s, se presentaron avances de obras de los nuevos servicios que pr\u00f3ximamente sumar\u00e1 El Carmen.<\/strong><\/p>\n<p>La ceremonia se desarroll\u00f3 en la explanada del Centro de Rehabilitaci\u00f3n Ayacahuina y cont\u00f3 con la participaci\u00f3n del gobernador Alfredo Cornejo, la vicegobernadora Hebe Casado, el ministro de Salud Rodolfo Montero, el Intendente de Godoy Cruz Diego Costarelli, el director General de OSEP Carlos Funes y otras autoridades y personal tanto de la Obra Social como del nosocomio.<\/p>\n<p>Cornejo y Funes descubrieron una placa de agradecimiento hacia los trabajadores y la comunidad, por el servicio, dedicaci\u00f3n y apoyo brindado en los 125 a\u00f1os de historia del hospital El Carmen.<\/p>\n<p>Asimismo, se present\u00f3 una placa que nombra al Servicio de Obstetricia \u201cDr. Jorge Chrabalowski\u201d, en homenaje a quien fue director de la Maternidad Virgen de la Misericordia y perdi\u00f3 su vida a causa del Covid19, durante la pandemia. Su familia estuvo presente en el reconocimiento.<\/p>\n<p>La doctora Silvia Santaella, directora del nosocomio, dio un resumen de la historia del hospital El Carmen, resaltando los logros en los \u00faltimos 5 a\u00f1os de gesti\u00f3n, que aumentaron la complejidad y capacidad de resoluci\u00f3n de la instituci\u00f3n. Entre ellos la refuncionalizaci\u00f3n de todo el circuito y log\u00edstica del hospital, el trabajo en modelos mixtos de prestaci\u00f3n y la construcci\u00f3n de la nueva Guardia.<\/p>\n<p>Tambi\u00e9n se refiri\u00f3 a la pandemia COVID19, la forma en que se afront\u00f3 la atenci\u00f3n ante la gran demanda y las consecuencias que sufrieron como equipo de salud, recordando a su compa\u00f1ero, el Dr. Chrabalowski. \u201cFue un m\u00e9dico apasionado que dedic\u00f3 su vida a sanar y a cuidar de los dem\u00e1s, con gran compromiso y generosidad. Sin embrago su vida ten\u00eda otras aristas que deben ser destacadas, su amor por la aventura y los viajes que lo llev\u00f3 a explorar el mundo. Su pasi\u00f3n por el mar y la pr\u00e1ctica de buceo, fue lo que m\u00e1s lo hac\u00eda brillar\u201d, comparti\u00f3 emocionada Santaella.<\/p>\n<p>El director de OSEP y presidente de COSSPRA agradeci\u00f3 la presencia del sector privado como prestadores y el apoyo tanto de los ministros de Salud y Hacienda como de la vicegobernadora y gobernador ante las dificultades que propone el financiamiento del sistema de salud en general.<\/p>\n<p>Al hablar sobre las adversidades que enfrent\u00f3 el hospital El Carmen, tuvo palabras de agradecimiento con todo su personal: \u201cTengo que hacer un reconocimiento importante que es el valor extra&#8230; Hubo pilares, columnas y cimientos que se cayeron con el terremoto (de 1985) pero hay un cimiento que ha hecho que se mantenga 125 a\u00f1os y es el cimiento del recurso humano\u201d.<\/p>\n<p>\u201cEs un orgullo estar en estos 125 a\u00f1os, con el compromiso de que todos juntos sigamos escribiendo la historia de un hospital que mantiene intacta la vocaci\u00f3n de servicio y de cuidar la vida de las personas, como lo pens\u00f3 en aquel momento Antonio Tomba y su esposa Pescara de Tomba\u201d, expres\u00f3 el Dr. Funes el cierre de su discurso.<\/p>\n<p>Alfredo Cornejo, por su parte, destac\u00f3 que a pesar del contexto econ\u00f3mico adverso se ha hecho un gran esfuerzo para el equipamiento y la atenci\u00f3n en Salud, particularmente en el hospital El Carmen. \u201cEs un efector de la Obra Social que atiende potencialmente a 400 mil mendocinos, con una demanda permanente, que requiere de eficacia en la administraci\u00f3n pero tambi\u00e9n de eficiencia en el uso de los recursos\u201d, explic\u00f3 el mandatario provincial.<\/p>\n<p>\u201cCreemos haber avanzado mucho en estos tiempos y lo hemos hecho con buena administraci\u00f3n, pero de nada hubiese servido sin el aporte invalorable con el que contamos en todo el Servicio de Salud de la provincia y en particular en el hospital El Carmen\u201d, concluy\u00f3 el gobernador.<\/p>\n<p>Se cerr\u00f3 la jornada con la presentaci\u00f3n de una serie de n\u00fameros art\u00edsticos que incluy\u00f3 grupos de baile de la municipalidad de Godoy Cruz y la banda de m\u00fasica \u201cGuardia Vieja\u201d, integrada por trabajadores del hospital.<\/p>\n<div id='gallery-1' class='gallery galleryid-57316 gallery-columns-2 gallery-size-medium'><figure class='gallery-item'>\n\t\t\t<div class='gallery-icon landscape'>\n\t\t\t\t<a href='https:\/\/osepmendoza.com.ar\/web\/whatsapp-image-2025-02-18-at-7-58-07-pm\/'><img loading=\"lazy\" decoding=\"async\" width=\"1600\" height=\"1200\" src=\"https:\/\/osepmendoza.com.ar\/web\/wp-content\/uploads\/2020\/04\/WhatsApp-Image-2025-02-18-at-7.58.07-PM.jpeg\" class=\"attachment-medium size-medium\" alt=\"\" srcset=\"https:\/\/osepmendoza.com.ar\/web\/wp-content\/uploads\/2020\/04\/WhatsApp-Image-2025-02-18-at-7.58.07-PM.jpeg 1600w, https:\/\/osepmendoza.com.ar\/web\/wp-content\/uploads\/2020\/04\/WhatsApp-Image-2025-02-18-at-7.58.07-PM-150x113.jpeg 150w, https:\/\/osepmendoza.com.ar\/web\/wp-content\/uploads\/2020\/04\/WhatsApp-Image-2025-02-18-at-7.58.07-PM-768x576.jpeg 768w, https:\/\/osepmendoza.com.ar\/web\/wp-content\/uploads\/2020\/04\/WhatsApp-Image-2025-02-18-at-7.58.07-PM-1536x1152.jpeg 1536w\" sizes=\"auto, (max-width: 1600px) 100vw, 1600px\" \/><\/a>\n\t\t\t<\/div><\/figure><figure class='gallery-item'>\n\t\t\t<div class='gallery-icon landscape'>\n\t\t\t\t<a href='https:\/\/osepmendoza.com.ar\/web\/whatsapp-image-2025-02-18-at-7-58-09-pm\/'><img loading=\"lazy\" decoding=\"async\" width=\"1600\" height=\"1200\" src=\"https:\/\/osepmendoza.com.ar\/web\/wp-content\/uploads\/2020\/04\/WhatsApp-Image-2025-02-18-at-7.58.09-PM.jpeg\" class=\"attachment-medium size-medium\" alt=\"\" srcset=\"https:\/\/osepmendoza.com.ar\/web\/wp-content\/uploads\/2020\/04\/WhatsApp-Image-2025-02-18-at-7.58.09-PM.jpeg 1600w, https:\/\/osepmendoza.com.ar\/web\/wp-content\/uploads\/2020\/04\/WhatsApp-Image-2025-02-18-at-7.58.09-PM-150x113.jpeg 150w, https:\/\/osepmendoza.com.ar\/web\/wp-content\/uploads\/2020\/04\/WhatsApp-Image-2025-02-18-at-7.58.09-PM-768x576.jpeg 768w, https:\/\/osepmendoza.com.ar\/web\/wp-content\/uploads\/2020\/04\/WhatsApp-Image-2025-02-18-at-7.58.09-PM-1536x1152.jpeg 1536w\" sizes=\"auto, (max-width: 1600px) 100vw, 1600px\" \/><\/a>\n\t\t\t<\/div><\/figure><figure class='gallery-item'>\n\t\t\t<div class='gallery-icon landscape'>\n\t\t\t\t<a href='https:\/\/osepmendoza.com.ar\/web\/whatsapp-image-2025-02-18-at-7-58-10-pm\/'><img loading=\"lazy\" decoding=\"async\" width=\"1600\" height=\"1200\" src=\"https:\/\/osepmendoza.com.ar\/web\/wp-content\/uploads\/2020\/04\/WhatsApp-Image-2025-02-18-at-7.58.10-PM.jpeg\" class=\"attachment-medium size-medium\" alt=\"\" srcset=\"https:\/\/osepmendoza.com.ar\/web\/wp-content\/uploads\/2020\/04\/WhatsApp-Image-2025-02-18-at-7.58.10-PM.jpeg 1600w, https:\/\/osepmendoza.com.ar\/web\/wp-content\/uploads\/2020\/04\/WhatsApp-Image-2025-02-18-at-7.58.10-PM-150x113.jpeg 150w, https:\/\/osepmendoza.com.ar\/web\/wp-content\/uploads\/2020\/04\/WhatsApp-Image-2025-02-18-at-7.58.10-PM-768x576.jpeg 768w, https:\/\/osepmendoza.com.ar\/web\/wp-content\/uploads\/2020\/04\/WhatsApp-Image-2025-02-18-at-7.58.10-PM-1536x1152.jpeg 1536w\" sizes=\"auto, (max-width: 1600px) 100vw, 1600px\" \/><\/a>\n\t\t\t<\/div><\/figure><figure class='gallery-item'>\n\t\t\t<div class='gallery-icon landscape'>\n\t\t\t\t<a href='https:\/\/osepmendoza.com.ar\/web\/hec-aniversario-2025-78-de-104\/'><img loading=\"lazy\" decoding=\"async\" width=\"1530\" height=\"1020\" src=\"https:\/\/osepmendoza.com.ar\/web\/wp-content\/uploads\/2020\/04\/HEC-aniversario-2025-78-de-104.jpg\" class=\"attachment-medium size-medium\" alt=\"\" srcset=\"https:\/\/osepmendoza.com.ar\/web\/wp-content\/uploads\/2020\/04\/HEC-aniversario-2025-78-de-104.jpg 1530w, https:\/\/osepmendoza.com.ar\/web\/wp-content\/uploads\/2020\/04\/HEC-aniversario-2025-78-de-104-150x100.jpg 150w, https:\/\/osepmendoza.com.ar\/web\/wp-content\/uploads\/2020\/04\/HEC-aniversario-2025-78-de-104-768x512.jpg 768w\" sizes=\"auto, (max-width: 1530px) 100vw, 1530px\" \/><\/a>\n\t\t\t<\/div><\/figure><figure class='gallery-item'>\n\t\t\t<div class='gallery-icon landscape'>\n\t\t\t\t<a href='https:\/\/osepmendoza.com.ar\/web\/whatsapp-image-2025-02-18-at-8-24-35-pm\/'><img loading=\"lazy\" decoding=\"async\" width=\"1600\" height=\"1200\" src=\"https:\/\/osepmendoza.com.ar\/web\/wp-content\/uploads\/2020\/04\/WhatsApp-Image-2025-02-18-at-8.24.35-PM.jpeg\" class=\"attachment-medium size-medium\" alt=\"\" srcset=\"https:\/\/osepmendoza.com.ar\/web\/wp-content\/uploads\/2020\/04\/WhatsApp-Image-2025-02-18-at-8.24.35-PM.jpeg 1600w, https:\/\/osepmendoza.com.ar\/web\/wp-content\/uploads\/2020\/04\/WhatsApp-Image-2025-02-18-at-8.24.35-PM-150x113.jpeg 150w, https:\/\/osepmendoza.com.ar\/web\/wp-content\/uploads\/2020\/04\/WhatsApp-Image-2025-02-18-at-8.24.35-PM-768x576.jpeg 768w, https:\/\/osepmendoza.com.ar\/web\/wp-content\/uploads\/2020\/04\/WhatsApp-Image-2025-02-18-at-8.24.35-PM-1536x1152.jpeg 1536w\" sizes=\"auto, (max-width: 1600px) 100vw, 1600px\" \/><\/a>\n\t\t\t<\/div><\/figure><figure class='gallery-item'>\n\t\t\t<div class='gallery-icon landscape'>\n\t\t\t\t<a href='https:\/\/osepmendoza.com.ar\/web\/hec-aniversario-2025-1-de-104\/'><img loading=\"lazy\" decoding=\"async\" width=\"1530\" height=\"1020\" src=\"https:\/\/osepmendoza.com.ar\/web\/wp-content\/uploads\/2020\/04\/HEC-aniversario-2025-1-de-104.jpg\" class=\"attachment-medium size-medium\" alt=\"\" srcset=\"https:\/\/osepmendoza.com.ar\/web\/wp-content\/uploads\/2020\/04\/HEC-aniversario-2025-1-de-104.jpg 1530w, https:\/\/osepmendoza.com.ar\/web\/wp-content\/uploads\/2020\/04\/HEC-aniversario-2025-1-de-104-150x100.jpg 150w, https:\/\/osepmendoza.com.ar\/web\/wp-content\/uploads\/2020\/04\/HEC-aniversario-2025-1-de-104-768x512.jpg 768w\" sizes=\"auto, (max-width: 1530px) 100vw, 1530px\" \/><\/a>\n\t\t\t<\/div><\/figure><figure class='gallery-item'>\n\t\t\t<div class='gallery-icon landscape'>\n\t\t\t\t<a href='https:\/\/osepmendoza.com.ar\/web\/whatsapp-image-2025-02-18-at-8-40-28-pm\/'><img loading=\"lazy\" decoding=\"async\" width=\"1600\" height=\"1200\" src=\"https:\/\/osepmendoza.com.ar\/web\/wp-content\/uploads\/2020\/04\/WhatsApp-Image-2025-02-18-at-8.40.28-PM.jpeg\" class=\"attachment-medium size-medium\" alt=\"\" srcset=\"https:\/\/osepmendoza.com.ar\/web\/wp-content\/uploads\/2020\/04\/WhatsApp-Image-2025-02-18-at-8.40.28-PM.jpeg 1600w, https:\/\/osepmendoza.com.ar\/web\/wp-content\/uploads\/2020\/04\/WhatsApp-Image-2025-02-18-at-8.40.28-PM-150x113.jpeg 150w, https:\/\/osepmendoza.com.ar\/web\/wp-content\/uploads\/2020\/04\/WhatsApp-Image-2025-02-18-at-8.40.28-PM-768x576.jpeg 768w, https:\/\/osepmendoza.com.ar\/web\/wp-content\/uploads\/2020\/04\/WhatsApp-Image-2025-02-18-at-8.40.28-PM-1536x1152.jpeg 1536w\" sizes=\"auto, (max-width: 1600px) 100vw, 1600px\" \/><\/a>\n\t\t\t<\/div><\/figure><figure class='gallery-item'>\n\t\t\t<div class='gallery-icon landscape'>\n\t\t\t\t<a href='https:\/\/osepmendoza.com.ar\/web\/whatsapp-image-2025-02-19-at-9-52-23-am-2\/'><img loading=\"lazy\" decoding=\"async\" width=\"1280\" height=\"960\" src=\"https:\/\/osepmendoza.com.ar\/web\/wp-content\/uploads\/2020\/04\/WhatsApp-Image-2025-02-19-at-9.52.23-AM-2.jpeg\" class=\"attachment-medium size-medium\" alt=\"\" srcset=\"https:\/\/osepmendoza.com.ar\/web\/wp-content\/uploads\/2020\/04\/WhatsApp-Image-2025-02-19-at-9.52.23-AM-2.jpeg 1280w, https:\/\/osepmendoza.com.ar\/web\/wp-content\/uploads\/2020\/04\/WhatsApp-Image-2025-02-19-at-9.52.23-AM-2-150x113.jpeg 150w, https:\/\/osepmendoza.com.ar\/web\/wp-content\/uploads\/2020\/04\/WhatsApp-Image-2025-02-19-at-9.52.23-AM-2-768x576.jpeg 768w\" sizes=\"auto, (max-width: 1280px) 100vw, 1280px\" \/><\/a>\n\t\t\t<\/div><\/figure><figure class='gallery-item'>\n\t\t\t<div class='gallery-icon landscape'>\n\t\t\t\t<a href='https:\/\/osepmendoza.com.ar\/web\/whatsapp-image-2025-02-19-at-9-52-23-am-1\/'><img loading=\"lazy\" decoding=\"async\" width=\"1280\" height=\"960\" src=\"https:\/\/osepmendoza.com.ar\/web\/wp-content\/uploads\/2020\/04\/WhatsApp-Image-2025-02-19-at-9.52.23-AM-1.jpeg\" class=\"attachment-medium size-medium\" alt=\"\" srcset=\"https:\/\/osepmendoza.com.ar\/web\/wp-content\/uploads\/2020\/04\/WhatsApp-Image-2025-02-19-at-9.52.23-AM-1.jpeg 1280w, https:\/\/osepmendoza.com.ar\/web\/wp-content\/uploads\/2020\/04\/WhatsApp-Image-2025-02-19-at-9.52.23-AM-1-150x113.jpeg 150w, https:\/\/osepmendoza.com.ar\/web\/wp-content\/uploads\/2020\/04\/WhatsApp-Image-2025-02-19-at-9.52.23-AM-1-768x576.jpeg 768w\" sizes=\"auto, (max-width: 1280px) 100vw, 1280px\" \/><\/a>\n\t\t\t<\/div><\/figure><figure class='gallery-item'>\n\t\t\t<div class='gallery-icon landscape'>\n\t\t\t\t<a href='https:\/\/osepmendoza.com.ar\/web\/whatsapp-image-2025-02-19-at-9-52-23-am-3\/'><img loading=\"lazy\" decoding=\"async\" width=\"1280\" height=\"960\" src=\"https:\/\/osepmendoza.com.ar\/web\/wp-content\/uploads\/2020\/04\/WhatsApp-Image-2025-02-19-at-9.52.23-AM-3.jpeg\" class=\"attachment-medium size-medium\" alt=\"\" srcset=\"https:\/\/osepmendoza.com.ar\/web\/wp-content\/uploads\/2020\/04\/WhatsApp-Image-2025-02-19-at-9.52.23-AM-3.jpeg 1280w, https:\/\/osepmendoza.com.ar\/web\/wp-content\/uploads\/2020\/04\/WhatsApp-Image-2025-02-19-at-9.52.23-AM-3-150x113.jpeg 150w, https:\/\/osepmendoza.com.ar\/web\/wp-content\/uploads\/2020\/04\/WhatsApp-Image-2025-02-19-at-9.52.23-AM-3-768x576.jpeg 768w\" sizes=\"auto, (max-width: 1280px) 100vw, 1280px\" \/><\/a>\n\t\t\t<\/div><\/figure>\n\t\t<\/div>\n\n<p><strong>Un hospital en constante crecimiento<\/strong><\/p>\n<p>Luego del acto, el gobernador de la provincia, la vicegobernadora, el ministro de Salud, el director General de OSEP y la directora del hospital El Carmen recorrieron los nuevos proyectos que se est\u00e1n concretando en el nosocomio.<\/p>\n<p>En primer lugar visitaron el nuevo Servicio de Nefrolog\u00eda, que no solo permitir\u00e1 mejorar la capacidad de respuesta a los pacientes que necesitan di\u00e1lisis, sino que adem\u00e1s contar\u00e1 con un consultorio de atenci\u00f3n y seguimiento especializado. Con esta incorporaci\u00f3n se podr\u00e1 diagnosticar, tratar y monitorear enfermedades renales de manera m\u00e1s efectiva, reduciendo complicaciones y mejorando la calidad de vida de los pacientes.<\/p>\n<p>Tambi\u00e9n facilitar\u00e1 realizar interconsultas con otros servicios del hospital, para brindar un enfoque multidisciplinario, asegurando una atenci\u00f3n m\u00e1s completa y eficiente.<\/p>\n<p>M\u00e1s tarde, se present\u00f3 la obra de refuncionalizaci\u00f3n de 3 quir\u00f3fanos en planta baja, que se destinar\u00e1n principalmente para cirug\u00edas neurol\u00f3gicas, generales y de urgencia. Son quir\u00f3fanos con dimensiones mayores a los que actualmente est\u00e1n en funcionamiento, lo que provee de mayor movilidad dentro del quir\u00f3fano, teniendo en cuenta que estas cirug\u00edas en la mayor\u00eda de los casos demanda mayor cantidad de equipamiento.<\/p>\n<p>Otra ventaja que aportar\u00e1n es que se encuentran a corta distancia de las \u00e1reas cr\u00edticas, lo que implicar\u00e1 un menor tiempo de traslado de los pacientes.<\/p>\n<div id='gallery-2' class='gallery galleryid-57316 gallery-columns-2 gallery-size-medium'><figure class='gallery-item'>\n\t\t\t<div class='gallery-icon landscape'>\n\t\t\t\t<a href='https:\/\/osepmendoza.com.ar\/web\/el-hospital-el-carmen-celebro-sus-125-anos-con-un-emotivo-acto\/whatsapp-image-2025-02-18-at-8-24-33-pm\/'><img loading=\"lazy\" decoding=\"async\" width=\"1600\" height=\"1200\" src=\"https:\/\/osepmendoza.com.ar\/web\/wp-content\/uploads\/2020\/04\/WhatsApp-Image-2025-02-18-at-8.24.33-PM.jpeg\" class=\"attachment-medium size-medium\" alt=\"\" srcset=\"https:\/\/osepmendoza.com.ar\/web\/wp-content\/uploads\/2020\/04\/WhatsApp-Image-2025-02-18-at-8.24.33-PM.jpeg 1600w, https:\/\/osepmendoza.com.ar\/web\/wp-content\/uploads\/2020\/04\/WhatsApp-Image-2025-02-18-at-8.24.33-PM-150x113.jpeg 150w, https:\/\/osepmendoza.com.ar\/web\/wp-content\/uploads\/2020\/04\/WhatsApp-Image-2025-02-18-at-8.24.33-PM-768x576.jpeg 768w, https:\/\/osepmendoza.com.ar\/web\/wp-content\/uploads\/2020\/04\/WhatsApp-Image-2025-02-18-at-8.24.33-PM-1536x1152.jpeg 1536w\" sizes=\"auto, (max-width: 1600px) 100vw, 1600px\" \/><\/a>\n\t\t\t<\/div><\/figure><figure class='gallery-item'>\n\t\t\t<div class='gallery-icon landscape'>\n\t\t\t\t<a href='https:\/\/osepmendoza.com.ar\/web\/el-hospital-el-carmen-celebro-sus-125-anos-con-un-emotivo-acto\/whatsapp-image-2025-02-18-at-7-58-11-pm\/'><img loading=\"lazy\" decoding=\"async\" width=\"1600\" height=\"1200\" src=\"https:\/\/osepmendoza.com.ar\/web\/wp-content\/uploads\/2020\/04\/WhatsApp-Image-2025-02-18-at-7.58.11-PM.jpeg\" class=\"attachment-medium size-medium\" alt=\"\" srcset=\"https:\/\/osepmendoza.com.ar\/web\/wp-content\/uploads\/2020\/04\/WhatsApp-Image-2025-02-18-at-7.58.11-PM.jpeg 1600w, https:\/\/osepmendoza.com.ar\/web\/wp-content\/uploads\/2020\/04\/WhatsApp-Image-2025-02-18-at-7.58.11-PM-150x113.jpeg 150w, https:\/\/osepmendoza.com.ar\/web\/wp-content\/uploads\/2020\/04\/WhatsApp-Image-2025-02-18-at-7.58.11-PM-768x576.jpeg 768w, https:\/\/osepmendoza.com.ar\/web\/wp-content\/uploads\/2020\/04\/WhatsApp-Image-2025-02-18-at-7.58.11-PM-1536x1152.jpeg 1536w\" sizes=\"auto, (max-width: 1600px) 100vw, 1600px\" \/><\/a>\n\t\t\t<\/div><\/figure><figure class='gallery-item'>\n\t\t\t<div class='gallery-icon landscape'>\n\t\t\t\t<a href='https:\/\/osepmendoza.com.ar\/web\/el-hospital-el-carmen-celebro-sus-125-anos-con-un-emotivo-acto\/hec-aniversario-2025-99-de-104\/'><img loading=\"lazy\" decoding=\"async\" width=\"1530\" height=\"1020\" src=\"https:\/\/osepmendoza.com.ar\/web\/wp-content\/uploads\/2020\/04\/HEC-aniversario-2025-99-de-104.jpg\" class=\"attachment-medium size-medium\" alt=\"\" srcset=\"https:\/\/osepmendoza.com.ar\/web\/wp-content\/uploads\/2020\/04\/HEC-aniversario-2025-99-de-104.jpg 1530w, https:\/\/osepmendoza.com.ar\/web\/wp-content\/uploads\/2020\/04\/HEC-aniversario-2025-99-de-104-150x100.jpg 150w, https:\/\/osepmendoza.com.ar\/web\/wp-content\/uploads\/2020\/04\/HEC-aniversario-2025-99-de-104-768x512.jpg 768w\" sizes=\"auto, (max-width: 1530px) 100vw, 1530px\" \/><\/a>\n\t\t\t<\/div><\/figure><figure class='gallery-item'>\n\t\t\t<div class='gallery-icon landscape'>\n\t\t\t\t<a href='https:\/\/osepmendoza.com.ar\/web\/el-hospital-el-carmen-celebro-sus-125-anos-con-un-emotivo-acto\/hec-aniversario-2025-97-de-104\/'><img loading=\"lazy\" decoding=\"async\" width=\"1530\" height=\"1020\" src=\"https:\/\/osepmendoza.com.ar\/web\/wp-content\/uploads\/2020\/04\/HEC-aniversario-2025-97-de-104.jpg\" class=\"attachment-medium size-medium\" alt=\"\" srcset=\"https:\/\/osepmendoza.com.ar\/web\/wp-content\/uploads\/2020\/04\/HEC-aniversario-2025-97-de-104.jpg 1530w, https:\/\/osepmendoza.com.ar\/web\/wp-content\/uploads\/2020\/04\/HEC-aniversario-2025-97-de-104-150x100.jpg 150w, https:\/\/osepmendoza.com.ar\/web\/wp-content\/uploads\/2020\/04\/HEC-aniversario-2025-97-de-104-768x512.jpg 768w\" sizes=\"auto, (max-width: 1530px) 100vw, 1530px\" \/><\/a>\n\t\t\t<\/div><\/figure>\n\t\t<\/div>\n\n<p><strong>Un poco de su historia<\/strong><\/p>\n<p>Olaya Pescara de Tomba fue la impulsara de la creaci\u00f3n del primer hospital de la localidad de Godoy Cruz, llamado \u201cEl Carmen\u201d y se concret\u00f3 gracias al aporte solidario de su esposo, el se\u00f1or Antonio Tomba.<\/p>\n<p>Se inaugur\u00f3 el 11 de febrero de 1900 por iniciativa y trabajo de las damas de la \u201cConferencia El Carmen de la Sociedad San Vicente de Paul\u201d, quienes lo administraron hasta la d\u00e9cada del 40.<\/p>\n<p>En 1949, con la reforma de la Constituci\u00f3n Nacional, se da un fuerte impulso a la justicia social. Surgen instituciones para la atenci\u00f3n social y se afianzan las obras sociales sindicales. En Mendoza se da el primer gran paso hacia la constituci\u00f3n de la Obra social y se crea para los estatales el Instituto de Previsi\u00f3n y Asistencia Social. En los inicios de la d\u00e9cada del 50 pasan a la \u00f3rbita estatal el Hospital El Carmen y el Sanatorio Fleming.<\/p>\n<p>Para esa \u00e9poca, el Hospital del Carmen ya contaba con Servicio de Cirug\u00eda, Cl\u00ednica M\u00e9dica, Otorrinolaringolog\u00eda, Oftalmolog\u00eda, Internaci\u00f3n para Enfermos Cr\u00f3nicos, Odontolog\u00eda, Urolog\u00eda e incluso un Servicio de Maternidad.<\/p>\n<p>Las adversidades que super\u00f3 tambi\u00e9n son dignas de mencionar.<\/p>\n<p>En la madrugada del 26 de enero de 1985, un violento sismo sacudi\u00f3 el Gran Mendoza, dejando un saldo oficial de 6 muertos, 260 heridos y 20.000 viviendas afectadas. El epicentro se localiz\u00f3 en Godoy Cruz, por lo que el efector de la Obra Social m\u00e1s perjudicado fue precisamente el Hospital El Carmen, ubicado en esa localidad.<\/p>\n<p>Como consecuencia inmediata de esta cat\u00e1strofe, el nosocomio fue desfuncionalizado. Los servicios de Guardia y Terapia Intensiva fueron trasladados al Hospital Central y el resto quedaron moment\u00e1neamente suspendidos.<\/p>\n<p>Unos a\u00f1os m\u00e1s tarde, en 1991, fue reinaugurado con 70 camas, quir\u00f3fanos, terapia intensiva y unidad coronaria.<\/p>\n<p>Otro desaf\u00edo que se le present\u00f3 fue el de brindar atenci\u00f3n para un gran n\u00famero de personas durante la Pandemia del COVID19. El Carmen es un nosocomio que atendi\u00f3 como pocos a los afectados por el Coronavirus, montando carpas e incorporando m\u00e1s camas de terapia intensiva, sumado al gran esfuerzo de todo su personal.<\/p>\n<p>En los \u00faltimos, el hospital El Carmen ha sido renovado y refuncionalizado para cubrir los requerimientos en materia de salud, desde su infraestructura, como la construcci\u00f3n de un polo quir\u00fargico, nuevos pabellones y el Servicio de Guardia, hasta la complejizaci\u00f3n de los servicios para responder a los avances en materia de diagn\u00f3stico y tratamiento de los afiliados de OSEP.<\/p>\n<p>Hoy con 125 a\u00f1os, contin\u00faa creciendo, adapt\u00e1ndose a los nuevos tiempos pero siempre con el esp\u00edritu de aquellas mujeres fundadoras, encabezadas por Olaya Pescara de Tomba, velar por el bien com\u00fan, cuidar a sus enfermos y cuidar la salud de cada paciente.<\/p>\n<p><iframe loading=\"lazy\" title=\"125 Aniversario del Hospital El Carmen\" width=\"500\" height=\"281\" src=\"https:\/\/www.youtube.com\/embed\/X3Qld-w6jk8?feature=oembed\" frameborder=\"0\" allow=\"accelerometer; autoplay; clipboard-write; encrypted-media; gyroscope; picture-in-picture; web-share\" referrerpolicy=\"strict-origin-when-cross-origin\" allowfullscreen><\/iframe><\/p>\n","protected":false},"excerpt":{"rendered":"<p>Con la presencia de autoridades provinciales, del departamento de Godoy&#8230;<\/p>\n","protected":false},"author":6,"featured_media":57336,"comment_status":"closed","ping_status":"open","sticky":false,"template":"","format":"standard","meta":{"_acf_changed":false,"inline_featured_image":false,"_exactmetrics_skip_tracking":false,"_exactmetrics_sitenote_active":false,"_exactmetrics_sitenote_note":"","_exactmetrics_sitenote_category":0,"footnotes":"","_links_to":"","_links_to_target":""},"categories":[1541],"tags":[2229,263,851,852,688,140,347,112,2231,2230,2228],"class_list":["post-57316","post","type-post","status-publish","format-standard","has-post-thumbnail","hentry","category-osep","tag-2229","tag-aniversario","tag-anos","tag-el-carmen","tag-gobernador","tag-hospital","tag-mendoza","tag-osep","tag-quirofanos","tag-servicio-de-nefrologia","tag-tomba"],"acf":[],"yoast_head":"<!-- This site is optimized with the Yoast SEO plugin v27.4 - https:\/\/yoast.com\/product\/yoast-seo-wordpress\/ -->\n<title>El hospital El Carmen celebr\u00f3 sus 125 a\u00f1os con un emotivo acto - OSEP Mendoza<\/title>\n<meta name=\"robots\" content=\"index, follow, max-snippet:-1, max-image-preview:large, max-video-preview:-1\" \/>\n<link rel=\"canonical\" href=\"https:\/\/osepmendoza.com.ar\/web\/el-hospital-el-carmen-celebro-sus-125-anos-con-un-emotivo-acto\/\" \/>\n<meta property=\"og:locale\" content=\"es_ES\" \/>\n<meta property=\"og:type\" content=\"article\" \/>\n<meta property=\"og:title\" content=\"El hospital El Carmen celebr\u00f3 sus 125 a\u00f1os con un emotivo acto - OSEP Mendoza\" \/>\n<meta property=\"og:description\" content=\"Con la presencia de autoridades provinciales, del departamento de Godoy...\" \/>\n<meta property=\"og:url\" content=\"https:\/\/osepmendoza.com.ar\/web\/el-hospital-el-carmen-celebro-sus-125-anos-con-un-emotivo-acto\/\" \/>\n<meta property=\"og:site_name\" content=\"OSEP Mendoza\" \/>\n<meta property=\"article:publisher\" content=\"https:\/\/www.facebook.com\/OSEP.MendozaArg\/\" \/>\n<meta property=\"article:published_time\" content=\"2025-02-19T15:46:34+00:00\" \/>\n<meta property=\"article:modified_time\" content=\"2025-02-19T17:47:28+00:00\" \/>\n<meta property=\"og:image\" content=\"https:\/\/osepmendoza.com.ar\/web\/wp-content\/uploads\/2020\/04\/WhatsApp-Image-2025-02-18-at-8.01.23-PM.jpg\" \/>\n\t<meta property=\"og:image:width\" content=\"1200\" \/>\n\t<meta property=\"og:image:height\" content=\"438\" \/>\n\t<meta property=\"og:image:type\" content=\"image\/jpeg\" \/>\n<meta name=\"author\" content=\"Emiliano Sandobal\" \/>\n<meta name=\"twitter:card\" content=\"summary_large_image\" \/>\n<meta name=\"twitter:creator\" content=\"@OsepMza\" \/>\n<meta name=\"twitter:site\" content=\"@OsepMza\" \/>\n<meta name=\"twitter:label1\" content=\"Escrito por\" \/>\n\t<meta name=\"twitter:data1\" content=\"Emiliano Sandobal\" \/>\n\t<meta name=\"twitter:label2\" content=\"Tiempo de lectura\" \/>\n\t<meta name=\"twitter:data2\" content=\"7 minutos\" \/>\n<script type=\"application\/ld+json\" class=\"yoast-schema-graph\">{\"@context\":\"https:\\\/\\\/schema.org\",\"@graph\":[{\"@type\":\"Article\",\"@id\":\"https:\\\/\\\/osepmendoza.com.ar\\\/web\\\/el-hospital-el-carmen-celebro-sus-125-anos-con-un-emotivo-acto\\\/#article\",\"isPartOf\":{\"@id\":\"https:\\\/\\\/osepmendoza.com.ar\\\/web\\\/el-hospital-el-carmen-celebro-sus-125-anos-con-un-emotivo-acto\\\/\"},\"author\":{\"name\":\"Emiliano Sandobal\",\"@id\":\"https:\\\/\\\/osepmendoza.com.ar\\\/web\\\/#\\\/schema\\\/person\\\/4e7a5e0118245838f9f783a763779211\"},\"headline\":\"El hospital El Carmen celebr\u00f3 sus 125 a\u00f1os con un emotivo acto\",\"datePublished\":\"2025-02-19T15:46:34+00:00\",\"dateModified\":\"2025-02-19T17:47:28+00:00\",\"mainEntityOfPage\":{\"@id\":\"https:\\\/\\\/osepmendoza.com.ar\\\/web\\\/el-hospital-el-carmen-celebro-sus-125-anos-con-un-emotivo-acto\\\/\"},\"wordCount\":1436,\"publisher\":{\"@id\":\"https:\\\/\\\/osepmendoza.com.ar\\\/web\\\/#organization\"},\"image\":{\"@id\":\"https:\\\/\\\/osepmendoza.com.ar\\\/web\\\/el-hospital-el-carmen-celebro-sus-125-anos-con-un-emotivo-acto\\\/#primaryimage\"},\"thumbnailUrl\":\"https:\\\/\\\/osepmendoza.com.ar\\\/web\\\/wp-content\\\/uploads\\\/2020\\\/04\\\/WhatsApp-Image-2025-02-18-at-8.01.23-PM.jpg\",\"keywords\":[\"125\",\"Aniversario\",\"a\u00f1os\",\"El Carmen\",\"Gobernador\",\"hospital\",\"mendoza\",\"osep\",\"quir\u00f3fanos\",\"Servicio de Nefrolog\u00eda\",\"Tomba\"],\"articleSection\":[\"OSEP\"],\"inLanguage\":\"es\"},{\"@type\":\"WebPage\",\"@id\":\"https:\\\/\\\/osepmendoza.com.ar\\\/web\\\/el-hospital-el-carmen-celebro-sus-125-anos-con-un-emotivo-acto\\\/\",\"url\":\"https:\\\/\\\/osepmendoza.com.ar\\\/web\\\/el-hospital-el-carmen-celebro-sus-125-anos-con-un-emotivo-acto\\\/\",\"name\":\"El hospital El Carmen celebr\u00f3 sus 125 a\u00f1os con un emotivo acto - OSEP Mendoza\",\"isPartOf\":{\"@id\":\"https:\\\/\\\/osepmendoza.com.ar\\\/web\\\/#website\"},\"primaryImageOfPage\":{\"@id\":\"https:\\\/\\\/osepmendoza.com.ar\\\/web\\\/el-hospital-el-carmen-celebro-sus-125-anos-con-un-emotivo-acto\\\/#primaryimage\"},\"image\":{\"@id\":\"https:\\\/\\\/osepmendoza.com.ar\\\/web\\\/el-hospital-el-carmen-celebro-sus-125-anos-con-un-emotivo-acto\\\/#primaryimage\"},\"thumbnailUrl\":\"https:\\\/\\\/osepmendoza.com.ar\\\/web\\\/wp-content\\\/uploads\\\/2020\\\/04\\\/WhatsApp-Image-2025-02-18-at-8.01.23-PM.jpg\",\"datePublished\":\"2025-02-19T15:46:34+00:00\",\"dateModified\":\"2025-02-19T17:47:28+00:00\",\"breadcrumb\":{\"@id\":\"https:\\\/\\\/osepmendoza.com.ar\\\/web\\\/el-hospital-el-carmen-celebro-sus-125-anos-con-un-emotivo-acto\\\/#breadcrumb\"},\"inLanguage\":\"es\",\"potentialAction\":[{\"@type\":\"ReadAction\",\"target\":[\"https:\\\/\\\/osepmendoza.com.ar\\\/web\\\/el-hospital-el-carmen-celebro-sus-125-anos-con-un-emotivo-acto\\\/\"]}]},{\"@type\":\"ImageObject\",\"inLanguage\":\"es\",\"@id\":\"https:\\\/\\\/osepmendoza.com.ar\\\/web\\\/el-hospital-el-carmen-celebro-sus-125-anos-con-un-emotivo-acto\\\/#primaryimage\",\"url\":\"https:\\\/\\\/osepmendoza.com.ar\\\/web\\\/wp-content\\\/uploads\\\/2020\\\/04\\\/WhatsApp-Image-2025-02-18-at-8.01.23-PM.jpg\",\"contentUrl\":\"https:\\\/\\\/osepmendoza.com.ar\\\/web\\\/wp-content\\\/uploads\\\/2020\\\/04\\\/WhatsApp-Image-2025-02-18-at-8.01.23-PM.jpg\",\"width\":1200,\"height\":438},{\"@type\":\"BreadcrumbList\",\"@id\":\"https:\\\/\\\/osepmendoza.com.ar\\\/web\\\/el-hospital-el-carmen-celebro-sus-125-anos-con-un-emotivo-acto\\\/#breadcrumb\",\"itemListElement\":[{\"@type\":\"ListItem\",\"position\":1,\"name\":\"Portada\",\"item\":\"https:\\\/\\\/osepmendoza.com.ar\\\/web\\\/\"},{\"@type\":\"ListItem\",\"position\":2,\"name\":\"El hospital El Carmen celebr\u00f3 sus 125 a\u00f1os con un emotivo acto\"}]},{\"@type\":\"WebSite\",\"@id\":\"https:\\\/\\\/osepmendoza.com.ar\\\/web\\\/#website\",\"url\":\"https:\\\/\\\/osepmendoza.com.ar\\\/web\\\/\",\"name\":\"OSEP Mendoza\",\"description\":\"Obra Social de los Empleados P\u00fablicos de Mendoza\",\"publisher\":{\"@id\":\"https:\\\/\\\/osepmendoza.com.ar\\\/web\\\/#organization\"},\"potentialAction\":[{\"@type\":\"SearchAction\",\"target\":{\"@type\":\"EntryPoint\",\"urlTemplate\":\"https:\\\/\\\/osepmendoza.com.ar\\\/web\\\/?s={search_term_string}\"},\"query-input\":{\"@type\":\"PropertyValueSpecification\",\"valueRequired\":true,\"valueName\":\"search_term_string\"}}],\"inLanguage\":\"es\"},{\"@type\":\"Organization\",\"@id\":\"https:\\\/\\\/osepmendoza.com.ar\\\/web\\\/#organization\",\"name\":\"OSEP - Obra Social de Empleados P\u00fablicos de Mendoza\",\"url\":\"https:\\\/\\\/osepmendoza.com.ar\\\/web\\\/\",\"logo\":{\"@type\":\"ImageObject\",\"inLanguage\":\"es\",\"@id\":\"https:\\\/\\\/osepmendoza.com.ar\\\/web\\\/#\\\/schema\\\/logo\\\/image\\\/\",\"url\":\"https:\\\/\\\/osepmendoza.com.ar\\\/web\\\/wp-content\\\/uploads\\\/2020\\\/04\\\/lkTM9T9z.jpg\",\"contentUrl\":\"https:\\\/\\\/osepmendoza.com.ar\\\/web\\\/wp-content\\\/uploads\\\/2020\\\/04\\\/lkTM9T9z.jpg\",\"width\":334,\"height\":334,\"caption\":\"OSEP - Obra Social de Empleados P\u00fablicos de Mendoza\"},\"image\":{\"@id\":\"https:\\\/\\\/osepmendoza.com.ar\\\/web\\\/#\\\/schema\\\/logo\\\/image\\\/\"},\"sameAs\":[\"https:\\\/\\\/www.facebook.com\\\/OSEP.MendozaArg\\\/\",\"https:\\\/\\\/x.com\\\/OsepMza\",\"https:\\\/\\\/www.instagram.com\\\/osep.mendoza\\\/\",\"https:\\\/\\\/www.youtube.com\\\/user\\\/osepvideos\"]},{\"@type\":\"Person\",\"@id\":\"https:\\\/\\\/osepmendoza.com.ar\\\/web\\\/#\\\/schema\\\/person\\\/4e7a5e0118245838f9f783a763779211\",\"name\":\"Emiliano Sandobal\",\"image\":{\"@type\":\"ImageObject\",\"inLanguage\":\"es\",\"@id\":\"https:\\\/\\\/secure.gravatar.com\\\/avatar\\\/d3b22a03e2853d7165313b51b54fbd33fb530becf0ffe6a70f96b195ca724512?s=96&d=mm&r=g\",\"url\":\"https:\\\/\\\/secure.gravatar.com\\\/avatar\\\/d3b22a03e2853d7165313b51b54fbd33fb530becf0ffe6a70f96b195ca724512?s=96&d=mm&r=g\",\"contentUrl\":\"https:\\\/\\\/secure.gravatar.com\\\/avatar\\\/d3b22a03e2853d7165313b51b54fbd33fb530becf0ffe6a70f96b195ca724512?s=96&d=mm&r=g\",\"caption\":\"Emiliano Sandobal\"},\"sameAs\":[\"http:\\\/\\\/osepmendoza.com.ar\\\/web\"]}]}<\/script>\n<!-- \/ Yoast SEO plugin. -->","yoast_head_json":{"title":"El hospital El Carmen celebr\u00f3 sus 125 a\u00f1os con un emotivo acto - OSEP Mendoza","robots":{"index":"index","follow":"follow","max-snippet":"max-snippet:-1","max-image-preview":"max-image-preview:large","max-video-preview":"max-video-preview:-1"},"canonical":"https:\/\/osepmendoza.com.ar\/web\/el-hospital-el-carmen-celebro-sus-125-anos-con-un-emotivo-acto\/","og_locale":"es_ES","og_type":"article","og_title":"El hospital El Carmen celebr\u00f3 sus 125 a\u00f1os con un emotivo acto - OSEP Mendoza","og_description":"Con la presencia de autoridades provinciales, del departamento de Godoy...","og_url":"https:\/\/osepmendoza.com.ar\/web\/el-hospital-el-carmen-celebro-sus-125-anos-con-un-emotivo-acto\/","og_site_name":"OSEP Mendoza","article_publisher":"https:\/\/www.facebook.com\/OSEP.MendozaArg\/","article_published_time":"2025-02-19T15:46:34+00:00","article_modified_time":"2025-02-19T17:47:28+00:00","og_image":[{"width":1200,"height":438,"url":"https:\/\/osepmendoza.com.ar\/web\/wp-content\/uploads\/2020\/04\/WhatsApp-Image-2025-02-18-at-8.01.23-PM.jpg","type":"image\/jpeg"}],"author":"Emiliano Sandobal","twitter_card":"summary_large_image","twitter_creator":"@OsepMza","twitter_site":"@OsepMza","twitter_misc":{"Escrito por":"Emiliano Sandobal","Tiempo de lectura":"7 minutos"},"schema":{"@context":"https:\/\/schema.org","@graph":[{"@type":"Article","@id":"https:\/\/osepmendoza.com.ar\/web\/el-hospital-el-carmen-celebro-sus-125-anos-con-un-emotivo-acto\/#article","isPartOf":{"@id":"https:\/\/osepmendoza.com.ar\/web\/el-hospital-el-carmen-celebro-sus-125-anos-con-un-emotivo-acto\/"},"author":{"name":"Emiliano Sandobal","@id":"https:\/\/osepmendoza.com.ar\/web\/#\/schema\/person\/4e7a5e0118245838f9f783a763779211"},"headline":"El hospital El Carmen celebr\u00f3 sus 125 a\u00f1os con un emotivo acto","datePublished":"2025-02-19T15:46:34+00:00","dateModified":"2025-02-19T17:47:28+00:00","mainEntityOfPage":{"@id":"https:\/\/osepmendoza.com.ar\/web\/el-hospital-el-carmen-celebro-sus-125-anos-con-un-emotivo-acto\/"},"wordCount":1436,"publisher":{"@id":"https:\/\/osepmendoza.com.ar\/web\/#organization"},"image":{"@id":"https:\/\/osepmendoza.com.ar\/web\/el-hospital-el-carmen-celebro-sus-125-anos-con-un-emotivo-acto\/#primaryimage"},"thumbnailUrl":"https:\/\/osepmendoza.com.ar\/web\/wp-content\/uploads\/2020\/04\/WhatsApp-Image-2025-02-18-at-8.01.23-PM.jpg","keywords":["125","Aniversario","a\u00f1os","El Carmen","Gobernador","hospital","mendoza","osep","quir\u00f3fanos","Servicio de Nefrolog\u00eda","Tomba"],"articleSection":["OSEP"],"inLanguage":"es"},{"@type":"WebPage","@id":"https:\/\/osepmendoza.com.ar\/web\/el-hospital-el-carmen-celebro-sus-125-anos-con-un-emotivo-acto\/","url":"https:\/\/osepmendoza.com.ar\/web\/el-hospital-el-carmen-celebro-sus-125-anos-con-un-emotivo-acto\/","name":"El hospital El Carmen celebr\u00f3 sus 125 a\u00f1os con un emotivo acto - OSEP Mendoza","isPartOf":{"@id":"https:\/\/osepmendoza.com.ar\/web\/#website"},"primaryImageOfPage":{"@id":"https:\/\/osepmendoza.com.ar\/web\/el-hospital-el-carmen-celebro-sus-125-anos-con-un-emotivo-acto\/#primaryimage"},"image":{"@id":"https:\/\/osepmendoza.com.ar\/web\/el-hospital-el-carmen-celebro-sus-125-anos-con-un-emotivo-acto\/#primaryimage"},"thumbnailUrl":"https:\/\/osepmendoza.com.ar\/web\/wp-content\/uploads\/2020\/04\/WhatsApp-Image-2025-02-18-at-8.01.23-PM.jpg","datePublished":"2025-02-19T15:46:34+00:00","dateModified":"2025-02-19T17:47:28+00:00","breadcrumb":{"@id":"https:\/\/osepmendoza.com.ar\/web\/el-hospital-el-carmen-celebro-sus-125-anos-con-un-emotivo-acto\/#breadcrumb"},"inLanguage":"es","potentialAction":[{"@type":"ReadAction","target":["https:\/\/osepmendoza.com.ar\/web\/el-hospital-el-carmen-celebro-sus-125-anos-con-un-emotivo-acto\/"]}]},{"@type":"ImageObject","inLanguage":"es","@id":"https:\/\/osepmendoza.com.ar\/web\/el-hospital-el-carmen-celebro-sus-125-anos-con-un-emotivo-acto\/#primaryimage","url":"https:\/\/osepmendoza.com.ar\/web\/wp-content\/uploads\/2020\/04\/WhatsApp-Image-2025-02-18-at-8.01.23-PM.jpg","contentUrl":"https:\/\/osepmendoza.com.ar\/web\/wp-content\/uploads\/2020\/04\/WhatsApp-Image-2025-02-18-at-8.01.23-PM.jpg","width":1200,"height":438},{"@type":"BreadcrumbList","@id":"https:\/\/osepmendoza.com.ar\/web\/el-hospital-el-carmen-celebro-sus-125-anos-con-un-emotivo-acto\/#breadcrumb","itemListElement":[{"@type":"ListItem","position":1,"name":"Portada","item":"https:\/\/osepmendoza.com.ar\/web\/"},{"@type":"ListItem","position":2,"name":"El hospital El Carmen celebr\u00f3 sus 125 a\u00f1os con un emotivo acto"}]},{"@type":"WebSite","@id":"https:\/\/osepmendoza.com.ar\/web\/#website","url":"https:\/\/osepmendoza.com.ar\/web\/","name":"OSEP Mendoza","description":"Obra Social de los Empleados P\u00fablicos de Mendoza","publisher":{"@id":"https:\/\/osepmendoza.com.ar\/web\/#organization"},"potentialAction":[{"@type":"SearchAction","target":{"@type":"EntryPoint","urlTemplate":"https:\/\/osepmendoza.com.ar\/web\/?s={search_term_string}"},"query-input":{"@type":"PropertyValueSpecification","valueRequired":true,"valueName":"search_term_string"}}],"inLanguage":"es"},{"@type":"Organization","@id":"https:\/\/osepmendoza.com.ar\/web\/#organization","name":"OSEP - Obra Social de Empleados P\u00fablicos de Mendoza","url":"https:\/\/osepmendoza.com.ar\/web\/","logo":{"@type":"ImageObject","inLanguage":"es","@id":"https:\/\/osepmendoza.com.ar\/web\/#\/schema\/logo\/image\/","url":"https:\/\/osepmendoza.com.ar\/web\/wp-content\/uploads\/2020\/04\/lkTM9T9z.jpg","contentUrl":"https:\/\/osepmendoza.com.ar\/web\/wp-content\/uploads\/2020\/04\/lkTM9T9z.jpg","width":334,"height":334,"caption":"OSEP - Obra Social de Empleados P\u00fablicos de Mendoza"},"image":{"@id":"https:\/\/osepmendoza.com.ar\/web\/#\/schema\/logo\/image\/"},"sameAs":["https:\/\/www.facebook.com\/OSEP.MendozaArg\/","https:\/\/x.com\/OsepMza","https:\/\/www.instagram.com\/osep.mendoza\/","https:\/\/www.youtube.com\/user\/osepvideos"]},{"@type":"Person","@id":"https:\/\/osepmendoza.com.ar\/web\/#\/schema\/person\/4e7a5e0118245838f9f783a763779211","name":"Emiliano Sandobal","image":{"@type":"ImageObject","inLanguage":"es","@id":"https:\/\/secure.gravatar.com\/avatar\/d3b22a03e2853d7165313b51b54fbd33fb530becf0ffe6a70f96b195ca724512?s=96&d=mm&r=g","url":"https:\/\/secure.gravatar.com\/avatar\/d3b22a03e2853d7165313b51b54fbd33fb530becf0ffe6a70f96b195ca724512?s=96&d=mm&r=g","contentUrl":"https:\/\/secure.gravatar.com\/avatar\/d3b22a03e2853d7165313b51b54fbd33fb530becf0ffe6a70f96b195ca724512?s=96&d=mm&r=g","caption":"Emiliano Sandobal"},"sameAs":["http:\/\/osepmendoza.com.ar\/web"]}]}},"amp_enabled":true,"_links":{"self":[{"href":"https:\/\/osepmendoza.com.ar\/web\/wp-json\/wp\/v2\/posts\/57316","targetHints":{"allow":["GET"]}}],"collection":[{"href":"https:\/\/osepmendoza.com.ar\/web\/wp-json\/wp\/v2\/posts"}],"about":[{"href":"https:\/\/osepmendoza.com.ar\/web\/wp-json\/wp\/v2\/types\/post"}],"author":[{"embeddable":true,"href":"https:\/\/osepmendoza.com.ar\/web\/wp-json\/wp\/v2\/users\/6"}],"replies":[{"embeddable":true,"href":"https:\/\/osepmendoza.com.ar\/web\/wp-json\/wp\/v2\/comments?post=57316"}],"version-history":[{"count":12,"href":"https:\/\/osepmendoza.com.ar\/web\/wp-json\/wp\/v2\/posts\/57316\/revisions"}],"predecessor-version":[{"id":57350,"href":"https:\/\/osepmendoza.com.ar\/web\/wp-json\/wp\/v2\/posts\/57316\/revisions\/57350"}],"wp:featuredmedia":[{"embeddable":true,"href":"https:\/\/osepmendoza.com.ar\/web\/wp-json\/wp\/v2\/media\/57336"}],"wp:attachment":[{"href":"https:\/\/osepmendoza.com.ar\/web\/wp-json\/wp\/v2\/media?parent=57316"}],"wp:term":[{"taxonomy":"category","embeddable":true,"href":"https:\/\/osepmendoza.com.ar\/web\/wp-json\/wp\/v2\/categories?post=57316"},{"taxonomy":"post_tag","embeddable":true,"href":"https:\/\/osepmendoza.com.ar\/web\/wp-json\/wp\/v2\/tags?post=57316"}],"curies":[{"name":"wp","href":"https:\/\/api.w.org\/{rel}","templated":true}]}}