{"id":56924,"date":"2024-12-18T17:04:45","date_gmt":"2024-12-18T20:04:45","guid":{"rendered":"https:\/\/osepmendoza.com.ar\/web\/?p=56924"},"modified":"2024-12-18T17:04:45","modified_gmt":"2024-12-18T20:04:45","slug":"adultos-mayores-despidieron-el-ano-en-san-rafael","status":"publish","type":"post","link":"https:\/\/osepmendoza.com.ar\/web\/adultos-mayores-despidieron-el-ano-en-san-rafael\/","title":{"rendered":"Adultos mayores despidieron el a\u00f1o en San Rafael"},"content":{"rendered":"<p align=\"justify\"><strong>Con un concurrido encuentro, el taller para adultos mayores de San Rafael finaliz\u00f3 su ciclo anual. La s\u00e9ptima y \u00faltima jornada, llamada &#8220;Re Conectados: Felices y Saludables Fiestas&#8221;, estuvo a cargo de las licenciadas Martina Juri, Marianela Sancandi y Marina Pedernera, quienes le dieron mucho color a la actividad que se llev\u00f3 a cabo en el edificio de Entre R\u00edos 345.<\/strong><\/p>\n<p align=\"justify\">Este taller ofrece una serie de actividades gratuitas dirigidas a los adultos mayores de San Rafael. Los participantes asisten al edificio de OSEP, ubicado en Entre R\u00edos 345, donde un equipo de profesionales organiza charlas y actividades recreativas con el objetivo de fomentar una vida saludable y plena.<\/p>\n<p align=\"justify\">En la jornada de cierre, la licenciada en Nutrici\u00f3n Marianela Sancandi present\u00f3 una comparaci\u00f3n entre la alimentaci\u00f3n saludable y la t\u00edpica comida de las fiestas de fin de a\u00f1o, brindando consejos pr\u00e1cticos sobre c\u00f3mo cocinar platos deliciosos pero bajos en sodio y grasas.<\/p>\n<p align=\"justify\">Por su parte, las licenciadas Marina Pedernera y Martina Juri compartieron informaci\u00f3n sobre las nuevas herramientas tecnol\u00f3gicas que permiten realizar gestiones de OSEP sin necesidad de acudir a los centros de atenci\u00f3n. En particular, se explic\u00f3 el uso de ALMA, la asistente virtual y la creaci\u00f3n de usuarios en el Portal Mi OSEP para la generaci\u00f3n del TOKEN, que permite la validaci\u00f3n de turnos.<\/p>\n<p align=\"justify\">El taller tiene como objetivo principal concienciar sobre la vejez como una etapa de sabidur\u00eda y no de limitaciones, brindando a los adultos mayores de la zona un espacio para participar, trabajar en equipo y fortalecer los lazos que los protegen de la soledad. Las actividades se reanudar\u00e1n el pr\u00f3ximo a\u00f1o.<\/p>\n<div id='gallery-1' class='gallery galleryid-56924 gallery-columns-2 gallery-size-full'><figure class='gallery-item'>\n\t\t\t<div class='gallery-icon landscape'>\n\t\t\t\t<a href='https:\/\/osepmendoza.com.ar\/web\/adultos-mayores-despidieron-el-ano-en-san-rafael\/sr2-16\/'><img loading=\"lazy\" decoding=\"async\" width=\"1160\" height=\"868\" src=\"https:\/\/osepmendoza.com.ar\/web\/wp-content\/uploads\/2024\/12\/sr2-2.jpg\" class=\"attachment-full size-full\" alt=\"\" srcset=\"https:\/\/osepmendoza.com.ar\/web\/wp-content\/uploads\/2024\/12\/sr2-2.jpg 1160w, https:\/\/osepmendoza.com.ar\/web\/wp-content\/uploads\/2024\/12\/sr2-2-150x112.jpg 150w, https:\/\/osepmendoza.com.ar\/web\/wp-content\/uploads\/2024\/12\/sr2-2-768x575.jpg 768w\" sizes=\"auto, (max-width: 1160px) 100vw, 1160px\" \/><\/a>\n\t\t\t<\/div><\/figure><figure class='gallery-item'>\n\t\t\t<div class='gallery-icon landscape'>\n\t\t\t\t<a href='https:\/\/osepmendoza.com.ar\/web\/adultos-mayores-despidieron-el-ano-en-san-rafael\/sr4-17\/'><img loading=\"lazy\" decoding=\"async\" width=\"1160\" height=\"868\" src=\"https:\/\/osepmendoza.com.ar\/web\/wp-content\/uploads\/2024\/12\/sr4-2.jpg\" class=\"attachment-full size-full\" alt=\"\" srcset=\"https:\/\/osepmendoza.com.ar\/web\/wp-content\/uploads\/2024\/12\/sr4-2.jpg 1160w, https:\/\/osepmendoza.com.ar\/web\/wp-content\/uploads\/2024\/12\/sr4-2-150x112.jpg 150w, https:\/\/osepmendoza.com.ar\/web\/wp-content\/uploads\/2024\/12\/sr4-2-768x575.jpg 768w\" sizes=\"auto, (max-width: 1160px) 100vw, 1160px\" \/><\/a>\n\t\t\t<\/div><\/figure><figure class='gallery-item'>\n\t\t\t<div class='gallery-icon landscape'>\n\t\t\t\t<a href='https:\/\/osepmendoza.com.ar\/web\/adultos-mayores-despidieron-el-ano-en-san-rafael\/sr6-13\/'><img loading=\"lazy\" decoding=\"async\" width=\"1160\" height=\"868\" src=\"https:\/\/osepmendoza.com.ar\/web\/wp-content\/uploads\/2024\/12\/sr6-2.jpg\" class=\"attachment-full size-full\" alt=\"\" srcset=\"https:\/\/osepmendoza.com.ar\/web\/wp-content\/uploads\/2024\/12\/sr6-2.jpg 1160w, https:\/\/osepmendoza.com.ar\/web\/wp-content\/uploads\/2024\/12\/sr6-2-150x112.jpg 150w, https:\/\/osepmendoza.com.ar\/web\/wp-content\/uploads\/2024\/12\/sr6-2-768x575.jpg 768w\" sizes=\"auto, (max-width: 1160px) 100vw, 1160px\" \/><\/a>\n\t\t\t<\/div><\/figure><figure class='gallery-item'>\n\t\t\t<div class='gallery-icon landscape'>\n\t\t\t\t<a href='https:\/\/osepmendoza.com.ar\/web\/adultos-mayores-despidieron-el-ano-en-san-rafael\/sr7-11\/'><img loading=\"lazy\" decoding=\"async\" width=\"1280\" height=\"959\" src=\"https:\/\/osepmendoza.com.ar\/web\/wp-content\/uploads\/2024\/12\/sr7-2.jpg\" class=\"attachment-full size-full\" alt=\"\" srcset=\"https:\/\/osepmendoza.com.ar\/web\/wp-content\/uploads\/2024\/12\/sr7-2.jpg 1280w, https:\/\/osepmendoza.com.ar\/web\/wp-content\/uploads\/2024\/12\/sr7-2-150x112.jpg 150w, https:\/\/osepmendoza.com.ar\/web\/wp-content\/uploads\/2024\/12\/sr7-2-768x575.jpg 768w\" sizes=\"auto, (max-width: 1280px) 100vw, 1280px\" \/><\/a>\n\t\t\t<\/div><\/figure><figure class='gallery-item'>\n\t\t\t<div class='gallery-icon landscape'>\n\t\t\t\t<a href='https:\/\/osepmendoza.com.ar\/web\/adultos-mayores-despidieron-el-ano-en-san-rafael\/sr1-17\/'><img loading=\"lazy\" decoding=\"async\" width=\"1599\" height=\"899\" src=\"https:\/\/osepmendoza.com.ar\/web\/wp-content\/uploads\/2024\/12\/sr1-2.jpg\" class=\"attachment-full size-full\" alt=\"\" srcset=\"https:\/\/osepmendoza.com.ar\/web\/wp-content\/uploads\/2024\/12\/sr1-2.jpg 1599w, https:\/\/osepmendoza.com.ar\/web\/wp-content\/uploads\/2024\/12\/sr1-2-150x84.jpg 150w, https:\/\/osepmendoza.com.ar\/web\/wp-content\/uploads\/2024\/12\/sr1-2-768x432.jpg 768w, https:\/\/osepmendoza.com.ar\/web\/wp-content\/uploads\/2024\/12\/sr1-2-1536x864.jpg 1536w, https:\/\/osepmendoza.com.ar\/web\/wp-content\/uploads\/2024\/12\/sr1-2-1200x675.jpg 1200w\" sizes=\"auto, (max-width: 1599px) 100vw, 1599px\" \/><\/a>\n\t\t\t<\/div><\/figure><figure class='gallery-item'>\n\t\t\t<div class='gallery-icon portrait'>\n\t\t\t\t<a href='https:\/\/osepmendoza.com.ar\/web\/adultos-mayores-despidieron-el-ano-en-san-rafael\/sr5-16\/'><img loading=\"lazy\" decoding=\"async\" width=\"868\" height=\"1160\" src=\"https:\/\/osepmendoza.com.ar\/web\/wp-content\/uploads\/2024\/12\/sr5-2.jpg\" class=\"attachment-full size-full\" alt=\"\" srcset=\"https:\/\/osepmendoza.com.ar\/web\/wp-content\/uploads\/2024\/12\/sr5-2.jpg 868w, https:\/\/osepmendoza.com.ar\/web\/wp-content\/uploads\/2024\/12\/sr5-2-112x150.jpg 112w, https:\/\/osepmendoza.com.ar\/web\/wp-content\/uploads\/2024\/12\/sr5-2-768x1026.jpg 768w\" sizes=\"auto, (max-width: 868px) 100vw, 868px\" \/><\/a>\n\t\t\t<\/div><\/figure>\n\t\t<\/div>\n\n","protected":false},"excerpt":{"rendered":"<p>Con un concurrido encuentro, el taller para adultos mayores de&#8230;<\/p>\n","protected":false},"author":12,"featured_media":56925,"comment_status":"closed","ping_status":"open","sticky":false,"template":"","format":"standard","meta":{"_acf_changed":false,"inline_featured_image":false,"_exactmetrics_skip_tracking":false,"_exactmetrics_sitenote_active":false,"_exactmetrics_sitenote_note":"","_exactmetrics_sitenote_category":0,"footnotes":"","_links_to":"","_links_to_target":""},"categories":[101],"tags":[183,804,485,145],"class_list":["post-56924","post","type-post","status-publish","format-standard","has-post-thumbnail","hentry","category-noticias","tag-adulto-mayor","tag-fiestas","tag-herramientas","tag-taller"],"acf":[],"yoast_head":"<!-- This site is optimized with the Yoast SEO plugin v27.5 - https:\/\/yoast.com\/product\/yoast-seo-wordpress\/ -->\n<title>Adultos mayores despidieron el a\u00f1o en San Rafael - OSEP Mendoza<\/title>\n<meta name=\"robots\" content=\"index, follow, max-snippet:-1, max-image-preview:large, max-video-preview:-1\" \/>\n<link rel=\"canonical\" href=\"https:\/\/osepmendoza.com.ar\/web\/adultos-mayores-despidieron-el-ano-en-san-rafael\/\" \/>\n<meta property=\"og:locale\" content=\"es_ES\" \/>\n<meta property=\"og:type\" content=\"article\" \/>\n<meta property=\"og:title\" content=\"Adultos mayores despidieron el a\u00f1o en San Rafael - OSEP Mendoza\" \/>\n<meta property=\"og:description\" content=\"Con un concurrido encuentro, el taller para adultos mayores de...\" \/>\n<meta property=\"og:url\" content=\"https:\/\/osepmendoza.com.ar\/web\/adultos-mayores-despidieron-el-ano-en-san-rafael\/\" \/>\n<meta property=\"og:site_name\" content=\"OSEP Mendoza\" \/>\n<meta property=\"article:publisher\" content=\"https:\/\/www.facebook.com\/OSEP.MendozaArg\/\" \/>\n<meta property=\"article:published_time\" content=\"2024-12-18T20:04:45+00:00\" \/>\n<meta property=\"og:image\" content=\"https:\/\/osepmendoza.com.ar\/web\/wp-content\/uploads\/2024\/12\/sr013.jpg\" \/>\n\t<meta property=\"og:image:width\" content=\"1200\" \/>\n\t<meta property=\"og:image:height\" content=\"438\" \/>\n\t<meta property=\"og:image:type\" content=\"image\/jpeg\" \/>\n<meta name=\"author\" content=\"Sebastian Fernandez\" \/>\n<meta name=\"twitter:card\" content=\"summary_large_image\" \/>\n<meta name=\"twitter:creator\" content=\"@OsepMza\" \/>\n<meta name=\"twitter:site\" content=\"@OsepMza\" \/>\n<meta name=\"twitter:label1\" content=\"Escrito por\" \/>\n\t<meta name=\"twitter:data1\" content=\"Sebastian Fernandez\" \/>\n\t<meta name=\"twitter:label2\" content=\"Tiempo de lectura\" \/>\n\t<meta name=\"twitter:data2\" content=\"2 minutos\" \/>\n<script type=\"application\/ld+json\" class=\"yoast-schema-graph\">{\"@context\":\"https:\\\/\\\/schema.org\",\"@graph\":[{\"@type\":\"Article\",\"@id\":\"https:\\\/\\\/osepmendoza.com.ar\\\/web\\\/adultos-mayores-despidieron-el-ano-en-san-rafael\\\/#article\",\"isPartOf\":{\"@id\":\"https:\\\/\\\/osepmendoza.com.ar\\\/web\\\/adultos-mayores-despidieron-el-ano-en-san-rafael\\\/\"},\"author\":{\"name\":\"Sebastian Fernandez\",\"@id\":\"https:\\\/\\\/osepmendoza.com.ar\\\/web\\\/#\\\/schema\\\/person\\\/90986df7128a51e32bb66102fc247eb2\"},\"headline\":\"Adultos mayores despidieron el a\u00f1o en San Rafael\",\"datePublished\":\"2024-12-18T20:04:45+00:00\",\"mainEntityOfPage\":{\"@id\":\"https:\\\/\\\/osepmendoza.com.ar\\\/web\\\/adultos-mayores-despidieron-el-ano-en-san-rafael\\\/\"},\"wordCount\":299,\"publisher\":{\"@id\":\"https:\\\/\\\/osepmendoza.com.ar\\\/web\\\/#organization\"},\"image\":{\"@id\":\"https:\\\/\\\/osepmendoza.com.ar\\\/web\\\/adultos-mayores-despidieron-el-ano-en-san-rafael\\\/#primaryimage\"},\"thumbnailUrl\":\"https:\\\/\\\/osepmendoza.com.ar\\\/web\\\/wp-content\\\/uploads\\\/2024\\\/12\\\/sr013.jpg\",\"keywords\":[\"adulto mayor\",\"fiestas\",\"herramientas\",\"taller\"],\"articleSection\":[\"Noticias\"],\"inLanguage\":\"es\"},{\"@type\":\"WebPage\",\"@id\":\"https:\\\/\\\/osepmendoza.com.ar\\\/web\\\/adultos-mayores-despidieron-el-ano-en-san-rafael\\\/\",\"url\":\"https:\\\/\\\/osepmendoza.com.ar\\\/web\\\/adultos-mayores-despidieron-el-ano-en-san-rafael\\\/\",\"name\":\"Adultos mayores despidieron el a\u00f1o en San Rafael - OSEP Mendoza\",\"isPartOf\":{\"@id\":\"https:\\\/\\\/osepmendoza.com.ar\\\/web\\\/#website\"},\"primaryImageOfPage\":{\"@id\":\"https:\\\/\\\/osepmendoza.com.ar\\\/web\\\/adultos-mayores-despidieron-el-ano-en-san-rafael\\\/#primaryimage\"},\"image\":{\"@id\":\"https:\\\/\\\/osepmendoza.com.ar\\\/web\\\/adultos-mayores-despidieron-el-ano-en-san-rafael\\\/#primaryimage\"},\"thumbnailUrl\":\"https:\\\/\\\/osepmendoza.com.ar\\\/web\\\/wp-content\\\/uploads\\\/2024\\\/12\\\/sr013.jpg\",\"datePublished\":\"2024-12-18T20:04:45+00:00\",\"breadcrumb\":{\"@id\":\"https:\\\/\\\/osepmendoza.com.ar\\\/web\\\/adultos-mayores-despidieron-el-ano-en-san-rafael\\\/#breadcrumb\"},\"inLanguage\":\"es\",\"potentialAction\":[{\"@type\":\"ReadAction\",\"target\":[\"https:\\\/\\\/osepmendoza.com.ar\\\/web\\\/adultos-mayores-despidieron-el-ano-en-san-rafael\\\/\"]}]},{\"@type\":\"ImageObject\",\"inLanguage\":\"es\",\"@id\":\"https:\\\/\\\/osepmendoza.com.ar\\\/web\\\/adultos-mayores-despidieron-el-ano-en-san-rafael\\\/#primaryimage\",\"url\":\"https:\\\/\\\/osepmendoza.com.ar\\\/web\\\/wp-content\\\/uploads\\\/2024\\\/12\\\/sr013.jpg\",\"contentUrl\":\"https:\\\/\\\/osepmendoza.com.ar\\\/web\\\/wp-content\\\/uploads\\\/2024\\\/12\\\/sr013.jpg\",\"width\":1200,\"height\":438},{\"@type\":\"BreadcrumbList\",\"@id\":\"https:\\\/\\\/osepmendoza.com.ar\\\/web\\\/adultos-mayores-despidieron-el-ano-en-san-rafael\\\/#breadcrumb\",\"itemListElement\":[{\"@type\":\"ListItem\",\"position\":1,\"name\":\"Portada\",\"item\":\"https:\\\/\\\/osepmendoza.com.ar\\\/web\\\/\"},{\"@type\":\"ListItem\",\"position\":2,\"name\":\"Adultos mayores despidieron el a\u00f1o en San Rafael\"}]},{\"@type\":\"WebSite\",\"@id\":\"https:\\\/\\\/osepmendoza.com.ar\\\/web\\\/#website\",\"url\":\"https:\\\/\\\/osepmendoza.com.ar\\\/web\\\/\",\"name\":\"OSEP Mendoza\",\"description\":\"Obra Social de los Empleados P\u00fablicos de Mendoza\",\"publisher\":{\"@id\":\"https:\\\/\\\/osepmendoza.com.ar\\\/web\\\/#organization\"},\"potentialAction\":[{\"@type\":\"SearchAction\",\"target\":{\"@type\":\"EntryPoint\",\"urlTemplate\":\"https:\\\/\\\/osepmendoza.com.ar\\\/web\\\/?s={search_term_string}\"},\"query-input\":{\"@type\":\"PropertyValueSpecification\",\"valueRequired\":true,\"valueName\":\"search_term_string\"}}],\"inLanguage\":\"es\"},{\"@type\":\"Organization\",\"@id\":\"https:\\\/\\\/osepmendoza.com.ar\\\/web\\\/#organization\",\"name\":\"OSEP - Obra Social de Empleados P\u00fablicos de Mendoza\",\"url\":\"https:\\\/\\\/osepmendoza.com.ar\\\/web\\\/\",\"logo\":{\"@type\":\"ImageObject\",\"inLanguage\":\"es\",\"@id\":\"https:\\\/\\\/osepmendoza.com.ar\\\/web\\\/#\\\/schema\\\/logo\\\/image\\\/\",\"url\":\"https:\\\/\\\/osepmendoza.com.ar\\\/web\\\/wp-content\\\/uploads\\\/2020\\\/04\\\/lkTM9T9z.jpg\",\"contentUrl\":\"https:\\\/\\\/osepmendoza.com.ar\\\/web\\\/wp-content\\\/uploads\\\/2020\\\/04\\\/lkTM9T9z.jpg\",\"width\":334,\"height\":334,\"caption\":\"OSEP - Obra Social de Empleados P\u00fablicos de Mendoza\"},\"image\":{\"@id\":\"https:\\\/\\\/osepmendoza.com.ar\\\/web\\\/#\\\/schema\\\/logo\\\/image\\\/\"},\"sameAs\":[\"https:\\\/\\\/www.facebook.com\\\/OSEP.MendozaArg\\\/\",\"https:\\\/\\\/x.com\\\/OsepMza\",\"https:\\\/\\\/www.instagram.com\\\/osep.mendoza\\\/\",\"https:\\\/\\\/www.youtube.com\\\/user\\\/osepvideos\"]},{\"@type\":\"Person\",\"@id\":\"https:\\\/\\\/osepmendoza.com.ar\\\/web\\\/#\\\/schema\\\/person\\\/90986df7128a51e32bb66102fc247eb2\",\"name\":\"Sebastian Fernandez\",\"image\":{\"@type\":\"ImageObject\",\"inLanguage\":\"es\",\"@id\":\"https:\\\/\\\/secure.gravatar.com\\\/avatar\\\/cc42d53caabe846896e06ed8955a60e82b2b829babcb731f86f26c42378bcfec?s=96&d=mm&r=g\",\"url\":\"https:\\\/\\\/secure.gravatar.com\\\/avatar\\\/cc42d53caabe846896e06ed8955a60e82b2b829babcb731f86f26c42378bcfec?s=96&d=mm&r=g\",\"contentUrl\":\"https:\\\/\\\/secure.gravatar.com\\\/avatar\\\/cc42d53caabe846896e06ed8955a60e82b2b829babcb731f86f26c42378bcfec?s=96&d=mm&r=g\",\"caption\":\"Sebastian Fernandez\"},\"sameAs\":[\"http:\\\/\\\/osepmendoza.com.ar\\\/web\"]}]}<\/script>\n<!-- \/ Yoast SEO plugin. -->","yoast_head_json":{"title":"Adultos mayores despidieron el a\u00f1o en San Rafael - OSEP Mendoza","robots":{"index":"index","follow":"follow","max-snippet":"max-snippet:-1","max-image-preview":"max-image-preview:large","max-video-preview":"max-video-preview:-1"},"canonical":"https:\/\/osepmendoza.com.ar\/web\/adultos-mayores-despidieron-el-ano-en-san-rafael\/","og_locale":"es_ES","og_type":"article","og_title":"Adultos mayores despidieron el a\u00f1o en San Rafael - OSEP Mendoza","og_description":"Con un concurrido encuentro, el taller para adultos mayores de...","og_url":"https:\/\/osepmendoza.com.ar\/web\/adultos-mayores-despidieron-el-ano-en-san-rafael\/","og_site_name":"OSEP Mendoza","article_publisher":"https:\/\/www.facebook.com\/OSEP.MendozaArg\/","article_published_time":"2024-12-18T20:04:45+00:00","og_image":[{"width":1200,"height":438,"url":"https:\/\/osepmendoza.com.ar\/web\/wp-content\/uploads\/2024\/12\/sr013.jpg","type":"image\/jpeg"}],"author":"Sebastian Fernandez","twitter_card":"summary_large_image","twitter_creator":"@OsepMza","twitter_site":"@OsepMza","twitter_misc":{"Escrito por":"Sebastian Fernandez","Tiempo de lectura":"2 minutos"},"schema":{"@context":"https:\/\/schema.org","@graph":[{"@type":"Article","@id":"https:\/\/osepmendoza.com.ar\/web\/adultos-mayores-despidieron-el-ano-en-san-rafael\/#article","isPartOf":{"@id":"https:\/\/osepmendoza.com.ar\/web\/adultos-mayores-despidieron-el-ano-en-san-rafael\/"},"author":{"name":"Sebastian Fernandez","@id":"https:\/\/osepmendoza.com.ar\/web\/#\/schema\/person\/90986df7128a51e32bb66102fc247eb2"},"headline":"Adultos mayores despidieron el a\u00f1o en San Rafael","datePublished":"2024-12-18T20:04:45+00:00","mainEntityOfPage":{"@id":"https:\/\/osepmendoza.com.ar\/web\/adultos-mayores-despidieron-el-ano-en-san-rafael\/"},"wordCount":299,"publisher":{"@id":"https:\/\/osepmendoza.com.ar\/web\/#organization"},"image":{"@id":"https:\/\/osepmendoza.com.ar\/web\/adultos-mayores-despidieron-el-ano-en-san-rafael\/#primaryimage"},"thumbnailUrl":"https:\/\/osepmendoza.com.ar\/web\/wp-content\/uploads\/2024\/12\/sr013.jpg","keywords":["adulto mayor","fiestas","herramientas","taller"],"articleSection":["Noticias"],"inLanguage":"es"},{"@type":"WebPage","@id":"https:\/\/osepmendoza.com.ar\/web\/adultos-mayores-despidieron-el-ano-en-san-rafael\/","url":"https:\/\/osepmendoza.com.ar\/web\/adultos-mayores-despidieron-el-ano-en-san-rafael\/","name":"Adultos mayores despidieron el a\u00f1o en San Rafael - OSEP Mendoza","isPartOf":{"@id":"https:\/\/osepmendoza.com.ar\/web\/#website"},"primaryImageOfPage":{"@id":"https:\/\/osepmendoza.com.ar\/web\/adultos-mayores-despidieron-el-ano-en-san-rafael\/#primaryimage"},"image":{"@id":"https:\/\/osepmendoza.com.ar\/web\/adultos-mayores-despidieron-el-ano-en-san-rafael\/#primaryimage"},"thumbnailUrl":"https:\/\/osepmendoza.com.ar\/web\/wp-content\/uploads\/2024\/12\/sr013.jpg","datePublished":"2024-12-18T20:04:45+00:00","breadcrumb":{"@id":"https:\/\/osepmendoza.com.ar\/web\/adultos-mayores-despidieron-el-ano-en-san-rafael\/#breadcrumb"},"inLanguage":"es","potentialAction":[{"@type":"ReadAction","target":["https:\/\/osepmendoza.com.ar\/web\/adultos-mayores-despidieron-el-ano-en-san-rafael\/"]}]},{"@type":"ImageObject","inLanguage":"es","@id":"https:\/\/osepmendoza.com.ar\/web\/adultos-mayores-despidieron-el-ano-en-san-rafael\/#primaryimage","url":"https:\/\/osepmendoza.com.ar\/web\/wp-content\/uploads\/2024\/12\/sr013.jpg","contentUrl":"https:\/\/osepmendoza.com.ar\/web\/wp-content\/uploads\/2024\/12\/sr013.jpg","width":1200,"height":438},{"@type":"BreadcrumbList","@id":"https:\/\/osepmendoza.com.ar\/web\/adultos-mayores-despidieron-el-ano-en-san-rafael\/#breadcrumb","itemListElement":[{"@type":"ListItem","position":1,"name":"Portada","item":"https:\/\/osepmendoza.com.ar\/web\/"},{"@type":"ListItem","position":2,"name":"Adultos mayores despidieron el a\u00f1o en San Rafael"}]},{"@type":"WebSite","@id":"https:\/\/osepmendoza.com.ar\/web\/#website","url":"https:\/\/osepmendoza.com.ar\/web\/","name":"OSEP Mendoza","description":"Obra Social de los Empleados P\u00fablicos de Mendoza","publisher":{"@id":"https:\/\/osepmendoza.com.ar\/web\/#organization"},"potentialAction":[{"@type":"SearchAction","target":{"@type":"EntryPoint","urlTemplate":"https:\/\/osepmendoza.com.ar\/web\/?s={search_term_string}"},"query-input":{"@type":"PropertyValueSpecification","valueRequired":true,"valueName":"search_term_string"}}],"inLanguage":"es"},{"@type":"Organization","@id":"https:\/\/osepmendoza.com.ar\/web\/#organization","name":"OSEP - Obra Social de Empleados P\u00fablicos de Mendoza","url":"https:\/\/osepmendoza.com.ar\/web\/","logo":{"@type":"ImageObject","inLanguage":"es","@id":"https:\/\/osepmendoza.com.ar\/web\/#\/schema\/logo\/image\/","url":"https:\/\/osepmendoza.com.ar\/web\/wp-content\/uploads\/2020\/04\/lkTM9T9z.jpg","contentUrl":"https:\/\/osepmendoza.com.ar\/web\/wp-content\/uploads\/2020\/04\/lkTM9T9z.jpg","width":334,"height":334,"caption":"OSEP - Obra Social de Empleados P\u00fablicos de Mendoza"},"image":{"@id":"https:\/\/osepmendoza.com.ar\/web\/#\/schema\/logo\/image\/"},"sameAs":["https:\/\/www.facebook.com\/OSEP.MendozaArg\/","https:\/\/x.com\/OsepMza","https:\/\/www.instagram.com\/osep.mendoza\/","https:\/\/www.youtube.com\/user\/osepvideos"]},{"@type":"Person","@id":"https:\/\/osepmendoza.com.ar\/web\/#\/schema\/person\/90986df7128a51e32bb66102fc247eb2","name":"Sebastian Fernandez","image":{"@type":"ImageObject","inLanguage":"es","@id":"https:\/\/secure.gravatar.com\/avatar\/cc42d53caabe846896e06ed8955a60e82b2b829babcb731f86f26c42378bcfec?s=96&d=mm&r=g","url":"https:\/\/secure.gravatar.com\/avatar\/cc42d53caabe846896e06ed8955a60e82b2b829babcb731f86f26c42378bcfec?s=96&d=mm&r=g","contentUrl":"https:\/\/secure.gravatar.com\/avatar\/cc42d53caabe846896e06ed8955a60e82b2b829babcb731f86f26c42378bcfec?s=96&d=mm&r=g","caption":"Sebastian Fernandez"},"sameAs":["http:\/\/osepmendoza.com.ar\/web"]}]}},"amp_enabled":true,"_links":{"self":[{"href":"https:\/\/osepmendoza.com.ar\/web\/wp-json\/wp\/v2\/posts\/56924","targetHints":{"allow":["GET"]}}],"collection":[{"href":"https:\/\/osepmendoza.com.ar\/web\/wp-json\/wp\/v2\/posts"}],"about":[{"href":"https:\/\/osepmendoza.com.ar\/web\/wp-json\/wp\/v2\/types\/post"}],"author":[{"embeddable":true,"href":"https:\/\/osepmendoza.com.ar\/web\/wp-json\/wp\/v2\/users\/12"}],"replies":[{"embeddable":true,"href":"https:\/\/osepmendoza.com.ar\/web\/wp-json\/wp\/v2\/comments?post=56924"}],"version-history":[{"count":2,"href":"https:\/\/osepmendoza.com.ar\/web\/wp-json\/wp\/v2\/posts\/56924\/revisions"}],"predecessor-version":[{"id":56935,"href":"https:\/\/osepmendoza.com.ar\/web\/wp-json\/wp\/v2\/posts\/56924\/revisions\/56935"}],"wp:featuredmedia":[{"embeddable":true,"href":"https:\/\/osepmendoza.com.ar\/web\/wp-json\/wp\/v2\/media\/56925"}],"wp:attachment":[{"href":"https:\/\/osepmendoza.com.ar\/web\/wp-json\/wp\/v2\/media?parent=56924"}],"wp:term":[{"taxonomy":"category","embeddable":true,"href":"https:\/\/osepmendoza.com.ar\/web\/wp-json\/wp\/v2\/categories?post=56924"},{"taxonomy":"post_tag","embeddable":true,"href":"https:\/\/osepmendoza.com.ar\/web\/wp-json\/wp\/v2\/tags?post=56924"}],"curies":[{"name":"wp","href":"https:\/\/api.w.org\/{rel}","templated":true}]}}