{"id":55855,"date":"2024-11-14T15:31:37","date_gmt":"2024-11-14T18:31:37","guid":{"rendered":"https:\/\/osepmendoza.com.ar\/web\/?p=55855"},"modified":"2024-11-15T15:42:30","modified_gmt":"2024-11-15T18:42:30","slug":"personal-y-afiliados-de-osep-unidos-bajo-el-circulo-azul-para-concientizar-sobre-diabetes","status":"publish","type":"post","link":"https:\/\/osepmendoza.com.ar\/web\/personal-y-afiliados-de-osep-unidos-bajo-el-circulo-azul-para-concientizar-sobre-diabetes\/","title":{"rendered":"Personal y afiliados de OSEP unidos bajo el c\u00edrculo azul para concientizar sobre Diabetes"},"content":{"rendered":"<p>En el marco del D\u00eda de la Diabetes, contin\u00faan las actividades de la campa\u00f1a \u201cMiremos m\u00e1s all\u00e1 de la glucemia, tu bienestar importa\u201d, en diferentes puntos de la Provincia.<\/p>\n<p>Con recreaci\u00f3n, controles, educaci\u00f3n en h\u00e1bitos saludables y la predominancia del color azul como bandera, se concientiz\u00f3 sobre prevenci\u00f3n y cuidados de los pacientes que tienen esta patolog\u00eda, para una mejor calidad de vida.<\/p>\n<p>El lunes 8 de noviembre, en la Unidad de Atenci\u00f3n Familiar de Agrelo, Luj\u00e1n de Cuyo, se desarroll\u00f3 una charla sobre la importancia de una alimentaci\u00f3n consciente para una vida saludable.<\/p>\n<div id='gallery-1' class='gallery galleryid-55855 gallery-columns-3 gallery-size-full'><figure class='gallery-item'>\n\t\t\t<div class='gallery-icon portrait'>\n\t\t\t\t<a href='https:\/\/osepmendoza.com.ar\/web\/10-2\/'><img loading=\"lazy\" decoding=\"async\" width=\"960\" height=\"1280\" src=\"https:\/\/osepmendoza.com.ar\/web\/wp-content\/uploads\/2020\/04\/10.jpg\" class=\"attachment-full size-full\" alt=\"\" srcset=\"https:\/\/osepmendoza.com.ar\/web\/wp-content\/uploads\/2020\/04\/10.jpg 960w, https:\/\/osepmendoza.com.ar\/web\/wp-content\/uploads\/2020\/04\/10-113x150.jpg 113w, https:\/\/osepmendoza.com.ar\/web\/wp-content\/uploads\/2020\/04\/10-768x1024.jpg 768w\" sizes=\"auto, (max-width: 960px) 100vw, 960px\" \/><\/a>\n\t\t\t<\/div><\/figure><figure class='gallery-item'>\n\t\t\t<div class='gallery-icon landscape'>\n\t\t\t\t<a href='https:\/\/osepmendoza.com.ar\/web\/7-5\/'><img loading=\"lazy\" decoding=\"async\" width=\"1080\" height=\"810\" src=\"https:\/\/osepmendoza.com.ar\/web\/wp-content\/uploads\/2020\/04\/7.jpg\" class=\"attachment-full size-full\" alt=\"\" srcset=\"https:\/\/osepmendoza.com.ar\/web\/wp-content\/uploads\/2020\/04\/7.jpg 1080w, https:\/\/osepmendoza.com.ar\/web\/wp-content\/uploads\/2020\/04\/7-150x113.jpg 150w, https:\/\/osepmendoza.com.ar\/web\/wp-content\/uploads\/2020\/04\/7-768x576.jpg 768w\" sizes=\"auto, (max-width: 1080px) 100vw, 1080px\" \/><\/a>\n\t\t\t<\/div><\/figure><figure class='gallery-item'>\n\t\t\t<div class='gallery-icon landscape'>\n\t\t\t\t<a href='https:\/\/osepmendoza.com.ar\/web\/9-4\/'><img loading=\"lazy\" decoding=\"async\" width=\"1280\" height=\"960\" src=\"https:\/\/osepmendoza.com.ar\/web\/wp-content\/uploads\/2020\/04\/9.jpg\" class=\"attachment-full size-full\" alt=\"\" srcset=\"https:\/\/osepmendoza.com.ar\/web\/wp-content\/uploads\/2020\/04\/9.jpg 1280w, https:\/\/osepmendoza.com.ar\/web\/wp-content\/uploads\/2020\/04\/9-150x113.jpg 150w, https:\/\/osepmendoza.com.ar\/web\/wp-content\/uploads\/2020\/04\/9-768x576.jpg 768w\" sizes=\"auto, (max-width: 1280px) 100vw, 1280px\" \/><\/a>\n\t\t\t<\/div><\/figure>\n\t\t<\/div>\n\n<p>El martes, en el edificio Xeltahuina, el Servicio de Gesti\u00f3n Cl\u00ednica para Pacientes Cr\u00f3nicos realiz\u00f3 una jornada de celebraci\u00f3n junto a gran cantidad afiliados y afiliadas que asisten a los talleres preventivos. La actividad cont\u00f3 con la actuaci\u00f3n destacada de Andr\u00e9s Iacopini, director del coro de OSEP y participaron tanto pacientes con diabetes como personas que tienen familiares con esta enfermedad.<\/p>\n<div id='gallery-2' class='gallery galleryid-55855 gallery-columns-2 gallery-size-full'><figure class='gallery-item'>\n\t\t\t<div class='gallery-icon landscape'>\n\t\t\t\t<a href='https:\/\/osepmendoza.com.ar\/web\/whatsapp-image-2024-11-14-at-15-16-04\/'><img loading=\"lazy\" decoding=\"async\" width=\"1600\" height=\"757\" src=\"https:\/\/osepmendoza.com.ar\/web\/wp-content\/uploads\/2020\/04\/WhatsApp-Image-2024-11-14-at-15.16.04.jpeg\" class=\"attachment-full size-full\" alt=\"\" srcset=\"https:\/\/osepmendoza.com.ar\/web\/wp-content\/uploads\/2020\/04\/WhatsApp-Image-2024-11-14-at-15.16.04.jpeg 1600w, https:\/\/osepmendoza.com.ar\/web\/wp-content\/uploads\/2020\/04\/WhatsApp-Image-2024-11-14-at-15.16.04-150x71.jpeg 150w, https:\/\/osepmendoza.com.ar\/web\/wp-content\/uploads\/2020\/04\/WhatsApp-Image-2024-11-14-at-15.16.04-768x363.jpeg 768w, https:\/\/osepmendoza.com.ar\/web\/wp-content\/uploads\/2020\/04\/WhatsApp-Image-2024-11-14-at-15.16.04-1536x727.jpeg 1536w\" sizes=\"auto, (max-width: 1600px) 100vw, 1600px\" \/><\/a>\n\t\t\t<\/div><\/figure><figure class='gallery-item'>\n\t\t\t<div class='gallery-icon landscape'>\n\t\t\t\t<a href='https:\/\/osepmendoza.com.ar\/web\/whatsapp-image-2024-11-14-at-15-16-06\/'><img loading=\"lazy\" decoding=\"async\" width=\"1600\" height=\"757\" src=\"https:\/\/osepmendoza.com.ar\/web\/wp-content\/uploads\/2020\/04\/WhatsApp-Image-2024-11-14-at-15.16.06.jpeg\" class=\"attachment-full size-full\" alt=\"\" srcset=\"https:\/\/osepmendoza.com.ar\/web\/wp-content\/uploads\/2020\/04\/WhatsApp-Image-2024-11-14-at-15.16.06.jpeg 1600w, https:\/\/osepmendoza.com.ar\/web\/wp-content\/uploads\/2020\/04\/WhatsApp-Image-2024-11-14-at-15.16.06-150x71.jpeg 150w, https:\/\/osepmendoza.com.ar\/web\/wp-content\/uploads\/2020\/04\/WhatsApp-Image-2024-11-14-at-15.16.06-768x363.jpeg 768w, https:\/\/osepmendoza.com.ar\/web\/wp-content\/uploads\/2020\/04\/WhatsApp-Image-2024-11-14-at-15.16.06-1536x727.jpeg 1536w\" sizes=\"auto, (max-width: 1600px) 100vw, 1600px\" \/><\/a>\n\t\t\t<\/div><\/figure><figure class='gallery-item'>\n\t\t\t<div class='gallery-icon landscape'>\n\t\t\t\t<a href='https:\/\/osepmendoza.com.ar\/web\/whatsapp-image-2024-11-14-at-15-16-02\/'><img loading=\"lazy\" decoding=\"async\" width=\"1600\" height=\"713\" src=\"https:\/\/osepmendoza.com.ar\/web\/wp-content\/uploads\/2020\/04\/WhatsApp-Image-2024-11-14-at-15.16.02.jpeg\" class=\"attachment-full size-full\" alt=\"\" srcset=\"https:\/\/osepmendoza.com.ar\/web\/wp-content\/uploads\/2020\/04\/WhatsApp-Image-2024-11-14-at-15.16.02.jpeg 1600w, https:\/\/osepmendoza.com.ar\/web\/wp-content\/uploads\/2020\/04\/WhatsApp-Image-2024-11-14-at-15.16.02-150x67.jpeg 150w, https:\/\/osepmendoza.com.ar\/web\/wp-content\/uploads\/2020\/04\/WhatsApp-Image-2024-11-14-at-15.16.02-768x342.jpeg 768w, https:\/\/osepmendoza.com.ar\/web\/wp-content\/uploads\/2020\/04\/WhatsApp-Image-2024-11-14-at-15.16.02-1536x684.jpeg 1536w\" sizes=\"auto, (max-width: 1600px) 100vw, 1600px\" \/><\/a>\n\t\t\t<\/div><\/figure><figure class='gallery-item'>\n\t\t\t<div class='gallery-icon landscape'>\n\t\t\t\t<a href='https:\/\/osepmendoza.com.ar\/web\/whatsapp-image-2024-11-14-at-15-18-19\/'><img loading=\"lazy\" decoding=\"async\" width=\"1268\" height=\"920\" src=\"https:\/\/osepmendoza.com.ar\/web\/wp-content\/uploads\/2020\/04\/WhatsApp-Image-2024-11-14-at-15.18.19.jpeg\" class=\"attachment-full size-full\" alt=\"\" srcset=\"https:\/\/osepmendoza.com.ar\/web\/wp-content\/uploads\/2020\/04\/WhatsApp-Image-2024-11-14-at-15.18.19.jpeg 1268w, https:\/\/osepmendoza.com.ar\/web\/wp-content\/uploads\/2020\/04\/WhatsApp-Image-2024-11-14-at-15.18.19-150x109.jpeg 150w, https:\/\/osepmendoza.com.ar\/web\/wp-content\/uploads\/2020\/04\/WhatsApp-Image-2024-11-14-at-15.18.19-768x557.jpeg 768w\" sizes=\"auto, (max-width: 1268px) 100vw, 1268px\" \/><\/a>\n\t\t\t<\/div><\/figure>\n\t\t<\/div>\n\n<p>Ayer, 13 de noviembre, personal de OSEP Cerca Ujemvi, de Las Heras, realiz\u00f3 un Taller de Prevenci\u00f3n de esta patolog\u00eda metab\u00f3lica cr\u00f3nica. Mientras que en OSEP San Rafael un equipo conformado por nutricionistas, diabet\u00f3logos, endocrin\u00f3logos y profesores de educaci\u00f3n f\u00edsica de la Sede, ofreci\u00f3 controles, asistencia e informaci\u00f3n a afiliados y afiliadas.<\/p>\n<div id='gallery-3' class='gallery galleryid-55855 gallery-columns-3 gallery-size-full'><figure class='gallery-item'>\n\t\t\t<div class='gallery-icon portrait'>\n\t\t\t\t<a href='https:\/\/osepmendoza.com.ar\/web\/whatsapp-image-2024-11-14-at-10-59-34\/'><img loading=\"lazy\" decoding=\"async\" width=\"1200\" height=\"1600\" src=\"https:\/\/osepmendoza.com.ar\/web\/wp-content\/uploads\/2020\/04\/WhatsApp-Image-2024-11-14-at-10.59.34.jpeg\" class=\"attachment-full size-full\" alt=\"\" srcset=\"https:\/\/osepmendoza.com.ar\/web\/wp-content\/uploads\/2020\/04\/WhatsApp-Image-2024-11-14-at-10.59.34.jpeg 1200w, https:\/\/osepmendoza.com.ar\/web\/wp-content\/uploads\/2020\/04\/WhatsApp-Image-2024-11-14-at-10.59.34-113x150.jpeg 113w, https:\/\/osepmendoza.com.ar\/web\/wp-content\/uploads\/2020\/04\/WhatsApp-Image-2024-11-14-at-10.59.34-768x1024.jpeg 768w, https:\/\/osepmendoza.com.ar\/web\/wp-content\/uploads\/2020\/04\/WhatsApp-Image-2024-11-14-at-10.59.34-1152x1536.jpeg 1152w\" sizes=\"auto, (max-width: 1200px) 100vw, 1200px\" \/><\/a>\n\t\t\t<\/div><\/figure><figure class='gallery-item'>\n\t\t\t<div class='gallery-icon landscape'>\n\t\t\t\t<a href='https:\/\/osepmendoza.com.ar\/web\/whatsapp-image-2024-11-14-at-10-58-55\/'><img loading=\"lazy\" decoding=\"async\" width=\"1600\" height=\"1200\" src=\"https:\/\/osepmendoza.com.ar\/web\/wp-content\/uploads\/2020\/04\/WhatsApp-Image-2024-11-14-at-10.58.55.jpeg\" class=\"attachment-full size-full\" alt=\"\" srcset=\"https:\/\/osepmendoza.com.ar\/web\/wp-content\/uploads\/2020\/04\/WhatsApp-Image-2024-11-14-at-10.58.55.jpeg 1600w, https:\/\/osepmendoza.com.ar\/web\/wp-content\/uploads\/2020\/04\/WhatsApp-Image-2024-11-14-at-10.58.55-150x113.jpeg 150w, https:\/\/osepmendoza.com.ar\/web\/wp-content\/uploads\/2020\/04\/WhatsApp-Image-2024-11-14-at-10.58.55-768x576.jpeg 768w, https:\/\/osepmendoza.com.ar\/web\/wp-content\/uploads\/2020\/04\/WhatsApp-Image-2024-11-14-at-10.58.55-1536x1152.jpeg 1536w\" sizes=\"auto, (max-width: 1600px) 100vw, 1600px\" \/><\/a>\n\t\t\t<\/div><\/figure><figure class='gallery-item'>\n\t\t\t<div class='gallery-icon landscape'>\n\t\t\t\t<a href='https:\/\/osepmendoza.com.ar\/web\/whatsapp-image-2024-11-14-at-10-58-30\/'><img loading=\"lazy\" decoding=\"async\" width=\"1600\" height=\"720\" src=\"https:\/\/osepmendoza.com.ar\/web\/wp-content\/uploads\/2020\/04\/WhatsApp-Image-2024-11-14-at-10.58.30.jpeg\" class=\"attachment-full size-full\" alt=\"\" srcset=\"https:\/\/osepmendoza.com.ar\/web\/wp-content\/uploads\/2020\/04\/WhatsApp-Image-2024-11-14-at-10.58.30.jpeg 1600w, https:\/\/osepmendoza.com.ar\/web\/wp-content\/uploads\/2020\/04\/WhatsApp-Image-2024-11-14-at-10.58.30-150x68.jpeg 150w, https:\/\/osepmendoza.com.ar\/web\/wp-content\/uploads\/2020\/04\/WhatsApp-Image-2024-11-14-at-10.58.30-768x346.jpeg 768w, https:\/\/osepmendoza.com.ar\/web\/wp-content\/uploads\/2020\/04\/WhatsApp-Image-2024-11-14-at-10.58.30-1536x691.jpeg 1536w\" sizes=\"auto, (max-width: 1600px) 100vw, 1600px\" \/><\/a>\n\t\t\t<\/div><\/figure><figure class='gallery-item'>\n\t\t\t<div class='gallery-icon portrait'>\n\t\t\t\t<a href='https:\/\/osepmendoza.com.ar\/web\/whatsapp-image-2024-11-14-at-11-06-09\/'><img loading=\"lazy\" decoding=\"async\" width=\"960\" height=\"1280\" src=\"https:\/\/osepmendoza.com.ar\/web\/wp-content\/uploads\/2020\/04\/WhatsApp-Image-2024-11-14-at-11.06.09.jpeg\" class=\"attachment-full size-full\" alt=\"\" srcset=\"https:\/\/osepmendoza.com.ar\/web\/wp-content\/uploads\/2020\/04\/WhatsApp-Image-2024-11-14-at-11.06.09.jpeg 960w, https:\/\/osepmendoza.com.ar\/web\/wp-content\/uploads\/2020\/04\/WhatsApp-Image-2024-11-14-at-11.06.09-113x150.jpeg 113w, https:\/\/osepmendoza.com.ar\/web\/wp-content\/uploads\/2020\/04\/WhatsApp-Image-2024-11-14-at-11.06.09-768x1024.jpeg 768w\" sizes=\"auto, (max-width: 960px) 100vw, 960px\" \/><\/a>\n\t\t\t<\/div><\/figure><figure class='gallery-item'>\n\t\t\t<div class='gallery-icon portrait'>\n\t\t\t\t<a href='https:\/\/osepmendoza.com.ar\/web\/whatsapp-image-2024-11-14-at-11-06-09-1\/'><img loading=\"lazy\" decoding=\"async\" width=\"960\" height=\"1280\" src=\"https:\/\/osepmendoza.com.ar\/web\/wp-content\/uploads\/2020\/04\/WhatsApp-Image-2024-11-14-at-11.06.09-1.jpeg\" class=\"attachment-full size-full\" alt=\"\" srcset=\"https:\/\/osepmendoza.com.ar\/web\/wp-content\/uploads\/2020\/04\/WhatsApp-Image-2024-11-14-at-11.06.09-1.jpeg 960w, https:\/\/osepmendoza.com.ar\/web\/wp-content\/uploads\/2020\/04\/WhatsApp-Image-2024-11-14-at-11.06.09-1-113x150.jpeg 113w, https:\/\/osepmendoza.com.ar\/web\/wp-content\/uploads\/2020\/04\/WhatsApp-Image-2024-11-14-at-11.06.09-1-768x1024.jpeg 768w\" sizes=\"auto, (max-width: 960px) 100vw, 960px\" \/><\/a>\n\t\t\t<\/div><\/figure>\n\t\t<\/div>\n\n<p>En el D\u00eda de la Diabetes, que se celebra cada 14 de noviembre, hubo actividades en simult\u00e1neo. El evento m\u00e1s importante se llev\u00f3 a cabo en el SUM 1 del edificio Xeltahuina, donde se mont\u00f3 una obra de teatro que alude a las emociones que siente un adolescente con diabetes en su vida cotidiana llevando un mensaje de compromiso, perseverancia y compromiso con su salud. La interpretaci\u00f3n fue realizada por personal del nosocomio y sus familias a cargo del animador sociocultural Music\u00f3n y Gabriela Oribe. Adem\u00e1s se realiz\u00f3 una clase de cocina a cargo de la nutricionista Gabriela Mathiasen, los beneficios de la educaci\u00f3n f\u00edsica a cargo del profesor Javier Dom\u00ednguez y su equipo y la parte psicol\u00f3gica a cargo de la psic\u00f3loga infanto juvenirl Marcela Pezutti y la parte m\u00e9dica a cargo de la doctora D\u00e9bora Videla. Las actividades contaron con la presencia de numerosos pacientes y el director del Hospital Fleming, Mauricio Recabarren.<\/p>\n<p>La obra de teatro se puede ver en el canal de YouTube OSEP Mendoza \u21d2 <a href=\"https:\/\/www.youtube.com\/watch?v=CCUq8YvTklo\" target=\"_blank\" rel=\"noopener\">https:\/\/www.youtube.com\/watch?v=CCUq8YvTklo<\/a><\/p>\n<div id='gallery-4' class='gallery galleryid-55855 gallery-columns-3 gallery-size-full'><figure class='gallery-item'>\n\t\t\t<div class='gallery-icon landscape'>\n\t\t\t\t<a href='https:\/\/osepmendoza.com.ar\/web\/personal-y-afiliados-de-osep-unidos-bajo-el-circulo-azul-para-concientizar-sobre-diabetes\/whatsapp-image-2024-11-14-at-14-40-53-2\/'><img loading=\"lazy\" decoding=\"async\" width=\"1280\" height=\"720\" src=\"https:\/\/osepmendoza.com.ar\/web\/wp-content\/uploads\/2024\/11\/WhatsApp-Image-2024-11-14-at-14.40.53-1.jpeg\" class=\"attachment-full size-full\" alt=\"\" srcset=\"https:\/\/osepmendoza.com.ar\/web\/wp-content\/uploads\/2024\/11\/WhatsApp-Image-2024-11-14-at-14.40.53-1.jpeg 1280w, https:\/\/osepmendoza.com.ar\/web\/wp-content\/uploads\/2024\/11\/WhatsApp-Image-2024-11-14-at-14.40.53-1-150x84.jpeg 150w, https:\/\/osepmendoza.com.ar\/web\/wp-content\/uploads\/2024\/11\/WhatsApp-Image-2024-11-14-at-14.40.53-1-768x432.jpeg 768w, https:\/\/osepmendoza.com.ar\/web\/wp-content\/uploads\/2024\/11\/WhatsApp-Image-2024-11-14-at-14.40.53-1-1200x675.jpeg 1200w\" sizes=\"auto, (max-width: 1280px) 100vw, 1280px\" \/><\/a>\n\t\t\t<\/div><\/figure><figure class='gallery-item'>\n\t\t\t<div class='gallery-icon landscape'>\n\t\t\t\t<a href='https:\/\/osepmendoza.com.ar\/web\/personal-y-afiliados-de-osep-unidos-bajo-el-circulo-azul-para-concientizar-sobre-diabetes\/whatsapp-image-2024-11-14-at-14-40-52-2\/'><img loading=\"lazy\" decoding=\"async\" width=\"1280\" height=\"720\" src=\"https:\/\/osepmendoza.com.ar\/web\/wp-content\/uploads\/2024\/11\/WhatsApp-Image-2024-11-14-at-14.40.52-1.jpeg\" class=\"attachment-full size-full\" alt=\"\" srcset=\"https:\/\/osepmendoza.com.ar\/web\/wp-content\/uploads\/2024\/11\/WhatsApp-Image-2024-11-14-at-14.40.52-1.jpeg 1280w, https:\/\/osepmendoza.com.ar\/web\/wp-content\/uploads\/2024\/11\/WhatsApp-Image-2024-11-14-at-14.40.52-1-150x84.jpeg 150w, https:\/\/osepmendoza.com.ar\/web\/wp-content\/uploads\/2024\/11\/WhatsApp-Image-2024-11-14-at-14.40.52-1-768x432.jpeg 768w, https:\/\/osepmendoza.com.ar\/web\/wp-content\/uploads\/2024\/11\/WhatsApp-Image-2024-11-14-at-14.40.52-1-1200x675.jpeg 1200w\" sizes=\"auto, (max-width: 1280px) 100vw, 1280px\" \/><\/a>\n\t\t\t<\/div><\/figure><figure class='gallery-item'>\n\t\t\t<div class='gallery-icon landscape'>\n\t\t\t\t<a href='https:\/\/osepmendoza.com.ar\/web\/personal-y-afiliados-de-osep-unidos-bajo-el-circulo-azul-para-concientizar-sobre-diabetes\/whatsapp-image-2024-11-14-at-14-40-48-2\/'><img loading=\"lazy\" decoding=\"async\" width=\"1280\" height=\"720\" src=\"https:\/\/osepmendoza.com.ar\/web\/wp-content\/uploads\/2024\/11\/WhatsApp-Image-2024-11-14-at-14.40.48-1.jpeg\" class=\"attachment-full size-full\" alt=\"\" srcset=\"https:\/\/osepmendoza.com.ar\/web\/wp-content\/uploads\/2024\/11\/WhatsApp-Image-2024-11-14-at-14.40.48-1.jpeg 1280w, https:\/\/osepmendoza.com.ar\/web\/wp-content\/uploads\/2024\/11\/WhatsApp-Image-2024-11-14-at-14.40.48-1-150x84.jpeg 150w, https:\/\/osepmendoza.com.ar\/web\/wp-content\/uploads\/2024\/11\/WhatsApp-Image-2024-11-14-at-14.40.48-1-768x432.jpeg 768w, https:\/\/osepmendoza.com.ar\/web\/wp-content\/uploads\/2024\/11\/WhatsApp-Image-2024-11-14-at-14.40.48-1-1200x675.jpeg 1200w\" sizes=\"auto, (max-width: 1280px) 100vw, 1280px\" \/><\/a>\n\t\t\t<\/div><\/figure><figure class='gallery-item'>\n\t\t\t<div class='gallery-icon portrait'>\n\t\t\t\t<a href='https:\/\/osepmendoza.com.ar\/web\/personal-y-afiliados-de-osep-unidos-bajo-el-circulo-azul-para-concientizar-sobre-diabetes\/whatsapp-image-2024-11-14-at-14-40-50-2\/'><img loading=\"lazy\" decoding=\"async\" width=\"720\" height=\"1280\" src=\"https:\/\/osepmendoza.com.ar\/web\/wp-content\/uploads\/2024\/11\/WhatsApp-Image-2024-11-14-at-14.40.50-1.jpeg\" class=\"attachment-full size-full\" alt=\"\" srcset=\"https:\/\/osepmendoza.com.ar\/web\/wp-content\/uploads\/2024\/11\/WhatsApp-Image-2024-11-14-at-14.40.50-1.jpeg 720w, https:\/\/osepmendoza.com.ar\/web\/wp-content\/uploads\/2024\/11\/WhatsApp-Image-2024-11-14-at-14.40.50-1-84x150.jpeg 84w\" sizes=\"auto, (max-width: 720px) 100vw, 720px\" \/><\/a>\n\t\t\t<\/div><\/figure><figure class='gallery-item'>\n\t\t\t<div class='gallery-icon portrait'>\n\t\t\t\t<a href='https:\/\/osepmendoza.com.ar\/web\/personal-y-afiliados-de-osep-unidos-bajo-el-circulo-azul-para-concientizar-sobre-diabetes\/whatsapp-image-2024-11-14-at-14-40-41-2\/'><img loading=\"lazy\" decoding=\"async\" width=\"720\" height=\"1280\" src=\"https:\/\/osepmendoza.com.ar\/web\/wp-content\/uploads\/2024\/11\/WhatsApp-Image-2024-11-14-at-14.40.41-1.jpeg\" class=\"attachment-full size-full\" alt=\"\" srcset=\"https:\/\/osepmendoza.com.ar\/web\/wp-content\/uploads\/2024\/11\/WhatsApp-Image-2024-11-14-at-14.40.41-1.jpeg 720w, https:\/\/osepmendoza.com.ar\/web\/wp-content\/uploads\/2024\/11\/WhatsApp-Image-2024-11-14-at-14.40.41-1-84x150.jpeg 84w\" sizes=\"auto, (max-width: 720px) 100vw, 720px\" \/><\/a>\n\t\t\t<\/div><\/figure><figure class='gallery-item'>\n\t\t\t<div class='gallery-icon portrait'>\n\t\t\t\t<a href='https:\/\/osepmendoza.com.ar\/web\/personal-y-afiliados-de-osep-unidos-bajo-el-circulo-azul-para-concientizar-sobre-diabetes\/whatsapp-image-2024-11-14-at-14-40-36-2\/'><img loading=\"lazy\" decoding=\"async\" width=\"720\" height=\"1280\" src=\"https:\/\/osepmendoza.com.ar\/web\/wp-content\/uploads\/2024\/11\/WhatsApp-Image-2024-11-14-at-14.40.36-1.jpeg\" class=\"attachment-full size-full\" alt=\"\" srcset=\"https:\/\/osepmendoza.com.ar\/web\/wp-content\/uploads\/2024\/11\/WhatsApp-Image-2024-11-14-at-14.40.36-1.jpeg 720w, https:\/\/osepmendoza.com.ar\/web\/wp-content\/uploads\/2024\/11\/WhatsApp-Image-2024-11-14-at-14.40.36-1-84x150.jpeg 84w\" sizes=\"auto, (max-width: 720px) 100vw, 720px\" \/><\/a>\n\t\t\t<\/div><\/figure><figure class='gallery-item'>\n\t\t\t<div class='gallery-icon landscape'>\n\t\t\t\t<a href='https:\/\/osepmendoza.com.ar\/web\/personal-y-afiliados-de-osep-unidos-bajo-el-circulo-azul-para-concientizar-sobre-diabetes\/whatsapp-image-2024-11-14-at-14-40-45-2\/'><img loading=\"lazy\" decoding=\"async\" width=\"1280\" height=\"720\" src=\"https:\/\/osepmendoza.com.ar\/web\/wp-content\/uploads\/2024\/11\/WhatsApp-Image-2024-11-14-at-14.40.45-1.jpeg\" class=\"attachment-full size-full\" alt=\"\" srcset=\"https:\/\/osepmendoza.com.ar\/web\/wp-content\/uploads\/2024\/11\/WhatsApp-Image-2024-11-14-at-14.40.45-1.jpeg 1280w, https:\/\/osepmendoza.com.ar\/web\/wp-content\/uploads\/2024\/11\/WhatsApp-Image-2024-11-14-at-14.40.45-1-150x84.jpeg 150w, https:\/\/osepmendoza.com.ar\/web\/wp-content\/uploads\/2024\/11\/WhatsApp-Image-2024-11-14-at-14.40.45-1-768x432.jpeg 768w, https:\/\/osepmendoza.com.ar\/web\/wp-content\/uploads\/2024\/11\/WhatsApp-Image-2024-11-14-at-14.40.45-1-1200x675.jpeg 1200w\" sizes=\"auto, (max-width: 1280px) 100vw, 1280px\" \/><\/a>\n\t\t\t<\/div><\/figure>\n\t\t<\/div>\n\n<p>Por su parte, OSEP Maip\u00fa organiz\u00f3 postas de Nutrici\u00f3n, informaci\u00f3n general, Psicolog\u00eda, cuidados del pie, adem\u00e1s de juegos y sorteos para pacientes y familiares, en la Sede ubicada en Ozamis 211.<\/p>\n<div id='gallery-5' class='gallery galleryid-55855 gallery-columns-3 gallery-size-full'><figure class='gallery-item'>\n\t\t\t<div class='gallery-icon portrait'>\n\t\t\t\t<a href='https:\/\/osepmendoza.com.ar\/web\/whatsapp-image-2024-11-15-at-08-35-58-3\/'><img loading=\"lazy\" decoding=\"async\" width=\"960\" height=\"1280\" src=\"https:\/\/osepmendoza.com.ar\/web\/wp-content\/uploads\/2020\/04\/WhatsApp-Image-2024-11-15-at-08.35.58-3.jpeg\" class=\"attachment-full size-full\" alt=\"\" srcset=\"https:\/\/osepmendoza.com.ar\/web\/wp-content\/uploads\/2020\/04\/WhatsApp-Image-2024-11-15-at-08.35.58-3.jpeg 960w, https:\/\/osepmendoza.com.ar\/web\/wp-content\/uploads\/2020\/04\/WhatsApp-Image-2024-11-15-at-08.35.58-3-113x150.jpeg 113w, https:\/\/osepmendoza.com.ar\/web\/wp-content\/uploads\/2020\/04\/WhatsApp-Image-2024-11-15-at-08.35.58-3-768x1024.jpeg 768w\" sizes=\"auto, (max-width: 960px) 100vw, 960px\" \/><\/a>\n\t\t\t<\/div><\/figure><figure class='gallery-item'>\n\t\t\t<div class='gallery-icon landscape'>\n\t\t\t\t<a href='https:\/\/osepmendoza.com.ar\/web\/whatsapp-image-2024-11-15-at-08-35-58-2\/'><img loading=\"lazy\" decoding=\"async\" width=\"1599\" height=\"1200\" src=\"https:\/\/osepmendoza.com.ar\/web\/wp-content\/uploads\/2020\/04\/WhatsApp-Image-2024-11-15-at-08.35.58-2.jpeg\" class=\"attachment-full size-full\" alt=\"\" srcset=\"https:\/\/osepmendoza.com.ar\/web\/wp-content\/uploads\/2020\/04\/WhatsApp-Image-2024-11-15-at-08.35.58-2.jpeg 1599w, https:\/\/osepmendoza.com.ar\/web\/wp-content\/uploads\/2020\/04\/WhatsApp-Image-2024-11-15-at-08.35.58-2-150x113.jpeg 150w, https:\/\/osepmendoza.com.ar\/web\/wp-content\/uploads\/2020\/04\/WhatsApp-Image-2024-11-15-at-08.35.58-2-768x576.jpeg 768w, https:\/\/osepmendoza.com.ar\/web\/wp-content\/uploads\/2020\/04\/WhatsApp-Image-2024-11-15-at-08.35.58-2-1536x1153.jpeg 1536w\" sizes=\"auto, (max-width: 1599px) 100vw, 1599px\" \/><\/a>\n\t\t\t<\/div><\/figure><figure class='gallery-item'>\n\t\t\t<div class='gallery-icon landscape'>\n\t\t\t\t<a href='https:\/\/osepmendoza.com.ar\/web\/whatsapp-image-2024-11-15-at-08-35-58-1\/'><img loading=\"lazy\" decoding=\"async\" width=\"1280\" height=\"960\" src=\"https:\/\/osepmendoza.com.ar\/web\/wp-content\/uploads\/2020\/04\/WhatsApp-Image-2024-11-15-at-08.35.58-1.jpeg\" class=\"attachment-full size-full\" alt=\"\" srcset=\"https:\/\/osepmendoza.com.ar\/web\/wp-content\/uploads\/2020\/04\/WhatsApp-Image-2024-11-15-at-08.35.58-1.jpeg 1280w, https:\/\/osepmendoza.com.ar\/web\/wp-content\/uploads\/2020\/04\/WhatsApp-Image-2024-11-15-at-08.35.58-1-150x113.jpeg 150w, https:\/\/osepmendoza.com.ar\/web\/wp-content\/uploads\/2020\/04\/WhatsApp-Image-2024-11-15-at-08.35.58-1-768x576.jpeg 768w\" sizes=\"auto, (max-width: 1280px) 100vw, 1280px\" \/><\/a>\n\t\t\t<\/div><\/figure><figure class='gallery-item'>\n\t\t\t<div class='gallery-icon landscape'>\n\t\t\t\t<a href='https:\/\/osepmendoza.com.ar\/web\/whatsapp-image-2024-11-15-at-08-35-58\/'><img loading=\"lazy\" decoding=\"async\" width=\"1280\" height=\"960\" src=\"https:\/\/osepmendoza.com.ar\/web\/wp-content\/uploads\/2020\/04\/WhatsApp-Image-2024-11-15-at-08.35.58.jpeg\" class=\"attachment-full size-full\" alt=\"\" srcset=\"https:\/\/osepmendoza.com.ar\/web\/wp-content\/uploads\/2020\/04\/WhatsApp-Image-2024-11-15-at-08.35.58.jpeg 1280w, https:\/\/osepmendoza.com.ar\/web\/wp-content\/uploads\/2020\/04\/WhatsApp-Image-2024-11-15-at-08.35.58-150x113.jpeg 150w, https:\/\/osepmendoza.com.ar\/web\/wp-content\/uploads\/2020\/04\/WhatsApp-Image-2024-11-15-at-08.35.58-768x576.jpeg 768w\" sizes=\"auto, (max-width: 1280px) 100vw, 1280px\" \/><\/a>\n\t\t\t<\/div><\/figure><figure class='gallery-item'>\n\t\t\t<div class='gallery-icon landscape'>\n\t\t\t\t<a href='https:\/\/osepmendoza.com.ar\/web\/whatsapp-image-2024-11-15-at-08-35-59-1\/'><img loading=\"lazy\" decoding=\"async\" width=\"1280\" height=\"963\" src=\"https:\/\/osepmendoza.com.ar\/web\/wp-content\/uploads\/2020\/04\/WhatsApp-Image-2024-11-15-at-08.35.59-1.jpeg\" class=\"attachment-full size-full\" alt=\"\" srcset=\"https:\/\/osepmendoza.com.ar\/web\/wp-content\/uploads\/2020\/04\/WhatsApp-Image-2024-11-15-at-08.35.59-1.jpeg 1280w, https:\/\/osepmendoza.com.ar\/web\/wp-content\/uploads\/2020\/04\/WhatsApp-Image-2024-11-15-at-08.35.59-1-150x113.jpeg 150w, https:\/\/osepmendoza.com.ar\/web\/wp-content\/uploads\/2020\/04\/WhatsApp-Image-2024-11-15-at-08.35.59-1-768x578.jpeg 768w\" sizes=\"auto, (max-width: 1280px) 100vw, 1280px\" \/><\/a>\n\t\t\t<\/div><\/figure>\n\t\t<\/div>\n\n<p>En una jornada denominada \u201c\u00a1Cuidado! La diabetes no toma vacaciones\u201d, la Unidad de Atenci\u00f3n Familiar del Plumerillo, en Las Heras, ofreci\u00f3 charlas educativas sobre autocuidado a cargo de un equipo interdisciplinario.<\/p>\n<div id='gallery-6' class='gallery galleryid-55855 gallery-columns-3 gallery-size-full'><figure class='gallery-item'>\n\t\t\t<div class='gallery-icon landscape'>\n\t\t\t\t<a href='https:\/\/osepmendoza.com.ar\/web\/whatsapp-image-2024-11-14-at-11-01-09-2\/'><img loading=\"lazy\" decoding=\"async\" width=\"1600\" height=\"900\" src=\"https:\/\/osepmendoza.com.ar\/web\/wp-content\/uploads\/2020\/04\/WhatsApp-Image-2024-11-14-at-11.01.09-2.jpeg\" class=\"attachment-full size-full\" alt=\"\" srcset=\"https:\/\/osepmendoza.com.ar\/web\/wp-content\/uploads\/2020\/04\/WhatsApp-Image-2024-11-14-at-11.01.09-2.jpeg 1600w, https:\/\/osepmendoza.com.ar\/web\/wp-content\/uploads\/2020\/04\/WhatsApp-Image-2024-11-14-at-11.01.09-2-150x84.jpeg 150w, https:\/\/osepmendoza.com.ar\/web\/wp-content\/uploads\/2020\/04\/WhatsApp-Image-2024-11-14-at-11.01.09-2-768x432.jpeg 768w, https:\/\/osepmendoza.com.ar\/web\/wp-content\/uploads\/2020\/04\/WhatsApp-Image-2024-11-14-at-11.01.09-2-1536x864.jpeg 1536w, https:\/\/osepmendoza.com.ar\/web\/wp-content\/uploads\/2020\/04\/WhatsApp-Image-2024-11-14-at-11.01.09-2-1200x675.jpeg 1200w\" sizes=\"auto, (max-width: 1600px) 100vw, 1600px\" \/><\/a>\n\t\t\t<\/div><\/figure><figure class='gallery-item'>\n\t\t\t<div class='gallery-icon landscape'>\n\t\t\t\t<a href='https:\/\/osepmendoza.com.ar\/web\/whatsapp-image-2024-11-14-at-11-01-09\/'><img loading=\"lazy\" decoding=\"async\" width=\"1600\" height=\"900\" src=\"https:\/\/osepmendoza.com.ar\/web\/wp-content\/uploads\/2020\/04\/WhatsApp-Image-2024-11-14-at-11.01.09.jpeg\" class=\"attachment-full size-full\" alt=\"\" srcset=\"https:\/\/osepmendoza.com.ar\/web\/wp-content\/uploads\/2020\/04\/WhatsApp-Image-2024-11-14-at-11.01.09.jpeg 1600w, https:\/\/osepmendoza.com.ar\/web\/wp-content\/uploads\/2020\/04\/WhatsApp-Image-2024-11-14-at-11.01.09-150x84.jpeg 150w, https:\/\/osepmendoza.com.ar\/web\/wp-content\/uploads\/2020\/04\/WhatsApp-Image-2024-11-14-at-11.01.09-768x432.jpeg 768w, https:\/\/osepmendoza.com.ar\/web\/wp-content\/uploads\/2020\/04\/WhatsApp-Image-2024-11-14-at-11.01.09-1536x864.jpeg 1536w, https:\/\/osepmendoza.com.ar\/web\/wp-content\/uploads\/2020\/04\/WhatsApp-Image-2024-11-14-at-11.01.09-1200x675.jpeg 1200w\" sizes=\"auto, (max-width: 1600px) 100vw, 1600px\" \/><\/a>\n\t\t\t<\/div><\/figure><figure class='gallery-item'>\n\t\t\t<div class='gallery-icon landscape'>\n\t\t\t\t<a href='https:\/\/osepmendoza.com.ar\/web\/whatsapp-image-2024-11-14-at-11-01-09-1\/'><img loading=\"lazy\" decoding=\"async\" width=\"1280\" height=\"960\" src=\"https:\/\/osepmendoza.com.ar\/web\/wp-content\/uploads\/2020\/04\/WhatsApp-Image-2024-11-14-at-11.01.09-1.jpeg\" class=\"attachment-full size-full\" alt=\"\" srcset=\"https:\/\/osepmendoza.com.ar\/web\/wp-content\/uploads\/2020\/04\/WhatsApp-Image-2024-11-14-at-11.01.09-1.jpeg 1280w, https:\/\/osepmendoza.com.ar\/web\/wp-content\/uploads\/2020\/04\/WhatsApp-Image-2024-11-14-at-11.01.09-1-150x113.jpeg 150w, https:\/\/osepmendoza.com.ar\/web\/wp-content\/uploads\/2020\/04\/WhatsApp-Image-2024-11-14-at-11.01.09-1-768x576.jpeg 768w\" sizes=\"auto, (max-width: 1280px) 100vw, 1280px\" \/><\/a>\n\t\t\t<\/div><\/figure>\n\t\t<\/div>\n\n<p>OSEP Lavalle tambi\u00e9n se sum\u00f3 a la campa\u00f1a y sus profesionales brindaron a los afiliados del departamento informaci\u00f3n sobre los cuidados necesarios para el paciente diab\u00e9tico, alimentaci\u00f3n saludable y actividad f\u00edsica.<\/p>\n<div id='gallery-7' class='gallery galleryid-55855 gallery-columns-3 gallery-size-full'><figure class='gallery-item'>\n\t\t\t<div class='gallery-icon landscape'>\n\t\t\t\t<a href='https:\/\/osepmendoza.com.ar\/web\/whatsapp-image-2024-11-14-at-12-12-18-1\/'><img loading=\"lazy\" decoding=\"async\" width=\"1280\" height=\"575\" src=\"https:\/\/osepmendoza.com.ar\/web\/wp-content\/uploads\/2020\/04\/WhatsApp-Image-2024-11-14-at-12.12.18-1.jpeg\" class=\"attachment-full size-full\" alt=\"\" srcset=\"https:\/\/osepmendoza.com.ar\/web\/wp-content\/uploads\/2020\/04\/WhatsApp-Image-2024-11-14-at-12.12.18-1.jpeg 1280w, https:\/\/osepmendoza.com.ar\/web\/wp-content\/uploads\/2020\/04\/WhatsApp-Image-2024-11-14-at-12.12.18-1-150x67.jpeg 150w, https:\/\/osepmendoza.com.ar\/web\/wp-content\/uploads\/2020\/04\/WhatsApp-Image-2024-11-14-at-12.12.18-1-768x345.jpeg 768w\" sizes=\"auto, (max-width: 1280px) 100vw, 1280px\" \/><\/a>\n\t\t\t<\/div><\/figure><figure class='gallery-item'>\n\t\t\t<div class='gallery-icon landscape'>\n\t\t\t\t<a href='https:\/\/osepmendoza.com.ar\/web\/whatsapp-image-2024-11-14-at-12-12-18-2\/'><img loading=\"lazy\" decoding=\"async\" width=\"1599\" height=\"1200\" src=\"https:\/\/osepmendoza.com.ar\/web\/wp-content\/uploads\/2020\/04\/WhatsApp-Image-2024-11-14-at-12.12.18-2.jpeg\" class=\"attachment-full size-full\" alt=\"\" srcset=\"https:\/\/osepmendoza.com.ar\/web\/wp-content\/uploads\/2020\/04\/WhatsApp-Image-2024-11-14-at-12.12.18-2.jpeg 1599w, https:\/\/osepmendoza.com.ar\/web\/wp-content\/uploads\/2020\/04\/WhatsApp-Image-2024-11-14-at-12.12.18-2-150x113.jpeg 150w, https:\/\/osepmendoza.com.ar\/web\/wp-content\/uploads\/2020\/04\/WhatsApp-Image-2024-11-14-at-12.12.18-2-768x576.jpeg 768w, https:\/\/osepmendoza.com.ar\/web\/wp-content\/uploads\/2020\/04\/WhatsApp-Image-2024-11-14-at-12.12.18-2-1536x1153.jpeg 1536w\" sizes=\"auto, (max-width: 1599px) 100vw, 1599px\" \/><\/a>\n\t\t\t<\/div><\/figure><figure class='gallery-item'>\n\t\t\t<div class='gallery-icon landscape'>\n\t\t\t\t<a href='https:\/\/osepmendoza.com.ar\/web\/whatsapp-image-2024-11-14-at-12-12-18\/'><img loading=\"lazy\" decoding=\"async\" width=\"1280\" height=\"575\" src=\"https:\/\/osepmendoza.com.ar\/web\/wp-content\/uploads\/2020\/04\/WhatsApp-Image-2024-11-14-at-12.12.18.jpeg\" class=\"attachment-full size-full\" alt=\"\" srcset=\"https:\/\/osepmendoza.com.ar\/web\/wp-content\/uploads\/2020\/04\/WhatsApp-Image-2024-11-14-at-12.12.18.jpeg 1280w, https:\/\/osepmendoza.com.ar\/web\/wp-content\/uploads\/2020\/04\/WhatsApp-Image-2024-11-14-at-12.12.18-150x67.jpeg 150w, https:\/\/osepmendoza.com.ar\/web\/wp-content\/uploads\/2020\/04\/WhatsApp-Image-2024-11-14-at-12.12.18-768x345.jpeg 768w\" sizes=\"auto, (max-width: 1280px) 100vw, 1280px\" \/><\/a>\n\t\t\t<\/div><\/figure>\n\t\t<\/div>\n\n<p>&nbsp;<\/p>\n<p>OSEP Tunuy\u00e1n particip\u00f3 de una caminata organizada por el Hospital Scaravelli, en la cual profesionales brindaron informaci\u00f3n sobre h\u00e1bitos saludables.<\/p>\n<div id='gallery-8' class='gallery galleryid-55855 gallery-columns-2 gallery-size-full'><figure class='gallery-item'>\n\t\t\t<div class='gallery-icon portrait'>\n\t\t\t\t<a href='https:\/\/osepmendoza.com.ar\/web\/whatsapp-image-2024-11-15-at-10-28-22\/'><img loading=\"lazy\" decoding=\"async\" width=\"960\" height=\"1280\" src=\"https:\/\/osepmendoza.com.ar\/web\/wp-content\/uploads\/2020\/04\/WhatsApp-Image-2024-11-15-at-10.28.22.jpeg\" class=\"attachment-full size-full\" alt=\"\" srcset=\"https:\/\/osepmendoza.com.ar\/web\/wp-content\/uploads\/2020\/04\/WhatsApp-Image-2024-11-15-at-10.28.22.jpeg 960w, https:\/\/osepmendoza.com.ar\/web\/wp-content\/uploads\/2020\/04\/WhatsApp-Image-2024-11-15-at-10.28.22-113x150.jpeg 113w, https:\/\/osepmendoza.com.ar\/web\/wp-content\/uploads\/2020\/04\/WhatsApp-Image-2024-11-15-at-10.28.22-768x1024.jpeg 768w\" sizes=\"auto, (max-width: 960px) 100vw, 960px\" \/><\/a>\n\t\t\t<\/div><\/figure><figure class='gallery-item'>\n\t\t\t<div class='gallery-icon landscape'>\n\t\t\t\t<a href='https:\/\/osepmendoza.com.ar\/web\/whatsapp-image-2024-11-15-at-10-28-23\/'><img loading=\"lazy\" decoding=\"async\" width=\"1280\" height=\"960\" src=\"https:\/\/osepmendoza.com.ar\/web\/wp-content\/uploads\/2020\/04\/WhatsApp-Image-2024-11-15-at-10.28.23.jpeg\" class=\"attachment-full size-full\" alt=\"\" srcset=\"https:\/\/osepmendoza.com.ar\/web\/wp-content\/uploads\/2020\/04\/WhatsApp-Image-2024-11-15-at-10.28.23.jpeg 1280w, https:\/\/osepmendoza.com.ar\/web\/wp-content\/uploads\/2020\/04\/WhatsApp-Image-2024-11-15-at-10.28.23-150x113.jpeg 150w, https:\/\/osepmendoza.com.ar\/web\/wp-content\/uploads\/2020\/04\/WhatsApp-Image-2024-11-15-at-10.28.23-768x576.jpeg 768w\" sizes=\"auto, (max-width: 1280px) 100vw, 1280px\" \/><\/a>\n\t\t\t<\/div><\/figure>\n\t\t<\/div>\n\n<p>En San Carlos se realizaron capacitaciones sobre pie diab\u00e9tico y educaci\u00f3n del paciente diab\u00e9tico para docentes con el instituto Vera Pe\u00f1aloza.<\/p>\n<div id='gallery-9' class='gallery galleryid-55855 gallery-columns-3 gallery-size-full'><figure class='gallery-item'>\n\t\t\t<div class='gallery-icon landscape'>\n\t\t\t\t<a href='https:\/\/osepmendoza.com.ar\/web\/whatsapp-image-2024-11-15-at-10-34-06\/'><img loading=\"lazy\" decoding=\"async\" width=\"1600\" height=\"1204\" src=\"https:\/\/osepmendoza.com.ar\/web\/wp-content\/uploads\/2020\/04\/WhatsApp-Image-2024-11-15-at-10.34.06.jpeg\" class=\"attachment-full size-full\" alt=\"\" srcset=\"https:\/\/osepmendoza.com.ar\/web\/wp-content\/uploads\/2020\/04\/WhatsApp-Image-2024-11-15-at-10.34.06.jpeg 1600w, https:\/\/osepmendoza.com.ar\/web\/wp-content\/uploads\/2020\/04\/WhatsApp-Image-2024-11-15-at-10.34.06-150x113.jpeg 150w, https:\/\/osepmendoza.com.ar\/web\/wp-content\/uploads\/2020\/04\/WhatsApp-Image-2024-11-15-at-10.34.06-768x578.jpeg 768w, https:\/\/osepmendoza.com.ar\/web\/wp-content\/uploads\/2020\/04\/WhatsApp-Image-2024-11-15-at-10.34.06-1536x1156.jpeg 1536w\" sizes=\"auto, (max-width: 1600px) 100vw, 1600px\" \/><\/a>\n\t\t\t<\/div><\/figure><figure class='gallery-item'>\n\t\t\t<div class='gallery-icon landscape'>\n\t\t\t\t<a href='https:\/\/osepmendoza.com.ar\/web\/whatsapp-image-2024-11-15-at-10-34-06-1\/'><img loading=\"lazy\" decoding=\"async\" width=\"1600\" height=\"1204\" src=\"https:\/\/osepmendoza.com.ar\/web\/wp-content\/uploads\/2020\/04\/WhatsApp-Image-2024-11-15-at-10.34.06-1.jpeg\" class=\"attachment-full size-full\" alt=\"\" srcset=\"https:\/\/osepmendoza.com.ar\/web\/wp-content\/uploads\/2020\/04\/WhatsApp-Image-2024-11-15-at-10.34.06-1.jpeg 1600w, https:\/\/osepmendoza.com.ar\/web\/wp-content\/uploads\/2020\/04\/WhatsApp-Image-2024-11-15-at-10.34.06-1-150x113.jpeg 150w, https:\/\/osepmendoza.com.ar\/web\/wp-content\/uploads\/2020\/04\/WhatsApp-Image-2024-11-15-at-10.34.06-1-768x578.jpeg 768w, https:\/\/osepmendoza.com.ar\/web\/wp-content\/uploads\/2020\/04\/WhatsApp-Image-2024-11-15-at-10.34.06-1-1536x1156.jpeg 1536w\" sizes=\"auto, (max-width: 1600px) 100vw, 1600px\" \/><\/a>\n\t\t\t<\/div><\/figure><figure class='gallery-item'>\n\t\t\t<div class='gallery-icon landscape'>\n\t\t\t\t<a href='https:\/\/osepmendoza.com.ar\/web\/whatsapp-image-2024-11-15-at-10-34-07\/'><img loading=\"lazy\" decoding=\"async\" width=\"1600\" height=\"1204\" src=\"https:\/\/osepmendoza.com.ar\/web\/wp-content\/uploads\/2020\/04\/WhatsApp-Image-2024-11-15-at-10.34.07.jpeg\" class=\"attachment-full size-full\" alt=\"\" srcset=\"https:\/\/osepmendoza.com.ar\/web\/wp-content\/uploads\/2020\/04\/WhatsApp-Image-2024-11-15-at-10.34.07.jpeg 1600w, https:\/\/osepmendoza.com.ar\/web\/wp-content\/uploads\/2020\/04\/WhatsApp-Image-2024-11-15-at-10.34.07-150x113.jpeg 150w, https:\/\/osepmendoza.com.ar\/web\/wp-content\/uploads\/2020\/04\/WhatsApp-Image-2024-11-15-at-10.34.07-768x578.jpeg 768w, https:\/\/osepmendoza.com.ar\/web\/wp-content\/uploads\/2020\/04\/WhatsApp-Image-2024-11-15-at-10.34.07-1536x1156.jpeg 1536w\" sizes=\"auto, (max-width: 1600px) 100vw, 1600px\" \/><\/a>\n\t\t\t<\/div><\/figure><figure class='gallery-item'>\n\t\t\t<div class='gallery-icon landscape'>\n\t\t\t\t<a href='https:\/\/osepmendoza.com.ar\/web\/whatsapp-image-2024-11-15-at-10-31-54\/'><img loading=\"lazy\" decoding=\"async\" width=\"1600\" height=\"738\" src=\"https:\/\/osepmendoza.com.ar\/web\/wp-content\/uploads\/2020\/04\/WhatsApp-Image-2024-11-15-at-10.31.54.jpeg\" class=\"attachment-full size-full\" alt=\"\" srcset=\"https:\/\/osepmendoza.com.ar\/web\/wp-content\/uploads\/2020\/04\/WhatsApp-Image-2024-11-15-at-10.31.54.jpeg 1600w, https:\/\/osepmendoza.com.ar\/web\/wp-content\/uploads\/2020\/04\/WhatsApp-Image-2024-11-15-at-10.31.54-150x69.jpeg 150w, https:\/\/osepmendoza.com.ar\/web\/wp-content\/uploads\/2020\/04\/WhatsApp-Image-2024-11-15-at-10.31.54-768x354.jpeg 768w, https:\/\/osepmendoza.com.ar\/web\/wp-content\/uploads\/2020\/04\/WhatsApp-Image-2024-11-15-at-10.31.54-1536x708.jpeg 1536w\" sizes=\"auto, (max-width: 1600px) 100vw, 1600px\" \/><\/a>\n\t\t\t<\/div><\/figure><figure class='gallery-item'>\n\t\t\t<div class='gallery-icon landscape'>\n\t\t\t\t<a href='https:\/\/osepmendoza.com.ar\/web\/whatsapp-image-2024-11-15-at-10-31-55\/'><img loading=\"lazy\" decoding=\"async\" width=\"1600\" height=\"738\" src=\"https:\/\/osepmendoza.com.ar\/web\/wp-content\/uploads\/2020\/04\/WhatsApp-Image-2024-11-15-at-10.31.55.jpeg\" class=\"attachment-full size-full\" alt=\"\" srcset=\"https:\/\/osepmendoza.com.ar\/web\/wp-content\/uploads\/2020\/04\/WhatsApp-Image-2024-11-15-at-10.31.55.jpeg 1600w, https:\/\/osepmendoza.com.ar\/web\/wp-content\/uploads\/2020\/04\/WhatsApp-Image-2024-11-15-at-10.31.55-150x69.jpeg 150w, https:\/\/osepmendoza.com.ar\/web\/wp-content\/uploads\/2020\/04\/WhatsApp-Image-2024-11-15-at-10.31.55-768x354.jpeg 768w, https:\/\/osepmendoza.com.ar\/web\/wp-content\/uploads\/2020\/04\/WhatsApp-Image-2024-11-15-at-10.31.55-1536x708.jpeg 1536w\" sizes=\"auto, (max-width: 1600px) 100vw, 1600px\" \/><\/a>\n\t\t\t<\/div><\/figure><figure class='gallery-item'>\n\t\t\t<div class='gallery-icon landscape'>\n\t\t\t\t<a href='https:\/\/osepmendoza.com.ar\/web\/whatsapp-image-2024-11-15-at-10-31-55-1\/'><img loading=\"lazy\" decoding=\"async\" width=\"1280\" height=\"720\" src=\"https:\/\/osepmendoza.com.ar\/web\/wp-content\/uploads\/2020\/04\/WhatsApp-Image-2024-11-15-at-10.31.55-1.jpeg\" class=\"attachment-full size-full\" alt=\"\" srcset=\"https:\/\/osepmendoza.com.ar\/web\/wp-content\/uploads\/2020\/04\/WhatsApp-Image-2024-11-15-at-10.31.55-1.jpeg 1280w, https:\/\/osepmendoza.com.ar\/web\/wp-content\/uploads\/2020\/04\/WhatsApp-Image-2024-11-15-at-10.31.55-1-150x84.jpeg 150w, https:\/\/osepmendoza.com.ar\/web\/wp-content\/uploads\/2020\/04\/WhatsApp-Image-2024-11-15-at-10.31.55-1-768x432.jpeg 768w, https:\/\/osepmendoza.com.ar\/web\/wp-content\/uploads\/2020\/04\/WhatsApp-Image-2024-11-15-at-10.31.55-1-1200x675.jpeg 1200w\" sizes=\"auto, (max-width: 1280px) 100vw, 1280px\" \/><\/a>\n\t\t\t<\/div><\/figure>\n\t\t<\/div>\n\n<p>Las acciones contin\u00faan hoy en OSEP La Paz, con asesoramiento sobre gesti\u00f3n del autocuidado, controles y charlas informativas para vecinos de la zona.<\/p>\n<div id='gallery-10' class='gallery galleryid-55855 gallery-columns-2 gallery-size-full'><figure class='gallery-item'>\n\t\t\t<div class='gallery-icon landscape'>\n\t\t\t\t<a href='https:\/\/osepmendoza.com.ar\/web\/whatsapp-image-2024-11-15-at-08-36-25-1\/'><img loading=\"lazy\" decoding=\"async\" width=\"1280\" height=\"963\" src=\"https:\/\/osepmendoza.com.ar\/web\/wp-content\/uploads\/2020\/04\/WhatsApp-Image-2024-11-15-at-08.36.25-1.jpeg\" class=\"attachment-full size-full\" alt=\"\" srcset=\"https:\/\/osepmendoza.com.ar\/web\/wp-content\/uploads\/2020\/04\/WhatsApp-Image-2024-11-15-at-08.36.25-1.jpeg 1280w, https:\/\/osepmendoza.com.ar\/web\/wp-content\/uploads\/2020\/04\/WhatsApp-Image-2024-11-15-at-08.36.25-1-150x113.jpeg 150w, https:\/\/osepmendoza.com.ar\/web\/wp-content\/uploads\/2020\/04\/WhatsApp-Image-2024-11-15-at-08.36.25-1-768x578.jpeg 768w\" sizes=\"auto, (max-width: 1280px) 100vw, 1280px\" \/><\/a>\n\t\t\t<\/div><\/figure><figure class='gallery-item'>\n\t\t\t<div class='gallery-icon landscape'>\n\t\t\t\t<a href='https:\/\/osepmendoza.com.ar\/web\/whatsapp-image-2024-11-15-at-08-36-24\/'><img loading=\"lazy\" decoding=\"async\" width=\"1280\" height=\"963\" src=\"https:\/\/osepmendoza.com.ar\/web\/wp-content\/uploads\/2020\/04\/WhatsApp-Image-2024-11-15-at-08.36.24.jpeg\" class=\"attachment-full size-full\" alt=\"\" srcset=\"https:\/\/osepmendoza.com.ar\/web\/wp-content\/uploads\/2020\/04\/WhatsApp-Image-2024-11-15-at-08.36.24.jpeg 1280w, https:\/\/osepmendoza.com.ar\/web\/wp-content\/uploads\/2020\/04\/WhatsApp-Image-2024-11-15-at-08.36.24-150x113.jpeg 150w, https:\/\/osepmendoza.com.ar\/web\/wp-content\/uploads\/2020\/04\/WhatsApp-Image-2024-11-15-at-08.36.24-768x578.jpeg 768w\" sizes=\"auto, (max-width: 1280px) 100vw, 1280px\" \/><\/a>\n\t\t\t<\/div><\/figure><figure class='gallery-item'>\n\t\t\t<div class='gallery-icon landscape'>\n\t\t\t\t<a href='https:\/\/osepmendoza.com.ar\/web\/whatsapp-image-2024-11-15-at-08-36-25\/'><img loading=\"lazy\" decoding=\"async\" width=\"1280\" height=\"963\" src=\"https:\/\/osepmendoza.com.ar\/web\/wp-content\/uploads\/2020\/04\/WhatsApp-Image-2024-11-15-at-08.36.25.jpeg\" class=\"attachment-full size-full\" alt=\"\" srcset=\"https:\/\/osepmendoza.com.ar\/web\/wp-content\/uploads\/2020\/04\/WhatsApp-Image-2024-11-15-at-08.36.25.jpeg 1280w, https:\/\/osepmendoza.com.ar\/web\/wp-content\/uploads\/2020\/04\/WhatsApp-Image-2024-11-15-at-08.36.25-150x113.jpeg 150w, https:\/\/osepmendoza.com.ar\/web\/wp-content\/uploads\/2020\/04\/WhatsApp-Image-2024-11-15-at-08.36.25-768x578.jpeg 768w\" sizes=\"auto, (max-width: 1280px) 100vw, 1280px\" \/><\/a>\n\t\t\t<\/div><\/figure><figure class='gallery-item'>\n\t\t\t<div class='gallery-icon portrait'>\n\t\t\t\t<a href='https:\/\/osepmendoza.com.ar\/web\/whatsapp-image-2024-11-15-at-08-36-25-2\/'><img loading=\"lazy\" decoding=\"async\" width=\"1204\" height=\"1600\" src=\"https:\/\/osepmendoza.com.ar\/web\/wp-content\/uploads\/2020\/04\/WhatsApp-Image-2024-11-15-at-08.36.25-2.jpeg\" class=\"attachment-full size-full\" alt=\"\" srcset=\"https:\/\/osepmendoza.com.ar\/web\/wp-content\/uploads\/2020\/04\/WhatsApp-Image-2024-11-15-at-08.36.25-2.jpeg 1204w, https:\/\/osepmendoza.com.ar\/web\/wp-content\/uploads\/2020\/04\/WhatsApp-Image-2024-11-15-at-08.36.25-2-113x150.jpeg 113w, https:\/\/osepmendoza.com.ar\/web\/wp-content\/uploads\/2020\/04\/WhatsApp-Image-2024-11-15-at-08.36.25-2-768x1021.jpeg 768w, https:\/\/osepmendoza.com.ar\/web\/wp-content\/uploads\/2020\/04\/WhatsApp-Image-2024-11-15-at-08.36.25-2-1156x1536.jpeg 1156w\" sizes=\"auto, (max-width: 1204px) 100vw, 1204px\" \/><\/a>\n\t\t\t<\/div><\/figure>\n\t\t<\/div>\n\n","protected":false},"excerpt":{"rendered":"<p>En el marco del D\u00eda de la Diabetes, contin\u00faan las&#8230;<\/p>\n","protected":false},"author":11,"featured_media":55886,"comment_status":"closed","ping_status":"open","sticky":false,"template":"","format":"standard","meta":{"_acf_changed":false,"inline_featured_image":false,"_exactmetrics_skip_tracking":false,"_exactmetrics_sitenote_active":false,"_exactmetrics_sitenote_note":"","_exactmetrics_sitenote_category":0,"footnotes":"","_links_to":"","_links_to_target":""},"categories":[1541],"tags":[],"class_list":["post-55855","post","type-post","status-publish","format-standard","has-post-thumbnail","hentry","category-osep"],"acf":[],"yoast_head":"<!-- This site is optimized with the Yoast SEO plugin v27.4 - https:\/\/yoast.com\/product\/yoast-seo-wordpress\/ -->\n<title>Personal y afiliados de OSEP unidos bajo el c\u00edrculo azul para concientizar sobre Diabetes - OSEP Mendoza<\/title>\n<meta name=\"robots\" content=\"index, follow, max-snippet:-1, max-image-preview:large, max-video-preview:-1\" \/>\n<link rel=\"canonical\" href=\"https:\/\/osepmendoza.com.ar\/web\/personal-y-afiliados-de-osep-unidos-bajo-el-circulo-azul-para-concientizar-sobre-diabetes\/\" \/>\n<meta property=\"og:locale\" content=\"es_ES\" \/>\n<meta property=\"og:type\" content=\"article\" \/>\n<meta property=\"og:title\" content=\"Personal y afiliados de OSEP unidos bajo el c\u00edrculo azul para concientizar sobre Diabetes - OSEP Mendoza\" \/>\n<meta property=\"og:description\" content=\"En el marco del D\u00eda de la Diabetes, contin\u00faan las...\" \/>\n<meta property=\"og:url\" content=\"https:\/\/osepmendoza.com.ar\/web\/personal-y-afiliados-de-osep-unidos-bajo-el-circulo-azul-para-concientizar-sobre-diabetes\/\" \/>\n<meta property=\"og:site_name\" content=\"OSEP Mendoza\" \/>\n<meta property=\"article:publisher\" content=\"https:\/\/www.facebook.com\/OSEP.MendozaArg\/\" \/>\n<meta property=\"article:published_time\" content=\"2024-11-14T18:31:37+00:00\" \/>\n<meta property=\"article:modified_time\" content=\"2024-11-15T18:42:30+00:00\" \/>\n<meta property=\"og:image\" content=\"https:\/\/osepmendoza.com.ar\/web\/wp-content\/uploads\/2020\/04\/WhatsApp-Image-2024-11-14-at-15.16.02.jpg\" \/>\n\t<meta property=\"og:image:width\" content=\"1200\" \/>\n\t<meta property=\"og:image:height\" content=\"438\" \/>\n\t<meta property=\"og:image:type\" content=\"image\/jpeg\" \/>\n<meta name=\"author\" content=\"Ana Pereyra\" \/>\n<meta name=\"twitter:card\" content=\"summary_large_image\" \/>\n<meta name=\"twitter:creator\" content=\"@OsepMza\" \/>\n<meta name=\"twitter:site\" content=\"@OsepMza\" \/>\n<meta name=\"twitter:label1\" content=\"Escrito por\" \/>\n\t<meta name=\"twitter:data1\" content=\"Ana Pereyra\" \/>\n\t<meta name=\"twitter:label2\" content=\"Tiempo de lectura\" \/>\n\t<meta name=\"twitter:data2\" content=\"3 minutos\" \/>\n<script type=\"application\/ld+json\" class=\"yoast-schema-graph\">{\"@context\":\"https:\\\/\\\/schema.org\",\"@graph\":[{\"@type\":\"Article\",\"@id\":\"https:\\\/\\\/osepmendoza.com.ar\\\/web\\\/personal-y-afiliados-de-osep-unidos-bajo-el-circulo-azul-para-concientizar-sobre-diabetes\\\/#article\",\"isPartOf\":{\"@id\":\"https:\\\/\\\/osepmendoza.com.ar\\\/web\\\/personal-y-afiliados-de-osep-unidos-bajo-el-circulo-azul-para-concientizar-sobre-diabetes\\\/\"},\"author\":{\"name\":\"Ana Pereyra\",\"@id\":\"https:\\\/\\\/osepmendoza.com.ar\\\/web\\\/#\\\/schema\\\/person\\\/589af535ca62640386b991b5adb0b40a\"},\"headline\":\"Personal y afiliados de OSEP unidos bajo el c\u00edrculo azul para concientizar sobre Diabetes\",\"datePublished\":\"2024-11-14T18:31:37+00:00\",\"dateModified\":\"2024-11-15T18:42:30+00:00\",\"mainEntityOfPage\":{\"@id\":\"https:\\\/\\\/osepmendoza.com.ar\\\/web\\\/personal-y-afiliados-de-osep-unidos-bajo-el-circulo-azul-para-concientizar-sobre-diabetes\\\/\"},\"wordCount\":655,\"publisher\":{\"@id\":\"https:\\\/\\\/osepmendoza.com.ar\\\/web\\\/#organization\"},\"image\":{\"@id\":\"https:\\\/\\\/osepmendoza.com.ar\\\/web\\\/personal-y-afiliados-de-osep-unidos-bajo-el-circulo-azul-para-concientizar-sobre-diabetes\\\/#primaryimage\"},\"thumbnailUrl\":\"https:\\\/\\\/osepmendoza.com.ar\\\/web\\\/wp-content\\\/uploads\\\/2020\\\/04\\\/WhatsApp-Image-2024-11-14-at-15.16.02.jpg\",\"articleSection\":[\"OSEP\"],\"inLanguage\":\"es\"},{\"@type\":\"WebPage\",\"@id\":\"https:\\\/\\\/osepmendoza.com.ar\\\/web\\\/personal-y-afiliados-de-osep-unidos-bajo-el-circulo-azul-para-concientizar-sobre-diabetes\\\/\",\"url\":\"https:\\\/\\\/osepmendoza.com.ar\\\/web\\\/personal-y-afiliados-de-osep-unidos-bajo-el-circulo-azul-para-concientizar-sobre-diabetes\\\/\",\"name\":\"Personal y afiliados de OSEP unidos bajo el c\u00edrculo azul para concientizar sobre Diabetes - OSEP Mendoza\",\"isPartOf\":{\"@id\":\"https:\\\/\\\/osepmendoza.com.ar\\\/web\\\/#website\"},\"primaryImageOfPage\":{\"@id\":\"https:\\\/\\\/osepmendoza.com.ar\\\/web\\\/personal-y-afiliados-de-osep-unidos-bajo-el-circulo-azul-para-concientizar-sobre-diabetes\\\/#primaryimage\"},\"image\":{\"@id\":\"https:\\\/\\\/osepmendoza.com.ar\\\/web\\\/personal-y-afiliados-de-osep-unidos-bajo-el-circulo-azul-para-concientizar-sobre-diabetes\\\/#primaryimage\"},\"thumbnailUrl\":\"https:\\\/\\\/osepmendoza.com.ar\\\/web\\\/wp-content\\\/uploads\\\/2020\\\/04\\\/WhatsApp-Image-2024-11-14-at-15.16.02.jpg\",\"datePublished\":\"2024-11-14T18:31:37+00:00\",\"dateModified\":\"2024-11-15T18:42:30+00:00\",\"breadcrumb\":{\"@id\":\"https:\\\/\\\/osepmendoza.com.ar\\\/web\\\/personal-y-afiliados-de-osep-unidos-bajo-el-circulo-azul-para-concientizar-sobre-diabetes\\\/#breadcrumb\"},\"inLanguage\":\"es\",\"potentialAction\":[{\"@type\":\"ReadAction\",\"target\":[\"https:\\\/\\\/osepmendoza.com.ar\\\/web\\\/personal-y-afiliados-de-osep-unidos-bajo-el-circulo-azul-para-concientizar-sobre-diabetes\\\/\"]}]},{\"@type\":\"ImageObject\",\"inLanguage\":\"es\",\"@id\":\"https:\\\/\\\/osepmendoza.com.ar\\\/web\\\/personal-y-afiliados-de-osep-unidos-bajo-el-circulo-azul-para-concientizar-sobre-diabetes\\\/#primaryimage\",\"url\":\"https:\\\/\\\/osepmendoza.com.ar\\\/web\\\/wp-content\\\/uploads\\\/2020\\\/04\\\/WhatsApp-Image-2024-11-14-at-15.16.02.jpg\",\"contentUrl\":\"https:\\\/\\\/osepmendoza.com.ar\\\/web\\\/wp-content\\\/uploads\\\/2020\\\/04\\\/WhatsApp-Image-2024-11-14-at-15.16.02.jpg\",\"width\":1200,\"height\":438},{\"@type\":\"BreadcrumbList\",\"@id\":\"https:\\\/\\\/osepmendoza.com.ar\\\/web\\\/personal-y-afiliados-de-osep-unidos-bajo-el-circulo-azul-para-concientizar-sobre-diabetes\\\/#breadcrumb\",\"itemListElement\":[{\"@type\":\"ListItem\",\"position\":1,\"name\":\"Portada\",\"item\":\"https:\\\/\\\/osepmendoza.com.ar\\\/web\\\/\"},{\"@type\":\"ListItem\",\"position\":2,\"name\":\"Personal y afiliados de OSEP unidos bajo el c\u00edrculo azul para concientizar sobre Diabetes\"}]},{\"@type\":\"WebSite\",\"@id\":\"https:\\\/\\\/osepmendoza.com.ar\\\/web\\\/#website\",\"url\":\"https:\\\/\\\/osepmendoza.com.ar\\\/web\\\/\",\"name\":\"OSEP Mendoza\",\"description\":\"Obra Social de los Empleados P\u00fablicos de Mendoza\",\"publisher\":{\"@id\":\"https:\\\/\\\/osepmendoza.com.ar\\\/web\\\/#organization\"},\"potentialAction\":[{\"@type\":\"SearchAction\",\"target\":{\"@type\":\"EntryPoint\",\"urlTemplate\":\"https:\\\/\\\/osepmendoza.com.ar\\\/web\\\/?s={search_term_string}\"},\"query-input\":{\"@type\":\"PropertyValueSpecification\",\"valueRequired\":true,\"valueName\":\"search_term_string\"}}],\"inLanguage\":\"es\"},{\"@type\":\"Organization\",\"@id\":\"https:\\\/\\\/osepmendoza.com.ar\\\/web\\\/#organization\",\"name\":\"OSEP - Obra Social de Empleados P\u00fablicos de Mendoza\",\"url\":\"https:\\\/\\\/osepmendoza.com.ar\\\/web\\\/\",\"logo\":{\"@type\":\"ImageObject\",\"inLanguage\":\"es\",\"@id\":\"https:\\\/\\\/osepmendoza.com.ar\\\/web\\\/#\\\/schema\\\/logo\\\/image\\\/\",\"url\":\"https:\\\/\\\/osepmendoza.com.ar\\\/web\\\/wp-content\\\/uploads\\\/2020\\\/04\\\/lkTM9T9z.jpg\",\"contentUrl\":\"https:\\\/\\\/osepmendoza.com.ar\\\/web\\\/wp-content\\\/uploads\\\/2020\\\/04\\\/lkTM9T9z.jpg\",\"width\":334,\"height\":334,\"caption\":\"OSEP - Obra Social de Empleados P\u00fablicos de Mendoza\"},\"image\":{\"@id\":\"https:\\\/\\\/osepmendoza.com.ar\\\/web\\\/#\\\/schema\\\/logo\\\/image\\\/\"},\"sameAs\":[\"https:\\\/\\\/www.facebook.com\\\/OSEP.MendozaArg\\\/\",\"https:\\\/\\\/x.com\\\/OsepMza\",\"https:\\\/\\\/www.instagram.com\\\/osep.mendoza\\\/\",\"https:\\\/\\\/www.youtube.com\\\/user\\\/osepvideos\"]},{\"@type\":\"Person\",\"@id\":\"https:\\\/\\\/osepmendoza.com.ar\\\/web\\\/#\\\/schema\\\/person\\\/589af535ca62640386b991b5adb0b40a\",\"name\":\"Ana Pereyra\",\"image\":{\"@type\":\"ImageObject\",\"inLanguage\":\"es\",\"@id\":\"https:\\\/\\\/secure.gravatar.com\\\/avatar\\\/3529dfb99a65d0433c0142c465656bf9d7ecfc80049608f1e685d8aeab2efa92?s=96&d=mm&r=g\",\"url\":\"https:\\\/\\\/secure.gravatar.com\\\/avatar\\\/3529dfb99a65d0433c0142c465656bf9d7ecfc80049608f1e685d8aeab2efa92?s=96&d=mm&r=g\",\"contentUrl\":\"https:\\\/\\\/secure.gravatar.com\\\/avatar\\\/3529dfb99a65d0433c0142c465656bf9d7ecfc80049608f1e685d8aeab2efa92?s=96&d=mm&r=g\",\"caption\":\"Ana Pereyra\"},\"sameAs\":[\"http:\\\/\\\/osepmendoza.com.ar\\\/web\"]}]}<\/script>\n<!-- \/ Yoast SEO plugin. -->","yoast_head_json":{"title":"Personal y afiliados de OSEP unidos bajo el c\u00edrculo azul para concientizar sobre Diabetes - OSEP Mendoza","robots":{"index":"index","follow":"follow","max-snippet":"max-snippet:-1","max-image-preview":"max-image-preview:large","max-video-preview":"max-video-preview:-1"},"canonical":"https:\/\/osepmendoza.com.ar\/web\/personal-y-afiliados-de-osep-unidos-bajo-el-circulo-azul-para-concientizar-sobre-diabetes\/","og_locale":"es_ES","og_type":"article","og_title":"Personal y afiliados de OSEP unidos bajo el c\u00edrculo azul para concientizar sobre Diabetes - OSEP Mendoza","og_description":"En el marco del D\u00eda de la Diabetes, contin\u00faan las...","og_url":"https:\/\/osepmendoza.com.ar\/web\/personal-y-afiliados-de-osep-unidos-bajo-el-circulo-azul-para-concientizar-sobre-diabetes\/","og_site_name":"OSEP Mendoza","article_publisher":"https:\/\/www.facebook.com\/OSEP.MendozaArg\/","article_published_time":"2024-11-14T18:31:37+00:00","article_modified_time":"2024-11-15T18:42:30+00:00","og_image":[{"width":1200,"height":438,"url":"https:\/\/osepmendoza.com.ar\/web\/wp-content\/uploads\/2020\/04\/WhatsApp-Image-2024-11-14-at-15.16.02.jpg","type":"image\/jpeg"}],"author":"Ana Pereyra","twitter_card":"summary_large_image","twitter_creator":"@OsepMza","twitter_site":"@OsepMza","twitter_misc":{"Escrito por":"Ana Pereyra","Tiempo de lectura":"3 minutos"},"schema":{"@context":"https:\/\/schema.org","@graph":[{"@type":"Article","@id":"https:\/\/osepmendoza.com.ar\/web\/personal-y-afiliados-de-osep-unidos-bajo-el-circulo-azul-para-concientizar-sobre-diabetes\/#article","isPartOf":{"@id":"https:\/\/osepmendoza.com.ar\/web\/personal-y-afiliados-de-osep-unidos-bajo-el-circulo-azul-para-concientizar-sobre-diabetes\/"},"author":{"name":"Ana Pereyra","@id":"https:\/\/osepmendoza.com.ar\/web\/#\/schema\/person\/589af535ca62640386b991b5adb0b40a"},"headline":"Personal y afiliados de OSEP unidos bajo el c\u00edrculo azul para concientizar sobre Diabetes","datePublished":"2024-11-14T18:31:37+00:00","dateModified":"2024-11-15T18:42:30+00:00","mainEntityOfPage":{"@id":"https:\/\/osepmendoza.com.ar\/web\/personal-y-afiliados-de-osep-unidos-bajo-el-circulo-azul-para-concientizar-sobre-diabetes\/"},"wordCount":655,"publisher":{"@id":"https:\/\/osepmendoza.com.ar\/web\/#organization"},"image":{"@id":"https:\/\/osepmendoza.com.ar\/web\/personal-y-afiliados-de-osep-unidos-bajo-el-circulo-azul-para-concientizar-sobre-diabetes\/#primaryimage"},"thumbnailUrl":"https:\/\/osepmendoza.com.ar\/web\/wp-content\/uploads\/2020\/04\/WhatsApp-Image-2024-11-14-at-15.16.02.jpg","articleSection":["OSEP"],"inLanguage":"es"},{"@type":"WebPage","@id":"https:\/\/osepmendoza.com.ar\/web\/personal-y-afiliados-de-osep-unidos-bajo-el-circulo-azul-para-concientizar-sobre-diabetes\/","url":"https:\/\/osepmendoza.com.ar\/web\/personal-y-afiliados-de-osep-unidos-bajo-el-circulo-azul-para-concientizar-sobre-diabetes\/","name":"Personal y afiliados de OSEP unidos bajo el c\u00edrculo azul para concientizar sobre Diabetes - OSEP Mendoza","isPartOf":{"@id":"https:\/\/osepmendoza.com.ar\/web\/#website"},"primaryImageOfPage":{"@id":"https:\/\/osepmendoza.com.ar\/web\/personal-y-afiliados-de-osep-unidos-bajo-el-circulo-azul-para-concientizar-sobre-diabetes\/#primaryimage"},"image":{"@id":"https:\/\/osepmendoza.com.ar\/web\/personal-y-afiliados-de-osep-unidos-bajo-el-circulo-azul-para-concientizar-sobre-diabetes\/#primaryimage"},"thumbnailUrl":"https:\/\/osepmendoza.com.ar\/web\/wp-content\/uploads\/2020\/04\/WhatsApp-Image-2024-11-14-at-15.16.02.jpg","datePublished":"2024-11-14T18:31:37+00:00","dateModified":"2024-11-15T18:42:30+00:00","breadcrumb":{"@id":"https:\/\/osepmendoza.com.ar\/web\/personal-y-afiliados-de-osep-unidos-bajo-el-circulo-azul-para-concientizar-sobre-diabetes\/#breadcrumb"},"inLanguage":"es","potentialAction":[{"@type":"ReadAction","target":["https:\/\/osepmendoza.com.ar\/web\/personal-y-afiliados-de-osep-unidos-bajo-el-circulo-azul-para-concientizar-sobre-diabetes\/"]}]},{"@type":"ImageObject","inLanguage":"es","@id":"https:\/\/osepmendoza.com.ar\/web\/personal-y-afiliados-de-osep-unidos-bajo-el-circulo-azul-para-concientizar-sobre-diabetes\/#primaryimage","url":"https:\/\/osepmendoza.com.ar\/web\/wp-content\/uploads\/2020\/04\/WhatsApp-Image-2024-11-14-at-15.16.02.jpg","contentUrl":"https:\/\/osepmendoza.com.ar\/web\/wp-content\/uploads\/2020\/04\/WhatsApp-Image-2024-11-14-at-15.16.02.jpg","width":1200,"height":438},{"@type":"BreadcrumbList","@id":"https:\/\/osepmendoza.com.ar\/web\/personal-y-afiliados-de-osep-unidos-bajo-el-circulo-azul-para-concientizar-sobre-diabetes\/#breadcrumb","itemListElement":[{"@type":"ListItem","position":1,"name":"Portada","item":"https:\/\/osepmendoza.com.ar\/web\/"},{"@type":"ListItem","position":2,"name":"Personal y afiliados de OSEP unidos bajo el c\u00edrculo azul para concientizar sobre Diabetes"}]},{"@type":"WebSite","@id":"https:\/\/osepmendoza.com.ar\/web\/#website","url":"https:\/\/osepmendoza.com.ar\/web\/","name":"OSEP Mendoza","description":"Obra Social de los Empleados P\u00fablicos de Mendoza","publisher":{"@id":"https:\/\/osepmendoza.com.ar\/web\/#organization"},"potentialAction":[{"@type":"SearchAction","target":{"@type":"EntryPoint","urlTemplate":"https:\/\/osepmendoza.com.ar\/web\/?s={search_term_string}"},"query-input":{"@type":"PropertyValueSpecification","valueRequired":true,"valueName":"search_term_string"}}],"inLanguage":"es"},{"@type":"Organization","@id":"https:\/\/osepmendoza.com.ar\/web\/#organization","name":"OSEP - Obra Social de Empleados P\u00fablicos de Mendoza","url":"https:\/\/osepmendoza.com.ar\/web\/","logo":{"@type":"ImageObject","inLanguage":"es","@id":"https:\/\/osepmendoza.com.ar\/web\/#\/schema\/logo\/image\/","url":"https:\/\/osepmendoza.com.ar\/web\/wp-content\/uploads\/2020\/04\/lkTM9T9z.jpg","contentUrl":"https:\/\/osepmendoza.com.ar\/web\/wp-content\/uploads\/2020\/04\/lkTM9T9z.jpg","width":334,"height":334,"caption":"OSEP - Obra Social de Empleados P\u00fablicos de Mendoza"},"image":{"@id":"https:\/\/osepmendoza.com.ar\/web\/#\/schema\/logo\/image\/"},"sameAs":["https:\/\/www.facebook.com\/OSEP.MendozaArg\/","https:\/\/x.com\/OsepMza","https:\/\/www.instagram.com\/osep.mendoza\/","https:\/\/www.youtube.com\/user\/osepvideos"]},{"@type":"Person","@id":"https:\/\/osepmendoza.com.ar\/web\/#\/schema\/person\/589af535ca62640386b991b5adb0b40a","name":"Ana Pereyra","image":{"@type":"ImageObject","inLanguage":"es","@id":"https:\/\/secure.gravatar.com\/avatar\/3529dfb99a65d0433c0142c465656bf9d7ecfc80049608f1e685d8aeab2efa92?s=96&d=mm&r=g","url":"https:\/\/secure.gravatar.com\/avatar\/3529dfb99a65d0433c0142c465656bf9d7ecfc80049608f1e685d8aeab2efa92?s=96&d=mm&r=g","contentUrl":"https:\/\/secure.gravatar.com\/avatar\/3529dfb99a65d0433c0142c465656bf9d7ecfc80049608f1e685d8aeab2efa92?s=96&d=mm&r=g","caption":"Ana Pereyra"},"sameAs":["http:\/\/osepmendoza.com.ar\/web"]}]}},"amp_enabled":true,"_links":{"self":[{"href":"https:\/\/osepmendoza.com.ar\/web\/wp-json\/wp\/v2\/posts\/55855","targetHints":{"allow":["GET"]}}],"collection":[{"href":"https:\/\/osepmendoza.com.ar\/web\/wp-json\/wp\/v2\/posts"}],"about":[{"href":"https:\/\/osepmendoza.com.ar\/web\/wp-json\/wp\/v2\/types\/post"}],"author":[{"embeddable":true,"href":"https:\/\/osepmendoza.com.ar\/web\/wp-json\/wp\/v2\/users\/11"}],"replies":[{"embeddable":true,"href":"https:\/\/osepmendoza.com.ar\/web\/wp-json\/wp\/v2\/comments?post=55855"}],"version-history":[{"count":12,"href":"https:\/\/osepmendoza.com.ar\/web\/wp-json\/wp\/v2\/posts\/55855\/revisions"}],"predecessor-version":[{"id":55958,"href":"https:\/\/osepmendoza.com.ar\/web\/wp-json\/wp\/v2\/posts\/55855\/revisions\/55958"}],"wp:featuredmedia":[{"embeddable":true,"href":"https:\/\/osepmendoza.com.ar\/web\/wp-json\/wp\/v2\/media\/55886"}],"wp:attachment":[{"href":"https:\/\/osepmendoza.com.ar\/web\/wp-json\/wp\/v2\/media?parent=55855"}],"wp:term":[{"taxonomy":"category","embeddable":true,"href":"https:\/\/osepmendoza.com.ar\/web\/wp-json\/wp\/v2\/categories?post=55855"},{"taxonomy":"post_tag","embeddable":true,"href":"https:\/\/osepmendoza.com.ar\/web\/wp-json\/wp\/v2\/tags?post=55855"}],"curies":[{"name":"wp","href":"https:\/\/api.w.org\/{rel}","templated":true}]}}