{"id":55278,"date":"2024-10-10T09:29:19","date_gmt":"2024-10-10T12:29:19","guid":{"rendered":"https:\/\/osepmendoza.com.ar\/web\/?p=55278"},"modified":"2024-10-10T09:31:52","modified_gmt":"2024-10-10T12:31:52","slug":"salud-mental-esencial-para-nuestro-bienestar-integral","status":"publish","type":"post","link":"https:\/\/osepmendoza.com.ar\/web\/salud-mental-esencial-para-nuestro-bienestar-integral\/","title":{"rendered":"Salud mental esencial para nuestro bienestar integral"},"content":{"rendered":"<p class=\"western\" lang=\"es-ES\"><span style=\"font-family: Arial, sans-serif; font-size: 18px;\">Este 10 de noviembre se conmemora el D\u00eda Mundial de la Salud Mental. Este a\u00f1o, el tema de concientizaci\u00f3n propuesto por la Organizaci\u00f3n Mundial de la Mundial la Salud es Trabajo y Salud Mental un v\u00ednculo fundamental.<\/span><\/p>\n<p class=\"western\" lang=\"es-ES\"><span style=\"font-family: Arial, sans-serif; font-size: 18px;\">Las personas siempre deben tener presente que la salud mental es un componente esencial del bienestar general. Por este motivo, hoy y todos los d\u00edas, debemos recordar la importancia de cuidar no solo el cuerpo sino, tambi\u00e9n, la mente. <\/span><\/p>\n<p class=\"western\" lang=\"es-ES\"><span style=\"font-family: Arial, sans-serif; font-size: 18px;\">La salud mental afecta como pensamos, sentimos, actuamos. Adem\u00e1s de influir en c\u00f3mo enfrentamos el estr\u00e9s, nos relacionamos con los dem\u00e1s y tomamos decisiones.<\/span><\/p>\n<p class=\"western\" lang=\"es-ES\"><span style=\"font-family: Arial, sans-serif; font-size: 18px;\"><b>Cuida tu cuerpo, tu mente y tus emociones<\/b><\/span><\/p>\n<ul>\n<li><span style=\"font-size: 18px;\">Busca ayuda profesional. <span style=\"font-family: Arial, sans-serif;\">No dudes en acudir a un psic\u00f3logo o psiquiatra si lo necesitas.<\/span><\/span><\/li>\n<li><span style=\"font-size: 18px;\">Practica el autocuidado. <span style=\"font-family: Arial, sans-serif;\">S\u00e9 amable contigo mismo.<\/span><\/span><\/li>\n<li style=\"list-style-type: none;\"><\/li>\n<li class=\"western\" lang=\"es-ES\"><span style=\"font-family: Arial, sans-serif; font-size: 18px;\">Mant\u00e9n una rutina saludable. Come bien, realiza ejercicio y duerme lo suficiente.<\/span><\/li>\n<li class=\"western\" lang=\"es-ES\"><span style=\"font-family: Arial, sans-serif; font-size: 18px;\">Con\u00e9ctate. Habla con amigos y seres queridos sobre tus sentimientos.<\/span><\/li>\n<li class=\"western\" lang=\"es-ES\"><span style=\"font-family: Arial, sans-serif; font-size: 18px;\">T\u00f3mate tiempo para ti. Encuentra actividades que disfrutes<\/span><\/li>\n<\/ul>\n<p class=\"western\" lang=\"es-ES\"><span style=\"font-family: Arial, sans-serif; font-size: 18px;\">Si necesitas ayuda o asesoramiento puedes concurrir al Servicio de Salud Mental de la Obra Social, en el Edificio Xeltahuina, Salta 877, 2\u00b0 piso, de Ciudad.<\/span><\/p>\n","protected":false},"excerpt":{"rendered":"<p>Este 10 de noviembre se conmemora el D\u00eda Mundial de&#8230;<\/p>\n","protected":false},"author":11,"featured_media":55277,"comment_status":"closed","ping_status":"open","sticky":false,"template":"","format":"standard","meta":{"_acf_changed":false,"inline_featured_image":false,"_exactmetrics_skip_tracking":false,"_exactmetrics_sitenote_active":false,"_exactmetrics_sitenote_note":"","_exactmetrics_sitenote_category":0,"footnotes":"","_links_to":"","_links_to_target":""},"categories":[101],"tags":[2162,2072,2163,2161,104,190],"class_list":["post-55278","post","type-post","status-publish","format-standard","has-post-thumbnail","hentry","category-noticias","tag-ayuda","tag-bienestar","tag-cuida","tag-mental","tag-salud","tag-salud-mental"],"acf":[],"yoast_head":"<!-- This site is optimized with the Yoast SEO plugin v27.5 - https:\/\/yoast.com\/product\/yoast-seo-wordpress\/ -->\n<title>Salud mental esencial para nuestro bienestar integral - OSEP Mendoza<\/title>\n<meta name=\"robots\" content=\"index, follow, max-snippet:-1, max-image-preview:large, max-video-preview:-1\" \/>\n<link rel=\"canonical\" href=\"https:\/\/osepmendoza.com.ar\/web\/salud-mental-esencial-para-nuestro-bienestar-integral\/\" \/>\n<meta property=\"og:locale\" content=\"es_ES\" \/>\n<meta property=\"og:type\" content=\"article\" \/>\n<meta property=\"og:title\" content=\"Salud mental esencial para nuestro bienestar integral - OSEP Mendoza\" \/>\n<meta property=\"og:description\" content=\"Este 10 de noviembre se conmemora el D\u00eda Mundial de...\" \/>\n<meta property=\"og:url\" content=\"https:\/\/osepmendoza.com.ar\/web\/salud-mental-esencial-para-nuestro-bienestar-integral\/\" \/>\n<meta property=\"og:site_name\" content=\"OSEP Mendoza\" \/>\n<meta property=\"article:publisher\" content=\"https:\/\/www.facebook.com\/OSEP.MendozaArg\/\" \/>\n<meta property=\"article:published_time\" content=\"2024-10-10T12:29:19+00:00\" \/>\n<meta property=\"article:modified_time\" content=\"2024-10-10T12:31:52+00:00\" \/>\n<meta property=\"og:image\" content=\"https:\/\/osepmendoza.com.ar\/web\/wp-content\/uploads\/2024\/10\/salud-mental-para-web.jpeg\" \/>\n\t<meta property=\"og:image:width\" content=\"1280\" \/>\n\t<meta property=\"og:image:height\" content=\"467\" \/>\n\t<meta property=\"og:image:type\" content=\"image\/jpeg\" \/>\n<meta name=\"author\" content=\"Ana Pereyra\" \/>\n<meta name=\"twitter:card\" content=\"summary_large_image\" \/>\n<meta name=\"twitter:creator\" content=\"@OsepMza\" \/>\n<meta name=\"twitter:site\" content=\"@OsepMza\" \/>\n<meta name=\"twitter:label1\" content=\"Escrito por\" \/>\n\t<meta name=\"twitter:data1\" content=\"Ana Pereyra\" \/>\n\t<meta name=\"twitter:label2\" content=\"Tiempo de lectura\" \/>\n\t<meta name=\"twitter:data2\" content=\"2 minutos\" \/>\n<script type=\"application\/ld+json\" class=\"yoast-schema-graph\">{\"@context\":\"https:\\\/\\\/schema.org\",\"@graph\":[{\"@type\":\"Article\",\"@id\":\"https:\\\/\\\/osepmendoza.com.ar\\\/web\\\/salud-mental-esencial-para-nuestro-bienestar-integral\\\/#article\",\"isPartOf\":{\"@id\":\"https:\\\/\\\/osepmendoza.com.ar\\\/web\\\/salud-mental-esencial-para-nuestro-bienestar-integral\\\/\"},\"author\":{\"name\":\"Ana Pereyra\",\"@id\":\"https:\\\/\\\/osepmendoza.com.ar\\\/web\\\/#\\\/schema\\\/person\\\/589af535ca62640386b991b5adb0b40a\"},\"headline\":\"Salud mental esencial para nuestro bienestar integral\",\"datePublished\":\"2024-10-10T12:29:19+00:00\",\"dateModified\":\"2024-10-10T12:31:52+00:00\",\"mainEntityOfPage\":{\"@id\":\"https:\\\/\\\/osepmendoza.com.ar\\\/web\\\/salud-mental-esencial-para-nuestro-bienestar-integral\\\/\"},\"wordCount\":205,\"publisher\":{\"@id\":\"https:\\\/\\\/osepmendoza.com.ar\\\/web\\\/#organization\"},\"image\":{\"@id\":\"https:\\\/\\\/osepmendoza.com.ar\\\/web\\\/salud-mental-esencial-para-nuestro-bienestar-integral\\\/#primaryimage\"},\"thumbnailUrl\":\"https:\\\/\\\/osepmendoza.com.ar\\\/web\\\/wp-content\\\/uploads\\\/2024\\\/10\\\/salud-mental-para-web.jpeg\",\"keywords\":[\"ayuda\",\"bienestar\",\"cuida\",\"mental\",\"salud\",\"Salud Mental\"],\"articleSection\":[\"Noticias\"],\"inLanguage\":\"es\"},{\"@type\":\"WebPage\",\"@id\":\"https:\\\/\\\/osepmendoza.com.ar\\\/web\\\/salud-mental-esencial-para-nuestro-bienestar-integral\\\/\",\"url\":\"https:\\\/\\\/osepmendoza.com.ar\\\/web\\\/salud-mental-esencial-para-nuestro-bienestar-integral\\\/\",\"name\":\"Salud mental esencial para nuestro bienestar integral - OSEP Mendoza\",\"isPartOf\":{\"@id\":\"https:\\\/\\\/osepmendoza.com.ar\\\/web\\\/#website\"},\"primaryImageOfPage\":{\"@id\":\"https:\\\/\\\/osepmendoza.com.ar\\\/web\\\/salud-mental-esencial-para-nuestro-bienestar-integral\\\/#primaryimage\"},\"image\":{\"@id\":\"https:\\\/\\\/osepmendoza.com.ar\\\/web\\\/salud-mental-esencial-para-nuestro-bienestar-integral\\\/#primaryimage\"},\"thumbnailUrl\":\"https:\\\/\\\/osepmendoza.com.ar\\\/web\\\/wp-content\\\/uploads\\\/2024\\\/10\\\/salud-mental-para-web.jpeg\",\"datePublished\":\"2024-10-10T12:29:19+00:00\",\"dateModified\":\"2024-10-10T12:31:52+00:00\",\"breadcrumb\":{\"@id\":\"https:\\\/\\\/osepmendoza.com.ar\\\/web\\\/salud-mental-esencial-para-nuestro-bienestar-integral\\\/#breadcrumb\"},\"inLanguage\":\"es\",\"potentialAction\":[{\"@type\":\"ReadAction\",\"target\":[\"https:\\\/\\\/osepmendoza.com.ar\\\/web\\\/salud-mental-esencial-para-nuestro-bienestar-integral\\\/\"]}]},{\"@type\":\"ImageObject\",\"inLanguage\":\"es\",\"@id\":\"https:\\\/\\\/osepmendoza.com.ar\\\/web\\\/salud-mental-esencial-para-nuestro-bienestar-integral\\\/#primaryimage\",\"url\":\"https:\\\/\\\/osepmendoza.com.ar\\\/web\\\/wp-content\\\/uploads\\\/2024\\\/10\\\/salud-mental-para-web.jpeg\",\"contentUrl\":\"https:\\\/\\\/osepmendoza.com.ar\\\/web\\\/wp-content\\\/uploads\\\/2024\\\/10\\\/salud-mental-para-web.jpeg\",\"width\":1280,\"height\":467},{\"@type\":\"BreadcrumbList\",\"@id\":\"https:\\\/\\\/osepmendoza.com.ar\\\/web\\\/salud-mental-esencial-para-nuestro-bienestar-integral\\\/#breadcrumb\",\"itemListElement\":[{\"@type\":\"ListItem\",\"position\":1,\"name\":\"Portada\",\"item\":\"https:\\\/\\\/osepmendoza.com.ar\\\/web\\\/\"},{\"@type\":\"ListItem\",\"position\":2,\"name\":\"Salud mental esencial para nuestro bienestar integral\"}]},{\"@type\":\"WebSite\",\"@id\":\"https:\\\/\\\/osepmendoza.com.ar\\\/web\\\/#website\",\"url\":\"https:\\\/\\\/osepmendoza.com.ar\\\/web\\\/\",\"name\":\"OSEP Mendoza\",\"description\":\"Obra Social de los Empleados P\u00fablicos de Mendoza\",\"publisher\":{\"@id\":\"https:\\\/\\\/osepmendoza.com.ar\\\/web\\\/#organization\"},\"potentialAction\":[{\"@type\":\"SearchAction\",\"target\":{\"@type\":\"EntryPoint\",\"urlTemplate\":\"https:\\\/\\\/osepmendoza.com.ar\\\/web\\\/?s={search_term_string}\"},\"query-input\":{\"@type\":\"PropertyValueSpecification\",\"valueRequired\":true,\"valueName\":\"search_term_string\"}}],\"inLanguage\":\"es\"},{\"@type\":\"Organization\",\"@id\":\"https:\\\/\\\/osepmendoza.com.ar\\\/web\\\/#organization\",\"name\":\"OSEP - Obra Social de Empleados P\u00fablicos de Mendoza\",\"url\":\"https:\\\/\\\/osepmendoza.com.ar\\\/web\\\/\",\"logo\":{\"@type\":\"ImageObject\",\"inLanguage\":\"es\",\"@id\":\"https:\\\/\\\/osepmendoza.com.ar\\\/web\\\/#\\\/schema\\\/logo\\\/image\\\/\",\"url\":\"https:\\\/\\\/osepmendoza.com.ar\\\/web\\\/wp-content\\\/uploads\\\/2020\\\/04\\\/lkTM9T9z.jpg\",\"contentUrl\":\"https:\\\/\\\/osepmendoza.com.ar\\\/web\\\/wp-content\\\/uploads\\\/2020\\\/04\\\/lkTM9T9z.jpg\",\"width\":334,\"height\":334,\"caption\":\"OSEP - Obra Social de Empleados P\u00fablicos de Mendoza\"},\"image\":{\"@id\":\"https:\\\/\\\/osepmendoza.com.ar\\\/web\\\/#\\\/schema\\\/logo\\\/image\\\/\"},\"sameAs\":[\"https:\\\/\\\/www.facebook.com\\\/OSEP.MendozaArg\\\/\",\"https:\\\/\\\/x.com\\\/OsepMza\",\"https:\\\/\\\/www.instagram.com\\\/osep.mendoza\\\/\",\"https:\\\/\\\/www.youtube.com\\\/user\\\/osepvideos\"]},{\"@type\":\"Person\",\"@id\":\"https:\\\/\\\/osepmendoza.com.ar\\\/web\\\/#\\\/schema\\\/person\\\/589af535ca62640386b991b5adb0b40a\",\"name\":\"Ana Pereyra\",\"image\":{\"@type\":\"ImageObject\",\"inLanguage\":\"es\",\"@id\":\"https:\\\/\\\/secure.gravatar.com\\\/avatar\\\/3529dfb99a65d0433c0142c465656bf9d7ecfc80049608f1e685d8aeab2efa92?s=96&d=mm&r=g\",\"url\":\"https:\\\/\\\/secure.gravatar.com\\\/avatar\\\/3529dfb99a65d0433c0142c465656bf9d7ecfc80049608f1e685d8aeab2efa92?s=96&d=mm&r=g\",\"contentUrl\":\"https:\\\/\\\/secure.gravatar.com\\\/avatar\\\/3529dfb99a65d0433c0142c465656bf9d7ecfc80049608f1e685d8aeab2efa92?s=96&d=mm&r=g\",\"caption\":\"Ana Pereyra\"},\"sameAs\":[\"http:\\\/\\\/osepmendoza.com.ar\\\/web\"]}]}<\/script>\n<!-- \/ Yoast SEO plugin. -->","yoast_head_json":{"title":"Salud mental esencial para nuestro bienestar integral - OSEP Mendoza","robots":{"index":"index","follow":"follow","max-snippet":"max-snippet:-1","max-image-preview":"max-image-preview:large","max-video-preview":"max-video-preview:-1"},"canonical":"https:\/\/osepmendoza.com.ar\/web\/salud-mental-esencial-para-nuestro-bienestar-integral\/","og_locale":"es_ES","og_type":"article","og_title":"Salud mental esencial para nuestro bienestar integral - OSEP Mendoza","og_description":"Este 10 de noviembre se conmemora el D\u00eda Mundial de...","og_url":"https:\/\/osepmendoza.com.ar\/web\/salud-mental-esencial-para-nuestro-bienestar-integral\/","og_site_name":"OSEP Mendoza","article_publisher":"https:\/\/www.facebook.com\/OSEP.MendozaArg\/","article_published_time":"2024-10-10T12:29:19+00:00","article_modified_time":"2024-10-10T12:31:52+00:00","og_image":[{"width":1280,"height":467,"url":"https:\/\/osepmendoza.com.ar\/web\/wp-content\/uploads\/2024\/10\/salud-mental-para-web.jpeg","type":"image\/jpeg"}],"author":"Ana Pereyra","twitter_card":"summary_large_image","twitter_creator":"@OsepMza","twitter_site":"@OsepMza","twitter_misc":{"Escrito por":"Ana Pereyra","Tiempo de lectura":"2 minutos"},"schema":{"@context":"https:\/\/schema.org","@graph":[{"@type":"Article","@id":"https:\/\/osepmendoza.com.ar\/web\/salud-mental-esencial-para-nuestro-bienestar-integral\/#article","isPartOf":{"@id":"https:\/\/osepmendoza.com.ar\/web\/salud-mental-esencial-para-nuestro-bienestar-integral\/"},"author":{"name":"Ana Pereyra","@id":"https:\/\/osepmendoza.com.ar\/web\/#\/schema\/person\/589af535ca62640386b991b5adb0b40a"},"headline":"Salud mental esencial para nuestro bienestar integral","datePublished":"2024-10-10T12:29:19+00:00","dateModified":"2024-10-10T12:31:52+00:00","mainEntityOfPage":{"@id":"https:\/\/osepmendoza.com.ar\/web\/salud-mental-esencial-para-nuestro-bienestar-integral\/"},"wordCount":205,"publisher":{"@id":"https:\/\/osepmendoza.com.ar\/web\/#organization"},"image":{"@id":"https:\/\/osepmendoza.com.ar\/web\/salud-mental-esencial-para-nuestro-bienestar-integral\/#primaryimage"},"thumbnailUrl":"https:\/\/osepmendoza.com.ar\/web\/wp-content\/uploads\/2024\/10\/salud-mental-para-web.jpeg","keywords":["ayuda","bienestar","cuida","mental","salud","Salud Mental"],"articleSection":["Noticias"],"inLanguage":"es"},{"@type":"WebPage","@id":"https:\/\/osepmendoza.com.ar\/web\/salud-mental-esencial-para-nuestro-bienestar-integral\/","url":"https:\/\/osepmendoza.com.ar\/web\/salud-mental-esencial-para-nuestro-bienestar-integral\/","name":"Salud mental esencial para nuestro bienestar integral - OSEP Mendoza","isPartOf":{"@id":"https:\/\/osepmendoza.com.ar\/web\/#website"},"primaryImageOfPage":{"@id":"https:\/\/osepmendoza.com.ar\/web\/salud-mental-esencial-para-nuestro-bienestar-integral\/#primaryimage"},"image":{"@id":"https:\/\/osepmendoza.com.ar\/web\/salud-mental-esencial-para-nuestro-bienestar-integral\/#primaryimage"},"thumbnailUrl":"https:\/\/osepmendoza.com.ar\/web\/wp-content\/uploads\/2024\/10\/salud-mental-para-web.jpeg","datePublished":"2024-10-10T12:29:19+00:00","dateModified":"2024-10-10T12:31:52+00:00","breadcrumb":{"@id":"https:\/\/osepmendoza.com.ar\/web\/salud-mental-esencial-para-nuestro-bienestar-integral\/#breadcrumb"},"inLanguage":"es","potentialAction":[{"@type":"ReadAction","target":["https:\/\/osepmendoza.com.ar\/web\/salud-mental-esencial-para-nuestro-bienestar-integral\/"]}]},{"@type":"ImageObject","inLanguage":"es","@id":"https:\/\/osepmendoza.com.ar\/web\/salud-mental-esencial-para-nuestro-bienestar-integral\/#primaryimage","url":"https:\/\/osepmendoza.com.ar\/web\/wp-content\/uploads\/2024\/10\/salud-mental-para-web.jpeg","contentUrl":"https:\/\/osepmendoza.com.ar\/web\/wp-content\/uploads\/2024\/10\/salud-mental-para-web.jpeg","width":1280,"height":467},{"@type":"BreadcrumbList","@id":"https:\/\/osepmendoza.com.ar\/web\/salud-mental-esencial-para-nuestro-bienestar-integral\/#breadcrumb","itemListElement":[{"@type":"ListItem","position":1,"name":"Portada","item":"https:\/\/osepmendoza.com.ar\/web\/"},{"@type":"ListItem","position":2,"name":"Salud mental esencial para nuestro bienestar integral"}]},{"@type":"WebSite","@id":"https:\/\/osepmendoza.com.ar\/web\/#website","url":"https:\/\/osepmendoza.com.ar\/web\/","name":"OSEP Mendoza","description":"Obra Social de los Empleados P\u00fablicos de Mendoza","publisher":{"@id":"https:\/\/osepmendoza.com.ar\/web\/#organization"},"potentialAction":[{"@type":"SearchAction","target":{"@type":"EntryPoint","urlTemplate":"https:\/\/osepmendoza.com.ar\/web\/?s={search_term_string}"},"query-input":{"@type":"PropertyValueSpecification","valueRequired":true,"valueName":"search_term_string"}}],"inLanguage":"es"},{"@type":"Organization","@id":"https:\/\/osepmendoza.com.ar\/web\/#organization","name":"OSEP - Obra Social de Empleados P\u00fablicos de Mendoza","url":"https:\/\/osepmendoza.com.ar\/web\/","logo":{"@type":"ImageObject","inLanguage":"es","@id":"https:\/\/osepmendoza.com.ar\/web\/#\/schema\/logo\/image\/","url":"https:\/\/osepmendoza.com.ar\/web\/wp-content\/uploads\/2020\/04\/lkTM9T9z.jpg","contentUrl":"https:\/\/osepmendoza.com.ar\/web\/wp-content\/uploads\/2020\/04\/lkTM9T9z.jpg","width":334,"height":334,"caption":"OSEP - Obra Social de Empleados P\u00fablicos de Mendoza"},"image":{"@id":"https:\/\/osepmendoza.com.ar\/web\/#\/schema\/logo\/image\/"},"sameAs":["https:\/\/www.facebook.com\/OSEP.MendozaArg\/","https:\/\/x.com\/OsepMza","https:\/\/www.instagram.com\/osep.mendoza\/","https:\/\/www.youtube.com\/user\/osepvideos"]},{"@type":"Person","@id":"https:\/\/osepmendoza.com.ar\/web\/#\/schema\/person\/589af535ca62640386b991b5adb0b40a","name":"Ana Pereyra","image":{"@type":"ImageObject","inLanguage":"es","@id":"https:\/\/secure.gravatar.com\/avatar\/3529dfb99a65d0433c0142c465656bf9d7ecfc80049608f1e685d8aeab2efa92?s=96&d=mm&r=g","url":"https:\/\/secure.gravatar.com\/avatar\/3529dfb99a65d0433c0142c465656bf9d7ecfc80049608f1e685d8aeab2efa92?s=96&d=mm&r=g","contentUrl":"https:\/\/secure.gravatar.com\/avatar\/3529dfb99a65d0433c0142c465656bf9d7ecfc80049608f1e685d8aeab2efa92?s=96&d=mm&r=g","caption":"Ana Pereyra"},"sameAs":["http:\/\/osepmendoza.com.ar\/web"]}]}},"amp_enabled":true,"_links":{"self":[{"href":"https:\/\/osepmendoza.com.ar\/web\/wp-json\/wp\/v2\/posts\/55278","targetHints":{"allow":["GET"]}}],"collection":[{"href":"https:\/\/osepmendoza.com.ar\/web\/wp-json\/wp\/v2\/posts"}],"about":[{"href":"https:\/\/osepmendoza.com.ar\/web\/wp-json\/wp\/v2\/types\/post"}],"author":[{"embeddable":true,"href":"https:\/\/osepmendoza.com.ar\/web\/wp-json\/wp\/v2\/users\/11"}],"replies":[{"embeddable":true,"href":"https:\/\/osepmendoza.com.ar\/web\/wp-json\/wp\/v2\/comments?post=55278"}],"version-history":[{"count":1,"href":"https:\/\/osepmendoza.com.ar\/web\/wp-json\/wp\/v2\/posts\/55278\/revisions"}],"predecessor-version":[{"id":55279,"href":"https:\/\/osepmendoza.com.ar\/web\/wp-json\/wp\/v2\/posts\/55278\/revisions\/55279"}],"wp:featuredmedia":[{"embeddable":true,"href":"https:\/\/osepmendoza.com.ar\/web\/wp-json\/wp\/v2\/media\/55277"}],"wp:attachment":[{"href":"https:\/\/osepmendoza.com.ar\/web\/wp-json\/wp\/v2\/media?parent=55278"}],"wp:term":[{"taxonomy":"category","embeddable":true,"href":"https:\/\/osepmendoza.com.ar\/web\/wp-json\/wp\/v2\/categories?post=55278"},{"taxonomy":"post_tag","embeddable":true,"href":"https:\/\/osepmendoza.com.ar\/web\/wp-json\/wp\/v2\/tags?post=55278"}],"curies":[{"name":"wp","href":"https:\/\/api.w.org\/{rel}","templated":true}]}}