{"id":54693,"date":"2024-09-04T09:57:33","date_gmt":"2024-09-04T12:57:33","guid":{"rendered":"https:\/\/osepmendoza.com.ar\/web\/?p=54693"},"modified":"2024-09-06T08:41:28","modified_gmt":"2024-09-06T11:41:28","slug":"fisura-labio-palatina-la-importancia-de-prevenirla-y-detectarla-desde-el-embarazo","status":"publish","type":"post","link":"https:\/\/osepmendoza.com.ar\/web\/fisura-labio-palatina-la-importancia-de-prevenirla-y-detectarla-desde-el-embarazo\/","title":{"rendered":"Fisura Labio Palatina: la importancia de prevenirla y detectarla desde el embarazo"},"content":{"rendered":"<p>Se trata de una malformaci\u00f3n cong\u00e9nita de origen multifactorial, mal llamada labio leporino. Las causas pueden ser gen\u00e9ticas, que no se pueden modificar y externas que se puede prevenir si la madre adquiere ciertos h\u00e1bitos saludables, antes y durante la gestaci\u00f3n. Profesionales del Centro Odontol\u00f3gico de OSEP explican cu\u00e1les son estas medidas y la necesidad de la detecci\u00f3n precoz con estudios prenatales.<\/p>\n<p>La fisura labio palatina es la falta de uni\u00f3n de los tejidos que forman la cara y el paladar, durante el per\u00edodo de gestaci\u00f3n, lo que provoca una comunicaci\u00f3n entre la boca y la nariz.<\/p>\n<p><img loading=\"lazy\" decoding=\"async\" class=\"alignnone wp-image-54696\" src=\"https:\/\/osepmendoza.com.ar\/web\/wp-content\/uploads\/2020\/04\/caracteristicas.png\" alt=\"\" width=\"1200\" height=\"346\" srcset=\"https:\/\/osepmendoza.com.ar\/web\/wp-content\/uploads\/2020\/04\/caracteristicas.png 1801w, https:\/\/osepmendoza.com.ar\/web\/wp-content\/uploads\/2020\/04\/caracteristicas-150x43.png 150w, https:\/\/osepmendoza.com.ar\/web\/wp-content\/uploads\/2020\/04\/caracteristicas-768x222.png 768w, https:\/\/osepmendoza.com.ar\/web\/wp-content\/uploads\/2020\/04\/caracteristicas-1536x443.png 1536w\" sizes=\"auto, (max-width: 1200px) 100vw, 1200px\" \/><\/p>\n<p>Seg\u00fan las estad\u00edsticas, afecta a 1 de cada 700 nacidos vivos y puede tener implicancias en su alimentaci\u00f3n, respiraci\u00f3n y fonaci\u00f3n. Tambi\u00e9n suele producir un fuerte impacto psicosocial tanto en el ni\u00f1o como en su familia.<\/p>\n<p>Las principales causas son:<\/p>\n<p><img loading=\"lazy\" decoding=\"async\" class=\"alignnone wp-image-54695\" src=\"https:\/\/osepmendoza.com.ar\/web\/wp-content\/uploads\/2020\/04\/causas.png\" alt=\"\" width=\"1200\" height=\"429\" srcset=\"https:\/\/osepmendoza.com.ar\/web\/wp-content\/uploads\/2020\/04\/causas.png 2141w, https:\/\/osepmendoza.com.ar\/web\/wp-content\/uploads\/2020\/04\/causas-150x54.png 150w, https:\/\/osepmendoza.com.ar\/web\/wp-content\/uploads\/2020\/04\/causas-768x275.png 768w, https:\/\/osepmendoza.com.ar\/web\/wp-content\/uploads\/2020\/04\/causas-1536x550.png 1536w, https:\/\/osepmendoza.com.ar\/web\/wp-content\/uploads\/2020\/04\/causas-2048x733.png 2048w\" sizes=\"auto, (max-width: 1200px) 100vw, 1200px\" \/><\/p>\n<p>Es una patolog\u00eda que se puede prevenir. Para evitar o mitigar sus consecuencias, las medidas de prevenci\u00f3n apunta en primer lugar a la madre y luego al beb\u00e9:<\/p>\n<p><strong>Prevenci\u00f3n Primaria<\/strong><\/p>\n<p>-Planificaci\u00f3n del embarazo<\/p>\n<p>-Nutrici\u00f3n adecuada<\/p>\n<p>-Control de enfermedades cr\u00f3nicas<\/p>\n<p>-Cumplir con las inmunizaciones seg\u00fan calendario<\/p>\n<p>-Asesoramiento seg\u00fan riesgo familiar<\/p>\n<p><strong>Prevenci\u00f3n Secundaria y Terciaria<\/strong><\/p>\n<p>-Atenci\u00f3n en el Servicio de maternidad seg\u00fan el riesgo<\/p>\n<p>-B\u00fasqueda neonatal<\/p>\n<p>-Intervenciones m\u00e9dico-quir\u00fargicas oportunas<\/p>\n<p>Por otra parte, los especialistas resaltan la importancia de detectar en forma precoz la fisura labio palatina, a trav\u00e9s de una ecograf\u00eda prenatal 3D y que el beb\u00e9, desde el momento en que nace, sea atendido por un equipo interdisciplinario.<\/p>\n<p><img loading=\"lazy\" decoding=\"async\" class=\"wp-image-54697 alignright\" src=\"https:\/\/osepmendoza.com.ar\/web\/wp-content\/uploads\/2020\/04\/3d.png\" alt=\"\" width=\"350\" height=\"350\" srcset=\"https:\/\/osepmendoza.com.ar\/web\/wp-content\/uploads\/2020\/04\/3d.png 502w, https:\/\/osepmendoza.com.ar\/web\/wp-content\/uploads\/2020\/04\/3d-150x150.png 150w\" sizes=\"auto, (max-width: 350px) 100vw, 350px\" \/><\/p>\n<p>Para la atenci\u00f3n de afiliados y afiliadas de OSEP con esta patolog\u00eda, el Centro Odontol\u00f3gico -ubicado en Per\u00fa 1258, de Ciudad- cuenta con un equipo formado por diferentes especialistas de:<\/p>\n<p>\u2022 Odontolog\u00eda<\/p>\n<p>\u2022 Fonoaudiolog\u00eda<\/p>\n<p>\u2022 Ortodoncia<\/p>\n<p>\u2022 Cirug\u00eda<\/p>\n<p>Quienes tengan alguna duda o consulta sobre fisura labio palatina, pueden acercarse al Servicio de Ortodoncia los d\u00edas jueves, de 8 a 12 hs.<\/p>\n","protected":false},"excerpt":{"rendered":"<p>Se trata de una malformaci\u00f3n cong\u00e9nita de origen multifactorial, mal&#8230;<\/p>\n","protected":false},"author":6,"featured_media":54703,"comment_status":"closed","ping_status":"open","sticky":false,"template":"","format":"standard","meta":{"_acf_changed":false,"inline_featured_image":false,"_exactmetrics_skip_tracking":false,"_exactmetrics_sitenote_active":false,"_exactmetrics_sitenote_note":"","_exactmetrics_sitenote_category":0,"footnotes":"","_links_to":"","_links_to_target":""},"categories":[1541],"tags":[],"class_list":["post-54693","post","type-post","status-publish","format-standard","has-post-thumbnail","hentry","category-osep"],"acf":[],"yoast_head":"<!-- This site is optimized with the Yoast SEO plugin v27.5 - https:\/\/yoast.com\/product\/yoast-seo-wordpress\/ -->\n<title>Fisura Labio Palatina: la importancia de prevenirla y detectarla desde el embarazo - OSEP Mendoza<\/title>\n<meta name=\"robots\" content=\"index, follow, max-snippet:-1, max-image-preview:large, max-video-preview:-1\" \/>\n<link rel=\"canonical\" href=\"https:\/\/osepmendoza.com.ar\/web\/fisura-labio-palatina-la-importancia-de-prevenirla-y-detectarla-desde-el-embarazo\/\" \/>\n<meta property=\"og:locale\" content=\"es_ES\" \/>\n<meta property=\"og:type\" content=\"article\" \/>\n<meta property=\"og:title\" content=\"Fisura Labio Palatina: la importancia de prevenirla y detectarla desde el embarazo - OSEP Mendoza\" \/>\n<meta property=\"og:description\" content=\"Se trata de una malformaci\u00f3n cong\u00e9nita de origen multifactorial, mal...\" \/>\n<meta property=\"og:url\" content=\"https:\/\/osepmendoza.com.ar\/web\/fisura-labio-palatina-la-importancia-de-prevenirla-y-detectarla-desde-el-embarazo\/\" \/>\n<meta property=\"og:site_name\" content=\"OSEP Mendoza\" \/>\n<meta property=\"article:publisher\" content=\"https:\/\/www.facebook.com\/OSEP.MendozaArg\/\" \/>\n<meta property=\"article:published_time\" content=\"2024-09-04T12:57:33+00:00\" \/>\n<meta property=\"article:modified_time\" content=\"2024-09-06T11:41:28+00:00\" \/>\n<meta property=\"og:image\" content=\"https:\/\/osepmendoza.com.ar\/web\/wp-content\/uploads\/2020\/04\/portada_fisura_labiopalatina.jpg\" \/>\n\t<meta property=\"og:image:width\" content=\"1200\" \/>\n\t<meta property=\"og:image:height\" content=\"438\" \/>\n\t<meta property=\"og:image:type\" content=\"image\/jpeg\" \/>\n<meta name=\"author\" content=\"Emiliano Sandobal\" \/>\n<meta name=\"twitter:card\" content=\"summary_large_image\" \/>\n<meta name=\"twitter:creator\" content=\"@OsepMza\" \/>\n<meta name=\"twitter:site\" content=\"@OsepMza\" \/>\n<meta name=\"twitter:label1\" content=\"Escrito por\" \/>\n\t<meta name=\"twitter:data1\" content=\"Emiliano Sandobal\" \/>\n\t<meta name=\"twitter:label2\" content=\"Tiempo de lectura\" \/>\n\t<meta name=\"twitter:data2\" content=\"3 minutos\" \/>\n<script type=\"application\/ld+json\" class=\"yoast-schema-graph\">{\"@context\":\"https:\\\/\\\/schema.org\",\"@graph\":[{\"@type\":\"Article\",\"@id\":\"https:\\\/\\\/osepmendoza.com.ar\\\/web\\\/fisura-labio-palatina-la-importancia-de-prevenirla-y-detectarla-desde-el-embarazo\\\/#article\",\"isPartOf\":{\"@id\":\"https:\\\/\\\/osepmendoza.com.ar\\\/web\\\/fisura-labio-palatina-la-importancia-de-prevenirla-y-detectarla-desde-el-embarazo\\\/\"},\"author\":{\"name\":\"Emiliano Sandobal\",\"@id\":\"https:\\\/\\\/osepmendoza.com.ar\\\/web\\\/#\\\/schema\\\/person\\\/4e7a5e0118245838f9f783a763779211\"},\"headline\":\"Fisura Labio Palatina: la importancia de prevenirla y detectarla desde el embarazo\",\"datePublished\":\"2024-09-04T12:57:33+00:00\",\"dateModified\":\"2024-09-06T11:41:28+00:00\",\"mainEntityOfPage\":{\"@id\":\"https:\\\/\\\/osepmendoza.com.ar\\\/web\\\/fisura-labio-palatina-la-importancia-de-prevenirla-y-detectarla-desde-el-embarazo\\\/\"},\"wordCount\":351,\"publisher\":{\"@id\":\"https:\\\/\\\/osepmendoza.com.ar\\\/web\\\/#organization\"},\"image\":{\"@id\":\"https:\\\/\\\/osepmendoza.com.ar\\\/web\\\/fisura-labio-palatina-la-importancia-de-prevenirla-y-detectarla-desde-el-embarazo\\\/#primaryimage\"},\"thumbnailUrl\":\"https:\\\/\\\/osepmendoza.com.ar\\\/web\\\/wp-content\\\/uploads\\\/2020\\\/04\\\/portada_fisura_labiopalatina.jpg\",\"articleSection\":[\"OSEP\"],\"inLanguage\":\"es\"},{\"@type\":\"WebPage\",\"@id\":\"https:\\\/\\\/osepmendoza.com.ar\\\/web\\\/fisura-labio-palatina-la-importancia-de-prevenirla-y-detectarla-desde-el-embarazo\\\/\",\"url\":\"https:\\\/\\\/osepmendoza.com.ar\\\/web\\\/fisura-labio-palatina-la-importancia-de-prevenirla-y-detectarla-desde-el-embarazo\\\/\",\"name\":\"Fisura Labio Palatina: la importancia de prevenirla y detectarla desde el embarazo - OSEP Mendoza\",\"isPartOf\":{\"@id\":\"https:\\\/\\\/osepmendoza.com.ar\\\/web\\\/#website\"},\"primaryImageOfPage\":{\"@id\":\"https:\\\/\\\/osepmendoza.com.ar\\\/web\\\/fisura-labio-palatina-la-importancia-de-prevenirla-y-detectarla-desde-el-embarazo\\\/#primaryimage\"},\"image\":{\"@id\":\"https:\\\/\\\/osepmendoza.com.ar\\\/web\\\/fisura-labio-palatina-la-importancia-de-prevenirla-y-detectarla-desde-el-embarazo\\\/#primaryimage\"},\"thumbnailUrl\":\"https:\\\/\\\/osepmendoza.com.ar\\\/web\\\/wp-content\\\/uploads\\\/2020\\\/04\\\/portada_fisura_labiopalatina.jpg\",\"datePublished\":\"2024-09-04T12:57:33+00:00\",\"dateModified\":\"2024-09-06T11:41:28+00:00\",\"breadcrumb\":{\"@id\":\"https:\\\/\\\/osepmendoza.com.ar\\\/web\\\/fisura-labio-palatina-la-importancia-de-prevenirla-y-detectarla-desde-el-embarazo\\\/#breadcrumb\"},\"inLanguage\":\"es\",\"potentialAction\":[{\"@type\":\"ReadAction\",\"target\":[\"https:\\\/\\\/osepmendoza.com.ar\\\/web\\\/fisura-labio-palatina-la-importancia-de-prevenirla-y-detectarla-desde-el-embarazo\\\/\"]}]},{\"@type\":\"ImageObject\",\"inLanguage\":\"es\",\"@id\":\"https:\\\/\\\/osepmendoza.com.ar\\\/web\\\/fisura-labio-palatina-la-importancia-de-prevenirla-y-detectarla-desde-el-embarazo\\\/#primaryimage\",\"url\":\"https:\\\/\\\/osepmendoza.com.ar\\\/web\\\/wp-content\\\/uploads\\\/2020\\\/04\\\/portada_fisura_labiopalatina.jpg\",\"contentUrl\":\"https:\\\/\\\/osepmendoza.com.ar\\\/web\\\/wp-content\\\/uploads\\\/2020\\\/04\\\/portada_fisura_labiopalatina.jpg\",\"width\":1200,\"height\":438},{\"@type\":\"BreadcrumbList\",\"@id\":\"https:\\\/\\\/osepmendoza.com.ar\\\/web\\\/fisura-labio-palatina-la-importancia-de-prevenirla-y-detectarla-desde-el-embarazo\\\/#breadcrumb\",\"itemListElement\":[{\"@type\":\"ListItem\",\"position\":1,\"name\":\"Portada\",\"item\":\"https:\\\/\\\/osepmendoza.com.ar\\\/web\\\/\"},{\"@type\":\"ListItem\",\"position\":2,\"name\":\"Fisura Labio Palatina: la importancia de prevenirla y detectarla desde el embarazo\"}]},{\"@type\":\"WebSite\",\"@id\":\"https:\\\/\\\/osepmendoza.com.ar\\\/web\\\/#website\",\"url\":\"https:\\\/\\\/osepmendoza.com.ar\\\/web\\\/\",\"name\":\"OSEP Mendoza\",\"description\":\"Obra Social de los Empleados P\u00fablicos de Mendoza\",\"publisher\":{\"@id\":\"https:\\\/\\\/osepmendoza.com.ar\\\/web\\\/#organization\"},\"potentialAction\":[{\"@type\":\"SearchAction\",\"target\":{\"@type\":\"EntryPoint\",\"urlTemplate\":\"https:\\\/\\\/osepmendoza.com.ar\\\/web\\\/?s={search_term_string}\"},\"query-input\":{\"@type\":\"PropertyValueSpecification\",\"valueRequired\":true,\"valueName\":\"search_term_string\"}}],\"inLanguage\":\"es\"},{\"@type\":\"Organization\",\"@id\":\"https:\\\/\\\/osepmendoza.com.ar\\\/web\\\/#organization\",\"name\":\"OSEP - Obra Social de Empleados P\u00fablicos de Mendoza\",\"url\":\"https:\\\/\\\/osepmendoza.com.ar\\\/web\\\/\",\"logo\":{\"@type\":\"ImageObject\",\"inLanguage\":\"es\",\"@id\":\"https:\\\/\\\/osepmendoza.com.ar\\\/web\\\/#\\\/schema\\\/logo\\\/image\\\/\",\"url\":\"https:\\\/\\\/osepmendoza.com.ar\\\/web\\\/wp-content\\\/uploads\\\/2020\\\/04\\\/lkTM9T9z.jpg\",\"contentUrl\":\"https:\\\/\\\/osepmendoza.com.ar\\\/web\\\/wp-content\\\/uploads\\\/2020\\\/04\\\/lkTM9T9z.jpg\",\"width\":334,\"height\":334,\"caption\":\"OSEP - Obra Social de Empleados P\u00fablicos de Mendoza\"},\"image\":{\"@id\":\"https:\\\/\\\/osepmendoza.com.ar\\\/web\\\/#\\\/schema\\\/logo\\\/image\\\/\"},\"sameAs\":[\"https:\\\/\\\/www.facebook.com\\\/OSEP.MendozaArg\\\/\",\"https:\\\/\\\/x.com\\\/OsepMza\",\"https:\\\/\\\/www.instagram.com\\\/osep.mendoza\\\/\",\"https:\\\/\\\/www.youtube.com\\\/user\\\/osepvideos\"]},{\"@type\":\"Person\",\"@id\":\"https:\\\/\\\/osepmendoza.com.ar\\\/web\\\/#\\\/schema\\\/person\\\/4e7a5e0118245838f9f783a763779211\",\"name\":\"Emiliano Sandobal\",\"image\":{\"@type\":\"ImageObject\",\"inLanguage\":\"es\",\"@id\":\"https:\\\/\\\/secure.gravatar.com\\\/avatar\\\/d3b22a03e2853d7165313b51b54fbd33fb530becf0ffe6a70f96b195ca724512?s=96&d=mm&r=g\",\"url\":\"https:\\\/\\\/secure.gravatar.com\\\/avatar\\\/d3b22a03e2853d7165313b51b54fbd33fb530becf0ffe6a70f96b195ca724512?s=96&d=mm&r=g\",\"contentUrl\":\"https:\\\/\\\/secure.gravatar.com\\\/avatar\\\/d3b22a03e2853d7165313b51b54fbd33fb530becf0ffe6a70f96b195ca724512?s=96&d=mm&r=g\",\"caption\":\"Emiliano Sandobal\"},\"sameAs\":[\"http:\\\/\\\/osepmendoza.com.ar\\\/web\"]}]}<\/script>\n<!-- \/ Yoast SEO plugin. -->","yoast_head_json":{"title":"Fisura Labio Palatina: la importancia de prevenirla y detectarla desde el embarazo - OSEP Mendoza","robots":{"index":"index","follow":"follow","max-snippet":"max-snippet:-1","max-image-preview":"max-image-preview:large","max-video-preview":"max-video-preview:-1"},"canonical":"https:\/\/osepmendoza.com.ar\/web\/fisura-labio-palatina-la-importancia-de-prevenirla-y-detectarla-desde-el-embarazo\/","og_locale":"es_ES","og_type":"article","og_title":"Fisura Labio Palatina: la importancia de prevenirla y detectarla desde el embarazo - OSEP Mendoza","og_description":"Se trata de una malformaci\u00f3n cong\u00e9nita de origen multifactorial, mal...","og_url":"https:\/\/osepmendoza.com.ar\/web\/fisura-labio-palatina-la-importancia-de-prevenirla-y-detectarla-desde-el-embarazo\/","og_site_name":"OSEP Mendoza","article_publisher":"https:\/\/www.facebook.com\/OSEP.MendozaArg\/","article_published_time":"2024-09-04T12:57:33+00:00","article_modified_time":"2024-09-06T11:41:28+00:00","og_image":[{"width":1200,"height":438,"url":"https:\/\/osepmendoza.com.ar\/web\/wp-content\/uploads\/2020\/04\/portada_fisura_labiopalatina.jpg","type":"image\/jpeg"}],"author":"Emiliano Sandobal","twitter_card":"summary_large_image","twitter_creator":"@OsepMza","twitter_site":"@OsepMza","twitter_misc":{"Escrito por":"Emiliano Sandobal","Tiempo de lectura":"3 minutos"},"schema":{"@context":"https:\/\/schema.org","@graph":[{"@type":"Article","@id":"https:\/\/osepmendoza.com.ar\/web\/fisura-labio-palatina-la-importancia-de-prevenirla-y-detectarla-desde-el-embarazo\/#article","isPartOf":{"@id":"https:\/\/osepmendoza.com.ar\/web\/fisura-labio-palatina-la-importancia-de-prevenirla-y-detectarla-desde-el-embarazo\/"},"author":{"name":"Emiliano Sandobal","@id":"https:\/\/osepmendoza.com.ar\/web\/#\/schema\/person\/4e7a5e0118245838f9f783a763779211"},"headline":"Fisura Labio Palatina: la importancia de prevenirla y detectarla desde el embarazo","datePublished":"2024-09-04T12:57:33+00:00","dateModified":"2024-09-06T11:41:28+00:00","mainEntityOfPage":{"@id":"https:\/\/osepmendoza.com.ar\/web\/fisura-labio-palatina-la-importancia-de-prevenirla-y-detectarla-desde-el-embarazo\/"},"wordCount":351,"publisher":{"@id":"https:\/\/osepmendoza.com.ar\/web\/#organization"},"image":{"@id":"https:\/\/osepmendoza.com.ar\/web\/fisura-labio-palatina-la-importancia-de-prevenirla-y-detectarla-desde-el-embarazo\/#primaryimage"},"thumbnailUrl":"https:\/\/osepmendoza.com.ar\/web\/wp-content\/uploads\/2020\/04\/portada_fisura_labiopalatina.jpg","articleSection":["OSEP"],"inLanguage":"es"},{"@type":"WebPage","@id":"https:\/\/osepmendoza.com.ar\/web\/fisura-labio-palatina-la-importancia-de-prevenirla-y-detectarla-desde-el-embarazo\/","url":"https:\/\/osepmendoza.com.ar\/web\/fisura-labio-palatina-la-importancia-de-prevenirla-y-detectarla-desde-el-embarazo\/","name":"Fisura Labio Palatina: la importancia de prevenirla y detectarla desde el embarazo - OSEP Mendoza","isPartOf":{"@id":"https:\/\/osepmendoza.com.ar\/web\/#website"},"primaryImageOfPage":{"@id":"https:\/\/osepmendoza.com.ar\/web\/fisura-labio-palatina-la-importancia-de-prevenirla-y-detectarla-desde-el-embarazo\/#primaryimage"},"image":{"@id":"https:\/\/osepmendoza.com.ar\/web\/fisura-labio-palatina-la-importancia-de-prevenirla-y-detectarla-desde-el-embarazo\/#primaryimage"},"thumbnailUrl":"https:\/\/osepmendoza.com.ar\/web\/wp-content\/uploads\/2020\/04\/portada_fisura_labiopalatina.jpg","datePublished":"2024-09-04T12:57:33+00:00","dateModified":"2024-09-06T11:41:28+00:00","breadcrumb":{"@id":"https:\/\/osepmendoza.com.ar\/web\/fisura-labio-palatina-la-importancia-de-prevenirla-y-detectarla-desde-el-embarazo\/#breadcrumb"},"inLanguage":"es","potentialAction":[{"@type":"ReadAction","target":["https:\/\/osepmendoza.com.ar\/web\/fisura-labio-palatina-la-importancia-de-prevenirla-y-detectarla-desde-el-embarazo\/"]}]},{"@type":"ImageObject","inLanguage":"es","@id":"https:\/\/osepmendoza.com.ar\/web\/fisura-labio-palatina-la-importancia-de-prevenirla-y-detectarla-desde-el-embarazo\/#primaryimage","url":"https:\/\/osepmendoza.com.ar\/web\/wp-content\/uploads\/2020\/04\/portada_fisura_labiopalatina.jpg","contentUrl":"https:\/\/osepmendoza.com.ar\/web\/wp-content\/uploads\/2020\/04\/portada_fisura_labiopalatina.jpg","width":1200,"height":438},{"@type":"BreadcrumbList","@id":"https:\/\/osepmendoza.com.ar\/web\/fisura-labio-palatina-la-importancia-de-prevenirla-y-detectarla-desde-el-embarazo\/#breadcrumb","itemListElement":[{"@type":"ListItem","position":1,"name":"Portada","item":"https:\/\/osepmendoza.com.ar\/web\/"},{"@type":"ListItem","position":2,"name":"Fisura Labio Palatina: la importancia de prevenirla y detectarla desde el embarazo"}]},{"@type":"WebSite","@id":"https:\/\/osepmendoza.com.ar\/web\/#website","url":"https:\/\/osepmendoza.com.ar\/web\/","name":"OSEP Mendoza","description":"Obra Social de los Empleados P\u00fablicos de Mendoza","publisher":{"@id":"https:\/\/osepmendoza.com.ar\/web\/#organization"},"potentialAction":[{"@type":"SearchAction","target":{"@type":"EntryPoint","urlTemplate":"https:\/\/osepmendoza.com.ar\/web\/?s={search_term_string}"},"query-input":{"@type":"PropertyValueSpecification","valueRequired":true,"valueName":"search_term_string"}}],"inLanguage":"es"},{"@type":"Organization","@id":"https:\/\/osepmendoza.com.ar\/web\/#organization","name":"OSEP - Obra Social de Empleados P\u00fablicos de Mendoza","url":"https:\/\/osepmendoza.com.ar\/web\/","logo":{"@type":"ImageObject","inLanguage":"es","@id":"https:\/\/osepmendoza.com.ar\/web\/#\/schema\/logo\/image\/","url":"https:\/\/osepmendoza.com.ar\/web\/wp-content\/uploads\/2020\/04\/lkTM9T9z.jpg","contentUrl":"https:\/\/osepmendoza.com.ar\/web\/wp-content\/uploads\/2020\/04\/lkTM9T9z.jpg","width":334,"height":334,"caption":"OSEP - Obra Social de Empleados P\u00fablicos de Mendoza"},"image":{"@id":"https:\/\/osepmendoza.com.ar\/web\/#\/schema\/logo\/image\/"},"sameAs":["https:\/\/www.facebook.com\/OSEP.MendozaArg\/","https:\/\/x.com\/OsepMza","https:\/\/www.instagram.com\/osep.mendoza\/","https:\/\/www.youtube.com\/user\/osepvideos"]},{"@type":"Person","@id":"https:\/\/osepmendoza.com.ar\/web\/#\/schema\/person\/4e7a5e0118245838f9f783a763779211","name":"Emiliano Sandobal","image":{"@type":"ImageObject","inLanguage":"es","@id":"https:\/\/secure.gravatar.com\/avatar\/d3b22a03e2853d7165313b51b54fbd33fb530becf0ffe6a70f96b195ca724512?s=96&d=mm&r=g","url":"https:\/\/secure.gravatar.com\/avatar\/d3b22a03e2853d7165313b51b54fbd33fb530becf0ffe6a70f96b195ca724512?s=96&d=mm&r=g","contentUrl":"https:\/\/secure.gravatar.com\/avatar\/d3b22a03e2853d7165313b51b54fbd33fb530becf0ffe6a70f96b195ca724512?s=96&d=mm&r=g","caption":"Emiliano Sandobal"},"sameAs":["http:\/\/osepmendoza.com.ar\/web"]}]}},"amp_enabled":true,"_links":{"self":[{"href":"https:\/\/osepmendoza.com.ar\/web\/wp-json\/wp\/v2\/posts\/54693","targetHints":{"allow":["GET"]}}],"collection":[{"href":"https:\/\/osepmendoza.com.ar\/web\/wp-json\/wp\/v2\/posts"}],"about":[{"href":"https:\/\/osepmendoza.com.ar\/web\/wp-json\/wp\/v2\/types\/post"}],"author":[{"embeddable":true,"href":"https:\/\/osepmendoza.com.ar\/web\/wp-json\/wp\/v2\/users\/6"}],"replies":[{"embeddable":true,"href":"https:\/\/osepmendoza.com.ar\/web\/wp-json\/wp\/v2\/comments?post=54693"}],"version-history":[{"count":15,"href":"https:\/\/osepmendoza.com.ar\/web\/wp-json\/wp\/v2\/posts\/54693\/revisions"}],"predecessor-version":[{"id":54715,"href":"https:\/\/osepmendoza.com.ar\/web\/wp-json\/wp\/v2\/posts\/54693\/revisions\/54715"}],"wp:featuredmedia":[{"embeddable":true,"href":"https:\/\/osepmendoza.com.ar\/web\/wp-json\/wp\/v2\/media\/54703"}],"wp:attachment":[{"href":"https:\/\/osepmendoza.com.ar\/web\/wp-json\/wp\/v2\/media?parent=54693"}],"wp:term":[{"taxonomy":"category","embeddable":true,"href":"https:\/\/osepmendoza.com.ar\/web\/wp-json\/wp\/v2\/categories?post=54693"},{"taxonomy":"post_tag","embeddable":true,"href":"https:\/\/osepmendoza.com.ar\/web\/wp-json\/wp\/v2\/tags?post=54693"}],"curies":[{"name":"wp","href":"https:\/\/api.w.org\/{rel}","templated":true}]}}