{"id":54462,"date":"2024-08-14T09:49:31","date_gmt":"2024-08-14T12:49:31","guid":{"rendered":"https:\/\/osepmendoza.com.ar\/web\/?p=54462"},"modified":"2024-08-14T09:49:31","modified_gmt":"2024-08-14T12:49:31","slug":"residencias-renovadas-en-osep-encuentro-de-jefes-y-autoridades","status":"publish","type":"post","link":"https:\/\/osepmendoza.com.ar\/web\/residencias-renovadas-en-osep-encuentro-de-jefes-y-autoridades\/","title":{"rendered":"Residencias renovadas en OSEP: encuentro de jefes y autoridades"},"content":{"rendered":"<p align=\"justify\"><strong>La Obra Social de los Empleados P\u00fablicos llev\u00f3 a cabo una importante reuni\u00f3n de residencias en el Sal\u00f3n de Usos M\u00faltiples del Hospital El Carmen. El encuentro reuni\u00f3 a jefes entrantes y salientes de todas las residencias, brind\u00e1ndoles un espacio para colaborar con autoridades de OSEP y del hospital.<\/strong><\/p>\n<p align=\"justify\">La reuni\u00f3n, que se celebra mensualmente en OSEP, congreg\u00f3 a los jefes y jefas de residencias de todos los efectores de la Obra Social, no solo del hospital, para desarrollar un plan de trabajo conjunto.<\/p>\n<p align=\"justify\">La presencia de los doctores Sergio Ben\u00edtez, director de Atenci\u00f3n a la Salud de OSEP; Silvia Santaella y Mario Nacussi, directores Asistenciales del Hospital El Carmen, y miembros del Comit\u00e9 de Docencia e Investigaci\u00f3n, subray\u00f3 el compromiso institucional con la formaci\u00f3n y desarrollo del sistema de residentes.<\/p>\n<p align=\"justify\">En el marco de la reciente selecci\u00f3n por concurso de los nuevos jefes para las residencias, la reuni\u00f3n tuvo como objetivo evaluar los aprendizajes adquiridos en jefatura y elaborar propuestas conforme a la nueva ley y reglamentaci\u00f3n provincial vigentes.<\/p>\n<p align=\"justify\">La participaci\u00f3n activa de las autoridades y el valioso aporte de las residencias contribuyeron a un enriquecedor debate, dejando a disposici\u00f3n propuestas puntuales y un diagrama de trabajo que ser\u00e1n de gran utilidad para la formaci\u00f3n de los futuros residentes.<\/p>\n<div id='gallery-1' class='gallery galleryid-54462 gallery-columns-2 gallery-size-full'><figure class='gallery-item'>\n\t\t\t<div class='gallery-icon landscape'>\n\t\t\t\t<a href='https:\/\/osepmendoza.com.ar\/web\/residencias-renovadas-en-osep-encuentro-de-jefes-y-autoridades\/hec2-3\/'><img loading=\"lazy\" decoding=\"async\" width=\"1280\" height=\"720\" src=\"https:\/\/osepmendoza.com.ar\/web\/wp-content\/uploads\/2024\/08\/hec2.jpg\" class=\"attachment-full size-full\" alt=\"\" srcset=\"https:\/\/osepmendoza.com.ar\/web\/wp-content\/uploads\/2024\/08\/hec2.jpg 1280w, https:\/\/osepmendoza.com.ar\/web\/wp-content\/uploads\/2024\/08\/hec2-150x84.jpg 150w, https:\/\/osepmendoza.com.ar\/web\/wp-content\/uploads\/2024\/08\/hec2-768x432.jpg 768w, https:\/\/osepmendoza.com.ar\/web\/wp-content\/uploads\/2024\/08\/hec2-1200x675.jpg 1200w\" sizes=\"auto, (max-width: 1280px) 100vw, 1280px\" \/><\/a>\n\t\t\t<\/div><\/figure><figure class='gallery-item'>\n\t\t\t<div class='gallery-icon landscape'>\n\t\t\t\t<a href='https:\/\/osepmendoza.com.ar\/web\/residencias-renovadas-en-osep-encuentro-de-jefes-y-autoridades\/hec3-3\/'><img loading=\"lazy\" decoding=\"async\" width=\"1600\" height=\"900\" src=\"https:\/\/osepmendoza.com.ar\/web\/wp-content\/uploads\/2024\/08\/hec3.jpg\" class=\"attachment-full size-full\" alt=\"\" srcset=\"https:\/\/osepmendoza.com.ar\/web\/wp-content\/uploads\/2024\/08\/hec3.jpg 1600w, https:\/\/osepmendoza.com.ar\/web\/wp-content\/uploads\/2024\/08\/hec3-150x84.jpg 150w, https:\/\/osepmendoza.com.ar\/web\/wp-content\/uploads\/2024\/08\/hec3-768x432.jpg 768w, https:\/\/osepmendoza.com.ar\/web\/wp-content\/uploads\/2024\/08\/hec3-1536x864.jpg 1536w, https:\/\/osepmendoza.com.ar\/web\/wp-content\/uploads\/2024\/08\/hec3-1200x675.jpg 1200w\" sizes=\"auto, (max-width: 1600px) 100vw, 1600px\" \/><\/a>\n\t\t\t<\/div><\/figure><figure class='gallery-item'>\n\t\t\t<div class='gallery-icon landscape'>\n\t\t\t\t<a href='https:\/\/osepmendoza.com.ar\/web\/residencias-renovadas-en-osep-encuentro-de-jefes-y-autoridades\/hec4-3\/'><img loading=\"lazy\" decoding=\"async\" width=\"1600\" height=\"900\" src=\"https:\/\/osepmendoza.com.ar\/web\/wp-content\/uploads\/2024\/08\/hec4.jpg\" class=\"attachment-full size-full\" alt=\"\" srcset=\"https:\/\/osepmendoza.com.ar\/web\/wp-content\/uploads\/2024\/08\/hec4.jpg 1600w, https:\/\/osepmendoza.com.ar\/web\/wp-content\/uploads\/2024\/08\/hec4-150x84.jpg 150w, https:\/\/osepmendoza.com.ar\/web\/wp-content\/uploads\/2024\/08\/hec4-768x432.jpg 768w, https:\/\/osepmendoza.com.ar\/web\/wp-content\/uploads\/2024\/08\/hec4-1536x864.jpg 1536w, https:\/\/osepmendoza.com.ar\/web\/wp-content\/uploads\/2024\/08\/hec4-1200x675.jpg 1200w\" sizes=\"auto, (max-width: 1600px) 100vw, 1600px\" \/><\/a>\n\t\t\t<\/div><\/figure><figure class='gallery-item'>\n\t\t\t<div class='gallery-icon portrait'>\n\t\t\t\t<a href='https:\/\/osepmendoza.com.ar\/web\/residencias-renovadas-en-osep-encuentro-de-jefes-y-autoridades\/hec1-3\/'><img loading=\"lazy\" decoding=\"async\" width=\"900\" height=\"1600\" src=\"https:\/\/osepmendoza.com.ar\/web\/wp-content\/uploads\/2024\/08\/hec1.jpg\" class=\"attachment-full size-full\" alt=\"\" srcset=\"https:\/\/osepmendoza.com.ar\/web\/wp-content\/uploads\/2024\/08\/hec1.jpg 900w, https:\/\/osepmendoza.com.ar\/web\/wp-content\/uploads\/2024\/08\/hec1-84x150.jpg 84w, https:\/\/osepmendoza.com.ar\/web\/wp-content\/uploads\/2024\/08\/hec1-768x1365.jpg 768w, https:\/\/osepmendoza.com.ar\/web\/wp-content\/uploads\/2024\/08\/hec1-864x1536.jpg 864w\" sizes=\"auto, (max-width: 900px) 100vw, 900px\" \/><\/a>\n\t\t\t<\/div><\/figure>\n\t\t<\/div>\n\n","protected":false},"excerpt":{"rendered":"<p>La Obra Social de los Empleados P\u00fablicos llev\u00f3 a cabo&#8230;<\/p>\n","protected":false},"author":12,"featured_media":54463,"comment_status":"closed","ping_status":"open","sticky":false,"template":"","format":"standard","meta":{"_acf_changed":false,"inline_featured_image":false,"_exactmetrics_skip_tracking":false,"_exactmetrics_sitenote_active":false,"_exactmetrics_sitenote_note":"","_exactmetrics_sitenote_category":0,"footnotes":"","_links_to":"","_links_to_target":""},"categories":[101],"tags":[482,547,507,683],"class_list":["post-54462","post","type-post","status-publish","format-standard","has-post-thumbnail","hentry","category-noticias","tag-autoridades","tag-hospital-el-carmen","tag-residentes","tag-reunion"],"acf":[],"yoast_head":"<!-- This site is optimized with the Yoast SEO plugin v27.5 - https:\/\/yoast.com\/product\/yoast-seo-wordpress\/ -->\n<title>Residencias renovadas en OSEP: encuentro de jefes y autoridades - OSEP Mendoza<\/title>\n<meta name=\"robots\" content=\"index, follow, max-snippet:-1, max-image-preview:large, max-video-preview:-1\" \/>\n<link rel=\"canonical\" href=\"https:\/\/osepmendoza.com.ar\/web\/residencias-renovadas-en-osep-encuentro-de-jefes-y-autoridades\/\" \/>\n<meta property=\"og:locale\" content=\"es_ES\" \/>\n<meta property=\"og:type\" content=\"article\" \/>\n<meta property=\"og:title\" content=\"Residencias renovadas en OSEP: encuentro de jefes y autoridades - OSEP Mendoza\" \/>\n<meta property=\"og:description\" content=\"La Obra Social de los Empleados P\u00fablicos llev\u00f3 a cabo...\" \/>\n<meta property=\"og:url\" content=\"https:\/\/osepmendoza.com.ar\/web\/residencias-renovadas-en-osep-encuentro-de-jefes-y-autoridades\/\" \/>\n<meta property=\"og:site_name\" content=\"OSEP Mendoza\" \/>\n<meta property=\"article:publisher\" content=\"https:\/\/www.facebook.com\/OSEP.MendozaArg\/\" \/>\n<meta property=\"article:published_time\" content=\"2024-08-14T12:49:31+00:00\" \/>\n<meta property=\"og:image\" content=\"https:\/\/osepmendoza.com.ar\/web\/wp-content\/uploads\/2024\/08\/hec02.jpg\" \/>\n\t<meta property=\"og:image:width\" content=\"1200\" \/>\n\t<meta property=\"og:image:height\" content=\"438\" \/>\n\t<meta property=\"og:image:type\" content=\"image\/jpeg\" \/>\n<meta name=\"author\" content=\"Sebastian Fernandez\" \/>\n<meta name=\"twitter:card\" content=\"summary_large_image\" \/>\n<meta name=\"twitter:creator\" content=\"@OsepMza\" \/>\n<meta name=\"twitter:site\" content=\"@OsepMza\" \/>\n<meta name=\"twitter:label1\" content=\"Escrito por\" \/>\n\t<meta name=\"twitter:data1\" content=\"Sebastian Fernandez\" \/>\n\t<meta name=\"twitter:label2\" content=\"Tiempo de lectura\" \/>\n\t<meta name=\"twitter:data2\" content=\"2 minutos\" \/>\n<script type=\"application\/ld+json\" class=\"yoast-schema-graph\">{\"@context\":\"https:\\\/\\\/schema.org\",\"@graph\":[{\"@type\":\"Article\",\"@id\":\"https:\\\/\\\/osepmendoza.com.ar\\\/web\\\/residencias-renovadas-en-osep-encuentro-de-jefes-y-autoridades\\\/#article\",\"isPartOf\":{\"@id\":\"https:\\\/\\\/osepmendoza.com.ar\\\/web\\\/residencias-renovadas-en-osep-encuentro-de-jefes-y-autoridades\\\/\"},\"author\":{\"name\":\"Sebastian Fernandez\",\"@id\":\"https:\\\/\\\/osepmendoza.com.ar\\\/web\\\/#\\\/schema\\\/person\\\/90986df7128a51e32bb66102fc247eb2\"},\"headline\":\"Residencias renovadas en OSEP: encuentro de jefes y autoridades\",\"datePublished\":\"2024-08-14T12:49:31+00:00\",\"mainEntityOfPage\":{\"@id\":\"https:\\\/\\\/osepmendoza.com.ar\\\/web\\\/residencias-renovadas-en-osep-encuentro-de-jefes-y-autoridades\\\/\"},\"wordCount\":241,\"publisher\":{\"@id\":\"https:\\\/\\\/osepmendoza.com.ar\\\/web\\\/#organization\"},\"image\":{\"@id\":\"https:\\\/\\\/osepmendoza.com.ar\\\/web\\\/residencias-renovadas-en-osep-encuentro-de-jefes-y-autoridades\\\/#primaryimage\"},\"thumbnailUrl\":\"https:\\\/\\\/osepmendoza.com.ar\\\/web\\\/wp-content\\\/uploads\\\/2024\\\/08\\\/hec02.jpg\",\"keywords\":[\"autoridades\",\"Hospital El Carmen\",\"residentes\",\"reuni\u00f3n\"],\"articleSection\":[\"Noticias\"],\"inLanguage\":\"es\"},{\"@type\":\"WebPage\",\"@id\":\"https:\\\/\\\/osepmendoza.com.ar\\\/web\\\/residencias-renovadas-en-osep-encuentro-de-jefes-y-autoridades\\\/\",\"url\":\"https:\\\/\\\/osepmendoza.com.ar\\\/web\\\/residencias-renovadas-en-osep-encuentro-de-jefes-y-autoridades\\\/\",\"name\":\"Residencias renovadas en OSEP: encuentro de jefes y autoridades - OSEP Mendoza\",\"isPartOf\":{\"@id\":\"https:\\\/\\\/osepmendoza.com.ar\\\/web\\\/#website\"},\"primaryImageOfPage\":{\"@id\":\"https:\\\/\\\/osepmendoza.com.ar\\\/web\\\/residencias-renovadas-en-osep-encuentro-de-jefes-y-autoridades\\\/#primaryimage\"},\"image\":{\"@id\":\"https:\\\/\\\/osepmendoza.com.ar\\\/web\\\/residencias-renovadas-en-osep-encuentro-de-jefes-y-autoridades\\\/#primaryimage\"},\"thumbnailUrl\":\"https:\\\/\\\/osepmendoza.com.ar\\\/web\\\/wp-content\\\/uploads\\\/2024\\\/08\\\/hec02.jpg\",\"datePublished\":\"2024-08-14T12:49:31+00:00\",\"breadcrumb\":{\"@id\":\"https:\\\/\\\/osepmendoza.com.ar\\\/web\\\/residencias-renovadas-en-osep-encuentro-de-jefes-y-autoridades\\\/#breadcrumb\"},\"inLanguage\":\"es\",\"potentialAction\":[{\"@type\":\"ReadAction\",\"target\":[\"https:\\\/\\\/osepmendoza.com.ar\\\/web\\\/residencias-renovadas-en-osep-encuentro-de-jefes-y-autoridades\\\/\"]}]},{\"@type\":\"ImageObject\",\"inLanguage\":\"es\",\"@id\":\"https:\\\/\\\/osepmendoza.com.ar\\\/web\\\/residencias-renovadas-en-osep-encuentro-de-jefes-y-autoridades\\\/#primaryimage\",\"url\":\"https:\\\/\\\/osepmendoza.com.ar\\\/web\\\/wp-content\\\/uploads\\\/2024\\\/08\\\/hec02.jpg\",\"contentUrl\":\"https:\\\/\\\/osepmendoza.com.ar\\\/web\\\/wp-content\\\/uploads\\\/2024\\\/08\\\/hec02.jpg\",\"width\":1200,\"height\":438},{\"@type\":\"BreadcrumbList\",\"@id\":\"https:\\\/\\\/osepmendoza.com.ar\\\/web\\\/residencias-renovadas-en-osep-encuentro-de-jefes-y-autoridades\\\/#breadcrumb\",\"itemListElement\":[{\"@type\":\"ListItem\",\"position\":1,\"name\":\"Portada\",\"item\":\"https:\\\/\\\/osepmendoza.com.ar\\\/web\\\/\"},{\"@type\":\"ListItem\",\"position\":2,\"name\":\"Residencias renovadas en OSEP: encuentro de jefes y autoridades\"}]},{\"@type\":\"WebSite\",\"@id\":\"https:\\\/\\\/osepmendoza.com.ar\\\/web\\\/#website\",\"url\":\"https:\\\/\\\/osepmendoza.com.ar\\\/web\\\/\",\"name\":\"OSEP Mendoza\",\"description\":\"Obra Social de los Empleados P\u00fablicos de Mendoza\",\"publisher\":{\"@id\":\"https:\\\/\\\/osepmendoza.com.ar\\\/web\\\/#organization\"},\"potentialAction\":[{\"@type\":\"SearchAction\",\"target\":{\"@type\":\"EntryPoint\",\"urlTemplate\":\"https:\\\/\\\/osepmendoza.com.ar\\\/web\\\/?s={search_term_string}\"},\"query-input\":{\"@type\":\"PropertyValueSpecification\",\"valueRequired\":true,\"valueName\":\"search_term_string\"}}],\"inLanguage\":\"es\"},{\"@type\":\"Organization\",\"@id\":\"https:\\\/\\\/osepmendoza.com.ar\\\/web\\\/#organization\",\"name\":\"OSEP - Obra Social de Empleados P\u00fablicos de Mendoza\",\"url\":\"https:\\\/\\\/osepmendoza.com.ar\\\/web\\\/\",\"logo\":{\"@type\":\"ImageObject\",\"inLanguage\":\"es\",\"@id\":\"https:\\\/\\\/osepmendoza.com.ar\\\/web\\\/#\\\/schema\\\/logo\\\/image\\\/\",\"url\":\"https:\\\/\\\/osepmendoza.com.ar\\\/web\\\/wp-content\\\/uploads\\\/2020\\\/04\\\/lkTM9T9z.jpg\",\"contentUrl\":\"https:\\\/\\\/osepmendoza.com.ar\\\/web\\\/wp-content\\\/uploads\\\/2020\\\/04\\\/lkTM9T9z.jpg\",\"width\":334,\"height\":334,\"caption\":\"OSEP - Obra Social de Empleados P\u00fablicos de Mendoza\"},\"image\":{\"@id\":\"https:\\\/\\\/osepmendoza.com.ar\\\/web\\\/#\\\/schema\\\/logo\\\/image\\\/\"},\"sameAs\":[\"https:\\\/\\\/www.facebook.com\\\/OSEP.MendozaArg\\\/\",\"https:\\\/\\\/x.com\\\/OsepMza\",\"https:\\\/\\\/www.instagram.com\\\/osep.mendoza\\\/\",\"https:\\\/\\\/www.youtube.com\\\/user\\\/osepvideos\"]},{\"@type\":\"Person\",\"@id\":\"https:\\\/\\\/osepmendoza.com.ar\\\/web\\\/#\\\/schema\\\/person\\\/90986df7128a51e32bb66102fc247eb2\",\"name\":\"Sebastian Fernandez\",\"image\":{\"@type\":\"ImageObject\",\"inLanguage\":\"es\",\"@id\":\"https:\\\/\\\/secure.gravatar.com\\\/avatar\\\/cc42d53caabe846896e06ed8955a60e82b2b829babcb731f86f26c42378bcfec?s=96&d=mm&r=g\",\"url\":\"https:\\\/\\\/secure.gravatar.com\\\/avatar\\\/cc42d53caabe846896e06ed8955a60e82b2b829babcb731f86f26c42378bcfec?s=96&d=mm&r=g\",\"contentUrl\":\"https:\\\/\\\/secure.gravatar.com\\\/avatar\\\/cc42d53caabe846896e06ed8955a60e82b2b829babcb731f86f26c42378bcfec?s=96&d=mm&r=g\",\"caption\":\"Sebastian Fernandez\"},\"sameAs\":[\"http:\\\/\\\/osepmendoza.com.ar\\\/web\"]}]}<\/script>\n<!-- \/ Yoast SEO plugin. -->","yoast_head_json":{"title":"Residencias renovadas en OSEP: encuentro de jefes y autoridades - OSEP Mendoza","robots":{"index":"index","follow":"follow","max-snippet":"max-snippet:-1","max-image-preview":"max-image-preview:large","max-video-preview":"max-video-preview:-1"},"canonical":"https:\/\/osepmendoza.com.ar\/web\/residencias-renovadas-en-osep-encuentro-de-jefes-y-autoridades\/","og_locale":"es_ES","og_type":"article","og_title":"Residencias renovadas en OSEP: encuentro de jefes y autoridades - OSEP Mendoza","og_description":"La Obra Social de los Empleados P\u00fablicos llev\u00f3 a cabo...","og_url":"https:\/\/osepmendoza.com.ar\/web\/residencias-renovadas-en-osep-encuentro-de-jefes-y-autoridades\/","og_site_name":"OSEP Mendoza","article_publisher":"https:\/\/www.facebook.com\/OSEP.MendozaArg\/","article_published_time":"2024-08-14T12:49:31+00:00","og_image":[{"width":1200,"height":438,"url":"https:\/\/osepmendoza.com.ar\/web\/wp-content\/uploads\/2024\/08\/hec02.jpg","type":"image\/jpeg"}],"author":"Sebastian Fernandez","twitter_card":"summary_large_image","twitter_creator":"@OsepMza","twitter_site":"@OsepMza","twitter_misc":{"Escrito por":"Sebastian Fernandez","Tiempo de lectura":"2 minutos"},"schema":{"@context":"https:\/\/schema.org","@graph":[{"@type":"Article","@id":"https:\/\/osepmendoza.com.ar\/web\/residencias-renovadas-en-osep-encuentro-de-jefes-y-autoridades\/#article","isPartOf":{"@id":"https:\/\/osepmendoza.com.ar\/web\/residencias-renovadas-en-osep-encuentro-de-jefes-y-autoridades\/"},"author":{"name":"Sebastian Fernandez","@id":"https:\/\/osepmendoza.com.ar\/web\/#\/schema\/person\/90986df7128a51e32bb66102fc247eb2"},"headline":"Residencias renovadas en OSEP: encuentro de jefes y autoridades","datePublished":"2024-08-14T12:49:31+00:00","mainEntityOfPage":{"@id":"https:\/\/osepmendoza.com.ar\/web\/residencias-renovadas-en-osep-encuentro-de-jefes-y-autoridades\/"},"wordCount":241,"publisher":{"@id":"https:\/\/osepmendoza.com.ar\/web\/#organization"},"image":{"@id":"https:\/\/osepmendoza.com.ar\/web\/residencias-renovadas-en-osep-encuentro-de-jefes-y-autoridades\/#primaryimage"},"thumbnailUrl":"https:\/\/osepmendoza.com.ar\/web\/wp-content\/uploads\/2024\/08\/hec02.jpg","keywords":["autoridades","Hospital El Carmen","residentes","reuni\u00f3n"],"articleSection":["Noticias"],"inLanguage":"es"},{"@type":"WebPage","@id":"https:\/\/osepmendoza.com.ar\/web\/residencias-renovadas-en-osep-encuentro-de-jefes-y-autoridades\/","url":"https:\/\/osepmendoza.com.ar\/web\/residencias-renovadas-en-osep-encuentro-de-jefes-y-autoridades\/","name":"Residencias renovadas en OSEP: encuentro de jefes y autoridades - OSEP Mendoza","isPartOf":{"@id":"https:\/\/osepmendoza.com.ar\/web\/#website"},"primaryImageOfPage":{"@id":"https:\/\/osepmendoza.com.ar\/web\/residencias-renovadas-en-osep-encuentro-de-jefes-y-autoridades\/#primaryimage"},"image":{"@id":"https:\/\/osepmendoza.com.ar\/web\/residencias-renovadas-en-osep-encuentro-de-jefes-y-autoridades\/#primaryimage"},"thumbnailUrl":"https:\/\/osepmendoza.com.ar\/web\/wp-content\/uploads\/2024\/08\/hec02.jpg","datePublished":"2024-08-14T12:49:31+00:00","breadcrumb":{"@id":"https:\/\/osepmendoza.com.ar\/web\/residencias-renovadas-en-osep-encuentro-de-jefes-y-autoridades\/#breadcrumb"},"inLanguage":"es","potentialAction":[{"@type":"ReadAction","target":["https:\/\/osepmendoza.com.ar\/web\/residencias-renovadas-en-osep-encuentro-de-jefes-y-autoridades\/"]}]},{"@type":"ImageObject","inLanguage":"es","@id":"https:\/\/osepmendoza.com.ar\/web\/residencias-renovadas-en-osep-encuentro-de-jefes-y-autoridades\/#primaryimage","url":"https:\/\/osepmendoza.com.ar\/web\/wp-content\/uploads\/2024\/08\/hec02.jpg","contentUrl":"https:\/\/osepmendoza.com.ar\/web\/wp-content\/uploads\/2024\/08\/hec02.jpg","width":1200,"height":438},{"@type":"BreadcrumbList","@id":"https:\/\/osepmendoza.com.ar\/web\/residencias-renovadas-en-osep-encuentro-de-jefes-y-autoridades\/#breadcrumb","itemListElement":[{"@type":"ListItem","position":1,"name":"Portada","item":"https:\/\/osepmendoza.com.ar\/web\/"},{"@type":"ListItem","position":2,"name":"Residencias renovadas en OSEP: encuentro de jefes y autoridades"}]},{"@type":"WebSite","@id":"https:\/\/osepmendoza.com.ar\/web\/#website","url":"https:\/\/osepmendoza.com.ar\/web\/","name":"OSEP Mendoza","description":"Obra Social de los Empleados P\u00fablicos de Mendoza","publisher":{"@id":"https:\/\/osepmendoza.com.ar\/web\/#organization"},"potentialAction":[{"@type":"SearchAction","target":{"@type":"EntryPoint","urlTemplate":"https:\/\/osepmendoza.com.ar\/web\/?s={search_term_string}"},"query-input":{"@type":"PropertyValueSpecification","valueRequired":true,"valueName":"search_term_string"}}],"inLanguage":"es"},{"@type":"Organization","@id":"https:\/\/osepmendoza.com.ar\/web\/#organization","name":"OSEP - Obra Social de Empleados P\u00fablicos de Mendoza","url":"https:\/\/osepmendoza.com.ar\/web\/","logo":{"@type":"ImageObject","inLanguage":"es","@id":"https:\/\/osepmendoza.com.ar\/web\/#\/schema\/logo\/image\/","url":"https:\/\/osepmendoza.com.ar\/web\/wp-content\/uploads\/2020\/04\/lkTM9T9z.jpg","contentUrl":"https:\/\/osepmendoza.com.ar\/web\/wp-content\/uploads\/2020\/04\/lkTM9T9z.jpg","width":334,"height":334,"caption":"OSEP - Obra Social de Empleados P\u00fablicos de Mendoza"},"image":{"@id":"https:\/\/osepmendoza.com.ar\/web\/#\/schema\/logo\/image\/"},"sameAs":["https:\/\/www.facebook.com\/OSEP.MendozaArg\/","https:\/\/x.com\/OsepMza","https:\/\/www.instagram.com\/osep.mendoza\/","https:\/\/www.youtube.com\/user\/osepvideos"]},{"@type":"Person","@id":"https:\/\/osepmendoza.com.ar\/web\/#\/schema\/person\/90986df7128a51e32bb66102fc247eb2","name":"Sebastian Fernandez","image":{"@type":"ImageObject","inLanguage":"es","@id":"https:\/\/secure.gravatar.com\/avatar\/cc42d53caabe846896e06ed8955a60e82b2b829babcb731f86f26c42378bcfec?s=96&d=mm&r=g","url":"https:\/\/secure.gravatar.com\/avatar\/cc42d53caabe846896e06ed8955a60e82b2b829babcb731f86f26c42378bcfec?s=96&d=mm&r=g","contentUrl":"https:\/\/secure.gravatar.com\/avatar\/cc42d53caabe846896e06ed8955a60e82b2b829babcb731f86f26c42378bcfec?s=96&d=mm&r=g","caption":"Sebastian Fernandez"},"sameAs":["http:\/\/osepmendoza.com.ar\/web"]}]}},"amp_enabled":true,"_links":{"self":[{"href":"https:\/\/osepmendoza.com.ar\/web\/wp-json\/wp\/v2\/posts\/54462","targetHints":{"allow":["GET"]}}],"collection":[{"href":"https:\/\/osepmendoza.com.ar\/web\/wp-json\/wp\/v2\/posts"}],"about":[{"href":"https:\/\/osepmendoza.com.ar\/web\/wp-json\/wp\/v2\/types\/post"}],"author":[{"embeddable":true,"href":"https:\/\/osepmendoza.com.ar\/web\/wp-json\/wp\/v2\/users\/12"}],"replies":[{"embeddable":true,"href":"https:\/\/osepmendoza.com.ar\/web\/wp-json\/wp\/v2\/comments?post=54462"}],"version-history":[{"count":2,"href":"https:\/\/osepmendoza.com.ar\/web\/wp-json\/wp\/v2\/posts\/54462\/revisions"}],"predecessor-version":[{"id":54469,"href":"https:\/\/osepmendoza.com.ar\/web\/wp-json\/wp\/v2\/posts\/54462\/revisions\/54469"}],"wp:featuredmedia":[{"embeddable":true,"href":"https:\/\/osepmendoza.com.ar\/web\/wp-json\/wp\/v2\/media\/54463"}],"wp:attachment":[{"href":"https:\/\/osepmendoza.com.ar\/web\/wp-json\/wp\/v2\/media?parent=54462"}],"wp:term":[{"taxonomy":"category","embeddable":true,"href":"https:\/\/osepmendoza.com.ar\/web\/wp-json\/wp\/v2\/categories?post=54462"},{"taxonomy":"post_tag","embeddable":true,"href":"https:\/\/osepmendoza.com.ar\/web\/wp-json\/wp\/v2\/tags?post=54462"}],"curies":[{"name":"wp","href":"https:\/\/api.w.org\/{rel}","templated":true}]}}