{"id":53149,"date":"2024-05-09T16:23:57","date_gmt":"2024-05-09T19:23:57","guid":{"rendered":"https:\/\/osepmendoza.com.ar\/web\/?p=53149"},"modified":"2024-05-09T16:23:57","modified_gmt":"2024-05-09T19:23:57","slug":"con-muchas-actividades-continua-el-mes-de-la-enfermedad-celiaca","status":"publish","type":"post","link":"https:\/\/osepmendoza.com.ar\/web\/con-muchas-actividades-continua-el-mes-de-la-enfermedad-celiaca\/","title":{"rendered":"Con muchas actividades, contin\u00faa el Mes de la Enfermedad Cel\u00edaca"},"content":{"rendered":"<p align=\"justify\"><strong>En el marco del D\u00eda Mundial de la Enfermedad Cel\u00edaca que se celebra el 5 de mayo, la Obra Social de los Empleados P\u00fablicos contin\u00faa realizando actividades en todo el territorio provincial. Hoy hubo tareas de concientizaci\u00f3n en Rivadavia y Las Catitas.<\/strong><\/p>\n<p align=\"justify\">Con el objetivo de difundir y concientizar a la comunidad sobre esta patolog\u00eda y la importancia de su diagn\u00f3stico precoz, su correcto tratamiento y el acompa\u00f1amiento de las personas, OSEP lleva a cabo diversas actividades con alternativas libres de gluten en toda la provincia. Desde el Programa Ser Celiaco y el Departamento de Nutrici\u00f3n y Alimentaci\u00f3n, las actividades buscan difundir, capacitar profesionales y facilitar novedades para mejorar el tratamiento de los pacientes.<\/p>\n<p align=\"justify\">Las actividades ya han tenido lugar en Avenida Peatonal Sarmiento, OSEP Hunuc Huar, Radio Jard\u00edn de Jun\u00edn, Hospital El carmen y OSEP San Rafael donde hubo tareas de concientizaci\u00f3n, capacitaci\u00f3n, entrevista y mucha participaci\u00f3n de la comunidad.<\/p>\n<p align=\"justify\">Durante la jornada de hoy, se realizaron dos encuentros informativos. El primero tuvo lugar en la Plaza Departamental de Rivadavia, donde un grupo de profesionales ofreci\u00f3 a la comunidad material de concientizaci\u00f3n sobre la enfermedad cel\u00edaca. Participaron del encuentro la gerente territorial de OSEP, Anabella Mach\u00edn, Cintia Castro y la licenciada en Nutrici\u00f3n Agustina Rubio. En horas de la tarde, las actividades se trasladaron a la Sede de Las Catitas, ya que en Emilio Civit 133 Este se abri\u00f3 un espacio para la reflexi\u00f3n a cargo de la licenciada Mar\u00eda Eugenia Panza.<\/p>\n<p align=\"justify\">En los pr\u00f3ximos d\u00edas las actividades se replicar\u00e1n en otros departamentos del mapa provincial:<\/p>\n<p align=\"justify\">Viernes 10 de mayo<\/p>\n<p align=\"justify\">San Mart\u00edn: Actividad de concientizaci\u00f3n en la Plaza San Mart\u00edn. 10.30 a 12 hs.<\/p>\n<p align=\"justify\">Lunes 13 de mayo<\/p>\n<p align=\"justify\">Maip\u00fa: Actividad de educaci\u00f3n e informaci\u00f3n en la Sede, Ozamis 211. 10.30 a 12.30 hs.<\/p>\n<p align=\"justify\">Viernes 17 de mayo<\/p>\n<p align=\"justify\">Tupungato: Taller de Cocina Sin TACC. 14 hs. CIC Villa Bast\u00edas.<\/p>\n<p align=\"justify\">Lunes 20 de mayo<\/p>\n<p align=\"justify\">San Mart\u00edn: Expocel\u00edaca 2024. Balcarce 345. 15 hs.<\/p>\n<div id='gallery-1' class='gallery galleryid-53149 gallery-columns-2 gallery-size-full'><figure class='gallery-item'>\n\t\t\t<div class='gallery-icon portrait'>\n\t\t\t\t<a href='https:\/\/osepmendoza.com.ar\/web\/con-muchas-actividades-continua-el-mes-de-la-enfermedad-celiaca\/semana2-3\/'><img loading=\"lazy\" decoding=\"async\" width=\"1200\" height=\"1600\" src=\"https:\/\/osepmendoza.com.ar\/web\/wp-content\/uploads\/2024\/05\/semana2.jpg\" class=\"attachment-full size-full\" alt=\"\" srcset=\"https:\/\/osepmendoza.com.ar\/web\/wp-content\/uploads\/2024\/05\/semana2.jpg 1200w, https:\/\/osepmendoza.com.ar\/web\/wp-content\/uploads\/2024\/05\/semana2-113x150.jpg 113w, https:\/\/osepmendoza.com.ar\/web\/wp-content\/uploads\/2024\/05\/semana2-768x1024.jpg 768w, https:\/\/osepmendoza.com.ar\/web\/wp-content\/uploads\/2024\/05\/semana2-1152x1536.jpg 1152w\" sizes=\"auto, (max-width: 1200px) 100vw, 1200px\" \/><\/a>\n\t\t\t<\/div><\/figure><figure class='gallery-item'>\n\t\t\t<div class='gallery-icon portrait'>\n\t\t\t\t<a href='https:\/\/osepmendoza.com.ar\/web\/con-muchas-actividades-continua-el-mes-de-la-enfermedad-celiaca\/semana3-3\/'><img loading=\"lazy\" decoding=\"async\" width=\"1200\" height=\"1600\" src=\"https:\/\/osepmendoza.com.ar\/web\/wp-content\/uploads\/2024\/05\/semana3.jpg\" class=\"attachment-full size-full\" alt=\"\" srcset=\"https:\/\/osepmendoza.com.ar\/web\/wp-content\/uploads\/2024\/05\/semana3.jpg 1200w, https:\/\/osepmendoza.com.ar\/web\/wp-content\/uploads\/2024\/05\/semana3-113x150.jpg 113w, https:\/\/osepmendoza.com.ar\/web\/wp-content\/uploads\/2024\/05\/semana3-768x1024.jpg 768w, https:\/\/osepmendoza.com.ar\/web\/wp-content\/uploads\/2024\/05\/semana3-1152x1536.jpg 1152w\" sizes=\"auto, (max-width: 1200px) 100vw, 1200px\" \/><\/a>\n\t\t\t<\/div><\/figure><figure class='gallery-item'>\n\t\t\t<div class='gallery-icon portrait'>\n\t\t\t\t<a href='https:\/\/osepmendoza.com.ar\/web\/con-muchas-actividades-continua-el-mes-de-la-enfermedad-celiaca\/semana1-3\/'><img loading=\"lazy\" decoding=\"async\" width=\"720\" height=\"1600\" src=\"https:\/\/osepmendoza.com.ar\/web\/wp-content\/uploads\/2024\/05\/semana1.jpg\" class=\"attachment-full size-full\" alt=\"\" srcset=\"https:\/\/osepmendoza.com.ar\/web\/wp-content\/uploads\/2024\/05\/semana1.jpg 720w, https:\/\/osepmendoza.com.ar\/web\/wp-content\/uploads\/2024\/05\/semana1-68x150.jpg 68w, https:\/\/osepmendoza.com.ar\/web\/wp-content\/uploads\/2024\/05\/semana1-691x1536.jpg 691w\" sizes=\"auto, (max-width: 720px) 100vw, 720px\" \/><\/a>\n\t\t\t<\/div><\/figure><figure class='gallery-item'>\n\t\t\t<div class='gallery-icon portrait'>\n\t\t\t\t<a href='https:\/\/osepmendoza.com.ar\/web\/con-muchas-actividades-continua-el-mes-de-la-enfermedad-celiaca\/semana4-3\/'><img loading=\"lazy\" decoding=\"async\" width=\"720\" height=\"1600\" src=\"https:\/\/osepmendoza.com.ar\/web\/wp-content\/uploads\/2024\/05\/semana4.jpg\" class=\"attachment-full size-full\" alt=\"\" srcset=\"https:\/\/osepmendoza.com.ar\/web\/wp-content\/uploads\/2024\/05\/semana4.jpg 720w, https:\/\/osepmendoza.com.ar\/web\/wp-content\/uploads\/2024\/05\/semana4-68x150.jpg 68w, https:\/\/osepmendoza.com.ar\/web\/wp-content\/uploads\/2024\/05\/semana4-691x1536.jpg 691w\" sizes=\"auto, (max-width: 720px) 100vw, 720px\" \/><\/a>\n\t\t\t<\/div><\/figure><figure class='gallery-item'>\n\t\t\t<div class='gallery-icon portrait'>\n\t\t\t\t<a href='https:\/\/osepmendoza.com.ar\/web\/con-muchas-actividades-continua-el-mes-de-la-enfermedad-celiaca\/semana5-3\/'><img loading=\"lazy\" decoding=\"async\" width=\"720\" height=\"1600\" src=\"https:\/\/osepmendoza.com.ar\/web\/wp-content\/uploads\/2024\/05\/semana5.jpg\" class=\"attachment-full size-full\" alt=\"\" srcset=\"https:\/\/osepmendoza.com.ar\/web\/wp-content\/uploads\/2024\/05\/semana5.jpg 720w, https:\/\/osepmendoza.com.ar\/web\/wp-content\/uploads\/2024\/05\/semana5-68x150.jpg 68w, https:\/\/osepmendoza.com.ar\/web\/wp-content\/uploads\/2024\/05\/semana5-691x1536.jpg 691w\" sizes=\"auto, (max-width: 720px) 100vw, 720px\" \/><\/a>\n\t\t\t<\/div><\/figure><figure class='gallery-item'>\n\t\t\t<div class='gallery-icon landscape'>\n\t\t\t\t<a href='https:\/\/osepmendoza.com.ar\/web\/con-muchas-actividades-continua-el-mes-de-la-enfermedad-celiaca\/semana6-3\/'><img loading=\"lazy\" decoding=\"async\" width=\"1280\" height=\"960\" src=\"https:\/\/osepmendoza.com.ar\/web\/wp-content\/uploads\/2024\/05\/semana6.jpg\" class=\"attachment-full size-full\" alt=\"\" srcset=\"https:\/\/osepmendoza.com.ar\/web\/wp-content\/uploads\/2024\/05\/semana6.jpg 1280w, https:\/\/osepmendoza.com.ar\/web\/wp-content\/uploads\/2024\/05\/semana6-150x113.jpg 150w, https:\/\/osepmendoza.com.ar\/web\/wp-content\/uploads\/2024\/05\/semana6-768x576.jpg 768w\" sizes=\"auto, (max-width: 1280px) 100vw, 1280px\" \/><\/a>\n\t\t\t<\/div><\/figure>\n\t\t<\/div>\n\n","protected":false},"excerpt":{"rendered":"<p>En el marco del D\u00eda Mundial de la Enfermedad Cel\u00edaca&#8230;<\/p>\n","protected":false},"author":12,"featured_media":53150,"comment_status":"closed","ping_status":"open","sticky":false,"template":"","format":"standard","meta":{"_acf_changed":false,"inline_featured_image":false,"_exactmetrics_skip_tracking":false,"_exactmetrics_sitenote_active":false,"_exactmetrics_sitenote_note":"","_exactmetrics_sitenote_category":0,"footnotes":"","_links_to":"","_links_to_target":""},"categories":[101],"tags":[225,673,176,108],"class_list":["post-53149","post","type-post","status-publish","format-standard","has-post-thumbnail","hentry","category-noticias","tag-actividades","tag-las-catitas","tag-rivadavia","tag-ser-celiaco"],"acf":[],"yoast_head":"<!-- This site is optimized with the Yoast SEO plugin v27.4 - https:\/\/yoast.com\/product\/yoast-seo-wordpress\/ -->\n<title>Con muchas actividades, contin\u00faa el Mes de la Enfermedad Cel\u00edaca - OSEP Mendoza<\/title>\n<meta name=\"robots\" content=\"index, follow, max-snippet:-1, max-image-preview:large, max-video-preview:-1\" \/>\n<link rel=\"canonical\" href=\"https:\/\/osepmendoza.com.ar\/web\/con-muchas-actividades-continua-el-mes-de-la-enfermedad-celiaca\/\" \/>\n<meta property=\"og:locale\" content=\"es_ES\" \/>\n<meta property=\"og:type\" content=\"article\" \/>\n<meta property=\"og:title\" content=\"Con muchas actividades, contin\u00faa el Mes de la Enfermedad Cel\u00edaca - OSEP Mendoza\" \/>\n<meta property=\"og:description\" content=\"En el marco del D\u00eda Mundial de la Enfermedad Cel\u00edaca...\" \/>\n<meta property=\"og:url\" content=\"https:\/\/osepmendoza.com.ar\/web\/con-muchas-actividades-continua-el-mes-de-la-enfermedad-celiaca\/\" \/>\n<meta property=\"og:site_name\" content=\"OSEP Mendoza\" \/>\n<meta property=\"article:publisher\" content=\"https:\/\/www.facebook.com\/OSEP.MendozaArg\/\" \/>\n<meta property=\"article:published_time\" content=\"2024-05-09T19:23:57+00:00\" \/>\n<meta property=\"og:image\" content=\"https:\/\/osepmendoza.com.ar\/web\/wp-content\/uploads\/2024\/05\/semana02.jpg\" \/>\n\t<meta property=\"og:image:width\" content=\"1200\" \/>\n\t<meta property=\"og:image:height\" content=\"438\" \/>\n\t<meta property=\"og:image:type\" content=\"image\/jpeg\" \/>\n<meta name=\"author\" content=\"Sebastian Fernandez\" \/>\n<meta name=\"twitter:card\" content=\"summary_large_image\" \/>\n<meta name=\"twitter:creator\" content=\"@OsepMza\" \/>\n<meta name=\"twitter:site\" content=\"@OsepMza\" \/>\n<meta name=\"twitter:label1\" content=\"Escrito por\" \/>\n\t<meta name=\"twitter:data1\" content=\"Sebastian Fernandez\" \/>\n\t<meta name=\"twitter:label2\" content=\"Tiempo de lectura\" \/>\n\t<meta name=\"twitter:data2\" content=\"2 minutos\" \/>\n<script type=\"application\/ld+json\" class=\"yoast-schema-graph\">{\"@context\":\"https:\\\/\\\/schema.org\",\"@graph\":[{\"@type\":\"Article\",\"@id\":\"https:\\\/\\\/osepmendoza.com.ar\\\/web\\\/con-muchas-actividades-continua-el-mes-de-la-enfermedad-celiaca\\\/#article\",\"isPartOf\":{\"@id\":\"https:\\\/\\\/osepmendoza.com.ar\\\/web\\\/con-muchas-actividades-continua-el-mes-de-la-enfermedad-celiaca\\\/\"},\"author\":{\"name\":\"Sebastian Fernandez\",\"@id\":\"https:\\\/\\\/osepmendoza.com.ar\\\/web\\\/#\\\/schema\\\/person\\\/90986df7128a51e32bb66102fc247eb2\"},\"headline\":\"Con muchas actividades, contin\u00faa el Mes de la Enfermedad Cel\u00edaca\",\"datePublished\":\"2024-05-09T19:23:57+00:00\",\"mainEntityOfPage\":{\"@id\":\"https:\\\/\\\/osepmendoza.com.ar\\\/web\\\/con-muchas-actividades-continua-el-mes-de-la-enfermedad-celiaca\\\/\"},\"wordCount\":355,\"publisher\":{\"@id\":\"https:\\\/\\\/osepmendoza.com.ar\\\/web\\\/#organization\"},\"image\":{\"@id\":\"https:\\\/\\\/osepmendoza.com.ar\\\/web\\\/con-muchas-actividades-continua-el-mes-de-la-enfermedad-celiaca\\\/#primaryimage\"},\"thumbnailUrl\":\"https:\\\/\\\/osepmendoza.com.ar\\\/web\\\/wp-content\\\/uploads\\\/2024\\\/05\\\/semana02.jpg\",\"keywords\":[\"actividades\",\"Las Catitas\",\"Rivadavia\",\"ser cel\u00edaco\"],\"articleSection\":[\"Noticias\"],\"inLanguage\":\"es\"},{\"@type\":\"WebPage\",\"@id\":\"https:\\\/\\\/osepmendoza.com.ar\\\/web\\\/con-muchas-actividades-continua-el-mes-de-la-enfermedad-celiaca\\\/\",\"url\":\"https:\\\/\\\/osepmendoza.com.ar\\\/web\\\/con-muchas-actividades-continua-el-mes-de-la-enfermedad-celiaca\\\/\",\"name\":\"Con muchas actividades, contin\u00faa el Mes de la Enfermedad Cel\u00edaca - OSEP Mendoza\",\"isPartOf\":{\"@id\":\"https:\\\/\\\/osepmendoza.com.ar\\\/web\\\/#website\"},\"primaryImageOfPage\":{\"@id\":\"https:\\\/\\\/osepmendoza.com.ar\\\/web\\\/con-muchas-actividades-continua-el-mes-de-la-enfermedad-celiaca\\\/#primaryimage\"},\"image\":{\"@id\":\"https:\\\/\\\/osepmendoza.com.ar\\\/web\\\/con-muchas-actividades-continua-el-mes-de-la-enfermedad-celiaca\\\/#primaryimage\"},\"thumbnailUrl\":\"https:\\\/\\\/osepmendoza.com.ar\\\/web\\\/wp-content\\\/uploads\\\/2024\\\/05\\\/semana02.jpg\",\"datePublished\":\"2024-05-09T19:23:57+00:00\",\"breadcrumb\":{\"@id\":\"https:\\\/\\\/osepmendoza.com.ar\\\/web\\\/con-muchas-actividades-continua-el-mes-de-la-enfermedad-celiaca\\\/#breadcrumb\"},\"inLanguage\":\"es\",\"potentialAction\":[{\"@type\":\"ReadAction\",\"target\":[\"https:\\\/\\\/osepmendoza.com.ar\\\/web\\\/con-muchas-actividades-continua-el-mes-de-la-enfermedad-celiaca\\\/\"]}]},{\"@type\":\"ImageObject\",\"inLanguage\":\"es\",\"@id\":\"https:\\\/\\\/osepmendoza.com.ar\\\/web\\\/con-muchas-actividades-continua-el-mes-de-la-enfermedad-celiaca\\\/#primaryimage\",\"url\":\"https:\\\/\\\/osepmendoza.com.ar\\\/web\\\/wp-content\\\/uploads\\\/2024\\\/05\\\/semana02.jpg\",\"contentUrl\":\"https:\\\/\\\/osepmendoza.com.ar\\\/web\\\/wp-content\\\/uploads\\\/2024\\\/05\\\/semana02.jpg\",\"width\":1200,\"height\":438},{\"@type\":\"BreadcrumbList\",\"@id\":\"https:\\\/\\\/osepmendoza.com.ar\\\/web\\\/con-muchas-actividades-continua-el-mes-de-la-enfermedad-celiaca\\\/#breadcrumb\",\"itemListElement\":[{\"@type\":\"ListItem\",\"position\":1,\"name\":\"Portada\",\"item\":\"https:\\\/\\\/osepmendoza.com.ar\\\/web\\\/\"},{\"@type\":\"ListItem\",\"position\":2,\"name\":\"Con muchas actividades, contin\u00faa el Mes de la Enfermedad Cel\u00edaca\"}]},{\"@type\":\"WebSite\",\"@id\":\"https:\\\/\\\/osepmendoza.com.ar\\\/web\\\/#website\",\"url\":\"https:\\\/\\\/osepmendoza.com.ar\\\/web\\\/\",\"name\":\"OSEP Mendoza\",\"description\":\"Obra Social de los Empleados P\u00fablicos de Mendoza\",\"publisher\":{\"@id\":\"https:\\\/\\\/osepmendoza.com.ar\\\/web\\\/#organization\"},\"potentialAction\":[{\"@type\":\"SearchAction\",\"target\":{\"@type\":\"EntryPoint\",\"urlTemplate\":\"https:\\\/\\\/osepmendoza.com.ar\\\/web\\\/?s={search_term_string}\"},\"query-input\":{\"@type\":\"PropertyValueSpecification\",\"valueRequired\":true,\"valueName\":\"search_term_string\"}}],\"inLanguage\":\"es\"},{\"@type\":\"Organization\",\"@id\":\"https:\\\/\\\/osepmendoza.com.ar\\\/web\\\/#organization\",\"name\":\"OSEP - Obra Social de Empleados P\u00fablicos de Mendoza\",\"url\":\"https:\\\/\\\/osepmendoza.com.ar\\\/web\\\/\",\"logo\":{\"@type\":\"ImageObject\",\"inLanguage\":\"es\",\"@id\":\"https:\\\/\\\/osepmendoza.com.ar\\\/web\\\/#\\\/schema\\\/logo\\\/image\\\/\",\"url\":\"https:\\\/\\\/osepmendoza.com.ar\\\/web\\\/wp-content\\\/uploads\\\/2020\\\/04\\\/lkTM9T9z.jpg\",\"contentUrl\":\"https:\\\/\\\/osepmendoza.com.ar\\\/web\\\/wp-content\\\/uploads\\\/2020\\\/04\\\/lkTM9T9z.jpg\",\"width\":334,\"height\":334,\"caption\":\"OSEP - Obra Social de Empleados P\u00fablicos de Mendoza\"},\"image\":{\"@id\":\"https:\\\/\\\/osepmendoza.com.ar\\\/web\\\/#\\\/schema\\\/logo\\\/image\\\/\"},\"sameAs\":[\"https:\\\/\\\/www.facebook.com\\\/OSEP.MendozaArg\\\/\",\"https:\\\/\\\/x.com\\\/OsepMza\",\"https:\\\/\\\/www.instagram.com\\\/osep.mendoza\\\/\",\"https:\\\/\\\/www.youtube.com\\\/user\\\/osepvideos\"]},{\"@type\":\"Person\",\"@id\":\"https:\\\/\\\/osepmendoza.com.ar\\\/web\\\/#\\\/schema\\\/person\\\/90986df7128a51e32bb66102fc247eb2\",\"name\":\"Sebastian Fernandez\",\"image\":{\"@type\":\"ImageObject\",\"inLanguage\":\"es\",\"@id\":\"https:\\\/\\\/secure.gravatar.com\\\/avatar\\\/cc42d53caabe846896e06ed8955a60e82b2b829babcb731f86f26c42378bcfec?s=96&d=mm&r=g\",\"url\":\"https:\\\/\\\/secure.gravatar.com\\\/avatar\\\/cc42d53caabe846896e06ed8955a60e82b2b829babcb731f86f26c42378bcfec?s=96&d=mm&r=g\",\"contentUrl\":\"https:\\\/\\\/secure.gravatar.com\\\/avatar\\\/cc42d53caabe846896e06ed8955a60e82b2b829babcb731f86f26c42378bcfec?s=96&d=mm&r=g\",\"caption\":\"Sebastian Fernandez\"},\"sameAs\":[\"http:\\\/\\\/osepmendoza.com.ar\\\/web\"]}]}<\/script>\n<!-- \/ Yoast SEO plugin. -->","yoast_head_json":{"title":"Con muchas actividades, contin\u00faa el Mes de la Enfermedad Cel\u00edaca - OSEP Mendoza","robots":{"index":"index","follow":"follow","max-snippet":"max-snippet:-1","max-image-preview":"max-image-preview:large","max-video-preview":"max-video-preview:-1"},"canonical":"https:\/\/osepmendoza.com.ar\/web\/con-muchas-actividades-continua-el-mes-de-la-enfermedad-celiaca\/","og_locale":"es_ES","og_type":"article","og_title":"Con muchas actividades, contin\u00faa el Mes de la Enfermedad Cel\u00edaca - OSEP Mendoza","og_description":"En el marco del D\u00eda Mundial de la Enfermedad Cel\u00edaca...","og_url":"https:\/\/osepmendoza.com.ar\/web\/con-muchas-actividades-continua-el-mes-de-la-enfermedad-celiaca\/","og_site_name":"OSEP Mendoza","article_publisher":"https:\/\/www.facebook.com\/OSEP.MendozaArg\/","article_published_time":"2024-05-09T19:23:57+00:00","og_image":[{"width":1200,"height":438,"url":"https:\/\/osepmendoza.com.ar\/web\/wp-content\/uploads\/2024\/05\/semana02.jpg","type":"image\/jpeg"}],"author":"Sebastian Fernandez","twitter_card":"summary_large_image","twitter_creator":"@OsepMza","twitter_site":"@OsepMza","twitter_misc":{"Escrito por":"Sebastian Fernandez","Tiempo de lectura":"2 minutos"},"schema":{"@context":"https:\/\/schema.org","@graph":[{"@type":"Article","@id":"https:\/\/osepmendoza.com.ar\/web\/con-muchas-actividades-continua-el-mes-de-la-enfermedad-celiaca\/#article","isPartOf":{"@id":"https:\/\/osepmendoza.com.ar\/web\/con-muchas-actividades-continua-el-mes-de-la-enfermedad-celiaca\/"},"author":{"name":"Sebastian Fernandez","@id":"https:\/\/osepmendoza.com.ar\/web\/#\/schema\/person\/90986df7128a51e32bb66102fc247eb2"},"headline":"Con muchas actividades, contin\u00faa el Mes de la Enfermedad Cel\u00edaca","datePublished":"2024-05-09T19:23:57+00:00","mainEntityOfPage":{"@id":"https:\/\/osepmendoza.com.ar\/web\/con-muchas-actividades-continua-el-mes-de-la-enfermedad-celiaca\/"},"wordCount":355,"publisher":{"@id":"https:\/\/osepmendoza.com.ar\/web\/#organization"},"image":{"@id":"https:\/\/osepmendoza.com.ar\/web\/con-muchas-actividades-continua-el-mes-de-la-enfermedad-celiaca\/#primaryimage"},"thumbnailUrl":"https:\/\/osepmendoza.com.ar\/web\/wp-content\/uploads\/2024\/05\/semana02.jpg","keywords":["actividades","Las Catitas","Rivadavia","ser cel\u00edaco"],"articleSection":["Noticias"],"inLanguage":"es"},{"@type":"WebPage","@id":"https:\/\/osepmendoza.com.ar\/web\/con-muchas-actividades-continua-el-mes-de-la-enfermedad-celiaca\/","url":"https:\/\/osepmendoza.com.ar\/web\/con-muchas-actividades-continua-el-mes-de-la-enfermedad-celiaca\/","name":"Con muchas actividades, contin\u00faa el Mes de la Enfermedad Cel\u00edaca - OSEP Mendoza","isPartOf":{"@id":"https:\/\/osepmendoza.com.ar\/web\/#website"},"primaryImageOfPage":{"@id":"https:\/\/osepmendoza.com.ar\/web\/con-muchas-actividades-continua-el-mes-de-la-enfermedad-celiaca\/#primaryimage"},"image":{"@id":"https:\/\/osepmendoza.com.ar\/web\/con-muchas-actividades-continua-el-mes-de-la-enfermedad-celiaca\/#primaryimage"},"thumbnailUrl":"https:\/\/osepmendoza.com.ar\/web\/wp-content\/uploads\/2024\/05\/semana02.jpg","datePublished":"2024-05-09T19:23:57+00:00","breadcrumb":{"@id":"https:\/\/osepmendoza.com.ar\/web\/con-muchas-actividades-continua-el-mes-de-la-enfermedad-celiaca\/#breadcrumb"},"inLanguage":"es","potentialAction":[{"@type":"ReadAction","target":["https:\/\/osepmendoza.com.ar\/web\/con-muchas-actividades-continua-el-mes-de-la-enfermedad-celiaca\/"]}]},{"@type":"ImageObject","inLanguage":"es","@id":"https:\/\/osepmendoza.com.ar\/web\/con-muchas-actividades-continua-el-mes-de-la-enfermedad-celiaca\/#primaryimage","url":"https:\/\/osepmendoza.com.ar\/web\/wp-content\/uploads\/2024\/05\/semana02.jpg","contentUrl":"https:\/\/osepmendoza.com.ar\/web\/wp-content\/uploads\/2024\/05\/semana02.jpg","width":1200,"height":438},{"@type":"BreadcrumbList","@id":"https:\/\/osepmendoza.com.ar\/web\/con-muchas-actividades-continua-el-mes-de-la-enfermedad-celiaca\/#breadcrumb","itemListElement":[{"@type":"ListItem","position":1,"name":"Portada","item":"https:\/\/osepmendoza.com.ar\/web\/"},{"@type":"ListItem","position":2,"name":"Con muchas actividades, contin\u00faa el Mes de la Enfermedad Cel\u00edaca"}]},{"@type":"WebSite","@id":"https:\/\/osepmendoza.com.ar\/web\/#website","url":"https:\/\/osepmendoza.com.ar\/web\/","name":"OSEP Mendoza","description":"Obra Social de los Empleados P\u00fablicos de Mendoza","publisher":{"@id":"https:\/\/osepmendoza.com.ar\/web\/#organization"},"potentialAction":[{"@type":"SearchAction","target":{"@type":"EntryPoint","urlTemplate":"https:\/\/osepmendoza.com.ar\/web\/?s={search_term_string}"},"query-input":{"@type":"PropertyValueSpecification","valueRequired":true,"valueName":"search_term_string"}}],"inLanguage":"es"},{"@type":"Organization","@id":"https:\/\/osepmendoza.com.ar\/web\/#organization","name":"OSEP - Obra Social de Empleados P\u00fablicos de Mendoza","url":"https:\/\/osepmendoza.com.ar\/web\/","logo":{"@type":"ImageObject","inLanguage":"es","@id":"https:\/\/osepmendoza.com.ar\/web\/#\/schema\/logo\/image\/","url":"https:\/\/osepmendoza.com.ar\/web\/wp-content\/uploads\/2020\/04\/lkTM9T9z.jpg","contentUrl":"https:\/\/osepmendoza.com.ar\/web\/wp-content\/uploads\/2020\/04\/lkTM9T9z.jpg","width":334,"height":334,"caption":"OSEP - Obra Social de Empleados P\u00fablicos de Mendoza"},"image":{"@id":"https:\/\/osepmendoza.com.ar\/web\/#\/schema\/logo\/image\/"},"sameAs":["https:\/\/www.facebook.com\/OSEP.MendozaArg\/","https:\/\/x.com\/OsepMza","https:\/\/www.instagram.com\/osep.mendoza\/","https:\/\/www.youtube.com\/user\/osepvideos"]},{"@type":"Person","@id":"https:\/\/osepmendoza.com.ar\/web\/#\/schema\/person\/90986df7128a51e32bb66102fc247eb2","name":"Sebastian Fernandez","image":{"@type":"ImageObject","inLanguage":"es","@id":"https:\/\/secure.gravatar.com\/avatar\/cc42d53caabe846896e06ed8955a60e82b2b829babcb731f86f26c42378bcfec?s=96&d=mm&r=g","url":"https:\/\/secure.gravatar.com\/avatar\/cc42d53caabe846896e06ed8955a60e82b2b829babcb731f86f26c42378bcfec?s=96&d=mm&r=g","contentUrl":"https:\/\/secure.gravatar.com\/avatar\/cc42d53caabe846896e06ed8955a60e82b2b829babcb731f86f26c42378bcfec?s=96&d=mm&r=g","caption":"Sebastian Fernandez"},"sameAs":["http:\/\/osepmendoza.com.ar\/web"]}]}},"amp_enabled":true,"_links":{"self":[{"href":"https:\/\/osepmendoza.com.ar\/web\/wp-json\/wp\/v2\/posts\/53149","targetHints":{"allow":["GET"]}}],"collection":[{"href":"https:\/\/osepmendoza.com.ar\/web\/wp-json\/wp\/v2\/posts"}],"about":[{"href":"https:\/\/osepmendoza.com.ar\/web\/wp-json\/wp\/v2\/types\/post"}],"author":[{"embeddable":true,"href":"https:\/\/osepmendoza.com.ar\/web\/wp-json\/wp\/v2\/users\/12"}],"replies":[{"embeddable":true,"href":"https:\/\/osepmendoza.com.ar\/web\/wp-json\/wp\/v2\/comments?post=53149"}],"version-history":[{"count":1,"href":"https:\/\/osepmendoza.com.ar\/web\/wp-json\/wp\/v2\/posts\/53149\/revisions"}],"predecessor-version":[{"id":53157,"href":"https:\/\/osepmendoza.com.ar\/web\/wp-json\/wp\/v2\/posts\/53149\/revisions\/53157"}],"wp:featuredmedia":[{"embeddable":true,"href":"https:\/\/osepmendoza.com.ar\/web\/wp-json\/wp\/v2\/media\/53150"}],"wp:attachment":[{"href":"https:\/\/osepmendoza.com.ar\/web\/wp-json\/wp\/v2\/media?parent=53149"}],"wp:term":[{"taxonomy":"category","embeddable":true,"href":"https:\/\/osepmendoza.com.ar\/web\/wp-json\/wp\/v2\/categories?post=53149"},{"taxonomy":"post_tag","embeddable":true,"href":"https:\/\/osepmendoza.com.ar\/web\/wp-json\/wp\/v2\/tags?post=53149"}],"curies":[{"name":"wp","href":"https:\/\/api.w.org\/{rel}","templated":true}]}}