{"id":53099,"date":"2024-05-07T13:18:10","date_gmt":"2024-05-07T16:18:10","guid":{"rendered":"https:\/\/osepmendoza.com.ar\/web\/?p=53099"},"modified":"2024-05-07T13:33:53","modified_gmt":"2024-05-07T16:33:53","slug":"lavado-de-manos-en-el-hospital-el-carmen","status":"publish","type":"post","link":"https:\/\/osepmendoza.com.ar\/web\/lavado-de-manos-en-el-hospital-el-carmen\/","title":{"rendered":"Lavado de manos en el Hospital El Carmen"},"content":{"rendered":"<p align=\"justify\"><strong>OSEP contin\u00faa realizando actividades en el marco del D\u00eda Mundial de la Higiene de Manos. En el Hospital El Carmen, trabajadores y pacientes participaron activamente de la consigna y asistieron a una festiva jornada.<\/strong><\/p>\n<p align=\"justify\">Una vez m\u00e1s, el hospital El Carmen fue parte de las actividades propuestas por la Obra Social de los Empleados P\u00fablicos, con el objetivo de fortalecer la concientizaci\u00f3n para prevenir enfermedades a trav\u00e9s de juegos y canciones a cargo de Music\u00f3n, artista socioterap\u00e9utico de la Obra Social y la actuaci\u00f3n de Mara, interpretando \u201cLa Mano\u201d.<\/p>\n<p align=\"justify\">El encuentro tuvo lugar en el Sal\u00f3n de Usos M\u00faltiples (SUM) del nosocomio donde se realizaron actividades como preguntas y respuestas, tomando protagonismo la explicaci\u00f3n del procedimiento antis\u00e9ptico del lavado de manos. El encuentro tambi\u00e9n cont\u00f3 con una charla de las profesionales del Servicio de dermatolog\u00eda quienes cerraron su participaci\u00f3n con el sorteo de productos para el cuidado de la piel.<\/p>\n<p align=\"justify\">La actividad fue organizada por el \u00c1rea de Control de Infecciones del hospital, con un equipo conformado por la doctora Noelia Lineros y los licenciados Ester Coria, Armando Chandia y Betina Mart\u00ednez.<\/p>\n<p align=\"justify\">Hay que recordar que cada a\u00f1o se producen en todo el mundo 136 millones de casos de infecciones, resistentes a los antibi\u00f3ticos asociadas a la atenci\u00f3n sanitaria, que podr\u00edan evitarse con una adecuada higiene de manos, por lo que el correcto lavado de manos nos ayuda a salvar vidas.<\/p>\n<div id='gallery-1' class='gallery galleryid-53099 gallery-columns-2 gallery-size-full'><figure class='gallery-item'>\n\t\t\t<div class='gallery-icon landscape'>\n\t\t\t\t<a href='https:\/\/osepmendoza.com.ar\/web\/lavado-de-manos-en-el-hospital-el-carmen\/mano1\/'><img loading=\"lazy\" decoding=\"async\" width=\"1280\" height=\"960\" src=\"https:\/\/osepmendoza.com.ar\/web\/wp-content\/uploads\/2024\/05\/mano1.jpg\" class=\"attachment-full size-full\" alt=\"\" srcset=\"https:\/\/osepmendoza.com.ar\/web\/wp-content\/uploads\/2024\/05\/mano1.jpg 1280w, https:\/\/osepmendoza.com.ar\/web\/wp-content\/uploads\/2024\/05\/mano1-150x113.jpg 150w, https:\/\/osepmendoza.com.ar\/web\/wp-content\/uploads\/2024\/05\/mano1-768x576.jpg 768w\" sizes=\"auto, (max-width: 1280px) 100vw, 1280px\" \/><\/a>\n\t\t\t<\/div><\/figure><figure class='gallery-item'>\n\t\t\t<div class='gallery-icon landscape'>\n\t\t\t\t<a href='https:\/\/osepmendoza.com.ar\/web\/lavado-de-manos-en-el-hospital-el-carmen\/mano2\/'><img loading=\"lazy\" decoding=\"async\" width=\"1280\" height=\"960\" src=\"https:\/\/osepmendoza.com.ar\/web\/wp-content\/uploads\/2024\/05\/mano2.jpg\" class=\"attachment-full size-full\" alt=\"\" srcset=\"https:\/\/osepmendoza.com.ar\/web\/wp-content\/uploads\/2024\/05\/mano2.jpg 1280w, https:\/\/osepmendoza.com.ar\/web\/wp-content\/uploads\/2024\/05\/mano2-150x113.jpg 150w, https:\/\/osepmendoza.com.ar\/web\/wp-content\/uploads\/2024\/05\/mano2-768x576.jpg 768w\" sizes=\"auto, (max-width: 1280px) 100vw, 1280px\" \/><\/a>\n\t\t\t<\/div><\/figure><figure class='gallery-item'>\n\t\t\t<div class='gallery-icon landscape'>\n\t\t\t\t<a href='https:\/\/osepmendoza.com.ar\/web\/lavado-de-manos-en-el-hospital-el-carmen\/mano3\/'><img loading=\"lazy\" decoding=\"async\" width=\"1280\" height=\"960\" src=\"https:\/\/osepmendoza.com.ar\/web\/wp-content\/uploads\/2024\/05\/mano3.jpg\" class=\"attachment-full size-full\" alt=\"\" srcset=\"https:\/\/osepmendoza.com.ar\/web\/wp-content\/uploads\/2024\/05\/mano3.jpg 1280w, https:\/\/osepmendoza.com.ar\/web\/wp-content\/uploads\/2024\/05\/mano3-150x113.jpg 150w, https:\/\/osepmendoza.com.ar\/web\/wp-content\/uploads\/2024\/05\/mano3-768x576.jpg 768w\" sizes=\"auto, (max-width: 1280px) 100vw, 1280px\" \/><\/a>\n\t\t\t<\/div><\/figure><figure class='gallery-item'>\n\t\t\t<div class='gallery-icon landscape'>\n\t\t\t\t<a href='https:\/\/osepmendoza.com.ar\/web\/lavado-de-manos-en-el-hospital-el-carmen\/mano4\/'><img loading=\"lazy\" decoding=\"async\" width=\"1280\" height=\"960\" src=\"https:\/\/osepmendoza.com.ar\/web\/wp-content\/uploads\/2024\/05\/mano4.jpg\" class=\"attachment-full size-full\" alt=\"\" srcset=\"https:\/\/osepmendoza.com.ar\/web\/wp-content\/uploads\/2024\/05\/mano4.jpg 1280w, https:\/\/osepmendoza.com.ar\/web\/wp-content\/uploads\/2024\/05\/mano4-150x113.jpg 150w, https:\/\/osepmendoza.com.ar\/web\/wp-content\/uploads\/2024\/05\/mano4-768x576.jpg 768w\" sizes=\"auto, (max-width: 1280px) 100vw, 1280px\" \/><\/a>\n\t\t\t<\/div><\/figure><figure class='gallery-item'>\n\t\t\t<div class='gallery-icon landscape'>\n\t\t\t\t<a href='https:\/\/osepmendoza.com.ar\/web\/lavado-de-manos-en-el-hospital-el-carmen\/mano5\/'><img loading=\"lazy\" decoding=\"async\" width=\"1280\" height=\"960\" src=\"https:\/\/osepmendoza.com.ar\/web\/wp-content\/uploads\/2024\/05\/mano5.jpg\" class=\"attachment-full size-full\" alt=\"\" srcset=\"https:\/\/osepmendoza.com.ar\/web\/wp-content\/uploads\/2024\/05\/mano5.jpg 1280w, https:\/\/osepmendoza.com.ar\/web\/wp-content\/uploads\/2024\/05\/mano5-150x113.jpg 150w, https:\/\/osepmendoza.com.ar\/web\/wp-content\/uploads\/2024\/05\/mano5-768x576.jpg 768w\" sizes=\"auto, (max-width: 1280px) 100vw, 1280px\" \/><\/a>\n\t\t\t<\/div><\/figure><figure class='gallery-item'>\n\t\t\t<div class='gallery-icon landscape'>\n\t\t\t\t<a href='https:\/\/osepmendoza.com.ar\/web\/lavado-de-manos-en-el-hospital-el-carmen\/mano6\/'><img loading=\"lazy\" decoding=\"async\" width=\"1280\" height=\"960\" src=\"https:\/\/osepmendoza.com.ar\/web\/wp-content\/uploads\/2024\/05\/mano6.jpg\" class=\"attachment-full size-full\" alt=\"\" srcset=\"https:\/\/osepmendoza.com.ar\/web\/wp-content\/uploads\/2024\/05\/mano6.jpg 1280w, https:\/\/osepmendoza.com.ar\/web\/wp-content\/uploads\/2024\/05\/mano6-150x113.jpg 150w, https:\/\/osepmendoza.com.ar\/web\/wp-content\/uploads\/2024\/05\/mano6-768x576.jpg 768w\" sizes=\"auto, (max-width: 1280px) 100vw, 1280px\" \/><\/a>\n\t\t\t<\/div><\/figure><figure class='gallery-item'>\n\t\t\t<div class='gallery-icon landscape'>\n\t\t\t\t<a href='https:\/\/osepmendoza.com.ar\/web\/lavado-de-manos-en-el-hospital-el-carmen\/mano7\/'><img loading=\"lazy\" decoding=\"async\" width=\"1280\" height=\"960\" src=\"https:\/\/osepmendoza.com.ar\/web\/wp-content\/uploads\/2024\/05\/mano7.jpg\" class=\"attachment-full size-full\" alt=\"\" srcset=\"https:\/\/osepmendoza.com.ar\/web\/wp-content\/uploads\/2024\/05\/mano7.jpg 1280w, https:\/\/osepmendoza.com.ar\/web\/wp-content\/uploads\/2024\/05\/mano7-150x113.jpg 150w, https:\/\/osepmendoza.com.ar\/web\/wp-content\/uploads\/2024\/05\/mano7-768x576.jpg 768w\" sizes=\"auto, (max-width: 1280px) 100vw, 1280px\" \/><\/a>\n\t\t\t<\/div><\/figure><figure class='gallery-item'>\n\t\t\t<div class='gallery-icon landscape'>\n\t\t\t\t<a href='https:\/\/osepmendoza.com.ar\/web\/lavado-de-manos-en-el-hospital-el-carmen\/mano8\/'><img loading=\"lazy\" decoding=\"async\" width=\"1280\" height=\"960\" src=\"https:\/\/osepmendoza.com.ar\/web\/wp-content\/uploads\/2024\/05\/mano8.jpg\" class=\"attachment-full size-full\" alt=\"\" srcset=\"https:\/\/osepmendoza.com.ar\/web\/wp-content\/uploads\/2024\/05\/mano8.jpg 1280w, https:\/\/osepmendoza.com.ar\/web\/wp-content\/uploads\/2024\/05\/mano8-150x113.jpg 150w, https:\/\/osepmendoza.com.ar\/web\/wp-content\/uploads\/2024\/05\/mano8-768x576.jpg 768w\" sizes=\"auto, (max-width: 1280px) 100vw, 1280px\" \/><\/a>\n\t\t\t<\/div><\/figure><figure class='gallery-item'>\n\t\t\t<div class='gallery-icon landscape'>\n\t\t\t\t<a href='https:\/\/osepmendoza.com.ar\/web\/lavado-de-manos-en-el-hospital-el-carmen\/mano9\/'><img loading=\"lazy\" decoding=\"async\" width=\"1280\" height=\"960\" src=\"https:\/\/osepmendoza.com.ar\/web\/wp-content\/uploads\/2024\/05\/mano9.jpg\" class=\"attachment-full size-full\" alt=\"\" srcset=\"https:\/\/osepmendoza.com.ar\/web\/wp-content\/uploads\/2024\/05\/mano9.jpg 1280w, https:\/\/osepmendoza.com.ar\/web\/wp-content\/uploads\/2024\/05\/mano9-150x113.jpg 150w, https:\/\/osepmendoza.com.ar\/web\/wp-content\/uploads\/2024\/05\/mano9-768x576.jpg 768w\" sizes=\"auto, (max-width: 1280px) 100vw, 1280px\" \/><\/a>\n\t\t\t<\/div><\/figure><figure class='gallery-item'>\n\t\t\t<div class='gallery-icon landscape'>\n\t\t\t\t<a href='https:\/\/osepmendoza.com.ar\/web\/lavado-de-manos-en-el-hospital-el-carmen\/manoa\/'><img loading=\"lazy\" decoding=\"async\" width=\"1280\" height=\"960\" src=\"https:\/\/osepmendoza.com.ar\/web\/wp-content\/uploads\/2024\/05\/manoa.jpg\" class=\"attachment-full size-full\" alt=\"\" srcset=\"https:\/\/osepmendoza.com.ar\/web\/wp-content\/uploads\/2024\/05\/manoa.jpg 1280w, https:\/\/osepmendoza.com.ar\/web\/wp-content\/uploads\/2024\/05\/manoa-150x113.jpg 150w, https:\/\/osepmendoza.com.ar\/web\/wp-content\/uploads\/2024\/05\/manoa-768x576.jpg 768w\" sizes=\"auto, (max-width: 1280px) 100vw, 1280px\" \/><\/a>\n\t\t\t<\/div><\/figure><figure class='gallery-item'>\n\t\t\t<div class='gallery-icon landscape'>\n\t\t\t\t<a href='https:\/\/osepmendoza.com.ar\/web\/lavado-de-manos-en-el-hospital-el-carmen\/manob\/'><img loading=\"lazy\" decoding=\"async\" width=\"1280\" height=\"960\" src=\"https:\/\/osepmendoza.com.ar\/web\/wp-content\/uploads\/2024\/05\/manob.jpg\" class=\"attachment-full size-full\" alt=\"\" srcset=\"https:\/\/osepmendoza.com.ar\/web\/wp-content\/uploads\/2024\/05\/manob.jpg 1280w, https:\/\/osepmendoza.com.ar\/web\/wp-content\/uploads\/2024\/05\/manob-150x113.jpg 150w, https:\/\/osepmendoza.com.ar\/web\/wp-content\/uploads\/2024\/05\/manob-768x576.jpg 768w\" sizes=\"auto, (max-width: 1280px) 100vw, 1280px\" \/><\/a>\n\t\t\t<\/div><\/figure><figure class='gallery-item'>\n\t\t\t<div class='gallery-icon landscape'>\n\t\t\t\t<a href='https:\/\/osepmendoza.com.ar\/web\/lavado-de-manos-en-el-hospital-el-carmen\/manoc\/'><img loading=\"lazy\" decoding=\"async\" width=\"1280\" height=\"960\" src=\"https:\/\/osepmendoza.com.ar\/web\/wp-content\/uploads\/2024\/05\/manoc.jpg\" class=\"attachment-full size-full\" alt=\"\" srcset=\"https:\/\/osepmendoza.com.ar\/web\/wp-content\/uploads\/2024\/05\/manoc.jpg 1280w, https:\/\/osepmendoza.com.ar\/web\/wp-content\/uploads\/2024\/05\/manoc-150x113.jpg 150w, https:\/\/osepmendoza.com.ar\/web\/wp-content\/uploads\/2024\/05\/manoc-768x576.jpg 768w\" sizes=\"auto, (max-width: 1280px) 100vw, 1280px\" \/><\/a>\n\t\t\t<\/div><\/figure><figure class='gallery-item'>\n\t\t\t<div class='gallery-icon landscape'>\n\t\t\t\t<a href='https:\/\/osepmendoza.com.ar\/web\/lavado-de-manos-en-el-hospital-el-carmen\/manod\/'><img loading=\"lazy\" decoding=\"async\" width=\"1280\" height=\"960\" src=\"https:\/\/osepmendoza.com.ar\/web\/wp-content\/uploads\/2024\/05\/manod.jpg\" class=\"attachment-full size-full\" alt=\"\" srcset=\"https:\/\/osepmendoza.com.ar\/web\/wp-content\/uploads\/2024\/05\/manod.jpg 1280w, https:\/\/osepmendoza.com.ar\/web\/wp-content\/uploads\/2024\/05\/manod-150x113.jpg 150w, https:\/\/osepmendoza.com.ar\/web\/wp-content\/uploads\/2024\/05\/manod-768x576.jpg 768w\" sizes=\"auto, (max-width: 1280px) 100vw, 1280px\" \/><\/a>\n\t\t\t<\/div><\/figure><figure class='gallery-item'>\n\t\t\t<div class='gallery-icon landscape'>\n\t\t\t\t<a href='https:\/\/osepmendoza.com.ar\/web\/lavado-de-manos-en-el-hospital-el-carmen\/manoe\/'><img loading=\"lazy\" decoding=\"async\" width=\"1280\" height=\"960\" src=\"https:\/\/osepmendoza.com.ar\/web\/wp-content\/uploads\/2024\/05\/manoe.jpg\" class=\"attachment-full size-full\" alt=\"\" srcset=\"https:\/\/osepmendoza.com.ar\/web\/wp-content\/uploads\/2024\/05\/manoe.jpg 1280w, https:\/\/osepmendoza.com.ar\/web\/wp-content\/uploads\/2024\/05\/manoe-150x113.jpg 150w, https:\/\/osepmendoza.com.ar\/web\/wp-content\/uploads\/2024\/05\/manoe-768x576.jpg 768w\" sizes=\"auto, (max-width: 1280px) 100vw, 1280px\" \/><\/a>\n\t\t\t<\/div><\/figure><figure class='gallery-item'>\n\t\t\t<div class='gallery-icon landscape'>\n\t\t\t\t<a href='https:\/\/osepmendoza.com.ar\/web\/lavado-de-manos-en-el-hospital-el-carmen\/manof\/'><img loading=\"lazy\" decoding=\"async\" width=\"1280\" height=\"960\" src=\"https:\/\/osepmendoza.com.ar\/web\/wp-content\/uploads\/2024\/05\/manof.jpg\" class=\"attachment-full size-full\" alt=\"\" srcset=\"https:\/\/osepmendoza.com.ar\/web\/wp-content\/uploads\/2024\/05\/manof.jpg 1280w, https:\/\/osepmendoza.com.ar\/web\/wp-content\/uploads\/2024\/05\/manof-150x113.jpg 150w, https:\/\/osepmendoza.com.ar\/web\/wp-content\/uploads\/2024\/05\/manof-768x576.jpg 768w\" sizes=\"auto, (max-width: 1280px) 100vw, 1280px\" \/><\/a>\n\t\t\t<\/div><\/figure><figure class='gallery-item'>\n\t\t\t<div class='gallery-icon landscape'>\n\t\t\t\t<a href='https:\/\/osepmendoza.com.ar\/web\/lavado-de-manos-en-el-hospital-el-carmen\/manog\/'><img loading=\"lazy\" decoding=\"async\" width=\"1280\" height=\"960\" src=\"https:\/\/osepmendoza.com.ar\/web\/wp-content\/uploads\/2024\/05\/manog.jpg\" class=\"attachment-full size-full\" alt=\"\" srcset=\"https:\/\/osepmendoza.com.ar\/web\/wp-content\/uploads\/2024\/05\/manog.jpg 1280w, https:\/\/osepmendoza.com.ar\/web\/wp-content\/uploads\/2024\/05\/manog-150x113.jpg 150w, https:\/\/osepmendoza.com.ar\/web\/wp-content\/uploads\/2024\/05\/manog-768x576.jpg 768w\" sizes=\"auto, (max-width: 1280px) 100vw, 1280px\" \/><\/a>\n\t\t\t<\/div><\/figure><figure class='gallery-item'>\n\t\t\t<div class='gallery-icon landscape'>\n\t\t\t\t<a href='https:\/\/osepmendoza.com.ar\/web\/lavado-de-manos-en-el-hospital-el-carmen\/manok\/'><img loading=\"lazy\" decoding=\"async\" width=\"1599\" height=\"1200\" src=\"https:\/\/osepmendoza.com.ar\/web\/wp-content\/uploads\/2024\/05\/manok.jpg\" class=\"attachment-full size-full\" alt=\"\" srcset=\"https:\/\/osepmendoza.com.ar\/web\/wp-content\/uploads\/2024\/05\/manok.jpg 1599w, https:\/\/osepmendoza.com.ar\/web\/wp-content\/uploads\/2024\/05\/manok-150x113.jpg 150w, https:\/\/osepmendoza.com.ar\/web\/wp-content\/uploads\/2024\/05\/manok-768x576.jpg 768w, https:\/\/osepmendoza.com.ar\/web\/wp-content\/uploads\/2024\/05\/manok-1536x1153.jpg 1536w\" sizes=\"auto, (max-width: 1599px) 100vw, 1599px\" \/><\/a>\n\t\t\t<\/div><\/figure><figure class='gallery-item'>\n\t\t\t<div class='gallery-icon landscape'>\n\t\t\t\t<a href='https:\/\/osepmendoza.com.ar\/web\/lavado-de-manos-en-el-hospital-el-carmen\/manol\/'><img loading=\"lazy\" decoding=\"async\" width=\"1599\" height=\"1200\" src=\"https:\/\/osepmendoza.com.ar\/web\/wp-content\/uploads\/2024\/05\/manol.jpg\" class=\"attachment-full size-full\" alt=\"\" srcset=\"https:\/\/osepmendoza.com.ar\/web\/wp-content\/uploads\/2024\/05\/manol.jpg 1599w, https:\/\/osepmendoza.com.ar\/web\/wp-content\/uploads\/2024\/05\/manol-150x113.jpg 150w, https:\/\/osepmendoza.com.ar\/web\/wp-content\/uploads\/2024\/05\/manol-768x576.jpg 768w, https:\/\/osepmendoza.com.ar\/web\/wp-content\/uploads\/2024\/05\/manol-1536x1153.jpg 1536w\" sizes=\"auto, (max-width: 1599px) 100vw, 1599px\" \/><\/a>\n\t\t\t<\/div><\/figure><figure class='gallery-item'>\n\t\t\t<div class='gallery-icon landscape'>\n\t\t\t\t<a href='https:\/\/osepmendoza.com.ar\/web\/lavado-de-manos-en-el-hospital-el-carmen\/manoh\/'><img loading=\"lazy\" decoding=\"async\" width=\"1280\" height=\"720\" src=\"https:\/\/osepmendoza.com.ar\/web\/wp-content\/uploads\/2024\/05\/manoh.jpg\" class=\"attachment-full size-full\" alt=\"\" srcset=\"https:\/\/osepmendoza.com.ar\/web\/wp-content\/uploads\/2024\/05\/manoh.jpg 1280w, https:\/\/osepmendoza.com.ar\/web\/wp-content\/uploads\/2024\/05\/manoh-150x84.jpg 150w, https:\/\/osepmendoza.com.ar\/web\/wp-content\/uploads\/2024\/05\/manoh-768x432.jpg 768w, https:\/\/osepmendoza.com.ar\/web\/wp-content\/uploads\/2024\/05\/manoh-1200x675.jpg 1200w\" sizes=\"auto, (max-width: 1280px) 100vw, 1280px\" \/><\/a>\n\t\t\t<\/div><\/figure><figure class='gallery-item'>\n\t\t\t<div class='gallery-icon landscape'>\n\t\t\t\t<a href='https:\/\/osepmendoza.com.ar\/web\/lavado-de-manos-en-el-hospital-el-carmen\/manom\/'><img loading=\"lazy\" decoding=\"async\" width=\"1280\" height=\"720\" src=\"https:\/\/osepmendoza.com.ar\/web\/wp-content\/uploads\/2024\/05\/manom.jpg\" class=\"attachment-full size-full\" alt=\"\" srcset=\"https:\/\/osepmendoza.com.ar\/web\/wp-content\/uploads\/2024\/05\/manom.jpg 1280w, https:\/\/osepmendoza.com.ar\/web\/wp-content\/uploads\/2024\/05\/manom-150x84.jpg 150w, https:\/\/osepmendoza.com.ar\/web\/wp-content\/uploads\/2024\/05\/manom-768x432.jpg 768w, https:\/\/osepmendoza.com.ar\/web\/wp-content\/uploads\/2024\/05\/manom-1200x675.jpg 1200w\" sizes=\"auto, (max-width: 1280px) 100vw, 1280px\" \/><\/a>\n\t\t\t<\/div><\/figure><figure class='gallery-item'>\n\t\t\t<div class='gallery-icon landscape'>\n\t\t\t\t<a href='https:\/\/osepmendoza.com.ar\/web\/lavado-de-manos-en-el-hospital-el-carmen\/manot\/'><img loading=\"lazy\" decoding=\"async\" width=\"1280\" height=\"720\" src=\"https:\/\/osepmendoza.com.ar\/web\/wp-content\/uploads\/2024\/05\/manot.jpg\" class=\"attachment-full size-full\" alt=\"\" srcset=\"https:\/\/osepmendoza.com.ar\/web\/wp-content\/uploads\/2024\/05\/manot.jpg 1280w, https:\/\/osepmendoza.com.ar\/web\/wp-content\/uploads\/2024\/05\/manot-150x84.jpg 150w, https:\/\/osepmendoza.com.ar\/web\/wp-content\/uploads\/2024\/05\/manot-768x432.jpg 768w, https:\/\/osepmendoza.com.ar\/web\/wp-content\/uploads\/2024\/05\/manot-1200x675.jpg 1200w\" sizes=\"auto, (max-width: 1280px) 100vw, 1280px\" \/><\/a>\n\t\t\t<\/div><\/figure><figure class='gallery-item'>\n\t\t\t<div class='gallery-icon landscape'>\n\t\t\t\t<a href='https:\/\/osepmendoza.com.ar\/web\/lavado-de-manos-en-el-hospital-el-carmen\/manoy\/'><img loading=\"lazy\" decoding=\"async\" width=\"1280\" height=\"720\" src=\"https:\/\/osepmendoza.com.ar\/web\/wp-content\/uploads\/2024\/05\/manoy.jpg\" class=\"attachment-full size-full\" alt=\"\" srcset=\"https:\/\/osepmendoza.com.ar\/web\/wp-content\/uploads\/2024\/05\/manoy.jpg 1280w, https:\/\/osepmendoza.com.ar\/web\/wp-content\/uploads\/2024\/05\/manoy-150x84.jpg 150w, https:\/\/osepmendoza.com.ar\/web\/wp-content\/uploads\/2024\/05\/manoy-768x432.jpg 768w, https:\/\/osepmendoza.com.ar\/web\/wp-content\/uploads\/2024\/05\/manoy-1200x675.jpg 1200w\" sizes=\"auto, (max-width: 1280px) 100vw, 1280px\" \/><\/a>\n\t\t\t<\/div><\/figure><figure class='gallery-item'>\n\t\t\t<div class='gallery-icon portrait'>\n\t\t\t\t<a href='https:\/\/osepmendoza.com.ar\/web\/lavado-de-manos-en-el-hospital-el-carmen\/manoi-2\/'><img loading=\"lazy\" decoding=\"async\" width=\"720\" height=\"1280\" src=\"https:\/\/osepmendoza.com.ar\/web\/wp-content\/uploads\/2024\/05\/manoi-1.jpg\" class=\"attachment-full size-full\" alt=\"\" srcset=\"https:\/\/osepmendoza.com.ar\/web\/wp-content\/uploads\/2024\/05\/manoi-1.jpg 720w, https:\/\/osepmendoza.com.ar\/web\/wp-content\/uploads\/2024\/05\/manoi-1-84x150.jpg 84w\" sizes=\"auto, (max-width: 720px) 100vw, 720px\" \/><\/a>\n\t\t\t<\/div><\/figure><figure class='gallery-item'>\n\t\t\t<div class='gallery-icon portrait'>\n\t\t\t\t<a href='https:\/\/osepmendoza.com.ar\/web\/lavado-de-manos-en-el-hospital-el-carmen\/manon-2\/'><img loading=\"lazy\" decoding=\"async\" width=\"720\" height=\"1280\" src=\"https:\/\/osepmendoza.com.ar\/web\/wp-content\/uploads\/2024\/05\/manon-1.jpg\" class=\"attachment-full size-full\" alt=\"\" srcset=\"https:\/\/osepmendoza.com.ar\/web\/wp-content\/uploads\/2024\/05\/manon-1.jpg 720w, https:\/\/osepmendoza.com.ar\/web\/wp-content\/uploads\/2024\/05\/manon-1-84x150.jpg 84w\" sizes=\"auto, (max-width: 720px) 100vw, 720px\" \/><\/a>\n\t\t\t<\/div><\/figure><figure class='gallery-item'>\n\t\t\t<div class='gallery-icon portrait'>\n\t\t\t\t<a href='https:\/\/osepmendoza.com.ar\/web\/lavado-de-manos-en-el-hospital-el-carmen\/manoo-2\/'><img loading=\"lazy\" decoding=\"async\" width=\"720\" height=\"1280\" src=\"https:\/\/osepmendoza.com.ar\/web\/wp-content\/uploads\/2024\/05\/manoo-1.jpg\" class=\"attachment-full size-full\" alt=\"\" srcset=\"https:\/\/osepmendoza.com.ar\/web\/wp-content\/uploads\/2024\/05\/manoo-1.jpg 720w, https:\/\/osepmendoza.com.ar\/web\/wp-content\/uploads\/2024\/05\/manoo-1-84x150.jpg 84w\" sizes=\"auto, (max-width: 720px) 100vw, 720px\" \/><\/a>\n\t\t\t<\/div><\/figure><figure class='gallery-item'>\n\t\t\t<div class='gallery-icon portrait'>\n\t\t\t\t<a href='https:\/\/osepmendoza.com.ar\/web\/lavado-de-manos-en-el-hospital-el-carmen\/manop-2\/'><img loading=\"lazy\" decoding=\"async\" width=\"720\" height=\"1280\" src=\"https:\/\/osepmendoza.com.ar\/web\/wp-content\/uploads\/2024\/05\/manop-1.jpg\" class=\"attachment-full size-full\" alt=\"\" srcset=\"https:\/\/osepmendoza.com.ar\/web\/wp-content\/uploads\/2024\/05\/manop-1.jpg 720w, https:\/\/osepmendoza.com.ar\/web\/wp-content\/uploads\/2024\/05\/manop-1-84x150.jpg 84w\" sizes=\"auto, (max-width: 720px) 100vw, 720px\" \/><\/a>\n\t\t\t<\/div><\/figure><figure class='gallery-item'>\n\t\t\t<div class='gallery-icon portrait'>\n\t\t\t\t<a href='https:\/\/osepmendoza.com.ar\/web\/lavado-de-manos-en-el-hospital-el-carmen\/manoq-2\/'><img loading=\"lazy\" decoding=\"async\" width=\"720\" height=\"1280\" src=\"https:\/\/osepmendoza.com.ar\/web\/wp-content\/uploads\/2024\/05\/manoq-1.jpg\" class=\"attachment-full size-full\" alt=\"\" srcset=\"https:\/\/osepmendoza.com.ar\/web\/wp-content\/uploads\/2024\/05\/manoq-1.jpg 720w, https:\/\/osepmendoza.com.ar\/web\/wp-content\/uploads\/2024\/05\/manoq-1-84x150.jpg 84w\" sizes=\"auto, (max-width: 720px) 100vw, 720px\" \/><\/a>\n\t\t\t<\/div><\/figure><figure class='gallery-item'>\n\t\t\t<div class='gallery-icon portrait'>\n\t\t\t\t<a href='https:\/\/osepmendoza.com.ar\/web\/lavado-de-manos-en-el-hospital-el-carmen\/manoz\/'><img loading=\"lazy\" decoding=\"async\" width=\"720\" height=\"1280\" src=\"https:\/\/osepmendoza.com.ar\/web\/wp-content\/uploads\/2024\/05\/manoz.jpg\" class=\"attachment-full size-full\" alt=\"\" srcset=\"https:\/\/osepmendoza.com.ar\/web\/wp-content\/uploads\/2024\/05\/manoz.jpg 720w, https:\/\/osepmendoza.com.ar\/web\/wp-content\/uploads\/2024\/05\/manoz-84x150.jpg 84w\" sizes=\"auto, (max-width: 720px) 100vw, 720px\" \/><\/a>\n\t\t\t<\/div><\/figure><figure class='gallery-item'>\n\t\t\t<div class='gallery-icon portrait'>\n\t\t\t\t<a href='https:\/\/osepmendoza.com.ar\/web\/lavado-de-manos-en-el-hospital-el-carmen\/manoj-2\/'><img loading=\"lazy\" decoding=\"async\" width=\"1200\" height=\"1599\" src=\"https:\/\/osepmendoza.com.ar\/web\/wp-content\/uploads\/2024\/05\/manoj-1.jpg\" class=\"attachment-full size-full\" alt=\"\" srcset=\"https:\/\/osepmendoza.com.ar\/web\/wp-content\/uploads\/2024\/05\/manoj-1.jpg 1200w, https:\/\/osepmendoza.com.ar\/web\/wp-content\/uploads\/2024\/05\/manoj-1-113x150.jpg 113w, https:\/\/osepmendoza.com.ar\/web\/wp-content\/uploads\/2024\/05\/manoj-1-768x1023.jpg 768w, https:\/\/osepmendoza.com.ar\/web\/wp-content\/uploads\/2024\/05\/manoj-1-1153x1536.jpg 1153w\" sizes=\"auto, (max-width: 1200px) 100vw, 1200px\" \/><\/a>\n\t\t\t<\/div><\/figure><figure class='gallery-item'>\n\t\t\t<div class='gallery-icon portrait'>\n\t\t\t\t<a href='https:\/\/osepmendoza.com.ar\/web\/lavado-de-manos-en-el-hospital-el-carmen\/manor\/'><img loading=\"lazy\" decoding=\"async\" width=\"1200\" height=\"1599\" src=\"https:\/\/osepmendoza.com.ar\/web\/wp-content\/uploads\/2024\/05\/manor.jpg\" class=\"attachment-full size-full\" alt=\"\" srcset=\"https:\/\/osepmendoza.com.ar\/web\/wp-content\/uploads\/2024\/05\/manor.jpg 1200w, https:\/\/osepmendoza.com.ar\/web\/wp-content\/uploads\/2024\/05\/manor-113x150.jpg 113w, https:\/\/osepmendoza.com.ar\/web\/wp-content\/uploads\/2024\/05\/manor-768x1023.jpg 768w, https:\/\/osepmendoza.com.ar\/web\/wp-content\/uploads\/2024\/05\/manor-1153x1536.jpg 1153w\" sizes=\"auto, (max-width: 1200px) 100vw, 1200px\" \/><\/a>\n\t\t\t<\/div><\/figure><figure class='gallery-item'>\n\t\t\t<div class='gallery-icon portrait'>\n\t\t\t\t<a href='https:\/\/osepmendoza.com.ar\/web\/lavado-de-manos-en-el-hospital-el-carmen\/manos-2\/'><img loading=\"lazy\" decoding=\"async\" width=\"1200\" height=\"1599\" src=\"https:\/\/osepmendoza.com.ar\/web\/wp-content\/uploads\/2024\/05\/manos-1.jpg\" class=\"attachment-full size-full\" alt=\"\" srcset=\"https:\/\/osepmendoza.com.ar\/web\/wp-content\/uploads\/2024\/05\/manos-1.jpg 1200w, https:\/\/osepmendoza.com.ar\/web\/wp-content\/uploads\/2024\/05\/manos-1-113x150.jpg 113w, https:\/\/osepmendoza.com.ar\/web\/wp-content\/uploads\/2024\/05\/manos-1-768x1023.jpg 768w, https:\/\/osepmendoza.com.ar\/web\/wp-content\/uploads\/2024\/05\/manos-1-1153x1536.jpg 1153w\" sizes=\"auto, (max-width: 1200px) 100vw, 1200px\" \/><\/a>\n\t\t\t<\/div><\/figure><figure class='gallery-item'>\n\t\t\t<div class='gallery-icon portrait'>\n\t\t\t\t<a href='https:\/\/osepmendoza.com.ar\/web\/lavado-de-manos-en-el-hospital-el-carmen\/manou\/'><img loading=\"lazy\" decoding=\"async\" width=\"1200\" height=\"1599\" src=\"https:\/\/osepmendoza.com.ar\/web\/wp-content\/uploads\/2024\/05\/manou.jpg\" class=\"attachment-full size-full\" alt=\"\" srcset=\"https:\/\/osepmendoza.com.ar\/web\/wp-content\/uploads\/2024\/05\/manou.jpg 1200w, https:\/\/osepmendoza.com.ar\/web\/wp-content\/uploads\/2024\/05\/manou-113x150.jpg 113w, https:\/\/osepmendoza.com.ar\/web\/wp-content\/uploads\/2024\/05\/manou-768x1023.jpg 768w, https:\/\/osepmendoza.com.ar\/web\/wp-content\/uploads\/2024\/05\/manou-1153x1536.jpg 1153w\" sizes=\"auto, (max-width: 1200px) 100vw, 1200px\" \/><\/a>\n\t\t\t<\/div><\/figure><figure class='gallery-item'>\n\t\t\t<div class='gallery-icon portrait'>\n\t\t\t\t<a href='https:\/\/osepmendoza.com.ar\/web\/lavado-de-manos-en-el-hospital-el-carmen\/manow\/'><img loading=\"lazy\" decoding=\"async\" width=\"1200\" height=\"1599\" src=\"https:\/\/osepmendoza.com.ar\/web\/wp-content\/uploads\/2024\/05\/manow.jpg\" class=\"attachment-full size-full\" alt=\"\" srcset=\"https:\/\/osepmendoza.com.ar\/web\/wp-content\/uploads\/2024\/05\/manow.jpg 1200w, https:\/\/osepmendoza.com.ar\/web\/wp-content\/uploads\/2024\/05\/manow-113x150.jpg 113w, https:\/\/osepmendoza.com.ar\/web\/wp-content\/uploads\/2024\/05\/manow-768x1023.jpg 768w, https:\/\/osepmendoza.com.ar\/web\/wp-content\/uploads\/2024\/05\/manow-1153x1536.jpg 1153w\" sizes=\"auto, (max-width: 1200px) 100vw, 1200px\" \/><\/a>\n\t\t\t<\/div><\/figure><figure class='gallery-item'>\n\t\t\t<div class='gallery-icon portrait'>\n\t\t\t\t<a href='https:\/\/osepmendoza.com.ar\/web\/lavado-de-manos-en-el-hospital-el-carmen\/manox-2\/'><img loading=\"lazy\" decoding=\"async\" width=\"1200\" height=\"1599\" src=\"https:\/\/osepmendoza.com.ar\/web\/wp-content\/uploads\/2024\/05\/manox-1.jpg\" class=\"attachment-full size-full\" alt=\"\" srcset=\"https:\/\/osepmendoza.com.ar\/web\/wp-content\/uploads\/2024\/05\/manox-1.jpg 1200w, https:\/\/osepmendoza.com.ar\/web\/wp-content\/uploads\/2024\/05\/manox-1-113x150.jpg 113w, https:\/\/osepmendoza.com.ar\/web\/wp-content\/uploads\/2024\/05\/manox-1-768x1023.jpg 768w, https:\/\/osepmendoza.com.ar\/web\/wp-content\/uploads\/2024\/05\/manox-1-1153x1536.jpg 1153w\" sizes=\"auto, (max-width: 1200px) 100vw, 1200px\" \/><\/a>\n\t\t\t<\/div><\/figure>\n\t\t<\/div>\n\n<p align=\"justify\">\n","protected":false},"excerpt":{"rendered":"<p>OSEP contin\u00faa realizando actividades en el marco del D\u00eda Mundial&#8230;<\/p>\n","protected":false},"author":12,"featured_media":53100,"comment_status":"closed","ping_status":"open","sticky":false,"template":"","format":"standard","meta":{"_acf_changed":false,"inline_featured_image":false,"_exactmetrics_skip_tracking":false,"_exactmetrics_sitenote_active":false,"_exactmetrics_sitenote_note":"","_exactmetrics_sitenote_category":0,"footnotes":"","_links_to":"","_links_to_target":""},"categories":[101],"tags":[763,547,2055,2051,924,2009],"class_list":["post-53099","post","type-post","status-publish","format-standard","has-post-thumbnail","hentry","category-noticias","tag-dermatologia","tag-hospital-el-carmen","tag-infecciones","tag-lavado","tag-manos","tag-musicon"],"acf":[],"yoast_head":"<!-- This site is optimized with the Yoast SEO plugin v27.5 - https:\/\/yoast.com\/product\/yoast-seo-wordpress\/ -->\n<title>Lavado de manos en el Hospital El Carmen - OSEP Mendoza<\/title>\n<meta name=\"robots\" content=\"index, follow, max-snippet:-1, max-image-preview:large, max-video-preview:-1\" \/>\n<link rel=\"canonical\" href=\"https:\/\/osepmendoza.com.ar\/web\/lavado-de-manos-en-el-hospital-el-carmen\/\" \/>\n<meta property=\"og:locale\" content=\"es_ES\" \/>\n<meta property=\"og:type\" content=\"article\" \/>\n<meta property=\"og:title\" content=\"Lavado de manos en el Hospital El Carmen - OSEP Mendoza\" \/>\n<meta property=\"og:description\" content=\"OSEP contin\u00faa realizando actividades en el marco del D\u00eda Mundial...\" \/>\n<meta property=\"og:url\" content=\"https:\/\/osepmendoza.com.ar\/web\/lavado-de-manos-en-el-hospital-el-carmen\/\" \/>\n<meta property=\"og:site_name\" content=\"OSEP Mendoza\" \/>\n<meta property=\"article:publisher\" content=\"https:\/\/www.facebook.com\/OSEP.MendozaArg\/\" \/>\n<meta property=\"article:published_time\" content=\"2024-05-07T16:18:10+00:00\" \/>\n<meta property=\"article:modified_time\" content=\"2024-05-07T16:33:53+00:00\" \/>\n<meta property=\"og:image\" content=\"https:\/\/osepmendoza.com.ar\/web\/wp-content\/uploads\/2024\/05\/mano0.jpg\" \/>\n\t<meta property=\"og:image:width\" content=\"1200\" \/>\n\t<meta property=\"og:image:height\" content=\"438\" \/>\n\t<meta property=\"og:image:type\" content=\"image\/jpeg\" \/>\n<meta name=\"author\" content=\"Sebastian Fernandez\" \/>\n<meta name=\"twitter:card\" content=\"summary_large_image\" \/>\n<meta name=\"twitter:creator\" content=\"@OsepMza\" \/>\n<meta name=\"twitter:site\" content=\"@OsepMza\" \/>\n<meta name=\"twitter:label1\" content=\"Escrito por\" \/>\n\t<meta name=\"twitter:data1\" content=\"Sebastian Fernandez\" \/>\n\t<meta name=\"twitter:label2\" content=\"Tiempo de lectura\" \/>\n\t<meta name=\"twitter:data2\" content=\"2 minutos\" \/>\n<script type=\"application\/ld+json\" class=\"yoast-schema-graph\">{\"@context\":\"https:\\\/\\\/schema.org\",\"@graph\":[{\"@type\":\"Article\",\"@id\":\"https:\\\/\\\/osepmendoza.com.ar\\\/web\\\/lavado-de-manos-en-el-hospital-el-carmen\\\/#article\",\"isPartOf\":{\"@id\":\"https:\\\/\\\/osepmendoza.com.ar\\\/web\\\/lavado-de-manos-en-el-hospital-el-carmen\\\/\"},\"author\":{\"name\":\"Sebastian Fernandez\",\"@id\":\"https:\\\/\\\/osepmendoza.com.ar\\\/web\\\/#\\\/schema\\\/person\\\/90986df7128a51e32bb66102fc247eb2\"},\"headline\":\"Lavado de manos en el Hospital El Carmen\",\"datePublished\":\"2024-05-07T16:18:10+00:00\",\"dateModified\":\"2024-05-07T16:33:53+00:00\",\"mainEntityOfPage\":{\"@id\":\"https:\\\/\\\/osepmendoza.com.ar\\\/web\\\/lavado-de-manos-en-el-hospital-el-carmen\\\/\"},\"wordCount\":264,\"publisher\":{\"@id\":\"https:\\\/\\\/osepmendoza.com.ar\\\/web\\\/#organization\"},\"image\":{\"@id\":\"https:\\\/\\\/osepmendoza.com.ar\\\/web\\\/lavado-de-manos-en-el-hospital-el-carmen\\\/#primaryimage\"},\"thumbnailUrl\":\"https:\\\/\\\/osepmendoza.com.ar\\\/web\\\/wp-content\\\/uploads\\\/2024\\\/05\\\/mano0.jpg\",\"keywords\":[\"dermatolog\u00eda\",\"Hospital El Carmen\",\"infecciones\",\"Lavado\",\"manos\",\"musicon\"],\"articleSection\":[\"Noticias\"],\"inLanguage\":\"es\"},{\"@type\":\"WebPage\",\"@id\":\"https:\\\/\\\/osepmendoza.com.ar\\\/web\\\/lavado-de-manos-en-el-hospital-el-carmen\\\/\",\"url\":\"https:\\\/\\\/osepmendoza.com.ar\\\/web\\\/lavado-de-manos-en-el-hospital-el-carmen\\\/\",\"name\":\"Lavado de manos en el Hospital El Carmen - OSEP Mendoza\",\"isPartOf\":{\"@id\":\"https:\\\/\\\/osepmendoza.com.ar\\\/web\\\/#website\"},\"primaryImageOfPage\":{\"@id\":\"https:\\\/\\\/osepmendoza.com.ar\\\/web\\\/lavado-de-manos-en-el-hospital-el-carmen\\\/#primaryimage\"},\"image\":{\"@id\":\"https:\\\/\\\/osepmendoza.com.ar\\\/web\\\/lavado-de-manos-en-el-hospital-el-carmen\\\/#primaryimage\"},\"thumbnailUrl\":\"https:\\\/\\\/osepmendoza.com.ar\\\/web\\\/wp-content\\\/uploads\\\/2024\\\/05\\\/mano0.jpg\",\"datePublished\":\"2024-05-07T16:18:10+00:00\",\"dateModified\":\"2024-05-07T16:33:53+00:00\",\"breadcrumb\":{\"@id\":\"https:\\\/\\\/osepmendoza.com.ar\\\/web\\\/lavado-de-manos-en-el-hospital-el-carmen\\\/#breadcrumb\"},\"inLanguage\":\"es\",\"potentialAction\":[{\"@type\":\"ReadAction\",\"target\":[\"https:\\\/\\\/osepmendoza.com.ar\\\/web\\\/lavado-de-manos-en-el-hospital-el-carmen\\\/\"]}]},{\"@type\":\"ImageObject\",\"inLanguage\":\"es\",\"@id\":\"https:\\\/\\\/osepmendoza.com.ar\\\/web\\\/lavado-de-manos-en-el-hospital-el-carmen\\\/#primaryimage\",\"url\":\"https:\\\/\\\/osepmendoza.com.ar\\\/web\\\/wp-content\\\/uploads\\\/2024\\\/05\\\/mano0.jpg\",\"contentUrl\":\"https:\\\/\\\/osepmendoza.com.ar\\\/web\\\/wp-content\\\/uploads\\\/2024\\\/05\\\/mano0.jpg\",\"width\":1200,\"height\":438},{\"@type\":\"BreadcrumbList\",\"@id\":\"https:\\\/\\\/osepmendoza.com.ar\\\/web\\\/lavado-de-manos-en-el-hospital-el-carmen\\\/#breadcrumb\",\"itemListElement\":[{\"@type\":\"ListItem\",\"position\":1,\"name\":\"Portada\",\"item\":\"https:\\\/\\\/osepmendoza.com.ar\\\/web\\\/\"},{\"@type\":\"ListItem\",\"position\":2,\"name\":\"Lavado de manos en el Hospital El Carmen\"}]},{\"@type\":\"WebSite\",\"@id\":\"https:\\\/\\\/osepmendoza.com.ar\\\/web\\\/#website\",\"url\":\"https:\\\/\\\/osepmendoza.com.ar\\\/web\\\/\",\"name\":\"OSEP Mendoza\",\"description\":\"Obra Social de los Empleados P\u00fablicos de Mendoza\",\"publisher\":{\"@id\":\"https:\\\/\\\/osepmendoza.com.ar\\\/web\\\/#organization\"},\"potentialAction\":[{\"@type\":\"SearchAction\",\"target\":{\"@type\":\"EntryPoint\",\"urlTemplate\":\"https:\\\/\\\/osepmendoza.com.ar\\\/web\\\/?s={search_term_string}\"},\"query-input\":{\"@type\":\"PropertyValueSpecification\",\"valueRequired\":true,\"valueName\":\"search_term_string\"}}],\"inLanguage\":\"es\"},{\"@type\":\"Organization\",\"@id\":\"https:\\\/\\\/osepmendoza.com.ar\\\/web\\\/#organization\",\"name\":\"OSEP - Obra Social de Empleados P\u00fablicos de Mendoza\",\"url\":\"https:\\\/\\\/osepmendoza.com.ar\\\/web\\\/\",\"logo\":{\"@type\":\"ImageObject\",\"inLanguage\":\"es\",\"@id\":\"https:\\\/\\\/osepmendoza.com.ar\\\/web\\\/#\\\/schema\\\/logo\\\/image\\\/\",\"url\":\"https:\\\/\\\/osepmendoza.com.ar\\\/web\\\/wp-content\\\/uploads\\\/2020\\\/04\\\/lkTM9T9z.jpg\",\"contentUrl\":\"https:\\\/\\\/osepmendoza.com.ar\\\/web\\\/wp-content\\\/uploads\\\/2020\\\/04\\\/lkTM9T9z.jpg\",\"width\":334,\"height\":334,\"caption\":\"OSEP - Obra Social de Empleados P\u00fablicos de Mendoza\"},\"image\":{\"@id\":\"https:\\\/\\\/osepmendoza.com.ar\\\/web\\\/#\\\/schema\\\/logo\\\/image\\\/\"},\"sameAs\":[\"https:\\\/\\\/www.facebook.com\\\/OSEP.MendozaArg\\\/\",\"https:\\\/\\\/x.com\\\/OsepMza\",\"https:\\\/\\\/www.instagram.com\\\/osep.mendoza\\\/\",\"https:\\\/\\\/www.youtube.com\\\/user\\\/osepvideos\"]},{\"@type\":\"Person\",\"@id\":\"https:\\\/\\\/osepmendoza.com.ar\\\/web\\\/#\\\/schema\\\/person\\\/90986df7128a51e32bb66102fc247eb2\",\"name\":\"Sebastian Fernandez\",\"image\":{\"@type\":\"ImageObject\",\"inLanguage\":\"es\",\"@id\":\"https:\\\/\\\/secure.gravatar.com\\\/avatar\\\/cc42d53caabe846896e06ed8955a60e82b2b829babcb731f86f26c42378bcfec?s=96&d=mm&r=g\",\"url\":\"https:\\\/\\\/secure.gravatar.com\\\/avatar\\\/cc42d53caabe846896e06ed8955a60e82b2b829babcb731f86f26c42378bcfec?s=96&d=mm&r=g\",\"contentUrl\":\"https:\\\/\\\/secure.gravatar.com\\\/avatar\\\/cc42d53caabe846896e06ed8955a60e82b2b829babcb731f86f26c42378bcfec?s=96&d=mm&r=g\",\"caption\":\"Sebastian Fernandez\"},\"sameAs\":[\"http:\\\/\\\/osepmendoza.com.ar\\\/web\"]}]}<\/script>\n<!-- \/ Yoast SEO plugin. -->","yoast_head_json":{"title":"Lavado de manos en el Hospital El Carmen - OSEP Mendoza","robots":{"index":"index","follow":"follow","max-snippet":"max-snippet:-1","max-image-preview":"max-image-preview:large","max-video-preview":"max-video-preview:-1"},"canonical":"https:\/\/osepmendoza.com.ar\/web\/lavado-de-manos-en-el-hospital-el-carmen\/","og_locale":"es_ES","og_type":"article","og_title":"Lavado de manos en el Hospital El Carmen - OSEP Mendoza","og_description":"OSEP contin\u00faa realizando actividades en el marco del D\u00eda Mundial...","og_url":"https:\/\/osepmendoza.com.ar\/web\/lavado-de-manos-en-el-hospital-el-carmen\/","og_site_name":"OSEP Mendoza","article_publisher":"https:\/\/www.facebook.com\/OSEP.MendozaArg\/","article_published_time":"2024-05-07T16:18:10+00:00","article_modified_time":"2024-05-07T16:33:53+00:00","og_image":[{"width":1200,"height":438,"url":"https:\/\/osepmendoza.com.ar\/web\/wp-content\/uploads\/2024\/05\/mano0.jpg","type":"image\/jpeg"}],"author":"Sebastian Fernandez","twitter_card":"summary_large_image","twitter_creator":"@OsepMza","twitter_site":"@OsepMza","twitter_misc":{"Escrito por":"Sebastian Fernandez","Tiempo de lectura":"2 minutos"},"schema":{"@context":"https:\/\/schema.org","@graph":[{"@type":"Article","@id":"https:\/\/osepmendoza.com.ar\/web\/lavado-de-manos-en-el-hospital-el-carmen\/#article","isPartOf":{"@id":"https:\/\/osepmendoza.com.ar\/web\/lavado-de-manos-en-el-hospital-el-carmen\/"},"author":{"name":"Sebastian Fernandez","@id":"https:\/\/osepmendoza.com.ar\/web\/#\/schema\/person\/90986df7128a51e32bb66102fc247eb2"},"headline":"Lavado de manos en el Hospital El Carmen","datePublished":"2024-05-07T16:18:10+00:00","dateModified":"2024-05-07T16:33:53+00:00","mainEntityOfPage":{"@id":"https:\/\/osepmendoza.com.ar\/web\/lavado-de-manos-en-el-hospital-el-carmen\/"},"wordCount":264,"publisher":{"@id":"https:\/\/osepmendoza.com.ar\/web\/#organization"},"image":{"@id":"https:\/\/osepmendoza.com.ar\/web\/lavado-de-manos-en-el-hospital-el-carmen\/#primaryimage"},"thumbnailUrl":"https:\/\/osepmendoza.com.ar\/web\/wp-content\/uploads\/2024\/05\/mano0.jpg","keywords":["dermatolog\u00eda","Hospital El Carmen","infecciones","Lavado","manos","musicon"],"articleSection":["Noticias"],"inLanguage":"es"},{"@type":"WebPage","@id":"https:\/\/osepmendoza.com.ar\/web\/lavado-de-manos-en-el-hospital-el-carmen\/","url":"https:\/\/osepmendoza.com.ar\/web\/lavado-de-manos-en-el-hospital-el-carmen\/","name":"Lavado de manos en el Hospital El Carmen - OSEP Mendoza","isPartOf":{"@id":"https:\/\/osepmendoza.com.ar\/web\/#website"},"primaryImageOfPage":{"@id":"https:\/\/osepmendoza.com.ar\/web\/lavado-de-manos-en-el-hospital-el-carmen\/#primaryimage"},"image":{"@id":"https:\/\/osepmendoza.com.ar\/web\/lavado-de-manos-en-el-hospital-el-carmen\/#primaryimage"},"thumbnailUrl":"https:\/\/osepmendoza.com.ar\/web\/wp-content\/uploads\/2024\/05\/mano0.jpg","datePublished":"2024-05-07T16:18:10+00:00","dateModified":"2024-05-07T16:33:53+00:00","breadcrumb":{"@id":"https:\/\/osepmendoza.com.ar\/web\/lavado-de-manos-en-el-hospital-el-carmen\/#breadcrumb"},"inLanguage":"es","potentialAction":[{"@type":"ReadAction","target":["https:\/\/osepmendoza.com.ar\/web\/lavado-de-manos-en-el-hospital-el-carmen\/"]}]},{"@type":"ImageObject","inLanguage":"es","@id":"https:\/\/osepmendoza.com.ar\/web\/lavado-de-manos-en-el-hospital-el-carmen\/#primaryimage","url":"https:\/\/osepmendoza.com.ar\/web\/wp-content\/uploads\/2024\/05\/mano0.jpg","contentUrl":"https:\/\/osepmendoza.com.ar\/web\/wp-content\/uploads\/2024\/05\/mano0.jpg","width":1200,"height":438},{"@type":"BreadcrumbList","@id":"https:\/\/osepmendoza.com.ar\/web\/lavado-de-manos-en-el-hospital-el-carmen\/#breadcrumb","itemListElement":[{"@type":"ListItem","position":1,"name":"Portada","item":"https:\/\/osepmendoza.com.ar\/web\/"},{"@type":"ListItem","position":2,"name":"Lavado de manos en el Hospital El Carmen"}]},{"@type":"WebSite","@id":"https:\/\/osepmendoza.com.ar\/web\/#website","url":"https:\/\/osepmendoza.com.ar\/web\/","name":"OSEP Mendoza","description":"Obra Social de los Empleados P\u00fablicos de Mendoza","publisher":{"@id":"https:\/\/osepmendoza.com.ar\/web\/#organization"},"potentialAction":[{"@type":"SearchAction","target":{"@type":"EntryPoint","urlTemplate":"https:\/\/osepmendoza.com.ar\/web\/?s={search_term_string}"},"query-input":{"@type":"PropertyValueSpecification","valueRequired":true,"valueName":"search_term_string"}}],"inLanguage":"es"},{"@type":"Organization","@id":"https:\/\/osepmendoza.com.ar\/web\/#organization","name":"OSEP - Obra Social de Empleados P\u00fablicos de Mendoza","url":"https:\/\/osepmendoza.com.ar\/web\/","logo":{"@type":"ImageObject","inLanguage":"es","@id":"https:\/\/osepmendoza.com.ar\/web\/#\/schema\/logo\/image\/","url":"https:\/\/osepmendoza.com.ar\/web\/wp-content\/uploads\/2020\/04\/lkTM9T9z.jpg","contentUrl":"https:\/\/osepmendoza.com.ar\/web\/wp-content\/uploads\/2020\/04\/lkTM9T9z.jpg","width":334,"height":334,"caption":"OSEP - Obra Social de Empleados P\u00fablicos de Mendoza"},"image":{"@id":"https:\/\/osepmendoza.com.ar\/web\/#\/schema\/logo\/image\/"},"sameAs":["https:\/\/www.facebook.com\/OSEP.MendozaArg\/","https:\/\/x.com\/OsepMza","https:\/\/www.instagram.com\/osep.mendoza\/","https:\/\/www.youtube.com\/user\/osepvideos"]},{"@type":"Person","@id":"https:\/\/osepmendoza.com.ar\/web\/#\/schema\/person\/90986df7128a51e32bb66102fc247eb2","name":"Sebastian Fernandez","image":{"@type":"ImageObject","inLanguage":"es","@id":"https:\/\/secure.gravatar.com\/avatar\/cc42d53caabe846896e06ed8955a60e82b2b829babcb731f86f26c42378bcfec?s=96&d=mm&r=g","url":"https:\/\/secure.gravatar.com\/avatar\/cc42d53caabe846896e06ed8955a60e82b2b829babcb731f86f26c42378bcfec?s=96&d=mm&r=g","contentUrl":"https:\/\/secure.gravatar.com\/avatar\/cc42d53caabe846896e06ed8955a60e82b2b829babcb731f86f26c42378bcfec?s=96&d=mm&r=g","caption":"Sebastian Fernandez"},"sameAs":["http:\/\/osepmendoza.com.ar\/web"]}]}},"amp_enabled":true,"_links":{"self":[{"href":"https:\/\/osepmendoza.com.ar\/web\/wp-json\/wp\/v2\/posts\/53099","targetHints":{"allow":["GET"]}}],"collection":[{"href":"https:\/\/osepmendoza.com.ar\/web\/wp-json\/wp\/v2\/posts"}],"about":[{"href":"https:\/\/osepmendoza.com.ar\/web\/wp-json\/wp\/v2\/types\/post"}],"author":[{"embeddable":true,"href":"https:\/\/osepmendoza.com.ar\/web\/wp-json\/wp\/v2\/users\/12"}],"replies":[{"embeddable":true,"href":"https:\/\/osepmendoza.com.ar\/web\/wp-json\/wp\/v2\/comments?post=53099"}],"version-history":[{"count":3,"href":"https:\/\/osepmendoza.com.ar\/web\/wp-json\/wp\/v2\/posts\/53099\/revisions"}],"predecessor-version":[{"id":53134,"href":"https:\/\/osepmendoza.com.ar\/web\/wp-json\/wp\/v2\/posts\/53099\/revisions\/53134"}],"wp:featuredmedia":[{"embeddable":true,"href":"https:\/\/osepmendoza.com.ar\/web\/wp-json\/wp\/v2\/media\/53100"}],"wp:attachment":[{"href":"https:\/\/osepmendoza.com.ar\/web\/wp-json\/wp\/v2\/media?parent=53099"}],"wp:term":[{"taxonomy":"category","embeddable":true,"href":"https:\/\/osepmendoza.com.ar\/web\/wp-json\/wp\/v2\/categories?post=53099"},{"taxonomy":"post_tag","embeddable":true,"href":"https:\/\/osepmendoza.com.ar\/web\/wp-json\/wp\/v2\/tags?post=53099"}],"curies":[{"name":"wp","href":"https:\/\/api.w.org\/{rel}","templated":true}]}}