{"id":52722,"date":"2024-03-19T15:39:47","date_gmt":"2024-03-19T18:39:47","guid":{"rendered":"https:\/\/osepmendoza.com.ar\/web\/?p=52722"},"modified":"2024-03-19T15:39:47","modified_gmt":"2024-03-19T18:39:47","slug":"asumieron-las-nuevas-autoridades-de-osep-en-el-valle-de-uco","status":"publish","type":"post","link":"https:\/\/osepmendoza.com.ar\/web\/asumieron-las-nuevas-autoridades-de-osep-en-el-valle-de-uco\/","title":{"rendered":"Asumieron las nuevas autoridades de OSEP en el Valle de Uco"},"content":{"rendered":"<p align=\"justify\"><strong>El doctor Carlos Funes, director General de la Obra Social de los Empleados P\u00fablicos, realiz\u00f3 la puesta en funciones de las nuevas autoridades de OSEP en el Valle de Uco. El acto de asunci\u00f3n se llev\u00f3 a cabo en el edificio territorial de Tunuy\u00e1n donde se present\u00f3 a la doctora Karina Mengoni como gerente Asistencial y a Gabriel Trent\u00edn como gerente Administrativo.<\/strong><\/p>\n<p align=\"justify\">Adem\u00e1s de Carlos Funes, estuvieron presentes el licenciado Daniel Hern\u00e1ndez, director de Servicios Administrativos; Roc\u00edo Cuello, subdirectora de Territorio y el doctor Fernando Colli, quien finaliz\u00f3 su gesti\u00f3n como gerente Asistencial de OSEP en el Valle de Uco. En la ocasi\u00f3n fue presentada Karina Mengoni como gerente asistencial y se anunci\u00f3 la continuidad de Gabriel Trent\u00edn como gerente administrativo de OSEP Valle de Uco.<\/p>\n<p align=\"justify\">La presentaci\u00f3n tuvo lugar en el Sal\u00f3n de Usos M\u00faltiples (SUM) del edificio territorial de OSEP Tunuy\u00e1n, situado en Dalmau 280, donde trabajadores y trabajadoras se dieron cita para acompa\u00f1ar a las nuevas autoridades desde el primer momento al frente de la Sede.<\/p>\n<p align=\"justify\">En la ocasi\u00f3n, el director de la Obra Social fue el encargado de dar la bienvenida formalmente a sus referentes territoriales, destacando la importancia de asumir esta responsabilidad y las cualidades que los llevaron a ser considerados para este importante desaf\u00edo.<\/p>\n<p align=\"justify\">Vale destacar que los miembros de este flamante equipo ya vienen realizando un trabajo territorial de gran reputaci\u00f3n en el Valle de Uco, ya que Gabriel Trent\u00edn cuenta con una destacada gesti\u00f3n en el mismo cargo. Por su parte, Karina Mengoni es una m\u00e9dica diabet\u00f3loga con una comprometida trayectoria en la Salud P\u00fablica, tanto en los departamentos del Valle de Uco como incluso fuera de la provincia.<\/p>\n<div id='gallery-1' class='gallery galleryid-52722 gallery-columns-2 gallery-size-full'><figure class='gallery-item'>\n\t\t\t<div class='gallery-icon landscape'>\n\t\t\t\t<a href='https:\/\/osepmendoza.com.ar\/web\/asumieron-las-nuevas-autoridades-de-osep-en-el-valle-de-uco\/tunuyan1-4\/'><img loading=\"lazy\" decoding=\"async\" width=\"1920\" height=\"1440\" src=\"https:\/\/osepmendoza.com.ar\/web\/wp-content\/uploads\/2024\/03\/tunuyan1-1.jpg\" class=\"attachment-full size-full\" alt=\"\" srcset=\"https:\/\/osepmendoza.com.ar\/web\/wp-content\/uploads\/2024\/03\/tunuyan1-1.jpg 1920w, https:\/\/osepmendoza.com.ar\/web\/wp-content\/uploads\/2024\/03\/tunuyan1-1-150x113.jpg 150w, https:\/\/osepmendoza.com.ar\/web\/wp-content\/uploads\/2024\/03\/tunuyan1-1-768x576.jpg 768w, https:\/\/osepmendoza.com.ar\/web\/wp-content\/uploads\/2024\/03\/tunuyan1-1-1536x1152.jpg 1536w\" sizes=\"auto, (max-width: 1920px) 100vw, 1920px\" \/><\/a>\n\t\t\t<\/div><\/figure><figure class='gallery-item'>\n\t\t\t<div class='gallery-icon landscape'>\n\t\t\t\t<a href='https:\/\/osepmendoza.com.ar\/web\/asumieron-las-nuevas-autoridades-de-osep-en-el-valle-de-uco\/tunuyan2-4\/'><img loading=\"lazy\" decoding=\"async\" width=\"1920\" height=\"1440\" src=\"https:\/\/osepmendoza.com.ar\/web\/wp-content\/uploads\/2024\/03\/tunuyan2-1.jpg\" class=\"attachment-full size-full\" alt=\"\" srcset=\"https:\/\/osepmendoza.com.ar\/web\/wp-content\/uploads\/2024\/03\/tunuyan2-1.jpg 1920w, https:\/\/osepmendoza.com.ar\/web\/wp-content\/uploads\/2024\/03\/tunuyan2-1-150x113.jpg 150w, https:\/\/osepmendoza.com.ar\/web\/wp-content\/uploads\/2024\/03\/tunuyan2-1-768x576.jpg 768w, https:\/\/osepmendoza.com.ar\/web\/wp-content\/uploads\/2024\/03\/tunuyan2-1-1536x1152.jpg 1536w\" sizes=\"auto, (max-width: 1920px) 100vw, 1920px\" \/><\/a>\n\t\t\t<\/div><\/figure><figure class='gallery-item'>\n\t\t\t<div class='gallery-icon landscape'>\n\t\t\t\t<a href='https:\/\/osepmendoza.com.ar\/web\/asumieron-las-nuevas-autoridades-de-osep-en-el-valle-de-uco\/tunuyan3-3\/'><img loading=\"lazy\" decoding=\"async\" width=\"1920\" height=\"1440\" src=\"https:\/\/osepmendoza.com.ar\/web\/wp-content\/uploads\/2024\/03\/tunuyan3-1.jpg\" class=\"attachment-full size-full\" alt=\"\" srcset=\"https:\/\/osepmendoza.com.ar\/web\/wp-content\/uploads\/2024\/03\/tunuyan3-1.jpg 1920w, https:\/\/osepmendoza.com.ar\/web\/wp-content\/uploads\/2024\/03\/tunuyan3-1-150x113.jpg 150w, https:\/\/osepmendoza.com.ar\/web\/wp-content\/uploads\/2024\/03\/tunuyan3-1-768x576.jpg 768w, https:\/\/osepmendoza.com.ar\/web\/wp-content\/uploads\/2024\/03\/tunuyan3-1-1536x1152.jpg 1536w\" sizes=\"auto, (max-width: 1920px) 100vw, 1920px\" \/><\/a>\n\t\t\t<\/div><\/figure><figure class='gallery-item'>\n\t\t\t<div class='gallery-icon landscape'>\n\t\t\t\t<a href='https:\/\/osepmendoza.com.ar\/web\/asumieron-las-nuevas-autoridades-de-osep-en-el-valle-de-uco\/tunuyan7-3\/'><img loading=\"lazy\" decoding=\"async\" width=\"1920\" height=\"1440\" src=\"https:\/\/osepmendoza.com.ar\/web\/wp-content\/uploads\/2024\/03\/tunuyan7-1.jpg\" class=\"attachment-full size-full\" alt=\"\" srcset=\"https:\/\/osepmendoza.com.ar\/web\/wp-content\/uploads\/2024\/03\/tunuyan7-1.jpg 1920w, https:\/\/osepmendoza.com.ar\/web\/wp-content\/uploads\/2024\/03\/tunuyan7-1-150x113.jpg 150w, https:\/\/osepmendoza.com.ar\/web\/wp-content\/uploads\/2024\/03\/tunuyan7-1-768x576.jpg 768w, https:\/\/osepmendoza.com.ar\/web\/wp-content\/uploads\/2024\/03\/tunuyan7-1-1536x1152.jpg 1536w\" sizes=\"auto, (max-width: 1920px) 100vw, 1920px\" \/><\/a>\n\t\t\t<\/div><\/figure><figure class='gallery-item'>\n\t\t\t<div class='gallery-icon landscape'>\n\t\t\t\t<a href='https:\/\/osepmendoza.com.ar\/web\/asumieron-las-nuevas-autoridades-de-osep-en-el-valle-de-uco\/tunuyan8-3\/'><img loading=\"lazy\" decoding=\"async\" width=\"1920\" height=\"1440\" src=\"https:\/\/osepmendoza.com.ar\/web\/wp-content\/uploads\/2024\/03\/tunuyan8-1.jpg\" class=\"attachment-full size-full\" alt=\"\" srcset=\"https:\/\/osepmendoza.com.ar\/web\/wp-content\/uploads\/2024\/03\/tunuyan8-1.jpg 1920w, https:\/\/osepmendoza.com.ar\/web\/wp-content\/uploads\/2024\/03\/tunuyan8-1-150x113.jpg 150w, https:\/\/osepmendoza.com.ar\/web\/wp-content\/uploads\/2024\/03\/tunuyan8-1-768x576.jpg 768w, https:\/\/osepmendoza.com.ar\/web\/wp-content\/uploads\/2024\/03\/tunuyan8-1-1536x1152.jpg 1536w\" sizes=\"auto, (max-width: 1920px) 100vw, 1920px\" \/><\/a>\n\t\t\t<\/div><\/figure><figure class='gallery-item'>\n\t\t\t<div class='gallery-icon landscape'>\n\t\t\t\t<a href='https:\/\/osepmendoza.com.ar\/web\/asumieron-las-nuevas-autoridades-de-osep-en-el-valle-de-uco\/tunuyan9-2\/'><img loading=\"lazy\" decoding=\"async\" width=\"1920\" height=\"1440\" src=\"https:\/\/osepmendoza.com.ar\/web\/wp-content\/uploads\/2024\/03\/tunuyan9-1.jpg\" class=\"attachment-full size-full\" alt=\"\" srcset=\"https:\/\/osepmendoza.com.ar\/web\/wp-content\/uploads\/2024\/03\/tunuyan9-1.jpg 1920w, https:\/\/osepmendoza.com.ar\/web\/wp-content\/uploads\/2024\/03\/tunuyan9-1-150x113.jpg 150w, https:\/\/osepmendoza.com.ar\/web\/wp-content\/uploads\/2024\/03\/tunuyan9-1-768x576.jpg 768w, https:\/\/osepmendoza.com.ar\/web\/wp-content\/uploads\/2024\/03\/tunuyan9-1-1536x1152.jpg 1536w\" sizes=\"auto, (max-width: 1920px) 100vw, 1920px\" \/><\/a>\n\t\t\t<\/div><\/figure><figure class='gallery-item'>\n\t\t\t<div class='gallery-icon portrait'>\n\t\t\t\t<a href='https:\/\/osepmendoza.com.ar\/web\/asumieron-las-nuevas-autoridades-de-osep-en-el-valle-de-uco\/tunuyan4-2\/'><img loading=\"lazy\" decoding=\"async\" width=\"1440\" height=\"1920\" src=\"https:\/\/osepmendoza.com.ar\/web\/wp-content\/uploads\/2024\/03\/tunuyan4.jpg\" class=\"attachment-full size-full\" alt=\"\" srcset=\"https:\/\/osepmendoza.com.ar\/web\/wp-content\/uploads\/2024\/03\/tunuyan4.jpg 1440w, https:\/\/osepmendoza.com.ar\/web\/wp-content\/uploads\/2024\/03\/tunuyan4-113x150.jpg 113w, https:\/\/osepmendoza.com.ar\/web\/wp-content\/uploads\/2024\/03\/tunuyan4-768x1024.jpg 768w, https:\/\/osepmendoza.com.ar\/web\/wp-content\/uploads\/2024\/03\/tunuyan4-1152x1536.jpg 1152w\" sizes=\"auto, (max-width: 1440px) 100vw, 1440px\" \/><\/a>\n\t\t\t<\/div><\/figure><figure class='gallery-item'>\n\t\t\t<div class='gallery-icon portrait'>\n\t\t\t\t<a href='https:\/\/osepmendoza.com.ar\/web\/asumieron-las-nuevas-autoridades-de-osep-en-el-valle-de-uco\/tunuyan5-2\/'><img loading=\"lazy\" decoding=\"async\" width=\"1440\" height=\"1920\" src=\"https:\/\/osepmendoza.com.ar\/web\/wp-content\/uploads\/2024\/03\/tunuyan5.jpg\" class=\"attachment-full size-full\" alt=\"\" srcset=\"https:\/\/osepmendoza.com.ar\/web\/wp-content\/uploads\/2024\/03\/tunuyan5.jpg 1440w, https:\/\/osepmendoza.com.ar\/web\/wp-content\/uploads\/2024\/03\/tunuyan5-113x150.jpg 113w, https:\/\/osepmendoza.com.ar\/web\/wp-content\/uploads\/2024\/03\/tunuyan5-768x1024.jpg 768w, https:\/\/osepmendoza.com.ar\/web\/wp-content\/uploads\/2024\/03\/tunuyan5-1152x1536.jpg 1152w\" sizes=\"auto, (max-width: 1440px) 100vw, 1440px\" \/><\/a>\n\t\t\t<\/div><\/figure><figure class='gallery-item'>\n\t\t\t<div class='gallery-icon portrait'>\n\t\t\t\t<a href='https:\/\/osepmendoza.com.ar\/web\/asumieron-las-nuevas-autoridades-de-osep-en-el-valle-de-uco\/tunuyan6-2\/'><img loading=\"lazy\" decoding=\"async\" width=\"1440\" height=\"1920\" src=\"https:\/\/osepmendoza.com.ar\/web\/wp-content\/uploads\/2024\/03\/tunuyan6.jpg\" class=\"attachment-full size-full\" alt=\"\" srcset=\"https:\/\/osepmendoza.com.ar\/web\/wp-content\/uploads\/2024\/03\/tunuyan6.jpg 1440w, https:\/\/osepmendoza.com.ar\/web\/wp-content\/uploads\/2024\/03\/tunuyan6-113x150.jpg 113w, https:\/\/osepmendoza.com.ar\/web\/wp-content\/uploads\/2024\/03\/tunuyan6-768x1024.jpg 768w, https:\/\/osepmendoza.com.ar\/web\/wp-content\/uploads\/2024\/03\/tunuyan6-1152x1536.jpg 1152w\" sizes=\"auto, (max-width: 1440px) 100vw, 1440px\" \/><\/a>\n\t\t\t<\/div><\/figure>\n\t\t<\/div>\n\n","protected":false},"excerpt":{"rendered":"<p>El doctor Carlos Funes, director General de la Obra Social&#8230;<\/p>\n","protected":false},"author":12,"featured_media":52723,"comment_status":"closed","ping_status":"open","sticky":false,"template":"","format":"standard","meta":{"_acf_changed":false,"inline_featured_image":false,"_exactmetrics_skip_tracking":false,"_exactmetrics_sitenote_active":false,"_exactmetrics_sitenote_note":"","_exactmetrics_sitenote_category":0,"footnotes":"","_links_to":"","_links_to_target":""},"categories":[101],"tags":[482,1452,1453,123,947],"class_list":["post-52722","post","type-post","status-publish","format-standard","has-post-thumbnail","hentry","category-noticias","tag-autoridades","tag-funcion","tag-gerente","tag-tunuyan","tag-valle-de-uco"],"acf":[],"yoast_head":"<!-- This site is optimized with the Yoast SEO plugin v27.5 - https:\/\/yoast.com\/product\/yoast-seo-wordpress\/ -->\n<title>Asumieron las nuevas autoridades de OSEP en el Valle de Uco - OSEP Mendoza<\/title>\n<meta name=\"robots\" content=\"index, follow, max-snippet:-1, max-image-preview:large, max-video-preview:-1\" \/>\n<link rel=\"canonical\" href=\"https:\/\/osepmendoza.com.ar\/web\/asumieron-las-nuevas-autoridades-de-osep-en-el-valle-de-uco\/\" \/>\n<meta property=\"og:locale\" content=\"es_ES\" \/>\n<meta property=\"og:type\" content=\"article\" \/>\n<meta property=\"og:title\" content=\"Asumieron las nuevas autoridades de OSEP en el Valle de Uco - OSEP Mendoza\" \/>\n<meta property=\"og:description\" content=\"El doctor Carlos Funes, director General de la Obra Social...\" \/>\n<meta property=\"og:url\" content=\"https:\/\/osepmendoza.com.ar\/web\/asumieron-las-nuevas-autoridades-de-osep-en-el-valle-de-uco\/\" \/>\n<meta property=\"og:site_name\" content=\"OSEP Mendoza\" \/>\n<meta property=\"article:publisher\" content=\"https:\/\/www.facebook.com\/OSEP.MendozaArg\/\" \/>\n<meta property=\"article:published_time\" content=\"2024-03-19T18:39:47+00:00\" \/>\n<meta property=\"og:image\" content=\"https:\/\/osepmendoza.com.ar\/web\/wp-content\/uploads\/2024\/03\/tunuyan02.jpg\" \/>\n\t<meta property=\"og:image:width\" content=\"1200\" \/>\n\t<meta property=\"og:image:height\" content=\"438\" \/>\n\t<meta property=\"og:image:type\" content=\"image\/jpeg\" \/>\n<meta name=\"author\" content=\"Sebastian Fernandez\" \/>\n<meta name=\"twitter:card\" content=\"summary_large_image\" \/>\n<meta name=\"twitter:creator\" content=\"@OsepMza\" \/>\n<meta name=\"twitter:site\" content=\"@OsepMza\" \/>\n<meta name=\"twitter:label1\" content=\"Escrito por\" \/>\n\t<meta name=\"twitter:data1\" content=\"Sebastian Fernandez\" \/>\n\t<meta name=\"twitter:label2\" content=\"Tiempo de lectura\" \/>\n\t<meta name=\"twitter:data2\" content=\"2 minutos\" \/>\n<script type=\"application\/ld+json\" class=\"yoast-schema-graph\">{\"@context\":\"https:\\\/\\\/schema.org\",\"@graph\":[{\"@type\":\"Article\",\"@id\":\"https:\\\/\\\/osepmendoza.com.ar\\\/web\\\/asumieron-las-nuevas-autoridades-de-osep-en-el-valle-de-uco\\\/#article\",\"isPartOf\":{\"@id\":\"https:\\\/\\\/osepmendoza.com.ar\\\/web\\\/asumieron-las-nuevas-autoridades-de-osep-en-el-valle-de-uco\\\/\"},\"author\":{\"name\":\"Sebastian Fernandez\",\"@id\":\"https:\\\/\\\/osepmendoza.com.ar\\\/web\\\/#\\\/schema\\\/person\\\/90986df7128a51e32bb66102fc247eb2\"},\"headline\":\"Asumieron las nuevas autoridades de OSEP en el Valle de Uco\",\"datePublished\":\"2024-03-19T18:39:47+00:00\",\"mainEntityOfPage\":{\"@id\":\"https:\\\/\\\/osepmendoza.com.ar\\\/web\\\/asumieron-las-nuevas-autoridades-de-osep-en-el-valle-de-uco\\\/\"},\"wordCount\":315,\"publisher\":{\"@id\":\"https:\\\/\\\/osepmendoza.com.ar\\\/web\\\/#organization\"},\"image\":{\"@id\":\"https:\\\/\\\/osepmendoza.com.ar\\\/web\\\/asumieron-las-nuevas-autoridades-de-osep-en-el-valle-de-uco\\\/#primaryimage\"},\"thumbnailUrl\":\"https:\\\/\\\/osepmendoza.com.ar\\\/web\\\/wp-content\\\/uploads\\\/2024\\\/03\\\/tunuyan02.jpg\",\"keywords\":[\"autoridades\",\"funci\u00f3n\",\"gerente\",\"tunuyan\",\"Valle de Uco\"],\"articleSection\":[\"Noticias\"],\"inLanguage\":\"es\"},{\"@type\":\"WebPage\",\"@id\":\"https:\\\/\\\/osepmendoza.com.ar\\\/web\\\/asumieron-las-nuevas-autoridades-de-osep-en-el-valle-de-uco\\\/\",\"url\":\"https:\\\/\\\/osepmendoza.com.ar\\\/web\\\/asumieron-las-nuevas-autoridades-de-osep-en-el-valle-de-uco\\\/\",\"name\":\"Asumieron las nuevas autoridades de OSEP en el Valle de Uco - OSEP Mendoza\",\"isPartOf\":{\"@id\":\"https:\\\/\\\/osepmendoza.com.ar\\\/web\\\/#website\"},\"primaryImageOfPage\":{\"@id\":\"https:\\\/\\\/osepmendoza.com.ar\\\/web\\\/asumieron-las-nuevas-autoridades-de-osep-en-el-valle-de-uco\\\/#primaryimage\"},\"image\":{\"@id\":\"https:\\\/\\\/osepmendoza.com.ar\\\/web\\\/asumieron-las-nuevas-autoridades-de-osep-en-el-valle-de-uco\\\/#primaryimage\"},\"thumbnailUrl\":\"https:\\\/\\\/osepmendoza.com.ar\\\/web\\\/wp-content\\\/uploads\\\/2024\\\/03\\\/tunuyan02.jpg\",\"datePublished\":\"2024-03-19T18:39:47+00:00\",\"breadcrumb\":{\"@id\":\"https:\\\/\\\/osepmendoza.com.ar\\\/web\\\/asumieron-las-nuevas-autoridades-de-osep-en-el-valle-de-uco\\\/#breadcrumb\"},\"inLanguage\":\"es\",\"potentialAction\":[{\"@type\":\"ReadAction\",\"target\":[\"https:\\\/\\\/osepmendoza.com.ar\\\/web\\\/asumieron-las-nuevas-autoridades-de-osep-en-el-valle-de-uco\\\/\"]}]},{\"@type\":\"ImageObject\",\"inLanguage\":\"es\",\"@id\":\"https:\\\/\\\/osepmendoza.com.ar\\\/web\\\/asumieron-las-nuevas-autoridades-de-osep-en-el-valle-de-uco\\\/#primaryimage\",\"url\":\"https:\\\/\\\/osepmendoza.com.ar\\\/web\\\/wp-content\\\/uploads\\\/2024\\\/03\\\/tunuyan02.jpg\",\"contentUrl\":\"https:\\\/\\\/osepmendoza.com.ar\\\/web\\\/wp-content\\\/uploads\\\/2024\\\/03\\\/tunuyan02.jpg\",\"width\":1200,\"height\":438},{\"@type\":\"BreadcrumbList\",\"@id\":\"https:\\\/\\\/osepmendoza.com.ar\\\/web\\\/asumieron-las-nuevas-autoridades-de-osep-en-el-valle-de-uco\\\/#breadcrumb\",\"itemListElement\":[{\"@type\":\"ListItem\",\"position\":1,\"name\":\"Portada\",\"item\":\"https:\\\/\\\/osepmendoza.com.ar\\\/web\\\/\"},{\"@type\":\"ListItem\",\"position\":2,\"name\":\"Asumieron las nuevas autoridades de OSEP en el Valle de Uco\"}]},{\"@type\":\"WebSite\",\"@id\":\"https:\\\/\\\/osepmendoza.com.ar\\\/web\\\/#website\",\"url\":\"https:\\\/\\\/osepmendoza.com.ar\\\/web\\\/\",\"name\":\"OSEP Mendoza\",\"description\":\"Obra Social de los Empleados P\u00fablicos de Mendoza\",\"publisher\":{\"@id\":\"https:\\\/\\\/osepmendoza.com.ar\\\/web\\\/#organization\"},\"potentialAction\":[{\"@type\":\"SearchAction\",\"target\":{\"@type\":\"EntryPoint\",\"urlTemplate\":\"https:\\\/\\\/osepmendoza.com.ar\\\/web\\\/?s={search_term_string}\"},\"query-input\":{\"@type\":\"PropertyValueSpecification\",\"valueRequired\":true,\"valueName\":\"search_term_string\"}}],\"inLanguage\":\"es\"},{\"@type\":\"Organization\",\"@id\":\"https:\\\/\\\/osepmendoza.com.ar\\\/web\\\/#organization\",\"name\":\"OSEP - Obra Social de Empleados P\u00fablicos de Mendoza\",\"url\":\"https:\\\/\\\/osepmendoza.com.ar\\\/web\\\/\",\"logo\":{\"@type\":\"ImageObject\",\"inLanguage\":\"es\",\"@id\":\"https:\\\/\\\/osepmendoza.com.ar\\\/web\\\/#\\\/schema\\\/logo\\\/image\\\/\",\"url\":\"https:\\\/\\\/osepmendoza.com.ar\\\/web\\\/wp-content\\\/uploads\\\/2020\\\/04\\\/lkTM9T9z.jpg\",\"contentUrl\":\"https:\\\/\\\/osepmendoza.com.ar\\\/web\\\/wp-content\\\/uploads\\\/2020\\\/04\\\/lkTM9T9z.jpg\",\"width\":334,\"height\":334,\"caption\":\"OSEP - Obra Social de Empleados P\u00fablicos de Mendoza\"},\"image\":{\"@id\":\"https:\\\/\\\/osepmendoza.com.ar\\\/web\\\/#\\\/schema\\\/logo\\\/image\\\/\"},\"sameAs\":[\"https:\\\/\\\/www.facebook.com\\\/OSEP.MendozaArg\\\/\",\"https:\\\/\\\/x.com\\\/OsepMza\",\"https:\\\/\\\/www.instagram.com\\\/osep.mendoza\\\/\",\"https:\\\/\\\/www.youtube.com\\\/user\\\/osepvideos\"]},{\"@type\":\"Person\",\"@id\":\"https:\\\/\\\/osepmendoza.com.ar\\\/web\\\/#\\\/schema\\\/person\\\/90986df7128a51e32bb66102fc247eb2\",\"name\":\"Sebastian Fernandez\",\"image\":{\"@type\":\"ImageObject\",\"inLanguage\":\"es\",\"@id\":\"https:\\\/\\\/secure.gravatar.com\\\/avatar\\\/cc42d53caabe846896e06ed8955a60e82b2b829babcb731f86f26c42378bcfec?s=96&d=mm&r=g\",\"url\":\"https:\\\/\\\/secure.gravatar.com\\\/avatar\\\/cc42d53caabe846896e06ed8955a60e82b2b829babcb731f86f26c42378bcfec?s=96&d=mm&r=g\",\"contentUrl\":\"https:\\\/\\\/secure.gravatar.com\\\/avatar\\\/cc42d53caabe846896e06ed8955a60e82b2b829babcb731f86f26c42378bcfec?s=96&d=mm&r=g\",\"caption\":\"Sebastian Fernandez\"},\"sameAs\":[\"http:\\\/\\\/osepmendoza.com.ar\\\/web\"]}]}<\/script>\n<!-- \/ Yoast SEO plugin. -->","yoast_head_json":{"title":"Asumieron las nuevas autoridades de OSEP en el Valle de Uco - OSEP Mendoza","robots":{"index":"index","follow":"follow","max-snippet":"max-snippet:-1","max-image-preview":"max-image-preview:large","max-video-preview":"max-video-preview:-1"},"canonical":"https:\/\/osepmendoza.com.ar\/web\/asumieron-las-nuevas-autoridades-de-osep-en-el-valle-de-uco\/","og_locale":"es_ES","og_type":"article","og_title":"Asumieron las nuevas autoridades de OSEP en el Valle de Uco - OSEP Mendoza","og_description":"El doctor Carlos Funes, director General de la Obra Social...","og_url":"https:\/\/osepmendoza.com.ar\/web\/asumieron-las-nuevas-autoridades-de-osep-en-el-valle-de-uco\/","og_site_name":"OSEP Mendoza","article_publisher":"https:\/\/www.facebook.com\/OSEP.MendozaArg\/","article_published_time":"2024-03-19T18:39:47+00:00","og_image":[{"width":1200,"height":438,"url":"https:\/\/osepmendoza.com.ar\/web\/wp-content\/uploads\/2024\/03\/tunuyan02.jpg","type":"image\/jpeg"}],"author":"Sebastian Fernandez","twitter_card":"summary_large_image","twitter_creator":"@OsepMza","twitter_site":"@OsepMza","twitter_misc":{"Escrito por":"Sebastian Fernandez","Tiempo de lectura":"2 minutos"},"schema":{"@context":"https:\/\/schema.org","@graph":[{"@type":"Article","@id":"https:\/\/osepmendoza.com.ar\/web\/asumieron-las-nuevas-autoridades-de-osep-en-el-valle-de-uco\/#article","isPartOf":{"@id":"https:\/\/osepmendoza.com.ar\/web\/asumieron-las-nuevas-autoridades-de-osep-en-el-valle-de-uco\/"},"author":{"name":"Sebastian Fernandez","@id":"https:\/\/osepmendoza.com.ar\/web\/#\/schema\/person\/90986df7128a51e32bb66102fc247eb2"},"headline":"Asumieron las nuevas autoridades de OSEP en el Valle de Uco","datePublished":"2024-03-19T18:39:47+00:00","mainEntityOfPage":{"@id":"https:\/\/osepmendoza.com.ar\/web\/asumieron-las-nuevas-autoridades-de-osep-en-el-valle-de-uco\/"},"wordCount":315,"publisher":{"@id":"https:\/\/osepmendoza.com.ar\/web\/#organization"},"image":{"@id":"https:\/\/osepmendoza.com.ar\/web\/asumieron-las-nuevas-autoridades-de-osep-en-el-valle-de-uco\/#primaryimage"},"thumbnailUrl":"https:\/\/osepmendoza.com.ar\/web\/wp-content\/uploads\/2024\/03\/tunuyan02.jpg","keywords":["autoridades","funci\u00f3n","gerente","tunuyan","Valle de Uco"],"articleSection":["Noticias"],"inLanguage":"es"},{"@type":"WebPage","@id":"https:\/\/osepmendoza.com.ar\/web\/asumieron-las-nuevas-autoridades-de-osep-en-el-valle-de-uco\/","url":"https:\/\/osepmendoza.com.ar\/web\/asumieron-las-nuevas-autoridades-de-osep-en-el-valle-de-uco\/","name":"Asumieron las nuevas autoridades de OSEP en el Valle de Uco - OSEP Mendoza","isPartOf":{"@id":"https:\/\/osepmendoza.com.ar\/web\/#website"},"primaryImageOfPage":{"@id":"https:\/\/osepmendoza.com.ar\/web\/asumieron-las-nuevas-autoridades-de-osep-en-el-valle-de-uco\/#primaryimage"},"image":{"@id":"https:\/\/osepmendoza.com.ar\/web\/asumieron-las-nuevas-autoridades-de-osep-en-el-valle-de-uco\/#primaryimage"},"thumbnailUrl":"https:\/\/osepmendoza.com.ar\/web\/wp-content\/uploads\/2024\/03\/tunuyan02.jpg","datePublished":"2024-03-19T18:39:47+00:00","breadcrumb":{"@id":"https:\/\/osepmendoza.com.ar\/web\/asumieron-las-nuevas-autoridades-de-osep-en-el-valle-de-uco\/#breadcrumb"},"inLanguage":"es","potentialAction":[{"@type":"ReadAction","target":["https:\/\/osepmendoza.com.ar\/web\/asumieron-las-nuevas-autoridades-de-osep-en-el-valle-de-uco\/"]}]},{"@type":"ImageObject","inLanguage":"es","@id":"https:\/\/osepmendoza.com.ar\/web\/asumieron-las-nuevas-autoridades-de-osep-en-el-valle-de-uco\/#primaryimage","url":"https:\/\/osepmendoza.com.ar\/web\/wp-content\/uploads\/2024\/03\/tunuyan02.jpg","contentUrl":"https:\/\/osepmendoza.com.ar\/web\/wp-content\/uploads\/2024\/03\/tunuyan02.jpg","width":1200,"height":438},{"@type":"BreadcrumbList","@id":"https:\/\/osepmendoza.com.ar\/web\/asumieron-las-nuevas-autoridades-de-osep-en-el-valle-de-uco\/#breadcrumb","itemListElement":[{"@type":"ListItem","position":1,"name":"Portada","item":"https:\/\/osepmendoza.com.ar\/web\/"},{"@type":"ListItem","position":2,"name":"Asumieron las nuevas autoridades de OSEP en el Valle de Uco"}]},{"@type":"WebSite","@id":"https:\/\/osepmendoza.com.ar\/web\/#website","url":"https:\/\/osepmendoza.com.ar\/web\/","name":"OSEP Mendoza","description":"Obra Social de los Empleados P\u00fablicos de Mendoza","publisher":{"@id":"https:\/\/osepmendoza.com.ar\/web\/#organization"},"potentialAction":[{"@type":"SearchAction","target":{"@type":"EntryPoint","urlTemplate":"https:\/\/osepmendoza.com.ar\/web\/?s={search_term_string}"},"query-input":{"@type":"PropertyValueSpecification","valueRequired":true,"valueName":"search_term_string"}}],"inLanguage":"es"},{"@type":"Organization","@id":"https:\/\/osepmendoza.com.ar\/web\/#organization","name":"OSEP - Obra Social de Empleados P\u00fablicos de Mendoza","url":"https:\/\/osepmendoza.com.ar\/web\/","logo":{"@type":"ImageObject","inLanguage":"es","@id":"https:\/\/osepmendoza.com.ar\/web\/#\/schema\/logo\/image\/","url":"https:\/\/osepmendoza.com.ar\/web\/wp-content\/uploads\/2020\/04\/lkTM9T9z.jpg","contentUrl":"https:\/\/osepmendoza.com.ar\/web\/wp-content\/uploads\/2020\/04\/lkTM9T9z.jpg","width":334,"height":334,"caption":"OSEP - Obra Social de Empleados P\u00fablicos de Mendoza"},"image":{"@id":"https:\/\/osepmendoza.com.ar\/web\/#\/schema\/logo\/image\/"},"sameAs":["https:\/\/www.facebook.com\/OSEP.MendozaArg\/","https:\/\/x.com\/OsepMza","https:\/\/www.instagram.com\/osep.mendoza\/","https:\/\/www.youtube.com\/user\/osepvideos"]},{"@type":"Person","@id":"https:\/\/osepmendoza.com.ar\/web\/#\/schema\/person\/90986df7128a51e32bb66102fc247eb2","name":"Sebastian Fernandez","image":{"@type":"ImageObject","inLanguage":"es","@id":"https:\/\/secure.gravatar.com\/avatar\/cc42d53caabe846896e06ed8955a60e82b2b829babcb731f86f26c42378bcfec?s=96&d=mm&r=g","url":"https:\/\/secure.gravatar.com\/avatar\/cc42d53caabe846896e06ed8955a60e82b2b829babcb731f86f26c42378bcfec?s=96&d=mm&r=g","contentUrl":"https:\/\/secure.gravatar.com\/avatar\/cc42d53caabe846896e06ed8955a60e82b2b829babcb731f86f26c42378bcfec?s=96&d=mm&r=g","caption":"Sebastian Fernandez"},"sameAs":["http:\/\/osepmendoza.com.ar\/web"]}]}},"amp_enabled":true,"_links":{"self":[{"href":"https:\/\/osepmendoza.com.ar\/web\/wp-json\/wp\/v2\/posts\/52722","targetHints":{"allow":["GET"]}}],"collection":[{"href":"https:\/\/osepmendoza.com.ar\/web\/wp-json\/wp\/v2\/posts"}],"about":[{"href":"https:\/\/osepmendoza.com.ar\/web\/wp-json\/wp\/v2\/types\/post"}],"author":[{"embeddable":true,"href":"https:\/\/osepmendoza.com.ar\/web\/wp-json\/wp\/v2\/users\/12"}],"replies":[{"embeddable":true,"href":"https:\/\/osepmendoza.com.ar\/web\/wp-json\/wp\/v2\/comments?post=52722"}],"version-history":[{"count":2,"href":"https:\/\/osepmendoza.com.ar\/web\/wp-json\/wp\/v2\/posts\/52722\/revisions"}],"predecessor-version":[{"id":52740,"href":"https:\/\/osepmendoza.com.ar\/web\/wp-json\/wp\/v2\/posts\/52722\/revisions\/52740"}],"wp:featuredmedia":[{"embeddable":true,"href":"https:\/\/osepmendoza.com.ar\/web\/wp-json\/wp\/v2\/media\/52723"}],"wp:attachment":[{"href":"https:\/\/osepmendoza.com.ar\/web\/wp-json\/wp\/v2\/media?parent=52722"}],"wp:term":[{"taxonomy":"category","embeddable":true,"href":"https:\/\/osepmendoza.com.ar\/web\/wp-json\/wp\/v2\/categories?post=52722"},{"taxonomy":"post_tag","embeddable":true,"href":"https:\/\/osepmendoza.com.ar\/web\/wp-json\/wp\/v2\/tags?post=52722"}],"curies":[{"name":"wp","href":"https:\/\/api.w.org\/{rel}","templated":true}]}}