{"id":52315,"date":"2024-02-06T11:25:46","date_gmt":"2024-02-06T14:25:46","guid":{"rendered":"https:\/\/osepmendoza.com.ar\/web\/?p=52315"},"modified":"2024-02-06T11:25:46","modified_gmt":"2024-02-06T14:25:46","slug":"pesquisa-auditiva-neonatal","status":"publish","type":"post","link":"https:\/\/osepmendoza.com.ar\/web\/pesquisa-auditiva-neonatal\/","title":{"rendered":"Pesquisa Auditiva Neonatal"},"content":{"rendered":"<p align=\"justify\"><strong>Llegar a casa con el beb\u00e9 reci\u00e9n nacido es un camino que requiere de mucho amor, cuidados y controles. Uno de los estudios m\u00e1s importantes es la pesquisa auditiva neonatal ya que es la manera m\u00e1s confiable de descartar una hipoacusia. Con un nutrido equipo de profesionales, el Servicio de Fonoaudiolog\u00eda de OSEP realiza este examen.<\/strong><\/p>\n<p align=\"justify\">La pesquisa auditiva neonatal, tambi\u00e9n conocida como OEA (otoemisiones ac\u00fasticas), es una prueba sencilla y r\u00e1pida, no invasiva, que permite evaluar la capacidad auditiva del reci\u00e9n nacido y detectar una posible hipoacusia.<\/p>\n<p align=\"justify\">El estudio se realiza a los reci\u00e9n nacidos, antes del primer mes de vida y en aquellos ni\u00f1os que presenten factores o antecedentes de riesgo auditivo, que ser\u00e1n determinados por el profesional de salud. En este contexto, todo reci\u00e9n nacido tiene derecho a que se estudie su audici\u00f3n tempranamente. Este derecho est\u00e1 protegido por la Ley Nacional N\u00ba 25415\/01 y por la Resoluci\u00f3n Provincial N\u00ba 275\/11.<\/p>\n<p align=\"justify\"><strong>\u00bfCu\u00e1les son las conductas esperables?<\/strong><\/p>\n<p align=\"justify\"><strong>0 a 3 meses:<\/strong><\/p>\n<p align=\"justify\">Se calma con la voz de la madre<\/p>\n<p align=\"justify\">Se sobresalta con sonidos fuertes<\/p>\n<p align=\"justify\"><strong>3 a 6 meses:<\/strong><\/p>\n<p align=\"justify\">Busca la fuente sonora<\/p>\n<p align=\"justify\">Emite sonidos cuando le hablan<\/p>\n<p align=\"justify\"><strong>6 a 9 meses:<\/strong><\/p>\n<p align=\"justify\">Responde a su nombre<\/p>\n<p align=\"justify\">Emite s\u00edlabas dobles: ta-ta, pa-pa, ma-ma<\/p>\n<p align=\"justify\"><strong>9 a 12 meses:<\/strong><\/p>\n<p align=\"justify\">Comprende el \u201cno\u201d<\/p>\n<p align=\"justify\">Baila con m\u00fasica<\/p>\n<p align=\"justify\"><strong>12 a 18 meses:<\/strong><\/p>\n<p align=\"justify\">Dice entre 4 y 10 palabras<\/p>\n<p align=\"justify\">Comprende \u00f3rdenes simples<\/p>\n<p align=\"justify\"><strong>18 a 24 meses:<\/strong><\/p>\n<p align=\"justify\">Utiliza frases de dos palabras<\/p>\n<p align=\"justify\">Dice entre 50 y 100 palabras<\/p>\n<p align=\"justify\"><strong>3 a\u00f1os:<\/strong><\/p>\n<p align=\"justify\">Cumple dos o m\u00e1s \u00f3rdenes verbales<\/p>\n<p align=\"justify\">Cuenta lo que le sucedi\u00f3<\/p>\n<p align=\"justify\">Un 80% del habla es comprendida por extra\u00f1os<\/p>\n<p align=\"justify\"><strong>4 a 5 a\u00f1os:<\/strong><\/p>\n<p align=\"justify\">Repite canciones y cuentos cortos<\/p>\n<p align=\"justify\">Es capaz de mantener una conversaci\u00f3n<\/p>\n<p align=\"justify\"><strong>5 a\u00f1os:<\/strong><\/p>\n<p align=\"justify\">Lenguaje comprensible<\/p>\n<p align=\"justify\">Desaparece la articulaci\u00f3n infantil<\/p>\n<p align=\"justify\"><strong>\u00bfCu\u00e1ndo debo preocuparme por su audici\u00f3n?<\/strong><\/p>\n<p align=\"justify\">&#8211; Si es internado por alg\u00fan motivo<\/p>\n<p align=\"justify\">&#8211; Si se sospecha que no escucha bien<\/p>\n<p align=\"justify\">&#8211; Si deja de jugar como antes<\/p>\n<p align=\"justify\">&#8211; Si empieza a perder habilidades adquiridas<\/p>\n<p align=\"justify\">&#8211; Si no reacciona a est\u00edmulos sonoros<\/p>\n<p align=\"justify\">&#8211; Si sufre infecciones de o\u00eddo a repetici\u00f3n<\/p>\n<p align=\"justify\">Ante cualquiera de estas preocupaciones, debemos consultar inmediatamente al pediatra o al otorrinolaring\u00f3logo para un nuevo control.<\/p>\n<p align=\"justify\">La pesquisa auditiva es realizada por el Servicio de Fonoaudiolog\u00eda de OSEP, en Salta 877, Ciudad. El ingreso al servicio se puede solicitar por WhatsApp a trav\u00e9s de ALMA (2612058800), la asistente virtual de la Obra Social. El camino para solicitarlo comienza con la palabra Hola, opci\u00f3n Servicios M\u00e9dicos, opci\u00f3n Fonoaudiolog\u00eda, opci\u00f3n Solicitar Turnos y, finalmente, la opci\u00f3n OEA.<\/p>\n","protected":false},"excerpt":{"rendered":"<p>Llegar a casa con el beb\u00e9 reci\u00e9n nacido es un&#8230;<\/p>\n","protected":false},"author":12,"featured_media":52316,"comment_status":"closed","ping_status":"open","sticky":false,"template":"","format":"standard","meta":{"_acf_changed":false,"inline_featured_image":false,"_exactmetrics_skip_tracking":false,"_exactmetrics_sitenote_active":false,"_exactmetrics_sitenote_note":"","_exactmetrics_sitenote_category":0,"footnotes":"","_links_to":"","_links_to_target":""},"categories":[101],"tags":[837,1410,2023],"class_list":["post-52315","post","type-post","status-publish","format-standard","has-post-thumbnail","hentry","category-noticias","tag-fonoaudiologia","tag-neonatal","tag-pesquisa-auditiva"],"acf":[],"yoast_head":"<!-- This site is optimized with the Yoast SEO plugin v27.5 - https:\/\/yoast.com\/product\/yoast-seo-wordpress\/ -->\n<title>Pesquisa Auditiva Neonatal - OSEP Mendoza<\/title>\n<meta name=\"robots\" content=\"index, follow, max-snippet:-1, max-image-preview:large, max-video-preview:-1\" \/>\n<link rel=\"canonical\" href=\"https:\/\/osepmendoza.com.ar\/web\/pesquisa-auditiva-neonatal\/\" \/>\n<meta property=\"og:locale\" content=\"es_ES\" \/>\n<meta property=\"og:type\" content=\"article\" \/>\n<meta property=\"og:title\" content=\"Pesquisa Auditiva Neonatal - OSEP Mendoza\" \/>\n<meta property=\"og:description\" content=\"Llegar a casa con el beb\u00e9 reci\u00e9n nacido es un...\" \/>\n<meta property=\"og:url\" content=\"https:\/\/osepmendoza.com.ar\/web\/pesquisa-auditiva-neonatal\/\" \/>\n<meta property=\"og:site_name\" content=\"OSEP Mendoza\" \/>\n<meta property=\"article:publisher\" content=\"https:\/\/www.facebook.com\/OSEP.MendozaArg\/\" \/>\n<meta property=\"article:published_time\" content=\"2024-02-06T14:25:46+00:00\" \/>\n<meta property=\"og:image\" content=\"https:\/\/osepmendoza.com.ar\/web\/wp-content\/uploads\/2024\/02\/pesquisa1.png\" \/>\n\t<meta property=\"og:image:width\" content=\"1200\" \/>\n\t<meta property=\"og:image:height\" content=\"438\" \/>\n\t<meta property=\"og:image:type\" content=\"image\/png\" \/>\n<meta name=\"author\" content=\"Sebastian Fernandez\" \/>\n<meta name=\"twitter:card\" content=\"summary_large_image\" \/>\n<meta name=\"twitter:creator\" content=\"@OsepMza\" \/>\n<meta name=\"twitter:site\" content=\"@OsepMza\" \/>\n<meta name=\"twitter:label1\" content=\"Escrito por\" \/>\n\t<meta name=\"twitter:data1\" content=\"Sebastian Fernandez\" \/>\n\t<meta name=\"twitter:label2\" content=\"Tiempo de lectura\" \/>\n\t<meta name=\"twitter:data2\" content=\"3 minutos\" \/>\n<script type=\"application\/ld+json\" class=\"yoast-schema-graph\">{\"@context\":\"https:\\\/\\\/schema.org\",\"@graph\":[{\"@type\":\"Article\",\"@id\":\"https:\\\/\\\/osepmendoza.com.ar\\\/web\\\/pesquisa-auditiva-neonatal\\\/#article\",\"isPartOf\":{\"@id\":\"https:\\\/\\\/osepmendoza.com.ar\\\/web\\\/pesquisa-auditiva-neonatal\\\/\"},\"author\":{\"name\":\"Sebastian Fernandez\",\"@id\":\"https:\\\/\\\/osepmendoza.com.ar\\\/web\\\/#\\\/schema\\\/person\\\/90986df7128a51e32bb66102fc247eb2\"},\"headline\":\"Pesquisa Auditiva Neonatal\",\"datePublished\":\"2024-02-06T14:25:46+00:00\",\"mainEntityOfPage\":{\"@id\":\"https:\\\/\\\/osepmendoza.com.ar\\\/web\\\/pesquisa-auditiva-neonatal\\\/\"},\"wordCount\":428,\"publisher\":{\"@id\":\"https:\\\/\\\/osepmendoza.com.ar\\\/web\\\/#organization\"},\"image\":{\"@id\":\"https:\\\/\\\/osepmendoza.com.ar\\\/web\\\/pesquisa-auditiva-neonatal\\\/#primaryimage\"},\"thumbnailUrl\":\"https:\\\/\\\/osepmendoza.com.ar\\\/web\\\/wp-content\\\/uploads\\\/2024\\\/02\\\/pesquisa1.png\",\"keywords\":[\"fonoaudiolog\u00eda\",\"neonatal\",\"pesquisa auditiva\"],\"articleSection\":[\"Noticias\"],\"inLanguage\":\"es\"},{\"@type\":\"WebPage\",\"@id\":\"https:\\\/\\\/osepmendoza.com.ar\\\/web\\\/pesquisa-auditiva-neonatal\\\/\",\"url\":\"https:\\\/\\\/osepmendoza.com.ar\\\/web\\\/pesquisa-auditiva-neonatal\\\/\",\"name\":\"Pesquisa Auditiva Neonatal - OSEP Mendoza\",\"isPartOf\":{\"@id\":\"https:\\\/\\\/osepmendoza.com.ar\\\/web\\\/#website\"},\"primaryImageOfPage\":{\"@id\":\"https:\\\/\\\/osepmendoza.com.ar\\\/web\\\/pesquisa-auditiva-neonatal\\\/#primaryimage\"},\"image\":{\"@id\":\"https:\\\/\\\/osepmendoza.com.ar\\\/web\\\/pesquisa-auditiva-neonatal\\\/#primaryimage\"},\"thumbnailUrl\":\"https:\\\/\\\/osepmendoza.com.ar\\\/web\\\/wp-content\\\/uploads\\\/2024\\\/02\\\/pesquisa1.png\",\"datePublished\":\"2024-02-06T14:25:46+00:00\",\"breadcrumb\":{\"@id\":\"https:\\\/\\\/osepmendoza.com.ar\\\/web\\\/pesquisa-auditiva-neonatal\\\/#breadcrumb\"},\"inLanguage\":\"es\",\"potentialAction\":[{\"@type\":\"ReadAction\",\"target\":[\"https:\\\/\\\/osepmendoza.com.ar\\\/web\\\/pesquisa-auditiva-neonatal\\\/\"]}]},{\"@type\":\"ImageObject\",\"inLanguage\":\"es\",\"@id\":\"https:\\\/\\\/osepmendoza.com.ar\\\/web\\\/pesquisa-auditiva-neonatal\\\/#primaryimage\",\"url\":\"https:\\\/\\\/osepmendoza.com.ar\\\/web\\\/wp-content\\\/uploads\\\/2024\\\/02\\\/pesquisa1.png\",\"contentUrl\":\"https:\\\/\\\/osepmendoza.com.ar\\\/web\\\/wp-content\\\/uploads\\\/2024\\\/02\\\/pesquisa1.png\",\"width\":1200,\"height\":438},{\"@type\":\"BreadcrumbList\",\"@id\":\"https:\\\/\\\/osepmendoza.com.ar\\\/web\\\/pesquisa-auditiva-neonatal\\\/#breadcrumb\",\"itemListElement\":[{\"@type\":\"ListItem\",\"position\":1,\"name\":\"Portada\",\"item\":\"https:\\\/\\\/osepmendoza.com.ar\\\/web\\\/\"},{\"@type\":\"ListItem\",\"position\":2,\"name\":\"Pesquisa Auditiva Neonatal\"}]},{\"@type\":\"WebSite\",\"@id\":\"https:\\\/\\\/osepmendoza.com.ar\\\/web\\\/#website\",\"url\":\"https:\\\/\\\/osepmendoza.com.ar\\\/web\\\/\",\"name\":\"OSEP Mendoza\",\"description\":\"Obra Social de los Empleados P\u00fablicos de Mendoza\",\"publisher\":{\"@id\":\"https:\\\/\\\/osepmendoza.com.ar\\\/web\\\/#organization\"},\"potentialAction\":[{\"@type\":\"SearchAction\",\"target\":{\"@type\":\"EntryPoint\",\"urlTemplate\":\"https:\\\/\\\/osepmendoza.com.ar\\\/web\\\/?s={search_term_string}\"},\"query-input\":{\"@type\":\"PropertyValueSpecification\",\"valueRequired\":true,\"valueName\":\"search_term_string\"}}],\"inLanguage\":\"es\"},{\"@type\":\"Organization\",\"@id\":\"https:\\\/\\\/osepmendoza.com.ar\\\/web\\\/#organization\",\"name\":\"OSEP - Obra Social de Empleados P\u00fablicos de Mendoza\",\"url\":\"https:\\\/\\\/osepmendoza.com.ar\\\/web\\\/\",\"logo\":{\"@type\":\"ImageObject\",\"inLanguage\":\"es\",\"@id\":\"https:\\\/\\\/osepmendoza.com.ar\\\/web\\\/#\\\/schema\\\/logo\\\/image\\\/\",\"url\":\"https:\\\/\\\/osepmendoza.com.ar\\\/web\\\/wp-content\\\/uploads\\\/2020\\\/04\\\/lkTM9T9z.jpg\",\"contentUrl\":\"https:\\\/\\\/osepmendoza.com.ar\\\/web\\\/wp-content\\\/uploads\\\/2020\\\/04\\\/lkTM9T9z.jpg\",\"width\":334,\"height\":334,\"caption\":\"OSEP - Obra Social de Empleados P\u00fablicos de Mendoza\"},\"image\":{\"@id\":\"https:\\\/\\\/osepmendoza.com.ar\\\/web\\\/#\\\/schema\\\/logo\\\/image\\\/\"},\"sameAs\":[\"https:\\\/\\\/www.facebook.com\\\/OSEP.MendozaArg\\\/\",\"https:\\\/\\\/x.com\\\/OsepMza\",\"https:\\\/\\\/www.instagram.com\\\/osep.mendoza\\\/\",\"https:\\\/\\\/www.youtube.com\\\/user\\\/osepvideos\"]},{\"@type\":\"Person\",\"@id\":\"https:\\\/\\\/osepmendoza.com.ar\\\/web\\\/#\\\/schema\\\/person\\\/90986df7128a51e32bb66102fc247eb2\",\"name\":\"Sebastian Fernandez\",\"image\":{\"@type\":\"ImageObject\",\"inLanguage\":\"es\",\"@id\":\"https:\\\/\\\/secure.gravatar.com\\\/avatar\\\/cc42d53caabe846896e06ed8955a60e82b2b829babcb731f86f26c42378bcfec?s=96&d=mm&r=g\",\"url\":\"https:\\\/\\\/secure.gravatar.com\\\/avatar\\\/cc42d53caabe846896e06ed8955a60e82b2b829babcb731f86f26c42378bcfec?s=96&d=mm&r=g\",\"contentUrl\":\"https:\\\/\\\/secure.gravatar.com\\\/avatar\\\/cc42d53caabe846896e06ed8955a60e82b2b829babcb731f86f26c42378bcfec?s=96&d=mm&r=g\",\"caption\":\"Sebastian Fernandez\"},\"sameAs\":[\"http:\\\/\\\/osepmendoza.com.ar\\\/web\"]}]}<\/script>\n<!-- \/ Yoast SEO plugin. -->","yoast_head_json":{"title":"Pesquisa Auditiva Neonatal - OSEP Mendoza","robots":{"index":"index","follow":"follow","max-snippet":"max-snippet:-1","max-image-preview":"max-image-preview:large","max-video-preview":"max-video-preview:-1"},"canonical":"https:\/\/osepmendoza.com.ar\/web\/pesquisa-auditiva-neonatal\/","og_locale":"es_ES","og_type":"article","og_title":"Pesquisa Auditiva Neonatal - OSEP Mendoza","og_description":"Llegar a casa con el beb\u00e9 reci\u00e9n nacido es un...","og_url":"https:\/\/osepmendoza.com.ar\/web\/pesquisa-auditiva-neonatal\/","og_site_name":"OSEP Mendoza","article_publisher":"https:\/\/www.facebook.com\/OSEP.MendozaArg\/","article_published_time":"2024-02-06T14:25:46+00:00","og_image":[{"width":1200,"height":438,"url":"https:\/\/osepmendoza.com.ar\/web\/wp-content\/uploads\/2024\/02\/pesquisa1.png","type":"image\/png"}],"author":"Sebastian Fernandez","twitter_card":"summary_large_image","twitter_creator":"@OsepMza","twitter_site":"@OsepMza","twitter_misc":{"Escrito por":"Sebastian Fernandez","Tiempo de lectura":"3 minutos"},"schema":{"@context":"https:\/\/schema.org","@graph":[{"@type":"Article","@id":"https:\/\/osepmendoza.com.ar\/web\/pesquisa-auditiva-neonatal\/#article","isPartOf":{"@id":"https:\/\/osepmendoza.com.ar\/web\/pesquisa-auditiva-neonatal\/"},"author":{"name":"Sebastian Fernandez","@id":"https:\/\/osepmendoza.com.ar\/web\/#\/schema\/person\/90986df7128a51e32bb66102fc247eb2"},"headline":"Pesquisa Auditiva Neonatal","datePublished":"2024-02-06T14:25:46+00:00","mainEntityOfPage":{"@id":"https:\/\/osepmendoza.com.ar\/web\/pesquisa-auditiva-neonatal\/"},"wordCount":428,"publisher":{"@id":"https:\/\/osepmendoza.com.ar\/web\/#organization"},"image":{"@id":"https:\/\/osepmendoza.com.ar\/web\/pesquisa-auditiva-neonatal\/#primaryimage"},"thumbnailUrl":"https:\/\/osepmendoza.com.ar\/web\/wp-content\/uploads\/2024\/02\/pesquisa1.png","keywords":["fonoaudiolog\u00eda","neonatal","pesquisa auditiva"],"articleSection":["Noticias"],"inLanguage":"es"},{"@type":"WebPage","@id":"https:\/\/osepmendoza.com.ar\/web\/pesquisa-auditiva-neonatal\/","url":"https:\/\/osepmendoza.com.ar\/web\/pesquisa-auditiva-neonatal\/","name":"Pesquisa Auditiva Neonatal - OSEP Mendoza","isPartOf":{"@id":"https:\/\/osepmendoza.com.ar\/web\/#website"},"primaryImageOfPage":{"@id":"https:\/\/osepmendoza.com.ar\/web\/pesquisa-auditiva-neonatal\/#primaryimage"},"image":{"@id":"https:\/\/osepmendoza.com.ar\/web\/pesquisa-auditiva-neonatal\/#primaryimage"},"thumbnailUrl":"https:\/\/osepmendoza.com.ar\/web\/wp-content\/uploads\/2024\/02\/pesquisa1.png","datePublished":"2024-02-06T14:25:46+00:00","breadcrumb":{"@id":"https:\/\/osepmendoza.com.ar\/web\/pesquisa-auditiva-neonatal\/#breadcrumb"},"inLanguage":"es","potentialAction":[{"@type":"ReadAction","target":["https:\/\/osepmendoza.com.ar\/web\/pesquisa-auditiva-neonatal\/"]}]},{"@type":"ImageObject","inLanguage":"es","@id":"https:\/\/osepmendoza.com.ar\/web\/pesquisa-auditiva-neonatal\/#primaryimage","url":"https:\/\/osepmendoza.com.ar\/web\/wp-content\/uploads\/2024\/02\/pesquisa1.png","contentUrl":"https:\/\/osepmendoza.com.ar\/web\/wp-content\/uploads\/2024\/02\/pesquisa1.png","width":1200,"height":438},{"@type":"BreadcrumbList","@id":"https:\/\/osepmendoza.com.ar\/web\/pesquisa-auditiva-neonatal\/#breadcrumb","itemListElement":[{"@type":"ListItem","position":1,"name":"Portada","item":"https:\/\/osepmendoza.com.ar\/web\/"},{"@type":"ListItem","position":2,"name":"Pesquisa Auditiva Neonatal"}]},{"@type":"WebSite","@id":"https:\/\/osepmendoza.com.ar\/web\/#website","url":"https:\/\/osepmendoza.com.ar\/web\/","name":"OSEP Mendoza","description":"Obra Social de los Empleados P\u00fablicos de Mendoza","publisher":{"@id":"https:\/\/osepmendoza.com.ar\/web\/#organization"},"potentialAction":[{"@type":"SearchAction","target":{"@type":"EntryPoint","urlTemplate":"https:\/\/osepmendoza.com.ar\/web\/?s={search_term_string}"},"query-input":{"@type":"PropertyValueSpecification","valueRequired":true,"valueName":"search_term_string"}}],"inLanguage":"es"},{"@type":"Organization","@id":"https:\/\/osepmendoza.com.ar\/web\/#organization","name":"OSEP - Obra Social de Empleados P\u00fablicos de Mendoza","url":"https:\/\/osepmendoza.com.ar\/web\/","logo":{"@type":"ImageObject","inLanguage":"es","@id":"https:\/\/osepmendoza.com.ar\/web\/#\/schema\/logo\/image\/","url":"https:\/\/osepmendoza.com.ar\/web\/wp-content\/uploads\/2020\/04\/lkTM9T9z.jpg","contentUrl":"https:\/\/osepmendoza.com.ar\/web\/wp-content\/uploads\/2020\/04\/lkTM9T9z.jpg","width":334,"height":334,"caption":"OSEP - Obra Social de Empleados P\u00fablicos de Mendoza"},"image":{"@id":"https:\/\/osepmendoza.com.ar\/web\/#\/schema\/logo\/image\/"},"sameAs":["https:\/\/www.facebook.com\/OSEP.MendozaArg\/","https:\/\/x.com\/OsepMza","https:\/\/www.instagram.com\/osep.mendoza\/","https:\/\/www.youtube.com\/user\/osepvideos"]},{"@type":"Person","@id":"https:\/\/osepmendoza.com.ar\/web\/#\/schema\/person\/90986df7128a51e32bb66102fc247eb2","name":"Sebastian Fernandez","image":{"@type":"ImageObject","inLanguage":"es","@id":"https:\/\/secure.gravatar.com\/avatar\/cc42d53caabe846896e06ed8955a60e82b2b829babcb731f86f26c42378bcfec?s=96&d=mm&r=g","url":"https:\/\/secure.gravatar.com\/avatar\/cc42d53caabe846896e06ed8955a60e82b2b829babcb731f86f26c42378bcfec?s=96&d=mm&r=g","contentUrl":"https:\/\/secure.gravatar.com\/avatar\/cc42d53caabe846896e06ed8955a60e82b2b829babcb731f86f26c42378bcfec?s=96&d=mm&r=g","caption":"Sebastian Fernandez"},"sameAs":["http:\/\/osepmendoza.com.ar\/web"]}]}},"amp_enabled":true,"_links":{"self":[{"href":"https:\/\/osepmendoza.com.ar\/web\/wp-json\/wp\/v2\/posts\/52315","targetHints":{"allow":["GET"]}}],"collection":[{"href":"https:\/\/osepmendoza.com.ar\/web\/wp-json\/wp\/v2\/posts"}],"about":[{"href":"https:\/\/osepmendoza.com.ar\/web\/wp-json\/wp\/v2\/types\/post"}],"author":[{"embeddable":true,"href":"https:\/\/osepmendoza.com.ar\/web\/wp-json\/wp\/v2\/users\/12"}],"replies":[{"embeddable":true,"href":"https:\/\/osepmendoza.com.ar\/web\/wp-json\/wp\/v2\/comments?post=52315"}],"version-history":[{"count":2,"href":"https:\/\/osepmendoza.com.ar\/web\/wp-json\/wp\/v2\/posts\/52315\/revisions"}],"predecessor-version":[{"id":52318,"href":"https:\/\/osepmendoza.com.ar\/web\/wp-json\/wp\/v2\/posts\/52315\/revisions\/52318"}],"wp:featuredmedia":[{"embeddable":true,"href":"https:\/\/osepmendoza.com.ar\/web\/wp-json\/wp\/v2\/media\/52316"}],"wp:attachment":[{"href":"https:\/\/osepmendoza.com.ar\/web\/wp-json\/wp\/v2\/media?parent=52315"}],"wp:term":[{"taxonomy":"category","embeddable":true,"href":"https:\/\/osepmendoza.com.ar\/web\/wp-json\/wp\/v2\/categories?post=52315"},{"taxonomy":"post_tag","embeddable":true,"href":"https:\/\/osepmendoza.com.ar\/web\/wp-json\/wp\/v2\/tags?post=52315"}],"curies":[{"name":"wp","href":"https:\/\/api.w.org\/{rel}","templated":true}]}}