{"id":51266,"date":"2023-09-15T13:30:21","date_gmt":"2023-09-15T16:30:21","guid":{"rendered":"https:\/\/osepmendoza.com.ar\/web\/?p=51266"},"modified":"2023-09-15T13:30:21","modified_gmt":"2023-09-15T16:30:21","slug":"una-sonrisa-saludable-en-el-vergel","status":"publish","type":"post","link":"https:\/\/osepmendoza.com.ar\/web\/una-sonrisa-saludable-en-el-vergel\/","title":{"rendered":"Una sonrisa saludable en El Vergel"},"content":{"rendered":"<p align=\"justify\"><strong>Los profesionales de OSEP contin\u00faan llevando a cabo actividades preventivas en diferentes puntos de la provincia. En esta ocasi\u00f3n, se dirigieron al distrito de El Vergel, en Lavalle, donde compartieron charlas sobre salud bucal con los peque\u00f1os alumnos de la escuela Sim\u00f3n Chavez, de entre 5 y 7 a\u00f1os.<\/strong><\/p>\n<p align=\"justify\">El equipo de OSEP Lavalle, liderado por la odont\u00f3loga Mariana Rosignoli, quien adem\u00e1s es gerente asistencial de la Sede Territorial de la Obra Social, ofreci\u00f3 una completa charla destinada a fomentar el cuidado de los dientes, la importancia de la higiene bucal, las t\u00e9cnicas de cepillado adecuadas y las medidas preventivas contra enfermedades dentales.<\/p>\n<p align=\"justify\">La actividad se desarroll\u00f3 en la Escuela 1-281 Sim\u00f3n Ch\u00e1vez, localizada en el distrito de El Vergel, en el Departamento de Lavalle. All\u00ed, la profesional brind\u00f3 una charla educativa que capt\u00f3 la atenci\u00f3n y el entusiasmo tanto de los padres como de los ni\u00f1os que asisten a las salas de 5 a\u00f1os y primer grado.<\/p>\n<p align=\"justify\">Concientizar y educar sobre la necesidad de mantener una salud bucal adecuada es fundamental, ya que las enfermedades dentales pueden desencadenar problemas de salud graves en todo el organismo. En este contexto, la Obra Social de los Empleados P\u00fablicos extiende su presencia a lo largo de todo el territorio provincial, promoviendo la colaboraci\u00f3n y realizando actividades preventivas para proteger la salud de toda la comunidad<span style=\"font-family: Arial, sans-serif;\">.<\/span><\/p>\n<div id='gallery-1' class='gallery galleryid-51266 gallery-columns-2 gallery-size-full'><figure class='gallery-item'>\n\t\t\t<div class='gallery-icon landscape'>\n\t\t\t\t<a href='https:\/\/osepmendoza.com.ar\/web\/una-sonrisa-saludable-en-el-vergel\/vergel2\/'><img loading=\"lazy\" decoding=\"async\" width=\"1280\" height=\"963\" src=\"https:\/\/osepmendoza.com.ar\/web\/wp-content\/uploads\/2023\/09\/vergel2.jpg\" class=\"attachment-full size-full\" alt=\"\" srcset=\"https:\/\/osepmendoza.com.ar\/web\/wp-content\/uploads\/2023\/09\/vergel2.jpg 1280w, https:\/\/osepmendoza.com.ar\/web\/wp-content\/uploads\/2023\/09\/vergel2-300x226.jpg 300w, https:\/\/osepmendoza.com.ar\/web\/wp-content\/uploads\/2023\/09\/vergel2-1024x770.jpg 1024w, https:\/\/osepmendoza.com.ar\/web\/wp-content\/uploads\/2023\/09\/vergel2-768x578.jpg 768w\" sizes=\"auto, (max-width: 1280px) 100vw, 1280px\" \/><\/a>\n\t\t\t<\/div><\/figure><figure class='gallery-item'>\n\t\t\t<div class='gallery-icon landscape'>\n\t\t\t\t<a href='https:\/\/osepmendoza.com.ar\/web\/una-sonrisa-saludable-en-el-vergel\/vergel3\/'><img loading=\"lazy\" decoding=\"async\" width=\"1280\" height=\"960\" src=\"https:\/\/osepmendoza.com.ar\/web\/wp-content\/uploads\/2023\/09\/vergel3.jpg\" class=\"attachment-full size-full\" alt=\"\" srcset=\"https:\/\/osepmendoza.com.ar\/web\/wp-content\/uploads\/2023\/09\/vergel3.jpg 1280w, https:\/\/osepmendoza.com.ar\/web\/wp-content\/uploads\/2023\/09\/vergel3-300x225.jpg 300w, https:\/\/osepmendoza.com.ar\/web\/wp-content\/uploads\/2023\/09\/vergel3-1024x768.jpg 1024w, https:\/\/osepmendoza.com.ar\/web\/wp-content\/uploads\/2023\/09\/vergel3-768x576.jpg 768w\" sizes=\"auto, (max-width: 1280px) 100vw, 1280px\" \/><\/a>\n\t\t\t<\/div><\/figure><figure class='gallery-item'>\n\t\t\t<div class='gallery-icon portrait'>\n\t\t\t\t<a href='https:\/\/osepmendoza.com.ar\/web\/una-sonrisa-saludable-en-el-vergel\/vergel1\/'><img loading=\"lazy\" decoding=\"async\" width=\"537\" height=\"541\" src=\"https:\/\/osepmendoza.com.ar\/web\/wp-content\/uploads\/2023\/09\/vergel1.jpg\" class=\"attachment-full size-full\" alt=\"\" srcset=\"https:\/\/osepmendoza.com.ar\/web\/wp-content\/uploads\/2023\/09\/vergel1.jpg 537w, https:\/\/osepmendoza.com.ar\/web\/wp-content\/uploads\/2023\/09\/vergel1-298x300.jpg 298w, https:\/\/osepmendoza.com.ar\/web\/wp-content\/uploads\/2023\/09\/vergel1-150x150.jpg 150w\" sizes=\"auto, (max-width: 537px) 100vw, 537px\" \/><\/a>\n\t\t\t<\/div><\/figure><figure class='gallery-item'>\n\t\t\t<div class='gallery-icon portrait'>\n\t\t\t\t<a href='https:\/\/osepmendoza.com.ar\/web\/una-sonrisa-saludable-en-el-vergel\/vergel4\/'><img loading=\"lazy\" decoding=\"async\" width=\"963\" height=\"1280\" src=\"https:\/\/osepmendoza.com.ar\/web\/wp-content\/uploads\/2023\/09\/vergel4.jpg\" class=\"attachment-full size-full\" alt=\"\" srcset=\"https:\/\/osepmendoza.com.ar\/web\/wp-content\/uploads\/2023\/09\/vergel4.jpg 963w, https:\/\/osepmendoza.com.ar\/web\/wp-content\/uploads\/2023\/09\/vergel4-226x300.jpg 226w, https:\/\/osepmendoza.com.ar\/web\/wp-content\/uploads\/2023\/09\/vergel4-770x1024.jpg 770w, https:\/\/osepmendoza.com.ar\/web\/wp-content\/uploads\/2023\/09\/vergel4-768x1021.jpg 768w\" sizes=\"auto, (max-width: 963px) 100vw, 963px\" \/><\/a>\n\t\t\t<\/div><\/figure>\n\t\t<\/div>\n\n","protected":false},"excerpt":{"rendered":"<p>Los profesionales de OSEP contin\u00faan llevando a cabo actividades preventivas&#8230;<\/p>\n","protected":false},"author":12,"featured_media":51267,"comment_status":"closed","ping_status":"open","sticky":false,"template":"","format":"standard","meta":{"_acf_changed":false,"inline_featured_image":false,"_exactmetrics_skip_tracking":false,"_exactmetrics_sitenote_active":false,"_exactmetrics_sitenote_note":"","_exactmetrics_sitenote_category":0,"footnotes":"","_links_to":"","_links_to_target":""},"categories":[101],"tags":[1962,170,110],"class_list":["post-51266","post","type-post","status-publish","format-standard","has-post-thumbnail","hentry","category-noticias","tag-el-vergel","tag-lavalle","tag-odontologia"],"acf":[],"yoast_head":"<!-- This site is optimized with the Yoast SEO plugin v27.4 - https:\/\/yoast.com\/product\/yoast-seo-wordpress\/ -->\n<title>Una sonrisa saludable en El Vergel - OSEP Mendoza<\/title>\n<meta name=\"robots\" content=\"index, follow, max-snippet:-1, max-image-preview:large, max-video-preview:-1\" \/>\n<link rel=\"canonical\" href=\"https:\/\/osepmendoza.com.ar\/web\/una-sonrisa-saludable-en-el-vergel\/\" \/>\n<meta property=\"og:locale\" content=\"es_ES\" \/>\n<meta property=\"og:type\" content=\"article\" \/>\n<meta property=\"og:title\" content=\"Una sonrisa saludable en El Vergel - OSEP Mendoza\" \/>\n<meta property=\"og:description\" content=\"Los profesionales de OSEP contin\u00faan llevando a cabo actividades preventivas...\" \/>\n<meta property=\"og:url\" content=\"https:\/\/osepmendoza.com.ar\/web\/una-sonrisa-saludable-en-el-vergel\/\" \/>\n<meta property=\"og:site_name\" content=\"OSEP Mendoza\" \/>\n<meta property=\"article:publisher\" content=\"https:\/\/www.facebook.com\/OSEP.MendozaArg\/\" \/>\n<meta property=\"article:published_time\" content=\"2023-09-15T16:30:21+00:00\" \/>\n<meta property=\"og:image\" content=\"https:\/\/osepmendoza.com.ar\/web\/wp-content\/uploads\/2023\/09\/vergel0.jpg\" \/>\n\t<meta property=\"og:image:width\" content=\"1200\" \/>\n\t<meta property=\"og:image:height\" content=\"438\" \/>\n\t<meta property=\"og:image:type\" content=\"image\/jpeg\" \/>\n<meta name=\"author\" content=\"Sebastian Fernandez\" \/>\n<meta name=\"twitter:card\" content=\"summary_large_image\" \/>\n<meta name=\"twitter:creator\" content=\"@OsepMza\" \/>\n<meta name=\"twitter:site\" content=\"@OsepMza\" \/>\n<meta name=\"twitter:label1\" content=\"Escrito por\" \/>\n\t<meta name=\"twitter:data1\" content=\"Sebastian Fernandez\" \/>\n\t<meta name=\"twitter:label2\" content=\"Tiempo de lectura\" \/>\n\t<meta name=\"twitter:data2\" content=\"2 minutos\" \/>\n<script type=\"application\/ld+json\" class=\"yoast-schema-graph\">{\"@context\":\"https:\\\/\\\/schema.org\",\"@graph\":[{\"@type\":\"Article\",\"@id\":\"https:\\\/\\\/osepmendoza.com.ar\\\/web\\\/una-sonrisa-saludable-en-el-vergel\\\/#article\",\"isPartOf\":{\"@id\":\"https:\\\/\\\/osepmendoza.com.ar\\\/web\\\/una-sonrisa-saludable-en-el-vergel\\\/\"},\"author\":{\"name\":\"Sebastian Fernandez\",\"@id\":\"https:\\\/\\\/osepmendoza.com.ar\\\/web\\\/#\\\/schema\\\/person\\\/90986df7128a51e32bb66102fc247eb2\"},\"headline\":\"Una sonrisa saludable en El Vergel\",\"datePublished\":\"2023-09-15T16:30:21+00:00\",\"mainEntityOfPage\":{\"@id\":\"https:\\\/\\\/osepmendoza.com.ar\\\/web\\\/una-sonrisa-saludable-en-el-vergel\\\/\"},\"wordCount\":246,\"publisher\":{\"@id\":\"https:\\\/\\\/osepmendoza.com.ar\\\/web\\\/#organization\"},\"image\":{\"@id\":\"https:\\\/\\\/osepmendoza.com.ar\\\/web\\\/una-sonrisa-saludable-en-el-vergel\\\/#primaryimage\"},\"thumbnailUrl\":\"https:\\\/\\\/osepmendoza.com.ar\\\/web\\\/wp-content\\\/uploads\\\/2023\\\/09\\\/vergel0.jpg\",\"keywords\":[\"el vergel\",\"Lavalle\",\"odontologia\"],\"articleSection\":[\"Noticias\"],\"inLanguage\":\"es\"},{\"@type\":\"WebPage\",\"@id\":\"https:\\\/\\\/osepmendoza.com.ar\\\/web\\\/una-sonrisa-saludable-en-el-vergel\\\/\",\"url\":\"https:\\\/\\\/osepmendoza.com.ar\\\/web\\\/una-sonrisa-saludable-en-el-vergel\\\/\",\"name\":\"Una sonrisa saludable en El Vergel - OSEP Mendoza\",\"isPartOf\":{\"@id\":\"https:\\\/\\\/osepmendoza.com.ar\\\/web\\\/#website\"},\"primaryImageOfPage\":{\"@id\":\"https:\\\/\\\/osepmendoza.com.ar\\\/web\\\/una-sonrisa-saludable-en-el-vergel\\\/#primaryimage\"},\"image\":{\"@id\":\"https:\\\/\\\/osepmendoza.com.ar\\\/web\\\/una-sonrisa-saludable-en-el-vergel\\\/#primaryimage\"},\"thumbnailUrl\":\"https:\\\/\\\/osepmendoza.com.ar\\\/web\\\/wp-content\\\/uploads\\\/2023\\\/09\\\/vergel0.jpg\",\"datePublished\":\"2023-09-15T16:30:21+00:00\",\"breadcrumb\":{\"@id\":\"https:\\\/\\\/osepmendoza.com.ar\\\/web\\\/una-sonrisa-saludable-en-el-vergel\\\/#breadcrumb\"},\"inLanguage\":\"es\",\"potentialAction\":[{\"@type\":\"ReadAction\",\"target\":[\"https:\\\/\\\/osepmendoza.com.ar\\\/web\\\/una-sonrisa-saludable-en-el-vergel\\\/\"]}]},{\"@type\":\"ImageObject\",\"inLanguage\":\"es\",\"@id\":\"https:\\\/\\\/osepmendoza.com.ar\\\/web\\\/una-sonrisa-saludable-en-el-vergel\\\/#primaryimage\",\"url\":\"https:\\\/\\\/osepmendoza.com.ar\\\/web\\\/wp-content\\\/uploads\\\/2023\\\/09\\\/vergel0.jpg\",\"contentUrl\":\"https:\\\/\\\/osepmendoza.com.ar\\\/web\\\/wp-content\\\/uploads\\\/2023\\\/09\\\/vergel0.jpg\",\"width\":1200,\"height\":438},{\"@type\":\"BreadcrumbList\",\"@id\":\"https:\\\/\\\/osepmendoza.com.ar\\\/web\\\/una-sonrisa-saludable-en-el-vergel\\\/#breadcrumb\",\"itemListElement\":[{\"@type\":\"ListItem\",\"position\":1,\"name\":\"Portada\",\"item\":\"https:\\\/\\\/osepmendoza.com.ar\\\/web\\\/\"},{\"@type\":\"ListItem\",\"position\":2,\"name\":\"Una sonrisa saludable en El Vergel\"}]},{\"@type\":\"WebSite\",\"@id\":\"https:\\\/\\\/osepmendoza.com.ar\\\/web\\\/#website\",\"url\":\"https:\\\/\\\/osepmendoza.com.ar\\\/web\\\/\",\"name\":\"OSEP Mendoza\",\"description\":\"Obra Social de los Empleados P\u00fablicos de Mendoza\",\"publisher\":{\"@id\":\"https:\\\/\\\/osepmendoza.com.ar\\\/web\\\/#organization\"},\"potentialAction\":[{\"@type\":\"SearchAction\",\"target\":{\"@type\":\"EntryPoint\",\"urlTemplate\":\"https:\\\/\\\/osepmendoza.com.ar\\\/web\\\/?s={search_term_string}\"},\"query-input\":{\"@type\":\"PropertyValueSpecification\",\"valueRequired\":true,\"valueName\":\"search_term_string\"}}],\"inLanguage\":\"es\"},{\"@type\":\"Organization\",\"@id\":\"https:\\\/\\\/osepmendoza.com.ar\\\/web\\\/#organization\",\"name\":\"OSEP - Obra Social de Empleados P\u00fablicos de Mendoza\",\"url\":\"https:\\\/\\\/osepmendoza.com.ar\\\/web\\\/\",\"logo\":{\"@type\":\"ImageObject\",\"inLanguage\":\"es\",\"@id\":\"https:\\\/\\\/osepmendoza.com.ar\\\/web\\\/#\\\/schema\\\/logo\\\/image\\\/\",\"url\":\"https:\\\/\\\/osepmendoza.com.ar\\\/web\\\/wp-content\\\/uploads\\\/2020\\\/04\\\/lkTM9T9z.jpg\",\"contentUrl\":\"https:\\\/\\\/osepmendoza.com.ar\\\/web\\\/wp-content\\\/uploads\\\/2020\\\/04\\\/lkTM9T9z.jpg\",\"width\":334,\"height\":334,\"caption\":\"OSEP - Obra Social de Empleados P\u00fablicos de Mendoza\"},\"image\":{\"@id\":\"https:\\\/\\\/osepmendoza.com.ar\\\/web\\\/#\\\/schema\\\/logo\\\/image\\\/\"},\"sameAs\":[\"https:\\\/\\\/www.facebook.com\\\/OSEP.MendozaArg\\\/\",\"https:\\\/\\\/x.com\\\/OsepMza\",\"https:\\\/\\\/www.instagram.com\\\/osep.mendoza\\\/\",\"https:\\\/\\\/www.youtube.com\\\/user\\\/osepvideos\"]},{\"@type\":\"Person\",\"@id\":\"https:\\\/\\\/osepmendoza.com.ar\\\/web\\\/#\\\/schema\\\/person\\\/90986df7128a51e32bb66102fc247eb2\",\"name\":\"Sebastian Fernandez\",\"image\":{\"@type\":\"ImageObject\",\"inLanguage\":\"es\",\"@id\":\"https:\\\/\\\/secure.gravatar.com\\\/avatar\\\/cc42d53caabe846896e06ed8955a60e82b2b829babcb731f86f26c42378bcfec?s=96&d=mm&r=g\",\"url\":\"https:\\\/\\\/secure.gravatar.com\\\/avatar\\\/cc42d53caabe846896e06ed8955a60e82b2b829babcb731f86f26c42378bcfec?s=96&d=mm&r=g\",\"contentUrl\":\"https:\\\/\\\/secure.gravatar.com\\\/avatar\\\/cc42d53caabe846896e06ed8955a60e82b2b829babcb731f86f26c42378bcfec?s=96&d=mm&r=g\",\"caption\":\"Sebastian Fernandez\"},\"sameAs\":[\"http:\\\/\\\/osepmendoza.com.ar\\\/web\"]}]}<\/script>\n<!-- \/ Yoast SEO plugin. -->","yoast_head_json":{"title":"Una sonrisa saludable en El Vergel - OSEP Mendoza","robots":{"index":"index","follow":"follow","max-snippet":"max-snippet:-1","max-image-preview":"max-image-preview:large","max-video-preview":"max-video-preview:-1"},"canonical":"https:\/\/osepmendoza.com.ar\/web\/una-sonrisa-saludable-en-el-vergel\/","og_locale":"es_ES","og_type":"article","og_title":"Una sonrisa saludable en El Vergel - OSEP Mendoza","og_description":"Los profesionales de OSEP contin\u00faan llevando a cabo actividades preventivas...","og_url":"https:\/\/osepmendoza.com.ar\/web\/una-sonrisa-saludable-en-el-vergel\/","og_site_name":"OSEP Mendoza","article_publisher":"https:\/\/www.facebook.com\/OSEP.MendozaArg\/","article_published_time":"2023-09-15T16:30:21+00:00","og_image":[{"width":1200,"height":438,"url":"https:\/\/osepmendoza.com.ar\/web\/wp-content\/uploads\/2023\/09\/vergel0.jpg","type":"image\/jpeg"}],"author":"Sebastian Fernandez","twitter_card":"summary_large_image","twitter_creator":"@OsepMza","twitter_site":"@OsepMza","twitter_misc":{"Escrito por":"Sebastian Fernandez","Tiempo de lectura":"2 minutos"},"schema":{"@context":"https:\/\/schema.org","@graph":[{"@type":"Article","@id":"https:\/\/osepmendoza.com.ar\/web\/una-sonrisa-saludable-en-el-vergel\/#article","isPartOf":{"@id":"https:\/\/osepmendoza.com.ar\/web\/una-sonrisa-saludable-en-el-vergel\/"},"author":{"name":"Sebastian Fernandez","@id":"https:\/\/osepmendoza.com.ar\/web\/#\/schema\/person\/90986df7128a51e32bb66102fc247eb2"},"headline":"Una sonrisa saludable en El Vergel","datePublished":"2023-09-15T16:30:21+00:00","mainEntityOfPage":{"@id":"https:\/\/osepmendoza.com.ar\/web\/una-sonrisa-saludable-en-el-vergel\/"},"wordCount":246,"publisher":{"@id":"https:\/\/osepmendoza.com.ar\/web\/#organization"},"image":{"@id":"https:\/\/osepmendoza.com.ar\/web\/una-sonrisa-saludable-en-el-vergel\/#primaryimage"},"thumbnailUrl":"https:\/\/osepmendoza.com.ar\/web\/wp-content\/uploads\/2023\/09\/vergel0.jpg","keywords":["el vergel","Lavalle","odontologia"],"articleSection":["Noticias"],"inLanguage":"es"},{"@type":"WebPage","@id":"https:\/\/osepmendoza.com.ar\/web\/una-sonrisa-saludable-en-el-vergel\/","url":"https:\/\/osepmendoza.com.ar\/web\/una-sonrisa-saludable-en-el-vergel\/","name":"Una sonrisa saludable en El Vergel - OSEP Mendoza","isPartOf":{"@id":"https:\/\/osepmendoza.com.ar\/web\/#website"},"primaryImageOfPage":{"@id":"https:\/\/osepmendoza.com.ar\/web\/una-sonrisa-saludable-en-el-vergel\/#primaryimage"},"image":{"@id":"https:\/\/osepmendoza.com.ar\/web\/una-sonrisa-saludable-en-el-vergel\/#primaryimage"},"thumbnailUrl":"https:\/\/osepmendoza.com.ar\/web\/wp-content\/uploads\/2023\/09\/vergel0.jpg","datePublished":"2023-09-15T16:30:21+00:00","breadcrumb":{"@id":"https:\/\/osepmendoza.com.ar\/web\/una-sonrisa-saludable-en-el-vergel\/#breadcrumb"},"inLanguage":"es","potentialAction":[{"@type":"ReadAction","target":["https:\/\/osepmendoza.com.ar\/web\/una-sonrisa-saludable-en-el-vergel\/"]}]},{"@type":"ImageObject","inLanguage":"es","@id":"https:\/\/osepmendoza.com.ar\/web\/una-sonrisa-saludable-en-el-vergel\/#primaryimage","url":"https:\/\/osepmendoza.com.ar\/web\/wp-content\/uploads\/2023\/09\/vergel0.jpg","contentUrl":"https:\/\/osepmendoza.com.ar\/web\/wp-content\/uploads\/2023\/09\/vergel0.jpg","width":1200,"height":438},{"@type":"BreadcrumbList","@id":"https:\/\/osepmendoza.com.ar\/web\/una-sonrisa-saludable-en-el-vergel\/#breadcrumb","itemListElement":[{"@type":"ListItem","position":1,"name":"Portada","item":"https:\/\/osepmendoza.com.ar\/web\/"},{"@type":"ListItem","position":2,"name":"Una sonrisa saludable en El Vergel"}]},{"@type":"WebSite","@id":"https:\/\/osepmendoza.com.ar\/web\/#website","url":"https:\/\/osepmendoza.com.ar\/web\/","name":"OSEP Mendoza","description":"Obra Social de los Empleados P\u00fablicos de Mendoza","publisher":{"@id":"https:\/\/osepmendoza.com.ar\/web\/#organization"},"potentialAction":[{"@type":"SearchAction","target":{"@type":"EntryPoint","urlTemplate":"https:\/\/osepmendoza.com.ar\/web\/?s={search_term_string}"},"query-input":{"@type":"PropertyValueSpecification","valueRequired":true,"valueName":"search_term_string"}}],"inLanguage":"es"},{"@type":"Organization","@id":"https:\/\/osepmendoza.com.ar\/web\/#organization","name":"OSEP - Obra Social de Empleados P\u00fablicos de Mendoza","url":"https:\/\/osepmendoza.com.ar\/web\/","logo":{"@type":"ImageObject","inLanguage":"es","@id":"https:\/\/osepmendoza.com.ar\/web\/#\/schema\/logo\/image\/","url":"https:\/\/osepmendoza.com.ar\/web\/wp-content\/uploads\/2020\/04\/lkTM9T9z.jpg","contentUrl":"https:\/\/osepmendoza.com.ar\/web\/wp-content\/uploads\/2020\/04\/lkTM9T9z.jpg","width":334,"height":334,"caption":"OSEP - Obra Social de Empleados P\u00fablicos de Mendoza"},"image":{"@id":"https:\/\/osepmendoza.com.ar\/web\/#\/schema\/logo\/image\/"},"sameAs":["https:\/\/www.facebook.com\/OSEP.MendozaArg\/","https:\/\/x.com\/OsepMza","https:\/\/www.instagram.com\/osep.mendoza\/","https:\/\/www.youtube.com\/user\/osepvideos"]},{"@type":"Person","@id":"https:\/\/osepmendoza.com.ar\/web\/#\/schema\/person\/90986df7128a51e32bb66102fc247eb2","name":"Sebastian Fernandez","image":{"@type":"ImageObject","inLanguage":"es","@id":"https:\/\/secure.gravatar.com\/avatar\/cc42d53caabe846896e06ed8955a60e82b2b829babcb731f86f26c42378bcfec?s=96&d=mm&r=g","url":"https:\/\/secure.gravatar.com\/avatar\/cc42d53caabe846896e06ed8955a60e82b2b829babcb731f86f26c42378bcfec?s=96&d=mm&r=g","contentUrl":"https:\/\/secure.gravatar.com\/avatar\/cc42d53caabe846896e06ed8955a60e82b2b829babcb731f86f26c42378bcfec?s=96&d=mm&r=g","caption":"Sebastian Fernandez"},"sameAs":["http:\/\/osepmendoza.com.ar\/web"]}]}},"amp_enabled":true,"_links":{"self":[{"href":"https:\/\/osepmendoza.com.ar\/web\/wp-json\/wp\/v2\/posts\/51266","targetHints":{"allow":["GET"]}}],"collection":[{"href":"https:\/\/osepmendoza.com.ar\/web\/wp-json\/wp\/v2\/posts"}],"about":[{"href":"https:\/\/osepmendoza.com.ar\/web\/wp-json\/wp\/v2\/types\/post"}],"author":[{"embeddable":true,"href":"https:\/\/osepmendoza.com.ar\/web\/wp-json\/wp\/v2\/users\/12"}],"replies":[{"embeddable":true,"href":"https:\/\/osepmendoza.com.ar\/web\/wp-json\/wp\/v2\/comments?post=51266"}],"version-history":[{"count":2,"href":"https:\/\/osepmendoza.com.ar\/web\/wp-json\/wp\/v2\/posts\/51266\/revisions"}],"predecessor-version":[{"id":51273,"href":"https:\/\/osepmendoza.com.ar\/web\/wp-json\/wp\/v2\/posts\/51266\/revisions\/51273"}],"wp:featuredmedia":[{"embeddable":true,"href":"https:\/\/osepmendoza.com.ar\/web\/wp-json\/wp\/v2\/media\/51267"}],"wp:attachment":[{"href":"https:\/\/osepmendoza.com.ar\/web\/wp-json\/wp\/v2\/media?parent=51266"}],"wp:term":[{"taxonomy":"category","embeddable":true,"href":"https:\/\/osepmendoza.com.ar\/web\/wp-json\/wp\/v2\/categories?post=51266"},{"taxonomy":"post_tag","embeddable":true,"href":"https:\/\/osepmendoza.com.ar\/web\/wp-json\/wp\/v2\/tags?post=51266"}],"curies":[{"name":"wp","href":"https:\/\/api.w.org\/{rel}","templated":true}]}}