{"id":50607,"date":"2023-08-03T16:49:37","date_gmt":"2023-08-03T19:49:37","guid":{"rendered":"https:\/\/osepmendoza.com.ar\/web\/?p=50607"},"modified":"2023-08-03T18:05:30","modified_gmt":"2023-08-03T21:05:30","slug":"nutricion-durante-la-semana-mundial-de-la-lactancia-materna","status":"publish","type":"post","link":"https:\/\/osepmendoza.com.ar\/web\/nutricion-durante-la-semana-mundial-de-la-lactancia-materna\/","title":{"rendered":"Nutrici\u00f3n durante la Semana Mundial de la Lactancia Materna"},"content":{"rendered":"<p align=\"justify\"><strong>El Departamento de Nutrici\u00f3n y Alimentaci\u00f3n de la Obra Social de los Empleados P\u00fablicos se suma a la celebraci\u00f3n de la Semana Mundial de la Lactancia Materna, que se conmemora del 1 al 7 de agosto, promoviendo la importancia de asegurar la lactancia materna en todos los \u00e1mbitos, especialmente al volver al trabajo. Bajo el lema &#8220;Promover y sostener la lactancia materna al volver al trabajo&#8221;, se destaca la necesidad de brindar apoyo y garant\u00edas para que las madres puedan continuar amamantando a sus beb\u00e9s mientras desempe\u00f1an sus actividades laborales.<\/strong><\/p>\n<p align=\"justify\">La Organizaci\u00f3n Mundial de la Salud (OMS) recomienda la lactancia materna exclusiva durante los primeros seis meses de vida del beb\u00e9, seguida de la introducci\u00f3n de alimentos complementarios adecuados y seguros, manteniendo la lactancia materna hasta los dos a\u00f1os o m\u00e1s. Los especialistas en Nutrici\u00f3n de OSEP comparten esta visi\u00f3n y se esfuerzan por promover un completo trabajo en colaboraci\u00f3n con las profesionales obst\u00e9tricas para apoyar a las madres en esta importante etapa. As\u00ed lo manifiesta la licenciada Silvina Rodr\u00edguez Blanco, quien nos brinda algunos consejos.<\/p>\n<p align=\"justify\"><strong>Beneficios de la lactancia materna:<\/strong><\/p>\n<ul>\n<li>Es una leche m\u00e1s f\u00e1cil de digerir.<\/li>\n<li>Estimula el crecimiento y maduraci\u00f3n intestinal.<\/li>\n<li>Facilita el movimiento intestinal.<\/li>\n<li>Satisface m\u00e1s r\u00e1pido el volumen total de leche que necesita el beb\u00e9.<\/li>\n<li>Aporta defensas naturales: contiene anticuerpos y antimicrobianos.<\/li>\n<li>Mejora el neurodesarrollo del beb\u00e9.<\/li>\n<li>Presenta una composici\u00f3n nutricional adecuada y necesaria.<\/li>\n<li>Fomenta un fuerte v\u00ednculo entre madre e hijo.<\/li>\n<li>Disminuye la morbi-mortalidad infantil.<\/li>\n<li>Protege contra infecciones del tracto respiratorio y gastrointestinal, otitis media aguda, asma, dermatitis at\u00f3pica, enfermedad cel\u00edaca y enfermedad inflamatoria intestinal.<\/li>\n<\/ul>\n<ul>\n<li style=\"list-style-type: none;\"><\/li>\n<\/ul>\n<ul>\n<li style=\"list-style-type: none;\"><\/li>\n<\/ul>\n<ul>\n<li style=\"list-style-type: none;\"><\/li>\n<\/ul>\n<ul>\n<li style=\"list-style-type: none;\"><\/li>\n<\/ul>\n<ul>\n<li style=\"list-style-type: none;\"><\/li>\n<\/ul>\n<ul>\n<li style=\"list-style-type: none;\"><\/li>\n<\/ul>\n<ul>\n<li style=\"list-style-type: none;\"><\/li>\n<\/ul>\n<p align=\"justify\"><strong>Mitos de la lactancia materna:<\/strong><\/p>\n<p>&#8211; La madre que amamanta debe comer el doble para producir m\u00e1s leche.<\/p>\n<p>&#8211; La madre que amamanta debe seguir una dieta especial, restringiendo alimentos que produzcan gases y olores.<\/p>\n<p>&#8211; La madre debe consumir ciertos alimentos espec\u00edficos para producir m\u00e1s y mejor leche.<\/p>\n<p>&#8211; La baja producci\u00f3n de leche puede ser un problema familiar, heredado de madre a hija.<\/p>\n<p>&#8211; La producci\u00f3n de calostro en los primeros d\u00edas es insuficiente para alimentar al beb\u00e9.<\/p>\n<p>&#8211; El beb\u00e9 llora porque tiene hambre, debido a que la leche materna es insuficiente.<\/p>\n<p>&#8211; La madre debe espaciar las mamadas para que los pechos se llenen.<\/p>\n<p>&#8211; La leche materna humana es m\u00e1s aguada en comparaci\u00f3n con la leche de vaca.<\/p>\n<p>&#8211; Se debe amamantar al beb\u00e9 en un horario regular (cada 2 a 3 horas), con una duraci\u00f3n de 10 a 15 minutos por pecho en cada toma.<\/p>\n<p>&#8211; Es necesario dar ambos pechos en cada toma.<\/p>\n<p align=\"justify\">Si ten\u00e9s dudas sobre estos mitos y c\u00f3mo mejorar tu alimentaci\u00f3n para optimizar la lactancia materna, adem\u00e1s de los consultorios de Lactancia, tambi\u00e9n pod\u00e9s consultar por los Servicios de Nutrici\u00f3n de los efectores de OSEP. Adem\u00e1s, la Obra Social ofrece a sus afiliadas y empleadas los Centros de Lactancia Amigos de la Madre y el Ni\u00f1o, ubicados en el Hospital Misericordia y el Hospital Fleming. Tambi\u00e9n cont\u00e1s con la opci\u00f3n de donar leche en el Centro Recolector N\u00ba6, operado el Servicio de Nutrici\u00f3n de la Maternidad Misericordia.<\/p>\n<p class=\"western\" lang=\"es-ES\" align=\"justify\">\n","protected":false},"excerpt":{"rendered":"<p>El Departamento de Nutrici\u00f3n y Alimentaci\u00f3n de la Obra Social&#8230;<\/p>\n","protected":false},"author":12,"featured_media":50608,"comment_status":"closed","ping_status":"open","sticky":false,"template":"","format":"standard","meta":{"_acf_changed":false,"inline_featured_image":false,"_exactmetrics_skip_tracking":false,"_exactmetrics_sitenote_active":false,"_exactmetrics_sitenote_note":"","_exactmetrics_sitenote_category":0,"footnotes":"","_links_to":"","_links_to_target":""},"categories":[101],"tags":[130,131,1790,480],"class_list":["post-50607","post","type-post","status-publish","format-standard","has-post-thumbnail","hentry","category-noticias","tag-bebe","tag-lactancia","tag-madre","tag-nutricion"],"acf":[],"yoast_head":"<!-- This site is optimized with the Yoast SEO plugin v27.5 - https:\/\/yoast.com\/product\/yoast-seo-wordpress\/ -->\n<title>Nutrici\u00f3n durante la Semana Mundial de la Lactancia Materna - OSEP Mendoza<\/title>\n<meta name=\"robots\" content=\"index, follow, max-snippet:-1, max-image-preview:large, max-video-preview:-1\" \/>\n<link rel=\"canonical\" href=\"https:\/\/osepmendoza.com.ar\/web\/nutricion-durante-la-semana-mundial-de-la-lactancia-materna\/\" \/>\n<meta property=\"og:locale\" content=\"es_ES\" \/>\n<meta property=\"og:type\" content=\"article\" \/>\n<meta property=\"og:title\" content=\"Nutrici\u00f3n durante la Semana Mundial de la Lactancia Materna - OSEP Mendoza\" \/>\n<meta property=\"og:description\" content=\"El Departamento de Nutrici\u00f3n y Alimentaci\u00f3n de la Obra Social...\" \/>\n<meta property=\"og:url\" content=\"https:\/\/osepmendoza.com.ar\/web\/nutricion-durante-la-semana-mundial-de-la-lactancia-materna\/\" \/>\n<meta property=\"og:site_name\" content=\"OSEP Mendoza\" \/>\n<meta property=\"article:publisher\" content=\"https:\/\/www.facebook.com\/OSEP.MendozaArg\/\" \/>\n<meta property=\"article:published_time\" content=\"2023-08-03T19:49:37+00:00\" \/>\n<meta property=\"article:modified_time\" content=\"2023-08-03T21:05:30+00:00\" \/>\n<meta property=\"og:image\" content=\"https:\/\/osepmendoza.com.ar\/web\/wp-content\/uploads\/2023\/08\/nutricion.jpg\" \/>\n\t<meta property=\"og:image:width\" content=\"1201\" \/>\n\t<meta property=\"og:image:height\" content=\"439\" \/>\n\t<meta property=\"og:image:type\" content=\"image\/jpeg\" \/>\n<meta name=\"author\" content=\"Sebastian Fernandez\" \/>\n<meta name=\"twitter:card\" content=\"summary_large_image\" \/>\n<meta name=\"twitter:creator\" content=\"@OsepMza\" \/>\n<meta name=\"twitter:site\" content=\"@OsepMza\" \/>\n<meta name=\"twitter:label1\" content=\"Escrito por\" \/>\n\t<meta name=\"twitter:data1\" content=\"Sebastian Fernandez\" \/>\n\t<meta name=\"twitter:label2\" content=\"Tiempo de lectura\" \/>\n\t<meta name=\"twitter:data2\" content=\"3 minutos\" \/>\n<script type=\"application\/ld+json\" class=\"yoast-schema-graph\">{\"@context\":\"https:\\\/\\\/schema.org\",\"@graph\":[{\"@type\":\"Article\",\"@id\":\"https:\\\/\\\/osepmendoza.com.ar\\\/web\\\/nutricion-durante-la-semana-mundial-de-la-lactancia-materna\\\/#article\",\"isPartOf\":{\"@id\":\"https:\\\/\\\/osepmendoza.com.ar\\\/web\\\/nutricion-durante-la-semana-mundial-de-la-lactancia-materna\\\/\"},\"author\":{\"name\":\"Sebastian Fernandez\",\"@id\":\"https:\\\/\\\/osepmendoza.com.ar\\\/web\\\/#\\\/schema\\\/person\\\/90986df7128a51e32bb66102fc247eb2\"},\"headline\":\"Nutrici\u00f3n durante la Semana Mundial de la Lactancia Materna\",\"datePublished\":\"2023-08-03T19:49:37+00:00\",\"dateModified\":\"2023-08-03T21:05:30+00:00\",\"mainEntityOfPage\":{\"@id\":\"https:\\\/\\\/osepmendoza.com.ar\\\/web\\\/nutricion-durante-la-semana-mundial-de-la-lactancia-materna\\\/\"},\"wordCount\":559,\"publisher\":{\"@id\":\"https:\\\/\\\/osepmendoza.com.ar\\\/web\\\/#organization\"},\"image\":{\"@id\":\"https:\\\/\\\/osepmendoza.com.ar\\\/web\\\/nutricion-durante-la-semana-mundial-de-la-lactancia-materna\\\/#primaryimage\"},\"thumbnailUrl\":\"https:\\\/\\\/osepmendoza.com.ar\\\/web\\\/wp-content\\\/uploads\\\/2023\\\/08\\\/nutricion.jpg\",\"keywords\":[\"beb\u00e9\",\"lactancia\",\"madre\",\"Nutrici\u00f3n\"],\"articleSection\":[\"Noticias\"],\"inLanguage\":\"es\"},{\"@type\":\"WebPage\",\"@id\":\"https:\\\/\\\/osepmendoza.com.ar\\\/web\\\/nutricion-durante-la-semana-mundial-de-la-lactancia-materna\\\/\",\"url\":\"https:\\\/\\\/osepmendoza.com.ar\\\/web\\\/nutricion-durante-la-semana-mundial-de-la-lactancia-materna\\\/\",\"name\":\"Nutrici\u00f3n durante la Semana Mundial de la Lactancia Materna - OSEP Mendoza\",\"isPartOf\":{\"@id\":\"https:\\\/\\\/osepmendoza.com.ar\\\/web\\\/#website\"},\"primaryImageOfPage\":{\"@id\":\"https:\\\/\\\/osepmendoza.com.ar\\\/web\\\/nutricion-durante-la-semana-mundial-de-la-lactancia-materna\\\/#primaryimage\"},\"image\":{\"@id\":\"https:\\\/\\\/osepmendoza.com.ar\\\/web\\\/nutricion-durante-la-semana-mundial-de-la-lactancia-materna\\\/#primaryimage\"},\"thumbnailUrl\":\"https:\\\/\\\/osepmendoza.com.ar\\\/web\\\/wp-content\\\/uploads\\\/2023\\\/08\\\/nutricion.jpg\",\"datePublished\":\"2023-08-03T19:49:37+00:00\",\"dateModified\":\"2023-08-03T21:05:30+00:00\",\"breadcrumb\":{\"@id\":\"https:\\\/\\\/osepmendoza.com.ar\\\/web\\\/nutricion-durante-la-semana-mundial-de-la-lactancia-materna\\\/#breadcrumb\"},\"inLanguage\":\"es\",\"potentialAction\":[{\"@type\":\"ReadAction\",\"target\":[\"https:\\\/\\\/osepmendoza.com.ar\\\/web\\\/nutricion-durante-la-semana-mundial-de-la-lactancia-materna\\\/\"]}]},{\"@type\":\"ImageObject\",\"inLanguage\":\"es\",\"@id\":\"https:\\\/\\\/osepmendoza.com.ar\\\/web\\\/nutricion-durante-la-semana-mundial-de-la-lactancia-materna\\\/#primaryimage\",\"url\":\"https:\\\/\\\/osepmendoza.com.ar\\\/web\\\/wp-content\\\/uploads\\\/2023\\\/08\\\/nutricion.jpg\",\"contentUrl\":\"https:\\\/\\\/osepmendoza.com.ar\\\/web\\\/wp-content\\\/uploads\\\/2023\\\/08\\\/nutricion.jpg\",\"width\":1201,\"height\":439},{\"@type\":\"BreadcrumbList\",\"@id\":\"https:\\\/\\\/osepmendoza.com.ar\\\/web\\\/nutricion-durante-la-semana-mundial-de-la-lactancia-materna\\\/#breadcrumb\",\"itemListElement\":[{\"@type\":\"ListItem\",\"position\":1,\"name\":\"Portada\",\"item\":\"https:\\\/\\\/osepmendoza.com.ar\\\/web\\\/\"},{\"@type\":\"ListItem\",\"position\":2,\"name\":\"Nutrici\u00f3n durante la Semana Mundial de la Lactancia Materna\"}]},{\"@type\":\"WebSite\",\"@id\":\"https:\\\/\\\/osepmendoza.com.ar\\\/web\\\/#website\",\"url\":\"https:\\\/\\\/osepmendoza.com.ar\\\/web\\\/\",\"name\":\"OSEP Mendoza\",\"description\":\"Obra Social de los Empleados P\u00fablicos de Mendoza\",\"publisher\":{\"@id\":\"https:\\\/\\\/osepmendoza.com.ar\\\/web\\\/#organization\"},\"potentialAction\":[{\"@type\":\"SearchAction\",\"target\":{\"@type\":\"EntryPoint\",\"urlTemplate\":\"https:\\\/\\\/osepmendoza.com.ar\\\/web\\\/?s={search_term_string}\"},\"query-input\":{\"@type\":\"PropertyValueSpecification\",\"valueRequired\":true,\"valueName\":\"search_term_string\"}}],\"inLanguage\":\"es\"},{\"@type\":\"Organization\",\"@id\":\"https:\\\/\\\/osepmendoza.com.ar\\\/web\\\/#organization\",\"name\":\"OSEP - Obra Social de Empleados P\u00fablicos de Mendoza\",\"url\":\"https:\\\/\\\/osepmendoza.com.ar\\\/web\\\/\",\"logo\":{\"@type\":\"ImageObject\",\"inLanguage\":\"es\",\"@id\":\"https:\\\/\\\/osepmendoza.com.ar\\\/web\\\/#\\\/schema\\\/logo\\\/image\\\/\",\"url\":\"https:\\\/\\\/osepmendoza.com.ar\\\/web\\\/wp-content\\\/uploads\\\/2020\\\/04\\\/lkTM9T9z.jpg\",\"contentUrl\":\"https:\\\/\\\/osepmendoza.com.ar\\\/web\\\/wp-content\\\/uploads\\\/2020\\\/04\\\/lkTM9T9z.jpg\",\"width\":334,\"height\":334,\"caption\":\"OSEP - Obra Social de Empleados P\u00fablicos de Mendoza\"},\"image\":{\"@id\":\"https:\\\/\\\/osepmendoza.com.ar\\\/web\\\/#\\\/schema\\\/logo\\\/image\\\/\"},\"sameAs\":[\"https:\\\/\\\/www.facebook.com\\\/OSEP.MendozaArg\\\/\",\"https:\\\/\\\/x.com\\\/OsepMza\",\"https:\\\/\\\/www.instagram.com\\\/osep.mendoza\\\/\",\"https:\\\/\\\/www.youtube.com\\\/user\\\/osepvideos\"]},{\"@type\":\"Person\",\"@id\":\"https:\\\/\\\/osepmendoza.com.ar\\\/web\\\/#\\\/schema\\\/person\\\/90986df7128a51e32bb66102fc247eb2\",\"name\":\"Sebastian Fernandez\",\"image\":{\"@type\":\"ImageObject\",\"inLanguage\":\"es\",\"@id\":\"https:\\\/\\\/secure.gravatar.com\\\/avatar\\\/cc42d53caabe846896e06ed8955a60e82b2b829babcb731f86f26c42378bcfec?s=96&d=mm&r=g\",\"url\":\"https:\\\/\\\/secure.gravatar.com\\\/avatar\\\/cc42d53caabe846896e06ed8955a60e82b2b829babcb731f86f26c42378bcfec?s=96&d=mm&r=g\",\"contentUrl\":\"https:\\\/\\\/secure.gravatar.com\\\/avatar\\\/cc42d53caabe846896e06ed8955a60e82b2b829babcb731f86f26c42378bcfec?s=96&d=mm&r=g\",\"caption\":\"Sebastian Fernandez\"},\"sameAs\":[\"http:\\\/\\\/osepmendoza.com.ar\\\/web\"]}]}<\/script>\n<!-- \/ Yoast SEO plugin. -->","yoast_head_json":{"title":"Nutrici\u00f3n durante la Semana Mundial de la Lactancia Materna - OSEP Mendoza","robots":{"index":"index","follow":"follow","max-snippet":"max-snippet:-1","max-image-preview":"max-image-preview:large","max-video-preview":"max-video-preview:-1"},"canonical":"https:\/\/osepmendoza.com.ar\/web\/nutricion-durante-la-semana-mundial-de-la-lactancia-materna\/","og_locale":"es_ES","og_type":"article","og_title":"Nutrici\u00f3n durante la Semana Mundial de la Lactancia Materna - OSEP Mendoza","og_description":"El Departamento de Nutrici\u00f3n y Alimentaci\u00f3n de la Obra Social...","og_url":"https:\/\/osepmendoza.com.ar\/web\/nutricion-durante-la-semana-mundial-de-la-lactancia-materna\/","og_site_name":"OSEP Mendoza","article_publisher":"https:\/\/www.facebook.com\/OSEP.MendozaArg\/","article_published_time":"2023-08-03T19:49:37+00:00","article_modified_time":"2023-08-03T21:05:30+00:00","og_image":[{"width":1201,"height":439,"url":"https:\/\/osepmendoza.com.ar\/web\/wp-content\/uploads\/2023\/08\/nutricion.jpg","type":"image\/jpeg"}],"author":"Sebastian Fernandez","twitter_card":"summary_large_image","twitter_creator":"@OsepMza","twitter_site":"@OsepMza","twitter_misc":{"Escrito por":"Sebastian Fernandez","Tiempo de lectura":"3 minutos"},"schema":{"@context":"https:\/\/schema.org","@graph":[{"@type":"Article","@id":"https:\/\/osepmendoza.com.ar\/web\/nutricion-durante-la-semana-mundial-de-la-lactancia-materna\/#article","isPartOf":{"@id":"https:\/\/osepmendoza.com.ar\/web\/nutricion-durante-la-semana-mundial-de-la-lactancia-materna\/"},"author":{"name":"Sebastian Fernandez","@id":"https:\/\/osepmendoza.com.ar\/web\/#\/schema\/person\/90986df7128a51e32bb66102fc247eb2"},"headline":"Nutrici\u00f3n durante la Semana Mundial de la Lactancia Materna","datePublished":"2023-08-03T19:49:37+00:00","dateModified":"2023-08-03T21:05:30+00:00","mainEntityOfPage":{"@id":"https:\/\/osepmendoza.com.ar\/web\/nutricion-durante-la-semana-mundial-de-la-lactancia-materna\/"},"wordCount":559,"publisher":{"@id":"https:\/\/osepmendoza.com.ar\/web\/#organization"},"image":{"@id":"https:\/\/osepmendoza.com.ar\/web\/nutricion-durante-la-semana-mundial-de-la-lactancia-materna\/#primaryimage"},"thumbnailUrl":"https:\/\/osepmendoza.com.ar\/web\/wp-content\/uploads\/2023\/08\/nutricion.jpg","keywords":["beb\u00e9","lactancia","madre","Nutrici\u00f3n"],"articleSection":["Noticias"],"inLanguage":"es"},{"@type":"WebPage","@id":"https:\/\/osepmendoza.com.ar\/web\/nutricion-durante-la-semana-mundial-de-la-lactancia-materna\/","url":"https:\/\/osepmendoza.com.ar\/web\/nutricion-durante-la-semana-mundial-de-la-lactancia-materna\/","name":"Nutrici\u00f3n durante la Semana Mundial de la Lactancia Materna - OSEP Mendoza","isPartOf":{"@id":"https:\/\/osepmendoza.com.ar\/web\/#website"},"primaryImageOfPage":{"@id":"https:\/\/osepmendoza.com.ar\/web\/nutricion-durante-la-semana-mundial-de-la-lactancia-materna\/#primaryimage"},"image":{"@id":"https:\/\/osepmendoza.com.ar\/web\/nutricion-durante-la-semana-mundial-de-la-lactancia-materna\/#primaryimage"},"thumbnailUrl":"https:\/\/osepmendoza.com.ar\/web\/wp-content\/uploads\/2023\/08\/nutricion.jpg","datePublished":"2023-08-03T19:49:37+00:00","dateModified":"2023-08-03T21:05:30+00:00","breadcrumb":{"@id":"https:\/\/osepmendoza.com.ar\/web\/nutricion-durante-la-semana-mundial-de-la-lactancia-materna\/#breadcrumb"},"inLanguage":"es","potentialAction":[{"@type":"ReadAction","target":["https:\/\/osepmendoza.com.ar\/web\/nutricion-durante-la-semana-mundial-de-la-lactancia-materna\/"]}]},{"@type":"ImageObject","inLanguage":"es","@id":"https:\/\/osepmendoza.com.ar\/web\/nutricion-durante-la-semana-mundial-de-la-lactancia-materna\/#primaryimage","url":"https:\/\/osepmendoza.com.ar\/web\/wp-content\/uploads\/2023\/08\/nutricion.jpg","contentUrl":"https:\/\/osepmendoza.com.ar\/web\/wp-content\/uploads\/2023\/08\/nutricion.jpg","width":1201,"height":439},{"@type":"BreadcrumbList","@id":"https:\/\/osepmendoza.com.ar\/web\/nutricion-durante-la-semana-mundial-de-la-lactancia-materna\/#breadcrumb","itemListElement":[{"@type":"ListItem","position":1,"name":"Portada","item":"https:\/\/osepmendoza.com.ar\/web\/"},{"@type":"ListItem","position":2,"name":"Nutrici\u00f3n durante la Semana Mundial de la Lactancia Materna"}]},{"@type":"WebSite","@id":"https:\/\/osepmendoza.com.ar\/web\/#website","url":"https:\/\/osepmendoza.com.ar\/web\/","name":"OSEP Mendoza","description":"Obra Social de los Empleados P\u00fablicos de Mendoza","publisher":{"@id":"https:\/\/osepmendoza.com.ar\/web\/#organization"},"potentialAction":[{"@type":"SearchAction","target":{"@type":"EntryPoint","urlTemplate":"https:\/\/osepmendoza.com.ar\/web\/?s={search_term_string}"},"query-input":{"@type":"PropertyValueSpecification","valueRequired":true,"valueName":"search_term_string"}}],"inLanguage":"es"},{"@type":"Organization","@id":"https:\/\/osepmendoza.com.ar\/web\/#organization","name":"OSEP - Obra Social de Empleados P\u00fablicos de Mendoza","url":"https:\/\/osepmendoza.com.ar\/web\/","logo":{"@type":"ImageObject","inLanguage":"es","@id":"https:\/\/osepmendoza.com.ar\/web\/#\/schema\/logo\/image\/","url":"https:\/\/osepmendoza.com.ar\/web\/wp-content\/uploads\/2020\/04\/lkTM9T9z.jpg","contentUrl":"https:\/\/osepmendoza.com.ar\/web\/wp-content\/uploads\/2020\/04\/lkTM9T9z.jpg","width":334,"height":334,"caption":"OSEP - Obra Social de Empleados P\u00fablicos de Mendoza"},"image":{"@id":"https:\/\/osepmendoza.com.ar\/web\/#\/schema\/logo\/image\/"},"sameAs":["https:\/\/www.facebook.com\/OSEP.MendozaArg\/","https:\/\/x.com\/OsepMza","https:\/\/www.instagram.com\/osep.mendoza\/","https:\/\/www.youtube.com\/user\/osepvideos"]},{"@type":"Person","@id":"https:\/\/osepmendoza.com.ar\/web\/#\/schema\/person\/90986df7128a51e32bb66102fc247eb2","name":"Sebastian Fernandez","image":{"@type":"ImageObject","inLanguage":"es","@id":"https:\/\/secure.gravatar.com\/avatar\/cc42d53caabe846896e06ed8955a60e82b2b829babcb731f86f26c42378bcfec?s=96&d=mm&r=g","url":"https:\/\/secure.gravatar.com\/avatar\/cc42d53caabe846896e06ed8955a60e82b2b829babcb731f86f26c42378bcfec?s=96&d=mm&r=g","contentUrl":"https:\/\/secure.gravatar.com\/avatar\/cc42d53caabe846896e06ed8955a60e82b2b829babcb731f86f26c42378bcfec?s=96&d=mm&r=g","caption":"Sebastian Fernandez"},"sameAs":["http:\/\/osepmendoza.com.ar\/web"]}]}},"amp_enabled":true,"_links":{"self":[{"href":"https:\/\/osepmendoza.com.ar\/web\/wp-json\/wp\/v2\/posts\/50607","targetHints":{"allow":["GET"]}}],"collection":[{"href":"https:\/\/osepmendoza.com.ar\/web\/wp-json\/wp\/v2\/posts"}],"about":[{"href":"https:\/\/osepmendoza.com.ar\/web\/wp-json\/wp\/v2\/types\/post"}],"author":[{"embeddable":true,"href":"https:\/\/osepmendoza.com.ar\/web\/wp-json\/wp\/v2\/users\/12"}],"replies":[{"embeddable":true,"href":"https:\/\/osepmendoza.com.ar\/web\/wp-json\/wp\/v2\/comments?post=50607"}],"version-history":[{"count":3,"href":"https:\/\/osepmendoza.com.ar\/web\/wp-json\/wp\/v2\/posts\/50607\/revisions"}],"predecessor-version":[{"id":50611,"href":"https:\/\/osepmendoza.com.ar\/web\/wp-json\/wp\/v2\/posts\/50607\/revisions\/50611"}],"wp:featuredmedia":[{"embeddable":true,"href":"https:\/\/osepmendoza.com.ar\/web\/wp-json\/wp\/v2\/media\/50608"}],"wp:attachment":[{"href":"https:\/\/osepmendoza.com.ar\/web\/wp-json\/wp\/v2\/media?parent=50607"}],"wp:term":[{"taxonomy":"category","embeddable":true,"href":"https:\/\/osepmendoza.com.ar\/web\/wp-json\/wp\/v2\/categories?post=50607"},{"taxonomy":"post_tag","embeddable":true,"href":"https:\/\/osepmendoza.com.ar\/web\/wp-json\/wp\/v2\/tags?post=50607"}],"curies":[{"name":"wp","href":"https:\/\/api.w.org\/{rel}","templated":true}]}}