{"id":50026,"date":"2023-05-19T14:28:46","date_gmt":"2023-05-19T17:28:46","guid":{"rendered":"https:\/\/osepmendoza.com.ar\/web\/?p=50026"},"modified":"2023-05-19T14:49:49","modified_gmt":"2023-05-19T17:49:49","slug":"un-nuevo-espacio-para-la-lactancia-en-el-hospital-fleming","status":"publish","type":"post","link":"https:\/\/osepmendoza.com.ar\/web\/un-nuevo-espacio-para-la-lactancia-en-el-hospital-fleming\/","title":{"rendered":"Un nuevo espacio para la lactancia en el Hospital Fleming"},"content":{"rendered":"<p align=\"justify\"><strong>El Hospital Pedi\u00e1trico Alexander Fleming de OSEP puso en funcionamiento un nuevo espacio dedicado a la lactancia, dise\u00f1ado para brindar comodidad y privacidad a las madres de los peque\u00f1os atendidos en el nosocomio, as\u00ed como tambi\u00e9n a las trabajadoras lactantes. Esta instalaci\u00f3n, que funcionar\u00e1 como una sala de extracci\u00f3n, ha sido cuidadosamente dise\u00f1ada para garantizar la seguridad, la higiene y el bienestar de las madres que requieran su uso.<\/strong><\/p>\n<p align=\"justify\">La puesta en marcha cont\u00f3 con la presencia de autoridades, incluyendo a la directora de Maternidad e Infancia de la provincia, M\u00f3nica Rinaldi; el director General de OSEP, Carlos Funes y el director del Hospital Fleming, Mauricio Recabarren.<\/p>\n<p align=\"justify\">El lanzamiento de este espacio coincide con la celebraci\u00f3n del D\u00eda de la Donaci\u00f3n de Leche Materna, lo que destaca el compromiso del hospital y las autoridades de promover la lactancia materna y brindar el apoyo necesario a las madres lactantes. En esta l\u00ednea, se prev\u00e9 la creaci\u00f3n de un centro recolector de leche humana dependiente de la red provincial, donde la OSEP ya forma parte a trav\u00e9s de la Maternidad Misericordia del Hospital El Carmen.<\/p>\n<p align=\"justify\">El nuevo espacio para la lactancia, ubicado en la planta baja del edificio central del Hospital Fleming, en Col\u00f3n 458, Ciudad, ofrece un entorno seguro y acogedor. Est\u00e1 equipado con un ba\u00f1o privado, dos boxes de extracci\u00f3n y todos los suministros necesarios para garantizar la esterilizaci\u00f3n adecuada y un procedimiento seguro. La comodidad y privacidad de las madres lactantes y las trabajadoras del hospital han sido una prioridad desde el desarrollo del proyecto hasta su ejecuci\u00f3n.<\/p>\n<p align=\"justify\">De esta manera, el Hospital Pedi\u00e1trico Alexander Fleming de OSEP celebra el hecho de brindar un ambiente propicio para la lactancia y promover la salud y el bienestar de las madres y los ni\u00f1os.<\/p>\n<div id='gallery-1' class='gallery galleryid-50026 gallery-columns-2 gallery-size-full'><figure class='gallery-item'>\n\t\t\t<div class='gallery-icon landscape'>\n\t\t\t\t<a href='https:\/\/osepmendoza.com.ar\/web\/un-nuevo-espacio-para-la-lactancia-en-el-hospital-fleming\/lacta1-3\/'><img loading=\"lazy\" decoding=\"async\" width=\"1600\" height=\"901\" src=\"https:\/\/osepmendoza.com.ar\/web\/wp-content\/uploads\/2023\/05\/lacta1-2.jpg\" class=\"attachment-full size-full\" alt=\"\" srcset=\"https:\/\/osepmendoza.com.ar\/web\/wp-content\/uploads\/2023\/05\/lacta1-2.jpg 1600w, https:\/\/osepmendoza.com.ar\/web\/wp-content\/uploads\/2023\/05\/lacta1-2-300x169.jpg 300w, https:\/\/osepmendoza.com.ar\/web\/wp-content\/uploads\/2023\/05\/lacta1-2-1024x577.jpg 1024w, https:\/\/osepmendoza.com.ar\/web\/wp-content\/uploads\/2023\/05\/lacta1-2-768x432.jpg 768w, https:\/\/osepmendoza.com.ar\/web\/wp-content\/uploads\/2023\/05\/lacta1-2-1536x865.jpg 1536w, https:\/\/osepmendoza.com.ar\/web\/wp-content\/uploads\/2023\/05\/lacta1-2-1200x675.jpg 1200w\" sizes=\"auto, (max-width: 1600px) 100vw, 1600px\" \/><\/a>\n\t\t\t<\/div><\/figure><figure class='gallery-item'>\n\t\t\t<div class='gallery-icon landscape'>\n\t\t\t\t<a href='https:\/\/osepmendoza.com.ar\/web\/un-nuevo-espacio-para-la-lactancia-en-el-hospital-fleming\/lacta2-3\/'><img loading=\"lazy\" decoding=\"async\" width=\"1495\" height=\"842\" src=\"https:\/\/osepmendoza.com.ar\/web\/wp-content\/uploads\/2023\/05\/lacta2-2.jpg\" class=\"attachment-full size-full\" alt=\"\" srcset=\"https:\/\/osepmendoza.com.ar\/web\/wp-content\/uploads\/2023\/05\/lacta2-2.jpg 1495w, https:\/\/osepmendoza.com.ar\/web\/wp-content\/uploads\/2023\/05\/lacta2-2-300x169.jpg 300w, https:\/\/osepmendoza.com.ar\/web\/wp-content\/uploads\/2023\/05\/lacta2-2-1024x577.jpg 1024w, https:\/\/osepmendoza.com.ar\/web\/wp-content\/uploads\/2023\/05\/lacta2-2-768x433.jpg 768w, https:\/\/osepmendoza.com.ar\/web\/wp-content\/uploads\/2023\/05\/lacta2-2-1200x675.jpg 1200w\" sizes=\"auto, (max-width: 1495px) 100vw, 1495px\" \/><\/a>\n\t\t\t<\/div><\/figure><figure class='gallery-item'>\n\t\t\t<div class='gallery-icon landscape'>\n\t\t\t\t<a href='https:\/\/osepmendoza.com.ar\/web\/un-nuevo-espacio-para-la-lactancia-en-el-hospital-fleming\/lacta5-3\/'><img loading=\"lazy\" decoding=\"async\" width=\"1600\" height=\"899\" src=\"https:\/\/osepmendoza.com.ar\/web\/wp-content\/uploads\/2023\/05\/lacta5-2.jpg\" class=\"attachment-full size-full\" alt=\"\" srcset=\"https:\/\/osepmendoza.com.ar\/web\/wp-content\/uploads\/2023\/05\/lacta5-2.jpg 1600w, https:\/\/osepmendoza.com.ar\/web\/wp-content\/uploads\/2023\/05\/lacta5-2-300x169.jpg 300w, https:\/\/osepmendoza.com.ar\/web\/wp-content\/uploads\/2023\/05\/lacta5-2-1024x575.jpg 1024w, https:\/\/osepmendoza.com.ar\/web\/wp-content\/uploads\/2023\/05\/lacta5-2-768x432.jpg 768w, https:\/\/osepmendoza.com.ar\/web\/wp-content\/uploads\/2023\/05\/lacta5-2-1536x863.jpg 1536w, https:\/\/osepmendoza.com.ar\/web\/wp-content\/uploads\/2023\/05\/lacta5-2-1200x675.jpg 1200w\" sizes=\"auto, (max-width: 1600px) 100vw, 1600px\" \/><\/a>\n\t\t\t<\/div><\/figure><figure class='gallery-item'>\n\t\t\t<div class='gallery-icon landscape'>\n\t\t\t\t<a href='https:\/\/osepmendoza.com.ar\/web\/un-nuevo-espacio-para-la-lactancia-en-el-hospital-fleming\/lacta6-3\/'><img loading=\"lazy\" decoding=\"async\" width=\"1600\" height=\"899\" src=\"https:\/\/osepmendoza.com.ar\/web\/wp-content\/uploads\/2023\/05\/lacta6-2.jpg\" class=\"attachment-full size-full\" alt=\"\" srcset=\"https:\/\/osepmendoza.com.ar\/web\/wp-content\/uploads\/2023\/05\/lacta6-2.jpg 1600w, https:\/\/osepmendoza.com.ar\/web\/wp-content\/uploads\/2023\/05\/lacta6-2-300x169.jpg 300w, https:\/\/osepmendoza.com.ar\/web\/wp-content\/uploads\/2023\/05\/lacta6-2-1024x575.jpg 1024w, https:\/\/osepmendoza.com.ar\/web\/wp-content\/uploads\/2023\/05\/lacta6-2-768x432.jpg 768w, https:\/\/osepmendoza.com.ar\/web\/wp-content\/uploads\/2023\/05\/lacta6-2-1536x863.jpg 1536w, https:\/\/osepmendoza.com.ar\/web\/wp-content\/uploads\/2023\/05\/lacta6-2-1200x675.jpg 1200w\" sizes=\"auto, (max-width: 1600px) 100vw, 1600px\" \/><\/a>\n\t\t\t<\/div><\/figure>\n\t\t<\/div>\n\n","protected":false},"excerpt":{"rendered":"<p>El Hospital Pedi\u00e1trico Alexander Fleming de OSEP puso en funcionamiento&#8230;<\/p>\n","protected":false},"author":12,"featured_media":50027,"comment_status":"closed","ping_status":"open","sticky":false,"template":"","format":"standard","meta":{"_acf_changed":false,"inline_featured_image":false,"_exactmetrics_skip_tracking":false,"_exactmetrics_sitenote_active":false,"_exactmetrics_sitenote_note":"","_exactmetrics_sitenote_category":0,"footnotes":"","_links_to":"","_links_to_target":""},"categories":[101],"tags":[1320,1897,256,131,1418],"class_list":["post-50026","post","type-post","status-publish","format-standard","has-post-thumbnail","hentry","category-noticias","tag-centro","tag-espacio","tag-hospital-fleming","tag-lactancia","tag-madres"],"acf":[],"yoast_head":"<!-- This site is optimized with the Yoast SEO plugin v27.5 - https:\/\/yoast.com\/product\/yoast-seo-wordpress\/ -->\n<title>Un nuevo espacio para la lactancia en el Hospital Fleming - OSEP Mendoza<\/title>\n<meta name=\"robots\" content=\"index, follow, max-snippet:-1, max-image-preview:large, max-video-preview:-1\" \/>\n<link rel=\"canonical\" href=\"https:\/\/osepmendoza.com.ar\/web\/un-nuevo-espacio-para-la-lactancia-en-el-hospital-fleming\/\" \/>\n<meta property=\"og:locale\" content=\"es_ES\" \/>\n<meta property=\"og:type\" content=\"article\" \/>\n<meta property=\"og:title\" content=\"Un nuevo espacio para la lactancia en el Hospital Fleming - OSEP Mendoza\" \/>\n<meta property=\"og:description\" content=\"El Hospital Pedi\u00e1trico Alexander Fleming de OSEP puso en funcionamiento...\" \/>\n<meta property=\"og:url\" content=\"https:\/\/osepmendoza.com.ar\/web\/un-nuevo-espacio-para-la-lactancia-en-el-hospital-fleming\/\" \/>\n<meta property=\"og:site_name\" content=\"OSEP Mendoza\" \/>\n<meta property=\"article:publisher\" content=\"https:\/\/www.facebook.com\/OSEP.MendozaArg\/\" \/>\n<meta property=\"article:published_time\" content=\"2023-05-19T17:28:46+00:00\" \/>\n<meta property=\"article:modified_time\" content=\"2023-05-19T17:49:49+00:00\" \/>\n<meta property=\"og:image\" content=\"https:\/\/osepmendoza.com.ar\/web\/wp-content\/uploads\/2023\/05\/lacta0.jpg\" \/>\n\t<meta property=\"og:image:width\" content=\"1200\" \/>\n\t<meta property=\"og:image:height\" content=\"438\" \/>\n\t<meta property=\"og:image:type\" content=\"image\/jpeg\" \/>\n<meta name=\"author\" content=\"Sebastian Fernandez\" \/>\n<meta name=\"twitter:card\" content=\"summary_large_image\" \/>\n<meta name=\"twitter:creator\" content=\"@OsepMza\" \/>\n<meta name=\"twitter:site\" content=\"@OsepMza\" \/>\n<meta name=\"twitter:label1\" content=\"Escrito por\" \/>\n\t<meta name=\"twitter:data1\" content=\"Sebastian Fernandez\" \/>\n\t<meta name=\"twitter:label2\" content=\"Tiempo de lectura\" \/>\n\t<meta name=\"twitter:data2\" content=\"2 minutos\" \/>\n<script type=\"application\/ld+json\" class=\"yoast-schema-graph\">{\"@context\":\"https:\\\/\\\/schema.org\",\"@graph\":[{\"@type\":\"Article\",\"@id\":\"https:\\\/\\\/osepmendoza.com.ar\\\/web\\\/un-nuevo-espacio-para-la-lactancia-en-el-hospital-fleming\\\/#article\",\"isPartOf\":{\"@id\":\"https:\\\/\\\/osepmendoza.com.ar\\\/web\\\/un-nuevo-espacio-para-la-lactancia-en-el-hospital-fleming\\\/\"},\"author\":{\"name\":\"Sebastian Fernandez\",\"@id\":\"https:\\\/\\\/osepmendoza.com.ar\\\/web\\\/#\\\/schema\\\/person\\\/90986df7128a51e32bb66102fc247eb2\"},\"headline\":\"Un nuevo espacio para la lactancia en el Hospital Fleming\",\"datePublished\":\"2023-05-19T17:28:46+00:00\",\"dateModified\":\"2023-05-19T17:49:49+00:00\",\"mainEntityOfPage\":{\"@id\":\"https:\\\/\\\/osepmendoza.com.ar\\\/web\\\/un-nuevo-espacio-para-la-lactancia-en-el-hospital-fleming\\\/\"},\"wordCount\":328,\"publisher\":{\"@id\":\"https:\\\/\\\/osepmendoza.com.ar\\\/web\\\/#organization\"},\"image\":{\"@id\":\"https:\\\/\\\/osepmendoza.com.ar\\\/web\\\/un-nuevo-espacio-para-la-lactancia-en-el-hospital-fleming\\\/#primaryimage\"},\"thumbnailUrl\":\"https:\\\/\\\/osepmendoza.com.ar\\\/web\\\/wp-content\\\/uploads\\\/2023\\\/05\\\/lacta0.jpg\",\"keywords\":[\"centro\",\"espacio\",\"hospital fleming\",\"lactancia\",\"madres\"],\"articleSection\":[\"Noticias\"],\"inLanguage\":\"es\"},{\"@type\":\"WebPage\",\"@id\":\"https:\\\/\\\/osepmendoza.com.ar\\\/web\\\/un-nuevo-espacio-para-la-lactancia-en-el-hospital-fleming\\\/\",\"url\":\"https:\\\/\\\/osepmendoza.com.ar\\\/web\\\/un-nuevo-espacio-para-la-lactancia-en-el-hospital-fleming\\\/\",\"name\":\"Un nuevo espacio para la lactancia en el Hospital Fleming - OSEP Mendoza\",\"isPartOf\":{\"@id\":\"https:\\\/\\\/osepmendoza.com.ar\\\/web\\\/#website\"},\"primaryImageOfPage\":{\"@id\":\"https:\\\/\\\/osepmendoza.com.ar\\\/web\\\/un-nuevo-espacio-para-la-lactancia-en-el-hospital-fleming\\\/#primaryimage\"},\"image\":{\"@id\":\"https:\\\/\\\/osepmendoza.com.ar\\\/web\\\/un-nuevo-espacio-para-la-lactancia-en-el-hospital-fleming\\\/#primaryimage\"},\"thumbnailUrl\":\"https:\\\/\\\/osepmendoza.com.ar\\\/web\\\/wp-content\\\/uploads\\\/2023\\\/05\\\/lacta0.jpg\",\"datePublished\":\"2023-05-19T17:28:46+00:00\",\"dateModified\":\"2023-05-19T17:49:49+00:00\",\"breadcrumb\":{\"@id\":\"https:\\\/\\\/osepmendoza.com.ar\\\/web\\\/un-nuevo-espacio-para-la-lactancia-en-el-hospital-fleming\\\/#breadcrumb\"},\"inLanguage\":\"es\",\"potentialAction\":[{\"@type\":\"ReadAction\",\"target\":[\"https:\\\/\\\/osepmendoza.com.ar\\\/web\\\/un-nuevo-espacio-para-la-lactancia-en-el-hospital-fleming\\\/\"]}]},{\"@type\":\"ImageObject\",\"inLanguage\":\"es\",\"@id\":\"https:\\\/\\\/osepmendoza.com.ar\\\/web\\\/un-nuevo-espacio-para-la-lactancia-en-el-hospital-fleming\\\/#primaryimage\",\"url\":\"https:\\\/\\\/osepmendoza.com.ar\\\/web\\\/wp-content\\\/uploads\\\/2023\\\/05\\\/lacta0.jpg\",\"contentUrl\":\"https:\\\/\\\/osepmendoza.com.ar\\\/web\\\/wp-content\\\/uploads\\\/2023\\\/05\\\/lacta0.jpg\",\"width\":1200,\"height\":438},{\"@type\":\"BreadcrumbList\",\"@id\":\"https:\\\/\\\/osepmendoza.com.ar\\\/web\\\/un-nuevo-espacio-para-la-lactancia-en-el-hospital-fleming\\\/#breadcrumb\",\"itemListElement\":[{\"@type\":\"ListItem\",\"position\":1,\"name\":\"Portada\",\"item\":\"https:\\\/\\\/osepmendoza.com.ar\\\/web\\\/\"},{\"@type\":\"ListItem\",\"position\":2,\"name\":\"Un nuevo espacio para la lactancia en el Hospital Fleming\"}]},{\"@type\":\"WebSite\",\"@id\":\"https:\\\/\\\/osepmendoza.com.ar\\\/web\\\/#website\",\"url\":\"https:\\\/\\\/osepmendoza.com.ar\\\/web\\\/\",\"name\":\"OSEP Mendoza\",\"description\":\"Obra Social de los Empleados P\u00fablicos de Mendoza\",\"publisher\":{\"@id\":\"https:\\\/\\\/osepmendoza.com.ar\\\/web\\\/#organization\"},\"potentialAction\":[{\"@type\":\"SearchAction\",\"target\":{\"@type\":\"EntryPoint\",\"urlTemplate\":\"https:\\\/\\\/osepmendoza.com.ar\\\/web\\\/?s={search_term_string}\"},\"query-input\":{\"@type\":\"PropertyValueSpecification\",\"valueRequired\":true,\"valueName\":\"search_term_string\"}}],\"inLanguage\":\"es\"},{\"@type\":\"Organization\",\"@id\":\"https:\\\/\\\/osepmendoza.com.ar\\\/web\\\/#organization\",\"name\":\"OSEP - Obra Social de Empleados P\u00fablicos de Mendoza\",\"url\":\"https:\\\/\\\/osepmendoza.com.ar\\\/web\\\/\",\"logo\":{\"@type\":\"ImageObject\",\"inLanguage\":\"es\",\"@id\":\"https:\\\/\\\/osepmendoza.com.ar\\\/web\\\/#\\\/schema\\\/logo\\\/image\\\/\",\"url\":\"https:\\\/\\\/osepmendoza.com.ar\\\/web\\\/wp-content\\\/uploads\\\/2020\\\/04\\\/lkTM9T9z.jpg\",\"contentUrl\":\"https:\\\/\\\/osepmendoza.com.ar\\\/web\\\/wp-content\\\/uploads\\\/2020\\\/04\\\/lkTM9T9z.jpg\",\"width\":334,\"height\":334,\"caption\":\"OSEP - Obra Social de Empleados P\u00fablicos de Mendoza\"},\"image\":{\"@id\":\"https:\\\/\\\/osepmendoza.com.ar\\\/web\\\/#\\\/schema\\\/logo\\\/image\\\/\"},\"sameAs\":[\"https:\\\/\\\/www.facebook.com\\\/OSEP.MendozaArg\\\/\",\"https:\\\/\\\/x.com\\\/OsepMza\",\"https:\\\/\\\/www.instagram.com\\\/osep.mendoza\\\/\",\"https:\\\/\\\/www.youtube.com\\\/user\\\/osepvideos\"]},{\"@type\":\"Person\",\"@id\":\"https:\\\/\\\/osepmendoza.com.ar\\\/web\\\/#\\\/schema\\\/person\\\/90986df7128a51e32bb66102fc247eb2\",\"name\":\"Sebastian Fernandez\",\"image\":{\"@type\":\"ImageObject\",\"inLanguage\":\"es\",\"@id\":\"https:\\\/\\\/secure.gravatar.com\\\/avatar\\\/cc42d53caabe846896e06ed8955a60e82b2b829babcb731f86f26c42378bcfec?s=96&d=mm&r=g\",\"url\":\"https:\\\/\\\/secure.gravatar.com\\\/avatar\\\/cc42d53caabe846896e06ed8955a60e82b2b829babcb731f86f26c42378bcfec?s=96&d=mm&r=g\",\"contentUrl\":\"https:\\\/\\\/secure.gravatar.com\\\/avatar\\\/cc42d53caabe846896e06ed8955a60e82b2b829babcb731f86f26c42378bcfec?s=96&d=mm&r=g\",\"caption\":\"Sebastian Fernandez\"},\"sameAs\":[\"http:\\\/\\\/osepmendoza.com.ar\\\/web\"]}]}<\/script>\n<!-- \/ Yoast SEO plugin. -->","yoast_head_json":{"title":"Un nuevo espacio para la lactancia en el Hospital Fleming - OSEP Mendoza","robots":{"index":"index","follow":"follow","max-snippet":"max-snippet:-1","max-image-preview":"max-image-preview:large","max-video-preview":"max-video-preview:-1"},"canonical":"https:\/\/osepmendoza.com.ar\/web\/un-nuevo-espacio-para-la-lactancia-en-el-hospital-fleming\/","og_locale":"es_ES","og_type":"article","og_title":"Un nuevo espacio para la lactancia en el Hospital Fleming - OSEP Mendoza","og_description":"El Hospital Pedi\u00e1trico Alexander Fleming de OSEP puso en funcionamiento...","og_url":"https:\/\/osepmendoza.com.ar\/web\/un-nuevo-espacio-para-la-lactancia-en-el-hospital-fleming\/","og_site_name":"OSEP Mendoza","article_publisher":"https:\/\/www.facebook.com\/OSEP.MendozaArg\/","article_published_time":"2023-05-19T17:28:46+00:00","article_modified_time":"2023-05-19T17:49:49+00:00","og_image":[{"width":1200,"height":438,"url":"https:\/\/osepmendoza.com.ar\/web\/wp-content\/uploads\/2023\/05\/lacta0.jpg","type":"image\/jpeg"}],"author":"Sebastian Fernandez","twitter_card":"summary_large_image","twitter_creator":"@OsepMza","twitter_site":"@OsepMza","twitter_misc":{"Escrito por":"Sebastian Fernandez","Tiempo de lectura":"2 minutos"},"schema":{"@context":"https:\/\/schema.org","@graph":[{"@type":"Article","@id":"https:\/\/osepmendoza.com.ar\/web\/un-nuevo-espacio-para-la-lactancia-en-el-hospital-fleming\/#article","isPartOf":{"@id":"https:\/\/osepmendoza.com.ar\/web\/un-nuevo-espacio-para-la-lactancia-en-el-hospital-fleming\/"},"author":{"name":"Sebastian Fernandez","@id":"https:\/\/osepmendoza.com.ar\/web\/#\/schema\/person\/90986df7128a51e32bb66102fc247eb2"},"headline":"Un nuevo espacio para la lactancia en el Hospital Fleming","datePublished":"2023-05-19T17:28:46+00:00","dateModified":"2023-05-19T17:49:49+00:00","mainEntityOfPage":{"@id":"https:\/\/osepmendoza.com.ar\/web\/un-nuevo-espacio-para-la-lactancia-en-el-hospital-fleming\/"},"wordCount":328,"publisher":{"@id":"https:\/\/osepmendoza.com.ar\/web\/#organization"},"image":{"@id":"https:\/\/osepmendoza.com.ar\/web\/un-nuevo-espacio-para-la-lactancia-en-el-hospital-fleming\/#primaryimage"},"thumbnailUrl":"https:\/\/osepmendoza.com.ar\/web\/wp-content\/uploads\/2023\/05\/lacta0.jpg","keywords":["centro","espacio","hospital fleming","lactancia","madres"],"articleSection":["Noticias"],"inLanguage":"es"},{"@type":"WebPage","@id":"https:\/\/osepmendoza.com.ar\/web\/un-nuevo-espacio-para-la-lactancia-en-el-hospital-fleming\/","url":"https:\/\/osepmendoza.com.ar\/web\/un-nuevo-espacio-para-la-lactancia-en-el-hospital-fleming\/","name":"Un nuevo espacio para la lactancia en el Hospital Fleming - OSEP Mendoza","isPartOf":{"@id":"https:\/\/osepmendoza.com.ar\/web\/#website"},"primaryImageOfPage":{"@id":"https:\/\/osepmendoza.com.ar\/web\/un-nuevo-espacio-para-la-lactancia-en-el-hospital-fleming\/#primaryimage"},"image":{"@id":"https:\/\/osepmendoza.com.ar\/web\/un-nuevo-espacio-para-la-lactancia-en-el-hospital-fleming\/#primaryimage"},"thumbnailUrl":"https:\/\/osepmendoza.com.ar\/web\/wp-content\/uploads\/2023\/05\/lacta0.jpg","datePublished":"2023-05-19T17:28:46+00:00","dateModified":"2023-05-19T17:49:49+00:00","breadcrumb":{"@id":"https:\/\/osepmendoza.com.ar\/web\/un-nuevo-espacio-para-la-lactancia-en-el-hospital-fleming\/#breadcrumb"},"inLanguage":"es","potentialAction":[{"@type":"ReadAction","target":["https:\/\/osepmendoza.com.ar\/web\/un-nuevo-espacio-para-la-lactancia-en-el-hospital-fleming\/"]}]},{"@type":"ImageObject","inLanguage":"es","@id":"https:\/\/osepmendoza.com.ar\/web\/un-nuevo-espacio-para-la-lactancia-en-el-hospital-fleming\/#primaryimage","url":"https:\/\/osepmendoza.com.ar\/web\/wp-content\/uploads\/2023\/05\/lacta0.jpg","contentUrl":"https:\/\/osepmendoza.com.ar\/web\/wp-content\/uploads\/2023\/05\/lacta0.jpg","width":1200,"height":438},{"@type":"BreadcrumbList","@id":"https:\/\/osepmendoza.com.ar\/web\/un-nuevo-espacio-para-la-lactancia-en-el-hospital-fleming\/#breadcrumb","itemListElement":[{"@type":"ListItem","position":1,"name":"Portada","item":"https:\/\/osepmendoza.com.ar\/web\/"},{"@type":"ListItem","position":2,"name":"Un nuevo espacio para la lactancia en el Hospital Fleming"}]},{"@type":"WebSite","@id":"https:\/\/osepmendoza.com.ar\/web\/#website","url":"https:\/\/osepmendoza.com.ar\/web\/","name":"OSEP Mendoza","description":"Obra Social de los Empleados P\u00fablicos de Mendoza","publisher":{"@id":"https:\/\/osepmendoza.com.ar\/web\/#organization"},"potentialAction":[{"@type":"SearchAction","target":{"@type":"EntryPoint","urlTemplate":"https:\/\/osepmendoza.com.ar\/web\/?s={search_term_string}"},"query-input":{"@type":"PropertyValueSpecification","valueRequired":true,"valueName":"search_term_string"}}],"inLanguage":"es"},{"@type":"Organization","@id":"https:\/\/osepmendoza.com.ar\/web\/#organization","name":"OSEP - Obra Social de Empleados P\u00fablicos de Mendoza","url":"https:\/\/osepmendoza.com.ar\/web\/","logo":{"@type":"ImageObject","inLanguage":"es","@id":"https:\/\/osepmendoza.com.ar\/web\/#\/schema\/logo\/image\/","url":"https:\/\/osepmendoza.com.ar\/web\/wp-content\/uploads\/2020\/04\/lkTM9T9z.jpg","contentUrl":"https:\/\/osepmendoza.com.ar\/web\/wp-content\/uploads\/2020\/04\/lkTM9T9z.jpg","width":334,"height":334,"caption":"OSEP - Obra Social de Empleados P\u00fablicos de Mendoza"},"image":{"@id":"https:\/\/osepmendoza.com.ar\/web\/#\/schema\/logo\/image\/"},"sameAs":["https:\/\/www.facebook.com\/OSEP.MendozaArg\/","https:\/\/x.com\/OsepMza","https:\/\/www.instagram.com\/osep.mendoza\/","https:\/\/www.youtube.com\/user\/osepvideos"]},{"@type":"Person","@id":"https:\/\/osepmendoza.com.ar\/web\/#\/schema\/person\/90986df7128a51e32bb66102fc247eb2","name":"Sebastian Fernandez","image":{"@type":"ImageObject","inLanguage":"es","@id":"https:\/\/secure.gravatar.com\/avatar\/cc42d53caabe846896e06ed8955a60e82b2b829babcb731f86f26c42378bcfec?s=96&d=mm&r=g","url":"https:\/\/secure.gravatar.com\/avatar\/cc42d53caabe846896e06ed8955a60e82b2b829babcb731f86f26c42378bcfec?s=96&d=mm&r=g","contentUrl":"https:\/\/secure.gravatar.com\/avatar\/cc42d53caabe846896e06ed8955a60e82b2b829babcb731f86f26c42378bcfec?s=96&d=mm&r=g","caption":"Sebastian Fernandez"},"sameAs":["http:\/\/osepmendoza.com.ar\/web"]}]}},"amp_enabled":true,"_links":{"self":[{"href":"https:\/\/osepmendoza.com.ar\/web\/wp-json\/wp\/v2\/posts\/50026","targetHints":{"allow":["GET"]}}],"collection":[{"href":"https:\/\/osepmendoza.com.ar\/web\/wp-json\/wp\/v2\/posts"}],"about":[{"href":"https:\/\/osepmendoza.com.ar\/web\/wp-json\/wp\/v2\/types\/post"}],"author":[{"embeddable":true,"href":"https:\/\/osepmendoza.com.ar\/web\/wp-json\/wp\/v2\/users\/12"}],"replies":[{"embeddable":true,"href":"https:\/\/osepmendoza.com.ar\/web\/wp-json\/wp\/v2\/comments?post=50026"}],"version-history":[{"count":3,"href":"https:\/\/osepmendoza.com.ar\/web\/wp-json\/wp\/v2\/posts\/50026\/revisions"}],"predecessor-version":[{"id":50045,"href":"https:\/\/osepmendoza.com.ar\/web\/wp-json\/wp\/v2\/posts\/50026\/revisions\/50045"}],"wp:featuredmedia":[{"embeddable":true,"href":"https:\/\/osepmendoza.com.ar\/web\/wp-json\/wp\/v2\/media\/50027"}],"wp:attachment":[{"href":"https:\/\/osepmendoza.com.ar\/web\/wp-json\/wp\/v2\/media?parent=50026"}],"wp:term":[{"taxonomy":"category","embeddable":true,"href":"https:\/\/osepmendoza.com.ar\/web\/wp-json\/wp\/v2\/categories?post=50026"},{"taxonomy":"post_tag","embeddable":true,"href":"https:\/\/osepmendoza.com.ar\/web\/wp-json\/wp\/v2\/tags?post=50026"}],"curies":[{"name":"wp","href":"https:\/\/api.w.org\/{rel}","templated":true}]}}