{"id":48472,"date":"2022-12-01T14:15:15","date_gmt":"2022-12-01T17:15:15","guid":{"rendered":"https:\/\/osepmendoza.com.ar\/web\/?p=48472"},"modified":"2022-12-01T14:15:15","modified_gmt":"2022-12-01T17:15:15","slug":"iii-congreso-osep-salud-exitosa-tercera-jornada","status":"publish","type":"post","link":"https:\/\/osepmendoza.com.ar\/web\/iii-congreso-osep-salud-exitosa-tercera-jornada\/","title":{"rendered":"III Congreso OSEP Salud: exitosa tercera jornada"},"content":{"rendered":"<p>Desde el martes cientos de profesionales y personal de salud participan del congreso en el Espacio Cultural Julio Le Parc. En la ma\u00f1ana de hoy se realiz\u00f3 el acto de apertura oficial con la presencia del Director de OSEP <strong>Carlos Fune<\/strong>s, el Vicegobernador de la provincia, el Sr. <strong>Mario Abed<\/strong>, por el Ministerio de Salud el Dr. <strong>Oscar Sag\u00e1s<\/strong>, el\u00a0 intendente de Guaymall\u00e9n, Sr. <strong>Marcelino Iglesias<\/strong> y el <strong>Dr. Sergio Ben\u00edtez<\/strong>,\u00a0 a cargo del comit\u00e9 organizador.<\/p>\n<p>El <strong>III Congreso Multidisciplinario de Salud y el XVII Congreso de Enfermer\u00eda<\/strong> ha sido un espacio de capacitaci\u00f3n y reflexi\u00f3n de los nuevos desaf\u00edos de la salud, sobre todo despu\u00e9s de la pandemia. El abordaje multidisciplinario permite diferentes miradas y el trabajo en conjunto y articulado de las \u00e1reas que atienden a los pacientes.<\/p>\n<p>En su discurso de apertura el Dr. Carlos Funes hizo referencia al esfuerzo de tiempo y recursos que se necesitaron para concretar este enorme evento y que ha sido posible por el compromiso del personal de la instituci\u00f3n. Tambi\u00e9n destac\u00f3 la participaci\u00f3n de importantes referentes de la salud nacional y la presencia de los presidentes de las obras sociales provinciales nucleadas en COSSPRA, Consejo de Obras y Servicios Sociales Provinciales de la Rep\u00fablica Argentina.<\/p>\n<p>Tambi\u00e9n estuvieron presentes en el acto el Senador Nacional Alfredo Cornejo,\u00a0 senadores provinciales y directivos de instituciones de salud de la provincia.<\/p>\n<p>En el marco del Congreso, este jueves se desarroll\u00f3 una jornada especial destinada a las patolog\u00edas cardiovasculares y cerebrovasculares, acompa\u00f1aron esta capacitaci\u00f3n la \u00a0Federaci\u00f3n Argentina de Cardiolog\u00eda y la Sociedad de Cardiolog\u00eda de Mendoza.<\/p>\n<p>En paralelo, la Obra Social es anfitriona para la realizaci\u00f3n de la Asamblea Ampliada de COSSPRA, \u00a0en la cual se trabaja el balance anual y se eligen nuevas autoridades.<\/p>\n<p>El viernes culmina el congreso de salud con una exitosa participaci\u00f3n del p\u00fablico.<\/p>\n","protected":false},"excerpt":{"rendered":"<p>Desde el martes cientos de profesionales y personal de salud&#8230;<\/p>\n","protected":false},"author":9,"featured_media":48473,"comment_status":"closed","ping_status":"open","sticky":false,"template":"","format":"standard","meta":{"_acf_changed":false,"inline_featured_image":false,"_exactmetrics_skip_tracking":false,"_exactmetrics_sitenote_active":false,"_exactmetrics_sitenote_note":"","_exactmetrics_sitenote_category":0,"footnotes":"","_links_to":"","_links_to_target":""},"categories":[1541],"tags":[],"class_list":["post-48472","post","type-post","status-publish","format-standard","has-post-thumbnail","hentry","category-osep"],"acf":[],"yoast_head":"<!-- This site is optimized with the Yoast SEO plugin v27.5 - https:\/\/yoast.com\/product\/yoast-seo-wordpress\/ -->\n<title>III Congreso OSEP Salud: exitosa tercera jornada - OSEP Mendoza<\/title>\n<meta name=\"robots\" content=\"index, follow, max-snippet:-1, max-image-preview:large, max-video-preview:-1\" \/>\n<link rel=\"canonical\" href=\"https:\/\/osepmendoza.com.ar\/web\/iii-congreso-osep-salud-exitosa-tercera-jornada\/\" \/>\n<meta property=\"og:locale\" content=\"es_ES\" \/>\n<meta property=\"og:type\" content=\"article\" \/>\n<meta property=\"og:title\" content=\"III Congreso OSEP Salud: exitosa tercera jornada - OSEP Mendoza\" \/>\n<meta property=\"og:description\" content=\"Desde el martes cientos de profesionales y personal de salud...\" \/>\n<meta property=\"og:url\" content=\"https:\/\/osepmendoza.com.ar\/web\/iii-congreso-osep-salud-exitosa-tercera-jornada\/\" \/>\n<meta property=\"og:site_name\" content=\"OSEP Mendoza\" \/>\n<meta property=\"article:publisher\" content=\"https:\/\/www.facebook.com\/OSEP.MendozaArg\/\" \/>\n<meta property=\"article:published_time\" content=\"2022-12-01T17:15:15+00:00\" \/>\n<meta property=\"og:image\" content=\"https:\/\/osepmendoza.com.ar\/web\/wp-content\/uploads\/2022\/12\/IMG-20221201-WA0048.jpg\" \/>\n\t<meta property=\"og:image:width\" content=\"1600\" \/>\n\t<meta property=\"og:image:height\" content=\"638\" \/>\n\t<meta property=\"og:image:type\" content=\"image\/jpeg\" \/>\n<meta name=\"author\" content=\"Natalia\" \/>\n<meta name=\"twitter:card\" content=\"summary_large_image\" \/>\n<meta name=\"twitter:creator\" content=\"@OsepMza\" \/>\n<meta name=\"twitter:site\" content=\"@OsepMza\" \/>\n<meta name=\"twitter:label1\" content=\"Escrito por\" \/>\n\t<meta name=\"twitter:data1\" content=\"Natalia\" \/>\n\t<meta name=\"twitter:label2\" content=\"Tiempo de lectura\" \/>\n\t<meta name=\"twitter:data2\" content=\"2 minutos\" \/>\n<script type=\"application\/ld+json\" class=\"yoast-schema-graph\">{\"@context\":\"https:\\\/\\\/schema.org\",\"@graph\":[{\"@type\":\"Article\",\"@id\":\"https:\\\/\\\/osepmendoza.com.ar\\\/web\\\/iii-congreso-osep-salud-exitosa-tercera-jornada\\\/#article\",\"isPartOf\":{\"@id\":\"https:\\\/\\\/osepmendoza.com.ar\\\/web\\\/iii-congreso-osep-salud-exitosa-tercera-jornada\\\/\"},\"author\":{\"name\":\"Natalia\",\"@id\":\"https:\\\/\\\/osepmendoza.com.ar\\\/web\\\/#\\\/schema\\\/person\\\/2590e96f8ad3beae7291ee632fea6f9a\"},\"headline\":\"III Congreso OSEP Salud: exitosa tercera jornada\",\"datePublished\":\"2022-12-01T17:15:15+00:00\",\"mainEntityOfPage\":{\"@id\":\"https:\\\/\\\/osepmendoza.com.ar\\\/web\\\/iii-congreso-osep-salud-exitosa-tercera-jornada\\\/\"},\"wordCount\":332,\"publisher\":{\"@id\":\"https:\\\/\\\/osepmendoza.com.ar\\\/web\\\/#organization\"},\"image\":{\"@id\":\"https:\\\/\\\/osepmendoza.com.ar\\\/web\\\/iii-congreso-osep-salud-exitosa-tercera-jornada\\\/#primaryimage\"},\"thumbnailUrl\":\"https:\\\/\\\/osepmendoza.com.ar\\\/web\\\/wp-content\\\/uploads\\\/2022\\\/12\\\/IMG-20221201-WA0048.jpg\",\"articleSection\":[\"OSEP\"],\"inLanguage\":\"es\"},{\"@type\":\"WebPage\",\"@id\":\"https:\\\/\\\/osepmendoza.com.ar\\\/web\\\/iii-congreso-osep-salud-exitosa-tercera-jornada\\\/\",\"url\":\"https:\\\/\\\/osepmendoza.com.ar\\\/web\\\/iii-congreso-osep-salud-exitosa-tercera-jornada\\\/\",\"name\":\"III Congreso OSEP Salud: exitosa tercera jornada - OSEP Mendoza\",\"isPartOf\":{\"@id\":\"https:\\\/\\\/osepmendoza.com.ar\\\/web\\\/#website\"},\"primaryImageOfPage\":{\"@id\":\"https:\\\/\\\/osepmendoza.com.ar\\\/web\\\/iii-congreso-osep-salud-exitosa-tercera-jornada\\\/#primaryimage\"},\"image\":{\"@id\":\"https:\\\/\\\/osepmendoza.com.ar\\\/web\\\/iii-congreso-osep-salud-exitosa-tercera-jornada\\\/#primaryimage\"},\"thumbnailUrl\":\"https:\\\/\\\/osepmendoza.com.ar\\\/web\\\/wp-content\\\/uploads\\\/2022\\\/12\\\/IMG-20221201-WA0048.jpg\",\"datePublished\":\"2022-12-01T17:15:15+00:00\",\"breadcrumb\":{\"@id\":\"https:\\\/\\\/osepmendoza.com.ar\\\/web\\\/iii-congreso-osep-salud-exitosa-tercera-jornada\\\/#breadcrumb\"},\"inLanguage\":\"es\",\"potentialAction\":[{\"@type\":\"ReadAction\",\"target\":[\"https:\\\/\\\/osepmendoza.com.ar\\\/web\\\/iii-congreso-osep-salud-exitosa-tercera-jornada\\\/\"]}]},{\"@type\":\"ImageObject\",\"inLanguage\":\"es\",\"@id\":\"https:\\\/\\\/osepmendoza.com.ar\\\/web\\\/iii-congreso-osep-salud-exitosa-tercera-jornada\\\/#primaryimage\",\"url\":\"https:\\\/\\\/osepmendoza.com.ar\\\/web\\\/wp-content\\\/uploads\\\/2022\\\/12\\\/IMG-20221201-WA0048.jpg\",\"contentUrl\":\"https:\\\/\\\/osepmendoza.com.ar\\\/web\\\/wp-content\\\/uploads\\\/2022\\\/12\\\/IMG-20221201-WA0048.jpg\",\"width\":1600,\"height\":638},{\"@type\":\"BreadcrumbList\",\"@id\":\"https:\\\/\\\/osepmendoza.com.ar\\\/web\\\/iii-congreso-osep-salud-exitosa-tercera-jornada\\\/#breadcrumb\",\"itemListElement\":[{\"@type\":\"ListItem\",\"position\":1,\"name\":\"Portada\",\"item\":\"https:\\\/\\\/osepmendoza.com.ar\\\/web\\\/\"},{\"@type\":\"ListItem\",\"position\":2,\"name\":\"III Congreso OSEP Salud: exitosa tercera jornada\"}]},{\"@type\":\"WebSite\",\"@id\":\"https:\\\/\\\/osepmendoza.com.ar\\\/web\\\/#website\",\"url\":\"https:\\\/\\\/osepmendoza.com.ar\\\/web\\\/\",\"name\":\"OSEP Mendoza\",\"description\":\"Obra Social de los Empleados P\u00fablicos de Mendoza\",\"publisher\":{\"@id\":\"https:\\\/\\\/osepmendoza.com.ar\\\/web\\\/#organization\"},\"potentialAction\":[{\"@type\":\"SearchAction\",\"target\":{\"@type\":\"EntryPoint\",\"urlTemplate\":\"https:\\\/\\\/osepmendoza.com.ar\\\/web\\\/?s={search_term_string}\"},\"query-input\":{\"@type\":\"PropertyValueSpecification\",\"valueRequired\":true,\"valueName\":\"search_term_string\"}}],\"inLanguage\":\"es\"},{\"@type\":\"Organization\",\"@id\":\"https:\\\/\\\/osepmendoza.com.ar\\\/web\\\/#organization\",\"name\":\"OSEP - Obra Social de Empleados P\u00fablicos de Mendoza\",\"url\":\"https:\\\/\\\/osepmendoza.com.ar\\\/web\\\/\",\"logo\":{\"@type\":\"ImageObject\",\"inLanguage\":\"es\",\"@id\":\"https:\\\/\\\/osepmendoza.com.ar\\\/web\\\/#\\\/schema\\\/logo\\\/image\\\/\",\"url\":\"https:\\\/\\\/osepmendoza.com.ar\\\/web\\\/wp-content\\\/uploads\\\/2020\\\/04\\\/lkTM9T9z.jpg\",\"contentUrl\":\"https:\\\/\\\/osepmendoza.com.ar\\\/web\\\/wp-content\\\/uploads\\\/2020\\\/04\\\/lkTM9T9z.jpg\",\"width\":334,\"height\":334,\"caption\":\"OSEP - Obra Social de Empleados P\u00fablicos de Mendoza\"},\"image\":{\"@id\":\"https:\\\/\\\/osepmendoza.com.ar\\\/web\\\/#\\\/schema\\\/logo\\\/image\\\/\"},\"sameAs\":[\"https:\\\/\\\/www.facebook.com\\\/OSEP.MendozaArg\\\/\",\"https:\\\/\\\/x.com\\\/OsepMza\",\"https:\\\/\\\/www.instagram.com\\\/osep.mendoza\\\/\",\"https:\\\/\\\/www.youtube.com\\\/user\\\/osepvideos\"]},{\"@type\":\"Person\",\"@id\":\"https:\\\/\\\/osepmendoza.com.ar\\\/web\\\/#\\\/schema\\\/person\\\/2590e96f8ad3beae7291ee632fea6f9a\",\"name\":\"Natalia\",\"image\":{\"@type\":\"ImageObject\",\"inLanguage\":\"es\",\"@id\":\"https:\\\/\\\/secure.gravatar.com\\\/avatar\\\/7ff3d3b56137b46f328f9afe7b1d2a340581d3390d9774896e20f3d7f8d9258c?s=96&d=mm&r=g\",\"url\":\"https:\\\/\\\/secure.gravatar.com\\\/avatar\\\/7ff3d3b56137b46f328f9afe7b1d2a340581d3390d9774896e20f3d7f8d9258c?s=96&d=mm&r=g\",\"contentUrl\":\"https:\\\/\\\/secure.gravatar.com\\\/avatar\\\/7ff3d3b56137b46f328f9afe7b1d2a340581d3390d9774896e20f3d7f8d9258c?s=96&d=mm&r=g\",\"caption\":\"Natalia\"},\"sameAs\":[\"http:\\\/\\\/osepmendoza.com.ar\\\/web\"]}]}<\/script>\n<!-- \/ Yoast SEO plugin. -->","yoast_head_json":{"title":"III Congreso OSEP Salud: exitosa tercera jornada - OSEP Mendoza","robots":{"index":"index","follow":"follow","max-snippet":"max-snippet:-1","max-image-preview":"max-image-preview:large","max-video-preview":"max-video-preview:-1"},"canonical":"https:\/\/osepmendoza.com.ar\/web\/iii-congreso-osep-salud-exitosa-tercera-jornada\/","og_locale":"es_ES","og_type":"article","og_title":"III Congreso OSEP Salud: exitosa tercera jornada - OSEP Mendoza","og_description":"Desde el martes cientos de profesionales y personal de salud...","og_url":"https:\/\/osepmendoza.com.ar\/web\/iii-congreso-osep-salud-exitosa-tercera-jornada\/","og_site_name":"OSEP Mendoza","article_publisher":"https:\/\/www.facebook.com\/OSEP.MendozaArg\/","article_published_time":"2022-12-01T17:15:15+00:00","og_image":[{"width":1600,"height":638,"url":"https:\/\/osepmendoza.com.ar\/web\/wp-content\/uploads\/2022\/12\/IMG-20221201-WA0048.jpg","type":"image\/jpeg"}],"author":"Natalia","twitter_card":"summary_large_image","twitter_creator":"@OsepMza","twitter_site":"@OsepMza","twitter_misc":{"Escrito por":"Natalia","Tiempo de lectura":"2 minutos"},"schema":{"@context":"https:\/\/schema.org","@graph":[{"@type":"Article","@id":"https:\/\/osepmendoza.com.ar\/web\/iii-congreso-osep-salud-exitosa-tercera-jornada\/#article","isPartOf":{"@id":"https:\/\/osepmendoza.com.ar\/web\/iii-congreso-osep-salud-exitosa-tercera-jornada\/"},"author":{"name":"Natalia","@id":"https:\/\/osepmendoza.com.ar\/web\/#\/schema\/person\/2590e96f8ad3beae7291ee632fea6f9a"},"headline":"III Congreso OSEP Salud: exitosa tercera jornada","datePublished":"2022-12-01T17:15:15+00:00","mainEntityOfPage":{"@id":"https:\/\/osepmendoza.com.ar\/web\/iii-congreso-osep-salud-exitosa-tercera-jornada\/"},"wordCount":332,"publisher":{"@id":"https:\/\/osepmendoza.com.ar\/web\/#organization"},"image":{"@id":"https:\/\/osepmendoza.com.ar\/web\/iii-congreso-osep-salud-exitosa-tercera-jornada\/#primaryimage"},"thumbnailUrl":"https:\/\/osepmendoza.com.ar\/web\/wp-content\/uploads\/2022\/12\/IMG-20221201-WA0048.jpg","articleSection":["OSEP"],"inLanguage":"es"},{"@type":"WebPage","@id":"https:\/\/osepmendoza.com.ar\/web\/iii-congreso-osep-salud-exitosa-tercera-jornada\/","url":"https:\/\/osepmendoza.com.ar\/web\/iii-congreso-osep-salud-exitosa-tercera-jornada\/","name":"III Congreso OSEP Salud: exitosa tercera jornada - OSEP Mendoza","isPartOf":{"@id":"https:\/\/osepmendoza.com.ar\/web\/#website"},"primaryImageOfPage":{"@id":"https:\/\/osepmendoza.com.ar\/web\/iii-congreso-osep-salud-exitosa-tercera-jornada\/#primaryimage"},"image":{"@id":"https:\/\/osepmendoza.com.ar\/web\/iii-congreso-osep-salud-exitosa-tercera-jornada\/#primaryimage"},"thumbnailUrl":"https:\/\/osepmendoza.com.ar\/web\/wp-content\/uploads\/2022\/12\/IMG-20221201-WA0048.jpg","datePublished":"2022-12-01T17:15:15+00:00","breadcrumb":{"@id":"https:\/\/osepmendoza.com.ar\/web\/iii-congreso-osep-salud-exitosa-tercera-jornada\/#breadcrumb"},"inLanguage":"es","potentialAction":[{"@type":"ReadAction","target":["https:\/\/osepmendoza.com.ar\/web\/iii-congreso-osep-salud-exitosa-tercera-jornada\/"]}]},{"@type":"ImageObject","inLanguage":"es","@id":"https:\/\/osepmendoza.com.ar\/web\/iii-congreso-osep-salud-exitosa-tercera-jornada\/#primaryimage","url":"https:\/\/osepmendoza.com.ar\/web\/wp-content\/uploads\/2022\/12\/IMG-20221201-WA0048.jpg","contentUrl":"https:\/\/osepmendoza.com.ar\/web\/wp-content\/uploads\/2022\/12\/IMG-20221201-WA0048.jpg","width":1600,"height":638},{"@type":"BreadcrumbList","@id":"https:\/\/osepmendoza.com.ar\/web\/iii-congreso-osep-salud-exitosa-tercera-jornada\/#breadcrumb","itemListElement":[{"@type":"ListItem","position":1,"name":"Portada","item":"https:\/\/osepmendoza.com.ar\/web\/"},{"@type":"ListItem","position":2,"name":"III Congreso OSEP Salud: exitosa tercera jornada"}]},{"@type":"WebSite","@id":"https:\/\/osepmendoza.com.ar\/web\/#website","url":"https:\/\/osepmendoza.com.ar\/web\/","name":"OSEP Mendoza","description":"Obra Social de los Empleados P\u00fablicos de Mendoza","publisher":{"@id":"https:\/\/osepmendoza.com.ar\/web\/#organization"},"potentialAction":[{"@type":"SearchAction","target":{"@type":"EntryPoint","urlTemplate":"https:\/\/osepmendoza.com.ar\/web\/?s={search_term_string}"},"query-input":{"@type":"PropertyValueSpecification","valueRequired":true,"valueName":"search_term_string"}}],"inLanguage":"es"},{"@type":"Organization","@id":"https:\/\/osepmendoza.com.ar\/web\/#organization","name":"OSEP - Obra Social de Empleados P\u00fablicos de Mendoza","url":"https:\/\/osepmendoza.com.ar\/web\/","logo":{"@type":"ImageObject","inLanguage":"es","@id":"https:\/\/osepmendoza.com.ar\/web\/#\/schema\/logo\/image\/","url":"https:\/\/osepmendoza.com.ar\/web\/wp-content\/uploads\/2020\/04\/lkTM9T9z.jpg","contentUrl":"https:\/\/osepmendoza.com.ar\/web\/wp-content\/uploads\/2020\/04\/lkTM9T9z.jpg","width":334,"height":334,"caption":"OSEP - Obra Social de Empleados P\u00fablicos de Mendoza"},"image":{"@id":"https:\/\/osepmendoza.com.ar\/web\/#\/schema\/logo\/image\/"},"sameAs":["https:\/\/www.facebook.com\/OSEP.MendozaArg\/","https:\/\/x.com\/OsepMza","https:\/\/www.instagram.com\/osep.mendoza\/","https:\/\/www.youtube.com\/user\/osepvideos"]},{"@type":"Person","@id":"https:\/\/osepmendoza.com.ar\/web\/#\/schema\/person\/2590e96f8ad3beae7291ee632fea6f9a","name":"Natalia","image":{"@type":"ImageObject","inLanguage":"es","@id":"https:\/\/secure.gravatar.com\/avatar\/7ff3d3b56137b46f328f9afe7b1d2a340581d3390d9774896e20f3d7f8d9258c?s=96&d=mm&r=g","url":"https:\/\/secure.gravatar.com\/avatar\/7ff3d3b56137b46f328f9afe7b1d2a340581d3390d9774896e20f3d7f8d9258c?s=96&d=mm&r=g","contentUrl":"https:\/\/secure.gravatar.com\/avatar\/7ff3d3b56137b46f328f9afe7b1d2a340581d3390d9774896e20f3d7f8d9258c?s=96&d=mm&r=g","caption":"Natalia"},"sameAs":["http:\/\/osepmendoza.com.ar\/web"]}]}},"amp_enabled":true,"_links":{"self":[{"href":"https:\/\/osepmendoza.com.ar\/web\/wp-json\/wp\/v2\/posts\/48472","targetHints":{"allow":["GET"]}}],"collection":[{"href":"https:\/\/osepmendoza.com.ar\/web\/wp-json\/wp\/v2\/posts"}],"about":[{"href":"https:\/\/osepmendoza.com.ar\/web\/wp-json\/wp\/v2\/types\/post"}],"author":[{"embeddable":true,"href":"https:\/\/osepmendoza.com.ar\/web\/wp-json\/wp\/v2\/users\/9"}],"replies":[{"embeddable":true,"href":"https:\/\/osepmendoza.com.ar\/web\/wp-json\/wp\/v2\/comments?post=48472"}],"version-history":[{"count":1,"href":"https:\/\/osepmendoza.com.ar\/web\/wp-json\/wp\/v2\/posts\/48472\/revisions"}],"predecessor-version":[{"id":48474,"href":"https:\/\/osepmendoza.com.ar\/web\/wp-json\/wp\/v2\/posts\/48472\/revisions\/48474"}],"wp:featuredmedia":[{"embeddable":true,"href":"https:\/\/osepmendoza.com.ar\/web\/wp-json\/wp\/v2\/media\/48473"}],"wp:attachment":[{"href":"https:\/\/osepmendoza.com.ar\/web\/wp-json\/wp\/v2\/media?parent=48472"}],"wp:term":[{"taxonomy":"category","embeddable":true,"href":"https:\/\/osepmendoza.com.ar\/web\/wp-json\/wp\/v2\/categories?post=48472"},{"taxonomy":"post_tag","embeddable":true,"href":"https:\/\/osepmendoza.com.ar\/web\/wp-json\/wp\/v2\/tags?post=48472"}],"curies":[{"name":"wp","href":"https:\/\/api.w.org\/{rel}","templated":true}]}}