{"id":48005,"date":"2022-10-31T15:22:12","date_gmt":"2022-10-31T18:22:12","guid":{"rendered":"https:\/\/osepmendoza.com.ar\/web\/?p=48005"},"modified":"2023-05-08T08:26:43","modified_gmt":"2023-05-08T11:26:43","slug":"profesionales-de-osep-dieron-una-charla-en-el-epre","status":"publish","type":"post","link":"https:\/\/osepmendoza.com.ar\/web\/profesionales-de-osep-dieron-una-charla-en-el-epre\/","title":{"rendered":"Profesionales de OSEP dieron una charla en el EPRE"},"content":{"rendered":"<p align=\"justify\"><strong>La Obra Social contin\u00faa desarrollando actividades de concientizaci\u00f3n sobre c\u00e1ncer de mama en todo el territorio provincial. Esta vez se realiz\u00f3 una charla sobre <em>cuidados de la mujer<\/em> en el auditorio del Ente Provincial Regulador El\u00e9ctrico.<\/strong><\/p>\n<p align=\"justify\">Con la presencia de trabajadoras y trabajadores del ente provincial, se realiz\u00f3 una jornada informativa con el objetivo de informar sobre rastreos en la mujer, haciendo hincapi\u00e9 en todo lo que implica un control de salud integral.<\/p>\n<p align=\"justify\">En la ocasi\u00f3n se entreg\u00f3 material informativo y se abordaron temas referidos a los principales c\u00e1nceres como de mama, cuello de \u00fatero y colon. Adem\u00e1s se habl\u00f3 de riesgo cardiovascular y vacunas, entre otros temas.<\/p>\n<p align=\"justify\">La exposici\u00f3n estuvo a cargo de las doctoras Fabiana Ramos y Valentina Quiroga, referentes de la Residencia de Medicina de Familia de OSEP, quienes adem\u00e1s explicaron sobre la importancia de su detecci\u00f3n precoz y su prevenci\u00f3n.<\/p>\n<p align=\"justify\">El encuentro cont\u00f3 con una importante concurrencia y tuvo lugar en el auditorio principal del EPRE, ubicado en San Mart\u00edn 285, Ciudad.<\/p>\n<div id='gallery-1' class='gallery galleryid-48005 gallery-columns-2 gallery-size-full'><figure class='gallery-item'>\n\t\t\t<div class='gallery-icon landscape'>\n\t\t\t\t<a href='https:\/\/osepmendoza.com.ar\/web\/profesionales-de-osep-dieron-una-charla-en-el-epre\/epre1\/'><img loading=\"lazy\" decoding=\"async\" width=\"1600\" height=\"900\" src=\"https:\/\/osepmendoza.com.ar\/web\/wp-content\/uploads\/2022\/10\/epre1.jpg\" class=\"attachment-full size-full\" alt=\"\" srcset=\"https:\/\/osepmendoza.com.ar\/web\/wp-content\/uploads\/2022\/10\/epre1.jpg 1600w, https:\/\/osepmendoza.com.ar\/web\/wp-content\/uploads\/2022\/10\/epre1-300x169.jpg 300w, https:\/\/osepmendoza.com.ar\/web\/wp-content\/uploads\/2022\/10\/epre1-1024x576.jpg 1024w, https:\/\/osepmendoza.com.ar\/web\/wp-content\/uploads\/2022\/10\/epre1-768x432.jpg 768w, https:\/\/osepmendoza.com.ar\/web\/wp-content\/uploads\/2022\/10\/epre1-1536x864.jpg 1536w, https:\/\/osepmendoza.com.ar\/web\/wp-content\/uploads\/2022\/10\/epre1-1200x675.jpg 1200w\" sizes=\"auto, (max-width: 1600px) 100vw, 1600px\" \/><\/a>\n\t\t\t<\/div><\/figure><figure class='gallery-item'>\n\t\t\t<div class='gallery-icon landscape'>\n\t\t\t\t<a href='https:\/\/osepmendoza.com.ar\/web\/profesionales-de-osep-dieron-una-charla-en-el-epre\/epre2\/'><img loading=\"lazy\" decoding=\"async\" width=\"1600\" height=\"900\" src=\"https:\/\/osepmendoza.com.ar\/web\/wp-content\/uploads\/2022\/10\/epre2.jpg\" class=\"attachment-full size-full\" alt=\"\" srcset=\"https:\/\/osepmendoza.com.ar\/web\/wp-content\/uploads\/2022\/10\/epre2.jpg 1600w, https:\/\/osepmendoza.com.ar\/web\/wp-content\/uploads\/2022\/10\/epre2-300x169.jpg 300w, https:\/\/osepmendoza.com.ar\/web\/wp-content\/uploads\/2022\/10\/epre2-1024x576.jpg 1024w, https:\/\/osepmendoza.com.ar\/web\/wp-content\/uploads\/2022\/10\/epre2-768x432.jpg 768w, https:\/\/osepmendoza.com.ar\/web\/wp-content\/uploads\/2022\/10\/epre2-1536x864.jpg 1536w, https:\/\/osepmendoza.com.ar\/web\/wp-content\/uploads\/2022\/10\/epre2-1200x675.jpg 1200w\" sizes=\"auto, (max-width: 1600px) 100vw, 1600px\" \/><\/a>\n\t\t\t<\/div><\/figure><figure class='gallery-item'>\n\t\t\t<div class='gallery-icon landscape'>\n\t\t\t\t<a href='https:\/\/osepmendoza.com.ar\/web\/profesionales-de-osep-dieron-una-charla-en-el-epre\/epre3\/'><img loading=\"lazy\" decoding=\"async\" width=\"1600\" height=\"900\" src=\"https:\/\/osepmendoza.com.ar\/web\/wp-content\/uploads\/2022\/10\/epre3.jpg\" class=\"attachment-full size-full\" alt=\"\" srcset=\"https:\/\/osepmendoza.com.ar\/web\/wp-content\/uploads\/2022\/10\/epre3.jpg 1600w, https:\/\/osepmendoza.com.ar\/web\/wp-content\/uploads\/2022\/10\/epre3-300x169.jpg 300w, https:\/\/osepmendoza.com.ar\/web\/wp-content\/uploads\/2022\/10\/epre3-1024x576.jpg 1024w, https:\/\/osepmendoza.com.ar\/web\/wp-content\/uploads\/2022\/10\/epre3-768x432.jpg 768w, https:\/\/osepmendoza.com.ar\/web\/wp-content\/uploads\/2022\/10\/epre3-1536x864.jpg 1536w, https:\/\/osepmendoza.com.ar\/web\/wp-content\/uploads\/2022\/10\/epre3-1200x675.jpg 1200w\" sizes=\"auto, (max-width: 1600px) 100vw, 1600px\" \/><\/a>\n\t\t\t<\/div><\/figure><figure class='gallery-item'>\n\t\t\t<div class='gallery-icon landscape'>\n\t\t\t\t<a href='https:\/\/osepmendoza.com.ar\/web\/profesionales-de-osep-dieron-una-charla-en-el-epre\/epre4\/'><img loading=\"lazy\" decoding=\"async\" width=\"1600\" height=\"900\" src=\"https:\/\/osepmendoza.com.ar\/web\/wp-content\/uploads\/2022\/10\/epre4.jpg\" class=\"attachment-full size-full\" alt=\"\" srcset=\"https:\/\/osepmendoza.com.ar\/web\/wp-content\/uploads\/2022\/10\/epre4.jpg 1600w, https:\/\/osepmendoza.com.ar\/web\/wp-content\/uploads\/2022\/10\/epre4-300x169.jpg 300w, https:\/\/osepmendoza.com.ar\/web\/wp-content\/uploads\/2022\/10\/epre4-1024x576.jpg 1024w, https:\/\/osepmendoza.com.ar\/web\/wp-content\/uploads\/2022\/10\/epre4-768x432.jpg 768w, https:\/\/osepmendoza.com.ar\/web\/wp-content\/uploads\/2022\/10\/epre4-1536x864.jpg 1536w, https:\/\/osepmendoza.com.ar\/web\/wp-content\/uploads\/2022\/10\/epre4-1200x675.jpg 1200w\" sizes=\"auto, (max-width: 1600px) 100vw, 1600px\" \/><\/a>\n\t\t\t<\/div><\/figure><figure class='gallery-item'>\n\t\t\t<div class='gallery-icon landscape'>\n\t\t\t\t<a href='https:\/\/osepmendoza.com.ar\/web\/profesionales-de-osep-dieron-una-charla-en-el-epre\/epre5\/'><img loading=\"lazy\" decoding=\"async\" width=\"1600\" height=\"900\" src=\"https:\/\/osepmendoza.com.ar\/web\/wp-content\/uploads\/2022\/10\/epre5.jpg\" class=\"attachment-full size-full\" alt=\"\" srcset=\"https:\/\/osepmendoza.com.ar\/web\/wp-content\/uploads\/2022\/10\/epre5.jpg 1600w, https:\/\/osepmendoza.com.ar\/web\/wp-content\/uploads\/2022\/10\/epre5-300x169.jpg 300w, https:\/\/osepmendoza.com.ar\/web\/wp-content\/uploads\/2022\/10\/epre5-1024x576.jpg 1024w, https:\/\/osepmendoza.com.ar\/web\/wp-content\/uploads\/2022\/10\/epre5-768x432.jpg 768w, https:\/\/osepmendoza.com.ar\/web\/wp-content\/uploads\/2022\/10\/epre5-1536x864.jpg 1536w, https:\/\/osepmendoza.com.ar\/web\/wp-content\/uploads\/2022\/10\/epre5-1200x675.jpg 1200w\" sizes=\"auto, (max-width: 1600px) 100vw, 1600px\" \/><\/a>\n\t\t\t<\/div><\/figure><figure class='gallery-item'>\n\t\t\t<div class='gallery-icon landscape'>\n\t\t\t\t<a href='https:\/\/osepmendoza.com.ar\/web\/profesionales-de-osep-dieron-una-charla-en-el-epre\/epre6\/'><img loading=\"lazy\" decoding=\"async\" width=\"1600\" height=\"900\" src=\"https:\/\/osepmendoza.com.ar\/web\/wp-content\/uploads\/2022\/10\/epre6.jpg\" class=\"attachment-full size-full\" alt=\"\" srcset=\"https:\/\/osepmendoza.com.ar\/web\/wp-content\/uploads\/2022\/10\/epre6.jpg 1600w, https:\/\/osepmendoza.com.ar\/web\/wp-content\/uploads\/2022\/10\/epre6-300x169.jpg 300w, https:\/\/osepmendoza.com.ar\/web\/wp-content\/uploads\/2022\/10\/epre6-1024x576.jpg 1024w, https:\/\/osepmendoza.com.ar\/web\/wp-content\/uploads\/2022\/10\/epre6-768x432.jpg 768w, https:\/\/osepmendoza.com.ar\/web\/wp-content\/uploads\/2022\/10\/epre6-1536x864.jpg 1536w, https:\/\/osepmendoza.com.ar\/web\/wp-content\/uploads\/2022\/10\/epre6-1200x675.jpg 1200w\" sizes=\"auto, (max-width: 1600px) 100vw, 1600px\" \/><\/a>\n\t\t\t<\/div><\/figure><figure class='gallery-item'>\n\t\t\t<div class='gallery-icon landscape'>\n\t\t\t\t<a href='https:\/\/osepmendoza.com.ar\/web\/profesionales-de-osep-dieron-una-charla-en-el-epre\/epre7\/'><img loading=\"lazy\" decoding=\"async\" width=\"1600\" height=\"900\" src=\"https:\/\/osepmendoza.com.ar\/web\/wp-content\/uploads\/2022\/10\/epre7.jpg\" class=\"attachment-full size-full\" alt=\"\" srcset=\"https:\/\/osepmendoza.com.ar\/web\/wp-content\/uploads\/2022\/10\/epre7.jpg 1600w, https:\/\/osepmendoza.com.ar\/web\/wp-content\/uploads\/2022\/10\/epre7-300x169.jpg 300w, https:\/\/osepmendoza.com.ar\/web\/wp-content\/uploads\/2022\/10\/epre7-1024x576.jpg 1024w, https:\/\/osepmendoza.com.ar\/web\/wp-content\/uploads\/2022\/10\/epre7-768x432.jpg 768w, https:\/\/osepmendoza.com.ar\/web\/wp-content\/uploads\/2022\/10\/epre7-1536x864.jpg 1536w, https:\/\/osepmendoza.com.ar\/web\/wp-content\/uploads\/2022\/10\/epre7-1200x675.jpg 1200w\" sizes=\"auto, (max-width: 1600px) 100vw, 1600px\" \/><\/a>\n\t\t\t<\/div><\/figure>\n\t\t<\/div>\n\n","protected":false},"excerpt":{"rendered":"<p>La Obra Social contin\u00faa desarrollando actividades de concientizaci\u00f3n sobre c\u00e1ncer&#8230;<\/p>\n","protected":false},"author":12,"featured_media":48006,"comment_status":"closed","ping_status":"open","sticky":false,"template":"","format":"standard","meta":{"_acf_changed":false,"inline_featured_image":false,"_exactmetrics_skip_tracking":false,"_exactmetrics_sitenote_active":false,"_exactmetrics_sitenote_note":"","_exactmetrics_sitenote_category":0,"footnotes":"","_links_to":"","_links_to_target":""},"categories":[101],"tags":[116,223,1846,423,149],"class_list":["post-48005","post","type-post","status-publish","format-standard","has-post-thumbnail","hentry","category-noticias","tag-cancer-de-mama","tag-charla","tag-ente","tag-epre","tag-mujer"],"acf":[],"yoast_head":"<!-- This site is optimized with the Yoast SEO plugin v27.5 - https:\/\/yoast.com\/product\/yoast-seo-wordpress\/ -->\n<title>Profesionales de OSEP dieron una charla en el EPRE - OSEP Mendoza<\/title>\n<meta name=\"robots\" content=\"index, follow, max-snippet:-1, max-image-preview:large, max-video-preview:-1\" \/>\n<link rel=\"canonical\" href=\"https:\/\/osepmendoza.com.ar\/web\/profesionales-de-osep-dieron-una-charla-en-el-epre\/\" \/>\n<meta property=\"og:locale\" content=\"es_ES\" \/>\n<meta property=\"og:type\" content=\"article\" \/>\n<meta property=\"og:title\" content=\"Profesionales de OSEP dieron una charla en el EPRE - OSEP Mendoza\" \/>\n<meta property=\"og:description\" content=\"La Obra Social contin\u00faa desarrollando actividades de concientizaci\u00f3n sobre c\u00e1ncer...\" \/>\n<meta property=\"og:url\" content=\"https:\/\/osepmendoza.com.ar\/web\/profesionales-de-osep-dieron-una-charla-en-el-epre\/\" \/>\n<meta property=\"og:site_name\" content=\"OSEP Mendoza\" \/>\n<meta property=\"article:publisher\" content=\"https:\/\/www.facebook.com\/OSEP.MendozaArg\/\" \/>\n<meta property=\"article:published_time\" content=\"2022-10-31T18:22:12+00:00\" \/>\n<meta property=\"article:modified_time\" content=\"2023-05-08T11:26:43+00:00\" \/>\n<meta property=\"og:image\" content=\"https:\/\/osepmendoza.com.ar\/web\/wp-content\/uploads\/2022\/10\/epre.jpg\" \/>\n\t<meta property=\"og:image:width\" content=\"1200\" \/>\n\t<meta property=\"og:image:height\" content=\"438\" \/>\n\t<meta property=\"og:image:type\" content=\"image\/jpeg\" \/>\n<meta name=\"author\" content=\"Sebastian Fernandez\" \/>\n<meta name=\"twitter:card\" content=\"summary_large_image\" \/>\n<meta name=\"twitter:creator\" content=\"@OsepMza\" \/>\n<meta name=\"twitter:site\" content=\"@OsepMza\" \/>\n<meta name=\"twitter:label1\" content=\"Escrito por\" \/>\n\t<meta name=\"twitter:data1\" content=\"Sebastian Fernandez\" \/>\n\t<meta name=\"twitter:label2\" content=\"Tiempo de lectura\" \/>\n\t<meta name=\"twitter:data2\" content=\"1 minuto\" \/>\n<script type=\"application\/ld+json\" class=\"yoast-schema-graph\">{\"@context\":\"https:\\\/\\\/schema.org\",\"@graph\":[{\"@type\":\"Article\",\"@id\":\"https:\\\/\\\/osepmendoza.com.ar\\\/web\\\/profesionales-de-osep-dieron-una-charla-en-el-epre\\\/#article\",\"isPartOf\":{\"@id\":\"https:\\\/\\\/osepmendoza.com.ar\\\/web\\\/profesionales-de-osep-dieron-una-charla-en-el-epre\\\/\"},\"author\":{\"name\":\"Sebastian Fernandez\",\"@id\":\"https:\\\/\\\/osepmendoza.com.ar\\\/web\\\/#\\\/schema\\\/person\\\/90986df7128a51e32bb66102fc247eb2\"},\"headline\":\"Profesionales de OSEP dieron una charla en el EPRE\",\"datePublished\":\"2022-10-31T18:22:12+00:00\",\"dateModified\":\"2023-05-08T11:26:43+00:00\",\"mainEntityOfPage\":{\"@id\":\"https:\\\/\\\/osepmendoza.com.ar\\\/web\\\/profesionales-de-osep-dieron-una-charla-en-el-epre\\\/\"},\"wordCount\":191,\"publisher\":{\"@id\":\"https:\\\/\\\/osepmendoza.com.ar\\\/web\\\/#organization\"},\"image\":{\"@id\":\"https:\\\/\\\/osepmendoza.com.ar\\\/web\\\/profesionales-de-osep-dieron-una-charla-en-el-epre\\\/#primaryimage\"},\"thumbnailUrl\":\"https:\\\/\\\/osepmendoza.com.ar\\\/web\\\/wp-content\\\/uploads\\\/2022\\\/10\\\/epre.jpg\",\"keywords\":[\"cancer de mama\",\"charla\",\"ente\",\"EPRE\",\"mujer\"],\"articleSection\":[\"Noticias\"],\"inLanguage\":\"es\"},{\"@type\":\"WebPage\",\"@id\":\"https:\\\/\\\/osepmendoza.com.ar\\\/web\\\/profesionales-de-osep-dieron-una-charla-en-el-epre\\\/\",\"url\":\"https:\\\/\\\/osepmendoza.com.ar\\\/web\\\/profesionales-de-osep-dieron-una-charla-en-el-epre\\\/\",\"name\":\"Profesionales de OSEP dieron una charla en el EPRE - OSEP Mendoza\",\"isPartOf\":{\"@id\":\"https:\\\/\\\/osepmendoza.com.ar\\\/web\\\/#website\"},\"primaryImageOfPage\":{\"@id\":\"https:\\\/\\\/osepmendoza.com.ar\\\/web\\\/profesionales-de-osep-dieron-una-charla-en-el-epre\\\/#primaryimage\"},\"image\":{\"@id\":\"https:\\\/\\\/osepmendoza.com.ar\\\/web\\\/profesionales-de-osep-dieron-una-charla-en-el-epre\\\/#primaryimage\"},\"thumbnailUrl\":\"https:\\\/\\\/osepmendoza.com.ar\\\/web\\\/wp-content\\\/uploads\\\/2022\\\/10\\\/epre.jpg\",\"datePublished\":\"2022-10-31T18:22:12+00:00\",\"dateModified\":\"2023-05-08T11:26:43+00:00\",\"breadcrumb\":{\"@id\":\"https:\\\/\\\/osepmendoza.com.ar\\\/web\\\/profesionales-de-osep-dieron-una-charla-en-el-epre\\\/#breadcrumb\"},\"inLanguage\":\"es\",\"potentialAction\":[{\"@type\":\"ReadAction\",\"target\":[\"https:\\\/\\\/osepmendoza.com.ar\\\/web\\\/profesionales-de-osep-dieron-una-charla-en-el-epre\\\/\"]}]},{\"@type\":\"ImageObject\",\"inLanguage\":\"es\",\"@id\":\"https:\\\/\\\/osepmendoza.com.ar\\\/web\\\/profesionales-de-osep-dieron-una-charla-en-el-epre\\\/#primaryimage\",\"url\":\"https:\\\/\\\/osepmendoza.com.ar\\\/web\\\/wp-content\\\/uploads\\\/2022\\\/10\\\/epre.jpg\",\"contentUrl\":\"https:\\\/\\\/osepmendoza.com.ar\\\/web\\\/wp-content\\\/uploads\\\/2022\\\/10\\\/epre.jpg\",\"width\":1200,\"height\":438},{\"@type\":\"BreadcrumbList\",\"@id\":\"https:\\\/\\\/osepmendoza.com.ar\\\/web\\\/profesionales-de-osep-dieron-una-charla-en-el-epre\\\/#breadcrumb\",\"itemListElement\":[{\"@type\":\"ListItem\",\"position\":1,\"name\":\"Portada\",\"item\":\"https:\\\/\\\/osepmendoza.com.ar\\\/web\\\/\"},{\"@type\":\"ListItem\",\"position\":2,\"name\":\"Profesionales de OSEP dieron una charla en el EPRE\"}]},{\"@type\":\"WebSite\",\"@id\":\"https:\\\/\\\/osepmendoza.com.ar\\\/web\\\/#website\",\"url\":\"https:\\\/\\\/osepmendoza.com.ar\\\/web\\\/\",\"name\":\"OSEP Mendoza\",\"description\":\"Obra Social de los Empleados P\u00fablicos de Mendoza\",\"publisher\":{\"@id\":\"https:\\\/\\\/osepmendoza.com.ar\\\/web\\\/#organization\"},\"potentialAction\":[{\"@type\":\"SearchAction\",\"target\":{\"@type\":\"EntryPoint\",\"urlTemplate\":\"https:\\\/\\\/osepmendoza.com.ar\\\/web\\\/?s={search_term_string}\"},\"query-input\":{\"@type\":\"PropertyValueSpecification\",\"valueRequired\":true,\"valueName\":\"search_term_string\"}}],\"inLanguage\":\"es\"},{\"@type\":\"Organization\",\"@id\":\"https:\\\/\\\/osepmendoza.com.ar\\\/web\\\/#organization\",\"name\":\"OSEP - Obra Social de Empleados P\u00fablicos de Mendoza\",\"url\":\"https:\\\/\\\/osepmendoza.com.ar\\\/web\\\/\",\"logo\":{\"@type\":\"ImageObject\",\"inLanguage\":\"es\",\"@id\":\"https:\\\/\\\/osepmendoza.com.ar\\\/web\\\/#\\\/schema\\\/logo\\\/image\\\/\",\"url\":\"https:\\\/\\\/osepmendoza.com.ar\\\/web\\\/wp-content\\\/uploads\\\/2020\\\/04\\\/lkTM9T9z.jpg\",\"contentUrl\":\"https:\\\/\\\/osepmendoza.com.ar\\\/web\\\/wp-content\\\/uploads\\\/2020\\\/04\\\/lkTM9T9z.jpg\",\"width\":334,\"height\":334,\"caption\":\"OSEP - Obra Social de Empleados P\u00fablicos de Mendoza\"},\"image\":{\"@id\":\"https:\\\/\\\/osepmendoza.com.ar\\\/web\\\/#\\\/schema\\\/logo\\\/image\\\/\"},\"sameAs\":[\"https:\\\/\\\/www.facebook.com\\\/OSEP.MendozaArg\\\/\",\"https:\\\/\\\/x.com\\\/OsepMza\",\"https:\\\/\\\/www.instagram.com\\\/osep.mendoza\\\/\",\"https:\\\/\\\/www.youtube.com\\\/user\\\/osepvideos\"]},{\"@type\":\"Person\",\"@id\":\"https:\\\/\\\/osepmendoza.com.ar\\\/web\\\/#\\\/schema\\\/person\\\/90986df7128a51e32bb66102fc247eb2\",\"name\":\"Sebastian Fernandez\",\"image\":{\"@type\":\"ImageObject\",\"inLanguage\":\"es\",\"@id\":\"https:\\\/\\\/secure.gravatar.com\\\/avatar\\\/cc42d53caabe846896e06ed8955a60e82b2b829babcb731f86f26c42378bcfec?s=96&d=mm&r=g\",\"url\":\"https:\\\/\\\/secure.gravatar.com\\\/avatar\\\/cc42d53caabe846896e06ed8955a60e82b2b829babcb731f86f26c42378bcfec?s=96&d=mm&r=g\",\"contentUrl\":\"https:\\\/\\\/secure.gravatar.com\\\/avatar\\\/cc42d53caabe846896e06ed8955a60e82b2b829babcb731f86f26c42378bcfec?s=96&d=mm&r=g\",\"caption\":\"Sebastian Fernandez\"},\"sameAs\":[\"http:\\\/\\\/osepmendoza.com.ar\\\/web\"]}]}<\/script>\n<!-- \/ Yoast SEO plugin. -->","yoast_head_json":{"title":"Profesionales de OSEP dieron una charla en el EPRE - OSEP Mendoza","robots":{"index":"index","follow":"follow","max-snippet":"max-snippet:-1","max-image-preview":"max-image-preview:large","max-video-preview":"max-video-preview:-1"},"canonical":"https:\/\/osepmendoza.com.ar\/web\/profesionales-de-osep-dieron-una-charla-en-el-epre\/","og_locale":"es_ES","og_type":"article","og_title":"Profesionales de OSEP dieron una charla en el EPRE - OSEP Mendoza","og_description":"La Obra Social contin\u00faa desarrollando actividades de concientizaci\u00f3n sobre c\u00e1ncer...","og_url":"https:\/\/osepmendoza.com.ar\/web\/profesionales-de-osep-dieron-una-charla-en-el-epre\/","og_site_name":"OSEP Mendoza","article_publisher":"https:\/\/www.facebook.com\/OSEP.MendozaArg\/","article_published_time":"2022-10-31T18:22:12+00:00","article_modified_time":"2023-05-08T11:26:43+00:00","og_image":[{"width":1200,"height":438,"url":"https:\/\/osepmendoza.com.ar\/web\/wp-content\/uploads\/2022\/10\/epre.jpg","type":"image\/jpeg"}],"author":"Sebastian Fernandez","twitter_card":"summary_large_image","twitter_creator":"@OsepMza","twitter_site":"@OsepMza","twitter_misc":{"Escrito por":"Sebastian Fernandez","Tiempo de lectura":"1 minuto"},"schema":{"@context":"https:\/\/schema.org","@graph":[{"@type":"Article","@id":"https:\/\/osepmendoza.com.ar\/web\/profesionales-de-osep-dieron-una-charla-en-el-epre\/#article","isPartOf":{"@id":"https:\/\/osepmendoza.com.ar\/web\/profesionales-de-osep-dieron-una-charla-en-el-epre\/"},"author":{"name":"Sebastian Fernandez","@id":"https:\/\/osepmendoza.com.ar\/web\/#\/schema\/person\/90986df7128a51e32bb66102fc247eb2"},"headline":"Profesionales de OSEP dieron una charla en el EPRE","datePublished":"2022-10-31T18:22:12+00:00","dateModified":"2023-05-08T11:26:43+00:00","mainEntityOfPage":{"@id":"https:\/\/osepmendoza.com.ar\/web\/profesionales-de-osep-dieron-una-charla-en-el-epre\/"},"wordCount":191,"publisher":{"@id":"https:\/\/osepmendoza.com.ar\/web\/#organization"},"image":{"@id":"https:\/\/osepmendoza.com.ar\/web\/profesionales-de-osep-dieron-una-charla-en-el-epre\/#primaryimage"},"thumbnailUrl":"https:\/\/osepmendoza.com.ar\/web\/wp-content\/uploads\/2022\/10\/epre.jpg","keywords":["cancer de mama","charla","ente","EPRE","mujer"],"articleSection":["Noticias"],"inLanguage":"es"},{"@type":"WebPage","@id":"https:\/\/osepmendoza.com.ar\/web\/profesionales-de-osep-dieron-una-charla-en-el-epre\/","url":"https:\/\/osepmendoza.com.ar\/web\/profesionales-de-osep-dieron-una-charla-en-el-epre\/","name":"Profesionales de OSEP dieron una charla en el EPRE - OSEP Mendoza","isPartOf":{"@id":"https:\/\/osepmendoza.com.ar\/web\/#website"},"primaryImageOfPage":{"@id":"https:\/\/osepmendoza.com.ar\/web\/profesionales-de-osep-dieron-una-charla-en-el-epre\/#primaryimage"},"image":{"@id":"https:\/\/osepmendoza.com.ar\/web\/profesionales-de-osep-dieron-una-charla-en-el-epre\/#primaryimage"},"thumbnailUrl":"https:\/\/osepmendoza.com.ar\/web\/wp-content\/uploads\/2022\/10\/epre.jpg","datePublished":"2022-10-31T18:22:12+00:00","dateModified":"2023-05-08T11:26:43+00:00","breadcrumb":{"@id":"https:\/\/osepmendoza.com.ar\/web\/profesionales-de-osep-dieron-una-charla-en-el-epre\/#breadcrumb"},"inLanguage":"es","potentialAction":[{"@type":"ReadAction","target":["https:\/\/osepmendoza.com.ar\/web\/profesionales-de-osep-dieron-una-charla-en-el-epre\/"]}]},{"@type":"ImageObject","inLanguage":"es","@id":"https:\/\/osepmendoza.com.ar\/web\/profesionales-de-osep-dieron-una-charla-en-el-epre\/#primaryimage","url":"https:\/\/osepmendoza.com.ar\/web\/wp-content\/uploads\/2022\/10\/epre.jpg","contentUrl":"https:\/\/osepmendoza.com.ar\/web\/wp-content\/uploads\/2022\/10\/epre.jpg","width":1200,"height":438},{"@type":"BreadcrumbList","@id":"https:\/\/osepmendoza.com.ar\/web\/profesionales-de-osep-dieron-una-charla-en-el-epre\/#breadcrumb","itemListElement":[{"@type":"ListItem","position":1,"name":"Portada","item":"https:\/\/osepmendoza.com.ar\/web\/"},{"@type":"ListItem","position":2,"name":"Profesionales de OSEP dieron una charla en el EPRE"}]},{"@type":"WebSite","@id":"https:\/\/osepmendoza.com.ar\/web\/#website","url":"https:\/\/osepmendoza.com.ar\/web\/","name":"OSEP Mendoza","description":"Obra Social de los Empleados P\u00fablicos de Mendoza","publisher":{"@id":"https:\/\/osepmendoza.com.ar\/web\/#organization"},"potentialAction":[{"@type":"SearchAction","target":{"@type":"EntryPoint","urlTemplate":"https:\/\/osepmendoza.com.ar\/web\/?s={search_term_string}"},"query-input":{"@type":"PropertyValueSpecification","valueRequired":true,"valueName":"search_term_string"}}],"inLanguage":"es"},{"@type":"Organization","@id":"https:\/\/osepmendoza.com.ar\/web\/#organization","name":"OSEP - Obra Social de Empleados P\u00fablicos de Mendoza","url":"https:\/\/osepmendoza.com.ar\/web\/","logo":{"@type":"ImageObject","inLanguage":"es","@id":"https:\/\/osepmendoza.com.ar\/web\/#\/schema\/logo\/image\/","url":"https:\/\/osepmendoza.com.ar\/web\/wp-content\/uploads\/2020\/04\/lkTM9T9z.jpg","contentUrl":"https:\/\/osepmendoza.com.ar\/web\/wp-content\/uploads\/2020\/04\/lkTM9T9z.jpg","width":334,"height":334,"caption":"OSEP - Obra Social de Empleados P\u00fablicos de Mendoza"},"image":{"@id":"https:\/\/osepmendoza.com.ar\/web\/#\/schema\/logo\/image\/"},"sameAs":["https:\/\/www.facebook.com\/OSEP.MendozaArg\/","https:\/\/x.com\/OsepMza","https:\/\/www.instagram.com\/osep.mendoza\/","https:\/\/www.youtube.com\/user\/osepvideos"]},{"@type":"Person","@id":"https:\/\/osepmendoza.com.ar\/web\/#\/schema\/person\/90986df7128a51e32bb66102fc247eb2","name":"Sebastian Fernandez","image":{"@type":"ImageObject","inLanguage":"es","@id":"https:\/\/secure.gravatar.com\/avatar\/cc42d53caabe846896e06ed8955a60e82b2b829babcb731f86f26c42378bcfec?s=96&d=mm&r=g","url":"https:\/\/secure.gravatar.com\/avatar\/cc42d53caabe846896e06ed8955a60e82b2b829babcb731f86f26c42378bcfec?s=96&d=mm&r=g","contentUrl":"https:\/\/secure.gravatar.com\/avatar\/cc42d53caabe846896e06ed8955a60e82b2b829babcb731f86f26c42378bcfec?s=96&d=mm&r=g","caption":"Sebastian Fernandez"},"sameAs":["http:\/\/osepmendoza.com.ar\/web"]}]}},"amp_enabled":true,"_links":{"self":[{"href":"https:\/\/osepmendoza.com.ar\/web\/wp-json\/wp\/v2\/posts\/48005","targetHints":{"allow":["GET"]}}],"collection":[{"href":"https:\/\/osepmendoza.com.ar\/web\/wp-json\/wp\/v2\/posts"}],"about":[{"href":"https:\/\/osepmendoza.com.ar\/web\/wp-json\/wp\/v2\/types\/post"}],"author":[{"embeddable":true,"href":"https:\/\/osepmendoza.com.ar\/web\/wp-json\/wp\/v2\/users\/12"}],"replies":[{"embeddable":true,"href":"https:\/\/osepmendoza.com.ar\/web\/wp-json\/wp\/v2\/comments?post=48005"}],"version-history":[{"count":2,"href":"https:\/\/osepmendoza.com.ar\/web\/wp-json\/wp\/v2\/posts\/48005\/revisions"}],"predecessor-version":[{"id":48015,"href":"https:\/\/osepmendoza.com.ar\/web\/wp-json\/wp\/v2\/posts\/48005\/revisions\/48015"}],"wp:featuredmedia":[{"embeddable":true,"href":"https:\/\/osepmendoza.com.ar\/web\/wp-json\/wp\/v2\/media\/48006"}],"wp:attachment":[{"href":"https:\/\/osepmendoza.com.ar\/web\/wp-json\/wp\/v2\/media?parent=48005"}],"wp:term":[{"taxonomy":"category","embeddable":true,"href":"https:\/\/osepmendoza.com.ar\/web\/wp-json\/wp\/v2\/categories?post=48005"},{"taxonomy":"post_tag","embeddable":true,"href":"https:\/\/osepmendoza.com.ar\/web\/wp-json\/wp\/v2\/tags?post=48005"}],"curies":[{"name":"wp","href":"https:\/\/api.w.org\/{rel}","templated":true}]}}