{"id":47995,"date":"2022-10-28T13:55:46","date_gmt":"2022-10-28T16:55:46","guid":{"rendered":"https:\/\/osepmendoza.com.ar\/web\/?p=47995"},"modified":"2022-10-28T13:55:46","modified_gmt":"2022-10-28T16:55:46","slug":"1-acv-cada-9-minutos-jornada-concientizadora-junto-a-angels","status":"publish","type":"post","link":"https:\/\/osepmendoza.com.ar\/web\/1-acv-cada-9-minutos-jornada-concientizadora-junto-a-angels\/","title":{"rendered":"1 ACV cada 9 minutos: Jornada concientizadora junto a Angels"},"content":{"rendered":"<p class=\"western\"><span style=\"font-family: Arial, sans-serif;\"><b>El Accidente Cerebrovascular &#8211;<\/b><\/span><span style=\"font-family: Arial, sans-serif;\"><b>ACV- es la principal causa de discapacidad en mundo y la tercer causa de mortalidad. Respecto, a nuestro pa\u00eds se estima que ocurren 130.000 casos aproximadamente.<\/b><\/span><\/p>\n<p class=\"western\"><span style=\"font-family: Arial, sans-serif;\">El 29 de octubre, es el D\u00eda Mundial del Accidente Cerebrovascular y desde el Servicio de Neurolog\u00eda del Hospital El Carmen de OSEP, anualmente, se generan capacitaciones o charlas de formaci\u00f3n dirigidas a la poblaci\u00f3n o al personal de la Salud. <\/span><\/p>\n<p class=\"western\"><span style=\"font-family: Arial, sans-serif;\">Este 2022, la Jornada de Capacitaci\u00f3n se direcciona al personal de atenci\u00f3n inicial del paciente, es decir, a los profesionales de los Servicios de Emergencia y Guardia con la finalidad del transmitir conocimiento sobre las formas de trabajar. La idea es acelerar los procesos para que estos pacientes no sufran demoras en la recepci\u00f3n de la atenci\u00f3n m\u00e9dica para que r\u00e1pidamente les realicen una tomograf\u00eda y sean atendidos por un neur\u00f3logo que realice un diagn\u00f3stico preciso para su tratamiento.<\/span><\/p>\n<p class=\"western\"><span style=\"font-family: Arial, sans-serif;\">Las capacitaciones o entrenamientos continuos mediante jornadas y charlas para el personal m\u00e9dico y no m\u00e9dico han demostrado, significativamente, la reducci\u00f3n de las secuelas porque mejoran el tratamiento que recibe el paciente, es decir, una atenci\u00f3n m\u00e9dica en tiempo y forma. Todo esto mejora visiblemente la sobrevida de las personas.<\/span><\/p>\n<p class=\"western\"><span style=\"font-family: Arial, sans-serif;\"><b>Iniciativa Angels<\/b><\/span><\/p>\n<p class=\"western\"><span style=\"font-family: Arial, sans-serif;\">La Jornada de Capacitaci\u00f3n de ACV es auspiciada por Angels, una instituci\u00f3n a nivel mundial que busca generar capacitaciones en hospitales de todo el mundo que ayuden a convertirlos en Centros de Atenci\u00f3n Integrales del ACV. Es decir, generar formaci\u00f3n <\/span><span style=\"font-family: Arial, sans-serif;\">acad\u00e9mica, charlas, jornadas que permitan dar a conocer a todo el personal de salud, cu\u00e1les son los s\u00edntomas, cu\u00e1l es la urgencia en la atenci\u00f3n para evitar que el paciente al llegar al hospital sufran demoras innecesarias y reciba el tratamiento adecuado para su patolog\u00eda.<\/span><\/p>\n<p class=\"western\"><span style=\"font-family: Arial, sans-serif;\"><b>Por una Argentina libre de ACV<\/b><\/span><\/p>\n<p class=\"western\"><span style=\"font-family: Arial, sans-serif;\">Las actividades culminar\u00e1n, este s\u00e1bado 29 de octubre, con la 4\u00ba Caminata <strong>\u201cPor una Argentina Libre de ACV\u201d<\/strong>. El evento ser\u00e1 en el Rosedal del Parque General San Mart\u00edn, a las 10 horas. Tambi\u00e9n habr\u00e1 clases de gimnasia y stands saludables.<\/span><\/p>\n<p class=\"western\"><span style=\"font-family: Arial, sans-serif;\"><b>Para saber m\u00e1s<\/b><\/span><\/p>\n<p class=\"western\"><span style=\"font-family: Arial, sans-serif;\"><b>Tipos de Accidente Cerebrovascular<\/b><\/span><\/p>\n<p class=\"western\"><span style=\"font-family: Arial, sans-serif;\">El ACV se divide en dos grandes grupos: el isqu\u00e9mico y el hemorr\u00e1gico. En todos los casos su pron\u00f3stico, evoluci\u00f3n, sobrevida y secuelas dependen directamente del tiempo en que recibe atenci\u00f3n el paciente y de los tratamientos que puede recibir.<\/span><\/p>\n<p class=\"western\"><span style=\"font-family: Arial, sans-serif;\">El ACV isqu\u00e9mico se produce por la obstrucci\u00f3n de un vaso sangu\u00edneo, a nivel cerebral, lo que provoca un infarto cerebral. Y en el caso, del hemorr\u00e1gico, se origina por una ruptura en una arteria o vaso, en el \u00e1rea cerebral, generando una hemorragia en esta zona. <\/span><\/p>\n<p class=\"western\"><span style=\"font-family: Arial, sans-serif;\">Siempre hay que tener presente que la ventana terap\u00e9utica del ACV isqu\u00e9mico es de 4 horas y media desde que el paciente empieza con s\u00edntomas. Esto es fundamental porque si contamos el tiempo desde la aparici\u00f3n de los s\u00edntomas y traslado de la persona, muchas veces cuando llegan a la consulta quedan pocos minutos para diagnosticar e internar en la Unidad Cr\u00edtica para desobstruir la arteria afectada por medio de un f\u00e1rmaco que se coloca de forma endovenosa y tratar de disolver el co\u00e1gulo que est\u00e1 produciendo la enfermedad.<\/span><\/p>\n<p class=\"western\"><span style=\"font-family: Arial, sans-serif;\">En el caso del ACV Hemorr\u00e1gico se confirma mediante una tomograf\u00eda y se eval\u00faa la necesidad de trasladar al paciente a Unidad Cr\u00edtica para controlar y descender la presi\u00f3n arterial y evaluar si necesita una intervenci\u00f3n neuroquir\u00fargica. <\/span><\/p>\n<p class=\"western\"><span style=\"font-family: Arial, sans-serif;\"><b>No descartar estas se\u00f1ales<\/b><\/span><\/p>\n<p class=\"western\"><span style=\"font-family: Arial, sans-serif;\">Una persona debe consultar en un hospital o servicio de emergencia ante la aparici\u00f3n de todos o alguno de los siguientes s\u00edntomas: <\/span><\/p>\n<ul>\n<li style=\"list-style-type: none;\">\n<ul>\n<li><span style=\"font-family: Arial, sans-serif;\">Cefalea o dolor de cabeza intenso, s\u00fabito, nuevo<\/span><\/li>\n<\/ul>\n<\/li>\n<\/ul>\n<ul>\n<li style=\"list-style-type: none;\">\n<ul>\n<li><span style=\"font-family: Arial, sans-serif;\">Tr<\/span><span style=\"font-family: Arial, sans-serif;\">astorno del habla s\u00fabito, agudo, repentino. Que la persona no pueda emitir las palabras o las pronuncie de forma incorrecta. No se le entienda al hablar.<\/span><\/li>\n<\/ul>\n<\/li>\n<\/ul>\n<ul>\n<li style=\"list-style-type: none;\">\n<ul>\n<li><span style=\"font-family: Arial, sans-serif;\">Presente una desviaci\u00f3n de la comisura del labio o de la cara<\/span><\/li>\n<\/ul>\n<\/li>\n<\/ul>\n<ul>\n<li style=\"list-style-type: none;\">\n<ul>\n<li><span style=\"font-family: Arial, sans-serif;\">No pueda movilizar de forma correcta un brazo o sostenerlo en el aire<\/span><\/li>\n<\/ul>\n<\/li>\n<\/ul>\n<ul>\n<li style=\"list-style-type: none;\">\n<ul>\n<li><span style=\"font-family: Arial, sans-serif;\">Mostrar torpeza o p\u00e9rdida de fuerza en alguna de las piernas<\/span><\/li>\n<\/ul>\n<\/li>\n<\/ul>\n<ul>\n<li style=\"list-style-type: none;\">\n<ul>\n<li><span style=\"font-family: Arial, sans-serif;\">Trastorno del equilibrio de forma s\u00fabita, es decir, que no se pueda mantener sentado o de pie<\/span><\/li>\n<\/ul>\n<\/li>\n<\/ul>\n<ul>\n<li style=\"list-style-type: none;\">\n<ul>\n<li><span style=\"font-family: Arial, sans-serif;\">Impedimento en la marcha<\/span><\/li>\n<\/ul>\n<\/li>\n<\/ul>\n<ul>\n<li style=\"list-style-type: none;\">\n<ul>\n<li><span style=\"font-family: Arial, sans-serif;\">Cuadro vertiginoso agudo, es decir, que sienta que le dan vuelta las cosas<\/span><\/li>\n<\/ul>\n<\/li>\n<\/ul>\n<p class=\"western\"><span style=\"font-family: Arial, sans-serif;\">Los s\u00edntomas en el ACV se dan de forma s\u00fabita, de un momento para el otro y pueden corresponder a cualquiera de los dos tipos por lo que se debe concurrir r\u00e1pidamente a la consulta para que puedan evaluar el caso, realizar una tomograf\u00eda cerebral que permita identificar cualquiera de los dos cuadros y en base a los resultados instaurar la terap\u00e9utica adecuada.<\/span><\/p>\n<div id='gallery-1' class='gallery galleryid-47995 gallery-columns-3 gallery-size-thumbnail'><figure class='gallery-item'>\n\t\t\t<div class='gallery-icon landscape'>\n\t\t\t\t<a href='https:\/\/osepmendoza.com.ar\/web\/1-acv-cada-9-minutos-jornada-concientizadora-junto-a-angels\/angels-osep-2\/'><img loading=\"lazy\" decoding=\"async\" width=\"150\" height=\"150\" src=\"https:\/\/osepmendoza.com.ar\/web\/wp-content\/uploads\/2022\/10\/angels-osep-2-150x150.jpeg\" class=\"attachment-thumbnail size-thumbnail\" alt=\"\" srcset=\"https:\/\/osepmendoza.com.ar\/web\/wp-content\/uploads\/2022\/10\/angels-osep-2-150x150.jpeg 150w, https:\/\/osepmendoza.com.ar\/web\/wp-content\/uploads\/2022\/10\/angels-osep-2-660x660.jpeg 660w\" sizes=\"auto, (max-width: 150px) 100vw, 150px\" \/><\/a>\n\t\t\t<\/div><\/figure><figure class='gallery-item'>\n\t\t\t<div class='gallery-icon landscape'>\n\t\t\t\t<a href='https:\/\/osepmendoza.com.ar\/web\/1-acv-cada-9-minutos-jornada-concientizadora-junto-a-angels\/angels-osep\/'><img loading=\"lazy\" decoding=\"async\" width=\"150\" height=\"150\" src=\"https:\/\/osepmendoza.com.ar\/web\/wp-content\/uploads\/2022\/10\/angels-OSEP--150x150.jpeg\" class=\"attachment-thumbnail size-thumbnail\" alt=\"\" srcset=\"https:\/\/osepmendoza.com.ar\/web\/wp-content\/uploads\/2022\/10\/angels-OSEP--150x150.jpeg 150w, https:\/\/osepmendoza.com.ar\/web\/wp-content\/uploads\/2022\/10\/angels-OSEP--660x660.jpeg 660w\" sizes=\"auto, (max-width: 150px) 100vw, 150px\" \/><\/a>\n\t\t\t<\/div><\/figure><figure class='gallery-item'>\n\t\t\t<div class='gallery-icon landscape'>\n\t\t\t\t<a href='https:\/\/osepmendoza.com.ar\/web\/1-acv-cada-9-minutos-jornada-concientizadora-junto-a-angels\/angels-osep-1\/'><img loading=\"lazy\" decoding=\"async\" width=\"150\" height=\"150\" src=\"https:\/\/osepmendoza.com.ar\/web\/wp-content\/uploads\/2022\/10\/ANGELS-osep-1-150x150.jpeg\" class=\"attachment-thumbnail size-thumbnail\" alt=\"\" srcset=\"https:\/\/osepmendoza.com.ar\/web\/wp-content\/uploads\/2022\/10\/ANGELS-osep-1-150x150.jpeg 150w, https:\/\/osepmendoza.com.ar\/web\/wp-content\/uploads\/2022\/10\/ANGELS-osep-1-660x660.jpeg 660w\" sizes=\"auto, (max-width: 150px) 100vw, 150px\" \/><\/a>\n\t\t\t<\/div><\/figure>\n\t\t<\/div>\n\n","protected":false},"excerpt":{"rendered":"<p>El Accidente Cerebrovascular &#8211;ACV- es la principal causa de discapacidad&#8230;<\/p>\n","protected":false},"author":9,"featured_media":47996,"comment_status":"closed","ping_status":"open","sticky":false,"template":"","format":"standard","meta":{"_acf_changed":false,"inline_featured_image":false,"_exactmetrics_skip_tracking":false,"_exactmetrics_sitenote_active":false,"_exactmetrics_sitenote_note":"","_exactmetrics_sitenote_category":0,"footnotes":"","_links_to":"","_links_to_target":""},"categories":[1541],"tags":[],"class_list":["post-47995","post","type-post","status-publish","format-standard","has-post-thumbnail","hentry","category-osep"],"acf":[],"yoast_head":"<!-- This site is optimized with the Yoast SEO plugin v27.5 - https:\/\/yoast.com\/product\/yoast-seo-wordpress\/ -->\n<title>1 ACV cada 9 minutos: Jornada concientizadora junto a Angels - OSEP Mendoza<\/title>\n<meta name=\"robots\" content=\"index, follow, max-snippet:-1, max-image-preview:large, max-video-preview:-1\" \/>\n<link rel=\"canonical\" href=\"https:\/\/osepmendoza.com.ar\/web\/1-acv-cada-9-minutos-jornada-concientizadora-junto-a-angels\/\" \/>\n<meta property=\"og:locale\" content=\"es_ES\" \/>\n<meta property=\"og:type\" content=\"article\" \/>\n<meta property=\"og:title\" content=\"1 ACV cada 9 minutos: Jornada concientizadora junto a Angels - OSEP Mendoza\" \/>\n<meta property=\"og:description\" content=\"El Accidente Cerebrovascular &#8211;ACV- es la principal causa de discapacidad...\" \/>\n<meta property=\"og:url\" content=\"https:\/\/osepmendoza.com.ar\/web\/1-acv-cada-9-minutos-jornada-concientizadora-junto-a-angels\/\" \/>\n<meta property=\"og:site_name\" content=\"OSEP Mendoza\" \/>\n<meta property=\"article:publisher\" content=\"https:\/\/www.facebook.com\/OSEP.MendozaArg\/\" \/>\n<meta property=\"article:published_time\" content=\"2022-10-28T16:55:46+00:00\" \/>\n<meta property=\"og:image\" content=\"https:\/\/osepmendoza.com.ar\/web\/wp-content\/uploads\/2022\/10\/WhatsApp-Image-2022-10-28-at-13.44.13.jpeg\" \/>\n\t<meta property=\"og:image:width\" content=\"1600\" \/>\n\t<meta property=\"og:image:height\" content=\"640\" \/>\n\t<meta property=\"og:image:type\" content=\"image\/jpeg\" \/>\n<meta name=\"author\" content=\"Natalia\" \/>\n<meta name=\"twitter:card\" content=\"summary_large_image\" \/>\n<meta name=\"twitter:creator\" content=\"@OsepMza\" \/>\n<meta name=\"twitter:site\" content=\"@OsepMza\" \/>\n<meta name=\"twitter:label1\" content=\"Escrito por\" \/>\n\t<meta name=\"twitter:data1\" content=\"Natalia\" \/>\n\t<meta name=\"twitter:label2\" content=\"Tiempo de lectura\" \/>\n\t<meta name=\"twitter:data2\" content=\"4 minutos\" \/>\n<script type=\"application\/ld+json\" class=\"yoast-schema-graph\">{\"@context\":\"https:\\\/\\\/schema.org\",\"@graph\":[{\"@type\":\"Article\",\"@id\":\"https:\\\/\\\/osepmendoza.com.ar\\\/web\\\/1-acv-cada-9-minutos-jornada-concientizadora-junto-a-angels\\\/#article\",\"isPartOf\":{\"@id\":\"https:\\\/\\\/osepmendoza.com.ar\\\/web\\\/1-acv-cada-9-minutos-jornada-concientizadora-junto-a-angels\\\/\"},\"author\":{\"name\":\"Natalia\",\"@id\":\"https:\\\/\\\/osepmendoza.com.ar\\\/web\\\/#\\\/schema\\\/person\\\/2590e96f8ad3beae7291ee632fea6f9a\"},\"headline\":\"1 ACV cada 9 minutos: Jornada concientizadora junto a Angels\",\"datePublished\":\"2022-10-28T16:55:46+00:00\",\"mainEntityOfPage\":{\"@id\":\"https:\\\/\\\/osepmendoza.com.ar\\\/web\\\/1-acv-cada-9-minutos-jornada-concientizadora-junto-a-angels\\\/\"},\"wordCount\":822,\"publisher\":{\"@id\":\"https:\\\/\\\/osepmendoza.com.ar\\\/web\\\/#organization\"},\"image\":{\"@id\":\"https:\\\/\\\/osepmendoza.com.ar\\\/web\\\/1-acv-cada-9-minutos-jornada-concientizadora-junto-a-angels\\\/#primaryimage\"},\"thumbnailUrl\":\"https:\\\/\\\/osepmendoza.com.ar\\\/web\\\/wp-content\\\/uploads\\\/2022\\\/10\\\/WhatsApp-Image-2022-10-28-at-13.44.13.jpeg\",\"articleSection\":[\"OSEP\"],\"inLanguage\":\"es\"},{\"@type\":\"WebPage\",\"@id\":\"https:\\\/\\\/osepmendoza.com.ar\\\/web\\\/1-acv-cada-9-minutos-jornada-concientizadora-junto-a-angels\\\/\",\"url\":\"https:\\\/\\\/osepmendoza.com.ar\\\/web\\\/1-acv-cada-9-minutos-jornada-concientizadora-junto-a-angels\\\/\",\"name\":\"1 ACV cada 9 minutos: Jornada concientizadora junto a Angels - OSEP Mendoza\",\"isPartOf\":{\"@id\":\"https:\\\/\\\/osepmendoza.com.ar\\\/web\\\/#website\"},\"primaryImageOfPage\":{\"@id\":\"https:\\\/\\\/osepmendoza.com.ar\\\/web\\\/1-acv-cada-9-minutos-jornada-concientizadora-junto-a-angels\\\/#primaryimage\"},\"image\":{\"@id\":\"https:\\\/\\\/osepmendoza.com.ar\\\/web\\\/1-acv-cada-9-minutos-jornada-concientizadora-junto-a-angels\\\/#primaryimage\"},\"thumbnailUrl\":\"https:\\\/\\\/osepmendoza.com.ar\\\/web\\\/wp-content\\\/uploads\\\/2022\\\/10\\\/WhatsApp-Image-2022-10-28-at-13.44.13.jpeg\",\"datePublished\":\"2022-10-28T16:55:46+00:00\",\"breadcrumb\":{\"@id\":\"https:\\\/\\\/osepmendoza.com.ar\\\/web\\\/1-acv-cada-9-minutos-jornada-concientizadora-junto-a-angels\\\/#breadcrumb\"},\"inLanguage\":\"es\",\"potentialAction\":[{\"@type\":\"ReadAction\",\"target\":[\"https:\\\/\\\/osepmendoza.com.ar\\\/web\\\/1-acv-cada-9-minutos-jornada-concientizadora-junto-a-angels\\\/\"]}]},{\"@type\":\"ImageObject\",\"inLanguage\":\"es\",\"@id\":\"https:\\\/\\\/osepmendoza.com.ar\\\/web\\\/1-acv-cada-9-minutos-jornada-concientizadora-junto-a-angels\\\/#primaryimage\",\"url\":\"https:\\\/\\\/osepmendoza.com.ar\\\/web\\\/wp-content\\\/uploads\\\/2022\\\/10\\\/WhatsApp-Image-2022-10-28-at-13.44.13.jpeg\",\"contentUrl\":\"https:\\\/\\\/osepmendoza.com.ar\\\/web\\\/wp-content\\\/uploads\\\/2022\\\/10\\\/WhatsApp-Image-2022-10-28-at-13.44.13.jpeg\",\"width\":1600,\"height\":640},{\"@type\":\"BreadcrumbList\",\"@id\":\"https:\\\/\\\/osepmendoza.com.ar\\\/web\\\/1-acv-cada-9-minutos-jornada-concientizadora-junto-a-angels\\\/#breadcrumb\",\"itemListElement\":[{\"@type\":\"ListItem\",\"position\":1,\"name\":\"Portada\",\"item\":\"https:\\\/\\\/osepmendoza.com.ar\\\/web\\\/\"},{\"@type\":\"ListItem\",\"position\":2,\"name\":\"1 ACV cada 9 minutos: Jornada concientizadora junto a Angels\"}]},{\"@type\":\"WebSite\",\"@id\":\"https:\\\/\\\/osepmendoza.com.ar\\\/web\\\/#website\",\"url\":\"https:\\\/\\\/osepmendoza.com.ar\\\/web\\\/\",\"name\":\"OSEP Mendoza\",\"description\":\"Obra Social de los Empleados P\u00fablicos de Mendoza\",\"publisher\":{\"@id\":\"https:\\\/\\\/osepmendoza.com.ar\\\/web\\\/#organization\"},\"potentialAction\":[{\"@type\":\"SearchAction\",\"target\":{\"@type\":\"EntryPoint\",\"urlTemplate\":\"https:\\\/\\\/osepmendoza.com.ar\\\/web\\\/?s={search_term_string}\"},\"query-input\":{\"@type\":\"PropertyValueSpecification\",\"valueRequired\":true,\"valueName\":\"search_term_string\"}}],\"inLanguage\":\"es\"},{\"@type\":\"Organization\",\"@id\":\"https:\\\/\\\/osepmendoza.com.ar\\\/web\\\/#organization\",\"name\":\"OSEP - Obra Social de Empleados P\u00fablicos de Mendoza\",\"url\":\"https:\\\/\\\/osepmendoza.com.ar\\\/web\\\/\",\"logo\":{\"@type\":\"ImageObject\",\"inLanguage\":\"es\",\"@id\":\"https:\\\/\\\/osepmendoza.com.ar\\\/web\\\/#\\\/schema\\\/logo\\\/image\\\/\",\"url\":\"https:\\\/\\\/osepmendoza.com.ar\\\/web\\\/wp-content\\\/uploads\\\/2020\\\/04\\\/lkTM9T9z.jpg\",\"contentUrl\":\"https:\\\/\\\/osepmendoza.com.ar\\\/web\\\/wp-content\\\/uploads\\\/2020\\\/04\\\/lkTM9T9z.jpg\",\"width\":334,\"height\":334,\"caption\":\"OSEP - Obra Social de Empleados P\u00fablicos de Mendoza\"},\"image\":{\"@id\":\"https:\\\/\\\/osepmendoza.com.ar\\\/web\\\/#\\\/schema\\\/logo\\\/image\\\/\"},\"sameAs\":[\"https:\\\/\\\/www.facebook.com\\\/OSEP.MendozaArg\\\/\",\"https:\\\/\\\/x.com\\\/OsepMza\",\"https:\\\/\\\/www.instagram.com\\\/osep.mendoza\\\/\",\"https:\\\/\\\/www.youtube.com\\\/user\\\/osepvideos\"]},{\"@type\":\"Person\",\"@id\":\"https:\\\/\\\/osepmendoza.com.ar\\\/web\\\/#\\\/schema\\\/person\\\/2590e96f8ad3beae7291ee632fea6f9a\",\"name\":\"Natalia\",\"image\":{\"@type\":\"ImageObject\",\"inLanguage\":\"es\",\"@id\":\"https:\\\/\\\/secure.gravatar.com\\\/avatar\\\/7ff3d3b56137b46f328f9afe7b1d2a340581d3390d9774896e20f3d7f8d9258c?s=96&d=mm&r=g\",\"url\":\"https:\\\/\\\/secure.gravatar.com\\\/avatar\\\/7ff3d3b56137b46f328f9afe7b1d2a340581d3390d9774896e20f3d7f8d9258c?s=96&d=mm&r=g\",\"contentUrl\":\"https:\\\/\\\/secure.gravatar.com\\\/avatar\\\/7ff3d3b56137b46f328f9afe7b1d2a340581d3390d9774896e20f3d7f8d9258c?s=96&d=mm&r=g\",\"caption\":\"Natalia\"},\"sameAs\":[\"http:\\\/\\\/osepmendoza.com.ar\\\/web\"]}]}<\/script>\n<!-- \/ Yoast SEO plugin. -->","yoast_head_json":{"title":"1 ACV cada 9 minutos: Jornada concientizadora junto a Angels - OSEP Mendoza","robots":{"index":"index","follow":"follow","max-snippet":"max-snippet:-1","max-image-preview":"max-image-preview:large","max-video-preview":"max-video-preview:-1"},"canonical":"https:\/\/osepmendoza.com.ar\/web\/1-acv-cada-9-minutos-jornada-concientizadora-junto-a-angels\/","og_locale":"es_ES","og_type":"article","og_title":"1 ACV cada 9 minutos: Jornada concientizadora junto a Angels - OSEP Mendoza","og_description":"El Accidente Cerebrovascular &#8211;ACV- es la principal causa de discapacidad...","og_url":"https:\/\/osepmendoza.com.ar\/web\/1-acv-cada-9-minutos-jornada-concientizadora-junto-a-angels\/","og_site_name":"OSEP Mendoza","article_publisher":"https:\/\/www.facebook.com\/OSEP.MendozaArg\/","article_published_time":"2022-10-28T16:55:46+00:00","og_image":[{"width":1600,"height":640,"url":"https:\/\/osepmendoza.com.ar\/web\/wp-content\/uploads\/2022\/10\/WhatsApp-Image-2022-10-28-at-13.44.13.jpeg","type":"image\/jpeg"}],"author":"Natalia","twitter_card":"summary_large_image","twitter_creator":"@OsepMza","twitter_site":"@OsepMza","twitter_misc":{"Escrito por":"Natalia","Tiempo de lectura":"4 minutos"},"schema":{"@context":"https:\/\/schema.org","@graph":[{"@type":"Article","@id":"https:\/\/osepmendoza.com.ar\/web\/1-acv-cada-9-minutos-jornada-concientizadora-junto-a-angels\/#article","isPartOf":{"@id":"https:\/\/osepmendoza.com.ar\/web\/1-acv-cada-9-minutos-jornada-concientizadora-junto-a-angels\/"},"author":{"name":"Natalia","@id":"https:\/\/osepmendoza.com.ar\/web\/#\/schema\/person\/2590e96f8ad3beae7291ee632fea6f9a"},"headline":"1 ACV cada 9 minutos: Jornada concientizadora junto a Angels","datePublished":"2022-10-28T16:55:46+00:00","mainEntityOfPage":{"@id":"https:\/\/osepmendoza.com.ar\/web\/1-acv-cada-9-minutos-jornada-concientizadora-junto-a-angels\/"},"wordCount":822,"publisher":{"@id":"https:\/\/osepmendoza.com.ar\/web\/#organization"},"image":{"@id":"https:\/\/osepmendoza.com.ar\/web\/1-acv-cada-9-minutos-jornada-concientizadora-junto-a-angels\/#primaryimage"},"thumbnailUrl":"https:\/\/osepmendoza.com.ar\/web\/wp-content\/uploads\/2022\/10\/WhatsApp-Image-2022-10-28-at-13.44.13.jpeg","articleSection":["OSEP"],"inLanguage":"es"},{"@type":"WebPage","@id":"https:\/\/osepmendoza.com.ar\/web\/1-acv-cada-9-minutos-jornada-concientizadora-junto-a-angels\/","url":"https:\/\/osepmendoza.com.ar\/web\/1-acv-cada-9-minutos-jornada-concientizadora-junto-a-angels\/","name":"1 ACV cada 9 minutos: Jornada concientizadora junto a Angels - OSEP Mendoza","isPartOf":{"@id":"https:\/\/osepmendoza.com.ar\/web\/#website"},"primaryImageOfPage":{"@id":"https:\/\/osepmendoza.com.ar\/web\/1-acv-cada-9-minutos-jornada-concientizadora-junto-a-angels\/#primaryimage"},"image":{"@id":"https:\/\/osepmendoza.com.ar\/web\/1-acv-cada-9-minutos-jornada-concientizadora-junto-a-angels\/#primaryimage"},"thumbnailUrl":"https:\/\/osepmendoza.com.ar\/web\/wp-content\/uploads\/2022\/10\/WhatsApp-Image-2022-10-28-at-13.44.13.jpeg","datePublished":"2022-10-28T16:55:46+00:00","breadcrumb":{"@id":"https:\/\/osepmendoza.com.ar\/web\/1-acv-cada-9-minutos-jornada-concientizadora-junto-a-angels\/#breadcrumb"},"inLanguage":"es","potentialAction":[{"@type":"ReadAction","target":["https:\/\/osepmendoza.com.ar\/web\/1-acv-cada-9-minutos-jornada-concientizadora-junto-a-angels\/"]}]},{"@type":"ImageObject","inLanguage":"es","@id":"https:\/\/osepmendoza.com.ar\/web\/1-acv-cada-9-minutos-jornada-concientizadora-junto-a-angels\/#primaryimage","url":"https:\/\/osepmendoza.com.ar\/web\/wp-content\/uploads\/2022\/10\/WhatsApp-Image-2022-10-28-at-13.44.13.jpeg","contentUrl":"https:\/\/osepmendoza.com.ar\/web\/wp-content\/uploads\/2022\/10\/WhatsApp-Image-2022-10-28-at-13.44.13.jpeg","width":1600,"height":640},{"@type":"BreadcrumbList","@id":"https:\/\/osepmendoza.com.ar\/web\/1-acv-cada-9-minutos-jornada-concientizadora-junto-a-angels\/#breadcrumb","itemListElement":[{"@type":"ListItem","position":1,"name":"Portada","item":"https:\/\/osepmendoza.com.ar\/web\/"},{"@type":"ListItem","position":2,"name":"1 ACV cada 9 minutos: Jornada concientizadora junto a Angels"}]},{"@type":"WebSite","@id":"https:\/\/osepmendoza.com.ar\/web\/#website","url":"https:\/\/osepmendoza.com.ar\/web\/","name":"OSEP Mendoza","description":"Obra Social de los Empleados P\u00fablicos de Mendoza","publisher":{"@id":"https:\/\/osepmendoza.com.ar\/web\/#organization"},"potentialAction":[{"@type":"SearchAction","target":{"@type":"EntryPoint","urlTemplate":"https:\/\/osepmendoza.com.ar\/web\/?s={search_term_string}"},"query-input":{"@type":"PropertyValueSpecification","valueRequired":true,"valueName":"search_term_string"}}],"inLanguage":"es"},{"@type":"Organization","@id":"https:\/\/osepmendoza.com.ar\/web\/#organization","name":"OSEP - Obra Social de Empleados P\u00fablicos de Mendoza","url":"https:\/\/osepmendoza.com.ar\/web\/","logo":{"@type":"ImageObject","inLanguage":"es","@id":"https:\/\/osepmendoza.com.ar\/web\/#\/schema\/logo\/image\/","url":"https:\/\/osepmendoza.com.ar\/web\/wp-content\/uploads\/2020\/04\/lkTM9T9z.jpg","contentUrl":"https:\/\/osepmendoza.com.ar\/web\/wp-content\/uploads\/2020\/04\/lkTM9T9z.jpg","width":334,"height":334,"caption":"OSEP - Obra Social de Empleados P\u00fablicos de Mendoza"},"image":{"@id":"https:\/\/osepmendoza.com.ar\/web\/#\/schema\/logo\/image\/"},"sameAs":["https:\/\/www.facebook.com\/OSEP.MendozaArg\/","https:\/\/x.com\/OsepMza","https:\/\/www.instagram.com\/osep.mendoza\/","https:\/\/www.youtube.com\/user\/osepvideos"]},{"@type":"Person","@id":"https:\/\/osepmendoza.com.ar\/web\/#\/schema\/person\/2590e96f8ad3beae7291ee632fea6f9a","name":"Natalia","image":{"@type":"ImageObject","inLanguage":"es","@id":"https:\/\/secure.gravatar.com\/avatar\/7ff3d3b56137b46f328f9afe7b1d2a340581d3390d9774896e20f3d7f8d9258c?s=96&d=mm&r=g","url":"https:\/\/secure.gravatar.com\/avatar\/7ff3d3b56137b46f328f9afe7b1d2a340581d3390d9774896e20f3d7f8d9258c?s=96&d=mm&r=g","contentUrl":"https:\/\/secure.gravatar.com\/avatar\/7ff3d3b56137b46f328f9afe7b1d2a340581d3390d9774896e20f3d7f8d9258c?s=96&d=mm&r=g","caption":"Natalia"},"sameAs":["http:\/\/osepmendoza.com.ar\/web"]}]}},"amp_enabled":true,"_links":{"self":[{"href":"https:\/\/osepmendoza.com.ar\/web\/wp-json\/wp\/v2\/posts\/47995","targetHints":{"allow":["GET"]}}],"collection":[{"href":"https:\/\/osepmendoza.com.ar\/web\/wp-json\/wp\/v2\/posts"}],"about":[{"href":"https:\/\/osepmendoza.com.ar\/web\/wp-json\/wp\/v2\/types\/post"}],"author":[{"embeddable":true,"href":"https:\/\/osepmendoza.com.ar\/web\/wp-json\/wp\/v2\/users\/9"}],"replies":[{"embeddable":true,"href":"https:\/\/osepmendoza.com.ar\/web\/wp-json\/wp\/v2\/comments?post=47995"}],"version-history":[{"count":1,"href":"https:\/\/osepmendoza.com.ar\/web\/wp-json\/wp\/v2\/posts\/47995\/revisions"}],"predecessor-version":[{"id":48000,"href":"https:\/\/osepmendoza.com.ar\/web\/wp-json\/wp\/v2\/posts\/47995\/revisions\/48000"}],"wp:featuredmedia":[{"embeddable":true,"href":"https:\/\/osepmendoza.com.ar\/web\/wp-json\/wp\/v2\/media\/47996"}],"wp:attachment":[{"href":"https:\/\/osepmendoza.com.ar\/web\/wp-json\/wp\/v2\/media?parent=47995"}],"wp:term":[{"taxonomy":"category","embeddable":true,"href":"https:\/\/osepmendoza.com.ar\/web\/wp-json\/wp\/v2\/categories?post=47995"},{"taxonomy":"post_tag","embeddable":true,"href":"https:\/\/osepmendoza.com.ar\/web\/wp-json\/wp\/v2\/tags?post=47995"}],"curies":[{"name":"wp","href":"https:\/\/api.w.org\/{rel}","templated":true}]}}