{"id":47819,"date":"2022-10-19T15:37:58","date_gmt":"2022-10-19T18:37:58","guid":{"rendered":"https:\/\/osepmendoza.com.ar\/web\/?p=47819"},"modified":"2022-10-20T08:19:05","modified_gmt":"2022-10-20T11:19:05","slug":"osep-presente-en-la-campana-infancias-saludables","status":"publish","type":"post","link":"https:\/\/osepmendoza.com.ar\/web\/osep-presente-en-la-campana-infancias-saludables\/","title":{"rendered":"OSEP presente en la Campa\u00f1a \u201cInfancias Saludables\u201d"},"content":{"rendered":"<p>En el marco del D\u00eda Nacional de la Lucha contra la Obesidad -establecido desde 2017 cada tercer mi\u00e9rcoles de octubre- el Departamento de Nutrici\u00f3n y Alimentaci\u00f3n y la Divisi\u00f3n Ser en Movimiento de OSEP se sumaron al lanzamiento de la campa\u00f1a de prevenci\u00f3n de obesidad organizada por la Direcci\u00f3n de Prevenci\u00f3n y Promoci\u00f3n de la Salud del Ministerio de Salud de Mendoza. La actividad se llev\u00f3 a cabo en la Plaza Sarmiento, de Ciudad y cont\u00f3 con la participaci\u00f3n de la comunidad educativa de la Escuela Bombal.<\/p>\n<p>Bajo el eslogan \u201cInfancias Saludables\u201d, se desarroll\u00f3 una jornada de concientizaci\u00f3n sobre h\u00e1bitos saludables en la que estudiantes de la Escuela Bombal, acompa\u00f1ados de docentes y familiares, disfrutaron de juegos, meriendas nutritivas y aprendieron sobre la correcta alimentaci\u00f3n, asesorados por profesionales de Nutrici\u00f3n.<\/p>\n<p>Por su parte, los Profesores de Educaci\u00f3n F\u00edsica de la Divisi\u00f3n Ser En Movimiento propusieron diferentes desaf\u00edos f\u00edsicos y concientizaron sobre la importancia de hacer ejercicio en forma habitual.<\/p>\n<p>El objetivo de esta campa\u00f1a es instalar la problem\u00e1tica de la obesidad y el sobrepeso en la agenda p\u00fablica y, de esta manera, sensibilizar a la poblaci\u00f3n sobre su prevenci\u00f3n y tratamiento.<\/p>\n<p><strong>Datos alarmantes<\/strong><\/p>\n<p>Seg\u00fan la \u00faltima Encuesta Nacional de Factores de Riesgo en 2019, el 61,6 % de las personas en Argentina presenta exceso de peso (36,2% sobrepeso y 25,4% obesidad ). Unicef advirti\u00f3 que Argentina tiene la tasa m\u00e1s alta de exceso de peso en menores de 5 a\u00f1os en Am\u00e9rica Latina: el 13,6%.<\/p>\n<p>Cabe destacar que la obesidad incrementa el riesgo de enfermedades cr\u00f3nicas no transmisibles, enfermedad cardiovascular, diabetes, hipertensi\u00f3n arterial y las probabilidades de desarrollar varios tipos de c\u00e1ncer.<\/p>\n<p>Los profesionales indican que tener una alimentaci\u00f3n saludable de por vida, rutina de actividad f\u00edsica reglada y vida activa son claves para prevenir y controlar el sobrepeso y la obesidad.<\/p>\n<div id='gallery-1' class='gallery galleryid-47819 gallery-columns-1 gallery-size-large'><figure class='gallery-item'>\n\t\t\t<div class='gallery-icon landscape'>\n\t\t\t\t<a href='https:\/\/osepmendoza.com.ar\/web\/osep-presente-en-la-campana-infancias-saludables\/infancias-saludables-2022-1\/'><img loading=\"lazy\" decoding=\"async\" width=\"1024\" height=\"768\" src=\"https:\/\/osepmendoza.com.ar\/web\/wp-content\/uploads\/2022\/10\/infancias-saludables-2022-1-1024x768.jpeg\" class=\"attachment-large size-large\" alt=\"\" srcset=\"https:\/\/osepmendoza.com.ar\/web\/wp-content\/uploads\/2022\/10\/infancias-saludables-2022-1-1024x768.jpeg 1024w, https:\/\/osepmendoza.com.ar\/web\/wp-content\/uploads\/2022\/10\/infancias-saludables-2022-1-300x225.jpeg 300w, https:\/\/osepmendoza.com.ar\/web\/wp-content\/uploads\/2022\/10\/infancias-saludables-2022-1-768x576.jpeg 768w, https:\/\/osepmendoza.com.ar\/web\/wp-content\/uploads\/2022\/10\/infancias-saludables-2022-1.jpeg 1280w\" sizes=\"auto, (max-width: 1024px) 100vw, 1024px\" \/><\/a>\n\t\t\t<\/div><\/figure><figure class='gallery-item'>\n\t\t\t<div class='gallery-icon landscape'>\n\t\t\t\t<a href='https:\/\/osepmendoza.com.ar\/web\/osep-presente-en-la-campana-infancias-saludables\/infancias-saludables-2022-2\/'><img loading=\"lazy\" decoding=\"async\" width=\"1024\" height=\"768\" src=\"https:\/\/osepmendoza.com.ar\/web\/wp-content\/uploads\/2022\/10\/infancias-saludables-2022-2-1024x768.jpeg\" class=\"attachment-large size-large\" alt=\"\" srcset=\"https:\/\/osepmendoza.com.ar\/web\/wp-content\/uploads\/2022\/10\/infancias-saludables-2022-2-1024x768.jpeg 1024w, https:\/\/osepmendoza.com.ar\/web\/wp-content\/uploads\/2022\/10\/infancias-saludables-2022-2-300x225.jpeg 300w, https:\/\/osepmendoza.com.ar\/web\/wp-content\/uploads\/2022\/10\/infancias-saludables-2022-2-768x576.jpeg 768w, https:\/\/osepmendoza.com.ar\/web\/wp-content\/uploads\/2022\/10\/infancias-saludables-2022-2.jpeg 1280w\" sizes=\"auto, (max-width: 1024px) 100vw, 1024px\" \/><\/a>\n\t\t\t<\/div><\/figure><figure class='gallery-item'>\n\t\t\t<div class='gallery-icon landscape'>\n\t\t\t\t<a href='https:\/\/osepmendoza.com.ar\/web\/osep-presente-en-la-campana-infancias-saludables\/infancias-saludables-2022-5\/'><img loading=\"lazy\" decoding=\"async\" width=\"1024\" height=\"576\" src=\"https:\/\/osepmendoza.com.ar\/web\/wp-content\/uploads\/2022\/10\/infancias-saludables-2022-5-1024x576.jpeg\" class=\"attachment-large size-large\" alt=\"\" srcset=\"https:\/\/osepmendoza.com.ar\/web\/wp-content\/uploads\/2022\/10\/infancias-saludables-2022-5-1024x576.jpeg 1024w, https:\/\/osepmendoza.com.ar\/web\/wp-content\/uploads\/2022\/10\/infancias-saludables-2022-5-300x169.jpeg 300w, https:\/\/osepmendoza.com.ar\/web\/wp-content\/uploads\/2022\/10\/infancias-saludables-2022-5-768x432.jpeg 768w, https:\/\/osepmendoza.com.ar\/web\/wp-content\/uploads\/2022\/10\/infancias-saludables-2022-5-1200x675.jpeg 1200w, https:\/\/osepmendoza.com.ar\/web\/wp-content\/uploads\/2022\/10\/infancias-saludables-2022-5.jpeg 1280w\" sizes=\"auto, (max-width: 1024px) 100vw, 1024px\" \/><\/a>\n\t\t\t<\/div><\/figure><figure class='gallery-item'>\n\t\t\t<div class='gallery-icon landscape'>\n\t\t\t\t<a href='https:\/\/osepmendoza.com.ar\/web\/osep-presente-en-la-campana-infancias-saludables\/infancias-saludables-2022-3\/'><img loading=\"lazy\" decoding=\"async\" width=\"1024\" height=\"768\" src=\"https:\/\/osepmendoza.com.ar\/web\/wp-content\/uploads\/2022\/10\/infancias-saludables-2022-3-1024x768.jpeg\" class=\"attachment-large size-large\" alt=\"\" srcset=\"https:\/\/osepmendoza.com.ar\/web\/wp-content\/uploads\/2022\/10\/infancias-saludables-2022-3-1024x768.jpeg 1024w, https:\/\/osepmendoza.com.ar\/web\/wp-content\/uploads\/2022\/10\/infancias-saludables-2022-3-300x225.jpeg 300w, https:\/\/osepmendoza.com.ar\/web\/wp-content\/uploads\/2022\/10\/infancias-saludables-2022-3-768x576.jpeg 768w, https:\/\/osepmendoza.com.ar\/web\/wp-content\/uploads\/2022\/10\/infancias-saludables-2022-3.jpeg 1280w\" sizes=\"auto, (max-width: 1024px) 100vw, 1024px\" \/><\/a>\n\t\t\t<\/div><\/figure><figure class='gallery-item'>\n\t\t\t<div class='gallery-icon landscape'>\n\t\t\t\t<a href='https:\/\/osepmendoza.com.ar\/web\/osep-presente-en-la-campana-infancias-saludables\/infancias-saludables-2022-4\/'><img loading=\"lazy\" decoding=\"async\" width=\"1024\" height=\"768\" src=\"https:\/\/osepmendoza.com.ar\/web\/wp-content\/uploads\/2022\/10\/infancias-saludables-2022-4-1024x768.jpeg\" class=\"attachment-large size-large\" alt=\"\" srcset=\"https:\/\/osepmendoza.com.ar\/web\/wp-content\/uploads\/2022\/10\/infancias-saludables-2022-4-1024x768.jpeg 1024w, https:\/\/osepmendoza.com.ar\/web\/wp-content\/uploads\/2022\/10\/infancias-saludables-2022-4-300x225.jpeg 300w, https:\/\/osepmendoza.com.ar\/web\/wp-content\/uploads\/2022\/10\/infancias-saludables-2022-4-768x576.jpeg 768w, https:\/\/osepmendoza.com.ar\/web\/wp-content\/uploads\/2022\/10\/infancias-saludables-2022-4.jpeg 1280w\" sizes=\"auto, (max-width: 1024px) 100vw, 1024px\" \/><\/a>\n\t\t\t<\/div><\/figure>\n\t\t<\/div>\n\n","protected":false},"excerpt":{"rendered":"<p>En el marco del D\u00eda Nacional de la Lucha contra&#8230;<\/p>\n","protected":false},"author":6,"featured_media":47820,"comment_status":"closed","ping_status":"open","sticky":false,"template":"","format":"standard","meta":{"_acf_changed":false,"inline_featured_image":false,"_exactmetrics_skip_tracking":false,"_exactmetrics_sitenote_active":false,"_exactmetrics_sitenote_note":"","_exactmetrics_sitenote_category":0,"footnotes":"","_links_to":"","_links_to_target":""},"categories":[101],"tags":[155,347,1372,480,533,112,104,1687],"class_list":["post-47819","post","type-post","status-publish","format-standard","has-post-thumbnail","hentry","category-noticias","tag-alimentacion","tag-mendoza","tag-ministerio","tag-nutricion","tag-obesidad","tag-osep","tag-salud","tag-ser-en-movimiento"],"acf":[],"yoast_head":"<!-- This site is optimized with the Yoast SEO plugin v27.5 - https:\/\/yoast.com\/product\/yoast-seo-wordpress\/ -->\n<title>OSEP presente en la Campa\u00f1a \u201cInfancias Saludables\u201d - OSEP Mendoza<\/title>\n<meta name=\"robots\" content=\"index, follow, max-snippet:-1, max-image-preview:large, max-video-preview:-1\" \/>\n<link rel=\"canonical\" href=\"https:\/\/osepmendoza.com.ar\/web\/osep-presente-en-la-campana-infancias-saludables\/\" \/>\n<meta property=\"og:locale\" content=\"es_ES\" \/>\n<meta property=\"og:type\" content=\"article\" \/>\n<meta property=\"og:title\" content=\"OSEP presente en la Campa\u00f1a \u201cInfancias Saludables\u201d - OSEP Mendoza\" \/>\n<meta property=\"og:description\" content=\"En el marco del D\u00eda Nacional de la Lucha contra...\" \/>\n<meta property=\"og:url\" content=\"https:\/\/osepmendoza.com.ar\/web\/osep-presente-en-la-campana-infancias-saludables\/\" \/>\n<meta property=\"og:site_name\" content=\"OSEP Mendoza\" \/>\n<meta property=\"article:publisher\" content=\"https:\/\/www.facebook.com\/OSEP.MendozaArg\/\" \/>\n<meta property=\"article:published_time\" content=\"2022-10-19T18:37:58+00:00\" \/>\n<meta property=\"article:modified_time\" content=\"2022-10-20T11:19:05+00:00\" \/>\n<meta property=\"og:image\" content=\"https:\/\/osepmendoza.com.ar\/web\/wp-content\/uploads\/2022\/10\/portada-infancias-saludables.jpg\" \/>\n\t<meta property=\"og:image:width\" content=\"1200\" \/>\n\t<meta property=\"og:image:height\" content=\"438\" \/>\n\t<meta property=\"og:image:type\" content=\"image\/jpeg\" \/>\n<meta name=\"author\" content=\"Emiliano Sandobal\" \/>\n<meta name=\"twitter:card\" content=\"summary_large_image\" \/>\n<meta name=\"twitter:creator\" content=\"@OsepMza\" \/>\n<meta name=\"twitter:site\" content=\"@OsepMza\" \/>\n<meta name=\"twitter:label1\" content=\"Escrito por\" \/>\n\t<meta name=\"twitter:data1\" content=\"Emiliano Sandobal\" \/>\n\t<meta name=\"twitter:label2\" content=\"Tiempo de lectura\" \/>\n\t<meta name=\"twitter:data2\" content=\"2 minutos\" \/>\n<script type=\"application\/ld+json\" class=\"yoast-schema-graph\">{\"@context\":\"https:\\\/\\\/schema.org\",\"@graph\":[{\"@type\":\"Article\",\"@id\":\"https:\\\/\\\/osepmendoza.com.ar\\\/web\\\/osep-presente-en-la-campana-infancias-saludables\\\/#article\",\"isPartOf\":{\"@id\":\"https:\\\/\\\/osepmendoza.com.ar\\\/web\\\/osep-presente-en-la-campana-infancias-saludables\\\/\"},\"author\":{\"name\":\"Emiliano Sandobal\",\"@id\":\"https:\\\/\\\/osepmendoza.com.ar\\\/web\\\/#\\\/schema\\\/person\\\/4e7a5e0118245838f9f783a763779211\"},\"headline\":\"OSEP presente en la Campa\u00f1a \u201cInfancias Saludables\u201d\",\"datePublished\":\"2022-10-19T18:37:58+00:00\",\"dateModified\":\"2022-10-20T11:19:05+00:00\",\"mainEntityOfPage\":{\"@id\":\"https:\\\/\\\/osepmendoza.com.ar\\\/web\\\/osep-presente-en-la-campana-infancias-saludables\\\/\"},\"wordCount\":341,\"publisher\":{\"@id\":\"https:\\\/\\\/osepmendoza.com.ar\\\/web\\\/#organization\"},\"image\":{\"@id\":\"https:\\\/\\\/osepmendoza.com.ar\\\/web\\\/osep-presente-en-la-campana-infancias-saludables\\\/#primaryimage\"},\"thumbnailUrl\":\"https:\\\/\\\/osepmendoza.com.ar\\\/web\\\/wp-content\\\/uploads\\\/2022\\\/10\\\/portada-infancias-saludables.jpg\",\"keywords\":[\"alimentaci\u00f3n\",\"mendoza\",\"ministerio\",\"Nutrici\u00f3n\",\"obesidad\",\"osep\",\"salud\",\"ser en movimiento\"],\"articleSection\":[\"Noticias\"],\"inLanguage\":\"es\"},{\"@type\":\"WebPage\",\"@id\":\"https:\\\/\\\/osepmendoza.com.ar\\\/web\\\/osep-presente-en-la-campana-infancias-saludables\\\/\",\"url\":\"https:\\\/\\\/osepmendoza.com.ar\\\/web\\\/osep-presente-en-la-campana-infancias-saludables\\\/\",\"name\":\"OSEP presente en la Campa\u00f1a \u201cInfancias Saludables\u201d - OSEP Mendoza\",\"isPartOf\":{\"@id\":\"https:\\\/\\\/osepmendoza.com.ar\\\/web\\\/#website\"},\"primaryImageOfPage\":{\"@id\":\"https:\\\/\\\/osepmendoza.com.ar\\\/web\\\/osep-presente-en-la-campana-infancias-saludables\\\/#primaryimage\"},\"image\":{\"@id\":\"https:\\\/\\\/osepmendoza.com.ar\\\/web\\\/osep-presente-en-la-campana-infancias-saludables\\\/#primaryimage\"},\"thumbnailUrl\":\"https:\\\/\\\/osepmendoza.com.ar\\\/web\\\/wp-content\\\/uploads\\\/2022\\\/10\\\/portada-infancias-saludables.jpg\",\"datePublished\":\"2022-10-19T18:37:58+00:00\",\"dateModified\":\"2022-10-20T11:19:05+00:00\",\"breadcrumb\":{\"@id\":\"https:\\\/\\\/osepmendoza.com.ar\\\/web\\\/osep-presente-en-la-campana-infancias-saludables\\\/#breadcrumb\"},\"inLanguage\":\"es\",\"potentialAction\":[{\"@type\":\"ReadAction\",\"target\":[\"https:\\\/\\\/osepmendoza.com.ar\\\/web\\\/osep-presente-en-la-campana-infancias-saludables\\\/\"]}]},{\"@type\":\"ImageObject\",\"inLanguage\":\"es\",\"@id\":\"https:\\\/\\\/osepmendoza.com.ar\\\/web\\\/osep-presente-en-la-campana-infancias-saludables\\\/#primaryimage\",\"url\":\"https:\\\/\\\/osepmendoza.com.ar\\\/web\\\/wp-content\\\/uploads\\\/2022\\\/10\\\/portada-infancias-saludables.jpg\",\"contentUrl\":\"https:\\\/\\\/osepmendoza.com.ar\\\/web\\\/wp-content\\\/uploads\\\/2022\\\/10\\\/portada-infancias-saludables.jpg\",\"width\":1200,\"height\":438},{\"@type\":\"BreadcrumbList\",\"@id\":\"https:\\\/\\\/osepmendoza.com.ar\\\/web\\\/osep-presente-en-la-campana-infancias-saludables\\\/#breadcrumb\",\"itemListElement\":[{\"@type\":\"ListItem\",\"position\":1,\"name\":\"Portada\",\"item\":\"https:\\\/\\\/osepmendoza.com.ar\\\/web\\\/\"},{\"@type\":\"ListItem\",\"position\":2,\"name\":\"OSEP presente en la Campa\u00f1a \u201cInfancias Saludables\u201d\"}]},{\"@type\":\"WebSite\",\"@id\":\"https:\\\/\\\/osepmendoza.com.ar\\\/web\\\/#website\",\"url\":\"https:\\\/\\\/osepmendoza.com.ar\\\/web\\\/\",\"name\":\"OSEP Mendoza\",\"description\":\"Obra Social de los Empleados P\u00fablicos de Mendoza\",\"publisher\":{\"@id\":\"https:\\\/\\\/osepmendoza.com.ar\\\/web\\\/#organization\"},\"potentialAction\":[{\"@type\":\"SearchAction\",\"target\":{\"@type\":\"EntryPoint\",\"urlTemplate\":\"https:\\\/\\\/osepmendoza.com.ar\\\/web\\\/?s={search_term_string}\"},\"query-input\":{\"@type\":\"PropertyValueSpecification\",\"valueRequired\":true,\"valueName\":\"search_term_string\"}}],\"inLanguage\":\"es\"},{\"@type\":\"Organization\",\"@id\":\"https:\\\/\\\/osepmendoza.com.ar\\\/web\\\/#organization\",\"name\":\"OSEP - Obra Social de Empleados P\u00fablicos de Mendoza\",\"url\":\"https:\\\/\\\/osepmendoza.com.ar\\\/web\\\/\",\"logo\":{\"@type\":\"ImageObject\",\"inLanguage\":\"es\",\"@id\":\"https:\\\/\\\/osepmendoza.com.ar\\\/web\\\/#\\\/schema\\\/logo\\\/image\\\/\",\"url\":\"https:\\\/\\\/osepmendoza.com.ar\\\/web\\\/wp-content\\\/uploads\\\/2020\\\/04\\\/lkTM9T9z.jpg\",\"contentUrl\":\"https:\\\/\\\/osepmendoza.com.ar\\\/web\\\/wp-content\\\/uploads\\\/2020\\\/04\\\/lkTM9T9z.jpg\",\"width\":334,\"height\":334,\"caption\":\"OSEP - Obra Social de Empleados P\u00fablicos de Mendoza\"},\"image\":{\"@id\":\"https:\\\/\\\/osepmendoza.com.ar\\\/web\\\/#\\\/schema\\\/logo\\\/image\\\/\"},\"sameAs\":[\"https:\\\/\\\/www.facebook.com\\\/OSEP.MendozaArg\\\/\",\"https:\\\/\\\/x.com\\\/OsepMza\",\"https:\\\/\\\/www.instagram.com\\\/osep.mendoza\\\/\",\"https:\\\/\\\/www.youtube.com\\\/user\\\/osepvideos\"]},{\"@type\":\"Person\",\"@id\":\"https:\\\/\\\/osepmendoza.com.ar\\\/web\\\/#\\\/schema\\\/person\\\/4e7a5e0118245838f9f783a763779211\",\"name\":\"Emiliano Sandobal\",\"image\":{\"@type\":\"ImageObject\",\"inLanguage\":\"es\",\"@id\":\"https:\\\/\\\/secure.gravatar.com\\\/avatar\\\/d3b22a03e2853d7165313b51b54fbd33fb530becf0ffe6a70f96b195ca724512?s=96&d=mm&r=g\",\"url\":\"https:\\\/\\\/secure.gravatar.com\\\/avatar\\\/d3b22a03e2853d7165313b51b54fbd33fb530becf0ffe6a70f96b195ca724512?s=96&d=mm&r=g\",\"contentUrl\":\"https:\\\/\\\/secure.gravatar.com\\\/avatar\\\/d3b22a03e2853d7165313b51b54fbd33fb530becf0ffe6a70f96b195ca724512?s=96&d=mm&r=g\",\"caption\":\"Emiliano Sandobal\"},\"sameAs\":[\"http:\\\/\\\/osepmendoza.com.ar\\\/web\"]}]}<\/script>\n<!-- \/ Yoast SEO plugin. -->","yoast_head_json":{"title":"OSEP presente en la Campa\u00f1a \u201cInfancias Saludables\u201d - OSEP Mendoza","robots":{"index":"index","follow":"follow","max-snippet":"max-snippet:-1","max-image-preview":"max-image-preview:large","max-video-preview":"max-video-preview:-1"},"canonical":"https:\/\/osepmendoza.com.ar\/web\/osep-presente-en-la-campana-infancias-saludables\/","og_locale":"es_ES","og_type":"article","og_title":"OSEP presente en la Campa\u00f1a \u201cInfancias Saludables\u201d - OSEP Mendoza","og_description":"En el marco del D\u00eda Nacional de la Lucha contra...","og_url":"https:\/\/osepmendoza.com.ar\/web\/osep-presente-en-la-campana-infancias-saludables\/","og_site_name":"OSEP Mendoza","article_publisher":"https:\/\/www.facebook.com\/OSEP.MendozaArg\/","article_published_time":"2022-10-19T18:37:58+00:00","article_modified_time":"2022-10-20T11:19:05+00:00","og_image":[{"width":1200,"height":438,"url":"https:\/\/osepmendoza.com.ar\/web\/wp-content\/uploads\/2022\/10\/portada-infancias-saludables.jpg","type":"image\/jpeg"}],"author":"Emiliano Sandobal","twitter_card":"summary_large_image","twitter_creator":"@OsepMza","twitter_site":"@OsepMza","twitter_misc":{"Escrito por":"Emiliano Sandobal","Tiempo de lectura":"2 minutos"},"schema":{"@context":"https:\/\/schema.org","@graph":[{"@type":"Article","@id":"https:\/\/osepmendoza.com.ar\/web\/osep-presente-en-la-campana-infancias-saludables\/#article","isPartOf":{"@id":"https:\/\/osepmendoza.com.ar\/web\/osep-presente-en-la-campana-infancias-saludables\/"},"author":{"name":"Emiliano Sandobal","@id":"https:\/\/osepmendoza.com.ar\/web\/#\/schema\/person\/4e7a5e0118245838f9f783a763779211"},"headline":"OSEP presente en la Campa\u00f1a \u201cInfancias Saludables\u201d","datePublished":"2022-10-19T18:37:58+00:00","dateModified":"2022-10-20T11:19:05+00:00","mainEntityOfPage":{"@id":"https:\/\/osepmendoza.com.ar\/web\/osep-presente-en-la-campana-infancias-saludables\/"},"wordCount":341,"publisher":{"@id":"https:\/\/osepmendoza.com.ar\/web\/#organization"},"image":{"@id":"https:\/\/osepmendoza.com.ar\/web\/osep-presente-en-la-campana-infancias-saludables\/#primaryimage"},"thumbnailUrl":"https:\/\/osepmendoza.com.ar\/web\/wp-content\/uploads\/2022\/10\/portada-infancias-saludables.jpg","keywords":["alimentaci\u00f3n","mendoza","ministerio","Nutrici\u00f3n","obesidad","osep","salud","ser en movimiento"],"articleSection":["Noticias"],"inLanguage":"es"},{"@type":"WebPage","@id":"https:\/\/osepmendoza.com.ar\/web\/osep-presente-en-la-campana-infancias-saludables\/","url":"https:\/\/osepmendoza.com.ar\/web\/osep-presente-en-la-campana-infancias-saludables\/","name":"OSEP presente en la Campa\u00f1a \u201cInfancias Saludables\u201d - OSEP Mendoza","isPartOf":{"@id":"https:\/\/osepmendoza.com.ar\/web\/#website"},"primaryImageOfPage":{"@id":"https:\/\/osepmendoza.com.ar\/web\/osep-presente-en-la-campana-infancias-saludables\/#primaryimage"},"image":{"@id":"https:\/\/osepmendoza.com.ar\/web\/osep-presente-en-la-campana-infancias-saludables\/#primaryimage"},"thumbnailUrl":"https:\/\/osepmendoza.com.ar\/web\/wp-content\/uploads\/2022\/10\/portada-infancias-saludables.jpg","datePublished":"2022-10-19T18:37:58+00:00","dateModified":"2022-10-20T11:19:05+00:00","breadcrumb":{"@id":"https:\/\/osepmendoza.com.ar\/web\/osep-presente-en-la-campana-infancias-saludables\/#breadcrumb"},"inLanguage":"es","potentialAction":[{"@type":"ReadAction","target":["https:\/\/osepmendoza.com.ar\/web\/osep-presente-en-la-campana-infancias-saludables\/"]}]},{"@type":"ImageObject","inLanguage":"es","@id":"https:\/\/osepmendoza.com.ar\/web\/osep-presente-en-la-campana-infancias-saludables\/#primaryimage","url":"https:\/\/osepmendoza.com.ar\/web\/wp-content\/uploads\/2022\/10\/portada-infancias-saludables.jpg","contentUrl":"https:\/\/osepmendoza.com.ar\/web\/wp-content\/uploads\/2022\/10\/portada-infancias-saludables.jpg","width":1200,"height":438},{"@type":"BreadcrumbList","@id":"https:\/\/osepmendoza.com.ar\/web\/osep-presente-en-la-campana-infancias-saludables\/#breadcrumb","itemListElement":[{"@type":"ListItem","position":1,"name":"Portada","item":"https:\/\/osepmendoza.com.ar\/web\/"},{"@type":"ListItem","position":2,"name":"OSEP presente en la Campa\u00f1a \u201cInfancias Saludables\u201d"}]},{"@type":"WebSite","@id":"https:\/\/osepmendoza.com.ar\/web\/#website","url":"https:\/\/osepmendoza.com.ar\/web\/","name":"OSEP Mendoza","description":"Obra Social de los Empleados P\u00fablicos de Mendoza","publisher":{"@id":"https:\/\/osepmendoza.com.ar\/web\/#organization"},"potentialAction":[{"@type":"SearchAction","target":{"@type":"EntryPoint","urlTemplate":"https:\/\/osepmendoza.com.ar\/web\/?s={search_term_string}"},"query-input":{"@type":"PropertyValueSpecification","valueRequired":true,"valueName":"search_term_string"}}],"inLanguage":"es"},{"@type":"Organization","@id":"https:\/\/osepmendoza.com.ar\/web\/#organization","name":"OSEP - Obra Social de Empleados P\u00fablicos de Mendoza","url":"https:\/\/osepmendoza.com.ar\/web\/","logo":{"@type":"ImageObject","inLanguage":"es","@id":"https:\/\/osepmendoza.com.ar\/web\/#\/schema\/logo\/image\/","url":"https:\/\/osepmendoza.com.ar\/web\/wp-content\/uploads\/2020\/04\/lkTM9T9z.jpg","contentUrl":"https:\/\/osepmendoza.com.ar\/web\/wp-content\/uploads\/2020\/04\/lkTM9T9z.jpg","width":334,"height":334,"caption":"OSEP - Obra Social de Empleados P\u00fablicos de Mendoza"},"image":{"@id":"https:\/\/osepmendoza.com.ar\/web\/#\/schema\/logo\/image\/"},"sameAs":["https:\/\/www.facebook.com\/OSEP.MendozaArg\/","https:\/\/x.com\/OsepMza","https:\/\/www.instagram.com\/osep.mendoza\/","https:\/\/www.youtube.com\/user\/osepvideos"]},{"@type":"Person","@id":"https:\/\/osepmendoza.com.ar\/web\/#\/schema\/person\/4e7a5e0118245838f9f783a763779211","name":"Emiliano Sandobal","image":{"@type":"ImageObject","inLanguage":"es","@id":"https:\/\/secure.gravatar.com\/avatar\/d3b22a03e2853d7165313b51b54fbd33fb530becf0ffe6a70f96b195ca724512?s=96&d=mm&r=g","url":"https:\/\/secure.gravatar.com\/avatar\/d3b22a03e2853d7165313b51b54fbd33fb530becf0ffe6a70f96b195ca724512?s=96&d=mm&r=g","contentUrl":"https:\/\/secure.gravatar.com\/avatar\/d3b22a03e2853d7165313b51b54fbd33fb530becf0ffe6a70f96b195ca724512?s=96&d=mm&r=g","caption":"Emiliano Sandobal"},"sameAs":["http:\/\/osepmendoza.com.ar\/web"]}]}},"amp_enabled":true,"_links":{"self":[{"href":"https:\/\/osepmendoza.com.ar\/web\/wp-json\/wp\/v2\/posts\/47819","targetHints":{"allow":["GET"]}}],"collection":[{"href":"https:\/\/osepmendoza.com.ar\/web\/wp-json\/wp\/v2\/posts"}],"about":[{"href":"https:\/\/osepmendoza.com.ar\/web\/wp-json\/wp\/v2\/types\/post"}],"author":[{"embeddable":true,"href":"https:\/\/osepmendoza.com.ar\/web\/wp-json\/wp\/v2\/users\/6"}],"replies":[{"embeddable":true,"href":"https:\/\/osepmendoza.com.ar\/web\/wp-json\/wp\/v2\/comments?post=47819"}],"version-history":[{"count":5,"href":"https:\/\/osepmendoza.com.ar\/web\/wp-json\/wp\/v2\/posts\/47819\/revisions"}],"predecessor-version":[{"id":47848,"href":"https:\/\/osepmendoza.com.ar\/web\/wp-json\/wp\/v2\/posts\/47819\/revisions\/47848"}],"wp:featuredmedia":[{"embeddable":true,"href":"https:\/\/osepmendoza.com.ar\/web\/wp-json\/wp\/v2\/media\/47820"}],"wp:attachment":[{"href":"https:\/\/osepmendoza.com.ar\/web\/wp-json\/wp\/v2\/media?parent=47819"}],"wp:term":[{"taxonomy":"category","embeddable":true,"href":"https:\/\/osepmendoza.com.ar\/web\/wp-json\/wp\/v2\/categories?post=47819"},{"taxonomy":"post_tag","embeddable":true,"href":"https:\/\/osepmendoza.com.ar\/web\/wp-json\/wp\/v2\/tags?post=47819"}],"curies":[{"name":"wp","href":"https:\/\/api.w.org\/{rel}","templated":true}]}}