{"id":46944,"date":"2022-09-27T16:11:25","date_gmt":"2022-09-27T19:11:25","guid":{"rendered":"https:\/\/osepmendoza.com.ar\/web\/?p=46944"},"modified":"2023-05-11T09:41:06","modified_gmt":"2023-05-11T12:41:06","slug":"osep-continua-haciendo-registro-de-huella-dactilar","status":"publish","type":"post","link":"https:\/\/osepmendoza.com.ar\/web\/osep-continua-haciendo-registro-de-huella-dactilar\/","title":{"rendered":"OSEP contin\u00faa haciendo registro de huella dactilar"},"content":{"rendered":"<p align=\"justify\"><strong>Mientras la huella digital se afirma como sistema de verificaci\u00f3n de identidad de afiliados, la Obra Social contin\u00faa recorriendo todo el territorio provincial. Hoy fue el turno de Uspallata donde muchas personas asistieron para realizar un tr\u00e1mite muy sencillo que les facilitar\u00e1 cualquier tipo de gesti\u00f3n.<\/strong><\/p>\n<p align=\"justify\">OSEP contin\u00faa trabajando en la etapa de registraci\u00f3n de la huella dactilar de sus afiliados y afiliadas, con el fin de brindar prestaciones seguras y r\u00e1pidas. Ya se han recorrido muchos departamentos y, si bien todav\u00eda hay muchas personas por registrar, cada vez son m\u00e1s quienes ya han accedido a una manera m\u00e1s sencilla de gestionar cada demanda a la Obra Social.<\/p>\n<p align=\"justify\">Un equipo administrativo visit\u00f3 la localidad de Uspallata, donde se llev\u00f3 a cabo el registro de muchas personas que concurrieron a la oficina de Turismo, ubicada en Kil\u00f3metro 0, en la intersecci\u00f3n de las rutas 7 y 52. El encuentro fue organizado en conjunto a la Municipalidad de Las Heras y cont\u00f3 con una importante concurrencia a pesar de la lluvia.<\/p>\n<p align=\"justify\">Con esa misma consigna, muchos efectores, sedes y varios edificios p\u00fablicos de la provincia, han sido visitados para realizar operativos de enrolamiento de la huella dactilar para migrar a un sistema de verificaci\u00f3n de identidad m\u00e1s seguro, r\u00e1pido y \u00fanico.<\/p>\n<p align=\"justify\">Este procedimiento pretende dejar atr\u00e1s el sistema de tarjetas pl\u00e1sticas, ya que este documento retrasa la vinculaci\u00f3n con los procesos de registro en l\u00ednea y en muchos casos se presta a fraude por suplantaci\u00f3n de identidad, acci\u00f3n en la que una persona se hace pasar por otra y genera informaci\u00f3n falsa que impacta tanto en las estad\u00edsticas presupuestarias de la Obra Social, como en los registros m\u00e9dicos del afiliado suplantado.<\/p>\n<p align=\"justify\">Cabe destacar que la huella digital implica un sistema biom\u00e9trico que habilita a una persona a usar los servicios de la OSEP sin necesidad de presentar el carnet. Su implementaci\u00f3n permite contar con un sistema seguro de registros m\u00e9dicos y la protecci\u00f3n de datos personales como la historia cl\u00ednica. Tambi\u00e9n evita la suplantaci\u00f3n de identidad y por ende la facturaci\u00f3n indebida.<\/p>\n<div id='gallery-1' class='gallery galleryid-46944 gallery-columns-2 gallery-size-full'><figure class='gallery-item'>\n\t\t\t<div class='gallery-icon portrait'>\n\t\t\t\t<a href='https:\/\/osepmendoza.com.ar\/web\/osep-continua-haciendo-registro-de-huella-dactilar\/uspallata2\/'><img loading=\"lazy\" decoding=\"async\" width=\"780\" height=\"1040\" src=\"https:\/\/osepmendoza.com.ar\/web\/wp-content\/uploads\/2022\/09\/uspallata2.jpg\" class=\"attachment-full size-full\" alt=\"\" srcset=\"https:\/\/osepmendoza.com.ar\/web\/wp-content\/uploads\/2022\/09\/uspallata2.jpg 780w, https:\/\/osepmendoza.com.ar\/web\/wp-content\/uploads\/2022\/09\/uspallata2-225x300.jpg 225w, https:\/\/osepmendoza.com.ar\/web\/wp-content\/uploads\/2022\/09\/uspallata2-768x1024.jpg 768w\" sizes=\"auto, (max-width: 780px) 100vw, 780px\" \/><\/a>\n\t\t\t<\/div><\/figure><figure class='gallery-item'>\n\t\t\t<div class='gallery-icon portrait'>\n\t\t\t\t<a href='https:\/\/osepmendoza.com.ar\/web\/osep-continua-haciendo-registro-de-huella-dactilar\/uspallata3\/'><img loading=\"lazy\" decoding=\"async\" width=\"1200\" height=\"1600\" src=\"https:\/\/osepmendoza.com.ar\/web\/wp-content\/uploads\/2022\/09\/uspallata3.jpg\" class=\"attachment-full size-full\" alt=\"\" srcset=\"https:\/\/osepmendoza.com.ar\/web\/wp-content\/uploads\/2022\/09\/uspallata3.jpg 1200w, https:\/\/osepmendoza.com.ar\/web\/wp-content\/uploads\/2022\/09\/uspallata3-225x300.jpg 225w, https:\/\/osepmendoza.com.ar\/web\/wp-content\/uploads\/2022\/09\/uspallata3-768x1024.jpg 768w, https:\/\/osepmendoza.com.ar\/web\/wp-content\/uploads\/2022\/09\/uspallata3-1152x1536.jpg 1152w\" sizes=\"auto, (max-width: 1200px) 100vw, 1200px\" \/><\/a>\n\t\t\t<\/div><\/figure><figure class='gallery-item'>\n\t\t\t<div class='gallery-icon portrait'>\n\t\t\t\t<a href='https:\/\/osepmendoza.com.ar\/web\/osep-continua-haciendo-registro-de-huella-dactilar\/uspallata5\/'><img loading=\"lazy\" decoding=\"async\" width=\"1200\" height=\"1600\" src=\"https:\/\/osepmendoza.com.ar\/web\/wp-content\/uploads\/2022\/09\/uspallata5.jpg\" class=\"attachment-full size-full\" alt=\"\" srcset=\"https:\/\/osepmendoza.com.ar\/web\/wp-content\/uploads\/2022\/09\/uspallata5.jpg 1200w, https:\/\/osepmendoza.com.ar\/web\/wp-content\/uploads\/2022\/09\/uspallata5-225x300.jpg 225w, https:\/\/osepmendoza.com.ar\/web\/wp-content\/uploads\/2022\/09\/uspallata5-768x1024.jpg 768w, https:\/\/osepmendoza.com.ar\/web\/wp-content\/uploads\/2022\/09\/uspallata5-1152x1536.jpg 1152w\" sizes=\"auto, (max-width: 1200px) 100vw, 1200px\" \/><\/a>\n\t\t\t<\/div><\/figure><figure class='gallery-item'>\n\t\t\t<div class='gallery-icon portrait'>\n\t\t\t\t<a href='https:\/\/osepmendoza.com.ar\/web\/osep-continua-haciendo-registro-de-huella-dactilar\/uspallata6\/'><img loading=\"lazy\" decoding=\"async\" width=\"1200\" height=\"1600\" src=\"https:\/\/osepmendoza.com.ar\/web\/wp-content\/uploads\/2022\/09\/uspallata6.jpg\" class=\"attachment-full size-full\" alt=\"\" srcset=\"https:\/\/osepmendoza.com.ar\/web\/wp-content\/uploads\/2022\/09\/uspallata6.jpg 1200w, https:\/\/osepmendoza.com.ar\/web\/wp-content\/uploads\/2022\/09\/uspallata6-225x300.jpg 225w, https:\/\/osepmendoza.com.ar\/web\/wp-content\/uploads\/2022\/09\/uspallata6-768x1024.jpg 768w, https:\/\/osepmendoza.com.ar\/web\/wp-content\/uploads\/2022\/09\/uspallata6-1152x1536.jpg 1152w\" sizes=\"auto, (max-width: 1200px) 100vw, 1200px\" \/><\/a>\n\t\t\t<\/div><\/figure><figure class='gallery-item'>\n\t\t\t<div class='gallery-icon landscape'>\n\t\t\t\t<a href='https:\/\/osepmendoza.com.ar\/web\/osep-continua-haciendo-registro-de-huella-dactilar\/uspallata1\/'><img loading=\"lazy\" decoding=\"async\" width=\"1600\" height=\"1200\" src=\"https:\/\/osepmendoza.com.ar\/web\/wp-content\/uploads\/2022\/09\/uspallata1.jpg\" class=\"attachment-full size-full\" alt=\"\" srcset=\"https:\/\/osepmendoza.com.ar\/web\/wp-content\/uploads\/2022\/09\/uspallata1.jpg 1600w, https:\/\/osepmendoza.com.ar\/web\/wp-content\/uploads\/2022\/09\/uspallata1-300x225.jpg 300w, https:\/\/osepmendoza.com.ar\/web\/wp-content\/uploads\/2022\/09\/uspallata1-1024x768.jpg 1024w, https:\/\/osepmendoza.com.ar\/web\/wp-content\/uploads\/2022\/09\/uspallata1-768x576.jpg 768w, https:\/\/osepmendoza.com.ar\/web\/wp-content\/uploads\/2022\/09\/uspallata1-1536x1152.jpg 1536w\" sizes=\"auto, (max-width: 1600px) 100vw, 1600px\" \/><\/a>\n\t\t\t<\/div><\/figure><figure class='gallery-item'>\n\t\t\t<div class='gallery-icon portrait'>\n\t\t\t\t<a href='https:\/\/osepmendoza.com.ar\/web\/osep-continua-haciendo-registro-de-huella-dactilar\/uspallata4\/'><img loading=\"lazy\" decoding=\"async\" width=\"900\" height=\"1600\" src=\"https:\/\/osepmendoza.com.ar\/web\/wp-content\/uploads\/2022\/09\/uspallata4.jpg\" class=\"attachment-full size-full\" alt=\"\" srcset=\"https:\/\/osepmendoza.com.ar\/web\/wp-content\/uploads\/2022\/09\/uspallata4.jpg 900w, https:\/\/osepmendoza.com.ar\/web\/wp-content\/uploads\/2022\/09\/uspallata4-169x300.jpg 169w, https:\/\/osepmendoza.com.ar\/web\/wp-content\/uploads\/2022\/09\/uspallata4-576x1024.jpg 576w, https:\/\/osepmendoza.com.ar\/web\/wp-content\/uploads\/2022\/09\/uspallata4-768x1365.jpg 768w, https:\/\/osepmendoza.com.ar\/web\/wp-content\/uploads\/2022\/09\/uspallata4-864x1536.jpg 864w\" sizes=\"auto, (max-width: 900px) 100vw, 900px\" \/><\/a>\n\t\t\t<\/div><\/figure>\n\t\t<\/div>\n\n<p align=\"justify\">\n<p align=\"justify\">\n","protected":false},"excerpt":{"rendered":"<p>Mientras la huella digital se afirma como sistema de verificaci\u00f3n&#8230;<\/p>\n","protected":false},"author":12,"featured_media":46945,"comment_status":"closed","ping_status":"open","sticky":false,"template":"","format":"standard","meta":{"_acf_changed":false,"inline_featured_image":false,"_exactmetrics_skip_tracking":false,"_exactmetrics_sitenote_active":false,"_exactmetrics_sitenote_note":"","_exactmetrics_sitenote_category":0,"footnotes":"","_links_to":"","_links_to_target":""},"categories":[101],"tags":[1832,1831,1614,109],"class_list":["post-46944","post","type-post","status-publish","format-standard","has-post-thumbnail","hentry","category-noticias","tag-dactilar","tag-huella","tag-registro","tag-uspallata"],"acf":[],"yoast_head":"<!-- This site is optimized with the Yoast SEO plugin v27.5 - https:\/\/yoast.com\/product\/yoast-seo-wordpress\/ -->\n<title>OSEP contin\u00faa haciendo registro de huella dactilar - OSEP Mendoza<\/title>\n<meta name=\"robots\" content=\"index, follow, max-snippet:-1, max-image-preview:large, max-video-preview:-1\" \/>\n<link rel=\"canonical\" href=\"https:\/\/osepmendoza.com.ar\/web\/osep-continua-haciendo-registro-de-huella-dactilar\/\" \/>\n<meta property=\"og:locale\" content=\"es_ES\" \/>\n<meta property=\"og:type\" content=\"article\" \/>\n<meta property=\"og:title\" content=\"OSEP contin\u00faa haciendo registro de huella dactilar - OSEP Mendoza\" \/>\n<meta property=\"og:description\" content=\"Mientras la huella digital se afirma como sistema de verificaci\u00f3n...\" \/>\n<meta property=\"og:url\" content=\"https:\/\/osepmendoza.com.ar\/web\/osep-continua-haciendo-registro-de-huella-dactilar\/\" \/>\n<meta property=\"og:site_name\" content=\"OSEP Mendoza\" \/>\n<meta property=\"article:publisher\" content=\"https:\/\/www.facebook.com\/OSEP.MendozaArg\/\" \/>\n<meta property=\"article:published_time\" content=\"2022-09-27T19:11:25+00:00\" \/>\n<meta property=\"article:modified_time\" content=\"2023-05-11T12:41:06+00:00\" \/>\n<meta property=\"og:image\" content=\"https:\/\/osepmendoza.com.ar\/web\/wp-content\/uploads\/2022\/09\/uspallata.jpg\" \/>\n\t<meta property=\"og:image:width\" content=\"1200\" \/>\n\t<meta property=\"og:image:height\" content=\"438\" \/>\n\t<meta property=\"og:image:type\" content=\"image\/jpeg\" \/>\n<meta name=\"author\" content=\"Sebastian Fernandez\" \/>\n<meta name=\"twitter:card\" content=\"summary_large_image\" \/>\n<meta name=\"twitter:creator\" content=\"@OsepMza\" \/>\n<meta name=\"twitter:site\" content=\"@OsepMza\" \/>\n<meta name=\"twitter:label1\" content=\"Escrito por\" \/>\n\t<meta name=\"twitter:data1\" content=\"Sebastian Fernandez\" \/>\n\t<meta name=\"twitter:label2\" content=\"Tiempo de lectura\" \/>\n\t<meta name=\"twitter:data2\" content=\"2 minutos\" \/>\n<script type=\"application\/ld+json\" class=\"yoast-schema-graph\">{\"@context\":\"https:\\\/\\\/schema.org\",\"@graph\":[{\"@type\":\"Article\",\"@id\":\"https:\\\/\\\/osepmendoza.com.ar\\\/web\\\/osep-continua-haciendo-registro-de-huella-dactilar\\\/#article\",\"isPartOf\":{\"@id\":\"https:\\\/\\\/osepmendoza.com.ar\\\/web\\\/osep-continua-haciendo-registro-de-huella-dactilar\\\/\"},\"author\":{\"name\":\"Sebastian Fernandez\",\"@id\":\"https:\\\/\\\/osepmendoza.com.ar\\\/web\\\/#\\\/schema\\\/person\\\/90986df7128a51e32bb66102fc247eb2\"},\"headline\":\"OSEP contin\u00faa haciendo registro de huella dactilar\",\"datePublished\":\"2022-09-27T19:11:25+00:00\",\"dateModified\":\"2023-05-11T12:41:06+00:00\",\"mainEntityOfPage\":{\"@id\":\"https:\\\/\\\/osepmendoza.com.ar\\\/web\\\/osep-continua-haciendo-registro-de-huella-dactilar\\\/\"},\"wordCount\":383,\"publisher\":{\"@id\":\"https:\\\/\\\/osepmendoza.com.ar\\\/web\\\/#organization\"},\"image\":{\"@id\":\"https:\\\/\\\/osepmendoza.com.ar\\\/web\\\/osep-continua-haciendo-registro-de-huella-dactilar\\\/#primaryimage\"},\"thumbnailUrl\":\"https:\\\/\\\/osepmendoza.com.ar\\\/web\\\/wp-content\\\/uploads\\\/2022\\\/09\\\/uspallata.jpg\",\"keywords\":[\"dactilar\",\"huella\",\"registro\",\"uspallata\"],\"articleSection\":[\"Noticias\"],\"inLanguage\":\"es\"},{\"@type\":\"WebPage\",\"@id\":\"https:\\\/\\\/osepmendoza.com.ar\\\/web\\\/osep-continua-haciendo-registro-de-huella-dactilar\\\/\",\"url\":\"https:\\\/\\\/osepmendoza.com.ar\\\/web\\\/osep-continua-haciendo-registro-de-huella-dactilar\\\/\",\"name\":\"OSEP contin\u00faa haciendo registro de huella dactilar - OSEP Mendoza\",\"isPartOf\":{\"@id\":\"https:\\\/\\\/osepmendoza.com.ar\\\/web\\\/#website\"},\"primaryImageOfPage\":{\"@id\":\"https:\\\/\\\/osepmendoza.com.ar\\\/web\\\/osep-continua-haciendo-registro-de-huella-dactilar\\\/#primaryimage\"},\"image\":{\"@id\":\"https:\\\/\\\/osepmendoza.com.ar\\\/web\\\/osep-continua-haciendo-registro-de-huella-dactilar\\\/#primaryimage\"},\"thumbnailUrl\":\"https:\\\/\\\/osepmendoza.com.ar\\\/web\\\/wp-content\\\/uploads\\\/2022\\\/09\\\/uspallata.jpg\",\"datePublished\":\"2022-09-27T19:11:25+00:00\",\"dateModified\":\"2023-05-11T12:41:06+00:00\",\"breadcrumb\":{\"@id\":\"https:\\\/\\\/osepmendoza.com.ar\\\/web\\\/osep-continua-haciendo-registro-de-huella-dactilar\\\/#breadcrumb\"},\"inLanguage\":\"es\",\"potentialAction\":[{\"@type\":\"ReadAction\",\"target\":[\"https:\\\/\\\/osepmendoza.com.ar\\\/web\\\/osep-continua-haciendo-registro-de-huella-dactilar\\\/\"]}]},{\"@type\":\"ImageObject\",\"inLanguage\":\"es\",\"@id\":\"https:\\\/\\\/osepmendoza.com.ar\\\/web\\\/osep-continua-haciendo-registro-de-huella-dactilar\\\/#primaryimage\",\"url\":\"https:\\\/\\\/osepmendoza.com.ar\\\/web\\\/wp-content\\\/uploads\\\/2022\\\/09\\\/uspallata.jpg\",\"contentUrl\":\"https:\\\/\\\/osepmendoza.com.ar\\\/web\\\/wp-content\\\/uploads\\\/2022\\\/09\\\/uspallata.jpg\",\"width\":1200,\"height\":438},{\"@type\":\"BreadcrumbList\",\"@id\":\"https:\\\/\\\/osepmendoza.com.ar\\\/web\\\/osep-continua-haciendo-registro-de-huella-dactilar\\\/#breadcrumb\",\"itemListElement\":[{\"@type\":\"ListItem\",\"position\":1,\"name\":\"Portada\",\"item\":\"https:\\\/\\\/osepmendoza.com.ar\\\/web\\\/\"},{\"@type\":\"ListItem\",\"position\":2,\"name\":\"OSEP contin\u00faa haciendo registro de huella dactilar\"}]},{\"@type\":\"WebSite\",\"@id\":\"https:\\\/\\\/osepmendoza.com.ar\\\/web\\\/#website\",\"url\":\"https:\\\/\\\/osepmendoza.com.ar\\\/web\\\/\",\"name\":\"OSEP Mendoza\",\"description\":\"Obra Social de los Empleados P\u00fablicos de Mendoza\",\"publisher\":{\"@id\":\"https:\\\/\\\/osepmendoza.com.ar\\\/web\\\/#organization\"},\"potentialAction\":[{\"@type\":\"SearchAction\",\"target\":{\"@type\":\"EntryPoint\",\"urlTemplate\":\"https:\\\/\\\/osepmendoza.com.ar\\\/web\\\/?s={search_term_string}\"},\"query-input\":{\"@type\":\"PropertyValueSpecification\",\"valueRequired\":true,\"valueName\":\"search_term_string\"}}],\"inLanguage\":\"es\"},{\"@type\":\"Organization\",\"@id\":\"https:\\\/\\\/osepmendoza.com.ar\\\/web\\\/#organization\",\"name\":\"OSEP - Obra Social de Empleados P\u00fablicos de Mendoza\",\"url\":\"https:\\\/\\\/osepmendoza.com.ar\\\/web\\\/\",\"logo\":{\"@type\":\"ImageObject\",\"inLanguage\":\"es\",\"@id\":\"https:\\\/\\\/osepmendoza.com.ar\\\/web\\\/#\\\/schema\\\/logo\\\/image\\\/\",\"url\":\"https:\\\/\\\/osepmendoza.com.ar\\\/web\\\/wp-content\\\/uploads\\\/2020\\\/04\\\/lkTM9T9z.jpg\",\"contentUrl\":\"https:\\\/\\\/osepmendoza.com.ar\\\/web\\\/wp-content\\\/uploads\\\/2020\\\/04\\\/lkTM9T9z.jpg\",\"width\":334,\"height\":334,\"caption\":\"OSEP - Obra Social de Empleados P\u00fablicos de Mendoza\"},\"image\":{\"@id\":\"https:\\\/\\\/osepmendoza.com.ar\\\/web\\\/#\\\/schema\\\/logo\\\/image\\\/\"},\"sameAs\":[\"https:\\\/\\\/www.facebook.com\\\/OSEP.MendozaArg\\\/\",\"https:\\\/\\\/x.com\\\/OsepMza\",\"https:\\\/\\\/www.instagram.com\\\/osep.mendoza\\\/\",\"https:\\\/\\\/www.youtube.com\\\/user\\\/osepvideos\"]},{\"@type\":\"Person\",\"@id\":\"https:\\\/\\\/osepmendoza.com.ar\\\/web\\\/#\\\/schema\\\/person\\\/90986df7128a51e32bb66102fc247eb2\",\"name\":\"Sebastian Fernandez\",\"image\":{\"@type\":\"ImageObject\",\"inLanguage\":\"es\",\"@id\":\"https:\\\/\\\/secure.gravatar.com\\\/avatar\\\/cc42d53caabe846896e06ed8955a60e82b2b829babcb731f86f26c42378bcfec?s=96&d=mm&r=g\",\"url\":\"https:\\\/\\\/secure.gravatar.com\\\/avatar\\\/cc42d53caabe846896e06ed8955a60e82b2b829babcb731f86f26c42378bcfec?s=96&d=mm&r=g\",\"contentUrl\":\"https:\\\/\\\/secure.gravatar.com\\\/avatar\\\/cc42d53caabe846896e06ed8955a60e82b2b829babcb731f86f26c42378bcfec?s=96&d=mm&r=g\",\"caption\":\"Sebastian Fernandez\"},\"sameAs\":[\"http:\\\/\\\/osepmendoza.com.ar\\\/web\"]}]}<\/script>\n<!-- \/ Yoast SEO plugin. -->","yoast_head_json":{"title":"OSEP contin\u00faa haciendo registro de huella dactilar - OSEP Mendoza","robots":{"index":"index","follow":"follow","max-snippet":"max-snippet:-1","max-image-preview":"max-image-preview:large","max-video-preview":"max-video-preview:-1"},"canonical":"https:\/\/osepmendoza.com.ar\/web\/osep-continua-haciendo-registro-de-huella-dactilar\/","og_locale":"es_ES","og_type":"article","og_title":"OSEP contin\u00faa haciendo registro de huella dactilar - OSEP Mendoza","og_description":"Mientras la huella digital se afirma como sistema de verificaci\u00f3n...","og_url":"https:\/\/osepmendoza.com.ar\/web\/osep-continua-haciendo-registro-de-huella-dactilar\/","og_site_name":"OSEP Mendoza","article_publisher":"https:\/\/www.facebook.com\/OSEP.MendozaArg\/","article_published_time":"2022-09-27T19:11:25+00:00","article_modified_time":"2023-05-11T12:41:06+00:00","og_image":[{"width":1200,"height":438,"url":"https:\/\/osepmendoza.com.ar\/web\/wp-content\/uploads\/2022\/09\/uspallata.jpg","type":"image\/jpeg"}],"author":"Sebastian Fernandez","twitter_card":"summary_large_image","twitter_creator":"@OsepMza","twitter_site":"@OsepMza","twitter_misc":{"Escrito por":"Sebastian Fernandez","Tiempo de lectura":"2 minutos"},"schema":{"@context":"https:\/\/schema.org","@graph":[{"@type":"Article","@id":"https:\/\/osepmendoza.com.ar\/web\/osep-continua-haciendo-registro-de-huella-dactilar\/#article","isPartOf":{"@id":"https:\/\/osepmendoza.com.ar\/web\/osep-continua-haciendo-registro-de-huella-dactilar\/"},"author":{"name":"Sebastian Fernandez","@id":"https:\/\/osepmendoza.com.ar\/web\/#\/schema\/person\/90986df7128a51e32bb66102fc247eb2"},"headline":"OSEP contin\u00faa haciendo registro de huella dactilar","datePublished":"2022-09-27T19:11:25+00:00","dateModified":"2023-05-11T12:41:06+00:00","mainEntityOfPage":{"@id":"https:\/\/osepmendoza.com.ar\/web\/osep-continua-haciendo-registro-de-huella-dactilar\/"},"wordCount":383,"publisher":{"@id":"https:\/\/osepmendoza.com.ar\/web\/#organization"},"image":{"@id":"https:\/\/osepmendoza.com.ar\/web\/osep-continua-haciendo-registro-de-huella-dactilar\/#primaryimage"},"thumbnailUrl":"https:\/\/osepmendoza.com.ar\/web\/wp-content\/uploads\/2022\/09\/uspallata.jpg","keywords":["dactilar","huella","registro","uspallata"],"articleSection":["Noticias"],"inLanguage":"es"},{"@type":"WebPage","@id":"https:\/\/osepmendoza.com.ar\/web\/osep-continua-haciendo-registro-de-huella-dactilar\/","url":"https:\/\/osepmendoza.com.ar\/web\/osep-continua-haciendo-registro-de-huella-dactilar\/","name":"OSEP contin\u00faa haciendo registro de huella dactilar - OSEP Mendoza","isPartOf":{"@id":"https:\/\/osepmendoza.com.ar\/web\/#website"},"primaryImageOfPage":{"@id":"https:\/\/osepmendoza.com.ar\/web\/osep-continua-haciendo-registro-de-huella-dactilar\/#primaryimage"},"image":{"@id":"https:\/\/osepmendoza.com.ar\/web\/osep-continua-haciendo-registro-de-huella-dactilar\/#primaryimage"},"thumbnailUrl":"https:\/\/osepmendoza.com.ar\/web\/wp-content\/uploads\/2022\/09\/uspallata.jpg","datePublished":"2022-09-27T19:11:25+00:00","dateModified":"2023-05-11T12:41:06+00:00","breadcrumb":{"@id":"https:\/\/osepmendoza.com.ar\/web\/osep-continua-haciendo-registro-de-huella-dactilar\/#breadcrumb"},"inLanguage":"es","potentialAction":[{"@type":"ReadAction","target":["https:\/\/osepmendoza.com.ar\/web\/osep-continua-haciendo-registro-de-huella-dactilar\/"]}]},{"@type":"ImageObject","inLanguage":"es","@id":"https:\/\/osepmendoza.com.ar\/web\/osep-continua-haciendo-registro-de-huella-dactilar\/#primaryimage","url":"https:\/\/osepmendoza.com.ar\/web\/wp-content\/uploads\/2022\/09\/uspallata.jpg","contentUrl":"https:\/\/osepmendoza.com.ar\/web\/wp-content\/uploads\/2022\/09\/uspallata.jpg","width":1200,"height":438},{"@type":"BreadcrumbList","@id":"https:\/\/osepmendoza.com.ar\/web\/osep-continua-haciendo-registro-de-huella-dactilar\/#breadcrumb","itemListElement":[{"@type":"ListItem","position":1,"name":"Portada","item":"https:\/\/osepmendoza.com.ar\/web\/"},{"@type":"ListItem","position":2,"name":"OSEP contin\u00faa haciendo registro de huella dactilar"}]},{"@type":"WebSite","@id":"https:\/\/osepmendoza.com.ar\/web\/#website","url":"https:\/\/osepmendoza.com.ar\/web\/","name":"OSEP Mendoza","description":"Obra Social de los Empleados P\u00fablicos de Mendoza","publisher":{"@id":"https:\/\/osepmendoza.com.ar\/web\/#organization"},"potentialAction":[{"@type":"SearchAction","target":{"@type":"EntryPoint","urlTemplate":"https:\/\/osepmendoza.com.ar\/web\/?s={search_term_string}"},"query-input":{"@type":"PropertyValueSpecification","valueRequired":true,"valueName":"search_term_string"}}],"inLanguage":"es"},{"@type":"Organization","@id":"https:\/\/osepmendoza.com.ar\/web\/#organization","name":"OSEP - Obra Social de Empleados P\u00fablicos de Mendoza","url":"https:\/\/osepmendoza.com.ar\/web\/","logo":{"@type":"ImageObject","inLanguage":"es","@id":"https:\/\/osepmendoza.com.ar\/web\/#\/schema\/logo\/image\/","url":"https:\/\/osepmendoza.com.ar\/web\/wp-content\/uploads\/2020\/04\/lkTM9T9z.jpg","contentUrl":"https:\/\/osepmendoza.com.ar\/web\/wp-content\/uploads\/2020\/04\/lkTM9T9z.jpg","width":334,"height":334,"caption":"OSEP - Obra Social de Empleados P\u00fablicos de Mendoza"},"image":{"@id":"https:\/\/osepmendoza.com.ar\/web\/#\/schema\/logo\/image\/"},"sameAs":["https:\/\/www.facebook.com\/OSEP.MendozaArg\/","https:\/\/x.com\/OsepMza","https:\/\/www.instagram.com\/osep.mendoza\/","https:\/\/www.youtube.com\/user\/osepvideos"]},{"@type":"Person","@id":"https:\/\/osepmendoza.com.ar\/web\/#\/schema\/person\/90986df7128a51e32bb66102fc247eb2","name":"Sebastian Fernandez","image":{"@type":"ImageObject","inLanguage":"es","@id":"https:\/\/secure.gravatar.com\/avatar\/cc42d53caabe846896e06ed8955a60e82b2b829babcb731f86f26c42378bcfec?s=96&d=mm&r=g","url":"https:\/\/secure.gravatar.com\/avatar\/cc42d53caabe846896e06ed8955a60e82b2b829babcb731f86f26c42378bcfec?s=96&d=mm&r=g","contentUrl":"https:\/\/secure.gravatar.com\/avatar\/cc42d53caabe846896e06ed8955a60e82b2b829babcb731f86f26c42378bcfec?s=96&d=mm&r=g","caption":"Sebastian Fernandez"},"sameAs":["http:\/\/osepmendoza.com.ar\/web"]}]}},"amp_enabled":true,"_links":{"self":[{"href":"https:\/\/osepmendoza.com.ar\/web\/wp-json\/wp\/v2\/posts\/46944","targetHints":{"allow":["GET"]}}],"collection":[{"href":"https:\/\/osepmendoza.com.ar\/web\/wp-json\/wp\/v2\/posts"}],"about":[{"href":"https:\/\/osepmendoza.com.ar\/web\/wp-json\/wp\/v2\/types\/post"}],"author":[{"embeddable":true,"href":"https:\/\/osepmendoza.com.ar\/web\/wp-json\/wp\/v2\/users\/12"}],"replies":[{"embeddable":true,"href":"https:\/\/osepmendoza.com.ar\/web\/wp-json\/wp\/v2\/comments?post=46944"}],"version-history":[{"count":2,"href":"https:\/\/osepmendoza.com.ar\/web\/wp-json\/wp\/v2\/posts\/46944\/revisions"}],"predecessor-version":[{"id":46953,"href":"https:\/\/osepmendoza.com.ar\/web\/wp-json\/wp\/v2\/posts\/46944\/revisions\/46953"}],"wp:featuredmedia":[{"embeddable":true,"href":"https:\/\/osepmendoza.com.ar\/web\/wp-json\/wp\/v2\/media\/46945"}],"wp:attachment":[{"href":"https:\/\/osepmendoza.com.ar\/web\/wp-json\/wp\/v2\/media?parent=46944"}],"wp:term":[{"taxonomy":"category","embeddable":true,"href":"https:\/\/osepmendoza.com.ar\/web\/wp-json\/wp\/v2\/categories?post=46944"},{"taxonomy":"post_tag","embeddable":true,"href":"https:\/\/osepmendoza.com.ar\/web\/wp-json\/wp\/v2\/tags?post=46944"}],"curies":[{"name":"wp","href":"https:\/\/api.w.org\/{rel}","templated":true}]}}