{"id":46910,"date":"2022-09-20T16:24:45","date_gmt":"2022-09-20T19:24:45","guid":{"rendered":"https:\/\/osepmendoza.com.ar\/web\/?p=46910"},"modified":"2023-05-11T09:41:21","modified_gmt":"2023-05-11T12:41:21","slug":"osep-ya-vive-el-dia-de-la-sanidad","status":"publish","type":"post","link":"https:\/\/osepmendoza.com.ar\/web\/osep-ya-vive-el-dia-de-la-sanidad\/","title":{"rendered":"OSEP celebra el D\u00eda de la Sanidad"},"content":{"rendered":"<p align=\"justify\"><strong>El doctor Carlos Funes, director General de la Obra Social, visit\u00f3 los diferentes efectores para saludar a los trabajadores y trabajadoras con motivo del D\u00eda de la Sanidad, que se celebra cada 21 de septiembre.<\/strong><\/p>\n<p align=\"justify\">En ese marco, Carlos Funes realiz\u00f3 un recorrido para visitar a los trabajadores que prestan servicio en el edificio central, Centro Odontol\u00f3gico, Hospitales El Carmen y Alexander Fleming.<\/p>\n<p align=\"justify\">El objetivo de su visita fue saludar al personal por el D\u00eda de la Sanidad, en un contexto especial ya que poco a poco se va superando una pandemia que puso en jaque a todos los sistemas de salud y, estos actores fueron fundamentales para atender, contener a las personas y superar una situaci\u00f3n l\u00edmite.<\/p>\n<p align=\"justify\">En ese sentido, su mensaje fue de agradecimiento, destacando la voluntad de cada uno para enfrentar la situaci\u00f3n y la capacidad de inventiva permitiendo que, ante una situaci\u00f3n tan dif\u00edcil, nuestros equipos se fortalezcan como lo han hecho, exponiendo una capacidad de respuesta admirable para la mayor parte de las demandas.<\/p>\n<p align=\"justify\">No obstante, reiter\u00f3 su agradecimiento reconociendo que \u201ca\u00fan falta mucho por mejorar pero, gracias al compromiso de cada integrante, se van superando las dificultades y estamos en camino a consolidar esas mejoras\u201d.<\/p>\n<div id='gallery-1' class='gallery galleryid-46910 gallery-columns-2 gallery-size-full'><figure class='gallery-item'>\n\t\t\t<div class='gallery-icon landscape'>\n\t\t\t\t<a href='https:\/\/osepmendoza.com.ar\/web\/osep-ya-vive-el-dia-de-la-sanidad\/sanidad1\/'><img loading=\"lazy\" decoding=\"async\" width=\"2560\" height=\"1707\" src=\"https:\/\/osepmendoza.com.ar\/web\/wp-content\/uploads\/2022\/09\/sanidad1-scaled.jpg\" class=\"attachment-full size-full\" alt=\"\" srcset=\"https:\/\/osepmendoza.com.ar\/web\/wp-content\/uploads\/2022\/09\/sanidad1-scaled.jpg 2560w, https:\/\/osepmendoza.com.ar\/web\/wp-content\/uploads\/2022\/09\/sanidad1-300x200.jpg 300w, https:\/\/osepmendoza.com.ar\/web\/wp-content\/uploads\/2022\/09\/sanidad1-1024x683.jpg 1024w, https:\/\/osepmendoza.com.ar\/web\/wp-content\/uploads\/2022\/09\/sanidad1-768x512.jpg 768w, https:\/\/osepmendoza.com.ar\/web\/wp-content\/uploads\/2022\/09\/sanidad1-1536x1024.jpg 1536w, https:\/\/osepmendoza.com.ar\/web\/wp-content\/uploads\/2022\/09\/sanidad1-2048x1365.jpg 2048w\" sizes=\"auto, (max-width: 2560px) 100vw, 2560px\" \/><\/a>\n\t\t\t<\/div><\/figure><figure class='gallery-item'>\n\t\t\t<div class='gallery-icon landscape'>\n\t\t\t\t<a href='https:\/\/osepmendoza.com.ar\/web\/osep-ya-vive-el-dia-de-la-sanidad\/sanidad2\/'><img loading=\"lazy\" decoding=\"async\" width=\"2560\" height=\"1707\" src=\"https:\/\/osepmendoza.com.ar\/web\/wp-content\/uploads\/2022\/09\/sanidad2-scaled.jpg\" class=\"attachment-full size-full\" alt=\"\" srcset=\"https:\/\/osepmendoza.com.ar\/web\/wp-content\/uploads\/2022\/09\/sanidad2-scaled.jpg 2560w, https:\/\/osepmendoza.com.ar\/web\/wp-content\/uploads\/2022\/09\/sanidad2-300x200.jpg 300w, https:\/\/osepmendoza.com.ar\/web\/wp-content\/uploads\/2022\/09\/sanidad2-1024x683.jpg 1024w, https:\/\/osepmendoza.com.ar\/web\/wp-content\/uploads\/2022\/09\/sanidad2-768x512.jpg 768w, https:\/\/osepmendoza.com.ar\/web\/wp-content\/uploads\/2022\/09\/sanidad2-1536x1024.jpg 1536w, https:\/\/osepmendoza.com.ar\/web\/wp-content\/uploads\/2022\/09\/sanidad2-2048x1365.jpg 2048w\" sizes=\"auto, (max-width: 2560px) 100vw, 2560px\" \/><\/a>\n\t\t\t<\/div><\/figure><figure class='gallery-item'>\n\t\t\t<div class='gallery-icon landscape'>\n\t\t\t\t<a href='https:\/\/osepmendoza.com.ar\/web\/osep-ya-vive-el-dia-de-la-sanidad\/sanidad3\/'><img loading=\"lazy\" decoding=\"async\" width=\"2560\" height=\"1707\" src=\"https:\/\/osepmendoza.com.ar\/web\/wp-content\/uploads\/2022\/09\/sanidad3-scaled.jpg\" class=\"attachment-full size-full\" alt=\"\" srcset=\"https:\/\/osepmendoza.com.ar\/web\/wp-content\/uploads\/2022\/09\/sanidad3-scaled.jpg 2560w, https:\/\/osepmendoza.com.ar\/web\/wp-content\/uploads\/2022\/09\/sanidad3-300x200.jpg 300w, https:\/\/osepmendoza.com.ar\/web\/wp-content\/uploads\/2022\/09\/sanidad3-1024x683.jpg 1024w, https:\/\/osepmendoza.com.ar\/web\/wp-content\/uploads\/2022\/09\/sanidad3-768x512.jpg 768w, https:\/\/osepmendoza.com.ar\/web\/wp-content\/uploads\/2022\/09\/sanidad3-1536x1024.jpg 1536w, https:\/\/osepmendoza.com.ar\/web\/wp-content\/uploads\/2022\/09\/sanidad3-2048x1365.jpg 2048w\" sizes=\"auto, (max-width: 2560px) 100vw, 2560px\" \/><\/a>\n\t\t\t<\/div><\/figure><figure class='gallery-item'>\n\t\t\t<div class='gallery-icon landscape'>\n\t\t\t\t<a href='https:\/\/osepmendoza.com.ar\/web\/osep-ya-vive-el-dia-de-la-sanidad\/sanidad4\/'><img loading=\"lazy\" decoding=\"async\" width=\"2560\" height=\"1707\" src=\"https:\/\/osepmendoza.com.ar\/web\/wp-content\/uploads\/2022\/09\/sanidad4-scaled.jpg\" class=\"attachment-full size-full\" alt=\"\" srcset=\"https:\/\/osepmendoza.com.ar\/web\/wp-content\/uploads\/2022\/09\/sanidad4-scaled.jpg 2560w, https:\/\/osepmendoza.com.ar\/web\/wp-content\/uploads\/2022\/09\/sanidad4-300x200.jpg 300w, https:\/\/osepmendoza.com.ar\/web\/wp-content\/uploads\/2022\/09\/sanidad4-1024x683.jpg 1024w, https:\/\/osepmendoza.com.ar\/web\/wp-content\/uploads\/2022\/09\/sanidad4-768x512.jpg 768w, https:\/\/osepmendoza.com.ar\/web\/wp-content\/uploads\/2022\/09\/sanidad4-1536x1024.jpg 1536w, https:\/\/osepmendoza.com.ar\/web\/wp-content\/uploads\/2022\/09\/sanidad4-2048x1365.jpg 2048w\" sizes=\"auto, (max-width: 2560px) 100vw, 2560px\" \/><\/a>\n\t\t\t<\/div><\/figure><figure class='gallery-item'>\n\t\t\t<div class='gallery-icon landscape'>\n\t\t\t\t<a href='https:\/\/osepmendoza.com.ar\/web\/osep-ya-vive-el-dia-de-la-sanidad\/sanidad5\/'><img loading=\"lazy\" decoding=\"async\" width=\"2560\" height=\"1707\" src=\"https:\/\/osepmendoza.com.ar\/web\/wp-content\/uploads\/2022\/09\/sanidad5-scaled.jpg\" class=\"attachment-full size-full\" alt=\"\" srcset=\"https:\/\/osepmendoza.com.ar\/web\/wp-content\/uploads\/2022\/09\/sanidad5-scaled.jpg 2560w, https:\/\/osepmendoza.com.ar\/web\/wp-content\/uploads\/2022\/09\/sanidad5-300x200.jpg 300w, https:\/\/osepmendoza.com.ar\/web\/wp-content\/uploads\/2022\/09\/sanidad5-1024x683.jpg 1024w, https:\/\/osepmendoza.com.ar\/web\/wp-content\/uploads\/2022\/09\/sanidad5-768x512.jpg 768w, https:\/\/osepmendoza.com.ar\/web\/wp-content\/uploads\/2022\/09\/sanidad5-1536x1024.jpg 1536w, https:\/\/osepmendoza.com.ar\/web\/wp-content\/uploads\/2022\/09\/sanidad5-2048x1365.jpg 2048w\" sizes=\"auto, (max-width: 2560px) 100vw, 2560px\" \/><\/a>\n\t\t\t<\/div><\/figure>\n\t\t<\/div>\n\n","protected":false},"excerpt":{"rendered":"<p>El doctor Carlos Funes, director General de la Obra Social,&#8230;<\/p>\n","protected":false},"author":12,"featured_media":46911,"comment_status":"closed","ping_status":"open","sticky":false,"template":"","format":"standard","meta":{"_acf_changed":false,"inline_featured_image":false,"_exactmetrics_skip_tracking":false,"_exactmetrics_sitenote_active":false,"_exactmetrics_sitenote_note":"","_exactmetrics_sitenote_category":0,"footnotes":"","_links_to":"","_links_to_target":""},"categories":[101],"tags":[1583,1829,670],"class_list":["post-46910","post","type-post","status-publish","format-standard","has-post-thumbnail","hentry","category-noticias","tag-efectores","tag-saludo","tag-sanidad"],"acf":[],"yoast_head":"<!-- This site is optimized with the Yoast SEO plugin v27.4 - https:\/\/yoast.com\/product\/yoast-seo-wordpress\/ -->\n<title>OSEP celebra el D\u00eda de la Sanidad - OSEP Mendoza<\/title>\n<meta name=\"robots\" content=\"index, follow, max-snippet:-1, max-image-preview:large, max-video-preview:-1\" \/>\n<link rel=\"canonical\" href=\"https:\/\/osepmendoza.com.ar\/web\/osep-ya-vive-el-dia-de-la-sanidad\/\" \/>\n<meta property=\"og:locale\" content=\"es_ES\" \/>\n<meta property=\"og:type\" content=\"article\" \/>\n<meta property=\"og:title\" content=\"OSEP celebra el D\u00eda de la Sanidad - OSEP Mendoza\" \/>\n<meta property=\"og:description\" content=\"El doctor Carlos Funes, director General de la Obra Social,...\" \/>\n<meta property=\"og:url\" content=\"https:\/\/osepmendoza.com.ar\/web\/osep-ya-vive-el-dia-de-la-sanidad\/\" \/>\n<meta property=\"og:site_name\" content=\"OSEP Mendoza\" \/>\n<meta property=\"article:publisher\" content=\"https:\/\/www.facebook.com\/OSEP.MendozaArg\/\" \/>\n<meta property=\"article:published_time\" content=\"2022-09-20T19:24:45+00:00\" \/>\n<meta property=\"article:modified_time\" content=\"2023-05-11T12:41:21+00:00\" \/>\n<meta property=\"og:image\" content=\"https:\/\/osepmendoza.com.ar\/web\/wp-content\/uploads\/2022\/09\/sanidad.jpg\" \/>\n\t<meta property=\"og:image:width\" content=\"1200\" \/>\n\t<meta property=\"og:image:height\" content=\"438\" \/>\n\t<meta property=\"og:image:type\" content=\"image\/jpeg\" \/>\n<meta name=\"author\" content=\"Sebastian Fernandez\" \/>\n<meta name=\"twitter:card\" content=\"summary_large_image\" \/>\n<meta name=\"twitter:creator\" content=\"@OsepMza\" \/>\n<meta name=\"twitter:site\" content=\"@OsepMza\" \/>\n<meta name=\"twitter:label1\" content=\"Escrito por\" \/>\n\t<meta name=\"twitter:data1\" content=\"Sebastian Fernandez\" \/>\n\t<meta name=\"twitter:label2\" content=\"Tiempo de lectura\" \/>\n\t<meta name=\"twitter:data2\" content=\"1 minuto\" \/>\n<script type=\"application\/ld+json\" class=\"yoast-schema-graph\">{\"@context\":\"https:\\\/\\\/schema.org\",\"@graph\":[{\"@type\":\"Article\",\"@id\":\"https:\\\/\\\/osepmendoza.com.ar\\\/web\\\/osep-ya-vive-el-dia-de-la-sanidad\\\/#article\",\"isPartOf\":{\"@id\":\"https:\\\/\\\/osepmendoza.com.ar\\\/web\\\/osep-ya-vive-el-dia-de-la-sanidad\\\/\"},\"author\":{\"name\":\"Sebastian Fernandez\",\"@id\":\"https:\\\/\\\/osepmendoza.com.ar\\\/web\\\/#\\\/schema\\\/person\\\/90986df7128a51e32bb66102fc247eb2\"},\"headline\":\"OSEP celebra el D\u00eda de la Sanidad\",\"datePublished\":\"2022-09-20T19:24:45+00:00\",\"dateModified\":\"2023-05-11T12:41:21+00:00\",\"mainEntityOfPage\":{\"@id\":\"https:\\\/\\\/osepmendoza.com.ar\\\/web\\\/osep-ya-vive-el-dia-de-la-sanidad\\\/\"},\"wordCount\":222,\"publisher\":{\"@id\":\"https:\\\/\\\/osepmendoza.com.ar\\\/web\\\/#organization\"},\"image\":{\"@id\":\"https:\\\/\\\/osepmendoza.com.ar\\\/web\\\/osep-ya-vive-el-dia-de-la-sanidad\\\/#primaryimage\"},\"thumbnailUrl\":\"https:\\\/\\\/osepmendoza.com.ar\\\/web\\\/wp-content\\\/uploads\\\/2022\\\/09\\\/sanidad.jpg\",\"keywords\":[\"efectores\",\"saludo\",\"sanidad\"],\"articleSection\":[\"Noticias\"],\"inLanguage\":\"es\"},{\"@type\":\"WebPage\",\"@id\":\"https:\\\/\\\/osepmendoza.com.ar\\\/web\\\/osep-ya-vive-el-dia-de-la-sanidad\\\/\",\"url\":\"https:\\\/\\\/osepmendoza.com.ar\\\/web\\\/osep-ya-vive-el-dia-de-la-sanidad\\\/\",\"name\":\"OSEP celebra el D\u00eda de la Sanidad - OSEP Mendoza\",\"isPartOf\":{\"@id\":\"https:\\\/\\\/osepmendoza.com.ar\\\/web\\\/#website\"},\"primaryImageOfPage\":{\"@id\":\"https:\\\/\\\/osepmendoza.com.ar\\\/web\\\/osep-ya-vive-el-dia-de-la-sanidad\\\/#primaryimage\"},\"image\":{\"@id\":\"https:\\\/\\\/osepmendoza.com.ar\\\/web\\\/osep-ya-vive-el-dia-de-la-sanidad\\\/#primaryimage\"},\"thumbnailUrl\":\"https:\\\/\\\/osepmendoza.com.ar\\\/web\\\/wp-content\\\/uploads\\\/2022\\\/09\\\/sanidad.jpg\",\"datePublished\":\"2022-09-20T19:24:45+00:00\",\"dateModified\":\"2023-05-11T12:41:21+00:00\",\"breadcrumb\":{\"@id\":\"https:\\\/\\\/osepmendoza.com.ar\\\/web\\\/osep-ya-vive-el-dia-de-la-sanidad\\\/#breadcrumb\"},\"inLanguage\":\"es\",\"potentialAction\":[{\"@type\":\"ReadAction\",\"target\":[\"https:\\\/\\\/osepmendoza.com.ar\\\/web\\\/osep-ya-vive-el-dia-de-la-sanidad\\\/\"]}]},{\"@type\":\"ImageObject\",\"inLanguage\":\"es\",\"@id\":\"https:\\\/\\\/osepmendoza.com.ar\\\/web\\\/osep-ya-vive-el-dia-de-la-sanidad\\\/#primaryimage\",\"url\":\"https:\\\/\\\/osepmendoza.com.ar\\\/web\\\/wp-content\\\/uploads\\\/2022\\\/09\\\/sanidad.jpg\",\"contentUrl\":\"https:\\\/\\\/osepmendoza.com.ar\\\/web\\\/wp-content\\\/uploads\\\/2022\\\/09\\\/sanidad.jpg\",\"width\":1200,\"height\":438},{\"@type\":\"BreadcrumbList\",\"@id\":\"https:\\\/\\\/osepmendoza.com.ar\\\/web\\\/osep-ya-vive-el-dia-de-la-sanidad\\\/#breadcrumb\",\"itemListElement\":[{\"@type\":\"ListItem\",\"position\":1,\"name\":\"Portada\",\"item\":\"https:\\\/\\\/osepmendoza.com.ar\\\/web\\\/\"},{\"@type\":\"ListItem\",\"position\":2,\"name\":\"OSEP celebra el D\u00eda de la Sanidad\"}]},{\"@type\":\"WebSite\",\"@id\":\"https:\\\/\\\/osepmendoza.com.ar\\\/web\\\/#website\",\"url\":\"https:\\\/\\\/osepmendoza.com.ar\\\/web\\\/\",\"name\":\"OSEP Mendoza\",\"description\":\"Obra Social de los Empleados P\u00fablicos de Mendoza\",\"publisher\":{\"@id\":\"https:\\\/\\\/osepmendoza.com.ar\\\/web\\\/#organization\"},\"potentialAction\":[{\"@type\":\"SearchAction\",\"target\":{\"@type\":\"EntryPoint\",\"urlTemplate\":\"https:\\\/\\\/osepmendoza.com.ar\\\/web\\\/?s={search_term_string}\"},\"query-input\":{\"@type\":\"PropertyValueSpecification\",\"valueRequired\":true,\"valueName\":\"search_term_string\"}}],\"inLanguage\":\"es\"},{\"@type\":\"Organization\",\"@id\":\"https:\\\/\\\/osepmendoza.com.ar\\\/web\\\/#organization\",\"name\":\"OSEP - Obra Social de Empleados P\u00fablicos de Mendoza\",\"url\":\"https:\\\/\\\/osepmendoza.com.ar\\\/web\\\/\",\"logo\":{\"@type\":\"ImageObject\",\"inLanguage\":\"es\",\"@id\":\"https:\\\/\\\/osepmendoza.com.ar\\\/web\\\/#\\\/schema\\\/logo\\\/image\\\/\",\"url\":\"https:\\\/\\\/osepmendoza.com.ar\\\/web\\\/wp-content\\\/uploads\\\/2020\\\/04\\\/lkTM9T9z.jpg\",\"contentUrl\":\"https:\\\/\\\/osepmendoza.com.ar\\\/web\\\/wp-content\\\/uploads\\\/2020\\\/04\\\/lkTM9T9z.jpg\",\"width\":334,\"height\":334,\"caption\":\"OSEP - Obra Social de Empleados P\u00fablicos de Mendoza\"},\"image\":{\"@id\":\"https:\\\/\\\/osepmendoza.com.ar\\\/web\\\/#\\\/schema\\\/logo\\\/image\\\/\"},\"sameAs\":[\"https:\\\/\\\/www.facebook.com\\\/OSEP.MendozaArg\\\/\",\"https:\\\/\\\/x.com\\\/OsepMza\",\"https:\\\/\\\/www.instagram.com\\\/osep.mendoza\\\/\",\"https:\\\/\\\/www.youtube.com\\\/user\\\/osepvideos\"]},{\"@type\":\"Person\",\"@id\":\"https:\\\/\\\/osepmendoza.com.ar\\\/web\\\/#\\\/schema\\\/person\\\/90986df7128a51e32bb66102fc247eb2\",\"name\":\"Sebastian Fernandez\",\"image\":{\"@type\":\"ImageObject\",\"inLanguage\":\"es\",\"@id\":\"https:\\\/\\\/secure.gravatar.com\\\/avatar\\\/cc42d53caabe846896e06ed8955a60e82b2b829babcb731f86f26c42378bcfec?s=96&d=mm&r=g\",\"url\":\"https:\\\/\\\/secure.gravatar.com\\\/avatar\\\/cc42d53caabe846896e06ed8955a60e82b2b829babcb731f86f26c42378bcfec?s=96&d=mm&r=g\",\"contentUrl\":\"https:\\\/\\\/secure.gravatar.com\\\/avatar\\\/cc42d53caabe846896e06ed8955a60e82b2b829babcb731f86f26c42378bcfec?s=96&d=mm&r=g\",\"caption\":\"Sebastian Fernandez\"},\"sameAs\":[\"http:\\\/\\\/osepmendoza.com.ar\\\/web\"]}]}<\/script>\n<!-- \/ Yoast SEO plugin. -->","yoast_head_json":{"title":"OSEP celebra el D\u00eda de la Sanidad - OSEP Mendoza","robots":{"index":"index","follow":"follow","max-snippet":"max-snippet:-1","max-image-preview":"max-image-preview:large","max-video-preview":"max-video-preview:-1"},"canonical":"https:\/\/osepmendoza.com.ar\/web\/osep-ya-vive-el-dia-de-la-sanidad\/","og_locale":"es_ES","og_type":"article","og_title":"OSEP celebra el D\u00eda de la Sanidad - OSEP Mendoza","og_description":"El doctor Carlos Funes, director General de la Obra Social,...","og_url":"https:\/\/osepmendoza.com.ar\/web\/osep-ya-vive-el-dia-de-la-sanidad\/","og_site_name":"OSEP Mendoza","article_publisher":"https:\/\/www.facebook.com\/OSEP.MendozaArg\/","article_published_time":"2022-09-20T19:24:45+00:00","article_modified_time":"2023-05-11T12:41:21+00:00","og_image":[{"width":1200,"height":438,"url":"https:\/\/osepmendoza.com.ar\/web\/wp-content\/uploads\/2022\/09\/sanidad.jpg","type":"image\/jpeg"}],"author":"Sebastian Fernandez","twitter_card":"summary_large_image","twitter_creator":"@OsepMza","twitter_site":"@OsepMza","twitter_misc":{"Escrito por":"Sebastian Fernandez","Tiempo de lectura":"1 minuto"},"schema":{"@context":"https:\/\/schema.org","@graph":[{"@type":"Article","@id":"https:\/\/osepmendoza.com.ar\/web\/osep-ya-vive-el-dia-de-la-sanidad\/#article","isPartOf":{"@id":"https:\/\/osepmendoza.com.ar\/web\/osep-ya-vive-el-dia-de-la-sanidad\/"},"author":{"name":"Sebastian Fernandez","@id":"https:\/\/osepmendoza.com.ar\/web\/#\/schema\/person\/90986df7128a51e32bb66102fc247eb2"},"headline":"OSEP celebra el D\u00eda de la Sanidad","datePublished":"2022-09-20T19:24:45+00:00","dateModified":"2023-05-11T12:41:21+00:00","mainEntityOfPage":{"@id":"https:\/\/osepmendoza.com.ar\/web\/osep-ya-vive-el-dia-de-la-sanidad\/"},"wordCount":222,"publisher":{"@id":"https:\/\/osepmendoza.com.ar\/web\/#organization"},"image":{"@id":"https:\/\/osepmendoza.com.ar\/web\/osep-ya-vive-el-dia-de-la-sanidad\/#primaryimage"},"thumbnailUrl":"https:\/\/osepmendoza.com.ar\/web\/wp-content\/uploads\/2022\/09\/sanidad.jpg","keywords":["efectores","saludo","sanidad"],"articleSection":["Noticias"],"inLanguage":"es"},{"@type":"WebPage","@id":"https:\/\/osepmendoza.com.ar\/web\/osep-ya-vive-el-dia-de-la-sanidad\/","url":"https:\/\/osepmendoza.com.ar\/web\/osep-ya-vive-el-dia-de-la-sanidad\/","name":"OSEP celebra el D\u00eda de la Sanidad - OSEP Mendoza","isPartOf":{"@id":"https:\/\/osepmendoza.com.ar\/web\/#website"},"primaryImageOfPage":{"@id":"https:\/\/osepmendoza.com.ar\/web\/osep-ya-vive-el-dia-de-la-sanidad\/#primaryimage"},"image":{"@id":"https:\/\/osepmendoza.com.ar\/web\/osep-ya-vive-el-dia-de-la-sanidad\/#primaryimage"},"thumbnailUrl":"https:\/\/osepmendoza.com.ar\/web\/wp-content\/uploads\/2022\/09\/sanidad.jpg","datePublished":"2022-09-20T19:24:45+00:00","dateModified":"2023-05-11T12:41:21+00:00","breadcrumb":{"@id":"https:\/\/osepmendoza.com.ar\/web\/osep-ya-vive-el-dia-de-la-sanidad\/#breadcrumb"},"inLanguage":"es","potentialAction":[{"@type":"ReadAction","target":["https:\/\/osepmendoza.com.ar\/web\/osep-ya-vive-el-dia-de-la-sanidad\/"]}]},{"@type":"ImageObject","inLanguage":"es","@id":"https:\/\/osepmendoza.com.ar\/web\/osep-ya-vive-el-dia-de-la-sanidad\/#primaryimage","url":"https:\/\/osepmendoza.com.ar\/web\/wp-content\/uploads\/2022\/09\/sanidad.jpg","contentUrl":"https:\/\/osepmendoza.com.ar\/web\/wp-content\/uploads\/2022\/09\/sanidad.jpg","width":1200,"height":438},{"@type":"BreadcrumbList","@id":"https:\/\/osepmendoza.com.ar\/web\/osep-ya-vive-el-dia-de-la-sanidad\/#breadcrumb","itemListElement":[{"@type":"ListItem","position":1,"name":"Portada","item":"https:\/\/osepmendoza.com.ar\/web\/"},{"@type":"ListItem","position":2,"name":"OSEP celebra el D\u00eda de la Sanidad"}]},{"@type":"WebSite","@id":"https:\/\/osepmendoza.com.ar\/web\/#website","url":"https:\/\/osepmendoza.com.ar\/web\/","name":"OSEP Mendoza","description":"Obra Social de los Empleados P\u00fablicos de Mendoza","publisher":{"@id":"https:\/\/osepmendoza.com.ar\/web\/#organization"},"potentialAction":[{"@type":"SearchAction","target":{"@type":"EntryPoint","urlTemplate":"https:\/\/osepmendoza.com.ar\/web\/?s={search_term_string}"},"query-input":{"@type":"PropertyValueSpecification","valueRequired":true,"valueName":"search_term_string"}}],"inLanguage":"es"},{"@type":"Organization","@id":"https:\/\/osepmendoza.com.ar\/web\/#organization","name":"OSEP - Obra Social de Empleados P\u00fablicos de Mendoza","url":"https:\/\/osepmendoza.com.ar\/web\/","logo":{"@type":"ImageObject","inLanguage":"es","@id":"https:\/\/osepmendoza.com.ar\/web\/#\/schema\/logo\/image\/","url":"https:\/\/osepmendoza.com.ar\/web\/wp-content\/uploads\/2020\/04\/lkTM9T9z.jpg","contentUrl":"https:\/\/osepmendoza.com.ar\/web\/wp-content\/uploads\/2020\/04\/lkTM9T9z.jpg","width":334,"height":334,"caption":"OSEP - Obra Social de Empleados P\u00fablicos de Mendoza"},"image":{"@id":"https:\/\/osepmendoza.com.ar\/web\/#\/schema\/logo\/image\/"},"sameAs":["https:\/\/www.facebook.com\/OSEP.MendozaArg\/","https:\/\/x.com\/OsepMza","https:\/\/www.instagram.com\/osep.mendoza\/","https:\/\/www.youtube.com\/user\/osepvideos"]},{"@type":"Person","@id":"https:\/\/osepmendoza.com.ar\/web\/#\/schema\/person\/90986df7128a51e32bb66102fc247eb2","name":"Sebastian Fernandez","image":{"@type":"ImageObject","inLanguage":"es","@id":"https:\/\/secure.gravatar.com\/avatar\/cc42d53caabe846896e06ed8955a60e82b2b829babcb731f86f26c42378bcfec?s=96&d=mm&r=g","url":"https:\/\/secure.gravatar.com\/avatar\/cc42d53caabe846896e06ed8955a60e82b2b829babcb731f86f26c42378bcfec?s=96&d=mm&r=g","contentUrl":"https:\/\/secure.gravatar.com\/avatar\/cc42d53caabe846896e06ed8955a60e82b2b829babcb731f86f26c42378bcfec?s=96&d=mm&r=g","caption":"Sebastian Fernandez"},"sameAs":["http:\/\/osepmendoza.com.ar\/web"]}]}},"amp_enabled":true,"_links":{"self":[{"href":"https:\/\/osepmendoza.com.ar\/web\/wp-json\/wp\/v2\/posts\/46910","targetHints":{"allow":["GET"]}}],"collection":[{"href":"https:\/\/osepmendoza.com.ar\/web\/wp-json\/wp\/v2\/posts"}],"about":[{"href":"https:\/\/osepmendoza.com.ar\/web\/wp-json\/wp\/v2\/types\/post"}],"author":[{"embeddable":true,"href":"https:\/\/osepmendoza.com.ar\/web\/wp-json\/wp\/v2\/users\/12"}],"replies":[{"embeddable":true,"href":"https:\/\/osepmendoza.com.ar\/web\/wp-json\/wp\/v2\/comments?post=46910"}],"version-history":[{"count":3,"href":"https:\/\/osepmendoza.com.ar\/web\/wp-json\/wp\/v2\/posts\/46910\/revisions"}],"predecessor-version":[{"id":46921,"href":"https:\/\/osepmendoza.com.ar\/web\/wp-json\/wp\/v2\/posts\/46910\/revisions\/46921"}],"wp:featuredmedia":[{"embeddable":true,"href":"https:\/\/osepmendoza.com.ar\/web\/wp-json\/wp\/v2\/media\/46911"}],"wp:attachment":[{"href":"https:\/\/osepmendoza.com.ar\/web\/wp-json\/wp\/v2\/media?parent=46910"}],"wp:term":[{"taxonomy":"category","embeddable":true,"href":"https:\/\/osepmendoza.com.ar\/web\/wp-json\/wp\/v2\/categories?post=46910"},{"taxonomy":"post_tag","embeddable":true,"href":"https:\/\/osepmendoza.com.ar\/web\/wp-json\/wp\/v2\/tags?post=46910"}],"curies":[{"name":"wp","href":"https:\/\/api.w.org\/{rel}","templated":true}]}}