{"id":46881,"date":"2022-09-15T12:25:47","date_gmt":"2022-09-15T15:25:47","guid":{"rendered":"https:\/\/osepmendoza.com.ar\/web\/?p=46881"},"modified":"2023-05-11T09:41:28","modified_gmt":"2023-05-11T12:41:28","slug":"visitamos-alto-salvador-san-martin","status":"publish","type":"post","link":"https:\/\/osepmendoza.com.ar\/web\/visitamos-alto-salvador-san-martin\/","title":{"rendered":"Visitamos Alto Salvador, San Mart\u00edn"},"content":{"rendered":"<p><strong>Contin\u00faan las charlas y atenci\u00f3n por parte de OSEP a la comunidad en la Zona Este. Durante el d\u00eda de hoy, un equipo de la Obra Social visit\u00f3 el distrito de Alto Salvador, en el departamento de General San Mart\u00edn.<\/strong><\/p>\n<p align=\"justify\">La visita fue abierta a la comunidad y se dio en el marco de una serie de operativos saludables organizados en forma conjunta por la Obra Social de Empleados P\u00fablicos de Mendoza y la Direcci\u00f3n de Desarrollo Social de la Municipalidad de San Mart\u00edn. Estas tareas tuvieron como objetivo asesorar, capacitar y atender a los vecinos y vecinas.<\/p>\n<p align=\"justify\">El encuentro tuvo lugar en la Uni\u00f3n Vecinal del Barrio L\u00f3pez, que abri\u00f3 sus puertas a las 9 de la ma\u00f1ana para que las personas del lugar se acerquen a realizar sus chequeos o tr\u00e1mites.<\/p>\n<p align=\"justify\">En lo que respecta a atenci\u00f3n a la salud, un equipo de profesionales realiz\u00f3 detecci\u00f3n de riesgo cardiometab\u00f3lico; control de boca sana y asesoramiento odontol\u00f3gico, con la colaboraci\u00f3n de los programas de Atenci\u00f3n Primaria de Zona Este.<\/p>\n<p align=\"justify\">Por su parte, un equipo administrativo recibi\u00f3 a los afiliados de la zona y les realiz\u00f3 el registro de huella dactilar, reemplazando la tradicional credencial. Tambi\u00e9n hubo tiempo para brindarles una capacitaci\u00f3n sobre el uso de las herramientas tecnol\u00f3gicas, con el objetivo de evitarles el traslado innecesario a los edificios de la Obra Social, facilit\u00e1ndoles tambi\u00e9n las gestiones a trav\u00e9s del asistente virtual de OSEP.<\/p>\n<div id='gallery-1' class='gallery galleryid-46881 gallery-columns-2 gallery-size-full'><figure class='gallery-item'>\n\t\t\t<div class='gallery-icon landscape'>\n\t\t\t\t<a href='https:\/\/osepmendoza.com.ar\/web\/visitamos-alto-salvador-san-martin\/salva1\/'><img loading=\"lazy\" decoding=\"async\" width=\"1600\" height=\"738\" src=\"https:\/\/osepmendoza.com.ar\/web\/wp-content\/uploads\/2022\/09\/salva1.jpg\" class=\"attachment-full size-full\" alt=\"\" srcset=\"https:\/\/osepmendoza.com.ar\/web\/wp-content\/uploads\/2022\/09\/salva1.jpg 1600w, https:\/\/osepmendoza.com.ar\/web\/wp-content\/uploads\/2022\/09\/salva1-300x138.jpg 300w, https:\/\/osepmendoza.com.ar\/web\/wp-content\/uploads\/2022\/09\/salva1-1024x472.jpg 1024w, https:\/\/osepmendoza.com.ar\/web\/wp-content\/uploads\/2022\/09\/salva1-768x354.jpg 768w, https:\/\/osepmendoza.com.ar\/web\/wp-content\/uploads\/2022\/09\/salva1-1536x708.jpg 1536w\" sizes=\"auto, (max-width: 1600px) 100vw, 1600px\" \/><\/a>\n\t\t\t<\/div><\/figure><figure class='gallery-item'>\n\t\t\t<div class='gallery-icon landscape'>\n\t\t\t\t<a href='https:\/\/osepmendoza.com.ar\/web\/visitamos-alto-salvador-san-martin\/salva2\/'><img loading=\"lazy\" decoding=\"async\" width=\"1600\" height=\"738\" src=\"https:\/\/osepmendoza.com.ar\/web\/wp-content\/uploads\/2022\/09\/salva2.jpg\" class=\"attachment-full size-full\" alt=\"\" srcset=\"https:\/\/osepmendoza.com.ar\/web\/wp-content\/uploads\/2022\/09\/salva2.jpg 1600w, https:\/\/osepmendoza.com.ar\/web\/wp-content\/uploads\/2022\/09\/salva2-300x138.jpg 300w, https:\/\/osepmendoza.com.ar\/web\/wp-content\/uploads\/2022\/09\/salva2-1024x472.jpg 1024w, https:\/\/osepmendoza.com.ar\/web\/wp-content\/uploads\/2022\/09\/salva2-768x354.jpg 768w, https:\/\/osepmendoza.com.ar\/web\/wp-content\/uploads\/2022\/09\/salva2-1536x708.jpg 1536w\" sizes=\"auto, (max-width: 1600px) 100vw, 1600px\" \/><\/a>\n\t\t\t<\/div><\/figure><figure class='gallery-item'>\n\t\t\t<div class='gallery-icon portrait'>\n\t\t\t\t<a href='https:\/\/osepmendoza.com.ar\/web\/visitamos-alto-salvador-san-martin\/alto-salvador1\/'><img loading=\"lazy\" decoding=\"async\" width=\"738\" height=\"1600\" src=\"https:\/\/osepmendoza.com.ar\/web\/wp-content\/uploads\/2022\/09\/alto-salvador1.jpg\" class=\"attachment-full size-full\" alt=\"\" srcset=\"https:\/\/osepmendoza.com.ar\/web\/wp-content\/uploads\/2022\/09\/alto-salvador1.jpg 738w, https:\/\/osepmendoza.com.ar\/web\/wp-content\/uploads\/2022\/09\/alto-salvador1-138x300.jpg 138w, https:\/\/osepmendoza.com.ar\/web\/wp-content\/uploads\/2022\/09\/alto-salvador1-472x1024.jpg 472w, https:\/\/osepmendoza.com.ar\/web\/wp-content\/uploads\/2022\/09\/alto-salvador1-708x1536.jpg 708w\" sizes=\"auto, (max-width: 738px) 100vw, 738px\" \/><\/a>\n\t\t\t<\/div><\/figure><figure class='gallery-item'>\n\t\t\t<div class='gallery-icon portrait'>\n\t\t\t\t<a href='https:\/\/osepmendoza.com.ar\/web\/visitamos-alto-salvador-san-martin\/alto-salvador2\/'><img loading=\"lazy\" decoding=\"async\" width=\"738\" height=\"1600\" src=\"https:\/\/osepmendoza.com.ar\/web\/wp-content\/uploads\/2022\/09\/alto-salvador2.jpg\" class=\"attachment-full size-full\" alt=\"\" srcset=\"https:\/\/osepmendoza.com.ar\/web\/wp-content\/uploads\/2022\/09\/alto-salvador2.jpg 738w, https:\/\/osepmendoza.com.ar\/web\/wp-content\/uploads\/2022\/09\/alto-salvador2-138x300.jpg 138w, https:\/\/osepmendoza.com.ar\/web\/wp-content\/uploads\/2022\/09\/alto-salvador2-472x1024.jpg 472w, https:\/\/osepmendoza.com.ar\/web\/wp-content\/uploads\/2022\/09\/alto-salvador2-708x1536.jpg 708w\" sizes=\"auto, (max-width: 738px) 100vw, 738px\" \/><\/a>\n\t\t\t<\/div><\/figure><figure class='gallery-item'>\n\t\t\t<div class='gallery-icon portrait'>\n\t\t\t\t<a href='https:\/\/osepmendoza.com.ar\/web\/visitamos-alto-salvador-san-martin\/alto-salvador3\/'><img loading=\"lazy\" decoding=\"async\" width=\"738\" height=\"1600\" src=\"https:\/\/osepmendoza.com.ar\/web\/wp-content\/uploads\/2022\/09\/alto-salvador3.jpg\" class=\"attachment-full size-full\" alt=\"\" srcset=\"https:\/\/osepmendoza.com.ar\/web\/wp-content\/uploads\/2022\/09\/alto-salvador3.jpg 738w, https:\/\/osepmendoza.com.ar\/web\/wp-content\/uploads\/2022\/09\/alto-salvador3-138x300.jpg 138w, https:\/\/osepmendoza.com.ar\/web\/wp-content\/uploads\/2022\/09\/alto-salvador3-472x1024.jpg 472w, https:\/\/osepmendoza.com.ar\/web\/wp-content\/uploads\/2022\/09\/alto-salvador3-708x1536.jpg 708w\" sizes=\"auto, (max-width: 738px) 100vw, 738px\" \/><\/a>\n\t\t\t<\/div><\/figure><figure class='gallery-item'>\n\t\t\t<div class='gallery-icon portrait'>\n\t\t\t\t<a href='https:\/\/osepmendoza.com.ar\/web\/visitamos-alto-salvador-san-martin\/alto-salvador4\/'><img loading=\"lazy\" decoding=\"async\" width=\"738\" height=\"1600\" src=\"https:\/\/osepmendoza.com.ar\/web\/wp-content\/uploads\/2022\/09\/alto-salvador4.jpg\" class=\"attachment-full size-full\" alt=\"\" srcset=\"https:\/\/osepmendoza.com.ar\/web\/wp-content\/uploads\/2022\/09\/alto-salvador4.jpg 738w, https:\/\/osepmendoza.com.ar\/web\/wp-content\/uploads\/2022\/09\/alto-salvador4-138x300.jpg 138w, https:\/\/osepmendoza.com.ar\/web\/wp-content\/uploads\/2022\/09\/alto-salvador4-472x1024.jpg 472w, https:\/\/osepmendoza.com.ar\/web\/wp-content\/uploads\/2022\/09\/alto-salvador4-708x1536.jpg 708w\" sizes=\"auto, (max-width: 738px) 100vw, 738px\" \/><\/a>\n\t\t\t<\/div><\/figure><figure class='gallery-item'>\n\t\t\t<div class='gallery-icon portrait'>\n\t\t\t\t<a href='https:\/\/osepmendoza.com.ar\/web\/visitamos-alto-salvador-san-martin\/alto-salvador5\/'><img loading=\"lazy\" decoding=\"async\" width=\"590\" height=\"1280\" src=\"https:\/\/osepmendoza.com.ar\/web\/wp-content\/uploads\/2022\/09\/alto-salvador5.jpg\" class=\"attachment-full size-full\" alt=\"\" srcset=\"https:\/\/osepmendoza.com.ar\/web\/wp-content\/uploads\/2022\/09\/alto-salvador5.jpg 590w, https:\/\/osepmendoza.com.ar\/web\/wp-content\/uploads\/2022\/09\/alto-salvador5-138x300.jpg 138w, https:\/\/osepmendoza.com.ar\/web\/wp-content\/uploads\/2022\/09\/alto-salvador5-472x1024.jpg 472w\" sizes=\"auto, (max-width: 590px) 100vw, 590px\" \/><\/a>\n\t\t\t<\/div><\/figure>\n\t\t<\/div>\n\n<p align=\"justify\">\n","protected":false},"excerpt":{"rendered":"<p>Contin\u00faan las charlas y atenci\u00f3n por parte de OSEP a&#8230;<\/p>\n","protected":false},"author":12,"featured_media":46882,"comment_status":"closed","ping_status":"open","sticky":false,"template":"","format":"standard","meta":{"_acf_changed":false,"inline_featured_image":false,"_exactmetrics_skip_tracking":false,"_exactmetrics_sitenote_active":false,"_exactmetrics_sitenote_note":"","_exactmetrics_sitenote_category":0,"footnotes":"","_links_to":"","_links_to_target":""},"categories":[101],"tags":[1828,104,230,235,1017],"class_list":["post-46881","post","type-post","status-publish","format-standard","has-post-thumbnail","hentry","category-noticias","tag-alto-salvador","tag-salud","tag-san-martin","tag-servicios","tag-tramites"],"acf":[],"yoast_head":"<!-- This site is optimized with the Yoast SEO plugin v27.5 - https:\/\/yoast.com\/product\/yoast-seo-wordpress\/ -->\n<title>Visitamos Alto Salvador, San Mart\u00edn - OSEP Mendoza<\/title>\n<meta name=\"robots\" content=\"index, follow, max-snippet:-1, max-image-preview:large, max-video-preview:-1\" \/>\n<link rel=\"canonical\" href=\"https:\/\/osepmendoza.com.ar\/web\/visitamos-alto-salvador-san-martin\/\" \/>\n<meta property=\"og:locale\" content=\"es_ES\" \/>\n<meta property=\"og:type\" content=\"article\" \/>\n<meta property=\"og:title\" content=\"Visitamos Alto Salvador, San Mart\u00edn - OSEP Mendoza\" \/>\n<meta property=\"og:description\" content=\"Contin\u00faan las charlas y atenci\u00f3n por parte de OSEP a...\" \/>\n<meta property=\"og:url\" content=\"https:\/\/osepmendoza.com.ar\/web\/visitamos-alto-salvador-san-martin\/\" \/>\n<meta property=\"og:site_name\" content=\"OSEP Mendoza\" \/>\n<meta property=\"article:publisher\" content=\"https:\/\/www.facebook.com\/OSEP.MendozaArg\/\" \/>\n<meta property=\"article:published_time\" content=\"2022-09-15T15:25:47+00:00\" \/>\n<meta property=\"article:modified_time\" content=\"2023-05-11T12:41:28+00:00\" \/>\n<meta property=\"og:image\" content=\"https:\/\/osepmendoza.com.ar\/web\/wp-content\/uploads\/2022\/09\/alto-salvador.jpg\" \/>\n\t<meta property=\"og:image:width\" content=\"1201\" \/>\n\t<meta property=\"og:image:height\" content=\"439\" \/>\n\t<meta property=\"og:image:type\" content=\"image\/jpeg\" \/>\n<meta name=\"author\" content=\"Sebastian Fernandez\" \/>\n<meta name=\"twitter:card\" content=\"summary_large_image\" \/>\n<meta name=\"twitter:creator\" content=\"@OsepMza\" \/>\n<meta name=\"twitter:site\" content=\"@OsepMza\" \/>\n<meta name=\"twitter:label1\" content=\"Escrito por\" \/>\n\t<meta name=\"twitter:data1\" content=\"Sebastian Fernandez\" \/>\n\t<meta name=\"twitter:label2\" content=\"Tiempo de lectura\" \/>\n\t<meta name=\"twitter:data2\" content=\"2 minutos\" \/>\n<script type=\"application\/ld+json\" class=\"yoast-schema-graph\">{\"@context\":\"https:\\\/\\\/schema.org\",\"@graph\":[{\"@type\":\"Article\",\"@id\":\"https:\\\/\\\/osepmendoza.com.ar\\\/web\\\/visitamos-alto-salvador-san-martin\\\/#article\",\"isPartOf\":{\"@id\":\"https:\\\/\\\/osepmendoza.com.ar\\\/web\\\/visitamos-alto-salvador-san-martin\\\/\"},\"author\":{\"name\":\"Sebastian Fernandez\",\"@id\":\"https:\\\/\\\/osepmendoza.com.ar\\\/web\\\/#\\\/schema\\\/person\\\/90986df7128a51e32bb66102fc247eb2\"},\"headline\":\"Visitamos Alto Salvador, San Mart\u00edn\",\"datePublished\":\"2022-09-15T15:25:47+00:00\",\"dateModified\":\"2023-05-11T12:41:28+00:00\",\"mainEntityOfPage\":{\"@id\":\"https:\\\/\\\/osepmendoza.com.ar\\\/web\\\/visitamos-alto-salvador-san-martin\\\/\"},\"wordCount\":268,\"publisher\":{\"@id\":\"https:\\\/\\\/osepmendoza.com.ar\\\/web\\\/#organization\"},\"image\":{\"@id\":\"https:\\\/\\\/osepmendoza.com.ar\\\/web\\\/visitamos-alto-salvador-san-martin\\\/#primaryimage\"},\"thumbnailUrl\":\"https:\\\/\\\/osepmendoza.com.ar\\\/web\\\/wp-content\\\/uploads\\\/2022\\\/09\\\/alto-salvador.jpg\",\"keywords\":[\"alto salvador\",\"salud\",\"san martin\",\"servicios\",\"tr\u00e1mites\"],\"articleSection\":[\"Noticias\"],\"inLanguage\":\"es\"},{\"@type\":\"WebPage\",\"@id\":\"https:\\\/\\\/osepmendoza.com.ar\\\/web\\\/visitamos-alto-salvador-san-martin\\\/\",\"url\":\"https:\\\/\\\/osepmendoza.com.ar\\\/web\\\/visitamos-alto-salvador-san-martin\\\/\",\"name\":\"Visitamos Alto Salvador, San Mart\u00edn - OSEP Mendoza\",\"isPartOf\":{\"@id\":\"https:\\\/\\\/osepmendoza.com.ar\\\/web\\\/#website\"},\"primaryImageOfPage\":{\"@id\":\"https:\\\/\\\/osepmendoza.com.ar\\\/web\\\/visitamos-alto-salvador-san-martin\\\/#primaryimage\"},\"image\":{\"@id\":\"https:\\\/\\\/osepmendoza.com.ar\\\/web\\\/visitamos-alto-salvador-san-martin\\\/#primaryimage\"},\"thumbnailUrl\":\"https:\\\/\\\/osepmendoza.com.ar\\\/web\\\/wp-content\\\/uploads\\\/2022\\\/09\\\/alto-salvador.jpg\",\"datePublished\":\"2022-09-15T15:25:47+00:00\",\"dateModified\":\"2023-05-11T12:41:28+00:00\",\"breadcrumb\":{\"@id\":\"https:\\\/\\\/osepmendoza.com.ar\\\/web\\\/visitamos-alto-salvador-san-martin\\\/#breadcrumb\"},\"inLanguage\":\"es\",\"potentialAction\":[{\"@type\":\"ReadAction\",\"target\":[\"https:\\\/\\\/osepmendoza.com.ar\\\/web\\\/visitamos-alto-salvador-san-martin\\\/\"]}]},{\"@type\":\"ImageObject\",\"inLanguage\":\"es\",\"@id\":\"https:\\\/\\\/osepmendoza.com.ar\\\/web\\\/visitamos-alto-salvador-san-martin\\\/#primaryimage\",\"url\":\"https:\\\/\\\/osepmendoza.com.ar\\\/web\\\/wp-content\\\/uploads\\\/2022\\\/09\\\/alto-salvador.jpg\",\"contentUrl\":\"https:\\\/\\\/osepmendoza.com.ar\\\/web\\\/wp-content\\\/uploads\\\/2022\\\/09\\\/alto-salvador.jpg\",\"width\":1201,\"height\":439},{\"@type\":\"BreadcrumbList\",\"@id\":\"https:\\\/\\\/osepmendoza.com.ar\\\/web\\\/visitamos-alto-salvador-san-martin\\\/#breadcrumb\",\"itemListElement\":[{\"@type\":\"ListItem\",\"position\":1,\"name\":\"Portada\",\"item\":\"https:\\\/\\\/osepmendoza.com.ar\\\/web\\\/\"},{\"@type\":\"ListItem\",\"position\":2,\"name\":\"Visitamos Alto Salvador, San Mart\u00edn\"}]},{\"@type\":\"WebSite\",\"@id\":\"https:\\\/\\\/osepmendoza.com.ar\\\/web\\\/#website\",\"url\":\"https:\\\/\\\/osepmendoza.com.ar\\\/web\\\/\",\"name\":\"OSEP Mendoza\",\"description\":\"Obra Social de los Empleados P\u00fablicos de Mendoza\",\"publisher\":{\"@id\":\"https:\\\/\\\/osepmendoza.com.ar\\\/web\\\/#organization\"},\"potentialAction\":[{\"@type\":\"SearchAction\",\"target\":{\"@type\":\"EntryPoint\",\"urlTemplate\":\"https:\\\/\\\/osepmendoza.com.ar\\\/web\\\/?s={search_term_string}\"},\"query-input\":{\"@type\":\"PropertyValueSpecification\",\"valueRequired\":true,\"valueName\":\"search_term_string\"}}],\"inLanguage\":\"es\"},{\"@type\":\"Organization\",\"@id\":\"https:\\\/\\\/osepmendoza.com.ar\\\/web\\\/#organization\",\"name\":\"OSEP - Obra Social de Empleados P\u00fablicos de Mendoza\",\"url\":\"https:\\\/\\\/osepmendoza.com.ar\\\/web\\\/\",\"logo\":{\"@type\":\"ImageObject\",\"inLanguage\":\"es\",\"@id\":\"https:\\\/\\\/osepmendoza.com.ar\\\/web\\\/#\\\/schema\\\/logo\\\/image\\\/\",\"url\":\"https:\\\/\\\/osepmendoza.com.ar\\\/web\\\/wp-content\\\/uploads\\\/2020\\\/04\\\/lkTM9T9z.jpg\",\"contentUrl\":\"https:\\\/\\\/osepmendoza.com.ar\\\/web\\\/wp-content\\\/uploads\\\/2020\\\/04\\\/lkTM9T9z.jpg\",\"width\":334,\"height\":334,\"caption\":\"OSEP - Obra Social de Empleados P\u00fablicos de Mendoza\"},\"image\":{\"@id\":\"https:\\\/\\\/osepmendoza.com.ar\\\/web\\\/#\\\/schema\\\/logo\\\/image\\\/\"},\"sameAs\":[\"https:\\\/\\\/www.facebook.com\\\/OSEP.MendozaArg\\\/\",\"https:\\\/\\\/x.com\\\/OsepMza\",\"https:\\\/\\\/www.instagram.com\\\/osep.mendoza\\\/\",\"https:\\\/\\\/www.youtube.com\\\/user\\\/osepvideos\"]},{\"@type\":\"Person\",\"@id\":\"https:\\\/\\\/osepmendoza.com.ar\\\/web\\\/#\\\/schema\\\/person\\\/90986df7128a51e32bb66102fc247eb2\",\"name\":\"Sebastian Fernandez\",\"image\":{\"@type\":\"ImageObject\",\"inLanguage\":\"es\",\"@id\":\"https:\\\/\\\/secure.gravatar.com\\\/avatar\\\/cc42d53caabe846896e06ed8955a60e82b2b829babcb731f86f26c42378bcfec?s=96&d=mm&r=g\",\"url\":\"https:\\\/\\\/secure.gravatar.com\\\/avatar\\\/cc42d53caabe846896e06ed8955a60e82b2b829babcb731f86f26c42378bcfec?s=96&d=mm&r=g\",\"contentUrl\":\"https:\\\/\\\/secure.gravatar.com\\\/avatar\\\/cc42d53caabe846896e06ed8955a60e82b2b829babcb731f86f26c42378bcfec?s=96&d=mm&r=g\",\"caption\":\"Sebastian Fernandez\"},\"sameAs\":[\"http:\\\/\\\/osepmendoza.com.ar\\\/web\"]}]}<\/script>\n<!-- \/ Yoast SEO plugin. -->","yoast_head_json":{"title":"Visitamos Alto Salvador, San Mart\u00edn - OSEP Mendoza","robots":{"index":"index","follow":"follow","max-snippet":"max-snippet:-1","max-image-preview":"max-image-preview:large","max-video-preview":"max-video-preview:-1"},"canonical":"https:\/\/osepmendoza.com.ar\/web\/visitamos-alto-salvador-san-martin\/","og_locale":"es_ES","og_type":"article","og_title":"Visitamos Alto Salvador, San Mart\u00edn - OSEP Mendoza","og_description":"Contin\u00faan las charlas y atenci\u00f3n por parte de OSEP a...","og_url":"https:\/\/osepmendoza.com.ar\/web\/visitamos-alto-salvador-san-martin\/","og_site_name":"OSEP Mendoza","article_publisher":"https:\/\/www.facebook.com\/OSEP.MendozaArg\/","article_published_time":"2022-09-15T15:25:47+00:00","article_modified_time":"2023-05-11T12:41:28+00:00","og_image":[{"width":1201,"height":439,"url":"https:\/\/osepmendoza.com.ar\/web\/wp-content\/uploads\/2022\/09\/alto-salvador.jpg","type":"image\/jpeg"}],"author":"Sebastian Fernandez","twitter_card":"summary_large_image","twitter_creator":"@OsepMza","twitter_site":"@OsepMza","twitter_misc":{"Escrito por":"Sebastian Fernandez","Tiempo de lectura":"2 minutos"},"schema":{"@context":"https:\/\/schema.org","@graph":[{"@type":"Article","@id":"https:\/\/osepmendoza.com.ar\/web\/visitamos-alto-salvador-san-martin\/#article","isPartOf":{"@id":"https:\/\/osepmendoza.com.ar\/web\/visitamos-alto-salvador-san-martin\/"},"author":{"name":"Sebastian Fernandez","@id":"https:\/\/osepmendoza.com.ar\/web\/#\/schema\/person\/90986df7128a51e32bb66102fc247eb2"},"headline":"Visitamos Alto Salvador, San Mart\u00edn","datePublished":"2022-09-15T15:25:47+00:00","dateModified":"2023-05-11T12:41:28+00:00","mainEntityOfPage":{"@id":"https:\/\/osepmendoza.com.ar\/web\/visitamos-alto-salvador-san-martin\/"},"wordCount":268,"publisher":{"@id":"https:\/\/osepmendoza.com.ar\/web\/#organization"},"image":{"@id":"https:\/\/osepmendoza.com.ar\/web\/visitamos-alto-salvador-san-martin\/#primaryimage"},"thumbnailUrl":"https:\/\/osepmendoza.com.ar\/web\/wp-content\/uploads\/2022\/09\/alto-salvador.jpg","keywords":["alto salvador","salud","san martin","servicios","tr\u00e1mites"],"articleSection":["Noticias"],"inLanguage":"es"},{"@type":"WebPage","@id":"https:\/\/osepmendoza.com.ar\/web\/visitamos-alto-salvador-san-martin\/","url":"https:\/\/osepmendoza.com.ar\/web\/visitamos-alto-salvador-san-martin\/","name":"Visitamos Alto Salvador, San Mart\u00edn - OSEP Mendoza","isPartOf":{"@id":"https:\/\/osepmendoza.com.ar\/web\/#website"},"primaryImageOfPage":{"@id":"https:\/\/osepmendoza.com.ar\/web\/visitamos-alto-salvador-san-martin\/#primaryimage"},"image":{"@id":"https:\/\/osepmendoza.com.ar\/web\/visitamos-alto-salvador-san-martin\/#primaryimage"},"thumbnailUrl":"https:\/\/osepmendoza.com.ar\/web\/wp-content\/uploads\/2022\/09\/alto-salvador.jpg","datePublished":"2022-09-15T15:25:47+00:00","dateModified":"2023-05-11T12:41:28+00:00","breadcrumb":{"@id":"https:\/\/osepmendoza.com.ar\/web\/visitamos-alto-salvador-san-martin\/#breadcrumb"},"inLanguage":"es","potentialAction":[{"@type":"ReadAction","target":["https:\/\/osepmendoza.com.ar\/web\/visitamos-alto-salvador-san-martin\/"]}]},{"@type":"ImageObject","inLanguage":"es","@id":"https:\/\/osepmendoza.com.ar\/web\/visitamos-alto-salvador-san-martin\/#primaryimage","url":"https:\/\/osepmendoza.com.ar\/web\/wp-content\/uploads\/2022\/09\/alto-salvador.jpg","contentUrl":"https:\/\/osepmendoza.com.ar\/web\/wp-content\/uploads\/2022\/09\/alto-salvador.jpg","width":1201,"height":439},{"@type":"BreadcrumbList","@id":"https:\/\/osepmendoza.com.ar\/web\/visitamos-alto-salvador-san-martin\/#breadcrumb","itemListElement":[{"@type":"ListItem","position":1,"name":"Portada","item":"https:\/\/osepmendoza.com.ar\/web\/"},{"@type":"ListItem","position":2,"name":"Visitamos Alto Salvador, San Mart\u00edn"}]},{"@type":"WebSite","@id":"https:\/\/osepmendoza.com.ar\/web\/#website","url":"https:\/\/osepmendoza.com.ar\/web\/","name":"OSEP Mendoza","description":"Obra Social de los Empleados P\u00fablicos de Mendoza","publisher":{"@id":"https:\/\/osepmendoza.com.ar\/web\/#organization"},"potentialAction":[{"@type":"SearchAction","target":{"@type":"EntryPoint","urlTemplate":"https:\/\/osepmendoza.com.ar\/web\/?s={search_term_string}"},"query-input":{"@type":"PropertyValueSpecification","valueRequired":true,"valueName":"search_term_string"}}],"inLanguage":"es"},{"@type":"Organization","@id":"https:\/\/osepmendoza.com.ar\/web\/#organization","name":"OSEP - Obra Social de Empleados P\u00fablicos de Mendoza","url":"https:\/\/osepmendoza.com.ar\/web\/","logo":{"@type":"ImageObject","inLanguage":"es","@id":"https:\/\/osepmendoza.com.ar\/web\/#\/schema\/logo\/image\/","url":"https:\/\/osepmendoza.com.ar\/web\/wp-content\/uploads\/2020\/04\/lkTM9T9z.jpg","contentUrl":"https:\/\/osepmendoza.com.ar\/web\/wp-content\/uploads\/2020\/04\/lkTM9T9z.jpg","width":334,"height":334,"caption":"OSEP - Obra Social de Empleados P\u00fablicos de Mendoza"},"image":{"@id":"https:\/\/osepmendoza.com.ar\/web\/#\/schema\/logo\/image\/"},"sameAs":["https:\/\/www.facebook.com\/OSEP.MendozaArg\/","https:\/\/x.com\/OsepMza","https:\/\/www.instagram.com\/osep.mendoza\/","https:\/\/www.youtube.com\/user\/osepvideos"]},{"@type":"Person","@id":"https:\/\/osepmendoza.com.ar\/web\/#\/schema\/person\/90986df7128a51e32bb66102fc247eb2","name":"Sebastian Fernandez","image":{"@type":"ImageObject","inLanguage":"es","@id":"https:\/\/secure.gravatar.com\/avatar\/cc42d53caabe846896e06ed8955a60e82b2b829babcb731f86f26c42378bcfec?s=96&d=mm&r=g","url":"https:\/\/secure.gravatar.com\/avatar\/cc42d53caabe846896e06ed8955a60e82b2b829babcb731f86f26c42378bcfec?s=96&d=mm&r=g","contentUrl":"https:\/\/secure.gravatar.com\/avatar\/cc42d53caabe846896e06ed8955a60e82b2b829babcb731f86f26c42378bcfec?s=96&d=mm&r=g","caption":"Sebastian Fernandez"},"sameAs":["http:\/\/osepmendoza.com.ar\/web"]}]}},"amp_enabled":true,"_links":{"self":[{"href":"https:\/\/osepmendoza.com.ar\/web\/wp-json\/wp\/v2\/posts\/46881","targetHints":{"allow":["GET"]}}],"collection":[{"href":"https:\/\/osepmendoza.com.ar\/web\/wp-json\/wp\/v2\/posts"}],"about":[{"href":"https:\/\/osepmendoza.com.ar\/web\/wp-json\/wp\/v2\/types\/post"}],"author":[{"embeddable":true,"href":"https:\/\/osepmendoza.com.ar\/web\/wp-json\/wp\/v2\/users\/12"}],"replies":[{"embeddable":true,"href":"https:\/\/osepmendoza.com.ar\/web\/wp-json\/wp\/v2\/comments?post=46881"}],"version-history":[{"count":3,"href":"https:\/\/osepmendoza.com.ar\/web\/wp-json\/wp\/v2\/posts\/46881\/revisions"}],"predecessor-version":[{"id":46893,"href":"https:\/\/osepmendoza.com.ar\/web\/wp-json\/wp\/v2\/posts\/46881\/revisions\/46893"}],"wp:featuredmedia":[{"embeddable":true,"href":"https:\/\/osepmendoza.com.ar\/web\/wp-json\/wp\/v2\/media\/46882"}],"wp:attachment":[{"href":"https:\/\/osepmendoza.com.ar\/web\/wp-json\/wp\/v2\/media?parent=46881"}],"wp:term":[{"taxonomy":"category","embeddable":true,"href":"https:\/\/osepmendoza.com.ar\/web\/wp-json\/wp\/v2\/categories?post=46881"},{"taxonomy":"post_tag","embeddable":true,"href":"https:\/\/osepmendoza.com.ar\/web\/wp-json\/wp\/v2\/tags?post=46881"}],"curies":[{"name":"wp","href":"https:\/\/api.w.org\/{rel}","templated":true}]}}