{"id":46608,"date":"2022-08-05T08:24:57","date_gmt":"2022-08-05T11:24:57","guid":{"rendered":"https:\/\/osepmendoza.com.ar\/web\/?p=46608"},"modified":"2022-08-05T08:45:13","modified_gmt":"2022-08-05T11:45:13","slug":"osep-concientizara-sobre-el-cancer-de-boca","status":"publish","type":"post","link":"https:\/\/osepmendoza.com.ar\/web\/osep-concientizara-sobre-el-cancer-de-boca\/","title":{"rendered":"OSEP concientizar\u00e1 sobre el c\u00e1ncer de boca"},"content":{"rendered":"<p><strong>Nuevamente profesionales del Centro Odontol\u00f3gico se adhieren a la Campa\u00f1a Nacional de Detecci\u00f3n y Prevenci\u00f3n de C\u00e1ncer Bucal. Bajo la consigna \u201cSacale la lengua al c\u00e1ncer\u201d, del 8 al 12 de agosto se realizar\u00e1n actividades preventivas en diferentes lugares de la provincia, llevando el inflable con forma de boca gigante para concientizar de forma interactiva.<\/strong><\/p>\n<p>El equipo de la Residencia en odontolog\u00eda Preventiva y Social de OSEP brindar\u00e1 jornadas de concientizaci\u00f3n sobre c\u00e1ncer oral en la v\u00eda p\u00fablica, con revisiones gratuitas de la cavidad bucal, entrega de material informativo y asesoramiento, abierto a la comunidad.<\/p>\n<p>\u201cEs necesario que las personas sepan reconocer lesiones sospechosas, permitiendo as\u00ed el diagn\u00f3stico temprano y un mejor pron\u00f3stico de esta enfermedad\u201d, explicaron los especialistas y organizadores del evento.<\/p>\n<p>La campa\u00f1a contar\u00e1 con la Boca Gigante de OSEP para hacer m\u00e1s visible este tipo de c\u00e1ncer. Los visitantes podr\u00e1n ingresar a un inflable de 4 metros de alto por 4 de ancho que replica la cavidad bucal con todas sus partes \u2013dientes, labios, paladar, lengua, mejillas\u2013.<\/p>\n<p>El objetivo es detectar des\u00f3rdenes potencialmente malignos y crear conciencia sobre el c\u00e1ncer bucal en la poblaci\u00f3n, incentivando el autoexamen oral.<\/p>\n<p><strong>Cronograma<\/strong><\/p>\n<p>Las actividades se desarrollar\u00e1n de 9 a 13, en los siguientes lugares:<\/p>\n<p>\u2022 Lunes 8\/8 \u2013 Plaza Independencia, Ciudad.<br \/>\n\u2022 Martes 9\/8 \u2013 Plaza Municipal de Luj\u00e1n de Cuyo.<br \/>\n\u2022 Mi\u00e9rcoles 10\/8 \u2013 Explanada de la Municipalidad de San Mart\u00edn<br \/>\n\u2022 Jueves 11\/8 \u2013 Explanada de la Municipalidad de Guaymall\u00e9n<\/p>\n<p><strong>\u00bfQu\u00e9 es el c\u00e1ncer bucal?<\/strong><\/p>\n<p>Se trata de una enfermedad causada por un crecimiento anormal de c\u00e9lulas en la boca. En ocasiones puede generar met\u00e1stasis, es muy invasivo y de no ser detectado a tiempo su pron\u00f3stico es malo.<\/p>\n<p>Es uno de los 10 tumores malignos m\u00e1s frecuentes. El 50% de los pacientes fallece a los 5 a\u00f1os de diagnosticada la enfermedad.<\/p>\n<p><strong>\u00bfCu\u00e1les son los factores de riesgo?<\/strong><\/p>\n<p>\u2022 El 93% del c\u00e1ncer bucal est\u00e1 asociado al tabaco, en cualquiera de sus formas (cigarrillos, tabaco en pipa).<br \/>\n\u2022 Consumo excesivo de alcohol.<br \/>\n\u2022 Exposici\u00f3n indebida al sol.<br \/>\n\u2022 Pr\u00f3tesis mal adaptadas o irritantes bucales.<\/p>\n<p><strong>\u00bfEn qu\u00e9 \u00e1reas puede aparecer?<\/strong><\/p>\n<p>Puede localizarse en cualquier parte de la boca. El borde lateral de la lengua es la zona m\u00e1s afectada pero tambi\u00e9n aparece en los labios, piso de la boca, paladar o mejillas.<\/p>\n<p><strong>\u00bfCu\u00e1les son sus s\u00edntomas?<\/strong><\/p>\n<p>El c\u00e1ncer bucal no duele en su comienzo y generalmente solo ocasiona m\u00ednimas molestias. Los signos de alerta son:<\/p>\n<p>\u2022 Heridas o \u00falceras que no curan en 15 d\u00edas.<br \/>\n\u2022 Manchas blancas, rojas, marrones o negras que no se desprenden.<br \/>\n\u2022 Cambios de forma y tama\u00f1o en las mucosas.<br \/>\n\u2022 Dificultad para tragar, hablar, abrir la boca, masticar o mover la lengua.<br \/>\n\u2022 Aumento de volumen en boca y\/o cuello.<\/p>\n<p><strong>\u00bfC\u00f3mo se puede prevenir?<\/strong><\/p>\n<p>\u2022 Evitar el consumo de tabaco.<br \/>\n\u2022 Reducir la ingesta de alcohol.<br \/>\n\u2022 Protegerse de la exposici\u00f3n al sol.<br \/>\n\u2022 Mantener una buena higiene oral.<br \/>\n\u2022 Detectar y eliminar irritantes locales (pr\u00f3tesis mal adaptadas, dientes filosos o restauraciones desadaptadas).<br \/>\n\u2022 Visitar peri\u00f3dicamente al odont\u00f3logo para poder detectar las lesiones a tiempo.<\/p>\n<p><strong>Consultas<\/strong><\/p>\n<p>\u2022 Servicio de Estomatolog\u00eda del Centro Odontol\u00f3gico OSEP, Per\u00fa 1258, Ciudad.<br \/>\n\u2022 Sedes de OSEP en el territorio provincial.<\/p>\n","protected":false},"excerpt":{"rendered":"<p>Nuevamente profesionales del Centro Odontol\u00f3gico se adhieren a la Campa\u00f1a&#8230;<\/p>\n","protected":false},"author":6,"featured_media":46632,"comment_status":"closed","ping_status":"open","sticky":false,"template":"","format":"standard","meta":{"_acf_changed":false,"inline_featured_image":false,"_exactmetrics_skip_tracking":false,"_exactmetrics_sitenote_active":false,"_exactmetrics_sitenote_note":"","_exactmetrics_sitenote_category":0,"footnotes":"","_links_to":"","_links_to_target":""},"categories":[101],"tags":[1360,554,162,492,1193,110,112,113],"class_list":["post-46608","post","type-post","status-publish","format-standard","has-post-thumbnail","hentry","category-noticias","tag-boca","tag-bucal","tag-cancer","tag-deteccion","tag-gigante","tag-odontologia","tag-osep","tag-prevencion"],"acf":[],"yoast_head":"<!-- This site is optimized with the Yoast SEO plugin v27.5 - https:\/\/yoast.com\/product\/yoast-seo-wordpress\/ -->\n<title>OSEP concientizar\u00e1 sobre el c\u00e1ncer de boca - OSEP Mendoza<\/title>\n<meta name=\"robots\" content=\"index, follow, max-snippet:-1, max-image-preview:large, max-video-preview:-1\" \/>\n<link rel=\"canonical\" href=\"https:\/\/osepmendoza.com.ar\/web\/osep-concientizara-sobre-el-cancer-de-boca\/\" \/>\n<meta property=\"og:locale\" content=\"es_ES\" \/>\n<meta property=\"og:type\" content=\"article\" \/>\n<meta property=\"og:title\" content=\"OSEP concientizar\u00e1 sobre el c\u00e1ncer de boca - OSEP Mendoza\" \/>\n<meta property=\"og:description\" content=\"Nuevamente profesionales del Centro Odontol\u00f3gico se adhieren a la Campa\u00f1a...\" \/>\n<meta property=\"og:url\" content=\"https:\/\/osepmendoza.com.ar\/web\/osep-concientizara-sobre-el-cancer-de-boca\/\" \/>\n<meta property=\"og:site_name\" content=\"OSEP Mendoza\" \/>\n<meta property=\"article:publisher\" content=\"https:\/\/www.facebook.com\/OSEP.MendozaArg\/\" \/>\n<meta property=\"article:published_time\" content=\"2022-08-05T11:24:57+00:00\" \/>\n<meta property=\"article:modified_time\" content=\"2022-08-05T11:45:13+00:00\" \/>\n<meta property=\"og:image\" content=\"https:\/\/osepmendoza.com.ar\/web\/wp-content\/uploads\/2022\/08\/STAND-CANCER-BOCA-GLLN-DSC_1358_2022.jpg\" \/>\n\t<meta property=\"og:image:width\" content=\"1200\" \/>\n\t<meta property=\"og:image:height\" content=\"438\" \/>\n\t<meta property=\"og:image:type\" content=\"image\/jpeg\" \/>\n<meta name=\"author\" content=\"Emiliano Sandobal\" \/>\n<meta name=\"twitter:card\" content=\"summary_large_image\" \/>\n<meta name=\"twitter:creator\" content=\"@OsepMza\" \/>\n<meta name=\"twitter:site\" content=\"@OsepMza\" \/>\n<meta name=\"twitter:label1\" content=\"Escrito por\" \/>\n\t<meta name=\"twitter:data1\" content=\"Emiliano Sandobal\" \/>\n\t<meta name=\"twitter:label2\" content=\"Tiempo de lectura\" \/>\n\t<meta name=\"twitter:data2\" content=\"3 minutos\" \/>\n<script type=\"application\/ld+json\" class=\"yoast-schema-graph\">{\"@context\":\"https:\\\/\\\/schema.org\",\"@graph\":[{\"@type\":\"Article\",\"@id\":\"https:\\\/\\\/osepmendoza.com.ar\\\/web\\\/osep-concientizara-sobre-el-cancer-de-boca\\\/#article\",\"isPartOf\":{\"@id\":\"https:\\\/\\\/osepmendoza.com.ar\\\/web\\\/osep-concientizara-sobre-el-cancer-de-boca\\\/\"},\"author\":{\"name\":\"Emiliano Sandobal\",\"@id\":\"https:\\\/\\\/osepmendoza.com.ar\\\/web\\\/#\\\/schema\\\/person\\\/4e7a5e0118245838f9f783a763779211\"},\"headline\":\"OSEP concientizar\u00e1 sobre el c\u00e1ncer de boca\",\"datePublished\":\"2022-08-05T11:24:57+00:00\",\"dateModified\":\"2022-08-05T11:45:13+00:00\",\"mainEntityOfPage\":{\"@id\":\"https:\\\/\\\/osepmendoza.com.ar\\\/web\\\/osep-concientizara-sobre-el-cancer-de-boca\\\/\"},\"wordCount\":551,\"publisher\":{\"@id\":\"https:\\\/\\\/osepmendoza.com.ar\\\/web\\\/#organization\"},\"image\":{\"@id\":\"https:\\\/\\\/osepmendoza.com.ar\\\/web\\\/osep-concientizara-sobre-el-cancer-de-boca\\\/#primaryimage\"},\"thumbnailUrl\":\"https:\\\/\\\/osepmendoza.com.ar\\\/web\\\/wp-content\\\/uploads\\\/2022\\\/08\\\/STAND-CANCER-BOCA-GLLN-DSC_1358_2022.jpg\",\"keywords\":[\"Boca\",\"bucal\",\"c\u00e1ncer\",\"detecci\u00f3n\",\"gigante\",\"odontologia\",\"osep\",\"prevenci\u00f3n\"],\"articleSection\":[\"Noticias\"],\"inLanguage\":\"es\"},{\"@type\":\"WebPage\",\"@id\":\"https:\\\/\\\/osepmendoza.com.ar\\\/web\\\/osep-concientizara-sobre-el-cancer-de-boca\\\/\",\"url\":\"https:\\\/\\\/osepmendoza.com.ar\\\/web\\\/osep-concientizara-sobre-el-cancer-de-boca\\\/\",\"name\":\"OSEP concientizar\u00e1 sobre el c\u00e1ncer de boca - OSEP Mendoza\",\"isPartOf\":{\"@id\":\"https:\\\/\\\/osepmendoza.com.ar\\\/web\\\/#website\"},\"primaryImageOfPage\":{\"@id\":\"https:\\\/\\\/osepmendoza.com.ar\\\/web\\\/osep-concientizara-sobre-el-cancer-de-boca\\\/#primaryimage\"},\"image\":{\"@id\":\"https:\\\/\\\/osepmendoza.com.ar\\\/web\\\/osep-concientizara-sobre-el-cancer-de-boca\\\/#primaryimage\"},\"thumbnailUrl\":\"https:\\\/\\\/osepmendoza.com.ar\\\/web\\\/wp-content\\\/uploads\\\/2022\\\/08\\\/STAND-CANCER-BOCA-GLLN-DSC_1358_2022.jpg\",\"datePublished\":\"2022-08-05T11:24:57+00:00\",\"dateModified\":\"2022-08-05T11:45:13+00:00\",\"breadcrumb\":{\"@id\":\"https:\\\/\\\/osepmendoza.com.ar\\\/web\\\/osep-concientizara-sobre-el-cancer-de-boca\\\/#breadcrumb\"},\"inLanguage\":\"es\",\"potentialAction\":[{\"@type\":\"ReadAction\",\"target\":[\"https:\\\/\\\/osepmendoza.com.ar\\\/web\\\/osep-concientizara-sobre-el-cancer-de-boca\\\/\"]}]},{\"@type\":\"ImageObject\",\"inLanguage\":\"es\",\"@id\":\"https:\\\/\\\/osepmendoza.com.ar\\\/web\\\/osep-concientizara-sobre-el-cancer-de-boca\\\/#primaryimage\",\"url\":\"https:\\\/\\\/osepmendoza.com.ar\\\/web\\\/wp-content\\\/uploads\\\/2022\\\/08\\\/STAND-CANCER-BOCA-GLLN-DSC_1358_2022.jpg\",\"contentUrl\":\"https:\\\/\\\/osepmendoza.com.ar\\\/web\\\/wp-content\\\/uploads\\\/2022\\\/08\\\/STAND-CANCER-BOCA-GLLN-DSC_1358_2022.jpg\",\"width\":1200,\"height\":438},{\"@type\":\"BreadcrumbList\",\"@id\":\"https:\\\/\\\/osepmendoza.com.ar\\\/web\\\/osep-concientizara-sobre-el-cancer-de-boca\\\/#breadcrumb\",\"itemListElement\":[{\"@type\":\"ListItem\",\"position\":1,\"name\":\"Portada\",\"item\":\"https:\\\/\\\/osepmendoza.com.ar\\\/web\\\/\"},{\"@type\":\"ListItem\",\"position\":2,\"name\":\"OSEP concientizar\u00e1 sobre el c\u00e1ncer de boca\"}]},{\"@type\":\"WebSite\",\"@id\":\"https:\\\/\\\/osepmendoza.com.ar\\\/web\\\/#website\",\"url\":\"https:\\\/\\\/osepmendoza.com.ar\\\/web\\\/\",\"name\":\"OSEP Mendoza\",\"description\":\"Obra Social de los Empleados P\u00fablicos de Mendoza\",\"publisher\":{\"@id\":\"https:\\\/\\\/osepmendoza.com.ar\\\/web\\\/#organization\"},\"potentialAction\":[{\"@type\":\"SearchAction\",\"target\":{\"@type\":\"EntryPoint\",\"urlTemplate\":\"https:\\\/\\\/osepmendoza.com.ar\\\/web\\\/?s={search_term_string}\"},\"query-input\":{\"@type\":\"PropertyValueSpecification\",\"valueRequired\":true,\"valueName\":\"search_term_string\"}}],\"inLanguage\":\"es\"},{\"@type\":\"Organization\",\"@id\":\"https:\\\/\\\/osepmendoza.com.ar\\\/web\\\/#organization\",\"name\":\"OSEP - Obra Social de Empleados P\u00fablicos de Mendoza\",\"url\":\"https:\\\/\\\/osepmendoza.com.ar\\\/web\\\/\",\"logo\":{\"@type\":\"ImageObject\",\"inLanguage\":\"es\",\"@id\":\"https:\\\/\\\/osepmendoza.com.ar\\\/web\\\/#\\\/schema\\\/logo\\\/image\\\/\",\"url\":\"https:\\\/\\\/osepmendoza.com.ar\\\/web\\\/wp-content\\\/uploads\\\/2020\\\/04\\\/lkTM9T9z.jpg\",\"contentUrl\":\"https:\\\/\\\/osepmendoza.com.ar\\\/web\\\/wp-content\\\/uploads\\\/2020\\\/04\\\/lkTM9T9z.jpg\",\"width\":334,\"height\":334,\"caption\":\"OSEP - Obra Social de Empleados P\u00fablicos de Mendoza\"},\"image\":{\"@id\":\"https:\\\/\\\/osepmendoza.com.ar\\\/web\\\/#\\\/schema\\\/logo\\\/image\\\/\"},\"sameAs\":[\"https:\\\/\\\/www.facebook.com\\\/OSEP.MendozaArg\\\/\",\"https:\\\/\\\/x.com\\\/OsepMza\",\"https:\\\/\\\/www.instagram.com\\\/osep.mendoza\\\/\",\"https:\\\/\\\/www.youtube.com\\\/user\\\/osepvideos\"]},{\"@type\":\"Person\",\"@id\":\"https:\\\/\\\/osepmendoza.com.ar\\\/web\\\/#\\\/schema\\\/person\\\/4e7a5e0118245838f9f783a763779211\",\"name\":\"Emiliano Sandobal\",\"image\":{\"@type\":\"ImageObject\",\"inLanguage\":\"es\",\"@id\":\"https:\\\/\\\/secure.gravatar.com\\\/avatar\\\/d3b22a03e2853d7165313b51b54fbd33fb530becf0ffe6a70f96b195ca724512?s=96&d=mm&r=g\",\"url\":\"https:\\\/\\\/secure.gravatar.com\\\/avatar\\\/d3b22a03e2853d7165313b51b54fbd33fb530becf0ffe6a70f96b195ca724512?s=96&d=mm&r=g\",\"contentUrl\":\"https:\\\/\\\/secure.gravatar.com\\\/avatar\\\/d3b22a03e2853d7165313b51b54fbd33fb530becf0ffe6a70f96b195ca724512?s=96&d=mm&r=g\",\"caption\":\"Emiliano Sandobal\"},\"sameAs\":[\"http:\\\/\\\/osepmendoza.com.ar\\\/web\"]}]}<\/script>\n<!-- \/ Yoast SEO plugin. -->","yoast_head_json":{"title":"OSEP concientizar\u00e1 sobre el c\u00e1ncer de boca - OSEP Mendoza","robots":{"index":"index","follow":"follow","max-snippet":"max-snippet:-1","max-image-preview":"max-image-preview:large","max-video-preview":"max-video-preview:-1"},"canonical":"https:\/\/osepmendoza.com.ar\/web\/osep-concientizara-sobre-el-cancer-de-boca\/","og_locale":"es_ES","og_type":"article","og_title":"OSEP concientizar\u00e1 sobre el c\u00e1ncer de boca - OSEP Mendoza","og_description":"Nuevamente profesionales del Centro Odontol\u00f3gico se adhieren a la Campa\u00f1a...","og_url":"https:\/\/osepmendoza.com.ar\/web\/osep-concientizara-sobre-el-cancer-de-boca\/","og_site_name":"OSEP Mendoza","article_publisher":"https:\/\/www.facebook.com\/OSEP.MendozaArg\/","article_published_time":"2022-08-05T11:24:57+00:00","article_modified_time":"2022-08-05T11:45:13+00:00","og_image":[{"width":1200,"height":438,"url":"https:\/\/osepmendoza.com.ar\/web\/wp-content\/uploads\/2022\/08\/STAND-CANCER-BOCA-GLLN-DSC_1358_2022.jpg","type":"image\/jpeg"}],"author":"Emiliano Sandobal","twitter_card":"summary_large_image","twitter_creator":"@OsepMza","twitter_site":"@OsepMza","twitter_misc":{"Escrito por":"Emiliano Sandobal","Tiempo de lectura":"3 minutos"},"schema":{"@context":"https:\/\/schema.org","@graph":[{"@type":"Article","@id":"https:\/\/osepmendoza.com.ar\/web\/osep-concientizara-sobre-el-cancer-de-boca\/#article","isPartOf":{"@id":"https:\/\/osepmendoza.com.ar\/web\/osep-concientizara-sobre-el-cancer-de-boca\/"},"author":{"name":"Emiliano Sandobal","@id":"https:\/\/osepmendoza.com.ar\/web\/#\/schema\/person\/4e7a5e0118245838f9f783a763779211"},"headline":"OSEP concientizar\u00e1 sobre el c\u00e1ncer de boca","datePublished":"2022-08-05T11:24:57+00:00","dateModified":"2022-08-05T11:45:13+00:00","mainEntityOfPage":{"@id":"https:\/\/osepmendoza.com.ar\/web\/osep-concientizara-sobre-el-cancer-de-boca\/"},"wordCount":551,"publisher":{"@id":"https:\/\/osepmendoza.com.ar\/web\/#organization"},"image":{"@id":"https:\/\/osepmendoza.com.ar\/web\/osep-concientizara-sobre-el-cancer-de-boca\/#primaryimage"},"thumbnailUrl":"https:\/\/osepmendoza.com.ar\/web\/wp-content\/uploads\/2022\/08\/STAND-CANCER-BOCA-GLLN-DSC_1358_2022.jpg","keywords":["Boca","bucal","c\u00e1ncer","detecci\u00f3n","gigante","odontologia","osep","prevenci\u00f3n"],"articleSection":["Noticias"],"inLanguage":"es"},{"@type":"WebPage","@id":"https:\/\/osepmendoza.com.ar\/web\/osep-concientizara-sobre-el-cancer-de-boca\/","url":"https:\/\/osepmendoza.com.ar\/web\/osep-concientizara-sobre-el-cancer-de-boca\/","name":"OSEP concientizar\u00e1 sobre el c\u00e1ncer de boca - OSEP Mendoza","isPartOf":{"@id":"https:\/\/osepmendoza.com.ar\/web\/#website"},"primaryImageOfPage":{"@id":"https:\/\/osepmendoza.com.ar\/web\/osep-concientizara-sobre-el-cancer-de-boca\/#primaryimage"},"image":{"@id":"https:\/\/osepmendoza.com.ar\/web\/osep-concientizara-sobre-el-cancer-de-boca\/#primaryimage"},"thumbnailUrl":"https:\/\/osepmendoza.com.ar\/web\/wp-content\/uploads\/2022\/08\/STAND-CANCER-BOCA-GLLN-DSC_1358_2022.jpg","datePublished":"2022-08-05T11:24:57+00:00","dateModified":"2022-08-05T11:45:13+00:00","breadcrumb":{"@id":"https:\/\/osepmendoza.com.ar\/web\/osep-concientizara-sobre-el-cancer-de-boca\/#breadcrumb"},"inLanguage":"es","potentialAction":[{"@type":"ReadAction","target":["https:\/\/osepmendoza.com.ar\/web\/osep-concientizara-sobre-el-cancer-de-boca\/"]}]},{"@type":"ImageObject","inLanguage":"es","@id":"https:\/\/osepmendoza.com.ar\/web\/osep-concientizara-sobre-el-cancer-de-boca\/#primaryimage","url":"https:\/\/osepmendoza.com.ar\/web\/wp-content\/uploads\/2022\/08\/STAND-CANCER-BOCA-GLLN-DSC_1358_2022.jpg","contentUrl":"https:\/\/osepmendoza.com.ar\/web\/wp-content\/uploads\/2022\/08\/STAND-CANCER-BOCA-GLLN-DSC_1358_2022.jpg","width":1200,"height":438},{"@type":"BreadcrumbList","@id":"https:\/\/osepmendoza.com.ar\/web\/osep-concientizara-sobre-el-cancer-de-boca\/#breadcrumb","itemListElement":[{"@type":"ListItem","position":1,"name":"Portada","item":"https:\/\/osepmendoza.com.ar\/web\/"},{"@type":"ListItem","position":2,"name":"OSEP concientizar\u00e1 sobre el c\u00e1ncer de boca"}]},{"@type":"WebSite","@id":"https:\/\/osepmendoza.com.ar\/web\/#website","url":"https:\/\/osepmendoza.com.ar\/web\/","name":"OSEP Mendoza","description":"Obra Social de los Empleados P\u00fablicos de Mendoza","publisher":{"@id":"https:\/\/osepmendoza.com.ar\/web\/#organization"},"potentialAction":[{"@type":"SearchAction","target":{"@type":"EntryPoint","urlTemplate":"https:\/\/osepmendoza.com.ar\/web\/?s={search_term_string}"},"query-input":{"@type":"PropertyValueSpecification","valueRequired":true,"valueName":"search_term_string"}}],"inLanguage":"es"},{"@type":"Organization","@id":"https:\/\/osepmendoza.com.ar\/web\/#organization","name":"OSEP - Obra Social de Empleados P\u00fablicos de Mendoza","url":"https:\/\/osepmendoza.com.ar\/web\/","logo":{"@type":"ImageObject","inLanguage":"es","@id":"https:\/\/osepmendoza.com.ar\/web\/#\/schema\/logo\/image\/","url":"https:\/\/osepmendoza.com.ar\/web\/wp-content\/uploads\/2020\/04\/lkTM9T9z.jpg","contentUrl":"https:\/\/osepmendoza.com.ar\/web\/wp-content\/uploads\/2020\/04\/lkTM9T9z.jpg","width":334,"height":334,"caption":"OSEP - Obra Social de Empleados P\u00fablicos de Mendoza"},"image":{"@id":"https:\/\/osepmendoza.com.ar\/web\/#\/schema\/logo\/image\/"},"sameAs":["https:\/\/www.facebook.com\/OSEP.MendozaArg\/","https:\/\/x.com\/OsepMza","https:\/\/www.instagram.com\/osep.mendoza\/","https:\/\/www.youtube.com\/user\/osepvideos"]},{"@type":"Person","@id":"https:\/\/osepmendoza.com.ar\/web\/#\/schema\/person\/4e7a5e0118245838f9f783a763779211","name":"Emiliano Sandobal","image":{"@type":"ImageObject","inLanguage":"es","@id":"https:\/\/secure.gravatar.com\/avatar\/d3b22a03e2853d7165313b51b54fbd33fb530becf0ffe6a70f96b195ca724512?s=96&d=mm&r=g","url":"https:\/\/secure.gravatar.com\/avatar\/d3b22a03e2853d7165313b51b54fbd33fb530becf0ffe6a70f96b195ca724512?s=96&d=mm&r=g","contentUrl":"https:\/\/secure.gravatar.com\/avatar\/d3b22a03e2853d7165313b51b54fbd33fb530becf0ffe6a70f96b195ca724512?s=96&d=mm&r=g","caption":"Emiliano Sandobal"},"sameAs":["http:\/\/osepmendoza.com.ar\/web"]}]}},"amp_enabled":true,"_links":{"self":[{"href":"https:\/\/osepmendoza.com.ar\/web\/wp-json\/wp\/v2\/posts\/46608","targetHints":{"allow":["GET"]}}],"collection":[{"href":"https:\/\/osepmendoza.com.ar\/web\/wp-json\/wp\/v2\/posts"}],"about":[{"href":"https:\/\/osepmendoza.com.ar\/web\/wp-json\/wp\/v2\/types\/post"}],"author":[{"embeddable":true,"href":"https:\/\/osepmendoza.com.ar\/web\/wp-json\/wp\/v2\/users\/6"}],"replies":[{"embeddable":true,"href":"https:\/\/osepmendoza.com.ar\/web\/wp-json\/wp\/v2\/comments?post=46608"}],"version-history":[{"count":1,"href":"https:\/\/osepmendoza.com.ar\/web\/wp-json\/wp\/v2\/posts\/46608\/revisions"}],"predecessor-version":[{"id":46609,"href":"https:\/\/osepmendoza.com.ar\/web\/wp-json\/wp\/v2\/posts\/46608\/revisions\/46609"}],"wp:featuredmedia":[{"embeddable":true,"href":"https:\/\/osepmendoza.com.ar\/web\/wp-json\/wp\/v2\/media\/46632"}],"wp:attachment":[{"href":"https:\/\/osepmendoza.com.ar\/web\/wp-json\/wp\/v2\/media?parent=46608"}],"wp:term":[{"taxonomy":"category","embeddable":true,"href":"https:\/\/osepmendoza.com.ar\/web\/wp-json\/wp\/v2\/categories?post=46608"},{"taxonomy":"post_tag","embeddable":true,"href":"https:\/\/osepmendoza.com.ar\/web\/wp-json\/wp\/v2\/tags?post=46608"}],"curies":[{"name":"wp","href":"https:\/\/api.w.org\/{rel}","templated":true}]}}