{"id":46457,"date":"2022-07-05T11:50:00","date_gmt":"2022-07-05T14:50:00","guid":{"rendered":"https:\/\/osepmendoza.com.ar\/web\/?p=46457"},"modified":"2022-07-05T12:13:40","modified_gmt":"2022-07-05T15:13:40","slug":"el-fenomeno-de-raynaud","status":"publish","type":"post","link":"https:\/\/osepmendoza.com.ar\/web\/el-fenomeno-de-raynaud\/","title":{"rendered":"El Fen\u00f3meno de Raynaud"},"content":{"rendered":"<p align=\"justify\"><strong>En el marco de la Semana de Concientizaci\u00f3n sobre el Fen\u00f3meno de Raynaud, OSEP realiz\u00f3 una jornada de estudios gratuitos en el Hospital El Carmen. Los pacientes asistieron a los consultorios del servicio de Reumatolog\u00eda, donde se les realiz\u00f3 un peque\u00f1o examen llamado Capilaroscop\u00eda.<\/strong><\/p>\n<p align=\"justify\">Los estudios fueron realizados por las doctoras Fernanda Guzzanti y Florencia Gordillo, reumat\u00f3logas del nosocomio, quienes atendieron ayer a 13 personas, de las cuales todas fueron diagnosticadas con Raynaud y, mediante una evaluaci\u00f3n cl\u00ednica, dos de ellas pudieron saber que adem\u00e1s padecen otra enfermedad reum\u00e1tica.<\/p>\n<p align=\"justify\"><strong>\u00bfQu\u00e9 es el Raynaud?<\/strong><\/p>\n<p align=\"justify\">Se trata de una enfermedad considerada rara pero que es importante conocerla. Se reconoce por el cambio de coloraci\u00f3n en las zonas acras (distales) del cuerpo. Afecta m\u00e1s frecuentemente manos y pies pero puede comprometer pabellones auriculares, nariz o pezones.<\/p>\n<p align=\"justify\">Este cambio de coloraci\u00f3n tiene 3 fases: Palidez (blanco), cianosis (azul-morado) y eritema (rojo). Se desencadena por la exposici\u00f3n al fr\u00edo o el estr\u00e9s emocional.<\/p>\n<p align=\"justify\">Se debe al compromiso de los vasos sangu\u00edneos y, en algunos pacientes, pueden generar lesiones como \u00falceras en la punta de los dedos o gangrena.<\/p>\n<p align=\"justify\"><strong>Un tema reumatol\u00f3gico<\/strong><\/p>\n<p align=\"justify\">El paciente que tiene o cree tener este problema, debe consultar principalmente a un reumat\u00f3logo.<\/p>\n<p align=\"justify\">El fen\u00f3meno de Raynaud puede ser primario, al darse en personas sanas y es m\u00e1s com\u00fan en mujeres j\u00f3venes; o secundario, acompa\u00f1ando enfermedades del col\u00e1geno como esclerosis sist\u00e9mica, lupus eritematoso sist\u00e9mico, enfermedad mixta del tejido conectivo, artritis reumatoidea, s\u00edndrome de Sj\u00f6gren, etc. Seg\u00fan se trate de primario o secundario, tiene diferente abordaje y pron\u00f3stico.<\/p>\n<p align=\"justify\">El fen\u00f3meno de Raynaud es una de las formas m\u00e1s frecuentes de presentaci\u00f3n de la esclerodermia y, adem\u00e1s, est\u00e1 presente en la mayor\u00eda de las personas que padecen esta enfermedad (90%), por lo que su reconocimiento temprano puede contribuir a un diagn\u00f3stico oportuno y as\u00ed llevar a un tratamiento precoz y a un mejor pron\u00f3stico de la enfermedad.<\/p>\n<p align=\"justify\"><strong>\u00bfQu\u00e9 es la capilaroscop\u00eda?<\/strong><\/p>\n<p align=\"justify\">Es un estudio en el que se observan con un microscopio los vasos sangu\u00edneos de la circulaci\u00f3n distal de los dedos de las manos.<\/p>\n<p align=\"justify\">Si el resultado es normal probablemente se trata de un fen\u00f3meno de Raynaud primario. En caso de resultados anormales puede estar asociado a las enfermedades reum\u00e1ticas como esclerodermia, lupus u otras.<\/p>\n<p align=\"justify\"><strong>La atenci\u00f3n en OSEP<\/strong><\/p>\n<p align=\"justify\">Si bien durante esta semana se ha hecho foco principalmente en esta enfermedad, los pacientes que no pudieron acceder al estudio, pueden hacerlo durante todo el a\u00f1o, ya que este se realiza cada viernes, de 11 a 12.30, en el consultorio 6 de Reumatolog\u00eda del Hospital El Carmen. Para ello es necesario solicitar previamente un turno en la ventanilla de turnos del efector.<\/p>\n<p align=\"justify\">Por ello, si ten\u00e9s cambio de coloraci\u00f3n de las manos, pies, nariz o pabellones auriculares frente a la exposici\u00f3n al fr\u00edo o al estr\u00e9s, acercate. El estudio es r\u00e1pido y sencillo.<\/p>\n<p align=\"justify\"><strong>Para poder realizar la capilaroscop\u00eda es fundamental tener en cuenta estos puntos:<\/strong><\/p>\n<p align=\"justify\">\u2022 No se debe realizar manicur\u00eda el mes previo<\/p>\n<p align=\"justify\">\u2022 No empujar las cut\u00edculas<\/p>\n<p align=\"justify\">\u2022 No concurrir con las u\u00f1as esmaltadas<\/p>\n<p>\u2022 No fumar<\/p>\n<div id='gallery-1' class='gallery galleryid-46457 gallery-columns-2 gallery-size-full'><figure class='gallery-item'>\n\t\t\t<div class='gallery-icon landscape'>\n\t\t\t\t<a href='https:\/\/osepmendoza.com.ar\/web\/el-fenomeno-de-raynaud\/raynaud3\/'><img loading=\"lazy\" decoding=\"async\" width=\"1024\" height=\"768\" src=\"https:\/\/osepmendoza.com.ar\/web\/wp-content\/uploads\/2022\/07\/raynaud3.jpg\" class=\"attachment-full size-full\" alt=\"\" srcset=\"https:\/\/osepmendoza.com.ar\/web\/wp-content\/uploads\/2022\/07\/raynaud3.jpg 1024w, https:\/\/osepmendoza.com.ar\/web\/wp-content\/uploads\/2022\/07\/raynaud3-300x225.jpg 300w, https:\/\/osepmendoza.com.ar\/web\/wp-content\/uploads\/2022\/07\/raynaud3-768x576.jpg 768w\" sizes=\"auto, (max-width: 1024px) 100vw, 1024px\" \/><\/a>\n\t\t\t<\/div><\/figure><figure class='gallery-item'>\n\t\t\t<div class='gallery-icon landscape'>\n\t\t\t\t<a href='https:\/\/osepmendoza.com.ar\/web\/el-fenomeno-de-raynaud\/raynaud2\/'><img loading=\"lazy\" decoding=\"async\" width=\"1024\" height=\"768\" src=\"https:\/\/osepmendoza.com.ar\/web\/wp-content\/uploads\/2022\/07\/raynaud2.jpg\" class=\"attachment-full size-full\" alt=\"\" srcset=\"https:\/\/osepmendoza.com.ar\/web\/wp-content\/uploads\/2022\/07\/raynaud2.jpg 1024w, https:\/\/osepmendoza.com.ar\/web\/wp-content\/uploads\/2022\/07\/raynaud2-300x225.jpg 300w, https:\/\/osepmendoza.com.ar\/web\/wp-content\/uploads\/2022\/07\/raynaud2-768x576.jpg 768w\" sizes=\"auto, (max-width: 1024px) 100vw, 1024px\" \/><\/a>\n\t\t\t<\/div><\/figure><figure class='gallery-item'>\n\t\t\t<div class='gallery-icon portrait'>\n\t\t\t\t<a href='https:\/\/osepmendoza.com.ar\/web\/el-fenomeno-de-raynaud\/raynaud1\/'><img loading=\"lazy\" decoding=\"async\" width=\"960\" height=\"1280\" src=\"https:\/\/osepmendoza.com.ar\/web\/wp-content\/uploads\/2022\/07\/raynaud1.jpg\" class=\"attachment-full size-full\" alt=\"\" srcset=\"https:\/\/osepmendoza.com.ar\/web\/wp-content\/uploads\/2022\/07\/raynaud1.jpg 960w, https:\/\/osepmendoza.com.ar\/web\/wp-content\/uploads\/2022\/07\/raynaud1-225x300.jpg 225w, https:\/\/osepmendoza.com.ar\/web\/wp-content\/uploads\/2022\/07\/raynaud1-768x1024.jpg 768w\" sizes=\"auto, (max-width: 960px) 100vw, 960px\" \/><\/a>\n\t\t\t<\/div><\/figure>\n\t\t<\/div>\n\n<p class=\"western\">\n","protected":false},"excerpt":{"rendered":"<p>En el marco de la Semana de Concientizaci\u00f3n sobre el&#8230;<\/p>\n","protected":false},"author":12,"featured_media":46458,"comment_status":"closed","ping_status":"open","sticky":false,"template":"","format":"standard","meta":{"_acf_changed":false,"inline_featured_image":false,"_exactmetrics_skip_tracking":false,"_exactmetrics_sitenote_active":false,"_exactmetrics_sitenote_note":"","_exactmetrics_sitenote_category":0,"footnotes":"","_links_to":"","_links_to_target":""},"categories":[101],"tags":[1807,443,1273,114],"class_list":["post-46457","post","type-post","status-publish","format-standard","has-post-thumbnail","hentry","category-noticias","tag-capilaroscopia","tag-estudio","tag-raynaud","tag-reumatologia"],"acf":[],"yoast_head":"<!-- This site is optimized with the Yoast SEO plugin v27.4 - https:\/\/yoast.com\/product\/yoast-seo-wordpress\/ -->\n<title>El Fen\u00f3meno de Raynaud - OSEP Mendoza<\/title>\n<meta name=\"robots\" content=\"index, follow, max-snippet:-1, max-image-preview:large, max-video-preview:-1\" \/>\n<link rel=\"canonical\" href=\"https:\/\/osepmendoza.com.ar\/web\/el-fenomeno-de-raynaud\/\" \/>\n<meta property=\"og:locale\" content=\"es_ES\" \/>\n<meta property=\"og:type\" content=\"article\" \/>\n<meta property=\"og:title\" content=\"El Fen\u00f3meno de Raynaud - OSEP Mendoza\" \/>\n<meta property=\"og:description\" content=\"En el marco de la Semana de Concientizaci\u00f3n sobre el...\" \/>\n<meta property=\"og:url\" content=\"https:\/\/osepmendoza.com.ar\/web\/el-fenomeno-de-raynaud\/\" \/>\n<meta property=\"og:site_name\" content=\"OSEP Mendoza\" \/>\n<meta property=\"article:publisher\" content=\"https:\/\/www.facebook.com\/OSEP.MendozaArg\/\" \/>\n<meta property=\"article:published_time\" content=\"2022-07-05T14:50:00+00:00\" \/>\n<meta property=\"article:modified_time\" content=\"2022-07-05T15:13:40+00:00\" \/>\n<meta property=\"og:image\" content=\"https:\/\/osepmendoza.com.ar\/web\/wp-content\/uploads\/2022\/07\/foto1.jpg\" \/>\n\t<meta property=\"og:image:width\" content=\"1200\" \/>\n\t<meta property=\"og:image:height\" content=\"438\" \/>\n\t<meta property=\"og:image:type\" content=\"image\/jpeg\" \/>\n<meta name=\"author\" content=\"Sebastian Fernandez\" \/>\n<meta name=\"twitter:card\" content=\"summary_large_image\" \/>\n<meta name=\"twitter:creator\" content=\"@OsepMza\" \/>\n<meta name=\"twitter:site\" content=\"@OsepMza\" \/>\n<meta name=\"twitter:label1\" content=\"Escrito por\" \/>\n\t<meta name=\"twitter:data1\" content=\"Sebastian Fernandez\" \/>\n\t<meta name=\"twitter:label2\" content=\"Tiempo de lectura\" \/>\n\t<meta name=\"twitter:data2\" content=\"3 minutos\" \/>\n<script type=\"application\/ld+json\" class=\"yoast-schema-graph\">{\"@context\":\"https:\\\/\\\/schema.org\",\"@graph\":[{\"@type\":\"Article\",\"@id\":\"https:\\\/\\\/osepmendoza.com.ar\\\/web\\\/el-fenomeno-de-raynaud\\\/#article\",\"isPartOf\":{\"@id\":\"https:\\\/\\\/osepmendoza.com.ar\\\/web\\\/el-fenomeno-de-raynaud\\\/\"},\"author\":{\"name\":\"Sebastian Fernandez\",\"@id\":\"https:\\\/\\\/osepmendoza.com.ar\\\/web\\\/#\\\/schema\\\/person\\\/90986df7128a51e32bb66102fc247eb2\"},\"headline\":\"El Fen\u00f3meno de Raynaud\",\"datePublished\":\"2022-07-05T14:50:00+00:00\",\"dateModified\":\"2022-07-05T15:13:40+00:00\",\"mainEntityOfPage\":{\"@id\":\"https:\\\/\\\/osepmendoza.com.ar\\\/web\\\/el-fenomeno-de-raynaud\\\/\"},\"wordCount\":562,\"publisher\":{\"@id\":\"https:\\\/\\\/osepmendoza.com.ar\\\/web\\\/#organization\"},\"image\":{\"@id\":\"https:\\\/\\\/osepmendoza.com.ar\\\/web\\\/el-fenomeno-de-raynaud\\\/#primaryimage\"},\"thumbnailUrl\":\"https:\\\/\\\/osepmendoza.com.ar\\\/web\\\/wp-content\\\/uploads\\\/2022\\\/07\\\/foto1.jpg\",\"keywords\":[\"capilaroscop\u00eda\",\"Estudio\",\"raynaud\",\"Reumatolog\u00eda\"],\"articleSection\":[\"Noticias\"],\"inLanguage\":\"es\"},{\"@type\":\"WebPage\",\"@id\":\"https:\\\/\\\/osepmendoza.com.ar\\\/web\\\/el-fenomeno-de-raynaud\\\/\",\"url\":\"https:\\\/\\\/osepmendoza.com.ar\\\/web\\\/el-fenomeno-de-raynaud\\\/\",\"name\":\"El Fen\u00f3meno de Raynaud - OSEP Mendoza\",\"isPartOf\":{\"@id\":\"https:\\\/\\\/osepmendoza.com.ar\\\/web\\\/#website\"},\"primaryImageOfPage\":{\"@id\":\"https:\\\/\\\/osepmendoza.com.ar\\\/web\\\/el-fenomeno-de-raynaud\\\/#primaryimage\"},\"image\":{\"@id\":\"https:\\\/\\\/osepmendoza.com.ar\\\/web\\\/el-fenomeno-de-raynaud\\\/#primaryimage\"},\"thumbnailUrl\":\"https:\\\/\\\/osepmendoza.com.ar\\\/web\\\/wp-content\\\/uploads\\\/2022\\\/07\\\/foto1.jpg\",\"datePublished\":\"2022-07-05T14:50:00+00:00\",\"dateModified\":\"2022-07-05T15:13:40+00:00\",\"breadcrumb\":{\"@id\":\"https:\\\/\\\/osepmendoza.com.ar\\\/web\\\/el-fenomeno-de-raynaud\\\/#breadcrumb\"},\"inLanguage\":\"es\",\"potentialAction\":[{\"@type\":\"ReadAction\",\"target\":[\"https:\\\/\\\/osepmendoza.com.ar\\\/web\\\/el-fenomeno-de-raynaud\\\/\"]}]},{\"@type\":\"ImageObject\",\"inLanguage\":\"es\",\"@id\":\"https:\\\/\\\/osepmendoza.com.ar\\\/web\\\/el-fenomeno-de-raynaud\\\/#primaryimage\",\"url\":\"https:\\\/\\\/osepmendoza.com.ar\\\/web\\\/wp-content\\\/uploads\\\/2022\\\/07\\\/foto1.jpg\",\"contentUrl\":\"https:\\\/\\\/osepmendoza.com.ar\\\/web\\\/wp-content\\\/uploads\\\/2022\\\/07\\\/foto1.jpg\",\"width\":1200,\"height\":438},{\"@type\":\"BreadcrumbList\",\"@id\":\"https:\\\/\\\/osepmendoza.com.ar\\\/web\\\/el-fenomeno-de-raynaud\\\/#breadcrumb\",\"itemListElement\":[{\"@type\":\"ListItem\",\"position\":1,\"name\":\"Portada\",\"item\":\"https:\\\/\\\/osepmendoza.com.ar\\\/web\\\/\"},{\"@type\":\"ListItem\",\"position\":2,\"name\":\"El Fen\u00f3meno de Raynaud\"}]},{\"@type\":\"WebSite\",\"@id\":\"https:\\\/\\\/osepmendoza.com.ar\\\/web\\\/#website\",\"url\":\"https:\\\/\\\/osepmendoza.com.ar\\\/web\\\/\",\"name\":\"OSEP Mendoza\",\"description\":\"Obra Social de los Empleados P\u00fablicos de Mendoza\",\"publisher\":{\"@id\":\"https:\\\/\\\/osepmendoza.com.ar\\\/web\\\/#organization\"},\"potentialAction\":[{\"@type\":\"SearchAction\",\"target\":{\"@type\":\"EntryPoint\",\"urlTemplate\":\"https:\\\/\\\/osepmendoza.com.ar\\\/web\\\/?s={search_term_string}\"},\"query-input\":{\"@type\":\"PropertyValueSpecification\",\"valueRequired\":true,\"valueName\":\"search_term_string\"}}],\"inLanguage\":\"es\"},{\"@type\":\"Organization\",\"@id\":\"https:\\\/\\\/osepmendoza.com.ar\\\/web\\\/#organization\",\"name\":\"OSEP - Obra Social de Empleados P\u00fablicos de Mendoza\",\"url\":\"https:\\\/\\\/osepmendoza.com.ar\\\/web\\\/\",\"logo\":{\"@type\":\"ImageObject\",\"inLanguage\":\"es\",\"@id\":\"https:\\\/\\\/osepmendoza.com.ar\\\/web\\\/#\\\/schema\\\/logo\\\/image\\\/\",\"url\":\"https:\\\/\\\/osepmendoza.com.ar\\\/web\\\/wp-content\\\/uploads\\\/2020\\\/04\\\/lkTM9T9z.jpg\",\"contentUrl\":\"https:\\\/\\\/osepmendoza.com.ar\\\/web\\\/wp-content\\\/uploads\\\/2020\\\/04\\\/lkTM9T9z.jpg\",\"width\":334,\"height\":334,\"caption\":\"OSEP - Obra Social de Empleados P\u00fablicos de Mendoza\"},\"image\":{\"@id\":\"https:\\\/\\\/osepmendoza.com.ar\\\/web\\\/#\\\/schema\\\/logo\\\/image\\\/\"},\"sameAs\":[\"https:\\\/\\\/www.facebook.com\\\/OSEP.MendozaArg\\\/\",\"https:\\\/\\\/x.com\\\/OsepMza\",\"https:\\\/\\\/www.instagram.com\\\/osep.mendoza\\\/\",\"https:\\\/\\\/www.youtube.com\\\/user\\\/osepvideos\"]},{\"@type\":\"Person\",\"@id\":\"https:\\\/\\\/osepmendoza.com.ar\\\/web\\\/#\\\/schema\\\/person\\\/90986df7128a51e32bb66102fc247eb2\",\"name\":\"Sebastian Fernandez\",\"image\":{\"@type\":\"ImageObject\",\"inLanguage\":\"es\",\"@id\":\"https:\\\/\\\/secure.gravatar.com\\\/avatar\\\/cc42d53caabe846896e06ed8955a60e82b2b829babcb731f86f26c42378bcfec?s=96&d=mm&r=g\",\"url\":\"https:\\\/\\\/secure.gravatar.com\\\/avatar\\\/cc42d53caabe846896e06ed8955a60e82b2b829babcb731f86f26c42378bcfec?s=96&d=mm&r=g\",\"contentUrl\":\"https:\\\/\\\/secure.gravatar.com\\\/avatar\\\/cc42d53caabe846896e06ed8955a60e82b2b829babcb731f86f26c42378bcfec?s=96&d=mm&r=g\",\"caption\":\"Sebastian Fernandez\"},\"sameAs\":[\"http:\\\/\\\/osepmendoza.com.ar\\\/web\"]}]}<\/script>\n<!-- \/ Yoast SEO plugin. -->","yoast_head_json":{"title":"El Fen\u00f3meno de Raynaud - OSEP Mendoza","robots":{"index":"index","follow":"follow","max-snippet":"max-snippet:-1","max-image-preview":"max-image-preview:large","max-video-preview":"max-video-preview:-1"},"canonical":"https:\/\/osepmendoza.com.ar\/web\/el-fenomeno-de-raynaud\/","og_locale":"es_ES","og_type":"article","og_title":"El Fen\u00f3meno de Raynaud - OSEP Mendoza","og_description":"En el marco de la Semana de Concientizaci\u00f3n sobre el...","og_url":"https:\/\/osepmendoza.com.ar\/web\/el-fenomeno-de-raynaud\/","og_site_name":"OSEP Mendoza","article_publisher":"https:\/\/www.facebook.com\/OSEP.MendozaArg\/","article_published_time":"2022-07-05T14:50:00+00:00","article_modified_time":"2022-07-05T15:13:40+00:00","og_image":[{"width":1200,"height":438,"url":"https:\/\/osepmendoza.com.ar\/web\/wp-content\/uploads\/2022\/07\/foto1.jpg","type":"image\/jpeg"}],"author":"Sebastian Fernandez","twitter_card":"summary_large_image","twitter_creator":"@OsepMza","twitter_site":"@OsepMza","twitter_misc":{"Escrito por":"Sebastian Fernandez","Tiempo de lectura":"3 minutos"},"schema":{"@context":"https:\/\/schema.org","@graph":[{"@type":"Article","@id":"https:\/\/osepmendoza.com.ar\/web\/el-fenomeno-de-raynaud\/#article","isPartOf":{"@id":"https:\/\/osepmendoza.com.ar\/web\/el-fenomeno-de-raynaud\/"},"author":{"name":"Sebastian Fernandez","@id":"https:\/\/osepmendoza.com.ar\/web\/#\/schema\/person\/90986df7128a51e32bb66102fc247eb2"},"headline":"El Fen\u00f3meno de Raynaud","datePublished":"2022-07-05T14:50:00+00:00","dateModified":"2022-07-05T15:13:40+00:00","mainEntityOfPage":{"@id":"https:\/\/osepmendoza.com.ar\/web\/el-fenomeno-de-raynaud\/"},"wordCount":562,"publisher":{"@id":"https:\/\/osepmendoza.com.ar\/web\/#organization"},"image":{"@id":"https:\/\/osepmendoza.com.ar\/web\/el-fenomeno-de-raynaud\/#primaryimage"},"thumbnailUrl":"https:\/\/osepmendoza.com.ar\/web\/wp-content\/uploads\/2022\/07\/foto1.jpg","keywords":["capilaroscop\u00eda","Estudio","raynaud","Reumatolog\u00eda"],"articleSection":["Noticias"],"inLanguage":"es"},{"@type":"WebPage","@id":"https:\/\/osepmendoza.com.ar\/web\/el-fenomeno-de-raynaud\/","url":"https:\/\/osepmendoza.com.ar\/web\/el-fenomeno-de-raynaud\/","name":"El Fen\u00f3meno de Raynaud - OSEP Mendoza","isPartOf":{"@id":"https:\/\/osepmendoza.com.ar\/web\/#website"},"primaryImageOfPage":{"@id":"https:\/\/osepmendoza.com.ar\/web\/el-fenomeno-de-raynaud\/#primaryimage"},"image":{"@id":"https:\/\/osepmendoza.com.ar\/web\/el-fenomeno-de-raynaud\/#primaryimage"},"thumbnailUrl":"https:\/\/osepmendoza.com.ar\/web\/wp-content\/uploads\/2022\/07\/foto1.jpg","datePublished":"2022-07-05T14:50:00+00:00","dateModified":"2022-07-05T15:13:40+00:00","breadcrumb":{"@id":"https:\/\/osepmendoza.com.ar\/web\/el-fenomeno-de-raynaud\/#breadcrumb"},"inLanguage":"es","potentialAction":[{"@type":"ReadAction","target":["https:\/\/osepmendoza.com.ar\/web\/el-fenomeno-de-raynaud\/"]}]},{"@type":"ImageObject","inLanguage":"es","@id":"https:\/\/osepmendoza.com.ar\/web\/el-fenomeno-de-raynaud\/#primaryimage","url":"https:\/\/osepmendoza.com.ar\/web\/wp-content\/uploads\/2022\/07\/foto1.jpg","contentUrl":"https:\/\/osepmendoza.com.ar\/web\/wp-content\/uploads\/2022\/07\/foto1.jpg","width":1200,"height":438},{"@type":"BreadcrumbList","@id":"https:\/\/osepmendoza.com.ar\/web\/el-fenomeno-de-raynaud\/#breadcrumb","itemListElement":[{"@type":"ListItem","position":1,"name":"Portada","item":"https:\/\/osepmendoza.com.ar\/web\/"},{"@type":"ListItem","position":2,"name":"El Fen\u00f3meno de Raynaud"}]},{"@type":"WebSite","@id":"https:\/\/osepmendoza.com.ar\/web\/#website","url":"https:\/\/osepmendoza.com.ar\/web\/","name":"OSEP Mendoza","description":"Obra Social de los Empleados P\u00fablicos de Mendoza","publisher":{"@id":"https:\/\/osepmendoza.com.ar\/web\/#organization"},"potentialAction":[{"@type":"SearchAction","target":{"@type":"EntryPoint","urlTemplate":"https:\/\/osepmendoza.com.ar\/web\/?s={search_term_string}"},"query-input":{"@type":"PropertyValueSpecification","valueRequired":true,"valueName":"search_term_string"}}],"inLanguage":"es"},{"@type":"Organization","@id":"https:\/\/osepmendoza.com.ar\/web\/#organization","name":"OSEP - Obra Social de Empleados P\u00fablicos de Mendoza","url":"https:\/\/osepmendoza.com.ar\/web\/","logo":{"@type":"ImageObject","inLanguage":"es","@id":"https:\/\/osepmendoza.com.ar\/web\/#\/schema\/logo\/image\/","url":"https:\/\/osepmendoza.com.ar\/web\/wp-content\/uploads\/2020\/04\/lkTM9T9z.jpg","contentUrl":"https:\/\/osepmendoza.com.ar\/web\/wp-content\/uploads\/2020\/04\/lkTM9T9z.jpg","width":334,"height":334,"caption":"OSEP - Obra Social de Empleados P\u00fablicos de Mendoza"},"image":{"@id":"https:\/\/osepmendoza.com.ar\/web\/#\/schema\/logo\/image\/"},"sameAs":["https:\/\/www.facebook.com\/OSEP.MendozaArg\/","https:\/\/x.com\/OsepMza","https:\/\/www.instagram.com\/osep.mendoza\/","https:\/\/www.youtube.com\/user\/osepvideos"]},{"@type":"Person","@id":"https:\/\/osepmendoza.com.ar\/web\/#\/schema\/person\/90986df7128a51e32bb66102fc247eb2","name":"Sebastian Fernandez","image":{"@type":"ImageObject","inLanguage":"es","@id":"https:\/\/secure.gravatar.com\/avatar\/cc42d53caabe846896e06ed8955a60e82b2b829babcb731f86f26c42378bcfec?s=96&d=mm&r=g","url":"https:\/\/secure.gravatar.com\/avatar\/cc42d53caabe846896e06ed8955a60e82b2b829babcb731f86f26c42378bcfec?s=96&d=mm&r=g","contentUrl":"https:\/\/secure.gravatar.com\/avatar\/cc42d53caabe846896e06ed8955a60e82b2b829babcb731f86f26c42378bcfec?s=96&d=mm&r=g","caption":"Sebastian Fernandez"},"sameAs":["http:\/\/osepmendoza.com.ar\/web"]}]}},"amp_enabled":true,"_links":{"self":[{"href":"https:\/\/osepmendoza.com.ar\/web\/wp-json\/wp\/v2\/posts\/46457","targetHints":{"allow":["GET"]}}],"collection":[{"href":"https:\/\/osepmendoza.com.ar\/web\/wp-json\/wp\/v2\/posts"}],"about":[{"href":"https:\/\/osepmendoza.com.ar\/web\/wp-json\/wp\/v2\/types\/post"}],"author":[{"embeddable":true,"href":"https:\/\/osepmendoza.com.ar\/web\/wp-json\/wp\/v2\/users\/12"}],"replies":[{"embeddable":true,"href":"https:\/\/osepmendoza.com.ar\/web\/wp-json\/wp\/v2\/comments?post=46457"}],"version-history":[{"count":3,"href":"https:\/\/osepmendoza.com.ar\/web\/wp-json\/wp\/v2\/posts\/46457\/revisions"}],"predecessor-version":[{"id":46463,"href":"https:\/\/osepmendoza.com.ar\/web\/wp-json\/wp\/v2\/posts\/46457\/revisions\/46463"}],"wp:featuredmedia":[{"embeddable":true,"href":"https:\/\/osepmendoza.com.ar\/web\/wp-json\/wp\/v2\/media\/46458"}],"wp:attachment":[{"href":"https:\/\/osepmendoza.com.ar\/web\/wp-json\/wp\/v2\/media?parent=46457"}],"wp:term":[{"taxonomy":"category","embeddable":true,"href":"https:\/\/osepmendoza.com.ar\/web\/wp-json\/wp\/v2\/categories?post=46457"},{"taxonomy":"post_tag","embeddable":true,"href":"https:\/\/osepmendoza.com.ar\/web\/wp-json\/wp\/v2\/tags?post=46457"}],"curies":[{"name":"wp","href":"https:\/\/api.w.org\/{rel}","templated":true}]}}