{"id":46414,"date":"2022-06-27T13:29:28","date_gmt":"2022-06-27T16:29:28","guid":{"rendered":"https:\/\/osepmendoza.com.ar\/web\/?p=46414"},"modified":"2023-05-11T09:45:30","modified_gmt":"2023-05-11T12:45:30","slug":"osep-la-paz-junto-a-la-comunidad","status":"publish","type":"post","link":"https:\/\/osepmendoza.com.ar\/web\/osep-la-paz-junto-a-la-comunidad\/","title":{"rendered":"OSEP La Paz junto a la comunidad"},"content":{"rendered":"<p align=\"justify\"><strong>La Sede territorial de OSEP contin\u00faa desarrollando actividades junto a la comunidad. Durante los \u00faltimos d\u00edas, los profesionales brindaron una charla de Educaci\u00f3n Sexual Integral para alumnos de la escuela Ferrocarriles Argentinos. Adem\u00e1s, la Asociaci\u00f3n de Bomberos Voluntarios realiz\u00f3 una jornada de asistencia de parto en zona inh\u00f3spita en el SUM del edificio de la Obra Social.<\/strong><\/p>\n<p align=\"justify\">Los alumnos y alumnas de la Escuela N\u00ba 1-526 Ferrocarriles Argentinos realizaron una visita a OSEP La Paz. En la ocasi\u00f3n recibieron una charla de Educaci\u00f3n Sexual Integral a cargo de profesionales. Se trata de un grupo de preadolescentes de 11 y 12 a\u00f1os.<\/p>\n<p align=\"justify\">En la charla pudieron aprovechar para despejar todas las dudas que los acompa\u00f1an durante una etapa crucial para su desarrollo. Para ello, la Obra Social les facilit\u00f3 la presencia de un equipo de profesionales con amplia trayectoria en los temas tratados.<\/p>\n<p align=\"justify\">Por su parte, el SUM del edificio ubicado en Galigniana y Buenos Aires tambi\u00e9n fue el lugar de una charla de capacitaci\u00f3n organizada por la Asociaci\u00f3n de Bomberos Voluntarios de La Paz. El tema abordado fue la asistencia de partos en zona inh\u00f3spita, ya que las distancias entre los distritos de este departamento hacen que los bomberos tengan un rol muy importante para socorrer urgencias como esta.<\/p>\n<div id='gallery-1' class='gallery galleryid-46414 gallery-columns-2 gallery-size-full'><figure class='gallery-item'>\n\t\t\t<div class='gallery-icon landscape'>\n\t\t\t\t<a href='https:\/\/osepmendoza.com.ar\/web\/osep-la-paz-junto-a-la-comunidad\/lp1\/'><img loading=\"lazy\" decoding=\"async\" width=\"1600\" height=\"1200\" src=\"https:\/\/osepmendoza.com.ar\/web\/wp-content\/uploads\/2022\/06\/lp1.jpg\" class=\"attachment-full size-full\" alt=\"\" srcset=\"https:\/\/osepmendoza.com.ar\/web\/wp-content\/uploads\/2022\/06\/lp1.jpg 1600w, https:\/\/osepmendoza.com.ar\/web\/wp-content\/uploads\/2022\/06\/lp1-300x225.jpg 300w, https:\/\/osepmendoza.com.ar\/web\/wp-content\/uploads\/2022\/06\/lp1-1024x768.jpg 1024w, https:\/\/osepmendoza.com.ar\/web\/wp-content\/uploads\/2022\/06\/lp1-768x576.jpg 768w, https:\/\/osepmendoza.com.ar\/web\/wp-content\/uploads\/2022\/06\/lp1-1536x1152.jpg 1536w\" sizes=\"auto, (max-width: 1600px) 100vw, 1600px\" \/><\/a>\n\t\t\t<\/div><\/figure><figure class='gallery-item'>\n\t\t\t<div class='gallery-icon landscape'>\n\t\t\t\t<a href='https:\/\/osepmendoza.com.ar\/web\/osep-la-paz-junto-a-la-comunidad\/lp4\/'><img loading=\"lazy\" decoding=\"async\" width=\"1600\" height=\"1200\" src=\"https:\/\/osepmendoza.com.ar\/web\/wp-content\/uploads\/2022\/06\/lp4.jpg\" class=\"attachment-full size-full\" alt=\"\" srcset=\"https:\/\/osepmendoza.com.ar\/web\/wp-content\/uploads\/2022\/06\/lp4.jpg 1600w, https:\/\/osepmendoza.com.ar\/web\/wp-content\/uploads\/2022\/06\/lp4-300x225.jpg 300w, https:\/\/osepmendoza.com.ar\/web\/wp-content\/uploads\/2022\/06\/lp4-1024x768.jpg 1024w, https:\/\/osepmendoza.com.ar\/web\/wp-content\/uploads\/2022\/06\/lp4-768x576.jpg 768w, https:\/\/osepmendoza.com.ar\/web\/wp-content\/uploads\/2022\/06\/lp4-1536x1152.jpg 1536w\" sizes=\"auto, (max-width: 1600px) 100vw, 1600px\" \/><\/a>\n\t\t\t<\/div><\/figure><figure class='gallery-item'>\n\t\t\t<div class='gallery-icon landscape'>\n\t\t\t\t<a href='https:\/\/osepmendoza.com.ar\/web\/osep-la-paz-junto-a-la-comunidad\/lp3\/'><img loading=\"lazy\" decoding=\"async\" width=\"1280\" height=\"576\" src=\"https:\/\/osepmendoza.com.ar\/web\/wp-content\/uploads\/2022\/06\/lp3.jpg\" class=\"attachment-full size-full\" alt=\"\" srcset=\"https:\/\/osepmendoza.com.ar\/web\/wp-content\/uploads\/2022\/06\/lp3.jpg 1280w, https:\/\/osepmendoza.com.ar\/web\/wp-content\/uploads\/2022\/06\/lp3-300x135.jpg 300w, https:\/\/osepmendoza.com.ar\/web\/wp-content\/uploads\/2022\/06\/lp3-1024x461.jpg 1024w, https:\/\/osepmendoza.com.ar\/web\/wp-content\/uploads\/2022\/06\/lp3-768x346.jpg 768w\" sizes=\"auto, (max-width: 1280px) 100vw, 1280px\" \/><\/a>\n\t\t\t<\/div><\/figure><figure class='gallery-item'>\n\t\t\t<div class='gallery-icon landscape'>\n\t\t\t\t<a href='https:\/\/osepmendoza.com.ar\/web\/osep-la-paz-junto-a-la-comunidad\/lp6\/'><img loading=\"lazy\" decoding=\"async\" width=\"1280\" height=\"576\" src=\"https:\/\/osepmendoza.com.ar\/web\/wp-content\/uploads\/2022\/06\/lp6.jpg\" class=\"attachment-full size-full\" alt=\"\" srcset=\"https:\/\/osepmendoza.com.ar\/web\/wp-content\/uploads\/2022\/06\/lp6.jpg 1280w, https:\/\/osepmendoza.com.ar\/web\/wp-content\/uploads\/2022\/06\/lp6-300x135.jpg 300w, https:\/\/osepmendoza.com.ar\/web\/wp-content\/uploads\/2022\/06\/lp6-1024x461.jpg 1024w, https:\/\/osepmendoza.com.ar\/web\/wp-content\/uploads\/2022\/06\/lp6-768x346.jpg 768w\" sizes=\"auto, (max-width: 1280px) 100vw, 1280px\" \/><\/a>\n\t\t\t<\/div><\/figure><figure class='gallery-item'>\n\t\t\t<div class='gallery-icon landscape'>\n\t\t\t\t<a href='https:\/\/osepmendoza.com.ar\/web\/osep-la-paz-junto-a-la-comunidad\/lp2\/'><img loading=\"lazy\" decoding=\"async\" width=\"1600\" height=\"1200\" src=\"https:\/\/osepmendoza.com.ar\/web\/wp-content\/uploads\/2022\/06\/lp2.jpg\" class=\"attachment-full size-full\" alt=\"\" srcset=\"https:\/\/osepmendoza.com.ar\/web\/wp-content\/uploads\/2022\/06\/lp2.jpg 1600w, https:\/\/osepmendoza.com.ar\/web\/wp-content\/uploads\/2022\/06\/lp2-300x225.jpg 300w, https:\/\/osepmendoza.com.ar\/web\/wp-content\/uploads\/2022\/06\/lp2-1024x768.jpg 1024w, https:\/\/osepmendoza.com.ar\/web\/wp-content\/uploads\/2022\/06\/lp2-768x576.jpg 768w, https:\/\/osepmendoza.com.ar\/web\/wp-content\/uploads\/2022\/06\/lp2-1536x1152.jpg 1536w\" sizes=\"auto, (max-width: 1600px) 100vw, 1600px\" \/><\/a>\n\t\t\t<\/div><\/figure><figure class='gallery-item'>\n\t\t\t<div class='gallery-icon landscape'>\n\t\t\t\t<a href='https:\/\/osepmendoza.com.ar\/web\/osep-la-paz-junto-a-la-comunidad\/lp5\/'><img loading=\"lazy\" decoding=\"async\" width=\"1600\" height=\"1200\" src=\"https:\/\/osepmendoza.com.ar\/web\/wp-content\/uploads\/2022\/06\/lp5.jpg\" class=\"attachment-full size-full\" alt=\"\" srcset=\"https:\/\/osepmendoza.com.ar\/web\/wp-content\/uploads\/2022\/06\/lp5.jpg 1600w, https:\/\/osepmendoza.com.ar\/web\/wp-content\/uploads\/2022\/06\/lp5-300x225.jpg 300w, https:\/\/osepmendoza.com.ar\/web\/wp-content\/uploads\/2022\/06\/lp5-1024x768.jpg 1024w, https:\/\/osepmendoza.com.ar\/web\/wp-content\/uploads\/2022\/06\/lp5-768x576.jpg 768w, https:\/\/osepmendoza.com.ar\/web\/wp-content\/uploads\/2022\/06\/lp5-1536x1152.jpg 1536w\" sizes=\"auto, (max-width: 1600px) 100vw, 1600px\" \/><\/a>\n\t\t\t<\/div><\/figure>\n\t\t<\/div>\n\n","protected":false},"excerpt":{"rendered":"<p>La Sede territorial de OSEP contin\u00faa desarrollando actividades junto a&#8230;<\/p>\n","protected":false},"author":12,"featured_media":46415,"comment_status":"closed","ping_status":"open","sticky":false,"template":"","format":"standard","meta":{"_acf_changed":false,"inline_featured_image":false,"_exactmetrics_skip_tracking":false,"_exactmetrics_sitenote_active":false,"_exactmetrics_sitenote_note":"","_exactmetrics_sitenote_category":0,"footnotes":"","_links_to":"","_links_to_target":""},"categories":[101],"tags":[225,827,1803,252],"class_list":["post-46414","post","type-post","status-publish","format-standard","has-post-thumbnail","hentry","category-noticias","tag-actividades","tag-bomberos","tag-esi","tag-la-paz"],"acf":[],"yoast_head":"<!-- This site is optimized with the Yoast SEO plugin v27.4 - https:\/\/yoast.com\/product\/yoast-seo-wordpress\/ -->\n<title>OSEP La Paz junto a la comunidad - OSEP Mendoza<\/title>\n<meta name=\"robots\" content=\"index, follow, max-snippet:-1, max-image-preview:large, max-video-preview:-1\" \/>\n<link rel=\"canonical\" href=\"https:\/\/osepmendoza.com.ar\/web\/osep-la-paz-junto-a-la-comunidad\/\" \/>\n<meta property=\"og:locale\" content=\"es_ES\" \/>\n<meta property=\"og:type\" content=\"article\" \/>\n<meta property=\"og:title\" content=\"OSEP La Paz junto a la comunidad - OSEP Mendoza\" \/>\n<meta property=\"og:description\" content=\"La Sede territorial de OSEP contin\u00faa desarrollando actividades junto a...\" \/>\n<meta property=\"og:url\" content=\"https:\/\/osepmendoza.com.ar\/web\/osep-la-paz-junto-a-la-comunidad\/\" \/>\n<meta property=\"og:site_name\" content=\"OSEP Mendoza\" \/>\n<meta property=\"article:publisher\" content=\"https:\/\/www.facebook.com\/OSEP.MendozaArg\/\" \/>\n<meta property=\"article:published_time\" content=\"2022-06-27T16:29:28+00:00\" \/>\n<meta property=\"article:modified_time\" content=\"2023-05-11T12:45:30+00:00\" \/>\n<meta property=\"og:image\" content=\"https:\/\/osepmendoza.com.ar\/web\/wp-content\/uploads\/2022\/06\/lp.jpg\" \/>\n\t<meta property=\"og:image:width\" content=\"1200\" \/>\n\t<meta property=\"og:image:height\" content=\"438\" \/>\n\t<meta property=\"og:image:type\" content=\"image\/jpeg\" \/>\n<meta name=\"author\" content=\"Sebastian Fernandez\" \/>\n<meta name=\"twitter:card\" content=\"summary_large_image\" \/>\n<meta name=\"twitter:creator\" content=\"@OsepMza\" \/>\n<meta name=\"twitter:site\" content=\"@OsepMza\" \/>\n<meta name=\"twitter:label1\" content=\"Escrito por\" \/>\n\t<meta name=\"twitter:data1\" content=\"Sebastian Fernandez\" \/>\n\t<meta name=\"twitter:label2\" content=\"Tiempo de lectura\" \/>\n\t<meta name=\"twitter:data2\" content=\"1 minuto\" \/>\n<script type=\"application\/ld+json\" class=\"yoast-schema-graph\">{\"@context\":\"https:\\\/\\\/schema.org\",\"@graph\":[{\"@type\":\"Article\",\"@id\":\"https:\\\/\\\/osepmendoza.com.ar\\\/web\\\/osep-la-paz-junto-a-la-comunidad\\\/#article\",\"isPartOf\":{\"@id\":\"https:\\\/\\\/osepmendoza.com.ar\\\/web\\\/osep-la-paz-junto-a-la-comunidad\\\/\"},\"author\":{\"name\":\"Sebastian Fernandez\",\"@id\":\"https:\\\/\\\/osepmendoza.com.ar\\\/web\\\/#\\\/schema\\\/person\\\/90986df7128a51e32bb66102fc247eb2\"},\"headline\":\"OSEP La Paz junto a la comunidad\",\"datePublished\":\"2022-06-27T16:29:28+00:00\",\"dateModified\":\"2023-05-11T12:45:30+00:00\",\"mainEntityOfPage\":{\"@id\":\"https:\\\/\\\/osepmendoza.com.ar\\\/web\\\/osep-la-paz-junto-a-la-comunidad\\\/\"},\"wordCount\":233,\"publisher\":{\"@id\":\"https:\\\/\\\/osepmendoza.com.ar\\\/web\\\/#organization\"},\"image\":{\"@id\":\"https:\\\/\\\/osepmendoza.com.ar\\\/web\\\/osep-la-paz-junto-a-la-comunidad\\\/#primaryimage\"},\"thumbnailUrl\":\"https:\\\/\\\/osepmendoza.com.ar\\\/web\\\/wp-content\\\/uploads\\\/2022\\\/06\\\/lp.jpg\",\"keywords\":[\"actividades\",\"bomberos\",\"esi\",\"la paz\"],\"articleSection\":[\"Noticias\"],\"inLanguage\":\"es\"},{\"@type\":\"WebPage\",\"@id\":\"https:\\\/\\\/osepmendoza.com.ar\\\/web\\\/osep-la-paz-junto-a-la-comunidad\\\/\",\"url\":\"https:\\\/\\\/osepmendoza.com.ar\\\/web\\\/osep-la-paz-junto-a-la-comunidad\\\/\",\"name\":\"OSEP La Paz junto a la comunidad - OSEP Mendoza\",\"isPartOf\":{\"@id\":\"https:\\\/\\\/osepmendoza.com.ar\\\/web\\\/#website\"},\"primaryImageOfPage\":{\"@id\":\"https:\\\/\\\/osepmendoza.com.ar\\\/web\\\/osep-la-paz-junto-a-la-comunidad\\\/#primaryimage\"},\"image\":{\"@id\":\"https:\\\/\\\/osepmendoza.com.ar\\\/web\\\/osep-la-paz-junto-a-la-comunidad\\\/#primaryimage\"},\"thumbnailUrl\":\"https:\\\/\\\/osepmendoza.com.ar\\\/web\\\/wp-content\\\/uploads\\\/2022\\\/06\\\/lp.jpg\",\"datePublished\":\"2022-06-27T16:29:28+00:00\",\"dateModified\":\"2023-05-11T12:45:30+00:00\",\"breadcrumb\":{\"@id\":\"https:\\\/\\\/osepmendoza.com.ar\\\/web\\\/osep-la-paz-junto-a-la-comunidad\\\/#breadcrumb\"},\"inLanguage\":\"es\",\"potentialAction\":[{\"@type\":\"ReadAction\",\"target\":[\"https:\\\/\\\/osepmendoza.com.ar\\\/web\\\/osep-la-paz-junto-a-la-comunidad\\\/\"]}]},{\"@type\":\"ImageObject\",\"inLanguage\":\"es\",\"@id\":\"https:\\\/\\\/osepmendoza.com.ar\\\/web\\\/osep-la-paz-junto-a-la-comunidad\\\/#primaryimage\",\"url\":\"https:\\\/\\\/osepmendoza.com.ar\\\/web\\\/wp-content\\\/uploads\\\/2022\\\/06\\\/lp.jpg\",\"contentUrl\":\"https:\\\/\\\/osepmendoza.com.ar\\\/web\\\/wp-content\\\/uploads\\\/2022\\\/06\\\/lp.jpg\",\"width\":1200,\"height\":438},{\"@type\":\"BreadcrumbList\",\"@id\":\"https:\\\/\\\/osepmendoza.com.ar\\\/web\\\/osep-la-paz-junto-a-la-comunidad\\\/#breadcrumb\",\"itemListElement\":[{\"@type\":\"ListItem\",\"position\":1,\"name\":\"Portada\",\"item\":\"https:\\\/\\\/osepmendoza.com.ar\\\/web\\\/\"},{\"@type\":\"ListItem\",\"position\":2,\"name\":\"OSEP La Paz junto a la comunidad\"}]},{\"@type\":\"WebSite\",\"@id\":\"https:\\\/\\\/osepmendoza.com.ar\\\/web\\\/#website\",\"url\":\"https:\\\/\\\/osepmendoza.com.ar\\\/web\\\/\",\"name\":\"OSEP Mendoza\",\"description\":\"Obra Social de los Empleados P\u00fablicos de Mendoza\",\"publisher\":{\"@id\":\"https:\\\/\\\/osepmendoza.com.ar\\\/web\\\/#organization\"},\"potentialAction\":[{\"@type\":\"SearchAction\",\"target\":{\"@type\":\"EntryPoint\",\"urlTemplate\":\"https:\\\/\\\/osepmendoza.com.ar\\\/web\\\/?s={search_term_string}\"},\"query-input\":{\"@type\":\"PropertyValueSpecification\",\"valueRequired\":true,\"valueName\":\"search_term_string\"}}],\"inLanguage\":\"es\"},{\"@type\":\"Organization\",\"@id\":\"https:\\\/\\\/osepmendoza.com.ar\\\/web\\\/#organization\",\"name\":\"OSEP - Obra Social de Empleados P\u00fablicos de Mendoza\",\"url\":\"https:\\\/\\\/osepmendoza.com.ar\\\/web\\\/\",\"logo\":{\"@type\":\"ImageObject\",\"inLanguage\":\"es\",\"@id\":\"https:\\\/\\\/osepmendoza.com.ar\\\/web\\\/#\\\/schema\\\/logo\\\/image\\\/\",\"url\":\"https:\\\/\\\/osepmendoza.com.ar\\\/web\\\/wp-content\\\/uploads\\\/2020\\\/04\\\/lkTM9T9z.jpg\",\"contentUrl\":\"https:\\\/\\\/osepmendoza.com.ar\\\/web\\\/wp-content\\\/uploads\\\/2020\\\/04\\\/lkTM9T9z.jpg\",\"width\":334,\"height\":334,\"caption\":\"OSEP - Obra Social de Empleados P\u00fablicos de Mendoza\"},\"image\":{\"@id\":\"https:\\\/\\\/osepmendoza.com.ar\\\/web\\\/#\\\/schema\\\/logo\\\/image\\\/\"},\"sameAs\":[\"https:\\\/\\\/www.facebook.com\\\/OSEP.MendozaArg\\\/\",\"https:\\\/\\\/x.com\\\/OsepMza\",\"https:\\\/\\\/www.instagram.com\\\/osep.mendoza\\\/\",\"https:\\\/\\\/www.youtube.com\\\/user\\\/osepvideos\"]},{\"@type\":\"Person\",\"@id\":\"https:\\\/\\\/osepmendoza.com.ar\\\/web\\\/#\\\/schema\\\/person\\\/90986df7128a51e32bb66102fc247eb2\",\"name\":\"Sebastian Fernandez\",\"image\":{\"@type\":\"ImageObject\",\"inLanguage\":\"es\",\"@id\":\"https:\\\/\\\/secure.gravatar.com\\\/avatar\\\/cc42d53caabe846896e06ed8955a60e82b2b829babcb731f86f26c42378bcfec?s=96&d=mm&r=g\",\"url\":\"https:\\\/\\\/secure.gravatar.com\\\/avatar\\\/cc42d53caabe846896e06ed8955a60e82b2b829babcb731f86f26c42378bcfec?s=96&d=mm&r=g\",\"contentUrl\":\"https:\\\/\\\/secure.gravatar.com\\\/avatar\\\/cc42d53caabe846896e06ed8955a60e82b2b829babcb731f86f26c42378bcfec?s=96&d=mm&r=g\",\"caption\":\"Sebastian Fernandez\"},\"sameAs\":[\"http:\\\/\\\/osepmendoza.com.ar\\\/web\"]}]}<\/script>\n<!-- \/ Yoast SEO plugin. -->","yoast_head_json":{"title":"OSEP La Paz junto a la comunidad - OSEP Mendoza","robots":{"index":"index","follow":"follow","max-snippet":"max-snippet:-1","max-image-preview":"max-image-preview:large","max-video-preview":"max-video-preview:-1"},"canonical":"https:\/\/osepmendoza.com.ar\/web\/osep-la-paz-junto-a-la-comunidad\/","og_locale":"es_ES","og_type":"article","og_title":"OSEP La Paz junto a la comunidad - OSEP Mendoza","og_description":"La Sede territorial de OSEP contin\u00faa desarrollando actividades junto a...","og_url":"https:\/\/osepmendoza.com.ar\/web\/osep-la-paz-junto-a-la-comunidad\/","og_site_name":"OSEP Mendoza","article_publisher":"https:\/\/www.facebook.com\/OSEP.MendozaArg\/","article_published_time":"2022-06-27T16:29:28+00:00","article_modified_time":"2023-05-11T12:45:30+00:00","og_image":[{"width":1200,"height":438,"url":"https:\/\/osepmendoza.com.ar\/web\/wp-content\/uploads\/2022\/06\/lp.jpg","type":"image\/jpeg"}],"author":"Sebastian Fernandez","twitter_card":"summary_large_image","twitter_creator":"@OsepMza","twitter_site":"@OsepMza","twitter_misc":{"Escrito por":"Sebastian Fernandez","Tiempo de lectura":"1 minuto"},"schema":{"@context":"https:\/\/schema.org","@graph":[{"@type":"Article","@id":"https:\/\/osepmendoza.com.ar\/web\/osep-la-paz-junto-a-la-comunidad\/#article","isPartOf":{"@id":"https:\/\/osepmendoza.com.ar\/web\/osep-la-paz-junto-a-la-comunidad\/"},"author":{"name":"Sebastian Fernandez","@id":"https:\/\/osepmendoza.com.ar\/web\/#\/schema\/person\/90986df7128a51e32bb66102fc247eb2"},"headline":"OSEP La Paz junto a la comunidad","datePublished":"2022-06-27T16:29:28+00:00","dateModified":"2023-05-11T12:45:30+00:00","mainEntityOfPage":{"@id":"https:\/\/osepmendoza.com.ar\/web\/osep-la-paz-junto-a-la-comunidad\/"},"wordCount":233,"publisher":{"@id":"https:\/\/osepmendoza.com.ar\/web\/#organization"},"image":{"@id":"https:\/\/osepmendoza.com.ar\/web\/osep-la-paz-junto-a-la-comunidad\/#primaryimage"},"thumbnailUrl":"https:\/\/osepmendoza.com.ar\/web\/wp-content\/uploads\/2022\/06\/lp.jpg","keywords":["actividades","bomberos","esi","la paz"],"articleSection":["Noticias"],"inLanguage":"es"},{"@type":"WebPage","@id":"https:\/\/osepmendoza.com.ar\/web\/osep-la-paz-junto-a-la-comunidad\/","url":"https:\/\/osepmendoza.com.ar\/web\/osep-la-paz-junto-a-la-comunidad\/","name":"OSEP La Paz junto a la comunidad - OSEP Mendoza","isPartOf":{"@id":"https:\/\/osepmendoza.com.ar\/web\/#website"},"primaryImageOfPage":{"@id":"https:\/\/osepmendoza.com.ar\/web\/osep-la-paz-junto-a-la-comunidad\/#primaryimage"},"image":{"@id":"https:\/\/osepmendoza.com.ar\/web\/osep-la-paz-junto-a-la-comunidad\/#primaryimage"},"thumbnailUrl":"https:\/\/osepmendoza.com.ar\/web\/wp-content\/uploads\/2022\/06\/lp.jpg","datePublished":"2022-06-27T16:29:28+00:00","dateModified":"2023-05-11T12:45:30+00:00","breadcrumb":{"@id":"https:\/\/osepmendoza.com.ar\/web\/osep-la-paz-junto-a-la-comunidad\/#breadcrumb"},"inLanguage":"es","potentialAction":[{"@type":"ReadAction","target":["https:\/\/osepmendoza.com.ar\/web\/osep-la-paz-junto-a-la-comunidad\/"]}]},{"@type":"ImageObject","inLanguage":"es","@id":"https:\/\/osepmendoza.com.ar\/web\/osep-la-paz-junto-a-la-comunidad\/#primaryimage","url":"https:\/\/osepmendoza.com.ar\/web\/wp-content\/uploads\/2022\/06\/lp.jpg","contentUrl":"https:\/\/osepmendoza.com.ar\/web\/wp-content\/uploads\/2022\/06\/lp.jpg","width":1200,"height":438},{"@type":"BreadcrumbList","@id":"https:\/\/osepmendoza.com.ar\/web\/osep-la-paz-junto-a-la-comunidad\/#breadcrumb","itemListElement":[{"@type":"ListItem","position":1,"name":"Portada","item":"https:\/\/osepmendoza.com.ar\/web\/"},{"@type":"ListItem","position":2,"name":"OSEP La Paz junto a la comunidad"}]},{"@type":"WebSite","@id":"https:\/\/osepmendoza.com.ar\/web\/#website","url":"https:\/\/osepmendoza.com.ar\/web\/","name":"OSEP Mendoza","description":"Obra Social de los Empleados P\u00fablicos de Mendoza","publisher":{"@id":"https:\/\/osepmendoza.com.ar\/web\/#organization"},"potentialAction":[{"@type":"SearchAction","target":{"@type":"EntryPoint","urlTemplate":"https:\/\/osepmendoza.com.ar\/web\/?s={search_term_string}"},"query-input":{"@type":"PropertyValueSpecification","valueRequired":true,"valueName":"search_term_string"}}],"inLanguage":"es"},{"@type":"Organization","@id":"https:\/\/osepmendoza.com.ar\/web\/#organization","name":"OSEP - Obra Social de Empleados P\u00fablicos de Mendoza","url":"https:\/\/osepmendoza.com.ar\/web\/","logo":{"@type":"ImageObject","inLanguage":"es","@id":"https:\/\/osepmendoza.com.ar\/web\/#\/schema\/logo\/image\/","url":"https:\/\/osepmendoza.com.ar\/web\/wp-content\/uploads\/2020\/04\/lkTM9T9z.jpg","contentUrl":"https:\/\/osepmendoza.com.ar\/web\/wp-content\/uploads\/2020\/04\/lkTM9T9z.jpg","width":334,"height":334,"caption":"OSEP - Obra Social de Empleados P\u00fablicos de Mendoza"},"image":{"@id":"https:\/\/osepmendoza.com.ar\/web\/#\/schema\/logo\/image\/"},"sameAs":["https:\/\/www.facebook.com\/OSEP.MendozaArg\/","https:\/\/x.com\/OsepMza","https:\/\/www.instagram.com\/osep.mendoza\/","https:\/\/www.youtube.com\/user\/osepvideos"]},{"@type":"Person","@id":"https:\/\/osepmendoza.com.ar\/web\/#\/schema\/person\/90986df7128a51e32bb66102fc247eb2","name":"Sebastian Fernandez","image":{"@type":"ImageObject","inLanguage":"es","@id":"https:\/\/secure.gravatar.com\/avatar\/cc42d53caabe846896e06ed8955a60e82b2b829babcb731f86f26c42378bcfec?s=96&d=mm&r=g","url":"https:\/\/secure.gravatar.com\/avatar\/cc42d53caabe846896e06ed8955a60e82b2b829babcb731f86f26c42378bcfec?s=96&d=mm&r=g","contentUrl":"https:\/\/secure.gravatar.com\/avatar\/cc42d53caabe846896e06ed8955a60e82b2b829babcb731f86f26c42378bcfec?s=96&d=mm&r=g","caption":"Sebastian Fernandez"},"sameAs":["http:\/\/osepmendoza.com.ar\/web"]}]}},"amp_enabled":true,"_links":{"self":[{"href":"https:\/\/osepmendoza.com.ar\/web\/wp-json\/wp\/v2\/posts\/46414","targetHints":{"allow":["GET"]}}],"collection":[{"href":"https:\/\/osepmendoza.com.ar\/web\/wp-json\/wp\/v2\/posts"}],"about":[{"href":"https:\/\/osepmendoza.com.ar\/web\/wp-json\/wp\/v2\/types\/post"}],"author":[{"embeddable":true,"href":"https:\/\/osepmendoza.com.ar\/web\/wp-json\/wp\/v2\/users\/12"}],"replies":[{"embeddable":true,"href":"https:\/\/osepmendoza.com.ar\/web\/wp-json\/wp\/v2\/comments?post=46414"}],"version-history":[{"count":2,"href":"https:\/\/osepmendoza.com.ar\/web\/wp-json\/wp\/v2\/posts\/46414\/revisions"}],"predecessor-version":[{"id":46423,"href":"https:\/\/osepmendoza.com.ar\/web\/wp-json\/wp\/v2\/posts\/46414\/revisions\/46423"}],"wp:featuredmedia":[{"embeddable":true,"href":"https:\/\/osepmendoza.com.ar\/web\/wp-json\/wp\/v2\/media\/46415"}],"wp:attachment":[{"href":"https:\/\/osepmendoza.com.ar\/web\/wp-json\/wp\/v2\/media?parent=46414"}],"wp:term":[{"taxonomy":"category","embeddable":true,"href":"https:\/\/osepmendoza.com.ar\/web\/wp-json\/wp\/v2\/categories?post=46414"},{"taxonomy":"post_tag","embeddable":true,"href":"https:\/\/osepmendoza.com.ar\/web\/wp-json\/wp\/v2\/tags?post=46414"}],"curies":[{"name":"wp","href":"https:\/\/api.w.org\/{rel}","templated":true}]}}