{"id":46286,"date":"2024-02-27T15:41:32","date_gmt":"2024-02-27T18:41:32","guid":{"rendered":"https:\/\/osepmendoza.com.ar\/web\/?p=46286"},"modified":"2025-12-15T08:45:21","modified_gmt":"2025-12-15T11:45:21","slug":"servicios-de-odontologia-en-osep3-2","status":"publish","type":"post","link":"https:\/\/osepmendoza.com.ar\/web\/servicios-de-odontologia-en-osep3-2\/","title":{"rendered":"Servicios de Odontolog\u00eda en OSEP"},"content":{"rendered":"<p align=\"left\">La Direcci\u00f3n de Odontolog\u00eda de la Obra Social brinda informaci\u00f3n sobre los diferentes servicios en el Centro Odontol\u00f3gico y Sedes territoriales. As\u00ed mismo, recuerda a todos los afiliados y afiliadas que pueden atenderse con prestadores de Libre Elecci\u00f3n (con pago de coseguros) disponibles en la <a href=\"https:\/\/osepmendoza.com.ar\/web\/cartilla\/\">Cartilla de Prestadores<\/a> de la p\u00e1gina web de OSEP.<\/p>\n<p align=\"left\">Informaci\u00f3n actualizada al d\u00eda 30\/09\/24.<\/p>\n<div style=\"overflow-x: auto;\">\n<table style=\"height: 1997px;\">\n<tbody>\n<tr style=\"height: 29px;\">\n<td style=\"width: 171px; height: 29px;\"><strong>Sede<\/strong><\/td>\n<td style=\"width: 170px; height: 29px;\"><strong>Servicios<\/strong><\/td>\n<td style=\"width: 125px; height: 29px;\"><strong>D\u00edas<\/strong><\/td>\n<td style=\"width: 112px; height: 29px;\"><strong>Horarios<\/strong><\/td>\n<td style=\"width: 285px; height: 29px;\"><strong>Acceso al turno<br \/>\n<\/strong><\/td>\n<\/tr>\n<tr style=\"height: 24px;\">\n<td style=\"width: 171px; height: 92px;\" rowspan=\"16\">\n<h4>Centro Odontol\u00f3gico<\/h4>\n<h4><\/h4>\n<h4><\/h4>\n<h4><\/h4>\n<h4><\/h4>\n<h4><\/h4>\n<h4><\/h4>\n<h4><\/h4>\n<h4><\/h4>\n<h4><\/h4>\n<h4><\/h4>\n<p>&nbsp;<\/p>\n<p>&nbsp;<\/p>\n<p>&nbsp;<\/p>\n<p>&nbsp;<\/p>\n<p>&nbsp;<\/p>\n<p>&nbsp;<\/p>\n<p>&nbsp;<\/p>\n<p>&nbsp;<\/p>\n<p>&nbsp;<\/p>\n<p>&nbsp;<\/p>\n<p>&nbsp;<\/p>\n<p>&nbsp;<\/p>\n<p>&nbsp;<\/p>\n<p>&nbsp;<\/p>\n<p>&nbsp;<\/p>\n<p>&nbsp;<\/p>\n<p>&nbsp;<\/p>\n<p>&nbsp;<\/p>\n<p>&nbsp;<\/p>\n<p>&nbsp;<\/p>\n<h4><\/h4>\n<h4><\/h4>\n<h4><\/h4>\n<h4><\/h4>\n<p>&nbsp;<\/p>\n<p>&nbsp;<\/p>\n<p>&nbsp;<\/p>\n<h4>Centro Odontol\u00f3gico<\/h4>\n<p>&nbsp;<\/p>\n<p>&nbsp;<\/p>\n<p>&nbsp;<\/p>\n<p>&nbsp;<\/p>\n<p>&nbsp;<\/p>\n<p>&nbsp;<\/p>\n<p>&nbsp;<\/p>\n<p>&nbsp;<\/p>\n<p>&nbsp;<\/p>\n<p>&nbsp;<\/p>\n<p>&nbsp;<\/p>\n<p>&nbsp;<\/p>\n<p>&nbsp;<\/p>\n<p>&nbsp;<\/p>\n<p>&nbsp;<\/p>\n<p>&nbsp;<\/p>\n<p>&nbsp;<\/p>\n<p>&nbsp;<\/p>\n<p>&nbsp;<\/p>\n<p>&nbsp;<\/p>\n<p>&nbsp;<\/p>\n<p>&nbsp;<\/p>\n<p>&nbsp;<\/p>\n<p>&nbsp;<\/p>\n<h4>Centro Odontol\u00f3gico<\/h4>\n<p>&nbsp;<\/p>\n<p>&nbsp;<\/p>\n<p>&nbsp;<\/p>\n<p>&nbsp;<\/p>\n<p>&nbsp;<\/p>\n<p>&nbsp;<\/p>\n<p>&nbsp;<\/p>\n<p>&nbsp;<\/p>\n<p>&nbsp;<\/p>\n<p>&nbsp;<\/p>\n<p>&nbsp;<\/p>\n<p>&nbsp;<\/p>\n<p>&nbsp;<\/p>\n<p>&nbsp;<\/p>\n<p>&nbsp;<\/p>\n<p>&nbsp;<\/p>\n<p>&nbsp;<\/p>\n<p>&nbsp;<\/p>\n<p>&nbsp;<\/p>\n<p>&nbsp;<\/p>\n<p>&nbsp;<\/p>\n<p>&nbsp;<\/p>\n<p>&nbsp;<\/p>\n<p>&nbsp;<\/p>\n<p>&nbsp;<\/p>\n<p>&nbsp;<\/p>\n<p>&nbsp;<\/p>\n<p>&nbsp;<\/p>\n<p>&nbsp;<\/p>\n<p>&nbsp;<\/p>\n<p>&nbsp;<\/p>\n<p>&nbsp;<\/p>\n<p>&nbsp;<\/p>\n<p>&nbsp;<\/p>\n<p>&nbsp;<\/p>\n<p>&nbsp;<\/p>\n<p>&nbsp;<\/p>\n<p>&nbsp;<\/p>\n<p>&nbsp;<\/p>\n<h4>Centro Odontol\u00f3gico<\/h4>\n<p>&nbsp;<\/p>\n<p>&nbsp;<\/p>\n<p>&nbsp;<\/p>\n<p>&nbsp;<\/p>\n<p>&nbsp;<\/p>\n<p>&nbsp;<\/p>\n<p>&nbsp;<\/p>\n<p>&nbsp;<\/p>\n<p>&nbsp;<\/p>\n<p>&nbsp;<\/p>\n<p>&nbsp;<\/p>\n<p>&nbsp;<\/p>\n<p>&nbsp;<\/p>\n<p>&nbsp;<\/p>\n<p>&nbsp;<\/p>\n<p>&nbsp;<\/p>\n<p>&nbsp;<\/p>\n<p>&nbsp;<\/p>\n<h4>Centro Odontol\u00f3gico<\/h4>\n<p>&nbsp;<\/p>\n<p>&nbsp;<\/p>\n<p>&nbsp;<\/p>\n<p>&nbsp;<\/p>\n<p>&nbsp;<\/td>\n<td style=\"width: 170px; height: 24px;\">\n<h4><b>U<\/b><b>rgencias Generales<\/b><\/h4>\n<\/td>\n<td style=\"width: 125px; height: 24px;\">Lunes a viernes<\/td>\n<td style=\"width: 112px; height: 24px;\">8 a 19<\/td>\n<td style=\"width: 285px; height: 24px;\">\n<p>SIN TURNO PREVIO y por orden de llegada.<\/p>\n<p>Motivos de consulta:<\/p>\n<ul>\n<li>Accidente con lesi\u00f3n de tejidos blandos<\/li>\n<li>Hemorragia<\/li>\n<li>Abscesos<\/li>\n<li>Flemones<\/li>\n<li>Dolor<\/li>\n<li>Fractura de pieza dental<\/li>\n<li>Empaquetamiento alimentario<\/li>\n<li>Sangrado de enc\u00edas<\/li>\n<li>Movilidad dentaria<\/li>\n<li>Dolor post quir\u00fargico<\/li>\n<\/ul>\n<\/td>\n<\/tr>\n<tr style=\"height: 168px;\">\n<td style=\"width: 170px; height: 33px;\">\n<h4><b>Guardia de Urgencia de Pr\u00f3tesis<\/b><\/h4>\n<\/td>\n<td style=\"width: 125px; height: 33px;\">Lunes a viernes<\/td>\n<td style=\"width: 112px; height: 33px;\">7:30 a 18<\/td>\n<td style=\"width: 285px; height: 33px;\">\n<p>SIN TURNO PREVIO y por orden de llegada.<\/p>\n<p>Motivo de consulta:<\/p>\n<ul>\n<li>Cementado de corona y\/o puente<\/li>\n<li>Fractura de pr\u00f3tesis<\/li>\n<li>Agregado de diente o retenedor<\/li>\n<li>Rebasado directo (por pr\u00f3tesis sin retenci\u00f3n)<\/li>\n<li>Provisoria de una corona<\/li>\n<\/ul>\n<\/td>\n<\/tr>\n<tr style=\"height: 24px;\">\n<td style=\"width: 170px; height: 35px;\">\n<h4><b>Odontolog\u00eda Integral Adultos (a partir de los 15 a\u00f1os)<\/b><\/h4>\n<\/td>\n<td style=\"width: 125px; height: 35px; text-align: left;\">Lunes a viernes<\/td>\n<td style=\"width: 112px; height: 35px;\">7.30 a 19<\/td>\n<td style=\"width: 285px; height: 35px;\">\n<p><strong>Primera vez:<\/strong><\/p>\n<p>&#8211; App OSEP M\u00d3VIL<\/p>\n<p>&#8211; <a href=\"https:\/\/osepmendoza.com.ar\/web\/mi-osep\/\">Mi OSEP<\/a><\/p>\n<p>&#8211; 0810-810-1033 de lunes a viernes, de 8 a 18<\/p>\n<p align=\"justify\"><strong><span lang=\"es-AR\">Seguimiento:<\/span><\/strong><\/p>\n<p style=\"text-align: left;\" align=\"justify\"><span lang=\"es-AR\">Asistente Virtual (WhatsApp 2612058800)<\/span><\/p>\n<p>*Tambi\u00e9n puede acceder a la atenci\u00f3n en prestadores de Libre Elecci\u00f3n (con coseguro).<\/td>\n<\/tr>\n<tr>\n<td style=\"width: 170px;\">\n<h4><b>Periodoncia (Limpieza Bucal)<\/b><\/h4>\n<\/td>\n<td style=\"width: 125px; text-align: left;\">Lunes a viernes<\/td>\n<td style=\"width: 112px;\">7.30 a 19<\/td>\n<td style=\"width: 285px;\">\n<p><strong>Primera vez:<\/strong><\/p>\n<p>&#8211; App OSEP M\u00d3VIL,<\/p>\n<p><a href=\"https:\/\/www.osep.mendoza.gov.ar\/webapp_pri\/action\/index\">&#8211; <\/a><a href=\"https:\/\/osepmendoza.com.ar\/web\/mi-osep\/\">Mi OSEP<\/a><\/p>\n<p>&#8211; 0810-810-1033 de lunes a viernes, de 8 a 18<\/p>\n<p align=\"justify\"><strong><span lang=\"es-AR\">Seguimiento:<\/span><\/strong><\/p>\n<p align=\"justify\"><span lang=\"es-AR\">Asistente Virtual (WhatsApp 2612058800)<\/span><\/p>\n<\/td>\n<\/tr>\n<tr>\n<td style=\"width: 170px;\">\n<h4><b>Odontolog\u00eda Integral Pedi\u00e1trica (de 1 a 14 a\u00f1os)<\/b><\/h4>\n<\/td>\n<td style=\"width: 125px; text-align: left;\">Lunes a viernes<\/td>\n<td style=\"width: 112px;\">7.30 a 19<\/td>\n<td style=\"width: 285px;\">\n<p><strong>Primera vez:<\/strong><\/p>\n<p>&#8211; App OSEP M\u00d3VIL,<\/p>\n<p>&#8211; <a href=\"https:\/\/osepmendoza.com.ar\/web\/mi-osep\/\">Mi OSEP<\/a><\/p>\n<p>&#8211; 0810-810-1033 de lunes a viernes de 8 a 18<\/p>\n<p align=\"justify\"><strong><span lang=\"es-AR\">Seguimiento:<\/span><\/strong><\/p>\n<p align=\"justify\"><span lang=\"es-AR\">Asistente Virtual (WhatsApp 2612058800)<\/span><\/p>\n<p>*Tambi\u00e9n puede acceder a la atenci\u00f3n en prestadores de Libre Elecci\u00f3n (con coseguro).<\/td>\n<\/tr>\n<tr>\n<td style=\"width: 170px;\">\n<h4><b>Pr\u00f3tesis y Rehabilitaci\u00f3n sobre Implantes<\/b><\/h4>\n<\/td>\n<td style=\"width: 125px; text-align: left;\">Lunes a viernes<\/td>\n<td style=\"width: 112px;\">7.30 a 19<\/td>\n<td style=\"width: 285px;\">\n<p>Personalmente, de lunes a viernes, de 7:30 a 15:30.<\/p>\n<p>Requisitos:<\/p>\n<ul>\n<li>Certificado de Boca Apta emitido con 180 d\u00edas m\u00e1ximo de antelaci\u00f3n<\/li>\n<li>Derivaci\u00f3n escrita de profesional<\/li>\n<\/ul>\n<p>Pacientes en tratamiento:<\/p>\n<ul>\n<li>En forma telef\u00f3nica se le informara el pr\u00f3ximo turno<\/li>\n<\/ul>\n<p>*Pr\u00e1ctica con arancel<\/td>\n<\/tr>\n<tr>\n<td style=\"width: 170px;\">\n<h4><b>Endodoncia (Tratamiento de conducto)<\/b><\/h4>\n<\/td>\n<td style=\"width: 125px; text-align: left;\">Lunes a viernes<\/td>\n<td style=\"width: 112px;\">7.30 a 19<\/td>\n<td style=\"width: 285px;\">\n<p><strong>Horario para solicitar turnos:<\/strong> Lunes a viernes, de 7 a 17:30.<\/p>\n<p>M\u00e9todo para solicitar turnos: ALMA (asistente virtual de OSEP) \u2013 WhatsApp 2612058800.<\/p>\n<p><strong>Requisitos<\/strong><\/p>\n<p>Derivaci\u00f3n por escrito del profesional con indicaci\u00f3n de la pieza dentaria a tratar en el caso que la derivaci\u00f3n sea de un Odont\u00f3logo particular<br \/>\nImagen Periapical de pieza dentaria.<\/p>\n<p>*Pr\u00e1ctica con arancel<\/p>\n<p>**Tambi\u00e9n puede acceder a la atenci\u00f3n en prestadores de Libre Elecci\u00f3n (con coseguro).<\/td>\n<\/tr>\n<tr>\n<td style=\"width: 170px;\">\n<h4><b>Ortodoncia<\/b><\/h4>\n<\/td>\n<td style=\"width: 125px; text-align: left;\">Lunes a viernes<\/td>\n<td style=\"width: 112px;\">7.30 a 19<\/td>\n<td style=\"width: 285px;\">\n<p><b>Horario para solicitar Turnos de Auditoria:\u00a0<\/b>Lunes a jueves, de 7 a 17:30.<\/p>\n<p><strong>M\u00e9todo para solicitar turnos:<\/strong>\u00a0ALMA (asistente virtual de OSEP) \u2013 WhatsApp 2612058800<\/p>\n<p><strong>Requisitos para inicio de tratamiento<\/strong><\/p>\n<p>\u2013 Certificado de Boca Sana<\/p>\n<p>\u2013 Derivaci\u00f3n por escrito de profesional<\/p>\n<p>\u2013 Radiograf\u00eda Panor\u00e1mica, no anterior a 180 d\u00edas<\/p>\n<p>\u2013 Auditoria<\/p>\n<p><strong>Pacientes en tratamiento<\/strong><\/p>\n<p>Se accede al turno a trav\u00e9s de\u00a0ALMA (asistente virtual de OSEP) \u2013 WhatsApp 2612058800.<\/p>\n<p>*Pr\u00e1ctica con arancel<\/td>\n<\/tr>\n<tr>\n<td style=\"width: 170px;\">\n<h4><b>Cirug\u00edas simples y complejas\u00a0<\/b><\/h4>\n<\/td>\n<td style=\"width: 125px; text-align: left;\">Lunes a viernes<\/td>\n<td style=\"width: 112px;\">7.30 a 19<\/td>\n<td style=\"width: 285px;\">\n<h3><b>Cirug\u00edas Simples (II)<\/b><\/h3>\n<p><b>Horario para solicitar Turnos<\/b>: 07:30 a 17:30 hs.<\/p>\n<p><b>M\u00e9todo para solicitar turnos<\/b>: Mi OSEP \/ ALMA \u2013\u00a0WhatsApp 2612058800\u00a0\/ 0810 810 1033<\/p>\n<p>Se debe presentar derivaci\u00f3n por escrito de profesional.<\/p>\n<h3><b>Cirug\u00edas Complejas (III)<\/b><\/h3>\n<p><b>Horario para solicitar Turnos<\/b>: Lunes a viernes, de 7:30 a 17:30.<\/p>\n<p><b>M\u00e9todo para solicitar turnos<\/b>: ALMA (asistente virtual de OSEP) \u2013 WhatsApp 2612058800<\/p>\n<p align=\"center\"><b>Requisitos para primera consulta<\/b><\/p>\n<p>\u2013 Derivaci\u00f3n por escrito de profesional<\/p>\n<p>\u2013 Radiograf\u00eda Panor\u00e1mica, no anterior a 180 d\u00edas<\/td>\n<\/tr>\n<tr>\n<td style=\"width: 170px;\">\n<h4><b>Estomatolog\u00eda<\/b><\/h4>\n<\/td>\n<td style=\"width: 125px; text-align: left;\">\n<p>Lunes y mi\u00e9rcoles (consultas)<\/p>\n<p>&nbsp;<\/p>\n<p>Viernes (biopsias)<\/td>\n<td style=\"width: 112px;\">\n<p>7.30 a 13<\/p>\n<p>&nbsp;<\/p>\n<p>&nbsp;<\/p>\n<p>14 a 20<\/td>\n<td style=\"width: 285px;\">\n<p><b>Horario para solicitar turnos<\/b>: Lunes a viernes, de 7.30 a 17:30.<\/p>\n<p><b>M\u00e9todo para solicitar turnos<\/b>: ALMA (asistente virtual de OSEP) \u2013 WhatsApp 2612058800<\/p>\n<p>Se debe presentar derivaci\u00f3n por escrito de profesional.<\/td>\n<\/tr>\n<tr>\n<td style=\"width: 170px;\">\n<h4><b>Diagn\u00f3stico por Im\u00e1genes<\/b><\/h4>\n<\/td>\n<td style=\"width: 125px; text-align: left;\">Lunes a viernes<\/td>\n<td style=\"width: 112px;\">8 a 19<\/td>\n<td style=\"width: 285px;\">\n<p><b>Horario para solicitar turnos<\/b>: Lunes a viernes, de 7.30 a 17:30.<\/p>\n<p><b>Radiograf\u00edas Panor\u00e1micas:<\/b><\/p>\n<p>-Se atiende de forma espont\u00e1nea<\/p>\n<p><b>Radiograf\u00edas Seriadas y Cone Beam (Tomograf\u00eda):<\/b><\/p>\n<p><b>M\u00e9todo para solicitar turnos<\/b>: ALMA (asistente virtual de OSEP) \u2013 WhatsApp 2612058800<\/p>\n<p>*Pr\u00e1ctica con arancel<\/td>\n<\/tr>\n<tr>\n<td style=\"width: 170px;\">\n<h4><b>Atenci\u00f3n de pacientes gestantes<\/b><\/h4>\n<\/td>\n<td style=\"width: 125px; text-align: left;\">Lunes<\/td>\n<td style=\"width: 112px;\">8 a 13<\/td>\n<td style=\"width: 285px;\">\n<p><strong>Horario para solicitar turnos:<\/strong>\u00a0Lunes a viernes, de 7:30 a 17:30.<\/p>\n<p><b>M\u00e9todo para solicitar turnos:\u00a0<\/b>ALMA (asistente virtual de OSEP) \u2013 WhatsApp 2612058800<\/td>\n<\/tr>\n<tr>\n<td style=\"width: 170px;\">\n<h4><b>Fonoaudiolog\u00eda<\/b><\/h4>\n<\/td>\n<td style=\"width: 125px; text-align: left;\">Martes a viernes<\/td>\n<td style=\"width: 112px;\">8 a 19<\/td>\n<td style=\"width: 285px;\">\n<p>&#8211; Personalmente<\/p>\n<p>&#8211; Llamando al 4252700 int. 9429\/9447\/9405<\/p>\n<p>Atenci\u00f3n de pacientes derivados por degluci\u00f3n at\u00edpica, respiraci\u00f3n oral, bruxismo, disfunci\u00f3n tubaria, disfunci\u00f3n ATM, Anquiloglosia, h\u00e1bitos orales (succi\u00f3n digital, onicofagia)<\/td>\n<\/tr>\n<tr>\n<td style=\"width: 170px;\">\n<h4><b>Odontolog\u00eda Preventiva (T\u00e9cnica de higiene oral)<\/b><\/h4>\n<\/td>\n<td style=\"width: 125px; text-align: left;\">\n<p>Lunes y martes<\/p>\n<p>Mi\u00e9rcoles<\/p>\n<p>Viernes<\/td>\n<td style=\"width: 112px;\">\n<p>12 a 15<\/p>\n<p>12 a 15:30<\/p>\n<p>12 a 13<\/td>\n<td style=\"width: 285px;\">\n<p><strong>Horario para solicitar turnos:<\/strong>\u00a0Lunes a viernes, de 7:30 a 17:30.<\/p>\n<p><b>M\u00e9todo para solicitar turnos<\/b>: ALMA (asistente virtual de OSEP) \u2013 WhatsApp 2612058800-<\/td>\n<\/tr>\n<tr>\n<td style=\"width: 170px;\"><\/td>\n<td style=\"width: 125px; text-align: left;\"><\/td>\n<td style=\"width: 112px;\"><\/td>\n<td style=\"width: 285px;\"><\/td>\n<\/tr>\n<tr>\n<td style=\"width: 170px;\">\n<h4><b>Implantes<\/b><b><\/b><\/h4>\n<\/td>\n<td style=\"width: 125px; text-align: left;\">Lunes a viernes<\/td>\n<td style=\"width: 112px;\">7.30 a 19<\/td>\n<td style=\"width: 285px;\">\n<p><b>Horario de auditor\u00eda:\u00a0<\/b>Lunes a jueves, de 8 a 13.<\/p>\n<p>Requisitos primera consulta:<\/p>\n<p>\u2013 Certificado de Boca Sana no anterior a 180 d\u00edas<\/p>\n<p>\u2013 Derivaci\u00f3n por escrito de profesional<\/p>\n<p>\u2013 Radiograf\u00eda Panor\u00e1mica, no anterior a 180 d\u00edas<\/p>\n<p>El turno ser\u00e1 otorgado luego de realizada la consulta inicial, de acuerdo al resultado de la Auditor\u00eda.<\/td>\n<\/tr>\n<tr style=\"height: 136px;\">\n<td style=\"width: 171px; height: 136px;\">\n<h4>Maip\u00fa<\/h4>\n<\/td>\n<td style=\"width: 170px; height: 136px;\">\n<ul>\n<li>Odontolog\u00eda Integral Adultos<\/li>\n<li>Odontolog\u00eda Integral Pedi\u00e1trica<\/li>\n<li>Endodoncia<\/li>\n<li>Ortodoncia<\/li>\n<li>Pr\u00f3tesis y Rehabilitaci\u00f3n de implantes<\/li>\n<li>Implantes<\/li>\n<li>Cirug\u00eda Simple\/Compleja<\/li>\n<li>Periodoncia (Limpieza Bucal)<\/li>\n<\/ul>\n<\/td>\n<td style=\"width: 125px; height: 136px;\">Lunes a viernes<\/td>\n<td style=\"width: 112px; height: 136px;\">7:30 a 19<\/td>\n<td style=\"width: 285px; height: 136px;\">\n<p>&#8211; De forma presencial<\/p>\n<p>&#8211; App OSEP M\u00d3VIL<\/p>\n<p>&#8211; <a href=\"https:\/\/osepmendoza.com.ar\/web\/mi-osep\/\">Mi OSEP<\/a><\/p>\n<p>&#8211; 0810 810 8537 de lunes a viernes, de 8 a 18<\/p>\n<p>&#8211; 261 4972171\/4977939<\/td>\n<\/tr>\n<tr style=\"height: 136px;\">\n<td style=\"width: 171px; height: 136px;\">\n<h4>Luj\u00e1n de Cuyo<\/h4>\n<\/td>\n<td style=\"width: 170px; height: 136px;\">\n<ul>\n<li>Odontolog\u00eda Integral Adultos<\/li>\n<li>Odontolog\u00eda Integral Pedi\u00e1trica<\/li>\n<li>Endodoncia<\/li>\n<li>Ortodoncia<\/li>\n<li>Pr\u00f3tesis y Rehabilitaci\u00f3n de Implantes<\/li>\n<li>Implantes<\/li>\n<li>Cirug\u00eda Simple\/Compleja<\/li>\n<li>Periodoncia (Limpieza Bucal)<\/li>\n<\/ul>\n<\/td>\n<td style=\"width: 125px; height: 136px;\">Lunes a viernes<\/td>\n<td style=\"width: 112px; height: 136px;\">7:30 a 19<\/td>\n<td style=\"width: 285px; height: 136px;\">\n<p>&#8211; De forma presencial<\/p>\n<p>&#8211; App OSEP M\u00d3VIL<\/p>\n<p>&#8211; <a href=\"https:\/\/osepmendoza.com.ar\/web\/mi-osep\/\">Mi OSEP<\/a><\/p>\n<p>&#8211; 0810 810 8537 de lunes a viernes, de 8 a 18<\/p>\n<p>&#8211; 261 4981174<\/td>\n<\/tr>\n<tr style=\"height: 96px;\">\n<td style=\"width: 171px; height: 96px;\">\n<h4>Lavalle<\/h4>\n<\/td>\n<td style=\"width: 170px; height: 96px;\">\n<ul>\n<li>Odontolog\u00eda Integral Adultos<\/li>\n<li>Odontolog\u00eda Integral Pedi\u00e1trica<\/li>\n<li>Ortodoncia<\/li>\n<li>Pr\u00f3tesis<\/li>\n<li>Periodoncia (Limpieza Bucal)<\/li>\n<li>Cirug\u00eda Simple<\/li>\n<\/ul>\n<\/td>\n<td style=\"width: 125px; height: 96px;\">Lunes a viernes<\/td>\n<td style=\"width: 112px; height: 96px;\">7:30 a 19<\/td>\n<td style=\"width: 285px; height: 96px;\">\n<p>&#8211; De forma presencial<\/p>\n<p>&#8211; App OSEP M\u00d3VIL<\/p>\n<p>&#8211; <a href=\"https:\/\/osepmendoza.com.ar\/web\/mi-osep\/\">Mi OSEP<\/a><\/p>\n<p>&#8211; 0810 810 8537 de lunes a viernes, de 8 a 18<\/p>\n<p>&#8211; 261 4941829\/4941603<\/td>\n<\/tr>\n<tr style=\"height: 160px;\">\n<td style=\"width: 171px; height: 160px;\">\n<h4>Costa de Araujo<\/h4>\n<\/td>\n<td style=\"width: 170px; height: 160px;\">\n<ul>\n<li>Odontolog\u00eda Integral Adultos<\/li>\n<li>Odontolog\u00eda Integral Pedi\u00e1trica<\/li>\n<li>Pr\u00f3tesis<\/li>\n<li>Ortodoncia<\/li>\n<li>Periodoncia<\/li>\n<li>Cirug\u00eda Simple<\/li>\n<\/ul>\n<\/td>\n<td style=\"width: 125px; height: 160px;\">Lunes a viernes<\/td>\n<td style=\"width: 112px; height: 160px;\">7:30 a 19<\/td>\n<td style=\"width: 285px; height: 160px;\">\n<p>&#8211; De forma presencial<\/p>\n<p>&#8211; App OSEP M\u00d3VIL<\/p>\n<p>&#8211; <a href=\"https:\/\/osepmendoza.com.ar\/web\/mi-osep\/\">Mi OSEP<\/a><\/p>\n<p>&#8211; 0810 810 8537 de lunes a viernes, de 8 a 18<\/p>\n<p>&#8211; 263 4494156<\/td>\n<\/tr>\n<tr style=\"height: 136px;\">\n<td style=\"width: 171px; height: 136px;\">\n<h4>Tunuy\u00e1n<\/h4>\n<\/td>\n<td style=\"width: 170px; height: 136px;\">\n<ul>\n<li>Odontolog\u00eda Integral Adultos<\/li>\n<li>Odontolog\u00eda Integral Pedi\u00e1trica<\/li>\n<li>Endodoncia<\/li>\n<li>Ortodoncia<\/li>\n<li>Pr\u00f3tesis<\/li>\n<li>Cirug\u00eda Simple\/Compleja<\/li>\n<\/ul>\n<\/td>\n<td style=\"width: 125px; height: 136px;\">Lunes a viernes<\/td>\n<td style=\"width: 112px; height: 136px;\">7:30 a 19<\/td>\n<td style=\"width: 285px; height: 136px;\">\n<p>&#8211; De forma presencial<\/p>\n<p>&#8211; App OSEP M\u00d3VIL<\/p>\n<p>&#8211; <a href=\"https:\/\/osepmendoza.com.ar\/web\/mi-osep\/\">Mi OSEP<\/a><\/p>\n<p>&#8211; 0810 810 8537 de lunes a viernes, de 8 a 18<\/p>\n<p>&#8211; 2622 422979\/422615<\/td>\n<\/tr>\n<tr style=\"height: 136px;\">\n<td style=\"width: 171px; height: 136px;\">\n<h4>San Carlos<\/h4>\n<\/td>\n<td style=\"width: 170px; height: 136px;\">\n<ul>\n<li>Odontolog\u00eda Integral Adultos<\/li>\n<li>Odontolog\u00eda Integral Pedi\u00e1trica<\/li>\n<li>Endodoncia<\/li>\n<li>Ortodoncia<\/li>\n<li>Pr\u00f3tesis<\/li>\n<\/ul>\n<\/td>\n<td style=\"width: 125px; height: 136px;\">Lunes a viernes<\/td>\n<td style=\"width: 112px; height: 136px;\">9 a 15<\/td>\n<td style=\"width: 285px; height: 136px;\">\n<p>&#8211; De forma presencial<\/p>\n<p>&#8211; App OSEP M\u00d3VIL<\/p>\n<p>&#8211; <a href=\"https:\/\/osepmendoza.com.ar\/web\/mi-osep\/\">Mi OSEP<\/a><\/p>\n<p>&#8211; 0810 810 8537 de lunes a viernes, de 8 a 18<\/p>\n<p>&#8211; 2622 451511<\/td>\n<\/tr>\n<tr style=\"height: 24px;\">\n<td style=\"width: 171px; height: 24px;\">\n<h4>La Consulta<\/h4>\n<\/td>\n<td style=\"width: 170px; height: 24px;\">\n<ul>\n<li>Odontolog\u00eda Integral Adultos<\/li>\n<li>Odontolog\u00eda Integral Pedi\u00e1trica<\/li>\n<\/ul>\n<\/td>\n<td style=\"width: 125px; height: 24px;\">Lunes a viernes<\/td>\n<td style=\"width: 112px; height: 24px;\">8 a 18<\/td>\n<td style=\"width: 285px; height: 24px;\">\n<p>&#8211; De forma presencial<\/p>\n<p>&#8211; App OSEP M\u00d3VIL<\/p>\n<p>&#8211; <a href=\"https:\/\/osepmendoza.com.ar\/web\/mi-osep\/\">Mi OSEP<\/a><\/p>\n<p>&#8211; 0810 810 8537 de lunes a viernes, de 8 a 18<\/p>\n<p>&#8211; 2622 470015<\/td>\n<\/tr>\n<tr style=\"height: 24px;\">\n<td style=\"width: 171px; height: 24px;\">\n<h4>Vista Flores<\/h4>\n<\/td>\n<td style=\"width: 170px; height: 24px;\">\n<ul>\n<li>Odontolog\u00eda Integral Adultos<\/li>\n<li>Odontolog\u00eda Integral Pedi\u00e1trica<\/li>\n<\/ul>\n<\/td>\n<td style=\"width: 125px; height: 24px;\">Lunes a viernes<\/td>\n<td style=\"width: 112px; height: 24px;\">9 a 13<\/td>\n<td style=\"width: 285px; height: 24px;\">\n<p>&#8211; De forma presencial<\/p>\n<p>&#8211; App OSEP M\u00d3VIL<\/p>\n<p>&#8211; <a href=\"https:\/\/osepmendoza.com.ar\/web\/mi-osep\/\">Mi OSEP<\/a><\/p>\n<p>&#8211; 0810 810 8537 de lunes a viernes, de 8 a 18<\/p>\n<p>&#8211; 2622 492083<\/td>\n<\/tr>\n<tr style=\"height: 136px;\">\n<td style=\"width: 171px; height: 136px;\">\n<h4>Tupungato<\/h4>\n<\/td>\n<td style=\"width: 170px; height: 136px;\">\n<ul>\n<li>Odontolog\u00eda Integral Adultos<\/li>\n<li>Odontolog\u00eda Integral Pedi\u00e1trica<\/li>\n<li>Endodoncia<\/li>\n<li>Ortodoncia<\/li>\n<li>Pr\u00f3tesis<\/li>\n<li>Cirug\u00eda Simple\/Compleja<\/li>\n<\/ul>\n<\/td>\n<td style=\"width: 125px; height: 136px;\">Lunes a viernes<\/td>\n<td style=\"width: 112px; height: 136px;\">8 a 18<\/td>\n<td style=\"width: 285px; height: 136px;\">\n<p>&#8211; De forma presencial<\/p>\n<p>&#8211; App OSEP M\u00d3VIL<\/p>\n<p>&#8211; <a href=\"https:\/\/osepmendoza.com.ar\/web\/mi-osep\/\">Mi OSEP<\/a><\/p>\n<p>&#8211; 0810 810 8537 de lunes a viernes, de 8 a 18<\/p>\n<p>&#8211; 2622 488850<\/td>\n<\/tr>\n<tr style=\"height: 136px;\">\n<td style=\"width: 171px; height: 136px;\">\n<h4>General Alvear<\/h4>\n<\/td>\n<td style=\"width: 170px; height: 136px;\">\n<ul>\n<li>Odontolog\u00eda Integral Adultos<\/li>\n<li>Odontolog\u00eda Integral Pedi\u00e1trica<\/li>\n<li>Endodoncia Unirradicular<\/li>\n<li>Ortodoncia<\/li>\n<li>Pr\u00f3tesis<\/li>\n<li>Cirug\u00eda Simple\/Compleja<\/li>\n<\/ul>\n<\/td>\n<td style=\"width: 125px; height: 136px;\">Lunes a viernes<\/td>\n<td style=\"width: 112px; height: 136px;\">7:30 a 19<\/td>\n<td style=\"width: 285px; height: 136px;\">\n<p>&#8211; De forma presencial<\/p>\n<p>&#8211; App OSEP M\u00d3VIL<\/p>\n<p>&#8211; <a href=\"https:\/\/osepmendoza.com.ar\/web\/mi-osep\/\">Mi OSEP<\/a><\/p>\n<p>&#8211; 0810 810 8537 de lunes a viernes, de 8 a 18<\/p>\n<p>&#8211; 2625 422965\/423272<\/td>\n<\/tr>\n<tr style=\"height: 24px;\">\n<td style=\"width: 171px; height: 24px;\">\n<h4>Real del Padre<\/h4>\n<\/td>\n<td style=\"width: 170px; height: 24px;\">\n<ul>\n<li>Odontolog\u00eda Integral Adultos<\/li>\n<li>Odontolog\u00eda Integral Pedi\u00e1trica<\/li>\n<\/ul>\n<\/td>\n<td style=\"width: 125px; height: 24px;\">Lunes a viernes<\/td>\n<td style=\"width: 112px; height: 24px;\">8 a 18<\/td>\n<td style=\"width: 285px; height: 24px;\">\n<p>&#8211; De forma presencial<\/p>\n<p>&#8211; App OSEP M\u00d3VIL<\/p>\n<p>&#8211; <a href=\"https:\/\/osepmendoza.com.ar\/web\/mi-osep\/\">Mi OSEP<\/a><\/p>\n<p>&#8211; 0810 810 8537 de lunes a viernes, de 8 a 18<\/p>\n<p>&#8211; 2625 491375<\/td>\n<\/tr>\n<tr style=\"height: 24px;\">\n<td style=\"width: 171px; height: 24px;\">\n<h4>Carmensa<\/h4>\n<\/td>\n<td style=\"width: 170px; height: 24px;\">\n<ul>\n<li>Odontolog\u00eda Integral Adultos<\/li>\n<li>Odontolog\u00eda Integral Pedi\u00e1trica<\/li>\n<\/ul>\n<\/td>\n<td style=\"width: 125px; height: 24px;\">Lunes a viernes<\/td>\n<td style=\"width: 112px; height: 24px;\">8 a 16<\/td>\n<td style=\"width: 285px; height: 24px;\">\n<p>&#8211; De forma presencial<\/p>\n<p>&#8211; App OSEP M\u00d3VIL<\/p>\n<p>&#8211; <a href=\"https:\/\/osepmendoza.com.ar\/web\/mi-osep\/\">Mi OSEP<\/a><\/p>\n<p>&#8211; 0810 810 8537 de lunes a viernes, de 8 a 18<\/p>\n<p>&#8211; 2625 493088<\/td>\n<\/tr>\n<tr style=\"height: 24px;\">\n<td style=\"width: 171px; height: 24px;\">\n<h4>Bowen<\/h4>\n<\/td>\n<td style=\"width: 170px; height: 24px;\">\n<ul>\n<li>Odontolog\u00eda Integral Adultos<\/li>\n<li>Odontolog\u00eda Integral Pedi\u00e1trica<\/li>\n<\/ul>\n<\/td>\n<td style=\"width: 125px; height: 24px;\">Lunes a viernes<\/td>\n<td style=\"width: 112px; height: 24px;\">8 a 16<\/td>\n<td style=\"width: 285px; height: 24px;\">\n<p>&#8211; De forma presencial<\/p>\n<p>&#8211; App OSEP M\u00d3VIL<\/p>\n<p>&#8211; <a href=\"https:\/\/osepmendoza.com.ar\/web\/mi-osep\/\">Mi OSEP<\/a><\/p>\n<p>&#8211; 0810 810 8537 OPCION 4 de lunes a viernes de 8 a 18<\/p>\n<p>&#8211; 2625 480469<\/td>\n<\/tr>\n<tr style=\"height: 96px;\">\n<td style=\"width: 171px; height: 96px;\">\n<h4>Villa Atuel<\/h4>\n<\/td>\n<td style=\"width: 170px; height: 96px;\">\n<ul>\n<li>Odontolog\u00eda Integral Adultos<\/li>\n<li>Odontolog\u00eda Integral Pedi\u00e1trica<\/li>\n<\/ul>\n<\/td>\n<td style=\"width: 125px; height: 96px;\">\n<p>Lunes<\/p>\n<p>Jueves<\/td>\n<td style=\"width: 112px; height: 96px;\">\n<p>8 a 12<\/p>\n<p>8 a 14<\/td>\n<td style=\"width: 285px; height: 96px;\">\n<p>&#8211; De forma presencial<\/p>\n<p>&#8211; App OSEP M\u00d3VIL<\/p>\n<p>&#8211; <a href=\"https:\/\/osepmendoza.com.ar\/web\/mi-osep\/\">Mi OSEP<\/a><\/p>\n<p>&#8211; 0810 810 8537 de lunes a viernes, de 8 a 18<\/p>\n<p>&#8211; 2625 470055<\/td>\n<\/tr>\n<tr style=\"height: 136px;\">\n<td style=\"width: 171px; height: 136px;\">\n<h4>San Rafael<\/h4>\n<\/td>\n<td style=\"width: 170px; height: 136px;\">\n<ul>\n<li>Odontolog\u00eda Integral Adultos<\/li>\n<li>Odontolog\u00eda Integral Pedi\u00e1trica<\/li>\n<li>Endodoncia<\/li>\n<li>Ortodoncia<\/li>\n<li>Pr\u00f3tesis y Rehabilitaci\u00f3n de Implantes<\/li>\n<li>Implantes<\/li>\n<li>Cirug\u00eda Simple\/Compleja<\/li>\n<li>Periodoncia<\/li>\n<li>Diagn\u00f3stico por im\u00e1genes: RX Panor\u00e1mica, Telerradiograf\u00edas, Seriadas<\/li>\n<\/ul>\n<\/td>\n<td style=\"width: 125px; height: 136px;\">Lunes a viernes<\/td>\n<td style=\"width: 112px; height: 136px;\">7:30 a 19<\/td>\n<td style=\"width: 285px; height: 136px;\">\n<p>&#8211; De forma presencial<\/p>\n<p>&#8211; App OSEP MOVIL<\/p>\n<p>&#8211; <a href=\"https:\/\/osepmendoza.com.ar\/web\/mi-osep\/\">Mi OSEP<\/a><\/p>\n<p>&#8211; 0810 810 8537 de lunes a viernes, de 8 a 18<\/p>\n<p>&#8211; 2604240050 (llamadas)<\/p>\n<p>&#8211; 2604622375 (whatsApp)<\/td>\n<\/tr>\n<tr style=\"height: 96px;\">\n<td style=\"width: 171px; height: 96px;\">\n<h4>Malarg\u00fce<\/h4>\n<\/td>\n<td style=\"width: 170px; height: 96px;\">\n<ul>\n<li>Odontolog\u00eda Integral Adultos<\/li>\n<li>Odontolog\u00eda Integral Pedi\u00e1trica<\/li>\n<li>Ortodoncia<\/li>\n<li>Endodoncia<\/li>\n<\/ul>\n<\/td>\n<td style=\"width: 125px; height: 96px;\">Lunes a viernes<\/td>\n<td style=\"width: 112px; height: 96px;\">8 a 18<\/td>\n<td style=\"width: 285px; height: 96px;\">\n<p>&#8211; De forma presencial<\/p>\n<p>&#8211; App OSEP MOVIL<\/p>\n<p>&#8211; &#8211; <a href=\"https:\/\/osepmendoza.com.ar\/web\/mi-osep\/\">Mi OSEP<\/a><\/p>\n<p>&#8211; 0810 810 8537 de lunes a viernes, de 8 a 18<\/p>\n<p>&#8211; 2604471043\/4471738<\/td>\n<\/tr>\n<tr style=\"height: 136px;\">\n<td style=\"width: 171px; height: 136px;\">\n<h4>San Mart\u00edn<\/h4>\n<\/td>\n<td style=\"width: 170px; height: 136px;\">\n<ul>\n<li>Odontolog\u00eda Integral Adultos<\/li>\n<li>Odontolog\u00eda Integral Pedi\u00e1trica<\/li>\n<li>Endodoncia<\/li>\n<li>Ortodoncia<\/li>\n<li>Pr\u00f3tesis y Rehabilitaci\u00f3n de Implantes<\/li>\n<li>Implantes<\/li>\n<li>Cirug\u00eda Simple\/Compleja<\/li>\n<li>Periodoncia<\/li>\n<li>Diagn\u00f3stico por im\u00e1genes: RX Panor\u00e1mica, Telerradiograf\u00edas, Seriadas<\/li>\n<\/ul>\n<\/td>\n<td style=\"width: 125px; height: 136px;\">Lunes a viernes<\/td>\n<td style=\"width: 112px; height: 136px;\">7:30 a 19<\/td>\n<td style=\"width: 285px; height: 136px;\">\n<p>&#8211; De forma presencial<\/p>\n<p>&#8211; App OSEP MOVIL<\/p>\n<p>&#8211; <a href=\"https:\/\/osepmendoza.com.ar\/web\/mi-osep\/\">Mi OSEP<\/a><\/p>\n<p>&#8211; 0810 810 8537 de lunes a viernes, de 8 a 18<\/p>\n<p>&#8211; 263 4420136\/4427304<\/td>\n<\/tr>\n<tr style=\"height: 24px;\">\n<td style=\"width: 171px; height: 24px;\">\n<h4>Rivadavia<\/h4>\n<\/td>\n<td style=\"width: 170px; height: 24px;\">\n<ul>\n<li>Odontolog\u00eda Integral Adultos<\/li>\n<li>Odontolog\u00eda Integral Pedi\u00e1trica<\/li>\n<li>Endodoncia<\/li>\n<li>Ortodoncia<\/li>\n<li>Pr\u00f3tesis<\/li>\n<li>Periodoncia<\/li>\n<\/ul>\n<\/td>\n<td style=\"width: 125px; height: 24px;\">Lunes a viernes<\/td>\n<td style=\"width: 112px; height: 24px;\">8 a 16<\/td>\n<td style=\"width: 285px; height: 24px;\">\n<p>&#8211; App OSEP MOVIL<\/p>\n<p>&#8211; <a href=\"https:\/\/osepmendoza.com.ar\/web\/mi-osep\/\">Mi OSEP<\/a><\/p>\n<p>&#8211; 0810 810 8537 de lunes a viernes, de 8 a 18<\/p>\n<p>&#8211; 263 4444451\/4442350<\/td>\n<\/tr>\n<tr style=\"height: 24px;\">\n<td style=\"width: 171px; height: 24px;\">\n<h4>La Paz<\/h4>\n<\/td>\n<td style=\"width: 170px; height: 24px;\">\n<ul>\n<li>Odontolog\u00eda Integral Adultos<\/li>\n<li>Odontolog\u00eda Integral Pedi\u00e1trica<\/li>\n<li>Pr\u00f3tesis<\/li>\n<\/ul>\n<\/td>\n<td style=\"width: 125px; height: 24px;\">Lunes<\/td>\n<td style=\"width: 112px; height: 24px;\">8 a 18<\/td>\n<td style=\"width: 285px; height: 24px;\">\n<p>&#8211; App OSEP MOVIL<\/p>\n<p>&#8211; <a href=\"https:\/\/osepmendoza.com.ar\/web\/mi-osep\/\">Mi OSEP<\/a><\/p>\n<p>&#8211; 0810 810 8537 de lunes a viernes, de 8 a 18<\/p>\n<p>&#8211; 2626 421777<\/td>\n<\/tr>\n<tr style=\"height: 24px;\">\n<td style=\"width: 171px; height: 24px;\">\n<h4>Palmira<\/h4>\n<\/td>\n<td style=\"width: 170px; height: 24px;\">\n<ul>\n<li>Odontolog\u00eda Integral Adultos<\/li>\n<li>Odontolog\u00eda Integral Pedi\u00e1trica<\/li>\n<li>Pr\u00f3tesis<\/li>\n<li>Endodoncia<\/li>\n<li>Ortodoncia<\/li>\n<\/ul>\n<\/td>\n<td style=\"width: 125px; height: 24px;\">Lunes<\/td>\n<td style=\"width: 112px; height: 24px;\">8 a 16<\/td>\n<td style=\"width: 285px; height: 24px;\">\n<p>&#8211; App OSEP MOVIL<\/p>\n<p>&#8211; <a href=\"https:\/\/osepmendoza.com.ar\/web\/mi-osep\/\">Mi OSEP<\/a><\/p>\n<p>&#8211; 0810 810 8537 de lunes a viernes, de 8 a 18<\/p>\n<p>&#8211; 263 4463869<\/td>\n<\/tr>\n<tr style=\"height: 24px;\">\n<td style=\"width: 171px; height: 24px;\">\n<h4>Las Catitas<\/h4>\n<\/td>\n<td style=\"width: 170px; height: 24px;\">\n<ul>\n<li>Odontolog\u00eda Integral Adultos<\/li>\n<li>Odontolog\u00eda Integral Pedi\u00e1trica<\/li>\n<li>Pr\u00f3tesis<\/li>\n<\/ul>\n<\/td>\n<td style=\"width: 125px; height: 24px;\">Lunes<\/td>\n<td style=\"width: 112px; height: 24px;\">8 a 18<\/td>\n<td style=\"width: 285px; height: 24px;\">\n<p>&#8211; App OSEP MOVIL<\/p>\n<p>&#8211; <a href=\"https:\/\/osepmendoza.com.ar\/web\/mi-osep\/\">Mi OSEP<\/a><\/p>\n<p>&#8211; 0810 810 8537 de lunes a viernes, de 8 a 18.<\/p>\n<p>&#8211; 263 4495192<\/td>\n<\/tr>\n<tr style=\"height: 24px;\">\n<td style=\"width: 171px; height: 24px;\">\n<h4>Jun\u00edn<\/h4>\n<\/td>\n<td style=\"width: 170px; height: 24px;\">\n<ul>\n<li>Odontolog\u00eda Integral Adultos<\/li>\n<li>Odontolog\u00eda Integral Pedi\u00e1trica<\/li>\n<li>Pr\u00f3tesis<\/li>\n<li>Ortodoncia<\/li>\n<li>Cirug\u00eda Simple\/Compleja<\/li>\n<\/ul>\n<\/td>\n<td style=\"width: 125px; height: 24px;\">Lunes<\/td>\n<td style=\"width: 112px; height: 24px;\">8 a 16<\/td>\n<td style=\"width: 285px; height: 24px;\">\n<p>&#8211; App OSEP MOVIL<\/p>\n<p>&#8211; &#8211; <a href=\"https:\/\/osepmendoza.com.ar\/web\/mi-osep\/\">Mi OSEP<\/a><\/p>\n<p>&#8211; 0810 810 8537 de lunes a viernes, de 8 a 18<\/p>\n<p>&#8211; 263 4492232<\/td>\n<\/tr>\n<\/tbody>\n<\/table>\n<p>&nbsp;<\/p>\n<\/div>\n","protected":false},"excerpt":{"rendered":"<p>La Direcci\u00f3n de Odontolog\u00eda de la Obra Social brinda informaci\u00f3n&#8230;<\/p>\n","protected":false},"author":6,"featured_media":46284,"comment_status":"closed","ping_status":"open","sticky":false,"template":"","format":"standard","meta":{"_acf_changed":false,"inline_featured_image":false,"_exactmetrics_skip_tracking":false,"_exactmetrics_sitenote_active":false,"_exactmetrics_sitenote_note":"","_exactmetrics_sitenote_category":0,"footnotes":"","_links_to":"","_links_to_target":""},"categories":[101],"tags":[],"class_list":["post-46286","post","type-post","status-publish","format-standard","has-post-thumbnail","hentry","category-noticias"],"acf":[],"yoast_head":"<!-- This site is optimized with the Yoast SEO plugin v27.4 - https:\/\/yoast.com\/product\/yoast-seo-wordpress\/ -->\n<title>Servicios de Odontolog\u00eda en OSEP - OSEP Mendoza<\/title>\n<meta name=\"robots\" content=\"index, follow, max-snippet:-1, max-image-preview:large, max-video-preview:-1\" \/>\n<link rel=\"canonical\" href=\"https:\/\/osepmendoza.com.ar\/web\/servicios-de-odontologia-en-osep3-2\/\" \/>\n<meta property=\"og:locale\" content=\"es_ES\" \/>\n<meta property=\"og:type\" content=\"article\" \/>\n<meta property=\"og:title\" content=\"Servicios de Odontolog\u00eda en OSEP - OSEP Mendoza\" \/>\n<meta property=\"og:description\" content=\"La Direcci\u00f3n de Odontolog\u00eda de la Obra Social brinda informaci\u00f3n...\" \/>\n<meta property=\"og:url\" content=\"https:\/\/osepmendoza.com.ar\/web\/servicios-de-odontologia-en-osep3-2\/\" \/>\n<meta property=\"og:site_name\" content=\"OSEP Mendoza\" \/>\n<meta property=\"article:publisher\" content=\"https:\/\/www.facebook.com\/OSEP.MendozaArg\/\" \/>\n<meta property=\"article:published_time\" content=\"2024-02-27T18:41:32+00:00\" \/>\n<meta property=\"article:modified_time\" content=\"2025-12-15T11:45:21+00:00\" \/>\n<meta property=\"og:image\" content=\"https:\/\/osepmendoza.com.ar\/web\/wp-content\/uploads\/2022\/06\/portada_servicios_odontologia2.jpeg\" \/>\n\t<meta property=\"og:image:width\" content=\"1200\" \/>\n\t<meta property=\"og:image:height\" content=\"438\" \/>\n\t<meta property=\"og:image:type\" content=\"image\/jpeg\" \/>\n<meta name=\"author\" content=\"Emiliano Sandobal\" \/>\n<meta name=\"twitter:card\" content=\"summary_large_image\" \/>\n<meta name=\"twitter:creator\" content=\"@OsepMza\" \/>\n<meta name=\"twitter:site\" content=\"@OsepMza\" \/>\n<meta name=\"twitter:label1\" content=\"Escrito por\" \/>\n\t<meta name=\"twitter:data1\" content=\"Emiliano Sandobal\" \/>\n\t<meta name=\"twitter:label2\" content=\"Tiempo de lectura\" \/>\n\t<meta name=\"twitter:data2\" content=\"8 minutos\" \/>\n<script type=\"application\/ld+json\" class=\"yoast-schema-graph\">{\"@context\":\"https:\\\/\\\/schema.org\",\"@graph\":[{\"@type\":\"Article\",\"@id\":\"https:\\\/\\\/osepmendoza.com.ar\\\/web\\\/servicios-de-odontologia-en-osep3-2\\\/#article\",\"isPartOf\":{\"@id\":\"https:\\\/\\\/osepmendoza.com.ar\\\/web\\\/servicios-de-odontologia-en-osep3-2\\\/\"},\"author\":{\"name\":\"Emiliano Sandobal\",\"@id\":\"https:\\\/\\\/osepmendoza.com.ar\\\/web\\\/#\\\/schema\\\/person\\\/4e7a5e0118245838f9f783a763779211\"},\"headline\":\"Servicios de Odontolog\u00eda en OSEP\",\"datePublished\":\"2024-02-27T18:41:32+00:00\",\"dateModified\":\"2025-12-15T11:45:21+00:00\",\"mainEntityOfPage\":{\"@id\":\"https:\\\/\\\/osepmendoza.com.ar\\\/web\\\/servicios-de-odontologia-en-osep3-2\\\/\"},\"wordCount\":1872,\"publisher\":{\"@id\":\"https:\\\/\\\/osepmendoza.com.ar\\\/web\\\/#organization\"},\"image\":{\"@id\":\"https:\\\/\\\/osepmendoza.com.ar\\\/web\\\/servicios-de-odontologia-en-osep3-2\\\/#primaryimage\"},\"thumbnailUrl\":\"https:\\\/\\\/osepmendoza.com.ar\\\/web\\\/wp-content\\\/uploads\\\/2022\\\/06\\\/portada_servicios_odontologia2.jpeg\",\"articleSection\":[\"Noticias\"],\"inLanguage\":\"es\"},{\"@type\":\"WebPage\",\"@id\":\"https:\\\/\\\/osepmendoza.com.ar\\\/web\\\/servicios-de-odontologia-en-osep3-2\\\/\",\"url\":\"https:\\\/\\\/osepmendoza.com.ar\\\/web\\\/servicios-de-odontologia-en-osep3-2\\\/\",\"name\":\"Servicios de Odontolog\u00eda en OSEP - OSEP Mendoza\",\"isPartOf\":{\"@id\":\"https:\\\/\\\/osepmendoza.com.ar\\\/web\\\/#website\"},\"primaryImageOfPage\":{\"@id\":\"https:\\\/\\\/osepmendoza.com.ar\\\/web\\\/servicios-de-odontologia-en-osep3-2\\\/#primaryimage\"},\"image\":{\"@id\":\"https:\\\/\\\/osepmendoza.com.ar\\\/web\\\/servicios-de-odontologia-en-osep3-2\\\/#primaryimage\"},\"thumbnailUrl\":\"https:\\\/\\\/osepmendoza.com.ar\\\/web\\\/wp-content\\\/uploads\\\/2022\\\/06\\\/portada_servicios_odontologia2.jpeg\",\"datePublished\":\"2024-02-27T18:41:32+00:00\",\"dateModified\":\"2025-12-15T11:45:21+00:00\",\"breadcrumb\":{\"@id\":\"https:\\\/\\\/osepmendoza.com.ar\\\/web\\\/servicios-de-odontologia-en-osep3-2\\\/#breadcrumb\"},\"inLanguage\":\"es\",\"potentialAction\":[{\"@type\":\"ReadAction\",\"target\":[\"https:\\\/\\\/osepmendoza.com.ar\\\/web\\\/servicios-de-odontologia-en-osep3-2\\\/\"]}]},{\"@type\":\"ImageObject\",\"inLanguage\":\"es\",\"@id\":\"https:\\\/\\\/osepmendoza.com.ar\\\/web\\\/servicios-de-odontologia-en-osep3-2\\\/#primaryimage\",\"url\":\"https:\\\/\\\/osepmendoza.com.ar\\\/web\\\/wp-content\\\/uploads\\\/2022\\\/06\\\/portada_servicios_odontologia2.jpeg\",\"contentUrl\":\"https:\\\/\\\/osepmendoza.com.ar\\\/web\\\/wp-content\\\/uploads\\\/2022\\\/06\\\/portada_servicios_odontologia2.jpeg\",\"width\":1200,\"height\":438},{\"@type\":\"BreadcrumbList\",\"@id\":\"https:\\\/\\\/osepmendoza.com.ar\\\/web\\\/servicios-de-odontologia-en-osep3-2\\\/#breadcrumb\",\"itemListElement\":[{\"@type\":\"ListItem\",\"position\":1,\"name\":\"Portada\",\"item\":\"https:\\\/\\\/osepmendoza.com.ar\\\/web\\\/\"},{\"@type\":\"ListItem\",\"position\":2,\"name\":\"Servicios de Odontolog\u00eda en OSEP\"}]},{\"@type\":\"WebSite\",\"@id\":\"https:\\\/\\\/osepmendoza.com.ar\\\/web\\\/#website\",\"url\":\"https:\\\/\\\/osepmendoza.com.ar\\\/web\\\/\",\"name\":\"OSEP Mendoza\",\"description\":\"Obra Social de los Empleados P\u00fablicos de Mendoza\",\"publisher\":{\"@id\":\"https:\\\/\\\/osepmendoza.com.ar\\\/web\\\/#organization\"},\"potentialAction\":[{\"@type\":\"SearchAction\",\"target\":{\"@type\":\"EntryPoint\",\"urlTemplate\":\"https:\\\/\\\/osepmendoza.com.ar\\\/web\\\/?s={search_term_string}\"},\"query-input\":{\"@type\":\"PropertyValueSpecification\",\"valueRequired\":true,\"valueName\":\"search_term_string\"}}],\"inLanguage\":\"es\"},{\"@type\":\"Organization\",\"@id\":\"https:\\\/\\\/osepmendoza.com.ar\\\/web\\\/#organization\",\"name\":\"OSEP - Obra Social de Empleados P\u00fablicos de Mendoza\",\"url\":\"https:\\\/\\\/osepmendoza.com.ar\\\/web\\\/\",\"logo\":{\"@type\":\"ImageObject\",\"inLanguage\":\"es\",\"@id\":\"https:\\\/\\\/osepmendoza.com.ar\\\/web\\\/#\\\/schema\\\/logo\\\/image\\\/\",\"url\":\"https:\\\/\\\/osepmendoza.com.ar\\\/web\\\/wp-content\\\/uploads\\\/2020\\\/04\\\/lkTM9T9z.jpg\",\"contentUrl\":\"https:\\\/\\\/osepmendoza.com.ar\\\/web\\\/wp-content\\\/uploads\\\/2020\\\/04\\\/lkTM9T9z.jpg\",\"width\":334,\"height\":334,\"caption\":\"OSEP - Obra Social de Empleados P\u00fablicos de Mendoza\"},\"image\":{\"@id\":\"https:\\\/\\\/osepmendoza.com.ar\\\/web\\\/#\\\/schema\\\/logo\\\/image\\\/\"},\"sameAs\":[\"https:\\\/\\\/www.facebook.com\\\/OSEP.MendozaArg\\\/\",\"https:\\\/\\\/x.com\\\/OsepMza\",\"https:\\\/\\\/www.instagram.com\\\/osep.mendoza\\\/\",\"https:\\\/\\\/www.youtube.com\\\/user\\\/osepvideos\"]},{\"@type\":\"Person\",\"@id\":\"https:\\\/\\\/osepmendoza.com.ar\\\/web\\\/#\\\/schema\\\/person\\\/4e7a5e0118245838f9f783a763779211\",\"name\":\"Emiliano Sandobal\",\"image\":{\"@type\":\"ImageObject\",\"inLanguage\":\"es\",\"@id\":\"https:\\\/\\\/secure.gravatar.com\\\/avatar\\\/d3b22a03e2853d7165313b51b54fbd33fb530becf0ffe6a70f96b195ca724512?s=96&d=mm&r=g\",\"url\":\"https:\\\/\\\/secure.gravatar.com\\\/avatar\\\/d3b22a03e2853d7165313b51b54fbd33fb530becf0ffe6a70f96b195ca724512?s=96&d=mm&r=g\",\"contentUrl\":\"https:\\\/\\\/secure.gravatar.com\\\/avatar\\\/d3b22a03e2853d7165313b51b54fbd33fb530becf0ffe6a70f96b195ca724512?s=96&d=mm&r=g\",\"caption\":\"Emiliano Sandobal\"},\"sameAs\":[\"http:\\\/\\\/osepmendoza.com.ar\\\/web\"]}]}<\/script>\n<!-- \/ Yoast SEO plugin. -->","yoast_head_json":{"title":"Servicios de Odontolog\u00eda en OSEP - OSEP Mendoza","robots":{"index":"index","follow":"follow","max-snippet":"max-snippet:-1","max-image-preview":"max-image-preview:large","max-video-preview":"max-video-preview:-1"},"canonical":"https:\/\/osepmendoza.com.ar\/web\/servicios-de-odontologia-en-osep3-2\/","og_locale":"es_ES","og_type":"article","og_title":"Servicios de Odontolog\u00eda en OSEP - OSEP Mendoza","og_description":"La Direcci\u00f3n de Odontolog\u00eda de la Obra Social brinda informaci\u00f3n...","og_url":"https:\/\/osepmendoza.com.ar\/web\/servicios-de-odontologia-en-osep3-2\/","og_site_name":"OSEP Mendoza","article_publisher":"https:\/\/www.facebook.com\/OSEP.MendozaArg\/","article_published_time":"2024-02-27T18:41:32+00:00","article_modified_time":"2025-12-15T11:45:21+00:00","og_image":[{"width":1200,"height":438,"url":"https:\/\/osepmendoza.com.ar\/web\/wp-content\/uploads\/2022\/06\/portada_servicios_odontologia2.jpeg","type":"image\/jpeg"}],"author":"Emiliano Sandobal","twitter_card":"summary_large_image","twitter_creator":"@OsepMza","twitter_site":"@OsepMza","twitter_misc":{"Escrito por":"Emiliano Sandobal","Tiempo de lectura":"8 minutos"},"schema":{"@context":"https:\/\/schema.org","@graph":[{"@type":"Article","@id":"https:\/\/osepmendoza.com.ar\/web\/servicios-de-odontologia-en-osep3-2\/#article","isPartOf":{"@id":"https:\/\/osepmendoza.com.ar\/web\/servicios-de-odontologia-en-osep3-2\/"},"author":{"name":"Emiliano Sandobal","@id":"https:\/\/osepmendoza.com.ar\/web\/#\/schema\/person\/4e7a5e0118245838f9f783a763779211"},"headline":"Servicios de Odontolog\u00eda en OSEP","datePublished":"2024-02-27T18:41:32+00:00","dateModified":"2025-12-15T11:45:21+00:00","mainEntityOfPage":{"@id":"https:\/\/osepmendoza.com.ar\/web\/servicios-de-odontologia-en-osep3-2\/"},"wordCount":1872,"publisher":{"@id":"https:\/\/osepmendoza.com.ar\/web\/#organization"},"image":{"@id":"https:\/\/osepmendoza.com.ar\/web\/servicios-de-odontologia-en-osep3-2\/#primaryimage"},"thumbnailUrl":"https:\/\/osepmendoza.com.ar\/web\/wp-content\/uploads\/2022\/06\/portada_servicios_odontologia2.jpeg","articleSection":["Noticias"],"inLanguage":"es"},{"@type":"WebPage","@id":"https:\/\/osepmendoza.com.ar\/web\/servicios-de-odontologia-en-osep3-2\/","url":"https:\/\/osepmendoza.com.ar\/web\/servicios-de-odontologia-en-osep3-2\/","name":"Servicios de Odontolog\u00eda en OSEP - OSEP Mendoza","isPartOf":{"@id":"https:\/\/osepmendoza.com.ar\/web\/#website"},"primaryImageOfPage":{"@id":"https:\/\/osepmendoza.com.ar\/web\/servicios-de-odontologia-en-osep3-2\/#primaryimage"},"image":{"@id":"https:\/\/osepmendoza.com.ar\/web\/servicios-de-odontologia-en-osep3-2\/#primaryimage"},"thumbnailUrl":"https:\/\/osepmendoza.com.ar\/web\/wp-content\/uploads\/2022\/06\/portada_servicios_odontologia2.jpeg","datePublished":"2024-02-27T18:41:32+00:00","dateModified":"2025-12-15T11:45:21+00:00","breadcrumb":{"@id":"https:\/\/osepmendoza.com.ar\/web\/servicios-de-odontologia-en-osep3-2\/#breadcrumb"},"inLanguage":"es","potentialAction":[{"@type":"ReadAction","target":["https:\/\/osepmendoza.com.ar\/web\/servicios-de-odontologia-en-osep3-2\/"]}]},{"@type":"ImageObject","inLanguage":"es","@id":"https:\/\/osepmendoza.com.ar\/web\/servicios-de-odontologia-en-osep3-2\/#primaryimage","url":"https:\/\/osepmendoza.com.ar\/web\/wp-content\/uploads\/2022\/06\/portada_servicios_odontologia2.jpeg","contentUrl":"https:\/\/osepmendoza.com.ar\/web\/wp-content\/uploads\/2022\/06\/portada_servicios_odontologia2.jpeg","width":1200,"height":438},{"@type":"BreadcrumbList","@id":"https:\/\/osepmendoza.com.ar\/web\/servicios-de-odontologia-en-osep3-2\/#breadcrumb","itemListElement":[{"@type":"ListItem","position":1,"name":"Portada","item":"https:\/\/osepmendoza.com.ar\/web\/"},{"@type":"ListItem","position":2,"name":"Servicios de Odontolog\u00eda en OSEP"}]},{"@type":"WebSite","@id":"https:\/\/osepmendoza.com.ar\/web\/#website","url":"https:\/\/osepmendoza.com.ar\/web\/","name":"OSEP Mendoza","description":"Obra Social de los Empleados P\u00fablicos de Mendoza","publisher":{"@id":"https:\/\/osepmendoza.com.ar\/web\/#organization"},"potentialAction":[{"@type":"SearchAction","target":{"@type":"EntryPoint","urlTemplate":"https:\/\/osepmendoza.com.ar\/web\/?s={search_term_string}"},"query-input":{"@type":"PropertyValueSpecification","valueRequired":true,"valueName":"search_term_string"}}],"inLanguage":"es"},{"@type":"Organization","@id":"https:\/\/osepmendoza.com.ar\/web\/#organization","name":"OSEP - Obra Social de Empleados P\u00fablicos de Mendoza","url":"https:\/\/osepmendoza.com.ar\/web\/","logo":{"@type":"ImageObject","inLanguage":"es","@id":"https:\/\/osepmendoza.com.ar\/web\/#\/schema\/logo\/image\/","url":"https:\/\/osepmendoza.com.ar\/web\/wp-content\/uploads\/2020\/04\/lkTM9T9z.jpg","contentUrl":"https:\/\/osepmendoza.com.ar\/web\/wp-content\/uploads\/2020\/04\/lkTM9T9z.jpg","width":334,"height":334,"caption":"OSEP - Obra Social de Empleados P\u00fablicos de Mendoza"},"image":{"@id":"https:\/\/osepmendoza.com.ar\/web\/#\/schema\/logo\/image\/"},"sameAs":["https:\/\/www.facebook.com\/OSEP.MendozaArg\/","https:\/\/x.com\/OsepMza","https:\/\/www.instagram.com\/osep.mendoza\/","https:\/\/www.youtube.com\/user\/osepvideos"]},{"@type":"Person","@id":"https:\/\/osepmendoza.com.ar\/web\/#\/schema\/person\/4e7a5e0118245838f9f783a763779211","name":"Emiliano Sandobal","image":{"@type":"ImageObject","inLanguage":"es","@id":"https:\/\/secure.gravatar.com\/avatar\/d3b22a03e2853d7165313b51b54fbd33fb530becf0ffe6a70f96b195ca724512?s=96&d=mm&r=g","url":"https:\/\/secure.gravatar.com\/avatar\/d3b22a03e2853d7165313b51b54fbd33fb530becf0ffe6a70f96b195ca724512?s=96&d=mm&r=g","contentUrl":"https:\/\/secure.gravatar.com\/avatar\/d3b22a03e2853d7165313b51b54fbd33fb530becf0ffe6a70f96b195ca724512?s=96&d=mm&r=g","caption":"Emiliano Sandobal"},"sameAs":["http:\/\/osepmendoza.com.ar\/web"]}]}},"amp_enabled":true,"_links":{"self":[{"href":"https:\/\/osepmendoza.com.ar\/web\/wp-json\/wp\/v2\/posts\/46286","targetHints":{"allow":["GET"]}}],"collection":[{"href":"https:\/\/osepmendoza.com.ar\/web\/wp-json\/wp\/v2\/posts"}],"about":[{"href":"https:\/\/osepmendoza.com.ar\/web\/wp-json\/wp\/v2\/types\/post"}],"author":[{"embeddable":true,"href":"https:\/\/osepmendoza.com.ar\/web\/wp-json\/wp\/v2\/users\/6"}],"replies":[{"embeddable":true,"href":"https:\/\/osepmendoza.com.ar\/web\/wp-json\/wp\/v2\/comments?post=46286"}],"version-history":[{"count":19,"href":"https:\/\/osepmendoza.com.ar\/web\/wp-json\/wp\/v2\/posts\/46286\/revisions"}],"predecessor-version":[{"id":59684,"href":"https:\/\/osepmendoza.com.ar\/web\/wp-json\/wp\/v2\/posts\/46286\/revisions\/59684"}],"wp:featuredmedia":[{"embeddable":true,"href":"https:\/\/osepmendoza.com.ar\/web\/wp-json\/wp\/v2\/media\/46284"}],"wp:attachment":[{"href":"https:\/\/osepmendoza.com.ar\/web\/wp-json\/wp\/v2\/media?parent=46286"}],"wp:term":[{"taxonomy":"category","embeddable":true,"href":"https:\/\/osepmendoza.com.ar\/web\/wp-json\/wp\/v2\/categories?post=46286"},{"taxonomy":"post_tag","embeddable":true,"href":"https:\/\/osepmendoza.com.ar\/web\/wp-json\/wp\/v2\/tags?post=46286"}],"curies":[{"name":"wp","href":"https:\/\/api.w.org\/{rel}","templated":true}]}}