{"id":46243,"date":"2022-06-06T15:38:31","date_gmt":"2022-06-06T18:38:31","guid":{"rendered":"https:\/\/osepmendoza.com.ar\/web\/?p=46243"},"modified":"2023-07-03T08:41:23","modified_gmt":"2023-07-03T11:41:23","slug":"la-paz-saludable","status":"publish","type":"post","link":"https:\/\/osepmendoza.com.ar\/web\/la-paz-saludable\/","title":{"rendered":"La Paz saludable"},"content":{"rendered":"<p><strong>Ni\u00f1os y ni\u00f1as de la escuela Ferrocarriles Argentinos visitaron la sede de OSEP La Paz, donde recibieron atenci\u00f3n y charlas a cargo de un equipo interdisciplinario de profesionales.<\/strong><\/p>\n<p>OSEP culmin\u00f3 una serie de actividades que desarroll\u00f3 junto a la Escuela N\u00ba 1-526 Ferrocarriles Argentinos de La Paz. En ese marco, los alumnos de segundo grado visitaron la sede ubicada en Galigniana y Buenos Aires, donde recibieron una charla informativa por parte de los profesionales de la Obra Social.<\/p>\n<p>De esta manera, los ni\u00f1os fueron recibidos por especialistas en Nutrici\u00f3n, Odontolog\u00eda, Psicolog\u00eda y Pediatr\u00eda quienes, adem\u00e1s de brindarles una charla sobre h\u00e1bitos saludables, les entregaron folletos y un kit con un cepillo y pasta dental.<\/p>\n<p>As\u00ed, Silvana Ponce, referente territorial de OSEP, destac\u00f3 que para la escuela esta actividad fue muy \u00fatil ya que se realiz\u00f3 en el marco del ABP (Aprendizaje Basado en Problemas) <em>Mi cuerpo, mi hogar<\/em> y \u201cjunto a los directivos del establecimiento educativo, hemos decidido trabajar en un marco de colaboraci\u00f3n mutua\u201d, cerr\u00f3.<\/p>\n<div id='gallery-1' class='gallery galleryid-46243 gallery-columns-2 gallery-size-full'><figure class='gallery-item'>\n\t\t\t<div class='gallery-icon portrait'>\n\t\t\t\t<a href='https:\/\/osepmendoza.com.ar\/web\/la-paz-saludable\/foto1-179\/'><img loading=\"lazy\" decoding=\"async\" width=\"780\" height=\"1040\" src=\"https:\/\/osepmendoza.com.ar\/web\/wp-content\/uploads\/2022\/06\/foto1-1.jpg\" class=\"attachment-full size-full\" alt=\"\" srcset=\"https:\/\/osepmendoza.com.ar\/web\/wp-content\/uploads\/2022\/06\/foto1-1.jpg 780w, https:\/\/osepmendoza.com.ar\/web\/wp-content\/uploads\/2022\/06\/foto1-1-225x300.jpg 225w, https:\/\/osepmendoza.com.ar\/web\/wp-content\/uploads\/2022\/06\/foto1-1-768x1024.jpg 768w\" sizes=\"auto, (max-width: 780px) 100vw, 780px\" \/><\/a>\n\t\t\t<\/div><\/figure><figure class='gallery-item'>\n\t\t\t<div class='gallery-icon portrait'>\n\t\t\t\t<a href='https:\/\/osepmendoza.com.ar\/web\/la-paz-saludable\/foto2-144\/'><img loading=\"lazy\" decoding=\"async\" width=\"780\" height=\"1040\" src=\"https:\/\/osepmendoza.com.ar\/web\/wp-content\/uploads\/2022\/06\/foto2-1.jpg\" class=\"attachment-full size-full\" alt=\"\" srcset=\"https:\/\/osepmendoza.com.ar\/web\/wp-content\/uploads\/2022\/06\/foto2-1.jpg 780w, https:\/\/osepmendoza.com.ar\/web\/wp-content\/uploads\/2022\/06\/foto2-1-225x300.jpg 225w, https:\/\/osepmendoza.com.ar\/web\/wp-content\/uploads\/2022\/06\/foto2-1-768x1024.jpg 768w\" sizes=\"auto, (max-width: 780px) 100vw, 780px\" \/><\/a>\n\t\t\t<\/div><\/figure><figure class='gallery-item'>\n\t\t\t<div class='gallery-icon portrait'>\n\t\t\t\t<a href='https:\/\/osepmendoza.com.ar\/web\/la-paz-saludable\/foto4-124\/'><img loading=\"lazy\" decoding=\"async\" width=\"780\" height=\"1040\" src=\"https:\/\/osepmendoza.com.ar\/web\/wp-content\/uploads\/2022\/06\/foto4.jpg\" class=\"attachment-full size-full\" alt=\"\" srcset=\"https:\/\/osepmendoza.com.ar\/web\/wp-content\/uploads\/2022\/06\/foto4.jpg 780w, https:\/\/osepmendoza.com.ar\/web\/wp-content\/uploads\/2022\/06\/foto4-225x300.jpg 225w, https:\/\/osepmendoza.com.ar\/web\/wp-content\/uploads\/2022\/06\/foto4-768x1024.jpg 768w\" sizes=\"auto, (max-width: 780px) 100vw, 780px\" \/><\/a>\n\t\t\t<\/div><\/figure><figure class='gallery-item'>\n\t\t\t<div class='gallery-icon portrait'>\n\t\t\t\t<a href='https:\/\/osepmendoza.com.ar\/web\/la-paz-saludable\/foto5-99\/'><img loading=\"lazy\" decoding=\"async\" width=\"780\" height=\"1040\" src=\"https:\/\/osepmendoza.com.ar\/web\/wp-content\/uploads\/2022\/06\/foto5.jpg\" class=\"attachment-full size-full\" alt=\"\" srcset=\"https:\/\/osepmendoza.com.ar\/web\/wp-content\/uploads\/2022\/06\/foto5.jpg 780w, https:\/\/osepmendoza.com.ar\/web\/wp-content\/uploads\/2022\/06\/foto5-225x300.jpg 225w, https:\/\/osepmendoza.com.ar\/web\/wp-content\/uploads\/2022\/06\/foto5-768x1024.jpg 768w\" sizes=\"auto, (max-width: 780px) 100vw, 780px\" \/><\/a>\n\t\t\t<\/div><\/figure><figure class='gallery-item'>\n\t\t\t<div class='gallery-icon landscape'>\n\t\t\t\t<a href='https:\/\/osepmendoza.com.ar\/web\/la-paz-saludable\/foto6-69\/'><img loading=\"lazy\" decoding=\"async\" width=\"1040\" height=\"780\" src=\"https:\/\/osepmendoza.com.ar\/web\/wp-content\/uploads\/2022\/06\/foto6.jpg\" class=\"attachment-full size-full\" alt=\"\" srcset=\"https:\/\/osepmendoza.com.ar\/web\/wp-content\/uploads\/2022\/06\/foto6.jpg 1040w, https:\/\/osepmendoza.com.ar\/web\/wp-content\/uploads\/2022\/06\/foto6-300x225.jpg 300w, https:\/\/osepmendoza.com.ar\/web\/wp-content\/uploads\/2022\/06\/foto6-1024x768.jpg 1024w, https:\/\/osepmendoza.com.ar\/web\/wp-content\/uploads\/2022\/06\/foto6-768x576.jpg 768w\" sizes=\"auto, (max-width: 1040px) 100vw, 1040px\" \/><\/a>\n\t\t\t<\/div><\/figure><figure class='gallery-item'>\n\t\t\t<div class='gallery-icon portrait'>\n\t\t\t\t<a href='https:\/\/osepmendoza.com.ar\/web\/la-paz-saludable\/foto7-67\/'><img loading=\"lazy\" decoding=\"async\" width=\"780\" height=\"1040\" src=\"https:\/\/osepmendoza.com.ar\/web\/wp-content\/uploads\/2022\/06\/foto7.jpg\" class=\"attachment-full size-full\" alt=\"\" srcset=\"https:\/\/osepmendoza.com.ar\/web\/wp-content\/uploads\/2022\/06\/foto7.jpg 780w, https:\/\/osepmendoza.com.ar\/web\/wp-content\/uploads\/2022\/06\/foto7-225x300.jpg 225w, https:\/\/osepmendoza.com.ar\/web\/wp-content\/uploads\/2022\/06\/foto7-768x1024.jpg 768w\" sizes=\"auto, (max-width: 780px) 100vw, 780px\" \/><\/a>\n\t\t\t<\/div><\/figure>\n\t\t<\/div>\n\n","protected":false},"excerpt":{"rendered":"<p>Ni\u00f1os y ni\u00f1as de la escuela Ferrocarriles Argentinos visitaron la&#8230;<\/p>\n","protected":false},"author":12,"featured_media":46244,"comment_status":"closed","ping_status":"open","sticky":false,"template":"","format":"standard","meta":{"_acf_changed":false,"inline_featured_image":false,"_exactmetrics_skip_tracking":false,"_exactmetrics_sitenote_active":false,"_exactmetrics_sitenote_note":"","_exactmetrics_sitenote_category":0,"footnotes":"","_links_to":"","_links_to_target":""},"categories":[101],"tags":[223,136,1796,252],"class_list":["post-46243","post","type-post","status-publish","format-standard","has-post-thumbnail","hentry","category-noticias","tag-charla","tag-escuela","tag-ferrocarriles","tag-la-paz"],"acf":[],"yoast_head":"<!-- This site is optimized with the Yoast SEO plugin v27.4 - https:\/\/yoast.com\/product\/yoast-seo-wordpress\/ -->\n<title>La Paz saludable - OSEP Mendoza<\/title>\n<meta name=\"robots\" content=\"index, follow, max-snippet:-1, max-image-preview:large, max-video-preview:-1\" \/>\n<link rel=\"canonical\" href=\"https:\/\/osepmendoza.com.ar\/web\/la-paz-saludable\/\" \/>\n<meta property=\"og:locale\" content=\"es_ES\" \/>\n<meta property=\"og:type\" content=\"article\" \/>\n<meta property=\"og:title\" content=\"La Paz saludable - OSEP Mendoza\" \/>\n<meta property=\"og:description\" content=\"Ni\u00f1os y ni\u00f1as de la escuela Ferrocarriles Argentinos visitaron la...\" \/>\n<meta property=\"og:url\" content=\"https:\/\/osepmendoza.com.ar\/web\/la-paz-saludable\/\" \/>\n<meta property=\"og:site_name\" content=\"OSEP Mendoza\" \/>\n<meta property=\"article:publisher\" content=\"https:\/\/www.facebook.com\/OSEP.MendozaArg\/\" \/>\n<meta property=\"article:published_time\" content=\"2022-06-06T18:38:31+00:00\" \/>\n<meta property=\"article:modified_time\" content=\"2023-07-03T11:41:23+00:00\" \/>\n<meta property=\"og:image\" content=\"https:\/\/osepmendoza.com.ar\/web\/wp-content\/uploads\/2022\/06\/foto-1.jpg\" \/>\n\t<meta property=\"og:image:width\" content=\"1201\" \/>\n\t<meta property=\"og:image:height\" content=\"439\" \/>\n\t<meta property=\"og:image:type\" content=\"image\/jpeg\" \/>\n<meta name=\"author\" content=\"Sebastian Fernandez\" \/>\n<meta name=\"twitter:card\" content=\"summary_large_image\" \/>\n<meta name=\"twitter:creator\" content=\"@OsepMza\" \/>\n<meta name=\"twitter:site\" content=\"@OsepMza\" \/>\n<meta name=\"twitter:label1\" content=\"Escrito por\" \/>\n\t<meta name=\"twitter:data1\" content=\"Sebastian Fernandez\" \/>\n\t<meta name=\"twitter:label2\" content=\"Tiempo de lectura\" \/>\n\t<meta name=\"twitter:data2\" content=\"1 minuto\" \/>\n<script type=\"application\/ld+json\" class=\"yoast-schema-graph\">{\"@context\":\"https:\\\/\\\/schema.org\",\"@graph\":[{\"@type\":\"Article\",\"@id\":\"https:\\\/\\\/osepmendoza.com.ar\\\/web\\\/la-paz-saludable\\\/#article\",\"isPartOf\":{\"@id\":\"https:\\\/\\\/osepmendoza.com.ar\\\/web\\\/la-paz-saludable\\\/\"},\"author\":{\"name\":\"Sebastian Fernandez\",\"@id\":\"https:\\\/\\\/osepmendoza.com.ar\\\/web\\\/#\\\/schema\\\/person\\\/90986df7128a51e32bb66102fc247eb2\"},\"headline\":\"La Paz saludable\",\"datePublished\":\"2022-06-06T18:38:31+00:00\",\"dateModified\":\"2023-07-03T11:41:23+00:00\",\"mainEntityOfPage\":{\"@id\":\"https:\\\/\\\/osepmendoza.com.ar\\\/web\\\/la-paz-saludable\\\/\"},\"wordCount\":185,\"publisher\":{\"@id\":\"https:\\\/\\\/osepmendoza.com.ar\\\/web\\\/#organization\"},\"image\":{\"@id\":\"https:\\\/\\\/osepmendoza.com.ar\\\/web\\\/la-paz-saludable\\\/#primaryimage\"},\"thumbnailUrl\":\"https:\\\/\\\/osepmendoza.com.ar\\\/web\\\/wp-content\\\/uploads\\\/2022\\\/06\\\/foto-1.jpg\",\"keywords\":[\"charla\",\"escuela\",\"ferrocarriles\",\"la paz\"],\"articleSection\":[\"Noticias\"],\"inLanguage\":\"es\"},{\"@type\":\"WebPage\",\"@id\":\"https:\\\/\\\/osepmendoza.com.ar\\\/web\\\/la-paz-saludable\\\/\",\"url\":\"https:\\\/\\\/osepmendoza.com.ar\\\/web\\\/la-paz-saludable\\\/\",\"name\":\"La Paz saludable - OSEP Mendoza\",\"isPartOf\":{\"@id\":\"https:\\\/\\\/osepmendoza.com.ar\\\/web\\\/#website\"},\"primaryImageOfPage\":{\"@id\":\"https:\\\/\\\/osepmendoza.com.ar\\\/web\\\/la-paz-saludable\\\/#primaryimage\"},\"image\":{\"@id\":\"https:\\\/\\\/osepmendoza.com.ar\\\/web\\\/la-paz-saludable\\\/#primaryimage\"},\"thumbnailUrl\":\"https:\\\/\\\/osepmendoza.com.ar\\\/web\\\/wp-content\\\/uploads\\\/2022\\\/06\\\/foto-1.jpg\",\"datePublished\":\"2022-06-06T18:38:31+00:00\",\"dateModified\":\"2023-07-03T11:41:23+00:00\",\"breadcrumb\":{\"@id\":\"https:\\\/\\\/osepmendoza.com.ar\\\/web\\\/la-paz-saludable\\\/#breadcrumb\"},\"inLanguage\":\"es\",\"potentialAction\":[{\"@type\":\"ReadAction\",\"target\":[\"https:\\\/\\\/osepmendoza.com.ar\\\/web\\\/la-paz-saludable\\\/\"]}]},{\"@type\":\"ImageObject\",\"inLanguage\":\"es\",\"@id\":\"https:\\\/\\\/osepmendoza.com.ar\\\/web\\\/la-paz-saludable\\\/#primaryimage\",\"url\":\"https:\\\/\\\/osepmendoza.com.ar\\\/web\\\/wp-content\\\/uploads\\\/2022\\\/06\\\/foto-1.jpg\",\"contentUrl\":\"https:\\\/\\\/osepmendoza.com.ar\\\/web\\\/wp-content\\\/uploads\\\/2022\\\/06\\\/foto-1.jpg\",\"width\":1201,\"height\":439},{\"@type\":\"BreadcrumbList\",\"@id\":\"https:\\\/\\\/osepmendoza.com.ar\\\/web\\\/la-paz-saludable\\\/#breadcrumb\",\"itemListElement\":[{\"@type\":\"ListItem\",\"position\":1,\"name\":\"Portada\",\"item\":\"https:\\\/\\\/osepmendoza.com.ar\\\/web\\\/\"},{\"@type\":\"ListItem\",\"position\":2,\"name\":\"La Paz saludable\"}]},{\"@type\":\"WebSite\",\"@id\":\"https:\\\/\\\/osepmendoza.com.ar\\\/web\\\/#website\",\"url\":\"https:\\\/\\\/osepmendoza.com.ar\\\/web\\\/\",\"name\":\"OSEP Mendoza\",\"description\":\"Obra Social de los Empleados P\u00fablicos de Mendoza\",\"publisher\":{\"@id\":\"https:\\\/\\\/osepmendoza.com.ar\\\/web\\\/#organization\"},\"potentialAction\":[{\"@type\":\"SearchAction\",\"target\":{\"@type\":\"EntryPoint\",\"urlTemplate\":\"https:\\\/\\\/osepmendoza.com.ar\\\/web\\\/?s={search_term_string}\"},\"query-input\":{\"@type\":\"PropertyValueSpecification\",\"valueRequired\":true,\"valueName\":\"search_term_string\"}}],\"inLanguage\":\"es\"},{\"@type\":\"Organization\",\"@id\":\"https:\\\/\\\/osepmendoza.com.ar\\\/web\\\/#organization\",\"name\":\"OSEP - Obra Social de Empleados P\u00fablicos de Mendoza\",\"url\":\"https:\\\/\\\/osepmendoza.com.ar\\\/web\\\/\",\"logo\":{\"@type\":\"ImageObject\",\"inLanguage\":\"es\",\"@id\":\"https:\\\/\\\/osepmendoza.com.ar\\\/web\\\/#\\\/schema\\\/logo\\\/image\\\/\",\"url\":\"https:\\\/\\\/osepmendoza.com.ar\\\/web\\\/wp-content\\\/uploads\\\/2020\\\/04\\\/lkTM9T9z.jpg\",\"contentUrl\":\"https:\\\/\\\/osepmendoza.com.ar\\\/web\\\/wp-content\\\/uploads\\\/2020\\\/04\\\/lkTM9T9z.jpg\",\"width\":334,\"height\":334,\"caption\":\"OSEP - Obra Social de Empleados P\u00fablicos de Mendoza\"},\"image\":{\"@id\":\"https:\\\/\\\/osepmendoza.com.ar\\\/web\\\/#\\\/schema\\\/logo\\\/image\\\/\"},\"sameAs\":[\"https:\\\/\\\/www.facebook.com\\\/OSEP.MendozaArg\\\/\",\"https:\\\/\\\/x.com\\\/OsepMza\",\"https:\\\/\\\/www.instagram.com\\\/osep.mendoza\\\/\",\"https:\\\/\\\/www.youtube.com\\\/user\\\/osepvideos\"]},{\"@type\":\"Person\",\"@id\":\"https:\\\/\\\/osepmendoza.com.ar\\\/web\\\/#\\\/schema\\\/person\\\/90986df7128a51e32bb66102fc247eb2\",\"name\":\"Sebastian Fernandez\",\"image\":{\"@type\":\"ImageObject\",\"inLanguage\":\"es\",\"@id\":\"https:\\\/\\\/secure.gravatar.com\\\/avatar\\\/cc42d53caabe846896e06ed8955a60e82b2b829babcb731f86f26c42378bcfec?s=96&d=mm&r=g\",\"url\":\"https:\\\/\\\/secure.gravatar.com\\\/avatar\\\/cc42d53caabe846896e06ed8955a60e82b2b829babcb731f86f26c42378bcfec?s=96&d=mm&r=g\",\"contentUrl\":\"https:\\\/\\\/secure.gravatar.com\\\/avatar\\\/cc42d53caabe846896e06ed8955a60e82b2b829babcb731f86f26c42378bcfec?s=96&d=mm&r=g\",\"caption\":\"Sebastian Fernandez\"},\"sameAs\":[\"http:\\\/\\\/osepmendoza.com.ar\\\/web\"]}]}<\/script>\n<!-- \/ Yoast SEO plugin. -->","yoast_head_json":{"title":"La Paz saludable - OSEP Mendoza","robots":{"index":"index","follow":"follow","max-snippet":"max-snippet:-1","max-image-preview":"max-image-preview:large","max-video-preview":"max-video-preview:-1"},"canonical":"https:\/\/osepmendoza.com.ar\/web\/la-paz-saludable\/","og_locale":"es_ES","og_type":"article","og_title":"La Paz saludable - OSEP Mendoza","og_description":"Ni\u00f1os y ni\u00f1as de la escuela Ferrocarriles Argentinos visitaron la...","og_url":"https:\/\/osepmendoza.com.ar\/web\/la-paz-saludable\/","og_site_name":"OSEP Mendoza","article_publisher":"https:\/\/www.facebook.com\/OSEP.MendozaArg\/","article_published_time":"2022-06-06T18:38:31+00:00","article_modified_time":"2023-07-03T11:41:23+00:00","og_image":[{"width":1201,"height":439,"url":"https:\/\/osepmendoza.com.ar\/web\/wp-content\/uploads\/2022\/06\/foto-1.jpg","type":"image\/jpeg"}],"author":"Sebastian Fernandez","twitter_card":"summary_large_image","twitter_creator":"@OsepMza","twitter_site":"@OsepMza","twitter_misc":{"Escrito por":"Sebastian Fernandez","Tiempo de lectura":"1 minuto"},"schema":{"@context":"https:\/\/schema.org","@graph":[{"@type":"Article","@id":"https:\/\/osepmendoza.com.ar\/web\/la-paz-saludable\/#article","isPartOf":{"@id":"https:\/\/osepmendoza.com.ar\/web\/la-paz-saludable\/"},"author":{"name":"Sebastian Fernandez","@id":"https:\/\/osepmendoza.com.ar\/web\/#\/schema\/person\/90986df7128a51e32bb66102fc247eb2"},"headline":"La Paz saludable","datePublished":"2022-06-06T18:38:31+00:00","dateModified":"2023-07-03T11:41:23+00:00","mainEntityOfPage":{"@id":"https:\/\/osepmendoza.com.ar\/web\/la-paz-saludable\/"},"wordCount":185,"publisher":{"@id":"https:\/\/osepmendoza.com.ar\/web\/#organization"},"image":{"@id":"https:\/\/osepmendoza.com.ar\/web\/la-paz-saludable\/#primaryimage"},"thumbnailUrl":"https:\/\/osepmendoza.com.ar\/web\/wp-content\/uploads\/2022\/06\/foto-1.jpg","keywords":["charla","escuela","ferrocarriles","la paz"],"articleSection":["Noticias"],"inLanguage":"es"},{"@type":"WebPage","@id":"https:\/\/osepmendoza.com.ar\/web\/la-paz-saludable\/","url":"https:\/\/osepmendoza.com.ar\/web\/la-paz-saludable\/","name":"La Paz saludable - OSEP Mendoza","isPartOf":{"@id":"https:\/\/osepmendoza.com.ar\/web\/#website"},"primaryImageOfPage":{"@id":"https:\/\/osepmendoza.com.ar\/web\/la-paz-saludable\/#primaryimage"},"image":{"@id":"https:\/\/osepmendoza.com.ar\/web\/la-paz-saludable\/#primaryimage"},"thumbnailUrl":"https:\/\/osepmendoza.com.ar\/web\/wp-content\/uploads\/2022\/06\/foto-1.jpg","datePublished":"2022-06-06T18:38:31+00:00","dateModified":"2023-07-03T11:41:23+00:00","breadcrumb":{"@id":"https:\/\/osepmendoza.com.ar\/web\/la-paz-saludable\/#breadcrumb"},"inLanguage":"es","potentialAction":[{"@type":"ReadAction","target":["https:\/\/osepmendoza.com.ar\/web\/la-paz-saludable\/"]}]},{"@type":"ImageObject","inLanguage":"es","@id":"https:\/\/osepmendoza.com.ar\/web\/la-paz-saludable\/#primaryimage","url":"https:\/\/osepmendoza.com.ar\/web\/wp-content\/uploads\/2022\/06\/foto-1.jpg","contentUrl":"https:\/\/osepmendoza.com.ar\/web\/wp-content\/uploads\/2022\/06\/foto-1.jpg","width":1201,"height":439},{"@type":"BreadcrumbList","@id":"https:\/\/osepmendoza.com.ar\/web\/la-paz-saludable\/#breadcrumb","itemListElement":[{"@type":"ListItem","position":1,"name":"Portada","item":"https:\/\/osepmendoza.com.ar\/web\/"},{"@type":"ListItem","position":2,"name":"La Paz saludable"}]},{"@type":"WebSite","@id":"https:\/\/osepmendoza.com.ar\/web\/#website","url":"https:\/\/osepmendoza.com.ar\/web\/","name":"OSEP Mendoza","description":"Obra Social de los Empleados P\u00fablicos de Mendoza","publisher":{"@id":"https:\/\/osepmendoza.com.ar\/web\/#organization"},"potentialAction":[{"@type":"SearchAction","target":{"@type":"EntryPoint","urlTemplate":"https:\/\/osepmendoza.com.ar\/web\/?s={search_term_string}"},"query-input":{"@type":"PropertyValueSpecification","valueRequired":true,"valueName":"search_term_string"}}],"inLanguage":"es"},{"@type":"Organization","@id":"https:\/\/osepmendoza.com.ar\/web\/#organization","name":"OSEP - Obra Social de Empleados P\u00fablicos de Mendoza","url":"https:\/\/osepmendoza.com.ar\/web\/","logo":{"@type":"ImageObject","inLanguage":"es","@id":"https:\/\/osepmendoza.com.ar\/web\/#\/schema\/logo\/image\/","url":"https:\/\/osepmendoza.com.ar\/web\/wp-content\/uploads\/2020\/04\/lkTM9T9z.jpg","contentUrl":"https:\/\/osepmendoza.com.ar\/web\/wp-content\/uploads\/2020\/04\/lkTM9T9z.jpg","width":334,"height":334,"caption":"OSEP - Obra Social de Empleados P\u00fablicos de Mendoza"},"image":{"@id":"https:\/\/osepmendoza.com.ar\/web\/#\/schema\/logo\/image\/"},"sameAs":["https:\/\/www.facebook.com\/OSEP.MendozaArg\/","https:\/\/x.com\/OsepMza","https:\/\/www.instagram.com\/osep.mendoza\/","https:\/\/www.youtube.com\/user\/osepvideos"]},{"@type":"Person","@id":"https:\/\/osepmendoza.com.ar\/web\/#\/schema\/person\/90986df7128a51e32bb66102fc247eb2","name":"Sebastian Fernandez","image":{"@type":"ImageObject","inLanguage":"es","@id":"https:\/\/secure.gravatar.com\/avatar\/cc42d53caabe846896e06ed8955a60e82b2b829babcb731f86f26c42378bcfec?s=96&d=mm&r=g","url":"https:\/\/secure.gravatar.com\/avatar\/cc42d53caabe846896e06ed8955a60e82b2b829babcb731f86f26c42378bcfec?s=96&d=mm&r=g","contentUrl":"https:\/\/secure.gravatar.com\/avatar\/cc42d53caabe846896e06ed8955a60e82b2b829babcb731f86f26c42378bcfec?s=96&d=mm&r=g","caption":"Sebastian Fernandez"},"sameAs":["http:\/\/osepmendoza.com.ar\/web"]}]}},"amp_enabled":true,"_links":{"self":[{"href":"https:\/\/osepmendoza.com.ar\/web\/wp-json\/wp\/v2\/posts\/46243","targetHints":{"allow":["GET"]}}],"collection":[{"href":"https:\/\/osepmendoza.com.ar\/web\/wp-json\/wp\/v2\/posts"}],"about":[{"href":"https:\/\/osepmendoza.com.ar\/web\/wp-json\/wp\/v2\/types\/post"}],"author":[{"embeddable":true,"href":"https:\/\/osepmendoza.com.ar\/web\/wp-json\/wp\/v2\/users\/12"}],"replies":[{"embeddable":true,"href":"https:\/\/osepmendoza.com.ar\/web\/wp-json\/wp\/v2\/comments?post=46243"}],"version-history":[{"count":3,"href":"https:\/\/osepmendoza.com.ar\/web\/wp-json\/wp\/v2\/posts\/46243\/revisions"}],"predecessor-version":[{"id":46254,"href":"https:\/\/osepmendoza.com.ar\/web\/wp-json\/wp\/v2\/posts\/46243\/revisions\/46254"}],"wp:featuredmedia":[{"embeddable":true,"href":"https:\/\/osepmendoza.com.ar\/web\/wp-json\/wp\/v2\/media\/46244"}],"wp:attachment":[{"href":"https:\/\/osepmendoza.com.ar\/web\/wp-json\/wp\/v2\/media?parent=46243"}],"wp:term":[{"taxonomy":"category","embeddable":true,"href":"https:\/\/osepmendoza.com.ar\/web\/wp-json\/wp\/v2\/categories?post=46243"},{"taxonomy":"post_tag","embeddable":true,"href":"https:\/\/osepmendoza.com.ar\/web\/wp-json\/wp\/v2\/tags?post=46243"}],"curies":[{"name":"wp","href":"https:\/\/api.w.org\/{rel}","templated":true}]}}