{"id":46169,"date":"2022-05-23T16:03:56","date_gmt":"2022-05-23T19:03:56","guid":{"rendered":"https:\/\/osepmendoza.com.ar\/web\/?p=46169"},"modified":"2023-07-03T08:42:10","modified_gmt":"2023-07-03T11:42:10","slug":"osep-hara-control-de-tiroides","status":"publish","type":"post","link":"https:\/\/osepmendoza.com.ar\/web\/osep-hara-control-de-tiroides\/","title":{"rendered":"OSEP har\u00e1 control de tiroides"},"content":{"rendered":"<p><strong>El equipo de profesionales del Servicio de Enfermedades Endocrino-Metab\u00f3licas del Hospital El Carmen realizar\u00e1 control libre y gratuito de la gl\u00e1ndula tiroides. Lo har\u00e1 ma\u00f1ana, 24 de mayo, de 8.30 a 12, en los consultorios del Hiper Libertad de Godoy Cruz.<\/strong><\/p>\n<p>El encuentro tiene como marco el 25 de mayo, ya que es la fecha en que, a nivel mundial, se conmemora el D\u00eda de la Tiroides y se invita a reflexionar sobre las funciones y patolog\u00edas que afectan a esta gl\u00e1ndula.<\/p>\n<p>La iniciativa de OSEP incluye, de 8.30 a 12, la palpaci\u00f3n de tiroides para detectar n\u00f3dulos sospechosos a todos aquellos que quieran acercarse al espacio de la Obra Social ubicado frente al caf\u00e9 del centro comercial.<\/p>\n<p>Cabe destacar que el equipo de Endocrinolog\u00eda brindar\u00e1 tambi\u00e9n asesoramiento y material informativo con el fin de resolver dudas de toda la poblaci\u00f3n, ya que se trata de una actividad abierta a la comunidad.<\/p>\n<p><strong>\u00bfQu\u00e9 es la tiroides?<\/strong><\/p>\n<p>Es una gl\u00e1ndula que se encuentra ubicada en el cuello, por debajo de la Nuez de Ad\u00e1n. Produce hormonas que regulan numerosas funciones de nuestro cuerpo, desde la velocidad del pensamiento o los latidos del coraz\u00f3n hasta la capacidad reproductiva. En los primeros a\u00f1os de vida es fundamental para el desarrollo neurol\u00f3gico.<\/p>\n<p>Las afecciones m\u00e1s comunes pueden ser:<\/p>\n<p><strong>Hipotiroidismo<\/strong><br \/>\nSe produce porque la gl\u00e1ndula tiroides disminuye su producci\u00f3n de hormonas. Provoca decaimiento, sue\u00f1o, fatiga, sobrepeso, mala memoria, fr\u00edo, estre\u00f1imiento, piel seca, entre otros trastornos.<br \/>\nSi no se trata, puede provocar obesidad, dolor articular, esterilidad y enfermedades card\u00edacas.<\/p>\n<p><strong>Hipertiroidismo<\/strong><br \/>\nCuando la tiroides est\u00e1 demasiado activa y produce m\u00e1s hormonas de las que el cuerpo necesita, provoca hipertiroidismo. Puede ocasionar irritabilidad, insomnio, nerviosismo, temblor e intolerancia al calor. La enfermedad de Grave, un trastorno autoinmune, es la causa m\u00e1s com\u00fan. Otras son: n\u00f3dulos tiroideos, tiroiditis, el consumo excesivo de yodo y tomar demasiada hormona tiroidea sint\u00e9tica.<\/p>\n<p><strong>Bocio<\/strong><br \/>\nEs el aumento del tama\u00f1o de la gl\u00e1ndula tiroides que puede causar que el cuello aparezca agrandado. La deficiencia de yodo es la causa m\u00e1s com\u00fan porque el cuerpo lo necesita para producir hormona tiroidea.<\/p>\n<p><strong>N\u00f3dulo<\/strong><br \/>\nEl 50% de la poblaci\u00f3n presenta n\u00f3dulos en la tiroides. Es el especialista quien define si hace falta estudiarlo.<br \/>\nEn la gestaci\u00f3n resulta imprescindible el control de la tiroides porque es la que participa en el desarrollo neurol\u00f3gico del beb\u00e9.<\/p>\n<p>Los s\u00edntomas de hipertiroidismo e hipotiroidismo pueden confundirse con otros problemas de salud y a veces son tan leves que no se manifiestan.<\/p>\n<p>Es importante ante la presencia de cualquier cambio consultar al m\u00e9dico de cabecera o endocrin\u00f3logo, que es el especialista en hormonas.<\/p>\n<p>Servicio de Enfermedades Endocrino-Metab\u00f3licas, Hospital El Carmen<br \/>\nTurnos 0810- 810- 1033<\/p>\n","protected":false},"excerpt":{"rendered":"<p>El equipo de profesionales del Servicio de Enfermedades Endocrino-Metab\u00f3licas del&#8230;<\/p>\n","protected":false},"author":12,"featured_media":46170,"comment_status":"closed","ping_status":"open","sticky":false,"template":"","format":"standard","meta":{"_acf_changed":false,"inline_featured_image":false,"_exactmetrics_skip_tracking":false,"_exactmetrics_sitenote_active":false,"_exactmetrics_sitenote_note":"","_exactmetrics_sitenote_category":0,"footnotes":"","_links_to":"","_links_to_target":""},"categories":[101],"tags":[306,139,934,446],"class_list":["post-46169","post","type-post","status-publish","format-standard","has-post-thumbnail","hentry","category-noticias","tag-control","tag-endocrinologia","tag-palpacion","tag-tiroides"],"acf":[],"yoast_head":"<!-- This site is optimized with the Yoast SEO plugin v27.4 - https:\/\/yoast.com\/product\/yoast-seo-wordpress\/ -->\n<title>OSEP har\u00e1 control de tiroides - OSEP Mendoza<\/title>\n<meta name=\"robots\" content=\"index, follow, max-snippet:-1, max-image-preview:large, max-video-preview:-1\" \/>\n<link rel=\"canonical\" href=\"https:\/\/osepmendoza.com.ar\/web\/osep-hara-control-de-tiroides\/\" \/>\n<meta property=\"og:locale\" content=\"es_ES\" \/>\n<meta property=\"og:type\" content=\"article\" \/>\n<meta property=\"og:title\" content=\"OSEP har\u00e1 control de tiroides - OSEP Mendoza\" \/>\n<meta property=\"og:description\" content=\"El equipo de profesionales del Servicio de Enfermedades Endocrino-Metab\u00f3licas del...\" \/>\n<meta property=\"og:url\" content=\"https:\/\/osepmendoza.com.ar\/web\/osep-hara-control-de-tiroides\/\" \/>\n<meta property=\"og:site_name\" content=\"OSEP Mendoza\" \/>\n<meta property=\"article:publisher\" content=\"https:\/\/www.facebook.com\/OSEP.MendozaArg\/\" \/>\n<meta property=\"article:published_time\" content=\"2022-05-23T19:03:56+00:00\" \/>\n<meta property=\"article:modified_time\" content=\"2023-07-03T11:42:10+00:00\" \/>\n<meta property=\"og:image\" content=\"https:\/\/osepmendoza.com.ar\/web\/wp-content\/uploads\/2022\/05\/imagen.jpg\" \/>\n\t<meta property=\"og:image:width\" content=\"1280\" \/>\n\t<meta property=\"og:image:height\" content=\"467\" \/>\n\t<meta property=\"og:image:type\" content=\"image\/jpeg\" \/>\n<meta name=\"author\" content=\"Sebastian Fernandez\" \/>\n<meta name=\"twitter:card\" content=\"summary_large_image\" \/>\n<meta name=\"twitter:creator\" content=\"@OsepMza\" \/>\n<meta name=\"twitter:site\" content=\"@OsepMza\" \/>\n<meta name=\"twitter:label1\" content=\"Escrito por\" \/>\n\t<meta name=\"twitter:data1\" content=\"Sebastian Fernandez\" \/>\n\t<meta name=\"twitter:label2\" content=\"Tiempo de lectura\" \/>\n\t<meta name=\"twitter:data2\" content=\"2 minutos\" \/>\n<script type=\"application\/ld+json\" class=\"yoast-schema-graph\">{\"@context\":\"https:\\\/\\\/schema.org\",\"@graph\":[{\"@type\":\"Article\",\"@id\":\"https:\\\/\\\/osepmendoza.com.ar\\\/web\\\/osep-hara-control-de-tiroides\\\/#article\",\"isPartOf\":{\"@id\":\"https:\\\/\\\/osepmendoza.com.ar\\\/web\\\/osep-hara-control-de-tiroides\\\/\"},\"author\":{\"name\":\"Sebastian Fernandez\",\"@id\":\"https:\\\/\\\/osepmendoza.com.ar\\\/web\\\/#\\\/schema\\\/person\\\/90986df7128a51e32bb66102fc247eb2\"},\"headline\":\"OSEP har\u00e1 control de tiroides\",\"datePublished\":\"2022-05-23T19:03:56+00:00\",\"dateModified\":\"2023-07-03T11:42:10+00:00\",\"mainEntityOfPage\":{\"@id\":\"https:\\\/\\\/osepmendoza.com.ar\\\/web\\\/osep-hara-control-de-tiroides\\\/\"},\"wordCount\":480,\"publisher\":{\"@id\":\"https:\\\/\\\/osepmendoza.com.ar\\\/web\\\/#organization\"},\"image\":{\"@id\":\"https:\\\/\\\/osepmendoza.com.ar\\\/web\\\/osep-hara-control-de-tiroides\\\/#primaryimage\"},\"thumbnailUrl\":\"https:\\\/\\\/osepmendoza.com.ar\\\/web\\\/wp-content\\\/uploads\\\/2022\\\/05\\\/imagen.jpg\",\"keywords\":[\"control\",\"endocrinolog\u00eda\",\"palpaci\u00f3n\",\"Tiroides\"],\"articleSection\":[\"Noticias\"],\"inLanguage\":\"es\"},{\"@type\":\"WebPage\",\"@id\":\"https:\\\/\\\/osepmendoza.com.ar\\\/web\\\/osep-hara-control-de-tiroides\\\/\",\"url\":\"https:\\\/\\\/osepmendoza.com.ar\\\/web\\\/osep-hara-control-de-tiroides\\\/\",\"name\":\"OSEP har\u00e1 control de tiroides - OSEP Mendoza\",\"isPartOf\":{\"@id\":\"https:\\\/\\\/osepmendoza.com.ar\\\/web\\\/#website\"},\"primaryImageOfPage\":{\"@id\":\"https:\\\/\\\/osepmendoza.com.ar\\\/web\\\/osep-hara-control-de-tiroides\\\/#primaryimage\"},\"image\":{\"@id\":\"https:\\\/\\\/osepmendoza.com.ar\\\/web\\\/osep-hara-control-de-tiroides\\\/#primaryimage\"},\"thumbnailUrl\":\"https:\\\/\\\/osepmendoza.com.ar\\\/web\\\/wp-content\\\/uploads\\\/2022\\\/05\\\/imagen.jpg\",\"datePublished\":\"2022-05-23T19:03:56+00:00\",\"dateModified\":\"2023-07-03T11:42:10+00:00\",\"breadcrumb\":{\"@id\":\"https:\\\/\\\/osepmendoza.com.ar\\\/web\\\/osep-hara-control-de-tiroides\\\/#breadcrumb\"},\"inLanguage\":\"es\",\"potentialAction\":[{\"@type\":\"ReadAction\",\"target\":[\"https:\\\/\\\/osepmendoza.com.ar\\\/web\\\/osep-hara-control-de-tiroides\\\/\"]}]},{\"@type\":\"ImageObject\",\"inLanguage\":\"es\",\"@id\":\"https:\\\/\\\/osepmendoza.com.ar\\\/web\\\/osep-hara-control-de-tiroides\\\/#primaryimage\",\"url\":\"https:\\\/\\\/osepmendoza.com.ar\\\/web\\\/wp-content\\\/uploads\\\/2022\\\/05\\\/imagen.jpg\",\"contentUrl\":\"https:\\\/\\\/osepmendoza.com.ar\\\/web\\\/wp-content\\\/uploads\\\/2022\\\/05\\\/imagen.jpg\",\"width\":1280,\"height\":467},{\"@type\":\"BreadcrumbList\",\"@id\":\"https:\\\/\\\/osepmendoza.com.ar\\\/web\\\/osep-hara-control-de-tiroides\\\/#breadcrumb\",\"itemListElement\":[{\"@type\":\"ListItem\",\"position\":1,\"name\":\"Portada\",\"item\":\"https:\\\/\\\/osepmendoza.com.ar\\\/web\\\/\"},{\"@type\":\"ListItem\",\"position\":2,\"name\":\"OSEP har\u00e1 control de tiroides\"}]},{\"@type\":\"WebSite\",\"@id\":\"https:\\\/\\\/osepmendoza.com.ar\\\/web\\\/#website\",\"url\":\"https:\\\/\\\/osepmendoza.com.ar\\\/web\\\/\",\"name\":\"OSEP Mendoza\",\"description\":\"Obra Social de los Empleados P\u00fablicos de Mendoza\",\"publisher\":{\"@id\":\"https:\\\/\\\/osepmendoza.com.ar\\\/web\\\/#organization\"},\"potentialAction\":[{\"@type\":\"SearchAction\",\"target\":{\"@type\":\"EntryPoint\",\"urlTemplate\":\"https:\\\/\\\/osepmendoza.com.ar\\\/web\\\/?s={search_term_string}\"},\"query-input\":{\"@type\":\"PropertyValueSpecification\",\"valueRequired\":true,\"valueName\":\"search_term_string\"}}],\"inLanguage\":\"es\"},{\"@type\":\"Organization\",\"@id\":\"https:\\\/\\\/osepmendoza.com.ar\\\/web\\\/#organization\",\"name\":\"OSEP - Obra Social de Empleados P\u00fablicos de Mendoza\",\"url\":\"https:\\\/\\\/osepmendoza.com.ar\\\/web\\\/\",\"logo\":{\"@type\":\"ImageObject\",\"inLanguage\":\"es\",\"@id\":\"https:\\\/\\\/osepmendoza.com.ar\\\/web\\\/#\\\/schema\\\/logo\\\/image\\\/\",\"url\":\"https:\\\/\\\/osepmendoza.com.ar\\\/web\\\/wp-content\\\/uploads\\\/2020\\\/04\\\/lkTM9T9z.jpg\",\"contentUrl\":\"https:\\\/\\\/osepmendoza.com.ar\\\/web\\\/wp-content\\\/uploads\\\/2020\\\/04\\\/lkTM9T9z.jpg\",\"width\":334,\"height\":334,\"caption\":\"OSEP - Obra Social de Empleados P\u00fablicos de Mendoza\"},\"image\":{\"@id\":\"https:\\\/\\\/osepmendoza.com.ar\\\/web\\\/#\\\/schema\\\/logo\\\/image\\\/\"},\"sameAs\":[\"https:\\\/\\\/www.facebook.com\\\/OSEP.MendozaArg\\\/\",\"https:\\\/\\\/x.com\\\/OsepMza\",\"https:\\\/\\\/www.instagram.com\\\/osep.mendoza\\\/\",\"https:\\\/\\\/www.youtube.com\\\/user\\\/osepvideos\"]},{\"@type\":\"Person\",\"@id\":\"https:\\\/\\\/osepmendoza.com.ar\\\/web\\\/#\\\/schema\\\/person\\\/90986df7128a51e32bb66102fc247eb2\",\"name\":\"Sebastian Fernandez\",\"image\":{\"@type\":\"ImageObject\",\"inLanguage\":\"es\",\"@id\":\"https:\\\/\\\/secure.gravatar.com\\\/avatar\\\/cc42d53caabe846896e06ed8955a60e82b2b829babcb731f86f26c42378bcfec?s=96&d=mm&r=g\",\"url\":\"https:\\\/\\\/secure.gravatar.com\\\/avatar\\\/cc42d53caabe846896e06ed8955a60e82b2b829babcb731f86f26c42378bcfec?s=96&d=mm&r=g\",\"contentUrl\":\"https:\\\/\\\/secure.gravatar.com\\\/avatar\\\/cc42d53caabe846896e06ed8955a60e82b2b829babcb731f86f26c42378bcfec?s=96&d=mm&r=g\",\"caption\":\"Sebastian Fernandez\"},\"sameAs\":[\"http:\\\/\\\/osepmendoza.com.ar\\\/web\"]}]}<\/script>\n<!-- \/ Yoast SEO plugin. -->","yoast_head_json":{"title":"OSEP har\u00e1 control de tiroides - OSEP Mendoza","robots":{"index":"index","follow":"follow","max-snippet":"max-snippet:-1","max-image-preview":"max-image-preview:large","max-video-preview":"max-video-preview:-1"},"canonical":"https:\/\/osepmendoza.com.ar\/web\/osep-hara-control-de-tiroides\/","og_locale":"es_ES","og_type":"article","og_title":"OSEP har\u00e1 control de tiroides - OSEP Mendoza","og_description":"El equipo de profesionales del Servicio de Enfermedades Endocrino-Metab\u00f3licas del...","og_url":"https:\/\/osepmendoza.com.ar\/web\/osep-hara-control-de-tiroides\/","og_site_name":"OSEP Mendoza","article_publisher":"https:\/\/www.facebook.com\/OSEP.MendozaArg\/","article_published_time":"2022-05-23T19:03:56+00:00","article_modified_time":"2023-07-03T11:42:10+00:00","og_image":[{"width":1280,"height":467,"url":"https:\/\/osepmendoza.com.ar\/web\/wp-content\/uploads\/2022\/05\/imagen.jpg","type":"image\/jpeg"}],"author":"Sebastian Fernandez","twitter_card":"summary_large_image","twitter_creator":"@OsepMza","twitter_site":"@OsepMza","twitter_misc":{"Escrito por":"Sebastian Fernandez","Tiempo de lectura":"2 minutos"},"schema":{"@context":"https:\/\/schema.org","@graph":[{"@type":"Article","@id":"https:\/\/osepmendoza.com.ar\/web\/osep-hara-control-de-tiroides\/#article","isPartOf":{"@id":"https:\/\/osepmendoza.com.ar\/web\/osep-hara-control-de-tiroides\/"},"author":{"name":"Sebastian Fernandez","@id":"https:\/\/osepmendoza.com.ar\/web\/#\/schema\/person\/90986df7128a51e32bb66102fc247eb2"},"headline":"OSEP har\u00e1 control de tiroides","datePublished":"2022-05-23T19:03:56+00:00","dateModified":"2023-07-03T11:42:10+00:00","mainEntityOfPage":{"@id":"https:\/\/osepmendoza.com.ar\/web\/osep-hara-control-de-tiroides\/"},"wordCount":480,"publisher":{"@id":"https:\/\/osepmendoza.com.ar\/web\/#organization"},"image":{"@id":"https:\/\/osepmendoza.com.ar\/web\/osep-hara-control-de-tiroides\/#primaryimage"},"thumbnailUrl":"https:\/\/osepmendoza.com.ar\/web\/wp-content\/uploads\/2022\/05\/imagen.jpg","keywords":["control","endocrinolog\u00eda","palpaci\u00f3n","Tiroides"],"articleSection":["Noticias"],"inLanguage":"es"},{"@type":"WebPage","@id":"https:\/\/osepmendoza.com.ar\/web\/osep-hara-control-de-tiroides\/","url":"https:\/\/osepmendoza.com.ar\/web\/osep-hara-control-de-tiroides\/","name":"OSEP har\u00e1 control de tiroides - OSEP Mendoza","isPartOf":{"@id":"https:\/\/osepmendoza.com.ar\/web\/#website"},"primaryImageOfPage":{"@id":"https:\/\/osepmendoza.com.ar\/web\/osep-hara-control-de-tiroides\/#primaryimage"},"image":{"@id":"https:\/\/osepmendoza.com.ar\/web\/osep-hara-control-de-tiroides\/#primaryimage"},"thumbnailUrl":"https:\/\/osepmendoza.com.ar\/web\/wp-content\/uploads\/2022\/05\/imagen.jpg","datePublished":"2022-05-23T19:03:56+00:00","dateModified":"2023-07-03T11:42:10+00:00","breadcrumb":{"@id":"https:\/\/osepmendoza.com.ar\/web\/osep-hara-control-de-tiroides\/#breadcrumb"},"inLanguage":"es","potentialAction":[{"@type":"ReadAction","target":["https:\/\/osepmendoza.com.ar\/web\/osep-hara-control-de-tiroides\/"]}]},{"@type":"ImageObject","inLanguage":"es","@id":"https:\/\/osepmendoza.com.ar\/web\/osep-hara-control-de-tiroides\/#primaryimage","url":"https:\/\/osepmendoza.com.ar\/web\/wp-content\/uploads\/2022\/05\/imagen.jpg","contentUrl":"https:\/\/osepmendoza.com.ar\/web\/wp-content\/uploads\/2022\/05\/imagen.jpg","width":1280,"height":467},{"@type":"BreadcrumbList","@id":"https:\/\/osepmendoza.com.ar\/web\/osep-hara-control-de-tiroides\/#breadcrumb","itemListElement":[{"@type":"ListItem","position":1,"name":"Portada","item":"https:\/\/osepmendoza.com.ar\/web\/"},{"@type":"ListItem","position":2,"name":"OSEP har\u00e1 control de tiroides"}]},{"@type":"WebSite","@id":"https:\/\/osepmendoza.com.ar\/web\/#website","url":"https:\/\/osepmendoza.com.ar\/web\/","name":"OSEP Mendoza","description":"Obra Social de los Empleados P\u00fablicos de Mendoza","publisher":{"@id":"https:\/\/osepmendoza.com.ar\/web\/#organization"},"potentialAction":[{"@type":"SearchAction","target":{"@type":"EntryPoint","urlTemplate":"https:\/\/osepmendoza.com.ar\/web\/?s={search_term_string}"},"query-input":{"@type":"PropertyValueSpecification","valueRequired":true,"valueName":"search_term_string"}}],"inLanguage":"es"},{"@type":"Organization","@id":"https:\/\/osepmendoza.com.ar\/web\/#organization","name":"OSEP - Obra Social de Empleados P\u00fablicos de Mendoza","url":"https:\/\/osepmendoza.com.ar\/web\/","logo":{"@type":"ImageObject","inLanguage":"es","@id":"https:\/\/osepmendoza.com.ar\/web\/#\/schema\/logo\/image\/","url":"https:\/\/osepmendoza.com.ar\/web\/wp-content\/uploads\/2020\/04\/lkTM9T9z.jpg","contentUrl":"https:\/\/osepmendoza.com.ar\/web\/wp-content\/uploads\/2020\/04\/lkTM9T9z.jpg","width":334,"height":334,"caption":"OSEP - Obra Social de Empleados P\u00fablicos de Mendoza"},"image":{"@id":"https:\/\/osepmendoza.com.ar\/web\/#\/schema\/logo\/image\/"},"sameAs":["https:\/\/www.facebook.com\/OSEP.MendozaArg\/","https:\/\/x.com\/OsepMza","https:\/\/www.instagram.com\/osep.mendoza\/","https:\/\/www.youtube.com\/user\/osepvideos"]},{"@type":"Person","@id":"https:\/\/osepmendoza.com.ar\/web\/#\/schema\/person\/90986df7128a51e32bb66102fc247eb2","name":"Sebastian Fernandez","image":{"@type":"ImageObject","inLanguage":"es","@id":"https:\/\/secure.gravatar.com\/avatar\/cc42d53caabe846896e06ed8955a60e82b2b829babcb731f86f26c42378bcfec?s=96&d=mm&r=g","url":"https:\/\/secure.gravatar.com\/avatar\/cc42d53caabe846896e06ed8955a60e82b2b829babcb731f86f26c42378bcfec?s=96&d=mm&r=g","contentUrl":"https:\/\/secure.gravatar.com\/avatar\/cc42d53caabe846896e06ed8955a60e82b2b829babcb731f86f26c42378bcfec?s=96&d=mm&r=g","caption":"Sebastian Fernandez"},"sameAs":["http:\/\/osepmendoza.com.ar\/web"]}]}},"amp_enabled":true,"_links":{"self":[{"href":"https:\/\/osepmendoza.com.ar\/web\/wp-json\/wp\/v2\/posts\/46169","targetHints":{"allow":["GET"]}}],"collection":[{"href":"https:\/\/osepmendoza.com.ar\/web\/wp-json\/wp\/v2\/posts"}],"about":[{"href":"https:\/\/osepmendoza.com.ar\/web\/wp-json\/wp\/v2\/types\/post"}],"author":[{"embeddable":true,"href":"https:\/\/osepmendoza.com.ar\/web\/wp-json\/wp\/v2\/users\/12"}],"replies":[{"embeddable":true,"href":"https:\/\/osepmendoza.com.ar\/web\/wp-json\/wp\/v2\/comments?post=46169"}],"version-history":[{"count":2,"href":"https:\/\/osepmendoza.com.ar\/web\/wp-json\/wp\/v2\/posts\/46169\/revisions"}],"predecessor-version":[{"id":46172,"href":"https:\/\/osepmendoza.com.ar\/web\/wp-json\/wp\/v2\/posts\/46169\/revisions\/46172"}],"wp:featuredmedia":[{"embeddable":true,"href":"https:\/\/osepmendoza.com.ar\/web\/wp-json\/wp\/v2\/media\/46170"}],"wp:attachment":[{"href":"https:\/\/osepmendoza.com.ar\/web\/wp-json\/wp\/v2\/media?parent=46169"}],"wp:term":[{"taxonomy":"category","embeddable":true,"href":"https:\/\/osepmendoza.com.ar\/web\/wp-json\/wp\/v2\/categories?post=46169"},{"taxonomy":"post_tag","embeddable":true,"href":"https:\/\/osepmendoza.com.ar\/web\/wp-json\/wp\/v2\/tags?post=46169"}],"curies":[{"name":"wp","href":"https:\/\/api.w.org\/{rel}","templated":true}]}}