{"id":46062,"date":"2022-05-04T15:30:58","date_gmt":"2022-05-04T18:30:58","guid":{"rendered":"https:\/\/osepmendoza.com.ar\/web\/?p=46062"},"modified":"2023-07-03T08:42:39","modified_gmt":"2023-07-03T11:42:39","slug":"preparacion-integral-para-la-maternidad","status":"publish","type":"post","link":"https:\/\/osepmendoza.com.ar\/web\/preparacion-integral-para-la-maternidad\/","title":{"rendered":"Preparaci\u00f3n Integral para la Maternidad"},"content":{"rendered":"<p><strong>Las profesionales del Programa Nacer en OSEP y la Maternidad Misericordia del Hospital El Carmen contin\u00faan brindando el Taller de Preparaci\u00f3n Integral para la Maternidad. Los encuentros de Gran Mendoza se realizan en forma presencial y virtual y est\u00e1n dirigidos a embarazadas adultas y adolescentes.<\/strong><\/p>\n<p>La actividad es coordinada por el programa \u201cNacer en OSEP\u201d y llevada a cabo por un grupo interdisciplinario de profesionales, quienes hacen de cada encuentro un espacio propicio para realizar gimnasia preparto y recibir informaci\u00f3n sobre su estado, parto, lactancia y cuidados del beb\u00e9.<\/p>\n<p>Cada ciclo tiene una duraci\u00f3n de 6 clases y se desarrolla permanentemente con distintos grupos y diferentes profesionales, tanto en OSEP Xeltahuina, Salta 877, Ciudad como en la Maternidad Misericordia en forma virtual.<\/p>\n<p>As\u00ed, los grupos son organizados de la siguiente manera:<\/p>\n<p>&#8211; Modalidad presencial \/ Adultas:<\/p>\n<p>A partir de la semana 28. Las clases est\u00e1n a cargo de la licenciada Fabiana Ben\u00edtez y se desarrollan los martes, en dos grupos, uno de 14 a 15.30 y el otro de 17.30 a 19, en el edificio Xeltahuina.<\/p>\n<p>&#8211; Modalidad presencial \/ Adolescentes<\/p>\n<p>Los encuentros son coordinados por la licenciada Cintia Dispenza y tienen lugar los jueves, de 12 a 13.30, tambi\u00e9n en Xeltahuina.<\/p>\n<p>&#8211; Modalidad Virtual<\/p>\n<p>Se desarrolla mediante sesiones en la plataforma Zoom y sus encuentros se realizan los jueves a las 9 y los lunes a las 15. Cada clase es brindada por la licenciada Claudia Abdala. ID 450 611 5342 C\u00f3digo de acceso: osep22.<\/p>\n<p>Cabe destacar que el taller no solo tiene espacio en Gran Mendoza ya que se replica en cada sede territorial de la Obra Social.<\/p>\n<p>Las interesadas en participar pueden hacerlo, solicitando un turno al 0810 810 1033 opci\u00f3n 8 o consultando en la Sede de OSEP m\u00e1s cercana. Por su parte, las futuras mam\u00e1s menores de 19 a\u00f1os pueden hacerlo al 0810 810 1033 opci\u00f3n 4 o al 3480464.<\/p>\n","protected":false},"excerpt":{"rendered":"<p>Las profesionales del Programa Nacer en OSEP y la Maternidad&#8230;<\/p>\n","protected":false},"author":12,"featured_media":46064,"comment_status":"closed","ping_status":"open","sticky":false,"template":"","format":"standard","meta":{"_acf_changed":false,"inline_featured_image":false,"_exactmetrics_skip_tracking":false,"_exactmetrics_sitenote_active":false,"_exactmetrics_sitenote_note":"","_exactmetrics_sitenote_category":0,"footnotes":"","_links_to":"","_links_to_target":""},"categories":[101],"tags":[153,132,645,404],"class_list":["post-46062","post","type-post","status-publish","format-standard","has-post-thumbnail","hentry","category-noticias","tag-embarazo","tag-maternidad","tag-pim","tag-preparto"],"acf":[],"yoast_head":"<!-- This site is optimized with the Yoast SEO plugin v27.5 - https:\/\/yoast.com\/product\/yoast-seo-wordpress\/ -->\n<title>Preparaci\u00f3n Integral para la Maternidad - OSEP Mendoza<\/title>\n<meta name=\"robots\" content=\"index, follow, max-snippet:-1, max-image-preview:large, max-video-preview:-1\" \/>\n<link rel=\"canonical\" href=\"https:\/\/osepmendoza.com.ar\/web\/preparacion-integral-para-la-maternidad\/\" \/>\n<meta property=\"og:locale\" content=\"es_ES\" \/>\n<meta property=\"og:type\" content=\"article\" \/>\n<meta property=\"og:title\" content=\"Preparaci\u00f3n Integral para la Maternidad - OSEP Mendoza\" \/>\n<meta property=\"og:description\" content=\"Las profesionales del Programa Nacer en OSEP y la Maternidad...\" \/>\n<meta property=\"og:url\" content=\"https:\/\/osepmendoza.com.ar\/web\/preparacion-integral-para-la-maternidad\/\" \/>\n<meta property=\"og:site_name\" content=\"OSEP Mendoza\" \/>\n<meta property=\"article:publisher\" content=\"https:\/\/www.facebook.com\/OSEP.MendozaArg\/\" \/>\n<meta property=\"article:published_time\" content=\"2022-05-04T18:30:58+00:00\" \/>\n<meta property=\"article:modified_time\" content=\"2023-07-03T11:42:39+00:00\" \/>\n<meta property=\"og:image\" content=\"https:\/\/osepmendoza.com.ar\/web\/wp-content\/uploads\/2022\/05\/foto1-1.jpg\" \/>\n\t<meta property=\"og:image:width\" content=\"1280\" \/>\n\t<meta property=\"og:image:height\" content=\"467\" \/>\n\t<meta property=\"og:image:type\" content=\"image\/jpeg\" \/>\n<meta name=\"author\" content=\"Sebastian Fernandez\" \/>\n<meta name=\"twitter:card\" content=\"summary_large_image\" \/>\n<meta name=\"twitter:creator\" content=\"@OsepMza\" \/>\n<meta name=\"twitter:site\" content=\"@OsepMza\" \/>\n<meta name=\"twitter:label1\" content=\"Escrito por\" \/>\n\t<meta name=\"twitter:data1\" content=\"Sebastian Fernandez\" \/>\n\t<meta name=\"twitter:label2\" content=\"Tiempo de lectura\" \/>\n\t<meta name=\"twitter:data2\" content=\"2 minutos\" \/>\n<script type=\"application\/ld+json\" class=\"yoast-schema-graph\">{\"@context\":\"https:\\\/\\\/schema.org\",\"@graph\":[{\"@type\":\"Article\",\"@id\":\"https:\\\/\\\/osepmendoza.com.ar\\\/web\\\/preparacion-integral-para-la-maternidad\\\/#article\",\"isPartOf\":{\"@id\":\"https:\\\/\\\/osepmendoza.com.ar\\\/web\\\/preparacion-integral-para-la-maternidad\\\/\"},\"author\":{\"name\":\"Sebastian Fernandez\",\"@id\":\"https:\\\/\\\/osepmendoza.com.ar\\\/web\\\/#\\\/schema\\\/person\\\/90986df7128a51e32bb66102fc247eb2\"},\"headline\":\"Preparaci\u00f3n Integral para la Maternidad\",\"datePublished\":\"2022-05-04T18:30:58+00:00\",\"dateModified\":\"2023-07-03T11:42:39+00:00\",\"mainEntityOfPage\":{\"@id\":\"https:\\\/\\\/osepmendoza.com.ar\\\/web\\\/preparacion-integral-para-la-maternidad\\\/\"},\"wordCount\":309,\"publisher\":{\"@id\":\"https:\\\/\\\/osepmendoza.com.ar\\\/web\\\/#organization\"},\"image\":{\"@id\":\"https:\\\/\\\/osepmendoza.com.ar\\\/web\\\/preparacion-integral-para-la-maternidad\\\/#primaryimage\"},\"thumbnailUrl\":\"https:\\\/\\\/osepmendoza.com.ar\\\/web\\\/wp-content\\\/uploads\\\/2022\\\/05\\\/foto1-1.jpg\",\"keywords\":[\"embarazo\",\"maternidad\",\"PIM\",\"preparto\"],\"articleSection\":[\"Noticias\"],\"inLanguage\":\"es\"},{\"@type\":\"WebPage\",\"@id\":\"https:\\\/\\\/osepmendoza.com.ar\\\/web\\\/preparacion-integral-para-la-maternidad\\\/\",\"url\":\"https:\\\/\\\/osepmendoza.com.ar\\\/web\\\/preparacion-integral-para-la-maternidad\\\/\",\"name\":\"Preparaci\u00f3n Integral para la Maternidad - OSEP Mendoza\",\"isPartOf\":{\"@id\":\"https:\\\/\\\/osepmendoza.com.ar\\\/web\\\/#website\"},\"primaryImageOfPage\":{\"@id\":\"https:\\\/\\\/osepmendoza.com.ar\\\/web\\\/preparacion-integral-para-la-maternidad\\\/#primaryimage\"},\"image\":{\"@id\":\"https:\\\/\\\/osepmendoza.com.ar\\\/web\\\/preparacion-integral-para-la-maternidad\\\/#primaryimage\"},\"thumbnailUrl\":\"https:\\\/\\\/osepmendoza.com.ar\\\/web\\\/wp-content\\\/uploads\\\/2022\\\/05\\\/foto1-1.jpg\",\"datePublished\":\"2022-05-04T18:30:58+00:00\",\"dateModified\":\"2023-07-03T11:42:39+00:00\",\"breadcrumb\":{\"@id\":\"https:\\\/\\\/osepmendoza.com.ar\\\/web\\\/preparacion-integral-para-la-maternidad\\\/#breadcrumb\"},\"inLanguage\":\"es\",\"potentialAction\":[{\"@type\":\"ReadAction\",\"target\":[\"https:\\\/\\\/osepmendoza.com.ar\\\/web\\\/preparacion-integral-para-la-maternidad\\\/\"]}]},{\"@type\":\"ImageObject\",\"inLanguage\":\"es\",\"@id\":\"https:\\\/\\\/osepmendoza.com.ar\\\/web\\\/preparacion-integral-para-la-maternidad\\\/#primaryimage\",\"url\":\"https:\\\/\\\/osepmendoza.com.ar\\\/web\\\/wp-content\\\/uploads\\\/2022\\\/05\\\/foto1-1.jpg\",\"contentUrl\":\"https:\\\/\\\/osepmendoza.com.ar\\\/web\\\/wp-content\\\/uploads\\\/2022\\\/05\\\/foto1-1.jpg\",\"width\":1280,\"height\":467},{\"@type\":\"BreadcrumbList\",\"@id\":\"https:\\\/\\\/osepmendoza.com.ar\\\/web\\\/preparacion-integral-para-la-maternidad\\\/#breadcrumb\",\"itemListElement\":[{\"@type\":\"ListItem\",\"position\":1,\"name\":\"Portada\",\"item\":\"https:\\\/\\\/osepmendoza.com.ar\\\/web\\\/\"},{\"@type\":\"ListItem\",\"position\":2,\"name\":\"Preparaci\u00f3n Integral para la Maternidad\"}]},{\"@type\":\"WebSite\",\"@id\":\"https:\\\/\\\/osepmendoza.com.ar\\\/web\\\/#website\",\"url\":\"https:\\\/\\\/osepmendoza.com.ar\\\/web\\\/\",\"name\":\"OSEP Mendoza\",\"description\":\"Obra Social de los Empleados P\u00fablicos de Mendoza\",\"publisher\":{\"@id\":\"https:\\\/\\\/osepmendoza.com.ar\\\/web\\\/#organization\"},\"potentialAction\":[{\"@type\":\"SearchAction\",\"target\":{\"@type\":\"EntryPoint\",\"urlTemplate\":\"https:\\\/\\\/osepmendoza.com.ar\\\/web\\\/?s={search_term_string}\"},\"query-input\":{\"@type\":\"PropertyValueSpecification\",\"valueRequired\":true,\"valueName\":\"search_term_string\"}}],\"inLanguage\":\"es\"},{\"@type\":\"Organization\",\"@id\":\"https:\\\/\\\/osepmendoza.com.ar\\\/web\\\/#organization\",\"name\":\"OSEP - Obra Social de Empleados P\u00fablicos de Mendoza\",\"url\":\"https:\\\/\\\/osepmendoza.com.ar\\\/web\\\/\",\"logo\":{\"@type\":\"ImageObject\",\"inLanguage\":\"es\",\"@id\":\"https:\\\/\\\/osepmendoza.com.ar\\\/web\\\/#\\\/schema\\\/logo\\\/image\\\/\",\"url\":\"https:\\\/\\\/osepmendoza.com.ar\\\/web\\\/wp-content\\\/uploads\\\/2020\\\/04\\\/lkTM9T9z.jpg\",\"contentUrl\":\"https:\\\/\\\/osepmendoza.com.ar\\\/web\\\/wp-content\\\/uploads\\\/2020\\\/04\\\/lkTM9T9z.jpg\",\"width\":334,\"height\":334,\"caption\":\"OSEP - Obra Social de Empleados P\u00fablicos de Mendoza\"},\"image\":{\"@id\":\"https:\\\/\\\/osepmendoza.com.ar\\\/web\\\/#\\\/schema\\\/logo\\\/image\\\/\"},\"sameAs\":[\"https:\\\/\\\/www.facebook.com\\\/OSEP.MendozaArg\\\/\",\"https:\\\/\\\/x.com\\\/OsepMza\",\"https:\\\/\\\/www.instagram.com\\\/osep.mendoza\\\/\",\"https:\\\/\\\/www.youtube.com\\\/user\\\/osepvideos\"]},{\"@type\":\"Person\",\"@id\":\"https:\\\/\\\/osepmendoza.com.ar\\\/web\\\/#\\\/schema\\\/person\\\/90986df7128a51e32bb66102fc247eb2\",\"name\":\"Sebastian Fernandez\",\"image\":{\"@type\":\"ImageObject\",\"inLanguage\":\"es\",\"@id\":\"https:\\\/\\\/secure.gravatar.com\\\/avatar\\\/cc42d53caabe846896e06ed8955a60e82b2b829babcb731f86f26c42378bcfec?s=96&d=mm&r=g\",\"url\":\"https:\\\/\\\/secure.gravatar.com\\\/avatar\\\/cc42d53caabe846896e06ed8955a60e82b2b829babcb731f86f26c42378bcfec?s=96&d=mm&r=g\",\"contentUrl\":\"https:\\\/\\\/secure.gravatar.com\\\/avatar\\\/cc42d53caabe846896e06ed8955a60e82b2b829babcb731f86f26c42378bcfec?s=96&d=mm&r=g\",\"caption\":\"Sebastian Fernandez\"},\"sameAs\":[\"http:\\\/\\\/osepmendoza.com.ar\\\/web\"]}]}<\/script>\n<!-- \/ Yoast SEO plugin. -->","yoast_head_json":{"title":"Preparaci\u00f3n Integral para la Maternidad - OSEP Mendoza","robots":{"index":"index","follow":"follow","max-snippet":"max-snippet:-1","max-image-preview":"max-image-preview:large","max-video-preview":"max-video-preview:-1"},"canonical":"https:\/\/osepmendoza.com.ar\/web\/preparacion-integral-para-la-maternidad\/","og_locale":"es_ES","og_type":"article","og_title":"Preparaci\u00f3n Integral para la Maternidad - OSEP Mendoza","og_description":"Las profesionales del Programa Nacer en OSEP y la Maternidad...","og_url":"https:\/\/osepmendoza.com.ar\/web\/preparacion-integral-para-la-maternidad\/","og_site_name":"OSEP Mendoza","article_publisher":"https:\/\/www.facebook.com\/OSEP.MendozaArg\/","article_published_time":"2022-05-04T18:30:58+00:00","article_modified_time":"2023-07-03T11:42:39+00:00","og_image":[{"width":1280,"height":467,"url":"https:\/\/osepmendoza.com.ar\/web\/wp-content\/uploads\/2022\/05\/foto1-1.jpg","type":"image\/jpeg"}],"author":"Sebastian Fernandez","twitter_card":"summary_large_image","twitter_creator":"@OsepMza","twitter_site":"@OsepMza","twitter_misc":{"Escrito por":"Sebastian Fernandez","Tiempo de lectura":"2 minutos"},"schema":{"@context":"https:\/\/schema.org","@graph":[{"@type":"Article","@id":"https:\/\/osepmendoza.com.ar\/web\/preparacion-integral-para-la-maternidad\/#article","isPartOf":{"@id":"https:\/\/osepmendoza.com.ar\/web\/preparacion-integral-para-la-maternidad\/"},"author":{"name":"Sebastian Fernandez","@id":"https:\/\/osepmendoza.com.ar\/web\/#\/schema\/person\/90986df7128a51e32bb66102fc247eb2"},"headline":"Preparaci\u00f3n Integral para la Maternidad","datePublished":"2022-05-04T18:30:58+00:00","dateModified":"2023-07-03T11:42:39+00:00","mainEntityOfPage":{"@id":"https:\/\/osepmendoza.com.ar\/web\/preparacion-integral-para-la-maternidad\/"},"wordCount":309,"publisher":{"@id":"https:\/\/osepmendoza.com.ar\/web\/#organization"},"image":{"@id":"https:\/\/osepmendoza.com.ar\/web\/preparacion-integral-para-la-maternidad\/#primaryimage"},"thumbnailUrl":"https:\/\/osepmendoza.com.ar\/web\/wp-content\/uploads\/2022\/05\/foto1-1.jpg","keywords":["embarazo","maternidad","PIM","preparto"],"articleSection":["Noticias"],"inLanguage":"es"},{"@type":"WebPage","@id":"https:\/\/osepmendoza.com.ar\/web\/preparacion-integral-para-la-maternidad\/","url":"https:\/\/osepmendoza.com.ar\/web\/preparacion-integral-para-la-maternidad\/","name":"Preparaci\u00f3n Integral para la Maternidad - OSEP Mendoza","isPartOf":{"@id":"https:\/\/osepmendoza.com.ar\/web\/#website"},"primaryImageOfPage":{"@id":"https:\/\/osepmendoza.com.ar\/web\/preparacion-integral-para-la-maternidad\/#primaryimage"},"image":{"@id":"https:\/\/osepmendoza.com.ar\/web\/preparacion-integral-para-la-maternidad\/#primaryimage"},"thumbnailUrl":"https:\/\/osepmendoza.com.ar\/web\/wp-content\/uploads\/2022\/05\/foto1-1.jpg","datePublished":"2022-05-04T18:30:58+00:00","dateModified":"2023-07-03T11:42:39+00:00","breadcrumb":{"@id":"https:\/\/osepmendoza.com.ar\/web\/preparacion-integral-para-la-maternidad\/#breadcrumb"},"inLanguage":"es","potentialAction":[{"@type":"ReadAction","target":["https:\/\/osepmendoza.com.ar\/web\/preparacion-integral-para-la-maternidad\/"]}]},{"@type":"ImageObject","inLanguage":"es","@id":"https:\/\/osepmendoza.com.ar\/web\/preparacion-integral-para-la-maternidad\/#primaryimage","url":"https:\/\/osepmendoza.com.ar\/web\/wp-content\/uploads\/2022\/05\/foto1-1.jpg","contentUrl":"https:\/\/osepmendoza.com.ar\/web\/wp-content\/uploads\/2022\/05\/foto1-1.jpg","width":1280,"height":467},{"@type":"BreadcrumbList","@id":"https:\/\/osepmendoza.com.ar\/web\/preparacion-integral-para-la-maternidad\/#breadcrumb","itemListElement":[{"@type":"ListItem","position":1,"name":"Portada","item":"https:\/\/osepmendoza.com.ar\/web\/"},{"@type":"ListItem","position":2,"name":"Preparaci\u00f3n Integral para la Maternidad"}]},{"@type":"WebSite","@id":"https:\/\/osepmendoza.com.ar\/web\/#website","url":"https:\/\/osepmendoza.com.ar\/web\/","name":"OSEP Mendoza","description":"Obra Social de los Empleados P\u00fablicos de Mendoza","publisher":{"@id":"https:\/\/osepmendoza.com.ar\/web\/#organization"},"potentialAction":[{"@type":"SearchAction","target":{"@type":"EntryPoint","urlTemplate":"https:\/\/osepmendoza.com.ar\/web\/?s={search_term_string}"},"query-input":{"@type":"PropertyValueSpecification","valueRequired":true,"valueName":"search_term_string"}}],"inLanguage":"es"},{"@type":"Organization","@id":"https:\/\/osepmendoza.com.ar\/web\/#organization","name":"OSEP - Obra Social de Empleados P\u00fablicos de Mendoza","url":"https:\/\/osepmendoza.com.ar\/web\/","logo":{"@type":"ImageObject","inLanguage":"es","@id":"https:\/\/osepmendoza.com.ar\/web\/#\/schema\/logo\/image\/","url":"https:\/\/osepmendoza.com.ar\/web\/wp-content\/uploads\/2020\/04\/lkTM9T9z.jpg","contentUrl":"https:\/\/osepmendoza.com.ar\/web\/wp-content\/uploads\/2020\/04\/lkTM9T9z.jpg","width":334,"height":334,"caption":"OSEP - Obra Social de Empleados P\u00fablicos de Mendoza"},"image":{"@id":"https:\/\/osepmendoza.com.ar\/web\/#\/schema\/logo\/image\/"},"sameAs":["https:\/\/www.facebook.com\/OSEP.MendozaArg\/","https:\/\/x.com\/OsepMza","https:\/\/www.instagram.com\/osep.mendoza\/","https:\/\/www.youtube.com\/user\/osepvideos"]},{"@type":"Person","@id":"https:\/\/osepmendoza.com.ar\/web\/#\/schema\/person\/90986df7128a51e32bb66102fc247eb2","name":"Sebastian Fernandez","image":{"@type":"ImageObject","inLanguage":"es","@id":"https:\/\/secure.gravatar.com\/avatar\/cc42d53caabe846896e06ed8955a60e82b2b829babcb731f86f26c42378bcfec?s=96&d=mm&r=g","url":"https:\/\/secure.gravatar.com\/avatar\/cc42d53caabe846896e06ed8955a60e82b2b829babcb731f86f26c42378bcfec?s=96&d=mm&r=g","contentUrl":"https:\/\/secure.gravatar.com\/avatar\/cc42d53caabe846896e06ed8955a60e82b2b829babcb731f86f26c42378bcfec?s=96&d=mm&r=g","caption":"Sebastian Fernandez"},"sameAs":["http:\/\/osepmendoza.com.ar\/web"]}]}},"amp_enabled":true,"_links":{"self":[{"href":"https:\/\/osepmendoza.com.ar\/web\/wp-json\/wp\/v2\/posts\/46062","targetHints":{"allow":["GET"]}}],"collection":[{"href":"https:\/\/osepmendoza.com.ar\/web\/wp-json\/wp\/v2\/posts"}],"about":[{"href":"https:\/\/osepmendoza.com.ar\/web\/wp-json\/wp\/v2\/types\/post"}],"author":[{"embeddable":true,"href":"https:\/\/osepmendoza.com.ar\/web\/wp-json\/wp\/v2\/users\/12"}],"replies":[{"embeddable":true,"href":"https:\/\/osepmendoza.com.ar\/web\/wp-json\/wp\/v2\/comments?post=46062"}],"version-history":[{"count":2,"href":"https:\/\/osepmendoza.com.ar\/web\/wp-json\/wp\/v2\/posts\/46062\/revisions"}],"predecessor-version":[{"id":46066,"href":"https:\/\/osepmendoza.com.ar\/web\/wp-json\/wp\/v2\/posts\/46062\/revisions\/46066"}],"wp:featuredmedia":[{"embeddable":true,"href":"https:\/\/osepmendoza.com.ar\/web\/wp-json\/wp\/v2\/media\/46064"}],"wp:attachment":[{"href":"https:\/\/osepmendoza.com.ar\/web\/wp-json\/wp\/v2\/media?parent=46062"}],"wp:term":[{"taxonomy":"category","embeddable":true,"href":"https:\/\/osepmendoza.com.ar\/web\/wp-json\/wp\/v2\/categories?post=46062"},{"taxonomy":"post_tag","embeddable":true,"href":"https:\/\/osepmendoza.com.ar\/web\/wp-json\/wp\/v2\/tags?post=46062"}],"curies":[{"name":"wp","href":"https:\/\/api.w.org\/{rel}","templated":true}]}}