{"id":45969,"date":"2022-04-13T12:48:09","date_gmt":"2022-04-13T15:48:09","guid":{"rendered":"https:\/\/osepmendoza.com.ar\/web\/?p=45969"},"modified":"2022-04-13T12:48:09","modified_gmt":"2022-04-13T15:48:09","slug":"vacunacion-antigripal-2022-para-afiliados-de-osep","status":"publish","type":"post","link":"https:\/\/osepmendoza.com.ar\/web\/vacunacion-antigripal-2022-para-afiliados-de-osep\/","title":{"rendered":"Vacunaci\u00f3n antigripal 2022 para afiliados de OSEP"},"content":{"rendered":"<div>\n<p class=\"western\">Comenz\u00f3 la vacunaci\u00f3n antigripal en Mendoza y acorde a la log\u00edstica organizada por el Ministerio de Salud de la provincia, la colocaci\u00f3n es gratuita para los siguientes grupos:<\/p>\n<ul>\n<li><strong>Mayores de 65 a\u00f1os<\/strong><\/li>\n<li><strong>Embarazadas, en cualquier momento de la gestaci\u00f3n<\/strong><\/li>\n<li><strong>Pu\u00e9rperas hasta 10 d\u00edas despu\u00e9s del parto<\/strong><br \/>\n(si no se vacunaron durante el embarazo).<\/li>\n<li><strong>Ni\u00f1os entre 6 y 24 meses inclusive<\/strong><\/li>\n<\/ul>\n<p><strong>Por lo tanto <\/strong>los afiliados y afiliadas de OSEP que se encuentren en estos grupos deber\u00e1n asistir SIN TURNO a los mismos lugares donde se ha dispuesto la vacunaci\u00f3n contra el COVID-19. Pod\u00e9s conocer el centro de vacunaci\u00f3n m\u00e1s cercano aqu\u00ed <strong><span id=\"OBJ_PREFIX_DWT154_com_zimbra_url\" class=\"Object\" role=\"link\"><span id=\"OBJ_PREFIX_DWT155_com_zimbra_url\" class=\"Object\" role=\"link\"><a href=\"https:\/\/www.mendoza.gov.ar\/prensa\/vacunacion-antigripal-2022\/\" target=\"_blank\" rel=\"nofollow noopener noreferrer\">https:\/\/www.mendoza.gov.ar\/prensa\/vacunacion-antigripal-2022\/<\/a><\/span><\/span><\/strong><\/p>\n<p><b>Vacuna antigripal con receta<\/b><\/p>\n<p>Por ahora la inoculaci\u00f3n contra la gripe gratis es exclusiva para esos grupo de riesgo.<\/p>\n<p>El resto de nuestros afiliados que quieran acceder a la vacuna podr\u00e1n hacerlo en las farmacias convenidas con OSEP con una cobertura del 70%.<\/p>\n<p>Para ello se requiere receta, en su formato electr\u00f3nico o digital, prescripta por el m\u00e9dico de cabecera. Es importante destacar que est\u00e1n incluidas en el vademecum todas las marcas comerciales de vacunas habilitadas por la ANMAT, tanto las tetravalentes como las trivalentes.<\/p>\n<p>Es importante asistir con <b>receta prescripta y carnet<\/b> a las farmacias que cuenten con el servicio de colocaci\u00f3n, para evitar el corte de la cadena de fr\u00edo de la dosis.<\/p>\n<\/div>\n<div><\/div>\n","protected":false},"excerpt":{"rendered":"<p>Comenz\u00f3 la vacunaci\u00f3n antigripal en Mendoza y acorde a la&#8230;<\/p>\n","protected":false},"author":9,"featured_media":45970,"comment_status":"closed","ping_status":"open","sticky":false,"template":"","format":"standard","meta":{"_acf_changed":false,"inline_featured_image":false,"_exactmetrics_skip_tracking":false,"_exactmetrics_sitenote_active":false,"_exactmetrics_sitenote_note":"","_exactmetrics_sitenote_category":0,"footnotes":"","_links_to":"","_links_to_target":""},"categories":[101],"tags":[],"class_list":["post-45969","post","type-post","status-publish","format-standard","has-post-thumbnail","hentry","category-noticias"],"acf":[],"yoast_head":"<!-- This site is optimized with the Yoast SEO plugin v27.5 - https:\/\/yoast.com\/product\/yoast-seo-wordpress\/ -->\n<title>Vacunaci\u00f3n antigripal 2022 para afiliados de OSEP - OSEP Mendoza<\/title>\n<meta name=\"robots\" content=\"index, follow, max-snippet:-1, max-image-preview:large, max-video-preview:-1\" \/>\n<link rel=\"canonical\" href=\"https:\/\/osepmendoza.com.ar\/web\/vacunacion-antigripal-2022-para-afiliados-de-osep\/\" \/>\n<meta property=\"og:locale\" content=\"es_ES\" \/>\n<meta property=\"og:type\" content=\"article\" \/>\n<meta property=\"og:title\" content=\"Vacunaci\u00f3n antigripal 2022 para afiliados de OSEP - OSEP Mendoza\" \/>\n<meta property=\"og:description\" content=\"Comenz\u00f3 la vacunaci\u00f3n antigripal en Mendoza y acorde a la...\" \/>\n<meta property=\"og:url\" content=\"https:\/\/osepmendoza.com.ar\/web\/vacunacion-antigripal-2022-para-afiliados-de-osep\/\" \/>\n<meta property=\"og:site_name\" content=\"OSEP Mendoza\" \/>\n<meta property=\"article:publisher\" content=\"https:\/\/www.facebook.com\/OSEP.MendozaArg\/\" \/>\n<meta property=\"article:published_time\" content=\"2022-04-13T15:48:09+00:00\" \/>\n<meta property=\"og:image\" content=\"https:\/\/osepmendoza.com.ar\/web\/wp-content\/uploads\/2022\/04\/WhatsApp-Image-2022-04-13-at-12.29.35-PM.jpeg\" \/>\n\t<meta property=\"og:image:width\" content=\"1200\" \/>\n\t<meta property=\"og:image:height\" content=\"438\" \/>\n\t<meta property=\"og:image:type\" content=\"image\/jpeg\" \/>\n<meta name=\"author\" content=\"Natalia\" \/>\n<meta name=\"twitter:card\" content=\"summary_large_image\" \/>\n<meta name=\"twitter:creator\" content=\"@OsepMza\" \/>\n<meta name=\"twitter:site\" content=\"@OsepMza\" \/>\n<meta name=\"twitter:label1\" content=\"Escrito por\" \/>\n\t<meta name=\"twitter:data1\" content=\"Natalia\" \/>\n\t<meta name=\"twitter:label2\" content=\"Tiempo de lectura\" \/>\n\t<meta name=\"twitter:data2\" content=\"1 minuto\" \/>\n<script type=\"application\/ld+json\" class=\"yoast-schema-graph\">{\"@context\":\"https:\\\/\\\/schema.org\",\"@graph\":[{\"@type\":\"Article\",\"@id\":\"https:\\\/\\\/osepmendoza.com.ar\\\/web\\\/vacunacion-antigripal-2022-para-afiliados-de-osep\\\/#article\",\"isPartOf\":{\"@id\":\"https:\\\/\\\/osepmendoza.com.ar\\\/web\\\/vacunacion-antigripal-2022-para-afiliados-de-osep\\\/\"},\"author\":{\"name\":\"Natalia\",\"@id\":\"https:\\\/\\\/osepmendoza.com.ar\\\/web\\\/#\\\/schema\\\/person\\\/2590e96f8ad3beae7291ee632fea6f9a\"},\"headline\":\"Vacunaci\u00f3n antigripal 2022 para afiliados de OSEP\",\"datePublished\":\"2022-04-13T15:48:09+00:00\",\"mainEntityOfPage\":{\"@id\":\"https:\\\/\\\/osepmendoza.com.ar\\\/web\\\/vacunacion-antigripal-2022-para-afiliados-de-osep\\\/\"},\"wordCount\":246,\"publisher\":{\"@id\":\"https:\\\/\\\/osepmendoza.com.ar\\\/web\\\/#organization\"},\"image\":{\"@id\":\"https:\\\/\\\/osepmendoza.com.ar\\\/web\\\/vacunacion-antigripal-2022-para-afiliados-de-osep\\\/#primaryimage\"},\"thumbnailUrl\":\"https:\\\/\\\/osepmendoza.com.ar\\\/web\\\/wp-content\\\/uploads\\\/2022\\\/04\\\/WhatsApp-Image-2022-04-13-at-12.29.35-PM.jpeg\",\"articleSection\":[\"Noticias\"],\"inLanguage\":\"es\"},{\"@type\":\"WebPage\",\"@id\":\"https:\\\/\\\/osepmendoza.com.ar\\\/web\\\/vacunacion-antigripal-2022-para-afiliados-de-osep\\\/\",\"url\":\"https:\\\/\\\/osepmendoza.com.ar\\\/web\\\/vacunacion-antigripal-2022-para-afiliados-de-osep\\\/\",\"name\":\"Vacunaci\u00f3n antigripal 2022 para afiliados de OSEP - OSEP Mendoza\",\"isPartOf\":{\"@id\":\"https:\\\/\\\/osepmendoza.com.ar\\\/web\\\/#website\"},\"primaryImageOfPage\":{\"@id\":\"https:\\\/\\\/osepmendoza.com.ar\\\/web\\\/vacunacion-antigripal-2022-para-afiliados-de-osep\\\/#primaryimage\"},\"image\":{\"@id\":\"https:\\\/\\\/osepmendoza.com.ar\\\/web\\\/vacunacion-antigripal-2022-para-afiliados-de-osep\\\/#primaryimage\"},\"thumbnailUrl\":\"https:\\\/\\\/osepmendoza.com.ar\\\/web\\\/wp-content\\\/uploads\\\/2022\\\/04\\\/WhatsApp-Image-2022-04-13-at-12.29.35-PM.jpeg\",\"datePublished\":\"2022-04-13T15:48:09+00:00\",\"breadcrumb\":{\"@id\":\"https:\\\/\\\/osepmendoza.com.ar\\\/web\\\/vacunacion-antigripal-2022-para-afiliados-de-osep\\\/#breadcrumb\"},\"inLanguage\":\"es\",\"potentialAction\":[{\"@type\":\"ReadAction\",\"target\":[\"https:\\\/\\\/osepmendoza.com.ar\\\/web\\\/vacunacion-antigripal-2022-para-afiliados-de-osep\\\/\"]}]},{\"@type\":\"ImageObject\",\"inLanguage\":\"es\",\"@id\":\"https:\\\/\\\/osepmendoza.com.ar\\\/web\\\/vacunacion-antigripal-2022-para-afiliados-de-osep\\\/#primaryimage\",\"url\":\"https:\\\/\\\/osepmendoza.com.ar\\\/web\\\/wp-content\\\/uploads\\\/2022\\\/04\\\/WhatsApp-Image-2022-04-13-at-12.29.35-PM.jpeg\",\"contentUrl\":\"https:\\\/\\\/osepmendoza.com.ar\\\/web\\\/wp-content\\\/uploads\\\/2022\\\/04\\\/WhatsApp-Image-2022-04-13-at-12.29.35-PM.jpeg\",\"width\":1200,\"height\":438},{\"@type\":\"BreadcrumbList\",\"@id\":\"https:\\\/\\\/osepmendoza.com.ar\\\/web\\\/vacunacion-antigripal-2022-para-afiliados-de-osep\\\/#breadcrumb\",\"itemListElement\":[{\"@type\":\"ListItem\",\"position\":1,\"name\":\"Portada\",\"item\":\"https:\\\/\\\/osepmendoza.com.ar\\\/web\\\/\"},{\"@type\":\"ListItem\",\"position\":2,\"name\":\"Vacunaci\u00f3n antigripal 2022 para afiliados de OSEP\"}]},{\"@type\":\"WebSite\",\"@id\":\"https:\\\/\\\/osepmendoza.com.ar\\\/web\\\/#website\",\"url\":\"https:\\\/\\\/osepmendoza.com.ar\\\/web\\\/\",\"name\":\"OSEP Mendoza\",\"description\":\"Obra Social de los Empleados P\u00fablicos de Mendoza\",\"publisher\":{\"@id\":\"https:\\\/\\\/osepmendoza.com.ar\\\/web\\\/#organization\"},\"potentialAction\":[{\"@type\":\"SearchAction\",\"target\":{\"@type\":\"EntryPoint\",\"urlTemplate\":\"https:\\\/\\\/osepmendoza.com.ar\\\/web\\\/?s={search_term_string}\"},\"query-input\":{\"@type\":\"PropertyValueSpecification\",\"valueRequired\":true,\"valueName\":\"search_term_string\"}}],\"inLanguage\":\"es\"},{\"@type\":\"Organization\",\"@id\":\"https:\\\/\\\/osepmendoza.com.ar\\\/web\\\/#organization\",\"name\":\"OSEP - Obra Social de Empleados P\u00fablicos de Mendoza\",\"url\":\"https:\\\/\\\/osepmendoza.com.ar\\\/web\\\/\",\"logo\":{\"@type\":\"ImageObject\",\"inLanguage\":\"es\",\"@id\":\"https:\\\/\\\/osepmendoza.com.ar\\\/web\\\/#\\\/schema\\\/logo\\\/image\\\/\",\"url\":\"https:\\\/\\\/osepmendoza.com.ar\\\/web\\\/wp-content\\\/uploads\\\/2020\\\/04\\\/lkTM9T9z.jpg\",\"contentUrl\":\"https:\\\/\\\/osepmendoza.com.ar\\\/web\\\/wp-content\\\/uploads\\\/2020\\\/04\\\/lkTM9T9z.jpg\",\"width\":334,\"height\":334,\"caption\":\"OSEP - Obra Social de Empleados P\u00fablicos de Mendoza\"},\"image\":{\"@id\":\"https:\\\/\\\/osepmendoza.com.ar\\\/web\\\/#\\\/schema\\\/logo\\\/image\\\/\"},\"sameAs\":[\"https:\\\/\\\/www.facebook.com\\\/OSEP.MendozaArg\\\/\",\"https:\\\/\\\/x.com\\\/OsepMza\",\"https:\\\/\\\/www.instagram.com\\\/osep.mendoza\\\/\",\"https:\\\/\\\/www.youtube.com\\\/user\\\/osepvideos\"]},{\"@type\":\"Person\",\"@id\":\"https:\\\/\\\/osepmendoza.com.ar\\\/web\\\/#\\\/schema\\\/person\\\/2590e96f8ad3beae7291ee632fea6f9a\",\"name\":\"Natalia\",\"image\":{\"@type\":\"ImageObject\",\"inLanguage\":\"es\",\"@id\":\"https:\\\/\\\/secure.gravatar.com\\\/avatar\\\/7ff3d3b56137b46f328f9afe7b1d2a340581d3390d9774896e20f3d7f8d9258c?s=96&d=mm&r=g\",\"url\":\"https:\\\/\\\/secure.gravatar.com\\\/avatar\\\/7ff3d3b56137b46f328f9afe7b1d2a340581d3390d9774896e20f3d7f8d9258c?s=96&d=mm&r=g\",\"contentUrl\":\"https:\\\/\\\/secure.gravatar.com\\\/avatar\\\/7ff3d3b56137b46f328f9afe7b1d2a340581d3390d9774896e20f3d7f8d9258c?s=96&d=mm&r=g\",\"caption\":\"Natalia\"},\"sameAs\":[\"http:\\\/\\\/osepmendoza.com.ar\\\/web\"]}]}<\/script>\n<!-- \/ Yoast SEO plugin. -->","yoast_head_json":{"title":"Vacunaci\u00f3n antigripal 2022 para afiliados de OSEP - OSEP Mendoza","robots":{"index":"index","follow":"follow","max-snippet":"max-snippet:-1","max-image-preview":"max-image-preview:large","max-video-preview":"max-video-preview:-1"},"canonical":"https:\/\/osepmendoza.com.ar\/web\/vacunacion-antigripal-2022-para-afiliados-de-osep\/","og_locale":"es_ES","og_type":"article","og_title":"Vacunaci\u00f3n antigripal 2022 para afiliados de OSEP - OSEP Mendoza","og_description":"Comenz\u00f3 la vacunaci\u00f3n antigripal en Mendoza y acorde a la...","og_url":"https:\/\/osepmendoza.com.ar\/web\/vacunacion-antigripal-2022-para-afiliados-de-osep\/","og_site_name":"OSEP Mendoza","article_publisher":"https:\/\/www.facebook.com\/OSEP.MendozaArg\/","article_published_time":"2022-04-13T15:48:09+00:00","og_image":[{"width":1200,"height":438,"url":"https:\/\/osepmendoza.com.ar\/web\/wp-content\/uploads\/2022\/04\/WhatsApp-Image-2022-04-13-at-12.29.35-PM.jpeg","type":"image\/jpeg"}],"author":"Natalia","twitter_card":"summary_large_image","twitter_creator":"@OsepMza","twitter_site":"@OsepMza","twitter_misc":{"Escrito por":"Natalia","Tiempo de lectura":"1 minuto"},"schema":{"@context":"https:\/\/schema.org","@graph":[{"@type":"Article","@id":"https:\/\/osepmendoza.com.ar\/web\/vacunacion-antigripal-2022-para-afiliados-de-osep\/#article","isPartOf":{"@id":"https:\/\/osepmendoza.com.ar\/web\/vacunacion-antigripal-2022-para-afiliados-de-osep\/"},"author":{"name":"Natalia","@id":"https:\/\/osepmendoza.com.ar\/web\/#\/schema\/person\/2590e96f8ad3beae7291ee632fea6f9a"},"headline":"Vacunaci\u00f3n antigripal 2022 para afiliados de OSEP","datePublished":"2022-04-13T15:48:09+00:00","mainEntityOfPage":{"@id":"https:\/\/osepmendoza.com.ar\/web\/vacunacion-antigripal-2022-para-afiliados-de-osep\/"},"wordCount":246,"publisher":{"@id":"https:\/\/osepmendoza.com.ar\/web\/#organization"},"image":{"@id":"https:\/\/osepmendoza.com.ar\/web\/vacunacion-antigripal-2022-para-afiliados-de-osep\/#primaryimage"},"thumbnailUrl":"https:\/\/osepmendoza.com.ar\/web\/wp-content\/uploads\/2022\/04\/WhatsApp-Image-2022-04-13-at-12.29.35-PM.jpeg","articleSection":["Noticias"],"inLanguage":"es"},{"@type":"WebPage","@id":"https:\/\/osepmendoza.com.ar\/web\/vacunacion-antigripal-2022-para-afiliados-de-osep\/","url":"https:\/\/osepmendoza.com.ar\/web\/vacunacion-antigripal-2022-para-afiliados-de-osep\/","name":"Vacunaci\u00f3n antigripal 2022 para afiliados de OSEP - OSEP Mendoza","isPartOf":{"@id":"https:\/\/osepmendoza.com.ar\/web\/#website"},"primaryImageOfPage":{"@id":"https:\/\/osepmendoza.com.ar\/web\/vacunacion-antigripal-2022-para-afiliados-de-osep\/#primaryimage"},"image":{"@id":"https:\/\/osepmendoza.com.ar\/web\/vacunacion-antigripal-2022-para-afiliados-de-osep\/#primaryimage"},"thumbnailUrl":"https:\/\/osepmendoza.com.ar\/web\/wp-content\/uploads\/2022\/04\/WhatsApp-Image-2022-04-13-at-12.29.35-PM.jpeg","datePublished":"2022-04-13T15:48:09+00:00","breadcrumb":{"@id":"https:\/\/osepmendoza.com.ar\/web\/vacunacion-antigripal-2022-para-afiliados-de-osep\/#breadcrumb"},"inLanguage":"es","potentialAction":[{"@type":"ReadAction","target":["https:\/\/osepmendoza.com.ar\/web\/vacunacion-antigripal-2022-para-afiliados-de-osep\/"]}]},{"@type":"ImageObject","inLanguage":"es","@id":"https:\/\/osepmendoza.com.ar\/web\/vacunacion-antigripal-2022-para-afiliados-de-osep\/#primaryimage","url":"https:\/\/osepmendoza.com.ar\/web\/wp-content\/uploads\/2022\/04\/WhatsApp-Image-2022-04-13-at-12.29.35-PM.jpeg","contentUrl":"https:\/\/osepmendoza.com.ar\/web\/wp-content\/uploads\/2022\/04\/WhatsApp-Image-2022-04-13-at-12.29.35-PM.jpeg","width":1200,"height":438},{"@type":"BreadcrumbList","@id":"https:\/\/osepmendoza.com.ar\/web\/vacunacion-antigripal-2022-para-afiliados-de-osep\/#breadcrumb","itemListElement":[{"@type":"ListItem","position":1,"name":"Portada","item":"https:\/\/osepmendoza.com.ar\/web\/"},{"@type":"ListItem","position":2,"name":"Vacunaci\u00f3n antigripal 2022 para afiliados de OSEP"}]},{"@type":"WebSite","@id":"https:\/\/osepmendoza.com.ar\/web\/#website","url":"https:\/\/osepmendoza.com.ar\/web\/","name":"OSEP Mendoza","description":"Obra Social de los Empleados P\u00fablicos de Mendoza","publisher":{"@id":"https:\/\/osepmendoza.com.ar\/web\/#organization"},"potentialAction":[{"@type":"SearchAction","target":{"@type":"EntryPoint","urlTemplate":"https:\/\/osepmendoza.com.ar\/web\/?s={search_term_string}"},"query-input":{"@type":"PropertyValueSpecification","valueRequired":true,"valueName":"search_term_string"}}],"inLanguage":"es"},{"@type":"Organization","@id":"https:\/\/osepmendoza.com.ar\/web\/#organization","name":"OSEP - Obra Social de Empleados P\u00fablicos de Mendoza","url":"https:\/\/osepmendoza.com.ar\/web\/","logo":{"@type":"ImageObject","inLanguage":"es","@id":"https:\/\/osepmendoza.com.ar\/web\/#\/schema\/logo\/image\/","url":"https:\/\/osepmendoza.com.ar\/web\/wp-content\/uploads\/2020\/04\/lkTM9T9z.jpg","contentUrl":"https:\/\/osepmendoza.com.ar\/web\/wp-content\/uploads\/2020\/04\/lkTM9T9z.jpg","width":334,"height":334,"caption":"OSEP - Obra Social de Empleados P\u00fablicos de Mendoza"},"image":{"@id":"https:\/\/osepmendoza.com.ar\/web\/#\/schema\/logo\/image\/"},"sameAs":["https:\/\/www.facebook.com\/OSEP.MendozaArg\/","https:\/\/x.com\/OsepMza","https:\/\/www.instagram.com\/osep.mendoza\/","https:\/\/www.youtube.com\/user\/osepvideos"]},{"@type":"Person","@id":"https:\/\/osepmendoza.com.ar\/web\/#\/schema\/person\/2590e96f8ad3beae7291ee632fea6f9a","name":"Natalia","image":{"@type":"ImageObject","inLanguage":"es","@id":"https:\/\/secure.gravatar.com\/avatar\/7ff3d3b56137b46f328f9afe7b1d2a340581d3390d9774896e20f3d7f8d9258c?s=96&d=mm&r=g","url":"https:\/\/secure.gravatar.com\/avatar\/7ff3d3b56137b46f328f9afe7b1d2a340581d3390d9774896e20f3d7f8d9258c?s=96&d=mm&r=g","contentUrl":"https:\/\/secure.gravatar.com\/avatar\/7ff3d3b56137b46f328f9afe7b1d2a340581d3390d9774896e20f3d7f8d9258c?s=96&d=mm&r=g","caption":"Natalia"},"sameAs":["http:\/\/osepmendoza.com.ar\/web"]}]}},"amp_enabled":true,"_links":{"self":[{"href":"https:\/\/osepmendoza.com.ar\/web\/wp-json\/wp\/v2\/posts\/45969","targetHints":{"allow":["GET"]}}],"collection":[{"href":"https:\/\/osepmendoza.com.ar\/web\/wp-json\/wp\/v2\/posts"}],"about":[{"href":"https:\/\/osepmendoza.com.ar\/web\/wp-json\/wp\/v2\/types\/post"}],"author":[{"embeddable":true,"href":"https:\/\/osepmendoza.com.ar\/web\/wp-json\/wp\/v2\/users\/9"}],"replies":[{"embeddable":true,"href":"https:\/\/osepmendoza.com.ar\/web\/wp-json\/wp\/v2\/comments?post=45969"}],"version-history":[{"count":1,"href":"https:\/\/osepmendoza.com.ar\/web\/wp-json\/wp\/v2\/posts\/45969\/revisions"}],"predecessor-version":[{"id":45971,"href":"https:\/\/osepmendoza.com.ar\/web\/wp-json\/wp\/v2\/posts\/45969\/revisions\/45971"}],"wp:featuredmedia":[{"embeddable":true,"href":"https:\/\/osepmendoza.com.ar\/web\/wp-json\/wp\/v2\/media\/45970"}],"wp:attachment":[{"href":"https:\/\/osepmendoza.com.ar\/web\/wp-json\/wp\/v2\/media?parent=45969"}],"wp:term":[{"taxonomy":"category","embeddable":true,"href":"https:\/\/osepmendoza.com.ar\/web\/wp-json\/wp\/v2\/categories?post=45969"},{"taxonomy":"post_tag","embeddable":true,"href":"https:\/\/osepmendoza.com.ar\/web\/wp-json\/wp\/v2\/tags?post=45969"}],"curies":[{"name":"wp","href":"https:\/\/api.w.org\/{rel}","templated":true}]}}