{"id":45874,"date":"2022-03-25T10:50:26","date_gmt":"2022-03-25T13:50:26","guid":{"rendered":"https:\/\/osepmendoza.com.ar\/web\/?p=45874"},"modified":"2022-03-25T10:50:26","modified_gmt":"2022-03-25T13:50:26","slug":"guardia-pediatrica-hospital-fleming-recomendaciones-para-saber-cuando-llevar-a-tu-hijo-a","status":"publish","type":"post","link":"https:\/\/osepmendoza.com.ar\/web\/guardia-pediatrica-hospital-fleming-recomendaciones-para-saber-cuando-llevar-a-tu-hijo-a\/","title":{"rendered":"Guardia pedi\u00e1trica Hospital Fleming. Recomendaciones para saber cu\u00e1ndo llevar a tu hijo\/a"},"content":{"rendered":"<p>Las consultas por enfermedades respiratorias y gastrointestinales en los m\u00e1s peque\u00f1os han registrado un aumento en el \u00faltimo mes. Se ha observado que los padres buscan atenci\u00f3n por guardia de estos casos y por sus caracter\u00edsticas, son enfermedades para ser atendidas en primera instancia por los m\u00e9dicos de cabecera o el pediatra de referencia.<\/p>\n<p>Es importante mencionar que la prioridad de atenci\u00f3n en la guardia del Hospital Fleming se brinda por un sistema de clasificaci\u00f3n que realiza el personal de enfermer\u00eda, valorando la gravedad del paciente. Para hacerlo m\u00e1s visible se ordena por colores:<\/p>\n<p><span style=\"color: #ff0000;\"><strong>ROJO<\/strong>:<\/span> atenci\u00f3n cr\u00edtica de EMERGENCIA, es el paciente con riesgo de vida y debe atenderse en forma inmediata.<\/p>\n<p><span style=\"color: #ffff00;\"><strong><span style=\"color: #ffcc00;\">AMARILLO<\/span>:<\/strong><\/span> es un URGENCIA, se considera que el paciente podr\u00eda empeorar y requiere de atenci\u00f3n r\u00e1pida en el trascurso de una hora.<\/p>\n<p><span style=\"color: #008000;\"><strong>VERDE:<\/strong><\/span> no es una urgencia, suele ser una consulta habitual y la atenci\u00f3n puede realizarse en dos a tres horas o bien con su m\u00e9dico de cabecera.<\/p>\n<p>La guardia es un servicio preparado para atender <em>sin demoras<\/em> emergencias y urgencias principalmente. Los padres deben saber que concurrir al hospital por cuadros leves y estar en las salas de espera puede exponer a los ni\u00f1os y ni\u00f1as al contagio de g\u00e9rmenes intrahospitalarios que son m\u00e1s agresivos.<\/p>\n<p>&nbsp;<\/p>\n<p><strong>Enfermedades \u201cautolimitadas\u201d no requieren atenci\u00f3n de guardia<\/strong><\/p>\n<p>Es importante destacar que la provincia en general ha registrado un aumento de patolog\u00edas agudas asociadas a la gastroenteritis, cuadros respiratorios o s\u00edndromes gripales. Muchas de ellas son <em>autolimitadas<\/em>, esto quiere decir que van cediendo espont\u00e1neamente al cabo de unos d\u00edas ya que el sistema inmunol\u00f3gico forma anticuerpos que \u201cmatan\u201d al germen en un proceso que dura 7 a 10 d\u00edas y que en la mayor\u00eda de los casos no requieren antibi\u00f3ticos, solo tratamiento sintom\u00e1tico, reposo y estar muy atentos a los signos de alarma.<\/p>\n<p>&nbsp;<\/p>\n<p><strong>Fiebre, un s\u00edntoma frecuente<\/strong><\/p>\n<p>En varias de estas patolog\u00edas el s\u00edntoma com\u00fan suele ser la presencia de fiebre. Los equipos m\u00e9dicos recomiendan tener en cuenta algunos signos de alarma que deben estar asociados a la hora de asistir a una guardia pedi\u00e1trica.<\/p>\n<p>Si est\u00e1 vinculada a las siguientes caracter\u00edsticas reviste importancia y deben concurrir:<\/p>\n<ul>\n<li>Cuando la fiebre persiste m\u00e1s de tres d\u00edas<\/li>\n<li>Si se trata de un beb\u00e9 o menor de un a\u00f1o<\/li>\n<li>Si es un ni\u00f1o o ni\u00f1a con enfermedades de base o inmunodeprimidos<\/li>\n<li>Si hay decaimiento marcado<\/li>\n<li>Cambios en la coloraci\u00f3n de la piel<\/li>\n<li>Si el estado general va empeorando<\/li>\n<\/ul>\n<p>De esta manera muchos de estos cuadros se pueden controlar inicialmente en casa y consultando con el m\u00e9dico de cabecera en el primer nivel de atenci\u00f3n: centros de salud, sedes de la obra social y consultorios. Si aparecieran los signos de alerta acudir de inmediato al hospital.<\/p>\n<p><strong>Gripe y cuadros respiratorios<\/strong><\/p>\n<p>Con el arranque de las clases no tard\u00f3 en llegar el contagio de enfermedades virales respiratorias. Es habitual ver en estos d\u00edas ni\u00f1os con tos, fiebre y mocos. Se debe procurar que el ni\u00f1o o ni\u00f1a haga reposo, se hidrate y manejar la fiebre seg\u00fan las indicaciones que le ha ense\u00f1ado su pediatra de cabecera.<\/p>\n<p>De presentarse los siguientes <em>signos de alarma<\/em> se debe acudir al m\u00e9dico o guardia:<\/p>\n<ul>\n<li>Fiebre persistente<\/li>\n<li>Decaimiento marcado<\/li>\n<li>Dificultad para respirar: agitado, silbidos en el pecho, si se marcan las costillas al respirar<\/li>\n<li>Rechazo del alimento<\/li>\n<li>Cambios de coloraci\u00f3n en la piel<\/li>\n<\/ul>\n<p><strong>Gastroenteritis<\/strong><\/p>\n<p>Fiebre, v\u00f3mitos y diarrea son los s\u00edntomas m\u00e1s frecuentes de la gastroenteritis aguda.<\/p>\n<p>Esta enfermedad se origina generalmente por un agente infeccioso, la mayor\u00eda de las veces un virus que ingresa por la boca y produce inflamaci\u00f3n del est\u00f3mago y del intestino.<\/p>\n<p>Es importante reforzar los cuidados sobre la manipulaci\u00f3n e higiene de los alimentos que les brindamos a los m\u00e1s peque\u00f1os.<\/p>\n<p>Las enfermedades gastrointestinales pueden tratarse inicialmente en casa teniendo en cuenta que el proceso de <strong>hidrataci\u00f3n<\/strong> es clave para la recuperaci\u00f3n.<\/p>\n<ul>\n<li>En beb\u00e9s se sugiere continuar la lactancia a demanda.<\/li>\n<li>Las bebidas deportivas (tipo Gatorade o Powerade) NO son adecuadas para los menores con gastroenteritis.<\/li>\n<li>Respecto a la comida, incorporar lo antes posible la alimentaci\u00f3n saludable a la que habitualmente est\u00e9 acostumbrado.<\/li>\n<li>Evitar la automedicaci\u00f3n.<\/li>\n<\/ul>\n<p>En un cuadro de gastroenteritis, ante la aparici\u00f3n de los siguientes <strong>signos de alarma<\/strong>, se recomienda asistir al m\u00e9dico o guardia:<\/p>\n<ul>\n<li>Fiebre continua de m\u00e1s de tres d\u00edas<\/li>\n<li>Deshidrataci\u00f3n<\/li>\n<li>Decaimiento<\/li>\n<li>Poca frecuencia para orinar<\/li>\n<li>Llanto sin l\u00e1grimas<\/li>\n<li>Boca seca, pastosa<\/li>\n<li>Diarrea con sangre<\/li>\n<li>V\u00f3mitos frecuentes<\/li>\n<\/ul>\n","protected":false},"excerpt":{"rendered":"<p>Las consultas por enfermedades respiratorias y gastrointestinales en los m\u00e1s&#8230;<\/p>\n","protected":false},"author":9,"featured_media":45875,"comment_status":"closed","ping_status":"open","sticky":false,"template":"","format":"standard","meta":{"_acf_changed":false,"inline_featured_image":false,"_exactmetrics_skip_tracking":false,"_exactmetrics_sitenote_active":false,"_exactmetrics_sitenote_note":"","_exactmetrics_sitenote_category":0,"footnotes":"","_links_to":"","_links_to_target":""},"categories":[101],"tags":[],"class_list":["post-45874","post","type-post","status-publish","format-standard","has-post-thumbnail","hentry","category-noticias"],"acf":[],"yoast_head":"<!-- This site is optimized with the Yoast SEO plugin v27.4 - https:\/\/yoast.com\/product\/yoast-seo-wordpress\/ -->\n<title>Guardia pedi\u00e1trica Hospital Fleming. Recomendaciones para saber cu\u00e1ndo llevar a tu hijo\/a - OSEP Mendoza<\/title>\n<meta name=\"robots\" content=\"index, follow, max-snippet:-1, max-image-preview:large, max-video-preview:-1\" \/>\n<link rel=\"canonical\" href=\"https:\/\/osepmendoza.com.ar\/web\/guardia-pediatrica-hospital-fleming-recomendaciones-para-saber-cuando-llevar-a-tu-hijo-a\/\" \/>\n<meta property=\"og:locale\" content=\"es_ES\" \/>\n<meta property=\"og:type\" content=\"article\" \/>\n<meta property=\"og:title\" content=\"Guardia pedi\u00e1trica Hospital Fleming. Recomendaciones para saber cu\u00e1ndo llevar a tu hijo\/a - OSEP Mendoza\" \/>\n<meta property=\"og:description\" content=\"Las consultas por enfermedades respiratorias y gastrointestinales en los m\u00e1s...\" \/>\n<meta property=\"og:url\" content=\"https:\/\/osepmendoza.com.ar\/web\/guardia-pediatrica-hospital-fleming-recomendaciones-para-saber-cuando-llevar-a-tu-hijo-a\/\" \/>\n<meta property=\"og:site_name\" content=\"OSEP Mendoza\" \/>\n<meta property=\"article:publisher\" content=\"https:\/\/www.facebook.com\/OSEP.MendozaArg\/\" \/>\n<meta property=\"article:published_time\" content=\"2022-03-25T13:50:26+00:00\" \/>\n<meta property=\"og:image\" content=\"https:\/\/osepmendoza.com.ar\/web\/wp-content\/uploads\/2022\/03\/NINO.jpeg\" \/>\n\t<meta property=\"og:image:width\" content=\"1200\" \/>\n\t<meta property=\"og:image:height\" content=\"438\" \/>\n\t<meta property=\"og:image:type\" content=\"image\/jpeg\" \/>\n<meta name=\"author\" content=\"Natalia\" \/>\n<meta name=\"twitter:card\" content=\"summary_large_image\" \/>\n<meta name=\"twitter:creator\" content=\"@OsepMza\" \/>\n<meta name=\"twitter:site\" content=\"@OsepMza\" \/>\n<meta name=\"twitter:label1\" content=\"Escrito por\" \/>\n\t<meta name=\"twitter:data1\" content=\"Natalia\" \/>\n\t<meta name=\"twitter:label2\" content=\"Tiempo de lectura\" \/>\n\t<meta name=\"twitter:data2\" content=\"4 minutos\" \/>\n<script type=\"application\/ld+json\" class=\"yoast-schema-graph\">{\"@context\":\"https:\\\/\\\/schema.org\",\"@graph\":[{\"@type\":\"Article\",\"@id\":\"https:\\\/\\\/osepmendoza.com.ar\\\/web\\\/guardia-pediatrica-hospital-fleming-recomendaciones-para-saber-cuando-llevar-a-tu-hijo-a\\\/#article\",\"isPartOf\":{\"@id\":\"https:\\\/\\\/osepmendoza.com.ar\\\/web\\\/guardia-pediatrica-hospital-fleming-recomendaciones-para-saber-cuando-llevar-a-tu-hijo-a\\\/\"},\"author\":{\"name\":\"Natalia\",\"@id\":\"https:\\\/\\\/osepmendoza.com.ar\\\/web\\\/#\\\/schema\\\/person\\\/2590e96f8ad3beae7291ee632fea6f9a\"},\"headline\":\"Guardia pedi\u00e1trica Hospital Fleming. Recomendaciones para saber cu\u00e1ndo llevar a tu hijo\\\/a\",\"datePublished\":\"2022-03-25T13:50:26+00:00\",\"mainEntityOfPage\":{\"@id\":\"https:\\\/\\\/osepmendoza.com.ar\\\/web\\\/guardia-pediatrica-hospital-fleming-recomendaciones-para-saber-cuando-llevar-a-tu-hijo-a\\\/\"},\"wordCount\":813,\"publisher\":{\"@id\":\"https:\\\/\\\/osepmendoza.com.ar\\\/web\\\/#organization\"},\"image\":{\"@id\":\"https:\\\/\\\/osepmendoza.com.ar\\\/web\\\/guardia-pediatrica-hospital-fleming-recomendaciones-para-saber-cuando-llevar-a-tu-hijo-a\\\/#primaryimage\"},\"thumbnailUrl\":\"https:\\\/\\\/osepmendoza.com.ar\\\/web\\\/wp-content\\\/uploads\\\/2022\\\/03\\\/NINO.jpeg\",\"articleSection\":[\"Noticias\"],\"inLanguage\":\"es\"},{\"@type\":\"WebPage\",\"@id\":\"https:\\\/\\\/osepmendoza.com.ar\\\/web\\\/guardia-pediatrica-hospital-fleming-recomendaciones-para-saber-cuando-llevar-a-tu-hijo-a\\\/\",\"url\":\"https:\\\/\\\/osepmendoza.com.ar\\\/web\\\/guardia-pediatrica-hospital-fleming-recomendaciones-para-saber-cuando-llevar-a-tu-hijo-a\\\/\",\"name\":\"Guardia pedi\u00e1trica Hospital Fleming. Recomendaciones para saber cu\u00e1ndo llevar a tu hijo\\\/a - OSEP Mendoza\",\"isPartOf\":{\"@id\":\"https:\\\/\\\/osepmendoza.com.ar\\\/web\\\/#website\"},\"primaryImageOfPage\":{\"@id\":\"https:\\\/\\\/osepmendoza.com.ar\\\/web\\\/guardia-pediatrica-hospital-fleming-recomendaciones-para-saber-cuando-llevar-a-tu-hijo-a\\\/#primaryimage\"},\"image\":{\"@id\":\"https:\\\/\\\/osepmendoza.com.ar\\\/web\\\/guardia-pediatrica-hospital-fleming-recomendaciones-para-saber-cuando-llevar-a-tu-hijo-a\\\/#primaryimage\"},\"thumbnailUrl\":\"https:\\\/\\\/osepmendoza.com.ar\\\/web\\\/wp-content\\\/uploads\\\/2022\\\/03\\\/NINO.jpeg\",\"datePublished\":\"2022-03-25T13:50:26+00:00\",\"breadcrumb\":{\"@id\":\"https:\\\/\\\/osepmendoza.com.ar\\\/web\\\/guardia-pediatrica-hospital-fleming-recomendaciones-para-saber-cuando-llevar-a-tu-hijo-a\\\/#breadcrumb\"},\"inLanguage\":\"es\",\"potentialAction\":[{\"@type\":\"ReadAction\",\"target\":[\"https:\\\/\\\/osepmendoza.com.ar\\\/web\\\/guardia-pediatrica-hospital-fleming-recomendaciones-para-saber-cuando-llevar-a-tu-hijo-a\\\/\"]}]},{\"@type\":\"ImageObject\",\"inLanguage\":\"es\",\"@id\":\"https:\\\/\\\/osepmendoza.com.ar\\\/web\\\/guardia-pediatrica-hospital-fleming-recomendaciones-para-saber-cuando-llevar-a-tu-hijo-a\\\/#primaryimage\",\"url\":\"https:\\\/\\\/osepmendoza.com.ar\\\/web\\\/wp-content\\\/uploads\\\/2022\\\/03\\\/NINO.jpeg\",\"contentUrl\":\"https:\\\/\\\/osepmendoza.com.ar\\\/web\\\/wp-content\\\/uploads\\\/2022\\\/03\\\/NINO.jpeg\",\"width\":1200,\"height\":438},{\"@type\":\"BreadcrumbList\",\"@id\":\"https:\\\/\\\/osepmendoza.com.ar\\\/web\\\/guardia-pediatrica-hospital-fleming-recomendaciones-para-saber-cuando-llevar-a-tu-hijo-a\\\/#breadcrumb\",\"itemListElement\":[{\"@type\":\"ListItem\",\"position\":1,\"name\":\"Portada\",\"item\":\"https:\\\/\\\/osepmendoza.com.ar\\\/web\\\/\"},{\"@type\":\"ListItem\",\"position\":2,\"name\":\"Guardia pedi\u00e1trica Hospital Fleming. Recomendaciones para saber cu\u00e1ndo llevar a tu hijo\\\/a\"}]},{\"@type\":\"WebSite\",\"@id\":\"https:\\\/\\\/osepmendoza.com.ar\\\/web\\\/#website\",\"url\":\"https:\\\/\\\/osepmendoza.com.ar\\\/web\\\/\",\"name\":\"OSEP Mendoza\",\"description\":\"Obra Social de los Empleados P\u00fablicos de Mendoza\",\"publisher\":{\"@id\":\"https:\\\/\\\/osepmendoza.com.ar\\\/web\\\/#organization\"},\"potentialAction\":[{\"@type\":\"SearchAction\",\"target\":{\"@type\":\"EntryPoint\",\"urlTemplate\":\"https:\\\/\\\/osepmendoza.com.ar\\\/web\\\/?s={search_term_string}\"},\"query-input\":{\"@type\":\"PropertyValueSpecification\",\"valueRequired\":true,\"valueName\":\"search_term_string\"}}],\"inLanguage\":\"es\"},{\"@type\":\"Organization\",\"@id\":\"https:\\\/\\\/osepmendoza.com.ar\\\/web\\\/#organization\",\"name\":\"OSEP - Obra Social de Empleados P\u00fablicos de Mendoza\",\"url\":\"https:\\\/\\\/osepmendoza.com.ar\\\/web\\\/\",\"logo\":{\"@type\":\"ImageObject\",\"inLanguage\":\"es\",\"@id\":\"https:\\\/\\\/osepmendoza.com.ar\\\/web\\\/#\\\/schema\\\/logo\\\/image\\\/\",\"url\":\"https:\\\/\\\/osepmendoza.com.ar\\\/web\\\/wp-content\\\/uploads\\\/2020\\\/04\\\/lkTM9T9z.jpg\",\"contentUrl\":\"https:\\\/\\\/osepmendoza.com.ar\\\/web\\\/wp-content\\\/uploads\\\/2020\\\/04\\\/lkTM9T9z.jpg\",\"width\":334,\"height\":334,\"caption\":\"OSEP - Obra Social de Empleados P\u00fablicos de Mendoza\"},\"image\":{\"@id\":\"https:\\\/\\\/osepmendoza.com.ar\\\/web\\\/#\\\/schema\\\/logo\\\/image\\\/\"},\"sameAs\":[\"https:\\\/\\\/www.facebook.com\\\/OSEP.MendozaArg\\\/\",\"https:\\\/\\\/x.com\\\/OsepMza\",\"https:\\\/\\\/www.instagram.com\\\/osep.mendoza\\\/\",\"https:\\\/\\\/www.youtube.com\\\/user\\\/osepvideos\"]},{\"@type\":\"Person\",\"@id\":\"https:\\\/\\\/osepmendoza.com.ar\\\/web\\\/#\\\/schema\\\/person\\\/2590e96f8ad3beae7291ee632fea6f9a\",\"name\":\"Natalia\",\"image\":{\"@type\":\"ImageObject\",\"inLanguage\":\"es\",\"@id\":\"https:\\\/\\\/secure.gravatar.com\\\/avatar\\\/7ff3d3b56137b46f328f9afe7b1d2a340581d3390d9774896e20f3d7f8d9258c?s=96&d=mm&r=g\",\"url\":\"https:\\\/\\\/secure.gravatar.com\\\/avatar\\\/7ff3d3b56137b46f328f9afe7b1d2a340581d3390d9774896e20f3d7f8d9258c?s=96&d=mm&r=g\",\"contentUrl\":\"https:\\\/\\\/secure.gravatar.com\\\/avatar\\\/7ff3d3b56137b46f328f9afe7b1d2a340581d3390d9774896e20f3d7f8d9258c?s=96&d=mm&r=g\",\"caption\":\"Natalia\"},\"sameAs\":[\"http:\\\/\\\/osepmendoza.com.ar\\\/web\"]}]}<\/script>\n<!-- \/ Yoast SEO plugin. -->","yoast_head_json":{"title":"Guardia pedi\u00e1trica Hospital Fleming. Recomendaciones para saber cu\u00e1ndo llevar a tu hijo\/a - OSEP Mendoza","robots":{"index":"index","follow":"follow","max-snippet":"max-snippet:-1","max-image-preview":"max-image-preview:large","max-video-preview":"max-video-preview:-1"},"canonical":"https:\/\/osepmendoza.com.ar\/web\/guardia-pediatrica-hospital-fleming-recomendaciones-para-saber-cuando-llevar-a-tu-hijo-a\/","og_locale":"es_ES","og_type":"article","og_title":"Guardia pedi\u00e1trica Hospital Fleming. Recomendaciones para saber cu\u00e1ndo llevar a tu hijo\/a - OSEP Mendoza","og_description":"Las consultas por enfermedades respiratorias y gastrointestinales en los m\u00e1s...","og_url":"https:\/\/osepmendoza.com.ar\/web\/guardia-pediatrica-hospital-fleming-recomendaciones-para-saber-cuando-llevar-a-tu-hijo-a\/","og_site_name":"OSEP Mendoza","article_publisher":"https:\/\/www.facebook.com\/OSEP.MendozaArg\/","article_published_time":"2022-03-25T13:50:26+00:00","og_image":[{"width":1200,"height":438,"url":"https:\/\/osepmendoza.com.ar\/web\/wp-content\/uploads\/2022\/03\/NINO.jpeg","type":"image\/jpeg"}],"author":"Natalia","twitter_card":"summary_large_image","twitter_creator":"@OsepMza","twitter_site":"@OsepMza","twitter_misc":{"Escrito por":"Natalia","Tiempo de lectura":"4 minutos"},"schema":{"@context":"https:\/\/schema.org","@graph":[{"@type":"Article","@id":"https:\/\/osepmendoza.com.ar\/web\/guardia-pediatrica-hospital-fleming-recomendaciones-para-saber-cuando-llevar-a-tu-hijo-a\/#article","isPartOf":{"@id":"https:\/\/osepmendoza.com.ar\/web\/guardia-pediatrica-hospital-fleming-recomendaciones-para-saber-cuando-llevar-a-tu-hijo-a\/"},"author":{"name":"Natalia","@id":"https:\/\/osepmendoza.com.ar\/web\/#\/schema\/person\/2590e96f8ad3beae7291ee632fea6f9a"},"headline":"Guardia pedi\u00e1trica Hospital Fleming. Recomendaciones para saber cu\u00e1ndo llevar a tu hijo\/a","datePublished":"2022-03-25T13:50:26+00:00","mainEntityOfPage":{"@id":"https:\/\/osepmendoza.com.ar\/web\/guardia-pediatrica-hospital-fleming-recomendaciones-para-saber-cuando-llevar-a-tu-hijo-a\/"},"wordCount":813,"publisher":{"@id":"https:\/\/osepmendoza.com.ar\/web\/#organization"},"image":{"@id":"https:\/\/osepmendoza.com.ar\/web\/guardia-pediatrica-hospital-fleming-recomendaciones-para-saber-cuando-llevar-a-tu-hijo-a\/#primaryimage"},"thumbnailUrl":"https:\/\/osepmendoza.com.ar\/web\/wp-content\/uploads\/2022\/03\/NINO.jpeg","articleSection":["Noticias"],"inLanguage":"es"},{"@type":"WebPage","@id":"https:\/\/osepmendoza.com.ar\/web\/guardia-pediatrica-hospital-fleming-recomendaciones-para-saber-cuando-llevar-a-tu-hijo-a\/","url":"https:\/\/osepmendoza.com.ar\/web\/guardia-pediatrica-hospital-fleming-recomendaciones-para-saber-cuando-llevar-a-tu-hijo-a\/","name":"Guardia pedi\u00e1trica Hospital Fleming. Recomendaciones para saber cu\u00e1ndo llevar a tu hijo\/a - OSEP Mendoza","isPartOf":{"@id":"https:\/\/osepmendoza.com.ar\/web\/#website"},"primaryImageOfPage":{"@id":"https:\/\/osepmendoza.com.ar\/web\/guardia-pediatrica-hospital-fleming-recomendaciones-para-saber-cuando-llevar-a-tu-hijo-a\/#primaryimage"},"image":{"@id":"https:\/\/osepmendoza.com.ar\/web\/guardia-pediatrica-hospital-fleming-recomendaciones-para-saber-cuando-llevar-a-tu-hijo-a\/#primaryimage"},"thumbnailUrl":"https:\/\/osepmendoza.com.ar\/web\/wp-content\/uploads\/2022\/03\/NINO.jpeg","datePublished":"2022-03-25T13:50:26+00:00","breadcrumb":{"@id":"https:\/\/osepmendoza.com.ar\/web\/guardia-pediatrica-hospital-fleming-recomendaciones-para-saber-cuando-llevar-a-tu-hijo-a\/#breadcrumb"},"inLanguage":"es","potentialAction":[{"@type":"ReadAction","target":["https:\/\/osepmendoza.com.ar\/web\/guardia-pediatrica-hospital-fleming-recomendaciones-para-saber-cuando-llevar-a-tu-hijo-a\/"]}]},{"@type":"ImageObject","inLanguage":"es","@id":"https:\/\/osepmendoza.com.ar\/web\/guardia-pediatrica-hospital-fleming-recomendaciones-para-saber-cuando-llevar-a-tu-hijo-a\/#primaryimage","url":"https:\/\/osepmendoza.com.ar\/web\/wp-content\/uploads\/2022\/03\/NINO.jpeg","contentUrl":"https:\/\/osepmendoza.com.ar\/web\/wp-content\/uploads\/2022\/03\/NINO.jpeg","width":1200,"height":438},{"@type":"BreadcrumbList","@id":"https:\/\/osepmendoza.com.ar\/web\/guardia-pediatrica-hospital-fleming-recomendaciones-para-saber-cuando-llevar-a-tu-hijo-a\/#breadcrumb","itemListElement":[{"@type":"ListItem","position":1,"name":"Portada","item":"https:\/\/osepmendoza.com.ar\/web\/"},{"@type":"ListItem","position":2,"name":"Guardia pedi\u00e1trica Hospital Fleming. Recomendaciones para saber cu\u00e1ndo llevar a tu hijo\/a"}]},{"@type":"WebSite","@id":"https:\/\/osepmendoza.com.ar\/web\/#website","url":"https:\/\/osepmendoza.com.ar\/web\/","name":"OSEP Mendoza","description":"Obra Social de los Empleados P\u00fablicos de Mendoza","publisher":{"@id":"https:\/\/osepmendoza.com.ar\/web\/#organization"},"potentialAction":[{"@type":"SearchAction","target":{"@type":"EntryPoint","urlTemplate":"https:\/\/osepmendoza.com.ar\/web\/?s={search_term_string}"},"query-input":{"@type":"PropertyValueSpecification","valueRequired":true,"valueName":"search_term_string"}}],"inLanguage":"es"},{"@type":"Organization","@id":"https:\/\/osepmendoza.com.ar\/web\/#organization","name":"OSEP - Obra Social de Empleados P\u00fablicos de Mendoza","url":"https:\/\/osepmendoza.com.ar\/web\/","logo":{"@type":"ImageObject","inLanguage":"es","@id":"https:\/\/osepmendoza.com.ar\/web\/#\/schema\/logo\/image\/","url":"https:\/\/osepmendoza.com.ar\/web\/wp-content\/uploads\/2020\/04\/lkTM9T9z.jpg","contentUrl":"https:\/\/osepmendoza.com.ar\/web\/wp-content\/uploads\/2020\/04\/lkTM9T9z.jpg","width":334,"height":334,"caption":"OSEP - Obra Social de Empleados P\u00fablicos de Mendoza"},"image":{"@id":"https:\/\/osepmendoza.com.ar\/web\/#\/schema\/logo\/image\/"},"sameAs":["https:\/\/www.facebook.com\/OSEP.MendozaArg\/","https:\/\/x.com\/OsepMza","https:\/\/www.instagram.com\/osep.mendoza\/","https:\/\/www.youtube.com\/user\/osepvideos"]},{"@type":"Person","@id":"https:\/\/osepmendoza.com.ar\/web\/#\/schema\/person\/2590e96f8ad3beae7291ee632fea6f9a","name":"Natalia","image":{"@type":"ImageObject","inLanguage":"es","@id":"https:\/\/secure.gravatar.com\/avatar\/7ff3d3b56137b46f328f9afe7b1d2a340581d3390d9774896e20f3d7f8d9258c?s=96&d=mm&r=g","url":"https:\/\/secure.gravatar.com\/avatar\/7ff3d3b56137b46f328f9afe7b1d2a340581d3390d9774896e20f3d7f8d9258c?s=96&d=mm&r=g","contentUrl":"https:\/\/secure.gravatar.com\/avatar\/7ff3d3b56137b46f328f9afe7b1d2a340581d3390d9774896e20f3d7f8d9258c?s=96&d=mm&r=g","caption":"Natalia"},"sameAs":["http:\/\/osepmendoza.com.ar\/web"]}]}},"amp_enabled":true,"_links":{"self":[{"href":"https:\/\/osepmendoza.com.ar\/web\/wp-json\/wp\/v2\/posts\/45874","targetHints":{"allow":["GET"]}}],"collection":[{"href":"https:\/\/osepmendoza.com.ar\/web\/wp-json\/wp\/v2\/posts"}],"about":[{"href":"https:\/\/osepmendoza.com.ar\/web\/wp-json\/wp\/v2\/types\/post"}],"author":[{"embeddable":true,"href":"https:\/\/osepmendoza.com.ar\/web\/wp-json\/wp\/v2\/users\/9"}],"replies":[{"embeddable":true,"href":"https:\/\/osepmendoza.com.ar\/web\/wp-json\/wp\/v2\/comments?post=45874"}],"version-history":[{"count":1,"href":"https:\/\/osepmendoza.com.ar\/web\/wp-json\/wp\/v2\/posts\/45874\/revisions"}],"predecessor-version":[{"id":45876,"href":"https:\/\/osepmendoza.com.ar\/web\/wp-json\/wp\/v2\/posts\/45874\/revisions\/45876"}],"wp:featuredmedia":[{"embeddable":true,"href":"https:\/\/osepmendoza.com.ar\/web\/wp-json\/wp\/v2\/media\/45875"}],"wp:attachment":[{"href":"https:\/\/osepmendoza.com.ar\/web\/wp-json\/wp\/v2\/media?parent=45874"}],"wp:term":[{"taxonomy":"category","embeddable":true,"href":"https:\/\/osepmendoza.com.ar\/web\/wp-json\/wp\/v2\/categories?post=45874"},{"taxonomy":"post_tag","embeddable":true,"href":"https:\/\/osepmendoza.com.ar\/web\/wp-json\/wp\/v2\/tags?post=45874"}],"curies":[{"name":"wp","href":"https:\/\/api.w.org\/{rel}","templated":true}]}}