{"id":45786,"date":"2022-03-10T15:53:05","date_gmt":"2022-03-10T18:53:05","guid":{"rendered":"https:\/\/osepmendoza.com.ar\/web\/?p=45786"},"modified":"2023-07-03T08:44:08","modified_gmt":"2023-07-03T11:44:08","slug":"capacitacion-sobre-enfermedad-renal-en-osep","status":"publish","type":"post","link":"https:\/\/osepmendoza.com.ar\/web\/capacitacion-sobre-enfermedad-renal-en-osep\/","title":{"rendered":"Capacitaci\u00f3n sobre enfermedad renal en OSEP"},"content":{"rendered":"<p><strong>En el marco del D\u00eda Mundial del Ri\u00f1\u00f3n, que tiene lugar cada segundo jueves de marzo, la Obra Social realiz\u00f3 una capacitaci\u00f3n para profesionales de distintos servicios. La charla estuvo a cargo del especialista invitado, Walter Douthat y tuvo lugar en el edificio Xeltahuina, Salta 877, Ciudad.<\/strong><\/p>\n<p>\u201cEste encuentro tiene como objetivo concientizar sobre la enfermedad renal y trabajar para cerrar la brecha del conocimiento, ya que una cada 10 personas adultas en el mundo sufre estas enfermedades. Entonces, esta brecha est\u00e1 limitando la lucha contra la enfermedad renal e incrementando la mortalidad asociada a ella\u201d, destac\u00f3 el doctor Mart\u00edn Rubia, jefe de la Auditor\u00eda de Trasplante y Hemodi\u00e1lisis de OSEP, organizador de la actividad.<\/p>\n<p><strong>\u00bfPor qu\u00e9 se produce la enfermedad renal?<\/strong><\/p>\n<p align=\"left\">Cuando los ri\u00f1ones pierden gradualmente la capacidad de eliminar las toxinas generadas por el organismo hablamos de enfermedad renal cr\u00f3nica. Esta patolog\u00eda se define como \u201csilenciosa\u201d porque genera pocos o ning\u00fan s\u00edntoma durante mucho tiempo.<\/p>\n<p align=\"left\">La manifestaci\u00f3n m\u00e1s grave de la enfermedad renal es la insuficiencia renal cr\u00f3nica avanzada, que lleva al paciente a la necesidad de recurrir a terapia de sustituci\u00f3n renal, como son la di\u00e1lisis o el trasplante renal.<\/p>\n<p align=\"left\">La enfermedad renal cr\u00f3nica puede no manifestarse hasta que la funci\u00f3n renal se vea significativamente afectada. Por ello la importancia de mantener h\u00e1bitos saludables para la prevenci\u00f3n.<\/p>\n<p align=\"left\"><strong>Reglas de oro para mantener los ri\u00f1ones sanos:<\/strong><\/p>\n<ul>\n<li>Mantenerse en forma y activo<\/li>\n<li>Llevar un control regular de los niveles de glucosa en sangre<\/li>\n<li>Monitorear la presi\u00f3n arterial<\/li>\n<li>Alimentarse sanamente y cuidar el peso<\/li>\n<li>Beber agua<\/li>\n<li>No fumar<\/li>\n<li>No automedicarse<\/li>\n<li>Revisar la funci\u00f3n renal si padece diabetes, presi\u00f3n arterial alta, obesidad o alg\u00fan familiar tiene enfermedad renal<\/li>\n<\/ul>\n","protected":false},"excerpt":{"rendered":"<p>En el marco del D\u00eda Mundial del Ri\u00f1\u00f3n, que tiene&#8230;<\/p>\n","protected":false},"author":12,"featured_media":45787,"comment_status":"closed","ping_status":"open","sticky":false,"template":"","format":"standard","meta":{"_acf_changed":false,"inline_featured_image":false,"_exactmetrics_skip_tracking":false,"_exactmetrics_sitenote_active":false,"_exactmetrics_sitenote_note":"","_exactmetrics_sitenote_category":0,"footnotes":"","_links_to":"","_links_to_target":""},"categories":[101],"tags":[1450,141,1774],"class_list":["post-45786","post","type-post","status-publish","format-standard","has-post-thumbnail","hentry","category-noticias","tag-enfermedad-renal","tag-nefrologia","tag-rinones"],"acf":[],"yoast_head":"<!-- This site is optimized with the Yoast SEO plugin v27.4 - https:\/\/yoast.com\/product\/yoast-seo-wordpress\/ -->\n<title>Capacitaci\u00f3n sobre enfermedad renal en OSEP - OSEP Mendoza<\/title>\n<meta name=\"robots\" content=\"index, follow, max-snippet:-1, max-image-preview:large, max-video-preview:-1\" \/>\n<link rel=\"canonical\" href=\"https:\/\/osepmendoza.com.ar\/web\/capacitacion-sobre-enfermedad-renal-en-osep\/\" \/>\n<meta property=\"og:locale\" content=\"es_ES\" \/>\n<meta property=\"og:type\" content=\"article\" \/>\n<meta property=\"og:title\" content=\"Capacitaci\u00f3n sobre enfermedad renal en OSEP - OSEP Mendoza\" \/>\n<meta property=\"og:description\" content=\"En el marco del D\u00eda Mundial del Ri\u00f1\u00f3n, que tiene...\" \/>\n<meta property=\"og:url\" content=\"https:\/\/osepmendoza.com.ar\/web\/capacitacion-sobre-enfermedad-renal-en-osep\/\" \/>\n<meta property=\"og:site_name\" content=\"OSEP Mendoza\" \/>\n<meta property=\"article:publisher\" content=\"https:\/\/www.facebook.com\/OSEP.MendozaArg\/\" \/>\n<meta property=\"article:published_time\" content=\"2022-03-10T18:53:05+00:00\" \/>\n<meta property=\"article:modified_time\" content=\"2023-07-03T11:44:08+00:00\" \/>\n<meta property=\"og:image\" content=\"https:\/\/osepmendoza.com.ar\/web\/wp-content\/uploads\/2022\/03\/foto0-3.jpg\" \/>\n\t<meta property=\"og:image:width\" content=\"1200\" \/>\n\t<meta property=\"og:image:height\" content=\"438\" \/>\n\t<meta property=\"og:image:type\" content=\"image\/jpeg\" \/>\n<meta name=\"author\" content=\"Sebastian Fernandez\" \/>\n<meta name=\"twitter:card\" content=\"summary_large_image\" \/>\n<meta name=\"twitter:creator\" content=\"@OsepMza\" \/>\n<meta name=\"twitter:site\" content=\"@OsepMza\" \/>\n<meta name=\"twitter:label1\" content=\"Escrito por\" \/>\n\t<meta name=\"twitter:data1\" content=\"Sebastian Fernandez\" \/>\n\t<meta name=\"twitter:label2\" content=\"Tiempo de lectura\" \/>\n\t<meta name=\"twitter:data2\" content=\"2 minutos\" \/>\n<script type=\"application\/ld+json\" class=\"yoast-schema-graph\">{\"@context\":\"https:\\\/\\\/schema.org\",\"@graph\":[{\"@type\":\"Article\",\"@id\":\"https:\\\/\\\/osepmendoza.com.ar\\\/web\\\/capacitacion-sobre-enfermedad-renal-en-osep\\\/#article\",\"isPartOf\":{\"@id\":\"https:\\\/\\\/osepmendoza.com.ar\\\/web\\\/capacitacion-sobre-enfermedad-renal-en-osep\\\/\"},\"author\":{\"name\":\"Sebastian Fernandez\",\"@id\":\"https:\\\/\\\/osepmendoza.com.ar\\\/web\\\/#\\\/schema\\\/person\\\/90986df7128a51e32bb66102fc247eb2\"},\"headline\":\"Capacitaci\u00f3n sobre enfermedad renal en OSEP\",\"datePublished\":\"2022-03-10T18:53:05+00:00\",\"dateModified\":\"2023-07-03T11:44:08+00:00\",\"mainEntityOfPage\":{\"@id\":\"https:\\\/\\\/osepmendoza.com.ar\\\/web\\\/capacitacion-sobre-enfermedad-renal-en-osep\\\/\"},\"wordCount\":307,\"publisher\":{\"@id\":\"https:\\\/\\\/osepmendoza.com.ar\\\/web\\\/#organization\"},\"image\":{\"@id\":\"https:\\\/\\\/osepmendoza.com.ar\\\/web\\\/capacitacion-sobre-enfermedad-renal-en-osep\\\/#primaryimage\"},\"thumbnailUrl\":\"https:\\\/\\\/osepmendoza.com.ar\\\/web\\\/wp-content\\\/uploads\\\/2022\\\/03\\\/foto0-3.jpg\",\"keywords\":[\"enfermedad renal\",\"nefrolog\u00eda\",\"ri\u00f1ones\"],\"articleSection\":[\"Noticias\"],\"inLanguage\":\"es\"},{\"@type\":\"WebPage\",\"@id\":\"https:\\\/\\\/osepmendoza.com.ar\\\/web\\\/capacitacion-sobre-enfermedad-renal-en-osep\\\/\",\"url\":\"https:\\\/\\\/osepmendoza.com.ar\\\/web\\\/capacitacion-sobre-enfermedad-renal-en-osep\\\/\",\"name\":\"Capacitaci\u00f3n sobre enfermedad renal en OSEP - OSEP Mendoza\",\"isPartOf\":{\"@id\":\"https:\\\/\\\/osepmendoza.com.ar\\\/web\\\/#website\"},\"primaryImageOfPage\":{\"@id\":\"https:\\\/\\\/osepmendoza.com.ar\\\/web\\\/capacitacion-sobre-enfermedad-renal-en-osep\\\/#primaryimage\"},\"image\":{\"@id\":\"https:\\\/\\\/osepmendoza.com.ar\\\/web\\\/capacitacion-sobre-enfermedad-renal-en-osep\\\/#primaryimage\"},\"thumbnailUrl\":\"https:\\\/\\\/osepmendoza.com.ar\\\/web\\\/wp-content\\\/uploads\\\/2022\\\/03\\\/foto0-3.jpg\",\"datePublished\":\"2022-03-10T18:53:05+00:00\",\"dateModified\":\"2023-07-03T11:44:08+00:00\",\"breadcrumb\":{\"@id\":\"https:\\\/\\\/osepmendoza.com.ar\\\/web\\\/capacitacion-sobre-enfermedad-renal-en-osep\\\/#breadcrumb\"},\"inLanguage\":\"es\",\"potentialAction\":[{\"@type\":\"ReadAction\",\"target\":[\"https:\\\/\\\/osepmendoza.com.ar\\\/web\\\/capacitacion-sobre-enfermedad-renal-en-osep\\\/\"]}]},{\"@type\":\"ImageObject\",\"inLanguage\":\"es\",\"@id\":\"https:\\\/\\\/osepmendoza.com.ar\\\/web\\\/capacitacion-sobre-enfermedad-renal-en-osep\\\/#primaryimage\",\"url\":\"https:\\\/\\\/osepmendoza.com.ar\\\/web\\\/wp-content\\\/uploads\\\/2022\\\/03\\\/foto0-3.jpg\",\"contentUrl\":\"https:\\\/\\\/osepmendoza.com.ar\\\/web\\\/wp-content\\\/uploads\\\/2022\\\/03\\\/foto0-3.jpg\",\"width\":1200,\"height\":438},{\"@type\":\"BreadcrumbList\",\"@id\":\"https:\\\/\\\/osepmendoza.com.ar\\\/web\\\/capacitacion-sobre-enfermedad-renal-en-osep\\\/#breadcrumb\",\"itemListElement\":[{\"@type\":\"ListItem\",\"position\":1,\"name\":\"Portada\",\"item\":\"https:\\\/\\\/osepmendoza.com.ar\\\/web\\\/\"},{\"@type\":\"ListItem\",\"position\":2,\"name\":\"Capacitaci\u00f3n sobre enfermedad renal en OSEP\"}]},{\"@type\":\"WebSite\",\"@id\":\"https:\\\/\\\/osepmendoza.com.ar\\\/web\\\/#website\",\"url\":\"https:\\\/\\\/osepmendoza.com.ar\\\/web\\\/\",\"name\":\"OSEP Mendoza\",\"description\":\"Obra Social de los Empleados P\u00fablicos de Mendoza\",\"publisher\":{\"@id\":\"https:\\\/\\\/osepmendoza.com.ar\\\/web\\\/#organization\"},\"potentialAction\":[{\"@type\":\"SearchAction\",\"target\":{\"@type\":\"EntryPoint\",\"urlTemplate\":\"https:\\\/\\\/osepmendoza.com.ar\\\/web\\\/?s={search_term_string}\"},\"query-input\":{\"@type\":\"PropertyValueSpecification\",\"valueRequired\":true,\"valueName\":\"search_term_string\"}}],\"inLanguage\":\"es\"},{\"@type\":\"Organization\",\"@id\":\"https:\\\/\\\/osepmendoza.com.ar\\\/web\\\/#organization\",\"name\":\"OSEP - Obra Social de Empleados P\u00fablicos de Mendoza\",\"url\":\"https:\\\/\\\/osepmendoza.com.ar\\\/web\\\/\",\"logo\":{\"@type\":\"ImageObject\",\"inLanguage\":\"es\",\"@id\":\"https:\\\/\\\/osepmendoza.com.ar\\\/web\\\/#\\\/schema\\\/logo\\\/image\\\/\",\"url\":\"https:\\\/\\\/osepmendoza.com.ar\\\/web\\\/wp-content\\\/uploads\\\/2020\\\/04\\\/lkTM9T9z.jpg\",\"contentUrl\":\"https:\\\/\\\/osepmendoza.com.ar\\\/web\\\/wp-content\\\/uploads\\\/2020\\\/04\\\/lkTM9T9z.jpg\",\"width\":334,\"height\":334,\"caption\":\"OSEP - Obra Social de Empleados P\u00fablicos de Mendoza\"},\"image\":{\"@id\":\"https:\\\/\\\/osepmendoza.com.ar\\\/web\\\/#\\\/schema\\\/logo\\\/image\\\/\"},\"sameAs\":[\"https:\\\/\\\/www.facebook.com\\\/OSEP.MendozaArg\\\/\",\"https:\\\/\\\/x.com\\\/OsepMza\",\"https:\\\/\\\/www.instagram.com\\\/osep.mendoza\\\/\",\"https:\\\/\\\/www.youtube.com\\\/user\\\/osepvideos\"]},{\"@type\":\"Person\",\"@id\":\"https:\\\/\\\/osepmendoza.com.ar\\\/web\\\/#\\\/schema\\\/person\\\/90986df7128a51e32bb66102fc247eb2\",\"name\":\"Sebastian Fernandez\",\"image\":{\"@type\":\"ImageObject\",\"inLanguage\":\"es\",\"@id\":\"https:\\\/\\\/secure.gravatar.com\\\/avatar\\\/cc42d53caabe846896e06ed8955a60e82b2b829babcb731f86f26c42378bcfec?s=96&d=mm&r=g\",\"url\":\"https:\\\/\\\/secure.gravatar.com\\\/avatar\\\/cc42d53caabe846896e06ed8955a60e82b2b829babcb731f86f26c42378bcfec?s=96&d=mm&r=g\",\"contentUrl\":\"https:\\\/\\\/secure.gravatar.com\\\/avatar\\\/cc42d53caabe846896e06ed8955a60e82b2b829babcb731f86f26c42378bcfec?s=96&d=mm&r=g\",\"caption\":\"Sebastian Fernandez\"},\"sameAs\":[\"http:\\\/\\\/osepmendoza.com.ar\\\/web\"]}]}<\/script>\n<!-- \/ Yoast SEO plugin. -->","yoast_head_json":{"title":"Capacitaci\u00f3n sobre enfermedad renal en OSEP - OSEP Mendoza","robots":{"index":"index","follow":"follow","max-snippet":"max-snippet:-1","max-image-preview":"max-image-preview:large","max-video-preview":"max-video-preview:-1"},"canonical":"https:\/\/osepmendoza.com.ar\/web\/capacitacion-sobre-enfermedad-renal-en-osep\/","og_locale":"es_ES","og_type":"article","og_title":"Capacitaci\u00f3n sobre enfermedad renal en OSEP - OSEP Mendoza","og_description":"En el marco del D\u00eda Mundial del Ri\u00f1\u00f3n, que tiene...","og_url":"https:\/\/osepmendoza.com.ar\/web\/capacitacion-sobre-enfermedad-renal-en-osep\/","og_site_name":"OSEP Mendoza","article_publisher":"https:\/\/www.facebook.com\/OSEP.MendozaArg\/","article_published_time":"2022-03-10T18:53:05+00:00","article_modified_time":"2023-07-03T11:44:08+00:00","og_image":[{"width":1200,"height":438,"url":"https:\/\/osepmendoza.com.ar\/web\/wp-content\/uploads\/2022\/03\/foto0-3.jpg","type":"image\/jpeg"}],"author":"Sebastian Fernandez","twitter_card":"summary_large_image","twitter_creator":"@OsepMza","twitter_site":"@OsepMza","twitter_misc":{"Escrito por":"Sebastian Fernandez","Tiempo de lectura":"2 minutos"},"schema":{"@context":"https:\/\/schema.org","@graph":[{"@type":"Article","@id":"https:\/\/osepmendoza.com.ar\/web\/capacitacion-sobre-enfermedad-renal-en-osep\/#article","isPartOf":{"@id":"https:\/\/osepmendoza.com.ar\/web\/capacitacion-sobre-enfermedad-renal-en-osep\/"},"author":{"name":"Sebastian Fernandez","@id":"https:\/\/osepmendoza.com.ar\/web\/#\/schema\/person\/90986df7128a51e32bb66102fc247eb2"},"headline":"Capacitaci\u00f3n sobre enfermedad renal en OSEP","datePublished":"2022-03-10T18:53:05+00:00","dateModified":"2023-07-03T11:44:08+00:00","mainEntityOfPage":{"@id":"https:\/\/osepmendoza.com.ar\/web\/capacitacion-sobre-enfermedad-renal-en-osep\/"},"wordCount":307,"publisher":{"@id":"https:\/\/osepmendoza.com.ar\/web\/#organization"},"image":{"@id":"https:\/\/osepmendoza.com.ar\/web\/capacitacion-sobre-enfermedad-renal-en-osep\/#primaryimage"},"thumbnailUrl":"https:\/\/osepmendoza.com.ar\/web\/wp-content\/uploads\/2022\/03\/foto0-3.jpg","keywords":["enfermedad renal","nefrolog\u00eda","ri\u00f1ones"],"articleSection":["Noticias"],"inLanguage":"es"},{"@type":"WebPage","@id":"https:\/\/osepmendoza.com.ar\/web\/capacitacion-sobre-enfermedad-renal-en-osep\/","url":"https:\/\/osepmendoza.com.ar\/web\/capacitacion-sobre-enfermedad-renal-en-osep\/","name":"Capacitaci\u00f3n sobre enfermedad renal en OSEP - OSEP Mendoza","isPartOf":{"@id":"https:\/\/osepmendoza.com.ar\/web\/#website"},"primaryImageOfPage":{"@id":"https:\/\/osepmendoza.com.ar\/web\/capacitacion-sobre-enfermedad-renal-en-osep\/#primaryimage"},"image":{"@id":"https:\/\/osepmendoza.com.ar\/web\/capacitacion-sobre-enfermedad-renal-en-osep\/#primaryimage"},"thumbnailUrl":"https:\/\/osepmendoza.com.ar\/web\/wp-content\/uploads\/2022\/03\/foto0-3.jpg","datePublished":"2022-03-10T18:53:05+00:00","dateModified":"2023-07-03T11:44:08+00:00","breadcrumb":{"@id":"https:\/\/osepmendoza.com.ar\/web\/capacitacion-sobre-enfermedad-renal-en-osep\/#breadcrumb"},"inLanguage":"es","potentialAction":[{"@type":"ReadAction","target":["https:\/\/osepmendoza.com.ar\/web\/capacitacion-sobre-enfermedad-renal-en-osep\/"]}]},{"@type":"ImageObject","inLanguage":"es","@id":"https:\/\/osepmendoza.com.ar\/web\/capacitacion-sobre-enfermedad-renal-en-osep\/#primaryimage","url":"https:\/\/osepmendoza.com.ar\/web\/wp-content\/uploads\/2022\/03\/foto0-3.jpg","contentUrl":"https:\/\/osepmendoza.com.ar\/web\/wp-content\/uploads\/2022\/03\/foto0-3.jpg","width":1200,"height":438},{"@type":"BreadcrumbList","@id":"https:\/\/osepmendoza.com.ar\/web\/capacitacion-sobre-enfermedad-renal-en-osep\/#breadcrumb","itemListElement":[{"@type":"ListItem","position":1,"name":"Portada","item":"https:\/\/osepmendoza.com.ar\/web\/"},{"@type":"ListItem","position":2,"name":"Capacitaci\u00f3n sobre enfermedad renal en OSEP"}]},{"@type":"WebSite","@id":"https:\/\/osepmendoza.com.ar\/web\/#website","url":"https:\/\/osepmendoza.com.ar\/web\/","name":"OSEP Mendoza","description":"Obra Social de los Empleados P\u00fablicos de Mendoza","publisher":{"@id":"https:\/\/osepmendoza.com.ar\/web\/#organization"},"potentialAction":[{"@type":"SearchAction","target":{"@type":"EntryPoint","urlTemplate":"https:\/\/osepmendoza.com.ar\/web\/?s={search_term_string}"},"query-input":{"@type":"PropertyValueSpecification","valueRequired":true,"valueName":"search_term_string"}}],"inLanguage":"es"},{"@type":"Organization","@id":"https:\/\/osepmendoza.com.ar\/web\/#organization","name":"OSEP - Obra Social de Empleados P\u00fablicos de Mendoza","url":"https:\/\/osepmendoza.com.ar\/web\/","logo":{"@type":"ImageObject","inLanguage":"es","@id":"https:\/\/osepmendoza.com.ar\/web\/#\/schema\/logo\/image\/","url":"https:\/\/osepmendoza.com.ar\/web\/wp-content\/uploads\/2020\/04\/lkTM9T9z.jpg","contentUrl":"https:\/\/osepmendoza.com.ar\/web\/wp-content\/uploads\/2020\/04\/lkTM9T9z.jpg","width":334,"height":334,"caption":"OSEP - Obra Social de Empleados P\u00fablicos de Mendoza"},"image":{"@id":"https:\/\/osepmendoza.com.ar\/web\/#\/schema\/logo\/image\/"},"sameAs":["https:\/\/www.facebook.com\/OSEP.MendozaArg\/","https:\/\/x.com\/OsepMza","https:\/\/www.instagram.com\/osep.mendoza\/","https:\/\/www.youtube.com\/user\/osepvideos"]},{"@type":"Person","@id":"https:\/\/osepmendoza.com.ar\/web\/#\/schema\/person\/90986df7128a51e32bb66102fc247eb2","name":"Sebastian Fernandez","image":{"@type":"ImageObject","inLanguage":"es","@id":"https:\/\/secure.gravatar.com\/avatar\/cc42d53caabe846896e06ed8955a60e82b2b829babcb731f86f26c42378bcfec?s=96&d=mm&r=g","url":"https:\/\/secure.gravatar.com\/avatar\/cc42d53caabe846896e06ed8955a60e82b2b829babcb731f86f26c42378bcfec?s=96&d=mm&r=g","contentUrl":"https:\/\/secure.gravatar.com\/avatar\/cc42d53caabe846896e06ed8955a60e82b2b829babcb731f86f26c42378bcfec?s=96&d=mm&r=g","caption":"Sebastian Fernandez"},"sameAs":["http:\/\/osepmendoza.com.ar\/web"]}]}},"amp_enabled":true,"_links":{"self":[{"href":"https:\/\/osepmendoza.com.ar\/web\/wp-json\/wp\/v2\/posts\/45786","targetHints":{"allow":["GET"]}}],"collection":[{"href":"https:\/\/osepmendoza.com.ar\/web\/wp-json\/wp\/v2\/posts"}],"about":[{"href":"https:\/\/osepmendoza.com.ar\/web\/wp-json\/wp\/v2\/types\/post"}],"author":[{"embeddable":true,"href":"https:\/\/osepmendoza.com.ar\/web\/wp-json\/wp\/v2\/users\/12"}],"replies":[{"embeddable":true,"href":"https:\/\/osepmendoza.com.ar\/web\/wp-json\/wp\/v2\/comments?post=45786"}],"version-history":[{"count":2,"href":"https:\/\/osepmendoza.com.ar\/web\/wp-json\/wp\/v2\/posts\/45786\/revisions"}],"predecessor-version":[{"id":45789,"href":"https:\/\/osepmendoza.com.ar\/web\/wp-json\/wp\/v2\/posts\/45786\/revisions\/45789"}],"wp:featuredmedia":[{"embeddable":true,"href":"https:\/\/osepmendoza.com.ar\/web\/wp-json\/wp\/v2\/media\/45787"}],"wp:attachment":[{"href":"https:\/\/osepmendoza.com.ar\/web\/wp-json\/wp\/v2\/media?parent=45786"}],"wp:term":[{"taxonomy":"category","embeddable":true,"href":"https:\/\/osepmendoza.com.ar\/web\/wp-json\/wp\/v2\/categories?post=45786"},{"taxonomy":"post_tag","embeddable":true,"href":"https:\/\/osepmendoza.com.ar\/web\/wp-json\/wp\/v2\/tags?post=45786"}],"curies":[{"name":"wp","href":"https:\/\/api.w.org\/{rel}","templated":true}]}}