{"id":45657,"date":"2022-02-21T10:05:46","date_gmt":"2022-02-21T13:05:46","guid":{"rendered":"https:\/\/osepmendoza.com.ar\/web\/?p=45657"},"modified":"2023-05-17T08:23:50","modified_gmt":"2023-05-17T11:23:50","slug":"aula-segura-cuidarse-y-cuidar-al-otro","status":"publish","type":"post","link":"https:\/\/osepmendoza.com.ar\/web\/aula-segura-cuidarse-y-cuidar-al-otro\/","title":{"rendered":"Aula segura: cuidarse y cuidar al otro"},"content":{"rendered":"<p align=\"left\"><strong>Iniciando \u201ceste\u201d a\u00f1o escolar nos encontramos ante una situaci\u00f3n muy diferente de cualquiera vivida, en esta misma \u00e9poca, en a\u00f1os anteriores. El inicio 2022 nos plantea un reencuentro en el aula en un contexto de evoluci\u00f3n de la pandemia que se presenta con caracter\u00edsticas m\u00e1s favorables que el cursado 2020 y 2021; pero que a\u00fan mantiene elementos que nos demandan continuidad en el cuidado de nuestras conductas y acciones.<\/strong><\/p>\n<p align=\"left\">Siempre el final de las vacaciones de verano y el inicio de las actividades escolares es un momento de gran cambio tanto para los ni\u00f1os, ni\u00f1as y adolescentes que vuelven a las aulas, como para sus familias, que vuelven a una rutina que parece olvidarse con el verano.<\/p>\n<p align=\"left\">Este reinicio puede transformarse en una situaci\u00f3n de estr\u00e9s si no es previsto y nos sorprende sin algunas acciones de anticipaci\u00f3n y planificaci\u00f3n necesarias.<\/p>\n<p align=\"left\"><a name=\"_gjdgxs\"><\/a>El retorno actual no es un retorno cualquiera, es un regreso que requiere que todos actuemos a conciencia, cuid\u00e1ndonos y cuidando al otro, para que podamos mantener los espacios recuperados que parec\u00eda que la pandemia nos hab\u00eda robado.<\/p>\n<p align=\"left\">La expresi\u00f3n referida al \u201caula segura\u201d no debe ser solamente una expresi\u00f3n o un eslogan, es algo que depende de nosotros y de la responsabilidad con la que cuidamos esos espacios.<\/p>\n<p align=\"left\">Recordemos que el uso adecuado del barbijo, mantener las distancias y la atenci\u00f3n a la adecuada ventilaci\u00f3n de los ambientes son un acto de \u201ccuidado del otro\u201d, un acto de empat\u00eda hacia quien me acompa\u00f1a en el camino, que puede tener una situaci\u00f3n de salud f\u00edsica o emocional m\u00e1s fr\u00e1gil respecto al Covid.<\/p>\n<p align=\"left\">Como agentes de salud tambi\u00e9n debemos reforzar la importancia de cumplir con los esquemas de vacunaci\u00f3n, herramienta imprescindible para que los espacios educativos puedan desarrollar su tarea primaria de educar y socializar.<\/p>\n<p align=\"left\">Debemos alentar a nuestros ni\u00f1os, ni\u00f1as y adolescentes a desarrollar estos aspectos de cuidado personal, pero tambi\u00e9n de cuidado del \u201cotro\u201d, desarrollando la conciencia de valorar al que camina a mi lado para generar relaciones interpersonales asertivas y solidarias. En este sentido, el rol de las familias es clave como aliado de los docentes para transmitir un mensaje coherente y adecuado.<\/p>\n<p align=\"left\">Nos falta camino a\u00fan en lograr un sistema educativo que iguale las posibilidades de todos los estudiantes, que vuelva a poner en valor el rol docente, que acerque a las familias a caminar por la misma vereda con la escuela. Nos falta camino a la hora de transmitir que la educaci\u00f3n tiene como eje a chicos y chicas, pero tambi\u00e9n tiene otros actores que hay que cuidar y acompa\u00f1ar.<\/p>\n<p align=\"left\">Hay una sociedad que ha demandado poner la educaci\u00f3n en un rol central, rol que hab\u00eda perdido frente a otras tem\u00e1ticas cotidianas que nos afectaban. Hoy hay gran consenso en la importancia del aula, de las relaciones docente-alumno, de los v\u00ednculos entre estudiantes, de las interacciones entre familias. La escuela vuelve a ser mirada y valorada como \u00e1mbito privilegiado para todo ello. La virtualidad nos dio una manera perfectible de transmitir contenidos, pero tambi\u00e9n nos ense\u00f1\u00f3 lo importante que es el contacto en el desarrollo de nuestros ni\u00f1os, ni\u00f1as y adolescentes; tambi\u00e9n el contacto de sus docentes y padres.<\/p>\n<p align=\"left\">Tenemos enfrente un nuevo inicio escolar, si actuamos con responsabilidad y cada uno hace su aporte, no esperando solamente que sea el otro el que construya, podremos recuperar los espacios perdidos, mantenerlos y mejorarlos.<\/p>\n<p align=\"left\">Desde nuestros lugares hagamos cada uno lo mejor para este ciclo lectivo 2022.<\/p>\n<p align=\"left\">\n<p align=\"right\">Lic. Pablo Mazzitelli<\/p>\n<p align=\"right\">Psicopedagogo \u2013 Adolescencia OSEP<\/p>\n","protected":false},"excerpt":{"rendered":"<p>Iniciando \u201ceste\u201d a\u00f1o escolar nos encontramos ante una situaci\u00f3n muy&#8230;<\/p>\n","protected":false},"author":12,"featured_media":45658,"comment_status":"closed","ping_status":"open","sticky":false,"template":"","format":"standard","meta":{"_acf_changed":false,"inline_featured_image":false,"_exactmetrics_skip_tracking":false,"_exactmetrics_sitenote_active":false,"_exactmetrics_sitenote_note":"","_exactmetrics_sitenote_category":0,"footnotes":"","_links_to":"","_links_to_target":""},"categories":[101],"tags":[817,1364,1767],"class_list":["post-45657","post","type-post","status-publish","format-standard","has-post-thumbnail","hentry","category-noticias","tag-clases","tag-cuidar","tag-otro"],"acf":[],"yoast_head":"<!-- This site is optimized with the Yoast SEO plugin v27.4 - https:\/\/yoast.com\/product\/yoast-seo-wordpress\/ -->\n<title>Aula segura: cuidarse y cuidar al otro - OSEP Mendoza<\/title>\n<meta name=\"robots\" content=\"index, follow, max-snippet:-1, max-image-preview:large, max-video-preview:-1\" \/>\n<link rel=\"canonical\" href=\"https:\/\/osepmendoza.com.ar\/web\/aula-segura-cuidarse-y-cuidar-al-otro\/\" \/>\n<meta property=\"og:locale\" content=\"es_ES\" \/>\n<meta property=\"og:type\" content=\"article\" \/>\n<meta property=\"og:title\" content=\"Aula segura: cuidarse y cuidar al otro - OSEP Mendoza\" \/>\n<meta property=\"og:description\" content=\"Iniciando \u201ceste\u201d a\u00f1o escolar nos encontramos ante una situaci\u00f3n muy...\" \/>\n<meta property=\"og:url\" content=\"https:\/\/osepmendoza.com.ar\/web\/aula-segura-cuidarse-y-cuidar-al-otro\/\" \/>\n<meta property=\"og:site_name\" content=\"OSEP Mendoza\" \/>\n<meta property=\"article:publisher\" content=\"https:\/\/www.facebook.com\/OSEP.MendozaArg\/\" \/>\n<meta property=\"article:published_time\" content=\"2022-02-21T13:05:46+00:00\" \/>\n<meta property=\"article:modified_time\" content=\"2023-05-17T11:23:50+00:00\" \/>\n<meta property=\"og:image\" content=\"https:\/\/osepmendoza.com.ar\/web\/wp-content\/uploads\/2022\/02\/foto-6.jpg\" \/>\n\t<meta property=\"og:image:width\" content=\"1200\" \/>\n\t<meta property=\"og:image:height\" content=\"438\" \/>\n\t<meta property=\"og:image:type\" content=\"image\/jpeg\" \/>\n<meta name=\"author\" content=\"Sebastian Fernandez\" \/>\n<meta name=\"twitter:card\" content=\"summary_large_image\" \/>\n<meta name=\"twitter:creator\" content=\"@OsepMza\" \/>\n<meta name=\"twitter:site\" content=\"@OsepMza\" \/>\n<meta name=\"twitter:label1\" content=\"Escrito por\" \/>\n\t<meta name=\"twitter:data1\" content=\"Sebastian Fernandez\" \/>\n\t<meta name=\"twitter:label2\" content=\"Tiempo de lectura\" \/>\n\t<meta name=\"twitter:data2\" content=\"3 minutos\" \/>\n<script type=\"application\/ld+json\" class=\"yoast-schema-graph\">{\"@context\":\"https:\\\/\\\/schema.org\",\"@graph\":[{\"@type\":\"Article\",\"@id\":\"https:\\\/\\\/osepmendoza.com.ar\\\/web\\\/aula-segura-cuidarse-y-cuidar-al-otro\\\/#article\",\"isPartOf\":{\"@id\":\"https:\\\/\\\/osepmendoza.com.ar\\\/web\\\/aula-segura-cuidarse-y-cuidar-al-otro\\\/\"},\"author\":{\"name\":\"Sebastian Fernandez\",\"@id\":\"https:\\\/\\\/osepmendoza.com.ar\\\/web\\\/#\\\/schema\\\/person\\\/90986df7128a51e32bb66102fc247eb2\"},\"headline\":\"Aula segura: cuidarse y cuidar al otro\",\"datePublished\":\"2022-02-21T13:05:46+00:00\",\"dateModified\":\"2023-05-17T11:23:50+00:00\",\"mainEntityOfPage\":{\"@id\":\"https:\\\/\\\/osepmendoza.com.ar\\\/web\\\/aula-segura-cuidarse-y-cuidar-al-otro\\\/\"},\"wordCount\":623,\"publisher\":{\"@id\":\"https:\\\/\\\/osepmendoza.com.ar\\\/web\\\/#organization\"},\"image\":{\"@id\":\"https:\\\/\\\/osepmendoza.com.ar\\\/web\\\/aula-segura-cuidarse-y-cuidar-al-otro\\\/#primaryimage\"},\"thumbnailUrl\":\"https:\\\/\\\/osepmendoza.com.ar\\\/web\\\/wp-content\\\/uploads\\\/2022\\\/02\\\/foto-6.jpg\",\"keywords\":[\"clases\",\"cuidar\",\"otro\"],\"articleSection\":[\"Noticias\"],\"inLanguage\":\"es\"},{\"@type\":\"WebPage\",\"@id\":\"https:\\\/\\\/osepmendoza.com.ar\\\/web\\\/aula-segura-cuidarse-y-cuidar-al-otro\\\/\",\"url\":\"https:\\\/\\\/osepmendoza.com.ar\\\/web\\\/aula-segura-cuidarse-y-cuidar-al-otro\\\/\",\"name\":\"Aula segura: cuidarse y cuidar al otro - OSEP Mendoza\",\"isPartOf\":{\"@id\":\"https:\\\/\\\/osepmendoza.com.ar\\\/web\\\/#website\"},\"primaryImageOfPage\":{\"@id\":\"https:\\\/\\\/osepmendoza.com.ar\\\/web\\\/aula-segura-cuidarse-y-cuidar-al-otro\\\/#primaryimage\"},\"image\":{\"@id\":\"https:\\\/\\\/osepmendoza.com.ar\\\/web\\\/aula-segura-cuidarse-y-cuidar-al-otro\\\/#primaryimage\"},\"thumbnailUrl\":\"https:\\\/\\\/osepmendoza.com.ar\\\/web\\\/wp-content\\\/uploads\\\/2022\\\/02\\\/foto-6.jpg\",\"datePublished\":\"2022-02-21T13:05:46+00:00\",\"dateModified\":\"2023-05-17T11:23:50+00:00\",\"breadcrumb\":{\"@id\":\"https:\\\/\\\/osepmendoza.com.ar\\\/web\\\/aula-segura-cuidarse-y-cuidar-al-otro\\\/#breadcrumb\"},\"inLanguage\":\"es\",\"potentialAction\":[{\"@type\":\"ReadAction\",\"target\":[\"https:\\\/\\\/osepmendoza.com.ar\\\/web\\\/aula-segura-cuidarse-y-cuidar-al-otro\\\/\"]}]},{\"@type\":\"ImageObject\",\"inLanguage\":\"es\",\"@id\":\"https:\\\/\\\/osepmendoza.com.ar\\\/web\\\/aula-segura-cuidarse-y-cuidar-al-otro\\\/#primaryimage\",\"url\":\"https:\\\/\\\/osepmendoza.com.ar\\\/web\\\/wp-content\\\/uploads\\\/2022\\\/02\\\/foto-6.jpg\",\"contentUrl\":\"https:\\\/\\\/osepmendoza.com.ar\\\/web\\\/wp-content\\\/uploads\\\/2022\\\/02\\\/foto-6.jpg\",\"width\":1200,\"height\":438},{\"@type\":\"BreadcrumbList\",\"@id\":\"https:\\\/\\\/osepmendoza.com.ar\\\/web\\\/aula-segura-cuidarse-y-cuidar-al-otro\\\/#breadcrumb\",\"itemListElement\":[{\"@type\":\"ListItem\",\"position\":1,\"name\":\"Portada\",\"item\":\"https:\\\/\\\/osepmendoza.com.ar\\\/web\\\/\"},{\"@type\":\"ListItem\",\"position\":2,\"name\":\"Aula segura: cuidarse y cuidar al otro\"}]},{\"@type\":\"WebSite\",\"@id\":\"https:\\\/\\\/osepmendoza.com.ar\\\/web\\\/#website\",\"url\":\"https:\\\/\\\/osepmendoza.com.ar\\\/web\\\/\",\"name\":\"OSEP Mendoza\",\"description\":\"Obra Social de los Empleados P\u00fablicos de Mendoza\",\"publisher\":{\"@id\":\"https:\\\/\\\/osepmendoza.com.ar\\\/web\\\/#organization\"},\"potentialAction\":[{\"@type\":\"SearchAction\",\"target\":{\"@type\":\"EntryPoint\",\"urlTemplate\":\"https:\\\/\\\/osepmendoza.com.ar\\\/web\\\/?s={search_term_string}\"},\"query-input\":{\"@type\":\"PropertyValueSpecification\",\"valueRequired\":true,\"valueName\":\"search_term_string\"}}],\"inLanguage\":\"es\"},{\"@type\":\"Organization\",\"@id\":\"https:\\\/\\\/osepmendoza.com.ar\\\/web\\\/#organization\",\"name\":\"OSEP - Obra Social de Empleados P\u00fablicos de Mendoza\",\"url\":\"https:\\\/\\\/osepmendoza.com.ar\\\/web\\\/\",\"logo\":{\"@type\":\"ImageObject\",\"inLanguage\":\"es\",\"@id\":\"https:\\\/\\\/osepmendoza.com.ar\\\/web\\\/#\\\/schema\\\/logo\\\/image\\\/\",\"url\":\"https:\\\/\\\/osepmendoza.com.ar\\\/web\\\/wp-content\\\/uploads\\\/2020\\\/04\\\/lkTM9T9z.jpg\",\"contentUrl\":\"https:\\\/\\\/osepmendoza.com.ar\\\/web\\\/wp-content\\\/uploads\\\/2020\\\/04\\\/lkTM9T9z.jpg\",\"width\":334,\"height\":334,\"caption\":\"OSEP - Obra Social de Empleados P\u00fablicos de Mendoza\"},\"image\":{\"@id\":\"https:\\\/\\\/osepmendoza.com.ar\\\/web\\\/#\\\/schema\\\/logo\\\/image\\\/\"},\"sameAs\":[\"https:\\\/\\\/www.facebook.com\\\/OSEP.MendozaArg\\\/\",\"https:\\\/\\\/x.com\\\/OsepMza\",\"https:\\\/\\\/www.instagram.com\\\/osep.mendoza\\\/\",\"https:\\\/\\\/www.youtube.com\\\/user\\\/osepvideos\"]},{\"@type\":\"Person\",\"@id\":\"https:\\\/\\\/osepmendoza.com.ar\\\/web\\\/#\\\/schema\\\/person\\\/90986df7128a51e32bb66102fc247eb2\",\"name\":\"Sebastian Fernandez\",\"image\":{\"@type\":\"ImageObject\",\"inLanguage\":\"es\",\"@id\":\"https:\\\/\\\/secure.gravatar.com\\\/avatar\\\/cc42d53caabe846896e06ed8955a60e82b2b829babcb731f86f26c42378bcfec?s=96&d=mm&r=g\",\"url\":\"https:\\\/\\\/secure.gravatar.com\\\/avatar\\\/cc42d53caabe846896e06ed8955a60e82b2b829babcb731f86f26c42378bcfec?s=96&d=mm&r=g\",\"contentUrl\":\"https:\\\/\\\/secure.gravatar.com\\\/avatar\\\/cc42d53caabe846896e06ed8955a60e82b2b829babcb731f86f26c42378bcfec?s=96&d=mm&r=g\",\"caption\":\"Sebastian Fernandez\"},\"sameAs\":[\"http:\\\/\\\/osepmendoza.com.ar\\\/web\"]}]}<\/script>\n<!-- \/ Yoast SEO plugin. -->","yoast_head_json":{"title":"Aula segura: cuidarse y cuidar al otro - OSEP Mendoza","robots":{"index":"index","follow":"follow","max-snippet":"max-snippet:-1","max-image-preview":"max-image-preview:large","max-video-preview":"max-video-preview:-1"},"canonical":"https:\/\/osepmendoza.com.ar\/web\/aula-segura-cuidarse-y-cuidar-al-otro\/","og_locale":"es_ES","og_type":"article","og_title":"Aula segura: cuidarse y cuidar al otro - OSEP Mendoza","og_description":"Iniciando \u201ceste\u201d a\u00f1o escolar nos encontramos ante una situaci\u00f3n muy...","og_url":"https:\/\/osepmendoza.com.ar\/web\/aula-segura-cuidarse-y-cuidar-al-otro\/","og_site_name":"OSEP Mendoza","article_publisher":"https:\/\/www.facebook.com\/OSEP.MendozaArg\/","article_published_time":"2022-02-21T13:05:46+00:00","article_modified_time":"2023-05-17T11:23:50+00:00","og_image":[{"width":1200,"height":438,"url":"https:\/\/osepmendoza.com.ar\/web\/wp-content\/uploads\/2022\/02\/foto-6.jpg","type":"image\/jpeg"}],"author":"Sebastian Fernandez","twitter_card":"summary_large_image","twitter_creator":"@OsepMza","twitter_site":"@OsepMza","twitter_misc":{"Escrito por":"Sebastian Fernandez","Tiempo de lectura":"3 minutos"},"schema":{"@context":"https:\/\/schema.org","@graph":[{"@type":"Article","@id":"https:\/\/osepmendoza.com.ar\/web\/aula-segura-cuidarse-y-cuidar-al-otro\/#article","isPartOf":{"@id":"https:\/\/osepmendoza.com.ar\/web\/aula-segura-cuidarse-y-cuidar-al-otro\/"},"author":{"name":"Sebastian Fernandez","@id":"https:\/\/osepmendoza.com.ar\/web\/#\/schema\/person\/90986df7128a51e32bb66102fc247eb2"},"headline":"Aula segura: cuidarse y cuidar al otro","datePublished":"2022-02-21T13:05:46+00:00","dateModified":"2023-05-17T11:23:50+00:00","mainEntityOfPage":{"@id":"https:\/\/osepmendoza.com.ar\/web\/aula-segura-cuidarse-y-cuidar-al-otro\/"},"wordCount":623,"publisher":{"@id":"https:\/\/osepmendoza.com.ar\/web\/#organization"},"image":{"@id":"https:\/\/osepmendoza.com.ar\/web\/aula-segura-cuidarse-y-cuidar-al-otro\/#primaryimage"},"thumbnailUrl":"https:\/\/osepmendoza.com.ar\/web\/wp-content\/uploads\/2022\/02\/foto-6.jpg","keywords":["clases","cuidar","otro"],"articleSection":["Noticias"],"inLanguage":"es"},{"@type":"WebPage","@id":"https:\/\/osepmendoza.com.ar\/web\/aula-segura-cuidarse-y-cuidar-al-otro\/","url":"https:\/\/osepmendoza.com.ar\/web\/aula-segura-cuidarse-y-cuidar-al-otro\/","name":"Aula segura: cuidarse y cuidar al otro - OSEP Mendoza","isPartOf":{"@id":"https:\/\/osepmendoza.com.ar\/web\/#website"},"primaryImageOfPage":{"@id":"https:\/\/osepmendoza.com.ar\/web\/aula-segura-cuidarse-y-cuidar-al-otro\/#primaryimage"},"image":{"@id":"https:\/\/osepmendoza.com.ar\/web\/aula-segura-cuidarse-y-cuidar-al-otro\/#primaryimage"},"thumbnailUrl":"https:\/\/osepmendoza.com.ar\/web\/wp-content\/uploads\/2022\/02\/foto-6.jpg","datePublished":"2022-02-21T13:05:46+00:00","dateModified":"2023-05-17T11:23:50+00:00","breadcrumb":{"@id":"https:\/\/osepmendoza.com.ar\/web\/aula-segura-cuidarse-y-cuidar-al-otro\/#breadcrumb"},"inLanguage":"es","potentialAction":[{"@type":"ReadAction","target":["https:\/\/osepmendoza.com.ar\/web\/aula-segura-cuidarse-y-cuidar-al-otro\/"]}]},{"@type":"ImageObject","inLanguage":"es","@id":"https:\/\/osepmendoza.com.ar\/web\/aula-segura-cuidarse-y-cuidar-al-otro\/#primaryimage","url":"https:\/\/osepmendoza.com.ar\/web\/wp-content\/uploads\/2022\/02\/foto-6.jpg","contentUrl":"https:\/\/osepmendoza.com.ar\/web\/wp-content\/uploads\/2022\/02\/foto-6.jpg","width":1200,"height":438},{"@type":"BreadcrumbList","@id":"https:\/\/osepmendoza.com.ar\/web\/aula-segura-cuidarse-y-cuidar-al-otro\/#breadcrumb","itemListElement":[{"@type":"ListItem","position":1,"name":"Portada","item":"https:\/\/osepmendoza.com.ar\/web\/"},{"@type":"ListItem","position":2,"name":"Aula segura: cuidarse y cuidar al otro"}]},{"@type":"WebSite","@id":"https:\/\/osepmendoza.com.ar\/web\/#website","url":"https:\/\/osepmendoza.com.ar\/web\/","name":"OSEP Mendoza","description":"Obra Social de los Empleados P\u00fablicos de Mendoza","publisher":{"@id":"https:\/\/osepmendoza.com.ar\/web\/#organization"},"potentialAction":[{"@type":"SearchAction","target":{"@type":"EntryPoint","urlTemplate":"https:\/\/osepmendoza.com.ar\/web\/?s={search_term_string}"},"query-input":{"@type":"PropertyValueSpecification","valueRequired":true,"valueName":"search_term_string"}}],"inLanguage":"es"},{"@type":"Organization","@id":"https:\/\/osepmendoza.com.ar\/web\/#organization","name":"OSEP - Obra Social de Empleados P\u00fablicos de Mendoza","url":"https:\/\/osepmendoza.com.ar\/web\/","logo":{"@type":"ImageObject","inLanguage":"es","@id":"https:\/\/osepmendoza.com.ar\/web\/#\/schema\/logo\/image\/","url":"https:\/\/osepmendoza.com.ar\/web\/wp-content\/uploads\/2020\/04\/lkTM9T9z.jpg","contentUrl":"https:\/\/osepmendoza.com.ar\/web\/wp-content\/uploads\/2020\/04\/lkTM9T9z.jpg","width":334,"height":334,"caption":"OSEP - Obra Social de Empleados P\u00fablicos de Mendoza"},"image":{"@id":"https:\/\/osepmendoza.com.ar\/web\/#\/schema\/logo\/image\/"},"sameAs":["https:\/\/www.facebook.com\/OSEP.MendozaArg\/","https:\/\/x.com\/OsepMza","https:\/\/www.instagram.com\/osep.mendoza\/","https:\/\/www.youtube.com\/user\/osepvideos"]},{"@type":"Person","@id":"https:\/\/osepmendoza.com.ar\/web\/#\/schema\/person\/90986df7128a51e32bb66102fc247eb2","name":"Sebastian Fernandez","image":{"@type":"ImageObject","inLanguage":"es","@id":"https:\/\/secure.gravatar.com\/avatar\/cc42d53caabe846896e06ed8955a60e82b2b829babcb731f86f26c42378bcfec?s=96&d=mm&r=g","url":"https:\/\/secure.gravatar.com\/avatar\/cc42d53caabe846896e06ed8955a60e82b2b829babcb731f86f26c42378bcfec?s=96&d=mm&r=g","contentUrl":"https:\/\/secure.gravatar.com\/avatar\/cc42d53caabe846896e06ed8955a60e82b2b829babcb731f86f26c42378bcfec?s=96&d=mm&r=g","caption":"Sebastian Fernandez"},"sameAs":["http:\/\/osepmendoza.com.ar\/web"]}]}},"amp_enabled":true,"_links":{"self":[{"href":"https:\/\/osepmendoza.com.ar\/web\/wp-json\/wp\/v2\/posts\/45657","targetHints":{"allow":["GET"]}}],"collection":[{"href":"https:\/\/osepmendoza.com.ar\/web\/wp-json\/wp\/v2\/posts"}],"about":[{"href":"https:\/\/osepmendoza.com.ar\/web\/wp-json\/wp\/v2\/types\/post"}],"author":[{"embeddable":true,"href":"https:\/\/osepmendoza.com.ar\/web\/wp-json\/wp\/v2\/users\/12"}],"replies":[{"embeddable":true,"href":"https:\/\/osepmendoza.com.ar\/web\/wp-json\/wp\/v2\/comments?post=45657"}],"version-history":[{"count":2,"href":"https:\/\/osepmendoza.com.ar\/web\/wp-json\/wp\/v2\/posts\/45657\/revisions"}],"predecessor-version":[{"id":45661,"href":"https:\/\/osepmendoza.com.ar\/web\/wp-json\/wp\/v2\/posts\/45657\/revisions\/45661"}],"wp:featuredmedia":[{"embeddable":true,"href":"https:\/\/osepmendoza.com.ar\/web\/wp-json\/wp\/v2\/media\/45658"}],"wp:attachment":[{"href":"https:\/\/osepmendoza.com.ar\/web\/wp-json\/wp\/v2\/media?parent=45657"}],"wp:term":[{"taxonomy":"category","embeddable":true,"href":"https:\/\/osepmendoza.com.ar\/web\/wp-json\/wp\/v2\/categories?post=45657"},{"taxonomy":"post_tag","embeddable":true,"href":"https:\/\/osepmendoza.com.ar\/web\/wp-json\/wp\/v2\/tags?post=45657"}],"curies":[{"name":"wp","href":"https:\/\/api.w.org\/{rel}","templated":true}]}}