{"id":45648,"date":"2022-02-18T11:01:04","date_gmt":"2022-02-18T14:01:04","guid":{"rendered":"https:\/\/osepmendoza.com.ar\/web\/?p=45648"},"modified":"2023-05-17T08:24:01","modified_gmt":"2023-05-17T11:24:01","slug":"3o-triatlon-recreativo-en-alvear","status":"publish","type":"post","link":"https:\/\/osepmendoza.com.ar\/web\/3o-triatlon-recreativo-en-alvear\/","title":{"rendered":"3\u00ba Triatl\u00f3n Recreativo en Alvear"},"content":{"rendered":"<h4>La colonia de verano para adultos mayores en General Alvear ha realizado distintas actividades deportivas y recreativas como parte del cronograma de actividades.<\/h4>\n<p>Este espacio generado por la Municipalidad de General Alvear y en el que OSEP participa activamente ha realizado diversas actividades como educaci\u00f3n f\u00edsica para mejorar la salud e integraci\u00f3n de sus participantes y talleres como el de resucitaci\u00f3n cardiopulmonar (RCP) para contribuir a los conocimientos, que en este caso, permiten salvar vidas.<\/p>\n<p>Como parte del cronograma de acciones saludables, este jueves 17 de febrero, en el Polideportivo Deportistas Alvearenses, se realiz\u00f3 la Tercera Edici\u00f3n del Triatl\u00f3n Recreativo de Adultos Mayores con la participaci\u00f3n de personas de todos los distritos del departamento. El objetivo de esta actividad, realizada en conjunto entre el Municipio y OSEP, fue<span lang=\"es-ES\"> brindar contenci\u00f3n a nuestros adultos y mejorarles la calidad de vida.<\/span><\/p>\n<div id='gallery-1' class='gallery galleryid-45648 gallery-columns-2 gallery-size-full'><figure class='gallery-item'>\n\t\t\t<div class='gallery-icon landscape'>\n\t\t\t\t<a href='https:\/\/osepmendoza.com.ar\/web\/3o-triatlon-recreativo-en-alvear\/foto1-161\/'><img loading=\"lazy\" decoding=\"async\" width=\"1600\" height=\"1200\" src=\"https:\/\/osepmendoza.com.ar\/web\/wp-content\/uploads\/2022\/02\/foto1-3.jpg\" class=\"attachment-full size-full\" alt=\"\" srcset=\"https:\/\/osepmendoza.com.ar\/web\/wp-content\/uploads\/2022\/02\/foto1-3.jpg 1600w, https:\/\/osepmendoza.com.ar\/web\/wp-content\/uploads\/2022\/02\/foto1-3-300x225.jpg 300w, https:\/\/osepmendoza.com.ar\/web\/wp-content\/uploads\/2022\/02\/foto1-3-1024x768.jpg 1024w, https:\/\/osepmendoza.com.ar\/web\/wp-content\/uploads\/2022\/02\/foto1-3-768x576.jpg 768w, https:\/\/osepmendoza.com.ar\/web\/wp-content\/uploads\/2022\/02\/foto1-3-1536x1152.jpg 1536w\" sizes=\"auto, (max-width: 1600px) 100vw, 1600px\" \/><\/a>\n\t\t\t<\/div><\/figure><figure class='gallery-item'>\n\t\t\t<div class='gallery-icon landscape'>\n\t\t\t\t<a href='https:\/\/osepmendoza.com.ar\/web\/3o-triatlon-recreativo-en-alvear\/foto2-133\/'><img loading=\"lazy\" decoding=\"async\" width=\"1600\" height=\"1200\" src=\"https:\/\/osepmendoza.com.ar\/web\/wp-content\/uploads\/2022\/02\/foto2-3.jpg\" class=\"attachment-full size-full\" alt=\"\" srcset=\"https:\/\/osepmendoza.com.ar\/web\/wp-content\/uploads\/2022\/02\/foto2-3.jpg 1600w, https:\/\/osepmendoza.com.ar\/web\/wp-content\/uploads\/2022\/02\/foto2-3-300x225.jpg 300w, https:\/\/osepmendoza.com.ar\/web\/wp-content\/uploads\/2022\/02\/foto2-3-1024x768.jpg 1024w, https:\/\/osepmendoza.com.ar\/web\/wp-content\/uploads\/2022\/02\/foto2-3-768x576.jpg 768w, https:\/\/osepmendoza.com.ar\/web\/wp-content\/uploads\/2022\/02\/foto2-3-1536x1152.jpg 1536w\" sizes=\"auto, (max-width: 1600px) 100vw, 1600px\" \/><\/a>\n\t\t\t<\/div><\/figure>\n\t\t<\/div>\n\n","protected":false},"excerpt":{"rendered":"<p>La colonia de verano para adultos mayores en General Alvear&#8230;<\/p>\n","protected":false},"author":12,"featured_media":45649,"comment_status":"closed","ping_status":"open","sticky":false,"template":"","format":"standard","meta":{"_acf_changed":false,"inline_featured_image":false,"_exactmetrics_skip_tracking":false,"_exactmetrics_sitenote_active":false,"_exactmetrics_sitenote_note":"","_exactmetrics_sitenote_category":0,"footnotes":"","_links_to":"","_links_to_target":""},"categories":[101],"tags":[156,832,187,1433,285],"class_list":["post-45648","post","type-post","status-publish","format-standard","has-post-thumbnail","hentry","category-noticias","tag-adultos-mayores","tag-agua","tag-alvear","tag-colonia","tag-verano"],"acf":[],"yoast_head":"<!-- This site is optimized with the Yoast SEO plugin v27.4 - https:\/\/yoast.com\/product\/yoast-seo-wordpress\/ -->\n<title>3\u00ba Triatl\u00f3n Recreativo en Alvear - OSEP Mendoza<\/title>\n<meta name=\"robots\" content=\"index, follow, max-snippet:-1, max-image-preview:large, max-video-preview:-1\" \/>\n<link rel=\"canonical\" href=\"https:\/\/osepmendoza.com.ar\/web\/3o-triatlon-recreativo-en-alvear\/\" \/>\n<meta property=\"og:locale\" content=\"es_ES\" \/>\n<meta property=\"og:type\" content=\"article\" \/>\n<meta property=\"og:title\" content=\"3\u00ba Triatl\u00f3n Recreativo en Alvear - OSEP Mendoza\" \/>\n<meta property=\"og:description\" content=\"La colonia de verano para adultos mayores en General Alvear...\" \/>\n<meta property=\"og:url\" content=\"https:\/\/osepmendoza.com.ar\/web\/3o-triatlon-recreativo-en-alvear\/\" \/>\n<meta property=\"og:site_name\" content=\"OSEP Mendoza\" \/>\n<meta property=\"article:publisher\" content=\"https:\/\/www.facebook.com\/OSEP.MendozaArg\/\" \/>\n<meta property=\"article:published_time\" content=\"2022-02-18T14:01:04+00:00\" \/>\n<meta property=\"article:modified_time\" content=\"2023-05-17T11:24:01+00:00\" \/>\n<meta property=\"og:image\" content=\"https:\/\/osepmendoza.com.ar\/web\/wp-content\/uploads\/2022\/02\/foto-5.jpg\" \/>\n\t<meta property=\"og:image:width\" content=\"1201\" \/>\n\t<meta property=\"og:image:height\" content=\"439\" \/>\n\t<meta property=\"og:image:type\" content=\"image\/jpeg\" \/>\n<meta name=\"author\" content=\"Sebastian Fernandez\" \/>\n<meta name=\"twitter:card\" content=\"summary_large_image\" \/>\n<meta name=\"twitter:creator\" content=\"@OsepMza\" \/>\n<meta name=\"twitter:site\" content=\"@OsepMza\" \/>\n<meta name=\"twitter:label1\" content=\"Escrito por\" \/>\n\t<meta name=\"twitter:data1\" content=\"Sebastian Fernandez\" \/>\n\t<meta name=\"twitter:label2\" content=\"Tiempo de lectura\" \/>\n\t<meta name=\"twitter:data2\" content=\"1 minuto\" \/>\n<script type=\"application\/ld+json\" class=\"yoast-schema-graph\">{\"@context\":\"https:\\\/\\\/schema.org\",\"@graph\":[{\"@type\":\"Article\",\"@id\":\"https:\\\/\\\/osepmendoza.com.ar\\\/web\\\/3o-triatlon-recreativo-en-alvear\\\/#article\",\"isPartOf\":{\"@id\":\"https:\\\/\\\/osepmendoza.com.ar\\\/web\\\/3o-triatlon-recreativo-en-alvear\\\/\"},\"author\":{\"name\":\"Sebastian Fernandez\",\"@id\":\"https:\\\/\\\/osepmendoza.com.ar\\\/web\\\/#\\\/schema\\\/person\\\/90986df7128a51e32bb66102fc247eb2\"},\"headline\":\"3\u00ba Triatl\u00f3n Recreativo en Alvear\",\"datePublished\":\"2022-02-18T14:01:04+00:00\",\"dateModified\":\"2023-05-17T11:24:01+00:00\",\"mainEntityOfPage\":{\"@id\":\"https:\\\/\\\/osepmendoza.com.ar\\\/web\\\/3o-triatlon-recreativo-en-alvear\\\/\"},\"wordCount\":156,\"publisher\":{\"@id\":\"https:\\\/\\\/osepmendoza.com.ar\\\/web\\\/#organization\"},\"image\":{\"@id\":\"https:\\\/\\\/osepmendoza.com.ar\\\/web\\\/3o-triatlon-recreativo-en-alvear\\\/#primaryimage\"},\"thumbnailUrl\":\"https:\\\/\\\/osepmendoza.com.ar\\\/web\\\/wp-content\\\/uploads\\\/2022\\\/02\\\/foto-5.jpg\",\"keywords\":[\"adultos mayores\",\"agua\",\"Alvear\",\"colonia\",\"verano\"],\"articleSection\":[\"Noticias\"],\"inLanguage\":\"es\"},{\"@type\":\"WebPage\",\"@id\":\"https:\\\/\\\/osepmendoza.com.ar\\\/web\\\/3o-triatlon-recreativo-en-alvear\\\/\",\"url\":\"https:\\\/\\\/osepmendoza.com.ar\\\/web\\\/3o-triatlon-recreativo-en-alvear\\\/\",\"name\":\"3\u00ba Triatl\u00f3n Recreativo en Alvear - OSEP Mendoza\",\"isPartOf\":{\"@id\":\"https:\\\/\\\/osepmendoza.com.ar\\\/web\\\/#website\"},\"primaryImageOfPage\":{\"@id\":\"https:\\\/\\\/osepmendoza.com.ar\\\/web\\\/3o-triatlon-recreativo-en-alvear\\\/#primaryimage\"},\"image\":{\"@id\":\"https:\\\/\\\/osepmendoza.com.ar\\\/web\\\/3o-triatlon-recreativo-en-alvear\\\/#primaryimage\"},\"thumbnailUrl\":\"https:\\\/\\\/osepmendoza.com.ar\\\/web\\\/wp-content\\\/uploads\\\/2022\\\/02\\\/foto-5.jpg\",\"datePublished\":\"2022-02-18T14:01:04+00:00\",\"dateModified\":\"2023-05-17T11:24:01+00:00\",\"breadcrumb\":{\"@id\":\"https:\\\/\\\/osepmendoza.com.ar\\\/web\\\/3o-triatlon-recreativo-en-alvear\\\/#breadcrumb\"},\"inLanguage\":\"es\",\"potentialAction\":[{\"@type\":\"ReadAction\",\"target\":[\"https:\\\/\\\/osepmendoza.com.ar\\\/web\\\/3o-triatlon-recreativo-en-alvear\\\/\"]}]},{\"@type\":\"ImageObject\",\"inLanguage\":\"es\",\"@id\":\"https:\\\/\\\/osepmendoza.com.ar\\\/web\\\/3o-triatlon-recreativo-en-alvear\\\/#primaryimage\",\"url\":\"https:\\\/\\\/osepmendoza.com.ar\\\/web\\\/wp-content\\\/uploads\\\/2022\\\/02\\\/foto-5.jpg\",\"contentUrl\":\"https:\\\/\\\/osepmendoza.com.ar\\\/web\\\/wp-content\\\/uploads\\\/2022\\\/02\\\/foto-5.jpg\",\"width\":1201,\"height\":439},{\"@type\":\"BreadcrumbList\",\"@id\":\"https:\\\/\\\/osepmendoza.com.ar\\\/web\\\/3o-triatlon-recreativo-en-alvear\\\/#breadcrumb\",\"itemListElement\":[{\"@type\":\"ListItem\",\"position\":1,\"name\":\"Portada\",\"item\":\"https:\\\/\\\/osepmendoza.com.ar\\\/web\\\/\"},{\"@type\":\"ListItem\",\"position\":2,\"name\":\"3\u00ba Triatl\u00f3n Recreativo en Alvear\"}]},{\"@type\":\"WebSite\",\"@id\":\"https:\\\/\\\/osepmendoza.com.ar\\\/web\\\/#website\",\"url\":\"https:\\\/\\\/osepmendoza.com.ar\\\/web\\\/\",\"name\":\"OSEP Mendoza\",\"description\":\"Obra Social de los Empleados P\u00fablicos de Mendoza\",\"publisher\":{\"@id\":\"https:\\\/\\\/osepmendoza.com.ar\\\/web\\\/#organization\"},\"potentialAction\":[{\"@type\":\"SearchAction\",\"target\":{\"@type\":\"EntryPoint\",\"urlTemplate\":\"https:\\\/\\\/osepmendoza.com.ar\\\/web\\\/?s={search_term_string}\"},\"query-input\":{\"@type\":\"PropertyValueSpecification\",\"valueRequired\":true,\"valueName\":\"search_term_string\"}}],\"inLanguage\":\"es\"},{\"@type\":\"Organization\",\"@id\":\"https:\\\/\\\/osepmendoza.com.ar\\\/web\\\/#organization\",\"name\":\"OSEP - Obra Social de Empleados P\u00fablicos de Mendoza\",\"url\":\"https:\\\/\\\/osepmendoza.com.ar\\\/web\\\/\",\"logo\":{\"@type\":\"ImageObject\",\"inLanguage\":\"es\",\"@id\":\"https:\\\/\\\/osepmendoza.com.ar\\\/web\\\/#\\\/schema\\\/logo\\\/image\\\/\",\"url\":\"https:\\\/\\\/osepmendoza.com.ar\\\/web\\\/wp-content\\\/uploads\\\/2020\\\/04\\\/lkTM9T9z.jpg\",\"contentUrl\":\"https:\\\/\\\/osepmendoza.com.ar\\\/web\\\/wp-content\\\/uploads\\\/2020\\\/04\\\/lkTM9T9z.jpg\",\"width\":334,\"height\":334,\"caption\":\"OSEP - Obra Social de Empleados P\u00fablicos de Mendoza\"},\"image\":{\"@id\":\"https:\\\/\\\/osepmendoza.com.ar\\\/web\\\/#\\\/schema\\\/logo\\\/image\\\/\"},\"sameAs\":[\"https:\\\/\\\/www.facebook.com\\\/OSEP.MendozaArg\\\/\",\"https:\\\/\\\/x.com\\\/OsepMza\",\"https:\\\/\\\/www.instagram.com\\\/osep.mendoza\\\/\",\"https:\\\/\\\/www.youtube.com\\\/user\\\/osepvideos\"]},{\"@type\":\"Person\",\"@id\":\"https:\\\/\\\/osepmendoza.com.ar\\\/web\\\/#\\\/schema\\\/person\\\/90986df7128a51e32bb66102fc247eb2\",\"name\":\"Sebastian Fernandez\",\"image\":{\"@type\":\"ImageObject\",\"inLanguage\":\"es\",\"@id\":\"https:\\\/\\\/secure.gravatar.com\\\/avatar\\\/cc42d53caabe846896e06ed8955a60e82b2b829babcb731f86f26c42378bcfec?s=96&d=mm&r=g\",\"url\":\"https:\\\/\\\/secure.gravatar.com\\\/avatar\\\/cc42d53caabe846896e06ed8955a60e82b2b829babcb731f86f26c42378bcfec?s=96&d=mm&r=g\",\"contentUrl\":\"https:\\\/\\\/secure.gravatar.com\\\/avatar\\\/cc42d53caabe846896e06ed8955a60e82b2b829babcb731f86f26c42378bcfec?s=96&d=mm&r=g\",\"caption\":\"Sebastian Fernandez\"},\"sameAs\":[\"http:\\\/\\\/osepmendoza.com.ar\\\/web\"]}]}<\/script>\n<!-- \/ Yoast SEO plugin. -->","yoast_head_json":{"title":"3\u00ba Triatl\u00f3n Recreativo en Alvear - OSEP Mendoza","robots":{"index":"index","follow":"follow","max-snippet":"max-snippet:-1","max-image-preview":"max-image-preview:large","max-video-preview":"max-video-preview:-1"},"canonical":"https:\/\/osepmendoza.com.ar\/web\/3o-triatlon-recreativo-en-alvear\/","og_locale":"es_ES","og_type":"article","og_title":"3\u00ba Triatl\u00f3n Recreativo en Alvear - OSEP Mendoza","og_description":"La colonia de verano para adultos mayores en General Alvear...","og_url":"https:\/\/osepmendoza.com.ar\/web\/3o-triatlon-recreativo-en-alvear\/","og_site_name":"OSEP Mendoza","article_publisher":"https:\/\/www.facebook.com\/OSEP.MendozaArg\/","article_published_time":"2022-02-18T14:01:04+00:00","article_modified_time":"2023-05-17T11:24:01+00:00","og_image":[{"width":1201,"height":439,"url":"https:\/\/osepmendoza.com.ar\/web\/wp-content\/uploads\/2022\/02\/foto-5.jpg","type":"image\/jpeg"}],"author":"Sebastian Fernandez","twitter_card":"summary_large_image","twitter_creator":"@OsepMza","twitter_site":"@OsepMza","twitter_misc":{"Escrito por":"Sebastian Fernandez","Tiempo de lectura":"1 minuto"},"schema":{"@context":"https:\/\/schema.org","@graph":[{"@type":"Article","@id":"https:\/\/osepmendoza.com.ar\/web\/3o-triatlon-recreativo-en-alvear\/#article","isPartOf":{"@id":"https:\/\/osepmendoza.com.ar\/web\/3o-triatlon-recreativo-en-alvear\/"},"author":{"name":"Sebastian Fernandez","@id":"https:\/\/osepmendoza.com.ar\/web\/#\/schema\/person\/90986df7128a51e32bb66102fc247eb2"},"headline":"3\u00ba Triatl\u00f3n Recreativo en Alvear","datePublished":"2022-02-18T14:01:04+00:00","dateModified":"2023-05-17T11:24:01+00:00","mainEntityOfPage":{"@id":"https:\/\/osepmendoza.com.ar\/web\/3o-triatlon-recreativo-en-alvear\/"},"wordCount":156,"publisher":{"@id":"https:\/\/osepmendoza.com.ar\/web\/#organization"},"image":{"@id":"https:\/\/osepmendoza.com.ar\/web\/3o-triatlon-recreativo-en-alvear\/#primaryimage"},"thumbnailUrl":"https:\/\/osepmendoza.com.ar\/web\/wp-content\/uploads\/2022\/02\/foto-5.jpg","keywords":["adultos mayores","agua","Alvear","colonia","verano"],"articleSection":["Noticias"],"inLanguage":"es"},{"@type":"WebPage","@id":"https:\/\/osepmendoza.com.ar\/web\/3o-triatlon-recreativo-en-alvear\/","url":"https:\/\/osepmendoza.com.ar\/web\/3o-triatlon-recreativo-en-alvear\/","name":"3\u00ba Triatl\u00f3n Recreativo en Alvear - OSEP Mendoza","isPartOf":{"@id":"https:\/\/osepmendoza.com.ar\/web\/#website"},"primaryImageOfPage":{"@id":"https:\/\/osepmendoza.com.ar\/web\/3o-triatlon-recreativo-en-alvear\/#primaryimage"},"image":{"@id":"https:\/\/osepmendoza.com.ar\/web\/3o-triatlon-recreativo-en-alvear\/#primaryimage"},"thumbnailUrl":"https:\/\/osepmendoza.com.ar\/web\/wp-content\/uploads\/2022\/02\/foto-5.jpg","datePublished":"2022-02-18T14:01:04+00:00","dateModified":"2023-05-17T11:24:01+00:00","breadcrumb":{"@id":"https:\/\/osepmendoza.com.ar\/web\/3o-triatlon-recreativo-en-alvear\/#breadcrumb"},"inLanguage":"es","potentialAction":[{"@type":"ReadAction","target":["https:\/\/osepmendoza.com.ar\/web\/3o-triatlon-recreativo-en-alvear\/"]}]},{"@type":"ImageObject","inLanguage":"es","@id":"https:\/\/osepmendoza.com.ar\/web\/3o-triatlon-recreativo-en-alvear\/#primaryimage","url":"https:\/\/osepmendoza.com.ar\/web\/wp-content\/uploads\/2022\/02\/foto-5.jpg","contentUrl":"https:\/\/osepmendoza.com.ar\/web\/wp-content\/uploads\/2022\/02\/foto-5.jpg","width":1201,"height":439},{"@type":"BreadcrumbList","@id":"https:\/\/osepmendoza.com.ar\/web\/3o-triatlon-recreativo-en-alvear\/#breadcrumb","itemListElement":[{"@type":"ListItem","position":1,"name":"Portada","item":"https:\/\/osepmendoza.com.ar\/web\/"},{"@type":"ListItem","position":2,"name":"3\u00ba Triatl\u00f3n Recreativo en Alvear"}]},{"@type":"WebSite","@id":"https:\/\/osepmendoza.com.ar\/web\/#website","url":"https:\/\/osepmendoza.com.ar\/web\/","name":"OSEP Mendoza","description":"Obra Social de los Empleados P\u00fablicos de Mendoza","publisher":{"@id":"https:\/\/osepmendoza.com.ar\/web\/#organization"},"potentialAction":[{"@type":"SearchAction","target":{"@type":"EntryPoint","urlTemplate":"https:\/\/osepmendoza.com.ar\/web\/?s={search_term_string}"},"query-input":{"@type":"PropertyValueSpecification","valueRequired":true,"valueName":"search_term_string"}}],"inLanguage":"es"},{"@type":"Organization","@id":"https:\/\/osepmendoza.com.ar\/web\/#organization","name":"OSEP - Obra Social de Empleados P\u00fablicos de Mendoza","url":"https:\/\/osepmendoza.com.ar\/web\/","logo":{"@type":"ImageObject","inLanguage":"es","@id":"https:\/\/osepmendoza.com.ar\/web\/#\/schema\/logo\/image\/","url":"https:\/\/osepmendoza.com.ar\/web\/wp-content\/uploads\/2020\/04\/lkTM9T9z.jpg","contentUrl":"https:\/\/osepmendoza.com.ar\/web\/wp-content\/uploads\/2020\/04\/lkTM9T9z.jpg","width":334,"height":334,"caption":"OSEP - Obra Social de Empleados P\u00fablicos de Mendoza"},"image":{"@id":"https:\/\/osepmendoza.com.ar\/web\/#\/schema\/logo\/image\/"},"sameAs":["https:\/\/www.facebook.com\/OSEP.MendozaArg\/","https:\/\/x.com\/OsepMza","https:\/\/www.instagram.com\/osep.mendoza\/","https:\/\/www.youtube.com\/user\/osepvideos"]},{"@type":"Person","@id":"https:\/\/osepmendoza.com.ar\/web\/#\/schema\/person\/90986df7128a51e32bb66102fc247eb2","name":"Sebastian Fernandez","image":{"@type":"ImageObject","inLanguage":"es","@id":"https:\/\/secure.gravatar.com\/avatar\/cc42d53caabe846896e06ed8955a60e82b2b829babcb731f86f26c42378bcfec?s=96&d=mm&r=g","url":"https:\/\/secure.gravatar.com\/avatar\/cc42d53caabe846896e06ed8955a60e82b2b829babcb731f86f26c42378bcfec?s=96&d=mm&r=g","contentUrl":"https:\/\/secure.gravatar.com\/avatar\/cc42d53caabe846896e06ed8955a60e82b2b829babcb731f86f26c42378bcfec?s=96&d=mm&r=g","caption":"Sebastian Fernandez"},"sameAs":["http:\/\/osepmendoza.com.ar\/web"]}]}},"amp_enabled":true,"_links":{"self":[{"href":"https:\/\/osepmendoza.com.ar\/web\/wp-json\/wp\/v2\/posts\/45648","targetHints":{"allow":["GET"]}}],"collection":[{"href":"https:\/\/osepmendoza.com.ar\/web\/wp-json\/wp\/v2\/posts"}],"about":[{"href":"https:\/\/osepmendoza.com.ar\/web\/wp-json\/wp\/v2\/types\/post"}],"author":[{"embeddable":true,"href":"https:\/\/osepmendoza.com.ar\/web\/wp-json\/wp\/v2\/users\/12"}],"replies":[{"embeddable":true,"href":"https:\/\/osepmendoza.com.ar\/web\/wp-json\/wp\/v2\/comments?post=45648"}],"version-history":[{"count":2,"href":"https:\/\/osepmendoza.com.ar\/web\/wp-json\/wp\/v2\/posts\/45648\/revisions"}],"predecessor-version":[{"id":45653,"href":"https:\/\/osepmendoza.com.ar\/web\/wp-json\/wp\/v2\/posts\/45648\/revisions\/45653"}],"wp:featuredmedia":[{"embeddable":true,"href":"https:\/\/osepmendoza.com.ar\/web\/wp-json\/wp\/v2\/media\/45649"}],"wp:attachment":[{"href":"https:\/\/osepmendoza.com.ar\/web\/wp-json\/wp\/v2\/media?parent=45648"}],"wp:term":[{"taxonomy":"category","embeddable":true,"href":"https:\/\/osepmendoza.com.ar\/web\/wp-json\/wp\/v2\/categories?post=45648"},{"taxonomy":"post_tag","embeddable":true,"href":"https:\/\/osepmendoza.com.ar\/web\/wp-json\/wp\/v2\/tags?post=45648"}],"curies":[{"name":"wp","href":"https:\/\/api.w.org\/{rel}","templated":true}]}}