{"id":45642,"date":"2022-02-17T15:18:54","date_gmt":"2022-02-17T18:18:54","guid":{"rendered":"https:\/\/osepmendoza.com.ar\/web\/?p=45642"},"modified":"2023-05-17T08:24:12","modified_gmt":"2023-05-17T11:24:12","slug":"alimentacion-y-sistema-inmunitario","status":"publish","type":"post","link":"https:\/\/osepmendoza.com.ar\/web\/alimentacion-y-sistema-inmunitario\/","title":{"rendered":"Alimentaci\u00f3n y sistema inmunitario"},"content":{"rendered":"<p align=\"left\"><strong>Fortalecer las defensas naturales del cuerpo ayuda a combatir organismos da\u00f1inos causantes de enfermedades. Lograrlo es posible con cambios en la dieta y el estilo de vida.<\/strong><\/p>\n<p align=\"left\"><strong>Consejos para fortalecer la inmunidad natural<\/strong><\/p>\n<h4 align=\"left\">1. Limit\u00e1 el agregado de az\u00facar y productos que la contienen<\/h4>\n<p align=\"left\">Los az\u00facares y los carbohidratos refinados pueden contribuir de manera desproporcionada al sobrepeso y la obesidad favoreciendo el riesgo de enfermedades cr\u00f3nicas como diabetes tipo 2 y las patolog\u00edas card\u00edacas. Es necesario limitar el consumo de az\u00facar, solo 2 cucharaditas por d\u00eda aproximadamente y evitar a diario panificados.<\/p>\n<h4 align=\"left\">2. Com\u00e9 alimentos integrales de origen vegetal<\/h4>\n<p align=\"left\">Esta categor\u00eda se compone de frutas, vegetales, nueces, semillas y legumbres. Son ricos en nutrientes y antioxidantes por lo que ayudan a disminuir la inflamaci\u00f3n al combatir los llamados radicales libres.<\/p>\n<p align=\"left\">Por otro lado, la fibra en los alimentos vegetales es sustento para el microbioma intestinal, es decir, la comunidad de bacterias saludables del intestino.<\/p>\n<p align=\"left\">Un microbioma intestinal resistente puede mejorar la inmunidad y ayudar a evitar que pat\u00f3genos da\u00f1inos entren en el cuerpo a trav\u00e9s del tracto digestivo.<\/p>\n<h4 align=\"left\">3. Com\u00e9 grasas saludables<\/h4>\n<p align=\"left\"><span style=\"font-size: 16px;\">Estas son las que se encuentran en el aceite de oliva y los pescados. Pueden aumentar la respuesta inmune de tu cuerpo.<\/span><\/p>\n<p align=\"left\">El aceite de oliva es altamente antiinflamatorio por lo que ayuda a combatir bacterias y virus. Adem\u00e1s su consumo se vincula con un menor riesgo de afecciones cr\u00f3nicas como enfermedades card\u00edacas y diabetes tipo 2.<\/p>\n<p align=\"left\">Los \u00e1cidos grasos omega-3, como los del salm\u00f3n y las semillas de ch\u00eda, tambi\u00e9n combaten la inflamaci\u00f3n.<\/p>\n<p align=\"left\">En este grupo se encuentran tambi\u00e9n las semillas, la palta , las nueces y almendras.<\/p>\n<h4 align=\"left\">4. Com\u00e9 alimentos fermentados<\/h4>\n<p align=\"left\">Son ricos en bacterias beneficiosas llamadas probi\u00f3ticos, que se encuentran en gran cantidad en el tracto digestivo.<\/p>\n<p align=\"left\">Estos alimentos incluyen yogur, chucrut, kimchi, k\u00e9fir y natto que ayudan a mejorar las bacterias intestinales .<\/p>\n<h4 align=\"left\">5. Duerme lo suficiente<\/h4>\n<p align=\"left\">El sue\u00f1o y la inmunidad est\u00e1n estrechamente relacionados. No dormir bien o tener un sue\u00f1o de mala calidad est\u00e1 vinculado a una mayor susceptibilidad a padecer enfermedad.<\/p>\n<p align=\"left\">Si tienes problemas para dormir, intenta limitar el tiempo de pantalla durante una hora antes de acostarte. La luz azul que emiten el tel\u00e9fono, el televisor y computadora pueden interrumpir el ritmo circadiano o el ciclo natural de vigilia-sue\u00f1o del cuerpo.<\/p>\n<h4 align=\"left\">6. Hac\u00e9 ejercicio moderado<\/h4>\n<p align=\"left\">El ejercicio regular y moderado ayuda a la fortaleza del sistema inmune, reduce la inflamaci\u00f3n y ayuda a las c\u00e9lulas inmunitarias a regenerarse regularmente. En cambio el ejercicio intenso y prolongado puede suprimir el sistema inmune.<\/p>\n<p align=\"left\">La mayor\u00eda de las personas deben intentar hacer al menos 150 minutos de ejercicio moderado por semana.<\/p>\n<h4 align=\"left\">7. Mantenete hidratado<\/h4>\n<p align=\"left\">Prevenir la deshidrataci\u00f3n es fundamental para la salud. Esta puede causar dolores de cabeza, dificultar el rendimiento f\u00edsico, repercutir en la concentraci\u00f3n, el estado de \u00e1nimo, la digesti\u00f3n, la funci\u00f3n card\u00edaca y renal. Estas complicaciones podr\u00edan aumentar la probabilidad de enfermar.<\/p>\n<p align=\"left\">Se debe prevenirla bebiendo suficiente l\u00edquido, preferentemente agua que no aporta calor\u00edas. Los adultos mayores necesitan beber regularmente, incluso cuando no sientan sed.<\/p>\n<h4 align=\"left\">8 &#8211; Control\u00e1 tus niveles de estr\u00e9s<\/h4>\n<p align=\"left\">Aliviar el estr\u00e9s y la ansiedad es clave para la salud inmunitaria. El estr\u00e9s prolongado promueve la inflamaci\u00f3n, as\u00ed como los desequilibrios en la funci\u00f3n celular inmune. Puedes beneficiarte con pr\u00e1cticas y terapias que ayuden a reducirlo.<\/p>\n<h4 align=\"left\">9 &#8211; Incorpor\u00e1 en tu dieta alimentos con propiedades importantes como:<\/h4>\n<ul>\n<li>Alimentos ricos en Vitamina C. Frutas c\u00edtricas y los jugos de naranja, pomelo, lim\u00f3n, mandarina y kiwi, frutilla, mel\u00f3n, pimientos rojos y verdes, papas horneadas y tomates.<\/li>\n<li>Vitamina D. L\u00e1cteos fortificados con vitamina D, pescados como la trucha, el salm\u00f3n, el at\u00fan y la caballa, yema de huevo y los quesos.<\/li>\n<li>Zinc. Ostras, h\u00edgado, almejas,carnes rojas, pollo, pavo, avellanas, almendras, queso, avena.<\/li>\n<li>Ajo. Reduce la incidencia del resfriado com\u00fan, en aproximadamente un 30%.<\/li>\n<\/ul>\n<p align=\"right\">Lic. Silvina Rodr\u00edguez Blanco &#8211; Mat. 1163<\/p>\n<p align=\"right\">Servicio de Nutrici\u00f3n y Alimentaci\u00f3n de OSEP<\/p>\n<p class=\"western\" align=\"justify\">\n","protected":false},"excerpt":{"rendered":"<p>Fortalecer las defensas naturales del cuerpo ayuda a combatir organismos&#8230;<\/p>\n","protected":false},"author":12,"featured_media":45643,"comment_status":"closed","ping_status":"open","sticky":false,"template":"","format":"standard","meta":{"_acf_changed":false,"inline_featured_image":false,"_exactmetrics_skip_tracking":false,"_exactmetrics_sitenote_active":false,"_exactmetrics_sitenote_note":"","_exactmetrics_sitenote_category":0,"footnotes":"","_links_to":"","_links_to_target":""},"categories":[101],"tags":[155,1766,873],"class_list":["post-45642","post","type-post","status-publish","format-standard","has-post-thumbnail","hentry","category-noticias","tag-alimentacion","tag-inmunitario","tag-sistema"],"acf":[],"yoast_head":"<!-- This site is optimized with the Yoast SEO plugin v27.4 - https:\/\/yoast.com\/product\/yoast-seo-wordpress\/ -->\n<title>Alimentaci\u00f3n y sistema inmunitario - OSEP Mendoza<\/title>\n<meta name=\"robots\" content=\"index, follow, max-snippet:-1, max-image-preview:large, max-video-preview:-1\" \/>\n<link rel=\"canonical\" href=\"https:\/\/osepmendoza.com.ar\/web\/alimentacion-y-sistema-inmunitario\/\" \/>\n<meta property=\"og:locale\" content=\"es_ES\" \/>\n<meta property=\"og:type\" content=\"article\" \/>\n<meta property=\"og:title\" content=\"Alimentaci\u00f3n y sistema inmunitario - OSEP Mendoza\" \/>\n<meta property=\"og:description\" content=\"Fortalecer las defensas naturales del cuerpo ayuda a combatir organismos...\" \/>\n<meta property=\"og:url\" content=\"https:\/\/osepmendoza.com.ar\/web\/alimentacion-y-sistema-inmunitario\/\" \/>\n<meta property=\"og:site_name\" content=\"OSEP Mendoza\" \/>\n<meta property=\"article:publisher\" content=\"https:\/\/www.facebook.com\/OSEP.MendozaArg\/\" \/>\n<meta property=\"article:published_time\" content=\"2022-02-17T18:18:54+00:00\" \/>\n<meta property=\"article:modified_time\" content=\"2023-05-17T11:24:12+00:00\" \/>\n<meta property=\"og:image\" content=\"https:\/\/osepmendoza.com.ar\/web\/wp-content\/uploads\/2022\/02\/0-1.jpg\" \/>\n\t<meta property=\"og:image:width\" content=\"1201\" \/>\n\t<meta property=\"og:image:height\" content=\"439\" \/>\n\t<meta property=\"og:image:type\" content=\"image\/jpeg\" \/>\n<meta name=\"author\" content=\"Sebastian Fernandez\" \/>\n<meta name=\"twitter:card\" content=\"summary_large_image\" \/>\n<meta name=\"twitter:creator\" content=\"@OsepMza\" \/>\n<meta name=\"twitter:site\" content=\"@OsepMza\" \/>\n<meta name=\"twitter:label1\" content=\"Escrito por\" \/>\n\t<meta name=\"twitter:data1\" content=\"Sebastian Fernandez\" \/>\n\t<meta name=\"twitter:label2\" content=\"Tiempo de lectura\" \/>\n\t<meta name=\"twitter:data2\" content=\"3 minutos\" \/>\n<script type=\"application\/ld+json\" class=\"yoast-schema-graph\">{\"@context\":\"https:\\\/\\\/schema.org\",\"@graph\":[{\"@type\":\"Article\",\"@id\":\"https:\\\/\\\/osepmendoza.com.ar\\\/web\\\/alimentacion-y-sistema-inmunitario\\\/#article\",\"isPartOf\":{\"@id\":\"https:\\\/\\\/osepmendoza.com.ar\\\/web\\\/alimentacion-y-sistema-inmunitario\\\/\"},\"author\":{\"name\":\"Sebastian Fernandez\",\"@id\":\"https:\\\/\\\/osepmendoza.com.ar\\\/web\\\/#\\\/schema\\\/person\\\/90986df7128a51e32bb66102fc247eb2\"},\"headline\":\"Alimentaci\u00f3n y sistema inmunitario\",\"datePublished\":\"2022-02-17T18:18:54+00:00\",\"dateModified\":\"2023-05-17T11:24:12+00:00\",\"mainEntityOfPage\":{\"@id\":\"https:\\\/\\\/osepmendoza.com.ar\\\/web\\\/alimentacion-y-sistema-inmunitario\\\/\"},\"wordCount\":693,\"publisher\":{\"@id\":\"https:\\\/\\\/osepmendoza.com.ar\\\/web\\\/#organization\"},\"image\":{\"@id\":\"https:\\\/\\\/osepmendoza.com.ar\\\/web\\\/alimentacion-y-sistema-inmunitario\\\/#primaryimage\"},\"thumbnailUrl\":\"https:\\\/\\\/osepmendoza.com.ar\\\/web\\\/wp-content\\\/uploads\\\/2022\\\/02\\\/0-1.jpg\",\"keywords\":[\"alimentaci\u00f3n\",\"inmunitario\",\"Sistema\"],\"articleSection\":[\"Noticias\"],\"inLanguage\":\"es\"},{\"@type\":\"WebPage\",\"@id\":\"https:\\\/\\\/osepmendoza.com.ar\\\/web\\\/alimentacion-y-sistema-inmunitario\\\/\",\"url\":\"https:\\\/\\\/osepmendoza.com.ar\\\/web\\\/alimentacion-y-sistema-inmunitario\\\/\",\"name\":\"Alimentaci\u00f3n y sistema inmunitario - OSEP Mendoza\",\"isPartOf\":{\"@id\":\"https:\\\/\\\/osepmendoza.com.ar\\\/web\\\/#website\"},\"primaryImageOfPage\":{\"@id\":\"https:\\\/\\\/osepmendoza.com.ar\\\/web\\\/alimentacion-y-sistema-inmunitario\\\/#primaryimage\"},\"image\":{\"@id\":\"https:\\\/\\\/osepmendoza.com.ar\\\/web\\\/alimentacion-y-sistema-inmunitario\\\/#primaryimage\"},\"thumbnailUrl\":\"https:\\\/\\\/osepmendoza.com.ar\\\/web\\\/wp-content\\\/uploads\\\/2022\\\/02\\\/0-1.jpg\",\"datePublished\":\"2022-02-17T18:18:54+00:00\",\"dateModified\":\"2023-05-17T11:24:12+00:00\",\"breadcrumb\":{\"@id\":\"https:\\\/\\\/osepmendoza.com.ar\\\/web\\\/alimentacion-y-sistema-inmunitario\\\/#breadcrumb\"},\"inLanguage\":\"es\",\"potentialAction\":[{\"@type\":\"ReadAction\",\"target\":[\"https:\\\/\\\/osepmendoza.com.ar\\\/web\\\/alimentacion-y-sistema-inmunitario\\\/\"]}]},{\"@type\":\"ImageObject\",\"inLanguage\":\"es\",\"@id\":\"https:\\\/\\\/osepmendoza.com.ar\\\/web\\\/alimentacion-y-sistema-inmunitario\\\/#primaryimage\",\"url\":\"https:\\\/\\\/osepmendoza.com.ar\\\/web\\\/wp-content\\\/uploads\\\/2022\\\/02\\\/0-1.jpg\",\"contentUrl\":\"https:\\\/\\\/osepmendoza.com.ar\\\/web\\\/wp-content\\\/uploads\\\/2022\\\/02\\\/0-1.jpg\",\"width\":1201,\"height\":439},{\"@type\":\"BreadcrumbList\",\"@id\":\"https:\\\/\\\/osepmendoza.com.ar\\\/web\\\/alimentacion-y-sistema-inmunitario\\\/#breadcrumb\",\"itemListElement\":[{\"@type\":\"ListItem\",\"position\":1,\"name\":\"Portada\",\"item\":\"https:\\\/\\\/osepmendoza.com.ar\\\/web\\\/\"},{\"@type\":\"ListItem\",\"position\":2,\"name\":\"Alimentaci\u00f3n y sistema inmunitario\"}]},{\"@type\":\"WebSite\",\"@id\":\"https:\\\/\\\/osepmendoza.com.ar\\\/web\\\/#website\",\"url\":\"https:\\\/\\\/osepmendoza.com.ar\\\/web\\\/\",\"name\":\"OSEP Mendoza\",\"description\":\"Obra Social de los Empleados P\u00fablicos de Mendoza\",\"publisher\":{\"@id\":\"https:\\\/\\\/osepmendoza.com.ar\\\/web\\\/#organization\"},\"potentialAction\":[{\"@type\":\"SearchAction\",\"target\":{\"@type\":\"EntryPoint\",\"urlTemplate\":\"https:\\\/\\\/osepmendoza.com.ar\\\/web\\\/?s={search_term_string}\"},\"query-input\":{\"@type\":\"PropertyValueSpecification\",\"valueRequired\":true,\"valueName\":\"search_term_string\"}}],\"inLanguage\":\"es\"},{\"@type\":\"Organization\",\"@id\":\"https:\\\/\\\/osepmendoza.com.ar\\\/web\\\/#organization\",\"name\":\"OSEP - Obra Social de Empleados P\u00fablicos de Mendoza\",\"url\":\"https:\\\/\\\/osepmendoza.com.ar\\\/web\\\/\",\"logo\":{\"@type\":\"ImageObject\",\"inLanguage\":\"es\",\"@id\":\"https:\\\/\\\/osepmendoza.com.ar\\\/web\\\/#\\\/schema\\\/logo\\\/image\\\/\",\"url\":\"https:\\\/\\\/osepmendoza.com.ar\\\/web\\\/wp-content\\\/uploads\\\/2020\\\/04\\\/lkTM9T9z.jpg\",\"contentUrl\":\"https:\\\/\\\/osepmendoza.com.ar\\\/web\\\/wp-content\\\/uploads\\\/2020\\\/04\\\/lkTM9T9z.jpg\",\"width\":334,\"height\":334,\"caption\":\"OSEP - Obra Social de Empleados P\u00fablicos de Mendoza\"},\"image\":{\"@id\":\"https:\\\/\\\/osepmendoza.com.ar\\\/web\\\/#\\\/schema\\\/logo\\\/image\\\/\"},\"sameAs\":[\"https:\\\/\\\/www.facebook.com\\\/OSEP.MendozaArg\\\/\",\"https:\\\/\\\/x.com\\\/OsepMza\",\"https:\\\/\\\/www.instagram.com\\\/osep.mendoza\\\/\",\"https:\\\/\\\/www.youtube.com\\\/user\\\/osepvideos\"]},{\"@type\":\"Person\",\"@id\":\"https:\\\/\\\/osepmendoza.com.ar\\\/web\\\/#\\\/schema\\\/person\\\/90986df7128a51e32bb66102fc247eb2\",\"name\":\"Sebastian Fernandez\",\"image\":{\"@type\":\"ImageObject\",\"inLanguage\":\"es\",\"@id\":\"https:\\\/\\\/secure.gravatar.com\\\/avatar\\\/cc42d53caabe846896e06ed8955a60e82b2b829babcb731f86f26c42378bcfec?s=96&d=mm&r=g\",\"url\":\"https:\\\/\\\/secure.gravatar.com\\\/avatar\\\/cc42d53caabe846896e06ed8955a60e82b2b829babcb731f86f26c42378bcfec?s=96&d=mm&r=g\",\"contentUrl\":\"https:\\\/\\\/secure.gravatar.com\\\/avatar\\\/cc42d53caabe846896e06ed8955a60e82b2b829babcb731f86f26c42378bcfec?s=96&d=mm&r=g\",\"caption\":\"Sebastian Fernandez\"},\"sameAs\":[\"http:\\\/\\\/osepmendoza.com.ar\\\/web\"]}]}<\/script>\n<!-- \/ Yoast SEO plugin. -->","yoast_head_json":{"title":"Alimentaci\u00f3n y sistema inmunitario - OSEP Mendoza","robots":{"index":"index","follow":"follow","max-snippet":"max-snippet:-1","max-image-preview":"max-image-preview:large","max-video-preview":"max-video-preview:-1"},"canonical":"https:\/\/osepmendoza.com.ar\/web\/alimentacion-y-sistema-inmunitario\/","og_locale":"es_ES","og_type":"article","og_title":"Alimentaci\u00f3n y sistema inmunitario - OSEP Mendoza","og_description":"Fortalecer las defensas naturales del cuerpo ayuda a combatir organismos...","og_url":"https:\/\/osepmendoza.com.ar\/web\/alimentacion-y-sistema-inmunitario\/","og_site_name":"OSEP Mendoza","article_publisher":"https:\/\/www.facebook.com\/OSEP.MendozaArg\/","article_published_time":"2022-02-17T18:18:54+00:00","article_modified_time":"2023-05-17T11:24:12+00:00","og_image":[{"width":1201,"height":439,"url":"https:\/\/osepmendoza.com.ar\/web\/wp-content\/uploads\/2022\/02\/0-1.jpg","type":"image\/jpeg"}],"author":"Sebastian Fernandez","twitter_card":"summary_large_image","twitter_creator":"@OsepMza","twitter_site":"@OsepMza","twitter_misc":{"Escrito por":"Sebastian Fernandez","Tiempo de lectura":"3 minutos"},"schema":{"@context":"https:\/\/schema.org","@graph":[{"@type":"Article","@id":"https:\/\/osepmendoza.com.ar\/web\/alimentacion-y-sistema-inmunitario\/#article","isPartOf":{"@id":"https:\/\/osepmendoza.com.ar\/web\/alimentacion-y-sistema-inmunitario\/"},"author":{"name":"Sebastian Fernandez","@id":"https:\/\/osepmendoza.com.ar\/web\/#\/schema\/person\/90986df7128a51e32bb66102fc247eb2"},"headline":"Alimentaci\u00f3n y sistema inmunitario","datePublished":"2022-02-17T18:18:54+00:00","dateModified":"2023-05-17T11:24:12+00:00","mainEntityOfPage":{"@id":"https:\/\/osepmendoza.com.ar\/web\/alimentacion-y-sistema-inmunitario\/"},"wordCount":693,"publisher":{"@id":"https:\/\/osepmendoza.com.ar\/web\/#organization"},"image":{"@id":"https:\/\/osepmendoza.com.ar\/web\/alimentacion-y-sistema-inmunitario\/#primaryimage"},"thumbnailUrl":"https:\/\/osepmendoza.com.ar\/web\/wp-content\/uploads\/2022\/02\/0-1.jpg","keywords":["alimentaci\u00f3n","inmunitario","Sistema"],"articleSection":["Noticias"],"inLanguage":"es"},{"@type":"WebPage","@id":"https:\/\/osepmendoza.com.ar\/web\/alimentacion-y-sistema-inmunitario\/","url":"https:\/\/osepmendoza.com.ar\/web\/alimentacion-y-sistema-inmunitario\/","name":"Alimentaci\u00f3n y sistema inmunitario - OSEP Mendoza","isPartOf":{"@id":"https:\/\/osepmendoza.com.ar\/web\/#website"},"primaryImageOfPage":{"@id":"https:\/\/osepmendoza.com.ar\/web\/alimentacion-y-sistema-inmunitario\/#primaryimage"},"image":{"@id":"https:\/\/osepmendoza.com.ar\/web\/alimentacion-y-sistema-inmunitario\/#primaryimage"},"thumbnailUrl":"https:\/\/osepmendoza.com.ar\/web\/wp-content\/uploads\/2022\/02\/0-1.jpg","datePublished":"2022-02-17T18:18:54+00:00","dateModified":"2023-05-17T11:24:12+00:00","breadcrumb":{"@id":"https:\/\/osepmendoza.com.ar\/web\/alimentacion-y-sistema-inmunitario\/#breadcrumb"},"inLanguage":"es","potentialAction":[{"@type":"ReadAction","target":["https:\/\/osepmendoza.com.ar\/web\/alimentacion-y-sistema-inmunitario\/"]}]},{"@type":"ImageObject","inLanguage":"es","@id":"https:\/\/osepmendoza.com.ar\/web\/alimentacion-y-sistema-inmunitario\/#primaryimage","url":"https:\/\/osepmendoza.com.ar\/web\/wp-content\/uploads\/2022\/02\/0-1.jpg","contentUrl":"https:\/\/osepmendoza.com.ar\/web\/wp-content\/uploads\/2022\/02\/0-1.jpg","width":1201,"height":439},{"@type":"BreadcrumbList","@id":"https:\/\/osepmendoza.com.ar\/web\/alimentacion-y-sistema-inmunitario\/#breadcrumb","itemListElement":[{"@type":"ListItem","position":1,"name":"Portada","item":"https:\/\/osepmendoza.com.ar\/web\/"},{"@type":"ListItem","position":2,"name":"Alimentaci\u00f3n y sistema inmunitario"}]},{"@type":"WebSite","@id":"https:\/\/osepmendoza.com.ar\/web\/#website","url":"https:\/\/osepmendoza.com.ar\/web\/","name":"OSEP Mendoza","description":"Obra Social de los Empleados P\u00fablicos de Mendoza","publisher":{"@id":"https:\/\/osepmendoza.com.ar\/web\/#organization"},"potentialAction":[{"@type":"SearchAction","target":{"@type":"EntryPoint","urlTemplate":"https:\/\/osepmendoza.com.ar\/web\/?s={search_term_string}"},"query-input":{"@type":"PropertyValueSpecification","valueRequired":true,"valueName":"search_term_string"}}],"inLanguage":"es"},{"@type":"Organization","@id":"https:\/\/osepmendoza.com.ar\/web\/#organization","name":"OSEP - Obra Social de Empleados P\u00fablicos de Mendoza","url":"https:\/\/osepmendoza.com.ar\/web\/","logo":{"@type":"ImageObject","inLanguage":"es","@id":"https:\/\/osepmendoza.com.ar\/web\/#\/schema\/logo\/image\/","url":"https:\/\/osepmendoza.com.ar\/web\/wp-content\/uploads\/2020\/04\/lkTM9T9z.jpg","contentUrl":"https:\/\/osepmendoza.com.ar\/web\/wp-content\/uploads\/2020\/04\/lkTM9T9z.jpg","width":334,"height":334,"caption":"OSEP - Obra Social de Empleados P\u00fablicos de Mendoza"},"image":{"@id":"https:\/\/osepmendoza.com.ar\/web\/#\/schema\/logo\/image\/"},"sameAs":["https:\/\/www.facebook.com\/OSEP.MendozaArg\/","https:\/\/x.com\/OsepMza","https:\/\/www.instagram.com\/osep.mendoza\/","https:\/\/www.youtube.com\/user\/osepvideos"]},{"@type":"Person","@id":"https:\/\/osepmendoza.com.ar\/web\/#\/schema\/person\/90986df7128a51e32bb66102fc247eb2","name":"Sebastian Fernandez","image":{"@type":"ImageObject","inLanguage":"es","@id":"https:\/\/secure.gravatar.com\/avatar\/cc42d53caabe846896e06ed8955a60e82b2b829babcb731f86f26c42378bcfec?s=96&d=mm&r=g","url":"https:\/\/secure.gravatar.com\/avatar\/cc42d53caabe846896e06ed8955a60e82b2b829babcb731f86f26c42378bcfec?s=96&d=mm&r=g","contentUrl":"https:\/\/secure.gravatar.com\/avatar\/cc42d53caabe846896e06ed8955a60e82b2b829babcb731f86f26c42378bcfec?s=96&d=mm&r=g","caption":"Sebastian Fernandez"},"sameAs":["http:\/\/osepmendoza.com.ar\/web"]}]}},"amp_enabled":true,"_links":{"self":[{"href":"https:\/\/osepmendoza.com.ar\/web\/wp-json\/wp\/v2\/posts\/45642","targetHints":{"allow":["GET"]}}],"collection":[{"href":"https:\/\/osepmendoza.com.ar\/web\/wp-json\/wp\/v2\/posts"}],"about":[{"href":"https:\/\/osepmendoza.com.ar\/web\/wp-json\/wp\/v2\/types\/post"}],"author":[{"embeddable":true,"href":"https:\/\/osepmendoza.com.ar\/web\/wp-json\/wp\/v2\/users\/12"}],"replies":[{"embeddable":true,"href":"https:\/\/osepmendoza.com.ar\/web\/wp-json\/wp\/v2\/comments?post=45642"}],"version-history":[{"count":4,"href":"https:\/\/osepmendoza.com.ar\/web\/wp-json\/wp\/v2\/posts\/45642\/revisions"}],"predecessor-version":[{"id":45659,"href":"https:\/\/osepmendoza.com.ar\/web\/wp-json\/wp\/v2\/posts\/45642\/revisions\/45659"}],"wp:featuredmedia":[{"embeddable":true,"href":"https:\/\/osepmendoza.com.ar\/web\/wp-json\/wp\/v2\/media\/45643"}],"wp:attachment":[{"href":"https:\/\/osepmendoza.com.ar\/web\/wp-json\/wp\/v2\/media?parent=45642"}],"wp:term":[{"taxonomy":"category","embeddable":true,"href":"https:\/\/osepmendoza.com.ar\/web\/wp-json\/wp\/v2\/categories?post=45642"},{"taxonomy":"post_tag","embeddable":true,"href":"https:\/\/osepmendoza.com.ar\/web\/wp-json\/wp\/v2\/tags?post=45642"}],"curies":[{"name":"wp","href":"https:\/\/api.w.org\/{rel}","templated":true}]}}