{"id":45614,"date":"2022-02-10T13:10:55","date_gmt":"2022-02-10T16:10:55","guid":{"rendered":"https:\/\/osepmendoza.com.ar\/web\/?p=45614"},"modified":"2023-05-17T08:24:51","modified_gmt":"2023-05-17T11:24:51","slug":"campana-de-prevencion-de-cancer-de-piel","status":"publish","type":"post","link":"https:\/\/osepmendoza.com.ar\/web\/campana-de-prevencion-de-cancer-de-piel\/","title":{"rendered":"Campa\u00f1a de prevenci\u00f3n de c\u00e1ncer de piel"},"content":{"rendered":"<p><strong>Una jornada de concientizaci\u00f3n sobre c\u00e1ncer de piel realiz\u00f3 el servicio de Dermatolog\u00eda, del Hospital El Carmen, con un control gratuito de lunares y manchas. Adem\u00e1s se ense\u00f1\u00f3 c\u00f3mo realizar un autocontrol para un diagn\u00f3stico precoz de la enfermedad.<\/strong><\/p>\n<p>En esta campa\u00f1a fueron evaluados 42 pacientes por el equipo de salud del \u00e1rea de Dermatolog\u00eda compuesto por 3 residentes, 3 m\u00e9dicos de planta y la enfermera del Servicio.<\/p>\n<p>En la totalidad de los ex\u00e1menes de piel se utiliz\u00f3 un dermatoscopio, herramienta de diagn\u00f3stico de lesiones malignas y premalignas, que mediante un sistema \u00f3ptico amplifica la imagen y permite observar las estructuras de la epidermis y de la dermis.<\/p>\n<p>Por otra parte, el Servicio recibi\u00f3 la donaci\u00f3n de protectores solares que fueron sorteados entre los asistentes.<\/p>\n<p><strong>Los resultados<\/strong><\/p>\n<p>El promedio de edad de los participantes fue de 47 a\u00f1os (entre 16 y 78 a\u00f1os) y la mayor\u00eda mujeres (69%). Adem\u00e1s del control de su piel, lunares y manchas se les pregunt\u00f3 sobre temas relacionados arrojando las siguientes conclusiones.<\/p>\n<ul>\n<li>Uso de protector solar. La mitad de los pacientes (47,6%) se colocan protector diariamente al contrario el 14,3% nunca lo utilizan. Al respecto, se los educ\u00f3 sobre el uso adecuado del protector y las medidas seguras de exposici\u00f3n al sol.<\/li>\n<li>Quemaduras solares. Un tercio de los encuestados refiri\u00f3 haber sufrido alguna quemadura solar importante en la infancia y\/o adolescencia lo que aumenta el riesgo de tener c\u00e1ncer de piel.<\/li>\n<li>C\u00e1ncer de piel. El 12%, aproximadamente, de los pacientes tuvo alg\u00fan tipo de c\u00e1ncer de piel, m\u00e1s frecuentemente el Carcinoma Basocelular hecho que coincide con lo expuesto en la literatura m\u00e9dica porque este es el c\u00e1ncer m\u00e1s frecuente en el ser humano. Al respecto, se dieron pautas de alarma para su consulta y detecci\u00f3n precoz.<\/li>\n<li>Lesiones. De los 42 presentes, 16 (38%) presentaron lesiones en el examen f\u00edsico y de este grupo el 50% eran lesiones premalignas (queratosis act\u00ednicas y nevus displ\u00e1sicos). Todos recibieron tratamiento y turno de seguimiento en el Servicio de Dermatolog\u00eda.<\/li>\n<li style=\"list-style-type: none;\"><\/li>\n<\/ul>\n<ul>\n<li style=\"list-style-type: none;\"><\/li>\n<\/ul>\n<ul>\n<li style=\"list-style-type: none;\"><\/li>\n<\/ul>\n","protected":false},"excerpt":{"rendered":"<p>Una jornada de concientizaci\u00f3n sobre c\u00e1ncer de piel realiz\u00f3 el&#8230;<\/p>\n","protected":false},"author":12,"featured_media":45615,"comment_status":"closed","ping_status":"open","sticky":false,"template":"","format":"standard","meta":{"_acf_changed":false,"inline_featured_image":false,"_exactmetrics_skip_tracking":false,"_exactmetrics_sitenote_active":false,"_exactmetrics_sitenote_note":"","_exactmetrics_sitenote_category":0,"footnotes":"","_links_to":"","_links_to_target":""},"categories":[101],"tags":[162,306,763,1206,743],"class_list":["post-45614","post","type-post","status-publish","format-standard","has-post-thumbnail","hentry","category-noticias","tag-cancer","tag-control","tag-dermatologia","tag-lunares","tag-piel"],"acf":[],"yoast_head":"<!-- This site is optimized with the Yoast SEO plugin v27.4 - https:\/\/yoast.com\/product\/yoast-seo-wordpress\/ -->\n<title>Campa\u00f1a de prevenci\u00f3n de c\u00e1ncer de piel - OSEP Mendoza<\/title>\n<meta name=\"robots\" content=\"index, follow, max-snippet:-1, max-image-preview:large, max-video-preview:-1\" \/>\n<link rel=\"canonical\" href=\"https:\/\/osepmendoza.com.ar\/web\/campana-de-prevencion-de-cancer-de-piel\/\" \/>\n<meta property=\"og:locale\" content=\"es_ES\" \/>\n<meta property=\"og:type\" content=\"article\" \/>\n<meta property=\"og:title\" content=\"Campa\u00f1a de prevenci\u00f3n de c\u00e1ncer de piel - OSEP Mendoza\" \/>\n<meta property=\"og:description\" content=\"Una jornada de concientizaci\u00f3n sobre c\u00e1ncer de piel realiz\u00f3 el...\" \/>\n<meta property=\"og:url\" content=\"https:\/\/osepmendoza.com.ar\/web\/campana-de-prevencion-de-cancer-de-piel\/\" \/>\n<meta property=\"og:site_name\" content=\"OSEP Mendoza\" \/>\n<meta property=\"article:publisher\" content=\"https:\/\/www.facebook.com\/OSEP.MendozaArg\/\" \/>\n<meta property=\"article:published_time\" content=\"2022-02-10T16:10:55+00:00\" \/>\n<meta property=\"article:modified_time\" content=\"2023-05-17T11:24:51+00:00\" \/>\n<meta property=\"og:image\" content=\"https:\/\/osepmendoza.com.ar\/web\/wp-content\/uploads\/2022\/02\/ima-1.jpg\" \/>\n\t<meta property=\"og:image:width\" content=\"1200\" \/>\n\t<meta property=\"og:image:height\" content=\"438\" \/>\n\t<meta property=\"og:image:type\" content=\"image\/jpeg\" \/>\n<meta name=\"author\" content=\"Sebastian Fernandez\" \/>\n<meta name=\"twitter:card\" content=\"summary_large_image\" \/>\n<meta name=\"twitter:creator\" content=\"@OsepMza\" \/>\n<meta name=\"twitter:site\" content=\"@OsepMza\" \/>\n<meta name=\"twitter:label1\" content=\"Escrito por\" \/>\n\t<meta name=\"twitter:data1\" content=\"Sebastian Fernandez\" \/>\n\t<meta name=\"twitter:label2\" content=\"Tiempo de lectura\" \/>\n\t<meta name=\"twitter:data2\" content=\"2 minutos\" \/>\n<script type=\"application\/ld+json\" class=\"yoast-schema-graph\">{\"@context\":\"https:\\\/\\\/schema.org\",\"@graph\":[{\"@type\":\"Article\",\"@id\":\"https:\\\/\\\/osepmendoza.com.ar\\\/web\\\/campana-de-prevencion-de-cancer-de-piel\\\/#article\",\"isPartOf\":{\"@id\":\"https:\\\/\\\/osepmendoza.com.ar\\\/web\\\/campana-de-prevencion-de-cancer-de-piel\\\/\"},\"author\":{\"name\":\"Sebastian Fernandez\",\"@id\":\"https:\\\/\\\/osepmendoza.com.ar\\\/web\\\/#\\\/schema\\\/person\\\/90986df7128a51e32bb66102fc247eb2\"},\"headline\":\"Campa\u00f1a de prevenci\u00f3n de c\u00e1ncer de piel\",\"datePublished\":\"2022-02-10T16:10:55+00:00\",\"dateModified\":\"2023-05-17T11:24:51+00:00\",\"mainEntityOfPage\":{\"@id\":\"https:\\\/\\\/osepmendoza.com.ar\\\/web\\\/campana-de-prevencion-de-cancer-de-piel\\\/\"},\"wordCount\":357,\"publisher\":{\"@id\":\"https:\\\/\\\/osepmendoza.com.ar\\\/web\\\/#organization\"},\"image\":{\"@id\":\"https:\\\/\\\/osepmendoza.com.ar\\\/web\\\/campana-de-prevencion-de-cancer-de-piel\\\/#primaryimage\"},\"thumbnailUrl\":\"https:\\\/\\\/osepmendoza.com.ar\\\/web\\\/wp-content\\\/uploads\\\/2022\\\/02\\\/ima-1.jpg\",\"keywords\":[\"c\u00e1ncer\",\"control\",\"dermatolog\u00eda\",\"lunares\",\"piel\"],\"articleSection\":[\"Noticias\"],\"inLanguage\":\"es\"},{\"@type\":\"WebPage\",\"@id\":\"https:\\\/\\\/osepmendoza.com.ar\\\/web\\\/campana-de-prevencion-de-cancer-de-piel\\\/\",\"url\":\"https:\\\/\\\/osepmendoza.com.ar\\\/web\\\/campana-de-prevencion-de-cancer-de-piel\\\/\",\"name\":\"Campa\u00f1a de prevenci\u00f3n de c\u00e1ncer de piel - OSEP Mendoza\",\"isPartOf\":{\"@id\":\"https:\\\/\\\/osepmendoza.com.ar\\\/web\\\/#website\"},\"primaryImageOfPage\":{\"@id\":\"https:\\\/\\\/osepmendoza.com.ar\\\/web\\\/campana-de-prevencion-de-cancer-de-piel\\\/#primaryimage\"},\"image\":{\"@id\":\"https:\\\/\\\/osepmendoza.com.ar\\\/web\\\/campana-de-prevencion-de-cancer-de-piel\\\/#primaryimage\"},\"thumbnailUrl\":\"https:\\\/\\\/osepmendoza.com.ar\\\/web\\\/wp-content\\\/uploads\\\/2022\\\/02\\\/ima-1.jpg\",\"datePublished\":\"2022-02-10T16:10:55+00:00\",\"dateModified\":\"2023-05-17T11:24:51+00:00\",\"breadcrumb\":{\"@id\":\"https:\\\/\\\/osepmendoza.com.ar\\\/web\\\/campana-de-prevencion-de-cancer-de-piel\\\/#breadcrumb\"},\"inLanguage\":\"es\",\"potentialAction\":[{\"@type\":\"ReadAction\",\"target\":[\"https:\\\/\\\/osepmendoza.com.ar\\\/web\\\/campana-de-prevencion-de-cancer-de-piel\\\/\"]}]},{\"@type\":\"ImageObject\",\"inLanguage\":\"es\",\"@id\":\"https:\\\/\\\/osepmendoza.com.ar\\\/web\\\/campana-de-prevencion-de-cancer-de-piel\\\/#primaryimage\",\"url\":\"https:\\\/\\\/osepmendoza.com.ar\\\/web\\\/wp-content\\\/uploads\\\/2022\\\/02\\\/ima-1.jpg\",\"contentUrl\":\"https:\\\/\\\/osepmendoza.com.ar\\\/web\\\/wp-content\\\/uploads\\\/2022\\\/02\\\/ima-1.jpg\",\"width\":1200,\"height\":438},{\"@type\":\"BreadcrumbList\",\"@id\":\"https:\\\/\\\/osepmendoza.com.ar\\\/web\\\/campana-de-prevencion-de-cancer-de-piel\\\/#breadcrumb\",\"itemListElement\":[{\"@type\":\"ListItem\",\"position\":1,\"name\":\"Portada\",\"item\":\"https:\\\/\\\/osepmendoza.com.ar\\\/web\\\/\"},{\"@type\":\"ListItem\",\"position\":2,\"name\":\"Campa\u00f1a de prevenci\u00f3n de c\u00e1ncer de piel\"}]},{\"@type\":\"WebSite\",\"@id\":\"https:\\\/\\\/osepmendoza.com.ar\\\/web\\\/#website\",\"url\":\"https:\\\/\\\/osepmendoza.com.ar\\\/web\\\/\",\"name\":\"OSEP Mendoza\",\"description\":\"Obra Social de los Empleados P\u00fablicos de Mendoza\",\"publisher\":{\"@id\":\"https:\\\/\\\/osepmendoza.com.ar\\\/web\\\/#organization\"},\"potentialAction\":[{\"@type\":\"SearchAction\",\"target\":{\"@type\":\"EntryPoint\",\"urlTemplate\":\"https:\\\/\\\/osepmendoza.com.ar\\\/web\\\/?s={search_term_string}\"},\"query-input\":{\"@type\":\"PropertyValueSpecification\",\"valueRequired\":true,\"valueName\":\"search_term_string\"}}],\"inLanguage\":\"es\"},{\"@type\":\"Organization\",\"@id\":\"https:\\\/\\\/osepmendoza.com.ar\\\/web\\\/#organization\",\"name\":\"OSEP - Obra Social de Empleados P\u00fablicos de Mendoza\",\"url\":\"https:\\\/\\\/osepmendoza.com.ar\\\/web\\\/\",\"logo\":{\"@type\":\"ImageObject\",\"inLanguage\":\"es\",\"@id\":\"https:\\\/\\\/osepmendoza.com.ar\\\/web\\\/#\\\/schema\\\/logo\\\/image\\\/\",\"url\":\"https:\\\/\\\/osepmendoza.com.ar\\\/web\\\/wp-content\\\/uploads\\\/2020\\\/04\\\/lkTM9T9z.jpg\",\"contentUrl\":\"https:\\\/\\\/osepmendoza.com.ar\\\/web\\\/wp-content\\\/uploads\\\/2020\\\/04\\\/lkTM9T9z.jpg\",\"width\":334,\"height\":334,\"caption\":\"OSEP - Obra Social de Empleados P\u00fablicos de Mendoza\"},\"image\":{\"@id\":\"https:\\\/\\\/osepmendoza.com.ar\\\/web\\\/#\\\/schema\\\/logo\\\/image\\\/\"},\"sameAs\":[\"https:\\\/\\\/www.facebook.com\\\/OSEP.MendozaArg\\\/\",\"https:\\\/\\\/x.com\\\/OsepMza\",\"https:\\\/\\\/www.instagram.com\\\/osep.mendoza\\\/\",\"https:\\\/\\\/www.youtube.com\\\/user\\\/osepvideos\"]},{\"@type\":\"Person\",\"@id\":\"https:\\\/\\\/osepmendoza.com.ar\\\/web\\\/#\\\/schema\\\/person\\\/90986df7128a51e32bb66102fc247eb2\",\"name\":\"Sebastian Fernandez\",\"image\":{\"@type\":\"ImageObject\",\"inLanguage\":\"es\",\"@id\":\"https:\\\/\\\/secure.gravatar.com\\\/avatar\\\/cc42d53caabe846896e06ed8955a60e82b2b829babcb731f86f26c42378bcfec?s=96&d=mm&r=g\",\"url\":\"https:\\\/\\\/secure.gravatar.com\\\/avatar\\\/cc42d53caabe846896e06ed8955a60e82b2b829babcb731f86f26c42378bcfec?s=96&d=mm&r=g\",\"contentUrl\":\"https:\\\/\\\/secure.gravatar.com\\\/avatar\\\/cc42d53caabe846896e06ed8955a60e82b2b829babcb731f86f26c42378bcfec?s=96&d=mm&r=g\",\"caption\":\"Sebastian Fernandez\"},\"sameAs\":[\"http:\\\/\\\/osepmendoza.com.ar\\\/web\"]}]}<\/script>\n<!-- \/ Yoast SEO plugin. -->","yoast_head_json":{"title":"Campa\u00f1a de prevenci\u00f3n de c\u00e1ncer de piel - OSEP Mendoza","robots":{"index":"index","follow":"follow","max-snippet":"max-snippet:-1","max-image-preview":"max-image-preview:large","max-video-preview":"max-video-preview:-1"},"canonical":"https:\/\/osepmendoza.com.ar\/web\/campana-de-prevencion-de-cancer-de-piel\/","og_locale":"es_ES","og_type":"article","og_title":"Campa\u00f1a de prevenci\u00f3n de c\u00e1ncer de piel - OSEP Mendoza","og_description":"Una jornada de concientizaci\u00f3n sobre c\u00e1ncer de piel realiz\u00f3 el...","og_url":"https:\/\/osepmendoza.com.ar\/web\/campana-de-prevencion-de-cancer-de-piel\/","og_site_name":"OSEP Mendoza","article_publisher":"https:\/\/www.facebook.com\/OSEP.MendozaArg\/","article_published_time":"2022-02-10T16:10:55+00:00","article_modified_time":"2023-05-17T11:24:51+00:00","og_image":[{"width":1200,"height":438,"url":"https:\/\/osepmendoza.com.ar\/web\/wp-content\/uploads\/2022\/02\/ima-1.jpg","type":"image\/jpeg"}],"author":"Sebastian Fernandez","twitter_card":"summary_large_image","twitter_creator":"@OsepMza","twitter_site":"@OsepMza","twitter_misc":{"Escrito por":"Sebastian Fernandez","Tiempo de lectura":"2 minutos"},"schema":{"@context":"https:\/\/schema.org","@graph":[{"@type":"Article","@id":"https:\/\/osepmendoza.com.ar\/web\/campana-de-prevencion-de-cancer-de-piel\/#article","isPartOf":{"@id":"https:\/\/osepmendoza.com.ar\/web\/campana-de-prevencion-de-cancer-de-piel\/"},"author":{"name":"Sebastian Fernandez","@id":"https:\/\/osepmendoza.com.ar\/web\/#\/schema\/person\/90986df7128a51e32bb66102fc247eb2"},"headline":"Campa\u00f1a de prevenci\u00f3n de c\u00e1ncer de piel","datePublished":"2022-02-10T16:10:55+00:00","dateModified":"2023-05-17T11:24:51+00:00","mainEntityOfPage":{"@id":"https:\/\/osepmendoza.com.ar\/web\/campana-de-prevencion-de-cancer-de-piel\/"},"wordCount":357,"publisher":{"@id":"https:\/\/osepmendoza.com.ar\/web\/#organization"},"image":{"@id":"https:\/\/osepmendoza.com.ar\/web\/campana-de-prevencion-de-cancer-de-piel\/#primaryimage"},"thumbnailUrl":"https:\/\/osepmendoza.com.ar\/web\/wp-content\/uploads\/2022\/02\/ima-1.jpg","keywords":["c\u00e1ncer","control","dermatolog\u00eda","lunares","piel"],"articleSection":["Noticias"],"inLanguage":"es"},{"@type":"WebPage","@id":"https:\/\/osepmendoza.com.ar\/web\/campana-de-prevencion-de-cancer-de-piel\/","url":"https:\/\/osepmendoza.com.ar\/web\/campana-de-prevencion-de-cancer-de-piel\/","name":"Campa\u00f1a de prevenci\u00f3n de c\u00e1ncer de piel - OSEP Mendoza","isPartOf":{"@id":"https:\/\/osepmendoza.com.ar\/web\/#website"},"primaryImageOfPage":{"@id":"https:\/\/osepmendoza.com.ar\/web\/campana-de-prevencion-de-cancer-de-piel\/#primaryimage"},"image":{"@id":"https:\/\/osepmendoza.com.ar\/web\/campana-de-prevencion-de-cancer-de-piel\/#primaryimage"},"thumbnailUrl":"https:\/\/osepmendoza.com.ar\/web\/wp-content\/uploads\/2022\/02\/ima-1.jpg","datePublished":"2022-02-10T16:10:55+00:00","dateModified":"2023-05-17T11:24:51+00:00","breadcrumb":{"@id":"https:\/\/osepmendoza.com.ar\/web\/campana-de-prevencion-de-cancer-de-piel\/#breadcrumb"},"inLanguage":"es","potentialAction":[{"@type":"ReadAction","target":["https:\/\/osepmendoza.com.ar\/web\/campana-de-prevencion-de-cancer-de-piel\/"]}]},{"@type":"ImageObject","inLanguage":"es","@id":"https:\/\/osepmendoza.com.ar\/web\/campana-de-prevencion-de-cancer-de-piel\/#primaryimage","url":"https:\/\/osepmendoza.com.ar\/web\/wp-content\/uploads\/2022\/02\/ima-1.jpg","contentUrl":"https:\/\/osepmendoza.com.ar\/web\/wp-content\/uploads\/2022\/02\/ima-1.jpg","width":1200,"height":438},{"@type":"BreadcrumbList","@id":"https:\/\/osepmendoza.com.ar\/web\/campana-de-prevencion-de-cancer-de-piel\/#breadcrumb","itemListElement":[{"@type":"ListItem","position":1,"name":"Portada","item":"https:\/\/osepmendoza.com.ar\/web\/"},{"@type":"ListItem","position":2,"name":"Campa\u00f1a de prevenci\u00f3n de c\u00e1ncer de piel"}]},{"@type":"WebSite","@id":"https:\/\/osepmendoza.com.ar\/web\/#website","url":"https:\/\/osepmendoza.com.ar\/web\/","name":"OSEP Mendoza","description":"Obra Social de los Empleados P\u00fablicos de Mendoza","publisher":{"@id":"https:\/\/osepmendoza.com.ar\/web\/#organization"},"potentialAction":[{"@type":"SearchAction","target":{"@type":"EntryPoint","urlTemplate":"https:\/\/osepmendoza.com.ar\/web\/?s={search_term_string}"},"query-input":{"@type":"PropertyValueSpecification","valueRequired":true,"valueName":"search_term_string"}}],"inLanguage":"es"},{"@type":"Organization","@id":"https:\/\/osepmendoza.com.ar\/web\/#organization","name":"OSEP - Obra Social de Empleados P\u00fablicos de Mendoza","url":"https:\/\/osepmendoza.com.ar\/web\/","logo":{"@type":"ImageObject","inLanguage":"es","@id":"https:\/\/osepmendoza.com.ar\/web\/#\/schema\/logo\/image\/","url":"https:\/\/osepmendoza.com.ar\/web\/wp-content\/uploads\/2020\/04\/lkTM9T9z.jpg","contentUrl":"https:\/\/osepmendoza.com.ar\/web\/wp-content\/uploads\/2020\/04\/lkTM9T9z.jpg","width":334,"height":334,"caption":"OSEP - Obra Social de Empleados P\u00fablicos de Mendoza"},"image":{"@id":"https:\/\/osepmendoza.com.ar\/web\/#\/schema\/logo\/image\/"},"sameAs":["https:\/\/www.facebook.com\/OSEP.MendozaArg\/","https:\/\/x.com\/OsepMza","https:\/\/www.instagram.com\/osep.mendoza\/","https:\/\/www.youtube.com\/user\/osepvideos"]},{"@type":"Person","@id":"https:\/\/osepmendoza.com.ar\/web\/#\/schema\/person\/90986df7128a51e32bb66102fc247eb2","name":"Sebastian Fernandez","image":{"@type":"ImageObject","inLanguage":"es","@id":"https:\/\/secure.gravatar.com\/avatar\/cc42d53caabe846896e06ed8955a60e82b2b829babcb731f86f26c42378bcfec?s=96&d=mm&r=g","url":"https:\/\/secure.gravatar.com\/avatar\/cc42d53caabe846896e06ed8955a60e82b2b829babcb731f86f26c42378bcfec?s=96&d=mm&r=g","contentUrl":"https:\/\/secure.gravatar.com\/avatar\/cc42d53caabe846896e06ed8955a60e82b2b829babcb731f86f26c42378bcfec?s=96&d=mm&r=g","caption":"Sebastian Fernandez"},"sameAs":["http:\/\/osepmendoza.com.ar\/web"]}]}},"amp_enabled":true,"_links":{"self":[{"href":"https:\/\/osepmendoza.com.ar\/web\/wp-json\/wp\/v2\/posts\/45614","targetHints":{"allow":["GET"]}}],"collection":[{"href":"https:\/\/osepmendoza.com.ar\/web\/wp-json\/wp\/v2\/posts"}],"about":[{"href":"https:\/\/osepmendoza.com.ar\/web\/wp-json\/wp\/v2\/types\/post"}],"author":[{"embeddable":true,"href":"https:\/\/osepmendoza.com.ar\/web\/wp-json\/wp\/v2\/users\/12"}],"replies":[{"embeddable":true,"href":"https:\/\/osepmendoza.com.ar\/web\/wp-json\/wp\/v2\/comments?post=45614"}],"version-history":[{"count":2,"href":"https:\/\/osepmendoza.com.ar\/web\/wp-json\/wp\/v2\/posts\/45614\/revisions"}],"predecessor-version":[{"id":45617,"href":"https:\/\/osepmendoza.com.ar\/web\/wp-json\/wp\/v2\/posts\/45614\/revisions\/45617"}],"wp:featuredmedia":[{"embeddable":true,"href":"https:\/\/osepmendoza.com.ar\/web\/wp-json\/wp\/v2\/media\/45615"}],"wp:attachment":[{"href":"https:\/\/osepmendoza.com.ar\/web\/wp-json\/wp\/v2\/media?parent=45614"}],"wp:term":[{"taxonomy":"category","embeddable":true,"href":"https:\/\/osepmendoza.com.ar\/web\/wp-json\/wp\/v2\/categories?post=45614"},{"taxonomy":"post_tag","embeddable":true,"href":"https:\/\/osepmendoza.com.ar\/web\/wp-json\/wp\/v2\/tags?post=45614"}],"curies":[{"name":"wp","href":"https:\/\/api.w.org\/{rel}","templated":true}]}}