{"id":45469,"date":"2022-01-05T14:59:16","date_gmt":"2022-01-05T17:59:16","guid":{"rendered":"https:\/\/osepmendoza.com.ar\/web\/?p=45469"},"modified":"2022-04-01T09:50:36","modified_gmt":"2022-04-01T12:50:36","slug":"atencion-en-centros-de-testeos-covid-19-de-osep","status":"publish","type":"post","link":"https:\/\/osepmendoza.com.ar\/web\/atencion-en-centros-de-testeos-covid-19-de-osep\/","title":{"rendered":"Atenci\u00f3n en Centros de Testeos COVID-19 de OSEP"},"content":{"rendered":"<p>La Obra Social de Empleados P\u00fablicos de Mendoza trabaja permanentemente para dar repuesta a la creciente demanda de atenci\u00f3n de afiliados y afiliadas con s\u00edntomas de coronavirus. En este sentido, se han sumado nuevos lugares y se ampli\u00f3 el horario de servicio en algunos de ellos.<\/p>\n<p>A continuaci\u00f3n, se detalla la informaci\u00f3n actualizada sobre los diferentes Centros de Testeos de OSEP al que pueden acercarse quienes tengan s\u00edntomas de COVID-19 (datos actualizados el d\u00eda 01\/04\/22).<\/p>\n<h2><span style=\"font-size: large;\"><b>Hospital El Carmen<\/b><\/span><\/h2>\n<p>-Lunes a S\u00e1bados, desde las 8<\/p>\n<h2><span style=\"font-size: large;\"><b>Hospital Fleming<\/b><\/span><\/h2>\n<p>-Atenci\u00f3n para ni\u00f1os y ni\u00f1as menores de 14 a\u00f1os en el servicio de Guardia<\/p>\n<h2><span style=\"font-size: large;\"><b>Gran Mendoza<\/b><\/span><\/h2>\n<p><b>OSEP Maip\u00fa<\/b> &#8211; Ozamis 211<\/p>\n<p>-Lunes, martes y jueves, de 8 a 12<\/p>\n<p><b>Luj\u00e1n de Cuyo<\/b> &#8211; Bustamante 345<\/p>\n<p>-Lunes, mi\u00e9rcoles y viernes, a partir de las 12<\/p>\n<p><b>OSEP Lavalle<\/b> &#8211; Remedios de Escalada 62<\/p>\n<p>-Lunes a viernes, de 12 a 15<\/p>\n<h2><span style=\"font-size: large;\"><b>Zona Este<\/b><\/span><\/h2>\n<p><b>OSEP Jun\u00edn<\/b> &#8211; Luis Marc\u00f3 y Avellaneda<\/p>\n<p>-Lunes, mi\u00e9rcoles y viernes, de 8 a 11<\/p>\n<p><b>OSEP La Paz<\/b> &#8211; Galigniana y Buenos Aires<\/p>\n<p>-Martes, mi\u00e9rcoles y viernes, de 10 a 12<\/p>\n<p><b>OSEP Rivadavia<\/b> &#8211; Vicu\u00f1a Prado 256<\/p>\n<p>-Lunes a viernes, desde las 9<\/p>\n<h2><span style=\"font-size: large;\"><b>Valle de Uco<\/b><\/span><\/h2>\n<p>La atenci\u00f3n estar\u00e1 comprendida en los lugares y horarios dispuestos por el Ministerio de Salud, Desarrollo Social y Deportes de Mendoza en conjunto a cada departamento.<\/p>\n<h2><span style=\"font-size: large;\"><b>Zona Sur<\/b><\/span><\/h2>\n<p><b>OSEP San Rafael<\/b> &#8211; Entre R\u00edos 345<\/p>\n<p>-Lunes a viernes, de 8 a 12<\/p>\n<p><b>OSEP Malarg\u00fce<\/b> &#8211; Esquina Roca y Emilio Civit<\/p>\n<p>-Lunes, mi\u00e9rcoles, jueves y viernes, de 8 a 13<\/p>\n<p><b>General Alvear<\/b> &#8211; Intendente Morales 44<\/p>\n<p>-Lunes y mi\u00e9rcoles, de 11 a 12:30 (desde el 04\/04\/22)<\/p>\n","protected":false},"excerpt":{"rendered":"<p>La Obra Social de Empleados P\u00fablicos de Mendoza trabaja permanentemente&#8230;<\/p>\n","protected":false},"author":6,"featured_media":45473,"comment_status":"closed","ping_status":"open","sticky":false,"template":"","format":"standard","meta":{"_acf_changed":false,"inline_featured_image":false,"_exactmetrics_skip_tracking":false,"_exactmetrics_sitenote_active":false,"_exactmetrics_sitenote_note":"","_exactmetrics_sitenote_category":0,"footnotes":"","_links_to":"","_links_to_target":""},"categories":[1541],"tags":[],"class_list":["post-45469","post","type-post","status-publish","format-standard","has-post-thumbnail","hentry","category-osep"],"acf":[],"yoast_head":"<!-- This site is optimized with the Yoast SEO plugin v27.4 - https:\/\/yoast.com\/product\/yoast-seo-wordpress\/ -->\n<title>Atenci\u00f3n en Centros de Testeos COVID-19 de OSEP - OSEP Mendoza<\/title>\n<meta name=\"robots\" content=\"index, follow, max-snippet:-1, max-image-preview:large, max-video-preview:-1\" \/>\n<link rel=\"canonical\" href=\"https:\/\/osepmendoza.com.ar\/web\/atencion-en-centros-de-testeos-covid-19-de-osep\/\" \/>\n<meta property=\"og:locale\" content=\"es_ES\" \/>\n<meta property=\"og:type\" content=\"article\" \/>\n<meta property=\"og:title\" content=\"Atenci\u00f3n en Centros de Testeos COVID-19 de OSEP - OSEP Mendoza\" \/>\n<meta property=\"og:description\" content=\"La Obra Social de Empleados P\u00fablicos de Mendoza trabaja permanentemente...\" \/>\n<meta property=\"og:url\" content=\"https:\/\/osepmendoza.com.ar\/web\/atencion-en-centros-de-testeos-covid-19-de-osep\/\" \/>\n<meta property=\"og:site_name\" content=\"OSEP Mendoza\" \/>\n<meta property=\"article:publisher\" content=\"https:\/\/www.facebook.com\/OSEP.MendozaArg\/\" \/>\n<meta property=\"article:published_time\" content=\"2022-01-05T17:59:16+00:00\" \/>\n<meta property=\"article:modified_time\" content=\"2022-04-01T12:50:36+00:00\" \/>\n<meta property=\"og:image\" content=\"https:\/\/osepmendoza.com.ar\/web\/wp-content\/uploads\/2022\/01\/portada_centros_hisopados.jpeg\" \/>\n\t<meta property=\"og:image:width\" content=\"1200\" \/>\n\t<meta property=\"og:image:height\" content=\"348\" \/>\n\t<meta property=\"og:image:type\" content=\"image\/jpeg\" \/>\n<meta name=\"author\" content=\"Emiliano Sandobal\" \/>\n<meta name=\"twitter:card\" content=\"summary_large_image\" \/>\n<meta name=\"twitter:creator\" content=\"@OsepMza\" \/>\n<meta name=\"twitter:site\" content=\"@OsepMza\" \/>\n<meta name=\"twitter:label1\" content=\"Escrito por\" \/>\n\t<meta name=\"twitter:data1\" content=\"Emiliano Sandobal\" \/>\n\t<meta name=\"twitter:label2\" content=\"Tiempo de lectura\" \/>\n\t<meta name=\"twitter:data2\" content=\"2 minutos\" \/>\n<script type=\"application\/ld+json\" class=\"yoast-schema-graph\">{\"@context\":\"https:\\\/\\\/schema.org\",\"@graph\":[{\"@type\":\"Article\",\"@id\":\"https:\\\/\\\/osepmendoza.com.ar\\\/web\\\/atencion-en-centros-de-testeos-covid-19-de-osep\\\/#article\",\"isPartOf\":{\"@id\":\"https:\\\/\\\/osepmendoza.com.ar\\\/web\\\/atencion-en-centros-de-testeos-covid-19-de-osep\\\/\"},\"author\":{\"name\":\"Emiliano Sandobal\",\"@id\":\"https:\\\/\\\/osepmendoza.com.ar\\\/web\\\/#\\\/schema\\\/person\\\/4e7a5e0118245838f9f783a763779211\"},\"headline\":\"Atenci\u00f3n en Centros de Testeos COVID-19 de OSEP\",\"datePublished\":\"2022-01-05T17:59:16+00:00\",\"dateModified\":\"2022-04-01T12:50:36+00:00\",\"mainEntityOfPage\":{\"@id\":\"https:\\\/\\\/osepmendoza.com.ar\\\/web\\\/atencion-en-centros-de-testeos-covid-19-de-osep\\\/\"},\"wordCount\":273,\"publisher\":{\"@id\":\"https:\\\/\\\/osepmendoza.com.ar\\\/web\\\/#organization\"},\"image\":{\"@id\":\"https:\\\/\\\/osepmendoza.com.ar\\\/web\\\/atencion-en-centros-de-testeos-covid-19-de-osep\\\/#primaryimage\"},\"thumbnailUrl\":\"https:\\\/\\\/osepmendoza.com.ar\\\/web\\\/wp-content\\\/uploads\\\/2022\\\/01\\\/portada_centros_hisopados.jpeg\",\"articleSection\":[\"OSEP\"],\"inLanguage\":\"es\"},{\"@type\":\"WebPage\",\"@id\":\"https:\\\/\\\/osepmendoza.com.ar\\\/web\\\/atencion-en-centros-de-testeos-covid-19-de-osep\\\/\",\"url\":\"https:\\\/\\\/osepmendoza.com.ar\\\/web\\\/atencion-en-centros-de-testeos-covid-19-de-osep\\\/\",\"name\":\"Atenci\u00f3n en Centros de Testeos COVID-19 de OSEP - OSEP Mendoza\",\"isPartOf\":{\"@id\":\"https:\\\/\\\/osepmendoza.com.ar\\\/web\\\/#website\"},\"primaryImageOfPage\":{\"@id\":\"https:\\\/\\\/osepmendoza.com.ar\\\/web\\\/atencion-en-centros-de-testeos-covid-19-de-osep\\\/#primaryimage\"},\"image\":{\"@id\":\"https:\\\/\\\/osepmendoza.com.ar\\\/web\\\/atencion-en-centros-de-testeos-covid-19-de-osep\\\/#primaryimage\"},\"thumbnailUrl\":\"https:\\\/\\\/osepmendoza.com.ar\\\/web\\\/wp-content\\\/uploads\\\/2022\\\/01\\\/portada_centros_hisopados.jpeg\",\"datePublished\":\"2022-01-05T17:59:16+00:00\",\"dateModified\":\"2022-04-01T12:50:36+00:00\",\"breadcrumb\":{\"@id\":\"https:\\\/\\\/osepmendoza.com.ar\\\/web\\\/atencion-en-centros-de-testeos-covid-19-de-osep\\\/#breadcrumb\"},\"inLanguage\":\"es\",\"potentialAction\":[{\"@type\":\"ReadAction\",\"target\":[\"https:\\\/\\\/osepmendoza.com.ar\\\/web\\\/atencion-en-centros-de-testeos-covid-19-de-osep\\\/\"]}]},{\"@type\":\"ImageObject\",\"inLanguage\":\"es\",\"@id\":\"https:\\\/\\\/osepmendoza.com.ar\\\/web\\\/atencion-en-centros-de-testeos-covid-19-de-osep\\\/#primaryimage\",\"url\":\"https:\\\/\\\/osepmendoza.com.ar\\\/web\\\/wp-content\\\/uploads\\\/2022\\\/01\\\/portada_centros_hisopados.jpeg\",\"contentUrl\":\"https:\\\/\\\/osepmendoza.com.ar\\\/web\\\/wp-content\\\/uploads\\\/2022\\\/01\\\/portada_centros_hisopados.jpeg\",\"width\":1200,\"height\":348},{\"@type\":\"BreadcrumbList\",\"@id\":\"https:\\\/\\\/osepmendoza.com.ar\\\/web\\\/atencion-en-centros-de-testeos-covid-19-de-osep\\\/#breadcrumb\",\"itemListElement\":[{\"@type\":\"ListItem\",\"position\":1,\"name\":\"Portada\",\"item\":\"https:\\\/\\\/osepmendoza.com.ar\\\/web\\\/\"},{\"@type\":\"ListItem\",\"position\":2,\"name\":\"Atenci\u00f3n en Centros de Testeos COVID-19 de OSEP\"}]},{\"@type\":\"WebSite\",\"@id\":\"https:\\\/\\\/osepmendoza.com.ar\\\/web\\\/#website\",\"url\":\"https:\\\/\\\/osepmendoza.com.ar\\\/web\\\/\",\"name\":\"OSEP Mendoza\",\"description\":\"Obra Social de los Empleados P\u00fablicos de Mendoza\",\"publisher\":{\"@id\":\"https:\\\/\\\/osepmendoza.com.ar\\\/web\\\/#organization\"},\"potentialAction\":[{\"@type\":\"SearchAction\",\"target\":{\"@type\":\"EntryPoint\",\"urlTemplate\":\"https:\\\/\\\/osepmendoza.com.ar\\\/web\\\/?s={search_term_string}\"},\"query-input\":{\"@type\":\"PropertyValueSpecification\",\"valueRequired\":true,\"valueName\":\"search_term_string\"}}],\"inLanguage\":\"es\"},{\"@type\":\"Organization\",\"@id\":\"https:\\\/\\\/osepmendoza.com.ar\\\/web\\\/#organization\",\"name\":\"OSEP - Obra Social de Empleados P\u00fablicos de Mendoza\",\"url\":\"https:\\\/\\\/osepmendoza.com.ar\\\/web\\\/\",\"logo\":{\"@type\":\"ImageObject\",\"inLanguage\":\"es\",\"@id\":\"https:\\\/\\\/osepmendoza.com.ar\\\/web\\\/#\\\/schema\\\/logo\\\/image\\\/\",\"url\":\"https:\\\/\\\/osepmendoza.com.ar\\\/web\\\/wp-content\\\/uploads\\\/2020\\\/04\\\/lkTM9T9z.jpg\",\"contentUrl\":\"https:\\\/\\\/osepmendoza.com.ar\\\/web\\\/wp-content\\\/uploads\\\/2020\\\/04\\\/lkTM9T9z.jpg\",\"width\":334,\"height\":334,\"caption\":\"OSEP - Obra Social de Empleados P\u00fablicos de Mendoza\"},\"image\":{\"@id\":\"https:\\\/\\\/osepmendoza.com.ar\\\/web\\\/#\\\/schema\\\/logo\\\/image\\\/\"},\"sameAs\":[\"https:\\\/\\\/www.facebook.com\\\/OSEP.MendozaArg\\\/\",\"https:\\\/\\\/x.com\\\/OsepMza\",\"https:\\\/\\\/www.instagram.com\\\/osep.mendoza\\\/\",\"https:\\\/\\\/www.youtube.com\\\/user\\\/osepvideos\"]},{\"@type\":\"Person\",\"@id\":\"https:\\\/\\\/osepmendoza.com.ar\\\/web\\\/#\\\/schema\\\/person\\\/4e7a5e0118245838f9f783a763779211\",\"name\":\"Emiliano Sandobal\",\"image\":{\"@type\":\"ImageObject\",\"inLanguage\":\"es\",\"@id\":\"https:\\\/\\\/secure.gravatar.com\\\/avatar\\\/d3b22a03e2853d7165313b51b54fbd33fb530becf0ffe6a70f96b195ca724512?s=96&d=mm&r=g\",\"url\":\"https:\\\/\\\/secure.gravatar.com\\\/avatar\\\/d3b22a03e2853d7165313b51b54fbd33fb530becf0ffe6a70f96b195ca724512?s=96&d=mm&r=g\",\"contentUrl\":\"https:\\\/\\\/secure.gravatar.com\\\/avatar\\\/d3b22a03e2853d7165313b51b54fbd33fb530becf0ffe6a70f96b195ca724512?s=96&d=mm&r=g\",\"caption\":\"Emiliano Sandobal\"},\"sameAs\":[\"http:\\\/\\\/osepmendoza.com.ar\\\/web\"]}]}<\/script>\n<!-- \/ Yoast SEO plugin. -->","yoast_head_json":{"title":"Atenci\u00f3n en Centros de Testeos COVID-19 de OSEP - OSEP Mendoza","robots":{"index":"index","follow":"follow","max-snippet":"max-snippet:-1","max-image-preview":"max-image-preview:large","max-video-preview":"max-video-preview:-1"},"canonical":"https:\/\/osepmendoza.com.ar\/web\/atencion-en-centros-de-testeos-covid-19-de-osep\/","og_locale":"es_ES","og_type":"article","og_title":"Atenci\u00f3n en Centros de Testeos COVID-19 de OSEP - OSEP Mendoza","og_description":"La Obra Social de Empleados P\u00fablicos de Mendoza trabaja permanentemente...","og_url":"https:\/\/osepmendoza.com.ar\/web\/atencion-en-centros-de-testeos-covid-19-de-osep\/","og_site_name":"OSEP Mendoza","article_publisher":"https:\/\/www.facebook.com\/OSEP.MendozaArg\/","article_published_time":"2022-01-05T17:59:16+00:00","article_modified_time":"2022-04-01T12:50:36+00:00","og_image":[{"width":1200,"height":348,"url":"https:\/\/osepmendoza.com.ar\/web\/wp-content\/uploads\/2022\/01\/portada_centros_hisopados.jpeg","type":"image\/jpeg"}],"author":"Emiliano Sandobal","twitter_card":"summary_large_image","twitter_creator":"@OsepMza","twitter_site":"@OsepMza","twitter_misc":{"Escrito por":"Emiliano Sandobal","Tiempo de lectura":"2 minutos"},"schema":{"@context":"https:\/\/schema.org","@graph":[{"@type":"Article","@id":"https:\/\/osepmendoza.com.ar\/web\/atencion-en-centros-de-testeos-covid-19-de-osep\/#article","isPartOf":{"@id":"https:\/\/osepmendoza.com.ar\/web\/atencion-en-centros-de-testeos-covid-19-de-osep\/"},"author":{"name":"Emiliano Sandobal","@id":"https:\/\/osepmendoza.com.ar\/web\/#\/schema\/person\/4e7a5e0118245838f9f783a763779211"},"headline":"Atenci\u00f3n en Centros de Testeos COVID-19 de OSEP","datePublished":"2022-01-05T17:59:16+00:00","dateModified":"2022-04-01T12:50:36+00:00","mainEntityOfPage":{"@id":"https:\/\/osepmendoza.com.ar\/web\/atencion-en-centros-de-testeos-covid-19-de-osep\/"},"wordCount":273,"publisher":{"@id":"https:\/\/osepmendoza.com.ar\/web\/#organization"},"image":{"@id":"https:\/\/osepmendoza.com.ar\/web\/atencion-en-centros-de-testeos-covid-19-de-osep\/#primaryimage"},"thumbnailUrl":"https:\/\/osepmendoza.com.ar\/web\/wp-content\/uploads\/2022\/01\/portada_centros_hisopados.jpeg","articleSection":["OSEP"],"inLanguage":"es"},{"@type":"WebPage","@id":"https:\/\/osepmendoza.com.ar\/web\/atencion-en-centros-de-testeos-covid-19-de-osep\/","url":"https:\/\/osepmendoza.com.ar\/web\/atencion-en-centros-de-testeos-covid-19-de-osep\/","name":"Atenci\u00f3n en Centros de Testeos COVID-19 de OSEP - OSEP Mendoza","isPartOf":{"@id":"https:\/\/osepmendoza.com.ar\/web\/#website"},"primaryImageOfPage":{"@id":"https:\/\/osepmendoza.com.ar\/web\/atencion-en-centros-de-testeos-covid-19-de-osep\/#primaryimage"},"image":{"@id":"https:\/\/osepmendoza.com.ar\/web\/atencion-en-centros-de-testeos-covid-19-de-osep\/#primaryimage"},"thumbnailUrl":"https:\/\/osepmendoza.com.ar\/web\/wp-content\/uploads\/2022\/01\/portada_centros_hisopados.jpeg","datePublished":"2022-01-05T17:59:16+00:00","dateModified":"2022-04-01T12:50:36+00:00","breadcrumb":{"@id":"https:\/\/osepmendoza.com.ar\/web\/atencion-en-centros-de-testeos-covid-19-de-osep\/#breadcrumb"},"inLanguage":"es","potentialAction":[{"@type":"ReadAction","target":["https:\/\/osepmendoza.com.ar\/web\/atencion-en-centros-de-testeos-covid-19-de-osep\/"]}]},{"@type":"ImageObject","inLanguage":"es","@id":"https:\/\/osepmendoza.com.ar\/web\/atencion-en-centros-de-testeos-covid-19-de-osep\/#primaryimage","url":"https:\/\/osepmendoza.com.ar\/web\/wp-content\/uploads\/2022\/01\/portada_centros_hisopados.jpeg","contentUrl":"https:\/\/osepmendoza.com.ar\/web\/wp-content\/uploads\/2022\/01\/portada_centros_hisopados.jpeg","width":1200,"height":348},{"@type":"BreadcrumbList","@id":"https:\/\/osepmendoza.com.ar\/web\/atencion-en-centros-de-testeos-covid-19-de-osep\/#breadcrumb","itemListElement":[{"@type":"ListItem","position":1,"name":"Portada","item":"https:\/\/osepmendoza.com.ar\/web\/"},{"@type":"ListItem","position":2,"name":"Atenci\u00f3n en Centros de Testeos COVID-19 de OSEP"}]},{"@type":"WebSite","@id":"https:\/\/osepmendoza.com.ar\/web\/#website","url":"https:\/\/osepmendoza.com.ar\/web\/","name":"OSEP Mendoza","description":"Obra Social de los Empleados P\u00fablicos de Mendoza","publisher":{"@id":"https:\/\/osepmendoza.com.ar\/web\/#organization"},"potentialAction":[{"@type":"SearchAction","target":{"@type":"EntryPoint","urlTemplate":"https:\/\/osepmendoza.com.ar\/web\/?s={search_term_string}"},"query-input":{"@type":"PropertyValueSpecification","valueRequired":true,"valueName":"search_term_string"}}],"inLanguage":"es"},{"@type":"Organization","@id":"https:\/\/osepmendoza.com.ar\/web\/#organization","name":"OSEP - Obra Social de Empleados P\u00fablicos de Mendoza","url":"https:\/\/osepmendoza.com.ar\/web\/","logo":{"@type":"ImageObject","inLanguage":"es","@id":"https:\/\/osepmendoza.com.ar\/web\/#\/schema\/logo\/image\/","url":"https:\/\/osepmendoza.com.ar\/web\/wp-content\/uploads\/2020\/04\/lkTM9T9z.jpg","contentUrl":"https:\/\/osepmendoza.com.ar\/web\/wp-content\/uploads\/2020\/04\/lkTM9T9z.jpg","width":334,"height":334,"caption":"OSEP - Obra Social de Empleados P\u00fablicos de Mendoza"},"image":{"@id":"https:\/\/osepmendoza.com.ar\/web\/#\/schema\/logo\/image\/"},"sameAs":["https:\/\/www.facebook.com\/OSEP.MendozaArg\/","https:\/\/x.com\/OsepMza","https:\/\/www.instagram.com\/osep.mendoza\/","https:\/\/www.youtube.com\/user\/osepvideos"]},{"@type":"Person","@id":"https:\/\/osepmendoza.com.ar\/web\/#\/schema\/person\/4e7a5e0118245838f9f783a763779211","name":"Emiliano Sandobal","image":{"@type":"ImageObject","inLanguage":"es","@id":"https:\/\/secure.gravatar.com\/avatar\/d3b22a03e2853d7165313b51b54fbd33fb530becf0ffe6a70f96b195ca724512?s=96&d=mm&r=g","url":"https:\/\/secure.gravatar.com\/avatar\/d3b22a03e2853d7165313b51b54fbd33fb530becf0ffe6a70f96b195ca724512?s=96&d=mm&r=g","contentUrl":"https:\/\/secure.gravatar.com\/avatar\/d3b22a03e2853d7165313b51b54fbd33fb530becf0ffe6a70f96b195ca724512?s=96&d=mm&r=g","caption":"Emiliano Sandobal"},"sameAs":["http:\/\/osepmendoza.com.ar\/web"]}]}},"amp_enabled":true,"_links":{"self":[{"href":"https:\/\/osepmendoza.com.ar\/web\/wp-json\/wp\/v2\/posts\/45469","targetHints":{"allow":["GET"]}}],"collection":[{"href":"https:\/\/osepmendoza.com.ar\/web\/wp-json\/wp\/v2\/posts"}],"about":[{"href":"https:\/\/osepmendoza.com.ar\/web\/wp-json\/wp\/v2\/types\/post"}],"author":[{"embeddable":true,"href":"https:\/\/osepmendoza.com.ar\/web\/wp-json\/wp\/v2\/users\/6"}],"replies":[{"embeddable":true,"href":"https:\/\/osepmendoza.com.ar\/web\/wp-json\/wp\/v2\/comments?post=45469"}],"version-history":[{"count":23,"href":"https:\/\/osepmendoza.com.ar\/web\/wp-json\/wp\/v2\/posts\/45469\/revisions"}],"predecessor-version":[{"id":45914,"href":"https:\/\/osepmendoza.com.ar\/web\/wp-json\/wp\/v2\/posts\/45469\/revisions\/45914"}],"wp:featuredmedia":[{"embeddable":true,"href":"https:\/\/osepmendoza.com.ar\/web\/wp-json\/wp\/v2\/media\/45473"}],"wp:attachment":[{"href":"https:\/\/osepmendoza.com.ar\/web\/wp-json\/wp\/v2\/media?parent=45469"}],"wp:term":[{"taxonomy":"category","embeddable":true,"href":"https:\/\/osepmendoza.com.ar\/web\/wp-json\/wp\/v2\/categories?post=45469"},{"taxonomy":"post_tag","embeddable":true,"href":"https:\/\/osepmendoza.com.ar\/web\/wp-json\/wp\/v2\/tags?post=45469"}],"curies":[{"name":"wp","href":"https:\/\/api.w.org\/{rel}","templated":true}]}}