{"id":44750,"date":"2021-09-22T14:07:51","date_gmt":"2021-09-22T17:07:51","guid":{"rendered":"https:\/\/osepmendoza.com.ar\/web\/?p=44750"},"modified":"2021-09-22T14:07:51","modified_gmt":"2021-09-22T17:07:51","slug":"dia-del-estudiante-en-el-parque-ohiggins","status":"publish","type":"post","link":"https:\/\/osepmendoza.com.ar\/web\/dia-del-estudiante-en-el-parque-ohiggins\/","title":{"rendered":"D\u00eda del Estudiante en el Parque O&#8217;Higgins"},"content":{"rendered":"<p><strong>Festejamos junto a los j\u00f3venes el d\u00eda del estudiante y la llegada de la primavera en el<\/strong><strong> Teatro Gabriela Mistral. <\/strong><strong>Una jornada llena de m\u00fasica y premios. <\/strong><\/p>\n<p>El Teatro ubicado en el Parque O&#8217;Higgins fue el escenario de este encuentro que fue organizado junto al municipio y su \u00e1rea de juventud. Desde las 16 horas se desarrollaron competencias de rap y m\u00fasica urbana, hip-hop y electr\u00f3nica. El director Carlos Funes recorri\u00f3 el predio junto al intendente Ulpiano Suarez e hicieron entrega de premios a los concursantes y j\u00f3venes presentes.<\/p>\n<p>Durante el evento acompa\u00f1amos a los adolescentes con varias acciones para brindarles informaci\u00f3n sobre enfermedades de transmisi\u00f3n sexual, tratamientos posibles, prevenci\u00f3n, cuidado del cuerpo y la importancia de la actividad f\u00edsica.<\/p>\n<p>Los diferentes programas preventivos de OSEP realizaron entrega de kit saludables. Desde el \u00e1rea de odontolog\u00eda se instal\u00f3 el inflable de\u00a0 la boca gigante para explicar la importancia del cepillado frecuente y c\u00f3mo lograr una boca sana. Adem\u00e1s obsequiaron cepillos de dientes y pasta dental.<\/p>\n<p>Por su parte el programa de salud sexual y reproductiva, reparti\u00f3 preservativos y folleter\u00eda relacionada a la prevenci\u00f3n de las enfermedades de transmisi\u00f3n sexual, anticoncepci\u00f3n y la promoci\u00f3n de una sexualidad libre y responsable.<\/p>\n<p>Desde el \u00e1rea de Adolescencia participaron junto a los profesores de educaci\u00f3n f\u00edsica de la obra social en la concientizaci\u00f3n de h\u00e1bitos saludables y consejer\u00eda general para j\u00f3venes. Por su parte el equipo de capacitaci\u00f3n en RCP\u00a0 ense\u00f1\u00f3 c\u00f3mo realizar las maniobras de reanimaci\u00f3n cardiopulmonar tanto en adultos como en ni\u00f1os.<\/p>\n<p>El encuentro reuni\u00f3 a cientos de j\u00f3venes que pudieron volver a disfrutar al aire y celebrar su d\u00eda con diversi\u00f3n y responsabilidad.<\/p>\n<div id='gallery-1' class='gallery galleryid-44750 gallery-columns-3 gallery-size-thumbnail'><figure class='gallery-item'>\n\t\t\t<div class='gallery-icon landscape'>\n\t\t\t\t<a href='https:\/\/osepmendoza.com.ar\/web\/primavera-2\/'><img loading=\"lazy\" decoding=\"async\" width=\"150\" height=\"150\" src=\"https:\/\/osepmendoza.com.ar\/web\/wp-content\/uploads\/2020\/04\/PRIMAVERA-2-150x150.jpg\" class=\"attachment-thumbnail size-thumbnail\" alt=\"\" srcset=\"https:\/\/osepmendoza.com.ar\/web\/wp-content\/uploads\/2020\/04\/PRIMAVERA-2-150x150.jpg 150w, https:\/\/osepmendoza.com.ar\/web\/wp-content\/uploads\/2020\/04\/PRIMAVERA-2-660x660.jpg 660w\" sizes=\"auto, (max-width: 150px) 100vw, 150px\" \/><\/a>\n\t\t\t<\/div><\/figure><figure class='gallery-item'>\n\t\t\t<div class='gallery-icon landscape'>\n\t\t\t\t<a href='https:\/\/osepmendoza.com.ar\/web\/primavera-3\/'><img loading=\"lazy\" decoding=\"async\" width=\"150\" height=\"150\" src=\"https:\/\/osepmendoza.com.ar\/web\/wp-content\/uploads\/2020\/04\/PRIMAVERA-3-150x150.jpg\" class=\"attachment-thumbnail size-thumbnail\" alt=\"\" srcset=\"https:\/\/osepmendoza.com.ar\/web\/wp-content\/uploads\/2020\/04\/PRIMAVERA-3-150x150.jpg 150w, https:\/\/osepmendoza.com.ar\/web\/wp-content\/uploads\/2020\/04\/PRIMAVERA-3-660x660.jpg 660w\" sizes=\"auto, (max-width: 150px) 100vw, 150px\" \/><\/a>\n\t\t\t<\/div><\/figure><figure class='gallery-item'>\n\t\t\t<div class='gallery-icon landscape'>\n\t\t\t\t<a href='https:\/\/osepmendoza.com.ar\/web\/primavera-9\/'><img loading=\"lazy\" decoding=\"async\" width=\"150\" height=\"150\" src=\"https:\/\/osepmendoza.com.ar\/web\/wp-content\/uploads\/2020\/04\/PRIMAVERA-9-150x150.jpg\" class=\"attachment-thumbnail size-thumbnail\" alt=\"\" srcset=\"https:\/\/osepmendoza.com.ar\/web\/wp-content\/uploads\/2020\/04\/PRIMAVERA-9-150x150.jpg 150w, https:\/\/osepmendoza.com.ar\/web\/wp-content\/uploads\/2020\/04\/PRIMAVERA-9-660x660.jpg 660w\" sizes=\"auto, (max-width: 150px) 100vw, 150px\" \/><\/a>\n\t\t\t<\/div><\/figure><figure class='gallery-item'>\n\t\t\t<div class='gallery-icon landscape'>\n\t\t\t\t<a href='https:\/\/osepmendoza.com.ar\/web\/primavera-14\/'><img loading=\"lazy\" decoding=\"async\" width=\"150\" height=\"150\" src=\"https:\/\/osepmendoza.com.ar\/web\/wp-content\/uploads\/2020\/04\/PRIMAVERA-14-150x150.jpg\" class=\"attachment-thumbnail size-thumbnail\" alt=\"\" srcset=\"https:\/\/osepmendoza.com.ar\/web\/wp-content\/uploads\/2020\/04\/PRIMAVERA-14-150x150.jpg 150w, https:\/\/osepmendoza.com.ar\/web\/wp-content\/uploads\/2020\/04\/PRIMAVERA-14-660x660.jpg 660w\" sizes=\"auto, (max-width: 150px) 100vw, 150px\" \/><\/a>\n\t\t\t<\/div><\/figure><figure class='gallery-item'>\n\t\t\t<div class='gallery-icon landscape'>\n\t\t\t\t<a href='https:\/\/osepmendoza.com.ar\/web\/primavera-21\/'><img loading=\"lazy\" decoding=\"async\" width=\"150\" height=\"150\" src=\"https:\/\/osepmendoza.com.ar\/web\/wp-content\/uploads\/2020\/04\/PRIMAVERA-21-150x150.jpg\" class=\"attachment-thumbnail size-thumbnail\" alt=\"\" srcset=\"https:\/\/osepmendoza.com.ar\/web\/wp-content\/uploads\/2020\/04\/PRIMAVERA-21-150x150.jpg 150w, https:\/\/osepmendoza.com.ar\/web\/wp-content\/uploads\/2020\/04\/PRIMAVERA-21-660x660.jpg 660w\" sizes=\"auto, (max-width: 150px) 100vw, 150px\" \/><\/a>\n\t\t\t<\/div><\/figure><figure class='gallery-item'>\n\t\t\t<div class='gallery-icon landscape'>\n\t\t\t\t<a href='https:\/\/osepmendoza.com.ar\/web\/primavera-28\/'><img loading=\"lazy\" decoding=\"async\" width=\"150\" height=\"150\" src=\"https:\/\/osepmendoza.com.ar\/web\/wp-content\/uploads\/2020\/04\/PRIMAVERA-28-150x150.jpg\" class=\"attachment-thumbnail size-thumbnail\" alt=\"\" srcset=\"https:\/\/osepmendoza.com.ar\/web\/wp-content\/uploads\/2020\/04\/PRIMAVERA-28-150x150.jpg 150w, https:\/\/osepmendoza.com.ar\/web\/wp-content\/uploads\/2020\/04\/PRIMAVERA-28-660x660.jpg 660w\" sizes=\"auto, (max-width: 150px) 100vw, 150px\" \/><\/a>\n\t\t\t<\/div><\/figure><figure class='gallery-item'>\n\t\t\t<div class='gallery-icon landscape'>\n\t\t\t\t<a href='https:\/\/osepmendoza.com.ar\/web\/primavera-23\/'><img loading=\"lazy\" decoding=\"async\" width=\"150\" height=\"150\" src=\"https:\/\/osepmendoza.com.ar\/web\/wp-content\/uploads\/2020\/04\/PRIMAVERA-23-150x150.jpg\" class=\"attachment-thumbnail size-thumbnail\" alt=\"\" srcset=\"https:\/\/osepmendoza.com.ar\/web\/wp-content\/uploads\/2020\/04\/PRIMAVERA-23-150x150.jpg 150w, https:\/\/osepmendoza.com.ar\/web\/wp-content\/uploads\/2020\/04\/PRIMAVERA-23-660x660.jpg 660w\" sizes=\"auto, (max-width: 150px) 100vw, 150px\" \/><\/a>\n\t\t\t<\/div><\/figure>\n\t\t<\/div>\n\n<p>&nbsp;<\/p>\n<p>&nbsp;<\/p>\n","protected":false},"excerpt":{"rendered":"<p>Festejamos junto a los j\u00f3venes el d\u00eda del estudiante y&#8230;<\/p>\n","protected":false},"author":9,"featured_media":44764,"comment_status":"closed","ping_status":"open","sticky":false,"template":"","format":"standard","meta":{"_acf_changed":false,"inline_featured_image":false,"_exactmetrics_skip_tracking":false,"_exactmetrics_sitenote_active":false,"_exactmetrics_sitenote_note":"","_exactmetrics_sitenote_category":0,"footnotes":"","_links_to":"","_links_to_target":""},"categories":[101],"tags":[],"class_list":["post-44750","post","type-post","status-publish","format-standard","has-post-thumbnail","hentry","category-noticias"],"acf":[],"yoast_head":"<!-- This site is optimized with the Yoast SEO plugin v27.4 - https:\/\/yoast.com\/product\/yoast-seo-wordpress\/ -->\n<title>D\u00eda del Estudiante en el Parque O&#039;Higgins - OSEP Mendoza<\/title>\n<meta name=\"robots\" content=\"index, follow, max-snippet:-1, max-image-preview:large, max-video-preview:-1\" \/>\n<link rel=\"canonical\" href=\"https:\/\/osepmendoza.com.ar\/web\/dia-del-estudiante-en-el-parque-ohiggins\/\" \/>\n<meta property=\"og:locale\" content=\"es_ES\" \/>\n<meta property=\"og:type\" content=\"article\" \/>\n<meta property=\"og:title\" content=\"D\u00eda del Estudiante en el Parque O&#039;Higgins - OSEP Mendoza\" \/>\n<meta property=\"og:description\" content=\"Festejamos junto a los j\u00f3venes el d\u00eda del estudiante y...\" \/>\n<meta property=\"og:url\" content=\"https:\/\/osepmendoza.com.ar\/web\/dia-del-estudiante-en-el-parque-ohiggins\/\" \/>\n<meta property=\"og:site_name\" content=\"OSEP Mendoza\" \/>\n<meta property=\"article:publisher\" content=\"https:\/\/www.facebook.com\/OSEP.MendozaArg\/\" \/>\n<meta property=\"article:published_time\" content=\"2021-09-22T17:07:51+00:00\" \/>\n<meta property=\"og:image\" content=\"https:\/\/osepmendoza.com.ar\/web\/wp-content\/uploads\/2020\/04\/Primavera-OSEP-.jpeg\" \/>\n\t<meta property=\"og:image:width\" content=\"1201\" \/>\n\t<meta property=\"og:image:height\" content=\"439\" \/>\n\t<meta property=\"og:image:type\" content=\"image\/jpeg\" \/>\n<meta name=\"author\" content=\"Natalia\" \/>\n<meta name=\"twitter:card\" content=\"summary_large_image\" \/>\n<meta name=\"twitter:creator\" content=\"@OsepMza\" \/>\n<meta name=\"twitter:site\" content=\"@OsepMza\" \/>\n<meta name=\"twitter:label1\" content=\"Escrito por\" \/>\n\t<meta name=\"twitter:data1\" content=\"Natalia\" \/>\n\t<meta name=\"twitter:label2\" content=\"Tiempo de lectura\" \/>\n\t<meta name=\"twitter:data2\" content=\"2 minutos\" \/>\n<script type=\"application\/ld+json\" class=\"yoast-schema-graph\">{\"@context\":\"https:\\\/\\\/schema.org\",\"@graph\":[{\"@type\":\"Article\",\"@id\":\"https:\\\/\\\/osepmendoza.com.ar\\\/web\\\/dia-del-estudiante-en-el-parque-ohiggins\\\/#article\",\"isPartOf\":{\"@id\":\"https:\\\/\\\/osepmendoza.com.ar\\\/web\\\/dia-del-estudiante-en-el-parque-ohiggins\\\/\"},\"author\":{\"name\":\"Natalia\",\"@id\":\"https:\\\/\\\/osepmendoza.com.ar\\\/web\\\/#\\\/schema\\\/person\\\/2590e96f8ad3beae7291ee632fea6f9a\"},\"headline\":\"D\u00eda del Estudiante en el Parque O&#8217;Higgins\",\"datePublished\":\"2021-09-22T17:07:51+00:00\",\"mainEntityOfPage\":{\"@id\":\"https:\\\/\\\/osepmendoza.com.ar\\\/web\\\/dia-del-estudiante-en-el-parque-ohiggins\\\/\"},\"wordCount\":317,\"publisher\":{\"@id\":\"https:\\\/\\\/osepmendoza.com.ar\\\/web\\\/#organization\"},\"image\":{\"@id\":\"https:\\\/\\\/osepmendoza.com.ar\\\/web\\\/dia-del-estudiante-en-el-parque-ohiggins\\\/#primaryimage\"},\"thumbnailUrl\":\"https:\\\/\\\/osepmendoza.com.ar\\\/web\\\/wp-content\\\/uploads\\\/2020\\\/04\\\/Primavera-OSEP-.jpeg\",\"articleSection\":[\"Noticias\"],\"inLanguage\":\"es\"},{\"@type\":\"WebPage\",\"@id\":\"https:\\\/\\\/osepmendoza.com.ar\\\/web\\\/dia-del-estudiante-en-el-parque-ohiggins\\\/\",\"url\":\"https:\\\/\\\/osepmendoza.com.ar\\\/web\\\/dia-del-estudiante-en-el-parque-ohiggins\\\/\",\"name\":\"D\u00eda del Estudiante en el Parque O'Higgins - OSEP Mendoza\",\"isPartOf\":{\"@id\":\"https:\\\/\\\/osepmendoza.com.ar\\\/web\\\/#website\"},\"primaryImageOfPage\":{\"@id\":\"https:\\\/\\\/osepmendoza.com.ar\\\/web\\\/dia-del-estudiante-en-el-parque-ohiggins\\\/#primaryimage\"},\"image\":{\"@id\":\"https:\\\/\\\/osepmendoza.com.ar\\\/web\\\/dia-del-estudiante-en-el-parque-ohiggins\\\/#primaryimage\"},\"thumbnailUrl\":\"https:\\\/\\\/osepmendoza.com.ar\\\/web\\\/wp-content\\\/uploads\\\/2020\\\/04\\\/Primavera-OSEP-.jpeg\",\"datePublished\":\"2021-09-22T17:07:51+00:00\",\"breadcrumb\":{\"@id\":\"https:\\\/\\\/osepmendoza.com.ar\\\/web\\\/dia-del-estudiante-en-el-parque-ohiggins\\\/#breadcrumb\"},\"inLanguage\":\"es\",\"potentialAction\":[{\"@type\":\"ReadAction\",\"target\":[\"https:\\\/\\\/osepmendoza.com.ar\\\/web\\\/dia-del-estudiante-en-el-parque-ohiggins\\\/\"]}]},{\"@type\":\"ImageObject\",\"inLanguage\":\"es\",\"@id\":\"https:\\\/\\\/osepmendoza.com.ar\\\/web\\\/dia-del-estudiante-en-el-parque-ohiggins\\\/#primaryimage\",\"url\":\"https:\\\/\\\/osepmendoza.com.ar\\\/web\\\/wp-content\\\/uploads\\\/2020\\\/04\\\/Primavera-OSEP-.jpeg\",\"contentUrl\":\"https:\\\/\\\/osepmendoza.com.ar\\\/web\\\/wp-content\\\/uploads\\\/2020\\\/04\\\/Primavera-OSEP-.jpeg\",\"width\":1201,\"height\":439},{\"@type\":\"BreadcrumbList\",\"@id\":\"https:\\\/\\\/osepmendoza.com.ar\\\/web\\\/dia-del-estudiante-en-el-parque-ohiggins\\\/#breadcrumb\",\"itemListElement\":[{\"@type\":\"ListItem\",\"position\":1,\"name\":\"Portada\",\"item\":\"https:\\\/\\\/osepmendoza.com.ar\\\/web\\\/\"},{\"@type\":\"ListItem\",\"position\":2,\"name\":\"D\u00eda del Estudiante en el Parque O&#8217;Higgins\"}]},{\"@type\":\"WebSite\",\"@id\":\"https:\\\/\\\/osepmendoza.com.ar\\\/web\\\/#website\",\"url\":\"https:\\\/\\\/osepmendoza.com.ar\\\/web\\\/\",\"name\":\"OSEP Mendoza\",\"description\":\"Obra Social de los Empleados P\u00fablicos de Mendoza\",\"publisher\":{\"@id\":\"https:\\\/\\\/osepmendoza.com.ar\\\/web\\\/#organization\"},\"potentialAction\":[{\"@type\":\"SearchAction\",\"target\":{\"@type\":\"EntryPoint\",\"urlTemplate\":\"https:\\\/\\\/osepmendoza.com.ar\\\/web\\\/?s={search_term_string}\"},\"query-input\":{\"@type\":\"PropertyValueSpecification\",\"valueRequired\":true,\"valueName\":\"search_term_string\"}}],\"inLanguage\":\"es\"},{\"@type\":\"Organization\",\"@id\":\"https:\\\/\\\/osepmendoza.com.ar\\\/web\\\/#organization\",\"name\":\"OSEP - Obra Social de Empleados P\u00fablicos de Mendoza\",\"url\":\"https:\\\/\\\/osepmendoza.com.ar\\\/web\\\/\",\"logo\":{\"@type\":\"ImageObject\",\"inLanguage\":\"es\",\"@id\":\"https:\\\/\\\/osepmendoza.com.ar\\\/web\\\/#\\\/schema\\\/logo\\\/image\\\/\",\"url\":\"https:\\\/\\\/osepmendoza.com.ar\\\/web\\\/wp-content\\\/uploads\\\/2020\\\/04\\\/lkTM9T9z.jpg\",\"contentUrl\":\"https:\\\/\\\/osepmendoza.com.ar\\\/web\\\/wp-content\\\/uploads\\\/2020\\\/04\\\/lkTM9T9z.jpg\",\"width\":334,\"height\":334,\"caption\":\"OSEP - Obra Social de Empleados P\u00fablicos de Mendoza\"},\"image\":{\"@id\":\"https:\\\/\\\/osepmendoza.com.ar\\\/web\\\/#\\\/schema\\\/logo\\\/image\\\/\"},\"sameAs\":[\"https:\\\/\\\/www.facebook.com\\\/OSEP.MendozaArg\\\/\",\"https:\\\/\\\/x.com\\\/OsepMza\",\"https:\\\/\\\/www.instagram.com\\\/osep.mendoza\\\/\",\"https:\\\/\\\/www.youtube.com\\\/user\\\/osepvideos\"]},{\"@type\":\"Person\",\"@id\":\"https:\\\/\\\/osepmendoza.com.ar\\\/web\\\/#\\\/schema\\\/person\\\/2590e96f8ad3beae7291ee632fea6f9a\",\"name\":\"Natalia\",\"image\":{\"@type\":\"ImageObject\",\"inLanguage\":\"es\",\"@id\":\"https:\\\/\\\/secure.gravatar.com\\\/avatar\\\/7ff3d3b56137b46f328f9afe7b1d2a340581d3390d9774896e20f3d7f8d9258c?s=96&d=mm&r=g\",\"url\":\"https:\\\/\\\/secure.gravatar.com\\\/avatar\\\/7ff3d3b56137b46f328f9afe7b1d2a340581d3390d9774896e20f3d7f8d9258c?s=96&d=mm&r=g\",\"contentUrl\":\"https:\\\/\\\/secure.gravatar.com\\\/avatar\\\/7ff3d3b56137b46f328f9afe7b1d2a340581d3390d9774896e20f3d7f8d9258c?s=96&d=mm&r=g\",\"caption\":\"Natalia\"},\"sameAs\":[\"http:\\\/\\\/osepmendoza.com.ar\\\/web\"]}]}<\/script>\n<!-- \/ Yoast SEO plugin. -->","yoast_head_json":{"title":"D\u00eda del Estudiante en el Parque O'Higgins - OSEP Mendoza","robots":{"index":"index","follow":"follow","max-snippet":"max-snippet:-1","max-image-preview":"max-image-preview:large","max-video-preview":"max-video-preview:-1"},"canonical":"https:\/\/osepmendoza.com.ar\/web\/dia-del-estudiante-en-el-parque-ohiggins\/","og_locale":"es_ES","og_type":"article","og_title":"D\u00eda del Estudiante en el Parque O'Higgins - OSEP Mendoza","og_description":"Festejamos junto a los j\u00f3venes el d\u00eda del estudiante y...","og_url":"https:\/\/osepmendoza.com.ar\/web\/dia-del-estudiante-en-el-parque-ohiggins\/","og_site_name":"OSEP Mendoza","article_publisher":"https:\/\/www.facebook.com\/OSEP.MendozaArg\/","article_published_time":"2021-09-22T17:07:51+00:00","og_image":[{"width":1201,"height":439,"url":"https:\/\/osepmendoza.com.ar\/web\/wp-content\/uploads\/2020\/04\/Primavera-OSEP-.jpeg","type":"image\/jpeg"}],"author":"Natalia","twitter_card":"summary_large_image","twitter_creator":"@OsepMza","twitter_site":"@OsepMza","twitter_misc":{"Escrito por":"Natalia","Tiempo de lectura":"2 minutos"},"schema":{"@context":"https:\/\/schema.org","@graph":[{"@type":"Article","@id":"https:\/\/osepmendoza.com.ar\/web\/dia-del-estudiante-en-el-parque-ohiggins\/#article","isPartOf":{"@id":"https:\/\/osepmendoza.com.ar\/web\/dia-del-estudiante-en-el-parque-ohiggins\/"},"author":{"name":"Natalia","@id":"https:\/\/osepmendoza.com.ar\/web\/#\/schema\/person\/2590e96f8ad3beae7291ee632fea6f9a"},"headline":"D\u00eda del Estudiante en el Parque O&#8217;Higgins","datePublished":"2021-09-22T17:07:51+00:00","mainEntityOfPage":{"@id":"https:\/\/osepmendoza.com.ar\/web\/dia-del-estudiante-en-el-parque-ohiggins\/"},"wordCount":317,"publisher":{"@id":"https:\/\/osepmendoza.com.ar\/web\/#organization"},"image":{"@id":"https:\/\/osepmendoza.com.ar\/web\/dia-del-estudiante-en-el-parque-ohiggins\/#primaryimage"},"thumbnailUrl":"https:\/\/osepmendoza.com.ar\/web\/wp-content\/uploads\/2020\/04\/Primavera-OSEP-.jpeg","articleSection":["Noticias"],"inLanguage":"es"},{"@type":"WebPage","@id":"https:\/\/osepmendoza.com.ar\/web\/dia-del-estudiante-en-el-parque-ohiggins\/","url":"https:\/\/osepmendoza.com.ar\/web\/dia-del-estudiante-en-el-parque-ohiggins\/","name":"D\u00eda del Estudiante en el Parque O'Higgins - OSEP Mendoza","isPartOf":{"@id":"https:\/\/osepmendoza.com.ar\/web\/#website"},"primaryImageOfPage":{"@id":"https:\/\/osepmendoza.com.ar\/web\/dia-del-estudiante-en-el-parque-ohiggins\/#primaryimage"},"image":{"@id":"https:\/\/osepmendoza.com.ar\/web\/dia-del-estudiante-en-el-parque-ohiggins\/#primaryimage"},"thumbnailUrl":"https:\/\/osepmendoza.com.ar\/web\/wp-content\/uploads\/2020\/04\/Primavera-OSEP-.jpeg","datePublished":"2021-09-22T17:07:51+00:00","breadcrumb":{"@id":"https:\/\/osepmendoza.com.ar\/web\/dia-del-estudiante-en-el-parque-ohiggins\/#breadcrumb"},"inLanguage":"es","potentialAction":[{"@type":"ReadAction","target":["https:\/\/osepmendoza.com.ar\/web\/dia-del-estudiante-en-el-parque-ohiggins\/"]}]},{"@type":"ImageObject","inLanguage":"es","@id":"https:\/\/osepmendoza.com.ar\/web\/dia-del-estudiante-en-el-parque-ohiggins\/#primaryimage","url":"https:\/\/osepmendoza.com.ar\/web\/wp-content\/uploads\/2020\/04\/Primavera-OSEP-.jpeg","contentUrl":"https:\/\/osepmendoza.com.ar\/web\/wp-content\/uploads\/2020\/04\/Primavera-OSEP-.jpeg","width":1201,"height":439},{"@type":"BreadcrumbList","@id":"https:\/\/osepmendoza.com.ar\/web\/dia-del-estudiante-en-el-parque-ohiggins\/#breadcrumb","itemListElement":[{"@type":"ListItem","position":1,"name":"Portada","item":"https:\/\/osepmendoza.com.ar\/web\/"},{"@type":"ListItem","position":2,"name":"D\u00eda del Estudiante en el Parque O&#8217;Higgins"}]},{"@type":"WebSite","@id":"https:\/\/osepmendoza.com.ar\/web\/#website","url":"https:\/\/osepmendoza.com.ar\/web\/","name":"OSEP Mendoza","description":"Obra Social de los Empleados P\u00fablicos de Mendoza","publisher":{"@id":"https:\/\/osepmendoza.com.ar\/web\/#organization"},"potentialAction":[{"@type":"SearchAction","target":{"@type":"EntryPoint","urlTemplate":"https:\/\/osepmendoza.com.ar\/web\/?s={search_term_string}"},"query-input":{"@type":"PropertyValueSpecification","valueRequired":true,"valueName":"search_term_string"}}],"inLanguage":"es"},{"@type":"Organization","@id":"https:\/\/osepmendoza.com.ar\/web\/#organization","name":"OSEP - Obra Social de Empleados P\u00fablicos de Mendoza","url":"https:\/\/osepmendoza.com.ar\/web\/","logo":{"@type":"ImageObject","inLanguage":"es","@id":"https:\/\/osepmendoza.com.ar\/web\/#\/schema\/logo\/image\/","url":"https:\/\/osepmendoza.com.ar\/web\/wp-content\/uploads\/2020\/04\/lkTM9T9z.jpg","contentUrl":"https:\/\/osepmendoza.com.ar\/web\/wp-content\/uploads\/2020\/04\/lkTM9T9z.jpg","width":334,"height":334,"caption":"OSEP - Obra Social de Empleados P\u00fablicos de Mendoza"},"image":{"@id":"https:\/\/osepmendoza.com.ar\/web\/#\/schema\/logo\/image\/"},"sameAs":["https:\/\/www.facebook.com\/OSEP.MendozaArg\/","https:\/\/x.com\/OsepMza","https:\/\/www.instagram.com\/osep.mendoza\/","https:\/\/www.youtube.com\/user\/osepvideos"]},{"@type":"Person","@id":"https:\/\/osepmendoza.com.ar\/web\/#\/schema\/person\/2590e96f8ad3beae7291ee632fea6f9a","name":"Natalia","image":{"@type":"ImageObject","inLanguage":"es","@id":"https:\/\/secure.gravatar.com\/avatar\/7ff3d3b56137b46f328f9afe7b1d2a340581d3390d9774896e20f3d7f8d9258c?s=96&d=mm&r=g","url":"https:\/\/secure.gravatar.com\/avatar\/7ff3d3b56137b46f328f9afe7b1d2a340581d3390d9774896e20f3d7f8d9258c?s=96&d=mm&r=g","contentUrl":"https:\/\/secure.gravatar.com\/avatar\/7ff3d3b56137b46f328f9afe7b1d2a340581d3390d9774896e20f3d7f8d9258c?s=96&d=mm&r=g","caption":"Natalia"},"sameAs":["http:\/\/osepmendoza.com.ar\/web"]}]}},"amp_enabled":true,"_links":{"self":[{"href":"https:\/\/osepmendoza.com.ar\/web\/wp-json\/wp\/v2\/posts\/44750","targetHints":{"allow":["GET"]}}],"collection":[{"href":"https:\/\/osepmendoza.com.ar\/web\/wp-json\/wp\/v2\/posts"}],"about":[{"href":"https:\/\/osepmendoza.com.ar\/web\/wp-json\/wp\/v2\/types\/post"}],"author":[{"embeddable":true,"href":"https:\/\/osepmendoza.com.ar\/web\/wp-json\/wp\/v2\/users\/9"}],"replies":[{"embeddable":true,"href":"https:\/\/osepmendoza.com.ar\/web\/wp-json\/wp\/v2\/comments?post=44750"}],"version-history":[{"count":2,"href":"https:\/\/osepmendoza.com.ar\/web\/wp-json\/wp\/v2\/posts\/44750\/revisions"}],"predecessor-version":[{"id":44766,"href":"https:\/\/osepmendoza.com.ar\/web\/wp-json\/wp\/v2\/posts\/44750\/revisions\/44766"}],"wp:featuredmedia":[{"embeddable":true,"href":"https:\/\/osepmendoza.com.ar\/web\/wp-json\/wp\/v2\/media\/44764"}],"wp:attachment":[{"href":"https:\/\/osepmendoza.com.ar\/web\/wp-json\/wp\/v2\/media?parent=44750"}],"wp:term":[{"taxonomy":"category","embeddable":true,"href":"https:\/\/osepmendoza.com.ar\/web\/wp-json\/wp\/v2\/categories?post=44750"},{"taxonomy":"post_tag","embeddable":true,"href":"https:\/\/osepmendoza.com.ar\/web\/wp-json\/wp\/v2\/tags?post=44750"}],"curies":[{"name":"wp","href":"https:\/\/api.w.org\/{rel}","templated":true}]}}