{"id":44690,"date":"2021-09-16T13:07:37","date_gmt":"2021-09-16T16:07:37","guid":{"rendered":"https:\/\/osepmendoza.com.ar\/web\/?p=44690"},"modified":"2023-05-19T08:51:13","modified_gmt":"2023-05-19T11:51:13","slug":"que-hay-que-saber-sobre-la-copa-menstrual","status":"publish","type":"post","link":"https:\/\/osepmendoza.com.ar\/web\/que-hay-que-saber-sobre-la-copa-menstrual\/","title":{"rendered":"\u00bfQu\u00e9 hay que saber sobre la copa menstrual?"},"content":{"rendered":"<p lang=\"es-MX\">En este breve art\u00edculo hablaremos de las ventajas y desventajas en el uso de la copa menstrual.<\/p>\n<p lang=\"es-MX\">La copa menstrual es una alternativa c\u00f3moda, segura y eficiente para la higiene menstrual, comparada con las toallas higi\u00e9nicas y los tampones.<\/p>\n<p lang=\"es-MX\">Si tenemos en cuenta que los primeros modelos fueron patentados en 1867 en Estados Unidos, podemos decir que no se trata de \u201cAlgo Nuevo\u201d. Socialmente ha tenido poca difusi\u00f3n, por lo cual no es muy conocida o aceptada.<\/p>\n<p lang=\"es-MX\">Se estima que una mujer podr\u00eda llegar a utilizar hasta 17.000 toallas o tampones en toda su vida, lo que representa una alta carga de desechos de dif\u00edcil reutilizaci\u00f3n y reciclaje.<\/p>\n<p lang=\"es-MX\"><strong>Es fundamental que conozcamos de qu\u00e9 se trata\u2026<\/strong><\/p>\n<p lang=\"es-MX\">La copa menstrual es fabricada con silicona m\u00e9dica hipoalerg\u00e9nica; por lo tanto es suave al tacto, muy flexible, y es raro que genere respuestas al\u00e9rgicas con su uso.<\/p>\n<p lang=\"es-MX\">Actualmente existen m\u00faltiples marcas comerciales, algunas ofrecen tres tama\u00f1os (1, 2 o 3) o cuatro (S, M ,L ,XL).<\/p>\n<p lang=\"es-MX\">Presenta una vida \u00fatil que, seg\u00fan la marca, puede variar entre 5 a 10 a\u00f1os dependiendo de los cuidados que le demos.<\/p>\n<p lang=\"es-MX\"><strong>\u00bfC\u00f3mo elegir la adecuada para cada persona?<\/strong><\/p>\n<p lang=\"es-MX\">Es importante tener en cuenta la edad, la contextura f\u00edsica, la cantidad de menstruaci\u00f3n, si ha tenido hijos y si \u00e9stos han nacido por parto vaginal o por operaci\u00f3n ces\u00e1rea.<\/p>\n<p lang=\"es-MX\">No existe l\u00edmite de edad para comenzar a utilizarla.<\/p>\n<p lang=\"es-MX\"><strong>\u00bfC\u00f3mo se si me voy a acostumbrar a usarla?<\/strong><\/p>\n<p lang=\"es-MX\">La adopci\u00f3n de una copa menstrual requiere una fase de familiarizaci\u00f3n; en promedio, se necesitan tres ciclos menstruales para aprender a manejar la introducci\u00f3n, vaciamiento y limpieza.<\/p>\n<p lang=\"es-MX\">En general aquellas mujeres que utilizan tampones habitualmente, no tienen inconvenientes en su utilizaci\u00f3n. Por lo cual es recomendable usarlos unos meses previos a la adquisici\u00f3n de la copa menstrual.<\/p>\n<p lang=\"es-MX\"><strong>\u00bfQu\u00e9 dificultades tiene su uso?<\/strong><\/p>\n<p lang=\"es-MX\">En cuanto a los inconvenientes en el uso encontramos: ajuste inadecuado, fugas, e incomodidad vaginal. Pero disminuyen a medida que se utiliza.<\/p>\n<p lang=\"es-MX\"><strong>\u00bfC\u00f3mo se coloca?<\/strong><\/p>\n<p lang=\"es-MX\">Primero, hervir la copa seg\u00fan las instrucciones de su envase. Luego, higienizar las manos. Buscar una posici\u00f3n c\u00f3moda, plegar la copa utilizando la forma que m\u00e1s se adapte a tu cuerpo y colocarla copa.<\/p>\n<p lang=\"es-MX\">Para su extracci\u00f3n, volv\u00e9 a lavar tus manos, busc\u00e1 un posici\u00f3n relajada y presion\u00e1 suavemente su base, como un leve pellizco, para deshacer el efecto ventosa y retirarla. Vaciarla, enjuagarla y colocarla nuevamente.<\/p>\n<p lang=\"es-MX\"><strong>\u00bfSon compatibles DIU y copa menstrual?<\/strong><\/p>\n<p lang=\"es-MX\">La copa y el DIU se colocan en lugares diferentes. Avis\u00e1 a tu ginec\u00f3logo que usas la copa para que no deje los hilos del DIU demasiado largos. Adem\u00e1s asegurate que la copa regrese siempre a su forma natural, rompiendo el vac\u00edo que puede formarse.<\/p>\n<p lang=\"es-MX\">Dra. Adriana Giaccaglia<\/p>\n<p lang=\"es-MX\">Programa Ser Mujer &#8211; OSEP<\/p>\n<div id='gallery-1' class='gallery galleryid-44690 gallery-columns-1 gallery-size-full'><figure class='gallery-item'>\n\t\t\t<div class='gallery-icon landscape'>\n\t\t\t\t<a href='https:\/\/osepmendoza.com.ar\/web\/que-hay-que-saber-sobre-la-copa-menstrual\/thumbnail_img-20210917-wa0022\/'><img loading=\"lazy\" decoding=\"async\" width=\"800\" height=\"655\" src=\"https:\/\/osepmendoza.com.ar\/web\/wp-content\/uploads\/2021\/09\/thumbnail_IMG-20210917-WA0022.jpg\" class=\"attachment-full size-full\" alt=\"\" srcset=\"https:\/\/osepmendoza.com.ar\/web\/wp-content\/uploads\/2021\/09\/thumbnail_IMG-20210917-WA0022.jpg 800w, https:\/\/osepmendoza.com.ar\/web\/wp-content\/uploads\/2021\/09\/thumbnail_IMG-20210917-WA0022-300x246.jpg 300w, https:\/\/osepmendoza.com.ar\/web\/wp-content\/uploads\/2021\/09\/thumbnail_IMG-20210917-WA0022-768x629.jpg 768w\" sizes=\"auto, (max-width: 800px) 100vw, 800px\" \/><\/a>\n\t\t\t<\/div><\/figure>\n\t\t<\/div>\n\n","protected":false},"excerpt":{"rendered":"<p>En este breve art\u00edculo hablaremos de las ventajas y desventajas&#8230;<\/p>\n","protected":false},"author":12,"featured_media":44691,"comment_status":"closed","ping_status":"open","sticky":false,"template":"","format":"standard","meta":{"_acf_changed":false,"inline_featured_image":false,"_exactmetrics_skip_tracking":false,"_exactmetrics_sitenote_active":false,"_exactmetrics_sitenote_note":"","_exactmetrics_sitenote_category":0,"footnotes":"","_links_to":"","_links_to_target":""},"categories":[101],"tags":[1681,1679,923,1680],"class_list":["post-44690","post","type-post","status-publish","format-standard","has-post-thumbnail","hentry","category-noticias","tag-ambiente","tag-copa-menstrual","tag-higiene","tag-menstruacion"],"acf":[],"yoast_head":"<!-- This site is optimized with the Yoast SEO plugin v27.4 - https:\/\/yoast.com\/product\/yoast-seo-wordpress\/ -->\n<title>\u00bfQu\u00e9 hay que saber sobre la copa menstrual? - OSEP Mendoza<\/title>\n<meta name=\"robots\" content=\"index, follow, max-snippet:-1, max-image-preview:large, max-video-preview:-1\" \/>\n<link rel=\"canonical\" href=\"https:\/\/osepmendoza.com.ar\/web\/que-hay-que-saber-sobre-la-copa-menstrual\/\" \/>\n<meta property=\"og:locale\" content=\"es_ES\" \/>\n<meta property=\"og:type\" content=\"article\" \/>\n<meta property=\"og:title\" content=\"\u00bfQu\u00e9 hay que saber sobre la copa menstrual? - OSEP Mendoza\" \/>\n<meta property=\"og:description\" content=\"En este breve art\u00edculo hablaremos de las ventajas y desventajas...\" \/>\n<meta property=\"og:url\" content=\"https:\/\/osepmendoza.com.ar\/web\/que-hay-que-saber-sobre-la-copa-menstrual\/\" \/>\n<meta property=\"og:site_name\" content=\"OSEP Mendoza\" \/>\n<meta property=\"article:publisher\" content=\"https:\/\/www.facebook.com\/OSEP.MendozaArg\/\" \/>\n<meta property=\"article:published_time\" content=\"2021-09-16T16:07:37+00:00\" \/>\n<meta property=\"article:modified_time\" content=\"2023-05-19T11:51:13+00:00\" \/>\n<meta property=\"og:image\" content=\"https:\/\/osepmendoza.com.ar\/web\/wp-content\/uploads\/2021\/09\/foto2-2.jpg\" \/>\n\t<meta property=\"og:image:width\" content=\"1200\" \/>\n\t<meta property=\"og:image:height\" content=\"438\" \/>\n\t<meta property=\"og:image:type\" content=\"image\/jpeg\" \/>\n<meta name=\"author\" content=\"Sebastian Fernandez\" \/>\n<meta name=\"twitter:card\" content=\"summary_large_image\" \/>\n<meta name=\"twitter:creator\" content=\"@OsepMza\" \/>\n<meta name=\"twitter:site\" content=\"@OsepMza\" \/>\n<meta name=\"twitter:label1\" content=\"Escrito por\" \/>\n\t<meta name=\"twitter:data1\" content=\"Sebastian Fernandez\" \/>\n\t<meta name=\"twitter:label2\" content=\"Tiempo de lectura\" \/>\n\t<meta name=\"twitter:data2\" content=\"2 minutos\" \/>\n<script type=\"application\/ld+json\" class=\"yoast-schema-graph\">{\"@context\":\"https:\\\/\\\/schema.org\",\"@graph\":[{\"@type\":\"Article\",\"@id\":\"https:\\\/\\\/osepmendoza.com.ar\\\/web\\\/que-hay-que-saber-sobre-la-copa-menstrual\\\/#article\",\"isPartOf\":{\"@id\":\"https:\\\/\\\/osepmendoza.com.ar\\\/web\\\/que-hay-que-saber-sobre-la-copa-menstrual\\\/\"},\"author\":{\"name\":\"Sebastian Fernandez\",\"@id\":\"https:\\\/\\\/osepmendoza.com.ar\\\/web\\\/#\\\/schema\\\/person\\\/90986df7128a51e32bb66102fc247eb2\"},\"headline\":\"\u00bfQu\u00e9 hay que saber sobre la copa menstrual?\",\"datePublished\":\"2021-09-16T16:07:37+00:00\",\"dateModified\":\"2023-05-19T11:51:13+00:00\",\"mainEntityOfPage\":{\"@id\":\"https:\\\/\\\/osepmendoza.com.ar\\\/web\\\/que-hay-que-saber-sobre-la-copa-menstrual\\\/\"},\"wordCount\":495,\"publisher\":{\"@id\":\"https:\\\/\\\/osepmendoza.com.ar\\\/web\\\/#organization\"},\"image\":{\"@id\":\"https:\\\/\\\/osepmendoza.com.ar\\\/web\\\/que-hay-que-saber-sobre-la-copa-menstrual\\\/#primaryimage\"},\"thumbnailUrl\":\"https:\\\/\\\/osepmendoza.com.ar\\\/web\\\/wp-content\\\/uploads\\\/2021\\\/09\\\/foto2-2.jpg\",\"keywords\":[\"ambiente\",\"copa menstrual\",\"higiene\",\"menstruaci\u00f3n\"],\"articleSection\":[\"Noticias\"],\"inLanguage\":\"es\"},{\"@type\":\"WebPage\",\"@id\":\"https:\\\/\\\/osepmendoza.com.ar\\\/web\\\/que-hay-que-saber-sobre-la-copa-menstrual\\\/\",\"url\":\"https:\\\/\\\/osepmendoza.com.ar\\\/web\\\/que-hay-que-saber-sobre-la-copa-menstrual\\\/\",\"name\":\"\u00bfQu\u00e9 hay que saber sobre la copa menstrual? - OSEP Mendoza\",\"isPartOf\":{\"@id\":\"https:\\\/\\\/osepmendoza.com.ar\\\/web\\\/#website\"},\"primaryImageOfPage\":{\"@id\":\"https:\\\/\\\/osepmendoza.com.ar\\\/web\\\/que-hay-que-saber-sobre-la-copa-menstrual\\\/#primaryimage\"},\"image\":{\"@id\":\"https:\\\/\\\/osepmendoza.com.ar\\\/web\\\/que-hay-que-saber-sobre-la-copa-menstrual\\\/#primaryimage\"},\"thumbnailUrl\":\"https:\\\/\\\/osepmendoza.com.ar\\\/web\\\/wp-content\\\/uploads\\\/2021\\\/09\\\/foto2-2.jpg\",\"datePublished\":\"2021-09-16T16:07:37+00:00\",\"dateModified\":\"2023-05-19T11:51:13+00:00\",\"breadcrumb\":{\"@id\":\"https:\\\/\\\/osepmendoza.com.ar\\\/web\\\/que-hay-que-saber-sobre-la-copa-menstrual\\\/#breadcrumb\"},\"inLanguage\":\"es\",\"potentialAction\":[{\"@type\":\"ReadAction\",\"target\":[\"https:\\\/\\\/osepmendoza.com.ar\\\/web\\\/que-hay-que-saber-sobre-la-copa-menstrual\\\/\"]}]},{\"@type\":\"ImageObject\",\"inLanguage\":\"es\",\"@id\":\"https:\\\/\\\/osepmendoza.com.ar\\\/web\\\/que-hay-que-saber-sobre-la-copa-menstrual\\\/#primaryimage\",\"url\":\"https:\\\/\\\/osepmendoza.com.ar\\\/web\\\/wp-content\\\/uploads\\\/2021\\\/09\\\/foto2-2.jpg\",\"contentUrl\":\"https:\\\/\\\/osepmendoza.com.ar\\\/web\\\/wp-content\\\/uploads\\\/2021\\\/09\\\/foto2-2.jpg\",\"width\":1200,\"height\":438},{\"@type\":\"BreadcrumbList\",\"@id\":\"https:\\\/\\\/osepmendoza.com.ar\\\/web\\\/que-hay-que-saber-sobre-la-copa-menstrual\\\/#breadcrumb\",\"itemListElement\":[{\"@type\":\"ListItem\",\"position\":1,\"name\":\"Portada\",\"item\":\"https:\\\/\\\/osepmendoza.com.ar\\\/web\\\/\"},{\"@type\":\"ListItem\",\"position\":2,\"name\":\"\u00bfQu\u00e9 hay que saber sobre la copa menstrual?\"}]},{\"@type\":\"WebSite\",\"@id\":\"https:\\\/\\\/osepmendoza.com.ar\\\/web\\\/#website\",\"url\":\"https:\\\/\\\/osepmendoza.com.ar\\\/web\\\/\",\"name\":\"OSEP Mendoza\",\"description\":\"Obra Social de los Empleados P\u00fablicos de Mendoza\",\"publisher\":{\"@id\":\"https:\\\/\\\/osepmendoza.com.ar\\\/web\\\/#organization\"},\"potentialAction\":[{\"@type\":\"SearchAction\",\"target\":{\"@type\":\"EntryPoint\",\"urlTemplate\":\"https:\\\/\\\/osepmendoza.com.ar\\\/web\\\/?s={search_term_string}\"},\"query-input\":{\"@type\":\"PropertyValueSpecification\",\"valueRequired\":true,\"valueName\":\"search_term_string\"}}],\"inLanguage\":\"es\"},{\"@type\":\"Organization\",\"@id\":\"https:\\\/\\\/osepmendoza.com.ar\\\/web\\\/#organization\",\"name\":\"OSEP - Obra Social de Empleados P\u00fablicos de Mendoza\",\"url\":\"https:\\\/\\\/osepmendoza.com.ar\\\/web\\\/\",\"logo\":{\"@type\":\"ImageObject\",\"inLanguage\":\"es\",\"@id\":\"https:\\\/\\\/osepmendoza.com.ar\\\/web\\\/#\\\/schema\\\/logo\\\/image\\\/\",\"url\":\"https:\\\/\\\/osepmendoza.com.ar\\\/web\\\/wp-content\\\/uploads\\\/2020\\\/04\\\/lkTM9T9z.jpg\",\"contentUrl\":\"https:\\\/\\\/osepmendoza.com.ar\\\/web\\\/wp-content\\\/uploads\\\/2020\\\/04\\\/lkTM9T9z.jpg\",\"width\":334,\"height\":334,\"caption\":\"OSEP - Obra Social de Empleados P\u00fablicos de Mendoza\"},\"image\":{\"@id\":\"https:\\\/\\\/osepmendoza.com.ar\\\/web\\\/#\\\/schema\\\/logo\\\/image\\\/\"},\"sameAs\":[\"https:\\\/\\\/www.facebook.com\\\/OSEP.MendozaArg\\\/\",\"https:\\\/\\\/x.com\\\/OsepMza\",\"https:\\\/\\\/www.instagram.com\\\/osep.mendoza\\\/\",\"https:\\\/\\\/www.youtube.com\\\/user\\\/osepvideos\"]},{\"@type\":\"Person\",\"@id\":\"https:\\\/\\\/osepmendoza.com.ar\\\/web\\\/#\\\/schema\\\/person\\\/90986df7128a51e32bb66102fc247eb2\",\"name\":\"Sebastian Fernandez\",\"image\":{\"@type\":\"ImageObject\",\"inLanguage\":\"es\",\"@id\":\"https:\\\/\\\/secure.gravatar.com\\\/avatar\\\/cc42d53caabe846896e06ed8955a60e82b2b829babcb731f86f26c42378bcfec?s=96&d=mm&r=g\",\"url\":\"https:\\\/\\\/secure.gravatar.com\\\/avatar\\\/cc42d53caabe846896e06ed8955a60e82b2b829babcb731f86f26c42378bcfec?s=96&d=mm&r=g\",\"contentUrl\":\"https:\\\/\\\/secure.gravatar.com\\\/avatar\\\/cc42d53caabe846896e06ed8955a60e82b2b829babcb731f86f26c42378bcfec?s=96&d=mm&r=g\",\"caption\":\"Sebastian Fernandez\"},\"sameAs\":[\"http:\\\/\\\/osepmendoza.com.ar\\\/web\"]}]}<\/script>\n<!-- \/ Yoast SEO plugin. -->","yoast_head_json":{"title":"\u00bfQu\u00e9 hay que saber sobre la copa menstrual? - OSEP Mendoza","robots":{"index":"index","follow":"follow","max-snippet":"max-snippet:-1","max-image-preview":"max-image-preview:large","max-video-preview":"max-video-preview:-1"},"canonical":"https:\/\/osepmendoza.com.ar\/web\/que-hay-que-saber-sobre-la-copa-menstrual\/","og_locale":"es_ES","og_type":"article","og_title":"\u00bfQu\u00e9 hay que saber sobre la copa menstrual? - OSEP Mendoza","og_description":"En este breve art\u00edculo hablaremos de las ventajas y desventajas...","og_url":"https:\/\/osepmendoza.com.ar\/web\/que-hay-que-saber-sobre-la-copa-menstrual\/","og_site_name":"OSEP Mendoza","article_publisher":"https:\/\/www.facebook.com\/OSEP.MendozaArg\/","article_published_time":"2021-09-16T16:07:37+00:00","article_modified_time":"2023-05-19T11:51:13+00:00","og_image":[{"width":1200,"height":438,"url":"https:\/\/osepmendoza.com.ar\/web\/wp-content\/uploads\/2021\/09\/foto2-2.jpg","type":"image\/jpeg"}],"author":"Sebastian Fernandez","twitter_card":"summary_large_image","twitter_creator":"@OsepMza","twitter_site":"@OsepMza","twitter_misc":{"Escrito por":"Sebastian Fernandez","Tiempo de lectura":"2 minutos"},"schema":{"@context":"https:\/\/schema.org","@graph":[{"@type":"Article","@id":"https:\/\/osepmendoza.com.ar\/web\/que-hay-que-saber-sobre-la-copa-menstrual\/#article","isPartOf":{"@id":"https:\/\/osepmendoza.com.ar\/web\/que-hay-que-saber-sobre-la-copa-menstrual\/"},"author":{"name":"Sebastian Fernandez","@id":"https:\/\/osepmendoza.com.ar\/web\/#\/schema\/person\/90986df7128a51e32bb66102fc247eb2"},"headline":"\u00bfQu\u00e9 hay que saber sobre la copa menstrual?","datePublished":"2021-09-16T16:07:37+00:00","dateModified":"2023-05-19T11:51:13+00:00","mainEntityOfPage":{"@id":"https:\/\/osepmendoza.com.ar\/web\/que-hay-que-saber-sobre-la-copa-menstrual\/"},"wordCount":495,"publisher":{"@id":"https:\/\/osepmendoza.com.ar\/web\/#organization"},"image":{"@id":"https:\/\/osepmendoza.com.ar\/web\/que-hay-que-saber-sobre-la-copa-menstrual\/#primaryimage"},"thumbnailUrl":"https:\/\/osepmendoza.com.ar\/web\/wp-content\/uploads\/2021\/09\/foto2-2.jpg","keywords":["ambiente","copa menstrual","higiene","menstruaci\u00f3n"],"articleSection":["Noticias"],"inLanguage":"es"},{"@type":"WebPage","@id":"https:\/\/osepmendoza.com.ar\/web\/que-hay-que-saber-sobre-la-copa-menstrual\/","url":"https:\/\/osepmendoza.com.ar\/web\/que-hay-que-saber-sobre-la-copa-menstrual\/","name":"\u00bfQu\u00e9 hay que saber sobre la copa menstrual? - OSEP Mendoza","isPartOf":{"@id":"https:\/\/osepmendoza.com.ar\/web\/#website"},"primaryImageOfPage":{"@id":"https:\/\/osepmendoza.com.ar\/web\/que-hay-que-saber-sobre-la-copa-menstrual\/#primaryimage"},"image":{"@id":"https:\/\/osepmendoza.com.ar\/web\/que-hay-que-saber-sobre-la-copa-menstrual\/#primaryimage"},"thumbnailUrl":"https:\/\/osepmendoza.com.ar\/web\/wp-content\/uploads\/2021\/09\/foto2-2.jpg","datePublished":"2021-09-16T16:07:37+00:00","dateModified":"2023-05-19T11:51:13+00:00","breadcrumb":{"@id":"https:\/\/osepmendoza.com.ar\/web\/que-hay-que-saber-sobre-la-copa-menstrual\/#breadcrumb"},"inLanguage":"es","potentialAction":[{"@type":"ReadAction","target":["https:\/\/osepmendoza.com.ar\/web\/que-hay-que-saber-sobre-la-copa-menstrual\/"]}]},{"@type":"ImageObject","inLanguage":"es","@id":"https:\/\/osepmendoza.com.ar\/web\/que-hay-que-saber-sobre-la-copa-menstrual\/#primaryimage","url":"https:\/\/osepmendoza.com.ar\/web\/wp-content\/uploads\/2021\/09\/foto2-2.jpg","contentUrl":"https:\/\/osepmendoza.com.ar\/web\/wp-content\/uploads\/2021\/09\/foto2-2.jpg","width":1200,"height":438},{"@type":"BreadcrumbList","@id":"https:\/\/osepmendoza.com.ar\/web\/que-hay-que-saber-sobre-la-copa-menstrual\/#breadcrumb","itemListElement":[{"@type":"ListItem","position":1,"name":"Portada","item":"https:\/\/osepmendoza.com.ar\/web\/"},{"@type":"ListItem","position":2,"name":"\u00bfQu\u00e9 hay que saber sobre la copa menstrual?"}]},{"@type":"WebSite","@id":"https:\/\/osepmendoza.com.ar\/web\/#website","url":"https:\/\/osepmendoza.com.ar\/web\/","name":"OSEP Mendoza","description":"Obra Social de los Empleados P\u00fablicos de Mendoza","publisher":{"@id":"https:\/\/osepmendoza.com.ar\/web\/#organization"},"potentialAction":[{"@type":"SearchAction","target":{"@type":"EntryPoint","urlTemplate":"https:\/\/osepmendoza.com.ar\/web\/?s={search_term_string}"},"query-input":{"@type":"PropertyValueSpecification","valueRequired":true,"valueName":"search_term_string"}}],"inLanguage":"es"},{"@type":"Organization","@id":"https:\/\/osepmendoza.com.ar\/web\/#organization","name":"OSEP - Obra Social de Empleados P\u00fablicos de Mendoza","url":"https:\/\/osepmendoza.com.ar\/web\/","logo":{"@type":"ImageObject","inLanguage":"es","@id":"https:\/\/osepmendoza.com.ar\/web\/#\/schema\/logo\/image\/","url":"https:\/\/osepmendoza.com.ar\/web\/wp-content\/uploads\/2020\/04\/lkTM9T9z.jpg","contentUrl":"https:\/\/osepmendoza.com.ar\/web\/wp-content\/uploads\/2020\/04\/lkTM9T9z.jpg","width":334,"height":334,"caption":"OSEP - Obra Social de Empleados P\u00fablicos de Mendoza"},"image":{"@id":"https:\/\/osepmendoza.com.ar\/web\/#\/schema\/logo\/image\/"},"sameAs":["https:\/\/www.facebook.com\/OSEP.MendozaArg\/","https:\/\/x.com\/OsepMza","https:\/\/www.instagram.com\/osep.mendoza\/","https:\/\/www.youtube.com\/user\/osepvideos"]},{"@type":"Person","@id":"https:\/\/osepmendoza.com.ar\/web\/#\/schema\/person\/90986df7128a51e32bb66102fc247eb2","name":"Sebastian Fernandez","image":{"@type":"ImageObject","inLanguage":"es","@id":"https:\/\/secure.gravatar.com\/avatar\/cc42d53caabe846896e06ed8955a60e82b2b829babcb731f86f26c42378bcfec?s=96&d=mm&r=g","url":"https:\/\/secure.gravatar.com\/avatar\/cc42d53caabe846896e06ed8955a60e82b2b829babcb731f86f26c42378bcfec?s=96&d=mm&r=g","contentUrl":"https:\/\/secure.gravatar.com\/avatar\/cc42d53caabe846896e06ed8955a60e82b2b829babcb731f86f26c42378bcfec?s=96&d=mm&r=g","caption":"Sebastian Fernandez"},"sameAs":["http:\/\/osepmendoza.com.ar\/web"]}]}},"amp_enabled":true,"_links":{"self":[{"href":"https:\/\/osepmendoza.com.ar\/web\/wp-json\/wp\/v2\/posts\/44690","targetHints":{"allow":["GET"]}}],"collection":[{"href":"https:\/\/osepmendoza.com.ar\/web\/wp-json\/wp\/v2\/posts"}],"about":[{"href":"https:\/\/osepmendoza.com.ar\/web\/wp-json\/wp\/v2\/types\/post"}],"author":[{"embeddable":true,"href":"https:\/\/osepmendoza.com.ar\/web\/wp-json\/wp\/v2\/users\/12"}],"replies":[{"embeddable":true,"href":"https:\/\/osepmendoza.com.ar\/web\/wp-json\/wp\/v2\/comments?post=44690"}],"version-history":[{"count":3,"href":"https:\/\/osepmendoza.com.ar\/web\/wp-json\/wp\/v2\/posts\/44690\/revisions"}],"predecessor-version":[{"id":44710,"href":"https:\/\/osepmendoza.com.ar\/web\/wp-json\/wp\/v2\/posts\/44690\/revisions\/44710"}],"wp:featuredmedia":[{"embeddable":true,"href":"https:\/\/osepmendoza.com.ar\/web\/wp-json\/wp\/v2\/media\/44691"}],"wp:attachment":[{"href":"https:\/\/osepmendoza.com.ar\/web\/wp-json\/wp\/v2\/media?parent=44690"}],"wp:term":[{"taxonomy":"category","embeddable":true,"href":"https:\/\/osepmendoza.com.ar\/web\/wp-json\/wp\/v2\/categories?post=44690"},{"taxonomy":"post_tag","embeddable":true,"href":"https:\/\/osepmendoza.com.ar\/web\/wp-json\/wp\/v2\/tags?post=44690"}],"curies":[{"name":"wp","href":"https:\/\/api.w.org\/{rel}","templated":true}]}}