{"id":43950,"date":"2021-07-01T15:37:21","date_gmt":"2021-07-01T18:37:21","guid":{"rendered":"https:\/\/osepmendoza.com.ar\/web\/?p=43950"},"modified":"2023-05-19T08:57:11","modified_gmt":"2023-05-19T11:57:11","slug":"diabetes-tratamiento-nutricional","status":"publish","type":"post","link":"https:\/\/osepmendoza.com.ar\/web\/diabetes-tratamiento-nutricional\/","title":{"rendered":"Diabetes: Tratamiento Nutricional"},"content":{"rendered":"<p class=\"western\" lang=\"zxx\" align=\"left\"><span style=\"font-family: Arial, sans-serif;\"><span style=\"font-size: medium;\">El conteo de hidratos de carbono es una estrategia en el tratamiento nutricional de la diabetes que permite mejorar el control de la glucemia y la calidad de vida de los pacientes diab\u00e9ticos.<\/span><\/span><\/p>\n<p class=\"western\" lang=\"zxx\" align=\"left\"><span style=\"font-family: Arial, sans-serif;\"><span style=\"font-size: medium;\">Es muy \u00fatil para las personas porque al conocer la cantidad de hidratos de carbono que consumen pueden adaptar la cantidad de insulina que se administran, siguiendo las indicaciones del m\u00e9dico y la nutricionista.<\/span><\/span><\/p>\n<p class=\"western\" lang=\"zxx\"><span style=\"font-family: Arial, sans-serif;\"><span style=\"font-size: medium;\"><b>\u00bfQu\u00e9 significa esta estrategia?<\/b><\/span><\/span><\/p>\n<p class=\"western\" lang=\"zxx\" align=\"left\"><span style=\"font-family: Arial, sans-serif;\"><span style=\"font-size: medium;\">El conteo de hidratos de carbono (HC) es una herramienta de planificaci\u00f3n de las comidas para personas con diabetes tipo 1 y 2 que permite un \u00f3ptimo control de la glucemia (glucosa en la sangre). Es decir, con el valor previo de glucemia, hidratos de carbono a consumir y la actividad a realizar se puede calcular la dosis de insulina adecuada a administrar.<\/span><\/span><\/p>\n<p class=\"western\" lang=\"zxx\" align=\"left\"><span style=\"font-family: Arial, sans-serif;\"><span style=\"font-size: medium;\">Este conteo implica llevar un registro con las siguientes cifras: cantidad de carbohidratos presente en los alimentos que se comen cada d\u00eda, valores de glucemia, insulina usada y actividad realizada.<\/span><\/span><\/p>\n<p class=\"western\" lang=\"zxx\" align=\"left\"><span style=\"font-family: Arial, sans-serif;\"><span style=\"font-size: medium;\">Esta t\u00e9cnica es un tratamiento de referencia en la diabetes tipo 1, para utilizarla hay que conocerla y entrenarse en su uso con una nutricionista especializada en diabetes.<\/span><\/span><\/p>\n<p class=\"western\" lang=\"zxx\"><span style=\"font-family: Arial, sans-serif;\"><span style=\"font-size: medium;\"><b>Conoc\u00e9s los hidratos de carbono<\/b><\/span><\/span><\/p>\n<p class=\"western\" lang=\"zxx\"><span style=\"font-family: Arial, sans-serif;\"><span style=\"font-size: medium;\">\u00bfCu\u00e1les son?, \u00bfd\u00f3nde est\u00e1n?. En las siguientes l\u00edneas y pr\u00f3ximos art\u00edculos iremos respondiendo estos interrogantes. Pero siempre recordando que un plan saludable de alimentaci\u00f3n debe proporcionar energ\u00eda, nutrientes, vitaminas, minerales y fibra.<\/span><\/span><\/p>\n<p class=\"western\" lang=\"zxx\"><span style=\"font-family: Arial, sans-serif;\"><span style=\"font-size: medium;\">Los nutrientes de los alimentos y bebidas son los carbohidratos, prote\u00ednas y grasas.<\/span><\/span><\/p>\n<p class=\"western\" lang=\"zxx\"><span style=\"font-family: Arial, sans-serif;\"><span style=\"font-size: medium;\">Respecto de los carbohidratos son az\u00facares, almidones y fibra. Estos son los que principalmente afectan la glucosa en la sangre.<\/span><\/span><\/p>\n<p class=\"western\" lang=\"zxx\"><span style=\"font-family: Arial, sans-serif;\"><span style=\"font-size: medium;\">Se clasifican de acuerdo a la calidad de los nutrientes y su velocidad de absorci\u00f3n en:<\/span><\/span><\/p>\n<ul>\n<li><span style=\"font-family: Arial, sans-serif;\"><span style=\"font-size: medium;\"><b>saludables<\/b><\/span><\/span><span style=\"font-family: Arial, sans-serif;\"><span style=\"font-size: medium;\"> como granos enteros, frutas, verduras.<\/span><\/span><\/li>\n<li><span style=\"font-family: Arial, sans-serif;\"><span style=\"font-size: medium;\"><b>no saludables<\/b><\/span><\/span><span style=\"font-family: Arial, sans-serif;\"><span style=\"font-size: medium;\">, usualmente, son alimentos y bebidas con az\u00facares agregados. Pueden proporcionar energ\u00eda pero tienen poco o ning\u00fan nutriente.<\/span><\/span><\/li>\n<\/ul>\n<p class=\"western\" lang=\"zxx\"><span style=\"font-family: Arial, sans-serif;\"><span style=\"font-size: medium;\"><b>Contando<\/b><\/span><\/span><\/p>\n<p class=\"western\" lang=\"zxx\"><span style=\"font-family: Arial, sans-serif;\"><span style=\"font-size: medium;\">La cantidad de carbohidratos se mide en gramos. Para contar las presentes en los alimentos que ingerimos se debe:<\/span><\/span><\/p>\n<ul>\n<li><span style=\"font-family: Arial, sans-serif;\"><span style=\"font-size: medium;\">saber cu\u00e1les alimentos contienen carbohidratos <\/span><\/span><\/li>\n<li><span style=\"font-family: Arial, sans-serif;\"><span style=\"font-size: medium;\">aprender a calcular el n\u00famero de gramos de carbohidratos que est\u00e1n en los alimentos que comemos <\/span><\/span><\/li>\n<li><span style=\"font-family: Arial, sans-serif;\"><span style=\"font-size: medium;\">sumar el n\u00famero de gramos de carbohidratos de cada alimento que se comen en el d\u00eda para obtener un total general<\/span><\/span><\/li>\n<\/ul>\n<p class=\"western\" lang=\"zxx\" align=\"left\"><span style=\"font-family: Arial, sans-serif;\"><span style=\"font-size: medium;\">En el pr\u00f3ximo art\u00edculo desarrollaremos todos estos conceptos. Ampliaremos sobre alimentos que contienen carbohidratos, c\u00f3mo contarlos y cu\u00e1ntos ingerir diariamente.<\/span><\/span><\/p>\n<p class=\"western\" lang=\"zxx\" align=\"left\"><span style=\"font-family: Arial, sans-serif;\"><span style=\"font-size: medium;\">Recuerde que su m\u00e9dico puede derivarlo a una nutricionista especializada en diabetes para ayudarlo a desarrollar un plan de alimentaci\u00f3n saludable basado en el conteo de carbohidratos.<\/span><\/span><\/p>\n<p class=\"western\" lang=\"zxx\" align=\"left\"><span style=\"font-family: Arial, sans-serif;\"><span style=\"font-size: medium;\"><b>Aprender a contar<\/b><\/span><\/span><\/p>\n<p class=\"western\" lang=\"zxx\" align=\"left\"><span style=\"font-family: Arial, sans-serif;\"><span style=\"font-size: medium;\">Los pacientes con diabetes que quieran participar del &#8220;Taller de conteo de carbohidratos&#8221; deben enviar un correo electr\u00f3nico a <\/span><\/span><span style=\"color: #000080;\"><span lang=\"zxx\"><u><a href=\"mailto:infocronicos@osep.mendoza.gov.ar\"><span style=\"font-family: Arial, sans-serif;\"><span style=\"font-size: medium;\">infocronicos@osep.mendoza.gov.ar<\/span><\/span><\/a><\/u><\/span><\/span><span style=\"font-family: Arial, sans-serif;\"><span style=\"font-size: medium;\"> \u2013 <\/span><\/span><span style=\"color: #000080;\"><span lang=\"zxx\"><u><a href=\"mailto:paola.navarro@osep.mendoza.gov.ar\"><span style=\"font-family: Arial, sans-serif;\"><span style=\"font-size: medium;\">paola.navarro@osep.mendoza.gov.ar<\/span><\/span><\/a><\/u><\/span><\/span><span style=\"font-family: Arial, sans-serif;\"><span style=\"font-size: medium;\"> con su nombre y apellido, n\u00famero de afiliado y un n\u00famero de celular de contacto.<\/span><\/span><\/p>\n<p class=\"western\" lang=\"zxx\" align=\"left\">\n<p class=\"western\" lang=\"zxx\" align=\"right\"><span style=\"font-family: Arial, sans-serif;\"><span style=\"font-size: small;\"><b>Lic. Paola Navarro <\/b><\/span><\/span><\/p>\n<p class=\"western\" lang=\"zxx\" align=\"right\"><span style=\"font-family: Arial, sans-serif;\"><span style=\"font-size: small;\"><b>Nutricionista Especializada en Diabetes<\/b><\/span><\/span><\/p>\n<p class=\"western\" lang=\"zxx\" align=\"right\"><span style=\"font-family: Arial, sans-serif;\"><span style=\"font-size: small;\"><b>Mat. Prof. N\u00ba 339<\/b><\/span><\/span><\/p>\n<p class=\"western\" lang=\"zxx\" align=\"right\"><span style=\"font-family: Arial, sans-serif;\"><span style=\"font-size: small;\"><b>Programa Cr\u00f3nicos Osep<\/b><\/span><\/span><\/p>\n<p class=\"western\" lang=\"zxx\">\n","protected":false},"excerpt":{"rendered":"<p>El conteo de hidratos de carbono es una estrategia en&#8230;<\/p>\n","protected":false},"author":12,"featured_media":43951,"comment_status":"closed","ping_status":"open","sticky":false,"template":"","format":"standard","meta":{"_acf_changed":false,"inline_featured_image":false,"_exactmetrics_skip_tracking":false,"_exactmetrics_sitenote_active":false,"_exactmetrics_sitenote_note":"","_exactmetrics_sitenote_category":0,"footnotes":"","_links_to":"","_links_to_target":""},"categories":[101],"tags":[1600,1637,480],"class_list":["post-43950","post","type-post","status-publish","format-standard","has-post-thumbnail","hentry","category-noticias","tag-conteo","tag-hidrados-de-carbono","tag-nutricion"],"acf":[],"yoast_head":"<!-- This site is optimized with the Yoast SEO plugin v27.4 - https:\/\/yoast.com\/product\/yoast-seo-wordpress\/ -->\n<title>Diabetes: Tratamiento Nutricional - OSEP Mendoza<\/title>\n<meta name=\"robots\" content=\"index, follow, max-snippet:-1, max-image-preview:large, max-video-preview:-1\" \/>\n<link rel=\"canonical\" href=\"https:\/\/osepmendoza.com.ar\/web\/diabetes-tratamiento-nutricional\/\" \/>\n<meta property=\"og:locale\" content=\"es_ES\" \/>\n<meta property=\"og:type\" content=\"article\" \/>\n<meta property=\"og:title\" content=\"Diabetes: Tratamiento Nutricional - OSEP Mendoza\" \/>\n<meta property=\"og:description\" content=\"El conteo de hidratos de carbono es una estrategia en...\" \/>\n<meta property=\"og:url\" content=\"https:\/\/osepmendoza.com.ar\/web\/diabetes-tratamiento-nutricional\/\" \/>\n<meta property=\"og:site_name\" content=\"OSEP Mendoza\" \/>\n<meta property=\"article:publisher\" content=\"https:\/\/www.facebook.com\/OSEP.MendozaArg\/\" \/>\n<meta property=\"article:published_time\" content=\"2021-07-01T18:37:21+00:00\" \/>\n<meta property=\"article:modified_time\" content=\"2023-05-19T11:57:11+00:00\" \/>\n<meta property=\"og:image\" content=\"https:\/\/osepmendoza.com.ar\/web\/wp-content\/uploads\/2021\/07\/thumbnail_IMG-20210701-WA0067.jpg\" \/>\n\t<meta property=\"og:image:width\" content=\"1200\" \/>\n\t<meta property=\"og:image:height\" content=\"438\" \/>\n\t<meta property=\"og:image:type\" content=\"image\/jpeg\" \/>\n<meta name=\"author\" content=\"Sebastian Fernandez\" \/>\n<meta name=\"twitter:card\" content=\"summary_large_image\" \/>\n<meta name=\"twitter:creator\" content=\"@OsepMza\" \/>\n<meta name=\"twitter:site\" content=\"@OsepMza\" \/>\n<meta name=\"twitter:label1\" content=\"Escrito por\" \/>\n\t<meta name=\"twitter:data1\" content=\"Sebastian Fernandez\" \/>\n\t<meta name=\"twitter:label2\" content=\"Tiempo de lectura\" \/>\n\t<meta name=\"twitter:data2\" content=\"3 minutos\" \/>\n<script type=\"application\/ld+json\" class=\"yoast-schema-graph\">{\"@context\":\"https:\\\/\\\/schema.org\",\"@graph\":[{\"@type\":\"Article\",\"@id\":\"https:\\\/\\\/osepmendoza.com.ar\\\/web\\\/diabetes-tratamiento-nutricional\\\/#article\",\"isPartOf\":{\"@id\":\"https:\\\/\\\/osepmendoza.com.ar\\\/web\\\/diabetes-tratamiento-nutricional\\\/\"},\"author\":{\"name\":\"Sebastian Fernandez\",\"@id\":\"https:\\\/\\\/osepmendoza.com.ar\\\/web\\\/#\\\/schema\\\/person\\\/90986df7128a51e32bb66102fc247eb2\"},\"headline\":\"Diabetes: Tratamiento Nutricional\",\"datePublished\":\"2021-07-01T18:37:21+00:00\",\"dateModified\":\"2023-05-19T11:57:11+00:00\",\"mainEntityOfPage\":{\"@id\":\"https:\\\/\\\/osepmendoza.com.ar\\\/web\\\/diabetes-tratamiento-nutricional\\\/\"},\"wordCount\":508,\"publisher\":{\"@id\":\"https:\\\/\\\/osepmendoza.com.ar\\\/web\\\/#organization\"},\"image\":{\"@id\":\"https:\\\/\\\/osepmendoza.com.ar\\\/web\\\/diabetes-tratamiento-nutricional\\\/#primaryimage\"},\"thumbnailUrl\":\"https:\\\/\\\/osepmendoza.com.ar\\\/web\\\/wp-content\\\/uploads\\\/2021\\\/07\\\/thumbnail_IMG-20210701-WA0067.jpg\",\"keywords\":[\"conteo\",\"hidrados de carbono\",\"Nutrici\u00f3n\"],\"articleSection\":[\"Noticias\"],\"inLanguage\":\"es\"},{\"@type\":\"WebPage\",\"@id\":\"https:\\\/\\\/osepmendoza.com.ar\\\/web\\\/diabetes-tratamiento-nutricional\\\/\",\"url\":\"https:\\\/\\\/osepmendoza.com.ar\\\/web\\\/diabetes-tratamiento-nutricional\\\/\",\"name\":\"Diabetes: Tratamiento Nutricional - OSEP Mendoza\",\"isPartOf\":{\"@id\":\"https:\\\/\\\/osepmendoza.com.ar\\\/web\\\/#website\"},\"primaryImageOfPage\":{\"@id\":\"https:\\\/\\\/osepmendoza.com.ar\\\/web\\\/diabetes-tratamiento-nutricional\\\/#primaryimage\"},\"image\":{\"@id\":\"https:\\\/\\\/osepmendoza.com.ar\\\/web\\\/diabetes-tratamiento-nutricional\\\/#primaryimage\"},\"thumbnailUrl\":\"https:\\\/\\\/osepmendoza.com.ar\\\/web\\\/wp-content\\\/uploads\\\/2021\\\/07\\\/thumbnail_IMG-20210701-WA0067.jpg\",\"datePublished\":\"2021-07-01T18:37:21+00:00\",\"dateModified\":\"2023-05-19T11:57:11+00:00\",\"breadcrumb\":{\"@id\":\"https:\\\/\\\/osepmendoza.com.ar\\\/web\\\/diabetes-tratamiento-nutricional\\\/#breadcrumb\"},\"inLanguage\":\"es\",\"potentialAction\":[{\"@type\":\"ReadAction\",\"target\":[\"https:\\\/\\\/osepmendoza.com.ar\\\/web\\\/diabetes-tratamiento-nutricional\\\/\"]}]},{\"@type\":\"ImageObject\",\"inLanguage\":\"es\",\"@id\":\"https:\\\/\\\/osepmendoza.com.ar\\\/web\\\/diabetes-tratamiento-nutricional\\\/#primaryimage\",\"url\":\"https:\\\/\\\/osepmendoza.com.ar\\\/web\\\/wp-content\\\/uploads\\\/2021\\\/07\\\/thumbnail_IMG-20210701-WA0067.jpg\",\"contentUrl\":\"https:\\\/\\\/osepmendoza.com.ar\\\/web\\\/wp-content\\\/uploads\\\/2021\\\/07\\\/thumbnail_IMG-20210701-WA0067.jpg\",\"width\":1200,\"height\":438},{\"@type\":\"BreadcrumbList\",\"@id\":\"https:\\\/\\\/osepmendoza.com.ar\\\/web\\\/diabetes-tratamiento-nutricional\\\/#breadcrumb\",\"itemListElement\":[{\"@type\":\"ListItem\",\"position\":1,\"name\":\"Portada\",\"item\":\"https:\\\/\\\/osepmendoza.com.ar\\\/web\\\/\"},{\"@type\":\"ListItem\",\"position\":2,\"name\":\"Diabetes: Tratamiento Nutricional\"}]},{\"@type\":\"WebSite\",\"@id\":\"https:\\\/\\\/osepmendoza.com.ar\\\/web\\\/#website\",\"url\":\"https:\\\/\\\/osepmendoza.com.ar\\\/web\\\/\",\"name\":\"OSEP Mendoza\",\"description\":\"Obra Social de los Empleados P\u00fablicos de Mendoza\",\"publisher\":{\"@id\":\"https:\\\/\\\/osepmendoza.com.ar\\\/web\\\/#organization\"},\"potentialAction\":[{\"@type\":\"SearchAction\",\"target\":{\"@type\":\"EntryPoint\",\"urlTemplate\":\"https:\\\/\\\/osepmendoza.com.ar\\\/web\\\/?s={search_term_string}\"},\"query-input\":{\"@type\":\"PropertyValueSpecification\",\"valueRequired\":true,\"valueName\":\"search_term_string\"}}],\"inLanguage\":\"es\"},{\"@type\":\"Organization\",\"@id\":\"https:\\\/\\\/osepmendoza.com.ar\\\/web\\\/#organization\",\"name\":\"OSEP - Obra Social de Empleados P\u00fablicos de Mendoza\",\"url\":\"https:\\\/\\\/osepmendoza.com.ar\\\/web\\\/\",\"logo\":{\"@type\":\"ImageObject\",\"inLanguage\":\"es\",\"@id\":\"https:\\\/\\\/osepmendoza.com.ar\\\/web\\\/#\\\/schema\\\/logo\\\/image\\\/\",\"url\":\"https:\\\/\\\/osepmendoza.com.ar\\\/web\\\/wp-content\\\/uploads\\\/2020\\\/04\\\/lkTM9T9z.jpg\",\"contentUrl\":\"https:\\\/\\\/osepmendoza.com.ar\\\/web\\\/wp-content\\\/uploads\\\/2020\\\/04\\\/lkTM9T9z.jpg\",\"width\":334,\"height\":334,\"caption\":\"OSEP - Obra Social de Empleados P\u00fablicos de Mendoza\"},\"image\":{\"@id\":\"https:\\\/\\\/osepmendoza.com.ar\\\/web\\\/#\\\/schema\\\/logo\\\/image\\\/\"},\"sameAs\":[\"https:\\\/\\\/www.facebook.com\\\/OSEP.MendozaArg\\\/\",\"https:\\\/\\\/x.com\\\/OsepMza\",\"https:\\\/\\\/www.instagram.com\\\/osep.mendoza\\\/\",\"https:\\\/\\\/www.youtube.com\\\/user\\\/osepvideos\"]},{\"@type\":\"Person\",\"@id\":\"https:\\\/\\\/osepmendoza.com.ar\\\/web\\\/#\\\/schema\\\/person\\\/90986df7128a51e32bb66102fc247eb2\",\"name\":\"Sebastian Fernandez\",\"image\":{\"@type\":\"ImageObject\",\"inLanguage\":\"es\",\"@id\":\"https:\\\/\\\/secure.gravatar.com\\\/avatar\\\/cc42d53caabe846896e06ed8955a60e82b2b829babcb731f86f26c42378bcfec?s=96&d=mm&r=g\",\"url\":\"https:\\\/\\\/secure.gravatar.com\\\/avatar\\\/cc42d53caabe846896e06ed8955a60e82b2b829babcb731f86f26c42378bcfec?s=96&d=mm&r=g\",\"contentUrl\":\"https:\\\/\\\/secure.gravatar.com\\\/avatar\\\/cc42d53caabe846896e06ed8955a60e82b2b829babcb731f86f26c42378bcfec?s=96&d=mm&r=g\",\"caption\":\"Sebastian Fernandez\"},\"sameAs\":[\"http:\\\/\\\/osepmendoza.com.ar\\\/web\"]}]}<\/script>\n<!-- \/ Yoast SEO plugin. -->","yoast_head_json":{"title":"Diabetes: Tratamiento Nutricional - OSEP Mendoza","robots":{"index":"index","follow":"follow","max-snippet":"max-snippet:-1","max-image-preview":"max-image-preview:large","max-video-preview":"max-video-preview:-1"},"canonical":"https:\/\/osepmendoza.com.ar\/web\/diabetes-tratamiento-nutricional\/","og_locale":"es_ES","og_type":"article","og_title":"Diabetes: Tratamiento Nutricional - OSEP Mendoza","og_description":"El conteo de hidratos de carbono es una estrategia en...","og_url":"https:\/\/osepmendoza.com.ar\/web\/diabetes-tratamiento-nutricional\/","og_site_name":"OSEP Mendoza","article_publisher":"https:\/\/www.facebook.com\/OSEP.MendozaArg\/","article_published_time":"2021-07-01T18:37:21+00:00","article_modified_time":"2023-05-19T11:57:11+00:00","og_image":[{"width":1200,"height":438,"url":"https:\/\/osepmendoza.com.ar\/web\/wp-content\/uploads\/2021\/07\/thumbnail_IMG-20210701-WA0067.jpg","type":"image\/jpeg"}],"author":"Sebastian Fernandez","twitter_card":"summary_large_image","twitter_creator":"@OsepMza","twitter_site":"@OsepMza","twitter_misc":{"Escrito por":"Sebastian Fernandez","Tiempo de lectura":"3 minutos"},"schema":{"@context":"https:\/\/schema.org","@graph":[{"@type":"Article","@id":"https:\/\/osepmendoza.com.ar\/web\/diabetes-tratamiento-nutricional\/#article","isPartOf":{"@id":"https:\/\/osepmendoza.com.ar\/web\/diabetes-tratamiento-nutricional\/"},"author":{"name":"Sebastian Fernandez","@id":"https:\/\/osepmendoza.com.ar\/web\/#\/schema\/person\/90986df7128a51e32bb66102fc247eb2"},"headline":"Diabetes: Tratamiento Nutricional","datePublished":"2021-07-01T18:37:21+00:00","dateModified":"2023-05-19T11:57:11+00:00","mainEntityOfPage":{"@id":"https:\/\/osepmendoza.com.ar\/web\/diabetes-tratamiento-nutricional\/"},"wordCount":508,"publisher":{"@id":"https:\/\/osepmendoza.com.ar\/web\/#organization"},"image":{"@id":"https:\/\/osepmendoza.com.ar\/web\/diabetes-tratamiento-nutricional\/#primaryimage"},"thumbnailUrl":"https:\/\/osepmendoza.com.ar\/web\/wp-content\/uploads\/2021\/07\/thumbnail_IMG-20210701-WA0067.jpg","keywords":["conteo","hidrados de carbono","Nutrici\u00f3n"],"articleSection":["Noticias"],"inLanguage":"es"},{"@type":"WebPage","@id":"https:\/\/osepmendoza.com.ar\/web\/diabetes-tratamiento-nutricional\/","url":"https:\/\/osepmendoza.com.ar\/web\/diabetes-tratamiento-nutricional\/","name":"Diabetes: Tratamiento Nutricional - OSEP Mendoza","isPartOf":{"@id":"https:\/\/osepmendoza.com.ar\/web\/#website"},"primaryImageOfPage":{"@id":"https:\/\/osepmendoza.com.ar\/web\/diabetes-tratamiento-nutricional\/#primaryimage"},"image":{"@id":"https:\/\/osepmendoza.com.ar\/web\/diabetes-tratamiento-nutricional\/#primaryimage"},"thumbnailUrl":"https:\/\/osepmendoza.com.ar\/web\/wp-content\/uploads\/2021\/07\/thumbnail_IMG-20210701-WA0067.jpg","datePublished":"2021-07-01T18:37:21+00:00","dateModified":"2023-05-19T11:57:11+00:00","breadcrumb":{"@id":"https:\/\/osepmendoza.com.ar\/web\/diabetes-tratamiento-nutricional\/#breadcrumb"},"inLanguage":"es","potentialAction":[{"@type":"ReadAction","target":["https:\/\/osepmendoza.com.ar\/web\/diabetes-tratamiento-nutricional\/"]}]},{"@type":"ImageObject","inLanguage":"es","@id":"https:\/\/osepmendoza.com.ar\/web\/diabetes-tratamiento-nutricional\/#primaryimage","url":"https:\/\/osepmendoza.com.ar\/web\/wp-content\/uploads\/2021\/07\/thumbnail_IMG-20210701-WA0067.jpg","contentUrl":"https:\/\/osepmendoza.com.ar\/web\/wp-content\/uploads\/2021\/07\/thumbnail_IMG-20210701-WA0067.jpg","width":1200,"height":438},{"@type":"BreadcrumbList","@id":"https:\/\/osepmendoza.com.ar\/web\/diabetes-tratamiento-nutricional\/#breadcrumb","itemListElement":[{"@type":"ListItem","position":1,"name":"Portada","item":"https:\/\/osepmendoza.com.ar\/web\/"},{"@type":"ListItem","position":2,"name":"Diabetes: Tratamiento Nutricional"}]},{"@type":"WebSite","@id":"https:\/\/osepmendoza.com.ar\/web\/#website","url":"https:\/\/osepmendoza.com.ar\/web\/","name":"OSEP Mendoza","description":"Obra Social de los Empleados P\u00fablicos de Mendoza","publisher":{"@id":"https:\/\/osepmendoza.com.ar\/web\/#organization"},"potentialAction":[{"@type":"SearchAction","target":{"@type":"EntryPoint","urlTemplate":"https:\/\/osepmendoza.com.ar\/web\/?s={search_term_string}"},"query-input":{"@type":"PropertyValueSpecification","valueRequired":true,"valueName":"search_term_string"}}],"inLanguage":"es"},{"@type":"Organization","@id":"https:\/\/osepmendoza.com.ar\/web\/#organization","name":"OSEP - Obra Social de Empleados P\u00fablicos de Mendoza","url":"https:\/\/osepmendoza.com.ar\/web\/","logo":{"@type":"ImageObject","inLanguage":"es","@id":"https:\/\/osepmendoza.com.ar\/web\/#\/schema\/logo\/image\/","url":"https:\/\/osepmendoza.com.ar\/web\/wp-content\/uploads\/2020\/04\/lkTM9T9z.jpg","contentUrl":"https:\/\/osepmendoza.com.ar\/web\/wp-content\/uploads\/2020\/04\/lkTM9T9z.jpg","width":334,"height":334,"caption":"OSEP - Obra Social de Empleados P\u00fablicos de Mendoza"},"image":{"@id":"https:\/\/osepmendoza.com.ar\/web\/#\/schema\/logo\/image\/"},"sameAs":["https:\/\/www.facebook.com\/OSEP.MendozaArg\/","https:\/\/x.com\/OsepMza","https:\/\/www.instagram.com\/osep.mendoza\/","https:\/\/www.youtube.com\/user\/osepvideos"]},{"@type":"Person","@id":"https:\/\/osepmendoza.com.ar\/web\/#\/schema\/person\/90986df7128a51e32bb66102fc247eb2","name":"Sebastian Fernandez","image":{"@type":"ImageObject","inLanguage":"es","@id":"https:\/\/secure.gravatar.com\/avatar\/cc42d53caabe846896e06ed8955a60e82b2b829babcb731f86f26c42378bcfec?s=96&d=mm&r=g","url":"https:\/\/secure.gravatar.com\/avatar\/cc42d53caabe846896e06ed8955a60e82b2b829babcb731f86f26c42378bcfec?s=96&d=mm&r=g","contentUrl":"https:\/\/secure.gravatar.com\/avatar\/cc42d53caabe846896e06ed8955a60e82b2b829babcb731f86f26c42378bcfec?s=96&d=mm&r=g","caption":"Sebastian Fernandez"},"sameAs":["http:\/\/osepmendoza.com.ar\/web"]}]}},"amp_enabled":true,"_links":{"self":[{"href":"https:\/\/osepmendoza.com.ar\/web\/wp-json\/wp\/v2\/posts\/43950","targetHints":{"allow":["GET"]}}],"collection":[{"href":"https:\/\/osepmendoza.com.ar\/web\/wp-json\/wp\/v2\/posts"}],"about":[{"href":"https:\/\/osepmendoza.com.ar\/web\/wp-json\/wp\/v2\/types\/post"}],"author":[{"embeddable":true,"href":"https:\/\/osepmendoza.com.ar\/web\/wp-json\/wp\/v2\/users\/12"}],"replies":[{"embeddable":true,"href":"https:\/\/osepmendoza.com.ar\/web\/wp-json\/wp\/v2\/comments?post=43950"}],"version-history":[{"count":2,"href":"https:\/\/osepmendoza.com.ar\/web\/wp-json\/wp\/v2\/posts\/43950\/revisions"}],"predecessor-version":[{"id":43953,"href":"https:\/\/osepmendoza.com.ar\/web\/wp-json\/wp\/v2\/posts\/43950\/revisions\/43953"}],"wp:featuredmedia":[{"embeddable":true,"href":"https:\/\/osepmendoza.com.ar\/web\/wp-json\/wp\/v2\/media\/43951"}],"wp:attachment":[{"href":"https:\/\/osepmendoza.com.ar\/web\/wp-json\/wp\/v2\/media?parent=43950"}],"wp:term":[{"taxonomy":"category","embeddable":true,"href":"https:\/\/osepmendoza.com.ar\/web\/wp-json\/wp\/v2\/categories?post=43950"},{"taxonomy":"post_tag","embeddable":true,"href":"https:\/\/osepmendoza.com.ar\/web\/wp-json\/wp\/v2\/tags?post=43950"}],"curies":[{"name":"wp","href":"https:\/\/api.w.org\/{rel}","templated":true}]}}